{"id":7466,"date":"2025-07-24T16:24:22","date_gmt":"2025-07-24T16:24:22","guid":{"rendered":"https:\/\/arealorcaradio.es\/?p=7466"},"modified":"2025-07-24T16:25:33","modified_gmt":"2025-07-24T16:25:33","slug":"7466","status":"publish","type":"post","link":"https:\/\/arealorcaradio.es\/index.php\/2025\/07\/24\/7466\/","title":{"rendered":"El alcalde de Lorca obtiene el compromiso del presidente de ADIF de estudiar alternativas para salvar el cauce de la rambla de Torrecilla, como solicitan los vecinos afectados"},"content":{"rendered":"<p><strong>\u00c1REA LORCA RADIO. Infraestructuras.<\/strong><\/p>\n<p>Escucha aqu\u00ed la entrevista que ha concedido el alcalde de Lorca, Fulgencio Gil a Paco S\u00e1nchez en el magazine de \u00c1rea Lorca Radio tras la reuni\u00f3n con el presidente de ADIF en la sede central de Madrid.<\/p>\n<audio class=\"wp-audio-shortcode\" id=\"audio-7466-1\" preload=\"none\" style=\"width: 100%;\" controls=\"controls\"><source type=\"audio\/mpeg\" src=\"https:\/\/arealorcaradio.es\/wp-content\/uploads\/2025\/07\/240725-FULGENCIO-GIL.-ENTREVISTA-VIAJE-A-ADIF.mp3?_=1\" \/><a href=\"https:\/\/arealorcaradio.es\/wp-content\/uploads\/2025\/07\/240725-FULGENCIO-GIL.-ENTREVISTA-VIAJE-A-ADIF.mp3\">https:\/\/arealorcaradio.es\/wp-content\/uploads\/2025\/07\/240725-FULGENCIO-GIL.-ENTREVISTA-VIAJE-A-ADIF.mp3<\/a><\/audio>\n<p class=\"v1MsoNormal\"><b><span lang=\"ES-TRAD\">Madrid, 24 de julio de 2025<\/span><\/b><span lang=\"ES-TRAD\">. El alcalde de Lorca, Fulgencio Gil, ha encabezado hoy la delegaci\u00f3n institucional del Ayuntamiento que ha participado en una reuni\u00f3n de trabajo y puesta en com\u00fan con el presidente de ADIF, Luis Pedro Marco de la Pe\u00f1a.<\/span><\/p>\n<p class=\"v1MsoNormal\"><span lang=\"ES-TRAD\">El encuentro, que ha tenido lugar en la sede central de ADIF en Madrid, ha servido para que el primer edil trasladara las principales reivindicaciones que tanto la sociedad lorquina como el propio Ayuntamiento del municipio han venido poniendo de manifiesto a lo largo de los \u00faltimos meses en relaci\u00f3n con las m\u00faltiples afecciones producidas por la ejecuci\u00f3n de los trabajos tendentes a materializar el proyecto del Corredor Mediterr\u00e1neo y la integraci\u00f3n urbana.<\/span><\/p>\n<p class=\"v1MsoNormal\"><span lang=\"ES-TRAD\"><img loading=\"lazy\" decoding=\"async\" class=\"alignnone size-medium wp-image-7467\" src=\"https:\/\/arealorcaradio.es\/wp-content\/uploads\/2025\/07\/Screenshot_20250724-165309_WhatsApp-300x165.jpg\" alt=\"\" width=\"300\" height=\"165\" srcset=\"https:\/\/arealorcaradio.es\/wp-content\/uploads\/2025\/07\/Screenshot_20250724-165309_WhatsApp-300x165.jpg 300w, https:\/\/arealorcaradio.es\/wp-content\/uploads\/2025\/07\/Screenshot_20250724-165309_WhatsApp.jpg 720w\" sizes=\"auto, (max-width: 300px) 100vw, 300px\" \/> <img loading=\"lazy\" decoding=\"async\" class=\"alignnone size-medium wp-image-7468\" src=\"https:\/\/arealorcaradio.es\/wp-content\/uploads\/2025\/07\/REUNION-ALCALDE-CON-PRESIDENTE-ADIF-1-300x169.jpeg\" alt=\"\" width=\"300\" height=\"169\" srcset=\"https:\/\/arealorcaradio.es\/wp-content\/uploads\/2025\/07\/REUNION-ALCALDE-CON-PRESIDENTE-ADIF-1-300x169.jpeg 300w, https:\/\/arealorcaradio.es\/wp-content\/uploads\/2025\/07\/REUNION-ALCALDE-CON-PRESIDENTE-ADIF-1-1024x576.jpeg 1024w, https:\/\/arealorcaradio.es\/wp-content\/uploads\/2025\/07\/REUNION-ALCALDE-CON-PRESIDENTE-ADIF-1-768x432.jpeg 768w, https:\/\/arealorcaradio.es\/wp-content\/uploads\/2025\/07\/REUNION-ALCALDE-CON-PRESIDENTE-ADIF-1-1536x864.jpeg 1536w, https:\/\/arealorcaradio.es\/wp-content\/uploads\/2025\/07\/REUNION-ALCALDE-CON-PRESIDENTE-ADIF-1-2048x1152.jpeg 2048w\" sizes=\"auto, (max-width: 300px) 100vw, 300px\" \/>\u00a0<\/span><\/p>\n<p class=\"v1MsoNormal\"><span lang=\"ES-TRAD\">El principal asunto planteado por el primer edil ha sido la reivindicaci\u00f3n conjunta del Consistorio y los vecinos de las pedan\u00edas de Campillo y Torrecilla para que el gobierno central implemente infraestructuras y medidas consensuadas que salven la rambla de Torrecilla cubriendo la totalidad de su anchura, de modo que el muro del trazado ferroviario planteado, que actualmente se encuentra en ejecuci\u00f3n, no se convierta en un obst\u00e1culo en caso de precipitaciones.<\/span><\/p>\n<p class=\"v1MsoNormal\"><span lang=\"ES-TRAD\">Fulgencio Gil ha subrayado, en este sentido, que estas peticiones responden a una necesidad evidente. No se trata de una petici\u00f3n arbitraria de los lorquinos, sino de una medida totalmente necesaria. Consideramos que a\u00fan estamos a tiempo de evitar que cometan un error cuyas consecuencias que podr\u00edamos estar lamentando muchos a\u00f1os. Hemos apelado a la sensibilidad tanto de ADIF como del propio Ministerio de Transportes, recordando que<b>\u00a0<\/b>quienes mejor conocen el comportamiento de la rambla de La Torrecilla, as\u00ed como del resto de cauces afectados por las obras, son precisamente los vecinos que viven en esa zona. Por eso, tienen el deber de escucharles, recoger sus aportaciones y actuar ahora para no tener que lamentar ma\u00f1ana.<\/span><\/p>\n<p class=\"v1MsoNormal\"><span lang=\"ES-TRAD\">El presidente de ADIF ha indicado que se compromete a estudiar la posibilidad de habilitar iniciativas de forma que se salve totalmente el cauce de la rambla de Torrecilla, tal y como han solicitado el alcalde, el Ayuntamiento y los vecinos, siempre que se garantice la viabilidad t\u00e9cnica y econ\u00f3mica del proyecto.<\/span><\/p>\n<p class=\"v1MsoNormal\"><span lang=\"ES-TRAD\">Para ello, Fulgencio Gil ha anticipado que el Consistorio Municipal, de acuerdo con los afectados, solicitar\u00e1 formalmente que no se construya el paso de veh\u00edculos previsto en el proyecto, que consideran innecesario, con el fin de revertir esa inversi\u00f3n econ\u00f3mica y que pueda ser aprovechada para ejecutar las medidas que solicitan los vecinos. De esta forma, se ha acordado que a lo largo de este verano se desarrollar\u00e1 ese an\u00e1lisis con el fin de presentar en septiembre una propuesta concreta que ser\u00e1 presentada por ADIF en Lorca.<b><\/b><\/span><\/p>\n<p class=\"v1MsoNormal\"><span lang=\"ES-TRAD\">El alcalde tambi\u00e9n ha expuesto las peticiones planteadas por los vecinos de Tercia, que se central de manera fundamental en la reposici\u00f3n y arreglo de la <\/span><span lang=\"ES-TRAD\">red de caminos y carreteras que vertebra y comunica la pedan\u00eda, y que se est\u00e1 viendo seriamente da\u00f1ada por la propia obra y por el continuo paso de camiones de gran tonelaje cargados de materiales de estos mismos trabajos.<\/span><\/p>\n<p class=\"v1MsoNormal\"><span lang=\"ES-TRAD\">Fulgencio Gil ha puesto sobre la mesa, en este sentido, la demanda de los vecinos y el Ayuntamiento para que ADIF habilite una pasarela peatonal elevada sobre la v\u00eda en el Camino de Churra, ya que el paso que se ha habilitado no responde a las necesidades reales de los vecinos, puesto que se ubic\u00f3 a casi medio kil\u00f3metro del lugar donde realmente es necesario.<\/span><\/p>\n<p class=\"v1MsoNormal\"><span lang=\"ES-TRAD\">En este tramo de obra, desde el Ayuntamiento se ha insistido en la oportunidad hist\u00f3rica que se plantea ahora mismo con la obra en marcha para implementar una nueva v\u00eda verde entre las pedan\u00edas de Tercia y La Hoya, aprovechando la v\u00eda de servicio del corredor mediterr\u00e1neo, habida cuenta de que dispone de una anchura que permite su ejecuci\u00f3n. Esta nuevo sendero contar\u00eda con una longitud total aproximada de nueve kil\u00f3metros, partiendo del carril bici ya existente en la ronda central, por lo que estar\u00eda comunicado con el resto de carriles bici del municipio. As\u00ed, un vecino de La Hoya, por ejemplo, podr\u00eda circular desde su pedan\u00eda hasta incluso la ciudad deportiva de La Torrecilla o Purias.<\/span><\/p>\n<p class=\"v1MsoNormal\"><span lang=\"ES-TRAD\">El alcalde ha expuesto la necesidad de Lorca de que se concreten las fechas y los plazos relacionados con estos proyectos, surgida de la inquietud general de la sociedad del municipio, centrada principalmente en conocer cu\u00e1ndo se va a recuperar la comunicaci\u00f3n ferroviaria con Murcia, y qu\u00e9 previsi\u00f3n existe dentro del calendario de obras para que se completen los trabajos del soterramiento. Se trata de dos cuestiones muy urgentes, que los diferentes colectivos ciudadanos y empresariales, as\u00ed como el propio Ayuntamiento, necesita aclarar cuanto antes.<\/span><\/p>\n<p class=\"v1MsoNormal\"><span lang=\"ES-TRAD\">En relaci\u00f3n con la restituci\u00f3n del servicio de trenes, Gil J\u00f3dar, ha insistido en que al mismo tiempo que se recuperen los convoyes de cercan\u00edas, tambi\u00e9n llegue el AVE, convirtiendo la nueva estaci\u00f3n de San Diego en la estaci\u00f3n comarcal provisional, una oportunidad que beneficiar\u00eda a todo el Guadalent\u00edn y comarcas lim\u00edtrofes, anticipando la llegada de la alta velocidad en casi 4 a\u00f1os para m\u00e1s de 300.000 personas. Estamos hablando de una reivindicaci\u00f3n que a\u00fana el apoyo de todos los colectivos de la comarca, entidades empresariales, formaciones pol\u00edticas, gobierno regional e incluso FERRMED.<\/span><\/p>\n<p class=\"v1MsoNormal\"><span lang=\"ES-TRAD\">Sobre el impacto que est\u00e1n teniendo los trabajos de integraci\u00f3n urbana, el primer edil ha indicado que los cortes de calles est\u00e1n provocando problemas de tr\u00e1fico, y el trasiego de veh\u00edculos pesados est\u00e1 rompiendo m\u00faltiples carreteras, caminos, aceras y mobiliario urbano, una situaci\u00f3n que tendr\u00e1 que ser afrontada y solucionada por los responsables de estas obras, de modo que se arregle todo lo afectado.<\/span><\/p>\n<p class=\"v1MsoNormal\"><span lang=\"ES-TRAD\">En tal sentido, desde el Ayuntamiento se ha reclamado la adopci\u00f3n de los mecanismos de compensaci\u00f3n econ\u00f3mica por parte del gobierno central para atender a los colectivos lorquinos m\u00e1s perjudicados por las alteraciones que provocan las obras, con especial atenci\u00f3n a comerciantes, hosteleros y residentes en las zonas m\u00e1s cercanas a los trabajos. Las medidas solicitadas se dirigen a que estos profesionales dispongan de ayudas econ\u00f3micas para amortiguar los efectos de la posible p\u00e9rdida de ventas, adem\u00e1s de exenciones impositivas.<\/span><\/p>\n<p class=\"v1MsoNormal\"><span lang=\"ES-TRAD\">El encuentro, adem\u00e1s, ha servido para poner en conocimiento de ADIF los problemas denunciados por los vecinos de Santa Clara sobre la contaminaci\u00f3n provocada por la acumulaci\u00f3n de polvo procedente de las obras de soterramiento, exigiendo la puesta en marcha de las medidas de amortiguaci\u00f3n previstas en los planes de riesgos medioambientales<\/span><\/p>\n<p class=\"v1MsoNormal\"><span lang=\"ES-TRAD\">La delegaci\u00f3n lorquina ha contado con la participaci\u00f3n del propio alcalde, Fulgencio Gil, junto a los concejales de Grandes Infraestructuras, \u00c1ngel Meca, y Emergencias, Jos\u00e9 Mart\u00ednez, as\u00ed como con los presidentes de las asociaciones de vecinos de Torrecilla y Campillo, Cayetano Padilla y Joaqu\u00edn Giner, respectivamente.<\/span><\/p>\n","protected":false},"excerpt":{"rendered":"<p>\u00c1REA LORCA RADIO. Infraestructuras. Escucha aqu\u00ed la entrevista que ha concedido el alcalde de Lorca, Fulgencio Gil a Paco S\u00e1nchez en el magazine de \u00c1rea Lorca Radio tras la reuni\u00f3n con el presidente de ADIF en la sede central de Madrid. Madrid, 24 de julio de 2025. El alcalde de Lorca, Fulgencio Gil, ha encabezado [&hellip;]<\/p>\n","protected":false},"author":1,"featured_media":7469,"comment_status":"open","ping_status":"open","sticky":false,"template":"","format":"standard","meta":{"iawp_total_views":11,"footnotes":""},"categories":[5,7],"tags":[],"class_list":["post-7466","post","type-post","status-publish","format-standard","has-post-thumbnail","hentry","category-actualidad","category-lorca"],"yoast_head":"<!-- This site is optimized with the Yoast SEO plugin v27.5 - https:\/\/yoast.com\/product\/yoast-seo-wordpress\/ -->\n<title>El alcalde de Lorca obtiene el compromiso del presidente de ADIF de estudiar alternativas para salvar el cauce de la rambla de Torrecilla, como solicitan los vecinos afectados - AREA LORCA RADIO<\/title>\n<meta name=\"robots\" content=\"index, follow, max-snippet:-1, max-image-preview:large, max-video-preview:-1\" \/>\n<link rel=\"canonical\" href=\"https:\/\/arealorcaradio.es\/index.php\/2025\/07\/24\/7466\/\" \/>\n<meta property=\"og:locale\" content=\"es_ES\" \/>\n<meta property=\"og:type\" content=\"article\" \/>\n<meta property=\"og:title\" content=\"El alcalde de Lorca obtiene el compromiso del presidente de ADIF de estudiar alternativas para salvar el cauce de la rambla de Torrecilla, como solicitan los vecinos afectados - AREA LORCA RADIO\" \/>\n<meta property=\"og:description\" content=\"\u00c1REA LORCA RADIO. Infraestructuras. Escucha aqu\u00ed la entrevista que ha concedido el alcalde de Lorca, Fulgencio Gil a Paco S\u00e1nchez en el magazine de \u00c1rea Lorca Radio tras la reuni\u00f3n con el presidente de ADIF en la sede central de Madrid. Madrid, 24 de julio de 2025. El alcalde de Lorca, Fulgencio Gil, ha encabezado [&hellip;]\" \/>\n<meta property=\"og:url\" content=\"https:\/\/arealorcaradio.es\/index.php\/2025\/07\/24\/7466\/\" \/>\n<meta property=\"og:site_name\" content=\"AREA LORCA RADIO\" \/>\n<meta property=\"article:published_time\" content=\"2025-07-24T16:24:22+00:00\" \/>\n<meta property=\"article:modified_time\" content=\"2025-07-24T16:25:33+00:00\" \/>\n<meta property=\"og:image\" content=\"https:\/\/arealorcaradio.es\/wp-content\/uploads\/2025\/07\/REUNION-ALCALDE-CON-PRESIDENTE-ADIF-3-scaled.jpeg\" \/>\n\t<meta property=\"og:image:width\" content=\"2560\" \/>\n\t<meta property=\"og:image:height\" content=\"1440\" \/>\n\t<meta property=\"og:image:type\" content=\"image\/jpeg\" \/>\n<meta name=\"author\" content=\"Paco S\u00e1nchez\" \/>\n<meta name=\"twitter:card\" content=\"summary_large_image\" \/>\n<meta name=\"twitter:label1\" content=\"Escrito por\" \/>\n\t<meta name=\"twitter:data1\" content=\"Paco S\u00e1nchez\" \/>\n\t<meta name=\"twitter:label2\" content=\"Tiempo de lectura\" \/>\n\t<meta name=\"twitter:data2\" content=\"6 minutos\" \/>\n<script type=\"application\/ld+json\" class=\"yoast-schema-graph\">{\"@context\":\"https:\\\/\\\/schema.org\",\"@graph\":[{\"@type\":\"Article\",\"@id\":\"https:\\\/\\\/arealorcaradio.es\\\/index.php\\\/2025\\\/07\\\/24\\\/7466\\\/#article\",\"isPartOf\":{\"@id\":\"https:\\\/\\\/arealorcaradio.es\\\/index.php\\\/2025\\\/07\\\/24\\\/7466\\\/\"},\"author\":{\"name\":\"Paco S\u00e1nchez\",\"@id\":\"https:\\\/\\\/arealorcaradio.es\\\/#\\\/schema\\\/person\\\/9fae605fc25b0f2c83c1ab207139bd27\"},\"headline\":\"El alcalde de Lorca obtiene el compromiso del presidente de ADIF de estudiar alternativas para salvar el cauce de la rambla de Torrecilla, como solicitan los vecinos afectados\",\"datePublished\":\"2025-07-24T16:24:22+00:00\",\"dateModified\":\"2025-07-24T16:25:33+00:00\",\"mainEntityOfPage\":{\"@id\":\"https:\\\/\\\/arealorcaradio.es\\\/index.php\\\/2025\\\/07\\\/24\\\/7466\\\/\"},\"wordCount\":1271,\"commentCount\":0,\"image\":{\"@id\":\"https:\\\/\\\/arealorcaradio.es\\\/index.php\\\/2025\\\/07\\\/24\\\/7466\\\/#primaryimage\"},\"thumbnailUrl\":\"https:\\\/\\\/arealorcaradio.es\\\/wp-content\\\/uploads\\\/2025\\\/07\\\/REUNION-ALCALDE-CON-PRESIDENTE-ADIF-3-scaled.jpeg\",\"articleSection\":[\"ACTUALIDAD\",\"LORCA\"],\"inLanguage\":\"es\",\"potentialAction\":[{\"@type\":\"CommentAction\",\"name\":\"Comment\",\"target\":[\"https:\\\/\\\/arealorcaradio.es\\\/index.php\\\/2025\\\/07\\\/24\\\/7466\\\/#respond\"]}]},{\"@type\":\"WebPage\",\"@id\":\"https:\\\/\\\/arealorcaradio.es\\\/index.php\\\/2025\\\/07\\\/24\\\/7466\\\/\",\"url\":\"https:\\\/\\\/arealorcaradio.es\\\/index.php\\\/2025\\\/07\\\/24\\\/7466\\\/\",\"name\":\"El alcalde de Lorca obtiene el compromiso del presidente de ADIF de estudiar alternativas para salvar el cauce de la rambla de Torrecilla, como solicitan los vecinos afectados - AREA LORCA RADIO\",\"isPartOf\":{\"@id\":\"https:\\\/\\\/arealorcaradio.es\\\/#website\"},\"primaryImageOfPage\":{\"@id\":\"https:\\\/\\\/arealorcaradio.es\\\/index.php\\\/2025\\\/07\\\/24\\\/7466\\\/#primaryimage\"},\"image\":{\"@id\":\"https:\\\/\\\/arealorcaradio.es\\\/index.php\\\/2025\\\/07\\\/24\\\/7466\\\/#primaryimage\"},\"thumbnailUrl\":\"https:\\\/\\\/arealorcaradio.es\\\/wp-content\\\/uploads\\\/2025\\\/07\\\/REUNION-ALCALDE-CON-PRESIDENTE-ADIF-3-scaled.jpeg\",\"datePublished\":\"2025-07-24T16:24:22+00:00\",\"dateModified\":\"2025-07-24T16:25:33+00:00\",\"author\":{\"@id\":\"https:\\\/\\\/arealorcaradio.es\\\/#\\\/schema\\\/person\\\/9fae605fc25b0f2c83c1ab207139bd27\"},\"breadcrumb\":{\"@id\":\"https:\\\/\\\/arealorcaradio.es\\\/index.php\\\/2025\\\/07\\\/24\\\/7466\\\/#breadcrumb\"},\"inLanguage\":\"es\",\"potentialAction\":[{\"@type\":\"ReadAction\",\"target\":[\"https:\\\/\\\/arealorcaradio.es\\\/index.php\\\/2025\\\/07\\\/24\\\/7466\\\/\"]}]},{\"@type\":\"ImageObject\",\"inLanguage\":\"es\",\"@id\":\"https:\\\/\\\/arealorcaradio.es\\\/index.php\\\/2025\\\/07\\\/24\\\/7466\\\/#primaryimage\",\"url\":\"https:\\\/\\\/arealorcaradio.es\\\/wp-content\\\/uploads\\\/2025\\\/07\\\/REUNION-ALCALDE-CON-PRESIDENTE-ADIF-3-scaled.jpeg\",\"contentUrl\":\"https:\\\/\\\/arealorcaradio.es\\\/wp-content\\\/uploads\\\/2025\\\/07\\\/REUNION-ALCALDE-CON-PRESIDENTE-ADIF-3-scaled.jpeg\",\"width\":2560,\"height\":1440},{\"@type\":\"BreadcrumbList\",\"@id\":\"https:\\\/\\\/arealorcaradio.es\\\/index.php\\\/2025\\\/07\\\/24\\\/7466\\\/#breadcrumb\",\"itemListElement\":[{\"@type\":\"ListItem\",\"position\":1,\"name\":\"Portada\",\"item\":\"https:\\\/\\\/arealorcaradio.es\\\/\"},{\"@type\":\"ListItem\",\"position\":2,\"name\":\"El alcalde de Lorca obtiene el compromiso del presidente de ADIF de estudiar alternativas para salvar el cauce de la rambla de Torrecilla, como solicitan los vecinos afectados\"}]},{\"@type\":\"WebSite\",\"@id\":\"https:\\\/\\\/arealorcaradio.es\\\/#website\",\"url\":\"https:\\\/\\\/arealorcaradio.es\\\/\",\"name\":\"AREA LORCA RADIO\",\"description\":\"Descubre la programaci\u00f3n actual en \u00c1rea Lorca Radio, tu fuente de entrenamiento y noticias locales. Sintoniza ahora y mantente conectado online.\",\"potentialAction\":[{\"@type\":\"SearchAction\",\"target\":{\"@type\":\"EntryPoint\",\"urlTemplate\":\"https:\\\/\\\/arealorcaradio.es\\\/?s={search_term_string}\"},\"query-input\":{\"@type\":\"PropertyValueSpecification\",\"valueRequired\":true,\"valueName\":\"search_term_string\"}}],\"inLanguage\":\"es\"},{\"@type\":\"Person\",\"@id\":\"https:\\\/\\\/arealorcaradio.es\\\/#\\\/schema\\\/person\\\/9fae605fc25b0f2c83c1ab207139bd27\",\"name\":\"Paco S\u00e1nchez\",\"image\":{\"@type\":\"ImageObject\",\"inLanguage\":\"es\",\"@id\":\"https:\\\/\\\/secure.gravatar.com\\\/avatar\\\/d67144e966420fb74aa84c9f2a0103be4724fd14db52b52d3b6bca749f257e79?s=96&d=mm&r=g\",\"url\":\"https:\\\/\\\/secure.gravatar.com\\\/avatar\\\/d67144e966420fb74aa84c9f2a0103be4724fd14db52b52d3b6bca749f257e79?s=96&d=mm&r=g\",\"contentUrl\":\"https:\\\/\\\/secure.gravatar.com\\\/avatar\\\/d67144e966420fb74aa84c9f2a0103be4724fd14db52b52d3b6bca749f257e79?s=96&d=mm&r=g\",\"caption\":\"Paco S\u00e1nchez\"},\"sameAs\":[\"https:\\\/\\\/arealorcaradio.es\"],\"url\":\"https:\\\/\\\/arealorcaradio.es\\\/index.php\\\/author\\\/admin_alorcaradio\\\/\"}]}<\/script>\n<!-- \/ Yoast SEO plugin. -->","yoast_head_json":{"title":"El alcalde de Lorca obtiene el compromiso del presidente de ADIF de estudiar alternativas para salvar el cauce de la rambla de Torrecilla, como solicitan los vecinos afectados - AREA LORCA RADIO","robots":{"index":"index","follow":"follow","max-snippet":"max-snippet:-1","max-image-preview":"max-image-preview:large","max-video-preview":"max-video-preview:-1"},"canonical":"https:\/\/arealorcaradio.es\/index.php\/2025\/07\/24\/7466\/","og_locale":"es_ES","og_type":"article","og_title":"El alcalde de Lorca obtiene el compromiso del presidente de ADIF de estudiar alternativas para salvar el cauce de la rambla de Torrecilla, como solicitan los vecinos afectados - AREA LORCA RADIO","og_description":"\u00c1REA LORCA RADIO. Infraestructuras. Escucha aqu\u00ed la entrevista que ha concedido el alcalde de Lorca, Fulgencio Gil a Paco S\u00e1nchez en el magazine de \u00c1rea Lorca Radio tras la reuni\u00f3n con el presidente de ADIF en la sede central de Madrid. Madrid, 24 de julio de 2025. El alcalde de Lorca, Fulgencio Gil, ha encabezado [&hellip;]","og_url":"https:\/\/arealorcaradio.es\/index.php\/2025\/07\/24\/7466\/","og_site_name":"AREA LORCA RADIO","article_published_time":"2025-07-24T16:24:22+00:00","article_modified_time":"2025-07-24T16:25:33+00:00","og_image":[{"width":2560,"height":1440,"url":"https:\/\/arealorcaradio.es\/wp-content\/uploads\/2025\/07\/REUNION-ALCALDE-CON-PRESIDENTE-ADIF-3-scaled.jpeg","type":"image\/jpeg"}],"author":"Paco S\u00e1nchez","twitter_card":"summary_large_image","twitter_misc":{"Escrito por":"Paco S\u00e1nchez","Tiempo de lectura":"6 minutos"},"schema":{"@context":"https:\/\/schema.org","@graph":[{"@type":"Article","@id":"https:\/\/arealorcaradio.es\/index.php\/2025\/07\/24\/7466\/#article","isPartOf":{"@id":"https:\/\/arealorcaradio.es\/index.php\/2025\/07\/24\/7466\/"},"author":{"name":"Paco S\u00e1nchez","@id":"https:\/\/arealorcaradio.es\/#\/schema\/person\/9fae605fc25b0f2c83c1ab207139bd27"},"headline":"El alcalde de Lorca obtiene el compromiso del presidente de ADIF de estudiar alternativas para salvar el cauce de la rambla de Torrecilla, como solicitan los vecinos afectados","datePublished":"2025-07-24T16:24:22+00:00","dateModified":"2025-07-24T16:25:33+00:00","mainEntityOfPage":{"@id":"https:\/\/arealorcaradio.es\/index.php\/2025\/07\/24\/7466\/"},"wordCount":1271,"commentCount":0,"image":{"@id":"https:\/\/arealorcaradio.es\/index.php\/2025\/07\/24\/7466\/#primaryimage"},"thumbnailUrl":"https:\/\/arealorcaradio.es\/wp-content\/uploads\/2025\/07\/REUNION-ALCALDE-CON-PRESIDENTE-ADIF-3-scaled.jpeg","articleSection":["ACTUALIDAD","LORCA"],"inLanguage":"es","potentialAction":[{"@type":"CommentAction","name":"Comment","target":["https:\/\/arealorcaradio.es\/index.php\/2025\/07\/24\/7466\/#respond"]}]},{"@type":"WebPage","@id":"https:\/\/arealorcaradio.es\/index.php\/2025\/07\/24\/7466\/","url":"https:\/\/arealorcaradio.es\/index.php\/2025\/07\/24\/7466\/","name":"El alcalde de Lorca obtiene el compromiso del presidente de ADIF de estudiar alternativas para salvar el cauce de la rambla de Torrecilla, como solicitan los vecinos afectados - AREA LORCA RADIO","isPartOf":{"@id":"https:\/\/arealorcaradio.es\/#website"},"primaryImageOfPage":{"@id":"https:\/\/arealorcaradio.es\/index.php\/2025\/07\/24\/7466\/#primaryimage"},"image":{"@id":"https:\/\/arealorcaradio.es\/index.php\/2025\/07\/24\/7466\/#primaryimage"},"thumbnailUrl":"https:\/\/arealorcaradio.es\/wp-content\/uploads\/2025\/07\/REUNION-ALCALDE-CON-PRESIDENTE-ADIF-3-scaled.jpeg","datePublished":"2025-07-24T16:24:22+00:00","dateModified":"2025-07-24T16:25:33+00:00","author":{"@id":"https:\/\/arealorcaradio.es\/#\/schema\/person\/9fae605fc25b0f2c83c1ab207139bd27"},"breadcrumb":{"@id":"https:\/\/arealorcaradio.es\/index.php\/2025\/07\/24\/7466\/#breadcrumb"},"inLanguage":"es","potentialAction":[{"@type":"ReadAction","target":["https:\/\/arealorcaradio.es\/index.php\/2025\/07\/24\/7466\/"]}]},{"@type":"ImageObject","inLanguage":"es","@id":"https:\/\/arealorcaradio.es\/index.php\/2025\/07\/24\/7466\/#primaryimage","url":"https:\/\/arealorcaradio.es\/wp-content\/uploads\/2025\/07\/REUNION-ALCALDE-CON-PRESIDENTE-ADIF-3-scaled.jpeg","contentUrl":"https:\/\/arealorcaradio.es\/wp-content\/uploads\/2025\/07\/REUNION-ALCALDE-CON-PRESIDENTE-ADIF-3-scaled.jpeg","width":2560,"height":1440},{"@type":"BreadcrumbList","@id":"https:\/\/arealorcaradio.es\/index.php\/2025\/07\/24\/7466\/#breadcrumb","itemListElement":[{"@type":"ListItem","position":1,"name":"Portada","item":"https:\/\/arealorcaradio.es\/"},{"@type":"ListItem","position":2,"name":"El alcalde de Lorca obtiene el compromiso del presidente de ADIF de estudiar alternativas para salvar el cauce de la rambla de Torrecilla, como solicitan los vecinos afectados"}]},{"@type":"WebSite","@id":"https:\/\/arealorcaradio.es\/#website","url":"https:\/\/arealorcaradio.es\/","name":"AREA LORCA RADIO","description":"Descubre la programaci\u00f3n actual en \u00c1rea Lorca Radio, tu fuente de entrenamiento y noticias locales. Sintoniza ahora y mantente conectado online.","potentialAction":[{"@type":"SearchAction","target":{"@type":"EntryPoint","urlTemplate":"https:\/\/arealorcaradio.es\/?s={search_term_string}"},"query-input":{"@type":"PropertyValueSpecification","valueRequired":true,"valueName":"search_term_string"}}],"inLanguage":"es"},{"@type":"Person","@id":"https:\/\/arealorcaradio.es\/#\/schema\/person\/9fae605fc25b0f2c83c1ab207139bd27","name":"Paco S\u00e1nchez","image":{"@type":"ImageObject","inLanguage":"es","@id":"https:\/\/secure.gravatar.com\/avatar\/d67144e966420fb74aa84c9f2a0103be4724fd14db52b52d3b6bca749f257e79?s=96&d=mm&r=g","url":"https:\/\/secure.gravatar.com\/avatar\/d67144e966420fb74aa84c9f2a0103be4724fd14db52b52d3b6bca749f257e79?s=96&d=mm&r=g","contentUrl":"https:\/\/secure.gravatar.com\/avatar\/d67144e966420fb74aa84c9f2a0103be4724fd14db52b52d3b6bca749f257e79?s=96&d=mm&r=g","caption":"Paco S\u00e1nchez"},"sameAs":["https:\/\/arealorcaradio.es"],"url":"https:\/\/arealorcaradio.es\/index.php\/author\/admin_alorcaradio\/"}]}},"_links":{"self":[{"href":"https:\/\/arealorcaradio.es\/index.php\/wp-json\/wp\/v2\/posts\/7466","targetHints":{"allow":["GET"]}}],"collection":[{"href":"https:\/\/arealorcaradio.es\/index.php\/wp-json\/wp\/v2\/posts"}],"about":[{"href":"https:\/\/arealorcaradio.es\/index.php\/wp-json\/wp\/v2\/types\/post"}],"author":[{"embeddable":true,"href":"https:\/\/arealorcaradio.es\/index.php\/wp-json\/wp\/v2\/users\/1"}],"replies":[{"embeddable":true,"href":"https:\/\/arealorcaradio.es\/index.php\/wp-json\/wp\/v2\/comments?post=7466"}],"version-history":[{"count":4,"href":"https:\/\/arealorcaradio.es\/index.php\/wp-json\/wp\/v2\/posts\/7466\/revisions"}],"predecessor-version":[{"id":7474,"href":"https:\/\/arealorcaradio.es\/index.php\/wp-json\/wp\/v2\/posts\/7466\/revisions\/7474"}],"wp:featuredmedia":[{"embeddable":true,"href":"https:\/\/arealorcaradio.es\/index.php\/wp-json\/wp\/v2\/media\/7469"}],"wp:attachment":[{"href":"https:\/\/arealorcaradio.es\/index.php\/wp-json\/wp\/v2\/media?parent=7466"}],"wp:term":[{"taxonomy":"category","embeddable":true,"href":"https:\/\/arealorcaradio.es\/index.php\/wp-json\/wp\/v2\/categories?post=7466"},{"taxonomy":"post_tag","embeddable":true,"href":"https:\/\/arealorcaradio.es\/index.php\/wp-json\/wp\/v2\/tags?post=7466"}],"curies":[{"name":"wp","href":"https:\/\/api.w.org\/{rel}","templated":true}]}}