{"id":7461,"date":"2025-07-24T10:39:48","date_gmt":"2025-07-24T10:39:48","guid":{"rendered":"https:\/\/arealorcaradio.es\/?p=7461"},"modified":"2025-07-24T10:39:48","modified_gmt":"2025-07-24T10:39:48","slug":"la-bandera-de-lorca-ondeara-en-el-encuentro-mundial-de-los-scouts-en-portugal-al-que-acuden-los-rover-del-ciudad-del-sol","status":"publish","type":"post","link":"https:\/\/arealorcaradio.es\/index.php\/2025\/07\/24\/la-bandera-de-lorca-ondeara-en-el-encuentro-mundial-de-los-scouts-en-portugal-al-que-acuden-los-rover-del-ciudad-del-sol\/","title":{"rendered":"La bandera de Lorca ondear\u00e1 en el encuentro mundial de los scouts en Portugal al que acuden los Rover del Ciudad del Sol"},"content":{"rendered":"<p><strong>\u00c1REA LORCA RADIO. Juventud.<\/strong><\/p>\n<p class=\"v1MsoNormal\"><b>Jueves, 24 de julio de 2025.\u00a0<\/b>El Clan Rover Leiva del Grupo Scout Ciudad del Sol de Lorca part\u00eda al filo de la madrugada de este jueves desde el antiguo convento de la Merced en direcci\u00f3n a Valencia. All\u00ed estaba previsto que cogieran un vuelo que les llevar\u00eda, junto con otras delegaciones de scouts espa\u00f1olas, hasta Lisboa donde este viernes se celebrar\u00e1 la ceremonia de apertura de la d\u00e9cimo sexta edici\u00f3n de la Moot Scout Mundial, de la Organizaci\u00f3n Mundial del Movimiento Scout, Omms.<\/p>\n<p class=\"v1MsoNormal\"><img loading=\"lazy\" decoding=\"async\" class=\"alignnone size-medium wp-image-7463\" src=\"https:\/\/arealorcaradio.es\/wp-content\/uploads\/2025\/07\/foto2-2-300x200.jpeg\" alt=\"\" width=\"300\" height=\"200\" srcset=\"https:\/\/arealorcaradio.es\/wp-content\/uploads\/2025\/07\/foto2-2-300x200.jpeg 300w, https:\/\/arealorcaradio.es\/wp-content\/uploads\/2025\/07\/foto2-2-1024x682.jpeg 1024w, https:\/\/arealorcaradio.es\/wp-content\/uploads\/2025\/07\/foto2-2-768x512.jpeg 768w, https:\/\/arealorcaradio.es\/wp-content\/uploads\/2025\/07\/foto2-2-1536x1023.jpeg 1536w, https:\/\/arealorcaradio.es\/wp-content\/uploads\/2025\/07\/foto2-2.jpeg 1600w\" sizes=\"auto, (max-width: 300px) 100vw, 300px\" \/>\u00a0\u00a0 <img loading=\"lazy\" decoding=\"async\" class=\"alignnone size-medium wp-image-7462\" src=\"https:\/\/arealorcaradio.es\/wp-content\/uploads\/2025\/07\/foto1-2-300x200.jpeg\" alt=\"\" width=\"300\" height=\"200\" srcset=\"https:\/\/arealorcaradio.es\/wp-content\/uploads\/2025\/07\/foto1-2-300x200.jpeg 300w, https:\/\/arealorcaradio.es\/wp-content\/uploads\/2025\/07\/foto1-2-1024x682.jpeg 1024w, https:\/\/arealorcaradio.es\/wp-content\/uploads\/2025\/07\/foto1-2-768x512.jpeg 768w, https:\/\/arealorcaradio.es\/wp-content\/uploads\/2025\/07\/foto1-2-1536x1023.jpeg 1536w, https:\/\/arealorcaradio.es\/wp-content\/uploads\/2025\/07\/foto1-2.jpeg 1600w\" sizes=\"auto, (max-width: 300px) 100vw, 300px\" \/><\/p>\n<p class=\"v1MsoNormal\">Este gran encuentro global se extender\u00e1 hasta el 3 de agosto y reunir\u00e1 a 7.000 j\u00f3venes scouts de entre 18 y 25 a\u00f1os, procedentes de todo el mundo, adem\u00e1s de a otros 1.000 adultos voluntarios con funciones organizativas y de apoyo. Entre estos \u00faltimos se encuentran dos lorquinos, Antonio Cayuela y Pedro Enrique Llamas que ejercer\u00e1n durante la Moot Scout Mundial de Ist-International Service Team. Ayudar\u00e1n como voluntarios en la organizaci\u00f3n y desarrollo del evento. Su labor es crucial para la log\u00edstica, la programaci\u00f3n y otras \u00e1reas de apoyo que hacen posible el Moot.<\/p>\n<p class=\"v1MsoNormal\">La bandera de Lorca ondear\u00e1 en el encuentro mundial de los scouts en Portugal. Lo har\u00e1 en el stand internacional de Espa\u00f1a que se instalar\u00e1 en el D\u00eda Internacional, junto a banderas de todos los lugares participantes. La insignia de la ciudad era entregada por el edil de Talento Joven, Antonio David S\u00e1nchez Alcaraz, a la delegaci\u00f3n lorquina en su despedida. \u00abSe unir\u00e1 al resto en el stand de Espa\u00f1a en el d\u00eda dedicado en la Moot a mostrar la identidad de cada pa\u00eds participante. Somos la delegaci\u00f3n m\u00e1s numerosa de Espa\u00f1a. De hecho, conformamos un tercio de ella. Nuestra bandera ten\u00eda que estar presente en ese &#8216;bosque&#8217; en el que estar\u00e1n las de los 150 pa\u00edses que acudir\u00e1n con representaci\u00f3n a este encuentro mundial scouts\u00bb, afirmaba.<\/p>\n<p class=\"v1MsoNormal\">La edad m\u00ednima para participar es 18 a\u00f1os cumplidos, por lo que el 1 de agosto se unir\u00e1n otros seis miembros del Clan Rover Leiva hasta completar la treintena. \u00abEl roverismo en Scouts de Espa\u00f1a va desde los 17 hasta los 21 a\u00f1os. Para todos esta ser\u00e1 su primera experiencia internacional, aunque ya otra generaci\u00f3n de Rovers del Leiva participaron en la Moot de 1996 en Suecia, cuando en la que fue la d\u00e9cima Moot, siendo la primera experiencia internacional de la Federaci\u00f3n de Scout Exploradores de Murcia, a la que acudieron un n\u00famero similar a la de esta\u00bb, explicaba uno de los Ist del contingente murciano, Pedro Enrique Llamas.<\/p>\n<p class=\"v1MsoNormal\">Espa\u00f1a env\u00eda a la Moot a un total de 80 participantes, incluyendo los 30 Rovers lorquinos, bajo el paraguas de la Federaci\u00f3n de Escultismo de Espa\u00f1a, FEE, a la que est\u00e1 unida la Federaci\u00f3n de Scouts de Espa\u00f1a. Est\u00e1 previsto que la delegaci\u00f3n lorquina prolongue su experiencia m\u00e1s all\u00e1 del cierre oficial de la Moot. \u00abEn la primera fase, del 25 al 30 de julio, los Rovers participar\u00e1n en rutas tem\u00e1ticas llamadas &#8216;Paths&#8217;, organizadas por Internacional Patrols en grupos de 40 a 50 j\u00f3venes, recorriendo desde Madeira y las Azores hasta lugares rec\u00f3nditos del pa\u00eds. En la fase 2, se celebrar\u00e1 el Maim Camp, hasta el 3 de agosto. El grupo se unir\u00e1 al campamento central ubicado en Bu\u00e7aquinho, dentro del Parque Ambiental y junto al Centro Regional Scout, cerca de Oporto. Y la etapa itinerante post-Moot, llevar\u00e1 a los Rovers a recorrer Portugal desde Oporto hasta Faro, culminando su aventura en el Algarve y regresando a Espa\u00f1a\u00bb, detallaba el Ist lorquino, Antonio Cayuela.<\/p>\n<p class=\"v1MsoNormal\">A la despedida tambi\u00e9n acud\u00eda el presidente del Grupo Scout Ciudad del Sol, \u00c1lvaro Caro, que recordaba que el resto de scouts lorquinos ya preparan el campamento Helios 2025. \u00abUnos 180 j\u00f3venes scouts de entre 8 y 16 a\u00f1os, adem\u00e1s de scouters-educadores y recursos humanos de apoyo en otras labores log\u00edsticas realizaremos en Monbeltr\u00e1n, \u00c1vila, del 1 al 15 de agosto el &#8216;Helios 2025&#8217;. Este a\u00f1o, como se puede comprobar, sin la secci\u00f3n mayor de Rovers. Nos uniremos a los 4.500 scouts de la Regi\u00f3n que entre julio y agosto realizan su campamento\u00bb.<\/p>\n<p class=\"v1MsoNormal\">El edil de Talento Joven destacaba la importancia del Grupo Scout Ciudad del Sol. \u00abLa horquilla de edad de sus integrantes en muy amplia, inici\u00e1ndose en los 8 a\u00f1os y continuando hasta llegar a los veteranos que llevan toda la vida dedicada a este movimiento internacional. Su labor no es \u00fanicamente el campamento de verano bajo el ep\u00edgrafe de &#8216;Helios&#8217;, sino que realizan actividades durante todo el a\u00f1o, con jornadas de acampada de fin de semana con las que recorren no s\u00f3lo nuestro amplio t\u00e9rmino municipal, sino toda la Regi\u00f3n. Su labor es fundamental, porque llena de contenido el tiempo de ocio de cientos de ni\u00f1os. La Moot que se celebra en Portugal es un sue\u00f1o. Ojal\u00e1 alg\u00fan d\u00eda pudi\u00e9ramos llevar a cabo en Lorca un acontecimiento de esas dimensiones\u00bb.<\/p>\n","protected":false},"excerpt":{"rendered":"<p>\u00c1REA LORCA RADIO. Juventud. Jueves, 24 de julio de 2025.\u00a0El Clan Rover Leiva del Grupo Scout Ciudad del Sol de Lorca part\u00eda al filo de la madrugada de este jueves desde el antiguo convento de la Merced en direcci\u00f3n a Valencia. All\u00ed estaba previsto que cogieran un vuelo que les llevar\u00eda, junto con otras delegaciones [&hellip;]<\/p>\n","protected":false},"author":1,"featured_media":7464,"comment_status":"open","ping_status":"open","sticky":false,"template":"","format":"standard","meta":{"iawp_total_views":16,"footnotes":""},"categories":[5,7],"tags":[],"class_list":["post-7461","post","type-post","status-publish","format-standard","has-post-thumbnail","hentry","category-actualidad","category-lorca"],"yoast_head":"<!-- This site is optimized with the Yoast SEO plugin v27.5 - https:\/\/yoast.com\/product\/yoast-seo-wordpress\/ -->\n<title>La bandera de Lorca ondear\u00e1 en el encuentro mundial de los scouts en Portugal al que acuden los Rover del Ciudad del Sol - AREA LORCA RADIO<\/title>\n<meta name=\"robots\" content=\"index, follow, max-snippet:-1, max-image-preview:large, max-video-preview:-1\" \/>\n<link rel=\"canonical\" href=\"https:\/\/arealorcaradio.es\/index.php\/2025\/07\/24\/la-bandera-de-lorca-ondeara-en-el-encuentro-mundial-de-los-scouts-en-portugal-al-que-acuden-los-rover-del-ciudad-del-sol\/\" \/>\n<meta property=\"og:locale\" content=\"es_ES\" \/>\n<meta property=\"og:type\" content=\"article\" \/>\n<meta property=\"og:title\" content=\"La bandera de Lorca ondear\u00e1 en el encuentro mundial de los scouts en Portugal al que acuden los Rover del Ciudad del Sol - AREA LORCA RADIO\" \/>\n<meta property=\"og:description\" content=\"\u00c1REA LORCA RADIO. Juventud. Jueves, 24 de julio de 2025.\u00a0El Clan Rover Leiva del Grupo Scout Ciudad del Sol de Lorca part\u00eda al filo de la madrugada de este jueves desde el antiguo convento de la Merced en direcci\u00f3n a Valencia. All\u00ed estaba previsto que cogieran un vuelo que les llevar\u00eda, junto con otras delegaciones [&hellip;]\" \/>\n<meta property=\"og:url\" content=\"https:\/\/arealorcaradio.es\/index.php\/2025\/07\/24\/la-bandera-de-lorca-ondeara-en-el-encuentro-mundial-de-los-scouts-en-portugal-al-que-acuden-los-rover-del-ciudad-del-sol\/\" \/>\n<meta property=\"og:site_name\" content=\"AREA LORCA RADIO\" \/>\n<meta property=\"article:published_time\" content=\"2025-07-24T10:39:48+00:00\" \/>\n<meta property=\"og:image\" content=\"https:\/\/arealorcaradio.es\/wp-content\/uploads\/2025\/07\/foto2-2-1.jpeg\" \/>\n\t<meta property=\"og:image:width\" content=\"1600\" \/>\n\t<meta property=\"og:image:height\" content=\"1066\" \/>\n\t<meta property=\"og:image:type\" content=\"image\/jpeg\" \/>\n<meta name=\"author\" content=\"Paco S\u00e1nchez\" \/>\n<meta name=\"twitter:card\" content=\"summary_large_image\" \/>\n<meta name=\"twitter:label1\" content=\"Escrito por\" \/>\n\t<meta name=\"twitter:data1\" content=\"Paco S\u00e1nchez\" \/>\n\t<meta name=\"twitter:label2\" content=\"Tiempo de lectura\" \/>\n\t<meta name=\"twitter:data2\" content=\"5 minutos\" \/>\n<script type=\"application\/ld+json\" class=\"yoast-schema-graph\">{\"@context\":\"https:\\\/\\\/schema.org\",\"@graph\":[{\"@type\":\"Article\",\"@id\":\"https:\\\/\\\/arealorcaradio.es\\\/index.php\\\/2025\\\/07\\\/24\\\/la-bandera-de-lorca-ondeara-en-el-encuentro-mundial-de-los-scouts-en-portugal-al-que-acuden-los-rover-del-ciudad-del-sol\\\/#article\",\"isPartOf\":{\"@id\":\"https:\\\/\\\/arealorcaradio.es\\\/index.php\\\/2025\\\/07\\\/24\\\/la-bandera-de-lorca-ondeara-en-el-encuentro-mundial-de-los-scouts-en-portugal-al-que-acuden-los-rover-del-ciudad-del-sol\\\/\"},\"author\":{\"name\":\"Paco S\u00e1nchez\",\"@id\":\"https:\\\/\\\/arealorcaradio.es\\\/#\\\/schema\\\/person\\\/9fae605fc25b0f2c83c1ab207139bd27\"},\"headline\":\"La bandera de Lorca ondear\u00e1 en el encuentro mundial de los scouts en Portugal al que acuden los Rover del Ciudad del Sol\",\"datePublished\":\"2025-07-24T10:39:48+00:00\",\"mainEntityOfPage\":{\"@id\":\"https:\\\/\\\/arealorcaradio.es\\\/index.php\\\/2025\\\/07\\\/24\\\/la-bandera-de-lorca-ondeara-en-el-encuentro-mundial-de-los-scouts-en-portugal-al-que-acuden-los-rover-del-ciudad-del-sol\\\/\"},\"wordCount\":875,\"commentCount\":0,\"image\":{\"@id\":\"https:\\\/\\\/arealorcaradio.es\\\/index.php\\\/2025\\\/07\\\/24\\\/la-bandera-de-lorca-ondeara-en-el-encuentro-mundial-de-los-scouts-en-portugal-al-que-acuden-los-rover-del-ciudad-del-sol\\\/#primaryimage\"},\"thumbnailUrl\":\"https:\\\/\\\/arealorcaradio.es\\\/wp-content\\\/uploads\\\/2025\\\/07\\\/foto2-2-1.jpeg\",\"articleSection\":[\"ACTUALIDAD\",\"LORCA\"],\"inLanguage\":\"es\",\"potentialAction\":[{\"@type\":\"CommentAction\",\"name\":\"Comment\",\"target\":[\"https:\\\/\\\/arealorcaradio.es\\\/index.php\\\/2025\\\/07\\\/24\\\/la-bandera-de-lorca-ondeara-en-el-encuentro-mundial-de-los-scouts-en-portugal-al-que-acuden-los-rover-del-ciudad-del-sol\\\/#respond\"]}]},{\"@type\":\"WebPage\",\"@id\":\"https:\\\/\\\/arealorcaradio.es\\\/index.php\\\/2025\\\/07\\\/24\\\/la-bandera-de-lorca-ondeara-en-el-encuentro-mundial-de-los-scouts-en-portugal-al-que-acuden-los-rover-del-ciudad-del-sol\\\/\",\"url\":\"https:\\\/\\\/arealorcaradio.es\\\/index.php\\\/2025\\\/07\\\/24\\\/la-bandera-de-lorca-ondeara-en-el-encuentro-mundial-de-los-scouts-en-portugal-al-que-acuden-los-rover-del-ciudad-del-sol\\\/\",\"name\":\"La bandera de Lorca ondear\u00e1 en el encuentro mundial de los scouts en Portugal al que acuden los Rover del Ciudad del Sol - AREA LORCA RADIO\",\"isPartOf\":{\"@id\":\"https:\\\/\\\/arealorcaradio.es\\\/#website\"},\"primaryImageOfPage\":{\"@id\":\"https:\\\/\\\/arealorcaradio.es\\\/index.php\\\/2025\\\/07\\\/24\\\/la-bandera-de-lorca-ondeara-en-el-encuentro-mundial-de-los-scouts-en-portugal-al-que-acuden-los-rover-del-ciudad-del-sol\\\/#primaryimage\"},\"image\":{\"@id\":\"https:\\\/\\\/arealorcaradio.es\\\/index.php\\\/2025\\\/07\\\/24\\\/la-bandera-de-lorca-ondeara-en-el-encuentro-mundial-de-los-scouts-en-portugal-al-que-acuden-los-rover-del-ciudad-del-sol\\\/#primaryimage\"},\"thumbnailUrl\":\"https:\\\/\\\/arealorcaradio.es\\\/wp-content\\\/uploads\\\/2025\\\/07\\\/foto2-2-1.jpeg\",\"datePublished\":\"2025-07-24T10:39:48+00:00\",\"author\":{\"@id\":\"https:\\\/\\\/arealorcaradio.es\\\/#\\\/schema\\\/person\\\/9fae605fc25b0f2c83c1ab207139bd27\"},\"breadcrumb\":{\"@id\":\"https:\\\/\\\/arealorcaradio.es\\\/index.php\\\/2025\\\/07\\\/24\\\/la-bandera-de-lorca-ondeara-en-el-encuentro-mundial-de-los-scouts-en-portugal-al-que-acuden-los-rover-del-ciudad-del-sol\\\/#breadcrumb\"},\"inLanguage\":\"es\",\"potentialAction\":[{\"@type\":\"ReadAction\",\"target\":[\"https:\\\/\\\/arealorcaradio.es\\\/index.php\\\/2025\\\/07\\\/24\\\/la-bandera-de-lorca-ondeara-en-el-encuentro-mundial-de-los-scouts-en-portugal-al-que-acuden-los-rover-del-ciudad-del-sol\\\/\"]}]},{\"@type\":\"ImageObject\",\"inLanguage\":\"es\",\"@id\":\"https:\\\/\\\/arealorcaradio.es\\\/index.php\\\/2025\\\/07\\\/24\\\/la-bandera-de-lorca-ondeara-en-el-encuentro-mundial-de-los-scouts-en-portugal-al-que-acuden-los-rover-del-ciudad-del-sol\\\/#primaryimage\",\"url\":\"https:\\\/\\\/arealorcaradio.es\\\/wp-content\\\/uploads\\\/2025\\\/07\\\/foto2-2-1.jpeg\",\"contentUrl\":\"https:\\\/\\\/arealorcaradio.es\\\/wp-content\\\/uploads\\\/2025\\\/07\\\/foto2-2-1.jpeg\",\"width\":1600,\"height\":1066},{\"@type\":\"BreadcrumbList\",\"@id\":\"https:\\\/\\\/arealorcaradio.es\\\/index.php\\\/2025\\\/07\\\/24\\\/la-bandera-de-lorca-ondeara-en-el-encuentro-mundial-de-los-scouts-en-portugal-al-que-acuden-los-rover-del-ciudad-del-sol\\\/#breadcrumb\",\"itemListElement\":[{\"@type\":\"ListItem\",\"position\":1,\"name\":\"Portada\",\"item\":\"https:\\\/\\\/arealorcaradio.es\\\/\"},{\"@type\":\"ListItem\",\"position\":2,\"name\":\"La bandera de Lorca ondear\u00e1 en el encuentro mundial de los scouts en Portugal al que acuden los Rover del Ciudad del Sol\"}]},{\"@type\":\"WebSite\",\"@id\":\"https:\\\/\\\/arealorcaradio.es\\\/#website\",\"url\":\"https:\\\/\\\/arealorcaradio.es\\\/\",\"name\":\"AREA LORCA RADIO\",\"description\":\"Descubre la programaci\u00f3n actual en \u00c1rea Lorca Radio, tu fuente de entrenamiento y noticias locales. Sintoniza ahora y mantente conectado online.\",\"potentialAction\":[{\"@type\":\"SearchAction\",\"target\":{\"@type\":\"EntryPoint\",\"urlTemplate\":\"https:\\\/\\\/arealorcaradio.es\\\/?s={search_term_string}\"},\"query-input\":{\"@type\":\"PropertyValueSpecification\",\"valueRequired\":true,\"valueName\":\"search_term_string\"}}],\"inLanguage\":\"es\"},{\"@type\":\"Person\",\"@id\":\"https:\\\/\\\/arealorcaradio.es\\\/#\\\/schema\\\/person\\\/9fae605fc25b0f2c83c1ab207139bd27\",\"name\":\"Paco S\u00e1nchez\",\"image\":{\"@type\":\"ImageObject\",\"inLanguage\":\"es\",\"@id\":\"https:\\\/\\\/secure.gravatar.com\\\/avatar\\\/d67144e966420fb74aa84c9f2a0103be4724fd14db52b52d3b6bca749f257e79?s=96&d=mm&r=g\",\"url\":\"https:\\\/\\\/secure.gravatar.com\\\/avatar\\\/d67144e966420fb74aa84c9f2a0103be4724fd14db52b52d3b6bca749f257e79?s=96&d=mm&r=g\",\"contentUrl\":\"https:\\\/\\\/secure.gravatar.com\\\/avatar\\\/d67144e966420fb74aa84c9f2a0103be4724fd14db52b52d3b6bca749f257e79?s=96&d=mm&r=g\",\"caption\":\"Paco S\u00e1nchez\"},\"sameAs\":[\"https:\\\/\\\/arealorcaradio.es\"],\"url\":\"https:\\\/\\\/arealorcaradio.es\\\/index.php\\\/author\\\/admin_alorcaradio\\\/\"}]}<\/script>\n<!-- \/ Yoast SEO plugin. -->","yoast_head_json":{"title":"La bandera de Lorca ondear\u00e1 en el encuentro mundial de los scouts en Portugal al que acuden los Rover del Ciudad del Sol - AREA LORCA RADIO","robots":{"index":"index","follow":"follow","max-snippet":"max-snippet:-1","max-image-preview":"max-image-preview:large","max-video-preview":"max-video-preview:-1"},"canonical":"https:\/\/arealorcaradio.es\/index.php\/2025\/07\/24\/la-bandera-de-lorca-ondeara-en-el-encuentro-mundial-de-los-scouts-en-portugal-al-que-acuden-los-rover-del-ciudad-del-sol\/","og_locale":"es_ES","og_type":"article","og_title":"La bandera de Lorca ondear\u00e1 en el encuentro mundial de los scouts en Portugal al que acuden los Rover del Ciudad del Sol - AREA LORCA RADIO","og_description":"\u00c1REA LORCA RADIO. Juventud. Jueves, 24 de julio de 2025.\u00a0El Clan Rover Leiva del Grupo Scout Ciudad del Sol de Lorca part\u00eda al filo de la madrugada de este jueves desde el antiguo convento de la Merced en direcci\u00f3n a Valencia. All\u00ed estaba previsto que cogieran un vuelo que les llevar\u00eda, junto con otras delegaciones [&hellip;]","og_url":"https:\/\/arealorcaradio.es\/index.php\/2025\/07\/24\/la-bandera-de-lorca-ondeara-en-el-encuentro-mundial-de-los-scouts-en-portugal-al-que-acuden-los-rover-del-ciudad-del-sol\/","og_site_name":"AREA LORCA RADIO","article_published_time":"2025-07-24T10:39:48+00:00","og_image":[{"width":1600,"height":1066,"url":"https:\/\/arealorcaradio.es\/wp-content\/uploads\/2025\/07\/foto2-2-1.jpeg","type":"image\/jpeg"}],"author":"Paco S\u00e1nchez","twitter_card":"summary_large_image","twitter_misc":{"Escrito por":"Paco S\u00e1nchez","Tiempo de lectura":"5 minutos"},"schema":{"@context":"https:\/\/schema.org","@graph":[{"@type":"Article","@id":"https:\/\/arealorcaradio.es\/index.php\/2025\/07\/24\/la-bandera-de-lorca-ondeara-en-el-encuentro-mundial-de-los-scouts-en-portugal-al-que-acuden-los-rover-del-ciudad-del-sol\/#article","isPartOf":{"@id":"https:\/\/arealorcaradio.es\/index.php\/2025\/07\/24\/la-bandera-de-lorca-ondeara-en-el-encuentro-mundial-de-los-scouts-en-portugal-al-que-acuden-los-rover-del-ciudad-del-sol\/"},"author":{"name":"Paco S\u00e1nchez","@id":"https:\/\/arealorcaradio.es\/#\/schema\/person\/9fae605fc25b0f2c83c1ab207139bd27"},"headline":"La bandera de Lorca ondear\u00e1 en el encuentro mundial de los scouts en Portugal al que acuden los Rover del Ciudad del Sol","datePublished":"2025-07-24T10:39:48+00:00","mainEntityOfPage":{"@id":"https:\/\/arealorcaradio.es\/index.php\/2025\/07\/24\/la-bandera-de-lorca-ondeara-en-el-encuentro-mundial-de-los-scouts-en-portugal-al-que-acuden-los-rover-del-ciudad-del-sol\/"},"wordCount":875,"commentCount":0,"image":{"@id":"https:\/\/arealorcaradio.es\/index.php\/2025\/07\/24\/la-bandera-de-lorca-ondeara-en-el-encuentro-mundial-de-los-scouts-en-portugal-al-que-acuden-los-rover-del-ciudad-del-sol\/#primaryimage"},"thumbnailUrl":"https:\/\/arealorcaradio.es\/wp-content\/uploads\/2025\/07\/foto2-2-1.jpeg","articleSection":["ACTUALIDAD","LORCA"],"inLanguage":"es","potentialAction":[{"@type":"CommentAction","name":"Comment","target":["https:\/\/arealorcaradio.es\/index.php\/2025\/07\/24\/la-bandera-de-lorca-ondeara-en-el-encuentro-mundial-de-los-scouts-en-portugal-al-que-acuden-los-rover-del-ciudad-del-sol\/#respond"]}]},{"@type":"WebPage","@id":"https:\/\/arealorcaradio.es\/index.php\/2025\/07\/24\/la-bandera-de-lorca-ondeara-en-el-encuentro-mundial-de-los-scouts-en-portugal-al-que-acuden-los-rover-del-ciudad-del-sol\/","url":"https:\/\/arealorcaradio.es\/index.php\/2025\/07\/24\/la-bandera-de-lorca-ondeara-en-el-encuentro-mundial-de-los-scouts-en-portugal-al-que-acuden-los-rover-del-ciudad-del-sol\/","name":"La bandera de Lorca ondear\u00e1 en el encuentro mundial de los scouts en Portugal al que acuden los Rover del Ciudad del Sol - AREA LORCA RADIO","isPartOf":{"@id":"https:\/\/arealorcaradio.es\/#website"},"primaryImageOfPage":{"@id":"https:\/\/arealorcaradio.es\/index.php\/2025\/07\/24\/la-bandera-de-lorca-ondeara-en-el-encuentro-mundial-de-los-scouts-en-portugal-al-que-acuden-los-rover-del-ciudad-del-sol\/#primaryimage"},"image":{"@id":"https:\/\/arealorcaradio.es\/index.php\/2025\/07\/24\/la-bandera-de-lorca-ondeara-en-el-encuentro-mundial-de-los-scouts-en-portugal-al-que-acuden-los-rover-del-ciudad-del-sol\/#primaryimage"},"thumbnailUrl":"https:\/\/arealorcaradio.es\/wp-content\/uploads\/2025\/07\/foto2-2-1.jpeg","datePublished":"2025-07-24T10:39:48+00:00","author":{"@id":"https:\/\/arealorcaradio.es\/#\/schema\/person\/9fae605fc25b0f2c83c1ab207139bd27"},"breadcrumb":{"@id":"https:\/\/arealorcaradio.es\/index.php\/2025\/07\/24\/la-bandera-de-lorca-ondeara-en-el-encuentro-mundial-de-los-scouts-en-portugal-al-que-acuden-los-rover-del-ciudad-del-sol\/#breadcrumb"},"inLanguage":"es","potentialAction":[{"@type":"ReadAction","target":["https:\/\/arealorcaradio.es\/index.php\/2025\/07\/24\/la-bandera-de-lorca-ondeara-en-el-encuentro-mundial-de-los-scouts-en-portugal-al-que-acuden-los-rover-del-ciudad-del-sol\/"]}]},{"@type":"ImageObject","inLanguage":"es","@id":"https:\/\/arealorcaradio.es\/index.php\/2025\/07\/24\/la-bandera-de-lorca-ondeara-en-el-encuentro-mundial-de-los-scouts-en-portugal-al-que-acuden-los-rover-del-ciudad-del-sol\/#primaryimage","url":"https:\/\/arealorcaradio.es\/wp-content\/uploads\/2025\/07\/foto2-2-1.jpeg","contentUrl":"https:\/\/arealorcaradio.es\/wp-content\/uploads\/2025\/07\/foto2-2-1.jpeg","width":1600,"height":1066},{"@type":"BreadcrumbList","@id":"https:\/\/arealorcaradio.es\/index.php\/2025\/07\/24\/la-bandera-de-lorca-ondeara-en-el-encuentro-mundial-de-los-scouts-en-portugal-al-que-acuden-los-rover-del-ciudad-del-sol\/#breadcrumb","itemListElement":[{"@type":"ListItem","position":1,"name":"Portada","item":"https:\/\/arealorcaradio.es\/"},{"@type":"ListItem","position":2,"name":"La bandera de Lorca ondear\u00e1 en el encuentro mundial de los scouts en Portugal al que acuden los Rover del Ciudad del Sol"}]},{"@type":"WebSite","@id":"https:\/\/arealorcaradio.es\/#website","url":"https:\/\/arealorcaradio.es\/","name":"AREA LORCA RADIO","description":"Descubre la programaci\u00f3n actual en \u00c1rea Lorca Radio, tu fuente de entrenamiento y noticias locales. Sintoniza ahora y mantente conectado online.","potentialAction":[{"@type":"SearchAction","target":{"@type":"EntryPoint","urlTemplate":"https:\/\/arealorcaradio.es\/?s={search_term_string}"},"query-input":{"@type":"PropertyValueSpecification","valueRequired":true,"valueName":"search_term_string"}}],"inLanguage":"es"},{"@type":"Person","@id":"https:\/\/arealorcaradio.es\/#\/schema\/person\/9fae605fc25b0f2c83c1ab207139bd27","name":"Paco S\u00e1nchez","image":{"@type":"ImageObject","inLanguage":"es","@id":"https:\/\/secure.gravatar.com\/avatar\/d67144e966420fb74aa84c9f2a0103be4724fd14db52b52d3b6bca749f257e79?s=96&d=mm&r=g","url":"https:\/\/secure.gravatar.com\/avatar\/d67144e966420fb74aa84c9f2a0103be4724fd14db52b52d3b6bca749f257e79?s=96&d=mm&r=g","contentUrl":"https:\/\/secure.gravatar.com\/avatar\/d67144e966420fb74aa84c9f2a0103be4724fd14db52b52d3b6bca749f257e79?s=96&d=mm&r=g","caption":"Paco S\u00e1nchez"},"sameAs":["https:\/\/arealorcaradio.es"],"url":"https:\/\/arealorcaradio.es\/index.php\/author\/admin_alorcaradio\/"}]}},"_links":{"self":[{"href":"https:\/\/arealorcaradio.es\/index.php\/wp-json\/wp\/v2\/posts\/7461","targetHints":{"allow":["GET"]}}],"collection":[{"href":"https:\/\/arealorcaradio.es\/index.php\/wp-json\/wp\/v2\/posts"}],"about":[{"href":"https:\/\/arealorcaradio.es\/index.php\/wp-json\/wp\/v2\/types\/post"}],"author":[{"embeddable":true,"href":"https:\/\/arealorcaradio.es\/index.php\/wp-json\/wp\/v2\/users\/1"}],"replies":[{"embeddable":true,"href":"https:\/\/arealorcaradio.es\/index.php\/wp-json\/wp\/v2\/comments?post=7461"}],"version-history":[{"count":1,"href":"https:\/\/arealorcaradio.es\/index.php\/wp-json\/wp\/v2\/posts\/7461\/revisions"}],"predecessor-version":[{"id":7465,"href":"https:\/\/arealorcaradio.es\/index.php\/wp-json\/wp\/v2\/posts\/7461\/revisions\/7465"}],"wp:featuredmedia":[{"embeddable":true,"href":"https:\/\/arealorcaradio.es\/index.php\/wp-json\/wp\/v2\/media\/7464"}],"wp:attachment":[{"href":"https:\/\/arealorcaradio.es\/index.php\/wp-json\/wp\/v2\/media?parent=7461"}],"wp:term":[{"taxonomy":"category","embeddable":true,"href":"https:\/\/arealorcaradio.es\/index.php\/wp-json\/wp\/v2\/categories?post=7461"},{"taxonomy":"post_tag","embeddable":true,"href":"https:\/\/arealorcaradio.es\/index.php\/wp-json\/wp\/v2\/tags?post=7461"}],"curies":[{"name":"wp","href":"https:\/\/api.w.org\/{rel}","templated":true}]}}