{"id":7458,"date":"2025-07-23T14:18:20","date_gmt":"2025-07-23T14:18:20","guid":{"rendered":"https:\/\/arealorcaradio.es\/?p=7458"},"modified":"2025-07-23T14:18:20","modified_gmt":"2025-07-23T14:18:20","slug":"el-ayuntamiento-de-lorca-activa-el-plan-inunlor-en-fase-de-preemergencia-ante-el-nivel-amarillo-por-lluvias-y-tormentas","status":"publish","type":"post","link":"https:\/\/arealorcaradio.es\/index.php\/2025\/07\/23\/el-ayuntamiento-de-lorca-activa-el-plan-inunlor-en-fase-de-preemergencia-ante-el-nivel-amarillo-por-lluvias-y-tormentas\/","title":{"rendered":"El Ayuntamiento de Lorca activa el Plan INUNLOR en fase de preemergencia ante el nivel amarillo por lluvias y tormentas"},"content":{"rendered":"<p><strong>\u00c1REA LORCA RADIO. Emergencias.<\/strong><\/p>\n<p class=\"v1MsoNormal\"><b>23 de julio de 2025.<\/b>\u00a0El concejal de Emergencias del Ayuntamiento de Lorca, Jos\u00e9 Mart\u00ednez, ha anunciado que el Consistorio ha activado el Plan INUNLOR en fase de preemergencia para atender eventualidades que se puedan producir en el municipio ante la alerta de nivel amarillo por lluvias y tormentas establecida por la Agencia Estatal de Meteorolog\u00eda (AEMET) para este jueves y viernes en el Valle del Guadalent\u00edn, Lorca y \u00c1guilas.<\/p>\n<p class=\"v1MsoNormal\">Jos\u00e9 Mart\u00ednez ha informado que el riesgo comenzar\u00e1 a las 6 horas del jueves, 24 de julio, y se har\u00e1 extensible hasta las 5:59 del viernes, 25 de julio, con una precipitaci\u00f3n acumulada en una hora de 15 mm. Debido al aparato el\u00e9ctrico tormentoso, tambi\u00e9n hay un alto riesgo de incendio forestal. Adem\u00e1s, AEMET informa de fen\u00f3menos costeros con viento fuerte del norte y nordeste fuerza 7 y olas de 2 a 3 metros, para el 24 de julio, finalizando la alerta a las 23:59 horas.<\/p>\n<p class=\"v1MsoNormal\">El concejal de Emergencias ha detallado el objeto de activar el Plan Inunlor en esta fase de preemergencia es \u00abalertar a las autoridades y servicios implicados, as\u00ed como informar con car\u00e1cter preventivo a la poblaci\u00f3n\u00bb. El Plan INUNLOR conlleva la situaci\u00f3n de prealerta para efectivos municipales de Emergencias, Polic\u00eda Local, Aguas de Lorca, entre otros, as\u00ed como los bomberos del Consorcio de Extinci\u00f3n de Incendios. Del mismo modo, se atender\u00e1 a instalaciones deportivas al aire libre y parques y jardines, por cualquier eventualidad. \u00abLos operativos y los medios materiales oportunos est\u00e1n preparados para actuar en el caso de que sea necesario\u00bb, ha a\u00f1adido.<\/p>\n<p class=\"v1MsoNormal\">Mart\u00ednez ha insistido en que ante las posibles incidencias originadas por estas lluvias, \u00abdesde el Ayuntamiento y el Servicio Municipal de Emergencias pedimos a la poblaci\u00f3n que tengan en cuenta tanto las medidas de prevenci\u00f3n como las de autoprotecci\u00f3n, con el objetivo de garantizar la seguridad de la ciudadan\u00eda\u00bb. Del mismo modo, ha pedido que sigan las indicaciones, tanto del 112 como del Ayuntamiento de Lorca a trav\u00e9s de la web\u00a0<a href=\"http:\/\/www.lorca.es\/\" target=\"_blank\" rel=\"noopener noreferrer\">www.lorca.es<\/a>, redes sociales y mupis de la ciudad, y se mantengan informados, a trav\u00e9s de los medios de comunicaci\u00f3n, de las predicciones meteorol\u00f3gicas y el estado de la situaci\u00f3n.<\/p>\n<p class=\"v1MsoNormal\">\u00a0Y ha recordado que entre las medidas de prevenci\u00f3n, se encuentran: retirar del exterior de la vivienda aquellos objetos que puedan ser arrastrados por el agua; revisar peri\u00f3dicamente tejados, alcantarillas y bajadas de aguas; no estacionar veh\u00edculos ni acampar en cauces secos, ni a la orilla de r\u00edos, para evitar ser sorprendido por una s\u00fabita crecida de agua o por una riada.<\/p>\n<p class=\"v1MsoNormal\">Evitar circular en carretera, y si es necesario viajar, procurar circular, preferentemente, por carreteras principales y autopistas. Por otra parte, si se encuentra en el campo, hay que alejarse de los r\u00edos, torrentes y zonas bajas de laderas y colinas, evitando, a su vez, atravesar vados inundados. Si se encuentra en su veh\u00edculo, no se debe aparcar en lugares que puedan inundarse, y cuando circule, no cruce lugares inundados; se debe prestar atenci\u00f3n a los corrimientos de tierra, socavones o sumideros; se debe saber d\u00f3nde se encuentran los lugares m\u00e1s altos y como llegar a ellos r\u00e1pidamente.<\/p>\n<p class=\"v1MsoNormal\">Igualmente, se debe abandonar el coche si el agua empieza a subir de nivel en la carretera, si el veh\u00edculo se atasca, si al cruzar una corriente el agua est\u00e1 por encima del eje de las ruedas, cuando encuentre dificultades para abrir la puerta salga por las ventanillas.<\/p>\n","protected":false},"excerpt":{"rendered":"<p>\u00c1REA LORCA RADIO. Emergencias. 23 de julio de 2025.\u00a0El concejal de Emergencias del Ayuntamiento de Lorca, Jos\u00e9 Mart\u00ednez, ha anunciado que el Consistorio ha activado el Plan INUNLOR en fase de preemergencia para atender eventualidades que se puedan producir en el municipio ante la alerta de nivel amarillo por lluvias y tormentas establecida por la [&hellip;]<\/p>\n","protected":false},"author":1,"featured_media":7459,"comment_status":"open","ping_status":"open","sticky":false,"template":"","format":"standard","meta":{"iawp_total_views":13,"footnotes":""},"categories":[5,7],"tags":[],"class_list":["post-7458","post","type-post","status-publish","format-standard","has-post-thumbnail","hentry","category-actualidad","category-lorca"],"yoast_head":"<!-- This site is optimized with the Yoast SEO plugin v27.5 - https:\/\/yoast.com\/product\/yoast-seo-wordpress\/ -->\n<title>El Ayuntamiento de Lorca activa el Plan INUNLOR en fase de preemergencia ante el nivel amarillo por lluvias y tormentas - AREA LORCA RADIO<\/title>\n<meta name=\"robots\" content=\"index, follow, max-snippet:-1, max-image-preview:large, max-video-preview:-1\" \/>\n<link rel=\"canonical\" href=\"https:\/\/arealorcaradio.es\/index.php\/2025\/07\/23\/el-ayuntamiento-de-lorca-activa-el-plan-inunlor-en-fase-de-preemergencia-ante-el-nivel-amarillo-por-lluvias-y-tormentas\/\" \/>\n<meta property=\"og:locale\" content=\"es_ES\" \/>\n<meta property=\"og:type\" content=\"article\" \/>\n<meta property=\"og:title\" content=\"El Ayuntamiento de Lorca activa el Plan INUNLOR en fase de preemergencia ante el nivel amarillo por lluvias y tormentas - AREA LORCA RADIO\" \/>\n<meta property=\"og:description\" content=\"\u00c1REA LORCA RADIO. Emergencias. 23 de julio de 2025.\u00a0El concejal de Emergencias del Ayuntamiento de Lorca, Jos\u00e9 Mart\u00ednez, ha anunciado que el Consistorio ha activado el Plan INUNLOR en fase de preemergencia para atender eventualidades que se puedan producir en el municipio ante la alerta de nivel amarillo por lluvias y tormentas establecida por la [&hellip;]\" \/>\n<meta property=\"og:url\" content=\"https:\/\/arealorcaradio.es\/index.php\/2025\/07\/23\/el-ayuntamiento-de-lorca-activa-el-plan-inunlor-en-fase-de-preemergencia-ante-el-nivel-amarillo-por-lluvias-y-tormentas\/\" \/>\n<meta property=\"og:site_name\" content=\"AREA LORCA RADIO\" \/>\n<meta property=\"article:published_time\" content=\"2025-07-23T14:18:20+00:00\" \/>\n<meta property=\"og:image\" content=\"https:\/\/arealorcaradio.es\/wp-content\/uploads\/2025\/07\/AVISO-AEMET-AMARILLO.jpg\" \/>\n\t<meta property=\"og:image:width\" content=\"713\" \/>\n\t<meta property=\"og:image:height\" content=\"673\" \/>\n\t<meta property=\"og:image:type\" content=\"image\/jpeg\" \/>\n<meta name=\"author\" content=\"Paco S\u00e1nchez\" \/>\n<meta name=\"twitter:card\" content=\"summary_large_image\" \/>\n<meta name=\"twitter:label1\" content=\"Escrito por\" \/>\n\t<meta name=\"twitter:data1\" content=\"Paco S\u00e1nchez\" \/>\n\t<meta name=\"twitter:label2\" content=\"Tiempo de lectura\" \/>\n\t<meta name=\"twitter:data2\" content=\"3 minutos\" \/>\n<script type=\"application\/ld+json\" class=\"yoast-schema-graph\">{\"@context\":\"https:\\\/\\\/schema.org\",\"@graph\":[{\"@type\":\"Article\",\"@id\":\"https:\\\/\\\/arealorcaradio.es\\\/index.php\\\/2025\\\/07\\\/23\\\/el-ayuntamiento-de-lorca-activa-el-plan-inunlor-en-fase-de-preemergencia-ante-el-nivel-amarillo-por-lluvias-y-tormentas\\\/#article\",\"isPartOf\":{\"@id\":\"https:\\\/\\\/arealorcaradio.es\\\/index.php\\\/2025\\\/07\\\/23\\\/el-ayuntamiento-de-lorca-activa-el-plan-inunlor-en-fase-de-preemergencia-ante-el-nivel-amarillo-por-lluvias-y-tormentas\\\/\"},\"author\":{\"name\":\"Paco S\u00e1nchez\",\"@id\":\"https:\\\/\\\/arealorcaradio.es\\\/#\\\/schema\\\/person\\\/9fae605fc25b0f2c83c1ab207139bd27\"},\"headline\":\"El Ayuntamiento de Lorca activa el Plan INUNLOR en fase de preemergencia ante el nivel amarillo por lluvias y tormentas\",\"datePublished\":\"2025-07-23T14:18:20+00:00\",\"mainEntityOfPage\":{\"@id\":\"https:\\\/\\\/arealorcaradio.es\\\/index.php\\\/2025\\\/07\\\/23\\\/el-ayuntamiento-de-lorca-activa-el-plan-inunlor-en-fase-de-preemergencia-ante-el-nivel-amarillo-por-lluvias-y-tormentas\\\/\"},\"wordCount\":617,\"commentCount\":0,\"image\":{\"@id\":\"https:\\\/\\\/arealorcaradio.es\\\/index.php\\\/2025\\\/07\\\/23\\\/el-ayuntamiento-de-lorca-activa-el-plan-inunlor-en-fase-de-preemergencia-ante-el-nivel-amarillo-por-lluvias-y-tormentas\\\/#primaryimage\"},\"thumbnailUrl\":\"https:\\\/\\\/arealorcaradio.es\\\/wp-content\\\/uploads\\\/2025\\\/07\\\/AVISO-AEMET-AMARILLO.jpg\",\"articleSection\":[\"ACTUALIDAD\",\"LORCA\"],\"inLanguage\":\"es\",\"potentialAction\":[{\"@type\":\"CommentAction\",\"name\":\"Comment\",\"target\":[\"https:\\\/\\\/arealorcaradio.es\\\/index.php\\\/2025\\\/07\\\/23\\\/el-ayuntamiento-de-lorca-activa-el-plan-inunlor-en-fase-de-preemergencia-ante-el-nivel-amarillo-por-lluvias-y-tormentas\\\/#respond\"]}]},{\"@type\":\"WebPage\",\"@id\":\"https:\\\/\\\/arealorcaradio.es\\\/index.php\\\/2025\\\/07\\\/23\\\/el-ayuntamiento-de-lorca-activa-el-plan-inunlor-en-fase-de-preemergencia-ante-el-nivel-amarillo-por-lluvias-y-tormentas\\\/\",\"url\":\"https:\\\/\\\/arealorcaradio.es\\\/index.php\\\/2025\\\/07\\\/23\\\/el-ayuntamiento-de-lorca-activa-el-plan-inunlor-en-fase-de-preemergencia-ante-el-nivel-amarillo-por-lluvias-y-tormentas\\\/\",\"name\":\"El Ayuntamiento de Lorca activa el Plan INUNLOR en fase de preemergencia ante el nivel amarillo por lluvias y tormentas - AREA LORCA RADIO\",\"isPartOf\":{\"@id\":\"https:\\\/\\\/arealorcaradio.es\\\/#website\"},\"primaryImageOfPage\":{\"@id\":\"https:\\\/\\\/arealorcaradio.es\\\/index.php\\\/2025\\\/07\\\/23\\\/el-ayuntamiento-de-lorca-activa-el-plan-inunlor-en-fase-de-preemergencia-ante-el-nivel-amarillo-por-lluvias-y-tormentas\\\/#primaryimage\"},\"image\":{\"@id\":\"https:\\\/\\\/arealorcaradio.es\\\/index.php\\\/2025\\\/07\\\/23\\\/el-ayuntamiento-de-lorca-activa-el-plan-inunlor-en-fase-de-preemergencia-ante-el-nivel-amarillo-por-lluvias-y-tormentas\\\/#primaryimage\"},\"thumbnailUrl\":\"https:\\\/\\\/arealorcaradio.es\\\/wp-content\\\/uploads\\\/2025\\\/07\\\/AVISO-AEMET-AMARILLO.jpg\",\"datePublished\":\"2025-07-23T14:18:20+00:00\",\"author\":{\"@id\":\"https:\\\/\\\/arealorcaradio.es\\\/#\\\/schema\\\/person\\\/9fae605fc25b0f2c83c1ab207139bd27\"},\"breadcrumb\":{\"@id\":\"https:\\\/\\\/arealorcaradio.es\\\/index.php\\\/2025\\\/07\\\/23\\\/el-ayuntamiento-de-lorca-activa-el-plan-inunlor-en-fase-de-preemergencia-ante-el-nivel-amarillo-por-lluvias-y-tormentas\\\/#breadcrumb\"},\"inLanguage\":\"es\",\"potentialAction\":[{\"@type\":\"ReadAction\",\"target\":[\"https:\\\/\\\/arealorcaradio.es\\\/index.php\\\/2025\\\/07\\\/23\\\/el-ayuntamiento-de-lorca-activa-el-plan-inunlor-en-fase-de-preemergencia-ante-el-nivel-amarillo-por-lluvias-y-tormentas\\\/\"]}]},{\"@type\":\"ImageObject\",\"inLanguage\":\"es\",\"@id\":\"https:\\\/\\\/arealorcaradio.es\\\/index.php\\\/2025\\\/07\\\/23\\\/el-ayuntamiento-de-lorca-activa-el-plan-inunlor-en-fase-de-preemergencia-ante-el-nivel-amarillo-por-lluvias-y-tormentas\\\/#primaryimage\",\"url\":\"https:\\\/\\\/arealorcaradio.es\\\/wp-content\\\/uploads\\\/2025\\\/07\\\/AVISO-AEMET-AMARILLO.jpg\",\"contentUrl\":\"https:\\\/\\\/arealorcaradio.es\\\/wp-content\\\/uploads\\\/2025\\\/07\\\/AVISO-AEMET-AMARILLO.jpg\",\"width\":713,\"height\":673},{\"@type\":\"BreadcrumbList\",\"@id\":\"https:\\\/\\\/arealorcaradio.es\\\/index.php\\\/2025\\\/07\\\/23\\\/el-ayuntamiento-de-lorca-activa-el-plan-inunlor-en-fase-de-preemergencia-ante-el-nivel-amarillo-por-lluvias-y-tormentas\\\/#breadcrumb\",\"itemListElement\":[{\"@type\":\"ListItem\",\"position\":1,\"name\":\"Portada\",\"item\":\"https:\\\/\\\/arealorcaradio.es\\\/\"},{\"@type\":\"ListItem\",\"position\":2,\"name\":\"El Ayuntamiento de Lorca activa el Plan INUNLOR en fase de preemergencia ante el nivel amarillo por lluvias y tormentas\"}]},{\"@type\":\"WebSite\",\"@id\":\"https:\\\/\\\/arealorcaradio.es\\\/#website\",\"url\":\"https:\\\/\\\/arealorcaradio.es\\\/\",\"name\":\"AREA LORCA RADIO\",\"description\":\"Descubre la programaci\u00f3n actual en \u00c1rea Lorca Radio, tu fuente de entrenamiento y noticias locales. Sintoniza ahora y mantente conectado online.\",\"potentialAction\":[{\"@type\":\"SearchAction\",\"target\":{\"@type\":\"EntryPoint\",\"urlTemplate\":\"https:\\\/\\\/arealorcaradio.es\\\/?s={search_term_string}\"},\"query-input\":{\"@type\":\"PropertyValueSpecification\",\"valueRequired\":true,\"valueName\":\"search_term_string\"}}],\"inLanguage\":\"es\"},{\"@type\":\"Person\",\"@id\":\"https:\\\/\\\/arealorcaradio.es\\\/#\\\/schema\\\/person\\\/9fae605fc25b0f2c83c1ab207139bd27\",\"name\":\"Paco S\u00e1nchez\",\"image\":{\"@type\":\"ImageObject\",\"inLanguage\":\"es\",\"@id\":\"https:\\\/\\\/secure.gravatar.com\\\/avatar\\\/d67144e966420fb74aa84c9f2a0103be4724fd14db52b52d3b6bca749f257e79?s=96&d=mm&r=g\",\"url\":\"https:\\\/\\\/secure.gravatar.com\\\/avatar\\\/d67144e966420fb74aa84c9f2a0103be4724fd14db52b52d3b6bca749f257e79?s=96&d=mm&r=g\",\"contentUrl\":\"https:\\\/\\\/secure.gravatar.com\\\/avatar\\\/d67144e966420fb74aa84c9f2a0103be4724fd14db52b52d3b6bca749f257e79?s=96&d=mm&r=g\",\"caption\":\"Paco S\u00e1nchez\"},\"sameAs\":[\"https:\\\/\\\/arealorcaradio.es\"],\"url\":\"https:\\\/\\\/arealorcaradio.es\\\/index.php\\\/author\\\/admin_alorcaradio\\\/\"}]}<\/script>\n<!-- \/ Yoast SEO plugin. -->","yoast_head_json":{"title":"El Ayuntamiento de Lorca activa el Plan INUNLOR en fase de preemergencia ante el nivel amarillo por lluvias y tormentas - AREA LORCA RADIO","robots":{"index":"index","follow":"follow","max-snippet":"max-snippet:-1","max-image-preview":"max-image-preview:large","max-video-preview":"max-video-preview:-1"},"canonical":"https:\/\/arealorcaradio.es\/index.php\/2025\/07\/23\/el-ayuntamiento-de-lorca-activa-el-plan-inunlor-en-fase-de-preemergencia-ante-el-nivel-amarillo-por-lluvias-y-tormentas\/","og_locale":"es_ES","og_type":"article","og_title":"El Ayuntamiento de Lorca activa el Plan INUNLOR en fase de preemergencia ante el nivel amarillo por lluvias y tormentas - AREA LORCA RADIO","og_description":"\u00c1REA LORCA RADIO. Emergencias. 23 de julio de 2025.\u00a0El concejal de Emergencias del Ayuntamiento de Lorca, Jos\u00e9 Mart\u00ednez, ha anunciado que el Consistorio ha activado el Plan INUNLOR en fase de preemergencia para atender eventualidades que se puedan producir en el municipio ante la alerta de nivel amarillo por lluvias y tormentas establecida por la [&hellip;]","og_url":"https:\/\/arealorcaradio.es\/index.php\/2025\/07\/23\/el-ayuntamiento-de-lorca-activa-el-plan-inunlor-en-fase-de-preemergencia-ante-el-nivel-amarillo-por-lluvias-y-tormentas\/","og_site_name":"AREA LORCA RADIO","article_published_time":"2025-07-23T14:18:20+00:00","og_image":[{"width":713,"height":673,"url":"https:\/\/arealorcaradio.es\/wp-content\/uploads\/2025\/07\/AVISO-AEMET-AMARILLO.jpg","type":"image\/jpeg"}],"author":"Paco S\u00e1nchez","twitter_card":"summary_large_image","twitter_misc":{"Escrito por":"Paco S\u00e1nchez","Tiempo de lectura":"3 minutos"},"schema":{"@context":"https:\/\/schema.org","@graph":[{"@type":"Article","@id":"https:\/\/arealorcaradio.es\/index.php\/2025\/07\/23\/el-ayuntamiento-de-lorca-activa-el-plan-inunlor-en-fase-de-preemergencia-ante-el-nivel-amarillo-por-lluvias-y-tormentas\/#article","isPartOf":{"@id":"https:\/\/arealorcaradio.es\/index.php\/2025\/07\/23\/el-ayuntamiento-de-lorca-activa-el-plan-inunlor-en-fase-de-preemergencia-ante-el-nivel-amarillo-por-lluvias-y-tormentas\/"},"author":{"name":"Paco S\u00e1nchez","@id":"https:\/\/arealorcaradio.es\/#\/schema\/person\/9fae605fc25b0f2c83c1ab207139bd27"},"headline":"El Ayuntamiento de Lorca activa el Plan INUNLOR en fase de preemergencia ante el nivel amarillo por lluvias y tormentas","datePublished":"2025-07-23T14:18:20+00:00","mainEntityOfPage":{"@id":"https:\/\/arealorcaradio.es\/index.php\/2025\/07\/23\/el-ayuntamiento-de-lorca-activa-el-plan-inunlor-en-fase-de-preemergencia-ante-el-nivel-amarillo-por-lluvias-y-tormentas\/"},"wordCount":617,"commentCount":0,"image":{"@id":"https:\/\/arealorcaradio.es\/index.php\/2025\/07\/23\/el-ayuntamiento-de-lorca-activa-el-plan-inunlor-en-fase-de-preemergencia-ante-el-nivel-amarillo-por-lluvias-y-tormentas\/#primaryimage"},"thumbnailUrl":"https:\/\/arealorcaradio.es\/wp-content\/uploads\/2025\/07\/AVISO-AEMET-AMARILLO.jpg","articleSection":["ACTUALIDAD","LORCA"],"inLanguage":"es","potentialAction":[{"@type":"CommentAction","name":"Comment","target":["https:\/\/arealorcaradio.es\/index.php\/2025\/07\/23\/el-ayuntamiento-de-lorca-activa-el-plan-inunlor-en-fase-de-preemergencia-ante-el-nivel-amarillo-por-lluvias-y-tormentas\/#respond"]}]},{"@type":"WebPage","@id":"https:\/\/arealorcaradio.es\/index.php\/2025\/07\/23\/el-ayuntamiento-de-lorca-activa-el-plan-inunlor-en-fase-de-preemergencia-ante-el-nivel-amarillo-por-lluvias-y-tormentas\/","url":"https:\/\/arealorcaradio.es\/index.php\/2025\/07\/23\/el-ayuntamiento-de-lorca-activa-el-plan-inunlor-en-fase-de-preemergencia-ante-el-nivel-amarillo-por-lluvias-y-tormentas\/","name":"El Ayuntamiento de Lorca activa el Plan INUNLOR en fase de preemergencia ante el nivel amarillo por lluvias y tormentas - AREA LORCA RADIO","isPartOf":{"@id":"https:\/\/arealorcaradio.es\/#website"},"primaryImageOfPage":{"@id":"https:\/\/arealorcaradio.es\/index.php\/2025\/07\/23\/el-ayuntamiento-de-lorca-activa-el-plan-inunlor-en-fase-de-preemergencia-ante-el-nivel-amarillo-por-lluvias-y-tormentas\/#primaryimage"},"image":{"@id":"https:\/\/arealorcaradio.es\/index.php\/2025\/07\/23\/el-ayuntamiento-de-lorca-activa-el-plan-inunlor-en-fase-de-preemergencia-ante-el-nivel-amarillo-por-lluvias-y-tormentas\/#primaryimage"},"thumbnailUrl":"https:\/\/arealorcaradio.es\/wp-content\/uploads\/2025\/07\/AVISO-AEMET-AMARILLO.jpg","datePublished":"2025-07-23T14:18:20+00:00","author":{"@id":"https:\/\/arealorcaradio.es\/#\/schema\/person\/9fae605fc25b0f2c83c1ab207139bd27"},"breadcrumb":{"@id":"https:\/\/arealorcaradio.es\/index.php\/2025\/07\/23\/el-ayuntamiento-de-lorca-activa-el-plan-inunlor-en-fase-de-preemergencia-ante-el-nivel-amarillo-por-lluvias-y-tormentas\/#breadcrumb"},"inLanguage":"es","potentialAction":[{"@type":"ReadAction","target":["https:\/\/arealorcaradio.es\/index.php\/2025\/07\/23\/el-ayuntamiento-de-lorca-activa-el-plan-inunlor-en-fase-de-preemergencia-ante-el-nivel-amarillo-por-lluvias-y-tormentas\/"]}]},{"@type":"ImageObject","inLanguage":"es","@id":"https:\/\/arealorcaradio.es\/index.php\/2025\/07\/23\/el-ayuntamiento-de-lorca-activa-el-plan-inunlor-en-fase-de-preemergencia-ante-el-nivel-amarillo-por-lluvias-y-tormentas\/#primaryimage","url":"https:\/\/arealorcaradio.es\/wp-content\/uploads\/2025\/07\/AVISO-AEMET-AMARILLO.jpg","contentUrl":"https:\/\/arealorcaradio.es\/wp-content\/uploads\/2025\/07\/AVISO-AEMET-AMARILLO.jpg","width":713,"height":673},{"@type":"BreadcrumbList","@id":"https:\/\/arealorcaradio.es\/index.php\/2025\/07\/23\/el-ayuntamiento-de-lorca-activa-el-plan-inunlor-en-fase-de-preemergencia-ante-el-nivel-amarillo-por-lluvias-y-tormentas\/#breadcrumb","itemListElement":[{"@type":"ListItem","position":1,"name":"Portada","item":"https:\/\/arealorcaradio.es\/"},{"@type":"ListItem","position":2,"name":"El Ayuntamiento de Lorca activa el Plan INUNLOR en fase de preemergencia ante el nivel amarillo por lluvias y tormentas"}]},{"@type":"WebSite","@id":"https:\/\/arealorcaradio.es\/#website","url":"https:\/\/arealorcaradio.es\/","name":"AREA LORCA RADIO","description":"Descubre la programaci\u00f3n actual en \u00c1rea Lorca Radio, tu fuente de entrenamiento y noticias locales. Sintoniza ahora y mantente conectado online.","potentialAction":[{"@type":"SearchAction","target":{"@type":"EntryPoint","urlTemplate":"https:\/\/arealorcaradio.es\/?s={search_term_string}"},"query-input":{"@type":"PropertyValueSpecification","valueRequired":true,"valueName":"search_term_string"}}],"inLanguage":"es"},{"@type":"Person","@id":"https:\/\/arealorcaradio.es\/#\/schema\/person\/9fae605fc25b0f2c83c1ab207139bd27","name":"Paco S\u00e1nchez","image":{"@type":"ImageObject","inLanguage":"es","@id":"https:\/\/secure.gravatar.com\/avatar\/d67144e966420fb74aa84c9f2a0103be4724fd14db52b52d3b6bca749f257e79?s=96&d=mm&r=g","url":"https:\/\/secure.gravatar.com\/avatar\/d67144e966420fb74aa84c9f2a0103be4724fd14db52b52d3b6bca749f257e79?s=96&d=mm&r=g","contentUrl":"https:\/\/secure.gravatar.com\/avatar\/d67144e966420fb74aa84c9f2a0103be4724fd14db52b52d3b6bca749f257e79?s=96&d=mm&r=g","caption":"Paco S\u00e1nchez"},"sameAs":["https:\/\/arealorcaradio.es"],"url":"https:\/\/arealorcaradio.es\/index.php\/author\/admin_alorcaradio\/"}]}},"_links":{"self":[{"href":"https:\/\/arealorcaradio.es\/index.php\/wp-json\/wp\/v2\/posts\/7458","targetHints":{"allow":["GET"]}}],"collection":[{"href":"https:\/\/arealorcaradio.es\/index.php\/wp-json\/wp\/v2\/posts"}],"about":[{"href":"https:\/\/arealorcaradio.es\/index.php\/wp-json\/wp\/v2\/types\/post"}],"author":[{"embeddable":true,"href":"https:\/\/arealorcaradio.es\/index.php\/wp-json\/wp\/v2\/users\/1"}],"replies":[{"embeddable":true,"href":"https:\/\/arealorcaradio.es\/index.php\/wp-json\/wp\/v2\/comments?post=7458"}],"version-history":[{"count":1,"href":"https:\/\/arealorcaradio.es\/index.php\/wp-json\/wp\/v2\/posts\/7458\/revisions"}],"predecessor-version":[{"id":7460,"href":"https:\/\/arealorcaradio.es\/index.php\/wp-json\/wp\/v2\/posts\/7458\/revisions\/7460"}],"wp:featuredmedia":[{"embeddable":true,"href":"https:\/\/arealorcaradio.es\/index.php\/wp-json\/wp\/v2\/media\/7459"}],"wp:attachment":[{"href":"https:\/\/arealorcaradio.es\/index.php\/wp-json\/wp\/v2\/media?parent=7458"}],"wp:term":[{"taxonomy":"category","embeddable":true,"href":"https:\/\/arealorcaradio.es\/index.php\/wp-json\/wp\/v2\/categories?post=7458"},{"taxonomy":"post_tag","embeddable":true,"href":"https:\/\/arealorcaradio.es\/index.php\/wp-json\/wp\/v2\/tags?post=7458"}],"curies":[{"name":"wp","href":"https:\/\/api.w.org\/{rel}","templated":true}]}}