{"id":7452,"date":"2025-07-23T14:13:54","date_gmt":"2025-07-23T14:13:54","guid":{"rendered":"https:\/\/arealorcaradio.es\/?p=7452"},"modified":"2025-07-23T14:13:54","modified_gmt":"2025-07-23T14:13:54","slug":"el-juzgado-da-la-razon-al-ayuntamiento-en-la-denuncia-por-la-ocupacion-del-recinto-ferial-del-huerto-de-la-rueda","status":"publish","type":"post","link":"https:\/\/arealorcaradio.es\/index.php\/2025\/07\/23\/el-juzgado-da-la-razon-al-ayuntamiento-en-la-denuncia-por-la-ocupacion-del-recinto-ferial-del-huerto-de-la-rueda\/","title":{"rendered":"El juzgado da la raz\u00f3n al Ayuntamiento en la denuncia por la ocupaci\u00f3n del Recinto Ferial del Huerto de la Rueda\u00a0"},"content":{"rendered":"<p><strong>\u00c1REA LORCA RADIO. Municipal.<\/strong><\/p>\n<p><strong>Mi\u00e9rcoles, 23 de julio de 2025.\u00a0<\/strong>El Juzgado de lo Contencioso Administrativo n\u00famero 4 de Murcia ha dado la raz\u00f3n al Ayuntamiento de Lorca en la denuncia por el pago por la ocupaci\u00f3n del Recinto Ferial del Huerto de la Rueda por parte de la Asociaci\u00f3n de Feriantes. La sentencia era notificada al Consistorio lorquino hace tan s\u00f3lo unos d\u00edas, como ha reconocido este mi\u00e9rcoles el alcalde, Fulgencio Gil J\u00f3dar, que comparec\u00eda en rueda de prensa junto a la portavoz municipal, Rosa Mar\u00eda Medina M\u00ednguez, y el edil de Emergencias, Jos\u00e9 Mart\u00ednez, y ha sido dada a conocer tras pasar por la Junta de Gobierno Local.<\/p>\n<p><img loading=\"lazy\" decoding=\"async\" class=\"alignnone size-medium wp-image-7455\" src=\"https:\/\/arealorcaradio.es\/wp-content\/uploads\/2025\/07\/WhatsApp-Image-2025-07-23-at-14.45.43-1-300x200.jpeg\" alt=\"\" width=\"300\" height=\"200\" srcset=\"https:\/\/arealorcaradio.es\/wp-content\/uploads\/2025\/07\/WhatsApp-Image-2025-07-23-at-14.45.43-1-300x200.jpeg 300w, https:\/\/arealorcaradio.es\/wp-content\/uploads\/2025\/07\/WhatsApp-Image-2025-07-23-at-14.45.43-1-1024x682.jpeg 1024w, https:\/\/arealorcaradio.es\/wp-content\/uploads\/2025\/07\/WhatsApp-Image-2025-07-23-at-14.45.43-1-768x512.jpeg 768w, https:\/\/arealorcaradio.es\/wp-content\/uploads\/2025\/07\/WhatsApp-Image-2025-07-23-at-14.45.43-1-1536x1023.jpeg 1536w, https:\/\/arealorcaradio.es\/wp-content\/uploads\/2025\/07\/WhatsApp-Image-2025-07-23-at-14.45.43-1.jpeg 1600w\" sizes=\"auto, (max-width: 300px) 100vw, 300px\" \/><\/p>\n<p>\u00abLa sentencia da la raz\u00f3n al Ayuntamiento de Lorca, frente a la demanda interpuesta en su d\u00eda por el cobro de la tasa de uso y explotaci\u00f3n econ\u00f3mica del Huerto de la Rueda. Y desmonta punto por punto la mara\u00f1a de mentiras desplegadas por el Partido Socialista en torno a este asunto, tratando de desviar la atenci\u00f3n una vez que fueron descubiertos y acorralados\u00bb, ha dicho el alcalde.<\/p>\n<p>En la sentencia se asegura que, con fecha 14 de julio del a\u00f1o 2021, tuvo entrada en el Ayuntamiento la petici\u00f3n para la cesi\u00f3n del uso exclusivo del Recinto Ferial del Huerto de la Rueda por parte de los feriantes por un plazo de cuatro a\u00f1os. \u00abEn ella, manifestaban que pagar\u00edan 25.000 euros el primer a\u00f1o y 50.000 euros los a\u00f1os restantes. Argumenta la sentencia que la Junta de Gobierno Local adopt\u00f3 los acuerdos pertinentes para materializar esa petici\u00f3n de los feriantes y que fueron modificados, de hecho, en Junta de Gobierno del 24 de septiembre del a\u00f1o 2021, para considerar que el espacio que se ceder\u00eda a los feriantes era de 8.180 metros cuadrados. Contin\u00faa la sentencia diciendo, en su fundamento cuarto, que se debe dar la raz\u00f3n a la Administraci\u00f3n demandadora, es decir, al Ayuntamiento de Lorca, porque la Ordenanza n\u00famero 15 reguladora de la tasa por la utilizaci\u00f3n privativa de espacios p\u00fablicos, es de 16 de diciembre de 1998\u00bb, ha recalcado Gil J\u00f3dar.<\/p>\n<p>Y ha a\u00f1adido que \u00abya exist\u00eda una Ordenanza que regulaba el pago por utilizar los espacios p\u00fablicos. Y en esa Ordenanza ya se establec\u00eda, como hecho imponible de la tasa, la utilizaci\u00f3n privativa o el aprovechamiento especial del dominio p\u00fablico local. Por lo tanto, estaba regulado ese pago. Concretamente, el hecho imponible general de ocupaci\u00f3n del dominio p\u00fablico municipal que, se encontraba regulado \u2013dice la sentencia- mediante la oportuna Ordenanza del Municipio de Lorca de 1998\u00bb.<\/p>\n<p>La sentencia contin\u00faa se\u00f1alando que \u00abaunque no existiera una tarifa espec\u00edfica para el Recinto Ferial, la habilitaci\u00f3n normativa general ya exist\u00eda y la propia parte actora. Es decir, los feriantes aceptaron el importe del canon por dicho concepto en la oferta realizada al Ayuntamiento y que fue aceptada por el propio Consistorio, en este caso el anterior equipo de Gobierno, que como ya hemos visto, llevaron a cabo la aprobaci\u00f3n en sucesivas Juntas de Gobierno. Por lo tanto, dice la sentencia, que frente a lo manifestado por el PSOE, no es cierto que no pudiera producirse la exacci\u00f3n de la tasa, incluso por autolimitaci\u00f3n. Se da la raz\u00f3n al Ayuntamiento en todo. Y el relato del PSOE se desmorona, porque todo era mentira y la verdad s\u00f3lo tiene un camino\u00bb, ha argumentado.<\/p>\n<p>Pero la sentencia contin\u00faa \u2013ha manifestado Gil J\u00f3dar- que ha indicado que \u00abdeja constancia de que con el fin de encontrar una soluci\u00f3n que no perjudicara a la ciudadan\u00eda, ni a las partes implicadas, las autoridades municipales \u2013incluyendo al propio alcalde- acordaron con los representantes de la asociaci\u00f3n una f\u00f3rmula alternativa de cumplimiento, que como saben consist\u00eda en que el pago se efectuara a organizaciones ben\u00e9ficas mediante donaciones a asociaciones. Y esto que voy a decir, lo a\u00f1ado yo, como saben se produjeron cinco d\u00edas antes de las elecciones municipales, que creo que es un hecho bastante relevante. Y a\u00f1ade la sentencia que los pagos a terceros no pueden tener valor liberatorio de la deuda tributaria, en primer lugar, porque no existe acuerdo ni resoluci\u00f3n administrativa que autorice tal forma de pago, lo que vulnerar\u00eda el principio de legalidad\u00bb.<\/p>\n<p>El alcalde ha insistido en que en la sentencia queda claro que la f\u00f3rmula de pago indicada no era la legalmente establecida y que en las indicaciones para el abono realizadas a los feriantes participaron el alcalde y varios de sus concejales. La sentencia desmonta punto por punto la mara\u00f1a de mentiras desplegadas por el Partido Socialista, pero lo m\u00e1s grave de todo esto es que esas indicaciones de pago a distintas organizaciones se produjeron cinco d\u00edas antes de las elecciones\u00bb.<\/p>\n<p>El pago exigido por el Ayuntamiento \u00abes legal, necesario y obligatorio, porque fue por el uso del espacio p\u00fablico y tiene naturaleza tributaria. Y queda claro que el PSOE se ha metido en un callej\u00f3n sin salida y ha arruinado a la Asociaci\u00f3n de Feriantes que, ahora, va a tener que pagar dos veces por los mismo, adem\u00e1s, con intereses de demora y con recargo, porque as\u00ed nos obliga la Ley. Y, eso, en virtud de las indicaciones ilegales del PSOE\u00bb, ha se\u00f1alado.<\/p>\n<p>Y, \u00abme lleva a formular una pregunta: Qu\u00e9 responsabilidades van a asumir los se\u00f1ores del PSOE frente a los feriantes. Y qu\u00e9 explicaciones van a dar a los lorquinos. Lo que he descrito y describe la sentencia se denomina &#8216;malversaci\u00f3n impropia por Administraci\u00f3n desleal&#8217;. Ese decreto aprecia, describe y encuadra, as\u00ed los hechos, porque menoscaba el patrimonio p\u00fablico. En este caso, el patrimonio p\u00fablico del Ayuntamiento, es decir, el patrimonio p\u00fablico de los lorquinos\u00bb.<\/p>\n<p>El Ministerio Fiscal considera que los hechos son anteriores a la reforma de enero de 2023, que tipific\u00f3 este delito, \u00abpero la realidad es que se consuma el delito en mayo de 2023, cuando se realizan los ingresos, es decir, cinco meses despu\u00e9s de que entrara en vigor la reforma. Por tanto, nuestros Servicios Jur\u00eddicos ya estudian las correspondientes acciones para proteger los intereses de los lorquinos\u00bb, ha agregado.<\/p>\n<p>Por \u00faltimo, ha insistido en que \u00abal contrario de lo que dicen los se\u00f1ores del PSOE, que esto ha finalizado, esto no ha hecho m\u00e1s que empezar. Esta es la sentencia, que es p\u00fablica, y de la que por cierto dimos cuenta en la \u00faltima Junta de Gobierno Local, porque acababa de llegar\u00bb.<\/p>\n","protected":false},"excerpt":{"rendered":"<p>\u00c1REA LORCA RADIO. Municipal. Mi\u00e9rcoles, 23 de julio de 2025.\u00a0El Juzgado de lo Contencioso Administrativo n\u00famero 4 de Murcia ha dado la raz\u00f3n al Ayuntamiento de Lorca en la denuncia por el pago por la ocupaci\u00f3n del Recinto Ferial del Huerto de la Rueda por parte de la Asociaci\u00f3n de Feriantes. La sentencia era notificada [&hellip;]<\/p>\n","protected":false},"author":1,"featured_media":7456,"comment_status":"open","ping_status":"open","sticky":false,"template":"","format":"standard","meta":{"iawp_total_views":9,"footnotes":""},"categories":[5,7],"tags":[],"class_list":["post-7452","post","type-post","status-publish","format-standard","has-post-thumbnail","hentry","category-actualidad","category-lorca"],"yoast_head":"<!-- This site is optimized with the Yoast SEO plugin v27.5 - https:\/\/yoast.com\/product\/yoast-seo-wordpress\/ -->\n<title>El juzgado da la raz\u00f3n al Ayuntamiento en la denuncia por la ocupaci\u00f3n del Recinto Ferial del Huerto de la Rueda\u00a0 - AREA LORCA RADIO<\/title>\n<meta name=\"robots\" content=\"index, follow, max-snippet:-1, max-image-preview:large, max-video-preview:-1\" \/>\n<link rel=\"canonical\" href=\"https:\/\/arealorcaradio.es\/index.php\/2025\/07\/23\/el-juzgado-da-la-razon-al-ayuntamiento-en-la-denuncia-por-la-ocupacion-del-recinto-ferial-del-huerto-de-la-rueda\/\" \/>\n<meta property=\"og:locale\" content=\"es_ES\" \/>\n<meta property=\"og:type\" content=\"article\" \/>\n<meta property=\"og:title\" content=\"El juzgado da la raz\u00f3n al Ayuntamiento en la denuncia por la ocupaci\u00f3n del Recinto Ferial del Huerto de la Rueda\u00a0 - AREA LORCA RADIO\" \/>\n<meta property=\"og:description\" content=\"\u00c1REA LORCA RADIO. Municipal. Mi\u00e9rcoles, 23 de julio de 2025.\u00a0El Juzgado de lo Contencioso Administrativo n\u00famero 4 de Murcia ha dado la raz\u00f3n al Ayuntamiento de Lorca en la denuncia por el pago por la ocupaci\u00f3n del Recinto Ferial del Huerto de la Rueda por parte de la Asociaci\u00f3n de Feriantes. La sentencia era notificada [&hellip;]\" \/>\n<meta property=\"og:url\" content=\"https:\/\/arealorcaradio.es\/index.php\/2025\/07\/23\/el-juzgado-da-la-razon-al-ayuntamiento-en-la-denuncia-por-la-ocupacion-del-recinto-ferial-del-huerto-de-la-rueda\/\" \/>\n<meta property=\"og:site_name\" content=\"AREA LORCA RADIO\" \/>\n<meta property=\"article:published_time\" content=\"2025-07-23T14:13:54+00:00\" \/>\n<meta property=\"og:image\" content=\"https:\/\/arealorcaradio.es\/wp-content\/uploads\/2025\/07\/WhatsApp-Image-2025-07-23-at-14.45.43.jpeg\" \/>\n\t<meta property=\"og:image:width\" content=\"1600\" \/>\n\t<meta property=\"og:image:height\" content=\"1066\" \/>\n\t<meta property=\"og:image:type\" content=\"image\/jpeg\" \/>\n<meta name=\"author\" content=\"Paco S\u00e1nchez\" \/>\n<meta name=\"twitter:card\" content=\"summary_large_image\" \/>\n<meta name=\"twitter:label1\" content=\"Escrito por\" \/>\n\t<meta name=\"twitter:data1\" content=\"Paco S\u00e1nchez\" \/>\n\t<meta name=\"twitter:label2\" content=\"Tiempo de lectura\" \/>\n\t<meta name=\"twitter:data2\" content=\"6 minutos\" \/>\n<script type=\"application\/ld+json\" class=\"yoast-schema-graph\">{\"@context\":\"https:\\\/\\\/schema.org\",\"@graph\":[{\"@type\":\"Article\",\"@id\":\"https:\\\/\\\/arealorcaradio.es\\\/index.php\\\/2025\\\/07\\\/23\\\/el-juzgado-da-la-razon-al-ayuntamiento-en-la-denuncia-por-la-ocupacion-del-recinto-ferial-del-huerto-de-la-rueda\\\/#article\",\"isPartOf\":{\"@id\":\"https:\\\/\\\/arealorcaradio.es\\\/index.php\\\/2025\\\/07\\\/23\\\/el-juzgado-da-la-razon-al-ayuntamiento-en-la-denuncia-por-la-ocupacion-del-recinto-ferial-del-huerto-de-la-rueda\\\/\"},\"author\":{\"name\":\"Paco S\u00e1nchez\",\"@id\":\"https:\\\/\\\/arealorcaradio.es\\\/#\\\/schema\\\/person\\\/9fae605fc25b0f2c83c1ab207139bd27\"},\"headline\":\"El juzgado da la raz\u00f3n al Ayuntamiento en la denuncia por la ocupaci\u00f3n del Recinto Ferial del Huerto de la Rueda\u00a0\",\"datePublished\":\"2025-07-23T14:13:54+00:00\",\"mainEntityOfPage\":{\"@id\":\"https:\\\/\\\/arealorcaradio.es\\\/index.php\\\/2025\\\/07\\\/23\\\/el-juzgado-da-la-razon-al-ayuntamiento-en-la-denuncia-por-la-ocupacion-del-recinto-ferial-del-huerto-de-la-rueda\\\/\"},\"wordCount\":1145,\"commentCount\":0,\"image\":{\"@id\":\"https:\\\/\\\/arealorcaradio.es\\\/index.php\\\/2025\\\/07\\\/23\\\/el-juzgado-da-la-razon-al-ayuntamiento-en-la-denuncia-por-la-ocupacion-del-recinto-ferial-del-huerto-de-la-rueda\\\/#primaryimage\"},\"thumbnailUrl\":\"https:\\\/\\\/arealorcaradio.es\\\/wp-content\\\/uploads\\\/2025\\\/07\\\/WhatsApp-Image-2025-07-23-at-14.45.43.jpeg\",\"articleSection\":[\"ACTUALIDAD\",\"LORCA\"],\"inLanguage\":\"es\",\"potentialAction\":[{\"@type\":\"CommentAction\",\"name\":\"Comment\",\"target\":[\"https:\\\/\\\/arealorcaradio.es\\\/index.php\\\/2025\\\/07\\\/23\\\/el-juzgado-da-la-razon-al-ayuntamiento-en-la-denuncia-por-la-ocupacion-del-recinto-ferial-del-huerto-de-la-rueda\\\/#respond\"]}]},{\"@type\":\"WebPage\",\"@id\":\"https:\\\/\\\/arealorcaradio.es\\\/index.php\\\/2025\\\/07\\\/23\\\/el-juzgado-da-la-razon-al-ayuntamiento-en-la-denuncia-por-la-ocupacion-del-recinto-ferial-del-huerto-de-la-rueda\\\/\",\"url\":\"https:\\\/\\\/arealorcaradio.es\\\/index.php\\\/2025\\\/07\\\/23\\\/el-juzgado-da-la-razon-al-ayuntamiento-en-la-denuncia-por-la-ocupacion-del-recinto-ferial-del-huerto-de-la-rueda\\\/\",\"name\":\"El juzgado da la raz\u00f3n al Ayuntamiento en la denuncia por la ocupaci\u00f3n del Recinto Ferial del Huerto de la Rueda\u00a0 - AREA LORCA RADIO\",\"isPartOf\":{\"@id\":\"https:\\\/\\\/arealorcaradio.es\\\/#website\"},\"primaryImageOfPage\":{\"@id\":\"https:\\\/\\\/arealorcaradio.es\\\/index.php\\\/2025\\\/07\\\/23\\\/el-juzgado-da-la-razon-al-ayuntamiento-en-la-denuncia-por-la-ocupacion-del-recinto-ferial-del-huerto-de-la-rueda\\\/#primaryimage\"},\"image\":{\"@id\":\"https:\\\/\\\/arealorcaradio.es\\\/index.php\\\/2025\\\/07\\\/23\\\/el-juzgado-da-la-razon-al-ayuntamiento-en-la-denuncia-por-la-ocupacion-del-recinto-ferial-del-huerto-de-la-rueda\\\/#primaryimage\"},\"thumbnailUrl\":\"https:\\\/\\\/arealorcaradio.es\\\/wp-content\\\/uploads\\\/2025\\\/07\\\/WhatsApp-Image-2025-07-23-at-14.45.43.jpeg\",\"datePublished\":\"2025-07-23T14:13:54+00:00\",\"author\":{\"@id\":\"https:\\\/\\\/arealorcaradio.es\\\/#\\\/schema\\\/person\\\/9fae605fc25b0f2c83c1ab207139bd27\"},\"breadcrumb\":{\"@id\":\"https:\\\/\\\/arealorcaradio.es\\\/index.php\\\/2025\\\/07\\\/23\\\/el-juzgado-da-la-razon-al-ayuntamiento-en-la-denuncia-por-la-ocupacion-del-recinto-ferial-del-huerto-de-la-rueda\\\/#breadcrumb\"},\"inLanguage\":\"es\",\"potentialAction\":[{\"@type\":\"ReadAction\",\"target\":[\"https:\\\/\\\/arealorcaradio.es\\\/index.php\\\/2025\\\/07\\\/23\\\/el-juzgado-da-la-razon-al-ayuntamiento-en-la-denuncia-por-la-ocupacion-del-recinto-ferial-del-huerto-de-la-rueda\\\/\"]}]},{\"@type\":\"ImageObject\",\"inLanguage\":\"es\",\"@id\":\"https:\\\/\\\/arealorcaradio.es\\\/index.php\\\/2025\\\/07\\\/23\\\/el-juzgado-da-la-razon-al-ayuntamiento-en-la-denuncia-por-la-ocupacion-del-recinto-ferial-del-huerto-de-la-rueda\\\/#primaryimage\",\"url\":\"https:\\\/\\\/arealorcaradio.es\\\/wp-content\\\/uploads\\\/2025\\\/07\\\/WhatsApp-Image-2025-07-23-at-14.45.43.jpeg\",\"contentUrl\":\"https:\\\/\\\/arealorcaradio.es\\\/wp-content\\\/uploads\\\/2025\\\/07\\\/WhatsApp-Image-2025-07-23-at-14.45.43.jpeg\",\"width\":1600,\"height\":1066},{\"@type\":\"BreadcrumbList\",\"@id\":\"https:\\\/\\\/arealorcaradio.es\\\/index.php\\\/2025\\\/07\\\/23\\\/el-juzgado-da-la-razon-al-ayuntamiento-en-la-denuncia-por-la-ocupacion-del-recinto-ferial-del-huerto-de-la-rueda\\\/#breadcrumb\",\"itemListElement\":[{\"@type\":\"ListItem\",\"position\":1,\"name\":\"Portada\",\"item\":\"https:\\\/\\\/arealorcaradio.es\\\/\"},{\"@type\":\"ListItem\",\"position\":2,\"name\":\"El juzgado da la raz\u00f3n al Ayuntamiento en la denuncia por la ocupaci\u00f3n del Recinto Ferial del Huerto de la Rueda\u00a0\"}]},{\"@type\":\"WebSite\",\"@id\":\"https:\\\/\\\/arealorcaradio.es\\\/#website\",\"url\":\"https:\\\/\\\/arealorcaradio.es\\\/\",\"name\":\"AREA LORCA RADIO\",\"description\":\"Descubre la programaci\u00f3n actual en \u00c1rea Lorca Radio, tu fuente de entrenamiento y noticias locales. Sintoniza ahora y mantente conectado online.\",\"potentialAction\":[{\"@type\":\"SearchAction\",\"target\":{\"@type\":\"EntryPoint\",\"urlTemplate\":\"https:\\\/\\\/arealorcaradio.es\\\/?s={search_term_string}\"},\"query-input\":{\"@type\":\"PropertyValueSpecification\",\"valueRequired\":true,\"valueName\":\"search_term_string\"}}],\"inLanguage\":\"es\"},{\"@type\":\"Person\",\"@id\":\"https:\\\/\\\/arealorcaradio.es\\\/#\\\/schema\\\/person\\\/9fae605fc25b0f2c83c1ab207139bd27\",\"name\":\"Paco S\u00e1nchez\",\"image\":{\"@type\":\"ImageObject\",\"inLanguage\":\"es\",\"@id\":\"https:\\\/\\\/secure.gravatar.com\\\/avatar\\\/d67144e966420fb74aa84c9f2a0103be4724fd14db52b52d3b6bca749f257e79?s=96&d=mm&r=g\",\"url\":\"https:\\\/\\\/secure.gravatar.com\\\/avatar\\\/d67144e966420fb74aa84c9f2a0103be4724fd14db52b52d3b6bca749f257e79?s=96&d=mm&r=g\",\"contentUrl\":\"https:\\\/\\\/secure.gravatar.com\\\/avatar\\\/d67144e966420fb74aa84c9f2a0103be4724fd14db52b52d3b6bca749f257e79?s=96&d=mm&r=g\",\"caption\":\"Paco S\u00e1nchez\"},\"sameAs\":[\"https:\\\/\\\/arealorcaradio.es\"],\"url\":\"https:\\\/\\\/arealorcaradio.es\\\/index.php\\\/author\\\/admin_alorcaradio\\\/\"}]}<\/script>\n<!-- \/ Yoast SEO plugin. -->","yoast_head_json":{"title":"El juzgado da la raz\u00f3n al Ayuntamiento en la denuncia por la ocupaci\u00f3n del Recinto Ferial del Huerto de la Rueda\u00a0 - AREA LORCA RADIO","robots":{"index":"index","follow":"follow","max-snippet":"max-snippet:-1","max-image-preview":"max-image-preview:large","max-video-preview":"max-video-preview:-1"},"canonical":"https:\/\/arealorcaradio.es\/index.php\/2025\/07\/23\/el-juzgado-da-la-razon-al-ayuntamiento-en-la-denuncia-por-la-ocupacion-del-recinto-ferial-del-huerto-de-la-rueda\/","og_locale":"es_ES","og_type":"article","og_title":"El juzgado da la raz\u00f3n al Ayuntamiento en la denuncia por la ocupaci\u00f3n del Recinto Ferial del Huerto de la Rueda\u00a0 - AREA LORCA RADIO","og_description":"\u00c1REA LORCA RADIO. Municipal. Mi\u00e9rcoles, 23 de julio de 2025.\u00a0El Juzgado de lo Contencioso Administrativo n\u00famero 4 de Murcia ha dado la raz\u00f3n al Ayuntamiento de Lorca en la denuncia por el pago por la ocupaci\u00f3n del Recinto Ferial del Huerto de la Rueda por parte de la Asociaci\u00f3n de Feriantes. La sentencia era notificada [&hellip;]","og_url":"https:\/\/arealorcaradio.es\/index.php\/2025\/07\/23\/el-juzgado-da-la-razon-al-ayuntamiento-en-la-denuncia-por-la-ocupacion-del-recinto-ferial-del-huerto-de-la-rueda\/","og_site_name":"AREA LORCA RADIO","article_published_time":"2025-07-23T14:13:54+00:00","og_image":[{"width":1600,"height":1066,"url":"https:\/\/arealorcaradio.es\/wp-content\/uploads\/2025\/07\/WhatsApp-Image-2025-07-23-at-14.45.43.jpeg","type":"image\/jpeg"}],"author":"Paco S\u00e1nchez","twitter_card":"summary_large_image","twitter_misc":{"Escrito por":"Paco S\u00e1nchez","Tiempo de lectura":"6 minutos"},"schema":{"@context":"https:\/\/schema.org","@graph":[{"@type":"Article","@id":"https:\/\/arealorcaradio.es\/index.php\/2025\/07\/23\/el-juzgado-da-la-razon-al-ayuntamiento-en-la-denuncia-por-la-ocupacion-del-recinto-ferial-del-huerto-de-la-rueda\/#article","isPartOf":{"@id":"https:\/\/arealorcaradio.es\/index.php\/2025\/07\/23\/el-juzgado-da-la-razon-al-ayuntamiento-en-la-denuncia-por-la-ocupacion-del-recinto-ferial-del-huerto-de-la-rueda\/"},"author":{"name":"Paco S\u00e1nchez","@id":"https:\/\/arealorcaradio.es\/#\/schema\/person\/9fae605fc25b0f2c83c1ab207139bd27"},"headline":"El juzgado da la raz\u00f3n al Ayuntamiento en la denuncia por la ocupaci\u00f3n del Recinto Ferial del Huerto de la Rueda\u00a0","datePublished":"2025-07-23T14:13:54+00:00","mainEntityOfPage":{"@id":"https:\/\/arealorcaradio.es\/index.php\/2025\/07\/23\/el-juzgado-da-la-razon-al-ayuntamiento-en-la-denuncia-por-la-ocupacion-del-recinto-ferial-del-huerto-de-la-rueda\/"},"wordCount":1145,"commentCount":0,"image":{"@id":"https:\/\/arealorcaradio.es\/index.php\/2025\/07\/23\/el-juzgado-da-la-razon-al-ayuntamiento-en-la-denuncia-por-la-ocupacion-del-recinto-ferial-del-huerto-de-la-rueda\/#primaryimage"},"thumbnailUrl":"https:\/\/arealorcaradio.es\/wp-content\/uploads\/2025\/07\/WhatsApp-Image-2025-07-23-at-14.45.43.jpeg","articleSection":["ACTUALIDAD","LORCA"],"inLanguage":"es","potentialAction":[{"@type":"CommentAction","name":"Comment","target":["https:\/\/arealorcaradio.es\/index.php\/2025\/07\/23\/el-juzgado-da-la-razon-al-ayuntamiento-en-la-denuncia-por-la-ocupacion-del-recinto-ferial-del-huerto-de-la-rueda\/#respond"]}]},{"@type":"WebPage","@id":"https:\/\/arealorcaradio.es\/index.php\/2025\/07\/23\/el-juzgado-da-la-razon-al-ayuntamiento-en-la-denuncia-por-la-ocupacion-del-recinto-ferial-del-huerto-de-la-rueda\/","url":"https:\/\/arealorcaradio.es\/index.php\/2025\/07\/23\/el-juzgado-da-la-razon-al-ayuntamiento-en-la-denuncia-por-la-ocupacion-del-recinto-ferial-del-huerto-de-la-rueda\/","name":"El juzgado da la raz\u00f3n al Ayuntamiento en la denuncia por la ocupaci\u00f3n del Recinto Ferial del Huerto de la Rueda\u00a0 - AREA LORCA RADIO","isPartOf":{"@id":"https:\/\/arealorcaradio.es\/#website"},"primaryImageOfPage":{"@id":"https:\/\/arealorcaradio.es\/index.php\/2025\/07\/23\/el-juzgado-da-la-razon-al-ayuntamiento-en-la-denuncia-por-la-ocupacion-del-recinto-ferial-del-huerto-de-la-rueda\/#primaryimage"},"image":{"@id":"https:\/\/arealorcaradio.es\/index.php\/2025\/07\/23\/el-juzgado-da-la-razon-al-ayuntamiento-en-la-denuncia-por-la-ocupacion-del-recinto-ferial-del-huerto-de-la-rueda\/#primaryimage"},"thumbnailUrl":"https:\/\/arealorcaradio.es\/wp-content\/uploads\/2025\/07\/WhatsApp-Image-2025-07-23-at-14.45.43.jpeg","datePublished":"2025-07-23T14:13:54+00:00","author":{"@id":"https:\/\/arealorcaradio.es\/#\/schema\/person\/9fae605fc25b0f2c83c1ab207139bd27"},"breadcrumb":{"@id":"https:\/\/arealorcaradio.es\/index.php\/2025\/07\/23\/el-juzgado-da-la-razon-al-ayuntamiento-en-la-denuncia-por-la-ocupacion-del-recinto-ferial-del-huerto-de-la-rueda\/#breadcrumb"},"inLanguage":"es","potentialAction":[{"@type":"ReadAction","target":["https:\/\/arealorcaradio.es\/index.php\/2025\/07\/23\/el-juzgado-da-la-razon-al-ayuntamiento-en-la-denuncia-por-la-ocupacion-del-recinto-ferial-del-huerto-de-la-rueda\/"]}]},{"@type":"ImageObject","inLanguage":"es","@id":"https:\/\/arealorcaradio.es\/index.php\/2025\/07\/23\/el-juzgado-da-la-razon-al-ayuntamiento-en-la-denuncia-por-la-ocupacion-del-recinto-ferial-del-huerto-de-la-rueda\/#primaryimage","url":"https:\/\/arealorcaradio.es\/wp-content\/uploads\/2025\/07\/WhatsApp-Image-2025-07-23-at-14.45.43.jpeg","contentUrl":"https:\/\/arealorcaradio.es\/wp-content\/uploads\/2025\/07\/WhatsApp-Image-2025-07-23-at-14.45.43.jpeg","width":1600,"height":1066},{"@type":"BreadcrumbList","@id":"https:\/\/arealorcaradio.es\/index.php\/2025\/07\/23\/el-juzgado-da-la-razon-al-ayuntamiento-en-la-denuncia-por-la-ocupacion-del-recinto-ferial-del-huerto-de-la-rueda\/#breadcrumb","itemListElement":[{"@type":"ListItem","position":1,"name":"Portada","item":"https:\/\/arealorcaradio.es\/"},{"@type":"ListItem","position":2,"name":"El juzgado da la raz\u00f3n al Ayuntamiento en la denuncia por la ocupaci\u00f3n del Recinto Ferial del Huerto de la Rueda\u00a0"}]},{"@type":"WebSite","@id":"https:\/\/arealorcaradio.es\/#website","url":"https:\/\/arealorcaradio.es\/","name":"AREA LORCA RADIO","description":"Descubre la programaci\u00f3n actual en \u00c1rea Lorca Radio, tu fuente de entrenamiento y noticias locales. Sintoniza ahora y mantente conectado online.","potentialAction":[{"@type":"SearchAction","target":{"@type":"EntryPoint","urlTemplate":"https:\/\/arealorcaradio.es\/?s={search_term_string}"},"query-input":{"@type":"PropertyValueSpecification","valueRequired":true,"valueName":"search_term_string"}}],"inLanguage":"es"},{"@type":"Person","@id":"https:\/\/arealorcaradio.es\/#\/schema\/person\/9fae605fc25b0f2c83c1ab207139bd27","name":"Paco S\u00e1nchez","image":{"@type":"ImageObject","inLanguage":"es","@id":"https:\/\/secure.gravatar.com\/avatar\/d67144e966420fb74aa84c9f2a0103be4724fd14db52b52d3b6bca749f257e79?s=96&d=mm&r=g","url":"https:\/\/secure.gravatar.com\/avatar\/d67144e966420fb74aa84c9f2a0103be4724fd14db52b52d3b6bca749f257e79?s=96&d=mm&r=g","contentUrl":"https:\/\/secure.gravatar.com\/avatar\/d67144e966420fb74aa84c9f2a0103be4724fd14db52b52d3b6bca749f257e79?s=96&d=mm&r=g","caption":"Paco S\u00e1nchez"},"sameAs":["https:\/\/arealorcaradio.es"],"url":"https:\/\/arealorcaradio.es\/index.php\/author\/admin_alorcaradio\/"}]}},"_links":{"self":[{"href":"https:\/\/arealorcaradio.es\/index.php\/wp-json\/wp\/v2\/posts\/7452","targetHints":{"allow":["GET"]}}],"collection":[{"href":"https:\/\/arealorcaradio.es\/index.php\/wp-json\/wp\/v2\/posts"}],"about":[{"href":"https:\/\/arealorcaradio.es\/index.php\/wp-json\/wp\/v2\/types\/post"}],"author":[{"embeddable":true,"href":"https:\/\/arealorcaradio.es\/index.php\/wp-json\/wp\/v2\/users\/1"}],"replies":[{"embeddable":true,"href":"https:\/\/arealorcaradio.es\/index.php\/wp-json\/wp\/v2\/comments?post=7452"}],"version-history":[{"count":2,"href":"https:\/\/arealorcaradio.es\/index.php\/wp-json\/wp\/v2\/posts\/7452\/revisions"}],"predecessor-version":[{"id":7457,"href":"https:\/\/arealorcaradio.es\/index.php\/wp-json\/wp\/v2\/posts\/7452\/revisions\/7457"}],"wp:featuredmedia":[{"embeddable":true,"href":"https:\/\/arealorcaradio.es\/index.php\/wp-json\/wp\/v2\/media\/7456"}],"wp:attachment":[{"href":"https:\/\/arealorcaradio.es\/index.php\/wp-json\/wp\/v2\/media?parent=7452"}],"wp:term":[{"taxonomy":"category","embeddable":true,"href":"https:\/\/arealorcaradio.es\/index.php\/wp-json\/wp\/v2\/categories?post=7452"},{"taxonomy":"post_tag","embeddable":true,"href":"https:\/\/arealorcaradio.es\/index.php\/wp-json\/wp\/v2\/tags?post=7452"}],"curies":[{"name":"wp","href":"https:\/\/api.w.org\/{rel}","templated":true}]}}