{"id":7445,"date":"2025-07-23T14:06:25","date_gmt":"2025-07-23T14:06:25","guid":{"rendered":"https:\/\/arealorcaradio.es\/?p=7445"},"modified":"2025-07-23T14:06:25","modified_gmt":"2025-07-23T14:06:25","slug":"la-transformacion-del-centro-cultural-alcalde-jose-maria-campoy-camacho-llevara-la-biblioteca-infantil-a-la-primera-planta","status":"publish","type":"post","link":"https:\/\/arealorcaradio.es\/index.php\/2025\/07\/23\/la-transformacion-del-centro-cultural-alcalde-jose-maria-campoy-camacho-llevara-la-biblioteca-infantil-a-la-primera-planta\/","title":{"rendered":"La transformaci\u00f3n del Centro Cultural Alcalde Jos\u00e9 Mar\u00eda Campoy Camacho llevar\u00e1 la biblioteca infantil a la primera planta"},"content":{"rendered":"<p><strong>\u00c1REA LORCA RADIO. Cultura.<\/strong><\/p>\n<p class=\"v1MsoNormal\"><b>Mi\u00e9rcoles, 23 de julio de 2025.\u00a0<\/b>La planta baja del Centro Cultural Alcalde Jos\u00e9 Mar\u00eda Campoy Camacho acoger\u00e1 despu\u00e9s de su transformaci\u00f3n la Biblioteca P\u00fablica Infantil. Las obras de rehabilitaci\u00f3n del inmueble entran en la fase de reconstrucci\u00f3n tras concluir las demoliciones que permitir\u00e1n una mayor apertura al exterior a trav\u00e9s de grandes ventanales con cristaleras. El alcalde, Fulgencio Gil J\u00f3dar, ha visitado este mi\u00e9rcoles el inmueble para supervisar los trabajos que se han desarrollado hasta el momento y que, una vez concluidos, \u00abpermitir\u00e1n que el edificio sea m\u00e1s funcional. Tendr\u00e1 una climatizaci\u00f3n eficiente junto con un sistema de ventilaci\u00f3n forzada mediante recuperador de calor. Y falsos techos de viruta de madera que mejorar\u00e1n la ac\u00fastica del edificio\u00bb.<\/p>\n<p class=\"v1MsoNormal\"><img loading=\"lazy\" decoding=\"async\" class=\"alignnone size-medium wp-image-7446\" src=\"https:\/\/arealorcaradio.es\/wp-content\/uploads\/2025\/07\/foto5-8-300x200.jpeg\" alt=\"\" width=\"300\" height=\"200\" srcset=\"https:\/\/arealorcaradio.es\/wp-content\/uploads\/2025\/07\/foto5-8-300x200.jpeg 300w, https:\/\/arealorcaradio.es\/wp-content\/uploads\/2025\/07\/foto5-8-1024x682.jpeg 1024w, https:\/\/arealorcaradio.es\/wp-content\/uploads\/2025\/07\/foto5-8-768x512.jpeg 768w, https:\/\/arealorcaradio.es\/wp-content\/uploads\/2025\/07\/foto5-8-1536x1023.jpeg 1536w, https:\/\/arealorcaradio.es\/wp-content\/uploads\/2025\/07\/foto5-8.jpeg 1600w\" sizes=\"auto, (max-width: 300px) 100vw, 300px\" \/> <img loading=\"lazy\" decoding=\"async\" class=\"alignnone size-medium wp-image-7447\" src=\"https:\/\/arealorcaradio.es\/wp-content\/uploads\/2025\/07\/foto1-47-300x200.jpeg\" alt=\"\" width=\"300\" height=\"200\" srcset=\"https:\/\/arealorcaradio.es\/wp-content\/uploads\/2025\/07\/foto1-47-300x200.jpeg 300w, https:\/\/arealorcaradio.es\/wp-content\/uploads\/2025\/07\/foto1-47-1024x682.jpeg 1024w, https:\/\/arealorcaradio.es\/wp-content\/uploads\/2025\/07\/foto1-47-768x512.jpeg 768w, https:\/\/arealorcaradio.es\/wp-content\/uploads\/2025\/07\/foto1-47-1536x1023.jpeg 1536w, https:\/\/arealorcaradio.es\/wp-content\/uploads\/2025\/07\/foto1-47.jpeg 1600w\" sizes=\"auto, (max-width: 300px) 100vw, 300px\" \/><\/p>\n<p class=\"v1MsoNormal\">\u00a0\u00a0\u00a0\u00a0\u00a0\u00a0\u00a0\u00a0\u00a0\u00a0\u00a0 Las obras, como ha recordado, se iniciaron el pasado 11 de marzo y tienen un plazo de ejecuci\u00f3n de 11 meses, por lo que se espera que est\u00e9n concluidas a mediados de febrero. \u00abEs un edificio en el que se han llevado a cabo actuaciones puntuales, por lo que precisaba de una remodelaci\u00f3n integral que no s\u00f3lo lo actualizase, sino que eliminara las deficiencias que presentaba. Se ha ejecutado la fase de demoliciones que ha abarcado no s\u00f3lo a la cubierta, sino tambi\u00e9n a la tabiquer\u00eda interior, el solado y fachadas\u00bb.<\/p>\n<p class=\"v1MsoNormal\"><img loading=\"lazy\" decoding=\"async\" class=\"alignnone size-medium wp-image-7448\" src=\"https:\/\/arealorcaradio.es\/wp-content\/uploads\/2025\/07\/foto6-6-300x200.jpeg\" alt=\"\" width=\"300\" height=\"200\" srcset=\"https:\/\/arealorcaradio.es\/wp-content\/uploads\/2025\/07\/foto6-6-300x200.jpeg 300w, https:\/\/arealorcaradio.es\/wp-content\/uploads\/2025\/07\/foto6-6-1024x682.jpeg 1024w, https:\/\/arealorcaradio.es\/wp-content\/uploads\/2025\/07\/foto6-6-768x512.jpeg 768w, https:\/\/arealorcaradio.es\/wp-content\/uploads\/2025\/07\/foto6-6-1536x1023.jpeg 1536w, https:\/\/arealorcaradio.es\/wp-content\/uploads\/2025\/07\/foto6-6.jpeg 1600w\" sizes=\"auto, (max-width: 300px) 100vw, 300px\" \/><\/p>\n<p class=\"v1MsoNormal\">\u00a0\u00a0\u00a0\u00a0\u00a0\u00a0\u00a0\u00a0\u00a0\u00a0\u00a0 La nueva fase abarcar\u00e1 la reconstrucci\u00f3n del edificio que lleva consigo el traslado de algunas dependencias como la Biblioteca P\u00fablica Municipal que se ubicar\u00e1 en la planta baja. \u00abEra una reivindicaci\u00f3n largamente reclamada por los usuarios. La biblioteca infantil estaba situada en la tercera planta, por lo que los padres que acud\u00edan con hijos peque\u00f1os en carrito ten\u00edan que hacer uso del ascensor. Pero tambi\u00e9n, se hac\u00edan complicadas las visitas de ni\u00f1os de Infantil y los primeros cursos de Educaci\u00f3n Primaria que ten\u00edan que acceder por las escaleras. El traslado de la tercera planta a la baja suprimir\u00e1 esas &#8216;barreras arquitect\u00f3nicas&#8217; y dotar\u00e1 de mayor funcionalidad a todo el edificio\u00bb, ha explicado el alcalde.<\/p>\n<p class=\"v1MsoNormal\">\u00a0\u00a0\u00a0\u00a0\u00a0\u00a0\u00a0\u00a0\u00a0\u00a0\u00a0 La cubierta del edificio se ha demolido y se colocar\u00e1 una nueva que garantizar\u00e1 la impermeabilidad y aumente el aislamiento. \u00abSe han demolido todos los falsos techos y desmontado todas las instalaciones, ya que se van a renovar por completo. Y en la planta de cubierta va proyectada una instalaci\u00f3n de paneles fotovoltaicos, para reducir el consumo energ\u00e9tico del edificio. Se ha desmontado toda la carpinter\u00eda exterior e interior, que se renovar\u00e1 en su totalidad. La carpinter\u00eda exterior va proyectada con aluminio con rotura de puente t\u00e9rmico y acristalamiento triple para garantizar un buen aislamiento t\u00e9rmico y ac\u00fastico\u00bb, ha a\u00f1adido.<\/p>\n<p class=\"v1MsoNormal\">\u00a0\u00a0\u00a0\u00a0\u00a0\u00a0\u00a0\u00a0\u00a0\u00a0\u00a0 El solado se sustituir\u00e1 por una solera de hormig\u00f3n pulido in situ. Y la fachada contar\u00e1 con nuevos huecos para posibilitar una mayor entrada de luz desde el exterior. \u00abSe ha demolido gran parte de la fachada para adaptarla a los nuevos huecos proyectados, sobre todo, la lateral. El acabado final ser\u00e1 con mortero de cal y en la zona del n\u00facleo de escaleras, mediante piedra natural tipo albamiel\u00bb, ha indicado.<\/p>\n<p class=\"v1MsoNormal\">\u00a0\u00a0\u00a0\u00a0\u00a0\u00a0\u00a0\u00a0\u00a0\u00a0\u00a0 La sala de exposiciones compartir\u00e1 espacio con otra de ensayo en la planta s\u00f3tano. En la primera estar\u00e1 el sal\u00f3n de actos que contar\u00e1 con en torno a 170 nuevas butacas. \u00abY las plantas segunda y tercera se destinar\u00e1n a las distintas concejal\u00edas. El ascensor tambi\u00e9n se renovar\u00e1 incorporando uno con capacidad para diez personas. Las obras permitir\u00e1n dotar de una luminosidad las plantas destinadas a las concejal\u00edas que permanec\u00edan hasta el momento pr\u00e1cticamente cerradas al exterior. Y conservar\u00e1 el dise\u00f1o de cubo que manten\u00eda desde sus or\u00edgenes, aunque con nuevas aperturas\u00bb, ha rese\u00f1ado Gil J\u00f3dar.<\/p>\n<p class=\"v1MsoNormal\">\u00a0\u00a0\u00a0\u00a0\u00a0\u00a0\u00a0\u00a0\u00a0\u00a0\u00a0 El presupuesto de las obras de rehabilitaci\u00f3n del Centro Cultural Alcalde Jos\u00e9 Mar\u00eda Campoy Camacho es de casi 1,9 millones de euros. El alcalde ha insistido en que las obras van a buen ritmo. \u00abLa parte de obra m\u00e1s dura, las demoliciones, han concluido, por lo que ahora se trabaja ya en la reconstrucci\u00f3n. El edificio est\u00e1 casi vac\u00edo, ya que se ha demolido tambi\u00e9n toda la tabiquer\u00eda interior con el fin de llevar crear los nuevos espacios que lo ocuparan. Va a ser, sobre todo, funcional. Su situaci\u00f3n privilegiada lo convierte en una infraestructura polivalente en la que se podr\u00e1n llevar a cabo todo tipo de exposiciones y acontecimientos con un aforo cercano a las 200 personas\u00bb, ha concluido.<\/p>\n","protected":false},"excerpt":{"rendered":"<p>\u00c1REA LORCA RADIO. Cultura. Mi\u00e9rcoles, 23 de julio de 2025.\u00a0La planta baja del Centro Cultural Alcalde Jos\u00e9 Mar\u00eda Campoy Camacho acoger\u00e1 despu\u00e9s de su transformaci\u00f3n la Biblioteca P\u00fablica Infantil. Las obras de rehabilitaci\u00f3n del inmueble entran en la fase de reconstrucci\u00f3n tras concluir las demoliciones que permitir\u00e1n una mayor apertura al exterior a trav\u00e9s de [&hellip;]<\/p>\n","protected":false},"author":1,"featured_media":7449,"comment_status":"open","ping_status":"open","sticky":false,"template":"","format":"standard","meta":{"iawp_total_views":6,"footnotes":""},"categories":[5,7],"tags":[],"class_list":["post-7445","post","type-post","status-publish","format-standard","has-post-thumbnail","hentry","category-actualidad","category-lorca"],"yoast_head":"<!-- This site is optimized with the Yoast SEO plugin v27.5 - https:\/\/yoast.com\/product\/yoast-seo-wordpress\/ -->\n<title>La transformaci\u00f3n del Centro Cultural Alcalde Jos\u00e9 Mar\u00eda Campoy Camacho llevar\u00e1 la biblioteca infantil a la primera planta - AREA LORCA RADIO<\/title>\n<meta name=\"robots\" content=\"index, follow, max-snippet:-1, max-image-preview:large, max-video-preview:-1\" \/>\n<link rel=\"canonical\" href=\"https:\/\/arealorcaradio.es\/index.php\/2025\/07\/23\/la-transformacion-del-centro-cultural-alcalde-jose-maria-campoy-camacho-llevara-la-biblioteca-infantil-a-la-primera-planta\/\" \/>\n<meta property=\"og:locale\" content=\"es_ES\" \/>\n<meta property=\"og:type\" content=\"article\" \/>\n<meta property=\"og:title\" content=\"La transformaci\u00f3n del Centro Cultural Alcalde Jos\u00e9 Mar\u00eda Campoy Camacho llevar\u00e1 la biblioteca infantil a la primera planta - AREA LORCA RADIO\" \/>\n<meta property=\"og:description\" content=\"\u00c1REA LORCA RADIO. Cultura. Mi\u00e9rcoles, 23 de julio de 2025.\u00a0La planta baja del Centro Cultural Alcalde Jos\u00e9 Mar\u00eda Campoy Camacho acoger\u00e1 despu\u00e9s de su transformaci\u00f3n la Biblioteca P\u00fablica Infantil. Las obras de rehabilitaci\u00f3n del inmueble entran en la fase de reconstrucci\u00f3n tras concluir las demoliciones que permitir\u00e1n una mayor apertura al exterior a trav\u00e9s de [&hellip;]\" \/>\n<meta property=\"og:url\" content=\"https:\/\/arealorcaradio.es\/index.php\/2025\/07\/23\/la-transformacion-del-centro-cultural-alcalde-jose-maria-campoy-camacho-llevara-la-biblioteca-infantil-a-la-primera-planta\/\" \/>\n<meta property=\"og:site_name\" content=\"AREA LORCA RADIO\" \/>\n<meta property=\"article:published_time\" content=\"2025-07-23T14:06:25+00:00\" \/>\n<meta property=\"og:image\" content=\"https:\/\/arealorcaradio.es\/wp-content\/uploads\/2025\/07\/foto2-30.jpeg\" \/>\n\t<meta property=\"og:image:width\" content=\"1600\" \/>\n\t<meta property=\"og:image:height\" content=\"1066\" \/>\n\t<meta property=\"og:image:type\" content=\"image\/jpeg\" \/>\n<meta name=\"author\" content=\"Paco S\u00e1nchez\" \/>\n<meta name=\"twitter:card\" content=\"summary_large_image\" \/>\n<meta name=\"twitter:label1\" content=\"Escrito por\" \/>\n\t<meta name=\"twitter:data1\" content=\"Paco S\u00e1nchez\" \/>\n\t<meta name=\"twitter:label2\" content=\"Tiempo de lectura\" \/>\n\t<meta name=\"twitter:data2\" content=\"5 minutos\" \/>\n<script type=\"application\/ld+json\" class=\"yoast-schema-graph\">{\"@context\":\"https:\\\/\\\/schema.org\",\"@graph\":[{\"@type\":\"Article\",\"@id\":\"https:\\\/\\\/arealorcaradio.es\\\/index.php\\\/2025\\\/07\\\/23\\\/la-transformacion-del-centro-cultural-alcalde-jose-maria-campoy-camacho-llevara-la-biblioteca-infantil-a-la-primera-planta\\\/#article\",\"isPartOf\":{\"@id\":\"https:\\\/\\\/arealorcaradio.es\\\/index.php\\\/2025\\\/07\\\/23\\\/la-transformacion-del-centro-cultural-alcalde-jose-maria-campoy-camacho-llevara-la-biblioteca-infantil-a-la-primera-planta\\\/\"},\"author\":{\"name\":\"Paco S\u00e1nchez\",\"@id\":\"https:\\\/\\\/arealorcaradio.es\\\/#\\\/schema\\\/person\\\/9fae605fc25b0f2c83c1ab207139bd27\"},\"headline\":\"La transformaci\u00f3n del Centro Cultural Alcalde Jos\u00e9 Mar\u00eda Campoy Camacho llevar\u00e1 la biblioteca infantil a la primera planta\",\"datePublished\":\"2025-07-23T14:06:25+00:00\",\"mainEntityOfPage\":{\"@id\":\"https:\\\/\\\/arealorcaradio.es\\\/index.php\\\/2025\\\/07\\\/23\\\/la-transformacion-del-centro-cultural-alcalde-jose-maria-campoy-camacho-llevara-la-biblioteca-infantil-a-la-primera-planta\\\/\"},\"wordCount\":796,\"commentCount\":0,\"image\":{\"@id\":\"https:\\\/\\\/arealorcaradio.es\\\/index.php\\\/2025\\\/07\\\/23\\\/la-transformacion-del-centro-cultural-alcalde-jose-maria-campoy-camacho-llevara-la-biblioteca-infantil-a-la-primera-planta\\\/#primaryimage\"},\"thumbnailUrl\":\"https:\\\/\\\/arealorcaradio.es\\\/wp-content\\\/uploads\\\/2025\\\/07\\\/foto2-30.jpeg\",\"articleSection\":[\"ACTUALIDAD\",\"LORCA\"],\"inLanguage\":\"es\",\"potentialAction\":[{\"@type\":\"CommentAction\",\"name\":\"Comment\",\"target\":[\"https:\\\/\\\/arealorcaradio.es\\\/index.php\\\/2025\\\/07\\\/23\\\/la-transformacion-del-centro-cultural-alcalde-jose-maria-campoy-camacho-llevara-la-biblioteca-infantil-a-la-primera-planta\\\/#respond\"]}]},{\"@type\":\"WebPage\",\"@id\":\"https:\\\/\\\/arealorcaradio.es\\\/index.php\\\/2025\\\/07\\\/23\\\/la-transformacion-del-centro-cultural-alcalde-jose-maria-campoy-camacho-llevara-la-biblioteca-infantil-a-la-primera-planta\\\/\",\"url\":\"https:\\\/\\\/arealorcaradio.es\\\/index.php\\\/2025\\\/07\\\/23\\\/la-transformacion-del-centro-cultural-alcalde-jose-maria-campoy-camacho-llevara-la-biblioteca-infantil-a-la-primera-planta\\\/\",\"name\":\"La transformaci\u00f3n del Centro Cultural Alcalde Jos\u00e9 Mar\u00eda Campoy Camacho llevar\u00e1 la biblioteca infantil a la primera planta - AREA LORCA RADIO\",\"isPartOf\":{\"@id\":\"https:\\\/\\\/arealorcaradio.es\\\/#website\"},\"primaryImageOfPage\":{\"@id\":\"https:\\\/\\\/arealorcaradio.es\\\/index.php\\\/2025\\\/07\\\/23\\\/la-transformacion-del-centro-cultural-alcalde-jose-maria-campoy-camacho-llevara-la-biblioteca-infantil-a-la-primera-planta\\\/#primaryimage\"},\"image\":{\"@id\":\"https:\\\/\\\/arealorcaradio.es\\\/index.php\\\/2025\\\/07\\\/23\\\/la-transformacion-del-centro-cultural-alcalde-jose-maria-campoy-camacho-llevara-la-biblioteca-infantil-a-la-primera-planta\\\/#primaryimage\"},\"thumbnailUrl\":\"https:\\\/\\\/arealorcaradio.es\\\/wp-content\\\/uploads\\\/2025\\\/07\\\/foto2-30.jpeg\",\"datePublished\":\"2025-07-23T14:06:25+00:00\",\"author\":{\"@id\":\"https:\\\/\\\/arealorcaradio.es\\\/#\\\/schema\\\/person\\\/9fae605fc25b0f2c83c1ab207139bd27\"},\"breadcrumb\":{\"@id\":\"https:\\\/\\\/arealorcaradio.es\\\/index.php\\\/2025\\\/07\\\/23\\\/la-transformacion-del-centro-cultural-alcalde-jose-maria-campoy-camacho-llevara-la-biblioteca-infantil-a-la-primera-planta\\\/#breadcrumb\"},\"inLanguage\":\"es\",\"potentialAction\":[{\"@type\":\"ReadAction\",\"target\":[\"https:\\\/\\\/arealorcaradio.es\\\/index.php\\\/2025\\\/07\\\/23\\\/la-transformacion-del-centro-cultural-alcalde-jose-maria-campoy-camacho-llevara-la-biblioteca-infantil-a-la-primera-planta\\\/\"]}]},{\"@type\":\"ImageObject\",\"inLanguage\":\"es\",\"@id\":\"https:\\\/\\\/arealorcaradio.es\\\/index.php\\\/2025\\\/07\\\/23\\\/la-transformacion-del-centro-cultural-alcalde-jose-maria-campoy-camacho-llevara-la-biblioteca-infantil-a-la-primera-planta\\\/#primaryimage\",\"url\":\"https:\\\/\\\/arealorcaradio.es\\\/wp-content\\\/uploads\\\/2025\\\/07\\\/foto2-30.jpeg\",\"contentUrl\":\"https:\\\/\\\/arealorcaradio.es\\\/wp-content\\\/uploads\\\/2025\\\/07\\\/foto2-30.jpeg\",\"width\":1600,\"height\":1066},{\"@type\":\"BreadcrumbList\",\"@id\":\"https:\\\/\\\/arealorcaradio.es\\\/index.php\\\/2025\\\/07\\\/23\\\/la-transformacion-del-centro-cultural-alcalde-jose-maria-campoy-camacho-llevara-la-biblioteca-infantil-a-la-primera-planta\\\/#breadcrumb\",\"itemListElement\":[{\"@type\":\"ListItem\",\"position\":1,\"name\":\"Portada\",\"item\":\"https:\\\/\\\/arealorcaradio.es\\\/\"},{\"@type\":\"ListItem\",\"position\":2,\"name\":\"La transformaci\u00f3n del Centro Cultural Alcalde Jos\u00e9 Mar\u00eda Campoy Camacho llevar\u00e1 la biblioteca infantil a la primera planta\"}]},{\"@type\":\"WebSite\",\"@id\":\"https:\\\/\\\/arealorcaradio.es\\\/#website\",\"url\":\"https:\\\/\\\/arealorcaradio.es\\\/\",\"name\":\"AREA LORCA RADIO\",\"description\":\"Descubre la programaci\u00f3n actual en \u00c1rea Lorca Radio, tu fuente de entrenamiento y noticias locales. Sintoniza ahora y mantente conectado online.\",\"potentialAction\":[{\"@type\":\"SearchAction\",\"target\":{\"@type\":\"EntryPoint\",\"urlTemplate\":\"https:\\\/\\\/arealorcaradio.es\\\/?s={search_term_string}\"},\"query-input\":{\"@type\":\"PropertyValueSpecification\",\"valueRequired\":true,\"valueName\":\"search_term_string\"}}],\"inLanguage\":\"es\"},{\"@type\":\"Person\",\"@id\":\"https:\\\/\\\/arealorcaradio.es\\\/#\\\/schema\\\/person\\\/9fae605fc25b0f2c83c1ab207139bd27\",\"name\":\"Paco S\u00e1nchez\",\"image\":{\"@type\":\"ImageObject\",\"inLanguage\":\"es\",\"@id\":\"https:\\\/\\\/secure.gravatar.com\\\/avatar\\\/d67144e966420fb74aa84c9f2a0103be4724fd14db52b52d3b6bca749f257e79?s=96&d=mm&r=g\",\"url\":\"https:\\\/\\\/secure.gravatar.com\\\/avatar\\\/d67144e966420fb74aa84c9f2a0103be4724fd14db52b52d3b6bca749f257e79?s=96&d=mm&r=g\",\"contentUrl\":\"https:\\\/\\\/secure.gravatar.com\\\/avatar\\\/d67144e966420fb74aa84c9f2a0103be4724fd14db52b52d3b6bca749f257e79?s=96&d=mm&r=g\",\"caption\":\"Paco S\u00e1nchez\"},\"sameAs\":[\"https:\\\/\\\/arealorcaradio.es\"],\"url\":\"https:\\\/\\\/arealorcaradio.es\\\/index.php\\\/author\\\/admin_alorcaradio\\\/\"}]}<\/script>\n<!-- \/ Yoast SEO plugin. -->","yoast_head_json":{"title":"La transformaci\u00f3n del Centro Cultural Alcalde Jos\u00e9 Mar\u00eda Campoy Camacho llevar\u00e1 la biblioteca infantil a la primera planta - AREA LORCA RADIO","robots":{"index":"index","follow":"follow","max-snippet":"max-snippet:-1","max-image-preview":"max-image-preview:large","max-video-preview":"max-video-preview:-1"},"canonical":"https:\/\/arealorcaradio.es\/index.php\/2025\/07\/23\/la-transformacion-del-centro-cultural-alcalde-jose-maria-campoy-camacho-llevara-la-biblioteca-infantil-a-la-primera-planta\/","og_locale":"es_ES","og_type":"article","og_title":"La transformaci\u00f3n del Centro Cultural Alcalde Jos\u00e9 Mar\u00eda Campoy Camacho llevar\u00e1 la biblioteca infantil a la primera planta - AREA LORCA RADIO","og_description":"\u00c1REA LORCA RADIO. Cultura. Mi\u00e9rcoles, 23 de julio de 2025.\u00a0La planta baja del Centro Cultural Alcalde Jos\u00e9 Mar\u00eda Campoy Camacho acoger\u00e1 despu\u00e9s de su transformaci\u00f3n la Biblioteca P\u00fablica Infantil. Las obras de rehabilitaci\u00f3n del inmueble entran en la fase de reconstrucci\u00f3n tras concluir las demoliciones que permitir\u00e1n una mayor apertura al exterior a trav\u00e9s de [&hellip;]","og_url":"https:\/\/arealorcaradio.es\/index.php\/2025\/07\/23\/la-transformacion-del-centro-cultural-alcalde-jose-maria-campoy-camacho-llevara-la-biblioteca-infantil-a-la-primera-planta\/","og_site_name":"AREA LORCA RADIO","article_published_time":"2025-07-23T14:06:25+00:00","og_image":[{"width":1600,"height":1066,"url":"https:\/\/arealorcaradio.es\/wp-content\/uploads\/2025\/07\/foto2-30.jpeg","type":"image\/jpeg"}],"author":"Paco S\u00e1nchez","twitter_card":"summary_large_image","twitter_misc":{"Escrito por":"Paco S\u00e1nchez","Tiempo de lectura":"5 minutos"},"schema":{"@context":"https:\/\/schema.org","@graph":[{"@type":"Article","@id":"https:\/\/arealorcaradio.es\/index.php\/2025\/07\/23\/la-transformacion-del-centro-cultural-alcalde-jose-maria-campoy-camacho-llevara-la-biblioteca-infantil-a-la-primera-planta\/#article","isPartOf":{"@id":"https:\/\/arealorcaradio.es\/index.php\/2025\/07\/23\/la-transformacion-del-centro-cultural-alcalde-jose-maria-campoy-camacho-llevara-la-biblioteca-infantil-a-la-primera-planta\/"},"author":{"name":"Paco S\u00e1nchez","@id":"https:\/\/arealorcaradio.es\/#\/schema\/person\/9fae605fc25b0f2c83c1ab207139bd27"},"headline":"La transformaci\u00f3n del Centro Cultural Alcalde Jos\u00e9 Mar\u00eda Campoy Camacho llevar\u00e1 la biblioteca infantil a la primera planta","datePublished":"2025-07-23T14:06:25+00:00","mainEntityOfPage":{"@id":"https:\/\/arealorcaradio.es\/index.php\/2025\/07\/23\/la-transformacion-del-centro-cultural-alcalde-jose-maria-campoy-camacho-llevara-la-biblioteca-infantil-a-la-primera-planta\/"},"wordCount":796,"commentCount":0,"image":{"@id":"https:\/\/arealorcaradio.es\/index.php\/2025\/07\/23\/la-transformacion-del-centro-cultural-alcalde-jose-maria-campoy-camacho-llevara-la-biblioteca-infantil-a-la-primera-planta\/#primaryimage"},"thumbnailUrl":"https:\/\/arealorcaradio.es\/wp-content\/uploads\/2025\/07\/foto2-30.jpeg","articleSection":["ACTUALIDAD","LORCA"],"inLanguage":"es","potentialAction":[{"@type":"CommentAction","name":"Comment","target":["https:\/\/arealorcaradio.es\/index.php\/2025\/07\/23\/la-transformacion-del-centro-cultural-alcalde-jose-maria-campoy-camacho-llevara-la-biblioteca-infantil-a-la-primera-planta\/#respond"]}]},{"@type":"WebPage","@id":"https:\/\/arealorcaradio.es\/index.php\/2025\/07\/23\/la-transformacion-del-centro-cultural-alcalde-jose-maria-campoy-camacho-llevara-la-biblioteca-infantil-a-la-primera-planta\/","url":"https:\/\/arealorcaradio.es\/index.php\/2025\/07\/23\/la-transformacion-del-centro-cultural-alcalde-jose-maria-campoy-camacho-llevara-la-biblioteca-infantil-a-la-primera-planta\/","name":"La transformaci\u00f3n del Centro Cultural Alcalde Jos\u00e9 Mar\u00eda Campoy Camacho llevar\u00e1 la biblioteca infantil a la primera planta - AREA LORCA RADIO","isPartOf":{"@id":"https:\/\/arealorcaradio.es\/#website"},"primaryImageOfPage":{"@id":"https:\/\/arealorcaradio.es\/index.php\/2025\/07\/23\/la-transformacion-del-centro-cultural-alcalde-jose-maria-campoy-camacho-llevara-la-biblioteca-infantil-a-la-primera-planta\/#primaryimage"},"image":{"@id":"https:\/\/arealorcaradio.es\/index.php\/2025\/07\/23\/la-transformacion-del-centro-cultural-alcalde-jose-maria-campoy-camacho-llevara-la-biblioteca-infantil-a-la-primera-planta\/#primaryimage"},"thumbnailUrl":"https:\/\/arealorcaradio.es\/wp-content\/uploads\/2025\/07\/foto2-30.jpeg","datePublished":"2025-07-23T14:06:25+00:00","author":{"@id":"https:\/\/arealorcaradio.es\/#\/schema\/person\/9fae605fc25b0f2c83c1ab207139bd27"},"breadcrumb":{"@id":"https:\/\/arealorcaradio.es\/index.php\/2025\/07\/23\/la-transformacion-del-centro-cultural-alcalde-jose-maria-campoy-camacho-llevara-la-biblioteca-infantil-a-la-primera-planta\/#breadcrumb"},"inLanguage":"es","potentialAction":[{"@type":"ReadAction","target":["https:\/\/arealorcaradio.es\/index.php\/2025\/07\/23\/la-transformacion-del-centro-cultural-alcalde-jose-maria-campoy-camacho-llevara-la-biblioteca-infantil-a-la-primera-planta\/"]}]},{"@type":"ImageObject","inLanguage":"es","@id":"https:\/\/arealorcaradio.es\/index.php\/2025\/07\/23\/la-transformacion-del-centro-cultural-alcalde-jose-maria-campoy-camacho-llevara-la-biblioteca-infantil-a-la-primera-planta\/#primaryimage","url":"https:\/\/arealorcaradio.es\/wp-content\/uploads\/2025\/07\/foto2-30.jpeg","contentUrl":"https:\/\/arealorcaradio.es\/wp-content\/uploads\/2025\/07\/foto2-30.jpeg","width":1600,"height":1066},{"@type":"BreadcrumbList","@id":"https:\/\/arealorcaradio.es\/index.php\/2025\/07\/23\/la-transformacion-del-centro-cultural-alcalde-jose-maria-campoy-camacho-llevara-la-biblioteca-infantil-a-la-primera-planta\/#breadcrumb","itemListElement":[{"@type":"ListItem","position":1,"name":"Portada","item":"https:\/\/arealorcaradio.es\/"},{"@type":"ListItem","position":2,"name":"La transformaci\u00f3n del Centro Cultural Alcalde Jos\u00e9 Mar\u00eda Campoy Camacho llevar\u00e1 la biblioteca infantil a la primera planta"}]},{"@type":"WebSite","@id":"https:\/\/arealorcaradio.es\/#website","url":"https:\/\/arealorcaradio.es\/","name":"AREA LORCA RADIO","description":"Descubre la programaci\u00f3n actual en \u00c1rea Lorca Radio, tu fuente de entrenamiento y noticias locales. Sintoniza ahora y mantente conectado online.","potentialAction":[{"@type":"SearchAction","target":{"@type":"EntryPoint","urlTemplate":"https:\/\/arealorcaradio.es\/?s={search_term_string}"},"query-input":{"@type":"PropertyValueSpecification","valueRequired":true,"valueName":"search_term_string"}}],"inLanguage":"es"},{"@type":"Person","@id":"https:\/\/arealorcaradio.es\/#\/schema\/person\/9fae605fc25b0f2c83c1ab207139bd27","name":"Paco S\u00e1nchez","image":{"@type":"ImageObject","inLanguage":"es","@id":"https:\/\/secure.gravatar.com\/avatar\/d67144e966420fb74aa84c9f2a0103be4724fd14db52b52d3b6bca749f257e79?s=96&d=mm&r=g","url":"https:\/\/secure.gravatar.com\/avatar\/d67144e966420fb74aa84c9f2a0103be4724fd14db52b52d3b6bca749f257e79?s=96&d=mm&r=g","contentUrl":"https:\/\/secure.gravatar.com\/avatar\/d67144e966420fb74aa84c9f2a0103be4724fd14db52b52d3b6bca749f257e79?s=96&d=mm&r=g","caption":"Paco S\u00e1nchez"},"sameAs":["https:\/\/arealorcaradio.es"],"url":"https:\/\/arealorcaradio.es\/index.php\/author\/admin_alorcaradio\/"}]}},"_links":{"self":[{"href":"https:\/\/arealorcaradio.es\/index.php\/wp-json\/wp\/v2\/posts\/7445","targetHints":{"allow":["GET"]}}],"collection":[{"href":"https:\/\/arealorcaradio.es\/index.php\/wp-json\/wp\/v2\/posts"}],"about":[{"href":"https:\/\/arealorcaradio.es\/index.php\/wp-json\/wp\/v2\/types\/post"}],"author":[{"embeddable":true,"href":"https:\/\/arealorcaradio.es\/index.php\/wp-json\/wp\/v2\/users\/1"}],"replies":[{"embeddable":true,"href":"https:\/\/arealorcaradio.es\/index.php\/wp-json\/wp\/v2\/comments?post=7445"}],"version-history":[{"count":1,"href":"https:\/\/arealorcaradio.es\/index.php\/wp-json\/wp\/v2\/posts\/7445\/revisions"}],"predecessor-version":[{"id":7450,"href":"https:\/\/arealorcaradio.es\/index.php\/wp-json\/wp\/v2\/posts\/7445\/revisions\/7450"}],"wp:featuredmedia":[{"embeddable":true,"href":"https:\/\/arealorcaradio.es\/index.php\/wp-json\/wp\/v2\/media\/7449"}],"wp:attachment":[{"href":"https:\/\/arealorcaradio.es\/index.php\/wp-json\/wp\/v2\/media?parent=7445"}],"wp:term":[{"taxonomy":"category","embeddable":true,"href":"https:\/\/arealorcaradio.es\/index.php\/wp-json\/wp\/v2\/categories?post=7445"},{"taxonomy":"post_tag","embeddable":true,"href":"https:\/\/arealorcaradio.es\/index.php\/wp-json\/wp\/v2\/tags?post=7445"}],"curies":[{"name":"wp","href":"https:\/\/api.w.org\/{rel}","templated":true}]}}