{"id":7439,"date":"2025-07-22T10:53:53","date_gmt":"2025-07-22T10:53:53","guid":{"rendered":"https:\/\/arealorcaradio.es\/?p=7439"},"modified":"2025-07-22T10:53:53","modified_gmt":"2025-07-22T10:53:53","slug":"el-gobierno-de-lorca-respalda-las-reivindicaciones-de-los-vecinos-de-tercia-ante-las-deficiencias-en-las-obras-del-ave-y-trasladara-las-peticiones-al-presidente-de-adif","status":"publish","type":"post","link":"https:\/\/arealorcaradio.es\/index.php\/2025\/07\/22\/el-gobierno-de-lorca-respalda-las-reivindicaciones-de-los-vecinos-de-tercia-ante-las-deficiencias-en-las-obras-del-ave-y-trasladara-las-peticiones-al-presidente-de-adif\/","title":{"rendered":"El Gobierno de Lorca respalda las reivindicaciones de los vecinos de Tercia ante las deficiencias en las obras del AVE y trasladar\u00e1 las peticiones al presidente de ADIF"},"content":{"rendered":"<p><strong>\u00c1REA LORCA RADIO.<\/strong>\u00a0<strong>Infraestructuras<\/strong><\/p>\n<p class=\"v1MsoNormal\"><b>22 de julio de 2025.<\/b>\u00a0El concejal de Infraestructuras del Ayuntamiento de Lorca, \u00c1ngel Meca, ha informado este martes que esta semana se ha celebrado una reuni\u00f3n informativa con representantes de la Asociaci\u00f3n de Vecinos de Tercia, a petici\u00f3n de esta entidad, para trasladar su preocupaci\u00f3n por el estado actual de las obras del AVE a su paso por la pedan\u00eda.<\/p>\n<p class=\"v1MsoNormal\"><img loading=\"lazy\" decoding=\"async\" class=\"alignnone size-medium wp-image-7442\" src=\"https:\/\/arealorcaradio.es\/wp-content\/uploads\/2025\/07\/WhatsApp-Image-2025-07-22-at-12.40.49-300x225.jpeg\" alt=\"\" width=\"300\" height=\"225\" srcset=\"https:\/\/arealorcaradio.es\/wp-content\/uploads\/2025\/07\/WhatsApp-Image-2025-07-22-at-12.40.49-300x225.jpeg 300w, https:\/\/arealorcaradio.es\/wp-content\/uploads\/2025\/07\/WhatsApp-Image-2025-07-22-at-12.40.49-1024x768.jpeg 1024w, https:\/\/arealorcaradio.es\/wp-content\/uploads\/2025\/07\/WhatsApp-Image-2025-07-22-at-12.40.49-768x576.jpeg 768w, https:\/\/arealorcaradio.es\/wp-content\/uploads\/2025\/07\/WhatsApp-Image-2025-07-22-at-12.40.49-1536x1152.jpeg 1536w, https:\/\/arealorcaradio.es\/wp-content\/uploads\/2025\/07\/WhatsApp-Image-2025-07-22-at-12.40.49-86x64.jpeg 86w, https:\/\/arealorcaradio.es\/wp-content\/uploads\/2025\/07\/WhatsApp-Image-2025-07-22-at-12.40.49.jpeg 1600w\" sizes=\"auto, (max-width: 300px) 100vw, 300px\" \/><\/p>\n<p class=\"v1MsoNormal\">\u00c1ngel Meca ha subrayado que \u00abnos hemos reunido con los vecinos, hemos escuchado sus quejas y recogido sus planteamientos, que consideramos reivindicaciones absolutamente justas y necesarias. Nuestra labor es defender los intereses de los lorquinos, y por eso todas estas peticiones ser\u00e1n trasladadas por el alcalde de Lorca, Fulgencio Gil, en la reuni\u00f3n que mantendr\u00e1 este jueves en Madrid con el presidente de ADIF\u00bb.<\/p>\n<p class=\"v1MsoNormal\">El concejal de Infraestructuras ha afirmado que \u00abno vamos a permitir que los vecinos de Tercia sigan siendo los grandes perjudicados por unas obras que, despu\u00e9s de m\u00e1s de cinco a\u00f1os, a\u00fan siguen generando serios problemas de convivencia, movilidad y seguridad. Se trata de buscar, llegando a un consenso, soluciones concretas a todos los problemas que d\u00eda a d\u00eda est\u00e1n sufriendo los vecinos de esta zona\u00bb.<\/p>\n<p class=\"v1MsoNormal\">Meca Ruzafa ha se\u00f1alado que los vecinos han manifestado su inquietud por el uso continuado de caminos colindantes por parte de maquinaria pesada sin que se hayan realizado actuaciones de mantenimiento, lo que ha provocado el deterioro grave de estas v\u00edas, con baches, nubes de polvo por el paso constante de veh\u00edculos pesados y un riesgo evidente de accidentes por la existencia de pasos inacabados o deficientemente se\u00f1alizados. Adem\u00e1s, denuncian deficiencias notables en los acabados de las obras, como la inexistencia o mala canalizaci\u00f3n de pluviales, la falta de pasos peatonales adecuados que se encuentran sin iluminaci\u00f3n ni conexi\u00f3n con la v\u00eda p\u00fablica.<\/p>\n<p class=\"v1MsoNormal\">Y ha a\u00f1adido que \u00abtambi\u00e9n es importante destacar la gravedad que tiene la eliminaci\u00f3n del paso superior en el camino de Churra, junto a la estaci\u00f3n de San Diego, sin que se haya ejecutado el correspondiente paso inferior. Una situaci\u00f3n que est\u00e1 provocando un grave problema de tr\u00e1fico en una de las zonas con mayor crecimiento urban\u00edstico de Lorca\u00bb.<\/p>\n<p class=\"v1MsoNormal\">Meca ha manifestado que \u00abtras m\u00e1s de cinco a\u00f1os de obras, es comprensible que los vecinos sigan reclamando actuaciones inmediatas y que reparen los da\u00f1os causados por el desarrollo del proyecto. Pedimos a ADIF que escuche y atienda estas demandas de los vecinos de Tercia, que tienen como \u00fanico objetivo mejorar el entorno donde viven y trabajan a diario, as\u00ed como garantizar su seguridad y su calidad de vida\u00bb.<\/p>\n<p class=\"v1MsoNormal\">Asimismo, ha recalcado que \u00absomos conscientes de que una obra de esta magnitud genera molestias, pero es de justicia que se reponga y mejore la zona afectada. No puede ser que los vecinos sean los que paguen el precio de una mala coordinaci\u00f3n\u00bb, y ha remarcado que \u00abdesde el Gobierno de Lorca insistimos en que el desarrollo de las obras del AVE, una infraestructura de gran magnitud, no puede ni debe suponer una merma en la calidad de vida de los vecinos ni dejar atr\u00e1s compromisos adquiridos anteriormente en materia de urbanizaci\u00f3n, movilidad o seguridad. Pedimos que se atiendan sus peticiones con urgencia\u00bb.<\/p>\n<p class=\"v1MsoNormal\">Por su parte, el presidente de la Asociaci\u00f3n de Vecinos de Tercia ha manifestado que, \u00abde no obtener respuesta a nuestras reivindicaciones, la AAVV se reserva el derecho a realizar movilizaciones vecinales para exigir soluciones urgentes a una situaci\u00f3n que consideramos injusta y perjudicial. Es nuestro derecho natural pedir la reparaci\u00f3n y finalizaci\u00f3n de las obras, para evitar que estos problemas se alarguen en el tiempo o incluso se conviertan en definitivos\u00bb.<\/p>\n","protected":false},"excerpt":{"rendered":"<p>\u00c1REA LORCA RADIO.\u00a0Infraestructuras 22 de julio de 2025.\u00a0El concejal de Infraestructuras del Ayuntamiento de Lorca, \u00c1ngel Meca, ha informado este martes que esta semana se ha celebrado una reuni\u00f3n informativa con representantes de la Asociaci\u00f3n de Vecinos de Tercia, a petici\u00f3n de esta entidad, para trasladar su preocupaci\u00f3n por el estado actual de las obras [&hellip;]<\/p>\n","protected":false},"author":1,"featured_media":7443,"comment_status":"open","ping_status":"open","sticky":false,"template":"","format":"standard","meta":{"iawp_total_views":41,"footnotes":""},"categories":[5,7],"tags":[],"class_list":["post-7439","post","type-post","status-publish","format-standard","has-post-thumbnail","hentry","category-actualidad","category-lorca"],"yoast_head":"<!-- This site is optimized with the Yoast SEO plugin v27.5 - https:\/\/yoast.com\/product\/yoast-seo-wordpress\/ -->\n<title>El Gobierno de Lorca respalda las reivindicaciones de los vecinos de Tercia ante las deficiencias en las obras del AVE y trasladar\u00e1 las peticiones al presidente de ADIF - AREA LORCA RADIO<\/title>\n<meta name=\"robots\" content=\"index, follow, max-snippet:-1, max-image-preview:large, max-video-preview:-1\" \/>\n<link rel=\"canonical\" href=\"https:\/\/arealorcaradio.es\/index.php\/2025\/07\/22\/el-gobierno-de-lorca-respalda-las-reivindicaciones-de-los-vecinos-de-tercia-ante-las-deficiencias-en-las-obras-del-ave-y-trasladara-las-peticiones-al-presidente-de-adif\/\" \/>\n<meta property=\"og:locale\" content=\"es_ES\" \/>\n<meta property=\"og:type\" content=\"article\" \/>\n<meta property=\"og:title\" content=\"El Gobierno de Lorca respalda las reivindicaciones de los vecinos de Tercia ante las deficiencias en las obras del AVE y trasladar\u00e1 las peticiones al presidente de ADIF - AREA LORCA RADIO\" \/>\n<meta property=\"og:description\" content=\"\u00c1REA LORCA RADIO.\u00a0Infraestructuras 22 de julio de 2025.\u00a0El concejal de Infraestructuras del Ayuntamiento de Lorca, \u00c1ngel Meca, ha informado este martes que esta semana se ha celebrado una reuni\u00f3n informativa con representantes de la Asociaci\u00f3n de Vecinos de Tercia, a petici\u00f3n de esta entidad, para trasladar su preocupaci\u00f3n por el estado actual de las obras [&hellip;]\" \/>\n<meta property=\"og:url\" content=\"https:\/\/arealorcaradio.es\/index.php\/2025\/07\/22\/el-gobierno-de-lorca-respalda-las-reivindicaciones-de-los-vecinos-de-tercia-ante-las-deficiencias-en-las-obras-del-ave-y-trasladara-las-peticiones-al-presidente-de-adif\/\" \/>\n<meta property=\"og:site_name\" content=\"AREA LORCA RADIO\" \/>\n<meta property=\"article:published_time\" content=\"2025-07-22T10:53:53+00:00\" \/>\n<meta property=\"og:image\" content=\"https:\/\/arealorcaradio.es\/wp-content\/uploads\/2025\/07\/WhatsApp-Image-2025-07-22-at-12.40.50.jpeg\" \/>\n\t<meta property=\"og:image:width\" content=\"1600\" \/>\n\t<meta property=\"og:image:height\" content=\"1200\" \/>\n\t<meta property=\"og:image:type\" content=\"image\/jpeg\" \/>\n<meta name=\"author\" content=\"Paco S\u00e1nchez\" \/>\n<meta name=\"twitter:card\" content=\"summary_large_image\" \/>\n<meta name=\"twitter:label1\" content=\"Escrito por\" \/>\n\t<meta name=\"twitter:data1\" content=\"Paco S\u00e1nchez\" \/>\n\t<meta name=\"twitter:label2\" content=\"Tiempo de lectura\" \/>\n\t<meta name=\"twitter:data2\" content=\"4 minutos\" \/>\n<script type=\"application\/ld+json\" class=\"yoast-schema-graph\">{\"@context\":\"https:\\\/\\\/schema.org\",\"@graph\":[{\"@type\":\"Article\",\"@id\":\"https:\\\/\\\/arealorcaradio.es\\\/index.php\\\/2025\\\/07\\\/22\\\/el-gobierno-de-lorca-respalda-las-reivindicaciones-de-los-vecinos-de-tercia-ante-las-deficiencias-en-las-obras-del-ave-y-trasladara-las-peticiones-al-presidente-de-adif\\\/#article\",\"isPartOf\":{\"@id\":\"https:\\\/\\\/arealorcaradio.es\\\/index.php\\\/2025\\\/07\\\/22\\\/el-gobierno-de-lorca-respalda-las-reivindicaciones-de-los-vecinos-de-tercia-ante-las-deficiencias-en-las-obras-del-ave-y-trasladara-las-peticiones-al-presidente-de-adif\\\/\"},\"author\":{\"name\":\"Paco S\u00e1nchez\",\"@id\":\"https:\\\/\\\/arealorcaradio.es\\\/#\\\/schema\\\/person\\\/9fae605fc25b0f2c83c1ab207139bd27\"},\"headline\":\"El Gobierno de Lorca respalda las reivindicaciones de los vecinos de Tercia ante las deficiencias en las obras del AVE y trasladar\u00e1 las peticiones al presidente de ADIF\",\"datePublished\":\"2025-07-22T10:53:53+00:00\",\"mainEntityOfPage\":{\"@id\":\"https:\\\/\\\/arealorcaradio.es\\\/index.php\\\/2025\\\/07\\\/22\\\/el-gobierno-de-lorca-respalda-las-reivindicaciones-de-los-vecinos-de-tercia-ante-las-deficiencias-en-las-obras-del-ave-y-trasladara-las-peticiones-al-presidente-de-adif\\\/\"},\"wordCount\":668,\"commentCount\":0,\"image\":{\"@id\":\"https:\\\/\\\/arealorcaradio.es\\\/index.php\\\/2025\\\/07\\\/22\\\/el-gobierno-de-lorca-respalda-las-reivindicaciones-de-los-vecinos-de-tercia-ante-las-deficiencias-en-las-obras-del-ave-y-trasladara-las-peticiones-al-presidente-de-adif\\\/#primaryimage\"},\"thumbnailUrl\":\"https:\\\/\\\/arealorcaradio.es\\\/wp-content\\\/uploads\\\/2025\\\/07\\\/WhatsApp-Image-2025-07-22-at-12.40.50.jpeg\",\"articleSection\":[\"ACTUALIDAD\",\"LORCA\"],\"inLanguage\":\"es\",\"potentialAction\":[{\"@type\":\"CommentAction\",\"name\":\"Comment\",\"target\":[\"https:\\\/\\\/arealorcaradio.es\\\/index.php\\\/2025\\\/07\\\/22\\\/el-gobierno-de-lorca-respalda-las-reivindicaciones-de-los-vecinos-de-tercia-ante-las-deficiencias-en-las-obras-del-ave-y-trasladara-las-peticiones-al-presidente-de-adif\\\/#respond\"]}]},{\"@type\":\"WebPage\",\"@id\":\"https:\\\/\\\/arealorcaradio.es\\\/index.php\\\/2025\\\/07\\\/22\\\/el-gobierno-de-lorca-respalda-las-reivindicaciones-de-los-vecinos-de-tercia-ante-las-deficiencias-en-las-obras-del-ave-y-trasladara-las-peticiones-al-presidente-de-adif\\\/\",\"url\":\"https:\\\/\\\/arealorcaradio.es\\\/index.php\\\/2025\\\/07\\\/22\\\/el-gobierno-de-lorca-respalda-las-reivindicaciones-de-los-vecinos-de-tercia-ante-las-deficiencias-en-las-obras-del-ave-y-trasladara-las-peticiones-al-presidente-de-adif\\\/\",\"name\":\"El Gobierno de Lorca respalda las reivindicaciones de los vecinos de Tercia ante las deficiencias en las obras del AVE y trasladar\u00e1 las peticiones al presidente de ADIF - AREA LORCA RADIO\",\"isPartOf\":{\"@id\":\"https:\\\/\\\/arealorcaradio.es\\\/#website\"},\"primaryImageOfPage\":{\"@id\":\"https:\\\/\\\/arealorcaradio.es\\\/index.php\\\/2025\\\/07\\\/22\\\/el-gobierno-de-lorca-respalda-las-reivindicaciones-de-los-vecinos-de-tercia-ante-las-deficiencias-en-las-obras-del-ave-y-trasladara-las-peticiones-al-presidente-de-adif\\\/#primaryimage\"},\"image\":{\"@id\":\"https:\\\/\\\/arealorcaradio.es\\\/index.php\\\/2025\\\/07\\\/22\\\/el-gobierno-de-lorca-respalda-las-reivindicaciones-de-los-vecinos-de-tercia-ante-las-deficiencias-en-las-obras-del-ave-y-trasladara-las-peticiones-al-presidente-de-adif\\\/#primaryimage\"},\"thumbnailUrl\":\"https:\\\/\\\/arealorcaradio.es\\\/wp-content\\\/uploads\\\/2025\\\/07\\\/WhatsApp-Image-2025-07-22-at-12.40.50.jpeg\",\"datePublished\":\"2025-07-22T10:53:53+00:00\",\"author\":{\"@id\":\"https:\\\/\\\/arealorcaradio.es\\\/#\\\/schema\\\/person\\\/9fae605fc25b0f2c83c1ab207139bd27\"},\"breadcrumb\":{\"@id\":\"https:\\\/\\\/arealorcaradio.es\\\/index.php\\\/2025\\\/07\\\/22\\\/el-gobierno-de-lorca-respalda-las-reivindicaciones-de-los-vecinos-de-tercia-ante-las-deficiencias-en-las-obras-del-ave-y-trasladara-las-peticiones-al-presidente-de-adif\\\/#breadcrumb\"},\"inLanguage\":\"es\",\"potentialAction\":[{\"@type\":\"ReadAction\",\"target\":[\"https:\\\/\\\/arealorcaradio.es\\\/index.php\\\/2025\\\/07\\\/22\\\/el-gobierno-de-lorca-respalda-las-reivindicaciones-de-los-vecinos-de-tercia-ante-las-deficiencias-en-las-obras-del-ave-y-trasladara-las-peticiones-al-presidente-de-adif\\\/\"]}]},{\"@type\":\"ImageObject\",\"inLanguage\":\"es\",\"@id\":\"https:\\\/\\\/arealorcaradio.es\\\/index.php\\\/2025\\\/07\\\/22\\\/el-gobierno-de-lorca-respalda-las-reivindicaciones-de-los-vecinos-de-tercia-ante-las-deficiencias-en-las-obras-del-ave-y-trasladara-las-peticiones-al-presidente-de-adif\\\/#primaryimage\",\"url\":\"https:\\\/\\\/arealorcaradio.es\\\/wp-content\\\/uploads\\\/2025\\\/07\\\/WhatsApp-Image-2025-07-22-at-12.40.50.jpeg\",\"contentUrl\":\"https:\\\/\\\/arealorcaradio.es\\\/wp-content\\\/uploads\\\/2025\\\/07\\\/WhatsApp-Image-2025-07-22-at-12.40.50.jpeg\",\"width\":1600,\"height\":1200},{\"@type\":\"BreadcrumbList\",\"@id\":\"https:\\\/\\\/arealorcaradio.es\\\/index.php\\\/2025\\\/07\\\/22\\\/el-gobierno-de-lorca-respalda-las-reivindicaciones-de-los-vecinos-de-tercia-ante-las-deficiencias-en-las-obras-del-ave-y-trasladara-las-peticiones-al-presidente-de-adif\\\/#breadcrumb\",\"itemListElement\":[{\"@type\":\"ListItem\",\"position\":1,\"name\":\"Portada\",\"item\":\"https:\\\/\\\/arealorcaradio.es\\\/\"},{\"@type\":\"ListItem\",\"position\":2,\"name\":\"El Gobierno de Lorca respalda las reivindicaciones de los vecinos de Tercia ante las deficiencias en las obras del AVE y trasladar\u00e1 las peticiones al presidente de ADIF\"}]},{\"@type\":\"WebSite\",\"@id\":\"https:\\\/\\\/arealorcaradio.es\\\/#website\",\"url\":\"https:\\\/\\\/arealorcaradio.es\\\/\",\"name\":\"AREA LORCA RADIO\",\"description\":\"Descubre la programaci\u00f3n actual en \u00c1rea Lorca Radio, tu fuente de entrenamiento y noticias locales. Sintoniza ahora y mantente conectado online.\",\"potentialAction\":[{\"@type\":\"SearchAction\",\"target\":{\"@type\":\"EntryPoint\",\"urlTemplate\":\"https:\\\/\\\/arealorcaradio.es\\\/?s={search_term_string}\"},\"query-input\":{\"@type\":\"PropertyValueSpecification\",\"valueRequired\":true,\"valueName\":\"search_term_string\"}}],\"inLanguage\":\"es\"},{\"@type\":\"Person\",\"@id\":\"https:\\\/\\\/arealorcaradio.es\\\/#\\\/schema\\\/person\\\/9fae605fc25b0f2c83c1ab207139bd27\",\"name\":\"Paco S\u00e1nchez\",\"image\":{\"@type\":\"ImageObject\",\"inLanguage\":\"es\",\"@id\":\"https:\\\/\\\/secure.gravatar.com\\\/avatar\\\/d67144e966420fb74aa84c9f2a0103be4724fd14db52b52d3b6bca749f257e79?s=96&d=mm&r=g\",\"url\":\"https:\\\/\\\/secure.gravatar.com\\\/avatar\\\/d67144e966420fb74aa84c9f2a0103be4724fd14db52b52d3b6bca749f257e79?s=96&d=mm&r=g\",\"contentUrl\":\"https:\\\/\\\/secure.gravatar.com\\\/avatar\\\/d67144e966420fb74aa84c9f2a0103be4724fd14db52b52d3b6bca749f257e79?s=96&d=mm&r=g\",\"caption\":\"Paco S\u00e1nchez\"},\"sameAs\":[\"https:\\\/\\\/arealorcaradio.es\"],\"url\":\"https:\\\/\\\/arealorcaradio.es\\\/index.php\\\/author\\\/admin_alorcaradio\\\/\"}]}<\/script>\n<!-- \/ Yoast SEO plugin. -->","yoast_head_json":{"title":"El Gobierno de Lorca respalda las reivindicaciones de los vecinos de Tercia ante las deficiencias en las obras del AVE y trasladar\u00e1 las peticiones al presidente de ADIF - AREA LORCA RADIO","robots":{"index":"index","follow":"follow","max-snippet":"max-snippet:-1","max-image-preview":"max-image-preview:large","max-video-preview":"max-video-preview:-1"},"canonical":"https:\/\/arealorcaradio.es\/index.php\/2025\/07\/22\/el-gobierno-de-lorca-respalda-las-reivindicaciones-de-los-vecinos-de-tercia-ante-las-deficiencias-en-las-obras-del-ave-y-trasladara-las-peticiones-al-presidente-de-adif\/","og_locale":"es_ES","og_type":"article","og_title":"El Gobierno de Lorca respalda las reivindicaciones de los vecinos de Tercia ante las deficiencias en las obras del AVE y trasladar\u00e1 las peticiones al presidente de ADIF - AREA LORCA RADIO","og_description":"\u00c1REA LORCA RADIO.\u00a0Infraestructuras 22 de julio de 2025.\u00a0El concejal de Infraestructuras del Ayuntamiento de Lorca, \u00c1ngel Meca, ha informado este martes que esta semana se ha celebrado una reuni\u00f3n informativa con representantes de la Asociaci\u00f3n de Vecinos de Tercia, a petici\u00f3n de esta entidad, para trasladar su preocupaci\u00f3n por el estado actual de las obras [&hellip;]","og_url":"https:\/\/arealorcaradio.es\/index.php\/2025\/07\/22\/el-gobierno-de-lorca-respalda-las-reivindicaciones-de-los-vecinos-de-tercia-ante-las-deficiencias-en-las-obras-del-ave-y-trasladara-las-peticiones-al-presidente-de-adif\/","og_site_name":"AREA LORCA RADIO","article_published_time":"2025-07-22T10:53:53+00:00","og_image":[{"width":1600,"height":1200,"url":"https:\/\/arealorcaradio.es\/wp-content\/uploads\/2025\/07\/WhatsApp-Image-2025-07-22-at-12.40.50.jpeg","type":"image\/jpeg"}],"author":"Paco S\u00e1nchez","twitter_card":"summary_large_image","twitter_misc":{"Escrito por":"Paco S\u00e1nchez","Tiempo de lectura":"4 minutos"},"schema":{"@context":"https:\/\/schema.org","@graph":[{"@type":"Article","@id":"https:\/\/arealorcaradio.es\/index.php\/2025\/07\/22\/el-gobierno-de-lorca-respalda-las-reivindicaciones-de-los-vecinos-de-tercia-ante-las-deficiencias-en-las-obras-del-ave-y-trasladara-las-peticiones-al-presidente-de-adif\/#article","isPartOf":{"@id":"https:\/\/arealorcaradio.es\/index.php\/2025\/07\/22\/el-gobierno-de-lorca-respalda-las-reivindicaciones-de-los-vecinos-de-tercia-ante-las-deficiencias-en-las-obras-del-ave-y-trasladara-las-peticiones-al-presidente-de-adif\/"},"author":{"name":"Paco S\u00e1nchez","@id":"https:\/\/arealorcaradio.es\/#\/schema\/person\/9fae605fc25b0f2c83c1ab207139bd27"},"headline":"El Gobierno de Lorca respalda las reivindicaciones de los vecinos de Tercia ante las deficiencias en las obras del AVE y trasladar\u00e1 las peticiones al presidente de ADIF","datePublished":"2025-07-22T10:53:53+00:00","mainEntityOfPage":{"@id":"https:\/\/arealorcaradio.es\/index.php\/2025\/07\/22\/el-gobierno-de-lorca-respalda-las-reivindicaciones-de-los-vecinos-de-tercia-ante-las-deficiencias-en-las-obras-del-ave-y-trasladara-las-peticiones-al-presidente-de-adif\/"},"wordCount":668,"commentCount":0,"image":{"@id":"https:\/\/arealorcaradio.es\/index.php\/2025\/07\/22\/el-gobierno-de-lorca-respalda-las-reivindicaciones-de-los-vecinos-de-tercia-ante-las-deficiencias-en-las-obras-del-ave-y-trasladara-las-peticiones-al-presidente-de-adif\/#primaryimage"},"thumbnailUrl":"https:\/\/arealorcaradio.es\/wp-content\/uploads\/2025\/07\/WhatsApp-Image-2025-07-22-at-12.40.50.jpeg","articleSection":["ACTUALIDAD","LORCA"],"inLanguage":"es","potentialAction":[{"@type":"CommentAction","name":"Comment","target":["https:\/\/arealorcaradio.es\/index.php\/2025\/07\/22\/el-gobierno-de-lorca-respalda-las-reivindicaciones-de-los-vecinos-de-tercia-ante-las-deficiencias-en-las-obras-del-ave-y-trasladara-las-peticiones-al-presidente-de-adif\/#respond"]}]},{"@type":"WebPage","@id":"https:\/\/arealorcaradio.es\/index.php\/2025\/07\/22\/el-gobierno-de-lorca-respalda-las-reivindicaciones-de-los-vecinos-de-tercia-ante-las-deficiencias-en-las-obras-del-ave-y-trasladara-las-peticiones-al-presidente-de-adif\/","url":"https:\/\/arealorcaradio.es\/index.php\/2025\/07\/22\/el-gobierno-de-lorca-respalda-las-reivindicaciones-de-los-vecinos-de-tercia-ante-las-deficiencias-en-las-obras-del-ave-y-trasladara-las-peticiones-al-presidente-de-adif\/","name":"El Gobierno de Lorca respalda las reivindicaciones de los vecinos de Tercia ante las deficiencias en las obras del AVE y trasladar\u00e1 las peticiones al presidente de ADIF - AREA LORCA RADIO","isPartOf":{"@id":"https:\/\/arealorcaradio.es\/#website"},"primaryImageOfPage":{"@id":"https:\/\/arealorcaradio.es\/index.php\/2025\/07\/22\/el-gobierno-de-lorca-respalda-las-reivindicaciones-de-los-vecinos-de-tercia-ante-las-deficiencias-en-las-obras-del-ave-y-trasladara-las-peticiones-al-presidente-de-adif\/#primaryimage"},"image":{"@id":"https:\/\/arealorcaradio.es\/index.php\/2025\/07\/22\/el-gobierno-de-lorca-respalda-las-reivindicaciones-de-los-vecinos-de-tercia-ante-las-deficiencias-en-las-obras-del-ave-y-trasladara-las-peticiones-al-presidente-de-adif\/#primaryimage"},"thumbnailUrl":"https:\/\/arealorcaradio.es\/wp-content\/uploads\/2025\/07\/WhatsApp-Image-2025-07-22-at-12.40.50.jpeg","datePublished":"2025-07-22T10:53:53+00:00","author":{"@id":"https:\/\/arealorcaradio.es\/#\/schema\/person\/9fae605fc25b0f2c83c1ab207139bd27"},"breadcrumb":{"@id":"https:\/\/arealorcaradio.es\/index.php\/2025\/07\/22\/el-gobierno-de-lorca-respalda-las-reivindicaciones-de-los-vecinos-de-tercia-ante-las-deficiencias-en-las-obras-del-ave-y-trasladara-las-peticiones-al-presidente-de-adif\/#breadcrumb"},"inLanguage":"es","potentialAction":[{"@type":"ReadAction","target":["https:\/\/arealorcaradio.es\/index.php\/2025\/07\/22\/el-gobierno-de-lorca-respalda-las-reivindicaciones-de-los-vecinos-de-tercia-ante-las-deficiencias-en-las-obras-del-ave-y-trasladara-las-peticiones-al-presidente-de-adif\/"]}]},{"@type":"ImageObject","inLanguage":"es","@id":"https:\/\/arealorcaradio.es\/index.php\/2025\/07\/22\/el-gobierno-de-lorca-respalda-las-reivindicaciones-de-los-vecinos-de-tercia-ante-las-deficiencias-en-las-obras-del-ave-y-trasladara-las-peticiones-al-presidente-de-adif\/#primaryimage","url":"https:\/\/arealorcaradio.es\/wp-content\/uploads\/2025\/07\/WhatsApp-Image-2025-07-22-at-12.40.50.jpeg","contentUrl":"https:\/\/arealorcaradio.es\/wp-content\/uploads\/2025\/07\/WhatsApp-Image-2025-07-22-at-12.40.50.jpeg","width":1600,"height":1200},{"@type":"BreadcrumbList","@id":"https:\/\/arealorcaradio.es\/index.php\/2025\/07\/22\/el-gobierno-de-lorca-respalda-las-reivindicaciones-de-los-vecinos-de-tercia-ante-las-deficiencias-en-las-obras-del-ave-y-trasladara-las-peticiones-al-presidente-de-adif\/#breadcrumb","itemListElement":[{"@type":"ListItem","position":1,"name":"Portada","item":"https:\/\/arealorcaradio.es\/"},{"@type":"ListItem","position":2,"name":"El Gobierno de Lorca respalda las reivindicaciones de los vecinos de Tercia ante las deficiencias en las obras del AVE y trasladar\u00e1 las peticiones al presidente de ADIF"}]},{"@type":"WebSite","@id":"https:\/\/arealorcaradio.es\/#website","url":"https:\/\/arealorcaradio.es\/","name":"AREA LORCA RADIO","description":"Descubre la programaci\u00f3n actual en \u00c1rea Lorca Radio, tu fuente de entrenamiento y noticias locales. Sintoniza ahora y mantente conectado online.","potentialAction":[{"@type":"SearchAction","target":{"@type":"EntryPoint","urlTemplate":"https:\/\/arealorcaradio.es\/?s={search_term_string}"},"query-input":{"@type":"PropertyValueSpecification","valueRequired":true,"valueName":"search_term_string"}}],"inLanguage":"es"},{"@type":"Person","@id":"https:\/\/arealorcaradio.es\/#\/schema\/person\/9fae605fc25b0f2c83c1ab207139bd27","name":"Paco S\u00e1nchez","image":{"@type":"ImageObject","inLanguage":"es","@id":"https:\/\/secure.gravatar.com\/avatar\/d67144e966420fb74aa84c9f2a0103be4724fd14db52b52d3b6bca749f257e79?s=96&d=mm&r=g","url":"https:\/\/secure.gravatar.com\/avatar\/d67144e966420fb74aa84c9f2a0103be4724fd14db52b52d3b6bca749f257e79?s=96&d=mm&r=g","contentUrl":"https:\/\/secure.gravatar.com\/avatar\/d67144e966420fb74aa84c9f2a0103be4724fd14db52b52d3b6bca749f257e79?s=96&d=mm&r=g","caption":"Paco S\u00e1nchez"},"sameAs":["https:\/\/arealorcaradio.es"],"url":"https:\/\/arealorcaradio.es\/index.php\/author\/admin_alorcaradio\/"}]}},"_links":{"self":[{"href":"https:\/\/arealorcaradio.es\/index.php\/wp-json\/wp\/v2\/posts\/7439","targetHints":{"allow":["GET"]}}],"collection":[{"href":"https:\/\/arealorcaradio.es\/index.php\/wp-json\/wp\/v2\/posts"}],"about":[{"href":"https:\/\/arealorcaradio.es\/index.php\/wp-json\/wp\/v2\/types\/post"}],"author":[{"embeddable":true,"href":"https:\/\/arealorcaradio.es\/index.php\/wp-json\/wp\/v2\/users\/1"}],"replies":[{"embeddable":true,"href":"https:\/\/arealorcaradio.es\/index.php\/wp-json\/wp\/v2\/comments?post=7439"}],"version-history":[{"count":2,"href":"https:\/\/arealorcaradio.es\/index.php\/wp-json\/wp\/v2\/posts\/7439\/revisions"}],"predecessor-version":[{"id":7444,"href":"https:\/\/arealorcaradio.es\/index.php\/wp-json\/wp\/v2\/posts\/7439\/revisions\/7444"}],"wp:featuredmedia":[{"embeddable":true,"href":"https:\/\/arealorcaradio.es\/index.php\/wp-json\/wp\/v2\/media\/7443"}],"wp:attachment":[{"href":"https:\/\/arealorcaradio.es\/index.php\/wp-json\/wp\/v2\/media?parent=7439"}],"wp:term":[{"taxonomy":"category","embeddable":true,"href":"https:\/\/arealorcaradio.es\/index.php\/wp-json\/wp\/v2\/categories?post=7439"},{"taxonomy":"post_tag","embeddable":true,"href":"https:\/\/arealorcaradio.es\/index.php\/wp-json\/wp\/v2\/tags?post=7439"}],"curies":[{"name":"wp","href":"https:\/\/api.w.org\/{rel}","templated":true}]}}