{"id":7434,"date":"2025-07-22T10:39:03","date_gmt":"2025-07-22T10:39:03","guid":{"rendered":"https:\/\/arealorcaradio.es\/?p=7434"},"modified":"2025-07-22T10:39:03","modified_gmt":"2025-07-22T10:39:03","slug":"vox-lorca-propone-un-plan-integral-para-frenar-la-despoblacion-e-impulsar-el-turismo-en-el-litoral-lorquino-morata-ramonete-y-garrobillo-no-pueden-seguir-muriendo-en-silencio","status":"publish","type":"post","link":"https:\/\/arealorcaradio.es\/index.php\/2025\/07\/22\/vox-lorca-propone-un-plan-integral-para-frenar-la-despoblacion-e-impulsar-el-turismo-en-el-litoral-lorquino-morata-ramonete-y-garrobillo-no-pueden-seguir-muriendo-en-silencio\/","title":{"rendered":"VOX Lorca propone un plan integral para frenar la despoblaci\u00f3n e impulsar el turismo en el litoral lorquino: \u201cMorata, Ramonete y Garrobillo no pueden seguir muriendo en silencio\u201d"},"content":{"rendered":"<p><strong>\u00c1REA LORCA RADIO. Despoblaci\u00f3n.<\/strong><\/p>\n<p><strong>Lorca, 22 de julio de 2025.<\/strong>\u00a0El Grupo Municipal de VOX en el Ayuntamiento de Lorca ha registrado una moci\u00f3n que se debatir\u00e1 en el pr\u00f3ximo pleno municipal, el 28 de julio, con el objetivo de activar una serie de medidas urgentes para frenar la despoblaci\u00f3n y el abandono institucional que sufren las pedan\u00edas costeras de Morata, Ramonete y Garrobillo.<\/p>\n<p>Estas tres localidades han sufrido en los \u00faltimos a\u00f1os una preocupante p\u00e9rdida de poblaci\u00f3n superior al 25% en la \u00faltima d\u00e9cada, con ca\u00eddas especialmente acusadas en el \u00faltimo a\u00f1o, donde Ramonete ha perdido el 8% de sus vecinos, y Morata casi el 9%. \u00abNuestros pueblos costeros se mueren y nadie parece estar dispuesto a defenderlos. Desde VOX queremos activar ya un plan realista para salvar el litoral lorquino\u201d, ha denunciado hoy Jos\u00e9 Mart\u00ednez, viceportavoz del Grupo Municipal. \u201cFrente al abandono del Estado y el ecologismo radical, nosotros apostamos por un desarrollo que garantice vida, empleo y arraigo\u201d, ha a\u00f1adido.<\/p>\n<p>VOX plantea en su moci\u00f3n iniciar tr\u00e1mites para la reducci\u00f3n de los l\u00edmites del Parque Natural de Calnegre y permitir as\u00ed el desarrollo de turismo sostenible de calidad, as\u00ed como solicitar la bandera azul para la Playa de Parazuelos, impulsar la instalaci\u00f3n de locales de hosteler\u00eda de temporada y reforzar la seguridad con m\u00e1s presencia de la Guardia Civil y vigilancia costera. \u201cMientras Mazarr\u00f3n y \u00c1guilas desarrollan infraestructuras tur\u00edsticas en su litoral, aqu\u00ed tenemos caminos intransitables, viviendas bajo amenaza de derribo, negocios cerrando y una costa sin futuro\u201d, ha afirmado Mart\u00ednez. \u201cNo podemos seguir castigando a nuestros vecinos de Ramonete, Morata y Garrobillo con pol\u00edticas hechas desde los despachos de Bruselas o Madrid por bur\u00f3cratas que ni siquiera saben d\u00f3nde est\u00e1n estos pueblos\u201d.<\/p>\n<p>La moci\u00f3n tambi\u00e9n incluye el respaldo a los vecinos de Puntas de Calnegre frente a las amenazas de derribo de viviendas por parte de la Demarcaci\u00f3n de Costas del Estado. Desde VOX, concluye el concejal, \u201cseguiremos dando voz a quienes llevan d\u00e9cadas olvidados por los partidos de siempre, defendiendo con firmeza el derecho de los lorquinos a vivir y prosperar en su tierra\u201d.<\/p>\n","protected":false},"excerpt":{"rendered":"<p>\u00c1REA LORCA RADIO. Despoblaci\u00f3n. Lorca, 22 de julio de 2025.\u00a0El Grupo Municipal de VOX en el Ayuntamiento de Lorca ha registrado una moci\u00f3n que se debatir\u00e1 en el pr\u00f3ximo pleno municipal, el 28 de julio, con el objetivo de activar una serie de medidas urgentes para frenar la despoblaci\u00f3n y el abandono institucional que sufren [&hellip;]<\/p>\n","protected":false},"author":1,"featured_media":7435,"comment_status":"open","ping_status":"open","sticky":false,"template":"","format":"standard","meta":{"iawp_total_views":16,"footnotes":""},"categories":[5,7],"tags":[],"class_list":["post-7434","post","type-post","status-publish","format-standard","has-post-thumbnail","hentry","category-actualidad","category-lorca"],"yoast_head":"<!-- This site is optimized with the Yoast SEO plugin v27.5 - https:\/\/yoast.com\/product\/yoast-seo-wordpress\/ -->\n<title>VOX Lorca propone un plan integral para frenar la despoblaci\u00f3n e impulsar el turismo en el litoral lorquino: \u201cMorata, Ramonete y Garrobillo no pueden seguir muriendo en silencio\u201d - AREA LORCA RADIO<\/title>\n<meta name=\"robots\" content=\"index, follow, max-snippet:-1, max-image-preview:large, max-video-preview:-1\" \/>\n<link rel=\"canonical\" href=\"https:\/\/arealorcaradio.es\/index.php\/2025\/07\/22\/vox-lorca-propone-un-plan-integral-para-frenar-la-despoblacion-e-impulsar-el-turismo-en-el-litoral-lorquino-morata-ramonete-y-garrobillo-no-pueden-seguir-muriendo-en-silencio\/\" \/>\n<meta property=\"og:locale\" content=\"es_ES\" \/>\n<meta property=\"og:type\" content=\"article\" \/>\n<meta property=\"og:title\" content=\"VOX Lorca propone un plan integral para frenar la despoblaci\u00f3n e impulsar el turismo en el litoral lorquino: \u201cMorata, Ramonete y Garrobillo no pueden seguir muriendo en silencio\u201d - AREA LORCA RADIO\" \/>\n<meta property=\"og:description\" content=\"\u00c1REA LORCA RADIO. Despoblaci\u00f3n. Lorca, 22 de julio de 2025.\u00a0El Grupo Municipal de VOX en el Ayuntamiento de Lorca ha registrado una moci\u00f3n que se debatir\u00e1 en el pr\u00f3ximo pleno municipal, el 28 de julio, con el objetivo de activar una serie de medidas urgentes para frenar la despoblaci\u00f3n y el abandono institucional que sufren [&hellip;]\" \/>\n<meta property=\"og:url\" content=\"https:\/\/arealorcaradio.es\/index.php\/2025\/07\/22\/vox-lorca-propone-un-plan-integral-para-frenar-la-despoblacion-e-impulsar-el-turismo-en-el-litoral-lorquino-morata-ramonete-y-garrobillo-no-pueden-seguir-muriendo-en-silencio\/\" \/>\n<meta property=\"og:site_name\" content=\"AREA LORCA RADIO\" \/>\n<meta property=\"article:published_time\" content=\"2025-07-22T10:39:03+00:00\" \/>\n<meta property=\"og:image\" content=\"https:\/\/arealorcaradio.es\/wp-content\/uploads\/2025\/07\/Jose-Martinez-Vox-2-scaled.jpg\" \/>\n\t<meta property=\"og:image:width\" content=\"2560\" \/>\n\t<meta property=\"og:image:height\" content=\"1920\" \/>\n\t<meta property=\"og:image:type\" content=\"image\/jpeg\" \/>\n<meta name=\"author\" content=\"Paco S\u00e1nchez\" \/>\n<meta name=\"twitter:card\" content=\"summary_large_image\" \/>\n<meta name=\"twitter:label1\" content=\"Escrito por\" \/>\n\t<meta name=\"twitter:data1\" content=\"Paco S\u00e1nchez\" \/>\n\t<meta name=\"twitter:label2\" content=\"Tiempo de lectura\" \/>\n\t<meta name=\"twitter:data2\" content=\"2 minutos\" \/>\n<script type=\"application\/ld+json\" class=\"yoast-schema-graph\">{\"@context\":\"https:\\\/\\\/schema.org\",\"@graph\":[{\"@type\":\"Article\",\"@id\":\"https:\\\/\\\/arealorcaradio.es\\\/index.php\\\/2025\\\/07\\\/22\\\/vox-lorca-propone-un-plan-integral-para-frenar-la-despoblacion-e-impulsar-el-turismo-en-el-litoral-lorquino-morata-ramonete-y-garrobillo-no-pueden-seguir-muriendo-en-silencio\\\/#article\",\"isPartOf\":{\"@id\":\"https:\\\/\\\/arealorcaradio.es\\\/index.php\\\/2025\\\/07\\\/22\\\/vox-lorca-propone-un-plan-integral-para-frenar-la-despoblacion-e-impulsar-el-turismo-en-el-litoral-lorquino-morata-ramonete-y-garrobillo-no-pueden-seguir-muriendo-en-silencio\\\/\"},\"author\":{\"name\":\"Paco S\u00e1nchez\",\"@id\":\"https:\\\/\\\/arealorcaradio.es\\\/#\\\/schema\\\/person\\\/9fae605fc25b0f2c83c1ab207139bd27\"},\"headline\":\"VOX Lorca propone un plan integral para frenar la despoblaci\u00f3n e impulsar el turismo en el litoral lorquino: \u201cMorata, Ramonete y Garrobillo no pueden seguir muriendo en silencio\u201d\",\"datePublished\":\"2025-07-22T10:39:03+00:00\",\"mainEntityOfPage\":{\"@id\":\"https:\\\/\\\/arealorcaradio.es\\\/index.php\\\/2025\\\/07\\\/22\\\/vox-lorca-propone-un-plan-integral-para-frenar-la-despoblacion-e-impulsar-el-turismo-en-el-litoral-lorquino-morata-ramonete-y-garrobillo-no-pueden-seguir-muriendo-en-silencio\\\/\"},\"wordCount\":403,\"commentCount\":0,\"image\":{\"@id\":\"https:\\\/\\\/arealorcaradio.es\\\/index.php\\\/2025\\\/07\\\/22\\\/vox-lorca-propone-un-plan-integral-para-frenar-la-despoblacion-e-impulsar-el-turismo-en-el-litoral-lorquino-morata-ramonete-y-garrobillo-no-pueden-seguir-muriendo-en-silencio\\\/#primaryimage\"},\"thumbnailUrl\":\"https:\\\/\\\/arealorcaradio.es\\\/wp-content\\\/uploads\\\/2025\\\/07\\\/Jose-Martinez-Vox-2-scaled.jpg\",\"articleSection\":[\"ACTUALIDAD\",\"LORCA\"],\"inLanguage\":\"es\",\"potentialAction\":[{\"@type\":\"CommentAction\",\"name\":\"Comment\",\"target\":[\"https:\\\/\\\/arealorcaradio.es\\\/index.php\\\/2025\\\/07\\\/22\\\/vox-lorca-propone-un-plan-integral-para-frenar-la-despoblacion-e-impulsar-el-turismo-en-el-litoral-lorquino-morata-ramonete-y-garrobillo-no-pueden-seguir-muriendo-en-silencio\\\/#respond\"]}]},{\"@type\":\"WebPage\",\"@id\":\"https:\\\/\\\/arealorcaradio.es\\\/index.php\\\/2025\\\/07\\\/22\\\/vox-lorca-propone-un-plan-integral-para-frenar-la-despoblacion-e-impulsar-el-turismo-en-el-litoral-lorquino-morata-ramonete-y-garrobillo-no-pueden-seguir-muriendo-en-silencio\\\/\",\"url\":\"https:\\\/\\\/arealorcaradio.es\\\/index.php\\\/2025\\\/07\\\/22\\\/vox-lorca-propone-un-plan-integral-para-frenar-la-despoblacion-e-impulsar-el-turismo-en-el-litoral-lorquino-morata-ramonete-y-garrobillo-no-pueden-seguir-muriendo-en-silencio\\\/\",\"name\":\"VOX Lorca propone un plan integral para frenar la despoblaci\u00f3n e impulsar el turismo en el litoral lorquino: \u201cMorata, Ramonete y Garrobillo no pueden seguir muriendo en silencio\u201d - AREA LORCA RADIO\",\"isPartOf\":{\"@id\":\"https:\\\/\\\/arealorcaradio.es\\\/#website\"},\"primaryImageOfPage\":{\"@id\":\"https:\\\/\\\/arealorcaradio.es\\\/index.php\\\/2025\\\/07\\\/22\\\/vox-lorca-propone-un-plan-integral-para-frenar-la-despoblacion-e-impulsar-el-turismo-en-el-litoral-lorquino-morata-ramonete-y-garrobillo-no-pueden-seguir-muriendo-en-silencio\\\/#primaryimage\"},\"image\":{\"@id\":\"https:\\\/\\\/arealorcaradio.es\\\/index.php\\\/2025\\\/07\\\/22\\\/vox-lorca-propone-un-plan-integral-para-frenar-la-despoblacion-e-impulsar-el-turismo-en-el-litoral-lorquino-morata-ramonete-y-garrobillo-no-pueden-seguir-muriendo-en-silencio\\\/#primaryimage\"},\"thumbnailUrl\":\"https:\\\/\\\/arealorcaradio.es\\\/wp-content\\\/uploads\\\/2025\\\/07\\\/Jose-Martinez-Vox-2-scaled.jpg\",\"datePublished\":\"2025-07-22T10:39:03+00:00\",\"author\":{\"@id\":\"https:\\\/\\\/arealorcaradio.es\\\/#\\\/schema\\\/person\\\/9fae605fc25b0f2c83c1ab207139bd27\"},\"breadcrumb\":{\"@id\":\"https:\\\/\\\/arealorcaradio.es\\\/index.php\\\/2025\\\/07\\\/22\\\/vox-lorca-propone-un-plan-integral-para-frenar-la-despoblacion-e-impulsar-el-turismo-en-el-litoral-lorquino-morata-ramonete-y-garrobillo-no-pueden-seguir-muriendo-en-silencio\\\/#breadcrumb\"},\"inLanguage\":\"es\",\"potentialAction\":[{\"@type\":\"ReadAction\",\"target\":[\"https:\\\/\\\/arealorcaradio.es\\\/index.php\\\/2025\\\/07\\\/22\\\/vox-lorca-propone-un-plan-integral-para-frenar-la-despoblacion-e-impulsar-el-turismo-en-el-litoral-lorquino-morata-ramonete-y-garrobillo-no-pueden-seguir-muriendo-en-silencio\\\/\"]}]},{\"@type\":\"ImageObject\",\"inLanguage\":\"es\",\"@id\":\"https:\\\/\\\/arealorcaradio.es\\\/index.php\\\/2025\\\/07\\\/22\\\/vox-lorca-propone-un-plan-integral-para-frenar-la-despoblacion-e-impulsar-el-turismo-en-el-litoral-lorquino-morata-ramonete-y-garrobillo-no-pueden-seguir-muriendo-en-silencio\\\/#primaryimage\",\"url\":\"https:\\\/\\\/arealorcaradio.es\\\/wp-content\\\/uploads\\\/2025\\\/07\\\/Jose-Martinez-Vox-2-scaled.jpg\",\"contentUrl\":\"https:\\\/\\\/arealorcaradio.es\\\/wp-content\\\/uploads\\\/2025\\\/07\\\/Jose-Martinez-Vox-2-scaled.jpg\",\"width\":2560,\"height\":1920},{\"@type\":\"BreadcrumbList\",\"@id\":\"https:\\\/\\\/arealorcaradio.es\\\/index.php\\\/2025\\\/07\\\/22\\\/vox-lorca-propone-un-plan-integral-para-frenar-la-despoblacion-e-impulsar-el-turismo-en-el-litoral-lorquino-morata-ramonete-y-garrobillo-no-pueden-seguir-muriendo-en-silencio\\\/#breadcrumb\",\"itemListElement\":[{\"@type\":\"ListItem\",\"position\":1,\"name\":\"Portada\",\"item\":\"https:\\\/\\\/arealorcaradio.es\\\/\"},{\"@type\":\"ListItem\",\"position\":2,\"name\":\"VOX Lorca propone un plan integral para frenar la despoblaci\u00f3n e impulsar el turismo en el litoral lorquino: \u201cMorata, Ramonete y Garrobillo no pueden seguir muriendo en silencio\u201d\"}]},{\"@type\":\"WebSite\",\"@id\":\"https:\\\/\\\/arealorcaradio.es\\\/#website\",\"url\":\"https:\\\/\\\/arealorcaradio.es\\\/\",\"name\":\"AREA LORCA RADIO\",\"description\":\"Descubre la programaci\u00f3n actual en \u00c1rea Lorca Radio, tu fuente de entrenamiento y noticias locales. Sintoniza ahora y mantente conectado online.\",\"potentialAction\":[{\"@type\":\"SearchAction\",\"target\":{\"@type\":\"EntryPoint\",\"urlTemplate\":\"https:\\\/\\\/arealorcaradio.es\\\/?s={search_term_string}\"},\"query-input\":{\"@type\":\"PropertyValueSpecification\",\"valueRequired\":true,\"valueName\":\"search_term_string\"}}],\"inLanguage\":\"es\"},{\"@type\":\"Person\",\"@id\":\"https:\\\/\\\/arealorcaradio.es\\\/#\\\/schema\\\/person\\\/9fae605fc25b0f2c83c1ab207139bd27\",\"name\":\"Paco S\u00e1nchez\",\"image\":{\"@type\":\"ImageObject\",\"inLanguage\":\"es\",\"@id\":\"https:\\\/\\\/secure.gravatar.com\\\/avatar\\\/d67144e966420fb74aa84c9f2a0103be4724fd14db52b52d3b6bca749f257e79?s=96&d=mm&r=g\",\"url\":\"https:\\\/\\\/secure.gravatar.com\\\/avatar\\\/d67144e966420fb74aa84c9f2a0103be4724fd14db52b52d3b6bca749f257e79?s=96&d=mm&r=g\",\"contentUrl\":\"https:\\\/\\\/secure.gravatar.com\\\/avatar\\\/d67144e966420fb74aa84c9f2a0103be4724fd14db52b52d3b6bca749f257e79?s=96&d=mm&r=g\",\"caption\":\"Paco S\u00e1nchez\"},\"sameAs\":[\"https:\\\/\\\/arealorcaradio.es\"],\"url\":\"https:\\\/\\\/arealorcaradio.es\\\/index.php\\\/author\\\/admin_alorcaradio\\\/\"}]}<\/script>\n<!-- \/ Yoast SEO plugin. -->","yoast_head_json":{"title":"VOX Lorca propone un plan integral para frenar la despoblaci\u00f3n e impulsar el turismo en el litoral lorquino: \u201cMorata, Ramonete y Garrobillo no pueden seguir muriendo en silencio\u201d - AREA LORCA RADIO","robots":{"index":"index","follow":"follow","max-snippet":"max-snippet:-1","max-image-preview":"max-image-preview:large","max-video-preview":"max-video-preview:-1"},"canonical":"https:\/\/arealorcaradio.es\/index.php\/2025\/07\/22\/vox-lorca-propone-un-plan-integral-para-frenar-la-despoblacion-e-impulsar-el-turismo-en-el-litoral-lorquino-morata-ramonete-y-garrobillo-no-pueden-seguir-muriendo-en-silencio\/","og_locale":"es_ES","og_type":"article","og_title":"VOX Lorca propone un plan integral para frenar la despoblaci\u00f3n e impulsar el turismo en el litoral lorquino: \u201cMorata, Ramonete y Garrobillo no pueden seguir muriendo en silencio\u201d - AREA LORCA RADIO","og_description":"\u00c1REA LORCA RADIO. Despoblaci\u00f3n. Lorca, 22 de julio de 2025.\u00a0El Grupo Municipal de VOX en el Ayuntamiento de Lorca ha registrado una moci\u00f3n que se debatir\u00e1 en el pr\u00f3ximo pleno municipal, el 28 de julio, con el objetivo de activar una serie de medidas urgentes para frenar la despoblaci\u00f3n y el abandono institucional que sufren [&hellip;]","og_url":"https:\/\/arealorcaradio.es\/index.php\/2025\/07\/22\/vox-lorca-propone-un-plan-integral-para-frenar-la-despoblacion-e-impulsar-el-turismo-en-el-litoral-lorquino-morata-ramonete-y-garrobillo-no-pueden-seguir-muriendo-en-silencio\/","og_site_name":"AREA LORCA RADIO","article_published_time":"2025-07-22T10:39:03+00:00","og_image":[{"width":2560,"height":1920,"url":"https:\/\/arealorcaradio.es\/wp-content\/uploads\/2025\/07\/Jose-Martinez-Vox-2-scaled.jpg","type":"image\/jpeg"}],"author":"Paco S\u00e1nchez","twitter_card":"summary_large_image","twitter_misc":{"Escrito por":"Paco S\u00e1nchez","Tiempo de lectura":"2 minutos"},"schema":{"@context":"https:\/\/schema.org","@graph":[{"@type":"Article","@id":"https:\/\/arealorcaradio.es\/index.php\/2025\/07\/22\/vox-lorca-propone-un-plan-integral-para-frenar-la-despoblacion-e-impulsar-el-turismo-en-el-litoral-lorquino-morata-ramonete-y-garrobillo-no-pueden-seguir-muriendo-en-silencio\/#article","isPartOf":{"@id":"https:\/\/arealorcaradio.es\/index.php\/2025\/07\/22\/vox-lorca-propone-un-plan-integral-para-frenar-la-despoblacion-e-impulsar-el-turismo-en-el-litoral-lorquino-morata-ramonete-y-garrobillo-no-pueden-seguir-muriendo-en-silencio\/"},"author":{"name":"Paco S\u00e1nchez","@id":"https:\/\/arealorcaradio.es\/#\/schema\/person\/9fae605fc25b0f2c83c1ab207139bd27"},"headline":"VOX Lorca propone un plan integral para frenar la despoblaci\u00f3n e impulsar el turismo en el litoral lorquino: \u201cMorata, Ramonete y Garrobillo no pueden seguir muriendo en silencio\u201d","datePublished":"2025-07-22T10:39:03+00:00","mainEntityOfPage":{"@id":"https:\/\/arealorcaradio.es\/index.php\/2025\/07\/22\/vox-lorca-propone-un-plan-integral-para-frenar-la-despoblacion-e-impulsar-el-turismo-en-el-litoral-lorquino-morata-ramonete-y-garrobillo-no-pueden-seguir-muriendo-en-silencio\/"},"wordCount":403,"commentCount":0,"image":{"@id":"https:\/\/arealorcaradio.es\/index.php\/2025\/07\/22\/vox-lorca-propone-un-plan-integral-para-frenar-la-despoblacion-e-impulsar-el-turismo-en-el-litoral-lorquino-morata-ramonete-y-garrobillo-no-pueden-seguir-muriendo-en-silencio\/#primaryimage"},"thumbnailUrl":"https:\/\/arealorcaradio.es\/wp-content\/uploads\/2025\/07\/Jose-Martinez-Vox-2-scaled.jpg","articleSection":["ACTUALIDAD","LORCA"],"inLanguage":"es","potentialAction":[{"@type":"CommentAction","name":"Comment","target":["https:\/\/arealorcaradio.es\/index.php\/2025\/07\/22\/vox-lorca-propone-un-plan-integral-para-frenar-la-despoblacion-e-impulsar-el-turismo-en-el-litoral-lorquino-morata-ramonete-y-garrobillo-no-pueden-seguir-muriendo-en-silencio\/#respond"]}]},{"@type":"WebPage","@id":"https:\/\/arealorcaradio.es\/index.php\/2025\/07\/22\/vox-lorca-propone-un-plan-integral-para-frenar-la-despoblacion-e-impulsar-el-turismo-en-el-litoral-lorquino-morata-ramonete-y-garrobillo-no-pueden-seguir-muriendo-en-silencio\/","url":"https:\/\/arealorcaradio.es\/index.php\/2025\/07\/22\/vox-lorca-propone-un-plan-integral-para-frenar-la-despoblacion-e-impulsar-el-turismo-en-el-litoral-lorquino-morata-ramonete-y-garrobillo-no-pueden-seguir-muriendo-en-silencio\/","name":"VOX Lorca propone un plan integral para frenar la despoblaci\u00f3n e impulsar el turismo en el litoral lorquino: \u201cMorata, Ramonete y Garrobillo no pueden seguir muriendo en silencio\u201d - AREA LORCA RADIO","isPartOf":{"@id":"https:\/\/arealorcaradio.es\/#website"},"primaryImageOfPage":{"@id":"https:\/\/arealorcaradio.es\/index.php\/2025\/07\/22\/vox-lorca-propone-un-plan-integral-para-frenar-la-despoblacion-e-impulsar-el-turismo-en-el-litoral-lorquino-morata-ramonete-y-garrobillo-no-pueden-seguir-muriendo-en-silencio\/#primaryimage"},"image":{"@id":"https:\/\/arealorcaradio.es\/index.php\/2025\/07\/22\/vox-lorca-propone-un-plan-integral-para-frenar-la-despoblacion-e-impulsar-el-turismo-en-el-litoral-lorquino-morata-ramonete-y-garrobillo-no-pueden-seguir-muriendo-en-silencio\/#primaryimage"},"thumbnailUrl":"https:\/\/arealorcaradio.es\/wp-content\/uploads\/2025\/07\/Jose-Martinez-Vox-2-scaled.jpg","datePublished":"2025-07-22T10:39:03+00:00","author":{"@id":"https:\/\/arealorcaradio.es\/#\/schema\/person\/9fae605fc25b0f2c83c1ab207139bd27"},"breadcrumb":{"@id":"https:\/\/arealorcaradio.es\/index.php\/2025\/07\/22\/vox-lorca-propone-un-plan-integral-para-frenar-la-despoblacion-e-impulsar-el-turismo-en-el-litoral-lorquino-morata-ramonete-y-garrobillo-no-pueden-seguir-muriendo-en-silencio\/#breadcrumb"},"inLanguage":"es","potentialAction":[{"@type":"ReadAction","target":["https:\/\/arealorcaradio.es\/index.php\/2025\/07\/22\/vox-lorca-propone-un-plan-integral-para-frenar-la-despoblacion-e-impulsar-el-turismo-en-el-litoral-lorquino-morata-ramonete-y-garrobillo-no-pueden-seguir-muriendo-en-silencio\/"]}]},{"@type":"ImageObject","inLanguage":"es","@id":"https:\/\/arealorcaradio.es\/index.php\/2025\/07\/22\/vox-lorca-propone-un-plan-integral-para-frenar-la-despoblacion-e-impulsar-el-turismo-en-el-litoral-lorquino-morata-ramonete-y-garrobillo-no-pueden-seguir-muriendo-en-silencio\/#primaryimage","url":"https:\/\/arealorcaradio.es\/wp-content\/uploads\/2025\/07\/Jose-Martinez-Vox-2-scaled.jpg","contentUrl":"https:\/\/arealorcaradio.es\/wp-content\/uploads\/2025\/07\/Jose-Martinez-Vox-2-scaled.jpg","width":2560,"height":1920},{"@type":"BreadcrumbList","@id":"https:\/\/arealorcaradio.es\/index.php\/2025\/07\/22\/vox-lorca-propone-un-plan-integral-para-frenar-la-despoblacion-e-impulsar-el-turismo-en-el-litoral-lorquino-morata-ramonete-y-garrobillo-no-pueden-seguir-muriendo-en-silencio\/#breadcrumb","itemListElement":[{"@type":"ListItem","position":1,"name":"Portada","item":"https:\/\/arealorcaradio.es\/"},{"@type":"ListItem","position":2,"name":"VOX Lorca propone un plan integral para frenar la despoblaci\u00f3n e impulsar el turismo en el litoral lorquino: \u201cMorata, Ramonete y Garrobillo no pueden seguir muriendo en silencio\u201d"}]},{"@type":"WebSite","@id":"https:\/\/arealorcaradio.es\/#website","url":"https:\/\/arealorcaradio.es\/","name":"AREA LORCA RADIO","description":"Descubre la programaci\u00f3n actual en \u00c1rea Lorca Radio, tu fuente de entrenamiento y noticias locales. Sintoniza ahora y mantente conectado online.","potentialAction":[{"@type":"SearchAction","target":{"@type":"EntryPoint","urlTemplate":"https:\/\/arealorcaradio.es\/?s={search_term_string}"},"query-input":{"@type":"PropertyValueSpecification","valueRequired":true,"valueName":"search_term_string"}}],"inLanguage":"es"},{"@type":"Person","@id":"https:\/\/arealorcaradio.es\/#\/schema\/person\/9fae605fc25b0f2c83c1ab207139bd27","name":"Paco S\u00e1nchez","image":{"@type":"ImageObject","inLanguage":"es","@id":"https:\/\/secure.gravatar.com\/avatar\/d67144e966420fb74aa84c9f2a0103be4724fd14db52b52d3b6bca749f257e79?s=96&d=mm&r=g","url":"https:\/\/secure.gravatar.com\/avatar\/d67144e966420fb74aa84c9f2a0103be4724fd14db52b52d3b6bca749f257e79?s=96&d=mm&r=g","contentUrl":"https:\/\/secure.gravatar.com\/avatar\/d67144e966420fb74aa84c9f2a0103be4724fd14db52b52d3b6bca749f257e79?s=96&d=mm&r=g","caption":"Paco S\u00e1nchez"},"sameAs":["https:\/\/arealorcaradio.es"],"url":"https:\/\/arealorcaradio.es\/index.php\/author\/admin_alorcaradio\/"}]}},"_links":{"self":[{"href":"https:\/\/arealorcaradio.es\/index.php\/wp-json\/wp\/v2\/posts\/7434","targetHints":{"allow":["GET"]}}],"collection":[{"href":"https:\/\/arealorcaradio.es\/index.php\/wp-json\/wp\/v2\/posts"}],"about":[{"href":"https:\/\/arealorcaradio.es\/index.php\/wp-json\/wp\/v2\/types\/post"}],"author":[{"embeddable":true,"href":"https:\/\/arealorcaradio.es\/index.php\/wp-json\/wp\/v2\/users\/1"}],"replies":[{"embeddable":true,"href":"https:\/\/arealorcaradio.es\/index.php\/wp-json\/wp\/v2\/comments?post=7434"}],"version-history":[{"count":1,"href":"https:\/\/arealorcaradio.es\/index.php\/wp-json\/wp\/v2\/posts\/7434\/revisions"}],"predecessor-version":[{"id":7436,"href":"https:\/\/arealorcaradio.es\/index.php\/wp-json\/wp\/v2\/posts\/7434\/revisions\/7436"}],"wp:featuredmedia":[{"embeddable":true,"href":"https:\/\/arealorcaradio.es\/index.php\/wp-json\/wp\/v2\/media\/7435"}],"wp:attachment":[{"href":"https:\/\/arealorcaradio.es\/index.php\/wp-json\/wp\/v2\/media?parent=7434"}],"wp:term":[{"taxonomy":"category","embeddable":true,"href":"https:\/\/arealorcaradio.es\/index.php\/wp-json\/wp\/v2\/categories?post=7434"},{"taxonomy":"post_tag","embeddable":true,"href":"https:\/\/arealorcaradio.es\/index.php\/wp-json\/wp\/v2\/tags?post=7434"}],"curies":[{"name":"wp","href":"https:\/\/api.w.org\/{rel}","templated":true}]}}