{"id":7429,"date":"2025-07-22T10:23:31","date_gmt":"2025-07-22T10:23:31","guid":{"rendered":"https:\/\/arealorcaradio.es\/?p=7429"},"modified":"2025-07-22T10:23:31","modified_gmt":"2025-07-22T10:23:31","slug":"lorquinos-y-visitantes-podran-disfrutar-por-primera-vez-este-verano-de-la-noche-de-perseidas-en-la-pedania-de-la-parroquia","status":"publish","type":"post","link":"https:\/\/arealorcaradio.es\/index.php\/2025\/07\/22\/lorquinos-y-visitantes-podran-disfrutar-por-primera-vez-este-verano-de-la-noche-de-perseidas-en-la-pedania-de-la-parroquia\/","title":{"rendered":"Lorquinos y visitantes podr\u00e1n disfrutar por primera vez este verano de la &#8216;Noche de Perseidas&#8217; en la pedan\u00eda de La Parroquia"},"content":{"rendered":"<p><strong>\u00c1REA LORCA RADIO. Turismo.<\/strong><\/p>\n<p><strong>22 de julio de 2025<\/strong>. El concejal de Turismo del Ayuntamiento de Lorca, Santiago Parra, ha informado este martes que desde el Gobierno de Lorca se ha organizado por primera vez en una pedan\u00eda del municipio, concretamente en La Parroquia, una observaci\u00f3n de lluvia de estrellas conocida como las &#8216;Perseidas&#8217; o &#8216;L\u00e1grimas de San Lorenzo&#8217;. Se trata de una novedosa actividad tendr\u00e1 lugar el pr\u00f3ximo 11 de agosto a las 21:30 horas en el campo de f\u00fatbol de La Parroquia y que promete ofrecer una noche m\u00e1gica a todos los asistentes.<\/p>\n<p><img loading=\"lazy\" decoding=\"async\" class=\"alignnone size-medium wp-image-7430\" src=\"https:\/\/arealorcaradio.es\/wp-content\/uploads\/2025\/07\/foto1-46-300x200.jpeg\" alt=\"\" width=\"300\" height=\"200\" srcset=\"https:\/\/arealorcaradio.es\/wp-content\/uploads\/2025\/07\/foto1-46-300x200.jpeg 300w, https:\/\/arealorcaradio.es\/wp-content\/uploads\/2025\/07\/foto1-46-1024x683.jpeg 1024w, https:\/\/arealorcaradio.es\/wp-content\/uploads\/2025\/07\/foto1-46-768x512.jpeg 768w, https:\/\/arealorcaradio.es\/wp-content\/uploads\/2025\/07\/foto1-46-1536x1024.jpeg 1536w, https:\/\/arealorcaradio.es\/wp-content\/uploads\/2025\/07\/foto1-46-2048x1365.jpeg 2048w\" sizes=\"auto, (max-width: 300px) 100vw, 300px\" \/><\/p>\n<p>Santiago Parra ha destacado que \u00abesta es la primera vez que traemos una experiencia astron\u00f3mica de este tipo a una pedan\u00eda, y lo hacemos con la firme convicci\u00f3n de que nuestras pedan\u00edas merecen protagonismo y propuestas culturales y tur\u00edsticas que ayuden a ponerlas en valor, ya que tienen un potencial inmenso que estamos decididos a seguir visibilizando. N\u00facleos rurales como La Parroquia, con sus cielos limpios y su escasa contaminaci\u00f3n lum\u00ednica, son escenarios privilegiados para contemplar fen\u00f3menos como las Perseidas\u00bb.<\/p>\n<p>Las Perseidas, ha explicado el concejal de Turismo, \u00abson uno de los espect\u00e1culos astron\u00f3micos m\u00e1s impresionantes del a\u00f1o. Se producen cuando fragmentos del cometa Swift-Tuttle, descubierto en 1862, entran en contacto con la atm\u00f3sfera terrestre, generando destellos brillantes en el cielo que parecen nacer de la constelaci\u00f3n de Perseo\u00bb.<\/p>\n<p>Y ha a\u00f1adido que \u00abel entorno natural y la altitud de La Parroquia permitir\u00e1n disfrutar de una visi\u00f3n clara del firmamento, sin necesidad de telescopios ni instrumentos especiales. En estas condiciones, los asistentes podr\u00e1n contemplar no s\u00f3lo las Perseidas, sino hasta m\u00e1s de 3.500 estrellas, frente a las apenas 15 o 20 visibles desde n\u00facleos urbanos\u00bb.<\/p>\n<p>La actividad contar\u00e1 con un \u00fanico pase y es apta para todos los p\u00fablicos. Las entradas se pueden adquirir a trav\u00e9s del c\u00f3digo QR disponible en cartel de la actividad, o a trav\u00e9s de la p\u00e1gina web\u00a0<a href=\"http:\/\/www.visitlorca.com\/\" target=\"_blank\" rel=\"noopener noreferrer\">www.visitlorca.com<\/a>, y el aforo es limitado. Adem\u00e1s, la cafeter\u00eda de la piscina permanecer\u00e1 abierta durante el evento para completar la experiencia con una oferta gastron\u00f3mica y de ocio.<\/p>\n<p>El evento est\u00e1 enmarcado dentro del plan del Gobierno de Lorca para dinamizar las pedan\u00edas y promover el turismo de interior. \u00abEstamos trabajando para que todas las zonas de Lorca formen parte del impulso tur\u00edstico que merece nuestro municipio. Y esta noche de Perseidas en La Parroquia es un paso m\u00e1s en ese camino\u00bb, ha se\u00f1alado el Parra Soriano.<\/p>\n<p>\u00abQueremos que tanto lorquinos como visitantes vivan una noche m\u00e1gica en uno de los rincones m\u00e1s especiales de nuestro municipio. Esta propuesta, junto a la belleza del atardecer lorquino y la tranquilidad del entorno, convierte a La Parroquia en un destino ideal para desconectar, reconectar con la naturaleza y el cielo estrellado, descubrir la riqueza de nuestras zonas rurales, y disfrutar de una noche m\u00e1gica gracias a la lluvia de estrellas\u00bb, ha concluido el edil de Turismo.<\/p>\n<p><img loading=\"lazy\" decoding=\"async\" class=\"alignnone size-medium wp-image-7431\" src=\"https:\/\/arealorcaradio.es\/wp-content\/uploads\/2025\/07\/CARTEL-5-212x300.jpeg\" alt=\"\" width=\"212\" height=\"300\" srcset=\"https:\/\/arealorcaradio.es\/wp-content\/uploads\/2025\/07\/CARTEL-5-212x300.jpeg 212w, https:\/\/arealorcaradio.es\/wp-content\/uploads\/2025\/07\/CARTEL-5-724x1024.jpeg 724w, https:\/\/arealorcaradio.es\/wp-content\/uploads\/2025\/07\/CARTEL-5-768x1086.jpeg 768w, https:\/\/arealorcaradio.es\/wp-content\/uploads\/2025\/07\/CARTEL-5-1086x1536.jpeg 1086w, https:\/\/arealorcaradio.es\/wp-content\/uploads\/2025\/07\/CARTEL-5.jpeg 1448w\" sizes=\"auto, (max-width: 212px) 100vw, 212px\" \/><\/p>\n","protected":false},"excerpt":{"rendered":"<p>\u00c1REA LORCA RADIO. Turismo. 22 de julio de 2025. El concejal de Turismo del Ayuntamiento de Lorca, Santiago Parra, ha informado este martes que desde el Gobierno de Lorca se ha organizado por primera vez en una pedan\u00eda del municipio, concretamente en La Parroquia, una observaci\u00f3n de lluvia de estrellas conocida como las &#8216;Perseidas&#8217; o [&hellip;]<\/p>\n","protected":false},"author":1,"featured_media":7432,"comment_status":"open","ping_status":"open","sticky":false,"template":"","format":"standard","meta":{"iawp_total_views":9,"footnotes":""},"categories":[5,7],"tags":[],"class_list":["post-7429","post","type-post","status-publish","format-standard","has-post-thumbnail","hentry","category-actualidad","category-lorca"],"yoast_head":"<!-- This site is optimized with the Yoast SEO plugin v27.5 - https:\/\/yoast.com\/product\/yoast-seo-wordpress\/ -->\n<title>Lorquinos y visitantes podr\u00e1n disfrutar por primera vez este verano de la &#039;Noche de Perseidas&#039; en la pedan\u00eda de La Parroquia - AREA LORCA RADIO<\/title>\n<meta name=\"robots\" content=\"index, follow, max-snippet:-1, max-image-preview:large, max-video-preview:-1\" \/>\n<link rel=\"canonical\" href=\"https:\/\/arealorcaradio.es\/index.php\/2025\/07\/22\/lorquinos-y-visitantes-podran-disfrutar-por-primera-vez-este-verano-de-la-noche-de-perseidas-en-la-pedania-de-la-parroquia\/\" \/>\n<meta property=\"og:locale\" content=\"es_ES\" \/>\n<meta property=\"og:type\" content=\"article\" \/>\n<meta property=\"og:title\" content=\"Lorquinos y visitantes podr\u00e1n disfrutar por primera vez este verano de la &#039;Noche de Perseidas&#039; en la pedan\u00eda de La Parroquia - AREA LORCA RADIO\" \/>\n<meta property=\"og:description\" content=\"\u00c1REA LORCA RADIO. Turismo. 22 de julio de 2025. El concejal de Turismo del Ayuntamiento de Lorca, Santiago Parra, ha informado este martes que desde el Gobierno de Lorca se ha organizado por primera vez en una pedan\u00eda del municipio, concretamente en La Parroquia, una observaci\u00f3n de lluvia de estrellas conocida como las &#8216;Perseidas&#8217; o [&hellip;]\" \/>\n<meta property=\"og:url\" content=\"https:\/\/arealorcaradio.es\/index.php\/2025\/07\/22\/lorquinos-y-visitantes-podran-disfrutar-por-primera-vez-este-verano-de-la-noche-de-perseidas-en-la-pedania-de-la-parroquia\/\" \/>\n<meta property=\"og:site_name\" content=\"AREA LORCA RADIO\" \/>\n<meta property=\"article:published_time\" content=\"2025-07-22T10:23:31+00:00\" \/>\n<meta property=\"og:image\" content=\"https:\/\/arealorcaradio.es\/wp-content\/uploads\/2025\/07\/foto3-30-scaled.jpeg\" \/>\n\t<meta property=\"og:image:width\" content=\"2560\" \/>\n\t<meta property=\"og:image:height\" content=\"1707\" \/>\n\t<meta property=\"og:image:type\" content=\"image\/jpeg\" \/>\n<meta name=\"author\" content=\"Paco S\u00e1nchez\" \/>\n<meta name=\"twitter:card\" content=\"summary_large_image\" \/>\n<meta name=\"twitter:label1\" content=\"Escrito por\" \/>\n\t<meta name=\"twitter:data1\" content=\"Paco S\u00e1nchez\" \/>\n\t<meta name=\"twitter:label2\" content=\"Tiempo de lectura\" \/>\n\t<meta name=\"twitter:data2\" content=\"3 minutos\" \/>\n<script type=\"application\/ld+json\" class=\"yoast-schema-graph\">{\"@context\":\"https:\\\/\\\/schema.org\",\"@graph\":[{\"@type\":\"Article\",\"@id\":\"https:\\\/\\\/arealorcaradio.es\\\/index.php\\\/2025\\\/07\\\/22\\\/lorquinos-y-visitantes-podran-disfrutar-por-primera-vez-este-verano-de-la-noche-de-perseidas-en-la-pedania-de-la-parroquia\\\/#article\",\"isPartOf\":{\"@id\":\"https:\\\/\\\/arealorcaradio.es\\\/index.php\\\/2025\\\/07\\\/22\\\/lorquinos-y-visitantes-podran-disfrutar-por-primera-vez-este-verano-de-la-noche-de-perseidas-en-la-pedania-de-la-parroquia\\\/\"},\"author\":{\"name\":\"Paco S\u00e1nchez\",\"@id\":\"https:\\\/\\\/arealorcaradio.es\\\/#\\\/schema\\\/person\\\/9fae605fc25b0f2c83c1ab207139bd27\"},\"headline\":\"Lorquinos y visitantes podr\u00e1n disfrutar por primera vez este verano de la &#8216;Noche de Perseidas&#8217; en la pedan\u00eda de La Parroquia\",\"datePublished\":\"2025-07-22T10:23:31+00:00\",\"mainEntityOfPage\":{\"@id\":\"https:\\\/\\\/arealorcaradio.es\\\/index.php\\\/2025\\\/07\\\/22\\\/lorquinos-y-visitantes-podran-disfrutar-por-primera-vez-este-verano-de-la-noche-de-perseidas-en-la-pedania-de-la-parroquia\\\/\"},\"wordCount\":541,\"commentCount\":0,\"image\":{\"@id\":\"https:\\\/\\\/arealorcaradio.es\\\/index.php\\\/2025\\\/07\\\/22\\\/lorquinos-y-visitantes-podran-disfrutar-por-primera-vez-este-verano-de-la-noche-de-perseidas-en-la-pedania-de-la-parroquia\\\/#primaryimage\"},\"thumbnailUrl\":\"https:\\\/\\\/arealorcaradio.es\\\/wp-content\\\/uploads\\\/2025\\\/07\\\/foto3-30-scaled.jpeg\",\"articleSection\":[\"ACTUALIDAD\",\"LORCA\"],\"inLanguage\":\"es\",\"potentialAction\":[{\"@type\":\"CommentAction\",\"name\":\"Comment\",\"target\":[\"https:\\\/\\\/arealorcaradio.es\\\/index.php\\\/2025\\\/07\\\/22\\\/lorquinos-y-visitantes-podran-disfrutar-por-primera-vez-este-verano-de-la-noche-de-perseidas-en-la-pedania-de-la-parroquia\\\/#respond\"]}]},{\"@type\":\"WebPage\",\"@id\":\"https:\\\/\\\/arealorcaradio.es\\\/index.php\\\/2025\\\/07\\\/22\\\/lorquinos-y-visitantes-podran-disfrutar-por-primera-vez-este-verano-de-la-noche-de-perseidas-en-la-pedania-de-la-parroquia\\\/\",\"url\":\"https:\\\/\\\/arealorcaradio.es\\\/index.php\\\/2025\\\/07\\\/22\\\/lorquinos-y-visitantes-podran-disfrutar-por-primera-vez-este-verano-de-la-noche-de-perseidas-en-la-pedania-de-la-parroquia\\\/\",\"name\":\"Lorquinos y visitantes podr\u00e1n disfrutar por primera vez este verano de la 'Noche de Perseidas' en la pedan\u00eda de La Parroquia - AREA LORCA RADIO\",\"isPartOf\":{\"@id\":\"https:\\\/\\\/arealorcaradio.es\\\/#website\"},\"primaryImageOfPage\":{\"@id\":\"https:\\\/\\\/arealorcaradio.es\\\/index.php\\\/2025\\\/07\\\/22\\\/lorquinos-y-visitantes-podran-disfrutar-por-primera-vez-este-verano-de-la-noche-de-perseidas-en-la-pedania-de-la-parroquia\\\/#primaryimage\"},\"image\":{\"@id\":\"https:\\\/\\\/arealorcaradio.es\\\/index.php\\\/2025\\\/07\\\/22\\\/lorquinos-y-visitantes-podran-disfrutar-por-primera-vez-este-verano-de-la-noche-de-perseidas-en-la-pedania-de-la-parroquia\\\/#primaryimage\"},\"thumbnailUrl\":\"https:\\\/\\\/arealorcaradio.es\\\/wp-content\\\/uploads\\\/2025\\\/07\\\/foto3-30-scaled.jpeg\",\"datePublished\":\"2025-07-22T10:23:31+00:00\",\"author\":{\"@id\":\"https:\\\/\\\/arealorcaradio.es\\\/#\\\/schema\\\/person\\\/9fae605fc25b0f2c83c1ab207139bd27\"},\"breadcrumb\":{\"@id\":\"https:\\\/\\\/arealorcaradio.es\\\/index.php\\\/2025\\\/07\\\/22\\\/lorquinos-y-visitantes-podran-disfrutar-por-primera-vez-este-verano-de-la-noche-de-perseidas-en-la-pedania-de-la-parroquia\\\/#breadcrumb\"},\"inLanguage\":\"es\",\"potentialAction\":[{\"@type\":\"ReadAction\",\"target\":[\"https:\\\/\\\/arealorcaradio.es\\\/index.php\\\/2025\\\/07\\\/22\\\/lorquinos-y-visitantes-podran-disfrutar-por-primera-vez-este-verano-de-la-noche-de-perseidas-en-la-pedania-de-la-parroquia\\\/\"]}]},{\"@type\":\"ImageObject\",\"inLanguage\":\"es\",\"@id\":\"https:\\\/\\\/arealorcaradio.es\\\/index.php\\\/2025\\\/07\\\/22\\\/lorquinos-y-visitantes-podran-disfrutar-por-primera-vez-este-verano-de-la-noche-de-perseidas-en-la-pedania-de-la-parroquia\\\/#primaryimage\",\"url\":\"https:\\\/\\\/arealorcaradio.es\\\/wp-content\\\/uploads\\\/2025\\\/07\\\/foto3-30-scaled.jpeg\",\"contentUrl\":\"https:\\\/\\\/arealorcaradio.es\\\/wp-content\\\/uploads\\\/2025\\\/07\\\/foto3-30-scaled.jpeg\",\"width\":2560,\"height\":1707},{\"@type\":\"BreadcrumbList\",\"@id\":\"https:\\\/\\\/arealorcaradio.es\\\/index.php\\\/2025\\\/07\\\/22\\\/lorquinos-y-visitantes-podran-disfrutar-por-primera-vez-este-verano-de-la-noche-de-perseidas-en-la-pedania-de-la-parroquia\\\/#breadcrumb\",\"itemListElement\":[{\"@type\":\"ListItem\",\"position\":1,\"name\":\"Portada\",\"item\":\"https:\\\/\\\/arealorcaradio.es\\\/\"},{\"@type\":\"ListItem\",\"position\":2,\"name\":\"Lorquinos y visitantes podr\u00e1n disfrutar por primera vez este verano de la &#8216;Noche de Perseidas&#8217; en la pedan\u00eda de La Parroquia\"}]},{\"@type\":\"WebSite\",\"@id\":\"https:\\\/\\\/arealorcaradio.es\\\/#website\",\"url\":\"https:\\\/\\\/arealorcaradio.es\\\/\",\"name\":\"AREA LORCA RADIO\",\"description\":\"Descubre la programaci\u00f3n actual en \u00c1rea Lorca Radio, tu fuente de entrenamiento y noticias locales. Sintoniza ahora y mantente conectado online.\",\"potentialAction\":[{\"@type\":\"SearchAction\",\"target\":{\"@type\":\"EntryPoint\",\"urlTemplate\":\"https:\\\/\\\/arealorcaradio.es\\\/?s={search_term_string}\"},\"query-input\":{\"@type\":\"PropertyValueSpecification\",\"valueRequired\":true,\"valueName\":\"search_term_string\"}}],\"inLanguage\":\"es\"},{\"@type\":\"Person\",\"@id\":\"https:\\\/\\\/arealorcaradio.es\\\/#\\\/schema\\\/person\\\/9fae605fc25b0f2c83c1ab207139bd27\",\"name\":\"Paco S\u00e1nchez\",\"image\":{\"@type\":\"ImageObject\",\"inLanguage\":\"es\",\"@id\":\"https:\\\/\\\/secure.gravatar.com\\\/avatar\\\/d67144e966420fb74aa84c9f2a0103be4724fd14db52b52d3b6bca749f257e79?s=96&d=mm&r=g\",\"url\":\"https:\\\/\\\/secure.gravatar.com\\\/avatar\\\/d67144e966420fb74aa84c9f2a0103be4724fd14db52b52d3b6bca749f257e79?s=96&d=mm&r=g\",\"contentUrl\":\"https:\\\/\\\/secure.gravatar.com\\\/avatar\\\/d67144e966420fb74aa84c9f2a0103be4724fd14db52b52d3b6bca749f257e79?s=96&d=mm&r=g\",\"caption\":\"Paco S\u00e1nchez\"},\"sameAs\":[\"https:\\\/\\\/arealorcaradio.es\"],\"url\":\"https:\\\/\\\/arealorcaradio.es\\\/index.php\\\/author\\\/admin_alorcaradio\\\/\"}]}<\/script>\n<!-- \/ Yoast SEO plugin. -->","yoast_head_json":{"title":"Lorquinos y visitantes podr\u00e1n disfrutar por primera vez este verano de la 'Noche de Perseidas' en la pedan\u00eda de La Parroquia - AREA LORCA RADIO","robots":{"index":"index","follow":"follow","max-snippet":"max-snippet:-1","max-image-preview":"max-image-preview:large","max-video-preview":"max-video-preview:-1"},"canonical":"https:\/\/arealorcaradio.es\/index.php\/2025\/07\/22\/lorquinos-y-visitantes-podran-disfrutar-por-primera-vez-este-verano-de-la-noche-de-perseidas-en-la-pedania-de-la-parroquia\/","og_locale":"es_ES","og_type":"article","og_title":"Lorquinos y visitantes podr\u00e1n disfrutar por primera vez este verano de la 'Noche de Perseidas' en la pedan\u00eda de La Parroquia - AREA LORCA RADIO","og_description":"\u00c1REA LORCA RADIO. Turismo. 22 de julio de 2025. El concejal de Turismo del Ayuntamiento de Lorca, Santiago Parra, ha informado este martes que desde el Gobierno de Lorca se ha organizado por primera vez en una pedan\u00eda del municipio, concretamente en La Parroquia, una observaci\u00f3n de lluvia de estrellas conocida como las &#8216;Perseidas&#8217; o [&hellip;]","og_url":"https:\/\/arealorcaradio.es\/index.php\/2025\/07\/22\/lorquinos-y-visitantes-podran-disfrutar-por-primera-vez-este-verano-de-la-noche-de-perseidas-en-la-pedania-de-la-parroquia\/","og_site_name":"AREA LORCA RADIO","article_published_time":"2025-07-22T10:23:31+00:00","og_image":[{"width":2560,"height":1707,"url":"https:\/\/arealorcaradio.es\/wp-content\/uploads\/2025\/07\/foto3-30-scaled.jpeg","type":"image\/jpeg"}],"author":"Paco S\u00e1nchez","twitter_card":"summary_large_image","twitter_misc":{"Escrito por":"Paco S\u00e1nchez","Tiempo de lectura":"3 minutos"},"schema":{"@context":"https:\/\/schema.org","@graph":[{"@type":"Article","@id":"https:\/\/arealorcaradio.es\/index.php\/2025\/07\/22\/lorquinos-y-visitantes-podran-disfrutar-por-primera-vez-este-verano-de-la-noche-de-perseidas-en-la-pedania-de-la-parroquia\/#article","isPartOf":{"@id":"https:\/\/arealorcaradio.es\/index.php\/2025\/07\/22\/lorquinos-y-visitantes-podran-disfrutar-por-primera-vez-este-verano-de-la-noche-de-perseidas-en-la-pedania-de-la-parroquia\/"},"author":{"name":"Paco S\u00e1nchez","@id":"https:\/\/arealorcaradio.es\/#\/schema\/person\/9fae605fc25b0f2c83c1ab207139bd27"},"headline":"Lorquinos y visitantes podr\u00e1n disfrutar por primera vez este verano de la &#8216;Noche de Perseidas&#8217; en la pedan\u00eda de La Parroquia","datePublished":"2025-07-22T10:23:31+00:00","mainEntityOfPage":{"@id":"https:\/\/arealorcaradio.es\/index.php\/2025\/07\/22\/lorquinos-y-visitantes-podran-disfrutar-por-primera-vez-este-verano-de-la-noche-de-perseidas-en-la-pedania-de-la-parroquia\/"},"wordCount":541,"commentCount":0,"image":{"@id":"https:\/\/arealorcaradio.es\/index.php\/2025\/07\/22\/lorquinos-y-visitantes-podran-disfrutar-por-primera-vez-este-verano-de-la-noche-de-perseidas-en-la-pedania-de-la-parroquia\/#primaryimage"},"thumbnailUrl":"https:\/\/arealorcaradio.es\/wp-content\/uploads\/2025\/07\/foto3-30-scaled.jpeg","articleSection":["ACTUALIDAD","LORCA"],"inLanguage":"es","potentialAction":[{"@type":"CommentAction","name":"Comment","target":["https:\/\/arealorcaradio.es\/index.php\/2025\/07\/22\/lorquinos-y-visitantes-podran-disfrutar-por-primera-vez-este-verano-de-la-noche-de-perseidas-en-la-pedania-de-la-parroquia\/#respond"]}]},{"@type":"WebPage","@id":"https:\/\/arealorcaradio.es\/index.php\/2025\/07\/22\/lorquinos-y-visitantes-podran-disfrutar-por-primera-vez-este-verano-de-la-noche-de-perseidas-en-la-pedania-de-la-parroquia\/","url":"https:\/\/arealorcaradio.es\/index.php\/2025\/07\/22\/lorquinos-y-visitantes-podran-disfrutar-por-primera-vez-este-verano-de-la-noche-de-perseidas-en-la-pedania-de-la-parroquia\/","name":"Lorquinos y visitantes podr\u00e1n disfrutar por primera vez este verano de la 'Noche de Perseidas' en la pedan\u00eda de La Parroquia - AREA LORCA RADIO","isPartOf":{"@id":"https:\/\/arealorcaradio.es\/#website"},"primaryImageOfPage":{"@id":"https:\/\/arealorcaradio.es\/index.php\/2025\/07\/22\/lorquinos-y-visitantes-podran-disfrutar-por-primera-vez-este-verano-de-la-noche-de-perseidas-en-la-pedania-de-la-parroquia\/#primaryimage"},"image":{"@id":"https:\/\/arealorcaradio.es\/index.php\/2025\/07\/22\/lorquinos-y-visitantes-podran-disfrutar-por-primera-vez-este-verano-de-la-noche-de-perseidas-en-la-pedania-de-la-parroquia\/#primaryimage"},"thumbnailUrl":"https:\/\/arealorcaradio.es\/wp-content\/uploads\/2025\/07\/foto3-30-scaled.jpeg","datePublished":"2025-07-22T10:23:31+00:00","author":{"@id":"https:\/\/arealorcaradio.es\/#\/schema\/person\/9fae605fc25b0f2c83c1ab207139bd27"},"breadcrumb":{"@id":"https:\/\/arealorcaradio.es\/index.php\/2025\/07\/22\/lorquinos-y-visitantes-podran-disfrutar-por-primera-vez-este-verano-de-la-noche-de-perseidas-en-la-pedania-de-la-parroquia\/#breadcrumb"},"inLanguage":"es","potentialAction":[{"@type":"ReadAction","target":["https:\/\/arealorcaradio.es\/index.php\/2025\/07\/22\/lorquinos-y-visitantes-podran-disfrutar-por-primera-vez-este-verano-de-la-noche-de-perseidas-en-la-pedania-de-la-parroquia\/"]}]},{"@type":"ImageObject","inLanguage":"es","@id":"https:\/\/arealorcaradio.es\/index.php\/2025\/07\/22\/lorquinos-y-visitantes-podran-disfrutar-por-primera-vez-este-verano-de-la-noche-de-perseidas-en-la-pedania-de-la-parroquia\/#primaryimage","url":"https:\/\/arealorcaradio.es\/wp-content\/uploads\/2025\/07\/foto3-30-scaled.jpeg","contentUrl":"https:\/\/arealorcaradio.es\/wp-content\/uploads\/2025\/07\/foto3-30-scaled.jpeg","width":2560,"height":1707},{"@type":"BreadcrumbList","@id":"https:\/\/arealorcaradio.es\/index.php\/2025\/07\/22\/lorquinos-y-visitantes-podran-disfrutar-por-primera-vez-este-verano-de-la-noche-de-perseidas-en-la-pedania-de-la-parroquia\/#breadcrumb","itemListElement":[{"@type":"ListItem","position":1,"name":"Portada","item":"https:\/\/arealorcaradio.es\/"},{"@type":"ListItem","position":2,"name":"Lorquinos y visitantes podr\u00e1n disfrutar por primera vez este verano de la &#8216;Noche de Perseidas&#8217; en la pedan\u00eda de La Parroquia"}]},{"@type":"WebSite","@id":"https:\/\/arealorcaradio.es\/#website","url":"https:\/\/arealorcaradio.es\/","name":"AREA LORCA RADIO","description":"Descubre la programaci\u00f3n actual en \u00c1rea Lorca Radio, tu fuente de entrenamiento y noticias locales. Sintoniza ahora y mantente conectado online.","potentialAction":[{"@type":"SearchAction","target":{"@type":"EntryPoint","urlTemplate":"https:\/\/arealorcaradio.es\/?s={search_term_string}"},"query-input":{"@type":"PropertyValueSpecification","valueRequired":true,"valueName":"search_term_string"}}],"inLanguage":"es"},{"@type":"Person","@id":"https:\/\/arealorcaradio.es\/#\/schema\/person\/9fae605fc25b0f2c83c1ab207139bd27","name":"Paco S\u00e1nchez","image":{"@type":"ImageObject","inLanguage":"es","@id":"https:\/\/secure.gravatar.com\/avatar\/d67144e966420fb74aa84c9f2a0103be4724fd14db52b52d3b6bca749f257e79?s=96&d=mm&r=g","url":"https:\/\/secure.gravatar.com\/avatar\/d67144e966420fb74aa84c9f2a0103be4724fd14db52b52d3b6bca749f257e79?s=96&d=mm&r=g","contentUrl":"https:\/\/secure.gravatar.com\/avatar\/d67144e966420fb74aa84c9f2a0103be4724fd14db52b52d3b6bca749f257e79?s=96&d=mm&r=g","caption":"Paco S\u00e1nchez"},"sameAs":["https:\/\/arealorcaradio.es"],"url":"https:\/\/arealorcaradio.es\/index.php\/author\/admin_alorcaradio\/"}]}},"_links":{"self":[{"href":"https:\/\/arealorcaradio.es\/index.php\/wp-json\/wp\/v2\/posts\/7429","targetHints":{"allow":["GET"]}}],"collection":[{"href":"https:\/\/arealorcaradio.es\/index.php\/wp-json\/wp\/v2\/posts"}],"about":[{"href":"https:\/\/arealorcaradio.es\/index.php\/wp-json\/wp\/v2\/types\/post"}],"author":[{"embeddable":true,"href":"https:\/\/arealorcaradio.es\/index.php\/wp-json\/wp\/v2\/users\/1"}],"replies":[{"embeddable":true,"href":"https:\/\/arealorcaradio.es\/index.php\/wp-json\/wp\/v2\/comments?post=7429"}],"version-history":[{"count":1,"href":"https:\/\/arealorcaradio.es\/index.php\/wp-json\/wp\/v2\/posts\/7429\/revisions"}],"predecessor-version":[{"id":7433,"href":"https:\/\/arealorcaradio.es\/index.php\/wp-json\/wp\/v2\/posts\/7429\/revisions\/7433"}],"wp:featuredmedia":[{"embeddable":true,"href":"https:\/\/arealorcaradio.es\/index.php\/wp-json\/wp\/v2\/media\/7432"}],"wp:attachment":[{"href":"https:\/\/arealorcaradio.es\/index.php\/wp-json\/wp\/v2\/media?parent=7429"}],"wp:term":[{"taxonomy":"category","embeddable":true,"href":"https:\/\/arealorcaradio.es\/index.php\/wp-json\/wp\/v2\/categories?post=7429"},{"taxonomy":"post_tag","embeddable":true,"href":"https:\/\/arealorcaradio.es\/index.php\/wp-json\/wp\/v2\/tags?post=7429"}],"curies":[{"name":"wp","href":"https:\/\/api.w.org\/{rel}","templated":true}]}}