{"id":7425,"date":"2025-07-22T10:12:16","date_gmt":"2025-07-22T10:12:16","guid":{"rendered":"https:\/\/arealorcaradio.es\/?p=7425"},"modified":"2025-07-22T10:12:16","modified_gmt":"2025-07-22T10:12:16","slug":"el-psoe-propone-la-implantacion-en-lorca-de-un-ciclo-superior-de-fp-en-gestion-de-ventas-y-espacios-comerciales-para-fomentar-la-empleabilidad-en-nuestro-municipio","status":"publish","type":"post","link":"https:\/\/arealorcaradio.es\/index.php\/2025\/07\/22\/el-psoe-propone-la-implantacion-en-lorca-de-un-ciclo-superior-de-fp-en-gestion-de-ventas-y-espacios-comerciales-para-fomentar-la-empleabilidad-en-nuestro-municipio\/","title":{"rendered":"El PSOE propone la implantaci\u00f3n en Lorca de un ciclo superior de FP en Gesti\u00f3n de Ventas y Espacios Comerciales para fomentar la empleabilidad en nuestro municipio"},"content":{"rendered":"<p><strong>\u00c1REA LORCA RADIO. Educaci\u00f3n y Empleo.<\/strong><\/p>\n<p><b>Lorca, 22 de julio de 2025. <\/b>La concejala socialista en el Ayuntamiento de Lorca, Antonia P\u00e9rez, ha presentado una moci\u00f3n que se elevar\u00e1 al pleno municipal de julio, con la que el Grupo Municipal Socialista propone la incorporaci\u00f3n, en la oferta educativa del curso 2025\/2026, del Ciclo de Formaci\u00f3n Profesional de T\u00e9cnico Superior en Gesti\u00f3n de Ventas y Espacios Comerciales. Esta propuesta se dirige a la Consejer\u00eda de Educaci\u00f3n de la Regi\u00f3n de Murcia, con el fin de responder a las necesidades formativas y laborales del municipio, y de dar un impulso decisivo al comercio local.<\/p>\n<p class=\"v1MsoNormal\">P\u00e9rez ha subrayado que esta iniciativa parte de una preocupaci\u00f3n real por el futuro del peque\u00f1o comercio en Lorca, actualmente amenazado por el auge de las grandes superficies y las plataformas de venta online. \u00abQueremos que el comercio local sobreviva y se fortalezca, y eso pasa por una formaci\u00f3n de calidad, adaptada al contexto econ\u00f3mico actual y con salidas laborales concretas\u00bb, ha se\u00f1alado la edil. \u00abLa implantaci\u00f3n de este ciclo superior no solo reforzar\u00eda la empleabilidad de los j\u00f3venes de Lorca, sino que tambi\u00e9n contribuir\u00eda al desarrollo de un modelo de ciudad m\u00e1s competitivo, din\u00e1mica y atractiva para el visitante y el residente.\u00bb<\/p>\n<p class=\"v1MsoNormal\">Actualmente, esta titulaci\u00f3n solo se imparte en dos centros de toda la Regi\u00f3n de Murcia \u2013en Murcia capital y en Torre Pacheco\u2013 y no existe la posibilidad de cursarla de manera online, lo que obliga a muchas personas interesadas a desplazarse a decenas de kil\u00f3metros o, directamente, a renunciar a formarse. Lorca, con una red de institutos p\u00fablicos capacitada y espacios disponibles para su implantaci\u00f3n, se presenta como el lugar id\u00f3neo para ampliar esta oferta educativa, ya sea en horario matutino, vespertino o incluso en modalidad a distancia.<\/p>\n<p class=\"v1MsoNormal\">La concejala recuerda que el t\u00edtulo de T\u00e9cnico Superior en Gesti\u00f3n de Ventas y Espacios Comerciales est\u00e1 regulado por el Real Decreto 1573\/2011 y sus modificaciones posteriores, y est\u00e1 concebido para capacitar a profesionales que gestionen operaciones comerciales y dise\u00f1en espacios de venta en base a criterios de calidad y eficacia. \u00abHablamos de una formaci\u00f3n con aplicaciones laborales concretas: jefes de ventas, encargados de tienda, escaparatistas, responsables de promociones o dise\u00f1adores de espacios comerciales, perfiles todos ellos que podr\u00edan reactivar el tejido comercial de nuestro municipio\u00bb, ha apuntado P\u00e9rez.<\/p>\n<p class=\"v1MsoNormal\">Con esta propuesta, el PSOE de Lorca busca consolidar una oferta educativa p\u00fablica que sea \u00fatil, moderna y orientada al empleo, especialmente en sectores estrat\u00e9gicos para el desarrollo local. \u00abReforzar la conexi\u00f3n entre formaci\u00f3n y empresa es apostar por el futuro de Lorca. Por eso pedimos a la Consejer\u00eda de Educaci\u00f3n que escuche esta demanda y mejore no solo la oferta educativa en Lorca, sino tambi\u00e9n la vida de los estudiantes que se ven obligados a desplazarse a otras ciudades diariamente\u00bb, ha concluido la edil.<\/p>\n","protected":false},"excerpt":{"rendered":"<p>\u00c1REA LORCA RADIO. Educaci\u00f3n y Empleo. Lorca, 22 de julio de 2025. La concejala socialista en el Ayuntamiento de Lorca, Antonia P\u00e9rez, ha presentado una moci\u00f3n que se elevar\u00e1 al pleno municipal de julio, con la que el Grupo Municipal Socialista propone la incorporaci\u00f3n, en la oferta educativa del curso 2025\/2026, del Ciclo de Formaci\u00f3n [&hellip;]<\/p>\n","protected":false},"author":1,"featured_media":7426,"comment_status":"open","ping_status":"open","sticky":false,"template":"","format":"standard","meta":{"iawp_total_views":10,"footnotes":""},"categories":[5,7],"tags":[],"class_list":["post-7425","post","type-post","status-publish","format-standard","has-post-thumbnail","hentry","category-actualidad","category-lorca"],"yoast_head":"<!-- This site is optimized with the Yoast SEO plugin v27.5 - https:\/\/yoast.com\/product\/yoast-seo-wordpress\/ -->\n<title>El PSOE propone la implantaci\u00f3n en Lorca de un ciclo superior de FP en Gesti\u00f3n de Ventas y Espacios Comerciales para fomentar la empleabilidad en nuestro municipio - AREA LORCA RADIO<\/title>\n<meta name=\"robots\" content=\"index, follow, max-snippet:-1, max-image-preview:large, max-video-preview:-1\" \/>\n<link rel=\"canonical\" href=\"https:\/\/arealorcaradio.es\/index.php\/2025\/07\/22\/el-psoe-propone-la-implantacion-en-lorca-de-un-ciclo-superior-de-fp-en-gestion-de-ventas-y-espacios-comerciales-para-fomentar-la-empleabilidad-en-nuestro-municipio\/\" \/>\n<meta property=\"og:locale\" content=\"es_ES\" \/>\n<meta property=\"og:type\" content=\"article\" \/>\n<meta property=\"og:title\" content=\"El PSOE propone la implantaci\u00f3n en Lorca de un ciclo superior de FP en Gesti\u00f3n de Ventas y Espacios Comerciales para fomentar la empleabilidad en nuestro municipio - AREA LORCA RADIO\" \/>\n<meta property=\"og:description\" content=\"\u00c1REA LORCA RADIO. Educaci\u00f3n y Empleo. Lorca, 22 de julio de 2025. La concejala socialista en el Ayuntamiento de Lorca, Antonia P\u00e9rez, ha presentado una moci\u00f3n que se elevar\u00e1 al pleno municipal de julio, con la que el Grupo Municipal Socialista propone la incorporaci\u00f3n, en la oferta educativa del curso 2025\/2026, del Ciclo de Formaci\u00f3n [&hellip;]\" \/>\n<meta property=\"og:url\" content=\"https:\/\/arealorcaradio.es\/index.php\/2025\/07\/22\/el-psoe-propone-la-implantacion-en-lorca-de-un-ciclo-superior-de-fp-en-gestion-de-ventas-y-espacios-comerciales-para-fomentar-la-empleabilidad-en-nuestro-municipio\/\" \/>\n<meta property=\"og:site_name\" content=\"AREA LORCA RADIO\" \/>\n<meta property=\"article:published_time\" content=\"2025-07-22T10:12:16+00:00\" \/>\n<meta property=\"og:image\" content=\"https:\/\/arealorcaradio.es\/wp-content\/uploads\/2025\/07\/Imagen-RdP-Antonia-Perez-Mocion-FP-Gestion-Ventas-y-Espacios-Comerciales-scaled.jpg\" \/>\n\t<meta property=\"og:image:width\" content=\"2560\" \/>\n\t<meta property=\"og:image:height\" content=\"1707\" \/>\n\t<meta property=\"og:image:type\" content=\"image\/jpeg\" \/>\n<meta name=\"author\" content=\"Paco S\u00e1nchez\" \/>\n<meta name=\"twitter:card\" content=\"summary_large_image\" \/>\n<meta name=\"twitter:label1\" content=\"Escrito por\" \/>\n\t<meta name=\"twitter:data1\" content=\"Paco S\u00e1nchez\" \/>\n\t<meta name=\"twitter:label2\" content=\"Tiempo de lectura\" \/>\n\t<meta name=\"twitter:data2\" content=\"3 minutos\" \/>\n<script type=\"application\/ld+json\" class=\"yoast-schema-graph\">{\"@context\":\"https:\\\/\\\/schema.org\",\"@graph\":[{\"@type\":\"Article\",\"@id\":\"https:\\\/\\\/arealorcaradio.es\\\/index.php\\\/2025\\\/07\\\/22\\\/el-psoe-propone-la-implantacion-en-lorca-de-un-ciclo-superior-de-fp-en-gestion-de-ventas-y-espacios-comerciales-para-fomentar-la-empleabilidad-en-nuestro-municipio\\\/#article\",\"isPartOf\":{\"@id\":\"https:\\\/\\\/arealorcaradio.es\\\/index.php\\\/2025\\\/07\\\/22\\\/el-psoe-propone-la-implantacion-en-lorca-de-un-ciclo-superior-de-fp-en-gestion-de-ventas-y-espacios-comerciales-para-fomentar-la-empleabilidad-en-nuestro-municipio\\\/\"},\"author\":{\"name\":\"Paco S\u00e1nchez\",\"@id\":\"https:\\\/\\\/arealorcaradio.es\\\/#\\\/schema\\\/person\\\/9fae605fc25b0f2c83c1ab207139bd27\"},\"headline\":\"El PSOE propone la implantaci\u00f3n en Lorca de un ciclo superior de FP en Gesti\u00f3n de Ventas y Espacios Comerciales para fomentar la empleabilidad en nuestro municipio\",\"datePublished\":\"2025-07-22T10:12:16+00:00\",\"mainEntityOfPage\":{\"@id\":\"https:\\\/\\\/arealorcaradio.es\\\/index.php\\\/2025\\\/07\\\/22\\\/el-psoe-propone-la-implantacion-en-lorca-de-un-ciclo-superior-de-fp-en-gestion-de-ventas-y-espacios-comerciales-para-fomentar-la-empleabilidad-en-nuestro-municipio\\\/\"},\"wordCount\":536,\"commentCount\":0,\"image\":{\"@id\":\"https:\\\/\\\/arealorcaradio.es\\\/index.php\\\/2025\\\/07\\\/22\\\/el-psoe-propone-la-implantacion-en-lorca-de-un-ciclo-superior-de-fp-en-gestion-de-ventas-y-espacios-comerciales-para-fomentar-la-empleabilidad-en-nuestro-municipio\\\/#primaryimage\"},\"thumbnailUrl\":\"https:\\\/\\\/arealorcaradio.es\\\/wp-content\\\/uploads\\\/2025\\\/07\\\/Imagen-RdP-Antonia-Perez-Mocion-FP-Gestion-Ventas-y-Espacios-Comerciales-scaled.jpg\",\"articleSection\":[\"ACTUALIDAD\",\"LORCA\"],\"inLanguage\":\"es\",\"potentialAction\":[{\"@type\":\"CommentAction\",\"name\":\"Comment\",\"target\":[\"https:\\\/\\\/arealorcaradio.es\\\/index.php\\\/2025\\\/07\\\/22\\\/el-psoe-propone-la-implantacion-en-lorca-de-un-ciclo-superior-de-fp-en-gestion-de-ventas-y-espacios-comerciales-para-fomentar-la-empleabilidad-en-nuestro-municipio\\\/#respond\"]}]},{\"@type\":\"WebPage\",\"@id\":\"https:\\\/\\\/arealorcaradio.es\\\/index.php\\\/2025\\\/07\\\/22\\\/el-psoe-propone-la-implantacion-en-lorca-de-un-ciclo-superior-de-fp-en-gestion-de-ventas-y-espacios-comerciales-para-fomentar-la-empleabilidad-en-nuestro-municipio\\\/\",\"url\":\"https:\\\/\\\/arealorcaradio.es\\\/index.php\\\/2025\\\/07\\\/22\\\/el-psoe-propone-la-implantacion-en-lorca-de-un-ciclo-superior-de-fp-en-gestion-de-ventas-y-espacios-comerciales-para-fomentar-la-empleabilidad-en-nuestro-municipio\\\/\",\"name\":\"El PSOE propone la implantaci\u00f3n en Lorca de un ciclo superior de FP en Gesti\u00f3n de Ventas y Espacios Comerciales para fomentar la empleabilidad en nuestro municipio - AREA LORCA RADIO\",\"isPartOf\":{\"@id\":\"https:\\\/\\\/arealorcaradio.es\\\/#website\"},\"primaryImageOfPage\":{\"@id\":\"https:\\\/\\\/arealorcaradio.es\\\/index.php\\\/2025\\\/07\\\/22\\\/el-psoe-propone-la-implantacion-en-lorca-de-un-ciclo-superior-de-fp-en-gestion-de-ventas-y-espacios-comerciales-para-fomentar-la-empleabilidad-en-nuestro-municipio\\\/#primaryimage\"},\"image\":{\"@id\":\"https:\\\/\\\/arealorcaradio.es\\\/index.php\\\/2025\\\/07\\\/22\\\/el-psoe-propone-la-implantacion-en-lorca-de-un-ciclo-superior-de-fp-en-gestion-de-ventas-y-espacios-comerciales-para-fomentar-la-empleabilidad-en-nuestro-municipio\\\/#primaryimage\"},\"thumbnailUrl\":\"https:\\\/\\\/arealorcaradio.es\\\/wp-content\\\/uploads\\\/2025\\\/07\\\/Imagen-RdP-Antonia-Perez-Mocion-FP-Gestion-Ventas-y-Espacios-Comerciales-scaled.jpg\",\"datePublished\":\"2025-07-22T10:12:16+00:00\",\"author\":{\"@id\":\"https:\\\/\\\/arealorcaradio.es\\\/#\\\/schema\\\/person\\\/9fae605fc25b0f2c83c1ab207139bd27\"},\"breadcrumb\":{\"@id\":\"https:\\\/\\\/arealorcaradio.es\\\/index.php\\\/2025\\\/07\\\/22\\\/el-psoe-propone-la-implantacion-en-lorca-de-un-ciclo-superior-de-fp-en-gestion-de-ventas-y-espacios-comerciales-para-fomentar-la-empleabilidad-en-nuestro-municipio\\\/#breadcrumb\"},\"inLanguage\":\"es\",\"potentialAction\":[{\"@type\":\"ReadAction\",\"target\":[\"https:\\\/\\\/arealorcaradio.es\\\/index.php\\\/2025\\\/07\\\/22\\\/el-psoe-propone-la-implantacion-en-lorca-de-un-ciclo-superior-de-fp-en-gestion-de-ventas-y-espacios-comerciales-para-fomentar-la-empleabilidad-en-nuestro-municipio\\\/\"]}]},{\"@type\":\"ImageObject\",\"inLanguage\":\"es\",\"@id\":\"https:\\\/\\\/arealorcaradio.es\\\/index.php\\\/2025\\\/07\\\/22\\\/el-psoe-propone-la-implantacion-en-lorca-de-un-ciclo-superior-de-fp-en-gestion-de-ventas-y-espacios-comerciales-para-fomentar-la-empleabilidad-en-nuestro-municipio\\\/#primaryimage\",\"url\":\"https:\\\/\\\/arealorcaradio.es\\\/wp-content\\\/uploads\\\/2025\\\/07\\\/Imagen-RdP-Antonia-Perez-Mocion-FP-Gestion-Ventas-y-Espacios-Comerciales-scaled.jpg\",\"contentUrl\":\"https:\\\/\\\/arealorcaradio.es\\\/wp-content\\\/uploads\\\/2025\\\/07\\\/Imagen-RdP-Antonia-Perez-Mocion-FP-Gestion-Ventas-y-Espacios-Comerciales-scaled.jpg\",\"width\":2560,\"height\":1707},{\"@type\":\"BreadcrumbList\",\"@id\":\"https:\\\/\\\/arealorcaradio.es\\\/index.php\\\/2025\\\/07\\\/22\\\/el-psoe-propone-la-implantacion-en-lorca-de-un-ciclo-superior-de-fp-en-gestion-de-ventas-y-espacios-comerciales-para-fomentar-la-empleabilidad-en-nuestro-municipio\\\/#breadcrumb\",\"itemListElement\":[{\"@type\":\"ListItem\",\"position\":1,\"name\":\"Portada\",\"item\":\"https:\\\/\\\/arealorcaradio.es\\\/\"},{\"@type\":\"ListItem\",\"position\":2,\"name\":\"El PSOE propone la implantaci\u00f3n en Lorca de un ciclo superior de FP en Gesti\u00f3n de Ventas y Espacios Comerciales para fomentar la empleabilidad en nuestro municipio\"}]},{\"@type\":\"WebSite\",\"@id\":\"https:\\\/\\\/arealorcaradio.es\\\/#website\",\"url\":\"https:\\\/\\\/arealorcaradio.es\\\/\",\"name\":\"AREA LORCA RADIO\",\"description\":\"Descubre la programaci\u00f3n actual en \u00c1rea Lorca Radio, tu fuente de entrenamiento y noticias locales. Sintoniza ahora y mantente conectado online.\",\"potentialAction\":[{\"@type\":\"SearchAction\",\"target\":{\"@type\":\"EntryPoint\",\"urlTemplate\":\"https:\\\/\\\/arealorcaradio.es\\\/?s={search_term_string}\"},\"query-input\":{\"@type\":\"PropertyValueSpecification\",\"valueRequired\":true,\"valueName\":\"search_term_string\"}}],\"inLanguage\":\"es\"},{\"@type\":\"Person\",\"@id\":\"https:\\\/\\\/arealorcaradio.es\\\/#\\\/schema\\\/person\\\/9fae605fc25b0f2c83c1ab207139bd27\",\"name\":\"Paco S\u00e1nchez\",\"image\":{\"@type\":\"ImageObject\",\"inLanguage\":\"es\",\"@id\":\"https:\\\/\\\/secure.gravatar.com\\\/avatar\\\/d67144e966420fb74aa84c9f2a0103be4724fd14db52b52d3b6bca749f257e79?s=96&d=mm&r=g\",\"url\":\"https:\\\/\\\/secure.gravatar.com\\\/avatar\\\/d67144e966420fb74aa84c9f2a0103be4724fd14db52b52d3b6bca749f257e79?s=96&d=mm&r=g\",\"contentUrl\":\"https:\\\/\\\/secure.gravatar.com\\\/avatar\\\/d67144e966420fb74aa84c9f2a0103be4724fd14db52b52d3b6bca749f257e79?s=96&d=mm&r=g\",\"caption\":\"Paco S\u00e1nchez\"},\"sameAs\":[\"https:\\\/\\\/arealorcaradio.es\"],\"url\":\"https:\\\/\\\/arealorcaradio.es\\\/index.php\\\/author\\\/admin_alorcaradio\\\/\"}]}<\/script>\n<!-- \/ Yoast SEO plugin. -->","yoast_head_json":{"title":"El PSOE propone la implantaci\u00f3n en Lorca de un ciclo superior de FP en Gesti\u00f3n de Ventas y Espacios Comerciales para fomentar la empleabilidad en nuestro municipio - AREA LORCA RADIO","robots":{"index":"index","follow":"follow","max-snippet":"max-snippet:-1","max-image-preview":"max-image-preview:large","max-video-preview":"max-video-preview:-1"},"canonical":"https:\/\/arealorcaradio.es\/index.php\/2025\/07\/22\/el-psoe-propone-la-implantacion-en-lorca-de-un-ciclo-superior-de-fp-en-gestion-de-ventas-y-espacios-comerciales-para-fomentar-la-empleabilidad-en-nuestro-municipio\/","og_locale":"es_ES","og_type":"article","og_title":"El PSOE propone la implantaci\u00f3n en Lorca de un ciclo superior de FP en Gesti\u00f3n de Ventas y Espacios Comerciales para fomentar la empleabilidad en nuestro municipio - AREA LORCA RADIO","og_description":"\u00c1REA LORCA RADIO. Educaci\u00f3n y Empleo. Lorca, 22 de julio de 2025. La concejala socialista en el Ayuntamiento de Lorca, Antonia P\u00e9rez, ha presentado una moci\u00f3n que se elevar\u00e1 al pleno municipal de julio, con la que el Grupo Municipal Socialista propone la incorporaci\u00f3n, en la oferta educativa del curso 2025\/2026, del Ciclo de Formaci\u00f3n [&hellip;]","og_url":"https:\/\/arealorcaradio.es\/index.php\/2025\/07\/22\/el-psoe-propone-la-implantacion-en-lorca-de-un-ciclo-superior-de-fp-en-gestion-de-ventas-y-espacios-comerciales-para-fomentar-la-empleabilidad-en-nuestro-municipio\/","og_site_name":"AREA LORCA RADIO","article_published_time":"2025-07-22T10:12:16+00:00","og_image":[{"width":2560,"height":1707,"url":"https:\/\/arealorcaradio.es\/wp-content\/uploads\/2025\/07\/Imagen-RdP-Antonia-Perez-Mocion-FP-Gestion-Ventas-y-Espacios-Comerciales-scaled.jpg","type":"image\/jpeg"}],"author":"Paco S\u00e1nchez","twitter_card":"summary_large_image","twitter_misc":{"Escrito por":"Paco S\u00e1nchez","Tiempo de lectura":"3 minutos"},"schema":{"@context":"https:\/\/schema.org","@graph":[{"@type":"Article","@id":"https:\/\/arealorcaradio.es\/index.php\/2025\/07\/22\/el-psoe-propone-la-implantacion-en-lorca-de-un-ciclo-superior-de-fp-en-gestion-de-ventas-y-espacios-comerciales-para-fomentar-la-empleabilidad-en-nuestro-municipio\/#article","isPartOf":{"@id":"https:\/\/arealorcaradio.es\/index.php\/2025\/07\/22\/el-psoe-propone-la-implantacion-en-lorca-de-un-ciclo-superior-de-fp-en-gestion-de-ventas-y-espacios-comerciales-para-fomentar-la-empleabilidad-en-nuestro-municipio\/"},"author":{"name":"Paco S\u00e1nchez","@id":"https:\/\/arealorcaradio.es\/#\/schema\/person\/9fae605fc25b0f2c83c1ab207139bd27"},"headline":"El PSOE propone la implantaci\u00f3n en Lorca de un ciclo superior de FP en Gesti\u00f3n de Ventas y Espacios Comerciales para fomentar la empleabilidad en nuestro municipio","datePublished":"2025-07-22T10:12:16+00:00","mainEntityOfPage":{"@id":"https:\/\/arealorcaradio.es\/index.php\/2025\/07\/22\/el-psoe-propone-la-implantacion-en-lorca-de-un-ciclo-superior-de-fp-en-gestion-de-ventas-y-espacios-comerciales-para-fomentar-la-empleabilidad-en-nuestro-municipio\/"},"wordCount":536,"commentCount":0,"image":{"@id":"https:\/\/arealorcaradio.es\/index.php\/2025\/07\/22\/el-psoe-propone-la-implantacion-en-lorca-de-un-ciclo-superior-de-fp-en-gestion-de-ventas-y-espacios-comerciales-para-fomentar-la-empleabilidad-en-nuestro-municipio\/#primaryimage"},"thumbnailUrl":"https:\/\/arealorcaradio.es\/wp-content\/uploads\/2025\/07\/Imagen-RdP-Antonia-Perez-Mocion-FP-Gestion-Ventas-y-Espacios-Comerciales-scaled.jpg","articleSection":["ACTUALIDAD","LORCA"],"inLanguage":"es","potentialAction":[{"@type":"CommentAction","name":"Comment","target":["https:\/\/arealorcaradio.es\/index.php\/2025\/07\/22\/el-psoe-propone-la-implantacion-en-lorca-de-un-ciclo-superior-de-fp-en-gestion-de-ventas-y-espacios-comerciales-para-fomentar-la-empleabilidad-en-nuestro-municipio\/#respond"]}]},{"@type":"WebPage","@id":"https:\/\/arealorcaradio.es\/index.php\/2025\/07\/22\/el-psoe-propone-la-implantacion-en-lorca-de-un-ciclo-superior-de-fp-en-gestion-de-ventas-y-espacios-comerciales-para-fomentar-la-empleabilidad-en-nuestro-municipio\/","url":"https:\/\/arealorcaradio.es\/index.php\/2025\/07\/22\/el-psoe-propone-la-implantacion-en-lorca-de-un-ciclo-superior-de-fp-en-gestion-de-ventas-y-espacios-comerciales-para-fomentar-la-empleabilidad-en-nuestro-municipio\/","name":"El PSOE propone la implantaci\u00f3n en Lorca de un ciclo superior de FP en Gesti\u00f3n de Ventas y Espacios Comerciales para fomentar la empleabilidad en nuestro municipio - AREA LORCA RADIO","isPartOf":{"@id":"https:\/\/arealorcaradio.es\/#website"},"primaryImageOfPage":{"@id":"https:\/\/arealorcaradio.es\/index.php\/2025\/07\/22\/el-psoe-propone-la-implantacion-en-lorca-de-un-ciclo-superior-de-fp-en-gestion-de-ventas-y-espacios-comerciales-para-fomentar-la-empleabilidad-en-nuestro-municipio\/#primaryimage"},"image":{"@id":"https:\/\/arealorcaradio.es\/index.php\/2025\/07\/22\/el-psoe-propone-la-implantacion-en-lorca-de-un-ciclo-superior-de-fp-en-gestion-de-ventas-y-espacios-comerciales-para-fomentar-la-empleabilidad-en-nuestro-municipio\/#primaryimage"},"thumbnailUrl":"https:\/\/arealorcaradio.es\/wp-content\/uploads\/2025\/07\/Imagen-RdP-Antonia-Perez-Mocion-FP-Gestion-Ventas-y-Espacios-Comerciales-scaled.jpg","datePublished":"2025-07-22T10:12:16+00:00","author":{"@id":"https:\/\/arealorcaradio.es\/#\/schema\/person\/9fae605fc25b0f2c83c1ab207139bd27"},"breadcrumb":{"@id":"https:\/\/arealorcaradio.es\/index.php\/2025\/07\/22\/el-psoe-propone-la-implantacion-en-lorca-de-un-ciclo-superior-de-fp-en-gestion-de-ventas-y-espacios-comerciales-para-fomentar-la-empleabilidad-en-nuestro-municipio\/#breadcrumb"},"inLanguage":"es","potentialAction":[{"@type":"ReadAction","target":["https:\/\/arealorcaradio.es\/index.php\/2025\/07\/22\/el-psoe-propone-la-implantacion-en-lorca-de-un-ciclo-superior-de-fp-en-gestion-de-ventas-y-espacios-comerciales-para-fomentar-la-empleabilidad-en-nuestro-municipio\/"]}]},{"@type":"ImageObject","inLanguage":"es","@id":"https:\/\/arealorcaradio.es\/index.php\/2025\/07\/22\/el-psoe-propone-la-implantacion-en-lorca-de-un-ciclo-superior-de-fp-en-gestion-de-ventas-y-espacios-comerciales-para-fomentar-la-empleabilidad-en-nuestro-municipio\/#primaryimage","url":"https:\/\/arealorcaradio.es\/wp-content\/uploads\/2025\/07\/Imagen-RdP-Antonia-Perez-Mocion-FP-Gestion-Ventas-y-Espacios-Comerciales-scaled.jpg","contentUrl":"https:\/\/arealorcaradio.es\/wp-content\/uploads\/2025\/07\/Imagen-RdP-Antonia-Perez-Mocion-FP-Gestion-Ventas-y-Espacios-Comerciales-scaled.jpg","width":2560,"height":1707},{"@type":"BreadcrumbList","@id":"https:\/\/arealorcaradio.es\/index.php\/2025\/07\/22\/el-psoe-propone-la-implantacion-en-lorca-de-un-ciclo-superior-de-fp-en-gestion-de-ventas-y-espacios-comerciales-para-fomentar-la-empleabilidad-en-nuestro-municipio\/#breadcrumb","itemListElement":[{"@type":"ListItem","position":1,"name":"Portada","item":"https:\/\/arealorcaradio.es\/"},{"@type":"ListItem","position":2,"name":"El PSOE propone la implantaci\u00f3n en Lorca de un ciclo superior de FP en Gesti\u00f3n de Ventas y Espacios Comerciales para fomentar la empleabilidad en nuestro municipio"}]},{"@type":"WebSite","@id":"https:\/\/arealorcaradio.es\/#website","url":"https:\/\/arealorcaradio.es\/","name":"AREA LORCA RADIO","description":"Descubre la programaci\u00f3n actual en \u00c1rea Lorca Radio, tu fuente de entrenamiento y noticias locales. Sintoniza ahora y mantente conectado online.","potentialAction":[{"@type":"SearchAction","target":{"@type":"EntryPoint","urlTemplate":"https:\/\/arealorcaradio.es\/?s={search_term_string}"},"query-input":{"@type":"PropertyValueSpecification","valueRequired":true,"valueName":"search_term_string"}}],"inLanguage":"es"},{"@type":"Person","@id":"https:\/\/arealorcaradio.es\/#\/schema\/person\/9fae605fc25b0f2c83c1ab207139bd27","name":"Paco S\u00e1nchez","image":{"@type":"ImageObject","inLanguage":"es","@id":"https:\/\/secure.gravatar.com\/avatar\/d67144e966420fb74aa84c9f2a0103be4724fd14db52b52d3b6bca749f257e79?s=96&d=mm&r=g","url":"https:\/\/secure.gravatar.com\/avatar\/d67144e966420fb74aa84c9f2a0103be4724fd14db52b52d3b6bca749f257e79?s=96&d=mm&r=g","contentUrl":"https:\/\/secure.gravatar.com\/avatar\/d67144e966420fb74aa84c9f2a0103be4724fd14db52b52d3b6bca749f257e79?s=96&d=mm&r=g","caption":"Paco S\u00e1nchez"},"sameAs":["https:\/\/arealorcaradio.es"],"url":"https:\/\/arealorcaradio.es\/index.php\/author\/admin_alorcaradio\/"}]}},"_links":{"self":[{"href":"https:\/\/arealorcaradio.es\/index.php\/wp-json\/wp\/v2\/posts\/7425","targetHints":{"allow":["GET"]}}],"collection":[{"href":"https:\/\/arealorcaradio.es\/index.php\/wp-json\/wp\/v2\/posts"}],"about":[{"href":"https:\/\/arealorcaradio.es\/index.php\/wp-json\/wp\/v2\/types\/post"}],"author":[{"embeddable":true,"href":"https:\/\/arealorcaradio.es\/index.php\/wp-json\/wp\/v2\/users\/1"}],"replies":[{"embeddable":true,"href":"https:\/\/arealorcaradio.es\/index.php\/wp-json\/wp\/v2\/comments?post=7425"}],"version-history":[{"count":2,"href":"https:\/\/arealorcaradio.es\/index.php\/wp-json\/wp\/v2\/posts\/7425\/revisions"}],"predecessor-version":[{"id":7428,"href":"https:\/\/arealorcaradio.es\/index.php\/wp-json\/wp\/v2\/posts\/7425\/revisions\/7428"}],"wp:featuredmedia":[{"embeddable":true,"href":"https:\/\/arealorcaradio.es\/index.php\/wp-json\/wp\/v2\/media\/7426"}],"wp:attachment":[{"href":"https:\/\/arealorcaradio.es\/index.php\/wp-json\/wp\/v2\/media?parent=7425"}],"wp:term":[{"taxonomy":"category","embeddable":true,"href":"https:\/\/arealorcaradio.es\/index.php\/wp-json\/wp\/v2\/categories?post=7425"},{"taxonomy":"post_tag","embeddable":true,"href":"https:\/\/arealorcaradio.es\/index.php\/wp-json\/wp\/v2\/tags?post=7425"}],"curies":[{"name":"wp","href":"https:\/\/api.w.org\/{rel}","templated":true}]}}