{"id":7419,"date":"2025-07-22T09:59:15","date_gmt":"2025-07-22T09:59:15","guid":{"rendered":"https:\/\/arealorcaradio.es\/?p=7419"},"modified":"2025-07-22T09:59:15","modified_gmt":"2025-07-22T09:59:15","slug":"el-ayuntamiento-de-lorca-y-astrade-refuerzan-la-inclusion-con-la-participacion-de-ocho-ninos-con-tea-en-la-escuela-de-verano-evafo","status":"publish","type":"post","link":"https:\/\/arealorcaradio.es\/index.php\/2025\/07\/22\/el-ayuntamiento-de-lorca-y-astrade-refuerzan-la-inclusion-con-la-participacion-de-ocho-ninos-con-tea-en-la-escuela-de-verano-evafo\/","title":{"rendered":"El Ayuntamiento de Lorca y ASTRADE refuerzan la inclusi\u00f3n con la participaci\u00f3n de ocho ni\u00f1os con TEA en la escuela de verano EVAFO"},"content":{"rendered":"<p><strong>\u00c1REA LORCA RADIO. Deportes.<\/strong><\/p>\n<p class=\"v1MsoNormal\"><b>22 de julio de 2025.<\/b>\u00a0La Escuela de Verano de Actividad F\u00edsica y Ocio (EVAFO), organizada por la Concejal\u00eda de Deportes del Ayuntamiento de Lorca, acoge este verano, por segundo a\u00f1o consecutivo y tras los buenos resultados de la pasada edici\u00f3n, a un grupo de ni\u00f1os con Trastorno del Espectro del Autismo (TEA) gracias a la colaboraci\u00f3n con la Asociaci\u00f3n Astrade. En total, ocho menores participan desde el pasado 25 de junio en las actividades que se desarrollan en horario de ma\u00f1ana en el Complejo Deportivo Felipe VI, compartiendo experiencias con el resto de menores. Los concejales de Deportes y de ONG&#8217;s, Juan Miguel Bayonas y Bel\u00e9n D\u00edaz, respectivamente, junto a representantes de Astrade, han visitado a los peque\u00f1os y a sus monitores mientras realizaban actividades junto a los 131 ni\u00f1os y ni\u00f1as que forman parte de EVAFO 2025.<\/p>\n<p class=\"v1MsoNormal\"><img loading=\"lazy\" decoding=\"async\" class=\"alignnone size-medium wp-image-7420\" src=\"https:\/\/arealorcaradio.es\/wp-content\/uploads\/2025\/07\/foto4-21-300x225.jpeg\" alt=\"\" width=\"300\" height=\"225\" srcset=\"https:\/\/arealorcaradio.es\/wp-content\/uploads\/2025\/07\/foto4-21-300x225.jpeg 300w, https:\/\/arealorcaradio.es\/wp-content\/uploads\/2025\/07\/foto4-21-1024x768.jpeg 1024w, https:\/\/arealorcaradio.es\/wp-content\/uploads\/2025\/07\/foto4-21-768x576.jpeg 768w, https:\/\/arealorcaradio.es\/wp-content\/uploads\/2025\/07\/foto4-21-1536x1152.jpeg 1536w, https:\/\/arealorcaradio.es\/wp-content\/uploads\/2025\/07\/foto4-21-86x64.jpeg 86w, https:\/\/arealorcaradio.es\/wp-content\/uploads\/2025\/07\/foto4-21.jpeg 2048w\" sizes=\"auto, (max-width: 300px) 100vw, 300px\" \/> <img loading=\"lazy\" decoding=\"async\" class=\"alignnone size-medium wp-image-7421\" src=\"https:\/\/arealorcaradio.es\/wp-content\/uploads\/2025\/07\/foto2-29-300x225.jpeg\" alt=\"\" width=\"300\" height=\"225\" srcset=\"https:\/\/arealorcaradio.es\/wp-content\/uploads\/2025\/07\/foto2-29-300x225.jpeg 300w, https:\/\/arealorcaradio.es\/wp-content\/uploads\/2025\/07\/foto2-29-1024x768.jpeg 1024w, https:\/\/arealorcaradio.es\/wp-content\/uploads\/2025\/07\/foto2-29-768x576.jpeg 768w, https:\/\/arealorcaradio.es\/wp-content\/uploads\/2025\/07\/foto2-29-1536x1152.jpeg 1536w, https:\/\/arealorcaradio.es\/wp-content\/uploads\/2025\/07\/foto2-29-86x64.jpeg 86w, https:\/\/arealorcaradio.es\/wp-content\/uploads\/2025\/07\/foto2-29.jpeg 2048w\" sizes=\"auto, (max-width: 300px) 100vw, 300px\" \/><\/p>\n<p class=\"v1MsoNormal\"><strong>Bel\u00e9n D\u00edaz<\/strong> ha explicado que \u00abtodos los d\u00edas, los monitores especializados en TEA que acompa\u00f1an a los ni\u00f1os les ayudan a participar en las actividades que integran el programa educativo y l\u00fadico de la EVAFO: multideporte, juegos motores, actividades acu\u00e1ticas, talleres de manualidades y de h\u00e1bitos saludables, as\u00ed como en las excursiones que se llevan a cabo los viernes a otras localizaciones como las piscinas municipales de verano y la playa\u00bb.<\/p>\n<p class=\"v1MsoNormal\">Esta colaboraci\u00f3n entre el Ayuntamiento de Lorca y la asociaci\u00f3n Astrade impulsa un modelo de ocio inclusivo que refuerza la igualdad de oportunidades, el bienestar emocional y la calidad de vida de las personas con TEA. En este sentido, la concejal de ONG&#8217;s, Bel\u00e9n D\u00edaz, ha resaltado la \u00abvoluntad de las concejal\u00edas de Deportes y ONG&#8217;s de que todos los recursos municipales sean accesibles y que cualquier ni\u00f1o con discapacidad pueda disfrutar de las mismas actividades que el resto de sus compa\u00f1eros. No solo promovemos la inclusi\u00f3n, sino que tambi\u00e9n ayudamos en la conciliaci\u00f3n de las familias durante las vacaciones escolares\u00bb.<\/p>\n<p class=\"v1MsoNormal\">Por su parte,<strong> Juan Miguel Bayonas<\/strong> ha recordado que \u00abel formato de la EVAFO y su estructura metodol\u00f3gica hacen posible que los menores con autismo puedan, adem\u00e1s de participar, convivir con el resto de menores, contribuyendo as\u00ed a su integraci\u00f3n pero al mismo tiempo fomentando en los ni\u00f1os y ni\u00f1as sin TEA valores tan importantes como el respeto y la empat\u00eda. Es una oportunidad de aprender que todos somos diferentes y que la diversidad enriquece la vida en com\u00fan. Desde el Ayuntamiento seguiremos impulsando programas que favorezcan esta integraci\u00f3n y la igualdad de oportunidades para todos los menores\u00bb.<\/p>\n","protected":false},"excerpt":{"rendered":"<p>\u00c1REA LORCA RADIO. Deportes. 22 de julio de 2025.\u00a0La Escuela de Verano de Actividad F\u00edsica y Ocio (EVAFO), organizada por la Concejal\u00eda de Deportes del Ayuntamiento de Lorca, acoge este verano, por segundo a\u00f1o consecutivo y tras los buenos resultados de la pasada edici\u00f3n, a un grupo de ni\u00f1os con Trastorno del Espectro del Autismo [&hellip;]<\/p>\n","protected":false},"author":1,"featured_media":7424,"comment_status":"open","ping_status":"open","sticky":false,"template":"","format":"standard","meta":{"iawp_total_views":11,"footnotes":""},"categories":[4,7],"tags":[],"class_list":["post-7419","post","type-post","status-publish","format-standard","has-post-thumbnail","hentry","category-deportes","category-lorca"],"yoast_head":"<!-- This site is optimized with the Yoast SEO plugin v27.5 - https:\/\/yoast.com\/product\/yoast-seo-wordpress\/ -->\n<title>El Ayuntamiento de Lorca y ASTRADE refuerzan la inclusi\u00f3n con la participaci\u00f3n de ocho ni\u00f1os con TEA en la escuela de verano EVAFO - AREA LORCA RADIO<\/title>\n<meta name=\"robots\" content=\"index, follow, max-snippet:-1, max-image-preview:large, max-video-preview:-1\" \/>\n<link rel=\"canonical\" href=\"https:\/\/arealorcaradio.es\/index.php\/2025\/07\/22\/el-ayuntamiento-de-lorca-y-astrade-refuerzan-la-inclusion-con-la-participacion-de-ocho-ninos-con-tea-en-la-escuela-de-verano-evafo\/\" \/>\n<meta property=\"og:locale\" content=\"es_ES\" \/>\n<meta property=\"og:type\" content=\"article\" \/>\n<meta property=\"og:title\" content=\"El Ayuntamiento de Lorca y ASTRADE refuerzan la inclusi\u00f3n con la participaci\u00f3n de ocho ni\u00f1os con TEA en la escuela de verano EVAFO - AREA LORCA RADIO\" \/>\n<meta property=\"og:description\" content=\"\u00c1REA LORCA RADIO. Deportes. 22 de julio de 2025.\u00a0La Escuela de Verano de Actividad F\u00edsica y Ocio (EVAFO), organizada por la Concejal\u00eda de Deportes del Ayuntamiento de Lorca, acoge este verano, por segundo a\u00f1o consecutivo y tras los buenos resultados de la pasada edici\u00f3n, a un grupo de ni\u00f1os con Trastorno del Espectro del Autismo [&hellip;]\" \/>\n<meta property=\"og:url\" content=\"https:\/\/arealorcaradio.es\/index.php\/2025\/07\/22\/el-ayuntamiento-de-lorca-y-astrade-refuerzan-la-inclusion-con-la-participacion-de-ocho-ninos-con-tea-en-la-escuela-de-verano-evafo\/\" \/>\n<meta property=\"og:site_name\" content=\"AREA LORCA RADIO\" \/>\n<meta property=\"article:published_time\" content=\"2025-07-22T09:59:15+00:00\" \/>\n<meta property=\"og:image\" content=\"https:\/\/arealorcaradio.es\/wp-content\/uploads\/2025\/07\/foto3-29-1.jpeg\" \/>\n\t<meta property=\"og:image:width\" content=\"2048\" \/>\n\t<meta property=\"og:image:height\" content=\"1536\" \/>\n\t<meta property=\"og:image:type\" content=\"image\/jpeg\" \/>\n<meta name=\"author\" content=\"Paco S\u00e1nchez\" \/>\n<meta name=\"twitter:card\" content=\"summary_large_image\" \/>\n<meta name=\"twitter:label1\" content=\"Escrito por\" \/>\n\t<meta name=\"twitter:data1\" content=\"Paco S\u00e1nchez\" \/>\n\t<meta name=\"twitter:label2\" content=\"Tiempo de lectura\" \/>\n\t<meta name=\"twitter:data2\" content=\"3 minutos\" \/>\n<script type=\"application\/ld+json\" class=\"yoast-schema-graph\">{\"@context\":\"https:\\\/\\\/schema.org\",\"@graph\":[{\"@type\":\"Article\",\"@id\":\"https:\\\/\\\/arealorcaradio.es\\\/index.php\\\/2025\\\/07\\\/22\\\/el-ayuntamiento-de-lorca-y-astrade-refuerzan-la-inclusion-con-la-participacion-de-ocho-ninos-con-tea-en-la-escuela-de-verano-evafo\\\/#article\",\"isPartOf\":{\"@id\":\"https:\\\/\\\/arealorcaradio.es\\\/index.php\\\/2025\\\/07\\\/22\\\/el-ayuntamiento-de-lorca-y-astrade-refuerzan-la-inclusion-con-la-participacion-de-ocho-ninos-con-tea-en-la-escuela-de-verano-evafo\\\/\"},\"author\":{\"name\":\"Paco S\u00e1nchez\",\"@id\":\"https:\\\/\\\/arealorcaradio.es\\\/#\\\/schema\\\/person\\\/9fae605fc25b0f2c83c1ab207139bd27\"},\"headline\":\"El Ayuntamiento de Lorca y ASTRADE refuerzan la inclusi\u00f3n con la participaci\u00f3n de ocho ni\u00f1os con TEA en la escuela de verano EVAFO\",\"datePublished\":\"2025-07-22T09:59:15+00:00\",\"mainEntityOfPage\":{\"@id\":\"https:\\\/\\\/arealorcaradio.es\\\/index.php\\\/2025\\\/07\\\/22\\\/el-ayuntamiento-de-lorca-y-astrade-refuerzan-la-inclusion-con-la-participacion-de-ocho-ninos-con-tea-en-la-escuela-de-verano-evafo\\\/\"},\"wordCount\":476,\"commentCount\":0,\"image\":{\"@id\":\"https:\\\/\\\/arealorcaradio.es\\\/index.php\\\/2025\\\/07\\\/22\\\/el-ayuntamiento-de-lorca-y-astrade-refuerzan-la-inclusion-con-la-participacion-de-ocho-ninos-con-tea-en-la-escuela-de-verano-evafo\\\/#primaryimage\"},\"thumbnailUrl\":\"https:\\\/\\\/arealorcaradio.es\\\/wp-content\\\/uploads\\\/2025\\\/07\\\/foto3-29-1.jpeg\",\"articleSection\":[\"DEPORTES\",\"LORCA\"],\"inLanguage\":\"es\",\"potentialAction\":[{\"@type\":\"CommentAction\",\"name\":\"Comment\",\"target\":[\"https:\\\/\\\/arealorcaradio.es\\\/index.php\\\/2025\\\/07\\\/22\\\/el-ayuntamiento-de-lorca-y-astrade-refuerzan-la-inclusion-con-la-participacion-de-ocho-ninos-con-tea-en-la-escuela-de-verano-evafo\\\/#respond\"]}]},{\"@type\":\"WebPage\",\"@id\":\"https:\\\/\\\/arealorcaradio.es\\\/index.php\\\/2025\\\/07\\\/22\\\/el-ayuntamiento-de-lorca-y-astrade-refuerzan-la-inclusion-con-la-participacion-de-ocho-ninos-con-tea-en-la-escuela-de-verano-evafo\\\/\",\"url\":\"https:\\\/\\\/arealorcaradio.es\\\/index.php\\\/2025\\\/07\\\/22\\\/el-ayuntamiento-de-lorca-y-astrade-refuerzan-la-inclusion-con-la-participacion-de-ocho-ninos-con-tea-en-la-escuela-de-verano-evafo\\\/\",\"name\":\"El Ayuntamiento de Lorca y ASTRADE refuerzan la inclusi\u00f3n con la participaci\u00f3n de ocho ni\u00f1os con TEA en la escuela de verano EVAFO - AREA LORCA RADIO\",\"isPartOf\":{\"@id\":\"https:\\\/\\\/arealorcaradio.es\\\/#website\"},\"primaryImageOfPage\":{\"@id\":\"https:\\\/\\\/arealorcaradio.es\\\/index.php\\\/2025\\\/07\\\/22\\\/el-ayuntamiento-de-lorca-y-astrade-refuerzan-la-inclusion-con-la-participacion-de-ocho-ninos-con-tea-en-la-escuela-de-verano-evafo\\\/#primaryimage\"},\"image\":{\"@id\":\"https:\\\/\\\/arealorcaradio.es\\\/index.php\\\/2025\\\/07\\\/22\\\/el-ayuntamiento-de-lorca-y-astrade-refuerzan-la-inclusion-con-la-participacion-de-ocho-ninos-con-tea-en-la-escuela-de-verano-evafo\\\/#primaryimage\"},\"thumbnailUrl\":\"https:\\\/\\\/arealorcaradio.es\\\/wp-content\\\/uploads\\\/2025\\\/07\\\/foto3-29-1.jpeg\",\"datePublished\":\"2025-07-22T09:59:15+00:00\",\"author\":{\"@id\":\"https:\\\/\\\/arealorcaradio.es\\\/#\\\/schema\\\/person\\\/9fae605fc25b0f2c83c1ab207139bd27\"},\"breadcrumb\":{\"@id\":\"https:\\\/\\\/arealorcaradio.es\\\/index.php\\\/2025\\\/07\\\/22\\\/el-ayuntamiento-de-lorca-y-astrade-refuerzan-la-inclusion-con-la-participacion-de-ocho-ninos-con-tea-en-la-escuela-de-verano-evafo\\\/#breadcrumb\"},\"inLanguage\":\"es\",\"potentialAction\":[{\"@type\":\"ReadAction\",\"target\":[\"https:\\\/\\\/arealorcaradio.es\\\/index.php\\\/2025\\\/07\\\/22\\\/el-ayuntamiento-de-lorca-y-astrade-refuerzan-la-inclusion-con-la-participacion-de-ocho-ninos-con-tea-en-la-escuela-de-verano-evafo\\\/\"]}]},{\"@type\":\"ImageObject\",\"inLanguage\":\"es\",\"@id\":\"https:\\\/\\\/arealorcaradio.es\\\/index.php\\\/2025\\\/07\\\/22\\\/el-ayuntamiento-de-lorca-y-astrade-refuerzan-la-inclusion-con-la-participacion-de-ocho-ninos-con-tea-en-la-escuela-de-verano-evafo\\\/#primaryimage\",\"url\":\"https:\\\/\\\/arealorcaradio.es\\\/wp-content\\\/uploads\\\/2025\\\/07\\\/foto3-29-1.jpeg\",\"contentUrl\":\"https:\\\/\\\/arealorcaradio.es\\\/wp-content\\\/uploads\\\/2025\\\/07\\\/foto3-29-1.jpeg\",\"width\":2048,\"height\":1536},{\"@type\":\"BreadcrumbList\",\"@id\":\"https:\\\/\\\/arealorcaradio.es\\\/index.php\\\/2025\\\/07\\\/22\\\/el-ayuntamiento-de-lorca-y-astrade-refuerzan-la-inclusion-con-la-participacion-de-ocho-ninos-con-tea-en-la-escuela-de-verano-evafo\\\/#breadcrumb\",\"itemListElement\":[{\"@type\":\"ListItem\",\"position\":1,\"name\":\"Portada\",\"item\":\"https:\\\/\\\/arealorcaradio.es\\\/\"},{\"@type\":\"ListItem\",\"position\":2,\"name\":\"El Ayuntamiento de Lorca y ASTRADE refuerzan la inclusi\u00f3n con la participaci\u00f3n de ocho ni\u00f1os con TEA en la escuela de verano EVAFO\"}]},{\"@type\":\"WebSite\",\"@id\":\"https:\\\/\\\/arealorcaradio.es\\\/#website\",\"url\":\"https:\\\/\\\/arealorcaradio.es\\\/\",\"name\":\"AREA LORCA RADIO\",\"description\":\"Descubre la programaci\u00f3n actual en \u00c1rea Lorca Radio, tu fuente de entrenamiento y noticias locales. Sintoniza ahora y mantente conectado online.\",\"potentialAction\":[{\"@type\":\"SearchAction\",\"target\":{\"@type\":\"EntryPoint\",\"urlTemplate\":\"https:\\\/\\\/arealorcaradio.es\\\/?s={search_term_string}\"},\"query-input\":{\"@type\":\"PropertyValueSpecification\",\"valueRequired\":true,\"valueName\":\"search_term_string\"}}],\"inLanguage\":\"es\"},{\"@type\":\"Person\",\"@id\":\"https:\\\/\\\/arealorcaradio.es\\\/#\\\/schema\\\/person\\\/9fae605fc25b0f2c83c1ab207139bd27\",\"name\":\"Paco S\u00e1nchez\",\"image\":{\"@type\":\"ImageObject\",\"inLanguage\":\"es\",\"@id\":\"https:\\\/\\\/secure.gravatar.com\\\/avatar\\\/d67144e966420fb74aa84c9f2a0103be4724fd14db52b52d3b6bca749f257e79?s=96&d=mm&r=g\",\"url\":\"https:\\\/\\\/secure.gravatar.com\\\/avatar\\\/d67144e966420fb74aa84c9f2a0103be4724fd14db52b52d3b6bca749f257e79?s=96&d=mm&r=g\",\"contentUrl\":\"https:\\\/\\\/secure.gravatar.com\\\/avatar\\\/d67144e966420fb74aa84c9f2a0103be4724fd14db52b52d3b6bca749f257e79?s=96&d=mm&r=g\",\"caption\":\"Paco S\u00e1nchez\"},\"sameAs\":[\"https:\\\/\\\/arealorcaradio.es\"],\"url\":\"https:\\\/\\\/arealorcaradio.es\\\/index.php\\\/author\\\/admin_alorcaradio\\\/\"}]}<\/script>\n<!-- \/ Yoast SEO plugin. -->","yoast_head_json":{"title":"El Ayuntamiento de Lorca y ASTRADE refuerzan la inclusi\u00f3n con la participaci\u00f3n de ocho ni\u00f1os con TEA en la escuela de verano EVAFO - AREA LORCA RADIO","robots":{"index":"index","follow":"follow","max-snippet":"max-snippet:-1","max-image-preview":"max-image-preview:large","max-video-preview":"max-video-preview:-1"},"canonical":"https:\/\/arealorcaradio.es\/index.php\/2025\/07\/22\/el-ayuntamiento-de-lorca-y-astrade-refuerzan-la-inclusion-con-la-participacion-de-ocho-ninos-con-tea-en-la-escuela-de-verano-evafo\/","og_locale":"es_ES","og_type":"article","og_title":"El Ayuntamiento de Lorca y ASTRADE refuerzan la inclusi\u00f3n con la participaci\u00f3n de ocho ni\u00f1os con TEA en la escuela de verano EVAFO - AREA LORCA RADIO","og_description":"\u00c1REA LORCA RADIO. Deportes. 22 de julio de 2025.\u00a0La Escuela de Verano de Actividad F\u00edsica y Ocio (EVAFO), organizada por la Concejal\u00eda de Deportes del Ayuntamiento de Lorca, acoge este verano, por segundo a\u00f1o consecutivo y tras los buenos resultados de la pasada edici\u00f3n, a un grupo de ni\u00f1os con Trastorno del Espectro del Autismo [&hellip;]","og_url":"https:\/\/arealorcaradio.es\/index.php\/2025\/07\/22\/el-ayuntamiento-de-lorca-y-astrade-refuerzan-la-inclusion-con-la-participacion-de-ocho-ninos-con-tea-en-la-escuela-de-verano-evafo\/","og_site_name":"AREA LORCA RADIO","article_published_time":"2025-07-22T09:59:15+00:00","og_image":[{"width":2048,"height":1536,"url":"https:\/\/arealorcaradio.es\/wp-content\/uploads\/2025\/07\/foto3-29-1.jpeg","type":"image\/jpeg"}],"author":"Paco S\u00e1nchez","twitter_card":"summary_large_image","twitter_misc":{"Escrito por":"Paco S\u00e1nchez","Tiempo de lectura":"3 minutos"},"schema":{"@context":"https:\/\/schema.org","@graph":[{"@type":"Article","@id":"https:\/\/arealorcaradio.es\/index.php\/2025\/07\/22\/el-ayuntamiento-de-lorca-y-astrade-refuerzan-la-inclusion-con-la-participacion-de-ocho-ninos-con-tea-en-la-escuela-de-verano-evafo\/#article","isPartOf":{"@id":"https:\/\/arealorcaradio.es\/index.php\/2025\/07\/22\/el-ayuntamiento-de-lorca-y-astrade-refuerzan-la-inclusion-con-la-participacion-de-ocho-ninos-con-tea-en-la-escuela-de-verano-evafo\/"},"author":{"name":"Paco S\u00e1nchez","@id":"https:\/\/arealorcaradio.es\/#\/schema\/person\/9fae605fc25b0f2c83c1ab207139bd27"},"headline":"El Ayuntamiento de Lorca y ASTRADE refuerzan la inclusi\u00f3n con la participaci\u00f3n de ocho ni\u00f1os con TEA en la escuela de verano EVAFO","datePublished":"2025-07-22T09:59:15+00:00","mainEntityOfPage":{"@id":"https:\/\/arealorcaradio.es\/index.php\/2025\/07\/22\/el-ayuntamiento-de-lorca-y-astrade-refuerzan-la-inclusion-con-la-participacion-de-ocho-ninos-con-tea-en-la-escuela-de-verano-evafo\/"},"wordCount":476,"commentCount":0,"image":{"@id":"https:\/\/arealorcaradio.es\/index.php\/2025\/07\/22\/el-ayuntamiento-de-lorca-y-astrade-refuerzan-la-inclusion-con-la-participacion-de-ocho-ninos-con-tea-en-la-escuela-de-verano-evafo\/#primaryimage"},"thumbnailUrl":"https:\/\/arealorcaradio.es\/wp-content\/uploads\/2025\/07\/foto3-29-1.jpeg","articleSection":["DEPORTES","LORCA"],"inLanguage":"es","potentialAction":[{"@type":"CommentAction","name":"Comment","target":["https:\/\/arealorcaradio.es\/index.php\/2025\/07\/22\/el-ayuntamiento-de-lorca-y-astrade-refuerzan-la-inclusion-con-la-participacion-de-ocho-ninos-con-tea-en-la-escuela-de-verano-evafo\/#respond"]}]},{"@type":"WebPage","@id":"https:\/\/arealorcaradio.es\/index.php\/2025\/07\/22\/el-ayuntamiento-de-lorca-y-astrade-refuerzan-la-inclusion-con-la-participacion-de-ocho-ninos-con-tea-en-la-escuela-de-verano-evafo\/","url":"https:\/\/arealorcaradio.es\/index.php\/2025\/07\/22\/el-ayuntamiento-de-lorca-y-astrade-refuerzan-la-inclusion-con-la-participacion-de-ocho-ninos-con-tea-en-la-escuela-de-verano-evafo\/","name":"El Ayuntamiento de Lorca y ASTRADE refuerzan la inclusi\u00f3n con la participaci\u00f3n de ocho ni\u00f1os con TEA en la escuela de verano EVAFO - AREA LORCA RADIO","isPartOf":{"@id":"https:\/\/arealorcaradio.es\/#website"},"primaryImageOfPage":{"@id":"https:\/\/arealorcaradio.es\/index.php\/2025\/07\/22\/el-ayuntamiento-de-lorca-y-astrade-refuerzan-la-inclusion-con-la-participacion-de-ocho-ninos-con-tea-en-la-escuela-de-verano-evafo\/#primaryimage"},"image":{"@id":"https:\/\/arealorcaradio.es\/index.php\/2025\/07\/22\/el-ayuntamiento-de-lorca-y-astrade-refuerzan-la-inclusion-con-la-participacion-de-ocho-ninos-con-tea-en-la-escuela-de-verano-evafo\/#primaryimage"},"thumbnailUrl":"https:\/\/arealorcaradio.es\/wp-content\/uploads\/2025\/07\/foto3-29-1.jpeg","datePublished":"2025-07-22T09:59:15+00:00","author":{"@id":"https:\/\/arealorcaradio.es\/#\/schema\/person\/9fae605fc25b0f2c83c1ab207139bd27"},"breadcrumb":{"@id":"https:\/\/arealorcaradio.es\/index.php\/2025\/07\/22\/el-ayuntamiento-de-lorca-y-astrade-refuerzan-la-inclusion-con-la-participacion-de-ocho-ninos-con-tea-en-la-escuela-de-verano-evafo\/#breadcrumb"},"inLanguage":"es","potentialAction":[{"@type":"ReadAction","target":["https:\/\/arealorcaradio.es\/index.php\/2025\/07\/22\/el-ayuntamiento-de-lorca-y-astrade-refuerzan-la-inclusion-con-la-participacion-de-ocho-ninos-con-tea-en-la-escuela-de-verano-evafo\/"]}]},{"@type":"ImageObject","inLanguage":"es","@id":"https:\/\/arealorcaradio.es\/index.php\/2025\/07\/22\/el-ayuntamiento-de-lorca-y-astrade-refuerzan-la-inclusion-con-la-participacion-de-ocho-ninos-con-tea-en-la-escuela-de-verano-evafo\/#primaryimage","url":"https:\/\/arealorcaradio.es\/wp-content\/uploads\/2025\/07\/foto3-29-1.jpeg","contentUrl":"https:\/\/arealorcaradio.es\/wp-content\/uploads\/2025\/07\/foto3-29-1.jpeg","width":2048,"height":1536},{"@type":"BreadcrumbList","@id":"https:\/\/arealorcaradio.es\/index.php\/2025\/07\/22\/el-ayuntamiento-de-lorca-y-astrade-refuerzan-la-inclusion-con-la-participacion-de-ocho-ninos-con-tea-en-la-escuela-de-verano-evafo\/#breadcrumb","itemListElement":[{"@type":"ListItem","position":1,"name":"Portada","item":"https:\/\/arealorcaradio.es\/"},{"@type":"ListItem","position":2,"name":"El Ayuntamiento de Lorca y ASTRADE refuerzan la inclusi\u00f3n con la participaci\u00f3n de ocho ni\u00f1os con TEA en la escuela de verano EVAFO"}]},{"@type":"WebSite","@id":"https:\/\/arealorcaradio.es\/#website","url":"https:\/\/arealorcaradio.es\/","name":"AREA LORCA RADIO","description":"Descubre la programaci\u00f3n actual en \u00c1rea Lorca Radio, tu fuente de entrenamiento y noticias locales. Sintoniza ahora y mantente conectado online.","potentialAction":[{"@type":"SearchAction","target":{"@type":"EntryPoint","urlTemplate":"https:\/\/arealorcaradio.es\/?s={search_term_string}"},"query-input":{"@type":"PropertyValueSpecification","valueRequired":true,"valueName":"search_term_string"}}],"inLanguage":"es"},{"@type":"Person","@id":"https:\/\/arealorcaradio.es\/#\/schema\/person\/9fae605fc25b0f2c83c1ab207139bd27","name":"Paco S\u00e1nchez","image":{"@type":"ImageObject","inLanguage":"es","@id":"https:\/\/secure.gravatar.com\/avatar\/d67144e966420fb74aa84c9f2a0103be4724fd14db52b52d3b6bca749f257e79?s=96&d=mm&r=g","url":"https:\/\/secure.gravatar.com\/avatar\/d67144e966420fb74aa84c9f2a0103be4724fd14db52b52d3b6bca749f257e79?s=96&d=mm&r=g","contentUrl":"https:\/\/secure.gravatar.com\/avatar\/d67144e966420fb74aa84c9f2a0103be4724fd14db52b52d3b6bca749f257e79?s=96&d=mm&r=g","caption":"Paco S\u00e1nchez"},"sameAs":["https:\/\/arealorcaradio.es"],"url":"https:\/\/arealorcaradio.es\/index.php\/author\/admin_alorcaradio\/"}]}},"_links":{"self":[{"href":"https:\/\/arealorcaradio.es\/index.php\/wp-json\/wp\/v2\/posts\/7419","targetHints":{"allow":["GET"]}}],"collection":[{"href":"https:\/\/arealorcaradio.es\/index.php\/wp-json\/wp\/v2\/posts"}],"about":[{"href":"https:\/\/arealorcaradio.es\/index.php\/wp-json\/wp\/v2\/types\/post"}],"author":[{"embeddable":true,"href":"https:\/\/arealorcaradio.es\/index.php\/wp-json\/wp\/v2\/users\/1"}],"replies":[{"embeddable":true,"href":"https:\/\/arealorcaradio.es\/index.php\/wp-json\/wp\/v2\/comments?post=7419"}],"version-history":[{"count":1,"href":"https:\/\/arealorcaradio.es\/index.php\/wp-json\/wp\/v2\/posts\/7419\/revisions"}],"predecessor-version":[{"id":7423,"href":"https:\/\/arealorcaradio.es\/index.php\/wp-json\/wp\/v2\/posts\/7419\/revisions\/7423"}],"wp:featuredmedia":[{"embeddable":true,"href":"https:\/\/arealorcaradio.es\/index.php\/wp-json\/wp\/v2\/media\/7424"}],"wp:attachment":[{"href":"https:\/\/arealorcaradio.es\/index.php\/wp-json\/wp\/v2\/media?parent=7419"}],"wp:term":[{"taxonomy":"category","embeddable":true,"href":"https:\/\/arealorcaradio.es\/index.php\/wp-json\/wp\/v2\/categories?post=7419"},{"taxonomy":"post_tag","embeddable":true,"href":"https:\/\/arealorcaradio.es\/index.php\/wp-json\/wp\/v2\/tags?post=7419"}],"curies":[{"name":"wp","href":"https:\/\/api.w.org\/{rel}","templated":true}]}}