{"id":7411,"date":"2025-07-22T09:39:10","date_gmt":"2025-07-22T09:39:10","guid":{"rendered":"https:\/\/arealorcaradio.es\/?p=7411"},"modified":"2025-07-22T09:44:41","modified_gmt":"2025-07-22T09:44:41","slug":"el-gobierno-de-lorca-convertira-los-antiguos-depositos-de-agua-del-barrio-de-santa-maria-en-un-innovador-parque-urbano-sostenible","status":"publish","type":"post","link":"https:\/\/arealorcaradio.es\/index.php\/2025\/07\/22\/el-gobierno-de-lorca-convertira-los-antiguos-depositos-de-agua-del-barrio-de-santa-maria-en-un-innovador-parque-urbano-sostenible\/","title":{"rendered":"El Gobierno de Lorca convertir\u00e1 los antiguos dep\u00f3sitos de agua del Barrio de Santa Mar\u00eda en un innovador parque urbano sostenible"},"content":{"rendered":"<p><strong>\u00c1REA LORCA RADIO. Urbanismo.<\/strong><\/p>\n<p class=\"v1MsoNormal\"><b>22 de julio de 2025.<\/b>\u00a0El Gobierno de Lorca va a llevar a cabo la rehabilitaci\u00f3n de los antiguos dep\u00f3sitos de agua del barrio de Santa Mar\u00eda, actualmente en desuso y abandonados, para convertirlos en el elemento central de un nuevo parque urbano sostenible, que transformar\u00e1 una zona degradada en un pulm\u00f3n verde dentro del casco hist\u00f3rico. As\u00ed lo ha anunciado este martes la concejal de Urbanismo, Mar\u00eda Hern\u00e1ndez, durante una visita a este espacio, a la que tambi\u00e9n han asistido las ediles de Desarrollo Local, Rosa Mar\u00eda Medina, y de Fondos Europeos, Bel\u00e9n D\u00edaz.<\/p>\n<p class=\"v1MsoNormal\"><img loading=\"lazy\" decoding=\"async\" class=\"alignnone size-medium wp-image-7414\" src=\"https:\/\/arealorcaradio.es\/wp-content\/uploads\/2025\/07\/foto6-5-300x200.jpeg\" alt=\"\" width=\"300\" height=\"200\" srcset=\"https:\/\/arealorcaradio.es\/wp-content\/uploads\/2025\/07\/foto6-5-300x200.jpeg 300w, https:\/\/arealorcaradio.es\/wp-content\/uploads\/2025\/07\/foto6-5-1024x683.jpeg 1024w, https:\/\/arealorcaradio.es\/wp-content\/uploads\/2025\/07\/foto6-5-768x512.jpeg 768w, https:\/\/arealorcaradio.es\/wp-content\/uploads\/2025\/07\/foto6-5-1536x1025.jpeg 1536w, https:\/\/arealorcaradio.es\/wp-content\/uploads\/2025\/07\/foto6-5.jpeg 2048w\" sizes=\"auto, (max-width: 300px) 100vw, 300px\" \/> <img loading=\"lazy\" decoding=\"async\" class=\"alignnone size-medium wp-image-7415\" src=\"https:\/\/arealorcaradio.es\/wp-content\/uploads\/2025\/07\/foto2-28-300x200.jpeg\" alt=\"\" width=\"300\" height=\"200\" srcset=\"https:\/\/arealorcaradio.es\/wp-content\/uploads\/2025\/07\/foto2-28-300x200.jpeg 300w, https:\/\/arealorcaradio.es\/wp-content\/uploads\/2025\/07\/foto2-28-1024x683.jpeg 1024w, https:\/\/arealorcaradio.es\/wp-content\/uploads\/2025\/07\/foto2-28-768x512.jpeg 768w, https:\/\/arealorcaradio.es\/wp-content\/uploads\/2025\/07\/foto2-28-1536x1025.jpeg 1536w, https:\/\/arealorcaradio.es\/wp-content\/uploads\/2025\/07\/foto2-28.jpeg 2048w\" sizes=\"auto, (max-width: 300px) 100vw, 300px\" \/><\/p>\n<p class=\"v1MsoNormal\">Mar\u00eda Hern\u00e1ndez ha detallado que \u00abla actuaci\u00f3n permitir\u00e1 reutilizar los dep\u00f3sitos como centro estrat\u00e9gico de captaci\u00f3n, almacenamiento y distribuci\u00f3n de agua de lluvia, en un circuito cerrado que se completar\u00e1 con la instalaci\u00f3n de un biofiltro junto a la antigua C\u00e1rcel. Este biofiltro recoger\u00e1 y depurar\u00e1 el agua pluvial, que luego ser\u00e1 llevada hasta el dep\u00f3sito rehabilitado para ser empleada en el nuevo espacio verde, garantizando as\u00ed el riego del parque de forma aut\u00f3noma y eficiente\u00bb.<\/p>\n<p class=\"v1MsoNormal\">Y ha subrayado la importancia de esta intervenci\u00f3n para los barrios altos, manifestando que \u00abestamos convirtiendo una infraestructura abandonada en otra que tiene como prop\u00f3sito principal mejorar la sostenibilidad urbana. No solo recuperamos un espacio degradado, sino que lo transformamos en un sistema que gestionar\u00e1 el agua de forma eficiente y natural, adaptando nuestro entorno a los efectos del cambio clim\u00e1tico\u00bb.<\/p>\n<p class=\"v1MsoNormal\">\u00abEl agua ha sido hist\u00f3ricamente un elemento clave para Lorca. Hoy, gracias a este proyecto de NatUR-W, recuperamos parte de ese legado y lo convertimos en una herramienta para embellecer y mejorar el entorno del Barrio de Santa Mar\u00eda, el casco hist\u00f3rico, y la regeneraci\u00f3n social, econ\u00f3mica y ambiental de toda la zona\u00bb, ha concluido la edil de Urbanismo.<\/p>\n<p class=\"v1MsoNormal\">Cabe destacar que esta actuaci\u00f3n se enmarca dentro del proyecto NatUR-W de Acciones Urbanas Innovadoras de la Uni\u00f3n Europea en el que participa el Ayuntamiento. Su objetivo es hacer frente a los efectos del cambio clim\u00e1tico y la pobreza energ\u00e9tica mediante soluciones basadas en la naturaleza, e incluye, adem\u00e1s, la rehabilitaci\u00f3n del edificio de la vieja C\u00e1rcel y la rehabilitaci\u00f3n energ\u00e9tica en viviendas sociales.<\/p>\n<p class=\"v1MsoNormal\">Asimismo, la concejal de Desarrollo Local ha explicado que la renaturalizaci\u00f3n de los dep\u00f3sitos de Santa Mar\u00eda se desarrollar\u00e1 sobre una superficie de 3.110 metros cuadrados situada entre las calles Rinc\u00f3n de Bautista y Laberinto, en terrenos recientemente cedidos al Ayuntamiento por la Mancomunidad de Canales del Taibilla. \u00abEstas instalaciones se encontraban en estado de abandono, pero ofrecen un gran potencial paisaj\u00edstico y funcional, gracias a su ubicaci\u00f3n desde donde se pueden obtener unas vistas privilegiadas de la ciudad. As\u00ed, su rehabilitaci\u00f3n se enmarca, adem\u00e1s, dentro del Plan Resurgir de la &#8216;Vieja Ciudad&#8217; que el Gobierno de Lorca est\u00e1 poniendo en marcha, con el objetivo de poner en valor espacios emblem\u00e1ticos, recuperar patrimonio hist\u00f3rico, la construcci\u00f3n de nuevos edificios para j\u00f3venes y revitalizar el centro hist\u00f3rico de Lorca\u00bb, ha indicado.<\/p>\n<p class=\"v1MsoNormal\">Y ha a\u00f1adido que, adem\u00e1s de la rehabilitaci\u00f3n del dep\u00f3sito, el proyecto contempla la creaci\u00f3n de un parque urbano que integrar\u00e1 Soluciones Basadas en la Naturaleza (SbN) como muros verdes en edificios p\u00fablicos para mejorar la eficiencia energ\u00e9tica, incrementar la masa vegetal, crear sistemas de aislamiento con materiales reciclados y zonas renaturalizadas que funcionar\u00e1n como refugios bioclim\u00e1ticos y ofrecer nuevos espacios de encuentro y esparcimiento para los lorquinos, conectando este espacio con el resto de la ciudad y respondiendo as\u00ed a una reivindicaci\u00f3n hist\u00f3rica de los vecinos del barrio.<\/p>\n<p class=\"v1MsoNormal\">La actuaci\u00f3n incluye tambi\u00e9n movimientos de tierra, pavimentaci\u00f3n de espacios p\u00fablicos, redes de saneamiento y abastecimiento, alumbrado eficiente y mobiliario urbano adaptado, con un enfoque integral que contribuir\u00e1 a la mejora ambiental, paisaj\u00edstica y social del entorno. \u00abQueremos que este parque sea un espacio de encuentro para los lorquinos, y al mismo tiempo, un ejemplo de c\u00f3mo se puede integrar la naturaleza en la ciudad de manera innovadora y eficiente. La intervenci\u00f3n en el Barrio de Santa Mar\u00eda es un ejemplo del nuevo modelo de municipio que desde el Gobierno de Lorca queremos, una ciudad que est\u00e9 conectada, que aproveche los recursos, respetuosa con el medio ambiente y donde se mejore la calidad de vida de todos los ciudadanos\u00bb, ha afirmado Rosa Mar\u00eda Medina.<\/p>\n<p class=\"v1MsoNormal\">Cuenta con un presupuesto total de 838.465,65 euros y un plazo de ejecuci\u00f3n de ocho meses a partir de la firma del acta de replanteo. Las empresas interesadas en la licitaci\u00f3n podr\u00e1n presentar sus ofertas hasta el pr\u00f3ximo 5 de septiembre, con el objetivo de iniciar las obras antes de que finalice el a\u00f1o.<\/p>\n","protected":false},"excerpt":{"rendered":"<p>\u00c1REA LORCA RADIO. Urbanismo. 22 de julio de 2025.\u00a0El Gobierno de Lorca va a llevar a cabo la rehabilitaci\u00f3n de los antiguos dep\u00f3sitos de agua del barrio de Santa Mar\u00eda, actualmente en desuso y abandonados, para convertirlos en el elemento central de un nuevo parque urbano sostenible, que transformar\u00e1 una zona degradada en un pulm\u00f3n [&hellip;]<\/p>\n","protected":false},"author":1,"featured_media":7417,"comment_status":"open","ping_status":"open","sticky":false,"template":"","format":"standard","meta":{"iawp_total_views":12,"footnotes":""},"categories":[5,7],"tags":[],"class_list":["post-7411","post","type-post","status-publish","format-standard","has-post-thumbnail","hentry","category-actualidad","category-lorca"],"yoast_head":"<!-- This site is optimized with the Yoast SEO plugin v27.5 - https:\/\/yoast.com\/product\/yoast-seo-wordpress\/ -->\n<title>El Gobierno de Lorca convertir\u00e1 los antiguos dep\u00f3sitos de agua del Barrio de Santa Mar\u00eda en un innovador parque urbano sostenible - AREA LORCA RADIO<\/title>\n<meta name=\"robots\" content=\"index, follow, max-snippet:-1, max-image-preview:large, max-video-preview:-1\" \/>\n<link rel=\"canonical\" href=\"https:\/\/arealorcaradio.es\/index.php\/2025\/07\/22\/el-gobierno-de-lorca-convertira-los-antiguos-depositos-de-agua-del-barrio-de-santa-maria-en-un-innovador-parque-urbano-sostenible\/\" \/>\n<meta property=\"og:locale\" content=\"es_ES\" \/>\n<meta property=\"og:type\" content=\"article\" \/>\n<meta property=\"og:title\" content=\"El Gobierno de Lorca convertir\u00e1 los antiguos dep\u00f3sitos de agua del Barrio de Santa Mar\u00eda en un innovador parque urbano sostenible - AREA LORCA RADIO\" \/>\n<meta property=\"og:description\" content=\"\u00c1REA LORCA RADIO. Urbanismo. 22 de julio de 2025.\u00a0El Gobierno de Lorca va a llevar a cabo la rehabilitaci\u00f3n de los antiguos dep\u00f3sitos de agua del barrio de Santa Mar\u00eda, actualmente en desuso y abandonados, para convertirlos en el elemento central de un nuevo parque urbano sostenible, que transformar\u00e1 una zona degradada en un pulm\u00f3n [&hellip;]\" \/>\n<meta property=\"og:url\" content=\"https:\/\/arealorcaradio.es\/index.php\/2025\/07\/22\/el-gobierno-de-lorca-convertira-los-antiguos-depositos-de-agua-del-barrio-de-santa-maria-en-un-innovador-parque-urbano-sostenible\/\" \/>\n<meta property=\"og:site_name\" content=\"AREA LORCA RADIO\" \/>\n<meta property=\"article:published_time\" content=\"2025-07-22T09:39:10+00:00\" \/>\n<meta property=\"article:modified_time\" content=\"2025-07-22T09:44:41+00:00\" \/>\n<meta property=\"og:image\" content=\"https:\/\/arealorcaradio.es\/wp-content\/uploads\/2025\/07\/foto1-45.jpeg\" \/>\n\t<meta property=\"og:image:width\" content=\"2048\" \/>\n\t<meta property=\"og:image:height\" content=\"1366\" \/>\n\t<meta property=\"og:image:type\" content=\"image\/jpeg\" \/>\n<meta name=\"author\" content=\"Paco S\u00e1nchez\" \/>\n<meta name=\"twitter:card\" content=\"summary_large_image\" \/>\n<meta name=\"twitter:label1\" content=\"Escrito por\" \/>\n\t<meta name=\"twitter:data1\" content=\"Paco S\u00e1nchez\" \/>\n\t<meta name=\"twitter:label2\" content=\"Tiempo de lectura\" \/>\n\t<meta name=\"twitter:data2\" content=\"5 minutos\" \/>\n<script type=\"application\/ld+json\" class=\"yoast-schema-graph\">{\"@context\":\"https:\\\/\\\/schema.org\",\"@graph\":[{\"@type\":\"Article\",\"@id\":\"https:\\\/\\\/arealorcaradio.es\\\/index.php\\\/2025\\\/07\\\/22\\\/el-gobierno-de-lorca-convertira-los-antiguos-depositos-de-agua-del-barrio-de-santa-maria-en-un-innovador-parque-urbano-sostenible\\\/#article\",\"isPartOf\":{\"@id\":\"https:\\\/\\\/arealorcaradio.es\\\/index.php\\\/2025\\\/07\\\/22\\\/el-gobierno-de-lorca-convertira-los-antiguos-depositos-de-agua-del-barrio-de-santa-maria-en-un-innovador-parque-urbano-sostenible\\\/\"},\"author\":{\"name\":\"Paco S\u00e1nchez\",\"@id\":\"https:\\\/\\\/arealorcaradio.es\\\/#\\\/schema\\\/person\\\/9fae605fc25b0f2c83c1ab207139bd27\"},\"headline\":\"El Gobierno de Lorca convertir\u00e1 los antiguos dep\u00f3sitos de agua del Barrio de Santa Mar\u00eda en un innovador parque urbano sostenible\",\"datePublished\":\"2025-07-22T09:39:10+00:00\",\"dateModified\":\"2025-07-22T09:44:41+00:00\",\"mainEntityOfPage\":{\"@id\":\"https:\\\/\\\/arealorcaradio.es\\\/index.php\\\/2025\\\/07\\\/22\\\/el-gobierno-de-lorca-convertira-los-antiguos-depositos-de-agua-del-barrio-de-santa-maria-en-un-innovador-parque-urbano-sostenible\\\/\"},\"wordCount\":851,\"commentCount\":0,\"image\":{\"@id\":\"https:\\\/\\\/arealorcaradio.es\\\/index.php\\\/2025\\\/07\\\/22\\\/el-gobierno-de-lorca-convertira-los-antiguos-depositos-de-agua-del-barrio-de-santa-maria-en-un-innovador-parque-urbano-sostenible\\\/#primaryimage\"},\"thumbnailUrl\":\"https:\\\/\\\/arealorcaradio.es\\\/wp-content\\\/uploads\\\/2025\\\/07\\\/foto1-45.jpeg\",\"articleSection\":[\"ACTUALIDAD\",\"LORCA\"],\"inLanguage\":\"es\",\"potentialAction\":[{\"@type\":\"CommentAction\",\"name\":\"Comment\",\"target\":[\"https:\\\/\\\/arealorcaradio.es\\\/index.php\\\/2025\\\/07\\\/22\\\/el-gobierno-de-lorca-convertira-los-antiguos-depositos-de-agua-del-barrio-de-santa-maria-en-un-innovador-parque-urbano-sostenible\\\/#respond\"]}]},{\"@type\":\"WebPage\",\"@id\":\"https:\\\/\\\/arealorcaradio.es\\\/index.php\\\/2025\\\/07\\\/22\\\/el-gobierno-de-lorca-convertira-los-antiguos-depositos-de-agua-del-barrio-de-santa-maria-en-un-innovador-parque-urbano-sostenible\\\/\",\"url\":\"https:\\\/\\\/arealorcaradio.es\\\/index.php\\\/2025\\\/07\\\/22\\\/el-gobierno-de-lorca-convertira-los-antiguos-depositos-de-agua-del-barrio-de-santa-maria-en-un-innovador-parque-urbano-sostenible\\\/\",\"name\":\"El Gobierno de Lorca convertir\u00e1 los antiguos dep\u00f3sitos de agua del Barrio de Santa Mar\u00eda en un innovador parque urbano sostenible - AREA LORCA RADIO\",\"isPartOf\":{\"@id\":\"https:\\\/\\\/arealorcaradio.es\\\/#website\"},\"primaryImageOfPage\":{\"@id\":\"https:\\\/\\\/arealorcaradio.es\\\/index.php\\\/2025\\\/07\\\/22\\\/el-gobierno-de-lorca-convertira-los-antiguos-depositos-de-agua-del-barrio-de-santa-maria-en-un-innovador-parque-urbano-sostenible\\\/#primaryimage\"},\"image\":{\"@id\":\"https:\\\/\\\/arealorcaradio.es\\\/index.php\\\/2025\\\/07\\\/22\\\/el-gobierno-de-lorca-convertira-los-antiguos-depositos-de-agua-del-barrio-de-santa-maria-en-un-innovador-parque-urbano-sostenible\\\/#primaryimage\"},\"thumbnailUrl\":\"https:\\\/\\\/arealorcaradio.es\\\/wp-content\\\/uploads\\\/2025\\\/07\\\/foto1-45.jpeg\",\"datePublished\":\"2025-07-22T09:39:10+00:00\",\"dateModified\":\"2025-07-22T09:44:41+00:00\",\"author\":{\"@id\":\"https:\\\/\\\/arealorcaradio.es\\\/#\\\/schema\\\/person\\\/9fae605fc25b0f2c83c1ab207139bd27\"},\"breadcrumb\":{\"@id\":\"https:\\\/\\\/arealorcaradio.es\\\/index.php\\\/2025\\\/07\\\/22\\\/el-gobierno-de-lorca-convertira-los-antiguos-depositos-de-agua-del-barrio-de-santa-maria-en-un-innovador-parque-urbano-sostenible\\\/#breadcrumb\"},\"inLanguage\":\"es\",\"potentialAction\":[{\"@type\":\"ReadAction\",\"target\":[\"https:\\\/\\\/arealorcaradio.es\\\/index.php\\\/2025\\\/07\\\/22\\\/el-gobierno-de-lorca-convertira-los-antiguos-depositos-de-agua-del-barrio-de-santa-maria-en-un-innovador-parque-urbano-sostenible\\\/\"]}]},{\"@type\":\"ImageObject\",\"inLanguage\":\"es\",\"@id\":\"https:\\\/\\\/arealorcaradio.es\\\/index.php\\\/2025\\\/07\\\/22\\\/el-gobierno-de-lorca-convertira-los-antiguos-depositos-de-agua-del-barrio-de-santa-maria-en-un-innovador-parque-urbano-sostenible\\\/#primaryimage\",\"url\":\"https:\\\/\\\/arealorcaradio.es\\\/wp-content\\\/uploads\\\/2025\\\/07\\\/foto1-45.jpeg\",\"contentUrl\":\"https:\\\/\\\/arealorcaradio.es\\\/wp-content\\\/uploads\\\/2025\\\/07\\\/foto1-45.jpeg\",\"width\":2048,\"height\":1366},{\"@type\":\"BreadcrumbList\",\"@id\":\"https:\\\/\\\/arealorcaradio.es\\\/index.php\\\/2025\\\/07\\\/22\\\/el-gobierno-de-lorca-convertira-los-antiguos-depositos-de-agua-del-barrio-de-santa-maria-en-un-innovador-parque-urbano-sostenible\\\/#breadcrumb\",\"itemListElement\":[{\"@type\":\"ListItem\",\"position\":1,\"name\":\"Portada\",\"item\":\"https:\\\/\\\/arealorcaradio.es\\\/\"},{\"@type\":\"ListItem\",\"position\":2,\"name\":\"El Gobierno de Lorca convertir\u00e1 los antiguos dep\u00f3sitos de agua del Barrio de Santa Mar\u00eda en un innovador parque urbano sostenible\"}]},{\"@type\":\"WebSite\",\"@id\":\"https:\\\/\\\/arealorcaradio.es\\\/#website\",\"url\":\"https:\\\/\\\/arealorcaradio.es\\\/\",\"name\":\"AREA LORCA RADIO\",\"description\":\"Descubre la programaci\u00f3n actual en \u00c1rea Lorca Radio, tu fuente de entrenamiento y noticias locales. Sintoniza ahora y mantente conectado online.\",\"potentialAction\":[{\"@type\":\"SearchAction\",\"target\":{\"@type\":\"EntryPoint\",\"urlTemplate\":\"https:\\\/\\\/arealorcaradio.es\\\/?s={search_term_string}\"},\"query-input\":{\"@type\":\"PropertyValueSpecification\",\"valueRequired\":true,\"valueName\":\"search_term_string\"}}],\"inLanguage\":\"es\"},{\"@type\":\"Person\",\"@id\":\"https:\\\/\\\/arealorcaradio.es\\\/#\\\/schema\\\/person\\\/9fae605fc25b0f2c83c1ab207139bd27\",\"name\":\"Paco S\u00e1nchez\",\"image\":{\"@type\":\"ImageObject\",\"inLanguage\":\"es\",\"@id\":\"https:\\\/\\\/secure.gravatar.com\\\/avatar\\\/d67144e966420fb74aa84c9f2a0103be4724fd14db52b52d3b6bca749f257e79?s=96&d=mm&r=g\",\"url\":\"https:\\\/\\\/secure.gravatar.com\\\/avatar\\\/d67144e966420fb74aa84c9f2a0103be4724fd14db52b52d3b6bca749f257e79?s=96&d=mm&r=g\",\"contentUrl\":\"https:\\\/\\\/secure.gravatar.com\\\/avatar\\\/d67144e966420fb74aa84c9f2a0103be4724fd14db52b52d3b6bca749f257e79?s=96&d=mm&r=g\",\"caption\":\"Paco S\u00e1nchez\"},\"sameAs\":[\"https:\\\/\\\/arealorcaradio.es\"],\"url\":\"https:\\\/\\\/arealorcaradio.es\\\/index.php\\\/author\\\/admin_alorcaradio\\\/\"}]}<\/script>\n<!-- \/ Yoast SEO plugin. -->","yoast_head_json":{"title":"El Gobierno de Lorca convertir\u00e1 los antiguos dep\u00f3sitos de agua del Barrio de Santa Mar\u00eda en un innovador parque urbano sostenible - AREA LORCA RADIO","robots":{"index":"index","follow":"follow","max-snippet":"max-snippet:-1","max-image-preview":"max-image-preview:large","max-video-preview":"max-video-preview:-1"},"canonical":"https:\/\/arealorcaradio.es\/index.php\/2025\/07\/22\/el-gobierno-de-lorca-convertira-los-antiguos-depositos-de-agua-del-barrio-de-santa-maria-en-un-innovador-parque-urbano-sostenible\/","og_locale":"es_ES","og_type":"article","og_title":"El Gobierno de Lorca convertir\u00e1 los antiguos dep\u00f3sitos de agua del Barrio de Santa Mar\u00eda en un innovador parque urbano sostenible - AREA LORCA RADIO","og_description":"\u00c1REA LORCA RADIO. Urbanismo. 22 de julio de 2025.\u00a0El Gobierno de Lorca va a llevar a cabo la rehabilitaci\u00f3n de los antiguos dep\u00f3sitos de agua del barrio de Santa Mar\u00eda, actualmente en desuso y abandonados, para convertirlos en el elemento central de un nuevo parque urbano sostenible, que transformar\u00e1 una zona degradada en un pulm\u00f3n [&hellip;]","og_url":"https:\/\/arealorcaradio.es\/index.php\/2025\/07\/22\/el-gobierno-de-lorca-convertira-los-antiguos-depositos-de-agua-del-barrio-de-santa-maria-en-un-innovador-parque-urbano-sostenible\/","og_site_name":"AREA LORCA RADIO","article_published_time":"2025-07-22T09:39:10+00:00","article_modified_time":"2025-07-22T09:44:41+00:00","og_image":[{"width":2048,"height":1366,"url":"https:\/\/arealorcaradio.es\/wp-content\/uploads\/2025\/07\/foto1-45.jpeg","type":"image\/jpeg"}],"author":"Paco S\u00e1nchez","twitter_card":"summary_large_image","twitter_misc":{"Escrito por":"Paco S\u00e1nchez","Tiempo de lectura":"5 minutos"},"schema":{"@context":"https:\/\/schema.org","@graph":[{"@type":"Article","@id":"https:\/\/arealorcaradio.es\/index.php\/2025\/07\/22\/el-gobierno-de-lorca-convertira-los-antiguos-depositos-de-agua-del-barrio-de-santa-maria-en-un-innovador-parque-urbano-sostenible\/#article","isPartOf":{"@id":"https:\/\/arealorcaradio.es\/index.php\/2025\/07\/22\/el-gobierno-de-lorca-convertira-los-antiguos-depositos-de-agua-del-barrio-de-santa-maria-en-un-innovador-parque-urbano-sostenible\/"},"author":{"name":"Paco S\u00e1nchez","@id":"https:\/\/arealorcaradio.es\/#\/schema\/person\/9fae605fc25b0f2c83c1ab207139bd27"},"headline":"El Gobierno de Lorca convertir\u00e1 los antiguos dep\u00f3sitos de agua del Barrio de Santa Mar\u00eda en un innovador parque urbano sostenible","datePublished":"2025-07-22T09:39:10+00:00","dateModified":"2025-07-22T09:44:41+00:00","mainEntityOfPage":{"@id":"https:\/\/arealorcaradio.es\/index.php\/2025\/07\/22\/el-gobierno-de-lorca-convertira-los-antiguos-depositos-de-agua-del-barrio-de-santa-maria-en-un-innovador-parque-urbano-sostenible\/"},"wordCount":851,"commentCount":0,"image":{"@id":"https:\/\/arealorcaradio.es\/index.php\/2025\/07\/22\/el-gobierno-de-lorca-convertira-los-antiguos-depositos-de-agua-del-barrio-de-santa-maria-en-un-innovador-parque-urbano-sostenible\/#primaryimage"},"thumbnailUrl":"https:\/\/arealorcaradio.es\/wp-content\/uploads\/2025\/07\/foto1-45.jpeg","articleSection":["ACTUALIDAD","LORCA"],"inLanguage":"es","potentialAction":[{"@type":"CommentAction","name":"Comment","target":["https:\/\/arealorcaradio.es\/index.php\/2025\/07\/22\/el-gobierno-de-lorca-convertira-los-antiguos-depositos-de-agua-del-barrio-de-santa-maria-en-un-innovador-parque-urbano-sostenible\/#respond"]}]},{"@type":"WebPage","@id":"https:\/\/arealorcaradio.es\/index.php\/2025\/07\/22\/el-gobierno-de-lorca-convertira-los-antiguos-depositos-de-agua-del-barrio-de-santa-maria-en-un-innovador-parque-urbano-sostenible\/","url":"https:\/\/arealorcaradio.es\/index.php\/2025\/07\/22\/el-gobierno-de-lorca-convertira-los-antiguos-depositos-de-agua-del-barrio-de-santa-maria-en-un-innovador-parque-urbano-sostenible\/","name":"El Gobierno de Lorca convertir\u00e1 los antiguos dep\u00f3sitos de agua del Barrio de Santa Mar\u00eda en un innovador parque urbano sostenible - AREA LORCA RADIO","isPartOf":{"@id":"https:\/\/arealorcaradio.es\/#website"},"primaryImageOfPage":{"@id":"https:\/\/arealorcaradio.es\/index.php\/2025\/07\/22\/el-gobierno-de-lorca-convertira-los-antiguos-depositos-de-agua-del-barrio-de-santa-maria-en-un-innovador-parque-urbano-sostenible\/#primaryimage"},"image":{"@id":"https:\/\/arealorcaradio.es\/index.php\/2025\/07\/22\/el-gobierno-de-lorca-convertira-los-antiguos-depositos-de-agua-del-barrio-de-santa-maria-en-un-innovador-parque-urbano-sostenible\/#primaryimage"},"thumbnailUrl":"https:\/\/arealorcaradio.es\/wp-content\/uploads\/2025\/07\/foto1-45.jpeg","datePublished":"2025-07-22T09:39:10+00:00","dateModified":"2025-07-22T09:44:41+00:00","author":{"@id":"https:\/\/arealorcaradio.es\/#\/schema\/person\/9fae605fc25b0f2c83c1ab207139bd27"},"breadcrumb":{"@id":"https:\/\/arealorcaradio.es\/index.php\/2025\/07\/22\/el-gobierno-de-lorca-convertira-los-antiguos-depositos-de-agua-del-barrio-de-santa-maria-en-un-innovador-parque-urbano-sostenible\/#breadcrumb"},"inLanguage":"es","potentialAction":[{"@type":"ReadAction","target":["https:\/\/arealorcaradio.es\/index.php\/2025\/07\/22\/el-gobierno-de-lorca-convertira-los-antiguos-depositos-de-agua-del-barrio-de-santa-maria-en-un-innovador-parque-urbano-sostenible\/"]}]},{"@type":"ImageObject","inLanguage":"es","@id":"https:\/\/arealorcaradio.es\/index.php\/2025\/07\/22\/el-gobierno-de-lorca-convertira-los-antiguos-depositos-de-agua-del-barrio-de-santa-maria-en-un-innovador-parque-urbano-sostenible\/#primaryimage","url":"https:\/\/arealorcaradio.es\/wp-content\/uploads\/2025\/07\/foto1-45.jpeg","contentUrl":"https:\/\/arealorcaradio.es\/wp-content\/uploads\/2025\/07\/foto1-45.jpeg","width":2048,"height":1366},{"@type":"BreadcrumbList","@id":"https:\/\/arealorcaradio.es\/index.php\/2025\/07\/22\/el-gobierno-de-lorca-convertira-los-antiguos-depositos-de-agua-del-barrio-de-santa-maria-en-un-innovador-parque-urbano-sostenible\/#breadcrumb","itemListElement":[{"@type":"ListItem","position":1,"name":"Portada","item":"https:\/\/arealorcaradio.es\/"},{"@type":"ListItem","position":2,"name":"El Gobierno de Lorca convertir\u00e1 los antiguos dep\u00f3sitos de agua del Barrio de Santa Mar\u00eda en un innovador parque urbano sostenible"}]},{"@type":"WebSite","@id":"https:\/\/arealorcaradio.es\/#website","url":"https:\/\/arealorcaradio.es\/","name":"AREA LORCA RADIO","description":"Descubre la programaci\u00f3n actual en \u00c1rea Lorca Radio, tu fuente de entrenamiento y noticias locales. Sintoniza ahora y mantente conectado online.","potentialAction":[{"@type":"SearchAction","target":{"@type":"EntryPoint","urlTemplate":"https:\/\/arealorcaradio.es\/?s={search_term_string}"},"query-input":{"@type":"PropertyValueSpecification","valueRequired":true,"valueName":"search_term_string"}}],"inLanguage":"es"},{"@type":"Person","@id":"https:\/\/arealorcaradio.es\/#\/schema\/person\/9fae605fc25b0f2c83c1ab207139bd27","name":"Paco S\u00e1nchez","image":{"@type":"ImageObject","inLanguage":"es","@id":"https:\/\/secure.gravatar.com\/avatar\/d67144e966420fb74aa84c9f2a0103be4724fd14db52b52d3b6bca749f257e79?s=96&d=mm&r=g","url":"https:\/\/secure.gravatar.com\/avatar\/d67144e966420fb74aa84c9f2a0103be4724fd14db52b52d3b6bca749f257e79?s=96&d=mm&r=g","contentUrl":"https:\/\/secure.gravatar.com\/avatar\/d67144e966420fb74aa84c9f2a0103be4724fd14db52b52d3b6bca749f257e79?s=96&d=mm&r=g","caption":"Paco S\u00e1nchez"},"sameAs":["https:\/\/arealorcaradio.es"],"url":"https:\/\/arealorcaradio.es\/index.php\/author\/admin_alorcaradio\/"}]}},"_links":{"self":[{"href":"https:\/\/arealorcaradio.es\/index.php\/wp-json\/wp\/v2\/posts\/7411","targetHints":{"allow":["GET"]}}],"collection":[{"href":"https:\/\/arealorcaradio.es\/index.php\/wp-json\/wp\/v2\/posts"}],"about":[{"href":"https:\/\/arealorcaradio.es\/index.php\/wp-json\/wp\/v2\/types\/post"}],"author":[{"embeddable":true,"href":"https:\/\/arealorcaradio.es\/index.php\/wp-json\/wp\/v2\/users\/1"}],"replies":[{"embeddable":true,"href":"https:\/\/arealorcaradio.es\/index.php\/wp-json\/wp\/v2\/comments?post=7411"}],"version-history":[{"count":2,"href":"https:\/\/arealorcaradio.es\/index.php\/wp-json\/wp\/v2\/posts\/7411\/revisions"}],"predecessor-version":[{"id":7418,"href":"https:\/\/arealorcaradio.es\/index.php\/wp-json\/wp\/v2\/posts\/7411\/revisions\/7418"}],"wp:featuredmedia":[{"embeddable":true,"href":"https:\/\/arealorcaradio.es\/index.php\/wp-json\/wp\/v2\/media\/7417"}],"wp:attachment":[{"href":"https:\/\/arealorcaradio.es\/index.php\/wp-json\/wp\/v2\/media?parent=7411"}],"wp:term":[{"taxonomy":"category","embeddable":true,"href":"https:\/\/arealorcaradio.es\/index.php\/wp-json\/wp\/v2\/categories?post=7411"},{"taxonomy":"post_tag","embeddable":true,"href":"https:\/\/arealorcaradio.es\/index.php\/wp-json\/wp\/v2\/tags?post=7411"}],"curies":[{"name":"wp","href":"https:\/\/api.w.org\/{rel}","templated":true}]}}