{"id":7404,"date":"2025-07-22T08:25:34","date_gmt":"2025-07-22T08:25:34","guid":{"rendered":"https:\/\/arealorcaradio.es\/?p=7404"},"modified":"2025-07-22T08:25:34","modified_gmt":"2025-07-22T08:25:34","slug":"casalduero-califica-de-varapalo-a-la-cultura-y-el-casco-historico-de-lorca-la-renuncia-al-fondo-cultural-espin-por-parte-de-fulgencio-gil-y-su-equipo-de-gobierno","status":"publish","type":"post","link":"https:\/\/arealorcaradio.es\/index.php\/2025\/07\/22\/casalduero-califica-de-varapalo-a-la-cultura-y-el-casco-historico-de-lorca-la-renuncia-al-fondo-cultural-espin-por-parte-de-fulgencio-gil-y-su-equipo-de-gobierno\/","title":{"rendered":"Casalduero califica de \u00abvarapalo a la cultura y el Casco Hist\u00f3rico de Lorca\u00bb la renuncia al Fondo Cultural Esp\u00edn por parte de Fulgencio Gil y su equipo de gobierno"},"content":{"rendered":"<p><strong>\u00c1REA LORCA RADIO. Cultura.<\/strong><\/p>\n<p class=\"v1MsoNormal\"><b>Lorca, 21 de julio de 2025. <\/b>La portavoz del Grupo Municipal Socialista en el Ayuntamiento de Lorca, <strong>Isabel Casalduero<\/strong>, ha lamentado la decisi\u00f3n del equipo de gobierno local de renunciar al uso del Fondo Cultural Esp\u00edn, calificando esta medida como \u00abun aut\u00e9ntico varapalo para la cultura de nuestra ciudad, as\u00ed como una muestra clara de irresponsabilidad\u00bb. Casalduero ha manifestado su profunda preocupaci\u00f3n por lo que considera un retroceso injustificable en la pol\u00edtica cultural municipal, especialmente en un momento en el que las opciones disponibles para desarrollar actividades culturales son limitadas.<\/p>\n<p class=\"v1MsoNormal\">\u00abLa renuncia a este edificio emblem\u00e1tico deja a Lorca sin uno de sus principales espacios culturales justo en el momento en que el Centro Cultural permanece en obras. A partir de ahora, cualquier actividad cultural deber\u00e1 celebrarse en el Huerto Ruano, con las evidentes limitaciones que presenta el edificio, o trasladarse a alguna de las salas de IFELOR, lo que supone un coste econ\u00f3mico considerable y serias dificultades de acceso para numerosos colectivos\u00bb, ha denunciado la portavoz socialista. Seg\u00fan Casalduero, el gobierno municipal ni siquiera ha solicitado una pr\u00f3rroga de uso del inmueble, \u00abuna opci\u00f3n que al menos habr\u00eda evitado este apag\u00f3n cultural temporal\u00bb.<\/p>\n<p class=\"v1MsoNormal\"><img loading=\"lazy\" decoding=\"async\" class=\"alignnone size-medium wp-image-7409\" src=\"https:\/\/arealorcaradio.es\/wp-content\/uploads\/2025\/07\/Imagen-Isabel-Casalduero-RdP-Renuncia-Fondo-Cultural-Espin-2-300x200.jpeg\" alt=\"\" width=\"300\" height=\"200\" srcset=\"https:\/\/arealorcaradio.es\/wp-content\/uploads\/2025\/07\/Imagen-Isabel-Casalduero-RdP-Renuncia-Fondo-Cultural-Espin-2-300x200.jpeg 300w, https:\/\/arealorcaradio.es\/wp-content\/uploads\/2025\/07\/Imagen-Isabel-Casalduero-RdP-Renuncia-Fondo-Cultural-Espin-2-1024x682.jpeg 1024w, https:\/\/arealorcaradio.es\/wp-content\/uploads\/2025\/07\/Imagen-Isabel-Casalduero-RdP-Renuncia-Fondo-Cultural-Espin-2-768x512.jpeg 768w, https:\/\/arealorcaradio.es\/wp-content\/uploads\/2025\/07\/Imagen-Isabel-Casalduero-RdP-Renuncia-Fondo-Cultural-Espin-2-1536x1023.jpeg 1536w, https:\/\/arealorcaradio.es\/wp-content\/uploads\/2025\/07\/Imagen-Isabel-Casalduero-RdP-Renuncia-Fondo-Cultural-Espin-2.jpeg 1600w\" sizes=\"auto, (max-width: 300px) 100vw, 300px\" \/><\/p>\n<p class=\"v1MsoNormal\">Casalduero ha recordado que fue el gobierno socialista en 2020 quien decidi\u00f3 revitalizar el Fondo Esp\u00edn, cediendo espacios a asociaciones culturales y programando exposiciones y actividades en su interior. \u00abDurante nuestra etapa, llenamos de contenido el edificio y se convirti\u00f3 en un punto de encuentro para el arte y la historia de Lorca. Desalojar ahora a los colectivos, como a los Amigos de la Cultura, sin ofrecer alternativas es un gesto de desprecio a la cultura local\u00bb, ha se\u00f1alado.<\/p>\n<p class=\"v1MsoNormal\">Asimismo, ha puesto en valor el patrimonio contenido en el inmueble, como obras de Esp\u00edn, Mu\u00f1oz Barber\u00e1n o Rodrigo, adem\u00e1s de un importante fondo arqueol\u00f3gico, documental y bibliogr\u00e1fico. Seg\u00fan ha indicado, en los \u00faltimos meses del anterior mandato se iniciaron conversaciones con la Fundaci\u00f3n CAM, propietaria del edificio, que mostr\u00f3 \u00abuna total disposici\u00f3n\u00bb para alcanzar un acuerdo, ya fuera a trav\u00e9s de una compraventa, un alquiler actualizado o incluso un alquiler con opci\u00f3n a compra. \u00abTodas esas posibilidades estaban sobre la mesa. Lo que no ha habido es voluntad pol\u00edtica por parte del actual gobierno local de Partido Popular y VOX\u00bb, ha afirmado Casalduero.<\/p>\n<p class=\"v1MsoNormal\">La portavoz socialista ha concluido insistiendo al equipo de gobierno que reconsidere su decisi\u00f3n y se siente a negociar para no perder este espacio cultural clave para Lorca. \u00abLo que ha ocurrido es incomprensible. No se trata solo de un edificio; se trata de la cultura, la historia y la identidad de nuestra ciudad\u00bb, ha sentenciado.<\/p>\n<p>&nbsp;<\/p>\n<p><strong>Respuesta del equipo de Gobierno.<\/strong><\/p>\n<p class=\"v1MsoNormal\">El concejal de Cultura del Ayuntamiento de Lorca, <strong>Santiago Parra<\/strong>, ha lamentado las declaraciones realizadas este lunes por la portavoz del Grupo Municipal Socialista, Isabel Casalduero, en relaci\u00f3n a la finalizaci\u00f3n del contrato de arrendamiento del Fondo Cultural Esp\u00edn calific\u00e1ndolas de \u00aboportunistas\u00bb y ha recordado que el Gobierno de Lorca ha hecho \u00abtodo lo posible\u00bb para mantener abierto este espacio cultural y pudiera seguir albergando actividades culturales.<\/p>\n<p class=\"v1MsoNormal\">\u00abEl Gobierno de Lorca ha sido el primero en apostar por el Fondo Cultural Esp\u00edn y en trabajar por su mantenimiento. Hemos puesto todo lo que estaba de nuestra parte, hemos explorado todas las v\u00edas posibles para renovar el contrato de arrendamiento, pero no podemos asumir un incremento del coste que duplica el actual\u00bb, ha afirmado Santiago Parra, quien tambi\u00e9n ha explicado que \u00abla decisi\u00f3n de no renovar este contrato no ha sido f\u00e1cil, pero hemos actuado con responsabilidad econ\u00f3mica y haciendo una buena gesti\u00f3n de los recursos p\u00fablicos\u00bb.<\/p>\n<p class=\"v1MsoNormal\">El concejal de Cultura, en este sentido, ha informado que, adem\u00e1s del aumento del alquiler, la propiedad del inmueble tambi\u00e9n pretend\u00eda que el Ayuntamiento asumiera los gastos derivados de la mejora del equipamiento, especialmente de la renovaci\u00f3n del sistema de climatizaci\u00f3n, \u00abuna actuaci\u00f3n que supon\u00eda una inversi\u00f3n muy cuantiosa y que el Consistorio no puede abordar en estos momentos\u00bb.<\/p>\n<p class=\"v1MsoNormal\">Y ha manifestado que \u00abno se trata de una cuesti\u00f3n de voluntad pol\u00edtica, sino de realidad. Cualquier intento de politizar o sacar r\u00e9dito pol\u00edtico de este asunto nos parece totalmente rid\u00edculo. Hacer pol\u00edtica de un tr\u00e1mite meramente administrativo es es una muestra m\u00e1s del oportunismo al que ya nos tiene acostumbrados la se\u00f1ora Casalduero y revela la falta de responsabilidad que el PSOE est\u00e1 teniendo estos \u00faltimos meses, intentando solamente enga\u00f1ar a los lorquinos con falsas acusaciones\u00bb, y ha recalcado que \u00abmultiplicar por dos el gasto es inasumible, y el PSOE lo sabe. Si no se hubieran fundido m\u00e1s de 22 millones de euros en los meses previos a las elecciones, quiz\u00e1s hoy s\u00ed podr\u00edamos plantearnos mantener este arrendamiento\u00bb.<\/p>\n<p class=\"v1MsoNormal\">Parra ha insistido en que \u00abdesde el Gobierno de Lorca seguimos manteniendo la mano tendida para buscar alternativas junto a la Fundaci\u00f3n, ya que estamos abiertos a estudiar otras opciones o propuestas de colaboraci\u00f3n que permitan mantener el espacio abierto, porque nuestro inter\u00e9s siempre ha sido claro, es, y sigue siendo, proteger y poner en valor el patrimonio cultural de Lorca\u00bb.<\/p>\n<p class=\"v1MsoNormal\">En cuanto al contenido del inmueble, el edil de Cultura ha afirmado que \u00abel Ayuntamiento de Lorca es el primer interesado en que el extraordinario legado art\u00edstico y documental del Fondo Esp\u00edn est\u00e9 disponible para el estudio, la consulta y el disfrute de los lorquinos, de los acad\u00e9micos o de los investigadores. Por eso, y como exige la legislaci\u00f3n vigente, la Fundaci\u00f3n debe garantizar el acceso y que su patrimonio y sus fondos sean consultables\u00bb.<\/p>\n<p class=\"v1MsoNormal\">Frente a las acusaciones de \u00abapag\u00f3n cultural\u00bb, Santiago Parra ha concluido afirmando que \u00abla actividad cultural en Lorca est\u00e1 m\u00e1s viva que nunca, y solo hay que ver los datos y la programaci\u00f3n ofertada por el Ayuntamiento para los pr\u00f3ximos meses. La actividad cultural est\u00e1 garantizada en espacios como la C\u00e1mara Agraria, IFELOR, el Huerto Ruano y, pr\u00f3ximamente, el centro cultural Jos\u00e9 Mar\u00eda Campoy Camacho, una vez que finalicen sus obras de rehabilitaci\u00f3n. No vamos a dejar de ofrecer cultura por no tener acceso a un \u00fanico edificio\u00bb.<\/p>\n","protected":false},"excerpt":{"rendered":"<p>\u00c1REA LORCA RADIO. Cultura. Lorca, 21 de julio de 2025. La portavoz del Grupo Municipal Socialista en el Ayuntamiento de Lorca, Isabel Casalduero, ha lamentado la decisi\u00f3n del equipo de gobierno local de renunciar al uso del Fondo Cultural Esp\u00edn, calificando esta medida como \u00abun aut\u00e9ntico varapalo para la cultura de nuestra ciudad, as\u00ed como [&hellip;]<\/p>\n","protected":false},"author":1,"featured_media":7408,"comment_status":"open","ping_status":"open","sticky":false,"template":"","format":"standard","meta":{"iawp_total_views":27,"footnotes":""},"categories":[5,7],"tags":[],"class_list":["post-7404","post","type-post","status-publish","format-standard","has-post-thumbnail","hentry","category-actualidad","category-lorca"],"yoast_head":"<!-- This site is optimized with the Yoast SEO plugin v27.5 - https:\/\/yoast.com\/product\/yoast-seo-wordpress\/ -->\n<title>Casalduero califica de &quot;varapalo a la cultura y el Casco Hist\u00f3rico de Lorca&quot; la renuncia al Fondo Cultural Esp\u00edn por parte de Fulgencio Gil y su equipo de gobierno - AREA LORCA RADIO<\/title>\n<meta name=\"robots\" content=\"index, follow, max-snippet:-1, max-image-preview:large, max-video-preview:-1\" \/>\n<link rel=\"canonical\" href=\"https:\/\/arealorcaradio.es\/index.php\/2025\/07\/22\/casalduero-califica-de-varapalo-a-la-cultura-y-el-casco-historico-de-lorca-la-renuncia-al-fondo-cultural-espin-por-parte-de-fulgencio-gil-y-su-equipo-de-gobierno\/\" \/>\n<meta property=\"og:locale\" content=\"es_ES\" \/>\n<meta property=\"og:type\" content=\"article\" \/>\n<meta property=\"og:title\" content=\"Casalduero califica de &quot;varapalo a la cultura y el Casco Hist\u00f3rico de Lorca&quot; la renuncia al Fondo Cultural Esp\u00edn por parte de Fulgencio Gil y su equipo de gobierno - AREA LORCA RADIO\" \/>\n<meta property=\"og:description\" content=\"\u00c1REA LORCA RADIO. Cultura. Lorca, 21 de julio de 2025. La portavoz del Grupo Municipal Socialista en el Ayuntamiento de Lorca, Isabel Casalduero, ha lamentado la decisi\u00f3n del equipo de gobierno local de renunciar al uso del Fondo Cultural Esp\u00edn, calificando esta medida como \u00abun aut\u00e9ntico varapalo para la cultura de nuestra ciudad, as\u00ed como [&hellip;]\" \/>\n<meta property=\"og:url\" content=\"https:\/\/arealorcaradio.es\/index.php\/2025\/07\/22\/casalduero-califica-de-varapalo-a-la-cultura-y-el-casco-historico-de-lorca-la-renuncia-al-fondo-cultural-espin-por-parte-de-fulgencio-gil-y-su-equipo-de-gobierno\/\" \/>\n<meta property=\"og:site_name\" content=\"AREA LORCA RADIO\" \/>\n<meta property=\"article:published_time\" content=\"2025-07-22T08:25:34+00:00\" \/>\n<meta property=\"og:image\" content=\"https:\/\/arealorcaradio.es\/wp-content\/uploads\/2025\/07\/Imagen-Isabel-Casalduero-RdP-Renuncia-Fondo-Cultural-Espin.jpeg\" \/>\n\t<meta property=\"og:image:width\" content=\"1600\" \/>\n\t<meta property=\"og:image:height\" content=\"1066\" \/>\n\t<meta property=\"og:image:type\" content=\"image\/jpeg\" \/>\n<meta name=\"author\" content=\"Paco S\u00e1nchez\" \/>\n<meta name=\"twitter:card\" content=\"summary_large_image\" \/>\n<meta name=\"twitter:label1\" content=\"Escrito por\" \/>\n\t<meta name=\"twitter:data1\" content=\"Paco S\u00e1nchez\" \/>\n\t<meta name=\"twitter:label2\" content=\"Tiempo de lectura\" \/>\n\t<meta name=\"twitter:data2\" content=\"5 minutos\" \/>\n<script type=\"application\/ld+json\" class=\"yoast-schema-graph\">{\"@context\":\"https:\\\/\\\/schema.org\",\"@graph\":[{\"@type\":\"Article\",\"@id\":\"https:\\\/\\\/arealorcaradio.es\\\/index.php\\\/2025\\\/07\\\/22\\\/casalduero-califica-de-varapalo-a-la-cultura-y-el-casco-historico-de-lorca-la-renuncia-al-fondo-cultural-espin-por-parte-de-fulgencio-gil-y-su-equipo-de-gobierno\\\/#article\",\"isPartOf\":{\"@id\":\"https:\\\/\\\/arealorcaradio.es\\\/index.php\\\/2025\\\/07\\\/22\\\/casalduero-califica-de-varapalo-a-la-cultura-y-el-casco-historico-de-lorca-la-renuncia-al-fondo-cultural-espin-por-parte-de-fulgencio-gil-y-su-equipo-de-gobierno\\\/\"},\"author\":{\"name\":\"Paco S\u00e1nchez\",\"@id\":\"https:\\\/\\\/arealorcaradio.es\\\/#\\\/schema\\\/person\\\/9fae605fc25b0f2c83c1ab207139bd27\"},\"headline\":\"Casalduero califica de \u00abvarapalo a la cultura y el Casco Hist\u00f3rico de Lorca\u00bb la renuncia al Fondo Cultural Esp\u00edn por parte de Fulgencio Gil y su equipo de gobierno\",\"datePublished\":\"2025-07-22T08:25:34+00:00\",\"mainEntityOfPage\":{\"@id\":\"https:\\\/\\\/arealorcaradio.es\\\/index.php\\\/2025\\\/07\\\/22\\\/casalduero-califica-de-varapalo-a-la-cultura-y-el-casco-historico-de-lorca-la-renuncia-al-fondo-cultural-espin-por-parte-de-fulgencio-gil-y-su-equipo-de-gobierno\\\/\"},\"wordCount\":1104,\"commentCount\":0,\"image\":{\"@id\":\"https:\\\/\\\/arealorcaradio.es\\\/index.php\\\/2025\\\/07\\\/22\\\/casalduero-califica-de-varapalo-a-la-cultura-y-el-casco-historico-de-lorca-la-renuncia-al-fondo-cultural-espin-por-parte-de-fulgencio-gil-y-su-equipo-de-gobierno\\\/#primaryimage\"},\"thumbnailUrl\":\"https:\\\/\\\/arealorcaradio.es\\\/wp-content\\\/uploads\\\/2025\\\/07\\\/Imagen-Isabel-Casalduero-RdP-Renuncia-Fondo-Cultural-Espin.jpeg\",\"articleSection\":[\"ACTUALIDAD\",\"LORCA\"],\"inLanguage\":\"es\",\"potentialAction\":[{\"@type\":\"CommentAction\",\"name\":\"Comment\",\"target\":[\"https:\\\/\\\/arealorcaradio.es\\\/index.php\\\/2025\\\/07\\\/22\\\/casalduero-califica-de-varapalo-a-la-cultura-y-el-casco-historico-de-lorca-la-renuncia-al-fondo-cultural-espin-por-parte-de-fulgencio-gil-y-su-equipo-de-gobierno\\\/#respond\"]}]},{\"@type\":\"WebPage\",\"@id\":\"https:\\\/\\\/arealorcaradio.es\\\/index.php\\\/2025\\\/07\\\/22\\\/casalduero-califica-de-varapalo-a-la-cultura-y-el-casco-historico-de-lorca-la-renuncia-al-fondo-cultural-espin-por-parte-de-fulgencio-gil-y-su-equipo-de-gobierno\\\/\",\"url\":\"https:\\\/\\\/arealorcaradio.es\\\/index.php\\\/2025\\\/07\\\/22\\\/casalduero-califica-de-varapalo-a-la-cultura-y-el-casco-historico-de-lorca-la-renuncia-al-fondo-cultural-espin-por-parte-de-fulgencio-gil-y-su-equipo-de-gobierno\\\/\",\"name\":\"Casalduero califica de \\\"varapalo a la cultura y el Casco Hist\u00f3rico de Lorca\\\" la renuncia al Fondo Cultural Esp\u00edn por parte de Fulgencio Gil y su equipo de gobierno - AREA LORCA RADIO\",\"isPartOf\":{\"@id\":\"https:\\\/\\\/arealorcaradio.es\\\/#website\"},\"primaryImageOfPage\":{\"@id\":\"https:\\\/\\\/arealorcaradio.es\\\/index.php\\\/2025\\\/07\\\/22\\\/casalduero-califica-de-varapalo-a-la-cultura-y-el-casco-historico-de-lorca-la-renuncia-al-fondo-cultural-espin-por-parte-de-fulgencio-gil-y-su-equipo-de-gobierno\\\/#primaryimage\"},\"image\":{\"@id\":\"https:\\\/\\\/arealorcaradio.es\\\/index.php\\\/2025\\\/07\\\/22\\\/casalduero-califica-de-varapalo-a-la-cultura-y-el-casco-historico-de-lorca-la-renuncia-al-fondo-cultural-espin-por-parte-de-fulgencio-gil-y-su-equipo-de-gobierno\\\/#primaryimage\"},\"thumbnailUrl\":\"https:\\\/\\\/arealorcaradio.es\\\/wp-content\\\/uploads\\\/2025\\\/07\\\/Imagen-Isabel-Casalduero-RdP-Renuncia-Fondo-Cultural-Espin.jpeg\",\"datePublished\":\"2025-07-22T08:25:34+00:00\",\"author\":{\"@id\":\"https:\\\/\\\/arealorcaradio.es\\\/#\\\/schema\\\/person\\\/9fae605fc25b0f2c83c1ab207139bd27\"},\"breadcrumb\":{\"@id\":\"https:\\\/\\\/arealorcaradio.es\\\/index.php\\\/2025\\\/07\\\/22\\\/casalduero-califica-de-varapalo-a-la-cultura-y-el-casco-historico-de-lorca-la-renuncia-al-fondo-cultural-espin-por-parte-de-fulgencio-gil-y-su-equipo-de-gobierno\\\/#breadcrumb\"},\"inLanguage\":\"es\",\"potentialAction\":[{\"@type\":\"ReadAction\",\"target\":[\"https:\\\/\\\/arealorcaradio.es\\\/index.php\\\/2025\\\/07\\\/22\\\/casalduero-califica-de-varapalo-a-la-cultura-y-el-casco-historico-de-lorca-la-renuncia-al-fondo-cultural-espin-por-parte-de-fulgencio-gil-y-su-equipo-de-gobierno\\\/\"]}]},{\"@type\":\"ImageObject\",\"inLanguage\":\"es\",\"@id\":\"https:\\\/\\\/arealorcaradio.es\\\/index.php\\\/2025\\\/07\\\/22\\\/casalduero-califica-de-varapalo-a-la-cultura-y-el-casco-historico-de-lorca-la-renuncia-al-fondo-cultural-espin-por-parte-de-fulgencio-gil-y-su-equipo-de-gobierno\\\/#primaryimage\",\"url\":\"https:\\\/\\\/arealorcaradio.es\\\/wp-content\\\/uploads\\\/2025\\\/07\\\/Imagen-Isabel-Casalduero-RdP-Renuncia-Fondo-Cultural-Espin.jpeg\",\"contentUrl\":\"https:\\\/\\\/arealorcaradio.es\\\/wp-content\\\/uploads\\\/2025\\\/07\\\/Imagen-Isabel-Casalduero-RdP-Renuncia-Fondo-Cultural-Espin.jpeg\",\"width\":1600,\"height\":1066},{\"@type\":\"BreadcrumbList\",\"@id\":\"https:\\\/\\\/arealorcaradio.es\\\/index.php\\\/2025\\\/07\\\/22\\\/casalduero-califica-de-varapalo-a-la-cultura-y-el-casco-historico-de-lorca-la-renuncia-al-fondo-cultural-espin-por-parte-de-fulgencio-gil-y-su-equipo-de-gobierno\\\/#breadcrumb\",\"itemListElement\":[{\"@type\":\"ListItem\",\"position\":1,\"name\":\"Portada\",\"item\":\"https:\\\/\\\/arealorcaradio.es\\\/\"},{\"@type\":\"ListItem\",\"position\":2,\"name\":\"Casalduero califica de \u00abvarapalo a la cultura y el Casco Hist\u00f3rico de Lorca\u00bb la renuncia al Fondo Cultural Esp\u00edn por parte de Fulgencio Gil y su equipo de gobierno\"}]},{\"@type\":\"WebSite\",\"@id\":\"https:\\\/\\\/arealorcaradio.es\\\/#website\",\"url\":\"https:\\\/\\\/arealorcaradio.es\\\/\",\"name\":\"AREA LORCA RADIO\",\"description\":\"Descubre la programaci\u00f3n actual en \u00c1rea Lorca Radio, tu fuente de entrenamiento y noticias locales. Sintoniza ahora y mantente conectado online.\",\"potentialAction\":[{\"@type\":\"SearchAction\",\"target\":{\"@type\":\"EntryPoint\",\"urlTemplate\":\"https:\\\/\\\/arealorcaradio.es\\\/?s={search_term_string}\"},\"query-input\":{\"@type\":\"PropertyValueSpecification\",\"valueRequired\":true,\"valueName\":\"search_term_string\"}}],\"inLanguage\":\"es\"},{\"@type\":\"Person\",\"@id\":\"https:\\\/\\\/arealorcaradio.es\\\/#\\\/schema\\\/person\\\/9fae605fc25b0f2c83c1ab207139bd27\",\"name\":\"Paco S\u00e1nchez\",\"image\":{\"@type\":\"ImageObject\",\"inLanguage\":\"es\",\"@id\":\"https:\\\/\\\/secure.gravatar.com\\\/avatar\\\/d67144e966420fb74aa84c9f2a0103be4724fd14db52b52d3b6bca749f257e79?s=96&d=mm&r=g\",\"url\":\"https:\\\/\\\/secure.gravatar.com\\\/avatar\\\/d67144e966420fb74aa84c9f2a0103be4724fd14db52b52d3b6bca749f257e79?s=96&d=mm&r=g\",\"contentUrl\":\"https:\\\/\\\/secure.gravatar.com\\\/avatar\\\/d67144e966420fb74aa84c9f2a0103be4724fd14db52b52d3b6bca749f257e79?s=96&d=mm&r=g\",\"caption\":\"Paco S\u00e1nchez\"},\"sameAs\":[\"https:\\\/\\\/arealorcaradio.es\"],\"url\":\"https:\\\/\\\/arealorcaradio.es\\\/index.php\\\/author\\\/admin_alorcaradio\\\/\"}]}<\/script>\n<!-- \/ Yoast SEO plugin. -->","yoast_head_json":{"title":"Casalduero califica de \"varapalo a la cultura y el Casco Hist\u00f3rico de Lorca\" la renuncia al Fondo Cultural Esp\u00edn por parte de Fulgencio Gil y su equipo de gobierno - AREA LORCA RADIO","robots":{"index":"index","follow":"follow","max-snippet":"max-snippet:-1","max-image-preview":"max-image-preview:large","max-video-preview":"max-video-preview:-1"},"canonical":"https:\/\/arealorcaradio.es\/index.php\/2025\/07\/22\/casalduero-califica-de-varapalo-a-la-cultura-y-el-casco-historico-de-lorca-la-renuncia-al-fondo-cultural-espin-por-parte-de-fulgencio-gil-y-su-equipo-de-gobierno\/","og_locale":"es_ES","og_type":"article","og_title":"Casalduero califica de \"varapalo a la cultura y el Casco Hist\u00f3rico de Lorca\" la renuncia al Fondo Cultural Esp\u00edn por parte de Fulgencio Gil y su equipo de gobierno - AREA LORCA RADIO","og_description":"\u00c1REA LORCA RADIO. Cultura. Lorca, 21 de julio de 2025. La portavoz del Grupo Municipal Socialista en el Ayuntamiento de Lorca, Isabel Casalduero, ha lamentado la decisi\u00f3n del equipo de gobierno local de renunciar al uso del Fondo Cultural Esp\u00edn, calificando esta medida como \u00abun aut\u00e9ntico varapalo para la cultura de nuestra ciudad, as\u00ed como [&hellip;]","og_url":"https:\/\/arealorcaradio.es\/index.php\/2025\/07\/22\/casalduero-califica-de-varapalo-a-la-cultura-y-el-casco-historico-de-lorca-la-renuncia-al-fondo-cultural-espin-por-parte-de-fulgencio-gil-y-su-equipo-de-gobierno\/","og_site_name":"AREA LORCA RADIO","article_published_time":"2025-07-22T08:25:34+00:00","og_image":[{"width":1600,"height":1066,"url":"https:\/\/arealorcaradio.es\/wp-content\/uploads\/2025\/07\/Imagen-Isabel-Casalduero-RdP-Renuncia-Fondo-Cultural-Espin.jpeg","type":"image\/jpeg"}],"author":"Paco S\u00e1nchez","twitter_card":"summary_large_image","twitter_misc":{"Escrito por":"Paco S\u00e1nchez","Tiempo de lectura":"5 minutos"},"schema":{"@context":"https:\/\/schema.org","@graph":[{"@type":"Article","@id":"https:\/\/arealorcaradio.es\/index.php\/2025\/07\/22\/casalduero-califica-de-varapalo-a-la-cultura-y-el-casco-historico-de-lorca-la-renuncia-al-fondo-cultural-espin-por-parte-de-fulgencio-gil-y-su-equipo-de-gobierno\/#article","isPartOf":{"@id":"https:\/\/arealorcaradio.es\/index.php\/2025\/07\/22\/casalduero-califica-de-varapalo-a-la-cultura-y-el-casco-historico-de-lorca-la-renuncia-al-fondo-cultural-espin-por-parte-de-fulgencio-gil-y-su-equipo-de-gobierno\/"},"author":{"name":"Paco S\u00e1nchez","@id":"https:\/\/arealorcaradio.es\/#\/schema\/person\/9fae605fc25b0f2c83c1ab207139bd27"},"headline":"Casalduero califica de \u00abvarapalo a la cultura y el Casco Hist\u00f3rico de Lorca\u00bb la renuncia al Fondo Cultural Esp\u00edn por parte de Fulgencio Gil y su equipo de gobierno","datePublished":"2025-07-22T08:25:34+00:00","mainEntityOfPage":{"@id":"https:\/\/arealorcaradio.es\/index.php\/2025\/07\/22\/casalduero-califica-de-varapalo-a-la-cultura-y-el-casco-historico-de-lorca-la-renuncia-al-fondo-cultural-espin-por-parte-de-fulgencio-gil-y-su-equipo-de-gobierno\/"},"wordCount":1104,"commentCount":0,"image":{"@id":"https:\/\/arealorcaradio.es\/index.php\/2025\/07\/22\/casalduero-califica-de-varapalo-a-la-cultura-y-el-casco-historico-de-lorca-la-renuncia-al-fondo-cultural-espin-por-parte-de-fulgencio-gil-y-su-equipo-de-gobierno\/#primaryimage"},"thumbnailUrl":"https:\/\/arealorcaradio.es\/wp-content\/uploads\/2025\/07\/Imagen-Isabel-Casalduero-RdP-Renuncia-Fondo-Cultural-Espin.jpeg","articleSection":["ACTUALIDAD","LORCA"],"inLanguage":"es","potentialAction":[{"@type":"CommentAction","name":"Comment","target":["https:\/\/arealorcaradio.es\/index.php\/2025\/07\/22\/casalduero-califica-de-varapalo-a-la-cultura-y-el-casco-historico-de-lorca-la-renuncia-al-fondo-cultural-espin-por-parte-de-fulgencio-gil-y-su-equipo-de-gobierno\/#respond"]}]},{"@type":"WebPage","@id":"https:\/\/arealorcaradio.es\/index.php\/2025\/07\/22\/casalduero-califica-de-varapalo-a-la-cultura-y-el-casco-historico-de-lorca-la-renuncia-al-fondo-cultural-espin-por-parte-de-fulgencio-gil-y-su-equipo-de-gobierno\/","url":"https:\/\/arealorcaradio.es\/index.php\/2025\/07\/22\/casalduero-califica-de-varapalo-a-la-cultura-y-el-casco-historico-de-lorca-la-renuncia-al-fondo-cultural-espin-por-parte-de-fulgencio-gil-y-su-equipo-de-gobierno\/","name":"Casalduero califica de \"varapalo a la cultura y el Casco Hist\u00f3rico de Lorca\" la renuncia al Fondo Cultural Esp\u00edn por parte de Fulgencio Gil y su equipo de gobierno - AREA LORCA RADIO","isPartOf":{"@id":"https:\/\/arealorcaradio.es\/#website"},"primaryImageOfPage":{"@id":"https:\/\/arealorcaradio.es\/index.php\/2025\/07\/22\/casalduero-califica-de-varapalo-a-la-cultura-y-el-casco-historico-de-lorca-la-renuncia-al-fondo-cultural-espin-por-parte-de-fulgencio-gil-y-su-equipo-de-gobierno\/#primaryimage"},"image":{"@id":"https:\/\/arealorcaradio.es\/index.php\/2025\/07\/22\/casalduero-califica-de-varapalo-a-la-cultura-y-el-casco-historico-de-lorca-la-renuncia-al-fondo-cultural-espin-por-parte-de-fulgencio-gil-y-su-equipo-de-gobierno\/#primaryimage"},"thumbnailUrl":"https:\/\/arealorcaradio.es\/wp-content\/uploads\/2025\/07\/Imagen-Isabel-Casalduero-RdP-Renuncia-Fondo-Cultural-Espin.jpeg","datePublished":"2025-07-22T08:25:34+00:00","author":{"@id":"https:\/\/arealorcaradio.es\/#\/schema\/person\/9fae605fc25b0f2c83c1ab207139bd27"},"breadcrumb":{"@id":"https:\/\/arealorcaradio.es\/index.php\/2025\/07\/22\/casalduero-califica-de-varapalo-a-la-cultura-y-el-casco-historico-de-lorca-la-renuncia-al-fondo-cultural-espin-por-parte-de-fulgencio-gil-y-su-equipo-de-gobierno\/#breadcrumb"},"inLanguage":"es","potentialAction":[{"@type":"ReadAction","target":["https:\/\/arealorcaradio.es\/index.php\/2025\/07\/22\/casalduero-califica-de-varapalo-a-la-cultura-y-el-casco-historico-de-lorca-la-renuncia-al-fondo-cultural-espin-por-parte-de-fulgencio-gil-y-su-equipo-de-gobierno\/"]}]},{"@type":"ImageObject","inLanguage":"es","@id":"https:\/\/arealorcaradio.es\/index.php\/2025\/07\/22\/casalduero-califica-de-varapalo-a-la-cultura-y-el-casco-historico-de-lorca-la-renuncia-al-fondo-cultural-espin-por-parte-de-fulgencio-gil-y-su-equipo-de-gobierno\/#primaryimage","url":"https:\/\/arealorcaradio.es\/wp-content\/uploads\/2025\/07\/Imagen-Isabel-Casalduero-RdP-Renuncia-Fondo-Cultural-Espin.jpeg","contentUrl":"https:\/\/arealorcaradio.es\/wp-content\/uploads\/2025\/07\/Imagen-Isabel-Casalduero-RdP-Renuncia-Fondo-Cultural-Espin.jpeg","width":1600,"height":1066},{"@type":"BreadcrumbList","@id":"https:\/\/arealorcaradio.es\/index.php\/2025\/07\/22\/casalduero-califica-de-varapalo-a-la-cultura-y-el-casco-historico-de-lorca-la-renuncia-al-fondo-cultural-espin-por-parte-de-fulgencio-gil-y-su-equipo-de-gobierno\/#breadcrumb","itemListElement":[{"@type":"ListItem","position":1,"name":"Portada","item":"https:\/\/arealorcaradio.es\/"},{"@type":"ListItem","position":2,"name":"Casalduero califica de \u00abvarapalo a la cultura y el Casco Hist\u00f3rico de Lorca\u00bb la renuncia al Fondo Cultural Esp\u00edn por parte de Fulgencio Gil y su equipo de gobierno"}]},{"@type":"WebSite","@id":"https:\/\/arealorcaradio.es\/#website","url":"https:\/\/arealorcaradio.es\/","name":"AREA LORCA RADIO","description":"Descubre la programaci\u00f3n actual en \u00c1rea Lorca Radio, tu fuente de entrenamiento y noticias locales. Sintoniza ahora y mantente conectado online.","potentialAction":[{"@type":"SearchAction","target":{"@type":"EntryPoint","urlTemplate":"https:\/\/arealorcaradio.es\/?s={search_term_string}"},"query-input":{"@type":"PropertyValueSpecification","valueRequired":true,"valueName":"search_term_string"}}],"inLanguage":"es"},{"@type":"Person","@id":"https:\/\/arealorcaradio.es\/#\/schema\/person\/9fae605fc25b0f2c83c1ab207139bd27","name":"Paco S\u00e1nchez","image":{"@type":"ImageObject","inLanguage":"es","@id":"https:\/\/secure.gravatar.com\/avatar\/d67144e966420fb74aa84c9f2a0103be4724fd14db52b52d3b6bca749f257e79?s=96&d=mm&r=g","url":"https:\/\/secure.gravatar.com\/avatar\/d67144e966420fb74aa84c9f2a0103be4724fd14db52b52d3b6bca749f257e79?s=96&d=mm&r=g","contentUrl":"https:\/\/secure.gravatar.com\/avatar\/d67144e966420fb74aa84c9f2a0103be4724fd14db52b52d3b6bca749f257e79?s=96&d=mm&r=g","caption":"Paco S\u00e1nchez"},"sameAs":["https:\/\/arealorcaradio.es"],"url":"https:\/\/arealorcaradio.es\/index.php\/author\/admin_alorcaradio\/"}]}},"_links":{"self":[{"href":"https:\/\/arealorcaradio.es\/index.php\/wp-json\/wp\/v2\/posts\/7404","targetHints":{"allow":["GET"]}}],"collection":[{"href":"https:\/\/arealorcaradio.es\/index.php\/wp-json\/wp\/v2\/posts"}],"about":[{"href":"https:\/\/arealorcaradio.es\/index.php\/wp-json\/wp\/v2\/types\/post"}],"author":[{"embeddable":true,"href":"https:\/\/arealorcaradio.es\/index.php\/wp-json\/wp\/v2\/users\/1"}],"replies":[{"embeddable":true,"href":"https:\/\/arealorcaradio.es\/index.php\/wp-json\/wp\/v2\/comments?post=7404"}],"version-history":[{"count":3,"href":"https:\/\/arealorcaradio.es\/index.php\/wp-json\/wp\/v2\/posts\/7404\/revisions"}],"predecessor-version":[{"id":7410,"href":"https:\/\/arealorcaradio.es\/index.php\/wp-json\/wp\/v2\/posts\/7404\/revisions\/7410"}],"wp:featuredmedia":[{"embeddable":true,"href":"https:\/\/arealorcaradio.es\/index.php\/wp-json\/wp\/v2\/media\/7408"}],"wp:attachment":[{"href":"https:\/\/arealorcaradio.es\/index.php\/wp-json\/wp\/v2\/media?parent=7404"}],"wp:term":[{"taxonomy":"category","embeddable":true,"href":"https:\/\/arealorcaradio.es\/index.php\/wp-json\/wp\/v2\/categories?post=7404"},{"taxonomy":"post_tag","embeddable":true,"href":"https:\/\/arealorcaradio.es\/index.php\/wp-json\/wp\/v2\/tags?post=7404"}],"curies":[{"name":"wp","href":"https:\/\/api.w.org\/{rel}","templated":true}]}}