{"id":7387,"date":"2025-07-21T09:51:37","date_gmt":"2025-07-21T09:51:37","guid":{"rendered":"https:\/\/arealorcaradio.es\/?p=7387"},"modified":"2025-07-21T10:32:46","modified_gmt":"2025-07-21T10:32:46","slug":"el-gobierno-de-lorca-denuncia-el-abandono-del-ministerio-del-interior-al-no-asignar-ni-un-solo-agente-de-la-guardia-civil-al-municipio","status":"publish","type":"post","link":"https:\/\/arealorcaradio.es\/index.php\/2025\/07\/21\/el-gobierno-de-lorca-denuncia-el-abandono-del-ministerio-del-interior-al-no-asignar-ni-un-solo-agente-de-la-guardia-civil-al-municipio\/","title":{"rendered":"El Gobierno de Lorca denuncia el \u00ababandono\u00bb del Ministerio del Interior al asignar solo tres guardias civiles al municipio"},"content":{"rendered":"<p><strong>\u00c1REA LORCA RADIO. Seguridad Ciudadana.<\/strong><\/p>\n<p class=\"v1MsoNormal\"><b>21 de julio de 2025.<\/b>\u00a0Los concejales de Seguridad Ciudadana y Emergencias del Ayuntamiento de Lorca, Juan Miguel Bayonas y Jos\u00e9 Mart\u00ednez, han manifestado este lunes la \u00absorpresa\u00bb e \u00abincredulidad\u00bb del Gobierno municipal al conocer que de los 176 agentes que se incorporar\u00e1n el pr\u00f3ximo mes de octubre a la plantilla de la Guardia Civil para las patrullas de Seguridad Ciudadana, solo tres ser\u00e1n destinados a Lorca.<\/p>\n<p><img loading=\"lazy\" decoding=\"async\" class=\"alignnone size-medium wp-image-7388\" src=\"https:\/\/arealorcaradio.es\/wp-content\/uploads\/2025\/07\/foto3-28-300x225.jpeg\" alt=\"\" width=\"300\" height=\"225\" srcset=\"https:\/\/arealorcaradio.es\/wp-content\/uploads\/2025\/07\/foto3-28-300x225.jpeg 300w, https:\/\/arealorcaradio.es\/wp-content\/uploads\/2025\/07\/foto3-28-1024x768.jpeg 1024w, https:\/\/arealorcaradio.es\/wp-content\/uploads\/2025\/07\/foto3-28-768x576.jpeg 768w, https:\/\/arealorcaradio.es\/wp-content\/uploads\/2025\/07\/foto3-28-1536x1152.jpeg 1536w, https:\/\/arealorcaradio.es\/wp-content\/uploads\/2025\/07\/foto3-28-86x64.jpeg 86w, https:\/\/arealorcaradio.es\/wp-content\/uploads\/2025\/07\/foto3-28.jpeg 2048w\" sizes=\"auto, (max-width: 300px) 100vw, 300px\" \/><\/p>\n<p class=\"v1MsoNormal\">\u00abNos sentimos incomprendidos ante la falta de sensibilidad del Ministerio del Interior con nuestro municipio, que debe abordar la situaci\u00f3n en materia de seguridad a la que se enfrenta nuestro municipio. Lorca es el segundo t\u00e9rmino municipal m\u00e1s extenso de Espa\u00f1a, con una poblaci\u00f3n cercana a los 100.000 habitantes dispersa en 38 pedan\u00edas. Nuestra singularidad geogr\u00e1fica y territorial exige una atenci\u00f3n espec\u00edfica en materia de seguridad, no es lo mismo prestar un servicio en un municipio peque\u00f1o o con la poblaci\u00f3n concentrada en un n\u00facleo, que en nuestro t\u00e9rmino municipal, con una superficie territorial tan grande como el tama\u00f1o de algunas provincias de nuestro pa\u00eds\u00bb, ha afirmado Juan Miguel Bayonas.<\/p>\n<p class=\"v1MsoNormal\">Desde el Gobierno de Lorca se ha solicitado la intermediaci\u00f3n urgente de la Delegada del Gobierno en la Regi\u00f3n de Murcia para revertir esta situaci\u00f3n y conseguir los refuerzos necesarios para nuestro municipio. \u00abNos alegramos sinceramente de que Totana y \u00c1guilas vayan a recibir 14 guardias civiles y Alhama de Murcia 12, pero no entendemos c\u00f3mo es posible que Lorca, con una realidad tan compleja, quede completamente &#8216;excluida&#8217; de este reparto con solo tres efectivos, y ninguno de pr\u00e1cticas de los 165 que vienen a la Regi\u00f3n a hacer su formaci\u00f3n. Es algo totalmente incomprensible, preocupante y que nos deja perplejos\u00bb, ha declarado el concejal de Seguridad Ciudadana.<\/p>\n<p class=\"v1MsoNormal\">Bayonas L\u00f3pez ha lamentado que esta situaci\u00f3n no es nueva y ha denunciado la \u00abpersistente falta de efectivos\u00bb tanto de la Guardia Civil como de la Polic\u00eda Nacional en el municipio. \u00abLo venimos advirtiendo desde hace a\u00f1os. Con los recursos humanos y materiales actuales, es imposible atender adecuadamente las necesidades de seguridad de nuestra ciudad. Lorca sufre un abandono particularmente injusto en este \u00e1mbito por parte del Ministerio del Interior, lo llevamos diciendo desde hace muchos a\u00f1os pero en lugar de atender la amplia demanda ciudadana se nos da como respuesta el no destinar ning\u00fan agente, ni atender una demanda ciudadana que es m\u00e1s que justificada. Esperamos que esto no vuelva a ocurrir y que rectifiquen\u00bb, ha subrayado.<\/p>\n<p class=\"v1MsoNormal\">Y ha insistido en que \u00abLorca no puede seguir siendo el &#8216;patito feo&#8217; de la seguridad\u00bb, aunque ha reiterado el compromiso, la lealtad y la m\u00e1xima colaboraci\u00f3n del Ayuntamiento con la Delegaci\u00f3n del Gobierno para que en el siguiente proceso selectivo, en el que se esperan cubrir otras 106 plazas que han quedado vacantes de agentes del Instituto Armado, \u00abLorca cuente con un importante n\u00famero de agentes para mejorar el servicio, ya que la seguridad es una cuesti\u00f3n que nos obliga a todos\u00bb.<\/p>\n<p class=\"v1MsoNormal\">En este sentido, el edil de Seguridad Ciudadana ha recordado que \u00aba pesar de que la competencia en seguridad ciudadana recae exclusivamente en el Gobierno de Espa\u00f1a, desde el Gobierno de Lorca estamos haciendo todo lo que est\u00e1 en nuestra mano, destinado una ingente cantidad de recursos econ\u00f3micos, para reforzar la plantilla de la Polic\u00eda Local, incluyendo la convocatoria de diez nuevas plazas para compensar el recorte sufrido entre el par\u00e9ntesis 2019 y 2023, periodo en el que se perdieron ocho efectivos, devolviendo, sobre todo, la presencia de la Polic\u00eda Local a nuestras pedan\u00edas, cumpliendo con una demanda hist\u00f3rica de los vecinos. Adem\u00e1s, este a\u00f1o, y recogida dentro del presupuesto, est\u00e1 prevista la convocatoria de cinco plazas m\u00e1s de agentes de Polic\u00eda Local y mantenemos los quince efectivos que forman parte del GISC\u00bb.<\/p>\n<p class=\"v1MsoNormal\">Por su parte, el concejal de Emergencias ha se\u00f1alado que han sido diversas ocasiones en las que se ha reiterado la necesidad de dotar de m\u00e1s efectivos al cuartel de la Guardia Civil de Lorca, y ha explicado que \u00abla \u00faltima de ellas fue con una campa\u00f1a de recogida de firmas que pusimos en marcha para evitar el cierre total del cuartel de Zarcilla de Ramos o cuando alert\u00e1bamos de la vulnerabilidad de la costa lorquina frente al tr\u00e1fico de inmigrantes ilegales o estupefacientes, como as\u00ed se demostr\u00f3 despu\u00e9s\u00bb.<\/p>\n<p class=\"v1MsoNormal\">Y ha denunciado que \u00abla Guardia Civil sufre un lento, pero continuo proceso de desmantelamiento estos \u00faltimos a\u00f1os. Est\u00e1 claro que, el Gobierno de Espa\u00f1a lejos de apoyar a una instituci\u00f3n garante nuestros derechos y libertades como es la Guardia Civil, que lucha de forma abnegada contra la delincuencia, lo que hace es limitarla a su m\u00ednima expresi\u00f3n, reduciendo sus capacidades y haci\u00e9ndose con su control\u00bb.<\/p>\n<p class=\"v1MsoNormal\">Jos\u00e9 Mart\u00ednez ha manifestado que \u00abeste refuerzo, apenas da para cubrir la mitad de las vacantes en la Regi\u00f3n de Murcia, por lo que el desmantelamiento lento pero constante de la Guardia Civil continua, y Lorca vuelve a ser uno de los municipios m\u00e1s castigados por esta falta de compromiso del Gobierno central. Con solo tres nuevos efectivos asignados, se evidencia una absoluta dejadez por parte del Ministerio del Interior hacia las necesidades de seguridad de una de las localidades m\u00e1s extensas y con mayor dispersi\u00f3n territorial de la Regi\u00f3n y de Espa\u00f1a. Esta decisi\u00f3n resulta inaceptable y supone un nuevo golpe a la capacidad operativa del Instituto Armado en nuestro municipio, poniendo en riesgo la seguridad y tranquilidad de los lorquinos\u00bb.<\/p>\n<p class=\"v1MsoNormal\">Finalmente, ambos ediles han querido reconocer p\u00fablicamente la encomiable labor que realizan los Cuerpos y Fuerzas de Seguridad del Estado en Lorca, \u00abque, a pesar de las enormes limitaciones de personal y medios, contin\u00faan trabajando con profesionalidad y compromiso para proteger y garantizar la seguridad de todos los lorquinos\u00bb.<\/p>\n<p class=\"v1MsoNormal\">\n","protected":false},"excerpt":{"rendered":"<p>\u00c1REA LORCA RADIO. Seguridad Ciudadana. 21 de julio de 2025.\u00a0Los concejales de Seguridad Ciudadana y Emergencias del Ayuntamiento de Lorca, Juan Miguel Bayonas y Jos\u00e9 Mart\u00ednez, han manifestado este lunes la \u00absorpresa\u00bb e \u00abincredulidad\u00bb del Gobierno municipal al conocer que de los 176 agentes que se incorporar\u00e1n el pr\u00f3ximo mes de octubre a la plantilla [&hellip;]<\/p>\n","protected":false},"author":1,"featured_media":7389,"comment_status":"open","ping_status":"open","sticky":false,"template":"","format":"standard","meta":{"iawp_total_views":16,"footnotes":""},"categories":[5,7],"tags":[],"class_list":["post-7387","post","type-post","status-publish","format-standard","has-post-thumbnail","hentry","category-actualidad","category-lorca"],"yoast_head":"<!-- This site is optimized with the Yoast SEO plugin v27.5 - https:\/\/yoast.com\/product\/yoast-seo-wordpress\/ -->\n<title>El Gobierno de Lorca denuncia el &quot;abandono&quot; del Ministerio del Interior al asignar solo tres guardias civiles al municipio - AREA LORCA RADIO<\/title>\n<meta name=\"robots\" content=\"index, follow, max-snippet:-1, max-image-preview:large, max-video-preview:-1\" \/>\n<link rel=\"canonical\" href=\"https:\/\/arealorcaradio.es\/index.php\/2025\/07\/21\/el-gobierno-de-lorca-denuncia-el-abandono-del-ministerio-del-interior-al-no-asignar-ni-un-solo-agente-de-la-guardia-civil-al-municipio\/\" \/>\n<meta property=\"og:locale\" content=\"es_ES\" \/>\n<meta property=\"og:type\" content=\"article\" \/>\n<meta property=\"og:title\" content=\"El Gobierno de Lorca denuncia el &quot;abandono&quot; del Ministerio del Interior al asignar solo tres guardias civiles al municipio - AREA LORCA RADIO\" \/>\n<meta property=\"og:description\" content=\"\u00c1REA LORCA RADIO. Seguridad Ciudadana. 21 de julio de 2025.\u00a0Los concejales de Seguridad Ciudadana y Emergencias del Ayuntamiento de Lorca, Juan Miguel Bayonas y Jos\u00e9 Mart\u00ednez, han manifestado este lunes la \u00absorpresa\u00bb e \u00abincredulidad\u00bb del Gobierno municipal al conocer que de los 176 agentes que se incorporar\u00e1n el pr\u00f3ximo mes de octubre a la plantilla [&hellip;]\" \/>\n<meta property=\"og:url\" content=\"https:\/\/arealorcaradio.es\/index.php\/2025\/07\/21\/el-gobierno-de-lorca-denuncia-el-abandono-del-ministerio-del-interior-al-no-asignar-ni-un-solo-agente-de-la-guardia-civil-al-municipio\/\" \/>\n<meta property=\"og:site_name\" content=\"AREA LORCA RADIO\" \/>\n<meta property=\"article:published_time\" content=\"2025-07-21T09:51:37+00:00\" \/>\n<meta property=\"article:modified_time\" content=\"2025-07-21T10:32:46+00:00\" \/>\n<meta property=\"og:image\" content=\"https:\/\/arealorcaradio.es\/wp-content\/uploads\/2025\/07\/coche-guardica-civil.jpg\" \/>\n\t<meta property=\"og:image:width\" content=\"1200\" \/>\n\t<meta property=\"og:image:height\" content=\"675\" \/>\n\t<meta property=\"og:image:type\" content=\"image\/jpeg\" \/>\n<meta name=\"author\" content=\"Paco S\u00e1nchez\" \/>\n<meta name=\"twitter:card\" content=\"summary_large_image\" \/>\n<meta name=\"twitter:label1\" content=\"Escrito por\" \/>\n\t<meta name=\"twitter:data1\" content=\"Paco S\u00e1nchez\" \/>\n\t<meta name=\"twitter:label2\" content=\"Tiempo de lectura\" \/>\n\t<meta name=\"twitter:data2\" content=\"5 minutos\" \/>\n<script type=\"application\/ld+json\" class=\"yoast-schema-graph\">{\"@context\":\"https:\\\/\\\/schema.org\",\"@graph\":[{\"@type\":\"Article\",\"@id\":\"https:\\\/\\\/arealorcaradio.es\\\/index.php\\\/2025\\\/07\\\/21\\\/el-gobierno-de-lorca-denuncia-el-abandono-del-ministerio-del-interior-al-no-asignar-ni-un-solo-agente-de-la-guardia-civil-al-municipio\\\/#article\",\"isPartOf\":{\"@id\":\"https:\\\/\\\/arealorcaradio.es\\\/index.php\\\/2025\\\/07\\\/21\\\/el-gobierno-de-lorca-denuncia-el-abandono-del-ministerio-del-interior-al-no-asignar-ni-un-solo-agente-de-la-guardia-civil-al-municipio\\\/\"},\"author\":{\"name\":\"Paco S\u00e1nchez\",\"@id\":\"https:\\\/\\\/arealorcaradio.es\\\/#\\\/schema\\\/person\\\/9fae605fc25b0f2c83c1ab207139bd27\"},\"headline\":\"El Gobierno de Lorca denuncia el \u00ababandono\u00bb del Ministerio del Interior al asignar solo tres guardias civiles al municipio\",\"datePublished\":\"2025-07-21T09:51:37+00:00\",\"dateModified\":\"2025-07-21T10:32:46+00:00\",\"mainEntityOfPage\":{\"@id\":\"https:\\\/\\\/arealorcaradio.es\\\/index.php\\\/2025\\\/07\\\/21\\\/el-gobierno-de-lorca-denuncia-el-abandono-del-ministerio-del-interior-al-no-asignar-ni-un-solo-agente-de-la-guardia-civil-al-municipio\\\/\"},\"wordCount\":1029,\"commentCount\":0,\"image\":{\"@id\":\"https:\\\/\\\/arealorcaradio.es\\\/index.php\\\/2025\\\/07\\\/21\\\/el-gobierno-de-lorca-denuncia-el-abandono-del-ministerio-del-interior-al-no-asignar-ni-un-solo-agente-de-la-guardia-civil-al-municipio\\\/#primaryimage\"},\"thumbnailUrl\":\"https:\\\/\\\/arealorcaradio.es\\\/wp-content\\\/uploads\\\/2025\\\/07\\\/coche-guardica-civil.jpg\",\"articleSection\":[\"ACTUALIDAD\",\"LORCA\"],\"inLanguage\":\"es\",\"potentialAction\":[{\"@type\":\"CommentAction\",\"name\":\"Comment\",\"target\":[\"https:\\\/\\\/arealorcaradio.es\\\/index.php\\\/2025\\\/07\\\/21\\\/el-gobierno-de-lorca-denuncia-el-abandono-del-ministerio-del-interior-al-no-asignar-ni-un-solo-agente-de-la-guardia-civil-al-municipio\\\/#respond\"]}]},{\"@type\":\"WebPage\",\"@id\":\"https:\\\/\\\/arealorcaradio.es\\\/index.php\\\/2025\\\/07\\\/21\\\/el-gobierno-de-lorca-denuncia-el-abandono-del-ministerio-del-interior-al-no-asignar-ni-un-solo-agente-de-la-guardia-civil-al-municipio\\\/\",\"url\":\"https:\\\/\\\/arealorcaradio.es\\\/index.php\\\/2025\\\/07\\\/21\\\/el-gobierno-de-lorca-denuncia-el-abandono-del-ministerio-del-interior-al-no-asignar-ni-un-solo-agente-de-la-guardia-civil-al-municipio\\\/\",\"name\":\"El Gobierno de Lorca denuncia el \\\"abandono\\\" del Ministerio del Interior al asignar solo tres guardias civiles al municipio - AREA LORCA RADIO\",\"isPartOf\":{\"@id\":\"https:\\\/\\\/arealorcaradio.es\\\/#website\"},\"primaryImageOfPage\":{\"@id\":\"https:\\\/\\\/arealorcaradio.es\\\/index.php\\\/2025\\\/07\\\/21\\\/el-gobierno-de-lorca-denuncia-el-abandono-del-ministerio-del-interior-al-no-asignar-ni-un-solo-agente-de-la-guardia-civil-al-municipio\\\/#primaryimage\"},\"image\":{\"@id\":\"https:\\\/\\\/arealorcaradio.es\\\/index.php\\\/2025\\\/07\\\/21\\\/el-gobierno-de-lorca-denuncia-el-abandono-del-ministerio-del-interior-al-no-asignar-ni-un-solo-agente-de-la-guardia-civil-al-municipio\\\/#primaryimage\"},\"thumbnailUrl\":\"https:\\\/\\\/arealorcaradio.es\\\/wp-content\\\/uploads\\\/2025\\\/07\\\/coche-guardica-civil.jpg\",\"datePublished\":\"2025-07-21T09:51:37+00:00\",\"dateModified\":\"2025-07-21T10:32:46+00:00\",\"author\":{\"@id\":\"https:\\\/\\\/arealorcaradio.es\\\/#\\\/schema\\\/person\\\/9fae605fc25b0f2c83c1ab207139bd27\"},\"breadcrumb\":{\"@id\":\"https:\\\/\\\/arealorcaradio.es\\\/index.php\\\/2025\\\/07\\\/21\\\/el-gobierno-de-lorca-denuncia-el-abandono-del-ministerio-del-interior-al-no-asignar-ni-un-solo-agente-de-la-guardia-civil-al-municipio\\\/#breadcrumb\"},\"inLanguage\":\"es\",\"potentialAction\":[{\"@type\":\"ReadAction\",\"target\":[\"https:\\\/\\\/arealorcaradio.es\\\/index.php\\\/2025\\\/07\\\/21\\\/el-gobierno-de-lorca-denuncia-el-abandono-del-ministerio-del-interior-al-no-asignar-ni-un-solo-agente-de-la-guardia-civil-al-municipio\\\/\"]}]},{\"@type\":\"ImageObject\",\"inLanguage\":\"es\",\"@id\":\"https:\\\/\\\/arealorcaradio.es\\\/index.php\\\/2025\\\/07\\\/21\\\/el-gobierno-de-lorca-denuncia-el-abandono-del-ministerio-del-interior-al-no-asignar-ni-un-solo-agente-de-la-guardia-civil-al-municipio\\\/#primaryimage\",\"url\":\"https:\\\/\\\/arealorcaradio.es\\\/wp-content\\\/uploads\\\/2025\\\/07\\\/coche-guardica-civil.jpg\",\"contentUrl\":\"https:\\\/\\\/arealorcaradio.es\\\/wp-content\\\/uploads\\\/2025\\\/07\\\/coche-guardica-civil.jpg\",\"width\":1200,\"height\":675},{\"@type\":\"BreadcrumbList\",\"@id\":\"https:\\\/\\\/arealorcaradio.es\\\/index.php\\\/2025\\\/07\\\/21\\\/el-gobierno-de-lorca-denuncia-el-abandono-del-ministerio-del-interior-al-no-asignar-ni-un-solo-agente-de-la-guardia-civil-al-municipio\\\/#breadcrumb\",\"itemListElement\":[{\"@type\":\"ListItem\",\"position\":1,\"name\":\"Portada\",\"item\":\"https:\\\/\\\/arealorcaradio.es\\\/\"},{\"@type\":\"ListItem\",\"position\":2,\"name\":\"El Gobierno de Lorca denuncia el \u00ababandono\u00bb del Ministerio del Interior al asignar solo tres guardias civiles al municipio\"}]},{\"@type\":\"WebSite\",\"@id\":\"https:\\\/\\\/arealorcaradio.es\\\/#website\",\"url\":\"https:\\\/\\\/arealorcaradio.es\\\/\",\"name\":\"AREA LORCA RADIO\",\"description\":\"Descubre la programaci\u00f3n actual en \u00c1rea Lorca Radio, tu fuente de entrenamiento y noticias locales. Sintoniza ahora y mantente conectado online.\",\"potentialAction\":[{\"@type\":\"SearchAction\",\"target\":{\"@type\":\"EntryPoint\",\"urlTemplate\":\"https:\\\/\\\/arealorcaradio.es\\\/?s={search_term_string}\"},\"query-input\":{\"@type\":\"PropertyValueSpecification\",\"valueRequired\":true,\"valueName\":\"search_term_string\"}}],\"inLanguage\":\"es\"},{\"@type\":\"Person\",\"@id\":\"https:\\\/\\\/arealorcaradio.es\\\/#\\\/schema\\\/person\\\/9fae605fc25b0f2c83c1ab207139bd27\",\"name\":\"Paco S\u00e1nchez\",\"image\":{\"@type\":\"ImageObject\",\"inLanguage\":\"es\",\"@id\":\"https:\\\/\\\/secure.gravatar.com\\\/avatar\\\/d67144e966420fb74aa84c9f2a0103be4724fd14db52b52d3b6bca749f257e79?s=96&d=mm&r=g\",\"url\":\"https:\\\/\\\/secure.gravatar.com\\\/avatar\\\/d67144e966420fb74aa84c9f2a0103be4724fd14db52b52d3b6bca749f257e79?s=96&d=mm&r=g\",\"contentUrl\":\"https:\\\/\\\/secure.gravatar.com\\\/avatar\\\/d67144e966420fb74aa84c9f2a0103be4724fd14db52b52d3b6bca749f257e79?s=96&d=mm&r=g\",\"caption\":\"Paco S\u00e1nchez\"},\"sameAs\":[\"https:\\\/\\\/arealorcaradio.es\"],\"url\":\"https:\\\/\\\/arealorcaradio.es\\\/index.php\\\/author\\\/admin_alorcaradio\\\/\"}]}<\/script>\n<!-- \/ Yoast SEO plugin. -->","yoast_head_json":{"title":"El Gobierno de Lorca denuncia el \"abandono\" del Ministerio del Interior al asignar solo tres guardias civiles al municipio - AREA LORCA RADIO","robots":{"index":"index","follow":"follow","max-snippet":"max-snippet:-1","max-image-preview":"max-image-preview:large","max-video-preview":"max-video-preview:-1"},"canonical":"https:\/\/arealorcaradio.es\/index.php\/2025\/07\/21\/el-gobierno-de-lorca-denuncia-el-abandono-del-ministerio-del-interior-al-no-asignar-ni-un-solo-agente-de-la-guardia-civil-al-municipio\/","og_locale":"es_ES","og_type":"article","og_title":"El Gobierno de Lorca denuncia el \"abandono\" del Ministerio del Interior al asignar solo tres guardias civiles al municipio - AREA LORCA RADIO","og_description":"\u00c1REA LORCA RADIO. Seguridad Ciudadana. 21 de julio de 2025.\u00a0Los concejales de Seguridad Ciudadana y Emergencias del Ayuntamiento de Lorca, Juan Miguel Bayonas y Jos\u00e9 Mart\u00ednez, han manifestado este lunes la \u00absorpresa\u00bb e \u00abincredulidad\u00bb del Gobierno municipal al conocer que de los 176 agentes que se incorporar\u00e1n el pr\u00f3ximo mes de octubre a la plantilla [&hellip;]","og_url":"https:\/\/arealorcaradio.es\/index.php\/2025\/07\/21\/el-gobierno-de-lorca-denuncia-el-abandono-del-ministerio-del-interior-al-no-asignar-ni-un-solo-agente-de-la-guardia-civil-al-municipio\/","og_site_name":"AREA LORCA RADIO","article_published_time":"2025-07-21T09:51:37+00:00","article_modified_time":"2025-07-21T10:32:46+00:00","og_image":[{"width":1200,"height":675,"url":"https:\/\/arealorcaradio.es\/wp-content\/uploads\/2025\/07\/coche-guardica-civil.jpg","type":"image\/jpeg"}],"author":"Paco S\u00e1nchez","twitter_card":"summary_large_image","twitter_misc":{"Escrito por":"Paco S\u00e1nchez","Tiempo de lectura":"5 minutos"},"schema":{"@context":"https:\/\/schema.org","@graph":[{"@type":"Article","@id":"https:\/\/arealorcaradio.es\/index.php\/2025\/07\/21\/el-gobierno-de-lorca-denuncia-el-abandono-del-ministerio-del-interior-al-no-asignar-ni-un-solo-agente-de-la-guardia-civil-al-municipio\/#article","isPartOf":{"@id":"https:\/\/arealorcaradio.es\/index.php\/2025\/07\/21\/el-gobierno-de-lorca-denuncia-el-abandono-del-ministerio-del-interior-al-no-asignar-ni-un-solo-agente-de-la-guardia-civil-al-municipio\/"},"author":{"name":"Paco S\u00e1nchez","@id":"https:\/\/arealorcaradio.es\/#\/schema\/person\/9fae605fc25b0f2c83c1ab207139bd27"},"headline":"El Gobierno de Lorca denuncia el \u00ababandono\u00bb del Ministerio del Interior al asignar solo tres guardias civiles al municipio","datePublished":"2025-07-21T09:51:37+00:00","dateModified":"2025-07-21T10:32:46+00:00","mainEntityOfPage":{"@id":"https:\/\/arealorcaradio.es\/index.php\/2025\/07\/21\/el-gobierno-de-lorca-denuncia-el-abandono-del-ministerio-del-interior-al-no-asignar-ni-un-solo-agente-de-la-guardia-civil-al-municipio\/"},"wordCount":1029,"commentCount":0,"image":{"@id":"https:\/\/arealorcaradio.es\/index.php\/2025\/07\/21\/el-gobierno-de-lorca-denuncia-el-abandono-del-ministerio-del-interior-al-no-asignar-ni-un-solo-agente-de-la-guardia-civil-al-municipio\/#primaryimage"},"thumbnailUrl":"https:\/\/arealorcaradio.es\/wp-content\/uploads\/2025\/07\/coche-guardica-civil.jpg","articleSection":["ACTUALIDAD","LORCA"],"inLanguage":"es","potentialAction":[{"@type":"CommentAction","name":"Comment","target":["https:\/\/arealorcaradio.es\/index.php\/2025\/07\/21\/el-gobierno-de-lorca-denuncia-el-abandono-del-ministerio-del-interior-al-no-asignar-ni-un-solo-agente-de-la-guardia-civil-al-municipio\/#respond"]}]},{"@type":"WebPage","@id":"https:\/\/arealorcaradio.es\/index.php\/2025\/07\/21\/el-gobierno-de-lorca-denuncia-el-abandono-del-ministerio-del-interior-al-no-asignar-ni-un-solo-agente-de-la-guardia-civil-al-municipio\/","url":"https:\/\/arealorcaradio.es\/index.php\/2025\/07\/21\/el-gobierno-de-lorca-denuncia-el-abandono-del-ministerio-del-interior-al-no-asignar-ni-un-solo-agente-de-la-guardia-civil-al-municipio\/","name":"El Gobierno de Lorca denuncia el \"abandono\" del Ministerio del Interior al asignar solo tres guardias civiles al municipio - AREA LORCA RADIO","isPartOf":{"@id":"https:\/\/arealorcaradio.es\/#website"},"primaryImageOfPage":{"@id":"https:\/\/arealorcaradio.es\/index.php\/2025\/07\/21\/el-gobierno-de-lorca-denuncia-el-abandono-del-ministerio-del-interior-al-no-asignar-ni-un-solo-agente-de-la-guardia-civil-al-municipio\/#primaryimage"},"image":{"@id":"https:\/\/arealorcaradio.es\/index.php\/2025\/07\/21\/el-gobierno-de-lorca-denuncia-el-abandono-del-ministerio-del-interior-al-no-asignar-ni-un-solo-agente-de-la-guardia-civil-al-municipio\/#primaryimage"},"thumbnailUrl":"https:\/\/arealorcaradio.es\/wp-content\/uploads\/2025\/07\/coche-guardica-civil.jpg","datePublished":"2025-07-21T09:51:37+00:00","dateModified":"2025-07-21T10:32:46+00:00","author":{"@id":"https:\/\/arealorcaradio.es\/#\/schema\/person\/9fae605fc25b0f2c83c1ab207139bd27"},"breadcrumb":{"@id":"https:\/\/arealorcaradio.es\/index.php\/2025\/07\/21\/el-gobierno-de-lorca-denuncia-el-abandono-del-ministerio-del-interior-al-no-asignar-ni-un-solo-agente-de-la-guardia-civil-al-municipio\/#breadcrumb"},"inLanguage":"es","potentialAction":[{"@type":"ReadAction","target":["https:\/\/arealorcaradio.es\/index.php\/2025\/07\/21\/el-gobierno-de-lorca-denuncia-el-abandono-del-ministerio-del-interior-al-no-asignar-ni-un-solo-agente-de-la-guardia-civil-al-municipio\/"]}]},{"@type":"ImageObject","inLanguage":"es","@id":"https:\/\/arealorcaradio.es\/index.php\/2025\/07\/21\/el-gobierno-de-lorca-denuncia-el-abandono-del-ministerio-del-interior-al-no-asignar-ni-un-solo-agente-de-la-guardia-civil-al-municipio\/#primaryimage","url":"https:\/\/arealorcaradio.es\/wp-content\/uploads\/2025\/07\/coche-guardica-civil.jpg","contentUrl":"https:\/\/arealorcaradio.es\/wp-content\/uploads\/2025\/07\/coche-guardica-civil.jpg","width":1200,"height":675},{"@type":"BreadcrumbList","@id":"https:\/\/arealorcaradio.es\/index.php\/2025\/07\/21\/el-gobierno-de-lorca-denuncia-el-abandono-del-ministerio-del-interior-al-no-asignar-ni-un-solo-agente-de-la-guardia-civil-al-municipio\/#breadcrumb","itemListElement":[{"@type":"ListItem","position":1,"name":"Portada","item":"https:\/\/arealorcaradio.es\/"},{"@type":"ListItem","position":2,"name":"El Gobierno de Lorca denuncia el \u00ababandono\u00bb del Ministerio del Interior al asignar solo tres guardias civiles al municipio"}]},{"@type":"WebSite","@id":"https:\/\/arealorcaradio.es\/#website","url":"https:\/\/arealorcaradio.es\/","name":"AREA LORCA RADIO","description":"Descubre la programaci\u00f3n actual en \u00c1rea Lorca Radio, tu fuente de entrenamiento y noticias locales. Sintoniza ahora y mantente conectado online.","potentialAction":[{"@type":"SearchAction","target":{"@type":"EntryPoint","urlTemplate":"https:\/\/arealorcaradio.es\/?s={search_term_string}"},"query-input":{"@type":"PropertyValueSpecification","valueRequired":true,"valueName":"search_term_string"}}],"inLanguage":"es"},{"@type":"Person","@id":"https:\/\/arealorcaradio.es\/#\/schema\/person\/9fae605fc25b0f2c83c1ab207139bd27","name":"Paco S\u00e1nchez","image":{"@type":"ImageObject","inLanguage":"es","@id":"https:\/\/secure.gravatar.com\/avatar\/d67144e966420fb74aa84c9f2a0103be4724fd14db52b52d3b6bca749f257e79?s=96&d=mm&r=g","url":"https:\/\/secure.gravatar.com\/avatar\/d67144e966420fb74aa84c9f2a0103be4724fd14db52b52d3b6bca749f257e79?s=96&d=mm&r=g","contentUrl":"https:\/\/secure.gravatar.com\/avatar\/d67144e966420fb74aa84c9f2a0103be4724fd14db52b52d3b6bca749f257e79?s=96&d=mm&r=g","caption":"Paco S\u00e1nchez"},"sameAs":["https:\/\/arealorcaradio.es"],"url":"https:\/\/arealorcaradio.es\/index.php\/author\/admin_alorcaradio\/"}]}},"_links":{"self":[{"href":"https:\/\/arealorcaradio.es\/index.php\/wp-json\/wp\/v2\/posts\/7387","targetHints":{"allow":["GET"]}}],"collection":[{"href":"https:\/\/arealorcaradio.es\/index.php\/wp-json\/wp\/v2\/posts"}],"about":[{"href":"https:\/\/arealorcaradio.es\/index.php\/wp-json\/wp\/v2\/types\/post"}],"author":[{"embeddable":true,"href":"https:\/\/arealorcaradio.es\/index.php\/wp-json\/wp\/v2\/users\/1"}],"replies":[{"embeddable":true,"href":"https:\/\/arealorcaradio.es\/index.php\/wp-json\/wp\/v2\/comments?post=7387"}],"version-history":[{"count":5,"href":"https:\/\/arealorcaradio.es\/index.php\/wp-json\/wp\/v2\/posts\/7387\/revisions"}],"predecessor-version":[{"id":7394,"href":"https:\/\/arealorcaradio.es\/index.php\/wp-json\/wp\/v2\/posts\/7387\/revisions\/7394"}],"wp:featuredmedia":[{"embeddable":true,"href":"https:\/\/arealorcaradio.es\/index.php\/wp-json\/wp\/v2\/media\/7389"}],"wp:attachment":[{"href":"https:\/\/arealorcaradio.es\/index.php\/wp-json\/wp\/v2\/media?parent=7387"}],"wp:term":[{"taxonomy":"category","embeddable":true,"href":"https:\/\/arealorcaradio.es\/index.php\/wp-json\/wp\/v2\/categories?post=7387"},{"taxonomy":"post_tag","embeddable":true,"href":"https:\/\/arealorcaradio.es\/index.php\/wp-json\/wp\/v2\/tags?post=7387"}],"curies":[{"name":"wp","href":"https:\/\/api.w.org\/{rel}","templated":true}]}}