{"id":7364,"date":"2025-07-18T16:20:59","date_gmt":"2025-07-18T16:20:59","guid":{"rendered":"https:\/\/arealorcaradio.es\/?p=7364"},"modified":"2025-07-18T16:20:59","modified_gmt":"2025-07-18T16:20:59","slug":"el-ayuntamiento-de-lorca-cede-el-estadio-francisco-artes-carrasco-al-alhama-cf-feminas-para-la-temporada-2025-2026","status":"publish","type":"post","link":"https:\/\/arealorcaradio.es\/index.php\/2025\/07\/18\/el-ayuntamiento-de-lorca-cede-el-estadio-francisco-artes-carrasco-al-alhama-cf-feminas-para-la-temporada-2025-2026\/","title":{"rendered":"El Ayuntamiento de Lorca cede el estadio Francisco Art\u00e9s Carrasco al Alhama CF F\u00e9minas para la\u00a0temporada 2025\/2026"},"content":{"rendered":"<p><strong>\u00c1REA LORCA RADIO. F\u00fatbol Femenino.<\/strong><\/p>\n<p class=\"v1MsoNormal\"><b><span lang=\"EN-US\">Lorca, 18 de julio de 2025.\u00a0<\/span><\/b><span lang=\"EN-US\">El Ayuntamiento de Lorca ha alcanzado un acuerdo con el Alhama C.F. ElPozo para la cesi\u00f3n del Estadio Francisco Art\u00e9s Carrasco al equipo femenino del club, el Alhama F\u00e9minas, que disputar\u00e1 en esta instalaci\u00f3n municipal sus partidos oficiales como local durante la pr\u00f3xima temporada en la Liga F, la m\u00e1xima categor\u00eda del f\u00fatbol femenino espa\u00f1ol, as\u00ed con un entrenamiento previo a cada partido.<\/span><\/p>\n<p class=\"v1MsoNormal\"><span lang=\"EN-US\"><img loading=\"lazy\" decoding=\"async\" class=\"alignnone size-medium wp-image-7368\" src=\"https:\/\/arealorcaradio.es\/wp-content\/uploads\/2025\/07\/FOTO3-26-300x225.jpeg\" alt=\"\" width=\"300\" height=\"225\" srcset=\"https:\/\/arealorcaradio.es\/wp-content\/uploads\/2025\/07\/FOTO3-26-300x225.jpeg 300w, https:\/\/arealorcaradio.es\/wp-content\/uploads\/2025\/07\/FOTO3-26-1024x768.jpeg 1024w, https:\/\/arealorcaradio.es\/wp-content\/uploads\/2025\/07\/FOTO3-26-768x576.jpeg 768w, https:\/\/arealorcaradio.es\/wp-content\/uploads\/2025\/07\/FOTO3-26-1536x1152.jpeg 1536w, https:\/\/arealorcaradio.es\/wp-content\/uploads\/2025\/07\/FOTO3-26-86x64.jpeg 86w, https:\/\/arealorcaradio.es\/wp-content\/uploads\/2025\/07\/FOTO3-26.jpeg 1600w\" sizes=\"auto, (max-width: 300px) 100vw, 300px\" \/> <img loading=\"lazy\" decoding=\"async\" class=\"alignnone size-medium wp-image-7369\" src=\"https:\/\/arealorcaradio.es\/wp-content\/uploads\/2025\/07\/20250718_114629-1-300x225.jpg\" alt=\"\" width=\"300\" height=\"225\" srcset=\"https:\/\/arealorcaradio.es\/wp-content\/uploads\/2025\/07\/20250718_114629-1-300x225.jpg 300w, https:\/\/arealorcaradio.es\/wp-content\/uploads\/2025\/07\/20250718_114629-1-1024x768.jpg 1024w, https:\/\/arealorcaradio.es\/wp-content\/uploads\/2025\/07\/20250718_114629-1-768x576.jpg 768w, https:\/\/arealorcaradio.es\/wp-content\/uploads\/2025\/07\/20250718_114629-1-1536x1152.jpg 1536w, https:\/\/arealorcaradio.es\/wp-content\/uploads\/2025\/07\/20250718_114629-1-2048x1536.jpg 2048w, https:\/\/arealorcaradio.es\/wp-content\/uploads\/2025\/07\/20250718_114629-1-86x64.jpg 86w\" sizes=\"auto, (max-width: 300px) 100vw, 300px\" \/><\/span><\/p>\n<p class=\"v1MsoNormal\"><span lang=\"EN-US\">Esta cesi\u00f3n responde a la necesidad del conjunto alhame\u00f1o de contar con un estadio homologado que cumpla los requisitos t\u00e9cnicos y de aforo exigidos por el f\u00fatbol profesional femenino tras el ascenso logrado en la pasada campa\u00f1a. La elecci\u00f3n de Lorca, a apenas 45 kil\u00f3metros de Alhama, supone adem\u00e1s un impulso deportivo y social para la ciudad, que acoger\u00e1 en los pr\u00f3ximos meses encuentros de alto nivel frente a algunos de los mejores equipos de la liga, como el\u00a0<strong>FC Barcelona, Real Madrid, Atl\u00e9tico de Madrid, Real Sociedad, Granada CF o Sevilla FC<\/strong>, entre otros.<\/span><\/p>\n<p class=\"v1MsoNormal\"><span lang=\"EN-US\"> <img loading=\"lazy\" decoding=\"async\" class=\"alignnone size-medium wp-image-7365\" src=\"https:\/\/arealorcaradio.es\/wp-content\/uploads\/2025\/07\/20250718_115415-300x225.jpg\" alt=\"\" width=\"300\" height=\"225\" srcset=\"https:\/\/arealorcaradio.es\/wp-content\/uploads\/2025\/07\/20250718_115415-300x225.jpg 300w, https:\/\/arealorcaradio.es\/wp-content\/uploads\/2025\/07\/20250718_115415-1024x768.jpg 1024w, https:\/\/arealorcaradio.es\/wp-content\/uploads\/2025\/07\/20250718_115415-768x576.jpg 768w, https:\/\/arealorcaradio.es\/wp-content\/uploads\/2025\/07\/20250718_115415-1536x1152.jpg 1536w, https:\/\/arealorcaradio.es\/wp-content\/uploads\/2025\/07\/20250718_115415-2048x1536.jpg 2048w, https:\/\/arealorcaradio.es\/wp-content\/uploads\/2025\/07\/20250718_115415-86x64.jpg 86w\" sizes=\"auto, (max-width: 300px) 100vw, 300px\" \/> <img loading=\"lazy\" decoding=\"async\" class=\"alignnone size-medium wp-image-7371\" src=\"https:\/\/arealorcaradio.es\/wp-content\/uploads\/2025\/07\/FOTO4-20-300x225.jpeg\" alt=\"\" width=\"300\" height=\"225\" srcset=\"https:\/\/arealorcaradio.es\/wp-content\/uploads\/2025\/07\/FOTO4-20-300x225.jpeg 300w, https:\/\/arealorcaradio.es\/wp-content\/uploads\/2025\/07\/FOTO4-20-1024x768.jpeg 1024w, https:\/\/arealorcaradio.es\/wp-content\/uploads\/2025\/07\/FOTO4-20-768x576.jpeg 768w, https:\/\/arealorcaradio.es\/wp-content\/uploads\/2025\/07\/FOTO4-20-1536x1152.jpeg 1536w, https:\/\/arealorcaradio.es\/wp-content\/uploads\/2025\/07\/FOTO4-20-86x64.jpeg 86w, https:\/\/arealorcaradio.es\/wp-content\/uploads\/2025\/07\/FOTO4-20.jpeg 1600w\" sizes=\"auto, (max-width: 300px) 100vw, 300px\" \/><\/span><\/p>\n<p class=\"v1MsoNormal\"><span lang=\"EN-US\">El concejal de Deportes del Ayuntamiento de Lorca,\u00a0<strong>Juan Miguel Bayonas<\/strong>, y la directora general del Alhama C.F. ElPozo, <strong>Tamara Garc\u00eda<\/strong>, han presentado hoy los detalles de este acuerdo que representa un importante avance para el f\u00fatbol femenino regional y refuerza la apuesta del consistorio por el deporte de \u00e9lite. \u00abEstamos encantados de recibir al Alhama ElPozo F\u00e9minas en el Estadio Francisco Art\u00e9s Carrasco para su debut en la Liga F.<\/span><\/p>\n<p class=\"v1MsoNormal\"><span lang=\"EN-US\"><img loading=\"lazy\" decoding=\"async\" class=\"alignnone size-medium wp-image-7372\" src=\"https:\/\/arealorcaradio.es\/wp-content\/uploads\/2025\/07\/20250718_115939-1-300x225.jpg\" alt=\"\" width=\"300\" height=\"225\" srcset=\"https:\/\/arealorcaradio.es\/wp-content\/uploads\/2025\/07\/20250718_115939-1-300x225.jpg 300w, https:\/\/arealorcaradio.es\/wp-content\/uploads\/2025\/07\/20250718_115939-1-1024x768.jpg 1024w, https:\/\/arealorcaradio.es\/wp-content\/uploads\/2025\/07\/20250718_115939-1-768x576.jpg 768w, https:\/\/arealorcaradio.es\/wp-content\/uploads\/2025\/07\/20250718_115939-1-1536x1152.jpg 1536w, https:\/\/arealorcaradio.es\/wp-content\/uploads\/2025\/07\/20250718_115939-1-2048x1536.jpg 2048w, https:\/\/arealorcaradio.es\/wp-content\/uploads\/2025\/07\/20250718_115939-1-86x64.jpg 86w\" sizes=\"auto, (max-width: 300px) 100vw, 300px\" \/> <img loading=\"lazy\" decoding=\"async\" class=\"alignnone size-medium wp-image-7366\" src=\"https:\/\/arealorcaradio.es\/wp-content\/uploads\/2025\/07\/FOTO2-27-300x225.jpeg\" alt=\"\" width=\"300\" height=\"225\" srcset=\"https:\/\/arealorcaradio.es\/wp-content\/uploads\/2025\/07\/FOTO2-27-300x225.jpeg 300w, https:\/\/arealorcaradio.es\/wp-content\/uploads\/2025\/07\/FOTO2-27-1024x768.jpeg 1024w, https:\/\/arealorcaradio.es\/wp-content\/uploads\/2025\/07\/FOTO2-27-768x576.jpeg 768w, https:\/\/arealorcaradio.es\/wp-content\/uploads\/2025\/07\/FOTO2-27-1536x1152.jpeg 1536w, https:\/\/arealorcaradio.es\/wp-content\/uploads\/2025\/07\/FOTO2-27-86x64.jpeg 86w, https:\/\/arealorcaradio.es\/wp-content\/uploads\/2025\/07\/FOTO2-27.jpeg 1600w\" sizes=\"auto, (max-width: 300px) 100vw, 300px\" \/><\/span><\/p>\n<p class=\"v1MsoNormal\"><span lang=\"EN-US\">Esta cesi\u00f3n demuestra nuestro compromiso con el deporte femenino, la igualdad y el desarrollo local. Durante la temporada, el equipo alhame\u00f1o se enfrentar\u00e1 en Lorca a los clubes m\u00e1s importantes del pa\u00eds, atrayendo a centenares de visitantes que generar\u00e1n un impacto muy positivo en la hosteler\u00eda, el comercio y la proyecci\u00f3n tur\u00edstica de la ciudad. Adem\u00e1s, nuestro estadio se encuentra totalmente preparado para acoger partidos de m\u00e1xima exigencia, cumpliendo con todos los est\u00e1ndares profesionales en c\u00e9sped, grada, vestuarios y accesibilidad\u00bb, ha se\u00f1alado Bayonas.<\/span><\/p>\n","protected":false},"excerpt":{"rendered":"<p>\u00c1REA LORCA RADIO. F\u00fatbol Femenino. Lorca, 18 de julio de 2025.\u00a0El Ayuntamiento de Lorca ha alcanzado un acuerdo con el Alhama C.F. ElPozo para la cesi\u00f3n del Estadio Francisco Art\u00e9s Carrasco al equipo femenino del club, el Alhama F\u00e9minas, que disputar\u00e1 en esta instalaci\u00f3n municipal sus partidos oficiales como local durante la pr\u00f3xima temporada en [&hellip;]<\/p>\n","protected":false},"author":1,"featured_media":7366,"comment_status":"open","ping_status":"open","sticky":false,"template":"","format":"standard","meta":{"iawp_total_views":35,"footnotes":""},"categories":[4,7],"tags":[],"class_list":["post-7364","post","type-post","status-publish","format-standard","has-post-thumbnail","hentry","category-deportes","category-lorca"],"yoast_head":"<!-- This site is optimized with the Yoast SEO plugin v27.5 - https:\/\/yoast.com\/product\/yoast-seo-wordpress\/ -->\n<title>El Ayuntamiento de Lorca cede el estadio Francisco Art\u00e9s Carrasco al Alhama CF F\u00e9minas para la\u00a0temporada 2025\/2026 - AREA LORCA RADIO<\/title>\n<meta name=\"robots\" content=\"index, follow, max-snippet:-1, max-image-preview:large, max-video-preview:-1\" \/>\n<link rel=\"canonical\" href=\"https:\/\/arealorcaradio.es\/index.php\/2025\/07\/18\/el-ayuntamiento-de-lorca-cede-el-estadio-francisco-artes-carrasco-al-alhama-cf-feminas-para-la-temporada-2025-2026\/\" \/>\n<meta property=\"og:locale\" content=\"es_ES\" \/>\n<meta property=\"og:type\" content=\"article\" \/>\n<meta property=\"og:title\" content=\"El Ayuntamiento de Lorca cede el estadio Francisco Art\u00e9s Carrasco al Alhama CF F\u00e9minas para la\u00a0temporada 2025\/2026 - AREA LORCA RADIO\" \/>\n<meta property=\"og:description\" content=\"\u00c1REA LORCA RADIO. F\u00fatbol Femenino. Lorca, 18 de julio de 2025.\u00a0El Ayuntamiento de Lorca ha alcanzado un acuerdo con el Alhama C.F. ElPozo para la cesi\u00f3n del Estadio Francisco Art\u00e9s Carrasco al equipo femenino del club, el Alhama F\u00e9minas, que disputar\u00e1 en esta instalaci\u00f3n municipal sus partidos oficiales como local durante la pr\u00f3xima temporada en [&hellip;]\" \/>\n<meta property=\"og:url\" content=\"https:\/\/arealorcaradio.es\/index.php\/2025\/07\/18\/el-ayuntamiento-de-lorca-cede-el-estadio-francisco-artes-carrasco-al-alhama-cf-feminas-para-la-temporada-2025-2026\/\" \/>\n<meta property=\"og:site_name\" content=\"AREA LORCA RADIO\" \/>\n<meta property=\"article:published_time\" content=\"2025-07-18T16:20:59+00:00\" \/>\n<meta property=\"og:image\" content=\"https:\/\/arealorcaradio.es\/wp-content\/uploads\/2025\/07\/FOTO2-27.jpeg\" \/>\n\t<meta property=\"og:image:width\" content=\"1600\" \/>\n\t<meta property=\"og:image:height\" content=\"1200\" \/>\n\t<meta property=\"og:image:type\" content=\"image\/jpeg\" \/>\n<meta name=\"author\" content=\"Paco S\u00e1nchez\" \/>\n<meta name=\"twitter:card\" content=\"summary_large_image\" \/>\n<meta name=\"twitter:label1\" content=\"Escrito por\" \/>\n\t<meta name=\"twitter:data1\" content=\"Paco S\u00e1nchez\" \/>\n\t<meta name=\"twitter:label2\" content=\"Tiempo de lectura\" \/>\n\t<meta name=\"twitter:data2\" content=\"3 minutos\" \/>\n<script type=\"application\/ld+json\" class=\"yoast-schema-graph\">{\"@context\":\"https:\\\/\\\/schema.org\",\"@graph\":[{\"@type\":\"Article\",\"@id\":\"https:\\\/\\\/arealorcaradio.es\\\/index.php\\\/2025\\\/07\\\/18\\\/el-ayuntamiento-de-lorca-cede-el-estadio-francisco-artes-carrasco-al-alhama-cf-feminas-para-la-temporada-2025-2026\\\/#article\",\"isPartOf\":{\"@id\":\"https:\\\/\\\/arealorcaradio.es\\\/index.php\\\/2025\\\/07\\\/18\\\/el-ayuntamiento-de-lorca-cede-el-estadio-francisco-artes-carrasco-al-alhama-cf-feminas-para-la-temporada-2025-2026\\\/\"},\"author\":{\"name\":\"Paco S\u00e1nchez\",\"@id\":\"https:\\\/\\\/arealorcaradio.es\\\/#\\\/schema\\\/person\\\/9fae605fc25b0f2c83c1ab207139bd27\"},\"headline\":\"El Ayuntamiento de Lorca cede el estadio Francisco Art\u00e9s Carrasco al Alhama CF F\u00e9minas para la\u00a0temporada 2025\\\/2026\",\"datePublished\":\"2025-07-18T16:20:59+00:00\",\"mainEntityOfPage\":{\"@id\":\"https:\\\/\\\/arealorcaradio.es\\\/index.php\\\/2025\\\/07\\\/18\\\/el-ayuntamiento-de-lorca-cede-el-estadio-francisco-artes-carrasco-al-alhama-cf-feminas-para-la-temporada-2025-2026\\\/\"},\"wordCount\":378,\"commentCount\":0,\"image\":{\"@id\":\"https:\\\/\\\/arealorcaradio.es\\\/index.php\\\/2025\\\/07\\\/18\\\/el-ayuntamiento-de-lorca-cede-el-estadio-francisco-artes-carrasco-al-alhama-cf-feminas-para-la-temporada-2025-2026\\\/#primaryimage\"},\"thumbnailUrl\":\"https:\\\/\\\/arealorcaradio.es\\\/wp-content\\\/uploads\\\/2025\\\/07\\\/FOTO2-27.jpeg\",\"articleSection\":[\"DEPORTES\",\"LORCA\"],\"inLanguage\":\"es\",\"potentialAction\":[{\"@type\":\"CommentAction\",\"name\":\"Comment\",\"target\":[\"https:\\\/\\\/arealorcaradio.es\\\/index.php\\\/2025\\\/07\\\/18\\\/el-ayuntamiento-de-lorca-cede-el-estadio-francisco-artes-carrasco-al-alhama-cf-feminas-para-la-temporada-2025-2026\\\/#respond\"]}]},{\"@type\":\"WebPage\",\"@id\":\"https:\\\/\\\/arealorcaradio.es\\\/index.php\\\/2025\\\/07\\\/18\\\/el-ayuntamiento-de-lorca-cede-el-estadio-francisco-artes-carrasco-al-alhama-cf-feminas-para-la-temporada-2025-2026\\\/\",\"url\":\"https:\\\/\\\/arealorcaradio.es\\\/index.php\\\/2025\\\/07\\\/18\\\/el-ayuntamiento-de-lorca-cede-el-estadio-francisco-artes-carrasco-al-alhama-cf-feminas-para-la-temporada-2025-2026\\\/\",\"name\":\"El Ayuntamiento de Lorca cede el estadio Francisco Art\u00e9s Carrasco al Alhama CF F\u00e9minas para la\u00a0temporada 2025\\\/2026 - AREA LORCA RADIO\",\"isPartOf\":{\"@id\":\"https:\\\/\\\/arealorcaradio.es\\\/#website\"},\"primaryImageOfPage\":{\"@id\":\"https:\\\/\\\/arealorcaradio.es\\\/index.php\\\/2025\\\/07\\\/18\\\/el-ayuntamiento-de-lorca-cede-el-estadio-francisco-artes-carrasco-al-alhama-cf-feminas-para-la-temporada-2025-2026\\\/#primaryimage\"},\"image\":{\"@id\":\"https:\\\/\\\/arealorcaradio.es\\\/index.php\\\/2025\\\/07\\\/18\\\/el-ayuntamiento-de-lorca-cede-el-estadio-francisco-artes-carrasco-al-alhama-cf-feminas-para-la-temporada-2025-2026\\\/#primaryimage\"},\"thumbnailUrl\":\"https:\\\/\\\/arealorcaradio.es\\\/wp-content\\\/uploads\\\/2025\\\/07\\\/FOTO2-27.jpeg\",\"datePublished\":\"2025-07-18T16:20:59+00:00\",\"author\":{\"@id\":\"https:\\\/\\\/arealorcaradio.es\\\/#\\\/schema\\\/person\\\/9fae605fc25b0f2c83c1ab207139bd27\"},\"breadcrumb\":{\"@id\":\"https:\\\/\\\/arealorcaradio.es\\\/index.php\\\/2025\\\/07\\\/18\\\/el-ayuntamiento-de-lorca-cede-el-estadio-francisco-artes-carrasco-al-alhama-cf-feminas-para-la-temporada-2025-2026\\\/#breadcrumb\"},\"inLanguage\":\"es\",\"potentialAction\":[{\"@type\":\"ReadAction\",\"target\":[\"https:\\\/\\\/arealorcaradio.es\\\/index.php\\\/2025\\\/07\\\/18\\\/el-ayuntamiento-de-lorca-cede-el-estadio-francisco-artes-carrasco-al-alhama-cf-feminas-para-la-temporada-2025-2026\\\/\"]}]},{\"@type\":\"ImageObject\",\"inLanguage\":\"es\",\"@id\":\"https:\\\/\\\/arealorcaradio.es\\\/index.php\\\/2025\\\/07\\\/18\\\/el-ayuntamiento-de-lorca-cede-el-estadio-francisco-artes-carrasco-al-alhama-cf-feminas-para-la-temporada-2025-2026\\\/#primaryimage\",\"url\":\"https:\\\/\\\/arealorcaradio.es\\\/wp-content\\\/uploads\\\/2025\\\/07\\\/FOTO2-27.jpeg\",\"contentUrl\":\"https:\\\/\\\/arealorcaradio.es\\\/wp-content\\\/uploads\\\/2025\\\/07\\\/FOTO2-27.jpeg\",\"width\":1600,\"height\":1200},{\"@type\":\"BreadcrumbList\",\"@id\":\"https:\\\/\\\/arealorcaradio.es\\\/index.php\\\/2025\\\/07\\\/18\\\/el-ayuntamiento-de-lorca-cede-el-estadio-francisco-artes-carrasco-al-alhama-cf-feminas-para-la-temporada-2025-2026\\\/#breadcrumb\",\"itemListElement\":[{\"@type\":\"ListItem\",\"position\":1,\"name\":\"Portada\",\"item\":\"https:\\\/\\\/arealorcaradio.es\\\/\"},{\"@type\":\"ListItem\",\"position\":2,\"name\":\"El Ayuntamiento de Lorca cede el estadio Francisco Art\u00e9s Carrasco al Alhama CF F\u00e9minas para la\u00a0temporada 2025\\\/2026\"}]},{\"@type\":\"WebSite\",\"@id\":\"https:\\\/\\\/arealorcaradio.es\\\/#website\",\"url\":\"https:\\\/\\\/arealorcaradio.es\\\/\",\"name\":\"AREA LORCA RADIO\",\"description\":\"Descubre la programaci\u00f3n actual en \u00c1rea Lorca Radio, tu fuente de entrenamiento y noticias locales. Sintoniza ahora y mantente conectado online.\",\"potentialAction\":[{\"@type\":\"SearchAction\",\"target\":{\"@type\":\"EntryPoint\",\"urlTemplate\":\"https:\\\/\\\/arealorcaradio.es\\\/?s={search_term_string}\"},\"query-input\":{\"@type\":\"PropertyValueSpecification\",\"valueRequired\":true,\"valueName\":\"search_term_string\"}}],\"inLanguage\":\"es\"},{\"@type\":\"Person\",\"@id\":\"https:\\\/\\\/arealorcaradio.es\\\/#\\\/schema\\\/person\\\/9fae605fc25b0f2c83c1ab207139bd27\",\"name\":\"Paco S\u00e1nchez\",\"image\":{\"@type\":\"ImageObject\",\"inLanguage\":\"es\",\"@id\":\"https:\\\/\\\/secure.gravatar.com\\\/avatar\\\/d67144e966420fb74aa84c9f2a0103be4724fd14db52b52d3b6bca749f257e79?s=96&d=mm&r=g\",\"url\":\"https:\\\/\\\/secure.gravatar.com\\\/avatar\\\/d67144e966420fb74aa84c9f2a0103be4724fd14db52b52d3b6bca749f257e79?s=96&d=mm&r=g\",\"contentUrl\":\"https:\\\/\\\/secure.gravatar.com\\\/avatar\\\/d67144e966420fb74aa84c9f2a0103be4724fd14db52b52d3b6bca749f257e79?s=96&d=mm&r=g\",\"caption\":\"Paco S\u00e1nchez\"},\"sameAs\":[\"https:\\\/\\\/arealorcaradio.es\"],\"url\":\"https:\\\/\\\/arealorcaradio.es\\\/index.php\\\/author\\\/admin_alorcaradio\\\/\"}]}<\/script>\n<!-- \/ Yoast SEO plugin. -->","yoast_head_json":{"title":"El Ayuntamiento de Lorca cede el estadio Francisco Art\u00e9s Carrasco al Alhama CF F\u00e9minas para la\u00a0temporada 2025\/2026 - AREA LORCA RADIO","robots":{"index":"index","follow":"follow","max-snippet":"max-snippet:-1","max-image-preview":"max-image-preview:large","max-video-preview":"max-video-preview:-1"},"canonical":"https:\/\/arealorcaradio.es\/index.php\/2025\/07\/18\/el-ayuntamiento-de-lorca-cede-el-estadio-francisco-artes-carrasco-al-alhama-cf-feminas-para-la-temporada-2025-2026\/","og_locale":"es_ES","og_type":"article","og_title":"El Ayuntamiento de Lorca cede el estadio Francisco Art\u00e9s Carrasco al Alhama CF F\u00e9minas para la\u00a0temporada 2025\/2026 - AREA LORCA RADIO","og_description":"\u00c1REA LORCA RADIO. F\u00fatbol Femenino. Lorca, 18 de julio de 2025.\u00a0El Ayuntamiento de Lorca ha alcanzado un acuerdo con el Alhama C.F. ElPozo para la cesi\u00f3n del Estadio Francisco Art\u00e9s Carrasco al equipo femenino del club, el Alhama F\u00e9minas, que disputar\u00e1 en esta instalaci\u00f3n municipal sus partidos oficiales como local durante la pr\u00f3xima temporada en [&hellip;]","og_url":"https:\/\/arealorcaradio.es\/index.php\/2025\/07\/18\/el-ayuntamiento-de-lorca-cede-el-estadio-francisco-artes-carrasco-al-alhama-cf-feminas-para-la-temporada-2025-2026\/","og_site_name":"AREA LORCA RADIO","article_published_time":"2025-07-18T16:20:59+00:00","og_image":[{"width":1600,"height":1200,"url":"https:\/\/arealorcaradio.es\/wp-content\/uploads\/2025\/07\/FOTO2-27.jpeg","type":"image\/jpeg"}],"author":"Paco S\u00e1nchez","twitter_card":"summary_large_image","twitter_misc":{"Escrito por":"Paco S\u00e1nchez","Tiempo de lectura":"3 minutos"},"schema":{"@context":"https:\/\/schema.org","@graph":[{"@type":"Article","@id":"https:\/\/arealorcaradio.es\/index.php\/2025\/07\/18\/el-ayuntamiento-de-lorca-cede-el-estadio-francisco-artes-carrasco-al-alhama-cf-feminas-para-la-temporada-2025-2026\/#article","isPartOf":{"@id":"https:\/\/arealorcaradio.es\/index.php\/2025\/07\/18\/el-ayuntamiento-de-lorca-cede-el-estadio-francisco-artes-carrasco-al-alhama-cf-feminas-para-la-temporada-2025-2026\/"},"author":{"name":"Paco S\u00e1nchez","@id":"https:\/\/arealorcaradio.es\/#\/schema\/person\/9fae605fc25b0f2c83c1ab207139bd27"},"headline":"El Ayuntamiento de Lorca cede el estadio Francisco Art\u00e9s Carrasco al Alhama CF F\u00e9minas para la\u00a0temporada 2025\/2026","datePublished":"2025-07-18T16:20:59+00:00","mainEntityOfPage":{"@id":"https:\/\/arealorcaradio.es\/index.php\/2025\/07\/18\/el-ayuntamiento-de-lorca-cede-el-estadio-francisco-artes-carrasco-al-alhama-cf-feminas-para-la-temporada-2025-2026\/"},"wordCount":378,"commentCount":0,"image":{"@id":"https:\/\/arealorcaradio.es\/index.php\/2025\/07\/18\/el-ayuntamiento-de-lorca-cede-el-estadio-francisco-artes-carrasco-al-alhama-cf-feminas-para-la-temporada-2025-2026\/#primaryimage"},"thumbnailUrl":"https:\/\/arealorcaradio.es\/wp-content\/uploads\/2025\/07\/FOTO2-27.jpeg","articleSection":["DEPORTES","LORCA"],"inLanguage":"es","potentialAction":[{"@type":"CommentAction","name":"Comment","target":["https:\/\/arealorcaradio.es\/index.php\/2025\/07\/18\/el-ayuntamiento-de-lorca-cede-el-estadio-francisco-artes-carrasco-al-alhama-cf-feminas-para-la-temporada-2025-2026\/#respond"]}]},{"@type":"WebPage","@id":"https:\/\/arealorcaradio.es\/index.php\/2025\/07\/18\/el-ayuntamiento-de-lorca-cede-el-estadio-francisco-artes-carrasco-al-alhama-cf-feminas-para-la-temporada-2025-2026\/","url":"https:\/\/arealorcaradio.es\/index.php\/2025\/07\/18\/el-ayuntamiento-de-lorca-cede-el-estadio-francisco-artes-carrasco-al-alhama-cf-feminas-para-la-temporada-2025-2026\/","name":"El Ayuntamiento de Lorca cede el estadio Francisco Art\u00e9s Carrasco al Alhama CF F\u00e9minas para la\u00a0temporada 2025\/2026 - AREA LORCA RADIO","isPartOf":{"@id":"https:\/\/arealorcaradio.es\/#website"},"primaryImageOfPage":{"@id":"https:\/\/arealorcaradio.es\/index.php\/2025\/07\/18\/el-ayuntamiento-de-lorca-cede-el-estadio-francisco-artes-carrasco-al-alhama-cf-feminas-para-la-temporada-2025-2026\/#primaryimage"},"image":{"@id":"https:\/\/arealorcaradio.es\/index.php\/2025\/07\/18\/el-ayuntamiento-de-lorca-cede-el-estadio-francisco-artes-carrasco-al-alhama-cf-feminas-para-la-temporada-2025-2026\/#primaryimage"},"thumbnailUrl":"https:\/\/arealorcaradio.es\/wp-content\/uploads\/2025\/07\/FOTO2-27.jpeg","datePublished":"2025-07-18T16:20:59+00:00","author":{"@id":"https:\/\/arealorcaradio.es\/#\/schema\/person\/9fae605fc25b0f2c83c1ab207139bd27"},"breadcrumb":{"@id":"https:\/\/arealorcaradio.es\/index.php\/2025\/07\/18\/el-ayuntamiento-de-lorca-cede-el-estadio-francisco-artes-carrasco-al-alhama-cf-feminas-para-la-temporada-2025-2026\/#breadcrumb"},"inLanguage":"es","potentialAction":[{"@type":"ReadAction","target":["https:\/\/arealorcaradio.es\/index.php\/2025\/07\/18\/el-ayuntamiento-de-lorca-cede-el-estadio-francisco-artes-carrasco-al-alhama-cf-feminas-para-la-temporada-2025-2026\/"]}]},{"@type":"ImageObject","inLanguage":"es","@id":"https:\/\/arealorcaradio.es\/index.php\/2025\/07\/18\/el-ayuntamiento-de-lorca-cede-el-estadio-francisco-artes-carrasco-al-alhama-cf-feminas-para-la-temporada-2025-2026\/#primaryimage","url":"https:\/\/arealorcaradio.es\/wp-content\/uploads\/2025\/07\/FOTO2-27.jpeg","contentUrl":"https:\/\/arealorcaradio.es\/wp-content\/uploads\/2025\/07\/FOTO2-27.jpeg","width":1600,"height":1200},{"@type":"BreadcrumbList","@id":"https:\/\/arealorcaradio.es\/index.php\/2025\/07\/18\/el-ayuntamiento-de-lorca-cede-el-estadio-francisco-artes-carrasco-al-alhama-cf-feminas-para-la-temporada-2025-2026\/#breadcrumb","itemListElement":[{"@type":"ListItem","position":1,"name":"Portada","item":"https:\/\/arealorcaradio.es\/"},{"@type":"ListItem","position":2,"name":"El Ayuntamiento de Lorca cede el estadio Francisco Art\u00e9s Carrasco al Alhama CF F\u00e9minas para la\u00a0temporada 2025\/2026"}]},{"@type":"WebSite","@id":"https:\/\/arealorcaradio.es\/#website","url":"https:\/\/arealorcaradio.es\/","name":"AREA LORCA RADIO","description":"Descubre la programaci\u00f3n actual en \u00c1rea Lorca Radio, tu fuente de entrenamiento y noticias locales. Sintoniza ahora y mantente conectado online.","potentialAction":[{"@type":"SearchAction","target":{"@type":"EntryPoint","urlTemplate":"https:\/\/arealorcaradio.es\/?s={search_term_string}"},"query-input":{"@type":"PropertyValueSpecification","valueRequired":true,"valueName":"search_term_string"}}],"inLanguage":"es"},{"@type":"Person","@id":"https:\/\/arealorcaradio.es\/#\/schema\/person\/9fae605fc25b0f2c83c1ab207139bd27","name":"Paco S\u00e1nchez","image":{"@type":"ImageObject","inLanguage":"es","@id":"https:\/\/secure.gravatar.com\/avatar\/d67144e966420fb74aa84c9f2a0103be4724fd14db52b52d3b6bca749f257e79?s=96&d=mm&r=g","url":"https:\/\/secure.gravatar.com\/avatar\/d67144e966420fb74aa84c9f2a0103be4724fd14db52b52d3b6bca749f257e79?s=96&d=mm&r=g","contentUrl":"https:\/\/secure.gravatar.com\/avatar\/d67144e966420fb74aa84c9f2a0103be4724fd14db52b52d3b6bca749f257e79?s=96&d=mm&r=g","caption":"Paco S\u00e1nchez"},"sameAs":["https:\/\/arealorcaradio.es"],"url":"https:\/\/arealorcaradio.es\/index.php\/author\/admin_alorcaradio\/"}]}},"_links":{"self":[{"href":"https:\/\/arealorcaradio.es\/index.php\/wp-json\/wp\/v2\/posts\/7364","targetHints":{"allow":["GET"]}}],"collection":[{"href":"https:\/\/arealorcaradio.es\/index.php\/wp-json\/wp\/v2\/posts"}],"about":[{"href":"https:\/\/arealorcaradio.es\/index.php\/wp-json\/wp\/v2\/types\/post"}],"author":[{"embeddable":true,"href":"https:\/\/arealorcaradio.es\/index.php\/wp-json\/wp\/v2\/users\/1"}],"replies":[{"embeddable":true,"href":"https:\/\/arealorcaradio.es\/index.php\/wp-json\/wp\/v2\/comments?post=7364"}],"version-history":[{"count":2,"href":"https:\/\/arealorcaradio.es\/index.php\/wp-json\/wp\/v2\/posts\/7364\/revisions"}],"predecessor-version":[{"id":7373,"href":"https:\/\/arealorcaradio.es\/index.php\/wp-json\/wp\/v2\/posts\/7364\/revisions\/7373"}],"wp:featuredmedia":[{"embeddable":true,"href":"https:\/\/arealorcaradio.es\/index.php\/wp-json\/wp\/v2\/media\/7366"}],"wp:attachment":[{"href":"https:\/\/arealorcaradio.es\/index.php\/wp-json\/wp\/v2\/media?parent=7364"}],"wp:term":[{"taxonomy":"category","embeddable":true,"href":"https:\/\/arealorcaradio.es\/index.php\/wp-json\/wp\/v2\/categories?post=7364"},{"taxonomy":"post_tag","embeddable":true,"href":"https:\/\/arealorcaradio.es\/index.php\/wp-json\/wp\/v2\/tags?post=7364"}],"curies":[{"name":"wp","href":"https:\/\/api.w.org\/{rel}","templated":true}]}}