{"id":7346,"date":"2025-07-17T22:00:17","date_gmt":"2025-07-17T22:00:17","guid":{"rendered":"https:\/\/arealorcaradio.es\/?p=7346"},"modified":"2025-07-17T22:00:17","modified_gmt":"2025-07-17T22:00:17","slug":"francisco-ibanez-empezamos-una-nueva-etapa-con-muchas-ganas-e-ilusion-por-dar-un-salto-cualitativo-y-cuantitativo-para-nuestra-cofradia","status":"publish","type":"post","link":"https:\/\/arealorcaradio.es\/index.php\/2025\/07\/17\/francisco-ibanez-empezamos-una-nueva-etapa-con-muchas-ganas-e-ilusion-por-dar-un-salto-cualitativo-y-cuantitativo-para-nuestra-cofradia\/","title":{"rendered":"Francisco Ib\u00e1\u00f1ez: \u00abEmpezamos una nueva etapa con muchas ganas e ilusi\u00f3n por dar un salto cualitativo y cuantitativo para nuestra cofrad\u00eda\u00bb"},"content":{"rendered":"<p><strong>\u00c1REA LORCA RADIO. Semana Santa.<\/strong><\/p>\n<p>Escucha aqu\u00ed la entrevista que ha concedido el nuevo presidente del Paso Encarnado <strong>Francisco Ib\u00e1\u00f1ez Mart\u00ednez<\/strong> a Paco S\u00e1nchez en el magazine de \u00c1rea Lorca Radio donde ha expresado cuales son sus principales objetivos desde este momento ya como presidente de la Archicofrad\u00eda del Sant\u00edsimo Cristo de la Sangre.<\/p>\n<audio class=\"wp-audio-shortcode\" id=\"audio-7346-1\" preload=\"none\" style=\"width: 100%;\" controls=\"controls\"><source type=\"audio\/mpeg\" src=\"https:\/\/arealorcaradio.es\/wp-content\/uploads\/2025\/07\/170725-FRANCISCO-IBANEZ.-PTE-PASO-ENCARNADO.mp3?_=1\" \/><a href=\"https:\/\/arealorcaradio.es\/wp-content\/uploads\/2025\/07\/170725-FRANCISCO-IBANEZ.-PTE-PASO-ENCARNADO.mp3\">https:\/\/arealorcaradio.es\/wp-content\/uploads\/2025\/07\/170725-FRANCISCO-IBANEZ.-PTE-PASO-ENCARNADO.mp3<\/a><\/audio>\n<p><img loading=\"lazy\" decoding=\"async\" class=\"alignnone size-medium wp-image-7348\" src=\"https:\/\/arealorcaradio.es\/wp-content\/uploads\/2025\/07\/IMG-20250717-WA0030-300x256.jpg\" alt=\"\" width=\"300\" height=\"256\" srcset=\"https:\/\/arealorcaradio.es\/wp-content\/uploads\/2025\/07\/IMG-20250717-WA0030-300x256.jpg 300w, https:\/\/arealorcaradio.es\/wp-content\/uploads\/2025\/07\/IMG-20250717-WA0030-1024x874.jpg 1024w, https:\/\/arealorcaradio.es\/wp-content\/uploads\/2025\/07\/IMG-20250717-WA0030-768x655.jpg 768w, https:\/\/arealorcaradio.es\/wp-content\/uploads\/2025\/07\/IMG-20250717-WA0030.jpg 1179w\" sizes=\"auto, (max-width: 300px) 100vw, 300px\" \/><\/p>\n","protected":false},"excerpt":{"rendered":"<p>\u00c1REA LORCA RADIO. Semana Santa. Escucha aqu\u00ed la entrevista que ha concedido el nuevo presidente del Paso Encarnado Francisco Ib\u00e1\u00f1ez Mart\u00ednez a Paco S\u00e1nchez en el magazine de \u00c1rea Lorca Radio donde ha expresado cuales son sus principales objetivos desde este momento ya como presidente de la Archicofrad\u00eda del Sant\u00edsimo Cristo de la Sangre.<\/p>\n","protected":false},"author":1,"featured_media":7347,"comment_status":"open","ping_status":"open","sticky":false,"template":"","format":"standard","meta":{"iawp_total_views":35,"footnotes":""},"categories":[5,7],"tags":[],"class_list":["post-7346","post","type-post","status-publish","format-standard","has-post-thumbnail","hentry","category-actualidad","category-lorca"],"yoast_head":"<!-- This site is optimized with the Yoast SEO plugin v27.5 - https:\/\/yoast.com\/product\/yoast-seo-wordpress\/ -->\n<title>Francisco Ib\u00e1\u00f1ez: &quot;Empezamos una nueva etapa con muchas ganas e ilusi\u00f3n por dar un salto cualitativo y cuantitativo para nuestra cofrad\u00eda&quot; - AREA LORCA RADIO<\/title>\n<meta name=\"robots\" content=\"index, follow, max-snippet:-1, max-image-preview:large, max-video-preview:-1\" \/>\n<link rel=\"canonical\" href=\"https:\/\/arealorcaradio.es\/index.php\/2025\/07\/17\/francisco-ibanez-empezamos-una-nueva-etapa-con-muchas-ganas-e-ilusion-por-dar-un-salto-cualitativo-y-cuantitativo-para-nuestra-cofradia\/\" \/>\n<meta property=\"og:locale\" content=\"es_ES\" \/>\n<meta property=\"og:type\" content=\"article\" \/>\n<meta property=\"og:title\" content=\"Francisco Ib\u00e1\u00f1ez: &quot;Empezamos una nueva etapa con muchas ganas e ilusi\u00f3n por dar un salto cualitativo y cuantitativo para nuestra cofrad\u00eda&quot; - AREA LORCA RADIO\" \/>\n<meta property=\"og:description\" content=\"\u00c1REA LORCA RADIO. Semana Santa. Escucha aqu\u00ed la entrevista que ha concedido el nuevo presidente del Paso Encarnado Francisco Ib\u00e1\u00f1ez Mart\u00ednez a Paco S\u00e1nchez en el magazine de \u00c1rea Lorca Radio donde ha expresado cuales son sus principales objetivos desde este momento ya como presidente de la Archicofrad\u00eda del Sant\u00edsimo Cristo de la Sangre.\" \/>\n<meta property=\"og:url\" content=\"https:\/\/arealorcaradio.es\/index.php\/2025\/07\/17\/francisco-ibanez-empezamos-una-nueva-etapa-con-muchas-ganas-e-ilusion-por-dar-un-salto-cualitativo-y-cuantitativo-para-nuestra-cofradia\/\" \/>\n<meta property=\"og:site_name\" content=\"AREA LORCA RADIO\" \/>\n<meta property=\"article:published_time\" content=\"2025-07-17T22:00:17+00:00\" \/>\n<meta property=\"og:image\" content=\"https:\/\/arealorcaradio.es\/wp-content\/uploads\/2025\/07\/Paco-Ibanez.-Paso-Encarnado.webp\" \/>\n\t<meta property=\"og:image:width\" content=\"1200\" \/>\n\t<meta property=\"og:image:height\" content=\"675\" \/>\n\t<meta property=\"og:image:type\" content=\"image\/webp\" \/>\n<meta name=\"author\" content=\"Paco S\u00e1nchez\" \/>\n<meta name=\"twitter:card\" content=\"summary_large_image\" \/>\n<meta name=\"twitter:label1\" content=\"Escrito por\" \/>\n\t<meta name=\"twitter:data1\" content=\"Paco S\u00e1nchez\" \/>\n\t<meta name=\"twitter:label2\" content=\"Tiempo de lectura\" \/>\n\t<meta name=\"twitter:data2\" content=\"1 minuto\" \/>\n<script type=\"application\/ld+json\" class=\"yoast-schema-graph\">{\"@context\":\"https:\\\/\\\/schema.org\",\"@graph\":[{\"@type\":\"Article\",\"@id\":\"https:\\\/\\\/arealorcaradio.es\\\/index.php\\\/2025\\\/07\\\/17\\\/francisco-ibanez-empezamos-una-nueva-etapa-con-muchas-ganas-e-ilusion-por-dar-un-salto-cualitativo-y-cuantitativo-para-nuestra-cofradia\\\/#article\",\"isPartOf\":{\"@id\":\"https:\\\/\\\/arealorcaradio.es\\\/index.php\\\/2025\\\/07\\\/17\\\/francisco-ibanez-empezamos-una-nueva-etapa-con-muchas-ganas-e-ilusion-por-dar-un-salto-cualitativo-y-cuantitativo-para-nuestra-cofradia\\\/\"},\"author\":{\"name\":\"Paco S\u00e1nchez\",\"@id\":\"https:\\\/\\\/arealorcaradio.es\\\/#\\\/schema\\\/person\\\/9fae605fc25b0f2c83c1ab207139bd27\"},\"headline\":\"Francisco Ib\u00e1\u00f1ez: \u00abEmpezamos una nueva etapa con muchas ganas e ilusi\u00f3n por dar un salto cualitativo y cuantitativo para nuestra cofrad\u00eda\u00bb\",\"datePublished\":\"2025-07-17T22:00:17+00:00\",\"mainEntityOfPage\":{\"@id\":\"https:\\\/\\\/arealorcaradio.es\\\/index.php\\\/2025\\\/07\\\/17\\\/francisco-ibanez-empezamos-una-nueva-etapa-con-muchas-ganas-e-ilusion-por-dar-un-salto-cualitativo-y-cuantitativo-para-nuestra-cofradia\\\/\"},\"wordCount\":94,\"commentCount\":0,\"image\":{\"@id\":\"https:\\\/\\\/arealorcaradio.es\\\/index.php\\\/2025\\\/07\\\/17\\\/francisco-ibanez-empezamos-una-nueva-etapa-con-muchas-ganas-e-ilusion-por-dar-un-salto-cualitativo-y-cuantitativo-para-nuestra-cofradia\\\/#primaryimage\"},\"thumbnailUrl\":\"https:\\\/\\\/arealorcaradio.es\\\/wp-content\\\/uploads\\\/2025\\\/07\\\/Paco-Ibanez.-Paso-Encarnado.webp\",\"articleSection\":[\"ACTUALIDAD\",\"LORCA\"],\"inLanguage\":\"es\",\"potentialAction\":[{\"@type\":\"CommentAction\",\"name\":\"Comment\",\"target\":[\"https:\\\/\\\/arealorcaradio.es\\\/index.php\\\/2025\\\/07\\\/17\\\/francisco-ibanez-empezamos-una-nueva-etapa-con-muchas-ganas-e-ilusion-por-dar-un-salto-cualitativo-y-cuantitativo-para-nuestra-cofradia\\\/#respond\"]}]},{\"@type\":\"WebPage\",\"@id\":\"https:\\\/\\\/arealorcaradio.es\\\/index.php\\\/2025\\\/07\\\/17\\\/francisco-ibanez-empezamos-una-nueva-etapa-con-muchas-ganas-e-ilusion-por-dar-un-salto-cualitativo-y-cuantitativo-para-nuestra-cofradia\\\/\",\"url\":\"https:\\\/\\\/arealorcaradio.es\\\/index.php\\\/2025\\\/07\\\/17\\\/francisco-ibanez-empezamos-una-nueva-etapa-con-muchas-ganas-e-ilusion-por-dar-un-salto-cualitativo-y-cuantitativo-para-nuestra-cofradia\\\/\",\"name\":\"Francisco Ib\u00e1\u00f1ez: \\\"Empezamos una nueva etapa con muchas ganas e ilusi\u00f3n por dar un salto cualitativo y cuantitativo para nuestra cofrad\u00eda\\\" - AREA LORCA RADIO\",\"isPartOf\":{\"@id\":\"https:\\\/\\\/arealorcaradio.es\\\/#website\"},\"primaryImageOfPage\":{\"@id\":\"https:\\\/\\\/arealorcaradio.es\\\/index.php\\\/2025\\\/07\\\/17\\\/francisco-ibanez-empezamos-una-nueva-etapa-con-muchas-ganas-e-ilusion-por-dar-un-salto-cualitativo-y-cuantitativo-para-nuestra-cofradia\\\/#primaryimage\"},\"image\":{\"@id\":\"https:\\\/\\\/arealorcaradio.es\\\/index.php\\\/2025\\\/07\\\/17\\\/francisco-ibanez-empezamos-una-nueva-etapa-con-muchas-ganas-e-ilusion-por-dar-un-salto-cualitativo-y-cuantitativo-para-nuestra-cofradia\\\/#primaryimage\"},\"thumbnailUrl\":\"https:\\\/\\\/arealorcaradio.es\\\/wp-content\\\/uploads\\\/2025\\\/07\\\/Paco-Ibanez.-Paso-Encarnado.webp\",\"datePublished\":\"2025-07-17T22:00:17+00:00\",\"author\":{\"@id\":\"https:\\\/\\\/arealorcaradio.es\\\/#\\\/schema\\\/person\\\/9fae605fc25b0f2c83c1ab207139bd27\"},\"breadcrumb\":{\"@id\":\"https:\\\/\\\/arealorcaradio.es\\\/index.php\\\/2025\\\/07\\\/17\\\/francisco-ibanez-empezamos-una-nueva-etapa-con-muchas-ganas-e-ilusion-por-dar-un-salto-cualitativo-y-cuantitativo-para-nuestra-cofradia\\\/#breadcrumb\"},\"inLanguage\":\"es\",\"potentialAction\":[{\"@type\":\"ReadAction\",\"target\":[\"https:\\\/\\\/arealorcaradio.es\\\/index.php\\\/2025\\\/07\\\/17\\\/francisco-ibanez-empezamos-una-nueva-etapa-con-muchas-ganas-e-ilusion-por-dar-un-salto-cualitativo-y-cuantitativo-para-nuestra-cofradia\\\/\"]}]},{\"@type\":\"ImageObject\",\"inLanguage\":\"es\",\"@id\":\"https:\\\/\\\/arealorcaradio.es\\\/index.php\\\/2025\\\/07\\\/17\\\/francisco-ibanez-empezamos-una-nueva-etapa-con-muchas-ganas-e-ilusion-por-dar-un-salto-cualitativo-y-cuantitativo-para-nuestra-cofradia\\\/#primaryimage\",\"url\":\"https:\\\/\\\/arealorcaradio.es\\\/wp-content\\\/uploads\\\/2025\\\/07\\\/Paco-Ibanez.-Paso-Encarnado.webp\",\"contentUrl\":\"https:\\\/\\\/arealorcaradio.es\\\/wp-content\\\/uploads\\\/2025\\\/07\\\/Paco-Ibanez.-Paso-Encarnado.webp\",\"width\":1200,\"height\":675},{\"@type\":\"BreadcrumbList\",\"@id\":\"https:\\\/\\\/arealorcaradio.es\\\/index.php\\\/2025\\\/07\\\/17\\\/francisco-ibanez-empezamos-una-nueva-etapa-con-muchas-ganas-e-ilusion-por-dar-un-salto-cualitativo-y-cuantitativo-para-nuestra-cofradia\\\/#breadcrumb\",\"itemListElement\":[{\"@type\":\"ListItem\",\"position\":1,\"name\":\"Portada\",\"item\":\"https:\\\/\\\/arealorcaradio.es\\\/\"},{\"@type\":\"ListItem\",\"position\":2,\"name\":\"Francisco Ib\u00e1\u00f1ez: \u00abEmpezamos una nueva etapa con muchas ganas e ilusi\u00f3n por dar un salto cualitativo y cuantitativo para nuestra cofrad\u00eda\u00bb\"}]},{\"@type\":\"WebSite\",\"@id\":\"https:\\\/\\\/arealorcaradio.es\\\/#website\",\"url\":\"https:\\\/\\\/arealorcaradio.es\\\/\",\"name\":\"AREA LORCA RADIO\",\"description\":\"Descubre la programaci\u00f3n actual en \u00c1rea Lorca Radio, tu fuente de entrenamiento y noticias locales. Sintoniza ahora y mantente conectado online.\",\"potentialAction\":[{\"@type\":\"SearchAction\",\"target\":{\"@type\":\"EntryPoint\",\"urlTemplate\":\"https:\\\/\\\/arealorcaradio.es\\\/?s={search_term_string}\"},\"query-input\":{\"@type\":\"PropertyValueSpecification\",\"valueRequired\":true,\"valueName\":\"search_term_string\"}}],\"inLanguage\":\"es\"},{\"@type\":\"Person\",\"@id\":\"https:\\\/\\\/arealorcaradio.es\\\/#\\\/schema\\\/person\\\/9fae605fc25b0f2c83c1ab207139bd27\",\"name\":\"Paco S\u00e1nchez\",\"image\":{\"@type\":\"ImageObject\",\"inLanguage\":\"es\",\"@id\":\"https:\\\/\\\/secure.gravatar.com\\\/avatar\\\/d67144e966420fb74aa84c9f2a0103be4724fd14db52b52d3b6bca749f257e79?s=96&d=mm&r=g\",\"url\":\"https:\\\/\\\/secure.gravatar.com\\\/avatar\\\/d67144e966420fb74aa84c9f2a0103be4724fd14db52b52d3b6bca749f257e79?s=96&d=mm&r=g\",\"contentUrl\":\"https:\\\/\\\/secure.gravatar.com\\\/avatar\\\/d67144e966420fb74aa84c9f2a0103be4724fd14db52b52d3b6bca749f257e79?s=96&d=mm&r=g\",\"caption\":\"Paco S\u00e1nchez\"},\"sameAs\":[\"https:\\\/\\\/arealorcaradio.es\"],\"url\":\"https:\\\/\\\/arealorcaradio.es\\\/index.php\\\/author\\\/admin_alorcaradio\\\/\"}]}<\/script>\n<!-- \/ Yoast SEO plugin. -->","yoast_head_json":{"title":"Francisco Ib\u00e1\u00f1ez: \"Empezamos una nueva etapa con muchas ganas e ilusi\u00f3n por dar un salto cualitativo y cuantitativo para nuestra cofrad\u00eda\" - AREA LORCA RADIO","robots":{"index":"index","follow":"follow","max-snippet":"max-snippet:-1","max-image-preview":"max-image-preview:large","max-video-preview":"max-video-preview:-1"},"canonical":"https:\/\/arealorcaradio.es\/index.php\/2025\/07\/17\/francisco-ibanez-empezamos-una-nueva-etapa-con-muchas-ganas-e-ilusion-por-dar-un-salto-cualitativo-y-cuantitativo-para-nuestra-cofradia\/","og_locale":"es_ES","og_type":"article","og_title":"Francisco Ib\u00e1\u00f1ez: \"Empezamos una nueva etapa con muchas ganas e ilusi\u00f3n por dar un salto cualitativo y cuantitativo para nuestra cofrad\u00eda\" - AREA LORCA RADIO","og_description":"\u00c1REA LORCA RADIO. Semana Santa. Escucha aqu\u00ed la entrevista que ha concedido el nuevo presidente del Paso Encarnado Francisco Ib\u00e1\u00f1ez Mart\u00ednez a Paco S\u00e1nchez en el magazine de \u00c1rea Lorca Radio donde ha expresado cuales son sus principales objetivos desde este momento ya como presidente de la Archicofrad\u00eda del Sant\u00edsimo Cristo de la Sangre.","og_url":"https:\/\/arealorcaradio.es\/index.php\/2025\/07\/17\/francisco-ibanez-empezamos-una-nueva-etapa-con-muchas-ganas-e-ilusion-por-dar-un-salto-cualitativo-y-cuantitativo-para-nuestra-cofradia\/","og_site_name":"AREA LORCA RADIO","article_published_time":"2025-07-17T22:00:17+00:00","og_image":[{"width":1200,"height":675,"url":"https:\/\/arealorcaradio.es\/wp-content\/uploads\/2025\/07\/Paco-Ibanez.-Paso-Encarnado.webp","type":"image\/webp"}],"author":"Paco S\u00e1nchez","twitter_card":"summary_large_image","twitter_misc":{"Escrito por":"Paco S\u00e1nchez","Tiempo de lectura":"1 minuto"},"schema":{"@context":"https:\/\/schema.org","@graph":[{"@type":"Article","@id":"https:\/\/arealorcaradio.es\/index.php\/2025\/07\/17\/francisco-ibanez-empezamos-una-nueva-etapa-con-muchas-ganas-e-ilusion-por-dar-un-salto-cualitativo-y-cuantitativo-para-nuestra-cofradia\/#article","isPartOf":{"@id":"https:\/\/arealorcaradio.es\/index.php\/2025\/07\/17\/francisco-ibanez-empezamos-una-nueva-etapa-con-muchas-ganas-e-ilusion-por-dar-un-salto-cualitativo-y-cuantitativo-para-nuestra-cofradia\/"},"author":{"name":"Paco S\u00e1nchez","@id":"https:\/\/arealorcaradio.es\/#\/schema\/person\/9fae605fc25b0f2c83c1ab207139bd27"},"headline":"Francisco Ib\u00e1\u00f1ez: \u00abEmpezamos una nueva etapa con muchas ganas e ilusi\u00f3n por dar un salto cualitativo y cuantitativo para nuestra cofrad\u00eda\u00bb","datePublished":"2025-07-17T22:00:17+00:00","mainEntityOfPage":{"@id":"https:\/\/arealorcaradio.es\/index.php\/2025\/07\/17\/francisco-ibanez-empezamos-una-nueva-etapa-con-muchas-ganas-e-ilusion-por-dar-un-salto-cualitativo-y-cuantitativo-para-nuestra-cofradia\/"},"wordCount":94,"commentCount":0,"image":{"@id":"https:\/\/arealorcaradio.es\/index.php\/2025\/07\/17\/francisco-ibanez-empezamos-una-nueva-etapa-con-muchas-ganas-e-ilusion-por-dar-un-salto-cualitativo-y-cuantitativo-para-nuestra-cofradia\/#primaryimage"},"thumbnailUrl":"https:\/\/arealorcaradio.es\/wp-content\/uploads\/2025\/07\/Paco-Ibanez.-Paso-Encarnado.webp","articleSection":["ACTUALIDAD","LORCA"],"inLanguage":"es","potentialAction":[{"@type":"CommentAction","name":"Comment","target":["https:\/\/arealorcaradio.es\/index.php\/2025\/07\/17\/francisco-ibanez-empezamos-una-nueva-etapa-con-muchas-ganas-e-ilusion-por-dar-un-salto-cualitativo-y-cuantitativo-para-nuestra-cofradia\/#respond"]}]},{"@type":"WebPage","@id":"https:\/\/arealorcaradio.es\/index.php\/2025\/07\/17\/francisco-ibanez-empezamos-una-nueva-etapa-con-muchas-ganas-e-ilusion-por-dar-un-salto-cualitativo-y-cuantitativo-para-nuestra-cofradia\/","url":"https:\/\/arealorcaradio.es\/index.php\/2025\/07\/17\/francisco-ibanez-empezamos-una-nueva-etapa-con-muchas-ganas-e-ilusion-por-dar-un-salto-cualitativo-y-cuantitativo-para-nuestra-cofradia\/","name":"Francisco Ib\u00e1\u00f1ez: \"Empezamos una nueva etapa con muchas ganas e ilusi\u00f3n por dar un salto cualitativo y cuantitativo para nuestra cofrad\u00eda\" - AREA LORCA RADIO","isPartOf":{"@id":"https:\/\/arealorcaradio.es\/#website"},"primaryImageOfPage":{"@id":"https:\/\/arealorcaradio.es\/index.php\/2025\/07\/17\/francisco-ibanez-empezamos-una-nueva-etapa-con-muchas-ganas-e-ilusion-por-dar-un-salto-cualitativo-y-cuantitativo-para-nuestra-cofradia\/#primaryimage"},"image":{"@id":"https:\/\/arealorcaradio.es\/index.php\/2025\/07\/17\/francisco-ibanez-empezamos-una-nueva-etapa-con-muchas-ganas-e-ilusion-por-dar-un-salto-cualitativo-y-cuantitativo-para-nuestra-cofradia\/#primaryimage"},"thumbnailUrl":"https:\/\/arealorcaradio.es\/wp-content\/uploads\/2025\/07\/Paco-Ibanez.-Paso-Encarnado.webp","datePublished":"2025-07-17T22:00:17+00:00","author":{"@id":"https:\/\/arealorcaradio.es\/#\/schema\/person\/9fae605fc25b0f2c83c1ab207139bd27"},"breadcrumb":{"@id":"https:\/\/arealorcaradio.es\/index.php\/2025\/07\/17\/francisco-ibanez-empezamos-una-nueva-etapa-con-muchas-ganas-e-ilusion-por-dar-un-salto-cualitativo-y-cuantitativo-para-nuestra-cofradia\/#breadcrumb"},"inLanguage":"es","potentialAction":[{"@type":"ReadAction","target":["https:\/\/arealorcaradio.es\/index.php\/2025\/07\/17\/francisco-ibanez-empezamos-una-nueva-etapa-con-muchas-ganas-e-ilusion-por-dar-un-salto-cualitativo-y-cuantitativo-para-nuestra-cofradia\/"]}]},{"@type":"ImageObject","inLanguage":"es","@id":"https:\/\/arealorcaradio.es\/index.php\/2025\/07\/17\/francisco-ibanez-empezamos-una-nueva-etapa-con-muchas-ganas-e-ilusion-por-dar-un-salto-cualitativo-y-cuantitativo-para-nuestra-cofradia\/#primaryimage","url":"https:\/\/arealorcaradio.es\/wp-content\/uploads\/2025\/07\/Paco-Ibanez.-Paso-Encarnado.webp","contentUrl":"https:\/\/arealorcaradio.es\/wp-content\/uploads\/2025\/07\/Paco-Ibanez.-Paso-Encarnado.webp","width":1200,"height":675},{"@type":"BreadcrumbList","@id":"https:\/\/arealorcaradio.es\/index.php\/2025\/07\/17\/francisco-ibanez-empezamos-una-nueva-etapa-con-muchas-ganas-e-ilusion-por-dar-un-salto-cualitativo-y-cuantitativo-para-nuestra-cofradia\/#breadcrumb","itemListElement":[{"@type":"ListItem","position":1,"name":"Portada","item":"https:\/\/arealorcaradio.es\/"},{"@type":"ListItem","position":2,"name":"Francisco Ib\u00e1\u00f1ez: \u00abEmpezamos una nueva etapa con muchas ganas e ilusi\u00f3n por dar un salto cualitativo y cuantitativo para nuestra cofrad\u00eda\u00bb"}]},{"@type":"WebSite","@id":"https:\/\/arealorcaradio.es\/#website","url":"https:\/\/arealorcaradio.es\/","name":"AREA LORCA RADIO","description":"Descubre la programaci\u00f3n actual en \u00c1rea Lorca Radio, tu fuente de entrenamiento y noticias locales. Sintoniza ahora y mantente conectado online.","potentialAction":[{"@type":"SearchAction","target":{"@type":"EntryPoint","urlTemplate":"https:\/\/arealorcaradio.es\/?s={search_term_string}"},"query-input":{"@type":"PropertyValueSpecification","valueRequired":true,"valueName":"search_term_string"}}],"inLanguage":"es"},{"@type":"Person","@id":"https:\/\/arealorcaradio.es\/#\/schema\/person\/9fae605fc25b0f2c83c1ab207139bd27","name":"Paco S\u00e1nchez","image":{"@type":"ImageObject","inLanguage":"es","@id":"https:\/\/secure.gravatar.com\/avatar\/d67144e966420fb74aa84c9f2a0103be4724fd14db52b52d3b6bca749f257e79?s=96&d=mm&r=g","url":"https:\/\/secure.gravatar.com\/avatar\/d67144e966420fb74aa84c9f2a0103be4724fd14db52b52d3b6bca749f257e79?s=96&d=mm&r=g","contentUrl":"https:\/\/secure.gravatar.com\/avatar\/d67144e966420fb74aa84c9f2a0103be4724fd14db52b52d3b6bca749f257e79?s=96&d=mm&r=g","caption":"Paco S\u00e1nchez"},"sameAs":["https:\/\/arealorcaradio.es"],"url":"https:\/\/arealorcaradio.es\/index.php\/author\/admin_alorcaradio\/"}]}},"_links":{"self":[{"href":"https:\/\/arealorcaradio.es\/index.php\/wp-json\/wp\/v2\/posts\/7346","targetHints":{"allow":["GET"]}}],"collection":[{"href":"https:\/\/arealorcaradio.es\/index.php\/wp-json\/wp\/v2\/posts"}],"about":[{"href":"https:\/\/arealorcaradio.es\/index.php\/wp-json\/wp\/v2\/types\/post"}],"author":[{"embeddable":true,"href":"https:\/\/arealorcaradio.es\/index.php\/wp-json\/wp\/v2\/users\/1"}],"replies":[{"embeddable":true,"href":"https:\/\/arealorcaradio.es\/index.php\/wp-json\/wp\/v2\/comments?post=7346"}],"version-history":[{"count":3,"href":"https:\/\/arealorcaradio.es\/index.php\/wp-json\/wp\/v2\/posts\/7346\/revisions"}],"predecessor-version":[{"id":7352,"href":"https:\/\/arealorcaradio.es\/index.php\/wp-json\/wp\/v2\/posts\/7346\/revisions\/7352"}],"wp:featuredmedia":[{"embeddable":true,"href":"https:\/\/arealorcaradio.es\/index.php\/wp-json\/wp\/v2\/media\/7347"}],"wp:attachment":[{"href":"https:\/\/arealorcaradio.es\/index.php\/wp-json\/wp\/v2\/media?parent=7346"}],"wp:term":[{"taxonomy":"category","embeddable":true,"href":"https:\/\/arealorcaradio.es\/index.php\/wp-json\/wp\/v2\/categories?post=7346"},{"taxonomy":"post_tag","embeddable":true,"href":"https:\/\/arealorcaradio.es\/index.php\/wp-json\/wp\/v2\/tags?post=7346"}],"curies":[{"name":"wp","href":"https:\/\/api.w.org\/{rel}","templated":true}]}}