{"id":7342,"date":"2025-07-17T12:03:07","date_gmt":"2025-07-17T12:03:07","guid":{"rendered":"https:\/\/arealorcaradio.es\/?p=7342"},"modified":"2025-07-17T12:03:07","modified_gmt":"2025-07-17T12:03:07","slug":"una-compania-de-microbiotecnologia-para-mejorar-la-salud-del-suelo-gana-la-xiii-edicion-del-certamen-de-iniciativas-empresariales-ciudad-de-lorca","status":"publish","type":"post","link":"https:\/\/arealorcaradio.es\/index.php\/2025\/07\/17\/una-compania-de-microbiotecnologia-para-mejorar-la-salud-del-suelo-gana-la-xiii-edicion-del-certamen-de-iniciativas-empresariales-ciudad-de-lorca\/","title":{"rendered":"Una compa\u00f1\u00eda de microbiotecnolog\u00eda para mejorar la salud del suelo, gana la XIII edici\u00f3n del Certamen de Iniciativas Empresariales Ciudad de Lorca"},"content":{"rendered":"<p><strong>\u00c1REA LORCA RADIO. Reconocimientos.<\/strong><\/p>\n<p class=\"v1MsoNormal\"><b>Jueves, 17 de julio de 2025.\u00a0<\/b>Symbiontics Developments, una empresa que se dedica a la actividad econ\u00f3mica de microbiotecnolog\u00eda aplicada, se ha alzado este jueves con el primer premio del Certamen de Iniciativas Empresariales Ciudad de Lorca. Se trata de una compa\u00f1\u00eda para mejorar la salud del suelo, sobre todo de la agricultura, y promover el crecimiento de cultivos, as\u00ed como para lograr la biodegradaci\u00f3n de contaminantes en suelos y aguas.<\/p>\n<p class=\"v1MsoNormal\">\u00a0\u00a0\u00a0\u00a0\u00a0\u00a0\u00a0\u00a0\u00a0\u00a0\u00a0 El segundo premio ha sido para un centro de pilates especializado en el m\u00e9todo cl\u00e1sico. Y el tercero para una empresa que presta asesoramiento integral a empresas y particulares en los \u00e1mbitos mercantil, contable, fiscal y laboral. Recibir\u00e1n 6.000, 4.000 y 2.000 euros, respectivamente. \u00abSolidez, viabilidad, sostenibilidad, escalabilidad&#8230; son los criterios principales para impulsar una empresa. Emprender no es f\u00e1cil. Bien lo saben los participantes de esta edici\u00f3n, la n\u00famero 13, del Certamen de Iniciativas Empresariales Ciudad de Lorca que desde su creaci\u00f3n, en 1998, mantiene los objetivos que llevaron a su puesta en marcha, potenciar e impulsar proyectos empresariales que contribuyan al desarrollo econ\u00f3mico y social de nuestro municipio, fomentando la cultura empresarial y promoviendo y apoyando aquellas iniciativas innovadoras que apuestan por el fomento y la calidad de empleo\u00bb, ha afirmado este jueves el alcalde, Fulgencio Gil J\u00f3dar.<\/p>\n<p class=\"v1MsoNormal\"><img loading=\"lazy\" decoding=\"async\" class=\"alignnone size-medium wp-image-7343\" src=\"https:\/\/arealorcaradio.es\/wp-content\/uploads\/2025\/07\/WhatsApp-Image-2025-07-17-at-10.36.46-300x200.jpeg\" alt=\"\" width=\"300\" height=\"200\" srcset=\"https:\/\/arealorcaradio.es\/wp-content\/uploads\/2025\/07\/WhatsApp-Image-2025-07-17-at-10.36.46-300x200.jpeg 300w, https:\/\/arealorcaradio.es\/wp-content\/uploads\/2025\/07\/WhatsApp-Image-2025-07-17-at-10.36.46-1024x683.jpeg 1024w, https:\/\/arealorcaradio.es\/wp-content\/uploads\/2025\/07\/WhatsApp-Image-2025-07-17-at-10.36.46-768x512.jpeg 768w, https:\/\/arealorcaradio.es\/wp-content\/uploads\/2025\/07\/WhatsApp-Image-2025-07-17-at-10.36.46-1536x1024.jpeg 1536w, https:\/\/arealorcaradio.es\/wp-content\/uploads\/2025\/07\/WhatsApp-Image-2025-07-17-at-10.36.46-2048x1365.jpeg 2048w\" sizes=\"auto, (max-width: 300px) 100vw, 300px\" \/><\/p>\n<p class=\"v1MsoNormal\">\u00a0\u00a0\u00a0\u00a0\u00a0\u00a0\u00a0\u00a0\u00a0\u00a0\u00a0 En el certamen, de car\u00e1cter bienal, han podido participar aquellas empresas de nueva creaci\u00f3n que comenzaron su andadura entre el 1 de julio de 2022 y el 30 de junio de 2024, que no hubieran desarrollado la misma actividad o similar durante los 24 meses anteriores a la fecha 1 de julio de 2022. Pero tambi\u00e9n aquellas que han incorporado a sus negocios innovaciones en los procesos productivos o v\u00edas de comercializaci\u00f3n entre las fechas indicadas.<\/p>\n<p class=\"v1MsoNormal\">\u00a0\u00a0\u00a0\u00a0\u00a0\u00a0\u00a0\u00a0\u00a0\u00a0\u00a0 Y en el marco del 13 Certamen de Iniciativas Empresariales Ciudad de Lorca se presentaban seis propuestas que pretenden impulsar la creaci\u00f3n y relanzamiento de empresas de diferentes sectores. \u00abEl emprendimiento, el relanzamiento, son fundamentales en los tiempos que nos ocupan, pero especialmente en nuestra ciudad. El casco antiguo est\u00e1 inmerso en un proyecto para recuperar la &#8216;Vieja Ciudad&#8217;. Con la recuperaci\u00f3n de viviendas en ruinas y la reconstrucci\u00f3n de solares se pondr\u00e1n en valor decenas de bajos comerciales. Lugares estrat\u00e9gicos para la implantaci\u00f3n de nuevos negocios, como hemos comprobado, al formar parte de este enclave privilegiado algunas de las propuestas que han concurrido y que incluso ha logrado alzarse hasta lo m\u00e1s alto de estos galardones\u00bb, ha se\u00f1alado el alcalde.<\/p>\n<p class=\"v1MsoNormal\">\u00a0\u00a0\u00a0\u00a0\u00a0\u00a0\u00a0\u00a0\u00a0\u00a0\u00a0 Una empresa dedicada a la microbiolog\u00eda, un centro de ense\u00f1anza de ingl\u00e9s para ni\u00f1os, una consultora de comunicaci\u00f3n estrat\u00e9gica, una empresa de software y productos digitales, un estudio de Pilates y una asesor\u00eda de empresas, han puesto a prueba al jurado de expertos que en esta ocasi\u00f3n lo ha tenido verdaderamente dif\u00edcil para elegir a los ganadores, como ha destacado Gil J\u00f3dar, quien ha se\u00f1alado que \u00abfundar una empresa o negocio no es f\u00e1cil y mantenerla mucho menos, pero oportunidades como esta ayudan. No s\u00f3lo por la cuant\u00eda econ\u00f3mica, sino por la promoci\u00f3n y difusi\u00f3n que lleva consigo el Certamen de Iniciativas Empresariales Ciudad de Lorca\u00bb.<\/p>\n<p class=\"v1MsoNormal\">\u00a0\u00a0\u00a0\u00a0\u00a0\u00a0\u00a0\u00a0\u00a0\u00a0\u00a0 A todos los premiados les daba la enhorabuena. \u00abY a todos los participantes desearos suerte en esta andadura que comenz\u00e1is, aunque ya hab\u00e9is realizado un largo camino hasta situaros en este punto. Todos, sois no el futuro, sino el presente. Fundar una empresa o negocio no es f\u00e1cil y mantenerla en el tiempo, mucho m\u00e1s, pero desde el Ayuntamiento, a trav\u00e9s de la Concejal\u00eda de Desarrollo Local y Empleo os vamos a seguir prestando todo el apoyo que necesit\u00e9is, porque vuestro triunfo ser\u00e1 el triunfo de Lorca\u00bb, ha concluido.<\/p>\n<p class=\"v1MsoNormal\"><b>LOS GALARDONADOS:<\/b><\/p>\n<p class=\"v1MsoNormal\"><b>Primer premio.<\/b>\u00a0Symbiontics Developments, S. L. Francisco Jos\u00e9 Carmona \u00c1lvarez. 6.000 euros.<\/p>\n<p class=\"v1MsoNormal\"><b>Segundo premio.<\/b>\u00a0Origen Pilates. Jaime G\u00f3mez Carrillo. 4.000 euros.<\/p>\n<p class=\"v1MsoNormal\"><b>Tercer premio.<\/b>\u00a0P\u00e9rez Latorre Asesores, S. L. P. Juan Manuel P\u00e9rez Latorre. 2.000 euros.<\/p>\n","protected":false},"excerpt":{"rendered":"<p>\u00c1REA LORCA RADIO. Reconocimientos. Jueves, 17 de julio de 2025.\u00a0Symbiontics Developments, una empresa que se dedica a la actividad econ\u00f3mica de microbiotecnolog\u00eda aplicada, se ha alzado este jueves con el primer premio del Certamen de Iniciativas Empresariales Ciudad de Lorca. Se trata de una compa\u00f1\u00eda para mejorar la salud del suelo, sobre todo de la [&hellip;]<\/p>\n","protected":false},"author":1,"featured_media":7344,"comment_status":"open","ping_status":"open","sticky":false,"template":"","format":"standard","meta":{"iawp_total_views":6,"footnotes":""},"categories":[5,7],"tags":[],"class_list":["post-7342","post","type-post","status-publish","format-standard","has-post-thumbnail","hentry","category-actualidad","category-lorca"],"yoast_head":"<!-- This site is optimized with the Yoast SEO plugin v27.5 - https:\/\/yoast.com\/product\/yoast-seo-wordpress\/ -->\n<title>Una compa\u00f1\u00eda de microbiotecnolog\u00eda para mejorar la salud del suelo, gana la XIII edici\u00f3n del Certamen de Iniciativas Empresariales Ciudad de Lorca - AREA LORCA RADIO<\/title>\n<meta name=\"robots\" content=\"index, follow, max-snippet:-1, max-image-preview:large, max-video-preview:-1\" \/>\n<link rel=\"canonical\" href=\"https:\/\/arealorcaradio.es\/index.php\/2025\/07\/17\/una-compania-de-microbiotecnologia-para-mejorar-la-salud-del-suelo-gana-la-xiii-edicion-del-certamen-de-iniciativas-empresariales-ciudad-de-lorca\/\" \/>\n<meta property=\"og:locale\" content=\"es_ES\" \/>\n<meta property=\"og:type\" content=\"article\" \/>\n<meta property=\"og:title\" content=\"Una compa\u00f1\u00eda de microbiotecnolog\u00eda para mejorar la salud del suelo, gana la XIII edici\u00f3n del Certamen de Iniciativas Empresariales Ciudad de Lorca - AREA LORCA RADIO\" \/>\n<meta property=\"og:description\" content=\"\u00c1REA LORCA RADIO. Reconocimientos. Jueves, 17 de julio de 2025.\u00a0Symbiontics Developments, una empresa que se dedica a la actividad econ\u00f3mica de microbiotecnolog\u00eda aplicada, se ha alzado este jueves con el primer premio del Certamen de Iniciativas Empresariales Ciudad de Lorca. Se trata de una compa\u00f1\u00eda para mejorar la salud del suelo, sobre todo de la [&hellip;]\" \/>\n<meta property=\"og:url\" content=\"https:\/\/arealorcaradio.es\/index.php\/2025\/07\/17\/una-compania-de-microbiotecnologia-para-mejorar-la-salud-del-suelo-gana-la-xiii-edicion-del-certamen-de-iniciativas-empresariales-ciudad-de-lorca\/\" \/>\n<meta property=\"og:site_name\" content=\"AREA LORCA RADIO\" \/>\n<meta property=\"article:published_time\" content=\"2025-07-17T12:03:07+00:00\" \/>\n<meta property=\"og:image\" content=\"https:\/\/arealorcaradio.es\/wp-content\/uploads\/2025\/07\/WhatsApp-Image-2025-07-17-at-10.36.45-2-scaled.jpeg\" \/>\n\t<meta property=\"og:image:width\" content=\"2560\" \/>\n\t<meta property=\"og:image:height\" content=\"1707\" \/>\n\t<meta property=\"og:image:type\" content=\"image\/jpeg\" \/>\n<meta name=\"author\" content=\"Paco S\u00e1nchez\" \/>\n<meta name=\"twitter:card\" content=\"summary_large_image\" \/>\n<meta name=\"twitter:label1\" content=\"Escrito por\" \/>\n\t<meta name=\"twitter:data1\" content=\"Paco S\u00e1nchez\" \/>\n\t<meta name=\"twitter:label2\" content=\"Tiempo de lectura\" \/>\n\t<meta name=\"twitter:data2\" content=\"4 minutos\" \/>\n<script type=\"application\/ld+json\" class=\"yoast-schema-graph\">{\"@context\":\"https:\\\/\\\/schema.org\",\"@graph\":[{\"@type\":\"Article\",\"@id\":\"https:\\\/\\\/arealorcaradio.es\\\/index.php\\\/2025\\\/07\\\/17\\\/una-compania-de-microbiotecnologia-para-mejorar-la-salud-del-suelo-gana-la-xiii-edicion-del-certamen-de-iniciativas-empresariales-ciudad-de-lorca\\\/#article\",\"isPartOf\":{\"@id\":\"https:\\\/\\\/arealorcaradio.es\\\/index.php\\\/2025\\\/07\\\/17\\\/una-compania-de-microbiotecnologia-para-mejorar-la-salud-del-suelo-gana-la-xiii-edicion-del-certamen-de-iniciativas-empresariales-ciudad-de-lorca\\\/\"},\"author\":{\"name\":\"Paco S\u00e1nchez\",\"@id\":\"https:\\\/\\\/arealorcaradio.es\\\/#\\\/schema\\\/person\\\/9fae605fc25b0f2c83c1ab207139bd27\"},\"headline\":\"Una compa\u00f1\u00eda de microbiotecnolog\u00eda para mejorar la salud del suelo, gana la XIII edici\u00f3n del Certamen de Iniciativas Empresariales Ciudad de Lorca\",\"datePublished\":\"2025-07-17T12:03:07+00:00\",\"mainEntityOfPage\":{\"@id\":\"https:\\\/\\\/arealorcaradio.es\\\/index.php\\\/2025\\\/07\\\/17\\\/una-compania-de-microbiotecnologia-para-mejorar-la-salud-del-suelo-gana-la-xiii-edicion-del-certamen-de-iniciativas-empresariales-ciudad-de-lorca\\\/\"},\"wordCount\":704,\"commentCount\":0,\"image\":{\"@id\":\"https:\\\/\\\/arealorcaradio.es\\\/index.php\\\/2025\\\/07\\\/17\\\/una-compania-de-microbiotecnologia-para-mejorar-la-salud-del-suelo-gana-la-xiii-edicion-del-certamen-de-iniciativas-empresariales-ciudad-de-lorca\\\/#primaryimage\"},\"thumbnailUrl\":\"https:\\\/\\\/arealorcaradio.es\\\/wp-content\\\/uploads\\\/2025\\\/07\\\/WhatsApp-Image-2025-07-17-at-10.36.45-2-scaled.jpeg\",\"articleSection\":[\"ACTUALIDAD\",\"LORCA\"],\"inLanguage\":\"es\",\"potentialAction\":[{\"@type\":\"CommentAction\",\"name\":\"Comment\",\"target\":[\"https:\\\/\\\/arealorcaradio.es\\\/index.php\\\/2025\\\/07\\\/17\\\/una-compania-de-microbiotecnologia-para-mejorar-la-salud-del-suelo-gana-la-xiii-edicion-del-certamen-de-iniciativas-empresariales-ciudad-de-lorca\\\/#respond\"]}]},{\"@type\":\"WebPage\",\"@id\":\"https:\\\/\\\/arealorcaradio.es\\\/index.php\\\/2025\\\/07\\\/17\\\/una-compania-de-microbiotecnologia-para-mejorar-la-salud-del-suelo-gana-la-xiii-edicion-del-certamen-de-iniciativas-empresariales-ciudad-de-lorca\\\/\",\"url\":\"https:\\\/\\\/arealorcaradio.es\\\/index.php\\\/2025\\\/07\\\/17\\\/una-compania-de-microbiotecnologia-para-mejorar-la-salud-del-suelo-gana-la-xiii-edicion-del-certamen-de-iniciativas-empresariales-ciudad-de-lorca\\\/\",\"name\":\"Una compa\u00f1\u00eda de microbiotecnolog\u00eda para mejorar la salud del suelo, gana la XIII edici\u00f3n del Certamen de Iniciativas Empresariales Ciudad de Lorca - AREA LORCA RADIO\",\"isPartOf\":{\"@id\":\"https:\\\/\\\/arealorcaradio.es\\\/#website\"},\"primaryImageOfPage\":{\"@id\":\"https:\\\/\\\/arealorcaradio.es\\\/index.php\\\/2025\\\/07\\\/17\\\/una-compania-de-microbiotecnologia-para-mejorar-la-salud-del-suelo-gana-la-xiii-edicion-del-certamen-de-iniciativas-empresariales-ciudad-de-lorca\\\/#primaryimage\"},\"image\":{\"@id\":\"https:\\\/\\\/arealorcaradio.es\\\/index.php\\\/2025\\\/07\\\/17\\\/una-compania-de-microbiotecnologia-para-mejorar-la-salud-del-suelo-gana-la-xiii-edicion-del-certamen-de-iniciativas-empresariales-ciudad-de-lorca\\\/#primaryimage\"},\"thumbnailUrl\":\"https:\\\/\\\/arealorcaradio.es\\\/wp-content\\\/uploads\\\/2025\\\/07\\\/WhatsApp-Image-2025-07-17-at-10.36.45-2-scaled.jpeg\",\"datePublished\":\"2025-07-17T12:03:07+00:00\",\"author\":{\"@id\":\"https:\\\/\\\/arealorcaradio.es\\\/#\\\/schema\\\/person\\\/9fae605fc25b0f2c83c1ab207139bd27\"},\"breadcrumb\":{\"@id\":\"https:\\\/\\\/arealorcaradio.es\\\/index.php\\\/2025\\\/07\\\/17\\\/una-compania-de-microbiotecnologia-para-mejorar-la-salud-del-suelo-gana-la-xiii-edicion-del-certamen-de-iniciativas-empresariales-ciudad-de-lorca\\\/#breadcrumb\"},\"inLanguage\":\"es\",\"potentialAction\":[{\"@type\":\"ReadAction\",\"target\":[\"https:\\\/\\\/arealorcaradio.es\\\/index.php\\\/2025\\\/07\\\/17\\\/una-compania-de-microbiotecnologia-para-mejorar-la-salud-del-suelo-gana-la-xiii-edicion-del-certamen-de-iniciativas-empresariales-ciudad-de-lorca\\\/\"]}]},{\"@type\":\"ImageObject\",\"inLanguage\":\"es\",\"@id\":\"https:\\\/\\\/arealorcaradio.es\\\/index.php\\\/2025\\\/07\\\/17\\\/una-compania-de-microbiotecnologia-para-mejorar-la-salud-del-suelo-gana-la-xiii-edicion-del-certamen-de-iniciativas-empresariales-ciudad-de-lorca\\\/#primaryimage\",\"url\":\"https:\\\/\\\/arealorcaradio.es\\\/wp-content\\\/uploads\\\/2025\\\/07\\\/WhatsApp-Image-2025-07-17-at-10.36.45-2-scaled.jpeg\",\"contentUrl\":\"https:\\\/\\\/arealorcaradio.es\\\/wp-content\\\/uploads\\\/2025\\\/07\\\/WhatsApp-Image-2025-07-17-at-10.36.45-2-scaled.jpeg\",\"width\":2560,\"height\":1707},{\"@type\":\"BreadcrumbList\",\"@id\":\"https:\\\/\\\/arealorcaradio.es\\\/index.php\\\/2025\\\/07\\\/17\\\/una-compania-de-microbiotecnologia-para-mejorar-la-salud-del-suelo-gana-la-xiii-edicion-del-certamen-de-iniciativas-empresariales-ciudad-de-lorca\\\/#breadcrumb\",\"itemListElement\":[{\"@type\":\"ListItem\",\"position\":1,\"name\":\"Portada\",\"item\":\"https:\\\/\\\/arealorcaradio.es\\\/\"},{\"@type\":\"ListItem\",\"position\":2,\"name\":\"Una compa\u00f1\u00eda de microbiotecnolog\u00eda para mejorar la salud del suelo, gana la XIII edici\u00f3n del Certamen de Iniciativas Empresariales Ciudad de Lorca\"}]},{\"@type\":\"WebSite\",\"@id\":\"https:\\\/\\\/arealorcaradio.es\\\/#website\",\"url\":\"https:\\\/\\\/arealorcaradio.es\\\/\",\"name\":\"AREA LORCA RADIO\",\"description\":\"Descubre la programaci\u00f3n actual en \u00c1rea Lorca Radio, tu fuente de entrenamiento y noticias locales. Sintoniza ahora y mantente conectado online.\",\"potentialAction\":[{\"@type\":\"SearchAction\",\"target\":{\"@type\":\"EntryPoint\",\"urlTemplate\":\"https:\\\/\\\/arealorcaradio.es\\\/?s={search_term_string}\"},\"query-input\":{\"@type\":\"PropertyValueSpecification\",\"valueRequired\":true,\"valueName\":\"search_term_string\"}}],\"inLanguage\":\"es\"},{\"@type\":\"Person\",\"@id\":\"https:\\\/\\\/arealorcaradio.es\\\/#\\\/schema\\\/person\\\/9fae605fc25b0f2c83c1ab207139bd27\",\"name\":\"Paco S\u00e1nchez\",\"image\":{\"@type\":\"ImageObject\",\"inLanguage\":\"es\",\"@id\":\"https:\\\/\\\/secure.gravatar.com\\\/avatar\\\/d67144e966420fb74aa84c9f2a0103be4724fd14db52b52d3b6bca749f257e79?s=96&d=mm&r=g\",\"url\":\"https:\\\/\\\/secure.gravatar.com\\\/avatar\\\/d67144e966420fb74aa84c9f2a0103be4724fd14db52b52d3b6bca749f257e79?s=96&d=mm&r=g\",\"contentUrl\":\"https:\\\/\\\/secure.gravatar.com\\\/avatar\\\/d67144e966420fb74aa84c9f2a0103be4724fd14db52b52d3b6bca749f257e79?s=96&d=mm&r=g\",\"caption\":\"Paco S\u00e1nchez\"},\"sameAs\":[\"https:\\\/\\\/arealorcaradio.es\"],\"url\":\"https:\\\/\\\/arealorcaradio.es\\\/index.php\\\/author\\\/admin_alorcaradio\\\/\"}]}<\/script>\n<!-- \/ Yoast SEO plugin. -->","yoast_head_json":{"title":"Una compa\u00f1\u00eda de microbiotecnolog\u00eda para mejorar la salud del suelo, gana la XIII edici\u00f3n del Certamen de Iniciativas Empresariales Ciudad de Lorca - AREA LORCA RADIO","robots":{"index":"index","follow":"follow","max-snippet":"max-snippet:-1","max-image-preview":"max-image-preview:large","max-video-preview":"max-video-preview:-1"},"canonical":"https:\/\/arealorcaradio.es\/index.php\/2025\/07\/17\/una-compania-de-microbiotecnologia-para-mejorar-la-salud-del-suelo-gana-la-xiii-edicion-del-certamen-de-iniciativas-empresariales-ciudad-de-lorca\/","og_locale":"es_ES","og_type":"article","og_title":"Una compa\u00f1\u00eda de microbiotecnolog\u00eda para mejorar la salud del suelo, gana la XIII edici\u00f3n del Certamen de Iniciativas Empresariales Ciudad de Lorca - AREA LORCA RADIO","og_description":"\u00c1REA LORCA RADIO. Reconocimientos. Jueves, 17 de julio de 2025.\u00a0Symbiontics Developments, una empresa que se dedica a la actividad econ\u00f3mica de microbiotecnolog\u00eda aplicada, se ha alzado este jueves con el primer premio del Certamen de Iniciativas Empresariales Ciudad de Lorca. Se trata de una compa\u00f1\u00eda para mejorar la salud del suelo, sobre todo de la [&hellip;]","og_url":"https:\/\/arealorcaradio.es\/index.php\/2025\/07\/17\/una-compania-de-microbiotecnologia-para-mejorar-la-salud-del-suelo-gana-la-xiii-edicion-del-certamen-de-iniciativas-empresariales-ciudad-de-lorca\/","og_site_name":"AREA LORCA RADIO","article_published_time":"2025-07-17T12:03:07+00:00","og_image":[{"width":2560,"height":1707,"url":"https:\/\/arealorcaradio.es\/wp-content\/uploads\/2025\/07\/WhatsApp-Image-2025-07-17-at-10.36.45-2-scaled.jpeg","type":"image\/jpeg"}],"author":"Paco S\u00e1nchez","twitter_card":"summary_large_image","twitter_misc":{"Escrito por":"Paco S\u00e1nchez","Tiempo de lectura":"4 minutos"},"schema":{"@context":"https:\/\/schema.org","@graph":[{"@type":"Article","@id":"https:\/\/arealorcaradio.es\/index.php\/2025\/07\/17\/una-compania-de-microbiotecnologia-para-mejorar-la-salud-del-suelo-gana-la-xiii-edicion-del-certamen-de-iniciativas-empresariales-ciudad-de-lorca\/#article","isPartOf":{"@id":"https:\/\/arealorcaradio.es\/index.php\/2025\/07\/17\/una-compania-de-microbiotecnologia-para-mejorar-la-salud-del-suelo-gana-la-xiii-edicion-del-certamen-de-iniciativas-empresariales-ciudad-de-lorca\/"},"author":{"name":"Paco S\u00e1nchez","@id":"https:\/\/arealorcaradio.es\/#\/schema\/person\/9fae605fc25b0f2c83c1ab207139bd27"},"headline":"Una compa\u00f1\u00eda de microbiotecnolog\u00eda para mejorar la salud del suelo, gana la XIII edici\u00f3n del Certamen de Iniciativas Empresariales Ciudad de Lorca","datePublished":"2025-07-17T12:03:07+00:00","mainEntityOfPage":{"@id":"https:\/\/arealorcaradio.es\/index.php\/2025\/07\/17\/una-compania-de-microbiotecnologia-para-mejorar-la-salud-del-suelo-gana-la-xiii-edicion-del-certamen-de-iniciativas-empresariales-ciudad-de-lorca\/"},"wordCount":704,"commentCount":0,"image":{"@id":"https:\/\/arealorcaradio.es\/index.php\/2025\/07\/17\/una-compania-de-microbiotecnologia-para-mejorar-la-salud-del-suelo-gana-la-xiii-edicion-del-certamen-de-iniciativas-empresariales-ciudad-de-lorca\/#primaryimage"},"thumbnailUrl":"https:\/\/arealorcaradio.es\/wp-content\/uploads\/2025\/07\/WhatsApp-Image-2025-07-17-at-10.36.45-2-scaled.jpeg","articleSection":["ACTUALIDAD","LORCA"],"inLanguage":"es","potentialAction":[{"@type":"CommentAction","name":"Comment","target":["https:\/\/arealorcaradio.es\/index.php\/2025\/07\/17\/una-compania-de-microbiotecnologia-para-mejorar-la-salud-del-suelo-gana-la-xiii-edicion-del-certamen-de-iniciativas-empresariales-ciudad-de-lorca\/#respond"]}]},{"@type":"WebPage","@id":"https:\/\/arealorcaradio.es\/index.php\/2025\/07\/17\/una-compania-de-microbiotecnologia-para-mejorar-la-salud-del-suelo-gana-la-xiii-edicion-del-certamen-de-iniciativas-empresariales-ciudad-de-lorca\/","url":"https:\/\/arealorcaradio.es\/index.php\/2025\/07\/17\/una-compania-de-microbiotecnologia-para-mejorar-la-salud-del-suelo-gana-la-xiii-edicion-del-certamen-de-iniciativas-empresariales-ciudad-de-lorca\/","name":"Una compa\u00f1\u00eda de microbiotecnolog\u00eda para mejorar la salud del suelo, gana la XIII edici\u00f3n del Certamen de Iniciativas Empresariales Ciudad de Lorca - AREA LORCA RADIO","isPartOf":{"@id":"https:\/\/arealorcaradio.es\/#website"},"primaryImageOfPage":{"@id":"https:\/\/arealorcaradio.es\/index.php\/2025\/07\/17\/una-compania-de-microbiotecnologia-para-mejorar-la-salud-del-suelo-gana-la-xiii-edicion-del-certamen-de-iniciativas-empresariales-ciudad-de-lorca\/#primaryimage"},"image":{"@id":"https:\/\/arealorcaradio.es\/index.php\/2025\/07\/17\/una-compania-de-microbiotecnologia-para-mejorar-la-salud-del-suelo-gana-la-xiii-edicion-del-certamen-de-iniciativas-empresariales-ciudad-de-lorca\/#primaryimage"},"thumbnailUrl":"https:\/\/arealorcaradio.es\/wp-content\/uploads\/2025\/07\/WhatsApp-Image-2025-07-17-at-10.36.45-2-scaled.jpeg","datePublished":"2025-07-17T12:03:07+00:00","author":{"@id":"https:\/\/arealorcaradio.es\/#\/schema\/person\/9fae605fc25b0f2c83c1ab207139bd27"},"breadcrumb":{"@id":"https:\/\/arealorcaradio.es\/index.php\/2025\/07\/17\/una-compania-de-microbiotecnologia-para-mejorar-la-salud-del-suelo-gana-la-xiii-edicion-del-certamen-de-iniciativas-empresariales-ciudad-de-lorca\/#breadcrumb"},"inLanguage":"es","potentialAction":[{"@type":"ReadAction","target":["https:\/\/arealorcaradio.es\/index.php\/2025\/07\/17\/una-compania-de-microbiotecnologia-para-mejorar-la-salud-del-suelo-gana-la-xiii-edicion-del-certamen-de-iniciativas-empresariales-ciudad-de-lorca\/"]}]},{"@type":"ImageObject","inLanguage":"es","@id":"https:\/\/arealorcaradio.es\/index.php\/2025\/07\/17\/una-compania-de-microbiotecnologia-para-mejorar-la-salud-del-suelo-gana-la-xiii-edicion-del-certamen-de-iniciativas-empresariales-ciudad-de-lorca\/#primaryimage","url":"https:\/\/arealorcaradio.es\/wp-content\/uploads\/2025\/07\/WhatsApp-Image-2025-07-17-at-10.36.45-2-scaled.jpeg","contentUrl":"https:\/\/arealorcaradio.es\/wp-content\/uploads\/2025\/07\/WhatsApp-Image-2025-07-17-at-10.36.45-2-scaled.jpeg","width":2560,"height":1707},{"@type":"BreadcrumbList","@id":"https:\/\/arealorcaradio.es\/index.php\/2025\/07\/17\/una-compania-de-microbiotecnologia-para-mejorar-la-salud-del-suelo-gana-la-xiii-edicion-del-certamen-de-iniciativas-empresariales-ciudad-de-lorca\/#breadcrumb","itemListElement":[{"@type":"ListItem","position":1,"name":"Portada","item":"https:\/\/arealorcaradio.es\/"},{"@type":"ListItem","position":2,"name":"Una compa\u00f1\u00eda de microbiotecnolog\u00eda para mejorar la salud del suelo, gana la XIII edici\u00f3n del Certamen de Iniciativas Empresariales Ciudad de Lorca"}]},{"@type":"WebSite","@id":"https:\/\/arealorcaradio.es\/#website","url":"https:\/\/arealorcaradio.es\/","name":"AREA LORCA RADIO","description":"Descubre la programaci\u00f3n actual en \u00c1rea Lorca Radio, tu fuente de entrenamiento y noticias locales. Sintoniza ahora y mantente conectado online.","potentialAction":[{"@type":"SearchAction","target":{"@type":"EntryPoint","urlTemplate":"https:\/\/arealorcaradio.es\/?s={search_term_string}"},"query-input":{"@type":"PropertyValueSpecification","valueRequired":true,"valueName":"search_term_string"}}],"inLanguage":"es"},{"@type":"Person","@id":"https:\/\/arealorcaradio.es\/#\/schema\/person\/9fae605fc25b0f2c83c1ab207139bd27","name":"Paco S\u00e1nchez","image":{"@type":"ImageObject","inLanguage":"es","@id":"https:\/\/secure.gravatar.com\/avatar\/d67144e966420fb74aa84c9f2a0103be4724fd14db52b52d3b6bca749f257e79?s=96&d=mm&r=g","url":"https:\/\/secure.gravatar.com\/avatar\/d67144e966420fb74aa84c9f2a0103be4724fd14db52b52d3b6bca749f257e79?s=96&d=mm&r=g","contentUrl":"https:\/\/secure.gravatar.com\/avatar\/d67144e966420fb74aa84c9f2a0103be4724fd14db52b52d3b6bca749f257e79?s=96&d=mm&r=g","caption":"Paco S\u00e1nchez"},"sameAs":["https:\/\/arealorcaradio.es"],"url":"https:\/\/arealorcaradio.es\/index.php\/author\/admin_alorcaradio\/"}]}},"_links":{"self":[{"href":"https:\/\/arealorcaradio.es\/index.php\/wp-json\/wp\/v2\/posts\/7342","targetHints":{"allow":["GET"]}}],"collection":[{"href":"https:\/\/arealorcaradio.es\/index.php\/wp-json\/wp\/v2\/posts"}],"about":[{"href":"https:\/\/arealorcaradio.es\/index.php\/wp-json\/wp\/v2\/types\/post"}],"author":[{"embeddable":true,"href":"https:\/\/arealorcaradio.es\/index.php\/wp-json\/wp\/v2\/users\/1"}],"replies":[{"embeddable":true,"href":"https:\/\/arealorcaradio.es\/index.php\/wp-json\/wp\/v2\/comments?post=7342"}],"version-history":[{"count":1,"href":"https:\/\/arealorcaradio.es\/index.php\/wp-json\/wp\/v2\/posts\/7342\/revisions"}],"predecessor-version":[{"id":7345,"href":"https:\/\/arealorcaradio.es\/index.php\/wp-json\/wp\/v2\/posts\/7342\/revisions\/7345"}],"wp:featuredmedia":[{"embeddable":true,"href":"https:\/\/arealorcaradio.es\/index.php\/wp-json\/wp\/v2\/media\/7344"}],"wp:attachment":[{"href":"https:\/\/arealorcaradio.es\/index.php\/wp-json\/wp\/v2\/media?parent=7342"}],"wp:term":[{"taxonomy":"category","embeddable":true,"href":"https:\/\/arealorcaradio.es\/index.php\/wp-json\/wp\/v2\/categories?post=7342"},{"taxonomy":"post_tag","embeddable":true,"href":"https:\/\/arealorcaradio.es\/index.php\/wp-json\/wp\/v2\/tags?post=7342"}],"curies":[{"name":"wp","href":"https:\/\/api.w.org\/{rel}","templated":true}]}}