{"id":7333,"date":"2025-07-16T15:47:37","date_gmt":"2025-07-16T15:47:37","guid":{"rendered":"https:\/\/arealorcaradio.es\/?p=7333"},"modified":"2025-07-16T15:47:37","modified_gmt":"2025-07-16T15:47:37","slug":"el-pp-de-lorca-presentara-una-mocion-al-pleno-para-apoyar-la-iniciativa-parlamentaria-de-modificacion-de-la-ley-de-costar-y-exigir-al-gobierno-de-espana-la-paralizacion-de-los-procesos-de-derribo","status":"publish","type":"post","link":"https:\/\/arealorcaradio.es\/index.php\/2025\/07\/16\/el-pp-de-lorca-presentara-una-mocion-al-pleno-para-apoyar-la-iniciativa-parlamentaria-de-modificacion-de-la-ley-de-costar-y-exigir-al-gobierno-de-espana-la-paralizacion-de-los-procesos-de-derribo\/","title":{"rendered":"El PP de Lorca presentar\u00e1 una moci\u00f3n al Pleno para apoyar la iniciativa parlamentaria de modificaci\u00f3n de la Ley de Costar y exigir al Gobierno de Espa\u00f1a la paralizaci\u00f3n de los procesos de derribo"},"content":{"rendered":"<p><strong>\u00c1REA LORCA RADIO. Costas.<\/strong><\/p>\n<p class=\"v1MsoNormal\"><b>16 julio, 2025.-<\/b>\u00a0\u00a0El alcalde y presidente del Partido Popular de Lorca, Fulgencio Gil J\u00f3dar, ha mantenido este mi\u00e9rcoles un encuentro de trabajo con representantes de la Plataforma de Afectados del poblado de Puntas de Calnegre y vecinos de la zona con el objetivo de informarles sobre las iniciativas parlamentarias que el PP est\u00e1 desarrollando en el Ayuntamiento de Lorca, en el Congreso de los Diputados y en el Senado para salvaguardar este enclave hist\u00f3rico y tradicional del litoral lorquino.<\/p>\n<p class=\"v1MsoNormal\">Durante la reuni\u00f3n, a la que tambi\u00e9n han asistido los senadores Francisco Bernab\u00e9, Jos\u00e9 Ram\u00f3n D\u00edez de Revenga y Antonia L\u00f3pez Moya y los diputados nacionales Juan Luis Pedre\u00f1o y Violante Tom\u00e1s; Fulgencio Gil ha anunciado que el Grupo Municipal Popular llevar\u00e1 al Pleno del mes de julio una moci\u00f3n de apoyo a la proposici\u00f3n de ley registrada por el PP en el Congreso, que busca modificar la Ley de Costas para permitir la pervivencia de poblados costeros tradicionales, como es el caso de Puntas de Calnegre, un n\u00facleo con m\u00e1s de 200 a\u00f1os de historia.<\/p>\n<p class=\"v1MsoNormal\"><img loading=\"lazy\" decoding=\"async\" class=\"alignnone size-medium wp-image-7334\" src=\"https:\/\/arealorcaradio.es\/wp-content\/uploads\/2025\/07\/WhatsApp-Image-2025-07-16-at-14.46.17-300x200.jpeg\" alt=\"\" width=\"300\" height=\"200\" srcset=\"https:\/\/arealorcaradio.es\/wp-content\/uploads\/2025\/07\/WhatsApp-Image-2025-07-16-at-14.46.17-300x200.jpeg 300w, https:\/\/arealorcaradio.es\/wp-content\/uploads\/2025\/07\/WhatsApp-Image-2025-07-16-at-14.46.17-1024x682.jpeg 1024w, https:\/\/arealorcaradio.es\/wp-content\/uploads\/2025\/07\/WhatsApp-Image-2025-07-16-at-14.46.17-768x512.jpeg 768w, https:\/\/arealorcaradio.es\/wp-content\/uploads\/2025\/07\/WhatsApp-Image-2025-07-16-at-14.46.17-1536x1023.jpeg 1536w, https:\/\/arealorcaradio.es\/wp-content\/uploads\/2025\/07\/WhatsApp-Image-2025-07-16-at-14.46.17.jpeg 1600w\" sizes=\"auto, (max-width: 300px) 100vw, 300px\" \/><\/p>\n<p class=\"v1MsoNormal\">La actual Ley de Costas provoca innumerables situaciones de inseguridad jur\u00eddica, dejando en una situaci\u00f3n de absoluta indefensi\u00f3n a familias sencillas que viven en n\u00facleos costeros tradicionales, como es el caso del poblado de Puntas de Calnegre, que se ven sometidos a la amenaza constante a ser despojados de su propiedad y es por ello que se considera necesario establecer un abrigo legislativo para proteger a estos n\u00facleos de poblaci\u00f3n y as\u00ed evitar desocupaciones y derribos.<\/p>\n<p class=\"v1MsoNormal\">En este sentido, el Partido Popular ha logrado en el Congreso de los Diputados un avance decisivo al conseguir la toma en consideraci\u00f3n de su proposici\u00f3n de ley para modificar la actual Ley de Costas, a pesar del voto en contra del PSOE y Sumar. \u00abSe trata de una medida vital que busca preservar las viviendas de m\u00e1s de medio centenar de familias del poblado de Puntas de Calnegre, en la pedan\u00eda de Ramonete, y m\u00e1s de 350 familias en otros puntos del litoral costero de la Regi\u00f3n de Murcia\u00bb, ha apuntado el presidente del PP.<\/p>\n<p class=\"v1MsoNormal\">Y ha a\u00f1adido que es un paso real y decisivo, que desde el Gobierno de Lorca se va a respaldar institucionalmente, para proteger a los vecinos de Puntas de Calnegre, un poblado que tiene m\u00e1s de 200 a\u00f1os de historia, y que llevan m\u00e1s de dos d\u00e9cadas viviendo bajo la amenaza de que sus casas sean derribadas por una ley injusta. \u00abHoy es un d\u00eda importante para manifestar nuestro lorquinismo y nuestro compromiso con esas familias que quieren resolver una injusticia y acabar, de una vez por todas, con esa amenaza constante que sufren, porque esto no va de ladrillos, va de personas, de familias humildes que solo quieren conservar su hogar y su historia\u00bb, ha manifestado Gil J\u00f3dar.<\/p>\n<p class=\"v1MsoNormal\">\u00abHablamos de vecinos que llevan m\u00e1s de dos d\u00e9cadas atrapados en un aut\u00e9ntico embrollo jur\u00eddico-administrativo, a causa de decisiones del Gobierno socialista que no tienen en cuenta ni la realidad de los pueblos ni la voz de quienes los habitan. Ciudadanos humildes, muchos de ellos propietarios de peque\u00f1os negocios familiares que pasan de generaci\u00f3n en generaci\u00f3n, que ven peligrar sus viviendas por el simple hecho de estar en n\u00facleos junto al mar, que tienen un valor hist\u00f3rico, cultural y etnol\u00f3gico incuestionable, como es Puntas de Calnegre\u00bb, ha recalcado el presidente del PP.<\/p>\n<p class=\"v1MsoNormal\">Fulgencio Gil, adem\u00e1s, ha subrayado que \u00abdesde Lorca exigimos cambios reales y efectivos en la Ley de Costas, que dote de seguridad jur\u00eddica a estos n\u00facleos tradicionales que forman parte de nuestra historia, nuestro paisaje y de nuestras ra\u00edces. No todo lo construido junto al mar es igual. No todo lo que est\u00e1 cerca del mar es ilegal. Hay lugares que representan un valor hist\u00f3rico, patrimonial y sentimental que no podemos ni debemos perder, y eso lo saben bien nuestros vecinos de Puntas de Calnegre, cuyas viviendas merecen protecci\u00f3n, no ser demolidas\u00bb.<\/p>\n<p class=\"v1MsoNormal\">La proposici\u00f3n de ley del PP, que ya ha superado su primer gran escollo parlamentario con esta aprobaci\u00f3n en el Congreso, tiene como objetivo la preservaci\u00f3n de los conjuntos urbanos de tipolog\u00eda tradicional y las construcciones integradas y respetuosas con el entorno y propone una armonizaci\u00f3n con el art\u00edculo 132.2 de la Constituci\u00f3n, de forma que se protejan aquellas construcciones que est\u00e1n integradas en el paisaje y forman parte del patrimonio cultural del litoral espa\u00f1ol.<\/p>\n<p class=\"v1MsoNormal\">En este sentido, el alcalde ha explicado que \u00ablo que defendemos es lo que tiene valor y forma parte del entorno, no las grandes urbanizaciones ni intereses especulativos, sino viviendas con alma, con historia, como las de nuestros pescadores en Calnegre\u00bb. Por este motivo, el Grupo Municipal Popular presentar\u00e1 dicha moci\u00f3n al Pleno Municipal en la que se recogen los siguientes acuerdos: el apoyo del Ayuntamiento de Lorca a la iniciativa parlamentaria del PP para la modificaci\u00f3n de la Ley 22\/1988, de Costas, con el fin de permitir la continuidad de poblados costeros tradicionales con valor etnogr\u00e1fico y cultural, como Puntas de Calnegre; la solicitud al Gobierno de Espa\u00f1a para que paralice de forma inmediata y preventiva cualquier actuaci\u00f3n de deslinde, desocupaci\u00f3n o derribo en zonas afectadas por dicha ley, hasta que se clarifique la situaci\u00f3n jur\u00eddica; y la remisi\u00f3n de los acuerdos a la Plataforma de Afectados, a la Federaci\u00f3n de Asociaciones de Vecinos de Lorca, al Ministerio de Transici\u00f3n Ecol\u00f3gica y Reto Demogr\u00e1fico (a trav\u00e9s de la Delegaci\u00f3n del Gobierno), as\u00ed como a las Mesas del Congreso y del Senado.<\/p>\n<p class=\"v1MsoNormal\">En el trascurso del encuentro, que ha tenido lugar en el Albergue de Puntas de Calnegre, Gil J\u00f3dar tambi\u00e9n ha criticado duramente la actitud del Gobierno de Pedro S\u00e1nchez, que sigue en su empe\u00f1o de condenar a cientos de familias lorquinas a una espera interminable, y ha recordado que la ley de protecci\u00f3n del litoral, promovida por el PP y aprobada en el Senado, lleva 47 pr\u00f3rrogas acumuladas en el Congreso, bloqueada por el PSOE de S\u00e1nchez y sus socios.<\/p>\n<p class=\"v1MsoNormal\">Y ha afirmado que no es la primera vez que el Partido Popular defiende esta causa, manifestando que \u00abya lo hicimos el a\u00f1o pasado con una proposici\u00f3n en el Senado que tomaba el testigo de la iniciativa legislativa de modificaci\u00f3n de la Ley de Costas impulsada la pasada legislatura en la Asamblea y el Congreso para garantizar la preservaci\u00f3n de las propiedades afectadas por los deslindes promovidos por el Gobierno Central; unas propuestas que lamentablemente fueron tumbadas por el PSOE. Pero no nos rendimos. Hoy demostramos que seguimos al lado de nuestros vecinos, al lado de los pobladores de toda la vida, por su lucha, tambi\u00e9n es la nuestra\u00bb.<\/p>\n<p class=\"v1MsoNormal\">Finalmente, el presidente del PP ha concluido destacado que \u00abcontinuaremos trabajando con los vecinos afectados para que ninguna vivienda del poblado de Puntas de Calnegre sea demolida. Nuestro compromiso es firme e inquebrantable. Vamos a luchar hasta el final por una soluci\u00f3n definitiva, porque nuestros vecinos no merecen vivir ni un d\u00eda m\u00e1s en esta incertidumbre constante. El futuro de Calnegre pasa por la protecci\u00f3n, no por el derribo. Vamos a seguir al lado de las familias, como siempre hemos hecho, trabajando con propuestas reales y soluciones. Lo dijimos y lo estamos cumpliendo\u00bb.<\/p>\n<p class=\"v1MsoNormal\">Por su parte, Francisco Bernab\u00e9 ha subrayado que \u00abesta &#8216;Ley Feij\u00f3o&#8217; sobre Costas va a impedir la pretensi\u00f3n del PSOE de demoler cientos de viviendas completamente legales, que los socialistas quieren incautar mediante su inclusi\u00f3n directa en el dominio p\u00fablico mar\u00edtimo terrestre y sin dar ning\u00fan tipo de compensaci\u00f3n econ\u00f3mica a sus propietarios\u00bb.<\/p>\n<p class=\"v1MsoNormal\">El senador ha recalcado que \u00abel problema radica en los nuevos deslindes del dominio p\u00fablico marino-terrestre que est\u00e1n siendo promovidos por el Ministerio de Transici\u00f3n Ecol\u00f3gica desde la irrupci\u00f3n de S\u00e1nchez en el poder, y que buscan la demolici\u00f3n de muchas viviendas completamente legales y consolidadas en sus n\u00facleos costeros y entornos desde hace d\u00e9cadas\u00bb.<\/p>\n<p class=\"v1MsoNormal\">Y ha alertado de que \u00ablas consecuencias est\u00e1n siendo terribles para sus propietarios, familias y personas normales y corrientes, de clases medias y humildes, cuyo \u00fanico delito es ser due\u00f1os de unas casas en primera l\u00ednea de playa y que, pese a tener sus escrituras, licencias e inscripciones registrales totalmente en orden, penden ahora de un hilo ante la amenaza cierta de demolici\u00f3n por parte del gobierno socialista\u00bb.<\/p>\n<p class=\"v1MsoNormal\">Asimismo, Bernab\u00e9 ha explicado que \u00ablo que buscamos es proteger estas viviendas de forma real y sin ideolog\u00edas, y garantizar a sus due\u00f1os sus derechos de propiedad. Y eso lo vamos a hacer estableciendo en la Ley de Costas unos criterios que permitan a los ayuntamientos declarar protegidos y excluidos de los deslindes del dominio p\u00fablico mar\u00edtimo terrestre a los n\u00facleos urbanos costeros tradicionales que posean valores hist\u00f3ricos, paisaj\u00edsticos, culturales o etnogr\u00e1ficos\u00bb.<\/p>\n<p class=\"v1MsoNormal\">Y ha recordado que \u00ablos socialistas tienen paralizada a\u00f1o y medio en el Congreso la iniciativa que ya aprob\u00f3 el PP en el Senado y han vuelto a votar ahora en contra de su toma en consideraci\u00f3n en la c\u00e1mara baja, por lo que van a seguir dando la espalda a la gente\u00bb, ha concluido poniendo de manifiesto que \u00abno obstante, afortunadamente hay una ampl\u00edsima mayor\u00eda absoluta de partidos en el Congreso de los Diputados que han apoyado el debate de la Proposici\u00f3n de Ley del Partido Popular, lo que nos debe permitir su desbloqueo y aprobaci\u00f3n en un plazo razonable\u00bb.<\/p>\n","protected":false},"excerpt":{"rendered":"<p>\u00c1REA LORCA RADIO. Costas. 16 julio, 2025.-\u00a0\u00a0El alcalde y presidente del Partido Popular de Lorca, Fulgencio Gil J\u00f3dar, ha mantenido este mi\u00e9rcoles un encuentro de trabajo con representantes de la Plataforma de Afectados del poblado de Puntas de Calnegre y vecinos de la zona con el objetivo de informarles sobre las iniciativas parlamentarias que el [&hellip;]<\/p>\n","protected":false},"author":1,"featured_media":7335,"comment_status":"open","ping_status":"open","sticky":false,"template":"","format":"standard","meta":{"iawp_total_views":11,"footnotes":""},"categories":[5,7],"tags":[],"class_list":["post-7333","post","type-post","status-publish","format-standard","has-post-thumbnail","hentry","category-actualidad","category-lorca"],"yoast_head":"<!-- This site is optimized with the Yoast SEO plugin v27.5 - https:\/\/yoast.com\/product\/yoast-seo-wordpress\/ -->\n<title>El PP de Lorca presentar\u00e1 una moci\u00f3n al Pleno para apoyar la iniciativa parlamentaria de modificaci\u00f3n de la Ley de Costar y exigir al Gobierno de Espa\u00f1a la paralizaci\u00f3n de los procesos de derribo - AREA LORCA RADIO<\/title>\n<meta name=\"robots\" content=\"index, follow, max-snippet:-1, max-image-preview:large, max-video-preview:-1\" \/>\n<link rel=\"canonical\" href=\"https:\/\/arealorcaradio.es\/index.php\/2025\/07\/16\/el-pp-de-lorca-presentara-una-mocion-al-pleno-para-apoyar-la-iniciativa-parlamentaria-de-modificacion-de-la-ley-de-costar-y-exigir-al-gobierno-de-espana-la-paralizacion-de-los-procesos-de-derribo\/\" \/>\n<meta property=\"og:locale\" content=\"es_ES\" \/>\n<meta property=\"og:type\" content=\"article\" \/>\n<meta property=\"og:title\" content=\"El PP de Lorca presentar\u00e1 una moci\u00f3n al Pleno para apoyar la iniciativa parlamentaria de modificaci\u00f3n de la Ley de Costar y exigir al Gobierno de Espa\u00f1a la paralizaci\u00f3n de los procesos de derribo - AREA LORCA RADIO\" \/>\n<meta property=\"og:description\" content=\"\u00c1REA LORCA RADIO. Costas. 16 julio, 2025.-\u00a0\u00a0El alcalde y presidente del Partido Popular de Lorca, Fulgencio Gil J\u00f3dar, ha mantenido este mi\u00e9rcoles un encuentro de trabajo con representantes de la Plataforma de Afectados del poblado de Puntas de Calnegre y vecinos de la zona con el objetivo de informarles sobre las iniciativas parlamentarias que el [&hellip;]\" \/>\n<meta property=\"og:url\" content=\"https:\/\/arealorcaradio.es\/index.php\/2025\/07\/16\/el-pp-de-lorca-presentara-una-mocion-al-pleno-para-apoyar-la-iniciativa-parlamentaria-de-modificacion-de-la-ley-de-costar-y-exigir-al-gobierno-de-espana-la-paralizacion-de-los-procesos-de-derribo\/\" \/>\n<meta property=\"og:site_name\" content=\"AREA LORCA RADIO\" \/>\n<meta property=\"article:published_time\" content=\"2025-07-16T15:47:37+00:00\" \/>\n<meta property=\"og:image\" content=\"https:\/\/arealorcaradio.es\/wp-content\/uploads\/2025\/07\/WhatsApp-Image-2025-07-16-at-14.46.15-2.jpeg\" \/>\n\t<meta property=\"og:image:width\" content=\"1600\" \/>\n\t<meta property=\"og:image:height\" content=\"1066\" \/>\n\t<meta property=\"og:image:type\" content=\"image\/jpeg\" \/>\n<meta name=\"author\" content=\"Paco S\u00e1nchez\" \/>\n<meta name=\"twitter:card\" content=\"summary_large_image\" \/>\n<meta name=\"twitter:label1\" content=\"Escrito por\" \/>\n\t<meta name=\"twitter:data1\" content=\"Paco S\u00e1nchez\" \/>\n\t<meta name=\"twitter:label2\" content=\"Tiempo de lectura\" \/>\n\t<meta name=\"twitter:data2\" content=\"8 minutos\" \/>\n<script type=\"application\/ld+json\" class=\"yoast-schema-graph\">{\"@context\":\"https:\\\/\\\/schema.org\",\"@graph\":[{\"@type\":\"Article\",\"@id\":\"https:\\\/\\\/arealorcaradio.es\\\/index.php\\\/2025\\\/07\\\/16\\\/el-pp-de-lorca-presentara-una-mocion-al-pleno-para-apoyar-la-iniciativa-parlamentaria-de-modificacion-de-la-ley-de-costar-y-exigir-al-gobierno-de-espana-la-paralizacion-de-los-procesos-de-derribo\\\/#article\",\"isPartOf\":{\"@id\":\"https:\\\/\\\/arealorcaradio.es\\\/index.php\\\/2025\\\/07\\\/16\\\/el-pp-de-lorca-presentara-una-mocion-al-pleno-para-apoyar-la-iniciativa-parlamentaria-de-modificacion-de-la-ley-de-costar-y-exigir-al-gobierno-de-espana-la-paralizacion-de-los-procesos-de-derribo\\\/\"},\"author\":{\"name\":\"Paco S\u00e1nchez\",\"@id\":\"https:\\\/\\\/arealorcaradio.es\\\/#\\\/schema\\\/person\\\/9fae605fc25b0f2c83c1ab207139bd27\"},\"headline\":\"El PP de Lorca presentar\u00e1 una moci\u00f3n al Pleno para apoyar la iniciativa parlamentaria de modificaci\u00f3n de la Ley de Costar y exigir al Gobierno de Espa\u00f1a la paralizaci\u00f3n de los procesos de derribo\",\"datePublished\":\"2025-07-16T15:47:37+00:00\",\"mainEntityOfPage\":{\"@id\":\"https:\\\/\\\/arealorcaradio.es\\\/index.php\\\/2025\\\/07\\\/16\\\/el-pp-de-lorca-presentara-una-mocion-al-pleno-para-apoyar-la-iniciativa-parlamentaria-de-modificacion-de-la-ley-de-costar-y-exigir-al-gobierno-de-espana-la-paralizacion-de-los-procesos-de-derribo\\\/\"},\"wordCount\":1700,\"commentCount\":0,\"image\":{\"@id\":\"https:\\\/\\\/arealorcaradio.es\\\/index.php\\\/2025\\\/07\\\/16\\\/el-pp-de-lorca-presentara-una-mocion-al-pleno-para-apoyar-la-iniciativa-parlamentaria-de-modificacion-de-la-ley-de-costar-y-exigir-al-gobierno-de-espana-la-paralizacion-de-los-procesos-de-derribo\\\/#primaryimage\"},\"thumbnailUrl\":\"https:\\\/\\\/arealorcaradio.es\\\/wp-content\\\/uploads\\\/2025\\\/07\\\/WhatsApp-Image-2025-07-16-at-14.46.15-2.jpeg\",\"articleSection\":[\"ACTUALIDAD\",\"LORCA\"],\"inLanguage\":\"es\",\"potentialAction\":[{\"@type\":\"CommentAction\",\"name\":\"Comment\",\"target\":[\"https:\\\/\\\/arealorcaradio.es\\\/index.php\\\/2025\\\/07\\\/16\\\/el-pp-de-lorca-presentara-una-mocion-al-pleno-para-apoyar-la-iniciativa-parlamentaria-de-modificacion-de-la-ley-de-costar-y-exigir-al-gobierno-de-espana-la-paralizacion-de-los-procesos-de-derribo\\\/#respond\"]}]},{\"@type\":\"WebPage\",\"@id\":\"https:\\\/\\\/arealorcaradio.es\\\/index.php\\\/2025\\\/07\\\/16\\\/el-pp-de-lorca-presentara-una-mocion-al-pleno-para-apoyar-la-iniciativa-parlamentaria-de-modificacion-de-la-ley-de-costar-y-exigir-al-gobierno-de-espana-la-paralizacion-de-los-procesos-de-derribo\\\/\",\"url\":\"https:\\\/\\\/arealorcaradio.es\\\/index.php\\\/2025\\\/07\\\/16\\\/el-pp-de-lorca-presentara-una-mocion-al-pleno-para-apoyar-la-iniciativa-parlamentaria-de-modificacion-de-la-ley-de-costar-y-exigir-al-gobierno-de-espana-la-paralizacion-de-los-procesos-de-derribo\\\/\",\"name\":\"El PP de Lorca presentar\u00e1 una moci\u00f3n al Pleno para apoyar la iniciativa parlamentaria de modificaci\u00f3n de la Ley de Costar y exigir al Gobierno de Espa\u00f1a la paralizaci\u00f3n de los procesos de derribo - AREA LORCA RADIO\",\"isPartOf\":{\"@id\":\"https:\\\/\\\/arealorcaradio.es\\\/#website\"},\"primaryImageOfPage\":{\"@id\":\"https:\\\/\\\/arealorcaradio.es\\\/index.php\\\/2025\\\/07\\\/16\\\/el-pp-de-lorca-presentara-una-mocion-al-pleno-para-apoyar-la-iniciativa-parlamentaria-de-modificacion-de-la-ley-de-costar-y-exigir-al-gobierno-de-espana-la-paralizacion-de-los-procesos-de-derribo\\\/#primaryimage\"},\"image\":{\"@id\":\"https:\\\/\\\/arealorcaradio.es\\\/index.php\\\/2025\\\/07\\\/16\\\/el-pp-de-lorca-presentara-una-mocion-al-pleno-para-apoyar-la-iniciativa-parlamentaria-de-modificacion-de-la-ley-de-costar-y-exigir-al-gobierno-de-espana-la-paralizacion-de-los-procesos-de-derribo\\\/#primaryimage\"},\"thumbnailUrl\":\"https:\\\/\\\/arealorcaradio.es\\\/wp-content\\\/uploads\\\/2025\\\/07\\\/WhatsApp-Image-2025-07-16-at-14.46.15-2.jpeg\",\"datePublished\":\"2025-07-16T15:47:37+00:00\",\"author\":{\"@id\":\"https:\\\/\\\/arealorcaradio.es\\\/#\\\/schema\\\/person\\\/9fae605fc25b0f2c83c1ab207139bd27\"},\"breadcrumb\":{\"@id\":\"https:\\\/\\\/arealorcaradio.es\\\/index.php\\\/2025\\\/07\\\/16\\\/el-pp-de-lorca-presentara-una-mocion-al-pleno-para-apoyar-la-iniciativa-parlamentaria-de-modificacion-de-la-ley-de-costar-y-exigir-al-gobierno-de-espana-la-paralizacion-de-los-procesos-de-derribo\\\/#breadcrumb\"},\"inLanguage\":\"es\",\"potentialAction\":[{\"@type\":\"ReadAction\",\"target\":[\"https:\\\/\\\/arealorcaradio.es\\\/index.php\\\/2025\\\/07\\\/16\\\/el-pp-de-lorca-presentara-una-mocion-al-pleno-para-apoyar-la-iniciativa-parlamentaria-de-modificacion-de-la-ley-de-costar-y-exigir-al-gobierno-de-espana-la-paralizacion-de-los-procesos-de-derribo\\\/\"]}]},{\"@type\":\"ImageObject\",\"inLanguage\":\"es\",\"@id\":\"https:\\\/\\\/arealorcaradio.es\\\/index.php\\\/2025\\\/07\\\/16\\\/el-pp-de-lorca-presentara-una-mocion-al-pleno-para-apoyar-la-iniciativa-parlamentaria-de-modificacion-de-la-ley-de-costar-y-exigir-al-gobierno-de-espana-la-paralizacion-de-los-procesos-de-derribo\\\/#primaryimage\",\"url\":\"https:\\\/\\\/arealorcaradio.es\\\/wp-content\\\/uploads\\\/2025\\\/07\\\/WhatsApp-Image-2025-07-16-at-14.46.15-2.jpeg\",\"contentUrl\":\"https:\\\/\\\/arealorcaradio.es\\\/wp-content\\\/uploads\\\/2025\\\/07\\\/WhatsApp-Image-2025-07-16-at-14.46.15-2.jpeg\",\"width\":1600,\"height\":1066},{\"@type\":\"BreadcrumbList\",\"@id\":\"https:\\\/\\\/arealorcaradio.es\\\/index.php\\\/2025\\\/07\\\/16\\\/el-pp-de-lorca-presentara-una-mocion-al-pleno-para-apoyar-la-iniciativa-parlamentaria-de-modificacion-de-la-ley-de-costar-y-exigir-al-gobierno-de-espana-la-paralizacion-de-los-procesos-de-derribo\\\/#breadcrumb\",\"itemListElement\":[{\"@type\":\"ListItem\",\"position\":1,\"name\":\"Portada\",\"item\":\"https:\\\/\\\/arealorcaradio.es\\\/\"},{\"@type\":\"ListItem\",\"position\":2,\"name\":\"El PP de Lorca presentar\u00e1 una moci\u00f3n al Pleno para apoyar la iniciativa parlamentaria de modificaci\u00f3n de la Ley de Costar y exigir al Gobierno de Espa\u00f1a la paralizaci\u00f3n de los procesos de derribo\"}]},{\"@type\":\"WebSite\",\"@id\":\"https:\\\/\\\/arealorcaradio.es\\\/#website\",\"url\":\"https:\\\/\\\/arealorcaradio.es\\\/\",\"name\":\"AREA LORCA RADIO\",\"description\":\"Descubre la programaci\u00f3n actual en \u00c1rea Lorca Radio, tu fuente de entrenamiento y noticias locales. Sintoniza ahora y mantente conectado online.\",\"potentialAction\":[{\"@type\":\"SearchAction\",\"target\":{\"@type\":\"EntryPoint\",\"urlTemplate\":\"https:\\\/\\\/arealorcaradio.es\\\/?s={search_term_string}\"},\"query-input\":{\"@type\":\"PropertyValueSpecification\",\"valueRequired\":true,\"valueName\":\"search_term_string\"}}],\"inLanguage\":\"es\"},{\"@type\":\"Person\",\"@id\":\"https:\\\/\\\/arealorcaradio.es\\\/#\\\/schema\\\/person\\\/9fae605fc25b0f2c83c1ab207139bd27\",\"name\":\"Paco S\u00e1nchez\",\"image\":{\"@type\":\"ImageObject\",\"inLanguage\":\"es\",\"@id\":\"https:\\\/\\\/secure.gravatar.com\\\/avatar\\\/d67144e966420fb74aa84c9f2a0103be4724fd14db52b52d3b6bca749f257e79?s=96&d=mm&r=g\",\"url\":\"https:\\\/\\\/secure.gravatar.com\\\/avatar\\\/d67144e966420fb74aa84c9f2a0103be4724fd14db52b52d3b6bca749f257e79?s=96&d=mm&r=g\",\"contentUrl\":\"https:\\\/\\\/secure.gravatar.com\\\/avatar\\\/d67144e966420fb74aa84c9f2a0103be4724fd14db52b52d3b6bca749f257e79?s=96&d=mm&r=g\",\"caption\":\"Paco S\u00e1nchez\"},\"sameAs\":[\"https:\\\/\\\/arealorcaradio.es\"],\"url\":\"https:\\\/\\\/arealorcaradio.es\\\/index.php\\\/author\\\/admin_alorcaradio\\\/\"}]}<\/script>\n<!-- \/ Yoast SEO plugin. -->","yoast_head_json":{"title":"El PP de Lorca presentar\u00e1 una moci\u00f3n al Pleno para apoyar la iniciativa parlamentaria de modificaci\u00f3n de la Ley de Costar y exigir al Gobierno de Espa\u00f1a la paralizaci\u00f3n de los procesos de derribo - AREA LORCA RADIO","robots":{"index":"index","follow":"follow","max-snippet":"max-snippet:-1","max-image-preview":"max-image-preview:large","max-video-preview":"max-video-preview:-1"},"canonical":"https:\/\/arealorcaradio.es\/index.php\/2025\/07\/16\/el-pp-de-lorca-presentara-una-mocion-al-pleno-para-apoyar-la-iniciativa-parlamentaria-de-modificacion-de-la-ley-de-costar-y-exigir-al-gobierno-de-espana-la-paralizacion-de-los-procesos-de-derribo\/","og_locale":"es_ES","og_type":"article","og_title":"El PP de Lorca presentar\u00e1 una moci\u00f3n al Pleno para apoyar la iniciativa parlamentaria de modificaci\u00f3n de la Ley de Costar y exigir al Gobierno de Espa\u00f1a la paralizaci\u00f3n de los procesos de derribo - AREA LORCA RADIO","og_description":"\u00c1REA LORCA RADIO. Costas. 16 julio, 2025.-\u00a0\u00a0El alcalde y presidente del Partido Popular de Lorca, Fulgencio Gil J\u00f3dar, ha mantenido este mi\u00e9rcoles un encuentro de trabajo con representantes de la Plataforma de Afectados del poblado de Puntas de Calnegre y vecinos de la zona con el objetivo de informarles sobre las iniciativas parlamentarias que el [&hellip;]","og_url":"https:\/\/arealorcaradio.es\/index.php\/2025\/07\/16\/el-pp-de-lorca-presentara-una-mocion-al-pleno-para-apoyar-la-iniciativa-parlamentaria-de-modificacion-de-la-ley-de-costar-y-exigir-al-gobierno-de-espana-la-paralizacion-de-los-procesos-de-derribo\/","og_site_name":"AREA LORCA RADIO","article_published_time":"2025-07-16T15:47:37+00:00","og_image":[{"width":1600,"height":1066,"url":"https:\/\/arealorcaradio.es\/wp-content\/uploads\/2025\/07\/WhatsApp-Image-2025-07-16-at-14.46.15-2.jpeg","type":"image\/jpeg"}],"author":"Paco S\u00e1nchez","twitter_card":"summary_large_image","twitter_misc":{"Escrito por":"Paco S\u00e1nchez","Tiempo de lectura":"8 minutos"},"schema":{"@context":"https:\/\/schema.org","@graph":[{"@type":"Article","@id":"https:\/\/arealorcaradio.es\/index.php\/2025\/07\/16\/el-pp-de-lorca-presentara-una-mocion-al-pleno-para-apoyar-la-iniciativa-parlamentaria-de-modificacion-de-la-ley-de-costar-y-exigir-al-gobierno-de-espana-la-paralizacion-de-los-procesos-de-derribo\/#article","isPartOf":{"@id":"https:\/\/arealorcaradio.es\/index.php\/2025\/07\/16\/el-pp-de-lorca-presentara-una-mocion-al-pleno-para-apoyar-la-iniciativa-parlamentaria-de-modificacion-de-la-ley-de-costar-y-exigir-al-gobierno-de-espana-la-paralizacion-de-los-procesos-de-derribo\/"},"author":{"name":"Paco S\u00e1nchez","@id":"https:\/\/arealorcaradio.es\/#\/schema\/person\/9fae605fc25b0f2c83c1ab207139bd27"},"headline":"El PP de Lorca presentar\u00e1 una moci\u00f3n al Pleno para apoyar la iniciativa parlamentaria de modificaci\u00f3n de la Ley de Costar y exigir al Gobierno de Espa\u00f1a la paralizaci\u00f3n de los procesos de derribo","datePublished":"2025-07-16T15:47:37+00:00","mainEntityOfPage":{"@id":"https:\/\/arealorcaradio.es\/index.php\/2025\/07\/16\/el-pp-de-lorca-presentara-una-mocion-al-pleno-para-apoyar-la-iniciativa-parlamentaria-de-modificacion-de-la-ley-de-costar-y-exigir-al-gobierno-de-espana-la-paralizacion-de-los-procesos-de-derribo\/"},"wordCount":1700,"commentCount":0,"image":{"@id":"https:\/\/arealorcaradio.es\/index.php\/2025\/07\/16\/el-pp-de-lorca-presentara-una-mocion-al-pleno-para-apoyar-la-iniciativa-parlamentaria-de-modificacion-de-la-ley-de-costar-y-exigir-al-gobierno-de-espana-la-paralizacion-de-los-procesos-de-derribo\/#primaryimage"},"thumbnailUrl":"https:\/\/arealorcaradio.es\/wp-content\/uploads\/2025\/07\/WhatsApp-Image-2025-07-16-at-14.46.15-2.jpeg","articleSection":["ACTUALIDAD","LORCA"],"inLanguage":"es","potentialAction":[{"@type":"CommentAction","name":"Comment","target":["https:\/\/arealorcaradio.es\/index.php\/2025\/07\/16\/el-pp-de-lorca-presentara-una-mocion-al-pleno-para-apoyar-la-iniciativa-parlamentaria-de-modificacion-de-la-ley-de-costar-y-exigir-al-gobierno-de-espana-la-paralizacion-de-los-procesos-de-derribo\/#respond"]}]},{"@type":"WebPage","@id":"https:\/\/arealorcaradio.es\/index.php\/2025\/07\/16\/el-pp-de-lorca-presentara-una-mocion-al-pleno-para-apoyar-la-iniciativa-parlamentaria-de-modificacion-de-la-ley-de-costar-y-exigir-al-gobierno-de-espana-la-paralizacion-de-los-procesos-de-derribo\/","url":"https:\/\/arealorcaradio.es\/index.php\/2025\/07\/16\/el-pp-de-lorca-presentara-una-mocion-al-pleno-para-apoyar-la-iniciativa-parlamentaria-de-modificacion-de-la-ley-de-costar-y-exigir-al-gobierno-de-espana-la-paralizacion-de-los-procesos-de-derribo\/","name":"El PP de Lorca presentar\u00e1 una moci\u00f3n al Pleno para apoyar la iniciativa parlamentaria de modificaci\u00f3n de la Ley de Costar y exigir al Gobierno de Espa\u00f1a la paralizaci\u00f3n de los procesos de derribo - AREA LORCA RADIO","isPartOf":{"@id":"https:\/\/arealorcaradio.es\/#website"},"primaryImageOfPage":{"@id":"https:\/\/arealorcaradio.es\/index.php\/2025\/07\/16\/el-pp-de-lorca-presentara-una-mocion-al-pleno-para-apoyar-la-iniciativa-parlamentaria-de-modificacion-de-la-ley-de-costar-y-exigir-al-gobierno-de-espana-la-paralizacion-de-los-procesos-de-derribo\/#primaryimage"},"image":{"@id":"https:\/\/arealorcaradio.es\/index.php\/2025\/07\/16\/el-pp-de-lorca-presentara-una-mocion-al-pleno-para-apoyar-la-iniciativa-parlamentaria-de-modificacion-de-la-ley-de-costar-y-exigir-al-gobierno-de-espana-la-paralizacion-de-los-procesos-de-derribo\/#primaryimage"},"thumbnailUrl":"https:\/\/arealorcaradio.es\/wp-content\/uploads\/2025\/07\/WhatsApp-Image-2025-07-16-at-14.46.15-2.jpeg","datePublished":"2025-07-16T15:47:37+00:00","author":{"@id":"https:\/\/arealorcaradio.es\/#\/schema\/person\/9fae605fc25b0f2c83c1ab207139bd27"},"breadcrumb":{"@id":"https:\/\/arealorcaradio.es\/index.php\/2025\/07\/16\/el-pp-de-lorca-presentara-una-mocion-al-pleno-para-apoyar-la-iniciativa-parlamentaria-de-modificacion-de-la-ley-de-costar-y-exigir-al-gobierno-de-espana-la-paralizacion-de-los-procesos-de-derribo\/#breadcrumb"},"inLanguage":"es","potentialAction":[{"@type":"ReadAction","target":["https:\/\/arealorcaradio.es\/index.php\/2025\/07\/16\/el-pp-de-lorca-presentara-una-mocion-al-pleno-para-apoyar-la-iniciativa-parlamentaria-de-modificacion-de-la-ley-de-costar-y-exigir-al-gobierno-de-espana-la-paralizacion-de-los-procesos-de-derribo\/"]}]},{"@type":"ImageObject","inLanguage":"es","@id":"https:\/\/arealorcaradio.es\/index.php\/2025\/07\/16\/el-pp-de-lorca-presentara-una-mocion-al-pleno-para-apoyar-la-iniciativa-parlamentaria-de-modificacion-de-la-ley-de-costar-y-exigir-al-gobierno-de-espana-la-paralizacion-de-los-procesos-de-derribo\/#primaryimage","url":"https:\/\/arealorcaradio.es\/wp-content\/uploads\/2025\/07\/WhatsApp-Image-2025-07-16-at-14.46.15-2.jpeg","contentUrl":"https:\/\/arealorcaradio.es\/wp-content\/uploads\/2025\/07\/WhatsApp-Image-2025-07-16-at-14.46.15-2.jpeg","width":1600,"height":1066},{"@type":"BreadcrumbList","@id":"https:\/\/arealorcaradio.es\/index.php\/2025\/07\/16\/el-pp-de-lorca-presentara-una-mocion-al-pleno-para-apoyar-la-iniciativa-parlamentaria-de-modificacion-de-la-ley-de-costar-y-exigir-al-gobierno-de-espana-la-paralizacion-de-los-procesos-de-derribo\/#breadcrumb","itemListElement":[{"@type":"ListItem","position":1,"name":"Portada","item":"https:\/\/arealorcaradio.es\/"},{"@type":"ListItem","position":2,"name":"El PP de Lorca presentar\u00e1 una moci\u00f3n al Pleno para apoyar la iniciativa parlamentaria de modificaci\u00f3n de la Ley de Costar y exigir al Gobierno de Espa\u00f1a la paralizaci\u00f3n de los procesos de derribo"}]},{"@type":"WebSite","@id":"https:\/\/arealorcaradio.es\/#website","url":"https:\/\/arealorcaradio.es\/","name":"AREA LORCA RADIO","description":"Descubre la programaci\u00f3n actual en \u00c1rea Lorca Radio, tu fuente de entrenamiento y noticias locales. Sintoniza ahora y mantente conectado online.","potentialAction":[{"@type":"SearchAction","target":{"@type":"EntryPoint","urlTemplate":"https:\/\/arealorcaradio.es\/?s={search_term_string}"},"query-input":{"@type":"PropertyValueSpecification","valueRequired":true,"valueName":"search_term_string"}}],"inLanguage":"es"},{"@type":"Person","@id":"https:\/\/arealorcaradio.es\/#\/schema\/person\/9fae605fc25b0f2c83c1ab207139bd27","name":"Paco S\u00e1nchez","image":{"@type":"ImageObject","inLanguage":"es","@id":"https:\/\/secure.gravatar.com\/avatar\/d67144e966420fb74aa84c9f2a0103be4724fd14db52b52d3b6bca749f257e79?s=96&d=mm&r=g","url":"https:\/\/secure.gravatar.com\/avatar\/d67144e966420fb74aa84c9f2a0103be4724fd14db52b52d3b6bca749f257e79?s=96&d=mm&r=g","contentUrl":"https:\/\/secure.gravatar.com\/avatar\/d67144e966420fb74aa84c9f2a0103be4724fd14db52b52d3b6bca749f257e79?s=96&d=mm&r=g","caption":"Paco S\u00e1nchez"},"sameAs":["https:\/\/arealorcaradio.es"],"url":"https:\/\/arealorcaradio.es\/index.php\/author\/admin_alorcaradio\/"}]}},"_links":{"self":[{"href":"https:\/\/arealorcaradio.es\/index.php\/wp-json\/wp\/v2\/posts\/7333","targetHints":{"allow":["GET"]}}],"collection":[{"href":"https:\/\/arealorcaradio.es\/index.php\/wp-json\/wp\/v2\/posts"}],"about":[{"href":"https:\/\/arealorcaradio.es\/index.php\/wp-json\/wp\/v2\/types\/post"}],"author":[{"embeddable":true,"href":"https:\/\/arealorcaradio.es\/index.php\/wp-json\/wp\/v2\/users\/1"}],"replies":[{"embeddable":true,"href":"https:\/\/arealorcaradio.es\/index.php\/wp-json\/wp\/v2\/comments?post=7333"}],"version-history":[{"count":2,"href":"https:\/\/arealorcaradio.es\/index.php\/wp-json\/wp\/v2\/posts\/7333\/revisions"}],"predecessor-version":[{"id":7337,"href":"https:\/\/arealorcaradio.es\/index.php\/wp-json\/wp\/v2\/posts\/7333\/revisions\/7337"}],"wp:featuredmedia":[{"embeddable":true,"href":"https:\/\/arealorcaradio.es\/index.php\/wp-json\/wp\/v2\/media\/7335"}],"wp:attachment":[{"href":"https:\/\/arealorcaradio.es\/index.php\/wp-json\/wp\/v2\/media?parent=7333"}],"wp:term":[{"taxonomy":"category","embeddable":true,"href":"https:\/\/arealorcaradio.es\/index.php\/wp-json\/wp\/v2\/categories?post=7333"},{"taxonomy":"post_tag","embeddable":true,"href":"https:\/\/arealorcaradio.es\/index.php\/wp-json\/wp\/v2\/tags?post=7333"}],"curies":[{"name":"wp","href":"https:\/\/api.w.org\/{rel}","templated":true}]}}