{"id":7318,"date":"2025-07-15T14:21:04","date_gmt":"2025-07-15T14:21:04","guid":{"rendered":"https:\/\/arealorcaradio.es\/?p=7318"},"modified":"2025-07-15T14:21:04","modified_gmt":"2025-07-15T14:21:04","slug":"el-profesor-de-literatura-y-escritor-juan-antonio-fernandez-rubio-participa-con-dos-capitulos-en-un-libro-editado-por-la-universidad-de-almeria","status":"publish","type":"post","link":"https:\/\/arealorcaradio.es\/index.php\/2025\/07\/15\/el-profesor-de-literatura-y-escritor-juan-antonio-fernandez-rubio-participa-con-dos-capitulos-en-un-libro-editado-por-la-universidad-de-almeria\/","title":{"rendered":"El profesor de Literatura y escritor Juan Antonio Fern\u00e1ndez Rubio participa con dos cap\u00edtulos en un libro editado por la Universidad de Almer\u00eda"},"content":{"rendered":"<p><strong>\u00c1REA LORCA RADIO. Literatura.<\/strong><\/p>\n<p>La publicaci\u00f3n editada por la UAL titulada \u00abEducaci\u00f3n Cine y Literatura Oral\u00bb, ha sido coordinada por Nieves G\u00f3mez L\u00f3pez. En ella ha participado el profesor de Literatura Juan Antonio Fern\u00e1ndez Rubio con dos cap\u00edtulos de los que nos ha hablado en el programa magazine de \u00c1rea Lorca Radio.<\/p>\n<p>Escucha aqu\u00ed la entrevista que ha concedido Fern\u00e1ndez Rubio a Paco S\u00e1nchez.<\/p>\n<audio class=\"wp-audio-shortcode\" id=\"audio-7318-1\" preload=\"none\" style=\"width: 100%;\" controls=\"controls\"><source type=\"audio\/mpeg\" src=\"https:\/\/arealorcaradio.es\/wp-content\/uploads\/2025\/07\/150725-JUAN-ANTONIO-FERNANDEZ-RUBIO.mp3?_=1\" \/><a href=\"https:\/\/arealorcaradio.es\/wp-content\/uploads\/2025\/07\/150725-JUAN-ANTONIO-FERNANDEZ-RUBIO.mp3\">https:\/\/arealorcaradio.es\/wp-content\/uploads\/2025\/07\/150725-JUAN-ANTONIO-FERNANDEZ-RUBIO.mp3<\/a><\/audio>\n<p><img loading=\"lazy\" decoding=\"async\" class=\"alignnone size-medium wp-image-7324\" src=\"https:\/\/arealorcaradio.es\/wp-content\/uploads\/2025\/07\/Screenshot_20250715-161419_OneDrive-235x300.jpg\" alt=\"\" width=\"235\" height=\"300\" srcset=\"https:\/\/arealorcaradio.es\/wp-content\/uploads\/2025\/07\/Screenshot_20250715-161419_OneDrive-235x300.jpg 235w, https:\/\/arealorcaradio.es\/wp-content\/uploads\/2025\/07\/Screenshot_20250715-161419_OneDrive.jpg 720w\" sizes=\"auto, (max-width: 235px) 100vw, 235px\" \/><\/p>\n<p>Este a\u00f1o, el pasado mes de mayo se han celebrado las II Jornadas Internacionales de Educaci\u00f3n, Cine y Literatura Oral.<\/p>\n<p>&nbsp;<\/p>\n","protected":false},"excerpt":{"rendered":"<p>\u00c1REA LORCA RADIO. Literatura. La publicaci\u00f3n editada por la UAL titulada \u00abEducaci\u00f3n Cine y Literatura Oral\u00bb, ha sido coordinada por Nieves G\u00f3mez L\u00f3pez. En ella ha participado el profesor de Literatura Juan Antonio Fern\u00e1ndez Rubio con dos cap\u00edtulos de los que nos ha hablado en el programa magazine de \u00c1rea Lorca Radio. Escucha aqu\u00ed la [&hellip;]<\/p>\n","protected":false},"author":1,"featured_media":7320,"comment_status":"open","ping_status":"open","sticky":false,"template":"","format":"standard","meta":{"iawp_total_views":99,"footnotes":""},"categories":[5,7],"tags":[],"class_list":["post-7318","post","type-post","status-publish","format-standard","has-post-thumbnail","hentry","category-actualidad","category-lorca"],"yoast_head":"<!-- This site is optimized with the Yoast SEO plugin v27.5 - https:\/\/yoast.com\/product\/yoast-seo-wordpress\/ -->\n<title>El profesor de Literatura y escritor Juan Antonio Fern\u00e1ndez Rubio participa con dos cap\u00edtulos en un libro editado por la Universidad de Almer\u00eda - AREA LORCA RADIO<\/title>\n<meta name=\"robots\" content=\"index, follow, max-snippet:-1, max-image-preview:large, max-video-preview:-1\" \/>\n<link rel=\"canonical\" href=\"https:\/\/arealorcaradio.es\/index.php\/2025\/07\/15\/el-profesor-de-literatura-y-escritor-juan-antonio-fernandez-rubio-participa-con-dos-capitulos-en-un-libro-editado-por-la-universidad-de-almeria\/\" \/>\n<meta property=\"og:locale\" content=\"es_ES\" \/>\n<meta property=\"og:type\" content=\"article\" \/>\n<meta property=\"og:title\" content=\"El profesor de Literatura y escritor Juan Antonio Fern\u00e1ndez Rubio participa con dos cap\u00edtulos en un libro editado por la Universidad de Almer\u00eda - AREA LORCA RADIO\" \/>\n<meta property=\"og:description\" content=\"\u00c1REA LORCA RADIO. Literatura. La publicaci\u00f3n editada por la UAL titulada \u00abEducaci\u00f3n Cine y Literatura Oral\u00bb, ha sido coordinada por Nieves G\u00f3mez L\u00f3pez. En ella ha participado el profesor de Literatura Juan Antonio Fern\u00e1ndez Rubio con dos cap\u00edtulos de los que nos ha hablado en el programa magazine de \u00c1rea Lorca Radio. Escucha aqu\u00ed la [&hellip;]\" \/>\n<meta property=\"og:url\" content=\"https:\/\/arealorcaradio.es\/index.php\/2025\/07\/15\/el-profesor-de-literatura-y-escritor-juan-antonio-fernandez-rubio-participa-con-dos-capitulos-en-un-libro-editado-por-la-universidad-de-almeria\/\" \/>\n<meta property=\"og:site_name\" content=\"AREA LORCA RADIO\" \/>\n<meta property=\"article:published_time\" content=\"2025-07-15T14:21:04+00:00\" \/>\n<meta property=\"og:image\" content=\"https:\/\/arealorcaradio.es\/wp-content\/uploads\/2025\/07\/20250715_130738-scaled.jpg\" \/>\n\t<meta property=\"og:image:width\" content=\"2560\" \/>\n\t<meta property=\"og:image:height\" content=\"1920\" \/>\n\t<meta property=\"og:image:type\" content=\"image\/jpeg\" \/>\n<meta name=\"author\" content=\"Paco S\u00e1nchez\" \/>\n<meta name=\"twitter:card\" content=\"summary_large_image\" \/>\n<meta name=\"twitter:label1\" content=\"Escrito por\" \/>\n\t<meta name=\"twitter:data1\" content=\"Paco S\u00e1nchez\" \/>\n\t<meta name=\"twitter:label2\" content=\"Tiempo de lectura\" \/>\n\t<meta name=\"twitter:data2\" content=\"1 minuto\" \/>\n<script type=\"application\/ld+json\" class=\"yoast-schema-graph\">{\"@context\":\"https:\\\/\\\/schema.org\",\"@graph\":[{\"@type\":\"Article\",\"@id\":\"https:\\\/\\\/arealorcaradio.es\\\/index.php\\\/2025\\\/07\\\/15\\\/el-profesor-de-literatura-y-escritor-juan-antonio-fernandez-rubio-participa-con-dos-capitulos-en-un-libro-editado-por-la-universidad-de-almeria\\\/#article\",\"isPartOf\":{\"@id\":\"https:\\\/\\\/arealorcaradio.es\\\/index.php\\\/2025\\\/07\\\/15\\\/el-profesor-de-literatura-y-escritor-juan-antonio-fernandez-rubio-participa-con-dos-capitulos-en-un-libro-editado-por-la-universidad-de-almeria\\\/\"},\"author\":{\"name\":\"Paco S\u00e1nchez\",\"@id\":\"https:\\\/\\\/arealorcaradio.es\\\/#\\\/schema\\\/person\\\/9fae605fc25b0f2c83c1ab207139bd27\"},\"headline\":\"El profesor de Literatura y escritor Juan Antonio Fern\u00e1ndez Rubio participa con dos cap\u00edtulos en un libro editado por la Universidad de Almer\u00eda\",\"datePublished\":\"2025-07-15T14:21:04+00:00\",\"mainEntityOfPage\":{\"@id\":\"https:\\\/\\\/arealorcaradio.es\\\/index.php\\\/2025\\\/07\\\/15\\\/el-profesor-de-literatura-y-escritor-juan-antonio-fernandez-rubio-participa-con-dos-capitulos-en-un-libro-editado-por-la-universidad-de-almeria\\\/\"},\"wordCount\":131,\"commentCount\":0,\"image\":{\"@id\":\"https:\\\/\\\/arealorcaradio.es\\\/index.php\\\/2025\\\/07\\\/15\\\/el-profesor-de-literatura-y-escritor-juan-antonio-fernandez-rubio-participa-con-dos-capitulos-en-un-libro-editado-por-la-universidad-de-almeria\\\/#primaryimage\"},\"thumbnailUrl\":\"https:\\\/\\\/arealorcaradio.es\\\/wp-content\\\/uploads\\\/2025\\\/07\\\/20250715_130738-scaled.jpg\",\"articleSection\":[\"ACTUALIDAD\",\"LORCA\"],\"inLanguage\":\"es\",\"potentialAction\":[{\"@type\":\"CommentAction\",\"name\":\"Comment\",\"target\":[\"https:\\\/\\\/arealorcaradio.es\\\/index.php\\\/2025\\\/07\\\/15\\\/el-profesor-de-literatura-y-escritor-juan-antonio-fernandez-rubio-participa-con-dos-capitulos-en-un-libro-editado-por-la-universidad-de-almeria\\\/#respond\"]}]},{\"@type\":\"WebPage\",\"@id\":\"https:\\\/\\\/arealorcaradio.es\\\/index.php\\\/2025\\\/07\\\/15\\\/el-profesor-de-literatura-y-escritor-juan-antonio-fernandez-rubio-participa-con-dos-capitulos-en-un-libro-editado-por-la-universidad-de-almeria\\\/\",\"url\":\"https:\\\/\\\/arealorcaradio.es\\\/index.php\\\/2025\\\/07\\\/15\\\/el-profesor-de-literatura-y-escritor-juan-antonio-fernandez-rubio-participa-con-dos-capitulos-en-un-libro-editado-por-la-universidad-de-almeria\\\/\",\"name\":\"El profesor de Literatura y escritor Juan Antonio Fern\u00e1ndez Rubio participa con dos cap\u00edtulos en un libro editado por la Universidad de Almer\u00eda - AREA LORCA RADIO\",\"isPartOf\":{\"@id\":\"https:\\\/\\\/arealorcaradio.es\\\/#website\"},\"primaryImageOfPage\":{\"@id\":\"https:\\\/\\\/arealorcaradio.es\\\/index.php\\\/2025\\\/07\\\/15\\\/el-profesor-de-literatura-y-escritor-juan-antonio-fernandez-rubio-participa-con-dos-capitulos-en-un-libro-editado-por-la-universidad-de-almeria\\\/#primaryimage\"},\"image\":{\"@id\":\"https:\\\/\\\/arealorcaradio.es\\\/index.php\\\/2025\\\/07\\\/15\\\/el-profesor-de-literatura-y-escritor-juan-antonio-fernandez-rubio-participa-con-dos-capitulos-en-un-libro-editado-por-la-universidad-de-almeria\\\/#primaryimage\"},\"thumbnailUrl\":\"https:\\\/\\\/arealorcaradio.es\\\/wp-content\\\/uploads\\\/2025\\\/07\\\/20250715_130738-scaled.jpg\",\"datePublished\":\"2025-07-15T14:21:04+00:00\",\"author\":{\"@id\":\"https:\\\/\\\/arealorcaradio.es\\\/#\\\/schema\\\/person\\\/9fae605fc25b0f2c83c1ab207139bd27\"},\"breadcrumb\":{\"@id\":\"https:\\\/\\\/arealorcaradio.es\\\/index.php\\\/2025\\\/07\\\/15\\\/el-profesor-de-literatura-y-escritor-juan-antonio-fernandez-rubio-participa-con-dos-capitulos-en-un-libro-editado-por-la-universidad-de-almeria\\\/#breadcrumb\"},\"inLanguage\":\"es\",\"potentialAction\":[{\"@type\":\"ReadAction\",\"target\":[\"https:\\\/\\\/arealorcaradio.es\\\/index.php\\\/2025\\\/07\\\/15\\\/el-profesor-de-literatura-y-escritor-juan-antonio-fernandez-rubio-participa-con-dos-capitulos-en-un-libro-editado-por-la-universidad-de-almeria\\\/\"]}]},{\"@type\":\"ImageObject\",\"inLanguage\":\"es\",\"@id\":\"https:\\\/\\\/arealorcaradio.es\\\/index.php\\\/2025\\\/07\\\/15\\\/el-profesor-de-literatura-y-escritor-juan-antonio-fernandez-rubio-participa-con-dos-capitulos-en-un-libro-editado-por-la-universidad-de-almeria\\\/#primaryimage\",\"url\":\"https:\\\/\\\/arealorcaradio.es\\\/wp-content\\\/uploads\\\/2025\\\/07\\\/20250715_130738-scaled.jpg\",\"contentUrl\":\"https:\\\/\\\/arealorcaradio.es\\\/wp-content\\\/uploads\\\/2025\\\/07\\\/20250715_130738-scaled.jpg\",\"width\":2560,\"height\":1920},{\"@type\":\"BreadcrumbList\",\"@id\":\"https:\\\/\\\/arealorcaradio.es\\\/index.php\\\/2025\\\/07\\\/15\\\/el-profesor-de-literatura-y-escritor-juan-antonio-fernandez-rubio-participa-con-dos-capitulos-en-un-libro-editado-por-la-universidad-de-almeria\\\/#breadcrumb\",\"itemListElement\":[{\"@type\":\"ListItem\",\"position\":1,\"name\":\"Portada\",\"item\":\"https:\\\/\\\/arealorcaradio.es\\\/\"},{\"@type\":\"ListItem\",\"position\":2,\"name\":\"El profesor de Literatura y escritor Juan Antonio Fern\u00e1ndez Rubio participa con dos cap\u00edtulos en un libro editado por la Universidad de Almer\u00eda\"}]},{\"@type\":\"WebSite\",\"@id\":\"https:\\\/\\\/arealorcaradio.es\\\/#website\",\"url\":\"https:\\\/\\\/arealorcaradio.es\\\/\",\"name\":\"AREA LORCA RADIO\",\"description\":\"Descubre la programaci\u00f3n actual en \u00c1rea Lorca Radio, tu fuente de entrenamiento y noticias locales. Sintoniza ahora y mantente conectado online.\",\"potentialAction\":[{\"@type\":\"SearchAction\",\"target\":{\"@type\":\"EntryPoint\",\"urlTemplate\":\"https:\\\/\\\/arealorcaradio.es\\\/?s={search_term_string}\"},\"query-input\":{\"@type\":\"PropertyValueSpecification\",\"valueRequired\":true,\"valueName\":\"search_term_string\"}}],\"inLanguage\":\"es\"},{\"@type\":\"Person\",\"@id\":\"https:\\\/\\\/arealorcaradio.es\\\/#\\\/schema\\\/person\\\/9fae605fc25b0f2c83c1ab207139bd27\",\"name\":\"Paco S\u00e1nchez\",\"image\":{\"@type\":\"ImageObject\",\"inLanguage\":\"es\",\"@id\":\"https:\\\/\\\/secure.gravatar.com\\\/avatar\\\/d67144e966420fb74aa84c9f2a0103be4724fd14db52b52d3b6bca749f257e79?s=96&d=mm&r=g\",\"url\":\"https:\\\/\\\/secure.gravatar.com\\\/avatar\\\/d67144e966420fb74aa84c9f2a0103be4724fd14db52b52d3b6bca749f257e79?s=96&d=mm&r=g\",\"contentUrl\":\"https:\\\/\\\/secure.gravatar.com\\\/avatar\\\/d67144e966420fb74aa84c9f2a0103be4724fd14db52b52d3b6bca749f257e79?s=96&d=mm&r=g\",\"caption\":\"Paco S\u00e1nchez\"},\"sameAs\":[\"https:\\\/\\\/arealorcaradio.es\"],\"url\":\"https:\\\/\\\/arealorcaradio.es\\\/index.php\\\/author\\\/admin_alorcaradio\\\/\"}]}<\/script>\n<!-- \/ Yoast SEO plugin. -->","yoast_head_json":{"title":"El profesor de Literatura y escritor Juan Antonio Fern\u00e1ndez Rubio participa con dos cap\u00edtulos en un libro editado por la Universidad de Almer\u00eda - AREA LORCA RADIO","robots":{"index":"index","follow":"follow","max-snippet":"max-snippet:-1","max-image-preview":"max-image-preview:large","max-video-preview":"max-video-preview:-1"},"canonical":"https:\/\/arealorcaradio.es\/index.php\/2025\/07\/15\/el-profesor-de-literatura-y-escritor-juan-antonio-fernandez-rubio-participa-con-dos-capitulos-en-un-libro-editado-por-la-universidad-de-almeria\/","og_locale":"es_ES","og_type":"article","og_title":"El profesor de Literatura y escritor Juan Antonio Fern\u00e1ndez Rubio participa con dos cap\u00edtulos en un libro editado por la Universidad de Almer\u00eda - AREA LORCA RADIO","og_description":"\u00c1REA LORCA RADIO. Literatura. La publicaci\u00f3n editada por la UAL titulada \u00abEducaci\u00f3n Cine y Literatura Oral\u00bb, ha sido coordinada por Nieves G\u00f3mez L\u00f3pez. En ella ha participado el profesor de Literatura Juan Antonio Fern\u00e1ndez Rubio con dos cap\u00edtulos de los que nos ha hablado en el programa magazine de \u00c1rea Lorca Radio. Escucha aqu\u00ed la [&hellip;]","og_url":"https:\/\/arealorcaradio.es\/index.php\/2025\/07\/15\/el-profesor-de-literatura-y-escritor-juan-antonio-fernandez-rubio-participa-con-dos-capitulos-en-un-libro-editado-por-la-universidad-de-almeria\/","og_site_name":"AREA LORCA RADIO","article_published_time":"2025-07-15T14:21:04+00:00","og_image":[{"width":2560,"height":1920,"url":"https:\/\/arealorcaradio.es\/wp-content\/uploads\/2025\/07\/20250715_130738-scaled.jpg","type":"image\/jpeg"}],"author":"Paco S\u00e1nchez","twitter_card":"summary_large_image","twitter_misc":{"Escrito por":"Paco S\u00e1nchez","Tiempo de lectura":"1 minuto"},"schema":{"@context":"https:\/\/schema.org","@graph":[{"@type":"Article","@id":"https:\/\/arealorcaradio.es\/index.php\/2025\/07\/15\/el-profesor-de-literatura-y-escritor-juan-antonio-fernandez-rubio-participa-con-dos-capitulos-en-un-libro-editado-por-la-universidad-de-almeria\/#article","isPartOf":{"@id":"https:\/\/arealorcaradio.es\/index.php\/2025\/07\/15\/el-profesor-de-literatura-y-escritor-juan-antonio-fernandez-rubio-participa-con-dos-capitulos-en-un-libro-editado-por-la-universidad-de-almeria\/"},"author":{"name":"Paco S\u00e1nchez","@id":"https:\/\/arealorcaradio.es\/#\/schema\/person\/9fae605fc25b0f2c83c1ab207139bd27"},"headline":"El profesor de Literatura y escritor Juan Antonio Fern\u00e1ndez Rubio participa con dos cap\u00edtulos en un libro editado por la Universidad de Almer\u00eda","datePublished":"2025-07-15T14:21:04+00:00","mainEntityOfPage":{"@id":"https:\/\/arealorcaradio.es\/index.php\/2025\/07\/15\/el-profesor-de-literatura-y-escritor-juan-antonio-fernandez-rubio-participa-con-dos-capitulos-en-un-libro-editado-por-la-universidad-de-almeria\/"},"wordCount":131,"commentCount":0,"image":{"@id":"https:\/\/arealorcaradio.es\/index.php\/2025\/07\/15\/el-profesor-de-literatura-y-escritor-juan-antonio-fernandez-rubio-participa-con-dos-capitulos-en-un-libro-editado-por-la-universidad-de-almeria\/#primaryimage"},"thumbnailUrl":"https:\/\/arealorcaradio.es\/wp-content\/uploads\/2025\/07\/20250715_130738-scaled.jpg","articleSection":["ACTUALIDAD","LORCA"],"inLanguage":"es","potentialAction":[{"@type":"CommentAction","name":"Comment","target":["https:\/\/arealorcaradio.es\/index.php\/2025\/07\/15\/el-profesor-de-literatura-y-escritor-juan-antonio-fernandez-rubio-participa-con-dos-capitulos-en-un-libro-editado-por-la-universidad-de-almeria\/#respond"]}]},{"@type":"WebPage","@id":"https:\/\/arealorcaradio.es\/index.php\/2025\/07\/15\/el-profesor-de-literatura-y-escritor-juan-antonio-fernandez-rubio-participa-con-dos-capitulos-en-un-libro-editado-por-la-universidad-de-almeria\/","url":"https:\/\/arealorcaradio.es\/index.php\/2025\/07\/15\/el-profesor-de-literatura-y-escritor-juan-antonio-fernandez-rubio-participa-con-dos-capitulos-en-un-libro-editado-por-la-universidad-de-almeria\/","name":"El profesor de Literatura y escritor Juan Antonio Fern\u00e1ndez Rubio participa con dos cap\u00edtulos en un libro editado por la Universidad de Almer\u00eda - AREA LORCA RADIO","isPartOf":{"@id":"https:\/\/arealorcaradio.es\/#website"},"primaryImageOfPage":{"@id":"https:\/\/arealorcaradio.es\/index.php\/2025\/07\/15\/el-profesor-de-literatura-y-escritor-juan-antonio-fernandez-rubio-participa-con-dos-capitulos-en-un-libro-editado-por-la-universidad-de-almeria\/#primaryimage"},"image":{"@id":"https:\/\/arealorcaradio.es\/index.php\/2025\/07\/15\/el-profesor-de-literatura-y-escritor-juan-antonio-fernandez-rubio-participa-con-dos-capitulos-en-un-libro-editado-por-la-universidad-de-almeria\/#primaryimage"},"thumbnailUrl":"https:\/\/arealorcaradio.es\/wp-content\/uploads\/2025\/07\/20250715_130738-scaled.jpg","datePublished":"2025-07-15T14:21:04+00:00","author":{"@id":"https:\/\/arealorcaradio.es\/#\/schema\/person\/9fae605fc25b0f2c83c1ab207139bd27"},"breadcrumb":{"@id":"https:\/\/arealorcaradio.es\/index.php\/2025\/07\/15\/el-profesor-de-literatura-y-escritor-juan-antonio-fernandez-rubio-participa-con-dos-capitulos-en-un-libro-editado-por-la-universidad-de-almeria\/#breadcrumb"},"inLanguage":"es","potentialAction":[{"@type":"ReadAction","target":["https:\/\/arealorcaradio.es\/index.php\/2025\/07\/15\/el-profesor-de-literatura-y-escritor-juan-antonio-fernandez-rubio-participa-con-dos-capitulos-en-un-libro-editado-por-la-universidad-de-almeria\/"]}]},{"@type":"ImageObject","inLanguage":"es","@id":"https:\/\/arealorcaradio.es\/index.php\/2025\/07\/15\/el-profesor-de-literatura-y-escritor-juan-antonio-fernandez-rubio-participa-con-dos-capitulos-en-un-libro-editado-por-la-universidad-de-almeria\/#primaryimage","url":"https:\/\/arealorcaradio.es\/wp-content\/uploads\/2025\/07\/20250715_130738-scaled.jpg","contentUrl":"https:\/\/arealorcaradio.es\/wp-content\/uploads\/2025\/07\/20250715_130738-scaled.jpg","width":2560,"height":1920},{"@type":"BreadcrumbList","@id":"https:\/\/arealorcaradio.es\/index.php\/2025\/07\/15\/el-profesor-de-literatura-y-escritor-juan-antonio-fernandez-rubio-participa-con-dos-capitulos-en-un-libro-editado-por-la-universidad-de-almeria\/#breadcrumb","itemListElement":[{"@type":"ListItem","position":1,"name":"Portada","item":"https:\/\/arealorcaradio.es\/"},{"@type":"ListItem","position":2,"name":"El profesor de Literatura y escritor Juan Antonio Fern\u00e1ndez Rubio participa con dos cap\u00edtulos en un libro editado por la Universidad de Almer\u00eda"}]},{"@type":"WebSite","@id":"https:\/\/arealorcaradio.es\/#website","url":"https:\/\/arealorcaradio.es\/","name":"AREA LORCA RADIO","description":"Descubre la programaci\u00f3n actual en \u00c1rea Lorca Radio, tu fuente de entrenamiento y noticias locales. Sintoniza ahora y mantente conectado online.","potentialAction":[{"@type":"SearchAction","target":{"@type":"EntryPoint","urlTemplate":"https:\/\/arealorcaradio.es\/?s={search_term_string}"},"query-input":{"@type":"PropertyValueSpecification","valueRequired":true,"valueName":"search_term_string"}}],"inLanguage":"es"},{"@type":"Person","@id":"https:\/\/arealorcaradio.es\/#\/schema\/person\/9fae605fc25b0f2c83c1ab207139bd27","name":"Paco S\u00e1nchez","image":{"@type":"ImageObject","inLanguage":"es","@id":"https:\/\/secure.gravatar.com\/avatar\/d67144e966420fb74aa84c9f2a0103be4724fd14db52b52d3b6bca749f257e79?s=96&d=mm&r=g","url":"https:\/\/secure.gravatar.com\/avatar\/d67144e966420fb74aa84c9f2a0103be4724fd14db52b52d3b6bca749f257e79?s=96&d=mm&r=g","contentUrl":"https:\/\/secure.gravatar.com\/avatar\/d67144e966420fb74aa84c9f2a0103be4724fd14db52b52d3b6bca749f257e79?s=96&d=mm&r=g","caption":"Paco S\u00e1nchez"},"sameAs":["https:\/\/arealorcaradio.es"],"url":"https:\/\/arealorcaradio.es\/index.php\/author\/admin_alorcaradio\/"}]}},"_links":{"self":[{"href":"https:\/\/arealorcaradio.es\/index.php\/wp-json\/wp\/v2\/posts\/7318","targetHints":{"allow":["GET"]}}],"collection":[{"href":"https:\/\/arealorcaradio.es\/index.php\/wp-json\/wp\/v2\/posts"}],"about":[{"href":"https:\/\/arealorcaradio.es\/index.php\/wp-json\/wp\/v2\/types\/post"}],"author":[{"embeddable":true,"href":"https:\/\/arealorcaradio.es\/index.php\/wp-json\/wp\/v2\/users\/1"}],"replies":[{"embeddable":true,"href":"https:\/\/arealorcaradio.es\/index.php\/wp-json\/wp\/v2\/comments?post=7318"}],"version-history":[{"count":3,"href":"https:\/\/arealorcaradio.es\/index.php\/wp-json\/wp\/v2\/posts\/7318\/revisions"}],"predecessor-version":[{"id":7325,"href":"https:\/\/arealorcaradio.es\/index.php\/wp-json\/wp\/v2\/posts\/7318\/revisions\/7325"}],"wp:featuredmedia":[{"embeddable":true,"href":"https:\/\/arealorcaradio.es\/index.php\/wp-json\/wp\/v2\/media\/7320"}],"wp:attachment":[{"href":"https:\/\/arealorcaradio.es\/index.php\/wp-json\/wp\/v2\/media?parent=7318"}],"wp:term":[{"taxonomy":"category","embeddable":true,"href":"https:\/\/arealorcaradio.es\/index.php\/wp-json\/wp\/v2\/categories?post=7318"},{"taxonomy":"post_tag","embeddable":true,"href":"https:\/\/arealorcaradio.es\/index.php\/wp-json\/wp\/v2\/tags?post=7318"}],"curies":[{"name":"wp","href":"https:\/\/api.w.org\/{rel}","templated":true}]}}