{"id":7315,"date":"2025-07-15T07:21:53","date_gmt":"2025-07-15T07:21:53","guid":{"rendered":"https:\/\/arealorcaradio.es\/?p=7315"},"modified":"2025-07-15T07:21:53","modified_gmt":"2025-07-15T07:21:53","slug":"el-gobierno-regional-lanza-la-nueva-convocatoria-de-ayudas-para-la-reactivacion-del-casco-historico-de-lorca","status":"publish","type":"post","link":"https:\/\/arealorcaradio.es\/index.php\/2025\/07\/15\/el-gobierno-regional-lanza-la-nueva-convocatoria-de-ayudas-para-la-reactivacion-del-casco-historico-de-lorca\/","title":{"rendered":"El Gobierno regional lanza la nueva convocatoria de ayudas para la reactivaci\u00f3n del casco hist\u00f3rico de Lorca"},"content":{"rendered":"<p><strong>\u00c1REA LORCA RADIO.\u00a0<\/strong><b><a name=\"v1_Hlk170810521\"><\/a><\/b><\/p>\n<div class=\"v1elementToProof\"><b>15.07.2025.<\/b> La Consejer\u00eda de Empresa, Empleo y Econom\u00eda Social, a trav\u00e9s del Instituto de Fomento (INFO), ha publicado en el <u><a id=\"v1OWAabcab83a-8af8-8aed-8efd-f46ef3b27048\" class=\"v1OWAAutoLink\" href=\"https:\/\/eur05.safelinks.protection.outlook.com\/?url=https%3A%2F%2Fwww.borm.es%2F%23%2Fhome%2Fanuncio%2F11-07-2025%2F3406&amp;data=05%7C02%7CMEDIOS_REGIONALES_LORCA%40LISTAS.CARM.ES%7C28045e3e92054456d8c208ddc066a67b%7Ca88b9f941a954624b67a855d708276bb%7C0%7C0%7C638878269586876045%7CUnknown%7CTWFpbGZsb3d8eyJFbXB0eU1hcGkiOnRydWUsIlYiOiIwLjAuMDAwMCIsIlAiOiJXaW4zMiIsIkFOIjoiTWFpbCIsIldUIjoyfQ%3D%3D%7C0%7C%7C%7C&amp;sdata=ccp3885X5ZIFX8OfPoLoeouw30MjeTrJ%2FfkK6TDI3zY%3D&amp;reserved=0\" target=\"_blank\" rel=\"noopener noreferrer\">Bolet\u00edn Oficial de la Regi\u00f3n de Murcia (BORM)<\/a><\/u>\u00a0la nueva convocatoria de ayudas destinadas a la reactivaci\u00f3n econ\u00f3mica y comercial del casco hist\u00f3rico de Lorca, que cuenta con una dotaci\u00f3n de 250.000 euros. Se trata de la cuarta convocatoria de una l\u00ednea que se puso en marcha en el a\u00f1o 2023 y que ha permitido destinar ya 1,3 millones de euros, incluyendo la nueva partida, \u00aba dar vida al patrimonio arquitect\u00f3nico, hist\u00f3rico y cultural del casco antiguo de la Ciudad del Sol\u00bb, se\u00f1al\u00f3 la consejera de Empresa, Empleo y Econom\u00eda Social, Marisa L\u00f3pez Arag\u00f3n.<\/div>\n<div><\/div>\n<div class=\"v1elementToProof\">Los destinatarios de estas ayudas son las empresas, personas f\u00edsicas y jur\u00eddicas, con independencia de su tama\u00f1o, que desarrollen una actividad domiciliada en el \u00e1rea del Plan Director para la recuperaci\u00f3n del conjunto hist\u00f3rico de Lorca e incluida entre las actividades econ\u00f3micas descritas en la normativa reguladora de las bases de la ayuda.<\/div>\n<div><\/div>\n<div class=\"v1elementToProof\">El objeto es la realizaci\u00f3n de obras de acondicionamiento de locales de negocio, incluidos los trabajos de dise\u00f1o y proyectos t\u00e9cnicos; instalaciones t\u00e9cnicas de saneamiento; climatizaci\u00f3n; electricidad o seguridad; mobiliario nuevo y bienes de equipo nuevos. Los solicitantes pueden presentar inversiones iniciadas desde el 1 de enero de 2025 y\u00a0no finalizadas antes de la presentaci\u00f3n de la solicitud por un importe m\u00ednimo de 10.000 euros.\u00a0Las ayudas a fondo perdido comprenden el 70 por ciento de la inversi\u00f3n hasta un m\u00e1ximo de 30.000 euros por beneficiario.<\/div>\n<div class=\"v1elementToProof\">Esta l\u00ednea de ayudas recibi\u00f3 en sus anteriores convocatorias hasta 104 solicitudes, siendo 43 las entidades beneficiarias de 1,05 millones de euros en subvenci\u00f3n, que han movilizado 3,79 millones de euros en inversi\u00f3n en la zona, \u00ablo que demuestra el gran inter\u00e9s que ha despertado una l\u00ednea de subvenciones de eficacia contrastada, puesto que cada euro que destina a las ayudas se multiplica por tres en inversi\u00f3n en la reactivaci\u00f3n econ\u00f3mica del casco antiguo de Lorca\u00bb, se\u00f1al\u00f3 L\u00f3pez Arag\u00f3n.<\/div>\n<div><\/div>\n<div class=\"v1elementToProof\">Las solicitudes pueden presentarse desde ma\u00f1ana hasta el 11 de octubre en la\u00a0<u><a id=\"v1OWA4be11204-db44-431b-5e8b-0afed3c7e195\" class=\"v1OWAAutoLink\" href=\"https:\/\/eur05.safelinks.protection.outlook.com\/?url=https%3A%2F%2Fwww.institutofomentomurcia.es%2Fweb%2Fportal%2Fconvocatorias-activas%3Fp_p_id%3Dinfo_agenda_web_INSTANCE_NbG12fh1FKCI%26p_p_lifecycle%3D0%26p_p_state%3Dnormal%26p_p_mode%3Dview%26p_p_col_id%3Dcolumn-2%26p_p_col_pos%3D4%26p_p_col_count%3D8%26_info_agenda_web_INSTANCE_NbG12fh1FKCI_eventoId%3D3947874%26_info_agenda_web_INSTANCE_NbG12fh1FKCI_instanceId%3DNbG12fh1FKCI%26_info_agenda_web_INSTANCE_NbG12fh1FKCI_mvcPath%3D%252Fview_agenda_evento_detalle.jsp%26_info_agenda_web_INSTANCE_NbG12fh1FKCI_titulo%3Dayuda-info-reactivacion-comercial%252Feconomica-del-casco-historico-de-lorca&amp;data=05%7C02%7CMEDIOS_REGIONALES_LORCA%40LISTAS.CARM.ES%7C28045e3e92054456d8c208ddc066a67b%7Ca88b9f941a954624b67a855d708276bb%7C0%7C0%7C638878269586916457%7CUnknown%7CTWFpbGZsb3d8eyJFbXB0eU1hcGkiOnRydWUsIlYiOiIwLjAuMDAwMCIsIlAiOiJXaW4zMiIsIkFOIjoiTWFpbCIsIldUIjoyfQ%3D%3D%7C0%7C%7C%7C&amp;sdata=FZBwxdhJhf29Nzf7MCZSIc%2BigPpj94mQORrqslaYWnQ%3D&amp;reserved=0\" target=\"_blank\" rel=\"noopener noreferrer\">sede electr\u00f3nica del Instituto de Fomento de la Regi\u00f3n de Murcia.<\/a><\/u><\/div>\n","protected":false},"excerpt":{"rendered":"<p>\u00c1REA LORCA RADIO.\u00a0 15.07.2025. La Consejer\u00eda de Empresa, Empleo y Econom\u00eda Social, a trav\u00e9s del Instituto de Fomento (INFO), ha publicado en el Bolet\u00edn Oficial de la Regi\u00f3n de Murcia (BORM)\u00a0la nueva convocatoria de ayudas destinadas a la reactivaci\u00f3n econ\u00f3mica y comercial del casco hist\u00f3rico de Lorca, que cuenta con una dotaci\u00f3n de 250.000 euros. [&hellip;]<\/p>\n","protected":false},"author":1,"featured_media":7316,"comment_status":"open","ping_status":"open","sticky":false,"template":"","format":"standard","meta":{"iawp_total_views":16,"footnotes":""},"categories":[5,7],"tags":[],"class_list":["post-7315","post","type-post","status-publish","format-standard","has-post-thumbnail","hentry","category-actualidad","category-lorca"],"yoast_head":"<!-- This site is optimized with the Yoast SEO plugin v27.5 - https:\/\/yoast.com\/product\/yoast-seo-wordpress\/ -->\n<title>El Gobierno regional lanza la nueva convocatoria de ayudas para la reactivaci\u00f3n del casco hist\u00f3rico de Lorca - AREA LORCA RADIO<\/title>\n<meta name=\"robots\" content=\"index, follow, max-snippet:-1, max-image-preview:large, max-video-preview:-1\" \/>\n<link rel=\"canonical\" href=\"https:\/\/arealorcaradio.es\/index.php\/2025\/07\/15\/el-gobierno-regional-lanza-la-nueva-convocatoria-de-ayudas-para-la-reactivacion-del-casco-historico-de-lorca\/\" \/>\n<meta property=\"og:locale\" content=\"es_ES\" \/>\n<meta property=\"og:type\" content=\"article\" \/>\n<meta property=\"og:title\" content=\"El Gobierno regional lanza la nueva convocatoria de ayudas para la reactivaci\u00f3n del casco hist\u00f3rico de Lorca - AREA LORCA RADIO\" \/>\n<meta property=\"og:description\" content=\"\u00c1REA LORCA RADIO.\u00a0 15.07.2025. La Consejer\u00eda de Empresa, Empleo y Econom\u00eda Social, a trav\u00e9s del Instituto de Fomento (INFO), ha publicado en el Bolet\u00edn Oficial de la Regi\u00f3n de Murcia (BORM)\u00a0la nueva convocatoria de ayudas destinadas a la reactivaci\u00f3n econ\u00f3mica y comercial del casco hist\u00f3rico de Lorca, que cuenta con una dotaci\u00f3n de 250.000 euros. [&hellip;]\" \/>\n<meta property=\"og:url\" content=\"https:\/\/arealorcaradio.es\/index.php\/2025\/07\/15\/el-gobierno-regional-lanza-la-nueva-convocatoria-de-ayudas-para-la-reactivacion-del-casco-historico-de-lorca\/\" \/>\n<meta property=\"og:site_name\" content=\"AREA LORCA RADIO\" \/>\n<meta property=\"article:published_time\" content=\"2025-07-15T07:21:53+00:00\" \/>\n<meta property=\"og:image\" content=\"https:\/\/arealorcaradio.es\/wp-content\/uploads\/2025\/07\/20250711AyudasCascoHistoricodeLorca.jpg\" \/>\n\t<meta property=\"og:image:width\" content=\"1600\" \/>\n\t<meta property=\"og:image:height\" content=\"1200\" \/>\n\t<meta property=\"og:image:type\" content=\"image\/jpeg\" \/>\n<meta name=\"author\" content=\"Paco S\u00e1nchez\" \/>\n<meta name=\"twitter:card\" content=\"summary_large_image\" \/>\n<meta name=\"twitter:label1\" content=\"Escrito por\" \/>\n\t<meta name=\"twitter:data1\" content=\"Paco S\u00e1nchez\" \/>\n\t<meta name=\"twitter:label2\" content=\"Tiempo de lectura\" \/>\n\t<meta name=\"twitter:data2\" content=\"2 minutos\" \/>\n<script type=\"application\/ld+json\" class=\"yoast-schema-graph\">{\"@context\":\"https:\\\/\\\/schema.org\",\"@graph\":[{\"@type\":\"Article\",\"@id\":\"https:\\\/\\\/arealorcaradio.es\\\/index.php\\\/2025\\\/07\\\/15\\\/el-gobierno-regional-lanza-la-nueva-convocatoria-de-ayudas-para-la-reactivacion-del-casco-historico-de-lorca\\\/#article\",\"isPartOf\":{\"@id\":\"https:\\\/\\\/arealorcaradio.es\\\/index.php\\\/2025\\\/07\\\/15\\\/el-gobierno-regional-lanza-la-nueva-convocatoria-de-ayudas-para-la-reactivacion-del-casco-historico-de-lorca\\\/\"},\"author\":{\"name\":\"Paco S\u00e1nchez\",\"@id\":\"https:\\\/\\\/arealorcaradio.es\\\/#\\\/schema\\\/person\\\/9fae605fc25b0f2c83c1ab207139bd27\"},\"headline\":\"El Gobierno regional lanza la nueva convocatoria de ayudas para la reactivaci\u00f3n del casco hist\u00f3rico de Lorca\",\"datePublished\":\"2025-07-15T07:21:53+00:00\",\"mainEntityOfPage\":{\"@id\":\"https:\\\/\\\/arealorcaradio.es\\\/index.php\\\/2025\\\/07\\\/15\\\/el-gobierno-regional-lanza-la-nueva-convocatoria-de-ayudas-para-la-reactivacion-del-casco-historico-de-lorca\\\/\"},\"wordCount\":411,\"commentCount\":0,\"image\":{\"@id\":\"https:\\\/\\\/arealorcaradio.es\\\/index.php\\\/2025\\\/07\\\/15\\\/el-gobierno-regional-lanza-la-nueva-convocatoria-de-ayudas-para-la-reactivacion-del-casco-historico-de-lorca\\\/#primaryimage\"},\"thumbnailUrl\":\"https:\\\/\\\/arealorcaradio.es\\\/wp-content\\\/uploads\\\/2025\\\/07\\\/20250711AyudasCascoHistoricodeLorca.jpg\",\"articleSection\":[\"ACTUALIDAD\",\"LORCA\"],\"inLanguage\":\"es\",\"potentialAction\":[{\"@type\":\"CommentAction\",\"name\":\"Comment\",\"target\":[\"https:\\\/\\\/arealorcaradio.es\\\/index.php\\\/2025\\\/07\\\/15\\\/el-gobierno-regional-lanza-la-nueva-convocatoria-de-ayudas-para-la-reactivacion-del-casco-historico-de-lorca\\\/#respond\"]}]},{\"@type\":\"WebPage\",\"@id\":\"https:\\\/\\\/arealorcaradio.es\\\/index.php\\\/2025\\\/07\\\/15\\\/el-gobierno-regional-lanza-la-nueva-convocatoria-de-ayudas-para-la-reactivacion-del-casco-historico-de-lorca\\\/\",\"url\":\"https:\\\/\\\/arealorcaradio.es\\\/index.php\\\/2025\\\/07\\\/15\\\/el-gobierno-regional-lanza-la-nueva-convocatoria-de-ayudas-para-la-reactivacion-del-casco-historico-de-lorca\\\/\",\"name\":\"El Gobierno regional lanza la nueva convocatoria de ayudas para la reactivaci\u00f3n del casco hist\u00f3rico de Lorca - AREA LORCA RADIO\",\"isPartOf\":{\"@id\":\"https:\\\/\\\/arealorcaradio.es\\\/#website\"},\"primaryImageOfPage\":{\"@id\":\"https:\\\/\\\/arealorcaradio.es\\\/index.php\\\/2025\\\/07\\\/15\\\/el-gobierno-regional-lanza-la-nueva-convocatoria-de-ayudas-para-la-reactivacion-del-casco-historico-de-lorca\\\/#primaryimage\"},\"image\":{\"@id\":\"https:\\\/\\\/arealorcaradio.es\\\/index.php\\\/2025\\\/07\\\/15\\\/el-gobierno-regional-lanza-la-nueva-convocatoria-de-ayudas-para-la-reactivacion-del-casco-historico-de-lorca\\\/#primaryimage\"},\"thumbnailUrl\":\"https:\\\/\\\/arealorcaradio.es\\\/wp-content\\\/uploads\\\/2025\\\/07\\\/20250711AyudasCascoHistoricodeLorca.jpg\",\"datePublished\":\"2025-07-15T07:21:53+00:00\",\"author\":{\"@id\":\"https:\\\/\\\/arealorcaradio.es\\\/#\\\/schema\\\/person\\\/9fae605fc25b0f2c83c1ab207139bd27\"},\"breadcrumb\":{\"@id\":\"https:\\\/\\\/arealorcaradio.es\\\/index.php\\\/2025\\\/07\\\/15\\\/el-gobierno-regional-lanza-la-nueva-convocatoria-de-ayudas-para-la-reactivacion-del-casco-historico-de-lorca\\\/#breadcrumb\"},\"inLanguage\":\"es\",\"potentialAction\":[{\"@type\":\"ReadAction\",\"target\":[\"https:\\\/\\\/arealorcaradio.es\\\/index.php\\\/2025\\\/07\\\/15\\\/el-gobierno-regional-lanza-la-nueva-convocatoria-de-ayudas-para-la-reactivacion-del-casco-historico-de-lorca\\\/\"]}]},{\"@type\":\"ImageObject\",\"inLanguage\":\"es\",\"@id\":\"https:\\\/\\\/arealorcaradio.es\\\/index.php\\\/2025\\\/07\\\/15\\\/el-gobierno-regional-lanza-la-nueva-convocatoria-de-ayudas-para-la-reactivacion-del-casco-historico-de-lorca\\\/#primaryimage\",\"url\":\"https:\\\/\\\/arealorcaradio.es\\\/wp-content\\\/uploads\\\/2025\\\/07\\\/20250711AyudasCascoHistoricodeLorca.jpg\",\"contentUrl\":\"https:\\\/\\\/arealorcaradio.es\\\/wp-content\\\/uploads\\\/2025\\\/07\\\/20250711AyudasCascoHistoricodeLorca.jpg\",\"width\":1600,\"height\":1200},{\"@type\":\"BreadcrumbList\",\"@id\":\"https:\\\/\\\/arealorcaradio.es\\\/index.php\\\/2025\\\/07\\\/15\\\/el-gobierno-regional-lanza-la-nueva-convocatoria-de-ayudas-para-la-reactivacion-del-casco-historico-de-lorca\\\/#breadcrumb\",\"itemListElement\":[{\"@type\":\"ListItem\",\"position\":1,\"name\":\"Portada\",\"item\":\"https:\\\/\\\/arealorcaradio.es\\\/\"},{\"@type\":\"ListItem\",\"position\":2,\"name\":\"El Gobierno regional lanza la nueva convocatoria de ayudas para la reactivaci\u00f3n del casco hist\u00f3rico de Lorca\"}]},{\"@type\":\"WebSite\",\"@id\":\"https:\\\/\\\/arealorcaradio.es\\\/#website\",\"url\":\"https:\\\/\\\/arealorcaradio.es\\\/\",\"name\":\"AREA LORCA RADIO\",\"description\":\"Descubre la programaci\u00f3n actual en \u00c1rea Lorca Radio, tu fuente de entrenamiento y noticias locales. Sintoniza ahora y mantente conectado online.\",\"potentialAction\":[{\"@type\":\"SearchAction\",\"target\":{\"@type\":\"EntryPoint\",\"urlTemplate\":\"https:\\\/\\\/arealorcaradio.es\\\/?s={search_term_string}\"},\"query-input\":{\"@type\":\"PropertyValueSpecification\",\"valueRequired\":true,\"valueName\":\"search_term_string\"}}],\"inLanguage\":\"es\"},{\"@type\":\"Person\",\"@id\":\"https:\\\/\\\/arealorcaradio.es\\\/#\\\/schema\\\/person\\\/9fae605fc25b0f2c83c1ab207139bd27\",\"name\":\"Paco S\u00e1nchez\",\"image\":{\"@type\":\"ImageObject\",\"inLanguage\":\"es\",\"@id\":\"https:\\\/\\\/secure.gravatar.com\\\/avatar\\\/d67144e966420fb74aa84c9f2a0103be4724fd14db52b52d3b6bca749f257e79?s=96&d=mm&r=g\",\"url\":\"https:\\\/\\\/secure.gravatar.com\\\/avatar\\\/d67144e966420fb74aa84c9f2a0103be4724fd14db52b52d3b6bca749f257e79?s=96&d=mm&r=g\",\"contentUrl\":\"https:\\\/\\\/secure.gravatar.com\\\/avatar\\\/d67144e966420fb74aa84c9f2a0103be4724fd14db52b52d3b6bca749f257e79?s=96&d=mm&r=g\",\"caption\":\"Paco S\u00e1nchez\"},\"sameAs\":[\"https:\\\/\\\/arealorcaradio.es\"],\"url\":\"https:\\\/\\\/arealorcaradio.es\\\/index.php\\\/author\\\/admin_alorcaradio\\\/\"}]}<\/script>\n<!-- \/ Yoast SEO plugin. -->","yoast_head_json":{"title":"El Gobierno regional lanza la nueva convocatoria de ayudas para la reactivaci\u00f3n del casco hist\u00f3rico de Lorca - AREA LORCA RADIO","robots":{"index":"index","follow":"follow","max-snippet":"max-snippet:-1","max-image-preview":"max-image-preview:large","max-video-preview":"max-video-preview:-1"},"canonical":"https:\/\/arealorcaradio.es\/index.php\/2025\/07\/15\/el-gobierno-regional-lanza-la-nueva-convocatoria-de-ayudas-para-la-reactivacion-del-casco-historico-de-lorca\/","og_locale":"es_ES","og_type":"article","og_title":"El Gobierno regional lanza la nueva convocatoria de ayudas para la reactivaci\u00f3n del casco hist\u00f3rico de Lorca - AREA LORCA RADIO","og_description":"\u00c1REA LORCA RADIO.\u00a0 15.07.2025. La Consejer\u00eda de Empresa, Empleo y Econom\u00eda Social, a trav\u00e9s del Instituto de Fomento (INFO), ha publicado en el Bolet\u00edn Oficial de la Regi\u00f3n de Murcia (BORM)\u00a0la nueva convocatoria de ayudas destinadas a la reactivaci\u00f3n econ\u00f3mica y comercial del casco hist\u00f3rico de Lorca, que cuenta con una dotaci\u00f3n de 250.000 euros. [&hellip;]","og_url":"https:\/\/arealorcaradio.es\/index.php\/2025\/07\/15\/el-gobierno-regional-lanza-la-nueva-convocatoria-de-ayudas-para-la-reactivacion-del-casco-historico-de-lorca\/","og_site_name":"AREA LORCA RADIO","article_published_time":"2025-07-15T07:21:53+00:00","og_image":[{"width":1600,"height":1200,"url":"https:\/\/arealorcaradio.es\/wp-content\/uploads\/2025\/07\/20250711AyudasCascoHistoricodeLorca.jpg","type":"image\/jpeg"}],"author":"Paco S\u00e1nchez","twitter_card":"summary_large_image","twitter_misc":{"Escrito por":"Paco S\u00e1nchez","Tiempo de lectura":"2 minutos"},"schema":{"@context":"https:\/\/schema.org","@graph":[{"@type":"Article","@id":"https:\/\/arealorcaradio.es\/index.php\/2025\/07\/15\/el-gobierno-regional-lanza-la-nueva-convocatoria-de-ayudas-para-la-reactivacion-del-casco-historico-de-lorca\/#article","isPartOf":{"@id":"https:\/\/arealorcaradio.es\/index.php\/2025\/07\/15\/el-gobierno-regional-lanza-la-nueva-convocatoria-de-ayudas-para-la-reactivacion-del-casco-historico-de-lorca\/"},"author":{"name":"Paco S\u00e1nchez","@id":"https:\/\/arealorcaradio.es\/#\/schema\/person\/9fae605fc25b0f2c83c1ab207139bd27"},"headline":"El Gobierno regional lanza la nueva convocatoria de ayudas para la reactivaci\u00f3n del casco hist\u00f3rico de Lorca","datePublished":"2025-07-15T07:21:53+00:00","mainEntityOfPage":{"@id":"https:\/\/arealorcaradio.es\/index.php\/2025\/07\/15\/el-gobierno-regional-lanza-la-nueva-convocatoria-de-ayudas-para-la-reactivacion-del-casco-historico-de-lorca\/"},"wordCount":411,"commentCount":0,"image":{"@id":"https:\/\/arealorcaradio.es\/index.php\/2025\/07\/15\/el-gobierno-regional-lanza-la-nueva-convocatoria-de-ayudas-para-la-reactivacion-del-casco-historico-de-lorca\/#primaryimage"},"thumbnailUrl":"https:\/\/arealorcaradio.es\/wp-content\/uploads\/2025\/07\/20250711AyudasCascoHistoricodeLorca.jpg","articleSection":["ACTUALIDAD","LORCA"],"inLanguage":"es","potentialAction":[{"@type":"CommentAction","name":"Comment","target":["https:\/\/arealorcaradio.es\/index.php\/2025\/07\/15\/el-gobierno-regional-lanza-la-nueva-convocatoria-de-ayudas-para-la-reactivacion-del-casco-historico-de-lorca\/#respond"]}]},{"@type":"WebPage","@id":"https:\/\/arealorcaradio.es\/index.php\/2025\/07\/15\/el-gobierno-regional-lanza-la-nueva-convocatoria-de-ayudas-para-la-reactivacion-del-casco-historico-de-lorca\/","url":"https:\/\/arealorcaradio.es\/index.php\/2025\/07\/15\/el-gobierno-regional-lanza-la-nueva-convocatoria-de-ayudas-para-la-reactivacion-del-casco-historico-de-lorca\/","name":"El Gobierno regional lanza la nueva convocatoria de ayudas para la reactivaci\u00f3n del casco hist\u00f3rico de Lorca - AREA LORCA RADIO","isPartOf":{"@id":"https:\/\/arealorcaradio.es\/#website"},"primaryImageOfPage":{"@id":"https:\/\/arealorcaradio.es\/index.php\/2025\/07\/15\/el-gobierno-regional-lanza-la-nueva-convocatoria-de-ayudas-para-la-reactivacion-del-casco-historico-de-lorca\/#primaryimage"},"image":{"@id":"https:\/\/arealorcaradio.es\/index.php\/2025\/07\/15\/el-gobierno-regional-lanza-la-nueva-convocatoria-de-ayudas-para-la-reactivacion-del-casco-historico-de-lorca\/#primaryimage"},"thumbnailUrl":"https:\/\/arealorcaradio.es\/wp-content\/uploads\/2025\/07\/20250711AyudasCascoHistoricodeLorca.jpg","datePublished":"2025-07-15T07:21:53+00:00","author":{"@id":"https:\/\/arealorcaradio.es\/#\/schema\/person\/9fae605fc25b0f2c83c1ab207139bd27"},"breadcrumb":{"@id":"https:\/\/arealorcaradio.es\/index.php\/2025\/07\/15\/el-gobierno-regional-lanza-la-nueva-convocatoria-de-ayudas-para-la-reactivacion-del-casco-historico-de-lorca\/#breadcrumb"},"inLanguage":"es","potentialAction":[{"@type":"ReadAction","target":["https:\/\/arealorcaradio.es\/index.php\/2025\/07\/15\/el-gobierno-regional-lanza-la-nueva-convocatoria-de-ayudas-para-la-reactivacion-del-casco-historico-de-lorca\/"]}]},{"@type":"ImageObject","inLanguage":"es","@id":"https:\/\/arealorcaradio.es\/index.php\/2025\/07\/15\/el-gobierno-regional-lanza-la-nueva-convocatoria-de-ayudas-para-la-reactivacion-del-casco-historico-de-lorca\/#primaryimage","url":"https:\/\/arealorcaradio.es\/wp-content\/uploads\/2025\/07\/20250711AyudasCascoHistoricodeLorca.jpg","contentUrl":"https:\/\/arealorcaradio.es\/wp-content\/uploads\/2025\/07\/20250711AyudasCascoHistoricodeLorca.jpg","width":1600,"height":1200},{"@type":"BreadcrumbList","@id":"https:\/\/arealorcaradio.es\/index.php\/2025\/07\/15\/el-gobierno-regional-lanza-la-nueva-convocatoria-de-ayudas-para-la-reactivacion-del-casco-historico-de-lorca\/#breadcrumb","itemListElement":[{"@type":"ListItem","position":1,"name":"Portada","item":"https:\/\/arealorcaradio.es\/"},{"@type":"ListItem","position":2,"name":"El Gobierno regional lanza la nueva convocatoria de ayudas para la reactivaci\u00f3n del casco hist\u00f3rico de Lorca"}]},{"@type":"WebSite","@id":"https:\/\/arealorcaradio.es\/#website","url":"https:\/\/arealorcaradio.es\/","name":"AREA LORCA RADIO","description":"Descubre la programaci\u00f3n actual en \u00c1rea Lorca Radio, tu fuente de entrenamiento y noticias locales. Sintoniza ahora y mantente conectado online.","potentialAction":[{"@type":"SearchAction","target":{"@type":"EntryPoint","urlTemplate":"https:\/\/arealorcaradio.es\/?s={search_term_string}"},"query-input":{"@type":"PropertyValueSpecification","valueRequired":true,"valueName":"search_term_string"}}],"inLanguage":"es"},{"@type":"Person","@id":"https:\/\/arealorcaradio.es\/#\/schema\/person\/9fae605fc25b0f2c83c1ab207139bd27","name":"Paco S\u00e1nchez","image":{"@type":"ImageObject","inLanguage":"es","@id":"https:\/\/secure.gravatar.com\/avatar\/d67144e966420fb74aa84c9f2a0103be4724fd14db52b52d3b6bca749f257e79?s=96&d=mm&r=g","url":"https:\/\/secure.gravatar.com\/avatar\/d67144e966420fb74aa84c9f2a0103be4724fd14db52b52d3b6bca749f257e79?s=96&d=mm&r=g","contentUrl":"https:\/\/secure.gravatar.com\/avatar\/d67144e966420fb74aa84c9f2a0103be4724fd14db52b52d3b6bca749f257e79?s=96&d=mm&r=g","caption":"Paco S\u00e1nchez"},"sameAs":["https:\/\/arealorcaradio.es"],"url":"https:\/\/arealorcaradio.es\/index.php\/author\/admin_alorcaradio\/"}]}},"_links":{"self":[{"href":"https:\/\/arealorcaradio.es\/index.php\/wp-json\/wp\/v2\/posts\/7315","targetHints":{"allow":["GET"]}}],"collection":[{"href":"https:\/\/arealorcaradio.es\/index.php\/wp-json\/wp\/v2\/posts"}],"about":[{"href":"https:\/\/arealorcaradio.es\/index.php\/wp-json\/wp\/v2\/types\/post"}],"author":[{"embeddable":true,"href":"https:\/\/arealorcaradio.es\/index.php\/wp-json\/wp\/v2\/users\/1"}],"replies":[{"embeddable":true,"href":"https:\/\/arealorcaradio.es\/index.php\/wp-json\/wp\/v2\/comments?post=7315"}],"version-history":[{"count":1,"href":"https:\/\/arealorcaradio.es\/index.php\/wp-json\/wp\/v2\/posts\/7315\/revisions"}],"predecessor-version":[{"id":7317,"href":"https:\/\/arealorcaradio.es\/index.php\/wp-json\/wp\/v2\/posts\/7315\/revisions\/7317"}],"wp:featuredmedia":[{"embeddable":true,"href":"https:\/\/arealorcaradio.es\/index.php\/wp-json\/wp\/v2\/media\/7316"}],"wp:attachment":[{"href":"https:\/\/arealorcaradio.es\/index.php\/wp-json\/wp\/v2\/media?parent=7315"}],"wp:term":[{"taxonomy":"category","embeddable":true,"href":"https:\/\/arealorcaradio.es\/index.php\/wp-json\/wp\/v2\/categories?post=7315"},{"taxonomy":"post_tag","embeddable":true,"href":"https:\/\/arealorcaradio.es\/index.php\/wp-json\/wp\/v2\/tags?post=7315"}],"curies":[{"name":"wp","href":"https:\/\/api.w.org\/{rel}","templated":true}]}}