{"id":7307,"date":"2025-07-15T07:05:44","date_gmt":"2025-07-15T07:05:44","guid":{"rendered":"https:\/\/arealorcaradio.es\/?p=7307"},"modified":"2025-07-15T07:05:44","modified_gmt":"2025-07-15T07:05:44","slug":"arrancan-las-obras-para-que-el-colegio-de-torrecilla-disponga-el-proximo-curso-de-un-comedor-y-cocina","status":"publish","type":"post","link":"https:\/\/arealorcaradio.es\/index.php\/2025\/07\/15\/arrancan-las-obras-para-que-el-colegio-de-torrecilla-disponga-el-proximo-curso-de-un-comedor-y-cocina\/","title":{"rendered":"Arrancan las obras para que el colegio de Torrecilla disponga el pr\u00f3ximo curso de un comedor y cocina \u00a0"},"content":{"rendered":"<p><strong>\u00c1REA LORCA RADIO. Educaci\u00f3n.<\/strong><\/p>\n<p class=\"v1MsoNormal\"><b>Martes, 15 de julio de 2025. <\/b>El colegio de Torrecilla est\u00e1 en obras. Se han iniciado los trabajos necesarios para acondicionar un comedor y una cocina en el CEIP Torrecilla que se llevar\u00e1n a cabo durante las vacaciones escolares para no interferir en la actividad docente. \u00abCon esta actuaci\u00f3n atendemos una petici\u00f3n de los vecinos de Torrecilla que permitir\u00e1 el pr\u00f3ximo curso contar con comedor en su colegio\u00bb, ha afirmado este lunes la edil de Educaci\u00f3n y Fomento y Empleo, Rosa Mar\u00eda Medina M\u00ednguez.<\/p>\n<p class=\"v1MsoNormal\"><img loading=\"lazy\" decoding=\"async\" class=\"alignnone size-medium wp-image-7308\" src=\"https:\/\/arealorcaradio.es\/wp-content\/uploads\/2025\/07\/FOTO2-26-300x200.jpeg\" alt=\"\" width=\"300\" height=\"200\" srcset=\"https:\/\/arealorcaradio.es\/wp-content\/uploads\/2025\/07\/FOTO2-26-300x200.jpeg 300w, https:\/\/arealorcaradio.es\/wp-content\/uploads\/2025\/07\/FOTO2-26-1024x682.jpeg 1024w, https:\/\/arealorcaradio.es\/wp-content\/uploads\/2025\/07\/FOTO2-26-768x512.jpeg 768w, https:\/\/arealorcaradio.es\/wp-content\/uploads\/2025\/07\/FOTO2-26-1536x1023.jpeg 1536w, https:\/\/arealorcaradio.es\/wp-content\/uploads\/2025\/07\/FOTO2-26.jpeg 1600w\" sizes=\"auto, (max-width: 300px) 100vw, 300px\" \/> <img loading=\"lazy\" decoding=\"async\" class=\"alignnone size-medium wp-image-7309\" src=\"https:\/\/arealorcaradio.es\/wp-content\/uploads\/2025\/07\/FOTO1-42-300x200.jpeg\" alt=\"\" width=\"300\" height=\"200\" srcset=\"https:\/\/arealorcaradio.es\/wp-content\/uploads\/2025\/07\/FOTO1-42-300x200.jpeg 300w, https:\/\/arealorcaradio.es\/wp-content\/uploads\/2025\/07\/FOTO1-42-1024x682.jpeg 1024w, https:\/\/arealorcaradio.es\/wp-content\/uploads\/2025\/07\/FOTO1-42-768x512.jpeg 768w, https:\/\/arealorcaradio.es\/wp-content\/uploads\/2025\/07\/FOTO1-42-1536x1023.jpeg 1536w, https:\/\/arealorcaradio.es\/wp-content\/uploads\/2025\/07\/FOTO1-42.jpeg 1600w\" sizes=\"auto, (max-width: 300px) 100vw, 300px\" \/><\/p>\n<p class=\"v1MsoNormal\">\u00a0\u00a0\u00a0\u00a0\u00a0\u00a0\u00a0\u00a0\u00a0\u00a0\u00a0 Los trabajos los est\u00e1n ejecutando, seg\u00fan ha contado, \u00abuna treintena de alumnos del Programa Experiencial Beta de las disciplinas de Alba\u00f1iler\u00eda, 9 alumnos y 2 monitores; Fontaner\u00eda, 10 alumnos y 2 monitores; y Electricidad, 9 alumnos y 1 monitor. Todos, del Programa Experiencial Beta. Se desarrollar\u00e1n a lo largo de todo el mes de julio, durante las vacaciones escolares, para no obstaculizar las labores educativas de alumnos y profesorado\u00bb.<\/p>\n<p class=\"v1MsoNormal\"><img loading=\"lazy\" decoding=\"async\" class=\"alignnone size-medium wp-image-7312\" src=\"https:\/\/arealorcaradio.es\/wp-content\/uploads\/2025\/07\/FOTO4-19-300x200.jpeg\" alt=\"\" width=\"300\" height=\"200\" srcset=\"https:\/\/arealorcaradio.es\/wp-content\/uploads\/2025\/07\/FOTO4-19-300x200.jpeg 300w, https:\/\/arealorcaradio.es\/wp-content\/uploads\/2025\/07\/FOTO4-19-1024x682.jpeg 1024w, https:\/\/arealorcaradio.es\/wp-content\/uploads\/2025\/07\/FOTO4-19-768x512.jpeg 768w, https:\/\/arealorcaradio.es\/wp-content\/uploads\/2025\/07\/FOTO4-19-1536x1023.jpeg 1536w, https:\/\/arealorcaradio.es\/wp-content\/uploads\/2025\/07\/FOTO4-19.jpeg 1600w\" sizes=\"auto, (max-width: 300px) 100vw, 300px\" \/><\/p>\n<p class=\"v1MsoNormal\">\u00a0\u00a0\u00a0\u00a0\u00a0\u00a0\u00a0\u00a0\u00a0\u00a0\u00a0 Las obras que se est\u00e1n desarrollando son la \u00abdemolici\u00f3n de tabique divisor, levantamiento de 15 metros cuadrados de tabique pladur, alicatada de 45 metros cuadrados de azulejo blanco; instalaci\u00f3n de fontaner\u00eda necesaria en la cocina para albergar un fregadero, lavavajillas y lavadora; instalaci\u00f3n el\u00e9ctrica necesaria para todos los electrodom\u00e9sticos (mesa caliente, frigor\u00edfico y microondas); y pintura del comedor\u00bb, ha detallado la edil de Educaci\u00f3n, Fomento y Empleo.<\/p>\n<p class=\"v1MsoNormal\">\n<p class=\"v1MsoNormal\">\u00a0\u00a0\u00a0\u00a0\u00a0\u00a0\u00a0\u00a0\u00a0\u00a0\u00a0 Medina M\u00ednguez ha visitado los trabajos que est\u00e1n muy avanzados a pesar de que se acaban de iniciar. \u00abLlevan un ritmo muy bueno, lo que nos hace presagiar que estar\u00e1n concluidos a lo largo de este mes o principios de agosto. De esta forma, se podr\u00e1n ejecutar los acabados a base de pintura y limpieza para que est\u00e9n concluidos de cara al comienzo del pr\u00f3ximo curso escolar\u00bb.<\/p>\n<p class=\"v1MsoNormal\">\n<p class=\"v1MsoNormal\">\u00a0\u00a0\u00a0\u00a0\u00a0\u00a0\u00a0\u00a0\u00a0\u00a0\u00a0 La edil ha insistido en la necesidad de esta infraestructura, demandada por la comunidad escolar, pero tambi\u00e9n por los vecinos. \u00abEs una reivindicaci\u00f3n necesaria que hab\u00eda que atender para prestar el servicio que precisaban los alumnos y que repercutir\u00e1 en sus familias. Es una puesta a punto que precisaba este colegio y que acometemos desde la Concejal\u00eda de Desarrollo Local y Empleo, despu\u00e9s del anuncio de la Consejer\u00eda de Educaci\u00f3n de que el Ceip Torrecilla contar\u00e1 con comedor el pr\u00f3ximo curso\u00bb.<\/p>\n<p class=\"v1MsoNormal\">\n<p class=\"v1MsoNormal\">\u00a0\u00a0\u00a0\u00a0\u00a0\u00a0\u00a0\u00a0\u00a0\u00a0\u00a0 Los costes de ejecuci\u00f3n ser\u00e1n m\u00ednimos, \u00abya que los trabajos los ejecutan alumnos y monitores del Programa Experiencial Beta, por lo que la inversi\u00f3n en mano de obra ser\u00e1 cero. \u00danicamente habr\u00e1 que hacer frente al montante de los materiales que a\u00fan no se han cuantificado, pero que no ser\u00e1 muy elevados\u00bb, ha explicado la edil, que ha vuelto a insistir en la importancia de estos programas de Empleo. \u00abPermiten la incorporaci\u00f3n al mercado laboral de personas que est\u00e1n desempleadas. Aprenden un oficio con clases te\u00f3ricas y pr\u00e1cticas. Precisamente con estas ejecuciones pueden trabajar en ejemplos pr\u00e1cticos de lo que ser\u00e1 en un futuro no muy lejano su profesi\u00f3n. Dirigidos por los monitores realizar\u00e1n instalaciones el\u00e9ctricas, de fontaner\u00eda y de construcci\u00f3n. Un trabajo del que se beneficiar\u00e1n los lorquinos\u00bb.<\/p>\n<p class=\"v1MsoNormal\">\n<p class=\"v1MsoNormal\">\u00a0\u00a0\u00a0\u00a0\u00a0\u00a0\u00a0\u00a0\u00a0\u00a0\u00a0 La edil ha supervisado el inicio de las obras en compa\u00f1\u00eda de la directora del Colegio de Torrecilla, Silvia Nastida. Ambas han podido comprobar las primeras demoliciones y el trabajo que se ha comenzado a ejecutar para acondicionar los espacios para acoger el futuro comedor y cocina del centro escolar.<\/p>\n","protected":false},"excerpt":{"rendered":"<p>\u00c1REA LORCA RADIO. Educaci\u00f3n. Martes, 15 de julio de 2025. El colegio de Torrecilla est\u00e1 en obras. Se han iniciado los trabajos necesarios para acondicionar un comedor y una cocina en el CEIP Torrecilla que se llevar\u00e1n a cabo durante las vacaciones escolares para no interferir en la actividad docente. \u00abCon esta actuaci\u00f3n atendemos una [&hellip;]<\/p>\n","protected":false},"author":1,"featured_media":7313,"comment_status":"open","ping_status":"open","sticky":false,"template":"","format":"standard","meta":{"iawp_total_views":12,"footnotes":""},"categories":[5,7],"tags":[],"class_list":["post-7307","post","type-post","status-publish","format-standard","has-post-thumbnail","hentry","category-actualidad","category-lorca"],"yoast_head":"<!-- This site is optimized with the Yoast SEO plugin v27.5 - https:\/\/yoast.com\/product\/yoast-seo-wordpress\/ -->\n<title>Arrancan las obras para que el colegio de Torrecilla disponga el pr\u00f3ximo curso de un comedor y cocina \u00a0 - AREA LORCA RADIO<\/title>\n<meta name=\"robots\" content=\"index, follow, max-snippet:-1, max-image-preview:large, max-video-preview:-1\" \/>\n<link rel=\"canonical\" href=\"https:\/\/arealorcaradio.es\/index.php\/2025\/07\/15\/arrancan-las-obras-para-que-el-colegio-de-torrecilla-disponga-el-proximo-curso-de-un-comedor-y-cocina\/\" \/>\n<meta property=\"og:locale\" content=\"es_ES\" \/>\n<meta property=\"og:type\" content=\"article\" \/>\n<meta property=\"og:title\" content=\"Arrancan las obras para que el colegio de Torrecilla disponga el pr\u00f3ximo curso de un comedor y cocina \u00a0 - AREA LORCA RADIO\" \/>\n<meta property=\"og:description\" content=\"\u00c1REA LORCA RADIO. Educaci\u00f3n. Martes, 15 de julio de 2025. El colegio de Torrecilla est\u00e1 en obras. Se han iniciado los trabajos necesarios para acondicionar un comedor y una cocina en el CEIP Torrecilla que se llevar\u00e1n a cabo durante las vacaciones escolares para no interferir en la actividad docente. \u00abCon esta actuaci\u00f3n atendemos una [&hellip;]\" \/>\n<meta property=\"og:url\" content=\"https:\/\/arealorcaradio.es\/index.php\/2025\/07\/15\/arrancan-las-obras-para-que-el-colegio-de-torrecilla-disponga-el-proximo-curso-de-un-comedor-y-cocina\/\" \/>\n<meta property=\"og:site_name\" content=\"AREA LORCA RADIO\" \/>\n<meta property=\"article:published_time\" content=\"2025-07-15T07:05:44+00:00\" \/>\n<meta property=\"og:image\" content=\"https:\/\/arealorcaradio.es\/wp-content\/uploads\/2025\/07\/FOTO3-25.jpeg\" \/>\n\t<meta property=\"og:image:width\" content=\"1600\" \/>\n\t<meta property=\"og:image:height\" content=\"1066\" \/>\n\t<meta property=\"og:image:type\" content=\"image\/jpeg\" \/>\n<meta name=\"author\" content=\"Paco S\u00e1nchez\" \/>\n<meta name=\"twitter:card\" content=\"summary_large_image\" \/>\n<meta name=\"twitter:label1\" content=\"Escrito por\" \/>\n\t<meta name=\"twitter:data1\" content=\"Paco S\u00e1nchez\" \/>\n\t<meta name=\"twitter:label2\" content=\"Tiempo de lectura\" \/>\n\t<meta name=\"twitter:data2\" content=\"4 minutos\" \/>\n<script type=\"application\/ld+json\" class=\"yoast-schema-graph\">{\"@context\":\"https:\\\/\\\/schema.org\",\"@graph\":[{\"@type\":\"Article\",\"@id\":\"https:\\\/\\\/arealorcaradio.es\\\/index.php\\\/2025\\\/07\\\/15\\\/arrancan-las-obras-para-que-el-colegio-de-torrecilla-disponga-el-proximo-curso-de-un-comedor-y-cocina\\\/#article\",\"isPartOf\":{\"@id\":\"https:\\\/\\\/arealorcaradio.es\\\/index.php\\\/2025\\\/07\\\/15\\\/arrancan-las-obras-para-que-el-colegio-de-torrecilla-disponga-el-proximo-curso-de-un-comedor-y-cocina\\\/\"},\"author\":{\"name\":\"Paco S\u00e1nchez\",\"@id\":\"https:\\\/\\\/arealorcaradio.es\\\/#\\\/schema\\\/person\\\/9fae605fc25b0f2c83c1ab207139bd27\"},\"headline\":\"Arrancan las obras para que el colegio de Torrecilla disponga el pr\u00f3ximo curso de un comedor y cocina \u00a0\",\"datePublished\":\"2025-07-15T07:05:44+00:00\",\"mainEntityOfPage\":{\"@id\":\"https:\\\/\\\/arealorcaradio.es\\\/index.php\\\/2025\\\/07\\\/15\\\/arrancan-las-obras-para-que-el-colegio-de-torrecilla-disponga-el-proximo-curso-de-un-comedor-y-cocina\\\/\"},\"wordCount\":614,\"commentCount\":0,\"image\":{\"@id\":\"https:\\\/\\\/arealorcaradio.es\\\/index.php\\\/2025\\\/07\\\/15\\\/arrancan-las-obras-para-que-el-colegio-de-torrecilla-disponga-el-proximo-curso-de-un-comedor-y-cocina\\\/#primaryimage\"},\"thumbnailUrl\":\"https:\\\/\\\/arealorcaradio.es\\\/wp-content\\\/uploads\\\/2025\\\/07\\\/FOTO3-25.jpeg\",\"articleSection\":[\"ACTUALIDAD\",\"LORCA\"],\"inLanguage\":\"es\",\"potentialAction\":[{\"@type\":\"CommentAction\",\"name\":\"Comment\",\"target\":[\"https:\\\/\\\/arealorcaradio.es\\\/index.php\\\/2025\\\/07\\\/15\\\/arrancan-las-obras-para-que-el-colegio-de-torrecilla-disponga-el-proximo-curso-de-un-comedor-y-cocina\\\/#respond\"]}]},{\"@type\":\"WebPage\",\"@id\":\"https:\\\/\\\/arealorcaradio.es\\\/index.php\\\/2025\\\/07\\\/15\\\/arrancan-las-obras-para-que-el-colegio-de-torrecilla-disponga-el-proximo-curso-de-un-comedor-y-cocina\\\/\",\"url\":\"https:\\\/\\\/arealorcaradio.es\\\/index.php\\\/2025\\\/07\\\/15\\\/arrancan-las-obras-para-que-el-colegio-de-torrecilla-disponga-el-proximo-curso-de-un-comedor-y-cocina\\\/\",\"name\":\"Arrancan las obras para que el colegio de Torrecilla disponga el pr\u00f3ximo curso de un comedor y cocina \u00a0 - AREA LORCA RADIO\",\"isPartOf\":{\"@id\":\"https:\\\/\\\/arealorcaradio.es\\\/#website\"},\"primaryImageOfPage\":{\"@id\":\"https:\\\/\\\/arealorcaradio.es\\\/index.php\\\/2025\\\/07\\\/15\\\/arrancan-las-obras-para-que-el-colegio-de-torrecilla-disponga-el-proximo-curso-de-un-comedor-y-cocina\\\/#primaryimage\"},\"image\":{\"@id\":\"https:\\\/\\\/arealorcaradio.es\\\/index.php\\\/2025\\\/07\\\/15\\\/arrancan-las-obras-para-que-el-colegio-de-torrecilla-disponga-el-proximo-curso-de-un-comedor-y-cocina\\\/#primaryimage\"},\"thumbnailUrl\":\"https:\\\/\\\/arealorcaradio.es\\\/wp-content\\\/uploads\\\/2025\\\/07\\\/FOTO3-25.jpeg\",\"datePublished\":\"2025-07-15T07:05:44+00:00\",\"author\":{\"@id\":\"https:\\\/\\\/arealorcaradio.es\\\/#\\\/schema\\\/person\\\/9fae605fc25b0f2c83c1ab207139bd27\"},\"breadcrumb\":{\"@id\":\"https:\\\/\\\/arealorcaradio.es\\\/index.php\\\/2025\\\/07\\\/15\\\/arrancan-las-obras-para-que-el-colegio-de-torrecilla-disponga-el-proximo-curso-de-un-comedor-y-cocina\\\/#breadcrumb\"},\"inLanguage\":\"es\",\"potentialAction\":[{\"@type\":\"ReadAction\",\"target\":[\"https:\\\/\\\/arealorcaradio.es\\\/index.php\\\/2025\\\/07\\\/15\\\/arrancan-las-obras-para-que-el-colegio-de-torrecilla-disponga-el-proximo-curso-de-un-comedor-y-cocina\\\/\"]}]},{\"@type\":\"ImageObject\",\"inLanguage\":\"es\",\"@id\":\"https:\\\/\\\/arealorcaradio.es\\\/index.php\\\/2025\\\/07\\\/15\\\/arrancan-las-obras-para-que-el-colegio-de-torrecilla-disponga-el-proximo-curso-de-un-comedor-y-cocina\\\/#primaryimage\",\"url\":\"https:\\\/\\\/arealorcaradio.es\\\/wp-content\\\/uploads\\\/2025\\\/07\\\/FOTO3-25.jpeg\",\"contentUrl\":\"https:\\\/\\\/arealorcaradio.es\\\/wp-content\\\/uploads\\\/2025\\\/07\\\/FOTO3-25.jpeg\",\"width\":1600,\"height\":1066},{\"@type\":\"BreadcrumbList\",\"@id\":\"https:\\\/\\\/arealorcaradio.es\\\/index.php\\\/2025\\\/07\\\/15\\\/arrancan-las-obras-para-que-el-colegio-de-torrecilla-disponga-el-proximo-curso-de-un-comedor-y-cocina\\\/#breadcrumb\",\"itemListElement\":[{\"@type\":\"ListItem\",\"position\":1,\"name\":\"Portada\",\"item\":\"https:\\\/\\\/arealorcaradio.es\\\/\"},{\"@type\":\"ListItem\",\"position\":2,\"name\":\"Arrancan las obras para que el colegio de Torrecilla disponga el pr\u00f3ximo curso de un comedor y cocina \u00a0\"}]},{\"@type\":\"WebSite\",\"@id\":\"https:\\\/\\\/arealorcaradio.es\\\/#website\",\"url\":\"https:\\\/\\\/arealorcaradio.es\\\/\",\"name\":\"AREA LORCA RADIO\",\"description\":\"Descubre la programaci\u00f3n actual en \u00c1rea Lorca Radio, tu fuente de entrenamiento y noticias locales. Sintoniza ahora y mantente conectado online.\",\"potentialAction\":[{\"@type\":\"SearchAction\",\"target\":{\"@type\":\"EntryPoint\",\"urlTemplate\":\"https:\\\/\\\/arealorcaradio.es\\\/?s={search_term_string}\"},\"query-input\":{\"@type\":\"PropertyValueSpecification\",\"valueRequired\":true,\"valueName\":\"search_term_string\"}}],\"inLanguage\":\"es\"},{\"@type\":\"Person\",\"@id\":\"https:\\\/\\\/arealorcaradio.es\\\/#\\\/schema\\\/person\\\/9fae605fc25b0f2c83c1ab207139bd27\",\"name\":\"Paco S\u00e1nchez\",\"image\":{\"@type\":\"ImageObject\",\"inLanguage\":\"es\",\"@id\":\"https:\\\/\\\/secure.gravatar.com\\\/avatar\\\/d67144e966420fb74aa84c9f2a0103be4724fd14db52b52d3b6bca749f257e79?s=96&d=mm&r=g\",\"url\":\"https:\\\/\\\/secure.gravatar.com\\\/avatar\\\/d67144e966420fb74aa84c9f2a0103be4724fd14db52b52d3b6bca749f257e79?s=96&d=mm&r=g\",\"contentUrl\":\"https:\\\/\\\/secure.gravatar.com\\\/avatar\\\/d67144e966420fb74aa84c9f2a0103be4724fd14db52b52d3b6bca749f257e79?s=96&d=mm&r=g\",\"caption\":\"Paco S\u00e1nchez\"},\"sameAs\":[\"https:\\\/\\\/arealorcaradio.es\"],\"url\":\"https:\\\/\\\/arealorcaradio.es\\\/index.php\\\/author\\\/admin_alorcaradio\\\/\"}]}<\/script>\n<!-- \/ Yoast SEO plugin. -->","yoast_head_json":{"title":"Arrancan las obras para que el colegio de Torrecilla disponga el pr\u00f3ximo curso de un comedor y cocina \u00a0 - AREA LORCA RADIO","robots":{"index":"index","follow":"follow","max-snippet":"max-snippet:-1","max-image-preview":"max-image-preview:large","max-video-preview":"max-video-preview:-1"},"canonical":"https:\/\/arealorcaradio.es\/index.php\/2025\/07\/15\/arrancan-las-obras-para-que-el-colegio-de-torrecilla-disponga-el-proximo-curso-de-un-comedor-y-cocina\/","og_locale":"es_ES","og_type":"article","og_title":"Arrancan las obras para que el colegio de Torrecilla disponga el pr\u00f3ximo curso de un comedor y cocina \u00a0 - AREA LORCA RADIO","og_description":"\u00c1REA LORCA RADIO. Educaci\u00f3n. Martes, 15 de julio de 2025. El colegio de Torrecilla est\u00e1 en obras. Se han iniciado los trabajos necesarios para acondicionar un comedor y una cocina en el CEIP Torrecilla que se llevar\u00e1n a cabo durante las vacaciones escolares para no interferir en la actividad docente. \u00abCon esta actuaci\u00f3n atendemos una [&hellip;]","og_url":"https:\/\/arealorcaradio.es\/index.php\/2025\/07\/15\/arrancan-las-obras-para-que-el-colegio-de-torrecilla-disponga-el-proximo-curso-de-un-comedor-y-cocina\/","og_site_name":"AREA LORCA RADIO","article_published_time":"2025-07-15T07:05:44+00:00","og_image":[{"width":1600,"height":1066,"url":"https:\/\/arealorcaradio.es\/wp-content\/uploads\/2025\/07\/FOTO3-25.jpeg","type":"image\/jpeg"}],"author":"Paco S\u00e1nchez","twitter_card":"summary_large_image","twitter_misc":{"Escrito por":"Paco S\u00e1nchez","Tiempo de lectura":"4 minutos"},"schema":{"@context":"https:\/\/schema.org","@graph":[{"@type":"Article","@id":"https:\/\/arealorcaradio.es\/index.php\/2025\/07\/15\/arrancan-las-obras-para-que-el-colegio-de-torrecilla-disponga-el-proximo-curso-de-un-comedor-y-cocina\/#article","isPartOf":{"@id":"https:\/\/arealorcaradio.es\/index.php\/2025\/07\/15\/arrancan-las-obras-para-que-el-colegio-de-torrecilla-disponga-el-proximo-curso-de-un-comedor-y-cocina\/"},"author":{"name":"Paco S\u00e1nchez","@id":"https:\/\/arealorcaradio.es\/#\/schema\/person\/9fae605fc25b0f2c83c1ab207139bd27"},"headline":"Arrancan las obras para que el colegio de Torrecilla disponga el pr\u00f3ximo curso de un comedor y cocina \u00a0","datePublished":"2025-07-15T07:05:44+00:00","mainEntityOfPage":{"@id":"https:\/\/arealorcaradio.es\/index.php\/2025\/07\/15\/arrancan-las-obras-para-que-el-colegio-de-torrecilla-disponga-el-proximo-curso-de-un-comedor-y-cocina\/"},"wordCount":614,"commentCount":0,"image":{"@id":"https:\/\/arealorcaradio.es\/index.php\/2025\/07\/15\/arrancan-las-obras-para-que-el-colegio-de-torrecilla-disponga-el-proximo-curso-de-un-comedor-y-cocina\/#primaryimage"},"thumbnailUrl":"https:\/\/arealorcaradio.es\/wp-content\/uploads\/2025\/07\/FOTO3-25.jpeg","articleSection":["ACTUALIDAD","LORCA"],"inLanguage":"es","potentialAction":[{"@type":"CommentAction","name":"Comment","target":["https:\/\/arealorcaradio.es\/index.php\/2025\/07\/15\/arrancan-las-obras-para-que-el-colegio-de-torrecilla-disponga-el-proximo-curso-de-un-comedor-y-cocina\/#respond"]}]},{"@type":"WebPage","@id":"https:\/\/arealorcaradio.es\/index.php\/2025\/07\/15\/arrancan-las-obras-para-que-el-colegio-de-torrecilla-disponga-el-proximo-curso-de-un-comedor-y-cocina\/","url":"https:\/\/arealorcaradio.es\/index.php\/2025\/07\/15\/arrancan-las-obras-para-que-el-colegio-de-torrecilla-disponga-el-proximo-curso-de-un-comedor-y-cocina\/","name":"Arrancan las obras para que el colegio de Torrecilla disponga el pr\u00f3ximo curso de un comedor y cocina \u00a0 - AREA LORCA RADIO","isPartOf":{"@id":"https:\/\/arealorcaradio.es\/#website"},"primaryImageOfPage":{"@id":"https:\/\/arealorcaradio.es\/index.php\/2025\/07\/15\/arrancan-las-obras-para-que-el-colegio-de-torrecilla-disponga-el-proximo-curso-de-un-comedor-y-cocina\/#primaryimage"},"image":{"@id":"https:\/\/arealorcaradio.es\/index.php\/2025\/07\/15\/arrancan-las-obras-para-que-el-colegio-de-torrecilla-disponga-el-proximo-curso-de-un-comedor-y-cocina\/#primaryimage"},"thumbnailUrl":"https:\/\/arealorcaradio.es\/wp-content\/uploads\/2025\/07\/FOTO3-25.jpeg","datePublished":"2025-07-15T07:05:44+00:00","author":{"@id":"https:\/\/arealorcaradio.es\/#\/schema\/person\/9fae605fc25b0f2c83c1ab207139bd27"},"breadcrumb":{"@id":"https:\/\/arealorcaradio.es\/index.php\/2025\/07\/15\/arrancan-las-obras-para-que-el-colegio-de-torrecilla-disponga-el-proximo-curso-de-un-comedor-y-cocina\/#breadcrumb"},"inLanguage":"es","potentialAction":[{"@type":"ReadAction","target":["https:\/\/arealorcaradio.es\/index.php\/2025\/07\/15\/arrancan-las-obras-para-que-el-colegio-de-torrecilla-disponga-el-proximo-curso-de-un-comedor-y-cocina\/"]}]},{"@type":"ImageObject","inLanguage":"es","@id":"https:\/\/arealorcaradio.es\/index.php\/2025\/07\/15\/arrancan-las-obras-para-que-el-colegio-de-torrecilla-disponga-el-proximo-curso-de-un-comedor-y-cocina\/#primaryimage","url":"https:\/\/arealorcaradio.es\/wp-content\/uploads\/2025\/07\/FOTO3-25.jpeg","contentUrl":"https:\/\/arealorcaradio.es\/wp-content\/uploads\/2025\/07\/FOTO3-25.jpeg","width":1600,"height":1066},{"@type":"BreadcrumbList","@id":"https:\/\/arealorcaradio.es\/index.php\/2025\/07\/15\/arrancan-las-obras-para-que-el-colegio-de-torrecilla-disponga-el-proximo-curso-de-un-comedor-y-cocina\/#breadcrumb","itemListElement":[{"@type":"ListItem","position":1,"name":"Portada","item":"https:\/\/arealorcaradio.es\/"},{"@type":"ListItem","position":2,"name":"Arrancan las obras para que el colegio de Torrecilla disponga el pr\u00f3ximo curso de un comedor y cocina \u00a0"}]},{"@type":"WebSite","@id":"https:\/\/arealorcaradio.es\/#website","url":"https:\/\/arealorcaradio.es\/","name":"AREA LORCA RADIO","description":"Descubre la programaci\u00f3n actual en \u00c1rea Lorca Radio, tu fuente de entrenamiento y noticias locales. Sintoniza ahora y mantente conectado online.","potentialAction":[{"@type":"SearchAction","target":{"@type":"EntryPoint","urlTemplate":"https:\/\/arealorcaradio.es\/?s={search_term_string}"},"query-input":{"@type":"PropertyValueSpecification","valueRequired":true,"valueName":"search_term_string"}}],"inLanguage":"es"},{"@type":"Person","@id":"https:\/\/arealorcaradio.es\/#\/schema\/person\/9fae605fc25b0f2c83c1ab207139bd27","name":"Paco S\u00e1nchez","image":{"@type":"ImageObject","inLanguage":"es","@id":"https:\/\/secure.gravatar.com\/avatar\/d67144e966420fb74aa84c9f2a0103be4724fd14db52b52d3b6bca749f257e79?s=96&d=mm&r=g","url":"https:\/\/secure.gravatar.com\/avatar\/d67144e966420fb74aa84c9f2a0103be4724fd14db52b52d3b6bca749f257e79?s=96&d=mm&r=g","contentUrl":"https:\/\/secure.gravatar.com\/avatar\/d67144e966420fb74aa84c9f2a0103be4724fd14db52b52d3b6bca749f257e79?s=96&d=mm&r=g","caption":"Paco S\u00e1nchez"},"sameAs":["https:\/\/arealorcaradio.es"],"url":"https:\/\/arealorcaradio.es\/index.php\/author\/admin_alorcaradio\/"}]}},"_links":{"self":[{"href":"https:\/\/arealorcaradio.es\/index.php\/wp-json\/wp\/v2\/posts\/7307","targetHints":{"allow":["GET"]}}],"collection":[{"href":"https:\/\/arealorcaradio.es\/index.php\/wp-json\/wp\/v2\/posts"}],"about":[{"href":"https:\/\/arealorcaradio.es\/index.php\/wp-json\/wp\/v2\/types\/post"}],"author":[{"embeddable":true,"href":"https:\/\/arealorcaradio.es\/index.php\/wp-json\/wp\/v2\/users\/1"}],"replies":[{"embeddable":true,"href":"https:\/\/arealorcaradio.es\/index.php\/wp-json\/wp\/v2\/comments?post=7307"}],"version-history":[{"count":1,"href":"https:\/\/arealorcaradio.es\/index.php\/wp-json\/wp\/v2\/posts\/7307\/revisions"}],"predecessor-version":[{"id":7314,"href":"https:\/\/arealorcaradio.es\/index.php\/wp-json\/wp\/v2\/posts\/7307\/revisions\/7314"}],"wp:featuredmedia":[{"embeddable":true,"href":"https:\/\/arealorcaradio.es\/index.php\/wp-json\/wp\/v2\/media\/7313"}],"wp:attachment":[{"href":"https:\/\/arealorcaradio.es\/index.php\/wp-json\/wp\/v2\/media?parent=7307"}],"wp:term":[{"taxonomy":"category","embeddable":true,"href":"https:\/\/arealorcaradio.es\/index.php\/wp-json\/wp\/v2\/categories?post=7307"},{"taxonomy":"post_tag","embeddable":true,"href":"https:\/\/arealorcaradio.es\/index.php\/wp-json\/wp\/v2\/tags?post=7307"}],"curies":[{"name":"wp","href":"https:\/\/api.w.org\/{rel}","templated":true}]}}