{"id":7295,"date":"2025-07-14T09:56:29","date_gmt":"2025-07-14T09:56:29","guid":{"rendered":"https:\/\/arealorcaradio.es\/?p=7295"},"modified":"2025-07-14T09:56:29","modified_gmt":"2025-07-14T09:56:29","slug":"el-gobierno-de-lorca-adjudica-la-renovacion-del-alumbrado-ornamental-del-castillo-por-mas-de-300-000-euros","status":"publish","type":"post","link":"https:\/\/arealorcaradio.es\/index.php\/2025\/07\/14\/el-gobierno-de-lorca-adjudica-la-renovacion-del-alumbrado-ornamental-del-castillo-por-mas-de-300-000-euros\/","title":{"rendered":"El Gobierno de Lorca adjudica la renovaci\u00f3n del alumbrado ornamental del Castillo por m\u00e1s de 300.000 euros"},"content":{"rendered":"<p><strong>\u00c1REA LORCA RADIO. Servicios Industriales.<\/strong><\/p>\n<p class=\"v1MsoNormal\"><b>14 de julio de 2025.<\/b>\u00a0\u00abVamos a acometer finalmente uno de los proyectos m\u00e1s esperados del \u00faltimo a\u00f1o y medio: la renovaci\u00f3n y ampliaci\u00f3n del sistema de alumbrado ornamental del Castillo, el principal emblema patrimonial de la ciudad\u00bb. As\u00ed lo ha anunciado este lunes el concejal de Servicios Industriales del Ayuntamiento de Lorca, Antonio David S\u00e1nchez Alcaraz, durante una visita al Castillo en la que tambi\u00e9n ha informado que la actuaci\u00f3n, adjudicada por un importe final de 302.523,62 euros (IVA incluido), ha sido concedida a la empresa Industrias El\u00e9ctricas Brocal, que ha presentado la oferta m\u00e1s ventajosa de entre las 17 propuestas recibidas. Adem\u00e1s, esta adjudicaci\u00f3n se ha producido con una baja del 27,23% respecto al presupuesto base de licitaci\u00f3n, que ascend\u00eda a 415.731,55 euros.<\/p>\n<p class=\"v1MsoNormal\">\n<p class=\"v1MsoNormal\"><img loading=\"lazy\" decoding=\"async\" class=\"alignnone size-medium wp-image-7300\" src=\"https:\/\/arealorcaradio.es\/wp-content\/uploads\/2025\/07\/FOTO1-41-1-300x225.jpeg\" alt=\"\" width=\"300\" height=\"225\" srcset=\"https:\/\/arealorcaradio.es\/wp-content\/uploads\/2025\/07\/FOTO1-41-1-300x225.jpeg 300w, https:\/\/arealorcaradio.es\/wp-content\/uploads\/2025\/07\/FOTO1-41-1-1024x768.jpeg 1024w, https:\/\/arealorcaradio.es\/wp-content\/uploads\/2025\/07\/FOTO1-41-1-768x576.jpeg 768w, https:\/\/arealorcaradio.es\/wp-content\/uploads\/2025\/07\/FOTO1-41-1-1536x1152.jpeg 1536w, https:\/\/arealorcaradio.es\/wp-content\/uploads\/2025\/07\/FOTO1-41-1-86x64.jpeg 86w, https:\/\/arealorcaradio.es\/wp-content\/uploads\/2025\/07\/FOTO1-41-1.jpeg 2048w\" sizes=\"auto, (max-width: 300px) 100vw, 300px\" \/><\/p>\n<p class=\"v1MsoNormal\">De este modo, Antonio David S\u00e1nchez ha destacado la importancia de este proyecto que \u00abva mucho m\u00e1s all\u00e1 de una simple intervenci\u00f3n t\u00e9cnica. Se trata de una actuaci\u00f3n que combina eficiencia energ\u00e9tica con la puesta en valor de nuestro patrimonio. Con esta renovaci\u00f3n, el Castillo de Lorca no solo ser\u00e1 m\u00e1s visible y atractivo durante la noche, sino que adem\u00e1s lo har\u00e1 de una manera responsable con el medio ambiente, ya que el proyecto permitir\u00e1 un importante ahorro energ\u00e9tico, pasando de una potencia instalada total de 52.450 W a 12.697,5 W, lo que supone una reducci\u00f3n del 75,8%\u00bb.<\/p>\n<p class=\"v1MsoNormal\">Actualmente, varias zonas del per\u00edmetro de la muralla del Castillo permanecen sin iluminaci\u00f3n, y la instalaci\u00f3n existente se basa en tecnolog\u00edas obsoletas y poco eficientes. Esta actuaci\u00f3n incluir\u00e1 la renovaci\u00f3n integral del sistema de alumbrado exterior, sustituyendo las luminarias actuales por tecnolog\u00eda LED de \u00faltima generaci\u00f3n, especialmente dise\u00f1ada para resaltar las caracter\u00edsticas arquitect\u00f3nicas del conjunto monumental, tanto de la muralla como de ambas torres.<\/p>\n<p class=\"v1MsoNormal\">Forma parte del Plan de Sostenibilidad Tur\u00edstica del Gobierno regional, gestionado a trav\u00e9s del Instituto de Turismo de la Regi\u00f3n de Murcia, y financiado por la Uni\u00f3n Europea mediante el Plan de Recuperaci\u00f3n, Transformaci\u00f3n y Resiliencia, Fondos Next Generation.<\/p>\n<p class=\"v1MsoNormal\">\u00abVamos a iluminar el Castillo como nunca antes se ha hecho\u00bb, ha asegurado el concejal de Servicios Industriales, indicando que \u00abgracias a esta intervenci\u00f3n, podremos ofrecer una imagen nocturna espectacular, visible desde numerosos puntos de nuestro municipio, con una iluminaci\u00f3n din\u00e1mica y regulable que respetar\u00e1 el entorno y permitir\u00e1 adaptar las escenas lum\u00ednicas en funci\u00f3n de eventos, efem\u00e9rides o temporadas como Navidad, San Clemente, Feria o Semana Santa, entre otras. Adem\u00e1s, este nuevo alumbrado tambi\u00e9n enriquecer\u00e1 la experiencia de quienes visiten el castillo por la noche, sobre todo, durante los meses estivales, para seguir convirti\u00e9ndolo en un reclamo tur\u00edstico de primer nivel\u00bb.<\/p>\n<p class=\"v1MsoNormal\">S\u00e1nchez Alcaraz ha detallado que la actuaci\u00f3n se centrar\u00e1 en los tres elementos principales de la Fortaleza del Sol: la muralla perimetral exterior, la Torre Alfonsina, y la Torre del Espol\u00f3n. \u00abSe utilizar\u00e1n proyectores LED de alta eficiencia energ\u00e9tica, con control individualizado y \u00f3pticas espec\u00edficas para cada segmento, lo que permitir\u00e1 una distribuci\u00f3n uniforme de la luz sin modificar significativamente los puntos de instalaci\u00f3n actuales. En cuanto a la temperatura de color, se optar\u00e1 por tonos c\u00e1lidos ajustables entre 2200K y 3000K, que realzar\u00e1n las texturas y los relieves sin generar contaminaci\u00f3n lum\u00ednica\u00bb, ha asegurado. Adem\u00e1s, la actuaci\u00f3n imantendr\u00e1 el cableado existente y lo ampliar\u00e1 en los tramos donde hasta ahora no exist\u00eda iluminaci\u00f3n, completando as\u00ed el circuito lum\u00ednico perimetral del Castillo.<\/p>\n<p class=\"v1MsoNormal\">El contrato ha sido adjudicado exclusivamente seg\u00fan el criterio econ\u00f3mico, atendiendo a la oferta m\u00e1s ventajosa entre las presentadas y siempre cumpliendo con los requisitos t\u00e9cnicos y administrativos exigidos en los pliegos de condiciones. La mesa de contrataci\u00f3n propuso finalmente la adjudicaci\u00f3n a favor de Industrias El\u00e9ctricas Brocal, cuya oferta fue la mejor valorada por su eficiencia econ\u00f3mica y cumplimiento normativo.<\/p>\n<p class=\"v1MsoNormal\">\u00abEste es un claro ejemplo de c\u00f3mo se puede hacer m\u00e1s con menos, puesto que atendemos una demanda importante de los lorquinos, mejoramos el patrimonio, reducimos el consumo el\u00e9ctrico y lo hacemos de forma responsable y eficiente, apostando por una Lorca m\u00e1s moderna, sostenible y atractiva; y que forma parte del modelo de municipio que estamos poniendo en marcha desde el Gobierno de Lorca con el alcalde Fulgencio Gil\u00bb, ha concluido Antonio David S\u00e1nchez.<\/p>\n","protected":false},"excerpt":{"rendered":"<p>\u00c1REA LORCA RADIO. Servicios Industriales. 14 de julio de 2025.\u00a0\u00abVamos a acometer finalmente uno de los proyectos m\u00e1s esperados del \u00faltimo a\u00f1o y medio: la renovaci\u00f3n y ampliaci\u00f3n del sistema de alumbrado ornamental del Castillo, el principal emblema patrimonial de la ciudad\u00bb. As\u00ed lo ha anunciado este lunes el concejal de Servicios Industriales del Ayuntamiento [&hellip;]<\/p>\n","protected":false},"author":1,"featured_media":7300,"comment_status":"open","ping_status":"open","sticky":false,"template":"","format":"standard","meta":{"iawp_total_views":10,"footnotes":""},"categories":[5,7],"tags":[],"class_list":["post-7295","post","type-post","status-publish","format-standard","has-post-thumbnail","hentry","category-actualidad","category-lorca"],"yoast_head":"<!-- This site is optimized with the Yoast SEO plugin v27.5 - https:\/\/yoast.com\/product\/yoast-seo-wordpress\/ -->\n<title>El Gobierno de Lorca adjudica la renovaci\u00f3n del alumbrado ornamental del Castillo por m\u00e1s de 300.000 euros - AREA LORCA RADIO<\/title>\n<meta name=\"robots\" content=\"index, follow, max-snippet:-1, max-image-preview:large, max-video-preview:-1\" \/>\n<link rel=\"canonical\" href=\"https:\/\/arealorcaradio.es\/index.php\/2025\/07\/14\/el-gobierno-de-lorca-adjudica-la-renovacion-del-alumbrado-ornamental-del-castillo-por-mas-de-300-000-euros\/\" \/>\n<meta property=\"og:locale\" content=\"es_ES\" \/>\n<meta property=\"og:type\" content=\"article\" \/>\n<meta property=\"og:title\" content=\"El Gobierno de Lorca adjudica la renovaci\u00f3n del alumbrado ornamental del Castillo por m\u00e1s de 300.000 euros - AREA LORCA RADIO\" \/>\n<meta property=\"og:description\" content=\"\u00c1REA LORCA RADIO. Servicios Industriales. 14 de julio de 2025.\u00a0\u00abVamos a acometer finalmente uno de los proyectos m\u00e1s esperados del \u00faltimo a\u00f1o y medio: la renovaci\u00f3n y ampliaci\u00f3n del sistema de alumbrado ornamental del Castillo, el principal emblema patrimonial de la ciudad\u00bb. As\u00ed lo ha anunciado este lunes el concejal de Servicios Industriales del Ayuntamiento [&hellip;]\" \/>\n<meta property=\"og:url\" content=\"https:\/\/arealorcaradio.es\/index.php\/2025\/07\/14\/el-gobierno-de-lorca-adjudica-la-renovacion-del-alumbrado-ornamental-del-castillo-por-mas-de-300-000-euros\/\" \/>\n<meta property=\"og:site_name\" content=\"AREA LORCA RADIO\" \/>\n<meta property=\"article:published_time\" content=\"2025-07-14T09:56:29+00:00\" \/>\n<meta property=\"og:image\" content=\"https:\/\/arealorcaradio.es\/wp-content\/uploads\/2025\/07\/FOTO1-41-1.jpeg\" \/>\n\t<meta property=\"og:image:width\" content=\"2048\" \/>\n\t<meta property=\"og:image:height\" content=\"1536\" \/>\n\t<meta property=\"og:image:type\" content=\"image\/jpeg\" \/>\n<meta name=\"author\" content=\"Paco S\u00e1nchez\" \/>\n<meta name=\"twitter:card\" content=\"summary_large_image\" \/>\n<meta name=\"twitter:label1\" content=\"Escrito por\" \/>\n\t<meta name=\"twitter:data1\" content=\"Paco S\u00e1nchez\" \/>\n\t<meta name=\"twitter:label2\" content=\"Tiempo de lectura\" \/>\n\t<meta name=\"twitter:data2\" content=\"4 minutos\" \/>\n<script type=\"application\/ld+json\" class=\"yoast-schema-graph\">{\"@context\":\"https:\\\/\\\/schema.org\",\"@graph\":[{\"@type\":\"Article\",\"@id\":\"https:\\\/\\\/arealorcaradio.es\\\/index.php\\\/2025\\\/07\\\/14\\\/el-gobierno-de-lorca-adjudica-la-renovacion-del-alumbrado-ornamental-del-castillo-por-mas-de-300-000-euros\\\/#article\",\"isPartOf\":{\"@id\":\"https:\\\/\\\/arealorcaradio.es\\\/index.php\\\/2025\\\/07\\\/14\\\/el-gobierno-de-lorca-adjudica-la-renovacion-del-alumbrado-ornamental-del-castillo-por-mas-de-300-000-euros\\\/\"},\"author\":{\"name\":\"Paco S\u00e1nchez\",\"@id\":\"https:\\\/\\\/arealorcaradio.es\\\/#\\\/schema\\\/person\\\/9fae605fc25b0f2c83c1ab207139bd27\"},\"headline\":\"El Gobierno de Lorca adjudica la renovaci\u00f3n del alumbrado ornamental del Castillo por m\u00e1s de 300.000 euros\",\"datePublished\":\"2025-07-14T09:56:29+00:00\",\"mainEntityOfPage\":{\"@id\":\"https:\\\/\\\/arealorcaradio.es\\\/index.php\\\/2025\\\/07\\\/14\\\/el-gobierno-de-lorca-adjudica-la-renovacion-del-alumbrado-ornamental-del-castillo-por-mas-de-300-000-euros\\\/\"},\"wordCount\":780,\"commentCount\":0,\"image\":{\"@id\":\"https:\\\/\\\/arealorcaradio.es\\\/index.php\\\/2025\\\/07\\\/14\\\/el-gobierno-de-lorca-adjudica-la-renovacion-del-alumbrado-ornamental-del-castillo-por-mas-de-300-000-euros\\\/#primaryimage\"},\"thumbnailUrl\":\"https:\\\/\\\/arealorcaradio.es\\\/wp-content\\\/uploads\\\/2025\\\/07\\\/FOTO1-41-1.jpeg\",\"articleSection\":[\"ACTUALIDAD\",\"LORCA\"],\"inLanguage\":\"es\",\"potentialAction\":[{\"@type\":\"CommentAction\",\"name\":\"Comment\",\"target\":[\"https:\\\/\\\/arealorcaradio.es\\\/index.php\\\/2025\\\/07\\\/14\\\/el-gobierno-de-lorca-adjudica-la-renovacion-del-alumbrado-ornamental-del-castillo-por-mas-de-300-000-euros\\\/#respond\"]}]},{\"@type\":\"WebPage\",\"@id\":\"https:\\\/\\\/arealorcaradio.es\\\/index.php\\\/2025\\\/07\\\/14\\\/el-gobierno-de-lorca-adjudica-la-renovacion-del-alumbrado-ornamental-del-castillo-por-mas-de-300-000-euros\\\/\",\"url\":\"https:\\\/\\\/arealorcaradio.es\\\/index.php\\\/2025\\\/07\\\/14\\\/el-gobierno-de-lorca-adjudica-la-renovacion-del-alumbrado-ornamental-del-castillo-por-mas-de-300-000-euros\\\/\",\"name\":\"El Gobierno de Lorca adjudica la renovaci\u00f3n del alumbrado ornamental del Castillo por m\u00e1s de 300.000 euros - AREA LORCA RADIO\",\"isPartOf\":{\"@id\":\"https:\\\/\\\/arealorcaradio.es\\\/#website\"},\"primaryImageOfPage\":{\"@id\":\"https:\\\/\\\/arealorcaradio.es\\\/index.php\\\/2025\\\/07\\\/14\\\/el-gobierno-de-lorca-adjudica-la-renovacion-del-alumbrado-ornamental-del-castillo-por-mas-de-300-000-euros\\\/#primaryimage\"},\"image\":{\"@id\":\"https:\\\/\\\/arealorcaradio.es\\\/index.php\\\/2025\\\/07\\\/14\\\/el-gobierno-de-lorca-adjudica-la-renovacion-del-alumbrado-ornamental-del-castillo-por-mas-de-300-000-euros\\\/#primaryimage\"},\"thumbnailUrl\":\"https:\\\/\\\/arealorcaradio.es\\\/wp-content\\\/uploads\\\/2025\\\/07\\\/FOTO1-41-1.jpeg\",\"datePublished\":\"2025-07-14T09:56:29+00:00\",\"author\":{\"@id\":\"https:\\\/\\\/arealorcaradio.es\\\/#\\\/schema\\\/person\\\/9fae605fc25b0f2c83c1ab207139bd27\"},\"breadcrumb\":{\"@id\":\"https:\\\/\\\/arealorcaradio.es\\\/index.php\\\/2025\\\/07\\\/14\\\/el-gobierno-de-lorca-adjudica-la-renovacion-del-alumbrado-ornamental-del-castillo-por-mas-de-300-000-euros\\\/#breadcrumb\"},\"inLanguage\":\"es\",\"potentialAction\":[{\"@type\":\"ReadAction\",\"target\":[\"https:\\\/\\\/arealorcaradio.es\\\/index.php\\\/2025\\\/07\\\/14\\\/el-gobierno-de-lorca-adjudica-la-renovacion-del-alumbrado-ornamental-del-castillo-por-mas-de-300-000-euros\\\/\"]}]},{\"@type\":\"ImageObject\",\"inLanguage\":\"es\",\"@id\":\"https:\\\/\\\/arealorcaradio.es\\\/index.php\\\/2025\\\/07\\\/14\\\/el-gobierno-de-lorca-adjudica-la-renovacion-del-alumbrado-ornamental-del-castillo-por-mas-de-300-000-euros\\\/#primaryimage\",\"url\":\"https:\\\/\\\/arealorcaradio.es\\\/wp-content\\\/uploads\\\/2025\\\/07\\\/FOTO1-41-1.jpeg\",\"contentUrl\":\"https:\\\/\\\/arealorcaradio.es\\\/wp-content\\\/uploads\\\/2025\\\/07\\\/FOTO1-41-1.jpeg\",\"width\":2048,\"height\":1536},{\"@type\":\"BreadcrumbList\",\"@id\":\"https:\\\/\\\/arealorcaradio.es\\\/index.php\\\/2025\\\/07\\\/14\\\/el-gobierno-de-lorca-adjudica-la-renovacion-del-alumbrado-ornamental-del-castillo-por-mas-de-300-000-euros\\\/#breadcrumb\",\"itemListElement\":[{\"@type\":\"ListItem\",\"position\":1,\"name\":\"Portada\",\"item\":\"https:\\\/\\\/arealorcaradio.es\\\/\"},{\"@type\":\"ListItem\",\"position\":2,\"name\":\"El Gobierno de Lorca adjudica la renovaci\u00f3n del alumbrado ornamental del Castillo por m\u00e1s de 300.000 euros\"}]},{\"@type\":\"WebSite\",\"@id\":\"https:\\\/\\\/arealorcaradio.es\\\/#website\",\"url\":\"https:\\\/\\\/arealorcaradio.es\\\/\",\"name\":\"AREA LORCA RADIO\",\"description\":\"Descubre la programaci\u00f3n actual en \u00c1rea Lorca Radio, tu fuente de entrenamiento y noticias locales. Sintoniza ahora y mantente conectado online.\",\"potentialAction\":[{\"@type\":\"SearchAction\",\"target\":{\"@type\":\"EntryPoint\",\"urlTemplate\":\"https:\\\/\\\/arealorcaradio.es\\\/?s={search_term_string}\"},\"query-input\":{\"@type\":\"PropertyValueSpecification\",\"valueRequired\":true,\"valueName\":\"search_term_string\"}}],\"inLanguage\":\"es\"},{\"@type\":\"Person\",\"@id\":\"https:\\\/\\\/arealorcaradio.es\\\/#\\\/schema\\\/person\\\/9fae605fc25b0f2c83c1ab207139bd27\",\"name\":\"Paco S\u00e1nchez\",\"image\":{\"@type\":\"ImageObject\",\"inLanguage\":\"es\",\"@id\":\"https:\\\/\\\/secure.gravatar.com\\\/avatar\\\/d67144e966420fb74aa84c9f2a0103be4724fd14db52b52d3b6bca749f257e79?s=96&d=mm&r=g\",\"url\":\"https:\\\/\\\/secure.gravatar.com\\\/avatar\\\/d67144e966420fb74aa84c9f2a0103be4724fd14db52b52d3b6bca749f257e79?s=96&d=mm&r=g\",\"contentUrl\":\"https:\\\/\\\/secure.gravatar.com\\\/avatar\\\/d67144e966420fb74aa84c9f2a0103be4724fd14db52b52d3b6bca749f257e79?s=96&d=mm&r=g\",\"caption\":\"Paco S\u00e1nchez\"},\"sameAs\":[\"https:\\\/\\\/arealorcaradio.es\"],\"url\":\"https:\\\/\\\/arealorcaradio.es\\\/index.php\\\/author\\\/admin_alorcaradio\\\/\"}]}<\/script>\n<!-- \/ Yoast SEO plugin. -->","yoast_head_json":{"title":"El Gobierno de Lorca adjudica la renovaci\u00f3n del alumbrado ornamental del Castillo por m\u00e1s de 300.000 euros - AREA LORCA RADIO","robots":{"index":"index","follow":"follow","max-snippet":"max-snippet:-1","max-image-preview":"max-image-preview:large","max-video-preview":"max-video-preview:-1"},"canonical":"https:\/\/arealorcaradio.es\/index.php\/2025\/07\/14\/el-gobierno-de-lorca-adjudica-la-renovacion-del-alumbrado-ornamental-del-castillo-por-mas-de-300-000-euros\/","og_locale":"es_ES","og_type":"article","og_title":"El Gobierno de Lorca adjudica la renovaci\u00f3n del alumbrado ornamental del Castillo por m\u00e1s de 300.000 euros - AREA LORCA RADIO","og_description":"\u00c1REA LORCA RADIO. Servicios Industriales. 14 de julio de 2025.\u00a0\u00abVamos a acometer finalmente uno de los proyectos m\u00e1s esperados del \u00faltimo a\u00f1o y medio: la renovaci\u00f3n y ampliaci\u00f3n del sistema de alumbrado ornamental del Castillo, el principal emblema patrimonial de la ciudad\u00bb. As\u00ed lo ha anunciado este lunes el concejal de Servicios Industriales del Ayuntamiento [&hellip;]","og_url":"https:\/\/arealorcaradio.es\/index.php\/2025\/07\/14\/el-gobierno-de-lorca-adjudica-la-renovacion-del-alumbrado-ornamental-del-castillo-por-mas-de-300-000-euros\/","og_site_name":"AREA LORCA RADIO","article_published_time":"2025-07-14T09:56:29+00:00","og_image":[{"width":2048,"height":1536,"url":"https:\/\/arealorcaradio.es\/wp-content\/uploads\/2025\/07\/FOTO1-41-1.jpeg","type":"image\/jpeg"}],"author":"Paco S\u00e1nchez","twitter_card":"summary_large_image","twitter_misc":{"Escrito por":"Paco S\u00e1nchez","Tiempo de lectura":"4 minutos"},"schema":{"@context":"https:\/\/schema.org","@graph":[{"@type":"Article","@id":"https:\/\/arealorcaradio.es\/index.php\/2025\/07\/14\/el-gobierno-de-lorca-adjudica-la-renovacion-del-alumbrado-ornamental-del-castillo-por-mas-de-300-000-euros\/#article","isPartOf":{"@id":"https:\/\/arealorcaradio.es\/index.php\/2025\/07\/14\/el-gobierno-de-lorca-adjudica-la-renovacion-del-alumbrado-ornamental-del-castillo-por-mas-de-300-000-euros\/"},"author":{"name":"Paco S\u00e1nchez","@id":"https:\/\/arealorcaradio.es\/#\/schema\/person\/9fae605fc25b0f2c83c1ab207139bd27"},"headline":"El Gobierno de Lorca adjudica la renovaci\u00f3n del alumbrado ornamental del Castillo por m\u00e1s de 300.000 euros","datePublished":"2025-07-14T09:56:29+00:00","mainEntityOfPage":{"@id":"https:\/\/arealorcaradio.es\/index.php\/2025\/07\/14\/el-gobierno-de-lorca-adjudica-la-renovacion-del-alumbrado-ornamental-del-castillo-por-mas-de-300-000-euros\/"},"wordCount":780,"commentCount":0,"image":{"@id":"https:\/\/arealorcaradio.es\/index.php\/2025\/07\/14\/el-gobierno-de-lorca-adjudica-la-renovacion-del-alumbrado-ornamental-del-castillo-por-mas-de-300-000-euros\/#primaryimage"},"thumbnailUrl":"https:\/\/arealorcaradio.es\/wp-content\/uploads\/2025\/07\/FOTO1-41-1.jpeg","articleSection":["ACTUALIDAD","LORCA"],"inLanguage":"es","potentialAction":[{"@type":"CommentAction","name":"Comment","target":["https:\/\/arealorcaradio.es\/index.php\/2025\/07\/14\/el-gobierno-de-lorca-adjudica-la-renovacion-del-alumbrado-ornamental-del-castillo-por-mas-de-300-000-euros\/#respond"]}]},{"@type":"WebPage","@id":"https:\/\/arealorcaradio.es\/index.php\/2025\/07\/14\/el-gobierno-de-lorca-adjudica-la-renovacion-del-alumbrado-ornamental-del-castillo-por-mas-de-300-000-euros\/","url":"https:\/\/arealorcaradio.es\/index.php\/2025\/07\/14\/el-gobierno-de-lorca-adjudica-la-renovacion-del-alumbrado-ornamental-del-castillo-por-mas-de-300-000-euros\/","name":"El Gobierno de Lorca adjudica la renovaci\u00f3n del alumbrado ornamental del Castillo por m\u00e1s de 300.000 euros - AREA LORCA RADIO","isPartOf":{"@id":"https:\/\/arealorcaradio.es\/#website"},"primaryImageOfPage":{"@id":"https:\/\/arealorcaradio.es\/index.php\/2025\/07\/14\/el-gobierno-de-lorca-adjudica-la-renovacion-del-alumbrado-ornamental-del-castillo-por-mas-de-300-000-euros\/#primaryimage"},"image":{"@id":"https:\/\/arealorcaradio.es\/index.php\/2025\/07\/14\/el-gobierno-de-lorca-adjudica-la-renovacion-del-alumbrado-ornamental-del-castillo-por-mas-de-300-000-euros\/#primaryimage"},"thumbnailUrl":"https:\/\/arealorcaradio.es\/wp-content\/uploads\/2025\/07\/FOTO1-41-1.jpeg","datePublished":"2025-07-14T09:56:29+00:00","author":{"@id":"https:\/\/arealorcaradio.es\/#\/schema\/person\/9fae605fc25b0f2c83c1ab207139bd27"},"breadcrumb":{"@id":"https:\/\/arealorcaradio.es\/index.php\/2025\/07\/14\/el-gobierno-de-lorca-adjudica-la-renovacion-del-alumbrado-ornamental-del-castillo-por-mas-de-300-000-euros\/#breadcrumb"},"inLanguage":"es","potentialAction":[{"@type":"ReadAction","target":["https:\/\/arealorcaradio.es\/index.php\/2025\/07\/14\/el-gobierno-de-lorca-adjudica-la-renovacion-del-alumbrado-ornamental-del-castillo-por-mas-de-300-000-euros\/"]}]},{"@type":"ImageObject","inLanguage":"es","@id":"https:\/\/arealorcaradio.es\/index.php\/2025\/07\/14\/el-gobierno-de-lorca-adjudica-la-renovacion-del-alumbrado-ornamental-del-castillo-por-mas-de-300-000-euros\/#primaryimage","url":"https:\/\/arealorcaradio.es\/wp-content\/uploads\/2025\/07\/FOTO1-41-1.jpeg","contentUrl":"https:\/\/arealorcaradio.es\/wp-content\/uploads\/2025\/07\/FOTO1-41-1.jpeg","width":2048,"height":1536},{"@type":"BreadcrumbList","@id":"https:\/\/arealorcaradio.es\/index.php\/2025\/07\/14\/el-gobierno-de-lorca-adjudica-la-renovacion-del-alumbrado-ornamental-del-castillo-por-mas-de-300-000-euros\/#breadcrumb","itemListElement":[{"@type":"ListItem","position":1,"name":"Portada","item":"https:\/\/arealorcaradio.es\/"},{"@type":"ListItem","position":2,"name":"El Gobierno de Lorca adjudica la renovaci\u00f3n del alumbrado ornamental del Castillo por m\u00e1s de 300.000 euros"}]},{"@type":"WebSite","@id":"https:\/\/arealorcaradio.es\/#website","url":"https:\/\/arealorcaradio.es\/","name":"AREA LORCA RADIO","description":"Descubre la programaci\u00f3n actual en \u00c1rea Lorca Radio, tu fuente de entrenamiento y noticias locales. Sintoniza ahora y mantente conectado online.","potentialAction":[{"@type":"SearchAction","target":{"@type":"EntryPoint","urlTemplate":"https:\/\/arealorcaradio.es\/?s={search_term_string}"},"query-input":{"@type":"PropertyValueSpecification","valueRequired":true,"valueName":"search_term_string"}}],"inLanguage":"es"},{"@type":"Person","@id":"https:\/\/arealorcaradio.es\/#\/schema\/person\/9fae605fc25b0f2c83c1ab207139bd27","name":"Paco S\u00e1nchez","image":{"@type":"ImageObject","inLanguage":"es","@id":"https:\/\/secure.gravatar.com\/avatar\/d67144e966420fb74aa84c9f2a0103be4724fd14db52b52d3b6bca749f257e79?s=96&d=mm&r=g","url":"https:\/\/secure.gravatar.com\/avatar\/d67144e966420fb74aa84c9f2a0103be4724fd14db52b52d3b6bca749f257e79?s=96&d=mm&r=g","contentUrl":"https:\/\/secure.gravatar.com\/avatar\/d67144e966420fb74aa84c9f2a0103be4724fd14db52b52d3b6bca749f257e79?s=96&d=mm&r=g","caption":"Paco S\u00e1nchez"},"sameAs":["https:\/\/arealorcaradio.es"],"url":"https:\/\/arealorcaradio.es\/index.php\/author\/admin_alorcaradio\/"}]}},"_links":{"self":[{"href":"https:\/\/arealorcaradio.es\/index.php\/wp-json\/wp\/v2\/posts\/7295","targetHints":{"allow":["GET"]}}],"collection":[{"href":"https:\/\/arealorcaradio.es\/index.php\/wp-json\/wp\/v2\/posts"}],"about":[{"href":"https:\/\/arealorcaradio.es\/index.php\/wp-json\/wp\/v2\/types\/post"}],"author":[{"embeddable":true,"href":"https:\/\/arealorcaradio.es\/index.php\/wp-json\/wp\/v2\/users\/1"}],"replies":[{"embeddable":true,"href":"https:\/\/arealorcaradio.es\/index.php\/wp-json\/wp\/v2\/comments?post=7295"}],"version-history":[{"count":3,"href":"https:\/\/arealorcaradio.es\/index.php\/wp-json\/wp\/v2\/posts\/7295\/revisions"}],"predecessor-version":[{"id":7301,"href":"https:\/\/arealorcaradio.es\/index.php\/wp-json\/wp\/v2\/posts\/7295\/revisions\/7301"}],"wp:featuredmedia":[{"embeddable":true,"href":"https:\/\/arealorcaradio.es\/index.php\/wp-json\/wp\/v2\/media\/7300"}],"wp:attachment":[{"href":"https:\/\/arealorcaradio.es\/index.php\/wp-json\/wp\/v2\/media?parent=7295"}],"wp:term":[{"taxonomy":"category","embeddable":true,"href":"https:\/\/arealorcaradio.es\/index.php\/wp-json\/wp\/v2\/categories?post=7295"},{"taxonomy":"post_tag","embeddable":true,"href":"https:\/\/arealorcaradio.es\/index.php\/wp-json\/wp\/v2\/tags?post=7295"}],"curies":[{"name":"wp","href":"https:\/\/api.w.org\/{rel}","templated":true}]}}