{"id":7283,"date":"2025-07-11T08:24:39","date_gmt":"2025-07-11T08:24:39","guid":{"rendered":"https:\/\/arealorcaradio.es\/?p=7283"},"modified":"2025-07-11T08:26:01","modified_gmt":"2025-07-11T08:26:01","slug":"antonio-david-sanchez-hemos-conseguido-que-mas-de-un-centenar-de-jovenes-encuentren-empleo-y-por-otro-lado-en-solo-un-mes-hemos-recuperado-la-inversion-de-las-nuevas-luminarias-de-alameda-de-la-con","status":"publish","type":"post","link":"https:\/\/arealorcaradio.es\/index.php\/2025\/07\/11\/antonio-david-sanchez-hemos-conseguido-que-mas-de-un-centenar-de-jovenes-encuentren-empleo-y-por-otro-lado-en-solo-un-mes-hemos-recuperado-la-inversion-de-las-nuevas-luminarias-de-alameda-de-la-con\/","title":{"rendered":"Antonio David S\u00e1nchez: \u00abHemos conseguido que m\u00e1s de un centenar de j\u00f3venes encuentren empleo y por otro lado en solo un mes hemos recuperado la inversi\u00f3n de las nuevas luminarias de Alameda de la Constituci\u00f3n\u00bb"},"content":{"rendered":"<p><strong>\u00c1REA LORCA RADIO. Actualidad.<\/strong><\/p>\n<p>Escucha aqu\u00ed la intervenci\u00f3n del concejal del Ayuntamiento de Lorca, Antonio David S\u00e1nchez Alcaraz en el programa magazine de \u00c1rea Lorca Radio con Paco S\u00e1nchez.<\/p>\n<audio class=\"wp-audio-shortcode\" id=\"audio-7283-1\" preload=\"none\" style=\"width: 100%;\" controls=\"controls\"><source type=\"audio\/mpeg\" src=\"https:\/\/arealorcaradio.es\/wp-content\/uploads\/2025\/07\/100725-ANTONIO-DAVID-SANCHEZ.-ACTUALIDAD.mp3?_=1\" \/><a href=\"https:\/\/arealorcaradio.es\/wp-content\/uploads\/2025\/07\/100725-ANTONIO-DAVID-SANCHEZ.-ACTUALIDAD.mp3\">https:\/\/arealorcaradio.es\/wp-content\/uploads\/2025\/07\/100725-ANTONIO-DAVID-SANCHEZ.-ACTUALIDAD.mp3<\/a><\/audio>\n<p>Durante la entrevista el concejal del Ayuntamiento de Lorca habla de que vecinos de Zarzalico, B\u00e9jar, Jarales, Fontanares, Humbr\u00edas, Nogalte, Culebrina, Torrealvilla, Z\u00fa\u00f1iga, Puntarr\u00f3n, Ortillo, Barranco Hondo y Carrasquilla ya pueden acceder a 200Mb de internet v\u00eda sat\u00e9lite con Hispasat con la instalaci\u00f3n gratuita hasta final de a\u00f1o. Gracias a las gestiones realizadas, cerca de 5.000 lorquinos podr\u00e1n acceder al entorno digital de una forma segura, eficaz y, sobre todo, en equilibrio con las particularidades de su entorno.<\/p>\n<p><img loading=\"lazy\" decoding=\"async\" class=\"alignnone size-medium wp-image-7285\" src=\"https:\/\/arealorcaradio.es\/wp-content\/uploads\/2025\/07\/1133249072025791850-300x225.jpeg\" alt=\"\" width=\"300\" height=\"225\" srcset=\"https:\/\/arealorcaradio.es\/wp-content\/uploads\/2025\/07\/1133249072025791850-300x225.jpeg 300w, https:\/\/arealorcaradio.es\/wp-content\/uploads\/2025\/07\/1133249072025791850-1024x768.jpeg 1024w, https:\/\/arealorcaradio.es\/wp-content\/uploads\/2025\/07\/1133249072025791850-768x576.jpeg 768w, https:\/\/arealorcaradio.es\/wp-content\/uploads\/2025\/07\/1133249072025791850-1536x1152.jpeg 1536w, https:\/\/arealorcaradio.es\/wp-content\/uploads\/2025\/07\/1133249072025791850-86x64.jpeg 86w, https:\/\/arealorcaradio.es\/wp-content\/uploads\/2025\/07\/1133249072025791850.jpeg 1630w\" sizes=\"auto, (max-width: 300px) 100vw, 300px\" \/><\/p>\n<p>Por otro lado, m\u00e1s de un centenar de j\u00f3venes lorquinos han encontrado empleo gracias al Canal de Wasap \u00abEmpleo Joven Lorca\u00bb de la concejal\u00eda de Talento Joven, algo de lo que se ha mostrado muy orgulloso, S\u00e1nchez Alcaraz.<\/p>\n<p>Tambi\u00e9n ha hablado del acierto del cambio de luminarias en Alameda de La Constituci\u00f3n de Lorca que supuso una inversi\u00f3n de unos 8.000 euros que se han rentabilizado en solo un mes por el ahorro que supone en el gasto de luz.<\/p>\n<p><img loading=\"lazy\" decoding=\"async\" class=\"alignnone size-medium wp-image-7287\" src=\"https:\/\/arealorcaradio.es\/wp-content\/uploads\/2025\/07\/20250710_094608-300x225.jpg\" alt=\"\" width=\"300\" height=\"225\" srcset=\"https:\/\/arealorcaradio.es\/wp-content\/uploads\/2025\/07\/20250710_094608-300x225.jpg 300w, https:\/\/arealorcaradio.es\/wp-content\/uploads\/2025\/07\/20250710_094608-1024x768.jpg 1024w, https:\/\/arealorcaradio.es\/wp-content\/uploads\/2025\/07\/20250710_094608-768x576.jpg 768w, https:\/\/arealorcaradio.es\/wp-content\/uploads\/2025\/07\/20250710_094608-1536x1152.jpg 1536w, https:\/\/arealorcaradio.es\/wp-content\/uploads\/2025\/07\/20250710_094608-2048x1536.jpg 2048w, https:\/\/arealorcaradio.es\/wp-content\/uploads\/2025\/07\/20250710_094608-86x64.jpg 86w\" sizes=\"auto, (max-width: 300px) 100vw, 300px\" \/><\/p>\n<p>Por \u00faltimo, se ha referido a la campa\u00f1a que esta llevando a cabo la concejal\u00eda de Parques y Jardines en referencia la riegos en parques, alamedas y jardines del casco urbano para combatir el calor de estas fechas estivales.<\/p>\n<p>&nbsp;<\/p>\n","protected":false},"excerpt":{"rendered":"<p>\u00c1REA LORCA RADIO. Actualidad. Escucha aqu\u00ed la intervenci\u00f3n del concejal del Ayuntamiento de Lorca, Antonio David S\u00e1nchez Alcaraz en el programa magazine de \u00c1rea Lorca Radio con Paco S\u00e1nchez. Durante la entrevista el concejal del Ayuntamiento de Lorca habla de que vecinos de Zarzalico, B\u00e9jar, Jarales, Fontanares, Humbr\u00edas, Nogalte, Culebrina, Torrealvilla, Z\u00fa\u00f1iga, Puntarr\u00f3n, Ortillo, Barranco [&hellip;]<\/p>\n","protected":false},"author":1,"featured_media":7286,"comment_status":"open","ping_status":"open","sticky":false,"template":"","format":"standard","meta":{"iawp_total_views":20,"footnotes":""},"categories":[5,7],"tags":[],"class_list":["post-7283","post","type-post","status-publish","format-standard","has-post-thumbnail","hentry","category-actualidad","category-lorca"],"yoast_head":"<!-- This site is optimized with the Yoast SEO plugin v27.5 - https:\/\/yoast.com\/product\/yoast-seo-wordpress\/ -->\n<title>Antonio David S\u00e1nchez: &quot;Hemos conseguido que m\u00e1s de un centenar de j\u00f3venes encuentren empleo y por otro lado en solo un mes hemos recuperado la inversi\u00f3n de las nuevas luminarias de Alameda de la Constituci\u00f3n&quot; - AREA LORCA RADIO<\/title>\n<meta name=\"robots\" content=\"index, follow, max-snippet:-1, max-image-preview:large, max-video-preview:-1\" \/>\n<link rel=\"canonical\" href=\"https:\/\/arealorcaradio.es\/index.php\/2025\/07\/11\/antonio-david-sanchez-hemos-conseguido-que-mas-de-un-centenar-de-jovenes-encuentren-empleo-y-por-otro-lado-en-solo-un-mes-hemos-recuperado-la-inversion-de-las-nuevas-luminarias-de-alameda-de-la-con\/\" \/>\n<meta property=\"og:locale\" content=\"es_ES\" \/>\n<meta property=\"og:type\" content=\"article\" \/>\n<meta property=\"og:title\" content=\"Antonio David S\u00e1nchez: &quot;Hemos conseguido que m\u00e1s de un centenar de j\u00f3venes encuentren empleo y por otro lado en solo un mes hemos recuperado la inversi\u00f3n de las nuevas luminarias de Alameda de la Constituci\u00f3n&quot; - AREA LORCA RADIO\" \/>\n<meta property=\"og:description\" content=\"\u00c1REA LORCA RADIO. Actualidad. Escucha aqu\u00ed la intervenci\u00f3n del concejal del Ayuntamiento de Lorca, Antonio David S\u00e1nchez Alcaraz en el programa magazine de \u00c1rea Lorca Radio con Paco S\u00e1nchez. Durante la entrevista el concejal del Ayuntamiento de Lorca habla de que vecinos de Zarzalico, B\u00e9jar, Jarales, Fontanares, Humbr\u00edas, Nogalte, Culebrina, Torrealvilla, Z\u00fa\u00f1iga, Puntarr\u00f3n, Ortillo, Barranco [&hellip;]\" \/>\n<meta property=\"og:url\" content=\"https:\/\/arealorcaradio.es\/index.php\/2025\/07\/11\/antonio-david-sanchez-hemos-conseguido-que-mas-de-un-centenar-de-jovenes-encuentren-empleo-y-por-otro-lado-en-solo-un-mes-hemos-recuperado-la-inversion-de-las-nuevas-luminarias-de-alameda-de-la-con\/\" \/>\n<meta property=\"og:site_name\" content=\"AREA LORCA RADIO\" \/>\n<meta property=\"article:published_time\" content=\"2025-07-11T08:24:39+00:00\" \/>\n<meta property=\"article:modified_time\" content=\"2025-07-11T08:26:01+00:00\" \/>\n<meta property=\"og:image\" content=\"https:\/\/arealorcaradio.es\/wp-content\/uploads\/2025\/07\/20250710_093513-scaled.jpg\" \/>\n\t<meta property=\"og:image:width\" content=\"2560\" \/>\n\t<meta property=\"og:image:height\" content=\"1920\" \/>\n\t<meta property=\"og:image:type\" content=\"image\/jpeg\" \/>\n<meta name=\"author\" content=\"Paco S\u00e1nchez\" \/>\n<meta name=\"twitter:card\" content=\"summary_large_image\" \/>\n<meta name=\"twitter:label1\" content=\"Escrito por\" \/>\n\t<meta name=\"twitter:data1\" content=\"Paco S\u00e1nchez\" \/>\n\t<meta name=\"twitter:label2\" content=\"Tiempo de lectura\" \/>\n\t<meta name=\"twitter:data2\" content=\"2 minutos\" \/>\n<script type=\"application\/ld+json\" class=\"yoast-schema-graph\">{\"@context\":\"https:\\\/\\\/schema.org\",\"@graph\":[{\"@type\":\"Article\",\"@id\":\"https:\\\/\\\/arealorcaradio.es\\\/index.php\\\/2025\\\/07\\\/11\\\/antonio-david-sanchez-hemos-conseguido-que-mas-de-un-centenar-de-jovenes-encuentren-empleo-y-por-otro-lado-en-solo-un-mes-hemos-recuperado-la-inversion-de-las-nuevas-luminarias-de-alameda-de-la-con\\\/#article\",\"isPartOf\":{\"@id\":\"https:\\\/\\\/arealorcaradio.es\\\/index.php\\\/2025\\\/07\\\/11\\\/antonio-david-sanchez-hemos-conseguido-que-mas-de-un-centenar-de-jovenes-encuentren-empleo-y-por-otro-lado-en-solo-un-mes-hemos-recuperado-la-inversion-de-las-nuevas-luminarias-de-alameda-de-la-con\\\/\"},\"author\":{\"name\":\"Paco S\u00e1nchez\",\"@id\":\"https:\\\/\\\/arealorcaradio.es\\\/#\\\/schema\\\/person\\\/9fae605fc25b0f2c83c1ab207139bd27\"},\"headline\":\"Antonio David S\u00e1nchez: \u00abHemos conseguido que m\u00e1s de un centenar de j\u00f3venes encuentren empleo y por otro lado en solo un mes hemos recuperado la inversi\u00f3n de las nuevas luminarias de Alameda de la Constituci\u00f3n\u00bb\",\"datePublished\":\"2025-07-11T08:24:39+00:00\",\"dateModified\":\"2025-07-11T08:26:01+00:00\",\"mainEntityOfPage\":{\"@id\":\"https:\\\/\\\/arealorcaradio.es\\\/index.php\\\/2025\\\/07\\\/11\\\/antonio-david-sanchez-hemos-conseguido-que-mas-de-un-centenar-de-jovenes-encuentren-empleo-y-por-otro-lado-en-solo-un-mes-hemos-recuperado-la-inversion-de-las-nuevas-luminarias-de-alameda-de-la-con\\\/\"},\"wordCount\":297,\"commentCount\":0,\"image\":{\"@id\":\"https:\\\/\\\/arealorcaradio.es\\\/index.php\\\/2025\\\/07\\\/11\\\/antonio-david-sanchez-hemos-conseguido-que-mas-de-un-centenar-de-jovenes-encuentren-empleo-y-por-otro-lado-en-solo-un-mes-hemos-recuperado-la-inversion-de-las-nuevas-luminarias-de-alameda-de-la-con\\\/#primaryimage\"},\"thumbnailUrl\":\"https:\\\/\\\/arealorcaradio.es\\\/wp-content\\\/uploads\\\/2025\\\/07\\\/20250710_093513-scaled.jpg\",\"articleSection\":[\"ACTUALIDAD\",\"LORCA\"],\"inLanguage\":\"es\",\"potentialAction\":[{\"@type\":\"CommentAction\",\"name\":\"Comment\",\"target\":[\"https:\\\/\\\/arealorcaradio.es\\\/index.php\\\/2025\\\/07\\\/11\\\/antonio-david-sanchez-hemos-conseguido-que-mas-de-un-centenar-de-jovenes-encuentren-empleo-y-por-otro-lado-en-solo-un-mes-hemos-recuperado-la-inversion-de-las-nuevas-luminarias-de-alameda-de-la-con\\\/#respond\"]}]},{\"@type\":\"WebPage\",\"@id\":\"https:\\\/\\\/arealorcaradio.es\\\/index.php\\\/2025\\\/07\\\/11\\\/antonio-david-sanchez-hemos-conseguido-que-mas-de-un-centenar-de-jovenes-encuentren-empleo-y-por-otro-lado-en-solo-un-mes-hemos-recuperado-la-inversion-de-las-nuevas-luminarias-de-alameda-de-la-con\\\/\",\"url\":\"https:\\\/\\\/arealorcaradio.es\\\/index.php\\\/2025\\\/07\\\/11\\\/antonio-david-sanchez-hemos-conseguido-que-mas-de-un-centenar-de-jovenes-encuentren-empleo-y-por-otro-lado-en-solo-un-mes-hemos-recuperado-la-inversion-de-las-nuevas-luminarias-de-alameda-de-la-con\\\/\",\"name\":\"Antonio David S\u00e1nchez: \\\"Hemos conseguido que m\u00e1s de un centenar de j\u00f3venes encuentren empleo y por otro lado en solo un mes hemos recuperado la inversi\u00f3n de las nuevas luminarias de Alameda de la Constituci\u00f3n\\\" - AREA LORCA RADIO\",\"isPartOf\":{\"@id\":\"https:\\\/\\\/arealorcaradio.es\\\/#website\"},\"primaryImageOfPage\":{\"@id\":\"https:\\\/\\\/arealorcaradio.es\\\/index.php\\\/2025\\\/07\\\/11\\\/antonio-david-sanchez-hemos-conseguido-que-mas-de-un-centenar-de-jovenes-encuentren-empleo-y-por-otro-lado-en-solo-un-mes-hemos-recuperado-la-inversion-de-las-nuevas-luminarias-de-alameda-de-la-con\\\/#primaryimage\"},\"image\":{\"@id\":\"https:\\\/\\\/arealorcaradio.es\\\/index.php\\\/2025\\\/07\\\/11\\\/antonio-david-sanchez-hemos-conseguido-que-mas-de-un-centenar-de-jovenes-encuentren-empleo-y-por-otro-lado-en-solo-un-mes-hemos-recuperado-la-inversion-de-las-nuevas-luminarias-de-alameda-de-la-con\\\/#primaryimage\"},\"thumbnailUrl\":\"https:\\\/\\\/arealorcaradio.es\\\/wp-content\\\/uploads\\\/2025\\\/07\\\/20250710_093513-scaled.jpg\",\"datePublished\":\"2025-07-11T08:24:39+00:00\",\"dateModified\":\"2025-07-11T08:26:01+00:00\",\"author\":{\"@id\":\"https:\\\/\\\/arealorcaradio.es\\\/#\\\/schema\\\/person\\\/9fae605fc25b0f2c83c1ab207139bd27\"},\"breadcrumb\":{\"@id\":\"https:\\\/\\\/arealorcaradio.es\\\/index.php\\\/2025\\\/07\\\/11\\\/antonio-david-sanchez-hemos-conseguido-que-mas-de-un-centenar-de-jovenes-encuentren-empleo-y-por-otro-lado-en-solo-un-mes-hemos-recuperado-la-inversion-de-las-nuevas-luminarias-de-alameda-de-la-con\\\/#breadcrumb\"},\"inLanguage\":\"es\",\"potentialAction\":[{\"@type\":\"ReadAction\",\"target\":[\"https:\\\/\\\/arealorcaradio.es\\\/index.php\\\/2025\\\/07\\\/11\\\/antonio-david-sanchez-hemos-conseguido-que-mas-de-un-centenar-de-jovenes-encuentren-empleo-y-por-otro-lado-en-solo-un-mes-hemos-recuperado-la-inversion-de-las-nuevas-luminarias-de-alameda-de-la-con\\\/\"]}]},{\"@type\":\"ImageObject\",\"inLanguage\":\"es\",\"@id\":\"https:\\\/\\\/arealorcaradio.es\\\/index.php\\\/2025\\\/07\\\/11\\\/antonio-david-sanchez-hemos-conseguido-que-mas-de-un-centenar-de-jovenes-encuentren-empleo-y-por-otro-lado-en-solo-un-mes-hemos-recuperado-la-inversion-de-las-nuevas-luminarias-de-alameda-de-la-con\\\/#primaryimage\",\"url\":\"https:\\\/\\\/arealorcaradio.es\\\/wp-content\\\/uploads\\\/2025\\\/07\\\/20250710_093513-scaled.jpg\",\"contentUrl\":\"https:\\\/\\\/arealorcaradio.es\\\/wp-content\\\/uploads\\\/2025\\\/07\\\/20250710_093513-scaled.jpg\",\"width\":2560,\"height\":1920},{\"@type\":\"BreadcrumbList\",\"@id\":\"https:\\\/\\\/arealorcaradio.es\\\/index.php\\\/2025\\\/07\\\/11\\\/antonio-david-sanchez-hemos-conseguido-que-mas-de-un-centenar-de-jovenes-encuentren-empleo-y-por-otro-lado-en-solo-un-mes-hemos-recuperado-la-inversion-de-las-nuevas-luminarias-de-alameda-de-la-con\\\/#breadcrumb\",\"itemListElement\":[{\"@type\":\"ListItem\",\"position\":1,\"name\":\"Portada\",\"item\":\"https:\\\/\\\/arealorcaradio.es\\\/\"},{\"@type\":\"ListItem\",\"position\":2,\"name\":\"Antonio David S\u00e1nchez: \u00abHemos conseguido que m\u00e1s de un centenar de j\u00f3venes encuentren empleo y por otro lado en solo un mes hemos recuperado la inversi\u00f3n de las nuevas luminarias de Alameda de la Constituci\u00f3n\u00bb\"}]},{\"@type\":\"WebSite\",\"@id\":\"https:\\\/\\\/arealorcaradio.es\\\/#website\",\"url\":\"https:\\\/\\\/arealorcaradio.es\\\/\",\"name\":\"AREA LORCA RADIO\",\"description\":\"Descubre la programaci\u00f3n actual en \u00c1rea Lorca Radio, tu fuente de entrenamiento y noticias locales. Sintoniza ahora y mantente conectado online.\",\"potentialAction\":[{\"@type\":\"SearchAction\",\"target\":{\"@type\":\"EntryPoint\",\"urlTemplate\":\"https:\\\/\\\/arealorcaradio.es\\\/?s={search_term_string}\"},\"query-input\":{\"@type\":\"PropertyValueSpecification\",\"valueRequired\":true,\"valueName\":\"search_term_string\"}}],\"inLanguage\":\"es\"},{\"@type\":\"Person\",\"@id\":\"https:\\\/\\\/arealorcaradio.es\\\/#\\\/schema\\\/person\\\/9fae605fc25b0f2c83c1ab207139bd27\",\"name\":\"Paco S\u00e1nchez\",\"image\":{\"@type\":\"ImageObject\",\"inLanguage\":\"es\",\"@id\":\"https:\\\/\\\/secure.gravatar.com\\\/avatar\\\/d67144e966420fb74aa84c9f2a0103be4724fd14db52b52d3b6bca749f257e79?s=96&d=mm&r=g\",\"url\":\"https:\\\/\\\/secure.gravatar.com\\\/avatar\\\/d67144e966420fb74aa84c9f2a0103be4724fd14db52b52d3b6bca749f257e79?s=96&d=mm&r=g\",\"contentUrl\":\"https:\\\/\\\/secure.gravatar.com\\\/avatar\\\/d67144e966420fb74aa84c9f2a0103be4724fd14db52b52d3b6bca749f257e79?s=96&d=mm&r=g\",\"caption\":\"Paco S\u00e1nchez\"},\"sameAs\":[\"https:\\\/\\\/arealorcaradio.es\"],\"url\":\"https:\\\/\\\/arealorcaradio.es\\\/index.php\\\/author\\\/admin_alorcaradio\\\/\"}]}<\/script>\n<!-- \/ Yoast SEO plugin. -->","yoast_head_json":{"title":"Antonio David S\u00e1nchez: \"Hemos conseguido que m\u00e1s de un centenar de j\u00f3venes encuentren empleo y por otro lado en solo un mes hemos recuperado la inversi\u00f3n de las nuevas luminarias de Alameda de la Constituci\u00f3n\" - AREA LORCA RADIO","robots":{"index":"index","follow":"follow","max-snippet":"max-snippet:-1","max-image-preview":"max-image-preview:large","max-video-preview":"max-video-preview:-1"},"canonical":"https:\/\/arealorcaradio.es\/index.php\/2025\/07\/11\/antonio-david-sanchez-hemos-conseguido-que-mas-de-un-centenar-de-jovenes-encuentren-empleo-y-por-otro-lado-en-solo-un-mes-hemos-recuperado-la-inversion-de-las-nuevas-luminarias-de-alameda-de-la-con\/","og_locale":"es_ES","og_type":"article","og_title":"Antonio David S\u00e1nchez: \"Hemos conseguido que m\u00e1s de un centenar de j\u00f3venes encuentren empleo y por otro lado en solo un mes hemos recuperado la inversi\u00f3n de las nuevas luminarias de Alameda de la Constituci\u00f3n\" - AREA LORCA RADIO","og_description":"\u00c1REA LORCA RADIO. Actualidad. Escucha aqu\u00ed la intervenci\u00f3n del concejal del Ayuntamiento de Lorca, Antonio David S\u00e1nchez Alcaraz en el programa magazine de \u00c1rea Lorca Radio con Paco S\u00e1nchez. Durante la entrevista el concejal del Ayuntamiento de Lorca habla de que vecinos de Zarzalico, B\u00e9jar, Jarales, Fontanares, Humbr\u00edas, Nogalte, Culebrina, Torrealvilla, Z\u00fa\u00f1iga, Puntarr\u00f3n, Ortillo, Barranco [&hellip;]","og_url":"https:\/\/arealorcaradio.es\/index.php\/2025\/07\/11\/antonio-david-sanchez-hemos-conseguido-que-mas-de-un-centenar-de-jovenes-encuentren-empleo-y-por-otro-lado-en-solo-un-mes-hemos-recuperado-la-inversion-de-las-nuevas-luminarias-de-alameda-de-la-con\/","og_site_name":"AREA LORCA RADIO","article_published_time":"2025-07-11T08:24:39+00:00","article_modified_time":"2025-07-11T08:26:01+00:00","og_image":[{"width":2560,"height":1920,"url":"https:\/\/arealorcaradio.es\/wp-content\/uploads\/2025\/07\/20250710_093513-scaled.jpg","type":"image\/jpeg"}],"author":"Paco S\u00e1nchez","twitter_card":"summary_large_image","twitter_misc":{"Escrito por":"Paco S\u00e1nchez","Tiempo de lectura":"2 minutos"},"schema":{"@context":"https:\/\/schema.org","@graph":[{"@type":"Article","@id":"https:\/\/arealorcaradio.es\/index.php\/2025\/07\/11\/antonio-david-sanchez-hemos-conseguido-que-mas-de-un-centenar-de-jovenes-encuentren-empleo-y-por-otro-lado-en-solo-un-mes-hemos-recuperado-la-inversion-de-las-nuevas-luminarias-de-alameda-de-la-con\/#article","isPartOf":{"@id":"https:\/\/arealorcaradio.es\/index.php\/2025\/07\/11\/antonio-david-sanchez-hemos-conseguido-que-mas-de-un-centenar-de-jovenes-encuentren-empleo-y-por-otro-lado-en-solo-un-mes-hemos-recuperado-la-inversion-de-las-nuevas-luminarias-de-alameda-de-la-con\/"},"author":{"name":"Paco S\u00e1nchez","@id":"https:\/\/arealorcaradio.es\/#\/schema\/person\/9fae605fc25b0f2c83c1ab207139bd27"},"headline":"Antonio David S\u00e1nchez: \u00abHemos conseguido que m\u00e1s de un centenar de j\u00f3venes encuentren empleo y por otro lado en solo un mes hemos recuperado la inversi\u00f3n de las nuevas luminarias de Alameda de la Constituci\u00f3n\u00bb","datePublished":"2025-07-11T08:24:39+00:00","dateModified":"2025-07-11T08:26:01+00:00","mainEntityOfPage":{"@id":"https:\/\/arealorcaradio.es\/index.php\/2025\/07\/11\/antonio-david-sanchez-hemos-conseguido-que-mas-de-un-centenar-de-jovenes-encuentren-empleo-y-por-otro-lado-en-solo-un-mes-hemos-recuperado-la-inversion-de-las-nuevas-luminarias-de-alameda-de-la-con\/"},"wordCount":297,"commentCount":0,"image":{"@id":"https:\/\/arealorcaradio.es\/index.php\/2025\/07\/11\/antonio-david-sanchez-hemos-conseguido-que-mas-de-un-centenar-de-jovenes-encuentren-empleo-y-por-otro-lado-en-solo-un-mes-hemos-recuperado-la-inversion-de-las-nuevas-luminarias-de-alameda-de-la-con\/#primaryimage"},"thumbnailUrl":"https:\/\/arealorcaradio.es\/wp-content\/uploads\/2025\/07\/20250710_093513-scaled.jpg","articleSection":["ACTUALIDAD","LORCA"],"inLanguage":"es","potentialAction":[{"@type":"CommentAction","name":"Comment","target":["https:\/\/arealorcaradio.es\/index.php\/2025\/07\/11\/antonio-david-sanchez-hemos-conseguido-que-mas-de-un-centenar-de-jovenes-encuentren-empleo-y-por-otro-lado-en-solo-un-mes-hemos-recuperado-la-inversion-de-las-nuevas-luminarias-de-alameda-de-la-con\/#respond"]}]},{"@type":"WebPage","@id":"https:\/\/arealorcaradio.es\/index.php\/2025\/07\/11\/antonio-david-sanchez-hemos-conseguido-que-mas-de-un-centenar-de-jovenes-encuentren-empleo-y-por-otro-lado-en-solo-un-mes-hemos-recuperado-la-inversion-de-las-nuevas-luminarias-de-alameda-de-la-con\/","url":"https:\/\/arealorcaradio.es\/index.php\/2025\/07\/11\/antonio-david-sanchez-hemos-conseguido-que-mas-de-un-centenar-de-jovenes-encuentren-empleo-y-por-otro-lado-en-solo-un-mes-hemos-recuperado-la-inversion-de-las-nuevas-luminarias-de-alameda-de-la-con\/","name":"Antonio David S\u00e1nchez: \"Hemos conseguido que m\u00e1s de un centenar de j\u00f3venes encuentren empleo y por otro lado en solo un mes hemos recuperado la inversi\u00f3n de las nuevas luminarias de Alameda de la Constituci\u00f3n\" - AREA LORCA RADIO","isPartOf":{"@id":"https:\/\/arealorcaradio.es\/#website"},"primaryImageOfPage":{"@id":"https:\/\/arealorcaradio.es\/index.php\/2025\/07\/11\/antonio-david-sanchez-hemos-conseguido-que-mas-de-un-centenar-de-jovenes-encuentren-empleo-y-por-otro-lado-en-solo-un-mes-hemos-recuperado-la-inversion-de-las-nuevas-luminarias-de-alameda-de-la-con\/#primaryimage"},"image":{"@id":"https:\/\/arealorcaradio.es\/index.php\/2025\/07\/11\/antonio-david-sanchez-hemos-conseguido-que-mas-de-un-centenar-de-jovenes-encuentren-empleo-y-por-otro-lado-en-solo-un-mes-hemos-recuperado-la-inversion-de-las-nuevas-luminarias-de-alameda-de-la-con\/#primaryimage"},"thumbnailUrl":"https:\/\/arealorcaradio.es\/wp-content\/uploads\/2025\/07\/20250710_093513-scaled.jpg","datePublished":"2025-07-11T08:24:39+00:00","dateModified":"2025-07-11T08:26:01+00:00","author":{"@id":"https:\/\/arealorcaradio.es\/#\/schema\/person\/9fae605fc25b0f2c83c1ab207139bd27"},"breadcrumb":{"@id":"https:\/\/arealorcaradio.es\/index.php\/2025\/07\/11\/antonio-david-sanchez-hemos-conseguido-que-mas-de-un-centenar-de-jovenes-encuentren-empleo-y-por-otro-lado-en-solo-un-mes-hemos-recuperado-la-inversion-de-las-nuevas-luminarias-de-alameda-de-la-con\/#breadcrumb"},"inLanguage":"es","potentialAction":[{"@type":"ReadAction","target":["https:\/\/arealorcaradio.es\/index.php\/2025\/07\/11\/antonio-david-sanchez-hemos-conseguido-que-mas-de-un-centenar-de-jovenes-encuentren-empleo-y-por-otro-lado-en-solo-un-mes-hemos-recuperado-la-inversion-de-las-nuevas-luminarias-de-alameda-de-la-con\/"]}]},{"@type":"ImageObject","inLanguage":"es","@id":"https:\/\/arealorcaradio.es\/index.php\/2025\/07\/11\/antonio-david-sanchez-hemos-conseguido-que-mas-de-un-centenar-de-jovenes-encuentren-empleo-y-por-otro-lado-en-solo-un-mes-hemos-recuperado-la-inversion-de-las-nuevas-luminarias-de-alameda-de-la-con\/#primaryimage","url":"https:\/\/arealorcaradio.es\/wp-content\/uploads\/2025\/07\/20250710_093513-scaled.jpg","contentUrl":"https:\/\/arealorcaradio.es\/wp-content\/uploads\/2025\/07\/20250710_093513-scaled.jpg","width":2560,"height":1920},{"@type":"BreadcrumbList","@id":"https:\/\/arealorcaradio.es\/index.php\/2025\/07\/11\/antonio-david-sanchez-hemos-conseguido-que-mas-de-un-centenar-de-jovenes-encuentren-empleo-y-por-otro-lado-en-solo-un-mes-hemos-recuperado-la-inversion-de-las-nuevas-luminarias-de-alameda-de-la-con\/#breadcrumb","itemListElement":[{"@type":"ListItem","position":1,"name":"Portada","item":"https:\/\/arealorcaradio.es\/"},{"@type":"ListItem","position":2,"name":"Antonio David S\u00e1nchez: \u00abHemos conseguido que m\u00e1s de un centenar de j\u00f3venes encuentren empleo y por otro lado en solo un mes hemos recuperado la inversi\u00f3n de las nuevas luminarias de Alameda de la Constituci\u00f3n\u00bb"}]},{"@type":"WebSite","@id":"https:\/\/arealorcaradio.es\/#website","url":"https:\/\/arealorcaradio.es\/","name":"AREA LORCA RADIO","description":"Descubre la programaci\u00f3n actual en \u00c1rea Lorca Radio, tu fuente de entrenamiento y noticias locales. Sintoniza ahora y mantente conectado online.","potentialAction":[{"@type":"SearchAction","target":{"@type":"EntryPoint","urlTemplate":"https:\/\/arealorcaradio.es\/?s={search_term_string}"},"query-input":{"@type":"PropertyValueSpecification","valueRequired":true,"valueName":"search_term_string"}}],"inLanguage":"es"},{"@type":"Person","@id":"https:\/\/arealorcaradio.es\/#\/schema\/person\/9fae605fc25b0f2c83c1ab207139bd27","name":"Paco S\u00e1nchez","image":{"@type":"ImageObject","inLanguage":"es","@id":"https:\/\/secure.gravatar.com\/avatar\/d67144e966420fb74aa84c9f2a0103be4724fd14db52b52d3b6bca749f257e79?s=96&d=mm&r=g","url":"https:\/\/secure.gravatar.com\/avatar\/d67144e966420fb74aa84c9f2a0103be4724fd14db52b52d3b6bca749f257e79?s=96&d=mm&r=g","contentUrl":"https:\/\/secure.gravatar.com\/avatar\/d67144e966420fb74aa84c9f2a0103be4724fd14db52b52d3b6bca749f257e79?s=96&d=mm&r=g","caption":"Paco S\u00e1nchez"},"sameAs":["https:\/\/arealorcaradio.es"],"url":"https:\/\/arealorcaradio.es\/index.php\/author\/admin_alorcaradio\/"}]}},"_links":{"self":[{"href":"https:\/\/arealorcaradio.es\/index.php\/wp-json\/wp\/v2\/posts\/7283","targetHints":{"allow":["GET"]}}],"collection":[{"href":"https:\/\/arealorcaradio.es\/index.php\/wp-json\/wp\/v2\/posts"}],"about":[{"href":"https:\/\/arealorcaradio.es\/index.php\/wp-json\/wp\/v2\/types\/post"}],"author":[{"embeddable":true,"href":"https:\/\/arealorcaradio.es\/index.php\/wp-json\/wp\/v2\/users\/1"}],"replies":[{"embeddable":true,"href":"https:\/\/arealorcaradio.es\/index.php\/wp-json\/wp\/v2\/comments?post=7283"}],"version-history":[{"count":1,"href":"https:\/\/arealorcaradio.es\/index.php\/wp-json\/wp\/v2\/posts\/7283\/revisions"}],"predecessor-version":[{"id":7288,"href":"https:\/\/arealorcaradio.es\/index.php\/wp-json\/wp\/v2\/posts\/7283\/revisions\/7288"}],"wp:featuredmedia":[{"embeddable":true,"href":"https:\/\/arealorcaradio.es\/index.php\/wp-json\/wp\/v2\/media\/7286"}],"wp:attachment":[{"href":"https:\/\/arealorcaradio.es\/index.php\/wp-json\/wp\/v2\/media?parent=7283"}],"wp:term":[{"taxonomy":"category","embeddable":true,"href":"https:\/\/arealorcaradio.es\/index.php\/wp-json\/wp\/v2\/categories?post=7283"},{"taxonomy":"post_tag","embeddable":true,"href":"https:\/\/arealorcaradio.es\/index.php\/wp-json\/wp\/v2\/tags?post=7283"}],"curies":[{"name":"wp","href":"https:\/\/api.w.org\/{rel}","templated":true}]}}