{"id":7270,"date":"2025-07-11T07:48:25","date_gmt":"2025-07-11T07:48:25","guid":{"rendered":"https:\/\/arealorcaradio.es\/?p=7270"},"modified":"2025-07-11T07:48:25","modified_gmt":"2025-07-11T07:48:25","slug":"colectivos-ferroviarios-y-empresarios-de-la-provincia-de-granada-reclaman-a-los-delegados-del-gobierno-de-andalucia-y-murcia-su-intervencion-para-la-reapertura-de-la-linea-guadix-lorca","status":"publish","type":"post","link":"https:\/\/arealorcaradio.es\/index.php\/2025\/07\/11\/colectivos-ferroviarios-y-empresarios-de-la-provincia-de-granada-reclaman-a-los-delegados-del-gobierno-de-andalucia-y-murcia-su-intervencion-para-la-reapertura-de-la-linea-guadix-lorca\/","title":{"rendered":"Colectivos Ferroviarios y empresarios de la provincia de Granada reclaman a los delegados del Gobierno de Andaluc\u00eda y Murcia su intervenci\u00f3n para la reapertura de la l\u00ednea Guadix-Lorca"},"content":{"rendered":"<p><strong>\u00c1REA LORCA RADIO. Actualidad.<\/strong><\/p>\n<p>As\u00ed lo ha reivindicado en el magazine de \u00c1rea Lorca Radio el presidente de la Asociaci\u00f3n del Ferrocarril Comarca de Baza, Antonio Francisco Mart\u00ednez. Escucha aqu\u00ed su intervenci\u00f3n.<\/p>\n<audio class=\"wp-audio-shortcode\" id=\"audio-7270-1\" preload=\"none\" style=\"width: 100%;\" controls=\"controls\"><source type=\"audio\/mpeg\" src=\"https:\/\/arealorcaradio.es\/wp-content\/uploads\/2025\/07\/100725-ANTONIO-FCO.-MARTINEZ.-LINEA-GUADIX-LORCA.mp3?_=1\" \/><a href=\"https:\/\/arealorcaradio.es\/wp-content\/uploads\/2025\/07\/100725-ANTONIO-FCO.-MARTINEZ.-LINEA-GUADIX-LORCA.mp3\">https:\/\/arealorcaradio.es\/wp-content\/uploads\/2025\/07\/100725-ANTONIO-FCO.-MARTINEZ.-LINEA-GUADIX-LORCA.mp3<\/a><\/audio>\n<p>Las entidades insisten en la necesidad de recuperar el ramal Guadix-Baza-Almanzora-Lorca, argumentando que su reapertura mejorar\u00eda el tr\u00e1fico ferroviario nacional y la vertebraci\u00f3n territorial de la zona.<\/p>\n<p><img loading=\"lazy\" decoding=\"async\" class=\"alignnone size-medium wp-image-7273\" src=\"https:\/\/arealorcaradio.es\/wp-content\/uploads\/2025\/07\/imagen63711_0_original-300x296.jpg\" alt=\"\" width=\"300\" height=\"296\" srcset=\"https:\/\/arealorcaradio.es\/wp-content\/uploads\/2025\/07\/imagen63711_0_original-300x296.jpg 300w, https:\/\/arealorcaradio.es\/wp-content\/uploads\/2025\/07\/imagen63711_0_original-768x758.jpg 768w, https:\/\/arealorcaradio.es\/wp-content\/uploads\/2025\/07\/imagen63711_0_original.jpg 1000w\" sizes=\"auto, (max-width: 300px) 100vw, 300px\" \/><\/p>\n<p>Estas plataformas seg\u00fan Antonio Francisco Mart\u00ednez, rechazan de manera contundente el informe de viabilidad publicado a finales de 2024, que descarta la rentabilidad socioecon\u00f3mica y la viabilidad de todas las alternativas para la reapertura de la l\u00ednea. El estudio, elaborado por el Ministerio de Transportes y Movilidad Sostenible, concluye que ninguna de las opciones analizadas resulta viable y que la demanda de viajeros no justificar\u00eda la inversi\u00f3n, ni siquiera en el horizonte de 2070. Adem\u00e1s, se\u00f1ala que la nueva conexi\u00f3n no contribuir\u00eda a los objetivos estrat\u00e9gicos de los corredores ferroviarios actuales. Los colectivos esperan una pronta respuesta del Ministerio de Transporte del Gobierno de Espa\u00f1a.<\/p>\n","protected":false},"excerpt":{"rendered":"<p>\u00c1REA LORCA RADIO. Actualidad. As\u00ed lo ha reivindicado en el magazine de \u00c1rea Lorca Radio el presidente de la Asociaci\u00f3n del Ferrocarril Comarca de Baza, Antonio Francisco Mart\u00ednez. Escucha aqu\u00ed su intervenci\u00f3n. Las entidades insisten en la necesidad de recuperar el ramal Guadix-Baza-Almanzora-Lorca, argumentando que su reapertura mejorar\u00eda el tr\u00e1fico ferroviario nacional y la vertebraci\u00f3n [&hellip;]<\/p>\n","protected":false},"author":1,"featured_media":7272,"comment_status":"open","ping_status":"open","sticky":false,"template":"","format":"standard","meta":{"iawp_total_views":12,"footnotes":""},"categories":[5,7],"tags":[],"class_list":["post-7270","post","type-post","status-publish","format-standard","has-post-thumbnail","hentry","category-actualidad","category-lorca"],"yoast_head":"<!-- This site is optimized with the Yoast SEO plugin v27.5 - https:\/\/yoast.com\/product\/yoast-seo-wordpress\/ -->\n<title>Colectivos Ferroviarios y empresarios de la provincia de Granada reclaman a los delegados del Gobierno de Andaluc\u00eda y Murcia su intervenci\u00f3n para la reapertura de la l\u00ednea Guadix-Lorca - AREA LORCA RADIO<\/title>\n<meta name=\"robots\" content=\"index, follow, max-snippet:-1, max-image-preview:large, max-video-preview:-1\" \/>\n<link rel=\"canonical\" href=\"https:\/\/arealorcaradio.es\/index.php\/2025\/07\/11\/colectivos-ferroviarios-y-empresarios-de-la-provincia-de-granada-reclaman-a-los-delegados-del-gobierno-de-andalucia-y-murcia-su-intervencion-para-la-reapertura-de-la-linea-guadix-lorca\/\" \/>\n<meta property=\"og:locale\" content=\"es_ES\" \/>\n<meta property=\"og:type\" content=\"article\" \/>\n<meta property=\"og:title\" content=\"Colectivos Ferroviarios y empresarios de la provincia de Granada reclaman a los delegados del Gobierno de Andaluc\u00eda y Murcia su intervenci\u00f3n para la reapertura de la l\u00ednea Guadix-Lorca - AREA LORCA RADIO\" \/>\n<meta property=\"og:description\" content=\"\u00c1REA LORCA RADIO. Actualidad. As\u00ed lo ha reivindicado en el magazine de \u00c1rea Lorca Radio el presidente de la Asociaci\u00f3n del Ferrocarril Comarca de Baza, Antonio Francisco Mart\u00ednez. Escucha aqu\u00ed su intervenci\u00f3n. Las entidades insisten en la necesidad de recuperar el ramal Guadix-Baza-Almanzora-Lorca, argumentando que su reapertura mejorar\u00eda el tr\u00e1fico ferroviario nacional y la vertebraci\u00f3n [&hellip;]\" \/>\n<meta property=\"og:url\" content=\"https:\/\/arealorcaradio.es\/index.php\/2025\/07\/11\/colectivos-ferroviarios-y-empresarios-de-la-provincia-de-granada-reclaman-a-los-delegados-del-gobierno-de-andalucia-y-murcia-su-intervencion-para-la-reapertura-de-la-linea-guadix-lorca\/\" \/>\n<meta property=\"og:site_name\" content=\"AREA LORCA RADIO\" \/>\n<meta property=\"article:published_time\" content=\"2025-07-11T07:48:25+00:00\" \/>\n<meta property=\"og:image\" content=\"https:\/\/arealorcaradio.es\/wp-content\/uploads\/2025\/07\/IMG-20250711-WA0001.jpg\" \/>\n\t<meta property=\"og:image:width\" content=\"1494\" \/>\n\t<meta property=\"og:image:height\" content=\"1225\" \/>\n\t<meta property=\"og:image:type\" content=\"image\/jpeg\" \/>\n<meta name=\"author\" content=\"Paco S\u00e1nchez\" \/>\n<meta name=\"twitter:card\" content=\"summary_large_image\" \/>\n<meta name=\"twitter:label1\" content=\"Escrito por\" \/>\n\t<meta name=\"twitter:data1\" content=\"Paco S\u00e1nchez\" \/>\n\t<meta name=\"twitter:label2\" content=\"Tiempo de lectura\" \/>\n\t<meta name=\"twitter:data2\" content=\"2 minutos\" \/>\n<script type=\"application\/ld+json\" class=\"yoast-schema-graph\">{\"@context\":\"https:\\\/\\\/schema.org\",\"@graph\":[{\"@type\":\"Article\",\"@id\":\"https:\\\/\\\/arealorcaradio.es\\\/index.php\\\/2025\\\/07\\\/11\\\/colectivos-ferroviarios-y-empresarios-de-la-provincia-de-granada-reclaman-a-los-delegados-del-gobierno-de-andalucia-y-murcia-su-intervencion-para-la-reapertura-de-la-linea-guadix-lorca\\\/#article\",\"isPartOf\":{\"@id\":\"https:\\\/\\\/arealorcaradio.es\\\/index.php\\\/2025\\\/07\\\/11\\\/colectivos-ferroviarios-y-empresarios-de-la-provincia-de-granada-reclaman-a-los-delegados-del-gobierno-de-andalucia-y-murcia-su-intervencion-para-la-reapertura-de-la-linea-guadix-lorca\\\/\"},\"author\":{\"name\":\"Paco S\u00e1nchez\",\"@id\":\"https:\\\/\\\/arealorcaradio.es\\\/#\\\/schema\\\/person\\\/9fae605fc25b0f2c83c1ab207139bd27\"},\"headline\":\"Colectivos Ferroviarios y empresarios de la provincia de Granada reclaman a los delegados del Gobierno de Andaluc\u00eda y Murcia su intervenci\u00f3n para la reapertura de la l\u00ednea Guadix-Lorca\",\"datePublished\":\"2025-07-11T07:48:25+00:00\",\"mainEntityOfPage\":{\"@id\":\"https:\\\/\\\/arealorcaradio.es\\\/index.php\\\/2025\\\/07\\\/11\\\/colectivos-ferroviarios-y-empresarios-de-la-provincia-de-granada-reclaman-a-los-delegados-del-gobierno-de-andalucia-y-murcia-su-intervencion-para-la-reapertura-de-la-linea-guadix-lorca\\\/\"},\"wordCount\":223,\"commentCount\":0,\"image\":{\"@id\":\"https:\\\/\\\/arealorcaradio.es\\\/index.php\\\/2025\\\/07\\\/11\\\/colectivos-ferroviarios-y-empresarios-de-la-provincia-de-granada-reclaman-a-los-delegados-del-gobierno-de-andalucia-y-murcia-su-intervencion-para-la-reapertura-de-la-linea-guadix-lorca\\\/#primaryimage\"},\"thumbnailUrl\":\"https:\\\/\\\/arealorcaradio.es\\\/wp-content\\\/uploads\\\/2025\\\/07\\\/IMG-20250711-WA0001.jpg\",\"articleSection\":[\"ACTUALIDAD\",\"LORCA\"],\"inLanguage\":\"es\",\"potentialAction\":[{\"@type\":\"CommentAction\",\"name\":\"Comment\",\"target\":[\"https:\\\/\\\/arealorcaradio.es\\\/index.php\\\/2025\\\/07\\\/11\\\/colectivos-ferroviarios-y-empresarios-de-la-provincia-de-granada-reclaman-a-los-delegados-del-gobierno-de-andalucia-y-murcia-su-intervencion-para-la-reapertura-de-la-linea-guadix-lorca\\\/#respond\"]}]},{\"@type\":\"WebPage\",\"@id\":\"https:\\\/\\\/arealorcaradio.es\\\/index.php\\\/2025\\\/07\\\/11\\\/colectivos-ferroviarios-y-empresarios-de-la-provincia-de-granada-reclaman-a-los-delegados-del-gobierno-de-andalucia-y-murcia-su-intervencion-para-la-reapertura-de-la-linea-guadix-lorca\\\/\",\"url\":\"https:\\\/\\\/arealorcaradio.es\\\/index.php\\\/2025\\\/07\\\/11\\\/colectivos-ferroviarios-y-empresarios-de-la-provincia-de-granada-reclaman-a-los-delegados-del-gobierno-de-andalucia-y-murcia-su-intervencion-para-la-reapertura-de-la-linea-guadix-lorca\\\/\",\"name\":\"Colectivos Ferroviarios y empresarios de la provincia de Granada reclaman a los delegados del Gobierno de Andaluc\u00eda y Murcia su intervenci\u00f3n para la reapertura de la l\u00ednea Guadix-Lorca - AREA LORCA RADIO\",\"isPartOf\":{\"@id\":\"https:\\\/\\\/arealorcaradio.es\\\/#website\"},\"primaryImageOfPage\":{\"@id\":\"https:\\\/\\\/arealorcaradio.es\\\/index.php\\\/2025\\\/07\\\/11\\\/colectivos-ferroviarios-y-empresarios-de-la-provincia-de-granada-reclaman-a-los-delegados-del-gobierno-de-andalucia-y-murcia-su-intervencion-para-la-reapertura-de-la-linea-guadix-lorca\\\/#primaryimage\"},\"image\":{\"@id\":\"https:\\\/\\\/arealorcaradio.es\\\/index.php\\\/2025\\\/07\\\/11\\\/colectivos-ferroviarios-y-empresarios-de-la-provincia-de-granada-reclaman-a-los-delegados-del-gobierno-de-andalucia-y-murcia-su-intervencion-para-la-reapertura-de-la-linea-guadix-lorca\\\/#primaryimage\"},\"thumbnailUrl\":\"https:\\\/\\\/arealorcaradio.es\\\/wp-content\\\/uploads\\\/2025\\\/07\\\/IMG-20250711-WA0001.jpg\",\"datePublished\":\"2025-07-11T07:48:25+00:00\",\"author\":{\"@id\":\"https:\\\/\\\/arealorcaradio.es\\\/#\\\/schema\\\/person\\\/9fae605fc25b0f2c83c1ab207139bd27\"},\"breadcrumb\":{\"@id\":\"https:\\\/\\\/arealorcaradio.es\\\/index.php\\\/2025\\\/07\\\/11\\\/colectivos-ferroviarios-y-empresarios-de-la-provincia-de-granada-reclaman-a-los-delegados-del-gobierno-de-andalucia-y-murcia-su-intervencion-para-la-reapertura-de-la-linea-guadix-lorca\\\/#breadcrumb\"},\"inLanguage\":\"es\",\"potentialAction\":[{\"@type\":\"ReadAction\",\"target\":[\"https:\\\/\\\/arealorcaradio.es\\\/index.php\\\/2025\\\/07\\\/11\\\/colectivos-ferroviarios-y-empresarios-de-la-provincia-de-granada-reclaman-a-los-delegados-del-gobierno-de-andalucia-y-murcia-su-intervencion-para-la-reapertura-de-la-linea-guadix-lorca\\\/\"]}]},{\"@type\":\"ImageObject\",\"inLanguage\":\"es\",\"@id\":\"https:\\\/\\\/arealorcaradio.es\\\/index.php\\\/2025\\\/07\\\/11\\\/colectivos-ferroviarios-y-empresarios-de-la-provincia-de-granada-reclaman-a-los-delegados-del-gobierno-de-andalucia-y-murcia-su-intervencion-para-la-reapertura-de-la-linea-guadix-lorca\\\/#primaryimage\",\"url\":\"https:\\\/\\\/arealorcaradio.es\\\/wp-content\\\/uploads\\\/2025\\\/07\\\/IMG-20250711-WA0001.jpg\",\"contentUrl\":\"https:\\\/\\\/arealorcaradio.es\\\/wp-content\\\/uploads\\\/2025\\\/07\\\/IMG-20250711-WA0001.jpg\",\"width\":1494,\"height\":1225},{\"@type\":\"BreadcrumbList\",\"@id\":\"https:\\\/\\\/arealorcaradio.es\\\/index.php\\\/2025\\\/07\\\/11\\\/colectivos-ferroviarios-y-empresarios-de-la-provincia-de-granada-reclaman-a-los-delegados-del-gobierno-de-andalucia-y-murcia-su-intervencion-para-la-reapertura-de-la-linea-guadix-lorca\\\/#breadcrumb\",\"itemListElement\":[{\"@type\":\"ListItem\",\"position\":1,\"name\":\"Portada\",\"item\":\"https:\\\/\\\/arealorcaradio.es\\\/\"},{\"@type\":\"ListItem\",\"position\":2,\"name\":\"Colectivos Ferroviarios y empresarios de la provincia de Granada reclaman a los delegados del Gobierno de Andaluc\u00eda y Murcia su intervenci\u00f3n para la reapertura de la l\u00ednea Guadix-Lorca\"}]},{\"@type\":\"WebSite\",\"@id\":\"https:\\\/\\\/arealorcaradio.es\\\/#website\",\"url\":\"https:\\\/\\\/arealorcaradio.es\\\/\",\"name\":\"AREA LORCA RADIO\",\"description\":\"Descubre la programaci\u00f3n actual en \u00c1rea Lorca Radio, tu fuente de entrenamiento y noticias locales. Sintoniza ahora y mantente conectado online.\",\"potentialAction\":[{\"@type\":\"SearchAction\",\"target\":{\"@type\":\"EntryPoint\",\"urlTemplate\":\"https:\\\/\\\/arealorcaradio.es\\\/?s={search_term_string}\"},\"query-input\":{\"@type\":\"PropertyValueSpecification\",\"valueRequired\":true,\"valueName\":\"search_term_string\"}}],\"inLanguage\":\"es\"},{\"@type\":\"Person\",\"@id\":\"https:\\\/\\\/arealorcaradio.es\\\/#\\\/schema\\\/person\\\/9fae605fc25b0f2c83c1ab207139bd27\",\"name\":\"Paco S\u00e1nchez\",\"image\":{\"@type\":\"ImageObject\",\"inLanguage\":\"es\",\"@id\":\"https:\\\/\\\/secure.gravatar.com\\\/avatar\\\/d67144e966420fb74aa84c9f2a0103be4724fd14db52b52d3b6bca749f257e79?s=96&d=mm&r=g\",\"url\":\"https:\\\/\\\/secure.gravatar.com\\\/avatar\\\/d67144e966420fb74aa84c9f2a0103be4724fd14db52b52d3b6bca749f257e79?s=96&d=mm&r=g\",\"contentUrl\":\"https:\\\/\\\/secure.gravatar.com\\\/avatar\\\/d67144e966420fb74aa84c9f2a0103be4724fd14db52b52d3b6bca749f257e79?s=96&d=mm&r=g\",\"caption\":\"Paco S\u00e1nchez\"},\"sameAs\":[\"https:\\\/\\\/arealorcaradio.es\"],\"url\":\"https:\\\/\\\/arealorcaradio.es\\\/index.php\\\/author\\\/admin_alorcaradio\\\/\"}]}<\/script>\n<!-- \/ Yoast SEO plugin. -->","yoast_head_json":{"title":"Colectivos Ferroviarios y empresarios de la provincia de Granada reclaman a los delegados del Gobierno de Andaluc\u00eda y Murcia su intervenci\u00f3n para la reapertura de la l\u00ednea Guadix-Lorca - AREA LORCA RADIO","robots":{"index":"index","follow":"follow","max-snippet":"max-snippet:-1","max-image-preview":"max-image-preview:large","max-video-preview":"max-video-preview:-1"},"canonical":"https:\/\/arealorcaradio.es\/index.php\/2025\/07\/11\/colectivos-ferroviarios-y-empresarios-de-la-provincia-de-granada-reclaman-a-los-delegados-del-gobierno-de-andalucia-y-murcia-su-intervencion-para-la-reapertura-de-la-linea-guadix-lorca\/","og_locale":"es_ES","og_type":"article","og_title":"Colectivos Ferroviarios y empresarios de la provincia de Granada reclaman a los delegados del Gobierno de Andaluc\u00eda y Murcia su intervenci\u00f3n para la reapertura de la l\u00ednea Guadix-Lorca - AREA LORCA RADIO","og_description":"\u00c1REA LORCA RADIO. Actualidad. As\u00ed lo ha reivindicado en el magazine de \u00c1rea Lorca Radio el presidente de la Asociaci\u00f3n del Ferrocarril Comarca de Baza, Antonio Francisco Mart\u00ednez. Escucha aqu\u00ed su intervenci\u00f3n. Las entidades insisten en la necesidad de recuperar el ramal Guadix-Baza-Almanzora-Lorca, argumentando que su reapertura mejorar\u00eda el tr\u00e1fico ferroviario nacional y la vertebraci\u00f3n [&hellip;]","og_url":"https:\/\/arealorcaradio.es\/index.php\/2025\/07\/11\/colectivos-ferroviarios-y-empresarios-de-la-provincia-de-granada-reclaman-a-los-delegados-del-gobierno-de-andalucia-y-murcia-su-intervencion-para-la-reapertura-de-la-linea-guadix-lorca\/","og_site_name":"AREA LORCA RADIO","article_published_time":"2025-07-11T07:48:25+00:00","og_image":[{"width":1494,"height":1225,"url":"https:\/\/arealorcaradio.es\/wp-content\/uploads\/2025\/07\/IMG-20250711-WA0001.jpg","type":"image\/jpeg"}],"author":"Paco S\u00e1nchez","twitter_card":"summary_large_image","twitter_misc":{"Escrito por":"Paco S\u00e1nchez","Tiempo de lectura":"2 minutos"},"schema":{"@context":"https:\/\/schema.org","@graph":[{"@type":"Article","@id":"https:\/\/arealorcaradio.es\/index.php\/2025\/07\/11\/colectivos-ferroviarios-y-empresarios-de-la-provincia-de-granada-reclaman-a-los-delegados-del-gobierno-de-andalucia-y-murcia-su-intervencion-para-la-reapertura-de-la-linea-guadix-lorca\/#article","isPartOf":{"@id":"https:\/\/arealorcaradio.es\/index.php\/2025\/07\/11\/colectivos-ferroviarios-y-empresarios-de-la-provincia-de-granada-reclaman-a-los-delegados-del-gobierno-de-andalucia-y-murcia-su-intervencion-para-la-reapertura-de-la-linea-guadix-lorca\/"},"author":{"name":"Paco S\u00e1nchez","@id":"https:\/\/arealorcaradio.es\/#\/schema\/person\/9fae605fc25b0f2c83c1ab207139bd27"},"headline":"Colectivos Ferroviarios y empresarios de la provincia de Granada reclaman a los delegados del Gobierno de Andaluc\u00eda y Murcia su intervenci\u00f3n para la reapertura de la l\u00ednea Guadix-Lorca","datePublished":"2025-07-11T07:48:25+00:00","mainEntityOfPage":{"@id":"https:\/\/arealorcaradio.es\/index.php\/2025\/07\/11\/colectivos-ferroviarios-y-empresarios-de-la-provincia-de-granada-reclaman-a-los-delegados-del-gobierno-de-andalucia-y-murcia-su-intervencion-para-la-reapertura-de-la-linea-guadix-lorca\/"},"wordCount":223,"commentCount":0,"image":{"@id":"https:\/\/arealorcaradio.es\/index.php\/2025\/07\/11\/colectivos-ferroviarios-y-empresarios-de-la-provincia-de-granada-reclaman-a-los-delegados-del-gobierno-de-andalucia-y-murcia-su-intervencion-para-la-reapertura-de-la-linea-guadix-lorca\/#primaryimage"},"thumbnailUrl":"https:\/\/arealorcaradio.es\/wp-content\/uploads\/2025\/07\/IMG-20250711-WA0001.jpg","articleSection":["ACTUALIDAD","LORCA"],"inLanguage":"es","potentialAction":[{"@type":"CommentAction","name":"Comment","target":["https:\/\/arealorcaradio.es\/index.php\/2025\/07\/11\/colectivos-ferroviarios-y-empresarios-de-la-provincia-de-granada-reclaman-a-los-delegados-del-gobierno-de-andalucia-y-murcia-su-intervencion-para-la-reapertura-de-la-linea-guadix-lorca\/#respond"]}]},{"@type":"WebPage","@id":"https:\/\/arealorcaradio.es\/index.php\/2025\/07\/11\/colectivos-ferroviarios-y-empresarios-de-la-provincia-de-granada-reclaman-a-los-delegados-del-gobierno-de-andalucia-y-murcia-su-intervencion-para-la-reapertura-de-la-linea-guadix-lorca\/","url":"https:\/\/arealorcaradio.es\/index.php\/2025\/07\/11\/colectivos-ferroviarios-y-empresarios-de-la-provincia-de-granada-reclaman-a-los-delegados-del-gobierno-de-andalucia-y-murcia-su-intervencion-para-la-reapertura-de-la-linea-guadix-lorca\/","name":"Colectivos Ferroviarios y empresarios de la provincia de Granada reclaman a los delegados del Gobierno de Andaluc\u00eda y Murcia su intervenci\u00f3n para la reapertura de la l\u00ednea Guadix-Lorca - AREA LORCA RADIO","isPartOf":{"@id":"https:\/\/arealorcaradio.es\/#website"},"primaryImageOfPage":{"@id":"https:\/\/arealorcaradio.es\/index.php\/2025\/07\/11\/colectivos-ferroviarios-y-empresarios-de-la-provincia-de-granada-reclaman-a-los-delegados-del-gobierno-de-andalucia-y-murcia-su-intervencion-para-la-reapertura-de-la-linea-guadix-lorca\/#primaryimage"},"image":{"@id":"https:\/\/arealorcaradio.es\/index.php\/2025\/07\/11\/colectivos-ferroviarios-y-empresarios-de-la-provincia-de-granada-reclaman-a-los-delegados-del-gobierno-de-andalucia-y-murcia-su-intervencion-para-la-reapertura-de-la-linea-guadix-lorca\/#primaryimage"},"thumbnailUrl":"https:\/\/arealorcaradio.es\/wp-content\/uploads\/2025\/07\/IMG-20250711-WA0001.jpg","datePublished":"2025-07-11T07:48:25+00:00","author":{"@id":"https:\/\/arealorcaradio.es\/#\/schema\/person\/9fae605fc25b0f2c83c1ab207139bd27"},"breadcrumb":{"@id":"https:\/\/arealorcaradio.es\/index.php\/2025\/07\/11\/colectivos-ferroviarios-y-empresarios-de-la-provincia-de-granada-reclaman-a-los-delegados-del-gobierno-de-andalucia-y-murcia-su-intervencion-para-la-reapertura-de-la-linea-guadix-lorca\/#breadcrumb"},"inLanguage":"es","potentialAction":[{"@type":"ReadAction","target":["https:\/\/arealorcaradio.es\/index.php\/2025\/07\/11\/colectivos-ferroviarios-y-empresarios-de-la-provincia-de-granada-reclaman-a-los-delegados-del-gobierno-de-andalucia-y-murcia-su-intervencion-para-la-reapertura-de-la-linea-guadix-lorca\/"]}]},{"@type":"ImageObject","inLanguage":"es","@id":"https:\/\/arealorcaradio.es\/index.php\/2025\/07\/11\/colectivos-ferroviarios-y-empresarios-de-la-provincia-de-granada-reclaman-a-los-delegados-del-gobierno-de-andalucia-y-murcia-su-intervencion-para-la-reapertura-de-la-linea-guadix-lorca\/#primaryimage","url":"https:\/\/arealorcaradio.es\/wp-content\/uploads\/2025\/07\/IMG-20250711-WA0001.jpg","contentUrl":"https:\/\/arealorcaradio.es\/wp-content\/uploads\/2025\/07\/IMG-20250711-WA0001.jpg","width":1494,"height":1225},{"@type":"BreadcrumbList","@id":"https:\/\/arealorcaradio.es\/index.php\/2025\/07\/11\/colectivos-ferroviarios-y-empresarios-de-la-provincia-de-granada-reclaman-a-los-delegados-del-gobierno-de-andalucia-y-murcia-su-intervencion-para-la-reapertura-de-la-linea-guadix-lorca\/#breadcrumb","itemListElement":[{"@type":"ListItem","position":1,"name":"Portada","item":"https:\/\/arealorcaradio.es\/"},{"@type":"ListItem","position":2,"name":"Colectivos Ferroviarios y empresarios de la provincia de Granada reclaman a los delegados del Gobierno de Andaluc\u00eda y Murcia su intervenci\u00f3n para la reapertura de la l\u00ednea Guadix-Lorca"}]},{"@type":"WebSite","@id":"https:\/\/arealorcaradio.es\/#website","url":"https:\/\/arealorcaradio.es\/","name":"AREA LORCA RADIO","description":"Descubre la programaci\u00f3n actual en \u00c1rea Lorca Radio, tu fuente de entrenamiento y noticias locales. Sintoniza ahora y mantente conectado online.","potentialAction":[{"@type":"SearchAction","target":{"@type":"EntryPoint","urlTemplate":"https:\/\/arealorcaradio.es\/?s={search_term_string}"},"query-input":{"@type":"PropertyValueSpecification","valueRequired":true,"valueName":"search_term_string"}}],"inLanguage":"es"},{"@type":"Person","@id":"https:\/\/arealorcaradio.es\/#\/schema\/person\/9fae605fc25b0f2c83c1ab207139bd27","name":"Paco S\u00e1nchez","image":{"@type":"ImageObject","inLanguage":"es","@id":"https:\/\/secure.gravatar.com\/avatar\/d67144e966420fb74aa84c9f2a0103be4724fd14db52b52d3b6bca749f257e79?s=96&d=mm&r=g","url":"https:\/\/secure.gravatar.com\/avatar\/d67144e966420fb74aa84c9f2a0103be4724fd14db52b52d3b6bca749f257e79?s=96&d=mm&r=g","contentUrl":"https:\/\/secure.gravatar.com\/avatar\/d67144e966420fb74aa84c9f2a0103be4724fd14db52b52d3b6bca749f257e79?s=96&d=mm&r=g","caption":"Paco S\u00e1nchez"},"sameAs":["https:\/\/arealorcaradio.es"],"url":"https:\/\/arealorcaradio.es\/index.php\/author\/admin_alorcaradio\/"}]}},"_links":{"self":[{"href":"https:\/\/arealorcaradio.es\/index.php\/wp-json\/wp\/v2\/posts\/7270","targetHints":{"allow":["GET"]}}],"collection":[{"href":"https:\/\/arealorcaradio.es\/index.php\/wp-json\/wp\/v2\/posts"}],"about":[{"href":"https:\/\/arealorcaradio.es\/index.php\/wp-json\/wp\/v2\/types\/post"}],"author":[{"embeddable":true,"href":"https:\/\/arealorcaradio.es\/index.php\/wp-json\/wp\/v2\/users\/1"}],"replies":[{"embeddable":true,"href":"https:\/\/arealorcaradio.es\/index.php\/wp-json\/wp\/v2\/comments?post=7270"}],"version-history":[{"count":2,"href":"https:\/\/arealorcaradio.es\/index.php\/wp-json\/wp\/v2\/posts\/7270\/revisions"}],"predecessor-version":[{"id":7275,"href":"https:\/\/arealorcaradio.es\/index.php\/wp-json\/wp\/v2\/posts\/7270\/revisions\/7275"}],"wp:featuredmedia":[{"embeddable":true,"href":"https:\/\/arealorcaradio.es\/index.php\/wp-json\/wp\/v2\/media\/7272"}],"wp:attachment":[{"href":"https:\/\/arealorcaradio.es\/index.php\/wp-json\/wp\/v2\/media?parent=7270"}],"wp:term":[{"taxonomy":"category","embeddable":true,"href":"https:\/\/arealorcaradio.es\/index.php\/wp-json\/wp\/v2\/categories?post=7270"},{"taxonomy":"post_tag","embeddable":true,"href":"https:\/\/arealorcaradio.es\/index.php\/wp-json\/wp\/v2\/tags?post=7270"}],"curies":[{"name":"wp","href":"https:\/\/api.w.org\/{rel}","templated":true}]}}