{"id":7267,"date":"2025-07-10T11:03:25","date_gmt":"2025-07-10T11:03:25","guid":{"rendered":"https:\/\/arealorcaradio.es\/?p=7267"},"modified":"2025-07-10T11:05:22","modified_gmt":"2025-07-10T11:05:22","slug":"la-policia-local-de-lorca-detiene-a-tres-personas-por-un-intento-de-robo-de-cableado-de-alumbrado-publico-en-la-pedania-de-torrecilla","status":"publish","type":"post","link":"https:\/\/arealorcaradio.es\/index.php\/2025\/07\/10\/la-policia-local-de-lorca-detiene-a-tres-personas-por-un-intento-de-robo-de-cableado-de-alumbrado-publico-en-la-pedania-de-torrecilla\/","title":{"rendered":"La Polic\u00eda Local de Lorca detiene a tres personas por un intento de robo de cableado de alumbrado p\u00fablico en la pedan\u00eda de Torrecilla"},"content":{"rendered":"<p><strong>\u00c1REA LORCA RADIO. Seguridad Ciudadana.<\/strong><\/p>\n<p class=\"v1MsoNormal\"><b>10 de julio de 2025.<\/b>\u00a0El concejal de Seguridad Ciudadana del Ayuntamiento de Lorca, Juan Miguel Bayonas L\u00f3pez, ha informado este jueves de la detenci\u00f3n, por parte de los agentes de la Polic\u00eda Local, de tres personas por su presunta implicaci\u00f3n en un delito de intento de robo de cableado de alumbrado p\u00fablico en la pedan\u00eda de Torrecilla.<\/p>\n<p class=\"v1MsoNormal\">Juan Miguel Bayonas ha explicado que los hechos ocurrieron esta madrugada, cuando, a las 06:00 horas aproximadamente, varios vecinos de la pedan\u00eda alertaron a la Polic\u00eda Local sobre la presencia de un veh\u00edculo sospechoso, en el que se encontraban tres individuos, aparentemente portando un pasamonta\u00f1as en la cabeza. Tras recibir la informaci\u00f3n, varias dotaciones de la Polic\u00eda Local se personaron en la zona y, tras hablar con los vecinos, lograron localizar a los sospechosos.<\/p>\n<p class=\"v1MsoNormal\">El operativo realizado por la Polic\u00eda Local permiti\u00f3 identificar a los tres detenidos, que proceden de las localidades de Ceheg\u00edn y Calasparra, y, adem\u00e1s, se retir\u00f3 el veh\u00edculo implicado, quedando a disposici\u00f3n judicial. \u00abEste tipo de delitos, que atentan contra el bien p\u00fablico, pueden causar serios perjuicios a los lorquinos, como pueden ser problemas en el alumbrado, costos adicionales para la reparaci\u00f3n y un impacto ambiental. Por ello, desde la Polic\u00eda Local estamos trabajando de manera constante para prevenir y combatir este tipo de delitos, y la colaboraci\u00f3n ciudadana siempre es clave para poder actuar, por lo que pedimos a los ciudadanos que en el momento en el que detecten alg\u00fan tipo de circunstancia inusual, contacten con Polic\u00eda Local\u00bb, ha a\u00f1adido el concejal.<\/p>\n<p class=\"v1MsoNormal\">Asimismo, Bayonas L\u00f3pez ha anunciado que el Ayuntamiento de Lorca se personar\u00e1 en las diligencias judiciales para reclamar los da\u00f1os y perjuicios causados por el intento de robo, y solicitar\u00e1 la m\u00e1xima sanci\u00f3n penal para los responsables. \u00abAdem\u00e1s, a trav\u00e9s de nuestros servicios jur\u00eddicos, el Ayuntamiento tambi\u00e9n intervendr\u00e1 en el procedimiento judicial instando a las actuaciones necesarias para la aplicaci\u00f3n de la normativa vigente en materia de extranjer\u00eda, puesto que dos de los detenidos son extranjeros. De ser aplicable, se solicitar\u00e1 la expulsi\u00f3n de los detenidos del territorio nacional, con la correspondiente prohibici\u00f3n de regreso al territorio espa\u00f1ol, conforme a la legislaci\u00f3n en vigor\u00bb, ha afirmado.<\/p>\n<p class=\"v1MsoNormal\">El edil de Seguridad Ciudadana ha querido agradecer a los vecinos de La Torrecilla su colaboraci\u00f3n y ha subrayado que \u00abla denuncia &#8216;temprana&#8217; de los hechos es fundamental para garantizar la seguridad de todos, por lo que animamos a todos los lorquinos a seguir en contacto con la Polic\u00eda Local para seguir mejorando la seguridad en Lorca, bien sea en el casco urbano como en las pedan\u00edas\u00bb.<\/p>\n","protected":false},"excerpt":{"rendered":"<p>\u00c1REA LORCA RADIO. Seguridad Ciudadana. 10 de julio de 2025.\u00a0El concejal de Seguridad Ciudadana del Ayuntamiento de Lorca, Juan Miguel Bayonas L\u00f3pez, ha informado este jueves de la detenci\u00f3n, por parte de los agentes de la Polic\u00eda Local, de tres personas por su presunta implicaci\u00f3n en un delito de intento de robo de cableado de [&hellip;]<\/p>\n","protected":false},"author":1,"featured_media":7268,"comment_status":"open","ping_status":"open","sticky":false,"template":"","format":"standard","meta":{"iawp_total_views":32,"footnotes":""},"categories":[5,7],"tags":[],"class_list":["post-7267","post","type-post","status-publish","format-standard","has-post-thumbnail","hentry","category-actualidad","category-lorca"],"yoast_head":"<!-- This site is optimized with the Yoast SEO plugin v27.5 - https:\/\/yoast.com\/product\/yoast-seo-wordpress\/ -->\n<title>La Polic\u00eda Local de Lorca detiene a tres personas por un intento de robo de cableado de alumbrado p\u00fablico en la pedan\u00eda de Torrecilla - AREA LORCA RADIO<\/title>\n<meta name=\"robots\" content=\"index, follow, max-snippet:-1, max-image-preview:large, max-video-preview:-1\" \/>\n<link rel=\"canonical\" href=\"https:\/\/arealorcaradio.es\/index.php\/2025\/07\/10\/la-policia-local-de-lorca-detiene-a-tres-personas-por-un-intento-de-robo-de-cableado-de-alumbrado-publico-en-la-pedania-de-torrecilla\/\" \/>\n<meta property=\"og:locale\" content=\"es_ES\" \/>\n<meta property=\"og:type\" content=\"article\" \/>\n<meta property=\"og:title\" content=\"La Polic\u00eda Local de Lorca detiene a tres personas por un intento de robo de cableado de alumbrado p\u00fablico en la pedan\u00eda de Torrecilla - AREA LORCA RADIO\" \/>\n<meta property=\"og:description\" content=\"\u00c1REA LORCA RADIO. Seguridad Ciudadana. 10 de julio de 2025.\u00a0El concejal de Seguridad Ciudadana del Ayuntamiento de Lorca, Juan Miguel Bayonas L\u00f3pez, ha informado este jueves de la detenci\u00f3n, por parte de los agentes de la Polic\u00eda Local, de tres personas por su presunta implicaci\u00f3n en un delito de intento de robo de cableado de [&hellip;]\" \/>\n<meta property=\"og:url\" content=\"https:\/\/arealorcaradio.es\/index.php\/2025\/07\/10\/la-policia-local-de-lorca-detiene-a-tres-personas-por-un-intento-de-robo-de-cableado-de-alumbrado-publico-en-la-pedania-de-torrecilla\/\" \/>\n<meta property=\"og:site_name\" content=\"AREA LORCA RADIO\" \/>\n<meta property=\"article:published_time\" content=\"2025-07-10T11:03:25+00:00\" \/>\n<meta property=\"article:modified_time\" content=\"2025-07-10T11:05:22+00:00\" \/>\n<meta property=\"og:image\" content=\"https:\/\/arealorcaradio.es\/wp-content\/uploads\/2025\/07\/FOTO-1.jpeg\" \/>\n\t<meta property=\"og:image:width\" content=\"1600\" \/>\n\t<meta property=\"og:image:height\" content=\"1200\" \/>\n\t<meta property=\"og:image:type\" content=\"image\/jpeg\" \/>\n<meta name=\"author\" content=\"Paco S\u00e1nchez\" \/>\n<meta name=\"twitter:card\" content=\"summary_large_image\" \/>\n<meta name=\"twitter:label1\" content=\"Escrito por\" \/>\n\t<meta name=\"twitter:data1\" content=\"Paco S\u00e1nchez\" \/>\n\t<meta name=\"twitter:label2\" content=\"Tiempo de lectura\" \/>\n\t<meta name=\"twitter:data2\" content=\"3 minutos\" \/>\n<script type=\"application\/ld+json\" class=\"yoast-schema-graph\">{\"@context\":\"https:\\\/\\\/schema.org\",\"@graph\":[{\"@type\":\"Article\",\"@id\":\"https:\\\/\\\/arealorcaradio.es\\\/index.php\\\/2025\\\/07\\\/10\\\/la-policia-local-de-lorca-detiene-a-tres-personas-por-un-intento-de-robo-de-cableado-de-alumbrado-publico-en-la-pedania-de-torrecilla\\\/#article\",\"isPartOf\":{\"@id\":\"https:\\\/\\\/arealorcaradio.es\\\/index.php\\\/2025\\\/07\\\/10\\\/la-policia-local-de-lorca-detiene-a-tres-personas-por-un-intento-de-robo-de-cableado-de-alumbrado-publico-en-la-pedania-de-torrecilla\\\/\"},\"author\":{\"name\":\"Paco S\u00e1nchez\",\"@id\":\"https:\\\/\\\/arealorcaradio.es\\\/#\\\/schema\\\/person\\\/9fae605fc25b0f2c83c1ab207139bd27\"},\"headline\":\"La Polic\u00eda Local de Lorca detiene a tres personas por un intento de robo de cableado de alumbrado p\u00fablico en la pedan\u00eda de Torrecilla\",\"datePublished\":\"2025-07-10T11:03:25+00:00\",\"dateModified\":\"2025-07-10T11:05:22+00:00\",\"mainEntityOfPage\":{\"@id\":\"https:\\\/\\\/arealorcaradio.es\\\/index.php\\\/2025\\\/07\\\/10\\\/la-policia-local-de-lorca-detiene-a-tres-personas-por-un-intento-de-robo-de-cableado-de-alumbrado-publico-en-la-pedania-de-torrecilla\\\/\"},\"wordCount\":498,\"commentCount\":0,\"image\":{\"@id\":\"https:\\\/\\\/arealorcaradio.es\\\/index.php\\\/2025\\\/07\\\/10\\\/la-policia-local-de-lorca-detiene-a-tres-personas-por-un-intento-de-robo-de-cableado-de-alumbrado-publico-en-la-pedania-de-torrecilla\\\/#primaryimage\"},\"thumbnailUrl\":\"https:\\\/\\\/arealorcaradio.es\\\/wp-content\\\/uploads\\\/2025\\\/07\\\/FOTO-1.jpeg\",\"articleSection\":[\"ACTUALIDAD\",\"LORCA\"],\"inLanguage\":\"es\",\"potentialAction\":[{\"@type\":\"CommentAction\",\"name\":\"Comment\",\"target\":[\"https:\\\/\\\/arealorcaradio.es\\\/index.php\\\/2025\\\/07\\\/10\\\/la-policia-local-de-lorca-detiene-a-tres-personas-por-un-intento-de-robo-de-cableado-de-alumbrado-publico-en-la-pedania-de-torrecilla\\\/#respond\"]}]},{\"@type\":\"WebPage\",\"@id\":\"https:\\\/\\\/arealorcaradio.es\\\/index.php\\\/2025\\\/07\\\/10\\\/la-policia-local-de-lorca-detiene-a-tres-personas-por-un-intento-de-robo-de-cableado-de-alumbrado-publico-en-la-pedania-de-torrecilla\\\/\",\"url\":\"https:\\\/\\\/arealorcaradio.es\\\/index.php\\\/2025\\\/07\\\/10\\\/la-policia-local-de-lorca-detiene-a-tres-personas-por-un-intento-de-robo-de-cableado-de-alumbrado-publico-en-la-pedania-de-torrecilla\\\/\",\"name\":\"La Polic\u00eda Local de Lorca detiene a tres personas por un intento de robo de cableado de alumbrado p\u00fablico en la pedan\u00eda de Torrecilla - AREA LORCA RADIO\",\"isPartOf\":{\"@id\":\"https:\\\/\\\/arealorcaradio.es\\\/#website\"},\"primaryImageOfPage\":{\"@id\":\"https:\\\/\\\/arealorcaradio.es\\\/index.php\\\/2025\\\/07\\\/10\\\/la-policia-local-de-lorca-detiene-a-tres-personas-por-un-intento-de-robo-de-cableado-de-alumbrado-publico-en-la-pedania-de-torrecilla\\\/#primaryimage\"},\"image\":{\"@id\":\"https:\\\/\\\/arealorcaradio.es\\\/index.php\\\/2025\\\/07\\\/10\\\/la-policia-local-de-lorca-detiene-a-tres-personas-por-un-intento-de-robo-de-cableado-de-alumbrado-publico-en-la-pedania-de-torrecilla\\\/#primaryimage\"},\"thumbnailUrl\":\"https:\\\/\\\/arealorcaradio.es\\\/wp-content\\\/uploads\\\/2025\\\/07\\\/FOTO-1.jpeg\",\"datePublished\":\"2025-07-10T11:03:25+00:00\",\"dateModified\":\"2025-07-10T11:05:22+00:00\",\"author\":{\"@id\":\"https:\\\/\\\/arealorcaradio.es\\\/#\\\/schema\\\/person\\\/9fae605fc25b0f2c83c1ab207139bd27\"},\"breadcrumb\":{\"@id\":\"https:\\\/\\\/arealorcaradio.es\\\/index.php\\\/2025\\\/07\\\/10\\\/la-policia-local-de-lorca-detiene-a-tres-personas-por-un-intento-de-robo-de-cableado-de-alumbrado-publico-en-la-pedania-de-torrecilla\\\/#breadcrumb\"},\"inLanguage\":\"es\",\"potentialAction\":[{\"@type\":\"ReadAction\",\"target\":[\"https:\\\/\\\/arealorcaradio.es\\\/index.php\\\/2025\\\/07\\\/10\\\/la-policia-local-de-lorca-detiene-a-tres-personas-por-un-intento-de-robo-de-cableado-de-alumbrado-publico-en-la-pedania-de-torrecilla\\\/\"]}]},{\"@type\":\"ImageObject\",\"inLanguage\":\"es\",\"@id\":\"https:\\\/\\\/arealorcaradio.es\\\/index.php\\\/2025\\\/07\\\/10\\\/la-policia-local-de-lorca-detiene-a-tres-personas-por-un-intento-de-robo-de-cableado-de-alumbrado-publico-en-la-pedania-de-torrecilla\\\/#primaryimage\",\"url\":\"https:\\\/\\\/arealorcaradio.es\\\/wp-content\\\/uploads\\\/2025\\\/07\\\/FOTO-1.jpeg\",\"contentUrl\":\"https:\\\/\\\/arealorcaradio.es\\\/wp-content\\\/uploads\\\/2025\\\/07\\\/FOTO-1.jpeg\",\"width\":1600,\"height\":1200},{\"@type\":\"BreadcrumbList\",\"@id\":\"https:\\\/\\\/arealorcaradio.es\\\/index.php\\\/2025\\\/07\\\/10\\\/la-policia-local-de-lorca-detiene-a-tres-personas-por-un-intento-de-robo-de-cableado-de-alumbrado-publico-en-la-pedania-de-torrecilla\\\/#breadcrumb\",\"itemListElement\":[{\"@type\":\"ListItem\",\"position\":1,\"name\":\"Portada\",\"item\":\"https:\\\/\\\/arealorcaradio.es\\\/\"},{\"@type\":\"ListItem\",\"position\":2,\"name\":\"La Polic\u00eda Local de Lorca detiene a tres personas por un intento de robo de cableado de alumbrado p\u00fablico en la pedan\u00eda de Torrecilla\"}]},{\"@type\":\"WebSite\",\"@id\":\"https:\\\/\\\/arealorcaradio.es\\\/#website\",\"url\":\"https:\\\/\\\/arealorcaradio.es\\\/\",\"name\":\"AREA LORCA RADIO\",\"description\":\"Descubre la programaci\u00f3n actual en \u00c1rea Lorca Radio, tu fuente de entrenamiento y noticias locales. Sintoniza ahora y mantente conectado online.\",\"potentialAction\":[{\"@type\":\"SearchAction\",\"target\":{\"@type\":\"EntryPoint\",\"urlTemplate\":\"https:\\\/\\\/arealorcaradio.es\\\/?s={search_term_string}\"},\"query-input\":{\"@type\":\"PropertyValueSpecification\",\"valueRequired\":true,\"valueName\":\"search_term_string\"}}],\"inLanguage\":\"es\"},{\"@type\":\"Person\",\"@id\":\"https:\\\/\\\/arealorcaradio.es\\\/#\\\/schema\\\/person\\\/9fae605fc25b0f2c83c1ab207139bd27\",\"name\":\"Paco S\u00e1nchez\",\"image\":{\"@type\":\"ImageObject\",\"inLanguage\":\"es\",\"@id\":\"https:\\\/\\\/secure.gravatar.com\\\/avatar\\\/d67144e966420fb74aa84c9f2a0103be4724fd14db52b52d3b6bca749f257e79?s=96&d=mm&r=g\",\"url\":\"https:\\\/\\\/secure.gravatar.com\\\/avatar\\\/d67144e966420fb74aa84c9f2a0103be4724fd14db52b52d3b6bca749f257e79?s=96&d=mm&r=g\",\"contentUrl\":\"https:\\\/\\\/secure.gravatar.com\\\/avatar\\\/d67144e966420fb74aa84c9f2a0103be4724fd14db52b52d3b6bca749f257e79?s=96&d=mm&r=g\",\"caption\":\"Paco S\u00e1nchez\"},\"sameAs\":[\"https:\\\/\\\/arealorcaradio.es\"],\"url\":\"https:\\\/\\\/arealorcaradio.es\\\/index.php\\\/author\\\/admin_alorcaradio\\\/\"}]}<\/script>\n<!-- \/ Yoast SEO plugin. -->","yoast_head_json":{"title":"La Polic\u00eda Local de Lorca detiene a tres personas por un intento de robo de cableado de alumbrado p\u00fablico en la pedan\u00eda de Torrecilla - AREA LORCA RADIO","robots":{"index":"index","follow":"follow","max-snippet":"max-snippet:-1","max-image-preview":"max-image-preview:large","max-video-preview":"max-video-preview:-1"},"canonical":"https:\/\/arealorcaradio.es\/index.php\/2025\/07\/10\/la-policia-local-de-lorca-detiene-a-tres-personas-por-un-intento-de-robo-de-cableado-de-alumbrado-publico-en-la-pedania-de-torrecilla\/","og_locale":"es_ES","og_type":"article","og_title":"La Polic\u00eda Local de Lorca detiene a tres personas por un intento de robo de cableado de alumbrado p\u00fablico en la pedan\u00eda de Torrecilla - AREA LORCA RADIO","og_description":"\u00c1REA LORCA RADIO. Seguridad Ciudadana. 10 de julio de 2025.\u00a0El concejal de Seguridad Ciudadana del Ayuntamiento de Lorca, Juan Miguel Bayonas L\u00f3pez, ha informado este jueves de la detenci\u00f3n, por parte de los agentes de la Polic\u00eda Local, de tres personas por su presunta implicaci\u00f3n en un delito de intento de robo de cableado de [&hellip;]","og_url":"https:\/\/arealorcaradio.es\/index.php\/2025\/07\/10\/la-policia-local-de-lorca-detiene-a-tres-personas-por-un-intento-de-robo-de-cableado-de-alumbrado-publico-en-la-pedania-de-torrecilla\/","og_site_name":"AREA LORCA RADIO","article_published_time":"2025-07-10T11:03:25+00:00","article_modified_time":"2025-07-10T11:05:22+00:00","og_image":[{"width":1600,"height":1200,"url":"https:\/\/arealorcaradio.es\/wp-content\/uploads\/2025\/07\/FOTO-1.jpeg","type":"image\/jpeg"}],"author":"Paco S\u00e1nchez","twitter_card":"summary_large_image","twitter_misc":{"Escrito por":"Paco S\u00e1nchez","Tiempo de lectura":"3 minutos"},"schema":{"@context":"https:\/\/schema.org","@graph":[{"@type":"Article","@id":"https:\/\/arealorcaradio.es\/index.php\/2025\/07\/10\/la-policia-local-de-lorca-detiene-a-tres-personas-por-un-intento-de-robo-de-cableado-de-alumbrado-publico-en-la-pedania-de-torrecilla\/#article","isPartOf":{"@id":"https:\/\/arealorcaradio.es\/index.php\/2025\/07\/10\/la-policia-local-de-lorca-detiene-a-tres-personas-por-un-intento-de-robo-de-cableado-de-alumbrado-publico-en-la-pedania-de-torrecilla\/"},"author":{"name":"Paco S\u00e1nchez","@id":"https:\/\/arealorcaradio.es\/#\/schema\/person\/9fae605fc25b0f2c83c1ab207139bd27"},"headline":"La Polic\u00eda Local de Lorca detiene a tres personas por un intento de robo de cableado de alumbrado p\u00fablico en la pedan\u00eda de Torrecilla","datePublished":"2025-07-10T11:03:25+00:00","dateModified":"2025-07-10T11:05:22+00:00","mainEntityOfPage":{"@id":"https:\/\/arealorcaradio.es\/index.php\/2025\/07\/10\/la-policia-local-de-lorca-detiene-a-tres-personas-por-un-intento-de-robo-de-cableado-de-alumbrado-publico-en-la-pedania-de-torrecilla\/"},"wordCount":498,"commentCount":0,"image":{"@id":"https:\/\/arealorcaradio.es\/index.php\/2025\/07\/10\/la-policia-local-de-lorca-detiene-a-tres-personas-por-un-intento-de-robo-de-cableado-de-alumbrado-publico-en-la-pedania-de-torrecilla\/#primaryimage"},"thumbnailUrl":"https:\/\/arealorcaradio.es\/wp-content\/uploads\/2025\/07\/FOTO-1.jpeg","articleSection":["ACTUALIDAD","LORCA"],"inLanguage":"es","potentialAction":[{"@type":"CommentAction","name":"Comment","target":["https:\/\/arealorcaradio.es\/index.php\/2025\/07\/10\/la-policia-local-de-lorca-detiene-a-tres-personas-por-un-intento-de-robo-de-cableado-de-alumbrado-publico-en-la-pedania-de-torrecilla\/#respond"]}]},{"@type":"WebPage","@id":"https:\/\/arealorcaradio.es\/index.php\/2025\/07\/10\/la-policia-local-de-lorca-detiene-a-tres-personas-por-un-intento-de-robo-de-cableado-de-alumbrado-publico-en-la-pedania-de-torrecilla\/","url":"https:\/\/arealorcaradio.es\/index.php\/2025\/07\/10\/la-policia-local-de-lorca-detiene-a-tres-personas-por-un-intento-de-robo-de-cableado-de-alumbrado-publico-en-la-pedania-de-torrecilla\/","name":"La Polic\u00eda Local de Lorca detiene a tres personas por un intento de robo de cableado de alumbrado p\u00fablico en la pedan\u00eda de Torrecilla - AREA LORCA RADIO","isPartOf":{"@id":"https:\/\/arealorcaradio.es\/#website"},"primaryImageOfPage":{"@id":"https:\/\/arealorcaradio.es\/index.php\/2025\/07\/10\/la-policia-local-de-lorca-detiene-a-tres-personas-por-un-intento-de-robo-de-cableado-de-alumbrado-publico-en-la-pedania-de-torrecilla\/#primaryimage"},"image":{"@id":"https:\/\/arealorcaradio.es\/index.php\/2025\/07\/10\/la-policia-local-de-lorca-detiene-a-tres-personas-por-un-intento-de-robo-de-cableado-de-alumbrado-publico-en-la-pedania-de-torrecilla\/#primaryimage"},"thumbnailUrl":"https:\/\/arealorcaradio.es\/wp-content\/uploads\/2025\/07\/FOTO-1.jpeg","datePublished":"2025-07-10T11:03:25+00:00","dateModified":"2025-07-10T11:05:22+00:00","author":{"@id":"https:\/\/arealorcaradio.es\/#\/schema\/person\/9fae605fc25b0f2c83c1ab207139bd27"},"breadcrumb":{"@id":"https:\/\/arealorcaradio.es\/index.php\/2025\/07\/10\/la-policia-local-de-lorca-detiene-a-tres-personas-por-un-intento-de-robo-de-cableado-de-alumbrado-publico-en-la-pedania-de-torrecilla\/#breadcrumb"},"inLanguage":"es","potentialAction":[{"@type":"ReadAction","target":["https:\/\/arealorcaradio.es\/index.php\/2025\/07\/10\/la-policia-local-de-lorca-detiene-a-tres-personas-por-un-intento-de-robo-de-cableado-de-alumbrado-publico-en-la-pedania-de-torrecilla\/"]}]},{"@type":"ImageObject","inLanguage":"es","@id":"https:\/\/arealorcaradio.es\/index.php\/2025\/07\/10\/la-policia-local-de-lorca-detiene-a-tres-personas-por-un-intento-de-robo-de-cableado-de-alumbrado-publico-en-la-pedania-de-torrecilla\/#primaryimage","url":"https:\/\/arealorcaradio.es\/wp-content\/uploads\/2025\/07\/FOTO-1.jpeg","contentUrl":"https:\/\/arealorcaradio.es\/wp-content\/uploads\/2025\/07\/FOTO-1.jpeg","width":1600,"height":1200},{"@type":"BreadcrumbList","@id":"https:\/\/arealorcaradio.es\/index.php\/2025\/07\/10\/la-policia-local-de-lorca-detiene-a-tres-personas-por-un-intento-de-robo-de-cableado-de-alumbrado-publico-en-la-pedania-de-torrecilla\/#breadcrumb","itemListElement":[{"@type":"ListItem","position":1,"name":"Portada","item":"https:\/\/arealorcaradio.es\/"},{"@type":"ListItem","position":2,"name":"La Polic\u00eda Local de Lorca detiene a tres personas por un intento de robo de cableado de alumbrado p\u00fablico en la pedan\u00eda de Torrecilla"}]},{"@type":"WebSite","@id":"https:\/\/arealorcaradio.es\/#website","url":"https:\/\/arealorcaradio.es\/","name":"AREA LORCA RADIO","description":"Descubre la programaci\u00f3n actual en \u00c1rea Lorca Radio, tu fuente de entrenamiento y noticias locales. Sintoniza ahora y mantente conectado online.","potentialAction":[{"@type":"SearchAction","target":{"@type":"EntryPoint","urlTemplate":"https:\/\/arealorcaradio.es\/?s={search_term_string}"},"query-input":{"@type":"PropertyValueSpecification","valueRequired":true,"valueName":"search_term_string"}}],"inLanguage":"es"},{"@type":"Person","@id":"https:\/\/arealorcaradio.es\/#\/schema\/person\/9fae605fc25b0f2c83c1ab207139bd27","name":"Paco S\u00e1nchez","image":{"@type":"ImageObject","inLanguage":"es","@id":"https:\/\/secure.gravatar.com\/avatar\/d67144e966420fb74aa84c9f2a0103be4724fd14db52b52d3b6bca749f257e79?s=96&d=mm&r=g","url":"https:\/\/secure.gravatar.com\/avatar\/d67144e966420fb74aa84c9f2a0103be4724fd14db52b52d3b6bca749f257e79?s=96&d=mm&r=g","contentUrl":"https:\/\/secure.gravatar.com\/avatar\/d67144e966420fb74aa84c9f2a0103be4724fd14db52b52d3b6bca749f257e79?s=96&d=mm&r=g","caption":"Paco S\u00e1nchez"},"sameAs":["https:\/\/arealorcaradio.es"],"url":"https:\/\/arealorcaradio.es\/index.php\/author\/admin_alorcaradio\/"}]}},"_links":{"self":[{"href":"https:\/\/arealorcaradio.es\/index.php\/wp-json\/wp\/v2\/posts\/7267","targetHints":{"allow":["GET"]}}],"collection":[{"href":"https:\/\/arealorcaradio.es\/index.php\/wp-json\/wp\/v2\/posts"}],"about":[{"href":"https:\/\/arealorcaradio.es\/index.php\/wp-json\/wp\/v2\/types\/post"}],"author":[{"embeddable":true,"href":"https:\/\/arealorcaradio.es\/index.php\/wp-json\/wp\/v2\/users\/1"}],"replies":[{"embeddable":true,"href":"https:\/\/arealorcaradio.es\/index.php\/wp-json\/wp\/v2\/comments?post=7267"}],"version-history":[{"count":1,"href":"https:\/\/arealorcaradio.es\/index.php\/wp-json\/wp\/v2\/posts\/7267\/revisions"}],"predecessor-version":[{"id":7269,"href":"https:\/\/arealorcaradio.es\/index.php\/wp-json\/wp\/v2\/posts\/7267\/revisions\/7269"}],"wp:featuredmedia":[{"embeddable":true,"href":"https:\/\/arealorcaradio.es\/index.php\/wp-json\/wp\/v2\/media\/7268"}],"wp:attachment":[{"href":"https:\/\/arealorcaradio.es\/index.php\/wp-json\/wp\/v2\/media?parent=7267"}],"wp:term":[{"taxonomy":"category","embeddable":true,"href":"https:\/\/arealorcaradio.es\/index.php\/wp-json\/wp\/v2\/categories?post=7267"},{"taxonomy":"post_tag","embeddable":true,"href":"https:\/\/arealorcaradio.es\/index.php\/wp-json\/wp\/v2\/tags?post=7267"}],"curies":[{"name":"wp","href":"https:\/\/api.w.org\/{rel}","templated":true}]}}