{"id":7259,"date":"2025-07-10T10:49:04","date_gmt":"2025-07-10T10:49:04","guid":{"rendered":"https:\/\/arealorcaradio.es\/?p=7259"},"modified":"2025-07-10T10:57:51","modified_gmt":"2025-07-10T10:57:51","slug":"el-silencio-vuelve-a-apoderarse-de-la-plaza-de-espana-en-el-xviii-aniversario-del-secuestro-y-asesinato-de-miguel-angel-blanco-a-manos-de-eta","status":"publish","type":"post","link":"https:\/\/arealorcaradio.es\/index.php\/2025\/07\/10\/el-silencio-vuelve-a-apoderarse-de-la-plaza-de-espana-en-el-xviii-aniversario-del-secuestro-y-asesinato-de-miguel-angel-blanco-a-manos-de-eta\/","title":{"rendered":"El silencio vuelve a apoderarse de la Plaza de Espa\u00f1a en el XVIII aniversario del secuestro y asesinato de Miguel \u00c1ngel Blanco a manos de ETA"},"content":{"rendered":"<p><strong>\u00c1REA LORCA RADIO. Sociedad.<\/strong><\/p>\n<p class=\"v1MsoNormal\"><b>Jueves, 10 de julio de 2025.\u00a0<\/b>Los lorquinos se han vuelto a echar a la calle. Lo han hecho en la Plaza de Espa\u00f1a donde a mediod\u00eda de este jueves guardaban silencio. Un silencio que se asemejaba a otro que mantuvo en vilo a un pa\u00eds mientras la banda terrorista ETA jugaba, una vez m\u00e1s, con todos los espa\u00f1oles. En estos d\u00edas de julio de hace 28 a\u00f1os la banda terrorista secuestraba a un concejal de Ermua, Miguel \u00c1ngel Blanco. \u00abLo secuestraron y 48 horas despu\u00e9s lo metieron en el maletero de un coche, lo llevaron al bosque de Lasarte en Guip\u00fazcoa y acabaron con su vida\u00bb, ha afirmado el alcalde, Fulgencio Gil J\u00f3dar.<\/p>\n<p class=\"v1MsoNormal\"><img loading=\"lazy\" decoding=\"async\" class=\"alignnone size-medium wp-image-7262\" src=\"https:\/\/arealorcaradio.es\/wp-content\/uploads\/2025\/07\/FOTO2-24-300x200.jpeg\" alt=\"\" width=\"300\" height=\"200\" srcset=\"https:\/\/arealorcaradio.es\/wp-content\/uploads\/2025\/07\/FOTO2-24-300x200.jpeg 300w, https:\/\/arealorcaradio.es\/wp-content\/uploads\/2025\/07\/FOTO2-24-1024x682.jpeg 1024w, https:\/\/arealorcaradio.es\/wp-content\/uploads\/2025\/07\/FOTO2-24-768x512.jpeg 768w, https:\/\/arealorcaradio.es\/wp-content\/uploads\/2025\/07\/FOTO2-24-1536x1023.jpeg 1536w, https:\/\/arealorcaradio.es\/wp-content\/uploads\/2025\/07\/FOTO2-24.jpeg 1600w\" sizes=\"auto, (max-width: 300px) 100vw, 300px\" \/> <img loading=\"lazy\" decoding=\"async\" class=\"alignnone size-medium wp-image-7263\" src=\"https:\/\/arealorcaradio.es\/wp-content\/uploads\/2025\/07\/FOTO1-39-300x200.jpeg\" alt=\"\" width=\"300\" height=\"200\" srcset=\"https:\/\/arealorcaradio.es\/wp-content\/uploads\/2025\/07\/FOTO1-39-300x200.jpeg 300w, https:\/\/arealorcaradio.es\/wp-content\/uploads\/2025\/07\/FOTO1-39-1024x682.jpeg 1024w, https:\/\/arealorcaradio.es\/wp-content\/uploads\/2025\/07\/FOTO1-39-768x512.jpeg 768w, https:\/\/arealorcaradio.es\/wp-content\/uploads\/2025\/07\/FOTO1-39-1536x1023.jpeg 1536w, https:\/\/arealorcaradio.es\/wp-content\/uploads\/2025\/07\/FOTO1-39.jpeg 1600w\" sizes=\"auto, (max-width: 300px) 100vw, 300px\" \/><\/p>\n<p class=\"v1MsoNormal\">Lo hicieron, ha dicho, \u00abcon una crueldad sin precedentes. De rodillas, con las manos atadas a la espalda. Recibi\u00f3 dos tiros en la cabeza. No falleci\u00f3 en el acto. ETA quer\u00eda alargar la agon\u00eda de Miguel \u00c1ngel Blanco, de los espa\u00f1oles, dej\u00e1ndolo con un hilo de vida para morir 12 horas despu\u00e9s. ETA lo mat\u00f3. Lo mataron el comando Donosti de la banda terrorista, Txapote, Amaia y Oker. Muri\u00f3 a manos de ETA. Una ideolog\u00eda que sigue viva en EH Bildu. Una ideolog\u00eda de exclusi\u00f3n y odio a Espa\u00f1a. Que representa e integra a terroristas en sus listas, no condena la violencia terrorista y sigue defendiendo los objetivos pol\u00edticos por los que se mat\u00f3 y se persigui\u00f3 a muchos inocentes. Y que comparte esca\u00f1o y mantiene en la presidencia del Gobierno de Espa\u00f1a a S\u00e1nchez. Un gobierno que depende de los herederos de quienes asesinaron a Miguel \u00c1ngel Blanco\u00bb.<\/p>\n<p class=\"v1MsoNormal\">Y ha a\u00f1adido que \u00abes indecente que un presidente se siente y gobierne con los c\u00f3mplices de ETA, con los que chantajearon al Gobierno y a toda la sociedad exigiendo a cambio de la vida de un joven concejal el acercamiento al Pa\u00eds Vasco de todos sus presos terroristas.\u00bb.<\/p>\n<p class=\"v1MsoNormal\">El secuestro y asesinato de Miguel \u00c1ngel Blanco, \u00abla v\u00edctima n\u00famero 778, fue la respuesta de ETA a la liberaci\u00f3n por parte de la Guardia Civil de Jos\u00e9 Antonio Ortega Lara, al que tuvo la banda terrorista encerrado en un zulo 532 d\u00edas. 28 a\u00f1os despu\u00e9s aquellos que mataron al joven de Ermua se permiten el lujo de darnos lecciones de pacifismo. Hoy, el esp\u00edritu de Ermua, el de Miguel \u00c1ngel Blanco, vuelve a recordarnos aquellos cuatro d\u00edas que cambiaron la historia de la lucha contra el terrorismo. Hoy, volvemos a la calle a guardar silencio y con nuestro silencio queremos que las generaciones venideras conozcan lo que ocurri\u00f3 para que nunca vuelva a repetirse. No podemos permitir que el olvido, o el blanqueamiento interesado, otorgue p\u00e1tina de normalidad a quienes siempre perseguir\u00e1 el legado criminal\u00bb, ha se\u00f1alado.<\/p>\n<p class=\"v1MsoNormal\">Gil J\u00f3dar ha insistido en que \u00abnunca nos resignaremos a admitir que la estabilidad pol\u00edtica de Espa\u00f1a est\u00e9 en manos de los c\u00f3mplices de ETA. No todo vale en pol\u00edtica. No se puede humillar a las v\u00edctimas de la banda terrorista, como no debemos consentir homenajes a los asesinos. A los que quisieron acabar con nuestro pa\u00eds. Aquellas im\u00e1genes de una Espa\u00f1a m\u00e1s unida que nunca tiene que darnos fuerza para seguir luchando contra los que sembraron el miedo en nuestras calles a golpe de bomba, a golpe de un tiro en la nuca. El esp\u00edritu de Ermua, de Miguel \u00c1ngel Blanco, es patrimonio de todos los espa\u00f1oles. Muri\u00f3 por defender a su pa\u00eds, a la democracia. Y en estos d\u00edas cobra un especial protagonismo esa lucha, que es la de todos\u00bb.<\/p>\n<p class=\"v1MsoNormal\">Por \u00faltimo, ha recordado que \u00abLorca ha mantenido siempre muy presente al concejal de Ermua, -que da nombre a una calle de la urbanizaci\u00f3n Miguel \u00c1ngel en pleno centro de la ciudad- con actos en cada uno de los aniversarios de su muerte, alguno de ellos con la participaci\u00f3n de su hermana Mar\u00eda del Mar Blanco Garrido. Es nuestro deber mantener ese legado que nos dej\u00f3 y que le cost\u00f3 la vida\u00bb.<\/p>\n","protected":false},"excerpt":{"rendered":"<p>\u00c1REA LORCA RADIO. Sociedad. Jueves, 10 de julio de 2025.\u00a0Los lorquinos se han vuelto a echar a la calle. Lo han hecho en la Plaza de Espa\u00f1a donde a mediod\u00eda de este jueves guardaban silencio. Un silencio que se asemejaba a otro que mantuvo en vilo a un pa\u00eds mientras la banda terrorista ETA jugaba, [&hellip;]<\/p>\n","protected":false},"author":1,"featured_media":7260,"comment_status":"open","ping_status":"open","sticky":false,"template":"","format":"standard","meta":{"iawp_total_views":11,"footnotes":""},"categories":[5,7],"tags":[],"class_list":["post-7259","post","type-post","status-publish","format-standard","has-post-thumbnail","hentry","category-actualidad","category-lorca"],"yoast_head":"<!-- This site is optimized with the Yoast SEO plugin v27.5 - https:\/\/yoast.com\/product\/yoast-seo-wordpress\/ -->\n<title>El silencio vuelve a apoderarse de la Plaza de Espa\u00f1a en el XVIII aniversario del secuestro y asesinato de Miguel \u00c1ngel Blanco a manos de ETA - AREA LORCA RADIO<\/title>\n<meta name=\"robots\" content=\"index, follow, max-snippet:-1, max-image-preview:large, max-video-preview:-1\" \/>\n<link rel=\"canonical\" href=\"https:\/\/arealorcaradio.es\/index.php\/2025\/07\/10\/el-silencio-vuelve-a-apoderarse-de-la-plaza-de-espana-en-el-xviii-aniversario-del-secuestro-y-asesinato-de-miguel-angel-blanco-a-manos-de-eta\/\" \/>\n<meta property=\"og:locale\" content=\"es_ES\" \/>\n<meta property=\"og:type\" content=\"article\" \/>\n<meta property=\"og:title\" content=\"El silencio vuelve a apoderarse de la Plaza de Espa\u00f1a en el XVIII aniversario del secuestro y asesinato de Miguel \u00c1ngel Blanco a manos de ETA - AREA LORCA RADIO\" \/>\n<meta property=\"og:description\" content=\"\u00c1REA LORCA RADIO. Sociedad. Jueves, 10 de julio de 2025.\u00a0Los lorquinos se han vuelto a echar a la calle. Lo han hecho en la Plaza de Espa\u00f1a donde a mediod\u00eda de este jueves guardaban silencio. Un silencio que se asemejaba a otro que mantuvo en vilo a un pa\u00eds mientras la banda terrorista ETA jugaba, [&hellip;]\" \/>\n<meta property=\"og:url\" content=\"https:\/\/arealorcaradio.es\/index.php\/2025\/07\/10\/el-silencio-vuelve-a-apoderarse-de-la-plaza-de-espana-en-el-xviii-aniversario-del-secuestro-y-asesinato-de-miguel-angel-blanco-a-manos-de-eta\/\" \/>\n<meta property=\"og:site_name\" content=\"AREA LORCA RADIO\" \/>\n<meta property=\"article:published_time\" content=\"2025-07-10T10:49:04+00:00\" \/>\n<meta property=\"article:modified_time\" content=\"2025-07-10T10:57:51+00:00\" \/>\n<meta property=\"og:image\" content=\"https:\/\/arealorcaradio.es\/wp-content\/uploads\/2025\/07\/FOTO4-17.jpeg\" \/>\n\t<meta property=\"og:image:width\" content=\"1600\" \/>\n\t<meta property=\"og:image:height\" content=\"1066\" \/>\n\t<meta property=\"og:image:type\" content=\"image\/jpeg\" \/>\n<meta name=\"author\" content=\"Paco S\u00e1nchez\" \/>\n<meta name=\"twitter:card\" content=\"summary_large_image\" \/>\n<meta name=\"twitter:label1\" content=\"Escrito por\" \/>\n\t<meta name=\"twitter:data1\" content=\"Paco S\u00e1nchez\" \/>\n\t<meta name=\"twitter:label2\" content=\"Tiempo de lectura\" \/>\n\t<meta name=\"twitter:data2\" content=\"4 minutos\" \/>\n<script type=\"application\/ld+json\" class=\"yoast-schema-graph\">{\"@context\":\"https:\\\/\\\/schema.org\",\"@graph\":[{\"@type\":\"Article\",\"@id\":\"https:\\\/\\\/arealorcaradio.es\\\/index.php\\\/2025\\\/07\\\/10\\\/el-silencio-vuelve-a-apoderarse-de-la-plaza-de-espana-en-el-xviii-aniversario-del-secuestro-y-asesinato-de-miguel-angel-blanco-a-manos-de-eta\\\/#article\",\"isPartOf\":{\"@id\":\"https:\\\/\\\/arealorcaradio.es\\\/index.php\\\/2025\\\/07\\\/10\\\/el-silencio-vuelve-a-apoderarse-de-la-plaza-de-espana-en-el-xviii-aniversario-del-secuestro-y-asesinato-de-miguel-angel-blanco-a-manos-de-eta\\\/\"},\"author\":{\"name\":\"Paco S\u00e1nchez\",\"@id\":\"https:\\\/\\\/arealorcaradio.es\\\/#\\\/schema\\\/person\\\/9fae605fc25b0f2c83c1ab207139bd27\"},\"headline\":\"El silencio vuelve a apoderarse de la Plaza de Espa\u00f1a en el XVIII aniversario del secuestro y asesinato de Miguel \u00c1ngel Blanco a manos de ETA\",\"datePublished\":\"2025-07-10T10:49:04+00:00\",\"dateModified\":\"2025-07-10T10:57:51+00:00\",\"mainEntityOfPage\":{\"@id\":\"https:\\\/\\\/arealorcaradio.es\\\/index.php\\\/2025\\\/07\\\/10\\\/el-silencio-vuelve-a-apoderarse-de-la-plaza-de-espana-en-el-xviii-aniversario-del-secuestro-y-asesinato-de-miguel-angel-blanco-a-manos-de-eta\\\/\"},\"wordCount\":730,\"commentCount\":0,\"image\":{\"@id\":\"https:\\\/\\\/arealorcaradio.es\\\/index.php\\\/2025\\\/07\\\/10\\\/el-silencio-vuelve-a-apoderarse-de-la-plaza-de-espana-en-el-xviii-aniversario-del-secuestro-y-asesinato-de-miguel-angel-blanco-a-manos-de-eta\\\/#primaryimage\"},\"thumbnailUrl\":\"https:\\\/\\\/arealorcaradio.es\\\/wp-content\\\/uploads\\\/2025\\\/07\\\/FOTO4-17.jpeg\",\"articleSection\":[\"ACTUALIDAD\",\"LORCA\"],\"inLanguage\":\"es\",\"potentialAction\":[{\"@type\":\"CommentAction\",\"name\":\"Comment\",\"target\":[\"https:\\\/\\\/arealorcaradio.es\\\/index.php\\\/2025\\\/07\\\/10\\\/el-silencio-vuelve-a-apoderarse-de-la-plaza-de-espana-en-el-xviii-aniversario-del-secuestro-y-asesinato-de-miguel-angel-blanco-a-manos-de-eta\\\/#respond\"]}]},{\"@type\":\"WebPage\",\"@id\":\"https:\\\/\\\/arealorcaradio.es\\\/index.php\\\/2025\\\/07\\\/10\\\/el-silencio-vuelve-a-apoderarse-de-la-plaza-de-espana-en-el-xviii-aniversario-del-secuestro-y-asesinato-de-miguel-angel-blanco-a-manos-de-eta\\\/\",\"url\":\"https:\\\/\\\/arealorcaradio.es\\\/index.php\\\/2025\\\/07\\\/10\\\/el-silencio-vuelve-a-apoderarse-de-la-plaza-de-espana-en-el-xviii-aniversario-del-secuestro-y-asesinato-de-miguel-angel-blanco-a-manos-de-eta\\\/\",\"name\":\"El silencio vuelve a apoderarse de la Plaza de Espa\u00f1a en el XVIII aniversario del secuestro y asesinato de Miguel \u00c1ngel Blanco a manos de ETA - AREA LORCA RADIO\",\"isPartOf\":{\"@id\":\"https:\\\/\\\/arealorcaradio.es\\\/#website\"},\"primaryImageOfPage\":{\"@id\":\"https:\\\/\\\/arealorcaradio.es\\\/index.php\\\/2025\\\/07\\\/10\\\/el-silencio-vuelve-a-apoderarse-de-la-plaza-de-espana-en-el-xviii-aniversario-del-secuestro-y-asesinato-de-miguel-angel-blanco-a-manos-de-eta\\\/#primaryimage\"},\"image\":{\"@id\":\"https:\\\/\\\/arealorcaradio.es\\\/index.php\\\/2025\\\/07\\\/10\\\/el-silencio-vuelve-a-apoderarse-de-la-plaza-de-espana-en-el-xviii-aniversario-del-secuestro-y-asesinato-de-miguel-angel-blanco-a-manos-de-eta\\\/#primaryimage\"},\"thumbnailUrl\":\"https:\\\/\\\/arealorcaradio.es\\\/wp-content\\\/uploads\\\/2025\\\/07\\\/FOTO4-17.jpeg\",\"datePublished\":\"2025-07-10T10:49:04+00:00\",\"dateModified\":\"2025-07-10T10:57:51+00:00\",\"author\":{\"@id\":\"https:\\\/\\\/arealorcaradio.es\\\/#\\\/schema\\\/person\\\/9fae605fc25b0f2c83c1ab207139bd27\"},\"breadcrumb\":{\"@id\":\"https:\\\/\\\/arealorcaradio.es\\\/index.php\\\/2025\\\/07\\\/10\\\/el-silencio-vuelve-a-apoderarse-de-la-plaza-de-espana-en-el-xviii-aniversario-del-secuestro-y-asesinato-de-miguel-angel-blanco-a-manos-de-eta\\\/#breadcrumb\"},\"inLanguage\":\"es\",\"potentialAction\":[{\"@type\":\"ReadAction\",\"target\":[\"https:\\\/\\\/arealorcaradio.es\\\/index.php\\\/2025\\\/07\\\/10\\\/el-silencio-vuelve-a-apoderarse-de-la-plaza-de-espana-en-el-xviii-aniversario-del-secuestro-y-asesinato-de-miguel-angel-blanco-a-manos-de-eta\\\/\"]}]},{\"@type\":\"ImageObject\",\"inLanguage\":\"es\",\"@id\":\"https:\\\/\\\/arealorcaradio.es\\\/index.php\\\/2025\\\/07\\\/10\\\/el-silencio-vuelve-a-apoderarse-de-la-plaza-de-espana-en-el-xviii-aniversario-del-secuestro-y-asesinato-de-miguel-angel-blanco-a-manos-de-eta\\\/#primaryimage\",\"url\":\"https:\\\/\\\/arealorcaradio.es\\\/wp-content\\\/uploads\\\/2025\\\/07\\\/FOTO4-17.jpeg\",\"contentUrl\":\"https:\\\/\\\/arealorcaradio.es\\\/wp-content\\\/uploads\\\/2025\\\/07\\\/FOTO4-17.jpeg\",\"width\":1600,\"height\":1066},{\"@type\":\"BreadcrumbList\",\"@id\":\"https:\\\/\\\/arealorcaradio.es\\\/index.php\\\/2025\\\/07\\\/10\\\/el-silencio-vuelve-a-apoderarse-de-la-plaza-de-espana-en-el-xviii-aniversario-del-secuestro-y-asesinato-de-miguel-angel-blanco-a-manos-de-eta\\\/#breadcrumb\",\"itemListElement\":[{\"@type\":\"ListItem\",\"position\":1,\"name\":\"Portada\",\"item\":\"https:\\\/\\\/arealorcaradio.es\\\/\"},{\"@type\":\"ListItem\",\"position\":2,\"name\":\"El silencio vuelve a apoderarse de la Plaza de Espa\u00f1a en el XVIII aniversario del secuestro y asesinato de Miguel \u00c1ngel Blanco a manos de ETA\"}]},{\"@type\":\"WebSite\",\"@id\":\"https:\\\/\\\/arealorcaradio.es\\\/#website\",\"url\":\"https:\\\/\\\/arealorcaradio.es\\\/\",\"name\":\"AREA LORCA RADIO\",\"description\":\"Descubre la programaci\u00f3n actual en \u00c1rea Lorca Radio, tu fuente de entrenamiento y noticias locales. Sintoniza ahora y mantente conectado online.\",\"potentialAction\":[{\"@type\":\"SearchAction\",\"target\":{\"@type\":\"EntryPoint\",\"urlTemplate\":\"https:\\\/\\\/arealorcaradio.es\\\/?s={search_term_string}\"},\"query-input\":{\"@type\":\"PropertyValueSpecification\",\"valueRequired\":true,\"valueName\":\"search_term_string\"}}],\"inLanguage\":\"es\"},{\"@type\":\"Person\",\"@id\":\"https:\\\/\\\/arealorcaradio.es\\\/#\\\/schema\\\/person\\\/9fae605fc25b0f2c83c1ab207139bd27\",\"name\":\"Paco S\u00e1nchez\",\"image\":{\"@type\":\"ImageObject\",\"inLanguage\":\"es\",\"@id\":\"https:\\\/\\\/secure.gravatar.com\\\/avatar\\\/d67144e966420fb74aa84c9f2a0103be4724fd14db52b52d3b6bca749f257e79?s=96&d=mm&r=g\",\"url\":\"https:\\\/\\\/secure.gravatar.com\\\/avatar\\\/d67144e966420fb74aa84c9f2a0103be4724fd14db52b52d3b6bca749f257e79?s=96&d=mm&r=g\",\"contentUrl\":\"https:\\\/\\\/secure.gravatar.com\\\/avatar\\\/d67144e966420fb74aa84c9f2a0103be4724fd14db52b52d3b6bca749f257e79?s=96&d=mm&r=g\",\"caption\":\"Paco S\u00e1nchez\"},\"sameAs\":[\"https:\\\/\\\/arealorcaradio.es\"],\"url\":\"https:\\\/\\\/arealorcaradio.es\\\/index.php\\\/author\\\/admin_alorcaradio\\\/\"}]}<\/script>\n<!-- \/ Yoast SEO plugin. -->","yoast_head_json":{"title":"El silencio vuelve a apoderarse de la Plaza de Espa\u00f1a en el XVIII aniversario del secuestro y asesinato de Miguel \u00c1ngel Blanco a manos de ETA - AREA LORCA RADIO","robots":{"index":"index","follow":"follow","max-snippet":"max-snippet:-1","max-image-preview":"max-image-preview:large","max-video-preview":"max-video-preview:-1"},"canonical":"https:\/\/arealorcaradio.es\/index.php\/2025\/07\/10\/el-silencio-vuelve-a-apoderarse-de-la-plaza-de-espana-en-el-xviii-aniversario-del-secuestro-y-asesinato-de-miguel-angel-blanco-a-manos-de-eta\/","og_locale":"es_ES","og_type":"article","og_title":"El silencio vuelve a apoderarse de la Plaza de Espa\u00f1a en el XVIII aniversario del secuestro y asesinato de Miguel \u00c1ngel Blanco a manos de ETA - AREA LORCA RADIO","og_description":"\u00c1REA LORCA RADIO. Sociedad. Jueves, 10 de julio de 2025.\u00a0Los lorquinos se han vuelto a echar a la calle. Lo han hecho en la Plaza de Espa\u00f1a donde a mediod\u00eda de este jueves guardaban silencio. Un silencio que se asemejaba a otro que mantuvo en vilo a un pa\u00eds mientras la banda terrorista ETA jugaba, [&hellip;]","og_url":"https:\/\/arealorcaradio.es\/index.php\/2025\/07\/10\/el-silencio-vuelve-a-apoderarse-de-la-plaza-de-espana-en-el-xviii-aniversario-del-secuestro-y-asesinato-de-miguel-angel-blanco-a-manos-de-eta\/","og_site_name":"AREA LORCA RADIO","article_published_time":"2025-07-10T10:49:04+00:00","article_modified_time":"2025-07-10T10:57:51+00:00","og_image":[{"width":1600,"height":1066,"url":"https:\/\/arealorcaradio.es\/wp-content\/uploads\/2025\/07\/FOTO4-17.jpeg","type":"image\/jpeg"}],"author":"Paco S\u00e1nchez","twitter_card":"summary_large_image","twitter_misc":{"Escrito por":"Paco S\u00e1nchez","Tiempo de lectura":"4 minutos"},"schema":{"@context":"https:\/\/schema.org","@graph":[{"@type":"Article","@id":"https:\/\/arealorcaradio.es\/index.php\/2025\/07\/10\/el-silencio-vuelve-a-apoderarse-de-la-plaza-de-espana-en-el-xviii-aniversario-del-secuestro-y-asesinato-de-miguel-angel-blanco-a-manos-de-eta\/#article","isPartOf":{"@id":"https:\/\/arealorcaradio.es\/index.php\/2025\/07\/10\/el-silencio-vuelve-a-apoderarse-de-la-plaza-de-espana-en-el-xviii-aniversario-del-secuestro-y-asesinato-de-miguel-angel-blanco-a-manos-de-eta\/"},"author":{"name":"Paco S\u00e1nchez","@id":"https:\/\/arealorcaradio.es\/#\/schema\/person\/9fae605fc25b0f2c83c1ab207139bd27"},"headline":"El silencio vuelve a apoderarse de la Plaza de Espa\u00f1a en el XVIII aniversario del secuestro y asesinato de Miguel \u00c1ngel Blanco a manos de ETA","datePublished":"2025-07-10T10:49:04+00:00","dateModified":"2025-07-10T10:57:51+00:00","mainEntityOfPage":{"@id":"https:\/\/arealorcaradio.es\/index.php\/2025\/07\/10\/el-silencio-vuelve-a-apoderarse-de-la-plaza-de-espana-en-el-xviii-aniversario-del-secuestro-y-asesinato-de-miguel-angel-blanco-a-manos-de-eta\/"},"wordCount":730,"commentCount":0,"image":{"@id":"https:\/\/arealorcaradio.es\/index.php\/2025\/07\/10\/el-silencio-vuelve-a-apoderarse-de-la-plaza-de-espana-en-el-xviii-aniversario-del-secuestro-y-asesinato-de-miguel-angel-blanco-a-manos-de-eta\/#primaryimage"},"thumbnailUrl":"https:\/\/arealorcaradio.es\/wp-content\/uploads\/2025\/07\/FOTO4-17.jpeg","articleSection":["ACTUALIDAD","LORCA"],"inLanguage":"es","potentialAction":[{"@type":"CommentAction","name":"Comment","target":["https:\/\/arealorcaradio.es\/index.php\/2025\/07\/10\/el-silencio-vuelve-a-apoderarse-de-la-plaza-de-espana-en-el-xviii-aniversario-del-secuestro-y-asesinato-de-miguel-angel-blanco-a-manos-de-eta\/#respond"]}]},{"@type":"WebPage","@id":"https:\/\/arealorcaradio.es\/index.php\/2025\/07\/10\/el-silencio-vuelve-a-apoderarse-de-la-plaza-de-espana-en-el-xviii-aniversario-del-secuestro-y-asesinato-de-miguel-angel-blanco-a-manos-de-eta\/","url":"https:\/\/arealorcaradio.es\/index.php\/2025\/07\/10\/el-silencio-vuelve-a-apoderarse-de-la-plaza-de-espana-en-el-xviii-aniversario-del-secuestro-y-asesinato-de-miguel-angel-blanco-a-manos-de-eta\/","name":"El silencio vuelve a apoderarse de la Plaza de Espa\u00f1a en el XVIII aniversario del secuestro y asesinato de Miguel \u00c1ngel Blanco a manos de ETA - AREA LORCA RADIO","isPartOf":{"@id":"https:\/\/arealorcaradio.es\/#website"},"primaryImageOfPage":{"@id":"https:\/\/arealorcaradio.es\/index.php\/2025\/07\/10\/el-silencio-vuelve-a-apoderarse-de-la-plaza-de-espana-en-el-xviii-aniversario-del-secuestro-y-asesinato-de-miguel-angel-blanco-a-manos-de-eta\/#primaryimage"},"image":{"@id":"https:\/\/arealorcaradio.es\/index.php\/2025\/07\/10\/el-silencio-vuelve-a-apoderarse-de-la-plaza-de-espana-en-el-xviii-aniversario-del-secuestro-y-asesinato-de-miguel-angel-blanco-a-manos-de-eta\/#primaryimage"},"thumbnailUrl":"https:\/\/arealorcaradio.es\/wp-content\/uploads\/2025\/07\/FOTO4-17.jpeg","datePublished":"2025-07-10T10:49:04+00:00","dateModified":"2025-07-10T10:57:51+00:00","author":{"@id":"https:\/\/arealorcaradio.es\/#\/schema\/person\/9fae605fc25b0f2c83c1ab207139bd27"},"breadcrumb":{"@id":"https:\/\/arealorcaradio.es\/index.php\/2025\/07\/10\/el-silencio-vuelve-a-apoderarse-de-la-plaza-de-espana-en-el-xviii-aniversario-del-secuestro-y-asesinato-de-miguel-angel-blanco-a-manos-de-eta\/#breadcrumb"},"inLanguage":"es","potentialAction":[{"@type":"ReadAction","target":["https:\/\/arealorcaradio.es\/index.php\/2025\/07\/10\/el-silencio-vuelve-a-apoderarse-de-la-plaza-de-espana-en-el-xviii-aniversario-del-secuestro-y-asesinato-de-miguel-angel-blanco-a-manos-de-eta\/"]}]},{"@type":"ImageObject","inLanguage":"es","@id":"https:\/\/arealorcaradio.es\/index.php\/2025\/07\/10\/el-silencio-vuelve-a-apoderarse-de-la-plaza-de-espana-en-el-xviii-aniversario-del-secuestro-y-asesinato-de-miguel-angel-blanco-a-manos-de-eta\/#primaryimage","url":"https:\/\/arealorcaradio.es\/wp-content\/uploads\/2025\/07\/FOTO4-17.jpeg","contentUrl":"https:\/\/arealorcaradio.es\/wp-content\/uploads\/2025\/07\/FOTO4-17.jpeg","width":1600,"height":1066},{"@type":"BreadcrumbList","@id":"https:\/\/arealorcaradio.es\/index.php\/2025\/07\/10\/el-silencio-vuelve-a-apoderarse-de-la-plaza-de-espana-en-el-xviii-aniversario-del-secuestro-y-asesinato-de-miguel-angel-blanco-a-manos-de-eta\/#breadcrumb","itemListElement":[{"@type":"ListItem","position":1,"name":"Portada","item":"https:\/\/arealorcaradio.es\/"},{"@type":"ListItem","position":2,"name":"El silencio vuelve a apoderarse de la Plaza de Espa\u00f1a en el XVIII aniversario del secuestro y asesinato de Miguel \u00c1ngel Blanco a manos de ETA"}]},{"@type":"WebSite","@id":"https:\/\/arealorcaradio.es\/#website","url":"https:\/\/arealorcaradio.es\/","name":"AREA LORCA RADIO","description":"Descubre la programaci\u00f3n actual en \u00c1rea Lorca Radio, tu fuente de entrenamiento y noticias locales. Sintoniza ahora y mantente conectado online.","potentialAction":[{"@type":"SearchAction","target":{"@type":"EntryPoint","urlTemplate":"https:\/\/arealorcaradio.es\/?s={search_term_string}"},"query-input":{"@type":"PropertyValueSpecification","valueRequired":true,"valueName":"search_term_string"}}],"inLanguage":"es"},{"@type":"Person","@id":"https:\/\/arealorcaradio.es\/#\/schema\/person\/9fae605fc25b0f2c83c1ab207139bd27","name":"Paco S\u00e1nchez","image":{"@type":"ImageObject","inLanguage":"es","@id":"https:\/\/secure.gravatar.com\/avatar\/d67144e966420fb74aa84c9f2a0103be4724fd14db52b52d3b6bca749f257e79?s=96&d=mm&r=g","url":"https:\/\/secure.gravatar.com\/avatar\/d67144e966420fb74aa84c9f2a0103be4724fd14db52b52d3b6bca749f257e79?s=96&d=mm&r=g","contentUrl":"https:\/\/secure.gravatar.com\/avatar\/d67144e966420fb74aa84c9f2a0103be4724fd14db52b52d3b6bca749f257e79?s=96&d=mm&r=g","caption":"Paco S\u00e1nchez"},"sameAs":["https:\/\/arealorcaradio.es"],"url":"https:\/\/arealorcaradio.es\/index.php\/author\/admin_alorcaradio\/"}]}},"_links":{"self":[{"href":"https:\/\/arealorcaradio.es\/index.php\/wp-json\/wp\/v2\/posts\/7259","targetHints":{"allow":["GET"]}}],"collection":[{"href":"https:\/\/arealorcaradio.es\/index.php\/wp-json\/wp\/v2\/posts"}],"about":[{"href":"https:\/\/arealorcaradio.es\/index.php\/wp-json\/wp\/v2\/types\/post"}],"author":[{"embeddable":true,"href":"https:\/\/arealorcaradio.es\/index.php\/wp-json\/wp\/v2\/users\/1"}],"replies":[{"embeddable":true,"href":"https:\/\/arealorcaradio.es\/index.php\/wp-json\/wp\/v2\/comments?post=7259"}],"version-history":[{"count":4,"href":"https:\/\/arealorcaradio.es\/index.php\/wp-json\/wp\/v2\/posts\/7259\/revisions"}],"predecessor-version":[{"id":7266,"href":"https:\/\/arealorcaradio.es\/index.php\/wp-json\/wp\/v2\/posts\/7259\/revisions\/7266"}],"wp:featuredmedia":[{"embeddable":true,"href":"https:\/\/arealorcaradio.es\/index.php\/wp-json\/wp\/v2\/media\/7260"}],"wp:attachment":[{"href":"https:\/\/arealorcaradio.es\/index.php\/wp-json\/wp\/v2\/media?parent=7259"}],"wp:term":[{"taxonomy":"category","embeddable":true,"href":"https:\/\/arealorcaradio.es\/index.php\/wp-json\/wp\/v2\/categories?post=7259"},{"taxonomy":"post_tag","embeddable":true,"href":"https:\/\/arealorcaradio.es\/index.php\/wp-json\/wp\/v2\/tags?post=7259"}],"curies":[{"name":"wp","href":"https:\/\/api.w.org\/{rel}","templated":true}]}}