{"id":7250,"date":"2025-07-10T08:44:39","date_gmt":"2025-07-10T08:44:39","guid":{"rendered":"https:\/\/arealorcaradio.es\/?p=7250"},"modified":"2025-07-10T08:45:27","modified_gmt":"2025-07-10T08:45:27","slug":"el-alcalde-de-lorca-y-el-colegio-de-arquitectos-abordan-soluciones-urgentes-frente-a-inundaciones-y-mejoras-en-la-gestion-urbanistica","status":"publish","type":"post","link":"https:\/\/arealorcaradio.es\/index.php\/2025\/07\/10\/el-alcalde-de-lorca-y-el-colegio-de-arquitectos-abordan-soluciones-urgentes-frente-a-inundaciones-y-mejoras-en-la-gestion-urbanistica\/","title":{"rendered":"El alcalde de Lorca y el Colegio de Arquitectos abordan soluciones urgentes frente a inundaciones y mejoras en la gesti\u00f3n urban\u00edstica"},"content":{"rendered":"<p><strong>\u00c1REA LORCA RADIO. Urbanismo.\u00a0<\/strong><\/p>\n<p class=\"v1MsoNormal\"><b>10 de julio de 2025.<\/b>\u00a0El alcalde de Lorca, Fulgencio Gil J\u00f3dar, ha mantenido este mi\u00e9rcoles un encuentro con el nuevo decano del Colegio Oficial de Arquitectos de la Regi\u00f3n de Murcia, Arturo Garc\u00eda, para abordar temas de gran trascendencia para la ciudad como son la situaci\u00f3n general en la que se encuentra nuestro t\u00e9rmino municipal con el grado de cumplimiento del Plan General de Defensa del Alto Guadalent\u00edn contra Avenidas, as\u00ed como el decreto de simplificaci\u00f3n administrativa aprobado por la Comunidad Aut\u00f3noma para la construcci\u00f3n de nuevas viviendas en Lorca.<\/p>\n<p class=\"v1MsoNormal\">Durante el encuentro, se ha abordado la necesidad urgente de establecer medidas de defensa frente a las inundaciones. \u00abTanto desde el COAMU, como desde el Ayuntamiento, creemos que\u00a0 la soluci\u00f3n pasa inexcusablemente por la construcci\u00f3n cuanto antes de las presas de laminaci\u00f3n que frenen las avenidas procedentes de las ramblas de Nogalte, B\u00e9jar y Torrecilla, as\u00ed como el canal de Biznaga, que de salida al agua que se acumula actualmente entre las pedan\u00edas de Campillo y Purias. La correcci\u00f3n de esta zona endorreica pasa por habilitar a la mayor brevedad posible este nuevo canal, que permita que el agua de lluvia no quede embalsada junto a la carretera de \u00c1guilas, sino que fluya a trav\u00e9s de la rambla de Biznaga\u00bb, ha indicado Fulgencio Gil.<\/p>\n<p class=\"v1MsoNormal\">Las medidas que solucionar\u00edan los problemas que a d\u00eda de hoy sufren los vecinos de Torrecilla, Campillo y Purias cada vez que llueve est\u00e1n en manos del Ministerio y de la Confederaci\u00f3n Hidrogr\u00e1fica del Segura. \u00abEstamos hablando de un asunto que supera las competencias locales y regionales, y que tiene que ser asumido por parte del gobierno Central sin m\u00e1s dilaciones. Tendemos nuestra mano para trabajar de forma conjunta y coordinada, pero desde la indignaci\u00f3n compartida con los vecinos por no ver avances en la construcci\u00f3n de estas presas y el canal de Biznaga. La paciencia de los lorquinos no es infinita, de hecho, se ha agotado, y desde el Gobierno de Lorca vamos a estar junto a los vecinos hasta que estas infraestructuras, incluidas en el Plan de Defensa ante inundaciones redactado tras las avenidas de 2012, est\u00e1n construidas\u00bb, ha declarado el alcalde.<\/p>\n<p class=\"v1MsoNormal\">El mismo tambi\u00e9n ha servido para poner en com\u00fan las necesidades del urbanismo en el municipio con el objetivo de simplificar los tr\u00e1mites, reducir tiempos y facilitar que los ciudadanos que deseen construir o rehabilitar su vivienda puedan beneficiarse de procesos m\u00e1s \u00e1giles. En este sentido, Gil J\u00f3dar ha indicado que \u00abhemos evaluado el decreto de simplificaci\u00f3n administrativa aprobado por la Comunidad Aut\u00f3noma y su aplicaci\u00f3n en nuestro municipio, con el fin de adaptar nuestros procedimientos a esta normativa y ofrecer una respuesta m\u00e1s eficiente a los vecinos que quieran construir en el centro, en el casco hist\u00f3rico o en las pedan\u00edas. Se trata de una coordinaci\u00f3n entre instituciones que es clave para garantizar cercan\u00eda en la gesti\u00f3n urban\u00edstica que prestamos desde el Gobierno de Lorca e incitar el desarrollo urbano de forma ordenada y accesible para todos los ciudadanos\u00bb.<\/p>\n<p class=\"v1MsoNormal\">El primer edil, asimismo, ha informado que se ha abordado la posibilidad de llegar a alg\u00fan tipo de convenio para intensificar la colaboraci\u00f3n entre el Colegio y el Ayuntamiento de Lorca, con el objetivo de agilizar los tr\u00e1mites administrativos, en l\u00ednea con este decreto de simplificaci\u00f3n administrativa. \u00abHemos propuesto al Colegio de Arquitectos que pasen un borrador de convenio para analizarlo y ver c\u00f3mo se puede formalizar esta colaboraci\u00f3n, siempre con el fin de simplificar los tr\u00e1mites, reducir tiempos y facilitar la construcci\u00f3n de viviendas en todo nuestro municipio\u00bb.<\/p>\n<p class=\"v1MsoNormal\">Por \u00faltimo, Fulgencio Gil ha querido agradecer al Colegio Oficial de Arquitectos de la Regi\u00f3n de Murcia la labor profesional y el compromiso que demuestran en el desarrollo urban\u00edstico y social en toda la Regi\u00f3n, y especialmente en nuestro municipio, destacando que \u00abreiteramos nuestra total disposici\u00f3n a seguir colaborando con esta instituci\u00f3n en todas aquellas iniciativas que contribuyan a mejorar nuestra ciudad, tanto en materia de planificaci\u00f3n urbana como en la protecci\u00f3n frente a desastres naturales. La cooperaci\u00f3n con entidades como el COAMU es fundamental para avanzar en un modelo de ciudad que queremos todos los lorquinos: m\u00e1s seguro, accesible y sostenible\u00bb.<\/p>\n","protected":false},"excerpt":{"rendered":"<p>\u00c1REA LORCA RADIO. Urbanismo.\u00a0 10 de julio de 2025.\u00a0El alcalde de Lorca, Fulgencio Gil J\u00f3dar, ha mantenido este mi\u00e9rcoles un encuentro con el nuevo decano del Colegio Oficial de Arquitectos de la Regi\u00f3n de Murcia, Arturo Garc\u00eda, para abordar temas de gran trascendencia para la ciudad como son la situaci\u00f3n general en la que se [&hellip;]<\/p>\n","protected":false},"author":1,"featured_media":7251,"comment_status":"open","ping_status":"open","sticky":false,"template":"","format":"standard","meta":{"iawp_total_views":9,"footnotes":""},"categories":[5,7],"tags":[],"class_list":["post-7250","post","type-post","status-publish","format-standard","has-post-thumbnail","hentry","category-actualidad","category-lorca"],"yoast_head":"<!-- This site is optimized with the Yoast SEO plugin v27.5 - https:\/\/yoast.com\/product\/yoast-seo-wordpress\/ -->\n<title>El alcalde de Lorca y el Colegio de Arquitectos abordan soluciones urgentes frente a inundaciones y mejoras en la gesti\u00f3n urban\u00edstica - AREA LORCA RADIO<\/title>\n<meta name=\"robots\" content=\"index, follow, max-snippet:-1, max-image-preview:large, max-video-preview:-1\" \/>\n<link rel=\"canonical\" href=\"https:\/\/arealorcaradio.es\/index.php\/2025\/07\/10\/el-alcalde-de-lorca-y-el-colegio-de-arquitectos-abordan-soluciones-urgentes-frente-a-inundaciones-y-mejoras-en-la-gestion-urbanistica\/\" \/>\n<meta property=\"og:locale\" content=\"es_ES\" \/>\n<meta property=\"og:type\" content=\"article\" \/>\n<meta property=\"og:title\" content=\"El alcalde de Lorca y el Colegio de Arquitectos abordan soluciones urgentes frente a inundaciones y mejoras en la gesti\u00f3n urban\u00edstica - AREA LORCA RADIO\" \/>\n<meta property=\"og:description\" content=\"\u00c1REA LORCA RADIO. Urbanismo.\u00a0 10 de julio de 2025.\u00a0El alcalde de Lorca, Fulgencio Gil J\u00f3dar, ha mantenido este mi\u00e9rcoles un encuentro con el nuevo decano del Colegio Oficial de Arquitectos de la Regi\u00f3n de Murcia, Arturo Garc\u00eda, para abordar temas de gran trascendencia para la ciudad como son la situaci\u00f3n general en la que se [&hellip;]\" \/>\n<meta property=\"og:url\" content=\"https:\/\/arealorcaradio.es\/index.php\/2025\/07\/10\/el-alcalde-de-lorca-y-el-colegio-de-arquitectos-abordan-soluciones-urgentes-frente-a-inundaciones-y-mejoras-en-la-gestion-urbanistica\/\" \/>\n<meta property=\"og:site_name\" content=\"AREA LORCA RADIO\" \/>\n<meta property=\"article:published_time\" content=\"2025-07-10T08:44:39+00:00\" \/>\n<meta property=\"article:modified_time\" content=\"2025-07-10T08:45:27+00:00\" \/>\n<meta property=\"og:image\" content=\"https:\/\/arealorcaradio.es\/wp-content\/uploads\/2025\/07\/REUNION-COAMU-3.jpeg\" \/>\n\t<meta property=\"og:image:width\" content=\"2048\" \/>\n\t<meta property=\"og:image:height\" content=\"1536\" \/>\n\t<meta property=\"og:image:type\" content=\"image\/jpeg\" \/>\n<meta name=\"author\" content=\"Paco S\u00e1nchez\" \/>\n<meta name=\"twitter:card\" content=\"summary_large_image\" \/>\n<meta name=\"twitter:label1\" content=\"Escrito por\" \/>\n\t<meta name=\"twitter:data1\" content=\"Paco S\u00e1nchez\" \/>\n\t<meta name=\"twitter:label2\" content=\"Tiempo de lectura\" \/>\n\t<meta name=\"twitter:data2\" content=\"4 minutos\" \/>\n<script type=\"application\/ld+json\" class=\"yoast-schema-graph\">{\"@context\":\"https:\\\/\\\/schema.org\",\"@graph\":[{\"@type\":\"Article\",\"@id\":\"https:\\\/\\\/arealorcaradio.es\\\/index.php\\\/2025\\\/07\\\/10\\\/el-alcalde-de-lorca-y-el-colegio-de-arquitectos-abordan-soluciones-urgentes-frente-a-inundaciones-y-mejoras-en-la-gestion-urbanistica\\\/#article\",\"isPartOf\":{\"@id\":\"https:\\\/\\\/arealorcaradio.es\\\/index.php\\\/2025\\\/07\\\/10\\\/el-alcalde-de-lorca-y-el-colegio-de-arquitectos-abordan-soluciones-urgentes-frente-a-inundaciones-y-mejoras-en-la-gestion-urbanistica\\\/\"},\"author\":{\"name\":\"Paco S\u00e1nchez\",\"@id\":\"https:\\\/\\\/arealorcaradio.es\\\/#\\\/schema\\\/person\\\/9fae605fc25b0f2c83c1ab207139bd27\"},\"headline\":\"El alcalde de Lorca y el Colegio de Arquitectos abordan soluciones urgentes frente a inundaciones y mejoras en la gesti\u00f3n urban\u00edstica\",\"datePublished\":\"2025-07-10T08:44:39+00:00\",\"dateModified\":\"2025-07-10T08:45:27+00:00\",\"mainEntityOfPage\":{\"@id\":\"https:\\\/\\\/arealorcaradio.es\\\/index.php\\\/2025\\\/07\\\/10\\\/el-alcalde-de-lorca-y-el-colegio-de-arquitectos-abordan-soluciones-urgentes-frente-a-inundaciones-y-mejoras-en-la-gestion-urbanistica\\\/\"},\"wordCount\":773,\"commentCount\":0,\"image\":{\"@id\":\"https:\\\/\\\/arealorcaradio.es\\\/index.php\\\/2025\\\/07\\\/10\\\/el-alcalde-de-lorca-y-el-colegio-de-arquitectos-abordan-soluciones-urgentes-frente-a-inundaciones-y-mejoras-en-la-gestion-urbanistica\\\/#primaryimage\"},\"thumbnailUrl\":\"https:\\\/\\\/arealorcaradio.es\\\/wp-content\\\/uploads\\\/2025\\\/07\\\/REUNION-COAMU-3.jpeg\",\"articleSection\":[\"ACTUALIDAD\",\"LORCA\"],\"inLanguage\":\"es\",\"potentialAction\":[{\"@type\":\"CommentAction\",\"name\":\"Comment\",\"target\":[\"https:\\\/\\\/arealorcaradio.es\\\/index.php\\\/2025\\\/07\\\/10\\\/el-alcalde-de-lorca-y-el-colegio-de-arquitectos-abordan-soluciones-urgentes-frente-a-inundaciones-y-mejoras-en-la-gestion-urbanistica\\\/#respond\"]}]},{\"@type\":\"WebPage\",\"@id\":\"https:\\\/\\\/arealorcaradio.es\\\/index.php\\\/2025\\\/07\\\/10\\\/el-alcalde-de-lorca-y-el-colegio-de-arquitectos-abordan-soluciones-urgentes-frente-a-inundaciones-y-mejoras-en-la-gestion-urbanistica\\\/\",\"url\":\"https:\\\/\\\/arealorcaradio.es\\\/index.php\\\/2025\\\/07\\\/10\\\/el-alcalde-de-lorca-y-el-colegio-de-arquitectos-abordan-soluciones-urgentes-frente-a-inundaciones-y-mejoras-en-la-gestion-urbanistica\\\/\",\"name\":\"El alcalde de Lorca y el Colegio de Arquitectos abordan soluciones urgentes frente a inundaciones y mejoras en la gesti\u00f3n urban\u00edstica - AREA LORCA RADIO\",\"isPartOf\":{\"@id\":\"https:\\\/\\\/arealorcaradio.es\\\/#website\"},\"primaryImageOfPage\":{\"@id\":\"https:\\\/\\\/arealorcaradio.es\\\/index.php\\\/2025\\\/07\\\/10\\\/el-alcalde-de-lorca-y-el-colegio-de-arquitectos-abordan-soluciones-urgentes-frente-a-inundaciones-y-mejoras-en-la-gestion-urbanistica\\\/#primaryimage\"},\"image\":{\"@id\":\"https:\\\/\\\/arealorcaradio.es\\\/index.php\\\/2025\\\/07\\\/10\\\/el-alcalde-de-lorca-y-el-colegio-de-arquitectos-abordan-soluciones-urgentes-frente-a-inundaciones-y-mejoras-en-la-gestion-urbanistica\\\/#primaryimage\"},\"thumbnailUrl\":\"https:\\\/\\\/arealorcaradio.es\\\/wp-content\\\/uploads\\\/2025\\\/07\\\/REUNION-COAMU-3.jpeg\",\"datePublished\":\"2025-07-10T08:44:39+00:00\",\"dateModified\":\"2025-07-10T08:45:27+00:00\",\"author\":{\"@id\":\"https:\\\/\\\/arealorcaradio.es\\\/#\\\/schema\\\/person\\\/9fae605fc25b0f2c83c1ab207139bd27\"},\"breadcrumb\":{\"@id\":\"https:\\\/\\\/arealorcaradio.es\\\/index.php\\\/2025\\\/07\\\/10\\\/el-alcalde-de-lorca-y-el-colegio-de-arquitectos-abordan-soluciones-urgentes-frente-a-inundaciones-y-mejoras-en-la-gestion-urbanistica\\\/#breadcrumb\"},\"inLanguage\":\"es\",\"potentialAction\":[{\"@type\":\"ReadAction\",\"target\":[\"https:\\\/\\\/arealorcaradio.es\\\/index.php\\\/2025\\\/07\\\/10\\\/el-alcalde-de-lorca-y-el-colegio-de-arquitectos-abordan-soluciones-urgentes-frente-a-inundaciones-y-mejoras-en-la-gestion-urbanistica\\\/\"]}]},{\"@type\":\"ImageObject\",\"inLanguage\":\"es\",\"@id\":\"https:\\\/\\\/arealorcaradio.es\\\/index.php\\\/2025\\\/07\\\/10\\\/el-alcalde-de-lorca-y-el-colegio-de-arquitectos-abordan-soluciones-urgentes-frente-a-inundaciones-y-mejoras-en-la-gestion-urbanistica\\\/#primaryimage\",\"url\":\"https:\\\/\\\/arealorcaradio.es\\\/wp-content\\\/uploads\\\/2025\\\/07\\\/REUNION-COAMU-3.jpeg\",\"contentUrl\":\"https:\\\/\\\/arealorcaradio.es\\\/wp-content\\\/uploads\\\/2025\\\/07\\\/REUNION-COAMU-3.jpeg\",\"width\":2048,\"height\":1536},{\"@type\":\"BreadcrumbList\",\"@id\":\"https:\\\/\\\/arealorcaradio.es\\\/index.php\\\/2025\\\/07\\\/10\\\/el-alcalde-de-lorca-y-el-colegio-de-arquitectos-abordan-soluciones-urgentes-frente-a-inundaciones-y-mejoras-en-la-gestion-urbanistica\\\/#breadcrumb\",\"itemListElement\":[{\"@type\":\"ListItem\",\"position\":1,\"name\":\"Portada\",\"item\":\"https:\\\/\\\/arealorcaradio.es\\\/\"},{\"@type\":\"ListItem\",\"position\":2,\"name\":\"El alcalde de Lorca y el Colegio de Arquitectos abordan soluciones urgentes frente a inundaciones y mejoras en la gesti\u00f3n urban\u00edstica\"}]},{\"@type\":\"WebSite\",\"@id\":\"https:\\\/\\\/arealorcaradio.es\\\/#website\",\"url\":\"https:\\\/\\\/arealorcaradio.es\\\/\",\"name\":\"AREA LORCA RADIO\",\"description\":\"Descubre la programaci\u00f3n actual en \u00c1rea Lorca Radio, tu fuente de entrenamiento y noticias locales. Sintoniza ahora y mantente conectado online.\",\"potentialAction\":[{\"@type\":\"SearchAction\",\"target\":{\"@type\":\"EntryPoint\",\"urlTemplate\":\"https:\\\/\\\/arealorcaradio.es\\\/?s={search_term_string}\"},\"query-input\":{\"@type\":\"PropertyValueSpecification\",\"valueRequired\":true,\"valueName\":\"search_term_string\"}}],\"inLanguage\":\"es\"},{\"@type\":\"Person\",\"@id\":\"https:\\\/\\\/arealorcaradio.es\\\/#\\\/schema\\\/person\\\/9fae605fc25b0f2c83c1ab207139bd27\",\"name\":\"Paco S\u00e1nchez\",\"image\":{\"@type\":\"ImageObject\",\"inLanguage\":\"es\",\"@id\":\"https:\\\/\\\/secure.gravatar.com\\\/avatar\\\/d67144e966420fb74aa84c9f2a0103be4724fd14db52b52d3b6bca749f257e79?s=96&d=mm&r=g\",\"url\":\"https:\\\/\\\/secure.gravatar.com\\\/avatar\\\/d67144e966420fb74aa84c9f2a0103be4724fd14db52b52d3b6bca749f257e79?s=96&d=mm&r=g\",\"contentUrl\":\"https:\\\/\\\/secure.gravatar.com\\\/avatar\\\/d67144e966420fb74aa84c9f2a0103be4724fd14db52b52d3b6bca749f257e79?s=96&d=mm&r=g\",\"caption\":\"Paco S\u00e1nchez\"},\"sameAs\":[\"https:\\\/\\\/arealorcaradio.es\"],\"url\":\"https:\\\/\\\/arealorcaradio.es\\\/index.php\\\/author\\\/admin_alorcaradio\\\/\"}]}<\/script>\n<!-- \/ Yoast SEO plugin. -->","yoast_head_json":{"title":"El alcalde de Lorca y el Colegio de Arquitectos abordan soluciones urgentes frente a inundaciones y mejoras en la gesti\u00f3n urban\u00edstica - AREA LORCA RADIO","robots":{"index":"index","follow":"follow","max-snippet":"max-snippet:-1","max-image-preview":"max-image-preview:large","max-video-preview":"max-video-preview:-1"},"canonical":"https:\/\/arealorcaradio.es\/index.php\/2025\/07\/10\/el-alcalde-de-lorca-y-el-colegio-de-arquitectos-abordan-soluciones-urgentes-frente-a-inundaciones-y-mejoras-en-la-gestion-urbanistica\/","og_locale":"es_ES","og_type":"article","og_title":"El alcalde de Lorca y el Colegio de Arquitectos abordan soluciones urgentes frente a inundaciones y mejoras en la gesti\u00f3n urban\u00edstica - AREA LORCA RADIO","og_description":"\u00c1REA LORCA RADIO. Urbanismo.\u00a0 10 de julio de 2025.\u00a0El alcalde de Lorca, Fulgencio Gil J\u00f3dar, ha mantenido este mi\u00e9rcoles un encuentro con el nuevo decano del Colegio Oficial de Arquitectos de la Regi\u00f3n de Murcia, Arturo Garc\u00eda, para abordar temas de gran trascendencia para la ciudad como son la situaci\u00f3n general en la que se [&hellip;]","og_url":"https:\/\/arealorcaradio.es\/index.php\/2025\/07\/10\/el-alcalde-de-lorca-y-el-colegio-de-arquitectos-abordan-soluciones-urgentes-frente-a-inundaciones-y-mejoras-en-la-gestion-urbanistica\/","og_site_name":"AREA LORCA RADIO","article_published_time":"2025-07-10T08:44:39+00:00","article_modified_time":"2025-07-10T08:45:27+00:00","og_image":[{"width":2048,"height":1536,"url":"https:\/\/arealorcaradio.es\/wp-content\/uploads\/2025\/07\/REUNION-COAMU-3.jpeg","type":"image\/jpeg"}],"author":"Paco S\u00e1nchez","twitter_card":"summary_large_image","twitter_misc":{"Escrito por":"Paco S\u00e1nchez","Tiempo de lectura":"4 minutos"},"schema":{"@context":"https:\/\/schema.org","@graph":[{"@type":"Article","@id":"https:\/\/arealorcaradio.es\/index.php\/2025\/07\/10\/el-alcalde-de-lorca-y-el-colegio-de-arquitectos-abordan-soluciones-urgentes-frente-a-inundaciones-y-mejoras-en-la-gestion-urbanistica\/#article","isPartOf":{"@id":"https:\/\/arealorcaradio.es\/index.php\/2025\/07\/10\/el-alcalde-de-lorca-y-el-colegio-de-arquitectos-abordan-soluciones-urgentes-frente-a-inundaciones-y-mejoras-en-la-gestion-urbanistica\/"},"author":{"name":"Paco S\u00e1nchez","@id":"https:\/\/arealorcaradio.es\/#\/schema\/person\/9fae605fc25b0f2c83c1ab207139bd27"},"headline":"El alcalde de Lorca y el Colegio de Arquitectos abordan soluciones urgentes frente a inundaciones y mejoras en la gesti\u00f3n urban\u00edstica","datePublished":"2025-07-10T08:44:39+00:00","dateModified":"2025-07-10T08:45:27+00:00","mainEntityOfPage":{"@id":"https:\/\/arealorcaradio.es\/index.php\/2025\/07\/10\/el-alcalde-de-lorca-y-el-colegio-de-arquitectos-abordan-soluciones-urgentes-frente-a-inundaciones-y-mejoras-en-la-gestion-urbanistica\/"},"wordCount":773,"commentCount":0,"image":{"@id":"https:\/\/arealorcaradio.es\/index.php\/2025\/07\/10\/el-alcalde-de-lorca-y-el-colegio-de-arquitectos-abordan-soluciones-urgentes-frente-a-inundaciones-y-mejoras-en-la-gestion-urbanistica\/#primaryimage"},"thumbnailUrl":"https:\/\/arealorcaradio.es\/wp-content\/uploads\/2025\/07\/REUNION-COAMU-3.jpeg","articleSection":["ACTUALIDAD","LORCA"],"inLanguage":"es","potentialAction":[{"@type":"CommentAction","name":"Comment","target":["https:\/\/arealorcaradio.es\/index.php\/2025\/07\/10\/el-alcalde-de-lorca-y-el-colegio-de-arquitectos-abordan-soluciones-urgentes-frente-a-inundaciones-y-mejoras-en-la-gestion-urbanistica\/#respond"]}]},{"@type":"WebPage","@id":"https:\/\/arealorcaradio.es\/index.php\/2025\/07\/10\/el-alcalde-de-lorca-y-el-colegio-de-arquitectos-abordan-soluciones-urgentes-frente-a-inundaciones-y-mejoras-en-la-gestion-urbanistica\/","url":"https:\/\/arealorcaradio.es\/index.php\/2025\/07\/10\/el-alcalde-de-lorca-y-el-colegio-de-arquitectos-abordan-soluciones-urgentes-frente-a-inundaciones-y-mejoras-en-la-gestion-urbanistica\/","name":"El alcalde de Lorca y el Colegio de Arquitectos abordan soluciones urgentes frente a inundaciones y mejoras en la gesti\u00f3n urban\u00edstica - AREA LORCA RADIO","isPartOf":{"@id":"https:\/\/arealorcaradio.es\/#website"},"primaryImageOfPage":{"@id":"https:\/\/arealorcaradio.es\/index.php\/2025\/07\/10\/el-alcalde-de-lorca-y-el-colegio-de-arquitectos-abordan-soluciones-urgentes-frente-a-inundaciones-y-mejoras-en-la-gestion-urbanistica\/#primaryimage"},"image":{"@id":"https:\/\/arealorcaradio.es\/index.php\/2025\/07\/10\/el-alcalde-de-lorca-y-el-colegio-de-arquitectos-abordan-soluciones-urgentes-frente-a-inundaciones-y-mejoras-en-la-gestion-urbanistica\/#primaryimage"},"thumbnailUrl":"https:\/\/arealorcaradio.es\/wp-content\/uploads\/2025\/07\/REUNION-COAMU-3.jpeg","datePublished":"2025-07-10T08:44:39+00:00","dateModified":"2025-07-10T08:45:27+00:00","author":{"@id":"https:\/\/arealorcaradio.es\/#\/schema\/person\/9fae605fc25b0f2c83c1ab207139bd27"},"breadcrumb":{"@id":"https:\/\/arealorcaradio.es\/index.php\/2025\/07\/10\/el-alcalde-de-lorca-y-el-colegio-de-arquitectos-abordan-soluciones-urgentes-frente-a-inundaciones-y-mejoras-en-la-gestion-urbanistica\/#breadcrumb"},"inLanguage":"es","potentialAction":[{"@type":"ReadAction","target":["https:\/\/arealorcaradio.es\/index.php\/2025\/07\/10\/el-alcalde-de-lorca-y-el-colegio-de-arquitectos-abordan-soluciones-urgentes-frente-a-inundaciones-y-mejoras-en-la-gestion-urbanistica\/"]}]},{"@type":"ImageObject","inLanguage":"es","@id":"https:\/\/arealorcaradio.es\/index.php\/2025\/07\/10\/el-alcalde-de-lorca-y-el-colegio-de-arquitectos-abordan-soluciones-urgentes-frente-a-inundaciones-y-mejoras-en-la-gestion-urbanistica\/#primaryimage","url":"https:\/\/arealorcaradio.es\/wp-content\/uploads\/2025\/07\/REUNION-COAMU-3.jpeg","contentUrl":"https:\/\/arealorcaradio.es\/wp-content\/uploads\/2025\/07\/REUNION-COAMU-3.jpeg","width":2048,"height":1536},{"@type":"BreadcrumbList","@id":"https:\/\/arealorcaradio.es\/index.php\/2025\/07\/10\/el-alcalde-de-lorca-y-el-colegio-de-arquitectos-abordan-soluciones-urgentes-frente-a-inundaciones-y-mejoras-en-la-gestion-urbanistica\/#breadcrumb","itemListElement":[{"@type":"ListItem","position":1,"name":"Portada","item":"https:\/\/arealorcaradio.es\/"},{"@type":"ListItem","position":2,"name":"El alcalde de Lorca y el Colegio de Arquitectos abordan soluciones urgentes frente a inundaciones y mejoras en la gesti\u00f3n urban\u00edstica"}]},{"@type":"WebSite","@id":"https:\/\/arealorcaradio.es\/#website","url":"https:\/\/arealorcaradio.es\/","name":"AREA LORCA RADIO","description":"Descubre la programaci\u00f3n actual en \u00c1rea Lorca Radio, tu fuente de entrenamiento y noticias locales. Sintoniza ahora y mantente conectado online.","potentialAction":[{"@type":"SearchAction","target":{"@type":"EntryPoint","urlTemplate":"https:\/\/arealorcaradio.es\/?s={search_term_string}"},"query-input":{"@type":"PropertyValueSpecification","valueRequired":true,"valueName":"search_term_string"}}],"inLanguage":"es"},{"@type":"Person","@id":"https:\/\/arealorcaradio.es\/#\/schema\/person\/9fae605fc25b0f2c83c1ab207139bd27","name":"Paco S\u00e1nchez","image":{"@type":"ImageObject","inLanguage":"es","@id":"https:\/\/secure.gravatar.com\/avatar\/d67144e966420fb74aa84c9f2a0103be4724fd14db52b52d3b6bca749f257e79?s=96&d=mm&r=g","url":"https:\/\/secure.gravatar.com\/avatar\/d67144e966420fb74aa84c9f2a0103be4724fd14db52b52d3b6bca749f257e79?s=96&d=mm&r=g","contentUrl":"https:\/\/secure.gravatar.com\/avatar\/d67144e966420fb74aa84c9f2a0103be4724fd14db52b52d3b6bca749f257e79?s=96&d=mm&r=g","caption":"Paco S\u00e1nchez"},"sameAs":["https:\/\/arealorcaradio.es"],"url":"https:\/\/arealorcaradio.es\/index.php\/author\/admin_alorcaradio\/"}]}},"_links":{"self":[{"href":"https:\/\/arealorcaradio.es\/index.php\/wp-json\/wp\/v2\/posts\/7250","targetHints":{"allow":["GET"]}}],"collection":[{"href":"https:\/\/arealorcaradio.es\/index.php\/wp-json\/wp\/v2\/posts"}],"about":[{"href":"https:\/\/arealorcaradio.es\/index.php\/wp-json\/wp\/v2\/types\/post"}],"author":[{"embeddable":true,"href":"https:\/\/arealorcaradio.es\/index.php\/wp-json\/wp\/v2\/users\/1"}],"replies":[{"embeddable":true,"href":"https:\/\/arealorcaradio.es\/index.php\/wp-json\/wp\/v2\/comments?post=7250"}],"version-history":[{"count":1,"href":"https:\/\/arealorcaradio.es\/index.php\/wp-json\/wp\/v2\/posts\/7250\/revisions"}],"predecessor-version":[{"id":7252,"href":"https:\/\/arealorcaradio.es\/index.php\/wp-json\/wp\/v2\/posts\/7250\/revisions\/7252"}],"wp:featuredmedia":[{"embeddable":true,"href":"https:\/\/arealorcaradio.es\/index.php\/wp-json\/wp\/v2\/media\/7251"}],"wp:attachment":[{"href":"https:\/\/arealorcaradio.es\/index.php\/wp-json\/wp\/v2\/media?parent=7250"}],"wp:term":[{"taxonomy":"category","embeddable":true,"href":"https:\/\/arealorcaradio.es\/index.php\/wp-json\/wp\/v2\/categories?post=7250"},{"taxonomy":"post_tag","embeddable":true,"href":"https:\/\/arealorcaradio.es\/index.php\/wp-json\/wp\/v2\/tags?post=7250"}],"curies":[{"name":"wp","href":"https:\/\/api.w.org\/{rel}","templated":true}]}}