{"id":7241,"date":"2025-07-09T10:01:17","date_gmt":"2025-07-09T10:01:17","guid":{"rendered":"https:\/\/arealorcaradio.es\/?p=7241"},"modified":"2025-07-09T10:01:17","modified_gmt":"2025-07-09T10:01:17","slug":"refuerzan-la-vigilancia-para-atajar-conductas-incivicas-y-reducir-la-presencia-de-residuos-fuera-de-los-contenedores","status":"publish","type":"post","link":"https:\/\/arealorcaradio.es\/index.php\/2025\/07\/09\/refuerzan-la-vigilancia-para-atajar-conductas-incivicas-y-reducir-la-presencia-de-residuos-fuera-de-los-contenedores\/","title":{"rendered":"Refuerzan la vigilancia para atajar conductas inc\u00edvicas y reducir la presencia de residuos fuera de los contenedores"},"content":{"rendered":"<p><strong>\u00c1REA LORCA RADIO.<\/strong><\/p>\n<p class=\"v1MsoNormal\"><b>Mi\u00e9rcoles, 9 de julio de 2025.\u00a0<\/b>\u00abUna imagen que comienza a ser algo habitual cada ma\u00f1ana es ver a personas que arrojan a primera hora bolsas de basura a los contenedores de residuos. Lo hacen en su trayecto al trabajo, al colegio donde dejan a sus hijos o mientras pasean a sus mascotas. Tenemos que desterrar estos h\u00e1bitos que implican que esos recipientes de basura se llenen desde bien temprano y permanezcan as\u00ed durante todo el d\u00eda generando malos olores, da\u00f1ando la imagen de nuestro municipio e incidiendo en la proliferaci\u00f3n de plagas y en la salud p\u00fablica\u00bb, ha afirmado de forma contundente el edil de Limpieza y Seguridad Ciudadana, Juan Miguel Bayonas L\u00f3pez.<\/p>\n<p class=\"v1MsoNormal\">Lo ha hecho este mi\u00e9rcoles mientras anunciaba que se va a reforzar la vigilancia \u00abpara atajar conductas inc\u00edvicas y reducir la presencia de residuos fuera de los contenedores\u00bb. Una imagen, ha insistido, habitual en las calles del casco antiguo, de la ciudad, de los barrios y las pedan\u00edas sin distinci\u00f3n. \u00abSe est\u00e1 detectando un aumento de incidencias por mal uso de los servicios p\u00fablicos que redunda directamente en la eficiencia de estos\u00bb.<\/p>\n<p class=\"v1MsoNormal\">Ha recordado que estas acciones \u00abson contrarias a la Ordenanza Municipal de Limpieza Viaria y Recogida de Residuos que repercute directamente en un mayor coste de la prestaci\u00f3n de los servicios que atiende el Ayuntamiento de Lorca a trav\u00e9s de Limusa, adem\u00e1s de su repercusi\u00f3n en la subida del impuesto al vertido. Y que conllevan multas de entre 30 y 6.001 euros\u00bb.<\/p>\n<p class=\"v1MsoNormal\">Se producen, ha detallado, \u00abdep\u00f3sito incontrolado de residuos (muebles y enseres) habiendo un servicio gratuito semanal previo aviso tanto para casco urbano como para pedan\u00edas; vertido de basura fuera de contenedores; bosas con residuos colgadas en los propios contenedores o en ramas de \u00e1rboles junto a los recipientes de basura, pero no en su interior; cajas de cart\u00f3n en los contenedores de basura gen\u00e9rica, habiendo m\u00e1s que suficiente n\u00famero de contenedores espec\u00edficos para papel y cart\u00f3n, y tablones e hierros, lo que los dejan inutilizados; adem\u00e1s de bolsas de basura en papeleras\u00bb. Y exclusivamente en cuesti\u00f3n de limpieza viaria, \u00aborines tanto humanos como caninos, incluso deposiciones, chicles y escupitajos\u00bb.<\/p>\n<p class=\"v1MsoNormal\"><img loading=\"lazy\" decoding=\"async\" class=\"alignnone size-medium wp-image-7244\" src=\"https:\/\/arealorcaradio.es\/wp-content\/uploads\/2025\/07\/foto4-16-300x226.jpeg\" alt=\"\" width=\"300\" height=\"226\" srcset=\"https:\/\/arealorcaradio.es\/wp-content\/uploads\/2025\/07\/foto4-16-300x226.jpeg 300w, https:\/\/arealorcaradio.es\/wp-content\/uploads\/2025\/07\/foto4-16-1024x771.jpeg 1024w, https:\/\/arealorcaradio.es\/wp-content\/uploads\/2025\/07\/foto4-16-768x578.jpeg 768w, https:\/\/arealorcaradio.es\/wp-content\/uploads\/2025\/07\/foto4-16-1536x1156.jpeg 1536w, https:\/\/arealorcaradio.es\/wp-content\/uploads\/2025\/07\/foto4-16-86x64.jpeg 86w, https:\/\/arealorcaradio.es\/wp-content\/uploads\/2025\/07\/foto4-16.jpeg 1600w\" sizes=\"auto, (max-width: 300px) 100vw, 300px\" \/> <img loading=\"lazy\" decoding=\"async\" class=\"alignnone size-medium wp-image-7245\" src=\"https:\/\/arealorcaradio.es\/wp-content\/uploads\/2025\/07\/foto2-22-300x225.jpeg\" alt=\"\" width=\"300\" height=\"225\" srcset=\"https:\/\/arealorcaradio.es\/wp-content\/uploads\/2025\/07\/foto2-22-300x225.jpeg 300w, https:\/\/arealorcaradio.es\/wp-content\/uploads\/2025\/07\/foto2-22-1024x768.jpeg 1024w, https:\/\/arealorcaradio.es\/wp-content\/uploads\/2025\/07\/foto2-22-768x576.jpeg 768w, https:\/\/arealorcaradio.es\/wp-content\/uploads\/2025\/07\/foto2-22-1536x1152.jpeg 1536w, https:\/\/arealorcaradio.es\/wp-content\/uploads\/2025\/07\/foto2-22-86x64.jpeg 86w, https:\/\/arealorcaradio.es\/wp-content\/uploads\/2025\/07\/foto2-22.jpeg 1600w\" sizes=\"auto, (max-width: 300px) 100vw, 300px\" \/><\/p>\n<p class=\"v1MsoNormal\">Todo esto, seg\u00fan el concejal de Limpieza y Seguridad Ciudadana, hace inviable la convivencia en Lorca y atenta contra la Ordenanza General de Limpieza Viaria, Recogida de Residuos y Tratamiento de los mismos \u2013publicada con fecha 21 de marzo de 2005 en el Bolet\u00edn Oficial de la Regi\u00f3n de Murcia-, que tiene por objeto la regulaci\u00f3n de las actividades dirigidas a la limpieza de los espacios p\u00fablicos y privados, as\u00ed como la gesti\u00f3n de los residuos s\u00f3lidos urbanos de acuerdo a las competencias que corresponden al Ayuntamiento de Lorca.<\/p>\n<p class=\"v1MsoNormal\"><img loading=\"lazy\" decoding=\"async\" class=\"alignnone size-medium wp-image-7246\" src=\"https:\/\/arealorcaradio.es\/wp-content\/uploads\/2025\/07\/foto6-4-300x225.jpeg\" alt=\"\" width=\"300\" height=\"225\" srcset=\"https:\/\/arealorcaradio.es\/wp-content\/uploads\/2025\/07\/foto6-4-300x225.jpeg 300w, https:\/\/arealorcaradio.es\/wp-content\/uploads\/2025\/07\/foto6-4-1024x768.jpeg 1024w, https:\/\/arealorcaradio.es\/wp-content\/uploads\/2025\/07\/foto6-4-768x576.jpeg 768w, https:\/\/arealorcaradio.es\/wp-content\/uploads\/2025\/07\/foto6-4-1536x1152.jpeg 1536w, https:\/\/arealorcaradio.es\/wp-content\/uploads\/2025\/07\/foto6-4-86x64.jpeg 86w, https:\/\/arealorcaradio.es\/wp-content\/uploads\/2025\/07\/foto6-4.jpeg 1600w\" sizes=\"auto, (max-width: 300px) 100vw, 300px\" \/> <img loading=\"lazy\" decoding=\"async\" class=\"alignnone size-medium wp-image-7247\" src=\"https:\/\/arealorcaradio.es\/wp-content\/uploads\/2025\/07\/foto7-5-300x169.jpeg\" alt=\"\" width=\"300\" height=\"169\" srcset=\"https:\/\/arealorcaradio.es\/wp-content\/uploads\/2025\/07\/foto7-5-300x169.jpeg 300w, https:\/\/arealorcaradio.es\/wp-content\/uploads\/2025\/07\/foto7-5-1024x576.jpeg 1024w, https:\/\/arealorcaradio.es\/wp-content\/uploads\/2025\/07\/foto7-5-768x432.jpeg 768w, https:\/\/arealorcaradio.es\/wp-content\/uploads\/2025\/07\/foto7-5-1536x864.jpeg 1536w, https:\/\/arealorcaradio.es\/wp-content\/uploads\/2025\/07\/foto7-5.jpeg 1600w\" sizes=\"auto, (max-width: 300px) 100vw, 300px\" \/><\/p>\n<p class=\"v1MsoNormal\">En la misma, se instruye como de obligado cumplimiento para el ciudadano, en su art\u00edculo 6\u00ba, \u00abcolaborar en el mantenimiento de la limpieza y decoro de la ciudad, as\u00ed como en la correcta gesti\u00f3n de los residuos urbanos o municipales, pudiendo denunciar las conductas que puedan constituir infracciones\u00bb, dejando a manos de la autoridad municipal la exigencia de su cumplimiento, tal y como se recoge de manera expl\u00edcita tambi\u00e9n en su art\u00edculo 8\u00ba.<\/p>\n<p class=\"v1MsoNormal\">El edil ha recordado que <strong>el horario para sacar la basura es entre las 20 y 23.30 horas<\/strong> y que hay obligatoriedad de separar los residuos para depositarlos en su contenedor correspondiente. Incumplir la Ordenanza General de Limpieza Viaria, Recogida de Residuos S\u00f3lidos y Tratamiento de los mismos, puede conllevar multas de entre 30 y 6.001 euros, dependiendo de la clasificaci\u00f3n, leves, graves y muy graves.<\/p>\n<p class=\"v1MsoNormal\">Para la recogida de enseres Limusa dispone de un tel\u00e9fono, el 968 46 78 58, al que se puede llamar para la retirada gratuita el d\u00eda y hora que nos indiquen. \u00abPero tambi\u00e9n contamos en el Centro Log\u00edstico de Limusa con un servicio 24 horas, en la calle Juan Antonio Dimas. All\u00ed se dispone de contenedores para toda clase de residuos\u00bb, ha concluido el edil de Seguridad Ciudadana y Limpieza.<\/p>\n<p class=\"v1MsoNormal\"><b>AL DETALLE:<\/b><\/p>\n<p class=\"v1MsoNormal\"><b>Infracciones leves.<\/b><\/p>\n<p class=\"v1MsoNormal\"><b>Arrojar desperdicios tales como papeles, cigarrillo o similares, o escupir en la v\u00eda p\u00fablica.<\/b>\u00a030 euros.<\/p>\n<p class=\"v1MsoNormal\"><b>No mantener en las adecuadas condiciones de ornato p\u00fablico las diferentes partes de los inmuebles que sean visibles desde la v\u00eda p\u00fablica.<\/b>\u00a030 euros.<\/p>\n<p class=\"v1MsoNormal\"><b>La realizaci\u00f3n de pintadas o grafitis en la v\u00eda p\u00fablica, edificios, mobiliario urbano, u otros elementos p\u00fablicos.<\/b>\u00a030 euros.<\/p>\n<p class=\"v1MsoNormal\"><b>Depositar basura fuera del horario establecido.<\/b>\u00a030 euros.<\/p>\n<p class=\"v1MsoNormal\"><b>El dep\u00f3sito o abandono de las deposiciones animales en la v\u00eda p\u00fablica que no sea lugar autorizado, as\u00ed como la no recogida de las mismas o el no depositarlas en los contenedores correspondientes en las condiciones higi\u00e9nicas articuladas en esta Ordenanza.<\/b>\u00a030 euros.<\/p>\n<p class=\"v1MsoNormal\">\n<p class=\"v1MsoNormal\"><b>Infracciones graves.<\/b><\/p>\n<p class=\"v1MsoNormal\"><b>La comisi\u00f3n de una segunda infracci\u00f3n leve dentro del plazo de un a\u00f1o, que se sancionar\u00e1 como grave.<\/b>\u00a0151 euros.<\/p>\n<p class=\"v1MsoNormal\"><b>Dejar sin limpiar, al finalizar la jornada laboral, la zona de la v\u00eda p\u00fablica afectada por cualquier tipo de obra.<\/b>\u00a0151 euros.<\/p>\n<p class=\"v1MsoNormal\"><b>Colocar carteles en lugares no permitidos.<\/b>\u00a0151 euros.<\/p>\n<p class=\"v1MsoNormal\"><b>Abandonar muebles o enseres en la v\u00eda o espacios p\u00fablicos.<\/b>\u00a0151 euros.<\/p>\n<p class=\"v1MsoNormal\"><b>Realizar actos de propaganda, mediante el reparto o fijado de carteles y octavillas, sin la debida autorizaci\u00f3n.<\/b>\u00a0151 euros.<\/p>\n<p class=\"v1MsoNormal\">\n<p class=\"v1MsoNormal\"><b>Infracciones muy graves.<\/b><\/p>\n<p class=\"v1MsoNormal\"><b>La comisi\u00f3n de una segunda infracci\u00f3n grave dentro del plazo de un a\u00f1o, que se sancionar\u00e1 como muy grave.\u00a0<\/b>6.001 euros.<\/p>\n<p class=\"v1MsoNormal\"><b>Depositar residuos urbanos no domiciliarios en lugares no autorizados.<\/b>\u00a06.001 euros.<\/p>\n<p>&nbsp;<\/p>\n<p class=\"v1MsoNormal\"><b>(Extracto de la Ordenanza General de Limpieza Viaria, Recogida de Residuos S\u00f3lidos y Tratamiento de los mismos de Lorca)<\/b><\/p>\n","protected":false},"excerpt":{"rendered":"<p>\u00c1REA LORCA RADIO. Mi\u00e9rcoles, 9 de julio de 2025.\u00a0\u00abUna imagen que comienza a ser algo habitual cada ma\u00f1ana es ver a personas que arrojan a primera hora bolsas de basura a los contenedores de residuos. Lo hacen en su trayecto al trabajo, al colegio donde dejan a sus hijos o mientras pasean a sus mascotas. [&hellip;]<\/p>\n","protected":false},"author":1,"featured_media":7242,"comment_status":"open","ping_status":"open","sticky":false,"template":"","format":"standard","meta":{"iawp_total_views":7,"footnotes":""},"categories":[5,7],"tags":[],"class_list":["post-7241","post","type-post","status-publish","format-standard","has-post-thumbnail","hentry","category-actualidad","category-lorca"],"yoast_head":"<!-- This site is optimized with the Yoast SEO plugin v27.5 - https:\/\/yoast.com\/product\/yoast-seo-wordpress\/ -->\n<title>Refuerzan la vigilancia para atajar conductas inc\u00edvicas y reducir la presencia de residuos fuera de los contenedores - AREA LORCA RADIO<\/title>\n<meta name=\"robots\" content=\"index, follow, max-snippet:-1, max-image-preview:large, max-video-preview:-1\" \/>\n<link rel=\"canonical\" href=\"https:\/\/arealorcaradio.es\/index.php\/2025\/07\/09\/refuerzan-la-vigilancia-para-atajar-conductas-incivicas-y-reducir-la-presencia-de-residuos-fuera-de-los-contenedores\/\" \/>\n<meta property=\"og:locale\" content=\"es_ES\" \/>\n<meta property=\"og:type\" content=\"article\" \/>\n<meta property=\"og:title\" content=\"Refuerzan la vigilancia para atajar conductas inc\u00edvicas y reducir la presencia de residuos fuera de los contenedores - AREA LORCA RADIO\" \/>\n<meta property=\"og:description\" content=\"\u00c1REA LORCA RADIO. Mi\u00e9rcoles, 9 de julio de 2025.\u00a0\u00abUna imagen que comienza a ser algo habitual cada ma\u00f1ana es ver a personas que arrojan a primera hora bolsas de basura a los contenedores de residuos. Lo hacen en su trayecto al trabajo, al colegio donde dejan a sus hijos o mientras pasean a sus mascotas. [&hellip;]\" \/>\n<meta property=\"og:url\" content=\"https:\/\/arealorcaradio.es\/index.php\/2025\/07\/09\/refuerzan-la-vigilancia-para-atajar-conductas-incivicas-y-reducir-la-presencia-de-residuos-fuera-de-los-contenedores\/\" \/>\n<meta property=\"og:site_name\" content=\"AREA LORCA RADIO\" \/>\n<meta property=\"article:published_time\" content=\"2025-07-09T10:01:17+00:00\" \/>\n<meta property=\"og:image\" content=\"https:\/\/arealorcaradio.es\/wp-content\/uploads\/2025\/07\/foto5-7.jpeg\" \/>\n\t<meta property=\"og:image:width\" content=\"1600\" \/>\n\t<meta property=\"og:image:height\" content=\"1200\" \/>\n\t<meta property=\"og:image:type\" content=\"image\/jpeg\" \/>\n<meta name=\"author\" content=\"Paco S\u00e1nchez\" \/>\n<meta name=\"twitter:card\" content=\"summary_large_image\" \/>\n<meta name=\"twitter:label1\" content=\"Escrito por\" \/>\n\t<meta name=\"twitter:data1\" content=\"Paco S\u00e1nchez\" \/>\n\t<meta name=\"twitter:label2\" content=\"Tiempo de lectura\" \/>\n\t<meta name=\"twitter:data2\" content=\"6 minutos\" \/>\n<script type=\"application\/ld+json\" class=\"yoast-schema-graph\">{\"@context\":\"https:\\\/\\\/schema.org\",\"@graph\":[{\"@type\":\"Article\",\"@id\":\"https:\\\/\\\/arealorcaradio.es\\\/index.php\\\/2025\\\/07\\\/09\\\/refuerzan-la-vigilancia-para-atajar-conductas-incivicas-y-reducir-la-presencia-de-residuos-fuera-de-los-contenedores\\\/#article\",\"isPartOf\":{\"@id\":\"https:\\\/\\\/arealorcaradio.es\\\/index.php\\\/2025\\\/07\\\/09\\\/refuerzan-la-vigilancia-para-atajar-conductas-incivicas-y-reducir-la-presencia-de-residuos-fuera-de-los-contenedores\\\/\"},\"author\":{\"name\":\"Paco S\u00e1nchez\",\"@id\":\"https:\\\/\\\/arealorcaradio.es\\\/#\\\/schema\\\/person\\\/9fae605fc25b0f2c83c1ab207139bd27\"},\"headline\":\"Refuerzan la vigilancia para atajar conductas inc\u00edvicas y reducir la presencia de residuos fuera de los contenedores\",\"datePublished\":\"2025-07-09T10:01:17+00:00\",\"mainEntityOfPage\":{\"@id\":\"https:\\\/\\\/arealorcaradio.es\\\/index.php\\\/2025\\\/07\\\/09\\\/refuerzan-la-vigilancia-para-atajar-conductas-incivicas-y-reducir-la-presencia-de-residuos-fuera-de-los-contenedores\\\/\"},\"wordCount\":969,\"commentCount\":0,\"image\":{\"@id\":\"https:\\\/\\\/arealorcaradio.es\\\/index.php\\\/2025\\\/07\\\/09\\\/refuerzan-la-vigilancia-para-atajar-conductas-incivicas-y-reducir-la-presencia-de-residuos-fuera-de-los-contenedores\\\/#primaryimage\"},\"thumbnailUrl\":\"https:\\\/\\\/arealorcaradio.es\\\/wp-content\\\/uploads\\\/2025\\\/07\\\/foto5-7.jpeg\",\"articleSection\":[\"ACTUALIDAD\",\"LORCA\"],\"inLanguage\":\"es\",\"potentialAction\":[{\"@type\":\"CommentAction\",\"name\":\"Comment\",\"target\":[\"https:\\\/\\\/arealorcaradio.es\\\/index.php\\\/2025\\\/07\\\/09\\\/refuerzan-la-vigilancia-para-atajar-conductas-incivicas-y-reducir-la-presencia-de-residuos-fuera-de-los-contenedores\\\/#respond\"]}]},{\"@type\":\"WebPage\",\"@id\":\"https:\\\/\\\/arealorcaradio.es\\\/index.php\\\/2025\\\/07\\\/09\\\/refuerzan-la-vigilancia-para-atajar-conductas-incivicas-y-reducir-la-presencia-de-residuos-fuera-de-los-contenedores\\\/\",\"url\":\"https:\\\/\\\/arealorcaradio.es\\\/index.php\\\/2025\\\/07\\\/09\\\/refuerzan-la-vigilancia-para-atajar-conductas-incivicas-y-reducir-la-presencia-de-residuos-fuera-de-los-contenedores\\\/\",\"name\":\"Refuerzan la vigilancia para atajar conductas inc\u00edvicas y reducir la presencia de residuos fuera de los contenedores - AREA LORCA RADIO\",\"isPartOf\":{\"@id\":\"https:\\\/\\\/arealorcaradio.es\\\/#website\"},\"primaryImageOfPage\":{\"@id\":\"https:\\\/\\\/arealorcaradio.es\\\/index.php\\\/2025\\\/07\\\/09\\\/refuerzan-la-vigilancia-para-atajar-conductas-incivicas-y-reducir-la-presencia-de-residuos-fuera-de-los-contenedores\\\/#primaryimage\"},\"image\":{\"@id\":\"https:\\\/\\\/arealorcaradio.es\\\/index.php\\\/2025\\\/07\\\/09\\\/refuerzan-la-vigilancia-para-atajar-conductas-incivicas-y-reducir-la-presencia-de-residuos-fuera-de-los-contenedores\\\/#primaryimage\"},\"thumbnailUrl\":\"https:\\\/\\\/arealorcaradio.es\\\/wp-content\\\/uploads\\\/2025\\\/07\\\/foto5-7.jpeg\",\"datePublished\":\"2025-07-09T10:01:17+00:00\",\"author\":{\"@id\":\"https:\\\/\\\/arealorcaradio.es\\\/#\\\/schema\\\/person\\\/9fae605fc25b0f2c83c1ab207139bd27\"},\"breadcrumb\":{\"@id\":\"https:\\\/\\\/arealorcaradio.es\\\/index.php\\\/2025\\\/07\\\/09\\\/refuerzan-la-vigilancia-para-atajar-conductas-incivicas-y-reducir-la-presencia-de-residuos-fuera-de-los-contenedores\\\/#breadcrumb\"},\"inLanguage\":\"es\",\"potentialAction\":[{\"@type\":\"ReadAction\",\"target\":[\"https:\\\/\\\/arealorcaradio.es\\\/index.php\\\/2025\\\/07\\\/09\\\/refuerzan-la-vigilancia-para-atajar-conductas-incivicas-y-reducir-la-presencia-de-residuos-fuera-de-los-contenedores\\\/\"]}]},{\"@type\":\"ImageObject\",\"inLanguage\":\"es\",\"@id\":\"https:\\\/\\\/arealorcaradio.es\\\/index.php\\\/2025\\\/07\\\/09\\\/refuerzan-la-vigilancia-para-atajar-conductas-incivicas-y-reducir-la-presencia-de-residuos-fuera-de-los-contenedores\\\/#primaryimage\",\"url\":\"https:\\\/\\\/arealorcaradio.es\\\/wp-content\\\/uploads\\\/2025\\\/07\\\/foto5-7.jpeg\",\"contentUrl\":\"https:\\\/\\\/arealorcaradio.es\\\/wp-content\\\/uploads\\\/2025\\\/07\\\/foto5-7.jpeg\",\"width\":1600,\"height\":1200},{\"@type\":\"BreadcrumbList\",\"@id\":\"https:\\\/\\\/arealorcaradio.es\\\/index.php\\\/2025\\\/07\\\/09\\\/refuerzan-la-vigilancia-para-atajar-conductas-incivicas-y-reducir-la-presencia-de-residuos-fuera-de-los-contenedores\\\/#breadcrumb\",\"itemListElement\":[{\"@type\":\"ListItem\",\"position\":1,\"name\":\"Portada\",\"item\":\"https:\\\/\\\/arealorcaradio.es\\\/\"},{\"@type\":\"ListItem\",\"position\":2,\"name\":\"Refuerzan la vigilancia para atajar conductas inc\u00edvicas y reducir la presencia de residuos fuera de los contenedores\"}]},{\"@type\":\"WebSite\",\"@id\":\"https:\\\/\\\/arealorcaradio.es\\\/#website\",\"url\":\"https:\\\/\\\/arealorcaradio.es\\\/\",\"name\":\"AREA LORCA RADIO\",\"description\":\"Descubre la programaci\u00f3n actual en \u00c1rea Lorca Radio, tu fuente de entrenamiento y noticias locales. Sintoniza ahora y mantente conectado online.\",\"potentialAction\":[{\"@type\":\"SearchAction\",\"target\":{\"@type\":\"EntryPoint\",\"urlTemplate\":\"https:\\\/\\\/arealorcaradio.es\\\/?s={search_term_string}\"},\"query-input\":{\"@type\":\"PropertyValueSpecification\",\"valueRequired\":true,\"valueName\":\"search_term_string\"}}],\"inLanguage\":\"es\"},{\"@type\":\"Person\",\"@id\":\"https:\\\/\\\/arealorcaradio.es\\\/#\\\/schema\\\/person\\\/9fae605fc25b0f2c83c1ab207139bd27\",\"name\":\"Paco S\u00e1nchez\",\"image\":{\"@type\":\"ImageObject\",\"inLanguage\":\"es\",\"@id\":\"https:\\\/\\\/secure.gravatar.com\\\/avatar\\\/d67144e966420fb74aa84c9f2a0103be4724fd14db52b52d3b6bca749f257e79?s=96&d=mm&r=g\",\"url\":\"https:\\\/\\\/secure.gravatar.com\\\/avatar\\\/d67144e966420fb74aa84c9f2a0103be4724fd14db52b52d3b6bca749f257e79?s=96&d=mm&r=g\",\"contentUrl\":\"https:\\\/\\\/secure.gravatar.com\\\/avatar\\\/d67144e966420fb74aa84c9f2a0103be4724fd14db52b52d3b6bca749f257e79?s=96&d=mm&r=g\",\"caption\":\"Paco S\u00e1nchez\"},\"sameAs\":[\"https:\\\/\\\/arealorcaradio.es\"],\"url\":\"https:\\\/\\\/arealorcaradio.es\\\/index.php\\\/author\\\/admin_alorcaradio\\\/\"}]}<\/script>\n<!-- \/ Yoast SEO plugin. -->","yoast_head_json":{"title":"Refuerzan la vigilancia para atajar conductas inc\u00edvicas y reducir la presencia de residuos fuera de los contenedores - AREA LORCA RADIO","robots":{"index":"index","follow":"follow","max-snippet":"max-snippet:-1","max-image-preview":"max-image-preview:large","max-video-preview":"max-video-preview:-1"},"canonical":"https:\/\/arealorcaradio.es\/index.php\/2025\/07\/09\/refuerzan-la-vigilancia-para-atajar-conductas-incivicas-y-reducir-la-presencia-de-residuos-fuera-de-los-contenedores\/","og_locale":"es_ES","og_type":"article","og_title":"Refuerzan la vigilancia para atajar conductas inc\u00edvicas y reducir la presencia de residuos fuera de los contenedores - AREA LORCA RADIO","og_description":"\u00c1REA LORCA RADIO. Mi\u00e9rcoles, 9 de julio de 2025.\u00a0\u00abUna imagen que comienza a ser algo habitual cada ma\u00f1ana es ver a personas que arrojan a primera hora bolsas de basura a los contenedores de residuos. Lo hacen en su trayecto al trabajo, al colegio donde dejan a sus hijos o mientras pasean a sus mascotas. [&hellip;]","og_url":"https:\/\/arealorcaradio.es\/index.php\/2025\/07\/09\/refuerzan-la-vigilancia-para-atajar-conductas-incivicas-y-reducir-la-presencia-de-residuos-fuera-de-los-contenedores\/","og_site_name":"AREA LORCA RADIO","article_published_time":"2025-07-09T10:01:17+00:00","og_image":[{"width":1600,"height":1200,"url":"https:\/\/arealorcaradio.es\/wp-content\/uploads\/2025\/07\/foto5-7.jpeg","type":"image\/jpeg"}],"author":"Paco S\u00e1nchez","twitter_card":"summary_large_image","twitter_misc":{"Escrito por":"Paco S\u00e1nchez","Tiempo de lectura":"6 minutos"},"schema":{"@context":"https:\/\/schema.org","@graph":[{"@type":"Article","@id":"https:\/\/arealorcaradio.es\/index.php\/2025\/07\/09\/refuerzan-la-vigilancia-para-atajar-conductas-incivicas-y-reducir-la-presencia-de-residuos-fuera-de-los-contenedores\/#article","isPartOf":{"@id":"https:\/\/arealorcaradio.es\/index.php\/2025\/07\/09\/refuerzan-la-vigilancia-para-atajar-conductas-incivicas-y-reducir-la-presencia-de-residuos-fuera-de-los-contenedores\/"},"author":{"name":"Paco S\u00e1nchez","@id":"https:\/\/arealorcaradio.es\/#\/schema\/person\/9fae605fc25b0f2c83c1ab207139bd27"},"headline":"Refuerzan la vigilancia para atajar conductas inc\u00edvicas y reducir la presencia de residuos fuera de los contenedores","datePublished":"2025-07-09T10:01:17+00:00","mainEntityOfPage":{"@id":"https:\/\/arealorcaradio.es\/index.php\/2025\/07\/09\/refuerzan-la-vigilancia-para-atajar-conductas-incivicas-y-reducir-la-presencia-de-residuos-fuera-de-los-contenedores\/"},"wordCount":969,"commentCount":0,"image":{"@id":"https:\/\/arealorcaradio.es\/index.php\/2025\/07\/09\/refuerzan-la-vigilancia-para-atajar-conductas-incivicas-y-reducir-la-presencia-de-residuos-fuera-de-los-contenedores\/#primaryimage"},"thumbnailUrl":"https:\/\/arealorcaradio.es\/wp-content\/uploads\/2025\/07\/foto5-7.jpeg","articleSection":["ACTUALIDAD","LORCA"],"inLanguage":"es","potentialAction":[{"@type":"CommentAction","name":"Comment","target":["https:\/\/arealorcaradio.es\/index.php\/2025\/07\/09\/refuerzan-la-vigilancia-para-atajar-conductas-incivicas-y-reducir-la-presencia-de-residuos-fuera-de-los-contenedores\/#respond"]}]},{"@type":"WebPage","@id":"https:\/\/arealorcaradio.es\/index.php\/2025\/07\/09\/refuerzan-la-vigilancia-para-atajar-conductas-incivicas-y-reducir-la-presencia-de-residuos-fuera-de-los-contenedores\/","url":"https:\/\/arealorcaradio.es\/index.php\/2025\/07\/09\/refuerzan-la-vigilancia-para-atajar-conductas-incivicas-y-reducir-la-presencia-de-residuos-fuera-de-los-contenedores\/","name":"Refuerzan la vigilancia para atajar conductas inc\u00edvicas y reducir la presencia de residuos fuera de los contenedores - AREA LORCA RADIO","isPartOf":{"@id":"https:\/\/arealorcaradio.es\/#website"},"primaryImageOfPage":{"@id":"https:\/\/arealorcaradio.es\/index.php\/2025\/07\/09\/refuerzan-la-vigilancia-para-atajar-conductas-incivicas-y-reducir-la-presencia-de-residuos-fuera-de-los-contenedores\/#primaryimage"},"image":{"@id":"https:\/\/arealorcaradio.es\/index.php\/2025\/07\/09\/refuerzan-la-vigilancia-para-atajar-conductas-incivicas-y-reducir-la-presencia-de-residuos-fuera-de-los-contenedores\/#primaryimage"},"thumbnailUrl":"https:\/\/arealorcaradio.es\/wp-content\/uploads\/2025\/07\/foto5-7.jpeg","datePublished":"2025-07-09T10:01:17+00:00","author":{"@id":"https:\/\/arealorcaradio.es\/#\/schema\/person\/9fae605fc25b0f2c83c1ab207139bd27"},"breadcrumb":{"@id":"https:\/\/arealorcaradio.es\/index.php\/2025\/07\/09\/refuerzan-la-vigilancia-para-atajar-conductas-incivicas-y-reducir-la-presencia-de-residuos-fuera-de-los-contenedores\/#breadcrumb"},"inLanguage":"es","potentialAction":[{"@type":"ReadAction","target":["https:\/\/arealorcaradio.es\/index.php\/2025\/07\/09\/refuerzan-la-vigilancia-para-atajar-conductas-incivicas-y-reducir-la-presencia-de-residuos-fuera-de-los-contenedores\/"]}]},{"@type":"ImageObject","inLanguage":"es","@id":"https:\/\/arealorcaradio.es\/index.php\/2025\/07\/09\/refuerzan-la-vigilancia-para-atajar-conductas-incivicas-y-reducir-la-presencia-de-residuos-fuera-de-los-contenedores\/#primaryimage","url":"https:\/\/arealorcaradio.es\/wp-content\/uploads\/2025\/07\/foto5-7.jpeg","contentUrl":"https:\/\/arealorcaradio.es\/wp-content\/uploads\/2025\/07\/foto5-7.jpeg","width":1600,"height":1200},{"@type":"BreadcrumbList","@id":"https:\/\/arealorcaradio.es\/index.php\/2025\/07\/09\/refuerzan-la-vigilancia-para-atajar-conductas-incivicas-y-reducir-la-presencia-de-residuos-fuera-de-los-contenedores\/#breadcrumb","itemListElement":[{"@type":"ListItem","position":1,"name":"Portada","item":"https:\/\/arealorcaradio.es\/"},{"@type":"ListItem","position":2,"name":"Refuerzan la vigilancia para atajar conductas inc\u00edvicas y reducir la presencia de residuos fuera de los contenedores"}]},{"@type":"WebSite","@id":"https:\/\/arealorcaradio.es\/#website","url":"https:\/\/arealorcaradio.es\/","name":"AREA LORCA RADIO","description":"Descubre la programaci\u00f3n actual en \u00c1rea Lorca Radio, tu fuente de entrenamiento y noticias locales. Sintoniza ahora y mantente conectado online.","potentialAction":[{"@type":"SearchAction","target":{"@type":"EntryPoint","urlTemplate":"https:\/\/arealorcaradio.es\/?s={search_term_string}"},"query-input":{"@type":"PropertyValueSpecification","valueRequired":true,"valueName":"search_term_string"}}],"inLanguage":"es"},{"@type":"Person","@id":"https:\/\/arealorcaradio.es\/#\/schema\/person\/9fae605fc25b0f2c83c1ab207139bd27","name":"Paco S\u00e1nchez","image":{"@type":"ImageObject","inLanguage":"es","@id":"https:\/\/secure.gravatar.com\/avatar\/d67144e966420fb74aa84c9f2a0103be4724fd14db52b52d3b6bca749f257e79?s=96&d=mm&r=g","url":"https:\/\/secure.gravatar.com\/avatar\/d67144e966420fb74aa84c9f2a0103be4724fd14db52b52d3b6bca749f257e79?s=96&d=mm&r=g","contentUrl":"https:\/\/secure.gravatar.com\/avatar\/d67144e966420fb74aa84c9f2a0103be4724fd14db52b52d3b6bca749f257e79?s=96&d=mm&r=g","caption":"Paco S\u00e1nchez"},"sameAs":["https:\/\/arealorcaradio.es"],"url":"https:\/\/arealorcaradio.es\/index.php\/author\/admin_alorcaradio\/"}]}},"_links":{"self":[{"href":"https:\/\/arealorcaradio.es\/index.php\/wp-json\/wp\/v2\/posts\/7241","targetHints":{"allow":["GET"]}}],"collection":[{"href":"https:\/\/arealorcaradio.es\/index.php\/wp-json\/wp\/v2\/posts"}],"about":[{"href":"https:\/\/arealorcaradio.es\/index.php\/wp-json\/wp\/v2\/types\/post"}],"author":[{"embeddable":true,"href":"https:\/\/arealorcaradio.es\/index.php\/wp-json\/wp\/v2\/users\/1"}],"replies":[{"embeddable":true,"href":"https:\/\/arealorcaradio.es\/index.php\/wp-json\/wp\/v2\/comments?post=7241"}],"version-history":[{"count":2,"href":"https:\/\/arealorcaradio.es\/index.php\/wp-json\/wp\/v2\/posts\/7241\/revisions"}],"predecessor-version":[{"id":7248,"href":"https:\/\/arealorcaradio.es\/index.php\/wp-json\/wp\/v2\/posts\/7241\/revisions\/7248"}],"wp:featuredmedia":[{"embeddable":true,"href":"https:\/\/arealorcaradio.es\/index.php\/wp-json\/wp\/v2\/media\/7242"}],"wp:attachment":[{"href":"https:\/\/arealorcaradio.es\/index.php\/wp-json\/wp\/v2\/media?parent=7241"}],"wp:term":[{"taxonomy":"category","embeddable":true,"href":"https:\/\/arealorcaradio.es\/index.php\/wp-json\/wp\/v2\/categories?post=7241"},{"taxonomy":"post_tag","embeddable":true,"href":"https:\/\/arealorcaradio.es\/index.php\/wp-json\/wp\/v2\/tags?post=7241"}],"curies":[{"name":"wp","href":"https:\/\/api.w.org\/{rel}","templated":true}]}}