{"id":7238,"date":"2025-07-09T09:50:09","date_gmt":"2025-07-09T09:50:09","guid":{"rendered":"https:\/\/arealorcaradio.es\/?p=7238"},"modified":"2025-07-09T09:50:09","modified_gmt":"2025-07-09T09:50:09","slug":"el-gobierno-de-lorca-inicia-los-tramites-con-las-operadoras-de-telecomunicaciones-para-mejorar-la-conectividad-en-zonas-rurales-del-municipio","status":"publish","type":"post","link":"https:\/\/arealorcaradio.es\/index.php\/2025\/07\/09\/el-gobierno-de-lorca-inicia-los-tramites-con-las-operadoras-de-telecomunicaciones-para-mejorar-la-conectividad-en-zonas-rurales-del-municipio\/","title":{"rendered":"El Gobierno de Lorca inicia los tr\u00e1mites con las operadoras de telecomunicaciones para mejorar la conectividad en zonas rurales del municipio"},"content":{"rendered":"<p><strong>\u00c1REA LORCA RADIO. Transformaci\u00f3n Digital.<\/strong><\/p>\n<p class=\"v1MsoNormal\"><b>9 de julio de 2025.<\/b>\u00a0El concejal de Transformaci\u00f3n Digital y Ciudad Inteligente del Ayuntamiento de Lorca, Antonio David S\u00e1nchez Alcaraz, ha anunciado este mi\u00e9rcoles que el Gobierno municipal est\u00e1 llevando a cabo los tr\u00e1mites necesarios para que los vecinos de las pedan\u00edas del municipio puedan dar soluci\u00f3n a los problemas de conectividad que sufren y que incrementan la brecha digital en estas zonas.<\/p>\n<p class=\"v1MsoNormal\">En este sentido, Antonio David S\u00e1nchez ha se\u00f1alado que \u00abgracias a las gestiones que se est\u00e1n realizando por parte del Consistorio, Lorca est\u00e1 cada vez m\u00e1s cerca de evitar que la brecha digital sea un impedimento para quienes residen en sus pedan\u00edas. De los casi 100.000 habitantes que tiene nuestra localidad, cerca de 5.000 podr\u00e1n optar a servicios espec\u00edficos para poder acceder al entorno digital de una forma segura, eficaz y, sobre todo, en equilibrio con las particularidades de su entorno\u00bb.<\/p>\n<p class=\"v1MsoNormal\">Y ha a\u00f1adido que \u00abpara ello, desde el Gobierno de Lorca hemos establecido contacto directo con diversas empresas de telecomunicaciones, a las que les hemos trasladado las principales demandas vecinales, con el objetivo de encontrar soluciones adaptadas a cada n\u00facleo rural, puesto que casi un tercio de la poblaci\u00f3n de Lorca, m\u00e1s de 35.000 personas, vive fuera del \u00e1rea urbana\u00bb. Y ha indicado que \u00abaunque hoy d\u00eda la conectividad est\u00e1 m\u00e1s presente que nunca, desde las instituciones tenemos que seguir trabajando para que la accesibilidad digital y el acceso a internet sea igual para todos los ciudadanos, sin importar d\u00f3nde vivan\u00bb.<\/p>\n<p class=\"v1MsoNormal\">Entre las pedan\u00edas con mayor problem\u00e1tica de conectividad se encuentran Zarzalico, B\u00e9jar, Jarales, Fontanares, Humbr\u00edas, Nogalte, Culebrina, Torrealvilla, Z\u00fa\u00f1iga, Puntarr\u00f3n, Ortillo, Barranco Hondo y Carrasquilla.<\/p>\n<p class=\"v1MsoNormal\">El concejal de Transformaci\u00f3n Digital ha explicado que se han mantenido reuniones con los residentes de las zonas m\u00e1s afectadas para conocer de primera mano la situaci\u00f3n real que viven a diario. \u00abTodos los vecinos coinciden: el acceso a internet ya no es un lujo, es una necesidad b\u00e1sica. No s\u00f3lo para teletrabajar, ver contenido audiovisual en plataformas o hablar con familiares por videollamada. Tambi\u00e9n es fundamental para poder estudiar, realizar cursos online o asistir a clases a distancia con garant\u00edas m\u00ednimas de cobertura. Eso es lo que nos est\u00e1n pidiendo y en eso es en lo que estamos trabajando\u00bb, ha destacado.<\/p>\n<p class=\"v1MsoNormal\">Por \u00faltimo, S\u00e1nchez Alcaraz ha manifestado que como resultado de los contactos mantenidos, una de las compa\u00f1\u00edas consultadas ha trasladado al Ayuntamiento la posibilidad de ofrecer internet v\u00eda sat\u00e9lite en estas zonas rurales- Zarzalico, B\u00e9jar, Jarales, Fontanares, Humbr\u00edas, Nogalte, Culebrina, Torrealvilla, Z\u00fa\u00f1iga, Puntarr\u00f3n, Ortillo, Barranco Hondo y Carrasquilla-, facilitando adem\u00e1s la instalaci\u00f3n totalmente gratuita hasta el 31 de diciembre o con un sistema subvencionado en fechas posteriores.<\/p>\n<p class=\"v1MsoNormal\">\u00abEs importante destacar que, gracias a este avance, los residentes en estas zonas ya pueden contratar hasta 200 Mb de velocidad a trav\u00e9s de Hispasat, con cuota mensual de 35 euros. Estamos convencidos de que este tipo de soluciones, aunque no definitivas, s\u00ed pueden marcar una diferencia muy importante en la calidad de vida diaria de muchos lorquinos, por lo que seguiremos trabajando en ello y manteniendo estos contactos con las empresas de telecomunicaciones para que internet llegue a todas las pedan\u00edas y n\u00facleos rurales de nuestro t\u00e9rmino municipal\u00bb, ha concluido el edil de Transformaci\u00f3n Digital.<\/p>\n","protected":false},"excerpt":{"rendered":"<p>\u00c1REA LORCA RADIO. Transformaci\u00f3n Digital. 9 de julio de 2025.\u00a0El concejal de Transformaci\u00f3n Digital y Ciudad Inteligente del Ayuntamiento de Lorca, Antonio David S\u00e1nchez Alcaraz, ha anunciado este mi\u00e9rcoles que el Gobierno municipal est\u00e1 llevando a cabo los tr\u00e1mites necesarios para que los vecinos de las pedan\u00edas del municipio puedan dar soluci\u00f3n a los problemas [&hellip;]<\/p>\n","protected":false},"author":1,"featured_media":7239,"comment_status":"open","ping_status":"open","sticky":false,"template":"","format":"standard","meta":{"iawp_total_views":14,"footnotes":""},"categories":[5,7],"tags":[],"class_list":["post-7238","post","type-post","status-publish","format-standard","has-post-thumbnail","hentry","category-actualidad","category-lorca"],"yoast_head":"<!-- This site is optimized with the Yoast SEO plugin v27.5 - https:\/\/yoast.com\/product\/yoast-seo-wordpress\/ -->\n<title>El Gobierno de Lorca inicia los tr\u00e1mites con las operadoras de telecomunicaciones para mejorar la conectividad en zonas rurales del municipio - AREA LORCA RADIO<\/title>\n<meta name=\"robots\" content=\"index, follow, max-snippet:-1, max-image-preview:large, max-video-preview:-1\" \/>\n<link rel=\"canonical\" href=\"https:\/\/arealorcaradio.es\/index.php\/2025\/07\/09\/el-gobierno-de-lorca-inicia-los-tramites-con-las-operadoras-de-telecomunicaciones-para-mejorar-la-conectividad-en-zonas-rurales-del-municipio\/\" \/>\n<meta property=\"og:locale\" content=\"es_ES\" \/>\n<meta property=\"og:type\" content=\"article\" \/>\n<meta property=\"og:title\" content=\"El Gobierno de Lorca inicia los tr\u00e1mites con las operadoras de telecomunicaciones para mejorar la conectividad en zonas rurales del municipio - AREA LORCA RADIO\" \/>\n<meta property=\"og:description\" content=\"\u00c1REA LORCA RADIO. Transformaci\u00f3n Digital. 9 de julio de 2025.\u00a0El concejal de Transformaci\u00f3n Digital y Ciudad Inteligente del Ayuntamiento de Lorca, Antonio David S\u00e1nchez Alcaraz, ha anunciado este mi\u00e9rcoles que el Gobierno municipal est\u00e1 llevando a cabo los tr\u00e1mites necesarios para que los vecinos de las pedan\u00edas del municipio puedan dar soluci\u00f3n a los problemas [&hellip;]\" \/>\n<meta property=\"og:url\" content=\"https:\/\/arealorcaradio.es\/index.php\/2025\/07\/09\/el-gobierno-de-lorca-inicia-los-tramites-con-las-operadoras-de-telecomunicaciones-para-mejorar-la-conectividad-en-zonas-rurales-del-municipio\/\" \/>\n<meta property=\"og:site_name\" content=\"AREA LORCA RADIO\" \/>\n<meta property=\"article:published_time\" content=\"2025-07-09T09:50:09+00:00\" \/>\n<meta property=\"og:image\" content=\"https:\/\/arealorcaradio.es\/wp-content\/uploads\/2025\/07\/FOTO1-37.jpeg\" \/>\n\t<meta property=\"og:image:width\" content=\"2048\" \/>\n\t<meta property=\"og:image:height\" content=\"1536\" \/>\n\t<meta property=\"og:image:type\" content=\"image\/jpeg\" \/>\n<meta name=\"author\" content=\"Paco S\u00e1nchez\" \/>\n<meta name=\"twitter:card\" content=\"summary_large_image\" \/>\n<meta name=\"twitter:label1\" content=\"Escrito por\" \/>\n\t<meta name=\"twitter:data1\" content=\"Paco S\u00e1nchez\" \/>\n\t<meta name=\"twitter:label2\" content=\"Tiempo de lectura\" \/>\n\t<meta name=\"twitter:data2\" content=\"3 minutos\" \/>\n<script type=\"application\/ld+json\" class=\"yoast-schema-graph\">{\"@context\":\"https:\\\/\\\/schema.org\",\"@graph\":[{\"@type\":\"Article\",\"@id\":\"https:\\\/\\\/arealorcaradio.es\\\/index.php\\\/2025\\\/07\\\/09\\\/el-gobierno-de-lorca-inicia-los-tramites-con-las-operadoras-de-telecomunicaciones-para-mejorar-la-conectividad-en-zonas-rurales-del-municipio\\\/#article\",\"isPartOf\":{\"@id\":\"https:\\\/\\\/arealorcaradio.es\\\/index.php\\\/2025\\\/07\\\/09\\\/el-gobierno-de-lorca-inicia-los-tramites-con-las-operadoras-de-telecomunicaciones-para-mejorar-la-conectividad-en-zonas-rurales-del-municipio\\\/\"},\"author\":{\"name\":\"Paco S\u00e1nchez\",\"@id\":\"https:\\\/\\\/arealorcaradio.es\\\/#\\\/schema\\\/person\\\/9fae605fc25b0f2c83c1ab207139bd27\"},\"headline\":\"El Gobierno de Lorca inicia los tr\u00e1mites con las operadoras de telecomunicaciones para mejorar la conectividad en zonas rurales del municipio\",\"datePublished\":\"2025-07-09T09:50:09+00:00\",\"mainEntityOfPage\":{\"@id\":\"https:\\\/\\\/arealorcaradio.es\\\/index.php\\\/2025\\\/07\\\/09\\\/el-gobierno-de-lorca-inicia-los-tramites-con-las-operadoras-de-telecomunicaciones-para-mejorar-la-conectividad-en-zonas-rurales-del-municipio\\\/\"},\"wordCount\":606,\"commentCount\":0,\"image\":{\"@id\":\"https:\\\/\\\/arealorcaradio.es\\\/index.php\\\/2025\\\/07\\\/09\\\/el-gobierno-de-lorca-inicia-los-tramites-con-las-operadoras-de-telecomunicaciones-para-mejorar-la-conectividad-en-zonas-rurales-del-municipio\\\/#primaryimage\"},\"thumbnailUrl\":\"https:\\\/\\\/arealorcaradio.es\\\/wp-content\\\/uploads\\\/2025\\\/07\\\/FOTO1-37.jpeg\",\"articleSection\":[\"ACTUALIDAD\",\"LORCA\"],\"inLanguage\":\"es\",\"potentialAction\":[{\"@type\":\"CommentAction\",\"name\":\"Comment\",\"target\":[\"https:\\\/\\\/arealorcaradio.es\\\/index.php\\\/2025\\\/07\\\/09\\\/el-gobierno-de-lorca-inicia-los-tramites-con-las-operadoras-de-telecomunicaciones-para-mejorar-la-conectividad-en-zonas-rurales-del-municipio\\\/#respond\"]}]},{\"@type\":\"WebPage\",\"@id\":\"https:\\\/\\\/arealorcaradio.es\\\/index.php\\\/2025\\\/07\\\/09\\\/el-gobierno-de-lorca-inicia-los-tramites-con-las-operadoras-de-telecomunicaciones-para-mejorar-la-conectividad-en-zonas-rurales-del-municipio\\\/\",\"url\":\"https:\\\/\\\/arealorcaradio.es\\\/index.php\\\/2025\\\/07\\\/09\\\/el-gobierno-de-lorca-inicia-los-tramites-con-las-operadoras-de-telecomunicaciones-para-mejorar-la-conectividad-en-zonas-rurales-del-municipio\\\/\",\"name\":\"El Gobierno de Lorca inicia los tr\u00e1mites con las operadoras de telecomunicaciones para mejorar la conectividad en zonas rurales del municipio - AREA LORCA RADIO\",\"isPartOf\":{\"@id\":\"https:\\\/\\\/arealorcaradio.es\\\/#website\"},\"primaryImageOfPage\":{\"@id\":\"https:\\\/\\\/arealorcaradio.es\\\/index.php\\\/2025\\\/07\\\/09\\\/el-gobierno-de-lorca-inicia-los-tramites-con-las-operadoras-de-telecomunicaciones-para-mejorar-la-conectividad-en-zonas-rurales-del-municipio\\\/#primaryimage\"},\"image\":{\"@id\":\"https:\\\/\\\/arealorcaradio.es\\\/index.php\\\/2025\\\/07\\\/09\\\/el-gobierno-de-lorca-inicia-los-tramites-con-las-operadoras-de-telecomunicaciones-para-mejorar-la-conectividad-en-zonas-rurales-del-municipio\\\/#primaryimage\"},\"thumbnailUrl\":\"https:\\\/\\\/arealorcaradio.es\\\/wp-content\\\/uploads\\\/2025\\\/07\\\/FOTO1-37.jpeg\",\"datePublished\":\"2025-07-09T09:50:09+00:00\",\"author\":{\"@id\":\"https:\\\/\\\/arealorcaradio.es\\\/#\\\/schema\\\/person\\\/9fae605fc25b0f2c83c1ab207139bd27\"},\"breadcrumb\":{\"@id\":\"https:\\\/\\\/arealorcaradio.es\\\/index.php\\\/2025\\\/07\\\/09\\\/el-gobierno-de-lorca-inicia-los-tramites-con-las-operadoras-de-telecomunicaciones-para-mejorar-la-conectividad-en-zonas-rurales-del-municipio\\\/#breadcrumb\"},\"inLanguage\":\"es\",\"potentialAction\":[{\"@type\":\"ReadAction\",\"target\":[\"https:\\\/\\\/arealorcaradio.es\\\/index.php\\\/2025\\\/07\\\/09\\\/el-gobierno-de-lorca-inicia-los-tramites-con-las-operadoras-de-telecomunicaciones-para-mejorar-la-conectividad-en-zonas-rurales-del-municipio\\\/\"]}]},{\"@type\":\"ImageObject\",\"inLanguage\":\"es\",\"@id\":\"https:\\\/\\\/arealorcaradio.es\\\/index.php\\\/2025\\\/07\\\/09\\\/el-gobierno-de-lorca-inicia-los-tramites-con-las-operadoras-de-telecomunicaciones-para-mejorar-la-conectividad-en-zonas-rurales-del-municipio\\\/#primaryimage\",\"url\":\"https:\\\/\\\/arealorcaradio.es\\\/wp-content\\\/uploads\\\/2025\\\/07\\\/FOTO1-37.jpeg\",\"contentUrl\":\"https:\\\/\\\/arealorcaradio.es\\\/wp-content\\\/uploads\\\/2025\\\/07\\\/FOTO1-37.jpeg\",\"width\":2048,\"height\":1536},{\"@type\":\"BreadcrumbList\",\"@id\":\"https:\\\/\\\/arealorcaradio.es\\\/index.php\\\/2025\\\/07\\\/09\\\/el-gobierno-de-lorca-inicia-los-tramites-con-las-operadoras-de-telecomunicaciones-para-mejorar-la-conectividad-en-zonas-rurales-del-municipio\\\/#breadcrumb\",\"itemListElement\":[{\"@type\":\"ListItem\",\"position\":1,\"name\":\"Portada\",\"item\":\"https:\\\/\\\/arealorcaradio.es\\\/\"},{\"@type\":\"ListItem\",\"position\":2,\"name\":\"El Gobierno de Lorca inicia los tr\u00e1mites con las operadoras de telecomunicaciones para mejorar la conectividad en zonas rurales del municipio\"}]},{\"@type\":\"WebSite\",\"@id\":\"https:\\\/\\\/arealorcaradio.es\\\/#website\",\"url\":\"https:\\\/\\\/arealorcaradio.es\\\/\",\"name\":\"AREA LORCA RADIO\",\"description\":\"Descubre la programaci\u00f3n actual en \u00c1rea Lorca Radio, tu fuente de entrenamiento y noticias locales. Sintoniza ahora y mantente conectado online.\",\"potentialAction\":[{\"@type\":\"SearchAction\",\"target\":{\"@type\":\"EntryPoint\",\"urlTemplate\":\"https:\\\/\\\/arealorcaradio.es\\\/?s={search_term_string}\"},\"query-input\":{\"@type\":\"PropertyValueSpecification\",\"valueRequired\":true,\"valueName\":\"search_term_string\"}}],\"inLanguage\":\"es\"},{\"@type\":\"Person\",\"@id\":\"https:\\\/\\\/arealorcaradio.es\\\/#\\\/schema\\\/person\\\/9fae605fc25b0f2c83c1ab207139bd27\",\"name\":\"Paco S\u00e1nchez\",\"image\":{\"@type\":\"ImageObject\",\"inLanguage\":\"es\",\"@id\":\"https:\\\/\\\/secure.gravatar.com\\\/avatar\\\/d67144e966420fb74aa84c9f2a0103be4724fd14db52b52d3b6bca749f257e79?s=96&d=mm&r=g\",\"url\":\"https:\\\/\\\/secure.gravatar.com\\\/avatar\\\/d67144e966420fb74aa84c9f2a0103be4724fd14db52b52d3b6bca749f257e79?s=96&d=mm&r=g\",\"contentUrl\":\"https:\\\/\\\/secure.gravatar.com\\\/avatar\\\/d67144e966420fb74aa84c9f2a0103be4724fd14db52b52d3b6bca749f257e79?s=96&d=mm&r=g\",\"caption\":\"Paco S\u00e1nchez\"},\"sameAs\":[\"https:\\\/\\\/arealorcaradio.es\"],\"url\":\"https:\\\/\\\/arealorcaradio.es\\\/index.php\\\/author\\\/admin_alorcaradio\\\/\"}]}<\/script>\n<!-- \/ Yoast SEO plugin. -->","yoast_head_json":{"title":"El Gobierno de Lorca inicia los tr\u00e1mites con las operadoras de telecomunicaciones para mejorar la conectividad en zonas rurales del municipio - AREA LORCA RADIO","robots":{"index":"index","follow":"follow","max-snippet":"max-snippet:-1","max-image-preview":"max-image-preview:large","max-video-preview":"max-video-preview:-1"},"canonical":"https:\/\/arealorcaradio.es\/index.php\/2025\/07\/09\/el-gobierno-de-lorca-inicia-los-tramites-con-las-operadoras-de-telecomunicaciones-para-mejorar-la-conectividad-en-zonas-rurales-del-municipio\/","og_locale":"es_ES","og_type":"article","og_title":"El Gobierno de Lorca inicia los tr\u00e1mites con las operadoras de telecomunicaciones para mejorar la conectividad en zonas rurales del municipio - AREA LORCA RADIO","og_description":"\u00c1REA LORCA RADIO. Transformaci\u00f3n Digital. 9 de julio de 2025.\u00a0El concejal de Transformaci\u00f3n Digital y Ciudad Inteligente del Ayuntamiento de Lorca, Antonio David S\u00e1nchez Alcaraz, ha anunciado este mi\u00e9rcoles que el Gobierno municipal est\u00e1 llevando a cabo los tr\u00e1mites necesarios para que los vecinos de las pedan\u00edas del municipio puedan dar soluci\u00f3n a los problemas [&hellip;]","og_url":"https:\/\/arealorcaradio.es\/index.php\/2025\/07\/09\/el-gobierno-de-lorca-inicia-los-tramites-con-las-operadoras-de-telecomunicaciones-para-mejorar-la-conectividad-en-zonas-rurales-del-municipio\/","og_site_name":"AREA LORCA RADIO","article_published_time":"2025-07-09T09:50:09+00:00","og_image":[{"width":2048,"height":1536,"url":"https:\/\/arealorcaradio.es\/wp-content\/uploads\/2025\/07\/FOTO1-37.jpeg","type":"image\/jpeg"}],"author":"Paco S\u00e1nchez","twitter_card":"summary_large_image","twitter_misc":{"Escrito por":"Paco S\u00e1nchez","Tiempo de lectura":"3 minutos"},"schema":{"@context":"https:\/\/schema.org","@graph":[{"@type":"Article","@id":"https:\/\/arealorcaradio.es\/index.php\/2025\/07\/09\/el-gobierno-de-lorca-inicia-los-tramites-con-las-operadoras-de-telecomunicaciones-para-mejorar-la-conectividad-en-zonas-rurales-del-municipio\/#article","isPartOf":{"@id":"https:\/\/arealorcaradio.es\/index.php\/2025\/07\/09\/el-gobierno-de-lorca-inicia-los-tramites-con-las-operadoras-de-telecomunicaciones-para-mejorar-la-conectividad-en-zonas-rurales-del-municipio\/"},"author":{"name":"Paco S\u00e1nchez","@id":"https:\/\/arealorcaradio.es\/#\/schema\/person\/9fae605fc25b0f2c83c1ab207139bd27"},"headline":"El Gobierno de Lorca inicia los tr\u00e1mites con las operadoras de telecomunicaciones para mejorar la conectividad en zonas rurales del municipio","datePublished":"2025-07-09T09:50:09+00:00","mainEntityOfPage":{"@id":"https:\/\/arealorcaradio.es\/index.php\/2025\/07\/09\/el-gobierno-de-lorca-inicia-los-tramites-con-las-operadoras-de-telecomunicaciones-para-mejorar-la-conectividad-en-zonas-rurales-del-municipio\/"},"wordCount":606,"commentCount":0,"image":{"@id":"https:\/\/arealorcaradio.es\/index.php\/2025\/07\/09\/el-gobierno-de-lorca-inicia-los-tramites-con-las-operadoras-de-telecomunicaciones-para-mejorar-la-conectividad-en-zonas-rurales-del-municipio\/#primaryimage"},"thumbnailUrl":"https:\/\/arealorcaradio.es\/wp-content\/uploads\/2025\/07\/FOTO1-37.jpeg","articleSection":["ACTUALIDAD","LORCA"],"inLanguage":"es","potentialAction":[{"@type":"CommentAction","name":"Comment","target":["https:\/\/arealorcaradio.es\/index.php\/2025\/07\/09\/el-gobierno-de-lorca-inicia-los-tramites-con-las-operadoras-de-telecomunicaciones-para-mejorar-la-conectividad-en-zonas-rurales-del-municipio\/#respond"]}]},{"@type":"WebPage","@id":"https:\/\/arealorcaradio.es\/index.php\/2025\/07\/09\/el-gobierno-de-lorca-inicia-los-tramites-con-las-operadoras-de-telecomunicaciones-para-mejorar-la-conectividad-en-zonas-rurales-del-municipio\/","url":"https:\/\/arealorcaradio.es\/index.php\/2025\/07\/09\/el-gobierno-de-lorca-inicia-los-tramites-con-las-operadoras-de-telecomunicaciones-para-mejorar-la-conectividad-en-zonas-rurales-del-municipio\/","name":"El Gobierno de Lorca inicia los tr\u00e1mites con las operadoras de telecomunicaciones para mejorar la conectividad en zonas rurales del municipio - AREA LORCA RADIO","isPartOf":{"@id":"https:\/\/arealorcaradio.es\/#website"},"primaryImageOfPage":{"@id":"https:\/\/arealorcaradio.es\/index.php\/2025\/07\/09\/el-gobierno-de-lorca-inicia-los-tramites-con-las-operadoras-de-telecomunicaciones-para-mejorar-la-conectividad-en-zonas-rurales-del-municipio\/#primaryimage"},"image":{"@id":"https:\/\/arealorcaradio.es\/index.php\/2025\/07\/09\/el-gobierno-de-lorca-inicia-los-tramites-con-las-operadoras-de-telecomunicaciones-para-mejorar-la-conectividad-en-zonas-rurales-del-municipio\/#primaryimage"},"thumbnailUrl":"https:\/\/arealorcaradio.es\/wp-content\/uploads\/2025\/07\/FOTO1-37.jpeg","datePublished":"2025-07-09T09:50:09+00:00","author":{"@id":"https:\/\/arealorcaradio.es\/#\/schema\/person\/9fae605fc25b0f2c83c1ab207139bd27"},"breadcrumb":{"@id":"https:\/\/arealorcaradio.es\/index.php\/2025\/07\/09\/el-gobierno-de-lorca-inicia-los-tramites-con-las-operadoras-de-telecomunicaciones-para-mejorar-la-conectividad-en-zonas-rurales-del-municipio\/#breadcrumb"},"inLanguage":"es","potentialAction":[{"@type":"ReadAction","target":["https:\/\/arealorcaradio.es\/index.php\/2025\/07\/09\/el-gobierno-de-lorca-inicia-los-tramites-con-las-operadoras-de-telecomunicaciones-para-mejorar-la-conectividad-en-zonas-rurales-del-municipio\/"]}]},{"@type":"ImageObject","inLanguage":"es","@id":"https:\/\/arealorcaradio.es\/index.php\/2025\/07\/09\/el-gobierno-de-lorca-inicia-los-tramites-con-las-operadoras-de-telecomunicaciones-para-mejorar-la-conectividad-en-zonas-rurales-del-municipio\/#primaryimage","url":"https:\/\/arealorcaradio.es\/wp-content\/uploads\/2025\/07\/FOTO1-37.jpeg","contentUrl":"https:\/\/arealorcaradio.es\/wp-content\/uploads\/2025\/07\/FOTO1-37.jpeg","width":2048,"height":1536},{"@type":"BreadcrumbList","@id":"https:\/\/arealorcaradio.es\/index.php\/2025\/07\/09\/el-gobierno-de-lorca-inicia-los-tramites-con-las-operadoras-de-telecomunicaciones-para-mejorar-la-conectividad-en-zonas-rurales-del-municipio\/#breadcrumb","itemListElement":[{"@type":"ListItem","position":1,"name":"Portada","item":"https:\/\/arealorcaradio.es\/"},{"@type":"ListItem","position":2,"name":"El Gobierno de Lorca inicia los tr\u00e1mites con las operadoras de telecomunicaciones para mejorar la conectividad en zonas rurales del municipio"}]},{"@type":"WebSite","@id":"https:\/\/arealorcaradio.es\/#website","url":"https:\/\/arealorcaradio.es\/","name":"AREA LORCA RADIO","description":"Descubre la programaci\u00f3n actual en \u00c1rea Lorca Radio, tu fuente de entrenamiento y noticias locales. Sintoniza ahora y mantente conectado online.","potentialAction":[{"@type":"SearchAction","target":{"@type":"EntryPoint","urlTemplate":"https:\/\/arealorcaradio.es\/?s={search_term_string}"},"query-input":{"@type":"PropertyValueSpecification","valueRequired":true,"valueName":"search_term_string"}}],"inLanguage":"es"},{"@type":"Person","@id":"https:\/\/arealorcaradio.es\/#\/schema\/person\/9fae605fc25b0f2c83c1ab207139bd27","name":"Paco S\u00e1nchez","image":{"@type":"ImageObject","inLanguage":"es","@id":"https:\/\/secure.gravatar.com\/avatar\/d67144e966420fb74aa84c9f2a0103be4724fd14db52b52d3b6bca749f257e79?s=96&d=mm&r=g","url":"https:\/\/secure.gravatar.com\/avatar\/d67144e966420fb74aa84c9f2a0103be4724fd14db52b52d3b6bca749f257e79?s=96&d=mm&r=g","contentUrl":"https:\/\/secure.gravatar.com\/avatar\/d67144e966420fb74aa84c9f2a0103be4724fd14db52b52d3b6bca749f257e79?s=96&d=mm&r=g","caption":"Paco S\u00e1nchez"},"sameAs":["https:\/\/arealorcaradio.es"],"url":"https:\/\/arealorcaradio.es\/index.php\/author\/admin_alorcaradio\/"}]}},"_links":{"self":[{"href":"https:\/\/arealorcaradio.es\/index.php\/wp-json\/wp\/v2\/posts\/7238","targetHints":{"allow":["GET"]}}],"collection":[{"href":"https:\/\/arealorcaradio.es\/index.php\/wp-json\/wp\/v2\/posts"}],"about":[{"href":"https:\/\/arealorcaradio.es\/index.php\/wp-json\/wp\/v2\/types\/post"}],"author":[{"embeddable":true,"href":"https:\/\/arealorcaradio.es\/index.php\/wp-json\/wp\/v2\/users\/1"}],"replies":[{"embeddable":true,"href":"https:\/\/arealorcaradio.es\/index.php\/wp-json\/wp\/v2\/comments?post=7238"}],"version-history":[{"count":1,"href":"https:\/\/arealorcaradio.es\/index.php\/wp-json\/wp\/v2\/posts\/7238\/revisions"}],"predecessor-version":[{"id":7240,"href":"https:\/\/arealorcaradio.es\/index.php\/wp-json\/wp\/v2\/posts\/7238\/revisions\/7240"}],"wp:featuredmedia":[{"embeddable":true,"href":"https:\/\/arealorcaradio.es\/index.php\/wp-json\/wp\/v2\/media\/7239"}],"wp:attachment":[{"href":"https:\/\/arealorcaradio.es\/index.php\/wp-json\/wp\/v2\/media?parent=7238"}],"wp:term":[{"taxonomy":"category","embeddable":true,"href":"https:\/\/arealorcaradio.es\/index.php\/wp-json\/wp\/v2\/categories?post=7238"},{"taxonomy":"post_tag","embeddable":true,"href":"https:\/\/arealorcaradio.es\/index.php\/wp-json\/wp\/v2\/tags?post=7238"}],"curies":[{"name":"wp","href":"https:\/\/api.w.org\/{rel}","templated":true}]}}