{"id":7231,"date":"2025-07-09T09:33:23","date_gmt":"2025-07-09T09:33:23","guid":{"rendered":"https:\/\/arealorcaradio.es\/?p=7231"},"modified":"2025-07-09T09:33:23","modified_gmt":"2025-07-09T09:33:23","slug":"mas-de-centenar-y-medio-de-jovenes-han-logrado-un-trabajo-gracias-al-canal-de-whatsapp-empleo-lorca-joven","status":"publish","type":"post","link":"https:\/\/arealorcaradio.es\/index.php\/2025\/07\/09\/mas-de-centenar-y-medio-de-jovenes-han-logrado-un-trabajo-gracias-al-canal-de-whatsapp-empleo-lorca-joven\/","title":{"rendered":"M\u00e1s de centenar y medio de j\u00f3venes han logrado un trabajo gracias al canal de WhatsApp \u00abEmpleo Lorca Joven\u00bb"},"content":{"rendered":"<p><strong>\u00c1REA LORCA RADIO. Juventud.<\/strong><\/p>\n<p class=\"v1MsoNormal\"><b>9 de julio de 2025.<\/b>\u00a0M\u00e1s de centenar y medio de j\u00f3venes lorquinos han logrado un trabajo gracias al canal de WhatsApp \u00abEmpleo Lorca Joven\u00bb, una herramienta exitosa, que desde su puesta en marcha en mayo del pasado a\u00f1o, ha demostrado ser un recurso eficaz, directo y cercano para conectar a los j\u00f3venes con oportunidades laborales, formativas y de movilidad internacional.<\/p>\n<p class=\"v1MsoNormal\">El concejal de Talento Joven del Ayuntamiento de Lorca, Antonio David S\u00e1nchez Alcaraz, que ha hecho balance este lunes del primer a\u00f1o de funcionamiento de esta iniciativa desarrollada por el Gobierno de Lorca, ha explicado que actualmente, este canal cuenta con 676 j\u00f3venes suscritos, de los cuales 156 han encontrado empleo a trav\u00e9s del mismo. Adem\u00e1s, m\u00e1s de un millar de consultas (1.081) han sido atendidas de forma personalizada e inmediata por el orientador laboral de Juventud, lo que evidencia el alto grado de implicaci\u00f3n del servicio.<\/p>\n<p class=\"v1MsoNormal\"><img loading=\"lazy\" decoding=\"async\" class=\"alignnone size-medium wp-image-7235\" src=\"https:\/\/arealorcaradio.es\/wp-content\/uploads\/2025\/07\/FOTO3-1-1-300x225.jpeg\" alt=\"\" width=\"300\" height=\"225\" srcset=\"https:\/\/arealorcaradio.es\/wp-content\/uploads\/2025\/07\/FOTO3-1-1-300x225.jpeg 300w, https:\/\/arealorcaradio.es\/wp-content\/uploads\/2025\/07\/FOTO3-1-1-1024x768.jpeg 1024w, https:\/\/arealorcaradio.es\/wp-content\/uploads\/2025\/07\/FOTO3-1-1-768x576.jpeg 768w, https:\/\/arealorcaradio.es\/wp-content\/uploads\/2025\/07\/FOTO3-1-1-1536x1152.jpeg 1536w, https:\/\/arealorcaradio.es\/wp-content\/uploads\/2025\/07\/FOTO3-1-1-86x64.jpeg 86w, https:\/\/arealorcaradio.es\/wp-content\/uploads\/2025\/07\/FOTO3-1-1.jpeg 2048w\" sizes=\"auto, (max-width: 300px) 100vw, 300px\" \/><\/p>\n<p class=\"v1MsoNormal\">Adem\u00e1s, Antonio David S\u00e1nchez ha subrayado que \u00abeste canal no solo ha superado nuestras expectativas, sino que ha demostrado ser una herramienta indispensable para acercar la administraci\u00f3n a los j\u00f3venes, especialmente a aquellos que viven en zonas m\u00e1s alejadas del centro urbano\u00bb, y ha afirmado que \u00abal Gobierno del alcalde Fulgencio Gil le preocupan todos los j\u00f3venes, sin importar d\u00f3nde vivan, motivo por el cual lo llevamos a cabo este tipo de acciones para que todos tengan derecho a las mismas oportunidades\u00bb.<\/p>\n<p class=\"v1MsoNormal\">Adem\u00e1s de las ofertas de empleo, el canal ha difundido en el \u00faltimo a\u00f1o m\u00e1s de 1.200 contenidos, entre ellos 101 cursos de formaci\u00f3n, 98 recursos de orientaci\u00f3n laboral, y 34 oportunidades de pr\u00e1cticas profesionales en Europa. Asimismo, ha ofrecido contenido \u00fatil sobre empleo p\u00fablico y oposiciones, formaci\u00f3n subvencionada, entrevistas de trabajo y b\u00fasqueda activa de empleo, redacci\u00f3n de curr\u00edculum, recomendaciones y oportunidades locales.<\/p>\n<p class=\"v1MsoNormal\">El concejal de Talento Joven ha animado a los j\u00f3venes lorquinos de entre 16 y 30 a\u00f1os a unirse al canal enviando un mensaje de WhatsApp al n\u00famero 638 343 528, y ha extendido la invitaci\u00f3n a los empresarios locales, destacando que \u00abinvitamos tambi\u00e9n a las empresas de Lorca a colaborar con nosotros y publicar sus ofertas en este canal para as\u00ed acceder a los mejores candidatos de nuestro municipio\u00bb.<\/p>\n<p class=\"v1MsoNormal\">S\u00e1nchez Alcaraz ha concluido recalcando que \u00abest\u00e1 demostrado que la juventud es una prioridad para este equipo de gobierno y para nuestro alcalde Fulgencio Gil. Este canal es solo una de las muchas iniciativas que estamos poniendo en marcha en materia de vivienda, bienestar emocional, empleo, formaci\u00f3n y empleabilidad, salas de estudio y ocio, y seguiremos trabajando en ello\u00bb.<\/p>\n<p class=\"v1MsoNormal\">Este servicio se enmarca dentro del programa cofinanciado por el Fondo Social Europeo FSE+ 2021-2027, gestionado por la Direcci\u00f3n General de Juventud y el Ayuntamiento de Lorca a trav\u00e9s de la Concejal\u00eda de Talento Joven.<\/p>\n","protected":false},"excerpt":{"rendered":"<p>\u00c1REA LORCA RADIO. Juventud. 9 de julio de 2025.\u00a0M\u00e1s de centenar y medio de j\u00f3venes lorquinos han logrado un trabajo gracias al canal de WhatsApp \u00abEmpleo Lorca Joven\u00bb, una herramienta exitosa, que desde su puesta en marcha en mayo del pasado a\u00f1o, ha demostrado ser un recurso eficaz, directo y cercano para conectar a los [&hellip;]<\/p>\n","protected":false},"author":1,"featured_media":7234,"comment_status":"open","ping_status":"open","sticky":false,"template":"","format":"standard","meta":{"iawp_total_views":19,"footnotes":""},"categories":[5,7],"tags":[],"class_list":["post-7231","post","type-post","status-publish","format-standard","has-post-thumbnail","hentry","category-actualidad","category-lorca"],"yoast_head":"<!-- This site is optimized with the Yoast SEO plugin v27.5 - https:\/\/yoast.com\/product\/yoast-seo-wordpress\/ -->\n<title>M\u00e1s de centenar y medio de j\u00f3venes han logrado un trabajo gracias al canal de WhatsApp &quot;Empleo Lorca Joven&quot; - AREA LORCA RADIO<\/title>\n<meta name=\"robots\" content=\"index, follow, max-snippet:-1, max-image-preview:large, max-video-preview:-1\" \/>\n<link rel=\"canonical\" href=\"https:\/\/arealorcaradio.es\/index.php\/2025\/07\/09\/mas-de-centenar-y-medio-de-jovenes-han-logrado-un-trabajo-gracias-al-canal-de-whatsapp-empleo-lorca-joven\/\" \/>\n<meta property=\"og:locale\" content=\"es_ES\" \/>\n<meta property=\"og:type\" content=\"article\" \/>\n<meta property=\"og:title\" content=\"M\u00e1s de centenar y medio de j\u00f3venes han logrado un trabajo gracias al canal de WhatsApp &quot;Empleo Lorca Joven&quot; - AREA LORCA RADIO\" \/>\n<meta property=\"og:description\" content=\"\u00c1REA LORCA RADIO. Juventud. 9 de julio de 2025.\u00a0M\u00e1s de centenar y medio de j\u00f3venes lorquinos han logrado un trabajo gracias al canal de WhatsApp \u00abEmpleo Lorca Joven\u00bb, una herramienta exitosa, que desde su puesta en marcha en mayo del pasado a\u00f1o, ha demostrado ser un recurso eficaz, directo y cercano para conectar a los [&hellip;]\" \/>\n<meta property=\"og:url\" content=\"https:\/\/arealorcaradio.es\/index.php\/2025\/07\/09\/mas-de-centenar-y-medio-de-jovenes-han-logrado-un-trabajo-gracias-al-canal-de-whatsapp-empleo-lorca-joven\/\" \/>\n<meta property=\"og:site_name\" content=\"AREA LORCA RADIO\" \/>\n<meta property=\"article:published_time\" content=\"2025-07-09T09:33:23+00:00\" \/>\n<meta property=\"og:image\" content=\"https:\/\/arealorcaradio.es\/wp-content\/uploads\/2025\/07\/FOTO4-1.jpeg\" \/>\n\t<meta property=\"og:image:width\" content=\"2048\" \/>\n\t<meta property=\"og:image:height\" content=\"1536\" \/>\n\t<meta property=\"og:image:type\" content=\"image\/jpeg\" \/>\n<meta name=\"author\" content=\"Paco S\u00e1nchez\" \/>\n<meta name=\"twitter:card\" content=\"summary_large_image\" \/>\n<meta name=\"twitter:label1\" content=\"Escrito por\" \/>\n\t<meta name=\"twitter:data1\" content=\"Paco S\u00e1nchez\" \/>\n\t<meta name=\"twitter:label2\" content=\"Tiempo de lectura\" \/>\n\t<meta name=\"twitter:data2\" content=\"3 minutos\" \/>\n<script type=\"application\/ld+json\" class=\"yoast-schema-graph\">{\"@context\":\"https:\\\/\\\/schema.org\",\"@graph\":[{\"@type\":\"Article\",\"@id\":\"https:\\\/\\\/arealorcaradio.es\\\/index.php\\\/2025\\\/07\\\/09\\\/mas-de-centenar-y-medio-de-jovenes-han-logrado-un-trabajo-gracias-al-canal-de-whatsapp-empleo-lorca-joven\\\/#article\",\"isPartOf\":{\"@id\":\"https:\\\/\\\/arealorcaradio.es\\\/index.php\\\/2025\\\/07\\\/09\\\/mas-de-centenar-y-medio-de-jovenes-han-logrado-un-trabajo-gracias-al-canal-de-whatsapp-empleo-lorca-joven\\\/\"},\"author\":{\"name\":\"Paco S\u00e1nchez\",\"@id\":\"https:\\\/\\\/arealorcaradio.es\\\/#\\\/schema\\\/person\\\/9fae605fc25b0f2c83c1ab207139bd27\"},\"headline\":\"M\u00e1s de centenar y medio de j\u00f3venes han logrado un trabajo gracias al canal de WhatsApp \u00abEmpleo Lorca Joven\u00bb\",\"datePublished\":\"2025-07-09T09:33:23+00:00\",\"mainEntityOfPage\":{\"@id\":\"https:\\\/\\\/arealorcaradio.es\\\/index.php\\\/2025\\\/07\\\/09\\\/mas-de-centenar-y-medio-de-jovenes-han-logrado-un-trabajo-gracias-al-canal-de-whatsapp-empleo-lorca-joven\\\/\"},\"wordCount\":508,\"commentCount\":0,\"image\":{\"@id\":\"https:\\\/\\\/arealorcaradio.es\\\/index.php\\\/2025\\\/07\\\/09\\\/mas-de-centenar-y-medio-de-jovenes-han-logrado-un-trabajo-gracias-al-canal-de-whatsapp-empleo-lorca-joven\\\/#primaryimage\"},\"thumbnailUrl\":\"https:\\\/\\\/arealorcaradio.es\\\/wp-content\\\/uploads\\\/2025\\\/07\\\/FOTO4-1.jpeg\",\"articleSection\":[\"ACTUALIDAD\",\"LORCA\"],\"inLanguage\":\"es\",\"potentialAction\":[{\"@type\":\"CommentAction\",\"name\":\"Comment\",\"target\":[\"https:\\\/\\\/arealorcaradio.es\\\/index.php\\\/2025\\\/07\\\/09\\\/mas-de-centenar-y-medio-de-jovenes-han-logrado-un-trabajo-gracias-al-canal-de-whatsapp-empleo-lorca-joven\\\/#respond\"]}]},{\"@type\":\"WebPage\",\"@id\":\"https:\\\/\\\/arealorcaradio.es\\\/index.php\\\/2025\\\/07\\\/09\\\/mas-de-centenar-y-medio-de-jovenes-han-logrado-un-trabajo-gracias-al-canal-de-whatsapp-empleo-lorca-joven\\\/\",\"url\":\"https:\\\/\\\/arealorcaradio.es\\\/index.php\\\/2025\\\/07\\\/09\\\/mas-de-centenar-y-medio-de-jovenes-han-logrado-un-trabajo-gracias-al-canal-de-whatsapp-empleo-lorca-joven\\\/\",\"name\":\"M\u00e1s de centenar y medio de j\u00f3venes han logrado un trabajo gracias al canal de WhatsApp \\\"Empleo Lorca Joven\\\" - AREA LORCA RADIO\",\"isPartOf\":{\"@id\":\"https:\\\/\\\/arealorcaradio.es\\\/#website\"},\"primaryImageOfPage\":{\"@id\":\"https:\\\/\\\/arealorcaradio.es\\\/index.php\\\/2025\\\/07\\\/09\\\/mas-de-centenar-y-medio-de-jovenes-han-logrado-un-trabajo-gracias-al-canal-de-whatsapp-empleo-lorca-joven\\\/#primaryimage\"},\"image\":{\"@id\":\"https:\\\/\\\/arealorcaradio.es\\\/index.php\\\/2025\\\/07\\\/09\\\/mas-de-centenar-y-medio-de-jovenes-han-logrado-un-trabajo-gracias-al-canal-de-whatsapp-empleo-lorca-joven\\\/#primaryimage\"},\"thumbnailUrl\":\"https:\\\/\\\/arealorcaradio.es\\\/wp-content\\\/uploads\\\/2025\\\/07\\\/FOTO4-1.jpeg\",\"datePublished\":\"2025-07-09T09:33:23+00:00\",\"author\":{\"@id\":\"https:\\\/\\\/arealorcaradio.es\\\/#\\\/schema\\\/person\\\/9fae605fc25b0f2c83c1ab207139bd27\"},\"breadcrumb\":{\"@id\":\"https:\\\/\\\/arealorcaradio.es\\\/index.php\\\/2025\\\/07\\\/09\\\/mas-de-centenar-y-medio-de-jovenes-han-logrado-un-trabajo-gracias-al-canal-de-whatsapp-empleo-lorca-joven\\\/#breadcrumb\"},\"inLanguage\":\"es\",\"potentialAction\":[{\"@type\":\"ReadAction\",\"target\":[\"https:\\\/\\\/arealorcaradio.es\\\/index.php\\\/2025\\\/07\\\/09\\\/mas-de-centenar-y-medio-de-jovenes-han-logrado-un-trabajo-gracias-al-canal-de-whatsapp-empleo-lorca-joven\\\/\"]}]},{\"@type\":\"ImageObject\",\"inLanguage\":\"es\",\"@id\":\"https:\\\/\\\/arealorcaradio.es\\\/index.php\\\/2025\\\/07\\\/09\\\/mas-de-centenar-y-medio-de-jovenes-han-logrado-un-trabajo-gracias-al-canal-de-whatsapp-empleo-lorca-joven\\\/#primaryimage\",\"url\":\"https:\\\/\\\/arealorcaradio.es\\\/wp-content\\\/uploads\\\/2025\\\/07\\\/FOTO4-1.jpeg\",\"contentUrl\":\"https:\\\/\\\/arealorcaradio.es\\\/wp-content\\\/uploads\\\/2025\\\/07\\\/FOTO4-1.jpeg\",\"width\":2048,\"height\":1536},{\"@type\":\"BreadcrumbList\",\"@id\":\"https:\\\/\\\/arealorcaradio.es\\\/index.php\\\/2025\\\/07\\\/09\\\/mas-de-centenar-y-medio-de-jovenes-han-logrado-un-trabajo-gracias-al-canal-de-whatsapp-empleo-lorca-joven\\\/#breadcrumb\",\"itemListElement\":[{\"@type\":\"ListItem\",\"position\":1,\"name\":\"Portada\",\"item\":\"https:\\\/\\\/arealorcaradio.es\\\/\"},{\"@type\":\"ListItem\",\"position\":2,\"name\":\"M\u00e1s de centenar y medio de j\u00f3venes han logrado un trabajo gracias al canal de WhatsApp \u00abEmpleo Lorca Joven\u00bb\"}]},{\"@type\":\"WebSite\",\"@id\":\"https:\\\/\\\/arealorcaradio.es\\\/#website\",\"url\":\"https:\\\/\\\/arealorcaradio.es\\\/\",\"name\":\"AREA LORCA RADIO\",\"description\":\"Descubre la programaci\u00f3n actual en \u00c1rea Lorca Radio, tu fuente de entrenamiento y noticias locales. Sintoniza ahora y mantente conectado online.\",\"potentialAction\":[{\"@type\":\"SearchAction\",\"target\":{\"@type\":\"EntryPoint\",\"urlTemplate\":\"https:\\\/\\\/arealorcaradio.es\\\/?s={search_term_string}\"},\"query-input\":{\"@type\":\"PropertyValueSpecification\",\"valueRequired\":true,\"valueName\":\"search_term_string\"}}],\"inLanguage\":\"es\"},{\"@type\":\"Person\",\"@id\":\"https:\\\/\\\/arealorcaradio.es\\\/#\\\/schema\\\/person\\\/9fae605fc25b0f2c83c1ab207139bd27\",\"name\":\"Paco S\u00e1nchez\",\"image\":{\"@type\":\"ImageObject\",\"inLanguage\":\"es\",\"@id\":\"https:\\\/\\\/secure.gravatar.com\\\/avatar\\\/d67144e966420fb74aa84c9f2a0103be4724fd14db52b52d3b6bca749f257e79?s=96&d=mm&r=g\",\"url\":\"https:\\\/\\\/secure.gravatar.com\\\/avatar\\\/d67144e966420fb74aa84c9f2a0103be4724fd14db52b52d3b6bca749f257e79?s=96&d=mm&r=g\",\"contentUrl\":\"https:\\\/\\\/secure.gravatar.com\\\/avatar\\\/d67144e966420fb74aa84c9f2a0103be4724fd14db52b52d3b6bca749f257e79?s=96&d=mm&r=g\",\"caption\":\"Paco S\u00e1nchez\"},\"sameAs\":[\"https:\\\/\\\/arealorcaradio.es\"],\"url\":\"https:\\\/\\\/arealorcaradio.es\\\/index.php\\\/author\\\/admin_alorcaradio\\\/\"}]}<\/script>\n<!-- \/ Yoast SEO plugin. -->","yoast_head_json":{"title":"M\u00e1s de centenar y medio de j\u00f3venes han logrado un trabajo gracias al canal de WhatsApp \"Empleo Lorca Joven\" - AREA LORCA RADIO","robots":{"index":"index","follow":"follow","max-snippet":"max-snippet:-1","max-image-preview":"max-image-preview:large","max-video-preview":"max-video-preview:-1"},"canonical":"https:\/\/arealorcaradio.es\/index.php\/2025\/07\/09\/mas-de-centenar-y-medio-de-jovenes-han-logrado-un-trabajo-gracias-al-canal-de-whatsapp-empleo-lorca-joven\/","og_locale":"es_ES","og_type":"article","og_title":"M\u00e1s de centenar y medio de j\u00f3venes han logrado un trabajo gracias al canal de WhatsApp \"Empleo Lorca Joven\" - AREA LORCA RADIO","og_description":"\u00c1REA LORCA RADIO. Juventud. 9 de julio de 2025.\u00a0M\u00e1s de centenar y medio de j\u00f3venes lorquinos han logrado un trabajo gracias al canal de WhatsApp \u00abEmpleo Lorca Joven\u00bb, una herramienta exitosa, que desde su puesta en marcha en mayo del pasado a\u00f1o, ha demostrado ser un recurso eficaz, directo y cercano para conectar a los [&hellip;]","og_url":"https:\/\/arealorcaradio.es\/index.php\/2025\/07\/09\/mas-de-centenar-y-medio-de-jovenes-han-logrado-un-trabajo-gracias-al-canal-de-whatsapp-empleo-lorca-joven\/","og_site_name":"AREA LORCA RADIO","article_published_time":"2025-07-09T09:33:23+00:00","og_image":[{"width":2048,"height":1536,"url":"https:\/\/arealorcaradio.es\/wp-content\/uploads\/2025\/07\/FOTO4-1.jpeg","type":"image\/jpeg"}],"author":"Paco S\u00e1nchez","twitter_card":"summary_large_image","twitter_misc":{"Escrito por":"Paco S\u00e1nchez","Tiempo de lectura":"3 minutos"},"schema":{"@context":"https:\/\/schema.org","@graph":[{"@type":"Article","@id":"https:\/\/arealorcaradio.es\/index.php\/2025\/07\/09\/mas-de-centenar-y-medio-de-jovenes-han-logrado-un-trabajo-gracias-al-canal-de-whatsapp-empleo-lorca-joven\/#article","isPartOf":{"@id":"https:\/\/arealorcaradio.es\/index.php\/2025\/07\/09\/mas-de-centenar-y-medio-de-jovenes-han-logrado-un-trabajo-gracias-al-canal-de-whatsapp-empleo-lorca-joven\/"},"author":{"name":"Paco S\u00e1nchez","@id":"https:\/\/arealorcaradio.es\/#\/schema\/person\/9fae605fc25b0f2c83c1ab207139bd27"},"headline":"M\u00e1s de centenar y medio de j\u00f3venes han logrado un trabajo gracias al canal de WhatsApp \u00abEmpleo Lorca Joven\u00bb","datePublished":"2025-07-09T09:33:23+00:00","mainEntityOfPage":{"@id":"https:\/\/arealorcaradio.es\/index.php\/2025\/07\/09\/mas-de-centenar-y-medio-de-jovenes-han-logrado-un-trabajo-gracias-al-canal-de-whatsapp-empleo-lorca-joven\/"},"wordCount":508,"commentCount":0,"image":{"@id":"https:\/\/arealorcaradio.es\/index.php\/2025\/07\/09\/mas-de-centenar-y-medio-de-jovenes-han-logrado-un-trabajo-gracias-al-canal-de-whatsapp-empleo-lorca-joven\/#primaryimage"},"thumbnailUrl":"https:\/\/arealorcaradio.es\/wp-content\/uploads\/2025\/07\/FOTO4-1.jpeg","articleSection":["ACTUALIDAD","LORCA"],"inLanguage":"es","potentialAction":[{"@type":"CommentAction","name":"Comment","target":["https:\/\/arealorcaradio.es\/index.php\/2025\/07\/09\/mas-de-centenar-y-medio-de-jovenes-han-logrado-un-trabajo-gracias-al-canal-de-whatsapp-empleo-lorca-joven\/#respond"]}]},{"@type":"WebPage","@id":"https:\/\/arealorcaradio.es\/index.php\/2025\/07\/09\/mas-de-centenar-y-medio-de-jovenes-han-logrado-un-trabajo-gracias-al-canal-de-whatsapp-empleo-lorca-joven\/","url":"https:\/\/arealorcaradio.es\/index.php\/2025\/07\/09\/mas-de-centenar-y-medio-de-jovenes-han-logrado-un-trabajo-gracias-al-canal-de-whatsapp-empleo-lorca-joven\/","name":"M\u00e1s de centenar y medio de j\u00f3venes han logrado un trabajo gracias al canal de WhatsApp \"Empleo Lorca Joven\" - AREA LORCA RADIO","isPartOf":{"@id":"https:\/\/arealorcaradio.es\/#website"},"primaryImageOfPage":{"@id":"https:\/\/arealorcaradio.es\/index.php\/2025\/07\/09\/mas-de-centenar-y-medio-de-jovenes-han-logrado-un-trabajo-gracias-al-canal-de-whatsapp-empleo-lorca-joven\/#primaryimage"},"image":{"@id":"https:\/\/arealorcaradio.es\/index.php\/2025\/07\/09\/mas-de-centenar-y-medio-de-jovenes-han-logrado-un-trabajo-gracias-al-canal-de-whatsapp-empleo-lorca-joven\/#primaryimage"},"thumbnailUrl":"https:\/\/arealorcaradio.es\/wp-content\/uploads\/2025\/07\/FOTO4-1.jpeg","datePublished":"2025-07-09T09:33:23+00:00","author":{"@id":"https:\/\/arealorcaradio.es\/#\/schema\/person\/9fae605fc25b0f2c83c1ab207139bd27"},"breadcrumb":{"@id":"https:\/\/arealorcaradio.es\/index.php\/2025\/07\/09\/mas-de-centenar-y-medio-de-jovenes-han-logrado-un-trabajo-gracias-al-canal-de-whatsapp-empleo-lorca-joven\/#breadcrumb"},"inLanguage":"es","potentialAction":[{"@type":"ReadAction","target":["https:\/\/arealorcaradio.es\/index.php\/2025\/07\/09\/mas-de-centenar-y-medio-de-jovenes-han-logrado-un-trabajo-gracias-al-canal-de-whatsapp-empleo-lorca-joven\/"]}]},{"@type":"ImageObject","inLanguage":"es","@id":"https:\/\/arealorcaradio.es\/index.php\/2025\/07\/09\/mas-de-centenar-y-medio-de-jovenes-han-logrado-un-trabajo-gracias-al-canal-de-whatsapp-empleo-lorca-joven\/#primaryimage","url":"https:\/\/arealorcaradio.es\/wp-content\/uploads\/2025\/07\/FOTO4-1.jpeg","contentUrl":"https:\/\/arealorcaradio.es\/wp-content\/uploads\/2025\/07\/FOTO4-1.jpeg","width":2048,"height":1536},{"@type":"BreadcrumbList","@id":"https:\/\/arealorcaradio.es\/index.php\/2025\/07\/09\/mas-de-centenar-y-medio-de-jovenes-han-logrado-un-trabajo-gracias-al-canal-de-whatsapp-empleo-lorca-joven\/#breadcrumb","itemListElement":[{"@type":"ListItem","position":1,"name":"Portada","item":"https:\/\/arealorcaradio.es\/"},{"@type":"ListItem","position":2,"name":"M\u00e1s de centenar y medio de j\u00f3venes han logrado un trabajo gracias al canal de WhatsApp \u00abEmpleo Lorca Joven\u00bb"}]},{"@type":"WebSite","@id":"https:\/\/arealorcaradio.es\/#website","url":"https:\/\/arealorcaradio.es\/","name":"AREA LORCA RADIO","description":"Descubre la programaci\u00f3n actual en \u00c1rea Lorca Radio, tu fuente de entrenamiento y noticias locales. Sintoniza ahora y mantente conectado online.","potentialAction":[{"@type":"SearchAction","target":{"@type":"EntryPoint","urlTemplate":"https:\/\/arealorcaradio.es\/?s={search_term_string}"},"query-input":{"@type":"PropertyValueSpecification","valueRequired":true,"valueName":"search_term_string"}}],"inLanguage":"es"},{"@type":"Person","@id":"https:\/\/arealorcaradio.es\/#\/schema\/person\/9fae605fc25b0f2c83c1ab207139bd27","name":"Paco S\u00e1nchez","image":{"@type":"ImageObject","inLanguage":"es","@id":"https:\/\/secure.gravatar.com\/avatar\/d67144e966420fb74aa84c9f2a0103be4724fd14db52b52d3b6bca749f257e79?s=96&d=mm&r=g","url":"https:\/\/secure.gravatar.com\/avatar\/d67144e966420fb74aa84c9f2a0103be4724fd14db52b52d3b6bca749f257e79?s=96&d=mm&r=g","contentUrl":"https:\/\/secure.gravatar.com\/avatar\/d67144e966420fb74aa84c9f2a0103be4724fd14db52b52d3b6bca749f257e79?s=96&d=mm&r=g","caption":"Paco S\u00e1nchez"},"sameAs":["https:\/\/arealorcaradio.es"],"url":"https:\/\/arealorcaradio.es\/index.php\/author\/admin_alorcaradio\/"}]}},"_links":{"self":[{"href":"https:\/\/arealorcaradio.es\/index.php\/wp-json\/wp\/v2\/posts\/7231","targetHints":{"allow":["GET"]}}],"collection":[{"href":"https:\/\/arealorcaradio.es\/index.php\/wp-json\/wp\/v2\/posts"}],"about":[{"href":"https:\/\/arealorcaradio.es\/index.php\/wp-json\/wp\/v2\/types\/post"}],"author":[{"embeddable":true,"href":"https:\/\/arealorcaradio.es\/index.php\/wp-json\/wp\/v2\/users\/1"}],"replies":[{"embeddable":true,"href":"https:\/\/arealorcaradio.es\/index.php\/wp-json\/wp\/v2\/comments?post=7231"}],"version-history":[{"count":3,"href":"https:\/\/arealorcaradio.es\/index.php\/wp-json\/wp\/v2\/posts\/7231\/revisions"}],"predecessor-version":[{"id":7237,"href":"https:\/\/arealorcaradio.es\/index.php\/wp-json\/wp\/v2\/posts\/7231\/revisions\/7237"}],"wp:featuredmedia":[{"embeddable":true,"href":"https:\/\/arealorcaradio.es\/index.php\/wp-json\/wp\/v2\/media\/7234"}],"wp:attachment":[{"href":"https:\/\/arealorcaradio.es\/index.php\/wp-json\/wp\/v2\/media?parent=7231"}],"wp:term":[{"taxonomy":"category","embeddable":true,"href":"https:\/\/arealorcaradio.es\/index.php\/wp-json\/wp\/v2\/categories?post=7231"},{"taxonomy":"post_tag","embeddable":true,"href":"https:\/\/arealorcaradio.es\/index.php\/wp-json\/wp\/v2\/tags?post=7231"}],"curies":[{"name":"wp","href":"https:\/\/api.w.org\/{rel}","templated":true}]}}