{"id":7213,"date":"2025-07-08T22:16:34","date_gmt":"2025-07-08T22:16:34","guid":{"rendered":"https:\/\/arealorcaradio.es\/?p=7213"},"modified":"2025-07-08T22:16:34","modified_gmt":"2025-07-08T22:16:34","slug":"lorcabiciudad-confia-en-que-el-ayuntamiento-aproveche-la-gran-oportunidad-de-corredor-verde-que-ofrece-el-nuevo-carril-bici-de-la-carretera-de-aguilas","status":"publish","type":"post","link":"https:\/\/arealorcaradio.es\/index.php\/2025\/07\/08\/lorcabiciudad-confia-en-que-el-ayuntamiento-aproveche-la-gran-oportunidad-de-corredor-verde-que-ofrece-el-nuevo-carril-bici-de-la-carretera-de-aguilas\/","title":{"rendered":"LorcaBiciudad conf\u00eda en que el Ayuntamiento aproveche la gran oportunidad de corredor verde que ofrece el nuevo carril bici de la carretera de \u00c1guilas"},"content":{"rendered":"<p><strong>\u00c1REA LORCA RADIO. Movilidad.<\/strong><\/p>\n<p>Escucha aqu\u00ed la entrevista que ha concedido a Paco S\u00e1nchez en el magazine de \u00c1rea Lorca Radio el presidente de LorcaBiciudad Manuel Mart\u00edn en la que expresa su punto de vista sobre la creaci\u00f3n de este nuevo carril bici en Lorca que transcurrir\u00e1 por la zonas de Tiata, Campillo y Cazalla.<\/p>\n<audio class=\"wp-audio-shortcode\" id=\"audio-7213-1\" preload=\"none\" style=\"width: 100%;\" controls=\"controls\"><source type=\"audio\/mpeg\" src=\"https:\/\/arealorcaradio.es\/wp-content\/uploads\/2025\/07\/080725-MANUEL-MARTIN.-LORCA-BICIUDAD.mp3?_=1\" \/><a href=\"https:\/\/arealorcaradio.es\/wp-content\/uploads\/2025\/07\/080725-MANUEL-MARTIN.-LORCA-BICIUDAD.mp3\">https:\/\/arealorcaradio.es\/wp-content\/uploads\/2025\/07\/080725-MANUEL-MARTIN.-LORCA-BICIUDAD.mp3<\/a><\/audio>\n<p><img loading=\"lazy\" decoding=\"async\" class=\"alignnone size-medium wp-image-7219\" src=\"https:\/\/arealorcaradio.es\/wp-content\/uploads\/2025\/07\/20250708_131926-300x225.jpg\" alt=\"\" width=\"300\" height=\"225\" srcset=\"https:\/\/arealorcaradio.es\/wp-content\/uploads\/2025\/07\/20250708_131926-300x225.jpg 300w, https:\/\/arealorcaradio.es\/wp-content\/uploads\/2025\/07\/20250708_131926-1024x768.jpg 1024w, https:\/\/arealorcaradio.es\/wp-content\/uploads\/2025\/07\/20250708_131926-768x576.jpg 768w, https:\/\/arealorcaradio.es\/wp-content\/uploads\/2025\/07\/20250708_131926-1536x1152.jpg 1536w, https:\/\/arealorcaradio.es\/wp-content\/uploads\/2025\/07\/20250708_131926-2048x1536.jpg 2048w, https:\/\/arealorcaradio.es\/wp-content\/uploads\/2025\/07\/20250708_131926-86x64.jpg 86w\" sizes=\"auto, (max-width: 300px) 100vw, 300px\" \/> <img loading=\"lazy\" decoding=\"async\" class=\"alignnone size-medium wp-image-7220\" src=\"https:\/\/arealorcaradio.es\/wp-content\/uploads\/2025\/07\/Captura-300x162.jpg\" alt=\"\" width=\"300\" height=\"162\" srcset=\"https:\/\/arealorcaradio.es\/wp-content\/uploads\/2025\/07\/Captura-300x162.jpg 300w, https:\/\/arealorcaradio.es\/wp-content\/uploads\/2025\/07\/Captura-768x414.jpg 768w, https:\/\/arealorcaradio.es\/wp-content\/uploads\/2025\/07\/Captura.jpg 908w\" sizes=\"auto, (max-width: 300px) 100vw, 300px\" \/><\/p>\n<p>El Ministerio de Transici\u00f3n Ecol\u00f3gica accede a la petici\u00f3n del Ayuntamiento de cambiar carriles bici que se autorizaron para establecer zonas de bajas emisiones (ZBE) en la ciudad por un carril bici perif\u00e9rico en la antigua carretera de \u00c1guilas. LorcaBiciudad conf\u00eda en que al menos se aproveche para hacer un espectacular corredor verde que recupere el arbolado de gran porte que un d\u00eda tuvo este acceso a la ciudad por las diputaciones de Purias y Campillo y que fue talado gradualmente por el err\u00f3neo concepto de asegurar la seguridad vial, en vez de poner las medidas correctoras como radares o refuerzo de se\u00f1alizaci\u00f3n para que los conductores de veh\u00edculos motorizados corrieran menos en esa carretera.<br \/>\n<b><\/b><\/p>\n<p><b>Aunque LorcaBiciudad manifest\u00f3 su oposici\u00f3n al cambio<\/b>\u00a0que propuso el Ayuntamiento al Ministerio de Transici\u00f3n Ecol\u00f3gica del Gobierno de Espa\u00f1a, por el que solicit\u00f3 suprimir cuatro carriles bici para los que se hab\u00eda obtenido fondos europeos Next Generation (1),\u00a0<strong>no dejamos de recibir positivamente la noticia de que la carretera de \u00c1guilas pueda contar con un carril bici que goce de mejores condiciones que el actual<\/strong>\u00a0en cuanto a pavimentaci\u00f3n, arbolado\u00a0<strong>y adem\u00e1s parta del cruce del Barrio de San Fernando<\/strong>,\u00a0<strong>pudi\u00e9ndose as\u00ed unir con los otros carriles bici<\/strong>\u00a0de la Ronda Central, Alameda de Cervantes y Ronda Sur. Y no solo con estos, tambi\u00e9n con los carriles bici del\u00a0<strong>Camino Parador de los Seguras y Camino Casa del M\u00e9dico<\/strong>\u00a0para as\u00ed enlazarlo con el de las Veredas Verdes de Cazalla. El carril llegar\u00e1 hasta la gasolinera de El Mora.<\/p>\n<p>El \u00fanico carril bici que se ha construido satisfactoriamente con la financiaci\u00f3n por parte del Gobierno de Espa\u00f1a de este proyecto de ZBE, ha sido en la Avenida de las Fuerzas Armadas.<\/p>\n<p>Esta petici\u00f3n de\u00a0<b>LorcaBiciudad<\/b>, con el apoyo de la\u00a0<b>Plataforma por la Calidad del Paisaje<\/b>, coincide con la propuesta del estudio realizado en Lorca tras los terremotos titulado \u00abPlan por la Calidad del Paisaje Urbano de Lorca\u00bb, financiado en 2015 por el Ministerio de Cultura del Gobierno de Espa\u00f1a. En ella, entre otras muchas medidas que favorec\u00edan un nuevo MODELO DE CIUDAD, se recomendaba que las entradas a Lorca cuenten con arbolado, tanto por motivos clim\u00e1ticos como por la buena impresi\u00f3n que ofrecen a quienes nos visitan y a los propios habitantes.<\/p>\n<p>Los cuatro carriles inicialmente comprometidos que se han dejado de construir han sido:<br \/>\n-El Carril bici sobre acera existente en Avenida Adolfo Su\u00e1rez no se bajar\u00e1 a la calzada, a pesar de la poca funcionalidad que aporta al trafico la existencia de cuatro carriles de circulaci\u00f3n en ese corto tramo.<br \/>\n-Carril bici sobre el puente nuevo (entre Avenida Juan Carlos I y San Diego).<br \/>\n-El Carril bici sobre acera existente en el primer tramo de Avenida Europa no se bajar\u00e1 a la calzada. Esta obra no supon\u00eda la eliminaci\u00f3n de ning\u00fan carril de circulaci\u00f3n.<br \/>\n-Carril bici que se preve\u00eda construir en la Alameda Rafael M\u00e9ndez.<\/p>\n","protected":false},"excerpt":{"rendered":"<p>\u00c1REA LORCA RADIO. Movilidad. Escucha aqu\u00ed la entrevista que ha concedido a Paco S\u00e1nchez en el magazine de \u00c1rea Lorca Radio el presidente de LorcaBiciudad Manuel Mart\u00edn en la que expresa su punto de vista sobre la creaci\u00f3n de este nuevo carril bici en Lorca que transcurrir\u00e1 por la zonas de Tiata, Campillo y Cazalla. [&hellip;]<\/p>\n","protected":false},"author":1,"featured_media":7215,"comment_status":"open","ping_status":"open","sticky":false,"template":"","format":"standard","meta":{"iawp_total_views":21,"footnotes":""},"categories":[5,7],"tags":[],"class_list":["post-7213","post","type-post","status-publish","format-standard","has-post-thumbnail","hentry","category-actualidad","category-lorca"],"yoast_head":"<!-- This site is optimized with the Yoast SEO plugin v27.5 - https:\/\/yoast.com\/product\/yoast-seo-wordpress\/ -->\n<title>LorcaBiciudad conf\u00eda en que el Ayuntamiento aproveche la gran oportunidad de corredor verde que ofrece el nuevo carril bici de la carretera de \u00c1guilas - AREA LORCA RADIO<\/title>\n<meta name=\"robots\" content=\"index, follow, max-snippet:-1, max-image-preview:large, max-video-preview:-1\" \/>\n<link rel=\"canonical\" href=\"https:\/\/arealorcaradio.es\/index.php\/2025\/07\/08\/lorcabiciudad-confia-en-que-el-ayuntamiento-aproveche-la-gran-oportunidad-de-corredor-verde-que-ofrece-el-nuevo-carril-bici-de-la-carretera-de-aguilas\/\" \/>\n<meta property=\"og:locale\" content=\"es_ES\" \/>\n<meta property=\"og:type\" content=\"article\" \/>\n<meta property=\"og:title\" content=\"LorcaBiciudad conf\u00eda en que el Ayuntamiento aproveche la gran oportunidad de corredor verde que ofrece el nuevo carril bici de la carretera de \u00c1guilas - AREA LORCA RADIO\" \/>\n<meta property=\"og:description\" content=\"\u00c1REA LORCA RADIO. Movilidad. Escucha aqu\u00ed la entrevista que ha concedido a Paco S\u00e1nchez en el magazine de \u00c1rea Lorca Radio el presidente de LorcaBiciudad Manuel Mart\u00edn en la que expresa su punto de vista sobre la creaci\u00f3n de este nuevo carril bici en Lorca que transcurrir\u00e1 por la zonas de Tiata, Campillo y Cazalla. [&hellip;]\" \/>\n<meta property=\"og:url\" content=\"https:\/\/arealorcaradio.es\/index.php\/2025\/07\/08\/lorcabiciudad-confia-en-que-el-ayuntamiento-aproveche-la-gran-oportunidad-de-corredor-verde-que-ofrece-el-nuevo-carril-bici-de-la-carretera-de-aguilas\/\" \/>\n<meta property=\"og:site_name\" content=\"AREA LORCA RADIO\" \/>\n<meta property=\"article:published_time\" content=\"2025-07-08T22:16:34+00:00\" \/>\n<meta property=\"og:image\" content=\"https:\/\/arealorcaradio.es\/wp-content\/uploads\/2025\/07\/CARRIL-BICI-CTRA-AGUILAS-NEW.jpg\" \/>\n\t<meta property=\"og:image:width\" content=\"1807\" \/>\n\t<meta property=\"og:image:height\" content=\"1015\" \/>\n\t<meta property=\"og:image:type\" content=\"image\/jpeg\" \/>\n<meta name=\"author\" content=\"Paco S\u00e1nchez\" \/>\n<meta name=\"twitter:card\" content=\"summary_large_image\" \/>\n<meta name=\"twitter:label1\" content=\"Escrito por\" \/>\n\t<meta name=\"twitter:data1\" content=\"Paco S\u00e1nchez\" \/>\n\t<meta name=\"twitter:label2\" content=\"Tiempo de lectura\" \/>\n\t<meta name=\"twitter:data2\" content=\"4 minutos\" \/>\n<script type=\"application\/ld+json\" class=\"yoast-schema-graph\">{\"@context\":\"https:\\\/\\\/schema.org\",\"@graph\":[{\"@type\":\"Article\",\"@id\":\"https:\\\/\\\/arealorcaradio.es\\\/index.php\\\/2025\\\/07\\\/08\\\/lorcabiciudad-confia-en-que-el-ayuntamiento-aproveche-la-gran-oportunidad-de-corredor-verde-que-ofrece-el-nuevo-carril-bici-de-la-carretera-de-aguilas\\\/#article\",\"isPartOf\":{\"@id\":\"https:\\\/\\\/arealorcaradio.es\\\/index.php\\\/2025\\\/07\\\/08\\\/lorcabiciudad-confia-en-que-el-ayuntamiento-aproveche-la-gran-oportunidad-de-corredor-verde-que-ofrece-el-nuevo-carril-bici-de-la-carretera-de-aguilas\\\/\"},\"author\":{\"name\":\"Paco S\u00e1nchez\",\"@id\":\"https:\\\/\\\/arealorcaradio.es\\\/#\\\/schema\\\/person\\\/9fae605fc25b0f2c83c1ab207139bd27\"},\"headline\":\"LorcaBiciudad conf\u00eda en que el Ayuntamiento aproveche la gran oportunidad de corredor verde que ofrece el nuevo carril bici de la carretera de \u00c1guilas\",\"datePublished\":\"2025-07-08T22:16:34+00:00\",\"mainEntityOfPage\":{\"@id\":\"https:\\\/\\\/arealorcaradio.es\\\/index.php\\\/2025\\\/07\\\/08\\\/lorcabiciudad-confia-en-que-el-ayuntamiento-aproveche-la-gran-oportunidad-de-corredor-verde-que-ofrece-el-nuevo-carril-bici-de-la-carretera-de-aguilas\\\/\"},\"wordCount\":611,\"commentCount\":0,\"image\":{\"@id\":\"https:\\\/\\\/arealorcaradio.es\\\/index.php\\\/2025\\\/07\\\/08\\\/lorcabiciudad-confia-en-que-el-ayuntamiento-aproveche-la-gran-oportunidad-de-corredor-verde-que-ofrece-el-nuevo-carril-bici-de-la-carretera-de-aguilas\\\/#primaryimage\"},\"thumbnailUrl\":\"https:\\\/\\\/arealorcaradio.es\\\/wp-content\\\/uploads\\\/2025\\\/07\\\/CARRIL-BICI-CTRA-AGUILAS-NEW.jpg\",\"articleSection\":[\"ACTUALIDAD\",\"LORCA\"],\"inLanguage\":\"es\",\"potentialAction\":[{\"@type\":\"CommentAction\",\"name\":\"Comment\",\"target\":[\"https:\\\/\\\/arealorcaradio.es\\\/index.php\\\/2025\\\/07\\\/08\\\/lorcabiciudad-confia-en-que-el-ayuntamiento-aproveche-la-gran-oportunidad-de-corredor-verde-que-ofrece-el-nuevo-carril-bici-de-la-carretera-de-aguilas\\\/#respond\"]}]},{\"@type\":\"WebPage\",\"@id\":\"https:\\\/\\\/arealorcaradio.es\\\/index.php\\\/2025\\\/07\\\/08\\\/lorcabiciudad-confia-en-que-el-ayuntamiento-aproveche-la-gran-oportunidad-de-corredor-verde-que-ofrece-el-nuevo-carril-bici-de-la-carretera-de-aguilas\\\/\",\"url\":\"https:\\\/\\\/arealorcaradio.es\\\/index.php\\\/2025\\\/07\\\/08\\\/lorcabiciudad-confia-en-que-el-ayuntamiento-aproveche-la-gran-oportunidad-de-corredor-verde-que-ofrece-el-nuevo-carril-bici-de-la-carretera-de-aguilas\\\/\",\"name\":\"LorcaBiciudad conf\u00eda en que el Ayuntamiento aproveche la gran oportunidad de corredor verde que ofrece el nuevo carril bici de la carretera de \u00c1guilas - AREA LORCA RADIO\",\"isPartOf\":{\"@id\":\"https:\\\/\\\/arealorcaradio.es\\\/#website\"},\"primaryImageOfPage\":{\"@id\":\"https:\\\/\\\/arealorcaradio.es\\\/index.php\\\/2025\\\/07\\\/08\\\/lorcabiciudad-confia-en-que-el-ayuntamiento-aproveche-la-gran-oportunidad-de-corredor-verde-que-ofrece-el-nuevo-carril-bici-de-la-carretera-de-aguilas\\\/#primaryimage\"},\"image\":{\"@id\":\"https:\\\/\\\/arealorcaradio.es\\\/index.php\\\/2025\\\/07\\\/08\\\/lorcabiciudad-confia-en-que-el-ayuntamiento-aproveche-la-gran-oportunidad-de-corredor-verde-que-ofrece-el-nuevo-carril-bici-de-la-carretera-de-aguilas\\\/#primaryimage\"},\"thumbnailUrl\":\"https:\\\/\\\/arealorcaradio.es\\\/wp-content\\\/uploads\\\/2025\\\/07\\\/CARRIL-BICI-CTRA-AGUILAS-NEW.jpg\",\"datePublished\":\"2025-07-08T22:16:34+00:00\",\"author\":{\"@id\":\"https:\\\/\\\/arealorcaradio.es\\\/#\\\/schema\\\/person\\\/9fae605fc25b0f2c83c1ab207139bd27\"},\"breadcrumb\":{\"@id\":\"https:\\\/\\\/arealorcaradio.es\\\/index.php\\\/2025\\\/07\\\/08\\\/lorcabiciudad-confia-en-que-el-ayuntamiento-aproveche-la-gran-oportunidad-de-corredor-verde-que-ofrece-el-nuevo-carril-bici-de-la-carretera-de-aguilas\\\/#breadcrumb\"},\"inLanguage\":\"es\",\"potentialAction\":[{\"@type\":\"ReadAction\",\"target\":[\"https:\\\/\\\/arealorcaradio.es\\\/index.php\\\/2025\\\/07\\\/08\\\/lorcabiciudad-confia-en-que-el-ayuntamiento-aproveche-la-gran-oportunidad-de-corredor-verde-que-ofrece-el-nuevo-carril-bici-de-la-carretera-de-aguilas\\\/\"]}]},{\"@type\":\"ImageObject\",\"inLanguage\":\"es\",\"@id\":\"https:\\\/\\\/arealorcaradio.es\\\/index.php\\\/2025\\\/07\\\/08\\\/lorcabiciudad-confia-en-que-el-ayuntamiento-aproveche-la-gran-oportunidad-de-corredor-verde-que-ofrece-el-nuevo-carril-bici-de-la-carretera-de-aguilas\\\/#primaryimage\",\"url\":\"https:\\\/\\\/arealorcaradio.es\\\/wp-content\\\/uploads\\\/2025\\\/07\\\/CARRIL-BICI-CTRA-AGUILAS-NEW.jpg\",\"contentUrl\":\"https:\\\/\\\/arealorcaradio.es\\\/wp-content\\\/uploads\\\/2025\\\/07\\\/CARRIL-BICI-CTRA-AGUILAS-NEW.jpg\",\"width\":1807,\"height\":1015},{\"@type\":\"BreadcrumbList\",\"@id\":\"https:\\\/\\\/arealorcaradio.es\\\/index.php\\\/2025\\\/07\\\/08\\\/lorcabiciudad-confia-en-que-el-ayuntamiento-aproveche-la-gran-oportunidad-de-corredor-verde-que-ofrece-el-nuevo-carril-bici-de-la-carretera-de-aguilas\\\/#breadcrumb\",\"itemListElement\":[{\"@type\":\"ListItem\",\"position\":1,\"name\":\"Portada\",\"item\":\"https:\\\/\\\/arealorcaradio.es\\\/\"},{\"@type\":\"ListItem\",\"position\":2,\"name\":\"LorcaBiciudad conf\u00eda en que el Ayuntamiento aproveche la gran oportunidad de corredor verde que ofrece el nuevo carril bici de la carretera de \u00c1guilas\"}]},{\"@type\":\"WebSite\",\"@id\":\"https:\\\/\\\/arealorcaradio.es\\\/#website\",\"url\":\"https:\\\/\\\/arealorcaradio.es\\\/\",\"name\":\"AREA LORCA RADIO\",\"description\":\"Descubre la programaci\u00f3n actual en \u00c1rea Lorca Radio, tu fuente de entrenamiento y noticias locales. Sintoniza ahora y mantente conectado online.\",\"potentialAction\":[{\"@type\":\"SearchAction\",\"target\":{\"@type\":\"EntryPoint\",\"urlTemplate\":\"https:\\\/\\\/arealorcaradio.es\\\/?s={search_term_string}\"},\"query-input\":{\"@type\":\"PropertyValueSpecification\",\"valueRequired\":true,\"valueName\":\"search_term_string\"}}],\"inLanguage\":\"es\"},{\"@type\":\"Person\",\"@id\":\"https:\\\/\\\/arealorcaradio.es\\\/#\\\/schema\\\/person\\\/9fae605fc25b0f2c83c1ab207139bd27\",\"name\":\"Paco S\u00e1nchez\",\"image\":{\"@type\":\"ImageObject\",\"inLanguage\":\"es\",\"@id\":\"https:\\\/\\\/secure.gravatar.com\\\/avatar\\\/d67144e966420fb74aa84c9f2a0103be4724fd14db52b52d3b6bca749f257e79?s=96&d=mm&r=g\",\"url\":\"https:\\\/\\\/secure.gravatar.com\\\/avatar\\\/d67144e966420fb74aa84c9f2a0103be4724fd14db52b52d3b6bca749f257e79?s=96&d=mm&r=g\",\"contentUrl\":\"https:\\\/\\\/secure.gravatar.com\\\/avatar\\\/d67144e966420fb74aa84c9f2a0103be4724fd14db52b52d3b6bca749f257e79?s=96&d=mm&r=g\",\"caption\":\"Paco S\u00e1nchez\"},\"sameAs\":[\"https:\\\/\\\/arealorcaradio.es\"],\"url\":\"https:\\\/\\\/arealorcaradio.es\\\/index.php\\\/author\\\/admin_alorcaradio\\\/\"}]}<\/script>\n<!-- \/ Yoast SEO plugin. -->","yoast_head_json":{"title":"LorcaBiciudad conf\u00eda en que el Ayuntamiento aproveche la gran oportunidad de corredor verde que ofrece el nuevo carril bici de la carretera de \u00c1guilas - AREA LORCA RADIO","robots":{"index":"index","follow":"follow","max-snippet":"max-snippet:-1","max-image-preview":"max-image-preview:large","max-video-preview":"max-video-preview:-1"},"canonical":"https:\/\/arealorcaradio.es\/index.php\/2025\/07\/08\/lorcabiciudad-confia-en-que-el-ayuntamiento-aproveche-la-gran-oportunidad-de-corredor-verde-que-ofrece-el-nuevo-carril-bici-de-la-carretera-de-aguilas\/","og_locale":"es_ES","og_type":"article","og_title":"LorcaBiciudad conf\u00eda en que el Ayuntamiento aproveche la gran oportunidad de corredor verde que ofrece el nuevo carril bici de la carretera de \u00c1guilas - AREA LORCA RADIO","og_description":"\u00c1REA LORCA RADIO. Movilidad. Escucha aqu\u00ed la entrevista que ha concedido a Paco S\u00e1nchez en el magazine de \u00c1rea Lorca Radio el presidente de LorcaBiciudad Manuel Mart\u00edn en la que expresa su punto de vista sobre la creaci\u00f3n de este nuevo carril bici en Lorca que transcurrir\u00e1 por la zonas de Tiata, Campillo y Cazalla. [&hellip;]","og_url":"https:\/\/arealorcaradio.es\/index.php\/2025\/07\/08\/lorcabiciudad-confia-en-que-el-ayuntamiento-aproveche-la-gran-oportunidad-de-corredor-verde-que-ofrece-el-nuevo-carril-bici-de-la-carretera-de-aguilas\/","og_site_name":"AREA LORCA RADIO","article_published_time":"2025-07-08T22:16:34+00:00","og_image":[{"width":1807,"height":1015,"url":"https:\/\/arealorcaradio.es\/wp-content\/uploads\/2025\/07\/CARRIL-BICI-CTRA-AGUILAS-NEW.jpg","type":"image\/jpeg"}],"author":"Paco S\u00e1nchez","twitter_card":"summary_large_image","twitter_misc":{"Escrito por":"Paco S\u00e1nchez","Tiempo de lectura":"4 minutos"},"schema":{"@context":"https:\/\/schema.org","@graph":[{"@type":"Article","@id":"https:\/\/arealorcaradio.es\/index.php\/2025\/07\/08\/lorcabiciudad-confia-en-que-el-ayuntamiento-aproveche-la-gran-oportunidad-de-corredor-verde-que-ofrece-el-nuevo-carril-bici-de-la-carretera-de-aguilas\/#article","isPartOf":{"@id":"https:\/\/arealorcaradio.es\/index.php\/2025\/07\/08\/lorcabiciudad-confia-en-que-el-ayuntamiento-aproveche-la-gran-oportunidad-de-corredor-verde-que-ofrece-el-nuevo-carril-bici-de-la-carretera-de-aguilas\/"},"author":{"name":"Paco S\u00e1nchez","@id":"https:\/\/arealorcaradio.es\/#\/schema\/person\/9fae605fc25b0f2c83c1ab207139bd27"},"headline":"LorcaBiciudad conf\u00eda en que el Ayuntamiento aproveche la gran oportunidad de corredor verde que ofrece el nuevo carril bici de la carretera de \u00c1guilas","datePublished":"2025-07-08T22:16:34+00:00","mainEntityOfPage":{"@id":"https:\/\/arealorcaradio.es\/index.php\/2025\/07\/08\/lorcabiciudad-confia-en-que-el-ayuntamiento-aproveche-la-gran-oportunidad-de-corredor-verde-que-ofrece-el-nuevo-carril-bici-de-la-carretera-de-aguilas\/"},"wordCount":611,"commentCount":0,"image":{"@id":"https:\/\/arealorcaradio.es\/index.php\/2025\/07\/08\/lorcabiciudad-confia-en-que-el-ayuntamiento-aproveche-la-gran-oportunidad-de-corredor-verde-que-ofrece-el-nuevo-carril-bici-de-la-carretera-de-aguilas\/#primaryimage"},"thumbnailUrl":"https:\/\/arealorcaradio.es\/wp-content\/uploads\/2025\/07\/CARRIL-BICI-CTRA-AGUILAS-NEW.jpg","articleSection":["ACTUALIDAD","LORCA"],"inLanguage":"es","potentialAction":[{"@type":"CommentAction","name":"Comment","target":["https:\/\/arealorcaradio.es\/index.php\/2025\/07\/08\/lorcabiciudad-confia-en-que-el-ayuntamiento-aproveche-la-gran-oportunidad-de-corredor-verde-que-ofrece-el-nuevo-carril-bici-de-la-carretera-de-aguilas\/#respond"]}]},{"@type":"WebPage","@id":"https:\/\/arealorcaradio.es\/index.php\/2025\/07\/08\/lorcabiciudad-confia-en-que-el-ayuntamiento-aproveche-la-gran-oportunidad-de-corredor-verde-que-ofrece-el-nuevo-carril-bici-de-la-carretera-de-aguilas\/","url":"https:\/\/arealorcaradio.es\/index.php\/2025\/07\/08\/lorcabiciudad-confia-en-que-el-ayuntamiento-aproveche-la-gran-oportunidad-de-corredor-verde-que-ofrece-el-nuevo-carril-bici-de-la-carretera-de-aguilas\/","name":"LorcaBiciudad conf\u00eda en que el Ayuntamiento aproveche la gran oportunidad de corredor verde que ofrece el nuevo carril bici de la carretera de \u00c1guilas - AREA LORCA RADIO","isPartOf":{"@id":"https:\/\/arealorcaradio.es\/#website"},"primaryImageOfPage":{"@id":"https:\/\/arealorcaradio.es\/index.php\/2025\/07\/08\/lorcabiciudad-confia-en-que-el-ayuntamiento-aproveche-la-gran-oportunidad-de-corredor-verde-que-ofrece-el-nuevo-carril-bici-de-la-carretera-de-aguilas\/#primaryimage"},"image":{"@id":"https:\/\/arealorcaradio.es\/index.php\/2025\/07\/08\/lorcabiciudad-confia-en-que-el-ayuntamiento-aproveche-la-gran-oportunidad-de-corredor-verde-que-ofrece-el-nuevo-carril-bici-de-la-carretera-de-aguilas\/#primaryimage"},"thumbnailUrl":"https:\/\/arealorcaradio.es\/wp-content\/uploads\/2025\/07\/CARRIL-BICI-CTRA-AGUILAS-NEW.jpg","datePublished":"2025-07-08T22:16:34+00:00","author":{"@id":"https:\/\/arealorcaradio.es\/#\/schema\/person\/9fae605fc25b0f2c83c1ab207139bd27"},"breadcrumb":{"@id":"https:\/\/arealorcaradio.es\/index.php\/2025\/07\/08\/lorcabiciudad-confia-en-que-el-ayuntamiento-aproveche-la-gran-oportunidad-de-corredor-verde-que-ofrece-el-nuevo-carril-bici-de-la-carretera-de-aguilas\/#breadcrumb"},"inLanguage":"es","potentialAction":[{"@type":"ReadAction","target":["https:\/\/arealorcaradio.es\/index.php\/2025\/07\/08\/lorcabiciudad-confia-en-que-el-ayuntamiento-aproveche-la-gran-oportunidad-de-corredor-verde-que-ofrece-el-nuevo-carril-bici-de-la-carretera-de-aguilas\/"]}]},{"@type":"ImageObject","inLanguage":"es","@id":"https:\/\/arealorcaradio.es\/index.php\/2025\/07\/08\/lorcabiciudad-confia-en-que-el-ayuntamiento-aproveche-la-gran-oportunidad-de-corredor-verde-que-ofrece-el-nuevo-carril-bici-de-la-carretera-de-aguilas\/#primaryimage","url":"https:\/\/arealorcaradio.es\/wp-content\/uploads\/2025\/07\/CARRIL-BICI-CTRA-AGUILAS-NEW.jpg","contentUrl":"https:\/\/arealorcaradio.es\/wp-content\/uploads\/2025\/07\/CARRIL-BICI-CTRA-AGUILAS-NEW.jpg","width":1807,"height":1015},{"@type":"BreadcrumbList","@id":"https:\/\/arealorcaradio.es\/index.php\/2025\/07\/08\/lorcabiciudad-confia-en-que-el-ayuntamiento-aproveche-la-gran-oportunidad-de-corredor-verde-que-ofrece-el-nuevo-carril-bici-de-la-carretera-de-aguilas\/#breadcrumb","itemListElement":[{"@type":"ListItem","position":1,"name":"Portada","item":"https:\/\/arealorcaradio.es\/"},{"@type":"ListItem","position":2,"name":"LorcaBiciudad conf\u00eda en que el Ayuntamiento aproveche la gran oportunidad de corredor verde que ofrece el nuevo carril bici de la carretera de \u00c1guilas"}]},{"@type":"WebSite","@id":"https:\/\/arealorcaradio.es\/#website","url":"https:\/\/arealorcaradio.es\/","name":"AREA LORCA RADIO","description":"Descubre la programaci\u00f3n actual en \u00c1rea Lorca Radio, tu fuente de entrenamiento y noticias locales. Sintoniza ahora y mantente conectado online.","potentialAction":[{"@type":"SearchAction","target":{"@type":"EntryPoint","urlTemplate":"https:\/\/arealorcaradio.es\/?s={search_term_string}"},"query-input":{"@type":"PropertyValueSpecification","valueRequired":true,"valueName":"search_term_string"}}],"inLanguage":"es"},{"@type":"Person","@id":"https:\/\/arealorcaradio.es\/#\/schema\/person\/9fae605fc25b0f2c83c1ab207139bd27","name":"Paco S\u00e1nchez","image":{"@type":"ImageObject","inLanguage":"es","@id":"https:\/\/secure.gravatar.com\/avatar\/d67144e966420fb74aa84c9f2a0103be4724fd14db52b52d3b6bca749f257e79?s=96&d=mm&r=g","url":"https:\/\/secure.gravatar.com\/avatar\/d67144e966420fb74aa84c9f2a0103be4724fd14db52b52d3b6bca749f257e79?s=96&d=mm&r=g","contentUrl":"https:\/\/secure.gravatar.com\/avatar\/d67144e966420fb74aa84c9f2a0103be4724fd14db52b52d3b6bca749f257e79?s=96&d=mm&r=g","caption":"Paco S\u00e1nchez"},"sameAs":["https:\/\/arealorcaradio.es"],"url":"https:\/\/arealorcaradio.es\/index.php\/author\/admin_alorcaradio\/"}]}},"_links":{"self":[{"href":"https:\/\/arealorcaradio.es\/index.php\/wp-json\/wp\/v2\/posts\/7213","targetHints":{"allow":["GET"]}}],"collection":[{"href":"https:\/\/arealorcaradio.es\/index.php\/wp-json\/wp\/v2\/posts"}],"about":[{"href":"https:\/\/arealorcaradio.es\/index.php\/wp-json\/wp\/v2\/types\/post"}],"author":[{"embeddable":true,"href":"https:\/\/arealorcaradio.es\/index.php\/wp-json\/wp\/v2\/users\/1"}],"replies":[{"embeddable":true,"href":"https:\/\/arealorcaradio.es\/index.php\/wp-json\/wp\/v2\/comments?post=7213"}],"version-history":[{"count":3,"href":"https:\/\/arealorcaradio.es\/index.php\/wp-json\/wp\/v2\/posts\/7213\/revisions"}],"predecessor-version":[{"id":7221,"href":"https:\/\/arealorcaradio.es\/index.php\/wp-json\/wp\/v2\/posts\/7213\/revisions\/7221"}],"wp:featuredmedia":[{"embeddable":true,"href":"https:\/\/arealorcaradio.es\/index.php\/wp-json\/wp\/v2\/media\/7215"}],"wp:attachment":[{"href":"https:\/\/arealorcaradio.es\/index.php\/wp-json\/wp\/v2\/media?parent=7213"}],"wp:term":[{"taxonomy":"category","embeddable":true,"href":"https:\/\/arealorcaradio.es\/index.php\/wp-json\/wp\/v2\/categories?post=7213"},{"taxonomy":"post_tag","embeddable":true,"href":"https:\/\/arealorcaradio.es\/index.php\/wp-json\/wp\/v2\/tags?post=7213"}],"curies":[{"name":"wp","href":"https:\/\/api.w.org\/{rel}","templated":true}]}}