{"id":7207,"date":"2025-07-08T08:05:44","date_gmt":"2025-07-08T08:05:44","guid":{"rendered":"https:\/\/arealorcaradio.es\/?p=7207"},"modified":"2025-07-08T08:05:44","modified_gmt":"2025-07-08T08:05:44","slug":"el-gobierno-de-lorca-inicia-el-desbroce-del-tramo-urbano-del-rio-guadalentin-entre-la-velica-y-el-puente-del-ferrocarril-de-santa-clara","status":"publish","type":"post","link":"https:\/\/arealorcaradio.es\/index.php\/2025\/07\/08\/el-gobierno-de-lorca-inicia-el-desbroce-del-tramo-urbano-del-rio-guadalentin-entre-la-velica-y-el-puente-del-ferrocarril-de-santa-clara\/","title":{"rendered":"El Gobierno de Lorca inicia el desbroce del tramo urbano del r\u00edo Guadalent\u00edn entre La Velica y el puente del ferrocarril de Santa\u202fClara"},"content":{"rendered":"<p><strong>\u00c1REA LORCA RADIO. Actualidad.<\/strong><\/p>\n<p class=\"v1MsoNormal\"><b>8 de julio de 2025.<\/b>\u00a0\u00abEste martes han comenzado los trabajos de desbroce y limpieza del tramo urbano del r\u00edo Guadalent\u00edn comprendido entre el paso de la zona de La\u202fVelica y el puente del ferrocarril de Santa\u202fClara. Se trata de una actuaci\u00f3n, que cuenta con una inversi\u00f3n municipal de 4.000\u202feuros y un plazo de ejecuci\u00f3n de una semana, y que refuerza el compromiso del Gobierno de Lorca con la seguridad de los vecinos y la mejora del entorno\u00bb. As\u00ed lo ha anunciado la concejal de Desarrollo Local, Rosa Mar\u00eda Medina M\u00ednguez, durante la supervisi\u00f3n de los trabajos.<\/p>\n<p class=\"v1MsoNormal\">Rosa Mar\u00eda\u202fMedina ha subrayado que \u00abla retirada de vegetaci\u00f3n excesiva, especialmente de ca\u00f1as, garantiza un flujo de agua sin obst\u00e1culos y elimina focos de plagas y maleza que afectan a las zonas colindantes, mejorando la salubridad para todos los lorquinos. Aunque cabe destacar que todo ello se realiza respetando las especies protegidas presentes en el cauce, como los tarays\u00bb.<\/p>\n<p class=\"v1MsoNormal\"><img loading=\"lazy\" decoding=\"async\" class=\"alignnone size-medium wp-image-7210\" src=\"https:\/\/arealorcaradio.es\/wp-content\/uploads\/2025\/07\/foto1-36-300x200.jpeg\" alt=\"\" width=\"300\" height=\"200\" srcset=\"https:\/\/arealorcaradio.es\/wp-content\/uploads\/2025\/07\/foto1-36-300x200.jpeg 300w, https:\/\/arealorcaradio.es\/wp-content\/uploads\/2025\/07\/foto1-36-1024x682.jpeg 1024w, https:\/\/arealorcaradio.es\/wp-content\/uploads\/2025\/07\/foto1-36-768x512.jpeg 768w, https:\/\/arealorcaradio.es\/wp-content\/uploads\/2025\/07\/foto1-36-1536x1023.jpeg 1536w, https:\/\/arealorcaradio.es\/wp-content\/uploads\/2025\/07\/foto1-36.jpeg 1600w\" sizes=\"auto, (max-width: 300px) 100vw, 300px\" \/><\/p>\n<p class=\"v1MsoNormal\">Y ha detallado que \u00ablos trabajos incluyen el desbroce manual y mec\u00e1nico de la vegetaci\u00f3n, la retirada de restos y su traslado a vertedero autorizado, as\u00ed como la limpieza superficial del cauce\u00bb, y ha afirmado que \u00ablo que buscamos con esta actuaci\u00f3n es prevenir riesgos ante posibles avenidas y contribuir al cuidado del entorno urbano\u00bb.<\/p>\n<p class=\"v1MsoNormal\">La edil de Desarrollo Local, en este sentido, tambi\u00e9n ha insistido en la urgencia de mantener limpios los cauces y ramblas del t\u00e9rmino municipal que son competencia de la Confederaci\u00f3n Hidrogr\u00e1fica del Segura (CHS) y en la necesidad de ejecutar las obras de defensa hidrol\u00f3gica recogidas en el Plan General de Defensa del Alto Guadalent\u00edn contra Avenidas\u2014entre ellas las presas de laminaci\u00f3n de Nogalte, B\u00e9jar y Torrecilla, y el canal de encauzamiento de la rambla de Biznaga.<\/p>\n<p class=\"v1MsoNormal\">\u00abLa seguridad de los lorquinos no puede seguir vi\u00e9ndose comprometida por la falta de medidas preventivas. Es urgente que se acometan las obras de protecci\u00f3n que llevamos a\u00f1os reclamando. No podemos permitirnos seguir ignorando estas peticiones, justas y absolutamente necesarias para nuestro municipio\u00bb, ha manifestado Medina M\u00ednguez, quien tambi\u00e9n ha calificado de \u00abinadmisible\u00bb la situaci\u00f3n actual del cauce del Guadalent\u00edn, subrayando que \u00absi acuden al r\u00edo ver\u00e1n que, m\u00e1s que un cauce, parece una selva y una escombrera. La CHS sigue neg\u00e1ndose sistem\u00e1ticamente a limpiar estos tramos, cuando su funci\u00f3n principal es mantenerlos limpios, drenados y libres de obst\u00e1culos\u00bb.<\/p>\n<p class=\"v1MsoNormal\">Y ha recordado que existen puntos donde la vegetaci\u00f3n supera los siete metros de altura y se acumulan pl\u00e1sticos, botellas, escombros y otros objetos, lo que puede convertir el cauce en un \u00abembudo\u00bb si se producen fuertes avenidas. \u00abSolo pedimos que la Confederaci\u00f3n Hidrogr\u00e1fica del Segura que ejerza sus atribuciones y act\u00fae antes de la llegada de las lluvias para dar seguridad a los vecinos que viven a lo largo del r\u00edo, desde el Pantano de Puentes hasta Marchena\u00bb, ha concluido la concejal de Desarrollo Local.<\/p>\n<p class=\"v1MsoNormal\">\n","protected":false},"excerpt":{"rendered":"<p>\u00c1REA LORCA RADIO. Actualidad. 8 de julio de 2025.\u00a0\u00abEste martes han comenzado los trabajos de desbroce y limpieza del tramo urbano del r\u00edo Guadalent\u00edn comprendido entre el paso de la zona de La\u202fVelica y el puente del ferrocarril de Santa\u202fClara. Se trata de una actuaci\u00f3n, que cuenta con una inversi\u00f3n municipal de 4.000\u202feuros y un [&hellip;]<\/p>\n","protected":false},"author":1,"featured_media":7208,"comment_status":"open","ping_status":"open","sticky":false,"template":"","format":"standard","meta":{"iawp_total_views":17,"footnotes":""},"categories":[5,7],"tags":[],"class_list":["post-7207","post","type-post","status-publish","format-standard","has-post-thumbnail","hentry","category-actualidad","category-lorca"],"yoast_head":"<!-- This site is optimized with the Yoast SEO plugin v27.5 - https:\/\/yoast.com\/product\/yoast-seo-wordpress\/ -->\n<title>El Gobierno de Lorca inicia el desbroce del tramo urbano del r\u00edo Guadalent\u00edn entre La Velica y el puente del ferrocarril de Santa\u202fClara - AREA LORCA RADIO<\/title>\n<meta name=\"robots\" content=\"index, follow, max-snippet:-1, max-image-preview:large, max-video-preview:-1\" \/>\n<link rel=\"canonical\" href=\"https:\/\/arealorcaradio.es\/index.php\/2025\/07\/08\/el-gobierno-de-lorca-inicia-el-desbroce-del-tramo-urbano-del-rio-guadalentin-entre-la-velica-y-el-puente-del-ferrocarril-de-santa-clara\/\" \/>\n<meta property=\"og:locale\" content=\"es_ES\" \/>\n<meta property=\"og:type\" content=\"article\" \/>\n<meta property=\"og:title\" content=\"El Gobierno de Lorca inicia el desbroce del tramo urbano del r\u00edo Guadalent\u00edn entre La Velica y el puente del ferrocarril de Santa\u202fClara - AREA LORCA RADIO\" \/>\n<meta property=\"og:description\" content=\"\u00c1REA LORCA RADIO. Actualidad. 8 de julio de 2025.\u00a0\u00abEste martes han comenzado los trabajos de desbroce y limpieza del tramo urbano del r\u00edo Guadalent\u00edn comprendido entre el paso de la zona de La\u202fVelica y el puente del ferrocarril de Santa\u202fClara. Se trata de una actuaci\u00f3n, que cuenta con una inversi\u00f3n municipal de 4.000\u202feuros y un [&hellip;]\" \/>\n<meta property=\"og:url\" content=\"https:\/\/arealorcaradio.es\/index.php\/2025\/07\/08\/el-gobierno-de-lorca-inicia-el-desbroce-del-tramo-urbano-del-rio-guadalentin-entre-la-velica-y-el-puente-del-ferrocarril-de-santa-clara\/\" \/>\n<meta property=\"og:site_name\" content=\"AREA LORCA RADIO\" \/>\n<meta property=\"article:published_time\" content=\"2025-07-08T08:05:44+00:00\" \/>\n<meta property=\"og:image\" content=\"https:\/\/arealorcaradio.es\/wp-content\/uploads\/2025\/07\/foto2-21.jpeg\" \/>\n\t<meta property=\"og:image:width\" content=\"1600\" \/>\n\t<meta property=\"og:image:height\" content=\"1066\" \/>\n\t<meta property=\"og:image:type\" content=\"image\/jpeg\" \/>\n<meta name=\"author\" content=\"Paco S\u00e1nchez\" \/>\n<meta name=\"twitter:card\" content=\"summary_large_image\" \/>\n<meta name=\"twitter:label1\" content=\"Escrito por\" \/>\n\t<meta name=\"twitter:data1\" content=\"Paco S\u00e1nchez\" \/>\n\t<meta name=\"twitter:label2\" content=\"Tiempo de lectura\" \/>\n\t<meta name=\"twitter:data2\" content=\"3 minutos\" \/>\n<script type=\"application\/ld+json\" class=\"yoast-schema-graph\">{\"@context\":\"https:\\\/\\\/schema.org\",\"@graph\":[{\"@type\":\"Article\",\"@id\":\"https:\\\/\\\/arealorcaradio.es\\\/index.php\\\/2025\\\/07\\\/08\\\/el-gobierno-de-lorca-inicia-el-desbroce-del-tramo-urbano-del-rio-guadalentin-entre-la-velica-y-el-puente-del-ferrocarril-de-santa-clara\\\/#article\",\"isPartOf\":{\"@id\":\"https:\\\/\\\/arealorcaradio.es\\\/index.php\\\/2025\\\/07\\\/08\\\/el-gobierno-de-lorca-inicia-el-desbroce-del-tramo-urbano-del-rio-guadalentin-entre-la-velica-y-el-puente-del-ferrocarril-de-santa-clara\\\/\"},\"author\":{\"name\":\"Paco S\u00e1nchez\",\"@id\":\"https:\\\/\\\/arealorcaradio.es\\\/#\\\/schema\\\/person\\\/9fae605fc25b0f2c83c1ab207139bd27\"},\"headline\":\"El Gobierno de Lorca inicia el desbroce del tramo urbano del r\u00edo Guadalent\u00edn entre La Velica y el puente del ferrocarril de Santa\u202fClara\",\"datePublished\":\"2025-07-08T08:05:44+00:00\",\"mainEntityOfPage\":{\"@id\":\"https:\\\/\\\/arealorcaradio.es\\\/index.php\\\/2025\\\/07\\\/08\\\/el-gobierno-de-lorca-inicia-el-desbroce-del-tramo-urbano-del-rio-guadalentin-entre-la-velica-y-el-puente-del-ferrocarril-de-santa-clara\\\/\"},\"wordCount\":548,\"commentCount\":0,\"image\":{\"@id\":\"https:\\\/\\\/arealorcaradio.es\\\/index.php\\\/2025\\\/07\\\/08\\\/el-gobierno-de-lorca-inicia-el-desbroce-del-tramo-urbano-del-rio-guadalentin-entre-la-velica-y-el-puente-del-ferrocarril-de-santa-clara\\\/#primaryimage\"},\"thumbnailUrl\":\"https:\\\/\\\/arealorcaradio.es\\\/wp-content\\\/uploads\\\/2025\\\/07\\\/foto2-21.jpeg\",\"articleSection\":[\"ACTUALIDAD\",\"LORCA\"],\"inLanguage\":\"es\",\"potentialAction\":[{\"@type\":\"CommentAction\",\"name\":\"Comment\",\"target\":[\"https:\\\/\\\/arealorcaradio.es\\\/index.php\\\/2025\\\/07\\\/08\\\/el-gobierno-de-lorca-inicia-el-desbroce-del-tramo-urbano-del-rio-guadalentin-entre-la-velica-y-el-puente-del-ferrocarril-de-santa-clara\\\/#respond\"]}]},{\"@type\":\"WebPage\",\"@id\":\"https:\\\/\\\/arealorcaradio.es\\\/index.php\\\/2025\\\/07\\\/08\\\/el-gobierno-de-lorca-inicia-el-desbroce-del-tramo-urbano-del-rio-guadalentin-entre-la-velica-y-el-puente-del-ferrocarril-de-santa-clara\\\/\",\"url\":\"https:\\\/\\\/arealorcaradio.es\\\/index.php\\\/2025\\\/07\\\/08\\\/el-gobierno-de-lorca-inicia-el-desbroce-del-tramo-urbano-del-rio-guadalentin-entre-la-velica-y-el-puente-del-ferrocarril-de-santa-clara\\\/\",\"name\":\"El Gobierno de Lorca inicia el desbroce del tramo urbano del r\u00edo Guadalent\u00edn entre La Velica y el puente del ferrocarril de Santa\u202fClara - AREA LORCA RADIO\",\"isPartOf\":{\"@id\":\"https:\\\/\\\/arealorcaradio.es\\\/#website\"},\"primaryImageOfPage\":{\"@id\":\"https:\\\/\\\/arealorcaradio.es\\\/index.php\\\/2025\\\/07\\\/08\\\/el-gobierno-de-lorca-inicia-el-desbroce-del-tramo-urbano-del-rio-guadalentin-entre-la-velica-y-el-puente-del-ferrocarril-de-santa-clara\\\/#primaryimage\"},\"image\":{\"@id\":\"https:\\\/\\\/arealorcaradio.es\\\/index.php\\\/2025\\\/07\\\/08\\\/el-gobierno-de-lorca-inicia-el-desbroce-del-tramo-urbano-del-rio-guadalentin-entre-la-velica-y-el-puente-del-ferrocarril-de-santa-clara\\\/#primaryimage\"},\"thumbnailUrl\":\"https:\\\/\\\/arealorcaradio.es\\\/wp-content\\\/uploads\\\/2025\\\/07\\\/foto2-21.jpeg\",\"datePublished\":\"2025-07-08T08:05:44+00:00\",\"author\":{\"@id\":\"https:\\\/\\\/arealorcaradio.es\\\/#\\\/schema\\\/person\\\/9fae605fc25b0f2c83c1ab207139bd27\"},\"breadcrumb\":{\"@id\":\"https:\\\/\\\/arealorcaradio.es\\\/index.php\\\/2025\\\/07\\\/08\\\/el-gobierno-de-lorca-inicia-el-desbroce-del-tramo-urbano-del-rio-guadalentin-entre-la-velica-y-el-puente-del-ferrocarril-de-santa-clara\\\/#breadcrumb\"},\"inLanguage\":\"es\",\"potentialAction\":[{\"@type\":\"ReadAction\",\"target\":[\"https:\\\/\\\/arealorcaradio.es\\\/index.php\\\/2025\\\/07\\\/08\\\/el-gobierno-de-lorca-inicia-el-desbroce-del-tramo-urbano-del-rio-guadalentin-entre-la-velica-y-el-puente-del-ferrocarril-de-santa-clara\\\/\"]}]},{\"@type\":\"ImageObject\",\"inLanguage\":\"es\",\"@id\":\"https:\\\/\\\/arealorcaradio.es\\\/index.php\\\/2025\\\/07\\\/08\\\/el-gobierno-de-lorca-inicia-el-desbroce-del-tramo-urbano-del-rio-guadalentin-entre-la-velica-y-el-puente-del-ferrocarril-de-santa-clara\\\/#primaryimage\",\"url\":\"https:\\\/\\\/arealorcaradio.es\\\/wp-content\\\/uploads\\\/2025\\\/07\\\/foto2-21.jpeg\",\"contentUrl\":\"https:\\\/\\\/arealorcaradio.es\\\/wp-content\\\/uploads\\\/2025\\\/07\\\/foto2-21.jpeg\",\"width\":1600,\"height\":1066},{\"@type\":\"BreadcrumbList\",\"@id\":\"https:\\\/\\\/arealorcaradio.es\\\/index.php\\\/2025\\\/07\\\/08\\\/el-gobierno-de-lorca-inicia-el-desbroce-del-tramo-urbano-del-rio-guadalentin-entre-la-velica-y-el-puente-del-ferrocarril-de-santa-clara\\\/#breadcrumb\",\"itemListElement\":[{\"@type\":\"ListItem\",\"position\":1,\"name\":\"Portada\",\"item\":\"https:\\\/\\\/arealorcaradio.es\\\/\"},{\"@type\":\"ListItem\",\"position\":2,\"name\":\"El Gobierno de Lorca inicia el desbroce del tramo urbano del r\u00edo Guadalent\u00edn entre La Velica y el puente del ferrocarril de Santa\u202fClara\"}]},{\"@type\":\"WebSite\",\"@id\":\"https:\\\/\\\/arealorcaradio.es\\\/#website\",\"url\":\"https:\\\/\\\/arealorcaradio.es\\\/\",\"name\":\"AREA LORCA RADIO\",\"description\":\"Descubre la programaci\u00f3n actual en \u00c1rea Lorca Radio, tu fuente de entrenamiento y noticias locales. Sintoniza ahora y mantente conectado online.\",\"potentialAction\":[{\"@type\":\"SearchAction\",\"target\":{\"@type\":\"EntryPoint\",\"urlTemplate\":\"https:\\\/\\\/arealorcaradio.es\\\/?s={search_term_string}\"},\"query-input\":{\"@type\":\"PropertyValueSpecification\",\"valueRequired\":true,\"valueName\":\"search_term_string\"}}],\"inLanguage\":\"es\"},{\"@type\":\"Person\",\"@id\":\"https:\\\/\\\/arealorcaradio.es\\\/#\\\/schema\\\/person\\\/9fae605fc25b0f2c83c1ab207139bd27\",\"name\":\"Paco S\u00e1nchez\",\"image\":{\"@type\":\"ImageObject\",\"inLanguage\":\"es\",\"@id\":\"https:\\\/\\\/secure.gravatar.com\\\/avatar\\\/d67144e966420fb74aa84c9f2a0103be4724fd14db52b52d3b6bca749f257e79?s=96&d=mm&r=g\",\"url\":\"https:\\\/\\\/secure.gravatar.com\\\/avatar\\\/d67144e966420fb74aa84c9f2a0103be4724fd14db52b52d3b6bca749f257e79?s=96&d=mm&r=g\",\"contentUrl\":\"https:\\\/\\\/secure.gravatar.com\\\/avatar\\\/d67144e966420fb74aa84c9f2a0103be4724fd14db52b52d3b6bca749f257e79?s=96&d=mm&r=g\",\"caption\":\"Paco S\u00e1nchez\"},\"sameAs\":[\"https:\\\/\\\/arealorcaradio.es\"],\"url\":\"https:\\\/\\\/arealorcaradio.es\\\/index.php\\\/author\\\/admin_alorcaradio\\\/\"}]}<\/script>\n<!-- \/ Yoast SEO plugin. -->","yoast_head_json":{"title":"El Gobierno de Lorca inicia el desbroce del tramo urbano del r\u00edo Guadalent\u00edn entre La Velica y el puente del ferrocarril de Santa\u202fClara - AREA LORCA RADIO","robots":{"index":"index","follow":"follow","max-snippet":"max-snippet:-1","max-image-preview":"max-image-preview:large","max-video-preview":"max-video-preview:-1"},"canonical":"https:\/\/arealorcaradio.es\/index.php\/2025\/07\/08\/el-gobierno-de-lorca-inicia-el-desbroce-del-tramo-urbano-del-rio-guadalentin-entre-la-velica-y-el-puente-del-ferrocarril-de-santa-clara\/","og_locale":"es_ES","og_type":"article","og_title":"El Gobierno de Lorca inicia el desbroce del tramo urbano del r\u00edo Guadalent\u00edn entre La Velica y el puente del ferrocarril de Santa\u202fClara - AREA LORCA RADIO","og_description":"\u00c1REA LORCA RADIO. Actualidad. 8 de julio de 2025.\u00a0\u00abEste martes han comenzado los trabajos de desbroce y limpieza del tramo urbano del r\u00edo Guadalent\u00edn comprendido entre el paso de la zona de La\u202fVelica y el puente del ferrocarril de Santa\u202fClara. Se trata de una actuaci\u00f3n, que cuenta con una inversi\u00f3n municipal de 4.000\u202feuros y un [&hellip;]","og_url":"https:\/\/arealorcaradio.es\/index.php\/2025\/07\/08\/el-gobierno-de-lorca-inicia-el-desbroce-del-tramo-urbano-del-rio-guadalentin-entre-la-velica-y-el-puente-del-ferrocarril-de-santa-clara\/","og_site_name":"AREA LORCA RADIO","article_published_time":"2025-07-08T08:05:44+00:00","og_image":[{"width":1600,"height":1066,"url":"https:\/\/arealorcaradio.es\/wp-content\/uploads\/2025\/07\/foto2-21.jpeg","type":"image\/jpeg"}],"author":"Paco S\u00e1nchez","twitter_card":"summary_large_image","twitter_misc":{"Escrito por":"Paco S\u00e1nchez","Tiempo de lectura":"3 minutos"},"schema":{"@context":"https:\/\/schema.org","@graph":[{"@type":"Article","@id":"https:\/\/arealorcaradio.es\/index.php\/2025\/07\/08\/el-gobierno-de-lorca-inicia-el-desbroce-del-tramo-urbano-del-rio-guadalentin-entre-la-velica-y-el-puente-del-ferrocarril-de-santa-clara\/#article","isPartOf":{"@id":"https:\/\/arealorcaradio.es\/index.php\/2025\/07\/08\/el-gobierno-de-lorca-inicia-el-desbroce-del-tramo-urbano-del-rio-guadalentin-entre-la-velica-y-el-puente-del-ferrocarril-de-santa-clara\/"},"author":{"name":"Paco S\u00e1nchez","@id":"https:\/\/arealorcaradio.es\/#\/schema\/person\/9fae605fc25b0f2c83c1ab207139bd27"},"headline":"El Gobierno de Lorca inicia el desbroce del tramo urbano del r\u00edo Guadalent\u00edn entre La Velica y el puente del ferrocarril de Santa\u202fClara","datePublished":"2025-07-08T08:05:44+00:00","mainEntityOfPage":{"@id":"https:\/\/arealorcaradio.es\/index.php\/2025\/07\/08\/el-gobierno-de-lorca-inicia-el-desbroce-del-tramo-urbano-del-rio-guadalentin-entre-la-velica-y-el-puente-del-ferrocarril-de-santa-clara\/"},"wordCount":548,"commentCount":0,"image":{"@id":"https:\/\/arealorcaradio.es\/index.php\/2025\/07\/08\/el-gobierno-de-lorca-inicia-el-desbroce-del-tramo-urbano-del-rio-guadalentin-entre-la-velica-y-el-puente-del-ferrocarril-de-santa-clara\/#primaryimage"},"thumbnailUrl":"https:\/\/arealorcaradio.es\/wp-content\/uploads\/2025\/07\/foto2-21.jpeg","articleSection":["ACTUALIDAD","LORCA"],"inLanguage":"es","potentialAction":[{"@type":"CommentAction","name":"Comment","target":["https:\/\/arealorcaradio.es\/index.php\/2025\/07\/08\/el-gobierno-de-lorca-inicia-el-desbroce-del-tramo-urbano-del-rio-guadalentin-entre-la-velica-y-el-puente-del-ferrocarril-de-santa-clara\/#respond"]}]},{"@type":"WebPage","@id":"https:\/\/arealorcaradio.es\/index.php\/2025\/07\/08\/el-gobierno-de-lorca-inicia-el-desbroce-del-tramo-urbano-del-rio-guadalentin-entre-la-velica-y-el-puente-del-ferrocarril-de-santa-clara\/","url":"https:\/\/arealorcaradio.es\/index.php\/2025\/07\/08\/el-gobierno-de-lorca-inicia-el-desbroce-del-tramo-urbano-del-rio-guadalentin-entre-la-velica-y-el-puente-del-ferrocarril-de-santa-clara\/","name":"El Gobierno de Lorca inicia el desbroce del tramo urbano del r\u00edo Guadalent\u00edn entre La Velica y el puente del ferrocarril de Santa\u202fClara - AREA LORCA RADIO","isPartOf":{"@id":"https:\/\/arealorcaradio.es\/#website"},"primaryImageOfPage":{"@id":"https:\/\/arealorcaradio.es\/index.php\/2025\/07\/08\/el-gobierno-de-lorca-inicia-el-desbroce-del-tramo-urbano-del-rio-guadalentin-entre-la-velica-y-el-puente-del-ferrocarril-de-santa-clara\/#primaryimage"},"image":{"@id":"https:\/\/arealorcaradio.es\/index.php\/2025\/07\/08\/el-gobierno-de-lorca-inicia-el-desbroce-del-tramo-urbano-del-rio-guadalentin-entre-la-velica-y-el-puente-del-ferrocarril-de-santa-clara\/#primaryimage"},"thumbnailUrl":"https:\/\/arealorcaradio.es\/wp-content\/uploads\/2025\/07\/foto2-21.jpeg","datePublished":"2025-07-08T08:05:44+00:00","author":{"@id":"https:\/\/arealorcaradio.es\/#\/schema\/person\/9fae605fc25b0f2c83c1ab207139bd27"},"breadcrumb":{"@id":"https:\/\/arealorcaradio.es\/index.php\/2025\/07\/08\/el-gobierno-de-lorca-inicia-el-desbroce-del-tramo-urbano-del-rio-guadalentin-entre-la-velica-y-el-puente-del-ferrocarril-de-santa-clara\/#breadcrumb"},"inLanguage":"es","potentialAction":[{"@type":"ReadAction","target":["https:\/\/arealorcaradio.es\/index.php\/2025\/07\/08\/el-gobierno-de-lorca-inicia-el-desbroce-del-tramo-urbano-del-rio-guadalentin-entre-la-velica-y-el-puente-del-ferrocarril-de-santa-clara\/"]}]},{"@type":"ImageObject","inLanguage":"es","@id":"https:\/\/arealorcaradio.es\/index.php\/2025\/07\/08\/el-gobierno-de-lorca-inicia-el-desbroce-del-tramo-urbano-del-rio-guadalentin-entre-la-velica-y-el-puente-del-ferrocarril-de-santa-clara\/#primaryimage","url":"https:\/\/arealorcaradio.es\/wp-content\/uploads\/2025\/07\/foto2-21.jpeg","contentUrl":"https:\/\/arealorcaradio.es\/wp-content\/uploads\/2025\/07\/foto2-21.jpeg","width":1600,"height":1066},{"@type":"BreadcrumbList","@id":"https:\/\/arealorcaradio.es\/index.php\/2025\/07\/08\/el-gobierno-de-lorca-inicia-el-desbroce-del-tramo-urbano-del-rio-guadalentin-entre-la-velica-y-el-puente-del-ferrocarril-de-santa-clara\/#breadcrumb","itemListElement":[{"@type":"ListItem","position":1,"name":"Portada","item":"https:\/\/arealorcaradio.es\/"},{"@type":"ListItem","position":2,"name":"El Gobierno de Lorca inicia el desbroce del tramo urbano del r\u00edo Guadalent\u00edn entre La Velica y el puente del ferrocarril de Santa\u202fClara"}]},{"@type":"WebSite","@id":"https:\/\/arealorcaradio.es\/#website","url":"https:\/\/arealorcaradio.es\/","name":"AREA LORCA RADIO","description":"Descubre la programaci\u00f3n actual en \u00c1rea Lorca Radio, tu fuente de entrenamiento y noticias locales. Sintoniza ahora y mantente conectado online.","potentialAction":[{"@type":"SearchAction","target":{"@type":"EntryPoint","urlTemplate":"https:\/\/arealorcaradio.es\/?s={search_term_string}"},"query-input":{"@type":"PropertyValueSpecification","valueRequired":true,"valueName":"search_term_string"}}],"inLanguage":"es"},{"@type":"Person","@id":"https:\/\/arealorcaradio.es\/#\/schema\/person\/9fae605fc25b0f2c83c1ab207139bd27","name":"Paco S\u00e1nchez","image":{"@type":"ImageObject","inLanguage":"es","@id":"https:\/\/secure.gravatar.com\/avatar\/d67144e966420fb74aa84c9f2a0103be4724fd14db52b52d3b6bca749f257e79?s=96&d=mm&r=g","url":"https:\/\/secure.gravatar.com\/avatar\/d67144e966420fb74aa84c9f2a0103be4724fd14db52b52d3b6bca749f257e79?s=96&d=mm&r=g","contentUrl":"https:\/\/secure.gravatar.com\/avatar\/d67144e966420fb74aa84c9f2a0103be4724fd14db52b52d3b6bca749f257e79?s=96&d=mm&r=g","caption":"Paco S\u00e1nchez"},"sameAs":["https:\/\/arealorcaradio.es"],"url":"https:\/\/arealorcaradio.es\/index.php\/author\/admin_alorcaradio\/"}]}},"_links":{"self":[{"href":"https:\/\/arealorcaradio.es\/index.php\/wp-json\/wp\/v2\/posts\/7207","targetHints":{"allow":["GET"]}}],"collection":[{"href":"https:\/\/arealorcaradio.es\/index.php\/wp-json\/wp\/v2\/posts"}],"about":[{"href":"https:\/\/arealorcaradio.es\/index.php\/wp-json\/wp\/v2\/types\/post"}],"author":[{"embeddable":true,"href":"https:\/\/arealorcaradio.es\/index.php\/wp-json\/wp\/v2\/users\/1"}],"replies":[{"embeddable":true,"href":"https:\/\/arealorcaradio.es\/index.php\/wp-json\/wp\/v2\/comments?post=7207"}],"version-history":[{"count":3,"href":"https:\/\/arealorcaradio.es\/index.php\/wp-json\/wp\/v2\/posts\/7207\/revisions"}],"predecessor-version":[{"id":7212,"href":"https:\/\/arealorcaradio.es\/index.php\/wp-json\/wp\/v2\/posts\/7207\/revisions\/7212"}],"wp:featuredmedia":[{"embeddable":true,"href":"https:\/\/arealorcaradio.es\/index.php\/wp-json\/wp\/v2\/media\/7208"}],"wp:attachment":[{"href":"https:\/\/arealorcaradio.es\/index.php\/wp-json\/wp\/v2\/media?parent=7207"}],"wp:term":[{"taxonomy":"category","embeddable":true,"href":"https:\/\/arealorcaradio.es\/index.php\/wp-json\/wp\/v2\/categories?post=7207"},{"taxonomy":"post_tag","embeddable":true,"href":"https:\/\/arealorcaradio.es\/index.php\/wp-json\/wp\/v2\/tags?post=7207"}],"curies":[{"name":"wp","href":"https:\/\/api.w.org\/{rel}","templated":true}]}}