{"id":7200,"date":"2025-07-07T16:06:22","date_gmt":"2025-07-07T16:06:22","guid":{"rendered":"https:\/\/arealorcaradio.es\/?p=7200"},"modified":"2025-07-07T16:06:22","modified_gmt":"2025-07-07T16:06:22","slug":"jose-manuel-naranjo-llego-a-lorca-muy-ilusionado-porque-me-han-contado-que-el-proyecto-es-ambicioso-y-a-largo-plazo","status":"publish","type":"post","link":"https:\/\/arealorcaradio.es\/index.php\/2025\/07\/07\/jose-manuel-naranjo-llego-a-lorca-muy-ilusionado-porque-me-han-contado-que-el-proyecto-es-ambicioso-y-a-largo-plazo\/","title":{"rendered":"Jos\u00e9 Manuel Naranjo: \u00abLlego a Lorca muy ilusionado porque me han contado que el proyecto es ambicioso y a largo plazo\u00bb"},"content":{"rendered":"<p><strong>\u00c1REA LORCA RADIO. Deportes.<\/strong><\/p>\n<p>Escucha aqu\u00ed la entrevista que ha concedido a Paco S\u00e1nchez en el programa deportivo de \u00c1rea Lorca Radio el nuevo delantero de 24 a\u00f1os del Lorca Deportiva, Jos\u00e9 Manuel Naranjo qui\u00e9n se ha mostrado muy ilusionado con la llegada al equipo del Artes Carrasco.<\/p>\n<audio class=\"wp-audio-shortcode\" id=\"audio-7200-1\" preload=\"none\" style=\"width: 100%;\" controls=\"controls\"><source type=\"audio\/mpeg\" src=\"https:\/\/arealorcaradio.es\/wp-content\/uploads\/2025\/07\/070725-NARANJO.-LORCA-DEPORTIVA.mp3?_=1\" \/><a href=\"https:\/\/arealorcaradio.es\/wp-content\/uploads\/2025\/07\/070725-NARANJO.-LORCA-DEPORTIVA.mp3\">https:\/\/arealorcaradio.es\/wp-content\/uploads\/2025\/07\/070725-NARANJO.-LORCA-DEPORTIVA.mp3<\/a><\/audio>\n<p><img loading=\"lazy\" decoding=\"async\" class=\"alignnone wp-image-7204\" src=\"https:\/\/arealorcaradio.es\/wp-content\/uploads\/2025\/07\/IMG-20250707-WA0017-300x200.jpg\" alt=\"\" width=\"291\" height=\"194\" srcset=\"https:\/\/arealorcaradio.es\/wp-content\/uploads\/2025\/07\/IMG-20250707-WA0017-300x200.jpg 300w, https:\/\/arealorcaradio.es\/wp-content\/uploads\/2025\/07\/IMG-20250707-WA0017-1024x683.jpg 1024w, https:\/\/arealorcaradio.es\/wp-content\/uploads\/2025\/07\/IMG-20250707-WA0017-768x512.jpg 768w, https:\/\/arealorcaradio.es\/wp-content\/uploads\/2025\/07\/IMG-20250707-WA0017-1536x1025.jpg 1536w, https:\/\/arealorcaradio.es\/wp-content\/uploads\/2025\/07\/IMG-20250707-WA0017.jpg 2048w\" sizes=\"auto, (max-width: 291px) 100vw, 291px\" \/> <img loading=\"lazy\" decoding=\"async\" class=\"alignnone wp-image-7205\" src=\"https:\/\/arealorcaradio.es\/wp-content\/uploads\/2025\/07\/IMG-20250707-WA0019-300x192.jpg\" alt=\"\" width=\"303\" height=\"194\" srcset=\"https:\/\/arealorcaradio.es\/wp-content\/uploads\/2025\/07\/IMG-20250707-WA0019-300x192.jpg 300w, https:\/\/arealorcaradio.es\/wp-content\/uploads\/2025\/07\/IMG-20250707-WA0019-1024x656.jpg 1024w, https:\/\/arealorcaradio.es\/wp-content\/uploads\/2025\/07\/IMG-20250707-WA0019-768x492.jpg 768w, https:\/\/arealorcaradio.es\/wp-content\/uploads\/2025\/07\/IMG-20250707-WA0019-1536x983.jpg 1536w, https:\/\/arealorcaradio.es\/wp-content\/uploads\/2025\/07\/IMG-20250707-WA0019.jpg 2048w\" sizes=\"auto, (max-width: 303px) 100vw, 303px\" \/><\/p>\n","protected":false},"excerpt":{"rendered":"<p>\u00c1REA LORCA RADIO. Deportes. Escucha aqu\u00ed la entrevista que ha concedido a Paco S\u00e1nchez en el programa deportivo de \u00c1rea Lorca Radio el nuevo delantero de 24 a\u00f1os del Lorca Deportiva, Jos\u00e9 Manuel Naranjo qui\u00e9n se ha mostrado muy ilusionado con la llegada al equipo del Artes Carrasco.<\/p>\n","protected":false},"author":1,"featured_media":7202,"comment_status":"open","ping_status":"open","sticky":false,"template":"","format":"standard","meta":{"iawp_total_views":92,"footnotes":""},"categories":[4,7],"tags":[],"class_list":["post-7200","post","type-post","status-publish","format-standard","has-post-thumbnail","hentry","category-deportes","category-lorca"],"yoast_head":"<!-- This site is optimized with the Yoast SEO plugin v27.5 - https:\/\/yoast.com\/product\/yoast-seo-wordpress\/ -->\n<title>Jos\u00e9 Manuel Naranjo: &quot;Llego a Lorca muy ilusionado porque me han contado que el proyecto es ambicioso y a largo plazo&quot; - AREA LORCA RADIO<\/title>\n<meta name=\"robots\" content=\"index, follow, max-snippet:-1, max-image-preview:large, max-video-preview:-1\" \/>\n<link rel=\"canonical\" href=\"https:\/\/arealorcaradio.es\/index.php\/2025\/07\/07\/jose-manuel-naranjo-llego-a-lorca-muy-ilusionado-porque-me-han-contado-que-el-proyecto-es-ambicioso-y-a-largo-plazo\/\" \/>\n<meta property=\"og:locale\" content=\"es_ES\" \/>\n<meta property=\"og:type\" content=\"article\" \/>\n<meta property=\"og:title\" content=\"Jos\u00e9 Manuel Naranjo: &quot;Llego a Lorca muy ilusionado porque me han contado que el proyecto es ambicioso y a largo plazo&quot; - AREA LORCA RADIO\" \/>\n<meta property=\"og:description\" content=\"\u00c1REA LORCA RADIO. Deportes. Escucha aqu\u00ed la entrevista que ha concedido a Paco S\u00e1nchez en el programa deportivo de \u00c1rea Lorca Radio el nuevo delantero de 24 a\u00f1os del Lorca Deportiva, Jos\u00e9 Manuel Naranjo qui\u00e9n se ha mostrado muy ilusionado con la llegada al equipo del Artes Carrasco.\" \/>\n<meta property=\"og:url\" content=\"https:\/\/arealorcaradio.es\/index.php\/2025\/07\/07\/jose-manuel-naranjo-llego-a-lorca-muy-ilusionado-porque-me-han-contado-que-el-proyecto-es-ambicioso-y-a-largo-plazo\/\" \/>\n<meta property=\"og:site_name\" content=\"AREA LORCA RADIO\" \/>\n<meta property=\"article:published_time\" content=\"2025-07-07T16:06:22+00:00\" \/>\n<meta property=\"og:image\" content=\"https:\/\/arealorcaradio.es\/wp-content\/uploads\/2025\/07\/IMG-20250707-WA0018.jpg\" \/>\n\t<meta property=\"og:image:width\" content=\"2048\" \/>\n\t<meta property=\"og:image:height\" content=\"1366\" \/>\n\t<meta property=\"og:image:type\" content=\"image\/jpeg\" \/>\n<meta name=\"author\" content=\"Paco S\u00e1nchez\" \/>\n<meta name=\"twitter:card\" content=\"summary_large_image\" \/>\n<meta name=\"twitter:label1\" content=\"Escrito por\" \/>\n\t<meta name=\"twitter:data1\" content=\"Paco S\u00e1nchez\" \/>\n\t<meta name=\"twitter:label2\" content=\"Tiempo de lectura\" \/>\n\t<meta name=\"twitter:data2\" content=\"1 minuto\" \/>\n<script type=\"application\/ld+json\" class=\"yoast-schema-graph\">{\"@context\":\"https:\\\/\\\/schema.org\",\"@graph\":[{\"@type\":\"Article\",\"@id\":\"https:\\\/\\\/arealorcaradio.es\\\/index.php\\\/2025\\\/07\\\/07\\\/jose-manuel-naranjo-llego-a-lorca-muy-ilusionado-porque-me-han-contado-que-el-proyecto-es-ambicioso-y-a-largo-plazo\\\/#article\",\"isPartOf\":{\"@id\":\"https:\\\/\\\/arealorcaradio.es\\\/index.php\\\/2025\\\/07\\\/07\\\/jose-manuel-naranjo-llego-a-lorca-muy-ilusionado-porque-me-han-contado-que-el-proyecto-es-ambicioso-y-a-largo-plazo\\\/\"},\"author\":{\"name\":\"Paco S\u00e1nchez\",\"@id\":\"https:\\\/\\\/arealorcaradio.es\\\/#\\\/schema\\\/person\\\/9fae605fc25b0f2c83c1ab207139bd27\"},\"headline\":\"Jos\u00e9 Manuel Naranjo: \u00abLlego a Lorca muy ilusionado porque me han contado que el proyecto es ambicioso y a largo plazo\u00bb\",\"datePublished\":\"2025-07-07T16:06:22+00:00\",\"mainEntityOfPage\":{\"@id\":\"https:\\\/\\\/arealorcaradio.es\\\/index.php\\\/2025\\\/07\\\/07\\\/jose-manuel-naranjo-llego-a-lorca-muy-ilusionado-porque-me-han-contado-que-el-proyecto-es-ambicioso-y-a-largo-plazo\\\/\"},\"wordCount\":82,\"commentCount\":0,\"image\":{\"@id\":\"https:\\\/\\\/arealorcaradio.es\\\/index.php\\\/2025\\\/07\\\/07\\\/jose-manuel-naranjo-llego-a-lorca-muy-ilusionado-porque-me-han-contado-que-el-proyecto-es-ambicioso-y-a-largo-plazo\\\/#primaryimage\"},\"thumbnailUrl\":\"https:\\\/\\\/arealorcaradio.es\\\/wp-content\\\/uploads\\\/2025\\\/07\\\/IMG-20250707-WA0018.jpg\",\"articleSection\":[\"DEPORTES\",\"LORCA\"],\"inLanguage\":\"es\",\"potentialAction\":[{\"@type\":\"CommentAction\",\"name\":\"Comment\",\"target\":[\"https:\\\/\\\/arealorcaradio.es\\\/index.php\\\/2025\\\/07\\\/07\\\/jose-manuel-naranjo-llego-a-lorca-muy-ilusionado-porque-me-han-contado-que-el-proyecto-es-ambicioso-y-a-largo-plazo\\\/#respond\"]}]},{\"@type\":\"WebPage\",\"@id\":\"https:\\\/\\\/arealorcaradio.es\\\/index.php\\\/2025\\\/07\\\/07\\\/jose-manuel-naranjo-llego-a-lorca-muy-ilusionado-porque-me-han-contado-que-el-proyecto-es-ambicioso-y-a-largo-plazo\\\/\",\"url\":\"https:\\\/\\\/arealorcaradio.es\\\/index.php\\\/2025\\\/07\\\/07\\\/jose-manuel-naranjo-llego-a-lorca-muy-ilusionado-porque-me-han-contado-que-el-proyecto-es-ambicioso-y-a-largo-plazo\\\/\",\"name\":\"Jos\u00e9 Manuel Naranjo: \\\"Llego a Lorca muy ilusionado porque me han contado que el proyecto es ambicioso y a largo plazo\\\" - AREA LORCA RADIO\",\"isPartOf\":{\"@id\":\"https:\\\/\\\/arealorcaradio.es\\\/#website\"},\"primaryImageOfPage\":{\"@id\":\"https:\\\/\\\/arealorcaradio.es\\\/index.php\\\/2025\\\/07\\\/07\\\/jose-manuel-naranjo-llego-a-lorca-muy-ilusionado-porque-me-han-contado-que-el-proyecto-es-ambicioso-y-a-largo-plazo\\\/#primaryimage\"},\"image\":{\"@id\":\"https:\\\/\\\/arealorcaradio.es\\\/index.php\\\/2025\\\/07\\\/07\\\/jose-manuel-naranjo-llego-a-lorca-muy-ilusionado-porque-me-han-contado-que-el-proyecto-es-ambicioso-y-a-largo-plazo\\\/#primaryimage\"},\"thumbnailUrl\":\"https:\\\/\\\/arealorcaradio.es\\\/wp-content\\\/uploads\\\/2025\\\/07\\\/IMG-20250707-WA0018.jpg\",\"datePublished\":\"2025-07-07T16:06:22+00:00\",\"author\":{\"@id\":\"https:\\\/\\\/arealorcaradio.es\\\/#\\\/schema\\\/person\\\/9fae605fc25b0f2c83c1ab207139bd27\"},\"breadcrumb\":{\"@id\":\"https:\\\/\\\/arealorcaradio.es\\\/index.php\\\/2025\\\/07\\\/07\\\/jose-manuel-naranjo-llego-a-lorca-muy-ilusionado-porque-me-han-contado-que-el-proyecto-es-ambicioso-y-a-largo-plazo\\\/#breadcrumb\"},\"inLanguage\":\"es\",\"potentialAction\":[{\"@type\":\"ReadAction\",\"target\":[\"https:\\\/\\\/arealorcaradio.es\\\/index.php\\\/2025\\\/07\\\/07\\\/jose-manuel-naranjo-llego-a-lorca-muy-ilusionado-porque-me-han-contado-que-el-proyecto-es-ambicioso-y-a-largo-plazo\\\/\"]}]},{\"@type\":\"ImageObject\",\"inLanguage\":\"es\",\"@id\":\"https:\\\/\\\/arealorcaradio.es\\\/index.php\\\/2025\\\/07\\\/07\\\/jose-manuel-naranjo-llego-a-lorca-muy-ilusionado-porque-me-han-contado-que-el-proyecto-es-ambicioso-y-a-largo-plazo\\\/#primaryimage\",\"url\":\"https:\\\/\\\/arealorcaradio.es\\\/wp-content\\\/uploads\\\/2025\\\/07\\\/IMG-20250707-WA0018.jpg\",\"contentUrl\":\"https:\\\/\\\/arealorcaradio.es\\\/wp-content\\\/uploads\\\/2025\\\/07\\\/IMG-20250707-WA0018.jpg\",\"width\":2048,\"height\":1366},{\"@type\":\"BreadcrumbList\",\"@id\":\"https:\\\/\\\/arealorcaradio.es\\\/index.php\\\/2025\\\/07\\\/07\\\/jose-manuel-naranjo-llego-a-lorca-muy-ilusionado-porque-me-han-contado-que-el-proyecto-es-ambicioso-y-a-largo-plazo\\\/#breadcrumb\",\"itemListElement\":[{\"@type\":\"ListItem\",\"position\":1,\"name\":\"Portada\",\"item\":\"https:\\\/\\\/arealorcaradio.es\\\/\"},{\"@type\":\"ListItem\",\"position\":2,\"name\":\"Jos\u00e9 Manuel Naranjo: \u00abLlego a Lorca muy ilusionado porque me han contado que el proyecto es ambicioso y a largo plazo\u00bb\"}]},{\"@type\":\"WebSite\",\"@id\":\"https:\\\/\\\/arealorcaradio.es\\\/#website\",\"url\":\"https:\\\/\\\/arealorcaradio.es\\\/\",\"name\":\"AREA LORCA RADIO\",\"description\":\"Descubre la programaci\u00f3n actual en \u00c1rea Lorca Radio, tu fuente de entrenamiento y noticias locales. Sintoniza ahora y mantente conectado online.\",\"potentialAction\":[{\"@type\":\"SearchAction\",\"target\":{\"@type\":\"EntryPoint\",\"urlTemplate\":\"https:\\\/\\\/arealorcaradio.es\\\/?s={search_term_string}\"},\"query-input\":{\"@type\":\"PropertyValueSpecification\",\"valueRequired\":true,\"valueName\":\"search_term_string\"}}],\"inLanguage\":\"es\"},{\"@type\":\"Person\",\"@id\":\"https:\\\/\\\/arealorcaradio.es\\\/#\\\/schema\\\/person\\\/9fae605fc25b0f2c83c1ab207139bd27\",\"name\":\"Paco S\u00e1nchez\",\"image\":{\"@type\":\"ImageObject\",\"inLanguage\":\"es\",\"@id\":\"https:\\\/\\\/secure.gravatar.com\\\/avatar\\\/d67144e966420fb74aa84c9f2a0103be4724fd14db52b52d3b6bca749f257e79?s=96&d=mm&r=g\",\"url\":\"https:\\\/\\\/secure.gravatar.com\\\/avatar\\\/d67144e966420fb74aa84c9f2a0103be4724fd14db52b52d3b6bca749f257e79?s=96&d=mm&r=g\",\"contentUrl\":\"https:\\\/\\\/secure.gravatar.com\\\/avatar\\\/d67144e966420fb74aa84c9f2a0103be4724fd14db52b52d3b6bca749f257e79?s=96&d=mm&r=g\",\"caption\":\"Paco S\u00e1nchez\"},\"sameAs\":[\"https:\\\/\\\/arealorcaradio.es\"],\"url\":\"https:\\\/\\\/arealorcaradio.es\\\/index.php\\\/author\\\/admin_alorcaradio\\\/\"}]}<\/script>\n<!-- \/ Yoast SEO plugin. -->","yoast_head_json":{"title":"Jos\u00e9 Manuel Naranjo: \"Llego a Lorca muy ilusionado porque me han contado que el proyecto es ambicioso y a largo plazo\" - AREA LORCA RADIO","robots":{"index":"index","follow":"follow","max-snippet":"max-snippet:-1","max-image-preview":"max-image-preview:large","max-video-preview":"max-video-preview:-1"},"canonical":"https:\/\/arealorcaradio.es\/index.php\/2025\/07\/07\/jose-manuel-naranjo-llego-a-lorca-muy-ilusionado-porque-me-han-contado-que-el-proyecto-es-ambicioso-y-a-largo-plazo\/","og_locale":"es_ES","og_type":"article","og_title":"Jos\u00e9 Manuel Naranjo: \"Llego a Lorca muy ilusionado porque me han contado que el proyecto es ambicioso y a largo plazo\" - AREA LORCA RADIO","og_description":"\u00c1REA LORCA RADIO. Deportes. Escucha aqu\u00ed la entrevista que ha concedido a Paco S\u00e1nchez en el programa deportivo de \u00c1rea Lorca Radio el nuevo delantero de 24 a\u00f1os del Lorca Deportiva, Jos\u00e9 Manuel Naranjo qui\u00e9n se ha mostrado muy ilusionado con la llegada al equipo del Artes Carrasco.","og_url":"https:\/\/arealorcaradio.es\/index.php\/2025\/07\/07\/jose-manuel-naranjo-llego-a-lorca-muy-ilusionado-porque-me-han-contado-que-el-proyecto-es-ambicioso-y-a-largo-plazo\/","og_site_name":"AREA LORCA RADIO","article_published_time":"2025-07-07T16:06:22+00:00","og_image":[{"width":2048,"height":1366,"url":"https:\/\/arealorcaradio.es\/wp-content\/uploads\/2025\/07\/IMG-20250707-WA0018.jpg","type":"image\/jpeg"}],"author":"Paco S\u00e1nchez","twitter_card":"summary_large_image","twitter_misc":{"Escrito por":"Paco S\u00e1nchez","Tiempo de lectura":"1 minuto"},"schema":{"@context":"https:\/\/schema.org","@graph":[{"@type":"Article","@id":"https:\/\/arealorcaradio.es\/index.php\/2025\/07\/07\/jose-manuel-naranjo-llego-a-lorca-muy-ilusionado-porque-me-han-contado-que-el-proyecto-es-ambicioso-y-a-largo-plazo\/#article","isPartOf":{"@id":"https:\/\/arealorcaradio.es\/index.php\/2025\/07\/07\/jose-manuel-naranjo-llego-a-lorca-muy-ilusionado-porque-me-han-contado-que-el-proyecto-es-ambicioso-y-a-largo-plazo\/"},"author":{"name":"Paco S\u00e1nchez","@id":"https:\/\/arealorcaradio.es\/#\/schema\/person\/9fae605fc25b0f2c83c1ab207139bd27"},"headline":"Jos\u00e9 Manuel Naranjo: \u00abLlego a Lorca muy ilusionado porque me han contado que el proyecto es ambicioso y a largo plazo\u00bb","datePublished":"2025-07-07T16:06:22+00:00","mainEntityOfPage":{"@id":"https:\/\/arealorcaradio.es\/index.php\/2025\/07\/07\/jose-manuel-naranjo-llego-a-lorca-muy-ilusionado-porque-me-han-contado-que-el-proyecto-es-ambicioso-y-a-largo-plazo\/"},"wordCount":82,"commentCount":0,"image":{"@id":"https:\/\/arealorcaradio.es\/index.php\/2025\/07\/07\/jose-manuel-naranjo-llego-a-lorca-muy-ilusionado-porque-me-han-contado-que-el-proyecto-es-ambicioso-y-a-largo-plazo\/#primaryimage"},"thumbnailUrl":"https:\/\/arealorcaradio.es\/wp-content\/uploads\/2025\/07\/IMG-20250707-WA0018.jpg","articleSection":["DEPORTES","LORCA"],"inLanguage":"es","potentialAction":[{"@type":"CommentAction","name":"Comment","target":["https:\/\/arealorcaradio.es\/index.php\/2025\/07\/07\/jose-manuel-naranjo-llego-a-lorca-muy-ilusionado-porque-me-han-contado-que-el-proyecto-es-ambicioso-y-a-largo-plazo\/#respond"]}]},{"@type":"WebPage","@id":"https:\/\/arealorcaradio.es\/index.php\/2025\/07\/07\/jose-manuel-naranjo-llego-a-lorca-muy-ilusionado-porque-me-han-contado-que-el-proyecto-es-ambicioso-y-a-largo-plazo\/","url":"https:\/\/arealorcaradio.es\/index.php\/2025\/07\/07\/jose-manuel-naranjo-llego-a-lorca-muy-ilusionado-porque-me-han-contado-que-el-proyecto-es-ambicioso-y-a-largo-plazo\/","name":"Jos\u00e9 Manuel Naranjo: \"Llego a Lorca muy ilusionado porque me han contado que el proyecto es ambicioso y a largo plazo\" - AREA LORCA RADIO","isPartOf":{"@id":"https:\/\/arealorcaradio.es\/#website"},"primaryImageOfPage":{"@id":"https:\/\/arealorcaradio.es\/index.php\/2025\/07\/07\/jose-manuel-naranjo-llego-a-lorca-muy-ilusionado-porque-me-han-contado-que-el-proyecto-es-ambicioso-y-a-largo-plazo\/#primaryimage"},"image":{"@id":"https:\/\/arealorcaradio.es\/index.php\/2025\/07\/07\/jose-manuel-naranjo-llego-a-lorca-muy-ilusionado-porque-me-han-contado-que-el-proyecto-es-ambicioso-y-a-largo-plazo\/#primaryimage"},"thumbnailUrl":"https:\/\/arealorcaradio.es\/wp-content\/uploads\/2025\/07\/IMG-20250707-WA0018.jpg","datePublished":"2025-07-07T16:06:22+00:00","author":{"@id":"https:\/\/arealorcaradio.es\/#\/schema\/person\/9fae605fc25b0f2c83c1ab207139bd27"},"breadcrumb":{"@id":"https:\/\/arealorcaradio.es\/index.php\/2025\/07\/07\/jose-manuel-naranjo-llego-a-lorca-muy-ilusionado-porque-me-han-contado-que-el-proyecto-es-ambicioso-y-a-largo-plazo\/#breadcrumb"},"inLanguage":"es","potentialAction":[{"@type":"ReadAction","target":["https:\/\/arealorcaradio.es\/index.php\/2025\/07\/07\/jose-manuel-naranjo-llego-a-lorca-muy-ilusionado-porque-me-han-contado-que-el-proyecto-es-ambicioso-y-a-largo-plazo\/"]}]},{"@type":"ImageObject","inLanguage":"es","@id":"https:\/\/arealorcaradio.es\/index.php\/2025\/07\/07\/jose-manuel-naranjo-llego-a-lorca-muy-ilusionado-porque-me-han-contado-que-el-proyecto-es-ambicioso-y-a-largo-plazo\/#primaryimage","url":"https:\/\/arealorcaradio.es\/wp-content\/uploads\/2025\/07\/IMG-20250707-WA0018.jpg","contentUrl":"https:\/\/arealorcaradio.es\/wp-content\/uploads\/2025\/07\/IMG-20250707-WA0018.jpg","width":2048,"height":1366},{"@type":"BreadcrumbList","@id":"https:\/\/arealorcaradio.es\/index.php\/2025\/07\/07\/jose-manuel-naranjo-llego-a-lorca-muy-ilusionado-porque-me-han-contado-que-el-proyecto-es-ambicioso-y-a-largo-plazo\/#breadcrumb","itemListElement":[{"@type":"ListItem","position":1,"name":"Portada","item":"https:\/\/arealorcaradio.es\/"},{"@type":"ListItem","position":2,"name":"Jos\u00e9 Manuel Naranjo: \u00abLlego a Lorca muy ilusionado porque me han contado que el proyecto es ambicioso y a largo plazo\u00bb"}]},{"@type":"WebSite","@id":"https:\/\/arealorcaradio.es\/#website","url":"https:\/\/arealorcaradio.es\/","name":"AREA LORCA RADIO","description":"Descubre la programaci\u00f3n actual en \u00c1rea Lorca Radio, tu fuente de entrenamiento y noticias locales. Sintoniza ahora y mantente conectado online.","potentialAction":[{"@type":"SearchAction","target":{"@type":"EntryPoint","urlTemplate":"https:\/\/arealorcaradio.es\/?s={search_term_string}"},"query-input":{"@type":"PropertyValueSpecification","valueRequired":true,"valueName":"search_term_string"}}],"inLanguage":"es"},{"@type":"Person","@id":"https:\/\/arealorcaradio.es\/#\/schema\/person\/9fae605fc25b0f2c83c1ab207139bd27","name":"Paco S\u00e1nchez","image":{"@type":"ImageObject","inLanguage":"es","@id":"https:\/\/secure.gravatar.com\/avatar\/d67144e966420fb74aa84c9f2a0103be4724fd14db52b52d3b6bca749f257e79?s=96&d=mm&r=g","url":"https:\/\/secure.gravatar.com\/avatar\/d67144e966420fb74aa84c9f2a0103be4724fd14db52b52d3b6bca749f257e79?s=96&d=mm&r=g","contentUrl":"https:\/\/secure.gravatar.com\/avatar\/d67144e966420fb74aa84c9f2a0103be4724fd14db52b52d3b6bca749f257e79?s=96&d=mm&r=g","caption":"Paco S\u00e1nchez"},"sameAs":["https:\/\/arealorcaradio.es"],"url":"https:\/\/arealorcaradio.es\/index.php\/author\/admin_alorcaradio\/"}]}},"_links":{"self":[{"href":"https:\/\/arealorcaradio.es\/index.php\/wp-json\/wp\/v2\/posts\/7200","targetHints":{"allow":["GET"]}}],"collection":[{"href":"https:\/\/arealorcaradio.es\/index.php\/wp-json\/wp\/v2\/posts"}],"about":[{"href":"https:\/\/arealorcaradio.es\/index.php\/wp-json\/wp\/v2\/types\/post"}],"author":[{"embeddable":true,"href":"https:\/\/arealorcaradio.es\/index.php\/wp-json\/wp\/v2\/users\/1"}],"replies":[{"embeddable":true,"href":"https:\/\/arealorcaradio.es\/index.php\/wp-json\/wp\/v2\/comments?post=7200"}],"version-history":[{"count":2,"href":"https:\/\/arealorcaradio.es\/index.php\/wp-json\/wp\/v2\/posts\/7200\/revisions"}],"predecessor-version":[{"id":7206,"href":"https:\/\/arealorcaradio.es\/index.php\/wp-json\/wp\/v2\/posts\/7200\/revisions\/7206"}],"wp:featuredmedia":[{"embeddable":true,"href":"https:\/\/arealorcaradio.es\/index.php\/wp-json\/wp\/v2\/media\/7202"}],"wp:attachment":[{"href":"https:\/\/arealorcaradio.es\/index.php\/wp-json\/wp\/v2\/media?parent=7200"}],"wp:term":[{"taxonomy":"category","embeddable":true,"href":"https:\/\/arealorcaradio.es\/index.php\/wp-json\/wp\/v2\/categories?post=7200"},{"taxonomy":"post_tag","embeddable":true,"href":"https:\/\/arealorcaradio.es\/index.php\/wp-json\/wp\/v2\/tags?post=7200"}],"curies":[{"name":"wp","href":"https:\/\/api.w.org\/{rel}","templated":true}]}}