{"id":7162,"date":"2025-07-03T16:34:34","date_gmt":"2025-07-03T16:34:34","guid":{"rendered":"https:\/\/arealorcaradio.es\/?p=7162"},"modified":"2025-07-03T16:34:34","modified_gmt":"2025-07-03T16:34:34","slug":"arranca-el-dispositivo-especial-para-evitar-robos-en-las-zonas-de-cultivo-que-este-ano-se-refuerza-con-el-control-de-la-venta-ambulante","status":"publish","type":"post","link":"https:\/\/arealorcaradio.es\/index.php\/2025\/07\/03\/arranca-el-dispositivo-especial-para-evitar-robos-en-las-zonas-de-cultivo-que-este-ano-se-refuerza-con-el-control-de-la-venta-ambulante\/","title":{"rendered":"Arranca el dispositivo especial para evitar robos en las zonas de cultivo que este a\u00f1o se refuerza con el control de la venta ambulante"},"content":{"rendered":"<p><strong>\u00c1REA LORCA RADIO. Agricultura.<\/strong><\/p>\n<p class=\"v1MsoNormal\"><b>Jueves, 3 de julio de 2025.\u00a0<\/b>El tercer dispositivo para evitar robos en las zonas de cultivo ha arrancado este jueves con la incorporaci\u00f3n de importantes novedades entre las que se incluye el control de la venta ambulante. Lo ha anunciado el alcalde, <strong>Fulgencio Gil J\u00f3dar,<\/strong> que poco antes ha mantenido una reuni\u00f3n con todos los agentes implicados, entre ellos, los representantes de los agricultores y ganaderos y mandos de la Polic\u00eda Local. \u00abAnunciar la puesta en marcha, por tercer a\u00f1o consecutivo, del &#8216;Plan de seguridad en cultivos&#8217; que pretende evitar los robos y hurtos que se producen en las plantaciones, sobre todo, en esta \u00e9poca del a\u00f1o en un producto estrella, la sand\u00eda\u00bb.<\/p>\n<p class=\"v1MsoNormal\"><img loading=\"lazy\" decoding=\"async\" class=\"alignnone size-medium wp-image-7168\" src=\"https:\/\/arealorcaradio.es\/wp-content\/uploads\/2025\/07\/foto4-13-300x200.jpeg\" alt=\"\" width=\"300\" height=\"200\" srcset=\"https:\/\/arealorcaradio.es\/wp-content\/uploads\/2025\/07\/foto4-13-300x200.jpeg 300w, https:\/\/arealorcaradio.es\/wp-content\/uploads\/2025\/07\/foto4-13-1024x682.jpeg 1024w, https:\/\/arealorcaradio.es\/wp-content\/uploads\/2025\/07\/foto4-13-768x512.jpeg 768w, https:\/\/arealorcaradio.es\/wp-content\/uploads\/2025\/07\/foto4-13-1536x1023.jpeg 1536w, https:\/\/arealorcaradio.es\/wp-content\/uploads\/2025\/07\/foto4-13.jpeg 1600w\" sizes=\"auto, (max-width: 300px) 100vw, 300px\" \/> <img loading=\"lazy\" decoding=\"async\" class=\"alignnone size-medium wp-image-7169\" src=\"https:\/\/arealorcaradio.es\/wp-content\/uploads\/2025\/07\/foto3-21-300x200.jpeg\" alt=\"\" width=\"300\" height=\"200\" srcset=\"https:\/\/arealorcaradio.es\/wp-content\/uploads\/2025\/07\/foto3-21-300x200.jpeg 300w, https:\/\/arealorcaradio.es\/wp-content\/uploads\/2025\/07\/foto3-21-1024x682.jpeg 1024w, https:\/\/arealorcaradio.es\/wp-content\/uploads\/2025\/07\/foto3-21-768x512.jpeg 768w, https:\/\/arealorcaradio.es\/wp-content\/uploads\/2025\/07\/foto3-21-1536x1023.jpeg 1536w, https:\/\/arealorcaradio.es\/wp-content\/uploads\/2025\/07\/foto3-21.jpeg 1600w\" sizes=\"auto, (max-width: 300px) 100vw, 300px\" \/><\/p>\n<p class=\"v1MsoNormal\">El alcalde ha destacado la dif\u00edcil situaci\u00f3n en que \u00abse encuentra nuestro sector agroalimentario. Se enfrenta a grandes retos, actualmente. Retos muy importantes, como es la falta de agua y la amenaza que se cierne sobre el Trasvase Tajo-Segura. Tambi\u00e9n a un escenario internacional, desde el punto de vista arancelario, complicado. Y al desaf\u00edo todos los a\u00f1os de los robos y hurtos que se producen en las distintas plantaciones, sobre todo, en esta \u00e9poca del a\u00f1o, con un producto con el que abastecen a los mercados del norte de Europa, sand\u00eda, que como apuntaba recientemente el presidente de Coag este a\u00f1o afronta una campa\u00f1a con muy buenas perspectivas\u00bb.<\/p>\n<p class=\"v1MsoNormal\">Se trata de un dispositivo pionero que se puso en marcha en el verano de 2023 y que aborda su tercer a\u00f1o, \u00aben una estrecha colaboraci\u00f3n entre las organizaciones agrarias, especialmente Coag, y el Gobierno de Lorca, a trav\u00e9s de la Polic\u00eda Local. Se articula a trav\u00e9s de una patrulla espec\u00edfica, principalmente del Gisc y la Udip, y el apoyo de un drone. Este a\u00f1o, por primera vez, estar\u00e1 apoyada por las c\u00e1maras de vigilancia que se han colocado en las pedan\u00edas. Se recibir\u00e1 la ayuda de los sistemas de grabaci\u00f3n de Tercia, La Hoya e Hinojar, adem\u00e1s de otros puntos\u00bb, ha detallado.<\/p>\n<p class=\"v1MsoNormal\">Gil J\u00f3dar ha indicado que este dispositivo se despliega en base a la informaci\u00f3n que \u00abnos facilita la Coordinadora de Organizaciones de Agricultores y Ganaderos de Lorca mediante una planimetr\u00eda de geolocalizaci\u00f3n de aquellas parcelas de cultivo que est\u00e1n expuestas a un mayor riesgo de robos y de hurtos\u00bb. Y ha a\u00f1adido que \u00abel dispositivo de los dos \u00faltimos a\u00f1os ha sido un aut\u00e9ntico \u00e9xito que ha llevado a un descenso dr\u00e1stico en el n\u00famero de robos y hurtos, como nos han indicado los agricultores. Pero tambi\u00e9n la log\u00edstica empleada en este operativo permite ejercer un efecto disuasorio, una seguridad adicional, que ha rebajado considerablemente no s\u00f3lo los robos de productos como la sand\u00eda, sino tambi\u00e9n de bater\u00edas y sistemas de riego que se ven\u00edan produciendo y de otras acciones delictivas\u00bb.<\/p>\n<p class=\"v1MsoNormal\">Y ha insistido en que el dispositivo continuar\u00e1. \u00abEs muy efectivo, como nos ha insistido el presidente de Coag, por lo tanto, aunque a algunos no les guste, a nosotros nos gusta y lo vamos a mantener. Y lo vamos a reforzar con el control de la venta ambulante. La Polic\u00eda Local va a desplegar una actividad complementaria de control de la venta ambulante. Porque en esa venta ambulante irregular, en muchas ocasiones, se detecta que lo que se est\u00e1 vendiendo son productos que han sido hurtados y robados. A todo ello, se le va a dar visibilidad a trav\u00e9s de los grupos de WhatsApp activos y redes sociales de la Polic\u00eda Local y de los agricultores. Esos grupos de comunicaciones nos permiten conocer las incidencias en tiempo real y actuar con la mayor celeridad\u00bb.<\/p>\n<p class=\"v1MsoNormal\">El presidente de Coag de Lorca, <strong>Pl\u00e1cido P\u00e9rez-Chuecos,<\/strong> ha agradecido la puesta en marcha del que es ya el tercer dispositivo de seguridad en cultivos. \u00abRatificar todo lo que ha dicho el alcalde. La huerta necesitaba este operativo. Est\u00e1bamos sufriendo saqueos impresionantes. Estamos muy agradecidos, porque nos encontr\u00e1bamos solos. Cuando entraban en nuestras explotaciones, durante las maniobras, ocasionaban muchos da\u00f1os en tuber\u00edas y bater\u00edas, por lo que agradecemos enormemente que se active el plan\u00bb.<\/p>\n","protected":false},"excerpt":{"rendered":"<p>\u00c1REA LORCA RADIO. Agricultura. Jueves, 3 de julio de 2025.\u00a0El tercer dispositivo para evitar robos en las zonas de cultivo ha arrancado este jueves con la incorporaci\u00f3n de importantes novedades entre las que se incluye el control de la venta ambulante. Lo ha anunciado el alcalde, Fulgencio Gil J\u00f3dar, que poco antes ha mantenido una [&hellip;]<\/p>\n","protected":false},"author":1,"featured_media":7163,"comment_status":"open","ping_status":"open","sticky":false,"template":"","format":"standard","meta":{"iawp_total_views":32,"footnotes":""},"categories":[5,7],"tags":[],"class_list":["post-7162","post","type-post","status-publish","format-standard","has-post-thumbnail","hentry","category-actualidad","category-lorca"],"yoast_head":"<!-- This site is optimized with the Yoast SEO plugin v27.5 - https:\/\/yoast.com\/product\/yoast-seo-wordpress\/ -->\n<title>Arranca el dispositivo especial para evitar robos en las zonas de cultivo que este a\u00f1o se refuerza con el control de la venta ambulante - AREA LORCA RADIO<\/title>\n<meta name=\"robots\" content=\"index, follow, max-snippet:-1, max-image-preview:large, max-video-preview:-1\" \/>\n<link rel=\"canonical\" href=\"https:\/\/arealorcaradio.es\/index.php\/2025\/07\/03\/arranca-el-dispositivo-especial-para-evitar-robos-en-las-zonas-de-cultivo-que-este-ano-se-refuerza-con-el-control-de-la-venta-ambulante\/\" \/>\n<meta property=\"og:locale\" content=\"es_ES\" \/>\n<meta property=\"og:type\" content=\"article\" \/>\n<meta property=\"og:title\" content=\"Arranca el dispositivo especial para evitar robos en las zonas de cultivo que este a\u00f1o se refuerza con el control de la venta ambulante - AREA LORCA RADIO\" \/>\n<meta property=\"og:description\" content=\"\u00c1REA LORCA RADIO. Agricultura. Jueves, 3 de julio de 2025.\u00a0El tercer dispositivo para evitar robos en las zonas de cultivo ha arrancado este jueves con la incorporaci\u00f3n de importantes novedades entre las que se incluye el control de la venta ambulante. Lo ha anunciado el alcalde, Fulgencio Gil J\u00f3dar, que poco antes ha mantenido una [&hellip;]\" \/>\n<meta property=\"og:url\" content=\"https:\/\/arealorcaradio.es\/index.php\/2025\/07\/03\/arranca-el-dispositivo-especial-para-evitar-robos-en-las-zonas-de-cultivo-que-este-ano-se-refuerza-con-el-control-de-la-venta-ambulante\/\" \/>\n<meta property=\"og:site_name\" content=\"AREA LORCA RADIO\" \/>\n<meta property=\"article:published_time\" content=\"2025-07-03T16:34:34+00:00\" \/>\n<meta property=\"og:image\" content=\"https:\/\/arealorcaradio.es\/wp-content\/uploads\/2025\/07\/foto1-34.jpeg\" \/>\n\t<meta property=\"og:image:width\" content=\"1600\" \/>\n\t<meta property=\"og:image:height\" content=\"1066\" \/>\n\t<meta property=\"og:image:type\" content=\"image\/jpeg\" \/>\n<meta name=\"author\" content=\"Paco S\u00e1nchez\" \/>\n<meta name=\"twitter:card\" content=\"summary_large_image\" \/>\n<meta name=\"twitter:label1\" content=\"Escrito por\" \/>\n\t<meta name=\"twitter:data1\" content=\"Paco S\u00e1nchez\" \/>\n\t<meta name=\"twitter:label2\" content=\"Tiempo de lectura\" \/>\n\t<meta name=\"twitter:data2\" content=\"4 minutos\" \/>\n<script type=\"application\/ld+json\" class=\"yoast-schema-graph\">{\"@context\":\"https:\\\/\\\/schema.org\",\"@graph\":[{\"@type\":\"Article\",\"@id\":\"https:\\\/\\\/arealorcaradio.es\\\/index.php\\\/2025\\\/07\\\/03\\\/arranca-el-dispositivo-especial-para-evitar-robos-en-las-zonas-de-cultivo-que-este-ano-se-refuerza-con-el-control-de-la-venta-ambulante\\\/#article\",\"isPartOf\":{\"@id\":\"https:\\\/\\\/arealorcaradio.es\\\/index.php\\\/2025\\\/07\\\/03\\\/arranca-el-dispositivo-especial-para-evitar-robos-en-las-zonas-de-cultivo-que-este-ano-se-refuerza-con-el-control-de-la-venta-ambulante\\\/\"},\"author\":{\"name\":\"Paco S\u00e1nchez\",\"@id\":\"https:\\\/\\\/arealorcaradio.es\\\/#\\\/schema\\\/person\\\/9fae605fc25b0f2c83c1ab207139bd27\"},\"headline\":\"Arranca el dispositivo especial para evitar robos en las zonas de cultivo que este a\u00f1o se refuerza con el control de la venta ambulante\",\"datePublished\":\"2025-07-03T16:34:34+00:00\",\"mainEntityOfPage\":{\"@id\":\"https:\\\/\\\/arealorcaradio.es\\\/index.php\\\/2025\\\/07\\\/03\\\/arranca-el-dispositivo-especial-para-evitar-robos-en-las-zonas-de-cultivo-que-este-ano-se-refuerza-con-el-control-de-la-venta-ambulante\\\/\"},\"wordCount\":745,\"commentCount\":0,\"image\":{\"@id\":\"https:\\\/\\\/arealorcaradio.es\\\/index.php\\\/2025\\\/07\\\/03\\\/arranca-el-dispositivo-especial-para-evitar-robos-en-las-zonas-de-cultivo-que-este-ano-se-refuerza-con-el-control-de-la-venta-ambulante\\\/#primaryimage\"},\"thumbnailUrl\":\"https:\\\/\\\/arealorcaradio.es\\\/wp-content\\\/uploads\\\/2025\\\/07\\\/foto1-34.jpeg\",\"articleSection\":[\"ACTUALIDAD\",\"LORCA\"],\"inLanguage\":\"es\",\"potentialAction\":[{\"@type\":\"CommentAction\",\"name\":\"Comment\",\"target\":[\"https:\\\/\\\/arealorcaradio.es\\\/index.php\\\/2025\\\/07\\\/03\\\/arranca-el-dispositivo-especial-para-evitar-robos-en-las-zonas-de-cultivo-que-este-ano-se-refuerza-con-el-control-de-la-venta-ambulante\\\/#respond\"]}]},{\"@type\":\"WebPage\",\"@id\":\"https:\\\/\\\/arealorcaradio.es\\\/index.php\\\/2025\\\/07\\\/03\\\/arranca-el-dispositivo-especial-para-evitar-robos-en-las-zonas-de-cultivo-que-este-ano-se-refuerza-con-el-control-de-la-venta-ambulante\\\/\",\"url\":\"https:\\\/\\\/arealorcaradio.es\\\/index.php\\\/2025\\\/07\\\/03\\\/arranca-el-dispositivo-especial-para-evitar-robos-en-las-zonas-de-cultivo-que-este-ano-se-refuerza-con-el-control-de-la-venta-ambulante\\\/\",\"name\":\"Arranca el dispositivo especial para evitar robos en las zonas de cultivo que este a\u00f1o se refuerza con el control de la venta ambulante - AREA LORCA RADIO\",\"isPartOf\":{\"@id\":\"https:\\\/\\\/arealorcaradio.es\\\/#website\"},\"primaryImageOfPage\":{\"@id\":\"https:\\\/\\\/arealorcaradio.es\\\/index.php\\\/2025\\\/07\\\/03\\\/arranca-el-dispositivo-especial-para-evitar-robos-en-las-zonas-de-cultivo-que-este-ano-se-refuerza-con-el-control-de-la-venta-ambulante\\\/#primaryimage\"},\"image\":{\"@id\":\"https:\\\/\\\/arealorcaradio.es\\\/index.php\\\/2025\\\/07\\\/03\\\/arranca-el-dispositivo-especial-para-evitar-robos-en-las-zonas-de-cultivo-que-este-ano-se-refuerza-con-el-control-de-la-venta-ambulante\\\/#primaryimage\"},\"thumbnailUrl\":\"https:\\\/\\\/arealorcaradio.es\\\/wp-content\\\/uploads\\\/2025\\\/07\\\/foto1-34.jpeg\",\"datePublished\":\"2025-07-03T16:34:34+00:00\",\"author\":{\"@id\":\"https:\\\/\\\/arealorcaradio.es\\\/#\\\/schema\\\/person\\\/9fae605fc25b0f2c83c1ab207139bd27\"},\"breadcrumb\":{\"@id\":\"https:\\\/\\\/arealorcaradio.es\\\/index.php\\\/2025\\\/07\\\/03\\\/arranca-el-dispositivo-especial-para-evitar-robos-en-las-zonas-de-cultivo-que-este-ano-se-refuerza-con-el-control-de-la-venta-ambulante\\\/#breadcrumb\"},\"inLanguage\":\"es\",\"potentialAction\":[{\"@type\":\"ReadAction\",\"target\":[\"https:\\\/\\\/arealorcaradio.es\\\/index.php\\\/2025\\\/07\\\/03\\\/arranca-el-dispositivo-especial-para-evitar-robos-en-las-zonas-de-cultivo-que-este-ano-se-refuerza-con-el-control-de-la-venta-ambulante\\\/\"]}]},{\"@type\":\"ImageObject\",\"inLanguage\":\"es\",\"@id\":\"https:\\\/\\\/arealorcaradio.es\\\/index.php\\\/2025\\\/07\\\/03\\\/arranca-el-dispositivo-especial-para-evitar-robos-en-las-zonas-de-cultivo-que-este-ano-se-refuerza-con-el-control-de-la-venta-ambulante\\\/#primaryimage\",\"url\":\"https:\\\/\\\/arealorcaradio.es\\\/wp-content\\\/uploads\\\/2025\\\/07\\\/foto1-34.jpeg\",\"contentUrl\":\"https:\\\/\\\/arealorcaradio.es\\\/wp-content\\\/uploads\\\/2025\\\/07\\\/foto1-34.jpeg\",\"width\":1600,\"height\":1066},{\"@type\":\"BreadcrumbList\",\"@id\":\"https:\\\/\\\/arealorcaradio.es\\\/index.php\\\/2025\\\/07\\\/03\\\/arranca-el-dispositivo-especial-para-evitar-robos-en-las-zonas-de-cultivo-que-este-ano-se-refuerza-con-el-control-de-la-venta-ambulante\\\/#breadcrumb\",\"itemListElement\":[{\"@type\":\"ListItem\",\"position\":1,\"name\":\"Portada\",\"item\":\"https:\\\/\\\/arealorcaradio.es\\\/\"},{\"@type\":\"ListItem\",\"position\":2,\"name\":\"Arranca el dispositivo especial para evitar robos en las zonas de cultivo que este a\u00f1o se refuerza con el control de la venta ambulante\"}]},{\"@type\":\"WebSite\",\"@id\":\"https:\\\/\\\/arealorcaradio.es\\\/#website\",\"url\":\"https:\\\/\\\/arealorcaradio.es\\\/\",\"name\":\"AREA LORCA RADIO\",\"description\":\"Descubre la programaci\u00f3n actual en \u00c1rea Lorca Radio, tu fuente de entrenamiento y noticias locales. Sintoniza ahora y mantente conectado online.\",\"potentialAction\":[{\"@type\":\"SearchAction\",\"target\":{\"@type\":\"EntryPoint\",\"urlTemplate\":\"https:\\\/\\\/arealorcaradio.es\\\/?s={search_term_string}\"},\"query-input\":{\"@type\":\"PropertyValueSpecification\",\"valueRequired\":true,\"valueName\":\"search_term_string\"}}],\"inLanguage\":\"es\"},{\"@type\":\"Person\",\"@id\":\"https:\\\/\\\/arealorcaradio.es\\\/#\\\/schema\\\/person\\\/9fae605fc25b0f2c83c1ab207139bd27\",\"name\":\"Paco S\u00e1nchez\",\"image\":{\"@type\":\"ImageObject\",\"inLanguage\":\"es\",\"@id\":\"https:\\\/\\\/secure.gravatar.com\\\/avatar\\\/d67144e966420fb74aa84c9f2a0103be4724fd14db52b52d3b6bca749f257e79?s=96&d=mm&r=g\",\"url\":\"https:\\\/\\\/secure.gravatar.com\\\/avatar\\\/d67144e966420fb74aa84c9f2a0103be4724fd14db52b52d3b6bca749f257e79?s=96&d=mm&r=g\",\"contentUrl\":\"https:\\\/\\\/secure.gravatar.com\\\/avatar\\\/d67144e966420fb74aa84c9f2a0103be4724fd14db52b52d3b6bca749f257e79?s=96&d=mm&r=g\",\"caption\":\"Paco S\u00e1nchez\"},\"sameAs\":[\"https:\\\/\\\/arealorcaradio.es\"],\"url\":\"https:\\\/\\\/arealorcaradio.es\\\/index.php\\\/author\\\/admin_alorcaradio\\\/\"}]}<\/script>\n<!-- \/ Yoast SEO plugin. -->","yoast_head_json":{"title":"Arranca el dispositivo especial para evitar robos en las zonas de cultivo que este a\u00f1o se refuerza con el control de la venta ambulante - AREA LORCA RADIO","robots":{"index":"index","follow":"follow","max-snippet":"max-snippet:-1","max-image-preview":"max-image-preview:large","max-video-preview":"max-video-preview:-1"},"canonical":"https:\/\/arealorcaradio.es\/index.php\/2025\/07\/03\/arranca-el-dispositivo-especial-para-evitar-robos-en-las-zonas-de-cultivo-que-este-ano-se-refuerza-con-el-control-de-la-venta-ambulante\/","og_locale":"es_ES","og_type":"article","og_title":"Arranca el dispositivo especial para evitar robos en las zonas de cultivo que este a\u00f1o se refuerza con el control de la venta ambulante - AREA LORCA RADIO","og_description":"\u00c1REA LORCA RADIO. Agricultura. Jueves, 3 de julio de 2025.\u00a0El tercer dispositivo para evitar robos en las zonas de cultivo ha arrancado este jueves con la incorporaci\u00f3n de importantes novedades entre las que se incluye el control de la venta ambulante. Lo ha anunciado el alcalde, Fulgencio Gil J\u00f3dar, que poco antes ha mantenido una [&hellip;]","og_url":"https:\/\/arealorcaradio.es\/index.php\/2025\/07\/03\/arranca-el-dispositivo-especial-para-evitar-robos-en-las-zonas-de-cultivo-que-este-ano-se-refuerza-con-el-control-de-la-venta-ambulante\/","og_site_name":"AREA LORCA RADIO","article_published_time":"2025-07-03T16:34:34+00:00","og_image":[{"width":1600,"height":1066,"url":"https:\/\/arealorcaradio.es\/wp-content\/uploads\/2025\/07\/foto1-34.jpeg","type":"image\/jpeg"}],"author":"Paco S\u00e1nchez","twitter_card":"summary_large_image","twitter_misc":{"Escrito por":"Paco S\u00e1nchez","Tiempo de lectura":"4 minutos"},"schema":{"@context":"https:\/\/schema.org","@graph":[{"@type":"Article","@id":"https:\/\/arealorcaradio.es\/index.php\/2025\/07\/03\/arranca-el-dispositivo-especial-para-evitar-robos-en-las-zonas-de-cultivo-que-este-ano-se-refuerza-con-el-control-de-la-venta-ambulante\/#article","isPartOf":{"@id":"https:\/\/arealorcaradio.es\/index.php\/2025\/07\/03\/arranca-el-dispositivo-especial-para-evitar-robos-en-las-zonas-de-cultivo-que-este-ano-se-refuerza-con-el-control-de-la-venta-ambulante\/"},"author":{"name":"Paco S\u00e1nchez","@id":"https:\/\/arealorcaradio.es\/#\/schema\/person\/9fae605fc25b0f2c83c1ab207139bd27"},"headline":"Arranca el dispositivo especial para evitar robos en las zonas de cultivo que este a\u00f1o se refuerza con el control de la venta ambulante","datePublished":"2025-07-03T16:34:34+00:00","mainEntityOfPage":{"@id":"https:\/\/arealorcaradio.es\/index.php\/2025\/07\/03\/arranca-el-dispositivo-especial-para-evitar-robos-en-las-zonas-de-cultivo-que-este-ano-se-refuerza-con-el-control-de-la-venta-ambulante\/"},"wordCount":745,"commentCount":0,"image":{"@id":"https:\/\/arealorcaradio.es\/index.php\/2025\/07\/03\/arranca-el-dispositivo-especial-para-evitar-robos-en-las-zonas-de-cultivo-que-este-ano-se-refuerza-con-el-control-de-la-venta-ambulante\/#primaryimage"},"thumbnailUrl":"https:\/\/arealorcaradio.es\/wp-content\/uploads\/2025\/07\/foto1-34.jpeg","articleSection":["ACTUALIDAD","LORCA"],"inLanguage":"es","potentialAction":[{"@type":"CommentAction","name":"Comment","target":["https:\/\/arealorcaradio.es\/index.php\/2025\/07\/03\/arranca-el-dispositivo-especial-para-evitar-robos-en-las-zonas-de-cultivo-que-este-ano-se-refuerza-con-el-control-de-la-venta-ambulante\/#respond"]}]},{"@type":"WebPage","@id":"https:\/\/arealorcaradio.es\/index.php\/2025\/07\/03\/arranca-el-dispositivo-especial-para-evitar-robos-en-las-zonas-de-cultivo-que-este-ano-se-refuerza-con-el-control-de-la-venta-ambulante\/","url":"https:\/\/arealorcaradio.es\/index.php\/2025\/07\/03\/arranca-el-dispositivo-especial-para-evitar-robos-en-las-zonas-de-cultivo-que-este-ano-se-refuerza-con-el-control-de-la-venta-ambulante\/","name":"Arranca el dispositivo especial para evitar robos en las zonas de cultivo que este a\u00f1o se refuerza con el control de la venta ambulante - AREA LORCA RADIO","isPartOf":{"@id":"https:\/\/arealorcaradio.es\/#website"},"primaryImageOfPage":{"@id":"https:\/\/arealorcaradio.es\/index.php\/2025\/07\/03\/arranca-el-dispositivo-especial-para-evitar-robos-en-las-zonas-de-cultivo-que-este-ano-se-refuerza-con-el-control-de-la-venta-ambulante\/#primaryimage"},"image":{"@id":"https:\/\/arealorcaradio.es\/index.php\/2025\/07\/03\/arranca-el-dispositivo-especial-para-evitar-robos-en-las-zonas-de-cultivo-que-este-ano-se-refuerza-con-el-control-de-la-venta-ambulante\/#primaryimage"},"thumbnailUrl":"https:\/\/arealorcaradio.es\/wp-content\/uploads\/2025\/07\/foto1-34.jpeg","datePublished":"2025-07-03T16:34:34+00:00","author":{"@id":"https:\/\/arealorcaradio.es\/#\/schema\/person\/9fae605fc25b0f2c83c1ab207139bd27"},"breadcrumb":{"@id":"https:\/\/arealorcaradio.es\/index.php\/2025\/07\/03\/arranca-el-dispositivo-especial-para-evitar-robos-en-las-zonas-de-cultivo-que-este-ano-se-refuerza-con-el-control-de-la-venta-ambulante\/#breadcrumb"},"inLanguage":"es","potentialAction":[{"@type":"ReadAction","target":["https:\/\/arealorcaradio.es\/index.php\/2025\/07\/03\/arranca-el-dispositivo-especial-para-evitar-robos-en-las-zonas-de-cultivo-que-este-ano-se-refuerza-con-el-control-de-la-venta-ambulante\/"]}]},{"@type":"ImageObject","inLanguage":"es","@id":"https:\/\/arealorcaradio.es\/index.php\/2025\/07\/03\/arranca-el-dispositivo-especial-para-evitar-robos-en-las-zonas-de-cultivo-que-este-ano-se-refuerza-con-el-control-de-la-venta-ambulante\/#primaryimage","url":"https:\/\/arealorcaradio.es\/wp-content\/uploads\/2025\/07\/foto1-34.jpeg","contentUrl":"https:\/\/arealorcaradio.es\/wp-content\/uploads\/2025\/07\/foto1-34.jpeg","width":1600,"height":1066},{"@type":"BreadcrumbList","@id":"https:\/\/arealorcaradio.es\/index.php\/2025\/07\/03\/arranca-el-dispositivo-especial-para-evitar-robos-en-las-zonas-de-cultivo-que-este-ano-se-refuerza-con-el-control-de-la-venta-ambulante\/#breadcrumb","itemListElement":[{"@type":"ListItem","position":1,"name":"Portada","item":"https:\/\/arealorcaradio.es\/"},{"@type":"ListItem","position":2,"name":"Arranca el dispositivo especial para evitar robos en las zonas de cultivo que este a\u00f1o se refuerza con el control de la venta ambulante"}]},{"@type":"WebSite","@id":"https:\/\/arealorcaradio.es\/#website","url":"https:\/\/arealorcaradio.es\/","name":"AREA LORCA RADIO","description":"Descubre la programaci\u00f3n actual en \u00c1rea Lorca Radio, tu fuente de entrenamiento y noticias locales. Sintoniza ahora y mantente conectado online.","potentialAction":[{"@type":"SearchAction","target":{"@type":"EntryPoint","urlTemplate":"https:\/\/arealorcaradio.es\/?s={search_term_string}"},"query-input":{"@type":"PropertyValueSpecification","valueRequired":true,"valueName":"search_term_string"}}],"inLanguage":"es"},{"@type":"Person","@id":"https:\/\/arealorcaradio.es\/#\/schema\/person\/9fae605fc25b0f2c83c1ab207139bd27","name":"Paco S\u00e1nchez","image":{"@type":"ImageObject","inLanguage":"es","@id":"https:\/\/secure.gravatar.com\/avatar\/d67144e966420fb74aa84c9f2a0103be4724fd14db52b52d3b6bca749f257e79?s=96&d=mm&r=g","url":"https:\/\/secure.gravatar.com\/avatar\/d67144e966420fb74aa84c9f2a0103be4724fd14db52b52d3b6bca749f257e79?s=96&d=mm&r=g","contentUrl":"https:\/\/secure.gravatar.com\/avatar\/d67144e966420fb74aa84c9f2a0103be4724fd14db52b52d3b6bca749f257e79?s=96&d=mm&r=g","caption":"Paco S\u00e1nchez"},"sameAs":["https:\/\/arealorcaradio.es"],"url":"https:\/\/arealorcaradio.es\/index.php\/author\/admin_alorcaradio\/"}]}},"_links":{"self":[{"href":"https:\/\/arealorcaradio.es\/index.php\/wp-json\/wp\/v2\/posts\/7162","targetHints":{"allow":["GET"]}}],"collection":[{"href":"https:\/\/arealorcaradio.es\/index.php\/wp-json\/wp\/v2\/posts"}],"about":[{"href":"https:\/\/arealorcaradio.es\/index.php\/wp-json\/wp\/v2\/types\/post"}],"author":[{"embeddable":true,"href":"https:\/\/arealorcaradio.es\/index.php\/wp-json\/wp\/v2\/users\/1"}],"replies":[{"embeddable":true,"href":"https:\/\/arealorcaradio.es\/index.php\/wp-json\/wp\/v2\/comments?post=7162"}],"version-history":[{"count":2,"href":"https:\/\/arealorcaradio.es\/index.php\/wp-json\/wp\/v2\/posts\/7162\/revisions"}],"predecessor-version":[{"id":7170,"href":"https:\/\/arealorcaradio.es\/index.php\/wp-json\/wp\/v2\/posts\/7162\/revisions\/7170"}],"wp:featuredmedia":[{"embeddable":true,"href":"https:\/\/arealorcaradio.es\/index.php\/wp-json\/wp\/v2\/media\/7163"}],"wp:attachment":[{"href":"https:\/\/arealorcaradio.es\/index.php\/wp-json\/wp\/v2\/media?parent=7162"}],"wp:term":[{"taxonomy":"category","embeddable":true,"href":"https:\/\/arealorcaradio.es\/index.php\/wp-json\/wp\/v2\/categories?post=7162"},{"taxonomy":"post_tag","embeddable":true,"href":"https:\/\/arealorcaradio.es\/index.php\/wp-json\/wp\/v2\/tags?post=7162"}],"curies":[{"name":"wp","href":"https:\/\/api.w.org\/{rel}","templated":true}]}}