{"id":7139,"date":"2025-06-30T17:54:29","date_gmt":"2025-06-30T17:54:29","guid":{"rendered":"https:\/\/arealorcaradio.es\/?p=7139"},"modified":"2025-06-30T17:54:29","modified_gmt":"2025-06-30T17:54:29","slug":"el-nuevo-abono-joven-permitira-a-los-menores-de-14-anos-de-anos-de-lorca-viajar-de-manera-gratuita-en-todas-las-lineas-de-autobus-urbano","status":"publish","type":"post","link":"https:\/\/arealorcaradio.es\/index.php\/2025\/06\/30\/el-nuevo-abono-joven-permitira-a-los-menores-de-14-anos-de-anos-de-lorca-viajar-de-manera-gratuita-en-todas-las-lineas-de-autobus-urbano\/","title":{"rendered":"El nuevo &#8216;abono joven&#8217; permitir\u00e1 a los menores de 14 a\u00f1os de a\u00f1os de Lorca viajar de manera gratuita en todas las l\u00edneas de autob\u00fas urbano"},"content":{"rendered":"<p><strong>\u00c1REA LORCA RADIO. Movilidad.<\/strong><\/p>\n<p class=\"v1MsoNormal\"><b>30 de junio de 2025.<\/b>\u00a0El concejal de Calidad Urbana del Ayuntamiento de Lorca, Juan Miguel Bayonas, ha anunciado este lunes la puesta en marcha del nuevo &#8216;Abono Joven&#8217;, una iniciativa del Gobierno de Lorca, a trav\u00e9s de la empresa municipal Limusa, que permitir\u00e1 a los menores de entre 0 y 14 a\u00f1os viajar completamente gratis en todas las l\u00edneas de autob\u00fas urbano del municipio.<\/p>\n<p class=\"v1MsoNormal\">Juan Miguel Bayonas ha explicado que \u00abeste nuevo abono supone la bonificaci\u00f3n total del billete para los m\u00e1s peque\u00f1os, sin ninguna restricci\u00f3n m\u00e1s all\u00e1 de la edad, y estar\u00e1 vigente durante todo el a\u00f1o\u00bb. Las solicitudes para obtener este abono deber\u00e1n realizarse de forma presencial en las oficinas de Limusa, situadas en Plaza \u00d3valo, en horario de 9:00 a 14:00 horas.<\/p>\n<p class=\"v1MsoNormal\">\u00abDesde el Gobierno de Lorca seguimos trabajando para fomentar el uso del transporte p\u00fablico entre los lorquinos, y especialmente entre los m\u00e1s j\u00f3venes. Este abono no solo les permitir\u00e1 moverse por la ciudad sin coste alguno, sino que tambi\u00e9n es una medida que apuesta por una movilidad m\u00e1s sostenible y accesible. Queremos que nuestros ni\u00f1os y ni\u00f1as puedan ir al colegio, al conservatorio, a entrenar o a casa de sus abuelos sin condicionantes econ\u00f3micos\u00bb, ha afirmado el concejal de Calidad Urbana.<\/p>\n<p class=\"v1MsoNormal\">Bayonas ha subrayado que el nuevo &#8216;Abono Joven&#8217; se enmarca en una l\u00ednea de actuaciones \u00abque demuestran el firme compromiso del Gobierno de Lorca con la infancia y la juventud, facilit\u00e1ndoles el acceso a recursos y oportunidades a trav\u00e9s de pol\u00edticas activas como esta. No se trata solo de un abono, sino de poner a disposici\u00f3n de los m\u00e1s peque\u00f1os herramientas que les permitan crecer en igualdad de condiciones\u00bb.<\/p>\n<p class=\"v1MsoNormal\">Asimismo, y como consecuencia de la entrada en vigor del Real Decreto-Ley 1\/2025 aprobado por el Gobierno de Espa\u00f1a, el edil de Calidad Urbana ha informado de que a partir del 1 de julio y hasta el 31 de diciembre, se aplicar\u00e1 una bonificaci\u00f3n del 40% sobre el precio de los bonos de autob\u00fas urbano de Lorca.<\/p>\n<p class=\"v1MsoNormal\">\u00abEsta medida sustituye a la bonificaci\u00f3n del 60% que los usuarios han disfrutado durante el primer semestre del a\u00f1o, pero permite seguir manteniendo un sistema tarifario ventajoso para todos los colectivos que hacen uso del transporte urbano. A pesar de la restricci\u00f3n impuesta por el Ejecutivo nacional, hemos conseguido mantener una bonificaci\u00f3n beneficiosa para los lorquinos, que les permite vivir, trabajar, abastecerse, cuidarse, educarse y descansar, teni\u00e9ndolo todo cerca, en esta nueva Lorca, la &#8216;Lorca de los 15 minutos&#8217;, ha explicado Juan Miguel Bayonas.<\/p>\n<p class=\"v1MsoNormal\"><strong>Los precios bonificados, que ya incluyen esta reducci\u00f3n del 40%, ser\u00e1n los siguientes:<\/strong><\/p>\n<p class=\"v1MsoNormal\">\u00a0 \u00a0 \u00a0\u2022 Bono para estudiantes y asistentes a cursos del CDL: 12 euros (precio sin reducci\u00f3n: 20 euros)<\/p>\n<p class=\"v1MsoNormal\">\u00a0 \u00a0 \u00a0\u2022 Bono mensual: 18 euros (precio original: 30 euros)<\/p>\n<p class=\"v1MsoNormal\">\u00a0 \u00a0 \u00a0\u2022 Bono para deportistas federados y familias numerosas: 6 euros<\/p>\n<p class=\"v1MsoNormal\">\u00a0 \u00a0 \u00a0\u2022 Abono mensual completo: 27 euros (precio original: 45 euros)<\/p>\n<p class=\"v1MsoNormal\">Todos los bonos, incluido el nuevo &#8216;Abono Joven&#8217; gratuito, requerir\u00e1n un pago \u00fanico de 2 euros en concepto de expedici\u00f3n del t\u00edtulo habilitante.<\/p>\n","protected":false},"excerpt":{"rendered":"<p>\u00c1REA LORCA RADIO. Movilidad. 30 de junio de 2025.\u00a0El concejal de Calidad Urbana del Ayuntamiento de Lorca, Juan Miguel Bayonas, ha anunciado este lunes la puesta en marcha del nuevo &#8216;Abono Joven&#8217;, una iniciativa del Gobierno de Lorca, a trav\u00e9s de la empresa municipal Limusa, que permitir\u00e1 a los menores de entre 0 y 14 [&hellip;]<\/p>\n","protected":false},"author":1,"featured_media":7140,"comment_status":"open","ping_status":"open","sticky":false,"template":"","format":"standard","meta":{"iawp_total_views":97,"footnotes":""},"categories":[5,7],"tags":[],"class_list":["post-7139","post","type-post","status-publish","format-standard","has-post-thumbnail","hentry","category-actualidad","category-lorca"],"yoast_head":"<!-- This site is optimized with the Yoast SEO plugin v27.5 - https:\/\/yoast.com\/product\/yoast-seo-wordpress\/ -->\n<title>El nuevo &#039;abono joven&#039; permitir\u00e1 a los menores de 14 a\u00f1os de a\u00f1os de Lorca viajar de manera gratuita en todas las l\u00edneas de autob\u00fas urbano - AREA LORCA RADIO<\/title>\n<meta name=\"robots\" content=\"index, follow, max-snippet:-1, max-image-preview:large, max-video-preview:-1\" \/>\n<link rel=\"canonical\" href=\"https:\/\/arealorcaradio.es\/index.php\/2025\/06\/30\/el-nuevo-abono-joven-permitira-a-los-menores-de-14-anos-de-anos-de-lorca-viajar-de-manera-gratuita-en-todas-las-lineas-de-autobus-urbano\/\" \/>\n<meta property=\"og:locale\" content=\"es_ES\" \/>\n<meta property=\"og:type\" content=\"article\" \/>\n<meta property=\"og:title\" content=\"El nuevo &#039;abono joven&#039; permitir\u00e1 a los menores de 14 a\u00f1os de a\u00f1os de Lorca viajar de manera gratuita en todas las l\u00edneas de autob\u00fas urbano - AREA LORCA RADIO\" \/>\n<meta property=\"og:description\" content=\"\u00c1REA LORCA RADIO. Movilidad. 30 de junio de 2025.\u00a0El concejal de Calidad Urbana del Ayuntamiento de Lorca, Juan Miguel Bayonas, ha anunciado este lunes la puesta en marcha del nuevo &#8216;Abono Joven&#8217;, una iniciativa del Gobierno de Lorca, a trav\u00e9s de la empresa municipal Limusa, que permitir\u00e1 a los menores de entre 0 y 14 [&hellip;]\" \/>\n<meta property=\"og:url\" content=\"https:\/\/arealorcaradio.es\/index.php\/2025\/06\/30\/el-nuevo-abono-joven-permitira-a-los-menores-de-14-anos-de-anos-de-lorca-viajar-de-manera-gratuita-en-todas-las-lineas-de-autobus-urbano\/\" \/>\n<meta property=\"og:site_name\" content=\"AREA LORCA RADIO\" \/>\n<meta property=\"article:published_time\" content=\"2025-06-30T17:54:29+00:00\" \/>\n<meta property=\"og:image\" content=\"https:\/\/arealorcaradio.es\/wp-content\/uploads\/2025\/06\/BUS-URBANO-6.jpeg\" \/>\n\t<meta property=\"og:image:width\" content=\"1024\" \/>\n\t<meta property=\"og:image:height\" content=\"768\" \/>\n\t<meta property=\"og:image:type\" content=\"image\/jpeg\" \/>\n<meta name=\"author\" content=\"Paco S\u00e1nchez\" \/>\n<meta name=\"twitter:card\" content=\"summary_large_image\" \/>\n<meta name=\"twitter:label1\" content=\"Escrito por\" \/>\n\t<meta name=\"twitter:data1\" content=\"Paco S\u00e1nchez\" \/>\n\t<meta name=\"twitter:label2\" content=\"Tiempo de lectura\" \/>\n\t<meta name=\"twitter:data2\" content=\"3 minutos\" \/>\n<script type=\"application\/ld+json\" class=\"yoast-schema-graph\">{\"@context\":\"https:\\\/\\\/schema.org\",\"@graph\":[{\"@type\":\"Article\",\"@id\":\"https:\\\/\\\/arealorcaradio.es\\\/index.php\\\/2025\\\/06\\\/30\\\/el-nuevo-abono-joven-permitira-a-los-menores-de-14-anos-de-anos-de-lorca-viajar-de-manera-gratuita-en-todas-las-lineas-de-autobus-urbano\\\/#article\",\"isPartOf\":{\"@id\":\"https:\\\/\\\/arealorcaradio.es\\\/index.php\\\/2025\\\/06\\\/30\\\/el-nuevo-abono-joven-permitira-a-los-menores-de-14-anos-de-anos-de-lorca-viajar-de-manera-gratuita-en-todas-las-lineas-de-autobus-urbano\\\/\"},\"author\":{\"name\":\"Paco S\u00e1nchez\",\"@id\":\"https:\\\/\\\/arealorcaradio.es\\\/#\\\/schema\\\/person\\\/9fae605fc25b0f2c83c1ab207139bd27\"},\"headline\":\"El nuevo &#8216;abono joven&#8217; permitir\u00e1 a los menores de 14 a\u00f1os de a\u00f1os de Lorca viajar de manera gratuita en todas las l\u00edneas de autob\u00fas urbano\",\"datePublished\":\"2025-06-30T17:54:29+00:00\",\"mainEntityOfPage\":{\"@id\":\"https:\\\/\\\/arealorcaradio.es\\\/index.php\\\/2025\\\/06\\\/30\\\/el-nuevo-abono-joven-permitira-a-los-menores-de-14-anos-de-anos-de-lorca-viajar-de-manera-gratuita-en-todas-las-lineas-de-autobus-urbano\\\/\"},\"wordCount\":547,\"commentCount\":0,\"image\":{\"@id\":\"https:\\\/\\\/arealorcaradio.es\\\/index.php\\\/2025\\\/06\\\/30\\\/el-nuevo-abono-joven-permitira-a-los-menores-de-14-anos-de-anos-de-lorca-viajar-de-manera-gratuita-en-todas-las-lineas-de-autobus-urbano\\\/#primaryimage\"},\"thumbnailUrl\":\"https:\\\/\\\/arealorcaradio.es\\\/wp-content\\\/uploads\\\/2025\\\/06\\\/BUS-URBANO-6.jpeg\",\"articleSection\":[\"ACTUALIDAD\",\"LORCA\"],\"inLanguage\":\"es\",\"potentialAction\":[{\"@type\":\"CommentAction\",\"name\":\"Comment\",\"target\":[\"https:\\\/\\\/arealorcaradio.es\\\/index.php\\\/2025\\\/06\\\/30\\\/el-nuevo-abono-joven-permitira-a-los-menores-de-14-anos-de-anos-de-lorca-viajar-de-manera-gratuita-en-todas-las-lineas-de-autobus-urbano\\\/#respond\"]}]},{\"@type\":\"WebPage\",\"@id\":\"https:\\\/\\\/arealorcaradio.es\\\/index.php\\\/2025\\\/06\\\/30\\\/el-nuevo-abono-joven-permitira-a-los-menores-de-14-anos-de-anos-de-lorca-viajar-de-manera-gratuita-en-todas-las-lineas-de-autobus-urbano\\\/\",\"url\":\"https:\\\/\\\/arealorcaradio.es\\\/index.php\\\/2025\\\/06\\\/30\\\/el-nuevo-abono-joven-permitira-a-los-menores-de-14-anos-de-anos-de-lorca-viajar-de-manera-gratuita-en-todas-las-lineas-de-autobus-urbano\\\/\",\"name\":\"El nuevo 'abono joven' permitir\u00e1 a los menores de 14 a\u00f1os de a\u00f1os de Lorca viajar de manera gratuita en todas las l\u00edneas de autob\u00fas urbano - AREA LORCA RADIO\",\"isPartOf\":{\"@id\":\"https:\\\/\\\/arealorcaradio.es\\\/#website\"},\"primaryImageOfPage\":{\"@id\":\"https:\\\/\\\/arealorcaradio.es\\\/index.php\\\/2025\\\/06\\\/30\\\/el-nuevo-abono-joven-permitira-a-los-menores-de-14-anos-de-anos-de-lorca-viajar-de-manera-gratuita-en-todas-las-lineas-de-autobus-urbano\\\/#primaryimage\"},\"image\":{\"@id\":\"https:\\\/\\\/arealorcaradio.es\\\/index.php\\\/2025\\\/06\\\/30\\\/el-nuevo-abono-joven-permitira-a-los-menores-de-14-anos-de-anos-de-lorca-viajar-de-manera-gratuita-en-todas-las-lineas-de-autobus-urbano\\\/#primaryimage\"},\"thumbnailUrl\":\"https:\\\/\\\/arealorcaradio.es\\\/wp-content\\\/uploads\\\/2025\\\/06\\\/BUS-URBANO-6.jpeg\",\"datePublished\":\"2025-06-30T17:54:29+00:00\",\"author\":{\"@id\":\"https:\\\/\\\/arealorcaradio.es\\\/#\\\/schema\\\/person\\\/9fae605fc25b0f2c83c1ab207139bd27\"},\"breadcrumb\":{\"@id\":\"https:\\\/\\\/arealorcaradio.es\\\/index.php\\\/2025\\\/06\\\/30\\\/el-nuevo-abono-joven-permitira-a-los-menores-de-14-anos-de-anos-de-lorca-viajar-de-manera-gratuita-en-todas-las-lineas-de-autobus-urbano\\\/#breadcrumb\"},\"inLanguage\":\"es\",\"potentialAction\":[{\"@type\":\"ReadAction\",\"target\":[\"https:\\\/\\\/arealorcaradio.es\\\/index.php\\\/2025\\\/06\\\/30\\\/el-nuevo-abono-joven-permitira-a-los-menores-de-14-anos-de-anos-de-lorca-viajar-de-manera-gratuita-en-todas-las-lineas-de-autobus-urbano\\\/\"]}]},{\"@type\":\"ImageObject\",\"inLanguage\":\"es\",\"@id\":\"https:\\\/\\\/arealorcaradio.es\\\/index.php\\\/2025\\\/06\\\/30\\\/el-nuevo-abono-joven-permitira-a-los-menores-de-14-anos-de-anos-de-lorca-viajar-de-manera-gratuita-en-todas-las-lineas-de-autobus-urbano\\\/#primaryimage\",\"url\":\"https:\\\/\\\/arealorcaradio.es\\\/wp-content\\\/uploads\\\/2025\\\/06\\\/BUS-URBANO-6.jpeg\",\"contentUrl\":\"https:\\\/\\\/arealorcaradio.es\\\/wp-content\\\/uploads\\\/2025\\\/06\\\/BUS-URBANO-6.jpeg\",\"width\":1024,\"height\":768},{\"@type\":\"BreadcrumbList\",\"@id\":\"https:\\\/\\\/arealorcaradio.es\\\/index.php\\\/2025\\\/06\\\/30\\\/el-nuevo-abono-joven-permitira-a-los-menores-de-14-anos-de-anos-de-lorca-viajar-de-manera-gratuita-en-todas-las-lineas-de-autobus-urbano\\\/#breadcrumb\",\"itemListElement\":[{\"@type\":\"ListItem\",\"position\":1,\"name\":\"Portada\",\"item\":\"https:\\\/\\\/arealorcaradio.es\\\/\"},{\"@type\":\"ListItem\",\"position\":2,\"name\":\"El nuevo &#8216;abono joven&#8217; permitir\u00e1 a los menores de 14 a\u00f1os de a\u00f1os de Lorca viajar de manera gratuita en todas las l\u00edneas de autob\u00fas urbano\"}]},{\"@type\":\"WebSite\",\"@id\":\"https:\\\/\\\/arealorcaradio.es\\\/#website\",\"url\":\"https:\\\/\\\/arealorcaradio.es\\\/\",\"name\":\"AREA LORCA RADIO\",\"description\":\"Descubre la programaci\u00f3n actual en \u00c1rea Lorca Radio, tu fuente de entrenamiento y noticias locales. Sintoniza ahora y mantente conectado online.\",\"potentialAction\":[{\"@type\":\"SearchAction\",\"target\":{\"@type\":\"EntryPoint\",\"urlTemplate\":\"https:\\\/\\\/arealorcaradio.es\\\/?s={search_term_string}\"},\"query-input\":{\"@type\":\"PropertyValueSpecification\",\"valueRequired\":true,\"valueName\":\"search_term_string\"}}],\"inLanguage\":\"es\"},{\"@type\":\"Person\",\"@id\":\"https:\\\/\\\/arealorcaradio.es\\\/#\\\/schema\\\/person\\\/9fae605fc25b0f2c83c1ab207139bd27\",\"name\":\"Paco S\u00e1nchez\",\"image\":{\"@type\":\"ImageObject\",\"inLanguage\":\"es\",\"@id\":\"https:\\\/\\\/secure.gravatar.com\\\/avatar\\\/d67144e966420fb74aa84c9f2a0103be4724fd14db52b52d3b6bca749f257e79?s=96&d=mm&r=g\",\"url\":\"https:\\\/\\\/secure.gravatar.com\\\/avatar\\\/d67144e966420fb74aa84c9f2a0103be4724fd14db52b52d3b6bca749f257e79?s=96&d=mm&r=g\",\"contentUrl\":\"https:\\\/\\\/secure.gravatar.com\\\/avatar\\\/d67144e966420fb74aa84c9f2a0103be4724fd14db52b52d3b6bca749f257e79?s=96&d=mm&r=g\",\"caption\":\"Paco S\u00e1nchez\"},\"sameAs\":[\"https:\\\/\\\/arealorcaradio.es\"],\"url\":\"https:\\\/\\\/arealorcaradio.es\\\/index.php\\\/author\\\/admin_alorcaradio\\\/\"}]}<\/script>\n<!-- \/ Yoast SEO plugin. -->","yoast_head_json":{"title":"El nuevo 'abono joven' permitir\u00e1 a los menores de 14 a\u00f1os de a\u00f1os de Lorca viajar de manera gratuita en todas las l\u00edneas de autob\u00fas urbano - AREA LORCA RADIO","robots":{"index":"index","follow":"follow","max-snippet":"max-snippet:-1","max-image-preview":"max-image-preview:large","max-video-preview":"max-video-preview:-1"},"canonical":"https:\/\/arealorcaradio.es\/index.php\/2025\/06\/30\/el-nuevo-abono-joven-permitira-a-los-menores-de-14-anos-de-anos-de-lorca-viajar-de-manera-gratuita-en-todas-las-lineas-de-autobus-urbano\/","og_locale":"es_ES","og_type":"article","og_title":"El nuevo 'abono joven' permitir\u00e1 a los menores de 14 a\u00f1os de a\u00f1os de Lorca viajar de manera gratuita en todas las l\u00edneas de autob\u00fas urbano - AREA LORCA RADIO","og_description":"\u00c1REA LORCA RADIO. Movilidad. 30 de junio de 2025.\u00a0El concejal de Calidad Urbana del Ayuntamiento de Lorca, Juan Miguel Bayonas, ha anunciado este lunes la puesta en marcha del nuevo &#8216;Abono Joven&#8217;, una iniciativa del Gobierno de Lorca, a trav\u00e9s de la empresa municipal Limusa, que permitir\u00e1 a los menores de entre 0 y 14 [&hellip;]","og_url":"https:\/\/arealorcaradio.es\/index.php\/2025\/06\/30\/el-nuevo-abono-joven-permitira-a-los-menores-de-14-anos-de-anos-de-lorca-viajar-de-manera-gratuita-en-todas-las-lineas-de-autobus-urbano\/","og_site_name":"AREA LORCA RADIO","article_published_time":"2025-06-30T17:54:29+00:00","og_image":[{"width":1024,"height":768,"url":"https:\/\/arealorcaradio.es\/wp-content\/uploads\/2025\/06\/BUS-URBANO-6.jpeg","type":"image\/jpeg"}],"author":"Paco S\u00e1nchez","twitter_card":"summary_large_image","twitter_misc":{"Escrito por":"Paco S\u00e1nchez","Tiempo de lectura":"3 minutos"},"schema":{"@context":"https:\/\/schema.org","@graph":[{"@type":"Article","@id":"https:\/\/arealorcaradio.es\/index.php\/2025\/06\/30\/el-nuevo-abono-joven-permitira-a-los-menores-de-14-anos-de-anos-de-lorca-viajar-de-manera-gratuita-en-todas-las-lineas-de-autobus-urbano\/#article","isPartOf":{"@id":"https:\/\/arealorcaradio.es\/index.php\/2025\/06\/30\/el-nuevo-abono-joven-permitira-a-los-menores-de-14-anos-de-anos-de-lorca-viajar-de-manera-gratuita-en-todas-las-lineas-de-autobus-urbano\/"},"author":{"name":"Paco S\u00e1nchez","@id":"https:\/\/arealorcaradio.es\/#\/schema\/person\/9fae605fc25b0f2c83c1ab207139bd27"},"headline":"El nuevo &#8216;abono joven&#8217; permitir\u00e1 a los menores de 14 a\u00f1os de a\u00f1os de Lorca viajar de manera gratuita en todas las l\u00edneas de autob\u00fas urbano","datePublished":"2025-06-30T17:54:29+00:00","mainEntityOfPage":{"@id":"https:\/\/arealorcaradio.es\/index.php\/2025\/06\/30\/el-nuevo-abono-joven-permitira-a-los-menores-de-14-anos-de-anos-de-lorca-viajar-de-manera-gratuita-en-todas-las-lineas-de-autobus-urbano\/"},"wordCount":547,"commentCount":0,"image":{"@id":"https:\/\/arealorcaradio.es\/index.php\/2025\/06\/30\/el-nuevo-abono-joven-permitira-a-los-menores-de-14-anos-de-anos-de-lorca-viajar-de-manera-gratuita-en-todas-las-lineas-de-autobus-urbano\/#primaryimage"},"thumbnailUrl":"https:\/\/arealorcaradio.es\/wp-content\/uploads\/2025\/06\/BUS-URBANO-6.jpeg","articleSection":["ACTUALIDAD","LORCA"],"inLanguage":"es","potentialAction":[{"@type":"CommentAction","name":"Comment","target":["https:\/\/arealorcaradio.es\/index.php\/2025\/06\/30\/el-nuevo-abono-joven-permitira-a-los-menores-de-14-anos-de-anos-de-lorca-viajar-de-manera-gratuita-en-todas-las-lineas-de-autobus-urbano\/#respond"]}]},{"@type":"WebPage","@id":"https:\/\/arealorcaradio.es\/index.php\/2025\/06\/30\/el-nuevo-abono-joven-permitira-a-los-menores-de-14-anos-de-anos-de-lorca-viajar-de-manera-gratuita-en-todas-las-lineas-de-autobus-urbano\/","url":"https:\/\/arealorcaradio.es\/index.php\/2025\/06\/30\/el-nuevo-abono-joven-permitira-a-los-menores-de-14-anos-de-anos-de-lorca-viajar-de-manera-gratuita-en-todas-las-lineas-de-autobus-urbano\/","name":"El nuevo 'abono joven' permitir\u00e1 a los menores de 14 a\u00f1os de a\u00f1os de Lorca viajar de manera gratuita en todas las l\u00edneas de autob\u00fas urbano - AREA LORCA RADIO","isPartOf":{"@id":"https:\/\/arealorcaradio.es\/#website"},"primaryImageOfPage":{"@id":"https:\/\/arealorcaradio.es\/index.php\/2025\/06\/30\/el-nuevo-abono-joven-permitira-a-los-menores-de-14-anos-de-anos-de-lorca-viajar-de-manera-gratuita-en-todas-las-lineas-de-autobus-urbano\/#primaryimage"},"image":{"@id":"https:\/\/arealorcaradio.es\/index.php\/2025\/06\/30\/el-nuevo-abono-joven-permitira-a-los-menores-de-14-anos-de-anos-de-lorca-viajar-de-manera-gratuita-en-todas-las-lineas-de-autobus-urbano\/#primaryimage"},"thumbnailUrl":"https:\/\/arealorcaradio.es\/wp-content\/uploads\/2025\/06\/BUS-URBANO-6.jpeg","datePublished":"2025-06-30T17:54:29+00:00","author":{"@id":"https:\/\/arealorcaradio.es\/#\/schema\/person\/9fae605fc25b0f2c83c1ab207139bd27"},"breadcrumb":{"@id":"https:\/\/arealorcaradio.es\/index.php\/2025\/06\/30\/el-nuevo-abono-joven-permitira-a-los-menores-de-14-anos-de-anos-de-lorca-viajar-de-manera-gratuita-en-todas-las-lineas-de-autobus-urbano\/#breadcrumb"},"inLanguage":"es","potentialAction":[{"@type":"ReadAction","target":["https:\/\/arealorcaradio.es\/index.php\/2025\/06\/30\/el-nuevo-abono-joven-permitira-a-los-menores-de-14-anos-de-anos-de-lorca-viajar-de-manera-gratuita-en-todas-las-lineas-de-autobus-urbano\/"]}]},{"@type":"ImageObject","inLanguage":"es","@id":"https:\/\/arealorcaradio.es\/index.php\/2025\/06\/30\/el-nuevo-abono-joven-permitira-a-los-menores-de-14-anos-de-anos-de-lorca-viajar-de-manera-gratuita-en-todas-las-lineas-de-autobus-urbano\/#primaryimage","url":"https:\/\/arealorcaradio.es\/wp-content\/uploads\/2025\/06\/BUS-URBANO-6.jpeg","contentUrl":"https:\/\/arealorcaradio.es\/wp-content\/uploads\/2025\/06\/BUS-URBANO-6.jpeg","width":1024,"height":768},{"@type":"BreadcrumbList","@id":"https:\/\/arealorcaradio.es\/index.php\/2025\/06\/30\/el-nuevo-abono-joven-permitira-a-los-menores-de-14-anos-de-anos-de-lorca-viajar-de-manera-gratuita-en-todas-las-lineas-de-autobus-urbano\/#breadcrumb","itemListElement":[{"@type":"ListItem","position":1,"name":"Portada","item":"https:\/\/arealorcaradio.es\/"},{"@type":"ListItem","position":2,"name":"El nuevo &#8216;abono joven&#8217; permitir\u00e1 a los menores de 14 a\u00f1os de a\u00f1os de Lorca viajar de manera gratuita en todas las l\u00edneas de autob\u00fas urbano"}]},{"@type":"WebSite","@id":"https:\/\/arealorcaradio.es\/#website","url":"https:\/\/arealorcaradio.es\/","name":"AREA LORCA RADIO","description":"Descubre la programaci\u00f3n actual en \u00c1rea Lorca Radio, tu fuente de entrenamiento y noticias locales. Sintoniza ahora y mantente conectado online.","potentialAction":[{"@type":"SearchAction","target":{"@type":"EntryPoint","urlTemplate":"https:\/\/arealorcaradio.es\/?s={search_term_string}"},"query-input":{"@type":"PropertyValueSpecification","valueRequired":true,"valueName":"search_term_string"}}],"inLanguage":"es"},{"@type":"Person","@id":"https:\/\/arealorcaradio.es\/#\/schema\/person\/9fae605fc25b0f2c83c1ab207139bd27","name":"Paco S\u00e1nchez","image":{"@type":"ImageObject","inLanguage":"es","@id":"https:\/\/secure.gravatar.com\/avatar\/d67144e966420fb74aa84c9f2a0103be4724fd14db52b52d3b6bca749f257e79?s=96&d=mm&r=g","url":"https:\/\/secure.gravatar.com\/avatar\/d67144e966420fb74aa84c9f2a0103be4724fd14db52b52d3b6bca749f257e79?s=96&d=mm&r=g","contentUrl":"https:\/\/secure.gravatar.com\/avatar\/d67144e966420fb74aa84c9f2a0103be4724fd14db52b52d3b6bca749f257e79?s=96&d=mm&r=g","caption":"Paco S\u00e1nchez"},"sameAs":["https:\/\/arealorcaradio.es"],"url":"https:\/\/arealorcaradio.es\/index.php\/author\/admin_alorcaradio\/"}]}},"_links":{"self":[{"href":"https:\/\/arealorcaradio.es\/index.php\/wp-json\/wp\/v2\/posts\/7139","targetHints":{"allow":["GET"]}}],"collection":[{"href":"https:\/\/arealorcaradio.es\/index.php\/wp-json\/wp\/v2\/posts"}],"about":[{"href":"https:\/\/arealorcaradio.es\/index.php\/wp-json\/wp\/v2\/types\/post"}],"author":[{"embeddable":true,"href":"https:\/\/arealorcaradio.es\/index.php\/wp-json\/wp\/v2\/users\/1"}],"replies":[{"embeddable":true,"href":"https:\/\/arealorcaradio.es\/index.php\/wp-json\/wp\/v2\/comments?post=7139"}],"version-history":[{"count":2,"href":"https:\/\/arealorcaradio.es\/index.php\/wp-json\/wp\/v2\/posts\/7139\/revisions"}],"predecessor-version":[{"id":7142,"href":"https:\/\/arealorcaradio.es\/index.php\/wp-json\/wp\/v2\/posts\/7139\/revisions\/7142"}],"wp:featuredmedia":[{"embeddable":true,"href":"https:\/\/arealorcaradio.es\/index.php\/wp-json\/wp\/v2\/media\/7140"}],"wp:attachment":[{"href":"https:\/\/arealorcaradio.es\/index.php\/wp-json\/wp\/v2\/media?parent=7139"}],"wp:term":[{"taxonomy":"category","embeddable":true,"href":"https:\/\/arealorcaradio.es\/index.php\/wp-json\/wp\/v2\/categories?post=7139"},{"taxonomy":"post_tag","embeddable":true,"href":"https:\/\/arealorcaradio.es\/index.php\/wp-json\/wp\/v2\/tags?post=7139"}],"curies":[{"name":"wp","href":"https:\/\/api.w.org\/{rel}","templated":true}]}}