{"id":7114,"date":"2025-06-26T18:20:36","date_gmt":"2025-06-26T18:20:36","guid":{"rendered":"https:\/\/arealorcaradio.es\/?p=7114"},"modified":"2025-06-26T18:20:36","modified_gmt":"2025-06-26T18:20:36","slug":"vicente-sanchez-mi-objetivo-en-mi-vuelta-a-hosteaguilas-es-reivindicar-la-formacion-de-profesionales-y-dar-continuidad-a-los-actuales-proyectos","status":"publish","type":"post","link":"https:\/\/arealorcaradio.es\/index.php\/2025\/06\/26\/vicente-sanchez-mi-objetivo-en-mi-vuelta-a-hosteaguilas-es-reivindicar-la-formacion-de-profesionales-y-dar-continuidad-a-los-actuales-proyectos\/","title":{"rendered":"Vicente S\u00e1nchez: \u00abMi objetivo en mi vuelta a Hosteaguilas es reivindicar la formaci\u00f3n de profesionales y dar continuidad a los actuales proyectos\u00bb"},"content":{"rendered":"<p><strong>\u00c1REA LORCA RADIO. Hosteler\u00eda.<\/strong><\/p>\n<p>Hace una fechas la Asociaci\u00f3n de Hosteleros de \u00c1guilas cambi\u00f3 parte de su directiva, volviendo al frente de la presidencia el actual gerente de Helader\u00edas Venezia Vicente S\u00e1nchez, qui\u00e9n ya fue presidente en legislaturas anteriores. Escucha aqu\u00ed la entrevista que ha concedido el nuevo presidente de Hosteaguilas a Paco S\u00e1nchez en el magazine de \u00c1rea Lorca Radio.<\/p>\n<audio class=\"wp-audio-shortcode\" id=\"audio-7114-1\" preload=\"none\" style=\"width: 100%;\" controls=\"controls\"><source type=\"audio\/mpeg\" src=\"https:\/\/arealorcaradio.es\/wp-content\/uploads\/2025\/06\/260625-VICENTE-SANCHEZ.-HOSTEAGUILAS.mp3?_=1\" \/><a href=\"https:\/\/arealorcaradio.es\/wp-content\/uploads\/2025\/06\/260625-VICENTE-SANCHEZ.-HOSTEAGUILAS.mp3\">https:\/\/arealorcaradio.es\/wp-content\/uploads\/2025\/06\/260625-VICENTE-SANCHEZ.-HOSTEAGUILAS.mp3<\/a><\/audio>\n","protected":false},"excerpt":{"rendered":"<p>\u00c1REA LORCA RADIO. Hosteler\u00eda. Hace una fechas la Asociaci\u00f3n de Hosteleros de \u00c1guilas cambi\u00f3 parte de su directiva, volviendo al frente de la presidencia el actual gerente de Helader\u00edas Venezia Vicente S\u00e1nchez, qui\u00e9n ya fue presidente en legislaturas anteriores. Escucha aqu\u00ed la entrevista que ha concedido el nuevo presidente de Hosteaguilas a Paco S\u00e1nchez en [&hellip;]<\/p>\n","protected":false},"author":1,"featured_media":7117,"comment_status":"open","ping_status":"open","sticky":false,"template":"","format":"standard","meta":{"iawp_total_views":50,"footnotes":""},"categories":[1],"tags":[],"class_list":["post-7114","post","type-post","status-publish","format-standard","has-post-thumbnail","hentry","category-videoclips"],"yoast_head":"<!-- This site is optimized with the Yoast SEO plugin v27.5 - https:\/\/yoast.com\/product\/yoast-seo-wordpress\/ -->\n<title>Vicente S\u00e1nchez: &quot;Mi objetivo en mi vuelta a Hosteaguilas es reivindicar la formaci\u00f3n de profesionales y dar continuidad a los actuales proyectos&quot; - AREA LORCA RADIO<\/title>\n<meta name=\"robots\" content=\"index, follow, max-snippet:-1, max-image-preview:large, max-video-preview:-1\" \/>\n<link rel=\"canonical\" href=\"https:\/\/arealorcaradio.es\/index.php\/2025\/06\/26\/vicente-sanchez-mi-objetivo-en-mi-vuelta-a-hosteaguilas-es-reivindicar-la-formacion-de-profesionales-y-dar-continuidad-a-los-actuales-proyectos\/\" \/>\n<meta property=\"og:locale\" content=\"es_ES\" \/>\n<meta property=\"og:type\" content=\"article\" \/>\n<meta property=\"og:title\" content=\"Vicente S\u00e1nchez: &quot;Mi objetivo en mi vuelta a Hosteaguilas es reivindicar la formaci\u00f3n de profesionales y dar continuidad a los actuales proyectos&quot; - AREA LORCA RADIO\" \/>\n<meta property=\"og:description\" content=\"\u00c1REA LORCA RADIO. Hosteler\u00eda. Hace una fechas la Asociaci\u00f3n de Hosteleros de \u00c1guilas cambi\u00f3 parte de su directiva, volviendo al frente de la presidencia el actual gerente de Helader\u00edas Venezia Vicente S\u00e1nchez, qui\u00e9n ya fue presidente en legislaturas anteriores. Escucha aqu\u00ed la entrevista que ha concedido el nuevo presidente de Hosteaguilas a Paco S\u00e1nchez en [&hellip;]\" \/>\n<meta property=\"og:url\" content=\"https:\/\/arealorcaradio.es\/index.php\/2025\/06\/26\/vicente-sanchez-mi-objetivo-en-mi-vuelta-a-hosteaguilas-es-reivindicar-la-formacion-de-profesionales-y-dar-continuidad-a-los-actuales-proyectos\/\" \/>\n<meta property=\"og:site_name\" content=\"AREA LORCA RADIO\" \/>\n<meta property=\"article:published_time\" content=\"2025-06-26T18:20:36+00:00\" \/>\n<meta property=\"og:image\" content=\"https:\/\/arealorcaradio.es\/wp-content\/uploads\/2025\/06\/20250124_111217-scaled.jpg\" \/>\n\t<meta property=\"og:image:width\" content=\"2560\" \/>\n\t<meta property=\"og:image:height\" content=\"1920\" \/>\n\t<meta property=\"og:image:type\" content=\"image\/jpeg\" \/>\n<meta name=\"author\" content=\"Paco S\u00e1nchez\" \/>\n<meta name=\"twitter:card\" content=\"summary_large_image\" \/>\n<meta name=\"twitter:label1\" content=\"Escrito por\" \/>\n\t<meta name=\"twitter:data1\" content=\"Paco S\u00e1nchez\" \/>\n\t<meta name=\"twitter:label2\" content=\"Tiempo de lectura\" \/>\n\t<meta name=\"twitter:data2\" content=\"1 minuto\" \/>\n<script type=\"application\/ld+json\" class=\"yoast-schema-graph\">{\"@context\":\"https:\\\/\\\/schema.org\",\"@graph\":[{\"@type\":\"Article\",\"@id\":\"https:\\\/\\\/arealorcaradio.es\\\/index.php\\\/2025\\\/06\\\/26\\\/vicente-sanchez-mi-objetivo-en-mi-vuelta-a-hosteaguilas-es-reivindicar-la-formacion-de-profesionales-y-dar-continuidad-a-los-actuales-proyectos\\\/#article\",\"isPartOf\":{\"@id\":\"https:\\\/\\\/arealorcaradio.es\\\/index.php\\\/2025\\\/06\\\/26\\\/vicente-sanchez-mi-objetivo-en-mi-vuelta-a-hosteaguilas-es-reivindicar-la-formacion-de-profesionales-y-dar-continuidad-a-los-actuales-proyectos\\\/\"},\"author\":{\"name\":\"Paco S\u00e1nchez\",\"@id\":\"https:\\\/\\\/arealorcaradio.es\\\/#\\\/schema\\\/person\\\/9fae605fc25b0f2c83c1ab207139bd27\"},\"headline\":\"Vicente S\u00e1nchez: \u00abMi objetivo en mi vuelta a Hosteaguilas es reivindicar la formaci\u00f3n de profesionales y dar continuidad a los actuales proyectos\u00bb\",\"datePublished\":\"2025-06-26T18:20:36+00:00\",\"mainEntityOfPage\":{\"@id\":\"https:\\\/\\\/arealorcaradio.es\\\/index.php\\\/2025\\\/06\\\/26\\\/vicente-sanchez-mi-objetivo-en-mi-vuelta-a-hosteaguilas-es-reivindicar-la-formacion-de-profesionales-y-dar-continuidad-a-los-actuales-proyectos\\\/\"},\"wordCount\":102,\"commentCount\":0,\"image\":{\"@id\":\"https:\\\/\\\/arealorcaradio.es\\\/index.php\\\/2025\\\/06\\\/26\\\/vicente-sanchez-mi-objetivo-en-mi-vuelta-a-hosteaguilas-es-reivindicar-la-formacion-de-profesionales-y-dar-continuidad-a-los-actuales-proyectos\\\/#primaryimage\"},\"thumbnailUrl\":\"https:\\\/\\\/arealorcaradio.es\\\/wp-content\\\/uploads\\\/2025\\\/06\\\/20250124_111217-scaled.jpg\",\"articleSection\":[\"Videoclips\"],\"inLanguage\":\"es\",\"potentialAction\":[{\"@type\":\"CommentAction\",\"name\":\"Comment\",\"target\":[\"https:\\\/\\\/arealorcaradio.es\\\/index.php\\\/2025\\\/06\\\/26\\\/vicente-sanchez-mi-objetivo-en-mi-vuelta-a-hosteaguilas-es-reivindicar-la-formacion-de-profesionales-y-dar-continuidad-a-los-actuales-proyectos\\\/#respond\"]}]},{\"@type\":\"WebPage\",\"@id\":\"https:\\\/\\\/arealorcaradio.es\\\/index.php\\\/2025\\\/06\\\/26\\\/vicente-sanchez-mi-objetivo-en-mi-vuelta-a-hosteaguilas-es-reivindicar-la-formacion-de-profesionales-y-dar-continuidad-a-los-actuales-proyectos\\\/\",\"url\":\"https:\\\/\\\/arealorcaradio.es\\\/index.php\\\/2025\\\/06\\\/26\\\/vicente-sanchez-mi-objetivo-en-mi-vuelta-a-hosteaguilas-es-reivindicar-la-formacion-de-profesionales-y-dar-continuidad-a-los-actuales-proyectos\\\/\",\"name\":\"Vicente S\u00e1nchez: \\\"Mi objetivo en mi vuelta a Hosteaguilas es reivindicar la formaci\u00f3n de profesionales y dar continuidad a los actuales proyectos\\\" - AREA LORCA RADIO\",\"isPartOf\":{\"@id\":\"https:\\\/\\\/arealorcaradio.es\\\/#website\"},\"primaryImageOfPage\":{\"@id\":\"https:\\\/\\\/arealorcaradio.es\\\/index.php\\\/2025\\\/06\\\/26\\\/vicente-sanchez-mi-objetivo-en-mi-vuelta-a-hosteaguilas-es-reivindicar-la-formacion-de-profesionales-y-dar-continuidad-a-los-actuales-proyectos\\\/#primaryimage\"},\"image\":{\"@id\":\"https:\\\/\\\/arealorcaradio.es\\\/index.php\\\/2025\\\/06\\\/26\\\/vicente-sanchez-mi-objetivo-en-mi-vuelta-a-hosteaguilas-es-reivindicar-la-formacion-de-profesionales-y-dar-continuidad-a-los-actuales-proyectos\\\/#primaryimage\"},\"thumbnailUrl\":\"https:\\\/\\\/arealorcaradio.es\\\/wp-content\\\/uploads\\\/2025\\\/06\\\/20250124_111217-scaled.jpg\",\"datePublished\":\"2025-06-26T18:20:36+00:00\",\"author\":{\"@id\":\"https:\\\/\\\/arealorcaradio.es\\\/#\\\/schema\\\/person\\\/9fae605fc25b0f2c83c1ab207139bd27\"},\"breadcrumb\":{\"@id\":\"https:\\\/\\\/arealorcaradio.es\\\/index.php\\\/2025\\\/06\\\/26\\\/vicente-sanchez-mi-objetivo-en-mi-vuelta-a-hosteaguilas-es-reivindicar-la-formacion-de-profesionales-y-dar-continuidad-a-los-actuales-proyectos\\\/#breadcrumb\"},\"inLanguage\":\"es\",\"potentialAction\":[{\"@type\":\"ReadAction\",\"target\":[\"https:\\\/\\\/arealorcaradio.es\\\/index.php\\\/2025\\\/06\\\/26\\\/vicente-sanchez-mi-objetivo-en-mi-vuelta-a-hosteaguilas-es-reivindicar-la-formacion-de-profesionales-y-dar-continuidad-a-los-actuales-proyectos\\\/\"]}]},{\"@type\":\"ImageObject\",\"inLanguage\":\"es\",\"@id\":\"https:\\\/\\\/arealorcaradio.es\\\/index.php\\\/2025\\\/06\\\/26\\\/vicente-sanchez-mi-objetivo-en-mi-vuelta-a-hosteaguilas-es-reivindicar-la-formacion-de-profesionales-y-dar-continuidad-a-los-actuales-proyectos\\\/#primaryimage\",\"url\":\"https:\\\/\\\/arealorcaradio.es\\\/wp-content\\\/uploads\\\/2025\\\/06\\\/20250124_111217-scaled.jpg\",\"contentUrl\":\"https:\\\/\\\/arealorcaradio.es\\\/wp-content\\\/uploads\\\/2025\\\/06\\\/20250124_111217-scaled.jpg\",\"width\":2560,\"height\":1920},{\"@type\":\"BreadcrumbList\",\"@id\":\"https:\\\/\\\/arealorcaradio.es\\\/index.php\\\/2025\\\/06\\\/26\\\/vicente-sanchez-mi-objetivo-en-mi-vuelta-a-hosteaguilas-es-reivindicar-la-formacion-de-profesionales-y-dar-continuidad-a-los-actuales-proyectos\\\/#breadcrumb\",\"itemListElement\":[{\"@type\":\"ListItem\",\"position\":1,\"name\":\"Portada\",\"item\":\"https:\\\/\\\/arealorcaradio.es\\\/\"},{\"@type\":\"ListItem\",\"position\":2,\"name\":\"Vicente S\u00e1nchez: \u00abMi objetivo en mi vuelta a Hosteaguilas es reivindicar la formaci\u00f3n de profesionales y dar continuidad a los actuales proyectos\u00bb\"}]},{\"@type\":\"WebSite\",\"@id\":\"https:\\\/\\\/arealorcaradio.es\\\/#website\",\"url\":\"https:\\\/\\\/arealorcaradio.es\\\/\",\"name\":\"AREA LORCA RADIO\",\"description\":\"Descubre la programaci\u00f3n actual en \u00c1rea Lorca Radio, tu fuente de entrenamiento y noticias locales. Sintoniza ahora y mantente conectado online.\",\"potentialAction\":[{\"@type\":\"SearchAction\",\"target\":{\"@type\":\"EntryPoint\",\"urlTemplate\":\"https:\\\/\\\/arealorcaradio.es\\\/?s={search_term_string}\"},\"query-input\":{\"@type\":\"PropertyValueSpecification\",\"valueRequired\":true,\"valueName\":\"search_term_string\"}}],\"inLanguage\":\"es\"},{\"@type\":\"Person\",\"@id\":\"https:\\\/\\\/arealorcaradio.es\\\/#\\\/schema\\\/person\\\/9fae605fc25b0f2c83c1ab207139bd27\",\"name\":\"Paco S\u00e1nchez\",\"image\":{\"@type\":\"ImageObject\",\"inLanguage\":\"es\",\"@id\":\"https:\\\/\\\/secure.gravatar.com\\\/avatar\\\/d67144e966420fb74aa84c9f2a0103be4724fd14db52b52d3b6bca749f257e79?s=96&d=mm&r=g\",\"url\":\"https:\\\/\\\/secure.gravatar.com\\\/avatar\\\/d67144e966420fb74aa84c9f2a0103be4724fd14db52b52d3b6bca749f257e79?s=96&d=mm&r=g\",\"contentUrl\":\"https:\\\/\\\/secure.gravatar.com\\\/avatar\\\/d67144e966420fb74aa84c9f2a0103be4724fd14db52b52d3b6bca749f257e79?s=96&d=mm&r=g\",\"caption\":\"Paco S\u00e1nchez\"},\"sameAs\":[\"https:\\\/\\\/arealorcaradio.es\"],\"url\":\"https:\\\/\\\/arealorcaradio.es\\\/index.php\\\/author\\\/admin_alorcaradio\\\/\"}]}<\/script>\n<!-- \/ Yoast SEO plugin. -->","yoast_head_json":{"title":"Vicente S\u00e1nchez: \"Mi objetivo en mi vuelta a Hosteaguilas es reivindicar la formaci\u00f3n de profesionales y dar continuidad a los actuales proyectos\" - AREA LORCA RADIO","robots":{"index":"index","follow":"follow","max-snippet":"max-snippet:-1","max-image-preview":"max-image-preview:large","max-video-preview":"max-video-preview:-1"},"canonical":"https:\/\/arealorcaradio.es\/index.php\/2025\/06\/26\/vicente-sanchez-mi-objetivo-en-mi-vuelta-a-hosteaguilas-es-reivindicar-la-formacion-de-profesionales-y-dar-continuidad-a-los-actuales-proyectos\/","og_locale":"es_ES","og_type":"article","og_title":"Vicente S\u00e1nchez: \"Mi objetivo en mi vuelta a Hosteaguilas es reivindicar la formaci\u00f3n de profesionales y dar continuidad a los actuales proyectos\" - AREA LORCA RADIO","og_description":"\u00c1REA LORCA RADIO. Hosteler\u00eda. Hace una fechas la Asociaci\u00f3n de Hosteleros de \u00c1guilas cambi\u00f3 parte de su directiva, volviendo al frente de la presidencia el actual gerente de Helader\u00edas Venezia Vicente S\u00e1nchez, qui\u00e9n ya fue presidente en legislaturas anteriores. Escucha aqu\u00ed la entrevista que ha concedido el nuevo presidente de Hosteaguilas a Paco S\u00e1nchez en [&hellip;]","og_url":"https:\/\/arealorcaradio.es\/index.php\/2025\/06\/26\/vicente-sanchez-mi-objetivo-en-mi-vuelta-a-hosteaguilas-es-reivindicar-la-formacion-de-profesionales-y-dar-continuidad-a-los-actuales-proyectos\/","og_site_name":"AREA LORCA RADIO","article_published_time":"2025-06-26T18:20:36+00:00","og_image":[{"width":2560,"height":1920,"url":"https:\/\/arealorcaradio.es\/wp-content\/uploads\/2025\/06\/20250124_111217-scaled.jpg","type":"image\/jpeg"}],"author":"Paco S\u00e1nchez","twitter_card":"summary_large_image","twitter_misc":{"Escrito por":"Paco S\u00e1nchez","Tiempo de lectura":"1 minuto"},"schema":{"@context":"https:\/\/schema.org","@graph":[{"@type":"Article","@id":"https:\/\/arealorcaradio.es\/index.php\/2025\/06\/26\/vicente-sanchez-mi-objetivo-en-mi-vuelta-a-hosteaguilas-es-reivindicar-la-formacion-de-profesionales-y-dar-continuidad-a-los-actuales-proyectos\/#article","isPartOf":{"@id":"https:\/\/arealorcaradio.es\/index.php\/2025\/06\/26\/vicente-sanchez-mi-objetivo-en-mi-vuelta-a-hosteaguilas-es-reivindicar-la-formacion-de-profesionales-y-dar-continuidad-a-los-actuales-proyectos\/"},"author":{"name":"Paco S\u00e1nchez","@id":"https:\/\/arealorcaradio.es\/#\/schema\/person\/9fae605fc25b0f2c83c1ab207139bd27"},"headline":"Vicente S\u00e1nchez: \u00abMi objetivo en mi vuelta a Hosteaguilas es reivindicar la formaci\u00f3n de profesionales y dar continuidad a los actuales proyectos\u00bb","datePublished":"2025-06-26T18:20:36+00:00","mainEntityOfPage":{"@id":"https:\/\/arealorcaradio.es\/index.php\/2025\/06\/26\/vicente-sanchez-mi-objetivo-en-mi-vuelta-a-hosteaguilas-es-reivindicar-la-formacion-de-profesionales-y-dar-continuidad-a-los-actuales-proyectos\/"},"wordCount":102,"commentCount":0,"image":{"@id":"https:\/\/arealorcaradio.es\/index.php\/2025\/06\/26\/vicente-sanchez-mi-objetivo-en-mi-vuelta-a-hosteaguilas-es-reivindicar-la-formacion-de-profesionales-y-dar-continuidad-a-los-actuales-proyectos\/#primaryimage"},"thumbnailUrl":"https:\/\/arealorcaradio.es\/wp-content\/uploads\/2025\/06\/20250124_111217-scaled.jpg","articleSection":["Videoclips"],"inLanguage":"es","potentialAction":[{"@type":"CommentAction","name":"Comment","target":["https:\/\/arealorcaradio.es\/index.php\/2025\/06\/26\/vicente-sanchez-mi-objetivo-en-mi-vuelta-a-hosteaguilas-es-reivindicar-la-formacion-de-profesionales-y-dar-continuidad-a-los-actuales-proyectos\/#respond"]}]},{"@type":"WebPage","@id":"https:\/\/arealorcaradio.es\/index.php\/2025\/06\/26\/vicente-sanchez-mi-objetivo-en-mi-vuelta-a-hosteaguilas-es-reivindicar-la-formacion-de-profesionales-y-dar-continuidad-a-los-actuales-proyectos\/","url":"https:\/\/arealorcaradio.es\/index.php\/2025\/06\/26\/vicente-sanchez-mi-objetivo-en-mi-vuelta-a-hosteaguilas-es-reivindicar-la-formacion-de-profesionales-y-dar-continuidad-a-los-actuales-proyectos\/","name":"Vicente S\u00e1nchez: \"Mi objetivo en mi vuelta a Hosteaguilas es reivindicar la formaci\u00f3n de profesionales y dar continuidad a los actuales proyectos\" - AREA LORCA RADIO","isPartOf":{"@id":"https:\/\/arealorcaradio.es\/#website"},"primaryImageOfPage":{"@id":"https:\/\/arealorcaradio.es\/index.php\/2025\/06\/26\/vicente-sanchez-mi-objetivo-en-mi-vuelta-a-hosteaguilas-es-reivindicar-la-formacion-de-profesionales-y-dar-continuidad-a-los-actuales-proyectos\/#primaryimage"},"image":{"@id":"https:\/\/arealorcaradio.es\/index.php\/2025\/06\/26\/vicente-sanchez-mi-objetivo-en-mi-vuelta-a-hosteaguilas-es-reivindicar-la-formacion-de-profesionales-y-dar-continuidad-a-los-actuales-proyectos\/#primaryimage"},"thumbnailUrl":"https:\/\/arealorcaradio.es\/wp-content\/uploads\/2025\/06\/20250124_111217-scaled.jpg","datePublished":"2025-06-26T18:20:36+00:00","author":{"@id":"https:\/\/arealorcaradio.es\/#\/schema\/person\/9fae605fc25b0f2c83c1ab207139bd27"},"breadcrumb":{"@id":"https:\/\/arealorcaradio.es\/index.php\/2025\/06\/26\/vicente-sanchez-mi-objetivo-en-mi-vuelta-a-hosteaguilas-es-reivindicar-la-formacion-de-profesionales-y-dar-continuidad-a-los-actuales-proyectos\/#breadcrumb"},"inLanguage":"es","potentialAction":[{"@type":"ReadAction","target":["https:\/\/arealorcaradio.es\/index.php\/2025\/06\/26\/vicente-sanchez-mi-objetivo-en-mi-vuelta-a-hosteaguilas-es-reivindicar-la-formacion-de-profesionales-y-dar-continuidad-a-los-actuales-proyectos\/"]}]},{"@type":"ImageObject","inLanguage":"es","@id":"https:\/\/arealorcaradio.es\/index.php\/2025\/06\/26\/vicente-sanchez-mi-objetivo-en-mi-vuelta-a-hosteaguilas-es-reivindicar-la-formacion-de-profesionales-y-dar-continuidad-a-los-actuales-proyectos\/#primaryimage","url":"https:\/\/arealorcaradio.es\/wp-content\/uploads\/2025\/06\/20250124_111217-scaled.jpg","contentUrl":"https:\/\/arealorcaradio.es\/wp-content\/uploads\/2025\/06\/20250124_111217-scaled.jpg","width":2560,"height":1920},{"@type":"BreadcrumbList","@id":"https:\/\/arealorcaradio.es\/index.php\/2025\/06\/26\/vicente-sanchez-mi-objetivo-en-mi-vuelta-a-hosteaguilas-es-reivindicar-la-formacion-de-profesionales-y-dar-continuidad-a-los-actuales-proyectos\/#breadcrumb","itemListElement":[{"@type":"ListItem","position":1,"name":"Portada","item":"https:\/\/arealorcaradio.es\/"},{"@type":"ListItem","position":2,"name":"Vicente S\u00e1nchez: \u00abMi objetivo en mi vuelta a Hosteaguilas es reivindicar la formaci\u00f3n de profesionales y dar continuidad a los actuales proyectos\u00bb"}]},{"@type":"WebSite","@id":"https:\/\/arealorcaradio.es\/#website","url":"https:\/\/arealorcaradio.es\/","name":"AREA LORCA RADIO","description":"Descubre la programaci\u00f3n actual en \u00c1rea Lorca Radio, tu fuente de entrenamiento y noticias locales. Sintoniza ahora y mantente conectado online.","potentialAction":[{"@type":"SearchAction","target":{"@type":"EntryPoint","urlTemplate":"https:\/\/arealorcaradio.es\/?s={search_term_string}"},"query-input":{"@type":"PropertyValueSpecification","valueRequired":true,"valueName":"search_term_string"}}],"inLanguage":"es"},{"@type":"Person","@id":"https:\/\/arealorcaradio.es\/#\/schema\/person\/9fae605fc25b0f2c83c1ab207139bd27","name":"Paco S\u00e1nchez","image":{"@type":"ImageObject","inLanguage":"es","@id":"https:\/\/secure.gravatar.com\/avatar\/d67144e966420fb74aa84c9f2a0103be4724fd14db52b52d3b6bca749f257e79?s=96&d=mm&r=g","url":"https:\/\/secure.gravatar.com\/avatar\/d67144e966420fb74aa84c9f2a0103be4724fd14db52b52d3b6bca749f257e79?s=96&d=mm&r=g","contentUrl":"https:\/\/secure.gravatar.com\/avatar\/d67144e966420fb74aa84c9f2a0103be4724fd14db52b52d3b6bca749f257e79?s=96&d=mm&r=g","caption":"Paco S\u00e1nchez"},"sameAs":["https:\/\/arealorcaradio.es"],"url":"https:\/\/arealorcaradio.es\/index.php\/author\/admin_alorcaradio\/"}]}},"_links":{"self":[{"href":"https:\/\/arealorcaradio.es\/index.php\/wp-json\/wp\/v2\/posts\/7114","targetHints":{"allow":["GET"]}}],"collection":[{"href":"https:\/\/arealorcaradio.es\/index.php\/wp-json\/wp\/v2\/posts"}],"about":[{"href":"https:\/\/arealorcaradio.es\/index.php\/wp-json\/wp\/v2\/types\/post"}],"author":[{"embeddable":true,"href":"https:\/\/arealorcaradio.es\/index.php\/wp-json\/wp\/v2\/users\/1"}],"replies":[{"embeddable":true,"href":"https:\/\/arealorcaradio.es\/index.php\/wp-json\/wp\/v2\/comments?post=7114"}],"version-history":[{"count":1,"href":"https:\/\/arealorcaradio.es\/index.php\/wp-json\/wp\/v2\/posts\/7114\/revisions"}],"predecessor-version":[{"id":7116,"href":"https:\/\/arealorcaradio.es\/index.php\/wp-json\/wp\/v2\/posts\/7114\/revisions\/7116"}],"wp:featuredmedia":[{"embeddable":true,"href":"https:\/\/arealorcaradio.es\/index.php\/wp-json\/wp\/v2\/media\/7117"}],"wp:attachment":[{"href":"https:\/\/arealorcaradio.es\/index.php\/wp-json\/wp\/v2\/media?parent=7114"}],"wp:term":[{"taxonomy":"category","embeddable":true,"href":"https:\/\/arealorcaradio.es\/index.php\/wp-json\/wp\/v2\/categories?post=7114"},{"taxonomy":"post_tag","embeddable":true,"href":"https:\/\/arealorcaradio.es\/index.php\/wp-json\/wp\/v2\/tags?post=7114"}],"curies":[{"name":"wp","href":"https:\/\/api.w.org\/{rel}","templated":true}]}}