{"id":7102,"date":"2025-06-26T18:21:00","date_gmt":"2025-06-26T18:21:00","guid":{"rendered":"https:\/\/arealorcaradio.es\/?p=7102"},"modified":"2025-06-26T18:21:00","modified_gmt":"2025-06-26T18:21:00","slug":"vuelve-el-cine-de-verano-a-lorca-con-proyecciones-al-aire-libre-todos-los-martes-de-julio-y-agosto-en-la-plaza-de-calderon","status":"publish","type":"post","link":"https:\/\/arealorcaradio.es\/index.php\/2025\/06\/26\/vuelve-el-cine-de-verano-a-lorca-con-proyecciones-al-aire-libre-todos-los-martes-de-julio-y-agosto-en-la-plaza-de-calderon\/","title":{"rendered":"Vuelve el cine de verano a Lorca con proyecciones al aire libre todos los martes de julio y agosto en la Plaza de Calder\u00f3n"},"content":{"rendered":"<p><strong>\u00c1REA LORCA RADIO. Cultura.<\/strong><\/p>\n<p>Escucha aqu\u00ed la entrevista que ha concedido a Paco S\u00e1nchez el t\u00e9cnico de la Concejal\u00eda de Cultura del Ayuntamiento de Lorca <strong>Jes\u00fas Mart\u00ednez,<\/strong> en la que habla del programa que se ha preparado para estas fechas estivales tanto en Plaza de Calder\u00f3n como en pedan\u00edas.<\/p>\n<audio class=\"wp-audio-shortcode\" id=\"audio-7102-1\" preload=\"none\" style=\"width: 100%;\" controls=\"controls\"><source type=\"audio\/mpeg\" src=\"https:\/\/arealorcaradio.es\/wp-content\/uploads\/2025\/06\/260625-JESUS-MARTINEZ.-CINE-DE-VERANO.mp3?_=1\" \/><a href=\"https:\/\/arealorcaradio.es\/wp-content\/uploads\/2025\/06\/260625-JESUS-MARTINEZ.-CINE-DE-VERANO.mp3\">https:\/\/arealorcaradio.es\/wp-content\/uploads\/2025\/06\/260625-JESUS-MARTINEZ.-CINE-DE-VERANO.mp3<\/a><\/audio>\n<p><strong>26 de junio de 2025.<\/strong> Llega a Lorca una nueva edici\u00f3n del ciclo \u201cVerano de Cine 2025\u201d, que, como ya es tradici\u00f3n, se celebrar\u00e1 durante los meses de julio y agosto en la Plaza Calder\u00f3n de la Barca, todos los martes a las 22 horas. As\u00ed lo ha anunciado este jueves el concejal de Cultura del Ayuntamiento de Lorca, Santiago Parra Soriano, durante la presentaci\u00f3n de la programaci\u00f3n de una cuidada selecci\u00f3n de t\u00edtulos nacionales e internacionales de la que los lorquinos y visitantes podr\u00e1n disfrutar gratuitamente al aire libre en las noches estivales.<\/p>\n<p><img loading=\"lazy\" decoding=\"async\" class=\"alignnone size-medium wp-image-7103\" src=\"https:\/\/arealorcaradio.es\/wp-content\/uploads\/2025\/06\/WhatsApp-Image-2025-06-26-at-10.46.26-300x209.jpeg\" alt=\"\" width=\"300\" height=\"209\" srcset=\"https:\/\/arealorcaradio.es\/wp-content\/uploads\/2025\/06\/WhatsApp-Image-2025-06-26-at-10.46.26-300x209.jpeg 300w, https:\/\/arealorcaradio.es\/wp-content\/uploads\/2025\/06\/WhatsApp-Image-2025-06-26-at-10.46.26-1024x715.jpeg 1024w, https:\/\/arealorcaradio.es\/wp-content\/uploads\/2025\/06\/WhatsApp-Image-2025-06-26-at-10.46.26-768x536.jpeg 768w, https:\/\/arealorcaradio.es\/wp-content\/uploads\/2025\/06\/WhatsApp-Image-2025-06-26-at-10.46.26-1536x1072.jpeg 1536w, https:\/\/arealorcaradio.es\/wp-content\/uploads\/2025\/06\/WhatsApp-Image-2025-06-26-at-10.46.26.jpeg 1600w\" sizes=\"auto, (max-width: 300px) 100vw, 300px\" \/><\/p>\n<p>La programaci\u00f3n se abre el <strong>martes 1 de julio con \u201cLos tres mosqueteros. D\u00b4Artagnan\u201d<\/strong>, una ambiciosa producci\u00f3n francesa basada en el cl\u00e1sico de Alejandro Dumas, que ha supuesto todo un reto para la industria del cine franc\u00e9s, y que ha involucrado a sus mejores t\u00e9cnicos, actores y recursos para poder estar a la altura de una de las grandes obras literarias. Y, para poder contar la historia \u00edntegramente, se han rodado dos pel\u00edculas, que se han estrenado por separado y que se han incluido conjuntamente en la programaci\u00f3n para que al p\u00fablico pueda seguir el relato de principio al fin. La segunda parte, <strong>\u201cLos tres mosqueteros. Milady\u201d, se proyectar\u00e1 el 5 de agosto<\/strong>.<\/p>\n<p>Entre las propuestas de julio se incluyen tambi\u00e9n la comedia rom\u00e1ntica<strong> \u201cCualquiera menos t\u00fa\u201d (8 de julio)<\/strong>, que ha inspirado el cartel de esta edici\u00f3n; la cinta de acci\u00f3n <strong>\u201cEl especialista\u201d (15 de julio)<\/strong>; el drama espa\u00f1ol <strong>\u201cLa casa\u201d, basado en la adaptaci\u00f3n a personajes reales del c\u00f3mic de Paco Roca (22 de julio)<\/strong>; y, como broche final, el ic\u00f3nico thriller de acci\u00f3n <strong>\u201cJohn Wick\u201d (29 de julio)<\/strong>, que es actualmente la mejor saga de cine de acci\u00f3n y violencia y que se proyectar\u00e1 por primera vez en pantalla grande en Espa\u00f1a.<\/p>\n<p>En agosto, adem\u00e1s de la ya mencionada continuaci\u00f3n de los mosqueteros, se podr\u00e1n ver la comedia francesa <strong>\u201cLa mujer del presidente\u201d (12 de agosto)<\/strong>, una inteligente s\u00e1tira de la intimidad del poder, con el regalo de la gran interpretaci\u00f3n del mito del cine galo, Catherine Deneuve; el cl\u00e1sico <strong>\u201cUn tipo genial\u201d (19 de agosto)<\/strong>, comedia inglesa universalmente conocida por su banda sonora, a cargo de Mark Knopler, el l\u00edder del grupo Dire Straits; y la pel\u00edcula de animaci\u00f3n <strong>\u201cRobot dreams\u201d (26 de agosto)<\/strong>, otro de los grandes t\u00edtulos del cine espa\u00f1ol en 2024, a cargo de Pablo Berger que es ideal para disfrutar en familia.<\/p>\n<p><img loading=\"lazy\" decoding=\"async\" class=\"alignnone size-medium wp-image-7106\" src=\"https:\/\/arealorcaradio.es\/wp-content\/uploads\/2025\/06\/WhatsApp-Image-2025-06-26-at-10.48.41-200x300.jpeg\" alt=\"\" width=\"200\" height=\"300\" srcset=\"https:\/\/arealorcaradio.es\/wp-content\/uploads\/2025\/06\/WhatsApp-Image-2025-06-26-at-10.48.41-200x300.jpeg 200w, https:\/\/arealorcaradio.es\/wp-content\/uploads\/2025\/06\/WhatsApp-Image-2025-06-26-at-10.48.41-682x1024.jpeg 682w, https:\/\/arealorcaradio.es\/wp-content\/uploads\/2025\/06\/WhatsApp-Image-2025-06-26-at-10.48.41-768x1153.jpeg 768w, https:\/\/arealorcaradio.es\/wp-content\/uploads\/2025\/06\/WhatsApp-Image-2025-06-26-at-10.48.41-1023x1536.jpeg 1023w, https:\/\/arealorcaradio.es\/wp-content\/uploads\/2025\/06\/WhatsApp-Image-2025-06-26-at-10.48.41.jpeg 1066w\" sizes=\"auto, (max-width: 200px) 100vw, 200px\" \/><\/p>\n<p>El cine de verano se har\u00e1 extensible a otros escenarios del municipio que, por su lejan\u00eda con el casco urbano hacen extremadamente dif\u00edcil a sus usuarios disfrutar de la opci\u00f3n de la plaza Calder\u00f3n.<\/p>\n<p>Gracias al ciclo CINE+CO.PE., las pedan\u00edas de Avil\u00e9s, Zarzadilla de Totana y, por primera vez, Las Terreras, en el mes de julio; y Almendricos y Coy en agosto, podr\u00e1n disfrutar del furg\u00f3n del cine que llevar\u00e1 buena parte del programa que se ha desplegado en el centro de la ciudad a estos enclaves.<\/p>\n<p>&nbsp;<\/p>\n","protected":false},"excerpt":{"rendered":"<p>\u00c1REA LORCA RADIO. Cultura. Escucha aqu\u00ed la entrevista que ha concedido a Paco S\u00e1nchez el t\u00e9cnico de la Concejal\u00eda de Cultura del Ayuntamiento de Lorca Jes\u00fas Mart\u00ednez, en la que habla del programa que se ha preparado para estas fechas estivales tanto en Plaza de Calder\u00f3n como en pedan\u00edas. 26 de junio de 2025. Llega [&hellip;]<\/p>\n","protected":false},"author":1,"featured_media":7107,"comment_status":"open","ping_status":"open","sticky":false,"template":"","format":"standard","meta":{"iawp_total_views":15,"footnotes":""},"categories":[5,7],"tags":[],"class_list":["post-7102","post","type-post","status-publish","format-standard","has-post-thumbnail","hentry","category-actualidad","category-lorca"],"yoast_head":"<!-- This site is optimized with the Yoast SEO plugin v27.5 - https:\/\/yoast.com\/product\/yoast-seo-wordpress\/ -->\n<title>Vuelve el cine de verano a Lorca con proyecciones al aire libre todos los martes de julio y agosto en la Plaza de Calder\u00f3n - AREA LORCA RADIO<\/title>\n<meta name=\"robots\" content=\"index, follow, max-snippet:-1, max-image-preview:large, max-video-preview:-1\" \/>\n<link rel=\"canonical\" href=\"https:\/\/arealorcaradio.es\/index.php\/2025\/06\/26\/vuelve-el-cine-de-verano-a-lorca-con-proyecciones-al-aire-libre-todos-los-martes-de-julio-y-agosto-en-la-plaza-de-calderon\/\" \/>\n<meta property=\"og:locale\" content=\"es_ES\" \/>\n<meta property=\"og:type\" content=\"article\" \/>\n<meta property=\"og:title\" content=\"Vuelve el cine de verano a Lorca con proyecciones al aire libre todos los martes de julio y agosto en la Plaza de Calder\u00f3n - AREA LORCA RADIO\" \/>\n<meta property=\"og:description\" content=\"\u00c1REA LORCA RADIO. Cultura. Escucha aqu\u00ed la entrevista que ha concedido a Paco S\u00e1nchez el t\u00e9cnico de la Concejal\u00eda de Cultura del Ayuntamiento de Lorca Jes\u00fas Mart\u00ednez, en la que habla del programa que se ha preparado para estas fechas estivales tanto en Plaza de Calder\u00f3n como en pedan\u00edas. 26 de junio de 2025. Llega [&hellip;]\" \/>\n<meta property=\"og:url\" content=\"https:\/\/arealorcaradio.es\/index.php\/2025\/06\/26\/vuelve-el-cine-de-verano-a-lorca-con-proyecciones-al-aire-libre-todos-los-martes-de-julio-y-agosto-en-la-plaza-de-calderon\/\" \/>\n<meta property=\"og:site_name\" content=\"AREA LORCA RADIO\" \/>\n<meta property=\"article:published_time\" content=\"2025-06-26T18:21:00+00:00\" \/>\n<meta property=\"og:image\" content=\"https:\/\/arealorcaradio.es\/wp-content\/uploads\/2025\/06\/20250626_131557-scaled.jpg\" \/>\n\t<meta property=\"og:image:width\" content=\"2560\" \/>\n\t<meta property=\"og:image:height\" content=\"1920\" \/>\n\t<meta property=\"og:image:type\" content=\"image\/jpeg\" \/>\n<meta name=\"author\" content=\"Paco S\u00e1nchez\" \/>\n<meta name=\"twitter:card\" content=\"summary_large_image\" \/>\n<meta name=\"twitter:label1\" content=\"Escrito por\" \/>\n\t<meta name=\"twitter:data1\" content=\"Paco S\u00e1nchez\" \/>\n\t<meta name=\"twitter:label2\" content=\"Tiempo de lectura\" \/>\n\t<meta name=\"twitter:data2\" content=\"4 minutos\" \/>\n<script type=\"application\/ld+json\" class=\"yoast-schema-graph\">{\"@context\":\"https:\\\/\\\/schema.org\",\"@graph\":[{\"@type\":\"Article\",\"@id\":\"https:\\\/\\\/arealorcaradio.es\\\/index.php\\\/2025\\\/06\\\/26\\\/vuelve-el-cine-de-verano-a-lorca-con-proyecciones-al-aire-libre-todos-los-martes-de-julio-y-agosto-en-la-plaza-de-calderon\\\/#article\",\"isPartOf\":{\"@id\":\"https:\\\/\\\/arealorcaradio.es\\\/index.php\\\/2025\\\/06\\\/26\\\/vuelve-el-cine-de-verano-a-lorca-con-proyecciones-al-aire-libre-todos-los-martes-de-julio-y-agosto-en-la-plaza-de-calderon\\\/\"},\"author\":{\"name\":\"Paco S\u00e1nchez\",\"@id\":\"https:\\\/\\\/arealorcaradio.es\\\/#\\\/schema\\\/person\\\/9fae605fc25b0f2c83c1ab207139bd27\"},\"headline\":\"Vuelve el cine de verano a Lorca con proyecciones al aire libre todos los martes de julio y agosto en la Plaza de Calder\u00f3n\",\"datePublished\":\"2025-06-26T18:21:00+00:00\",\"mainEntityOfPage\":{\"@id\":\"https:\\\/\\\/arealorcaradio.es\\\/index.php\\\/2025\\\/06\\\/26\\\/vuelve-el-cine-de-verano-a-lorca-con-proyecciones-al-aire-libre-todos-los-martes-de-julio-y-agosto-en-la-plaza-de-calderon\\\/\"},\"wordCount\":619,\"commentCount\":0,\"image\":{\"@id\":\"https:\\\/\\\/arealorcaradio.es\\\/index.php\\\/2025\\\/06\\\/26\\\/vuelve-el-cine-de-verano-a-lorca-con-proyecciones-al-aire-libre-todos-los-martes-de-julio-y-agosto-en-la-plaza-de-calderon\\\/#primaryimage\"},\"thumbnailUrl\":\"https:\\\/\\\/arealorcaradio.es\\\/wp-content\\\/uploads\\\/2025\\\/06\\\/20250626_131557-scaled.jpg\",\"articleSection\":[\"ACTUALIDAD\",\"LORCA\"],\"inLanguage\":\"es\",\"potentialAction\":[{\"@type\":\"CommentAction\",\"name\":\"Comment\",\"target\":[\"https:\\\/\\\/arealorcaradio.es\\\/index.php\\\/2025\\\/06\\\/26\\\/vuelve-el-cine-de-verano-a-lorca-con-proyecciones-al-aire-libre-todos-los-martes-de-julio-y-agosto-en-la-plaza-de-calderon\\\/#respond\"]}]},{\"@type\":\"WebPage\",\"@id\":\"https:\\\/\\\/arealorcaradio.es\\\/index.php\\\/2025\\\/06\\\/26\\\/vuelve-el-cine-de-verano-a-lorca-con-proyecciones-al-aire-libre-todos-los-martes-de-julio-y-agosto-en-la-plaza-de-calderon\\\/\",\"url\":\"https:\\\/\\\/arealorcaradio.es\\\/index.php\\\/2025\\\/06\\\/26\\\/vuelve-el-cine-de-verano-a-lorca-con-proyecciones-al-aire-libre-todos-los-martes-de-julio-y-agosto-en-la-plaza-de-calderon\\\/\",\"name\":\"Vuelve el cine de verano a Lorca con proyecciones al aire libre todos los martes de julio y agosto en la Plaza de Calder\u00f3n - AREA LORCA RADIO\",\"isPartOf\":{\"@id\":\"https:\\\/\\\/arealorcaradio.es\\\/#website\"},\"primaryImageOfPage\":{\"@id\":\"https:\\\/\\\/arealorcaradio.es\\\/index.php\\\/2025\\\/06\\\/26\\\/vuelve-el-cine-de-verano-a-lorca-con-proyecciones-al-aire-libre-todos-los-martes-de-julio-y-agosto-en-la-plaza-de-calderon\\\/#primaryimage\"},\"image\":{\"@id\":\"https:\\\/\\\/arealorcaradio.es\\\/index.php\\\/2025\\\/06\\\/26\\\/vuelve-el-cine-de-verano-a-lorca-con-proyecciones-al-aire-libre-todos-los-martes-de-julio-y-agosto-en-la-plaza-de-calderon\\\/#primaryimage\"},\"thumbnailUrl\":\"https:\\\/\\\/arealorcaradio.es\\\/wp-content\\\/uploads\\\/2025\\\/06\\\/20250626_131557-scaled.jpg\",\"datePublished\":\"2025-06-26T18:21:00+00:00\",\"author\":{\"@id\":\"https:\\\/\\\/arealorcaradio.es\\\/#\\\/schema\\\/person\\\/9fae605fc25b0f2c83c1ab207139bd27\"},\"breadcrumb\":{\"@id\":\"https:\\\/\\\/arealorcaradio.es\\\/index.php\\\/2025\\\/06\\\/26\\\/vuelve-el-cine-de-verano-a-lorca-con-proyecciones-al-aire-libre-todos-los-martes-de-julio-y-agosto-en-la-plaza-de-calderon\\\/#breadcrumb\"},\"inLanguage\":\"es\",\"potentialAction\":[{\"@type\":\"ReadAction\",\"target\":[\"https:\\\/\\\/arealorcaradio.es\\\/index.php\\\/2025\\\/06\\\/26\\\/vuelve-el-cine-de-verano-a-lorca-con-proyecciones-al-aire-libre-todos-los-martes-de-julio-y-agosto-en-la-plaza-de-calderon\\\/\"]}]},{\"@type\":\"ImageObject\",\"inLanguage\":\"es\",\"@id\":\"https:\\\/\\\/arealorcaradio.es\\\/index.php\\\/2025\\\/06\\\/26\\\/vuelve-el-cine-de-verano-a-lorca-con-proyecciones-al-aire-libre-todos-los-martes-de-julio-y-agosto-en-la-plaza-de-calderon\\\/#primaryimage\",\"url\":\"https:\\\/\\\/arealorcaradio.es\\\/wp-content\\\/uploads\\\/2025\\\/06\\\/20250626_131557-scaled.jpg\",\"contentUrl\":\"https:\\\/\\\/arealorcaradio.es\\\/wp-content\\\/uploads\\\/2025\\\/06\\\/20250626_131557-scaled.jpg\",\"width\":2560,\"height\":1920},{\"@type\":\"BreadcrumbList\",\"@id\":\"https:\\\/\\\/arealorcaradio.es\\\/index.php\\\/2025\\\/06\\\/26\\\/vuelve-el-cine-de-verano-a-lorca-con-proyecciones-al-aire-libre-todos-los-martes-de-julio-y-agosto-en-la-plaza-de-calderon\\\/#breadcrumb\",\"itemListElement\":[{\"@type\":\"ListItem\",\"position\":1,\"name\":\"Portada\",\"item\":\"https:\\\/\\\/arealorcaradio.es\\\/\"},{\"@type\":\"ListItem\",\"position\":2,\"name\":\"Vuelve el cine de verano a Lorca con proyecciones al aire libre todos los martes de julio y agosto en la Plaza de Calder\u00f3n\"}]},{\"@type\":\"WebSite\",\"@id\":\"https:\\\/\\\/arealorcaradio.es\\\/#website\",\"url\":\"https:\\\/\\\/arealorcaradio.es\\\/\",\"name\":\"AREA LORCA RADIO\",\"description\":\"Descubre la programaci\u00f3n actual en \u00c1rea Lorca Radio, tu fuente de entrenamiento y noticias locales. Sintoniza ahora y mantente conectado online.\",\"potentialAction\":[{\"@type\":\"SearchAction\",\"target\":{\"@type\":\"EntryPoint\",\"urlTemplate\":\"https:\\\/\\\/arealorcaradio.es\\\/?s={search_term_string}\"},\"query-input\":{\"@type\":\"PropertyValueSpecification\",\"valueRequired\":true,\"valueName\":\"search_term_string\"}}],\"inLanguage\":\"es\"},{\"@type\":\"Person\",\"@id\":\"https:\\\/\\\/arealorcaradio.es\\\/#\\\/schema\\\/person\\\/9fae605fc25b0f2c83c1ab207139bd27\",\"name\":\"Paco S\u00e1nchez\",\"image\":{\"@type\":\"ImageObject\",\"inLanguage\":\"es\",\"@id\":\"https:\\\/\\\/secure.gravatar.com\\\/avatar\\\/d67144e966420fb74aa84c9f2a0103be4724fd14db52b52d3b6bca749f257e79?s=96&d=mm&r=g\",\"url\":\"https:\\\/\\\/secure.gravatar.com\\\/avatar\\\/d67144e966420fb74aa84c9f2a0103be4724fd14db52b52d3b6bca749f257e79?s=96&d=mm&r=g\",\"contentUrl\":\"https:\\\/\\\/secure.gravatar.com\\\/avatar\\\/d67144e966420fb74aa84c9f2a0103be4724fd14db52b52d3b6bca749f257e79?s=96&d=mm&r=g\",\"caption\":\"Paco S\u00e1nchez\"},\"sameAs\":[\"https:\\\/\\\/arealorcaradio.es\"],\"url\":\"https:\\\/\\\/arealorcaradio.es\\\/index.php\\\/author\\\/admin_alorcaradio\\\/\"}]}<\/script>\n<!-- \/ Yoast SEO plugin. -->","yoast_head_json":{"title":"Vuelve el cine de verano a Lorca con proyecciones al aire libre todos los martes de julio y agosto en la Plaza de Calder\u00f3n - AREA LORCA RADIO","robots":{"index":"index","follow":"follow","max-snippet":"max-snippet:-1","max-image-preview":"max-image-preview:large","max-video-preview":"max-video-preview:-1"},"canonical":"https:\/\/arealorcaradio.es\/index.php\/2025\/06\/26\/vuelve-el-cine-de-verano-a-lorca-con-proyecciones-al-aire-libre-todos-los-martes-de-julio-y-agosto-en-la-plaza-de-calderon\/","og_locale":"es_ES","og_type":"article","og_title":"Vuelve el cine de verano a Lorca con proyecciones al aire libre todos los martes de julio y agosto en la Plaza de Calder\u00f3n - AREA LORCA RADIO","og_description":"\u00c1REA LORCA RADIO. Cultura. Escucha aqu\u00ed la entrevista que ha concedido a Paco S\u00e1nchez el t\u00e9cnico de la Concejal\u00eda de Cultura del Ayuntamiento de Lorca Jes\u00fas Mart\u00ednez, en la que habla del programa que se ha preparado para estas fechas estivales tanto en Plaza de Calder\u00f3n como en pedan\u00edas. 26 de junio de 2025. Llega [&hellip;]","og_url":"https:\/\/arealorcaradio.es\/index.php\/2025\/06\/26\/vuelve-el-cine-de-verano-a-lorca-con-proyecciones-al-aire-libre-todos-los-martes-de-julio-y-agosto-en-la-plaza-de-calderon\/","og_site_name":"AREA LORCA RADIO","article_published_time":"2025-06-26T18:21:00+00:00","og_image":[{"width":2560,"height":1920,"url":"https:\/\/arealorcaradio.es\/wp-content\/uploads\/2025\/06\/20250626_131557-scaled.jpg","type":"image\/jpeg"}],"author":"Paco S\u00e1nchez","twitter_card":"summary_large_image","twitter_misc":{"Escrito por":"Paco S\u00e1nchez","Tiempo de lectura":"4 minutos"},"schema":{"@context":"https:\/\/schema.org","@graph":[{"@type":"Article","@id":"https:\/\/arealorcaradio.es\/index.php\/2025\/06\/26\/vuelve-el-cine-de-verano-a-lorca-con-proyecciones-al-aire-libre-todos-los-martes-de-julio-y-agosto-en-la-plaza-de-calderon\/#article","isPartOf":{"@id":"https:\/\/arealorcaradio.es\/index.php\/2025\/06\/26\/vuelve-el-cine-de-verano-a-lorca-con-proyecciones-al-aire-libre-todos-los-martes-de-julio-y-agosto-en-la-plaza-de-calderon\/"},"author":{"name":"Paco S\u00e1nchez","@id":"https:\/\/arealorcaradio.es\/#\/schema\/person\/9fae605fc25b0f2c83c1ab207139bd27"},"headline":"Vuelve el cine de verano a Lorca con proyecciones al aire libre todos los martes de julio y agosto en la Plaza de Calder\u00f3n","datePublished":"2025-06-26T18:21:00+00:00","mainEntityOfPage":{"@id":"https:\/\/arealorcaradio.es\/index.php\/2025\/06\/26\/vuelve-el-cine-de-verano-a-lorca-con-proyecciones-al-aire-libre-todos-los-martes-de-julio-y-agosto-en-la-plaza-de-calderon\/"},"wordCount":619,"commentCount":0,"image":{"@id":"https:\/\/arealorcaradio.es\/index.php\/2025\/06\/26\/vuelve-el-cine-de-verano-a-lorca-con-proyecciones-al-aire-libre-todos-los-martes-de-julio-y-agosto-en-la-plaza-de-calderon\/#primaryimage"},"thumbnailUrl":"https:\/\/arealorcaradio.es\/wp-content\/uploads\/2025\/06\/20250626_131557-scaled.jpg","articleSection":["ACTUALIDAD","LORCA"],"inLanguage":"es","potentialAction":[{"@type":"CommentAction","name":"Comment","target":["https:\/\/arealorcaradio.es\/index.php\/2025\/06\/26\/vuelve-el-cine-de-verano-a-lorca-con-proyecciones-al-aire-libre-todos-los-martes-de-julio-y-agosto-en-la-plaza-de-calderon\/#respond"]}]},{"@type":"WebPage","@id":"https:\/\/arealorcaradio.es\/index.php\/2025\/06\/26\/vuelve-el-cine-de-verano-a-lorca-con-proyecciones-al-aire-libre-todos-los-martes-de-julio-y-agosto-en-la-plaza-de-calderon\/","url":"https:\/\/arealorcaradio.es\/index.php\/2025\/06\/26\/vuelve-el-cine-de-verano-a-lorca-con-proyecciones-al-aire-libre-todos-los-martes-de-julio-y-agosto-en-la-plaza-de-calderon\/","name":"Vuelve el cine de verano a Lorca con proyecciones al aire libre todos los martes de julio y agosto en la Plaza de Calder\u00f3n - AREA LORCA RADIO","isPartOf":{"@id":"https:\/\/arealorcaradio.es\/#website"},"primaryImageOfPage":{"@id":"https:\/\/arealorcaradio.es\/index.php\/2025\/06\/26\/vuelve-el-cine-de-verano-a-lorca-con-proyecciones-al-aire-libre-todos-los-martes-de-julio-y-agosto-en-la-plaza-de-calderon\/#primaryimage"},"image":{"@id":"https:\/\/arealorcaradio.es\/index.php\/2025\/06\/26\/vuelve-el-cine-de-verano-a-lorca-con-proyecciones-al-aire-libre-todos-los-martes-de-julio-y-agosto-en-la-plaza-de-calderon\/#primaryimage"},"thumbnailUrl":"https:\/\/arealorcaradio.es\/wp-content\/uploads\/2025\/06\/20250626_131557-scaled.jpg","datePublished":"2025-06-26T18:21:00+00:00","author":{"@id":"https:\/\/arealorcaradio.es\/#\/schema\/person\/9fae605fc25b0f2c83c1ab207139bd27"},"breadcrumb":{"@id":"https:\/\/arealorcaradio.es\/index.php\/2025\/06\/26\/vuelve-el-cine-de-verano-a-lorca-con-proyecciones-al-aire-libre-todos-los-martes-de-julio-y-agosto-en-la-plaza-de-calderon\/#breadcrumb"},"inLanguage":"es","potentialAction":[{"@type":"ReadAction","target":["https:\/\/arealorcaradio.es\/index.php\/2025\/06\/26\/vuelve-el-cine-de-verano-a-lorca-con-proyecciones-al-aire-libre-todos-los-martes-de-julio-y-agosto-en-la-plaza-de-calderon\/"]}]},{"@type":"ImageObject","inLanguage":"es","@id":"https:\/\/arealorcaradio.es\/index.php\/2025\/06\/26\/vuelve-el-cine-de-verano-a-lorca-con-proyecciones-al-aire-libre-todos-los-martes-de-julio-y-agosto-en-la-plaza-de-calderon\/#primaryimage","url":"https:\/\/arealorcaradio.es\/wp-content\/uploads\/2025\/06\/20250626_131557-scaled.jpg","contentUrl":"https:\/\/arealorcaradio.es\/wp-content\/uploads\/2025\/06\/20250626_131557-scaled.jpg","width":2560,"height":1920},{"@type":"BreadcrumbList","@id":"https:\/\/arealorcaradio.es\/index.php\/2025\/06\/26\/vuelve-el-cine-de-verano-a-lorca-con-proyecciones-al-aire-libre-todos-los-martes-de-julio-y-agosto-en-la-plaza-de-calderon\/#breadcrumb","itemListElement":[{"@type":"ListItem","position":1,"name":"Portada","item":"https:\/\/arealorcaradio.es\/"},{"@type":"ListItem","position":2,"name":"Vuelve el cine de verano a Lorca con proyecciones al aire libre todos los martes de julio y agosto en la Plaza de Calder\u00f3n"}]},{"@type":"WebSite","@id":"https:\/\/arealorcaradio.es\/#website","url":"https:\/\/arealorcaradio.es\/","name":"AREA LORCA RADIO","description":"Descubre la programaci\u00f3n actual en \u00c1rea Lorca Radio, tu fuente de entrenamiento y noticias locales. Sintoniza ahora y mantente conectado online.","potentialAction":[{"@type":"SearchAction","target":{"@type":"EntryPoint","urlTemplate":"https:\/\/arealorcaradio.es\/?s={search_term_string}"},"query-input":{"@type":"PropertyValueSpecification","valueRequired":true,"valueName":"search_term_string"}}],"inLanguage":"es"},{"@type":"Person","@id":"https:\/\/arealorcaradio.es\/#\/schema\/person\/9fae605fc25b0f2c83c1ab207139bd27","name":"Paco S\u00e1nchez","image":{"@type":"ImageObject","inLanguage":"es","@id":"https:\/\/secure.gravatar.com\/avatar\/d67144e966420fb74aa84c9f2a0103be4724fd14db52b52d3b6bca749f257e79?s=96&d=mm&r=g","url":"https:\/\/secure.gravatar.com\/avatar\/d67144e966420fb74aa84c9f2a0103be4724fd14db52b52d3b6bca749f257e79?s=96&d=mm&r=g","contentUrl":"https:\/\/secure.gravatar.com\/avatar\/d67144e966420fb74aa84c9f2a0103be4724fd14db52b52d3b6bca749f257e79?s=96&d=mm&r=g","caption":"Paco S\u00e1nchez"},"sameAs":["https:\/\/arealorcaradio.es"],"url":"https:\/\/arealorcaradio.es\/index.php\/author\/admin_alorcaradio\/"}]}},"_links":{"self":[{"href":"https:\/\/arealorcaradio.es\/index.php\/wp-json\/wp\/v2\/posts\/7102","targetHints":{"allow":["GET"]}}],"collection":[{"href":"https:\/\/arealorcaradio.es\/index.php\/wp-json\/wp\/v2\/posts"}],"about":[{"href":"https:\/\/arealorcaradio.es\/index.php\/wp-json\/wp\/v2\/types\/post"}],"author":[{"embeddable":true,"href":"https:\/\/arealorcaradio.es\/index.php\/wp-json\/wp\/v2\/users\/1"}],"replies":[{"embeddable":true,"href":"https:\/\/arealorcaradio.es\/index.php\/wp-json\/wp\/v2\/comments?post=7102"}],"version-history":[{"count":2,"href":"https:\/\/arealorcaradio.es\/index.php\/wp-json\/wp\/v2\/posts\/7102\/revisions"}],"predecessor-version":[{"id":7108,"href":"https:\/\/arealorcaradio.es\/index.php\/wp-json\/wp\/v2\/posts\/7102\/revisions\/7108"}],"wp:featuredmedia":[{"embeddable":true,"href":"https:\/\/arealorcaradio.es\/index.php\/wp-json\/wp\/v2\/media\/7107"}],"wp:attachment":[{"href":"https:\/\/arealorcaradio.es\/index.php\/wp-json\/wp\/v2\/media?parent=7102"}],"wp:term":[{"taxonomy":"category","embeddable":true,"href":"https:\/\/arealorcaradio.es\/index.php\/wp-json\/wp\/v2\/categories?post=7102"},{"taxonomy":"post_tag","embeddable":true,"href":"https:\/\/arealorcaradio.es\/index.php\/wp-json\/wp\/v2\/tags?post=7102"}],"curies":[{"name":"wp","href":"https:\/\/api.w.org\/{rel}","templated":true}]}}