{"id":7090,"date":"2025-06-25T16:49:12","date_gmt":"2025-06-25T16:49:12","guid":{"rendered":"https:\/\/arealorcaradio.es\/?p=7090"},"modified":"2025-06-25T16:49:12","modified_gmt":"2025-06-25T16:49:12","slug":"el-equipo-alevin-del-ciudad-de-lorca-futbol-sala-finaliza-campeon-de-su-categoria-y-cae-en-semifinales-de-copa","status":"publish","type":"post","link":"https:\/\/arealorcaradio.es\/index.php\/2025\/06\/25\/el-equipo-alevin-del-ciudad-de-lorca-futbol-sala-finaliza-campeon-de-su-categoria-y-cae-en-semifinales-de-copa\/","title":{"rendered":"El equipo Alev\u00edn del Ciudad de Lorca F\u00fatbol Sala finaliza campe\u00f3n de su categor\u00eda y cae en semifinales de Copa"},"content":{"rendered":"<p><strong>\u00c1REA LORCA RADIO. Deportes.<\/strong><\/p>\n<p>Escucha aqu\u00ed la entrevista que han concedido a Paco S\u00e1nchez una representaci\u00f3n de la plantilla de Liga Auton\u00f3mica Alev\u00edn del Ciudad de Lorca FS, con su segundo entrenador Antonio Vidal y los jugadores Joaqu\u00edn L\u00f3pez S\u00e1nchez, Antonio Oliver Vargas, Mario Cava Reche, Carlos Fabra Bravo y L\u00e1zaro M\u00e9ndez Manzanares.<\/p>\n<audio class=\"wp-audio-shortcode\" id=\"audio-7090-1\" preload=\"none\" style=\"width: 100%;\" controls=\"controls\"><source type=\"audio\/mpeg\" src=\"https:\/\/arealorcaradio.es\/wp-content\/uploads\/2025\/06\/250625-ENTREVISTA-CIUDAD-DE-LORCA-FS.mp3?_=1\" \/><a href=\"https:\/\/arealorcaradio.es\/wp-content\/uploads\/2025\/06\/250625-ENTREVISTA-CIUDAD-DE-LORCA-FS.mp3\">https:\/\/arealorcaradio.es\/wp-content\/uploads\/2025\/06\/250625-ENTREVISTA-CIUDAD-DE-LORCA-FS.mp3<\/a><\/audio>\n<p>Este pasado s\u00e1bado este equipo jug\u00f3 en el Pabell\u00f3n Central de Cartagena la semifinal de Copa de la FFRM cayendo por 5 goles a 3 frente al Cordillera FS. En la gran final la victoria fue para el Jimbee Cartagena \u00abA\u00bb que gano 4-2 al Cordillera FS \u00abA\u00bb.<\/p>\n<p><img loading=\"lazy\" decoding=\"async\" class=\"alignnone size-medium wp-image-7092\" src=\"https:\/\/arealorcaradio.es\/wp-content\/uploads\/2025\/06\/IMG-20250625-WA0035-300x225.jpg\" alt=\"\" width=\"300\" height=\"225\" srcset=\"https:\/\/arealorcaradio.es\/wp-content\/uploads\/2025\/06\/IMG-20250625-WA0035-300x225.jpg 300w, https:\/\/arealorcaradio.es\/wp-content\/uploads\/2025\/06\/IMG-20250625-WA0035-1024x768.jpg 1024w, https:\/\/arealorcaradio.es\/wp-content\/uploads\/2025\/06\/IMG-20250625-WA0035-768x576.jpg 768w, https:\/\/arealorcaradio.es\/wp-content\/uploads\/2025\/06\/IMG-20250625-WA0035-1536x1152.jpg 1536w, https:\/\/arealorcaradio.es\/wp-content\/uploads\/2025\/06\/IMG-20250625-WA0035-86x64.jpg 86w, https:\/\/arealorcaradio.es\/wp-content\/uploads\/2025\/06\/IMG-20250625-WA0035.jpg 2048w\" sizes=\"auto, (max-width: 300px) 100vw, 300px\" \/> <img loading=\"lazy\" decoding=\"async\" class=\"alignnone size-medium wp-image-7093\" src=\"https:\/\/arealorcaradio.es\/wp-content\/uploads\/2025\/06\/IMG-20250625-WA0043-300x225.jpg\" alt=\"\" width=\"300\" height=\"225\" srcset=\"https:\/\/arealorcaradio.es\/wp-content\/uploads\/2025\/06\/IMG-20250625-WA0043-300x225.jpg 300w, https:\/\/arealorcaradio.es\/wp-content\/uploads\/2025\/06\/IMG-20250625-WA0043-1024x768.jpg 1024w, https:\/\/arealorcaradio.es\/wp-content\/uploads\/2025\/06\/IMG-20250625-WA0043-768x576.jpg 768w, https:\/\/arealorcaradio.es\/wp-content\/uploads\/2025\/06\/IMG-20250625-WA0043-1536x1152.jpg 1536w, https:\/\/arealorcaradio.es\/wp-content\/uploads\/2025\/06\/IMG-20250625-WA0043-86x64.jpg 86w, https:\/\/arealorcaradio.es\/wp-content\/uploads\/2025\/06\/IMG-20250625-WA0043.jpg 1600w\" sizes=\"auto, (max-width: 300px) 100vw, 300px\" \/><\/p>\n<p><img loading=\"lazy\" decoding=\"async\" class=\"alignnone size-medium wp-image-7094\" src=\"https:\/\/arealorcaradio.es\/wp-content\/uploads\/2025\/06\/IMG-20250625-WA0044-300x225.jpg\" alt=\"\" width=\"300\" height=\"225\" srcset=\"https:\/\/arealorcaradio.es\/wp-content\/uploads\/2025\/06\/IMG-20250625-WA0044-300x225.jpg 300w, https:\/\/arealorcaradio.es\/wp-content\/uploads\/2025\/06\/IMG-20250625-WA0044-1024x768.jpg 1024w, https:\/\/arealorcaradio.es\/wp-content\/uploads\/2025\/06\/IMG-20250625-WA0044-768x576.jpg 768w, https:\/\/arealorcaradio.es\/wp-content\/uploads\/2025\/06\/IMG-20250625-WA0044-1536x1152.jpg 1536w, https:\/\/arealorcaradio.es\/wp-content\/uploads\/2025\/06\/IMG-20250625-WA0044-86x64.jpg 86w, https:\/\/arealorcaradio.es\/wp-content\/uploads\/2025\/06\/IMG-20250625-WA0044.jpg 2048w\" sizes=\"auto, (max-width: 300px) 100vw, 300px\" \/> <img loading=\"lazy\" decoding=\"async\" class=\"alignnone size-medium wp-image-7095\" src=\"https:\/\/arealorcaradio.es\/wp-content\/uploads\/2025\/06\/IMG-20250625-WA0027-300x225.jpg\" alt=\"\" width=\"300\" height=\"225\" srcset=\"https:\/\/arealorcaradio.es\/wp-content\/uploads\/2025\/06\/IMG-20250625-WA0027-300x225.jpg 300w, https:\/\/arealorcaradio.es\/wp-content\/uploads\/2025\/06\/IMG-20250625-WA0027-1024x768.jpg 1024w, https:\/\/arealorcaradio.es\/wp-content\/uploads\/2025\/06\/IMG-20250625-WA0027-768x576.jpg 768w, https:\/\/arealorcaradio.es\/wp-content\/uploads\/2025\/06\/IMG-20250625-WA0027-1536x1152.jpg 1536w, https:\/\/arealorcaradio.es\/wp-content\/uploads\/2025\/06\/IMG-20250625-WA0027-86x64.jpg 86w, https:\/\/arealorcaradio.es\/wp-content\/uploads\/2025\/06\/IMG-20250625-WA0027.jpg 2048w\" sizes=\"auto, (max-width: 300px) 100vw, 300px\" \/><\/p>\n<p>Gran temporada la del equipo lorquino cuya mayor\u00eda de sus integrantes jugar\u00e1n la pr\u00f3xima temporada en categor\u00eda Infantil de Divisi\u00f3n de Honor.<\/p>\n","protected":false},"excerpt":{"rendered":"<p>\u00c1REA LORCA RADIO. Deportes. Escucha aqu\u00ed la entrevista que han concedido a Paco S\u00e1nchez una representaci\u00f3n de la plantilla de Liga Auton\u00f3mica Alev\u00edn del Ciudad de Lorca FS, con su segundo entrenador Antonio Vidal y los jugadores Joaqu\u00edn L\u00f3pez S\u00e1nchez, Antonio Oliver Vargas, Mario Cava Reche, Carlos Fabra Bravo y L\u00e1zaro M\u00e9ndez Manzanares. Este pasado [&hellip;]<\/p>\n","protected":false},"author":1,"featured_media":7096,"comment_status":"open","ping_status":"open","sticky":false,"template":"","format":"standard","meta":{"iawp_total_views":194,"footnotes":""},"categories":[4,7],"tags":[],"class_list":["post-7090","post","type-post","status-publish","format-standard","has-post-thumbnail","hentry","category-deportes","category-lorca"],"yoast_head":"<!-- This site is optimized with the Yoast SEO plugin v27.5 - https:\/\/yoast.com\/product\/yoast-seo-wordpress\/ -->\n<title>El equipo Alev\u00edn del Ciudad de Lorca F\u00fatbol Sala finaliza campe\u00f3n de su categor\u00eda y cae en semifinales de Copa - AREA LORCA RADIO<\/title>\n<meta name=\"robots\" content=\"index, follow, max-snippet:-1, max-image-preview:large, max-video-preview:-1\" \/>\n<link rel=\"canonical\" href=\"https:\/\/arealorcaradio.es\/index.php\/2025\/06\/25\/el-equipo-alevin-del-ciudad-de-lorca-futbol-sala-finaliza-campeon-de-su-categoria-y-cae-en-semifinales-de-copa\/\" \/>\n<meta property=\"og:locale\" content=\"es_ES\" \/>\n<meta property=\"og:type\" content=\"article\" \/>\n<meta property=\"og:title\" content=\"El equipo Alev\u00edn del Ciudad de Lorca F\u00fatbol Sala finaliza campe\u00f3n de su categor\u00eda y cae en semifinales de Copa - AREA LORCA RADIO\" \/>\n<meta property=\"og:description\" content=\"\u00c1REA LORCA RADIO. Deportes. Escucha aqu\u00ed la entrevista que han concedido a Paco S\u00e1nchez una representaci\u00f3n de la plantilla de Liga Auton\u00f3mica Alev\u00edn del Ciudad de Lorca FS, con su segundo entrenador Antonio Vidal y los jugadores Joaqu\u00edn L\u00f3pez S\u00e1nchez, Antonio Oliver Vargas, Mario Cava Reche, Carlos Fabra Bravo y L\u00e1zaro M\u00e9ndez Manzanares. Este pasado [&hellip;]\" \/>\n<meta property=\"og:url\" content=\"https:\/\/arealorcaradio.es\/index.php\/2025\/06\/25\/el-equipo-alevin-del-ciudad-de-lorca-futbol-sala-finaliza-campeon-de-su-categoria-y-cae-en-semifinales-de-copa\/\" \/>\n<meta property=\"og:site_name\" content=\"AREA LORCA RADIO\" \/>\n<meta property=\"article:published_time\" content=\"2025-06-25T16:49:12+00:00\" \/>\n<meta property=\"og:image\" content=\"https:\/\/arealorcaradio.es\/wp-content\/uploads\/2025\/06\/20250625_172116-scaled.jpg\" \/>\n\t<meta property=\"og:image:width\" content=\"2560\" \/>\n\t<meta property=\"og:image:height\" content=\"1920\" \/>\n\t<meta property=\"og:image:type\" content=\"image\/jpeg\" \/>\n<meta name=\"author\" content=\"Paco S\u00e1nchez\" \/>\n<meta name=\"twitter:card\" content=\"summary_large_image\" \/>\n<meta name=\"twitter:label1\" content=\"Escrito por\" \/>\n\t<meta name=\"twitter:data1\" content=\"Paco S\u00e1nchez\" \/>\n\t<meta name=\"twitter:label2\" content=\"Tiempo de lectura\" \/>\n\t<meta name=\"twitter:data2\" content=\"2 minutos\" \/>\n<script type=\"application\/ld+json\" class=\"yoast-schema-graph\">{\"@context\":\"https:\\\/\\\/schema.org\",\"@graph\":[{\"@type\":\"Article\",\"@id\":\"https:\\\/\\\/arealorcaradio.es\\\/index.php\\\/2025\\\/06\\\/25\\\/el-equipo-alevin-del-ciudad-de-lorca-futbol-sala-finaliza-campeon-de-su-categoria-y-cae-en-semifinales-de-copa\\\/#article\",\"isPartOf\":{\"@id\":\"https:\\\/\\\/arealorcaradio.es\\\/index.php\\\/2025\\\/06\\\/25\\\/el-equipo-alevin-del-ciudad-de-lorca-futbol-sala-finaliza-campeon-de-su-categoria-y-cae-en-semifinales-de-copa\\\/\"},\"author\":{\"name\":\"Paco S\u00e1nchez\",\"@id\":\"https:\\\/\\\/arealorcaradio.es\\\/#\\\/schema\\\/person\\\/9fae605fc25b0f2c83c1ab207139bd27\"},\"headline\":\"El equipo Alev\u00edn del Ciudad de Lorca F\u00fatbol Sala finaliza campe\u00f3n de su categor\u00eda y cae en semifinales de Copa\",\"datePublished\":\"2025-06-25T16:49:12+00:00\",\"mainEntityOfPage\":{\"@id\":\"https:\\\/\\\/arealorcaradio.es\\\/index.php\\\/2025\\\/06\\\/25\\\/el-equipo-alevin-del-ciudad-de-lorca-futbol-sala-finaliza-campeon-de-su-categoria-y-cae-en-semifinales-de-copa\\\/\"},\"wordCount\":171,\"commentCount\":0,\"image\":{\"@id\":\"https:\\\/\\\/arealorcaradio.es\\\/index.php\\\/2025\\\/06\\\/25\\\/el-equipo-alevin-del-ciudad-de-lorca-futbol-sala-finaliza-campeon-de-su-categoria-y-cae-en-semifinales-de-copa\\\/#primaryimage\"},\"thumbnailUrl\":\"https:\\\/\\\/arealorcaradio.es\\\/wp-content\\\/uploads\\\/2025\\\/06\\\/20250625_172116-scaled.jpg\",\"articleSection\":[\"DEPORTES\",\"LORCA\"],\"inLanguage\":\"es\",\"potentialAction\":[{\"@type\":\"CommentAction\",\"name\":\"Comment\",\"target\":[\"https:\\\/\\\/arealorcaradio.es\\\/index.php\\\/2025\\\/06\\\/25\\\/el-equipo-alevin-del-ciudad-de-lorca-futbol-sala-finaliza-campeon-de-su-categoria-y-cae-en-semifinales-de-copa\\\/#respond\"]}]},{\"@type\":\"WebPage\",\"@id\":\"https:\\\/\\\/arealorcaradio.es\\\/index.php\\\/2025\\\/06\\\/25\\\/el-equipo-alevin-del-ciudad-de-lorca-futbol-sala-finaliza-campeon-de-su-categoria-y-cae-en-semifinales-de-copa\\\/\",\"url\":\"https:\\\/\\\/arealorcaradio.es\\\/index.php\\\/2025\\\/06\\\/25\\\/el-equipo-alevin-del-ciudad-de-lorca-futbol-sala-finaliza-campeon-de-su-categoria-y-cae-en-semifinales-de-copa\\\/\",\"name\":\"El equipo Alev\u00edn del Ciudad de Lorca F\u00fatbol Sala finaliza campe\u00f3n de su categor\u00eda y cae en semifinales de Copa - AREA LORCA RADIO\",\"isPartOf\":{\"@id\":\"https:\\\/\\\/arealorcaradio.es\\\/#website\"},\"primaryImageOfPage\":{\"@id\":\"https:\\\/\\\/arealorcaradio.es\\\/index.php\\\/2025\\\/06\\\/25\\\/el-equipo-alevin-del-ciudad-de-lorca-futbol-sala-finaliza-campeon-de-su-categoria-y-cae-en-semifinales-de-copa\\\/#primaryimage\"},\"image\":{\"@id\":\"https:\\\/\\\/arealorcaradio.es\\\/index.php\\\/2025\\\/06\\\/25\\\/el-equipo-alevin-del-ciudad-de-lorca-futbol-sala-finaliza-campeon-de-su-categoria-y-cae-en-semifinales-de-copa\\\/#primaryimage\"},\"thumbnailUrl\":\"https:\\\/\\\/arealorcaradio.es\\\/wp-content\\\/uploads\\\/2025\\\/06\\\/20250625_172116-scaled.jpg\",\"datePublished\":\"2025-06-25T16:49:12+00:00\",\"author\":{\"@id\":\"https:\\\/\\\/arealorcaradio.es\\\/#\\\/schema\\\/person\\\/9fae605fc25b0f2c83c1ab207139bd27\"},\"breadcrumb\":{\"@id\":\"https:\\\/\\\/arealorcaradio.es\\\/index.php\\\/2025\\\/06\\\/25\\\/el-equipo-alevin-del-ciudad-de-lorca-futbol-sala-finaliza-campeon-de-su-categoria-y-cae-en-semifinales-de-copa\\\/#breadcrumb\"},\"inLanguage\":\"es\",\"potentialAction\":[{\"@type\":\"ReadAction\",\"target\":[\"https:\\\/\\\/arealorcaradio.es\\\/index.php\\\/2025\\\/06\\\/25\\\/el-equipo-alevin-del-ciudad-de-lorca-futbol-sala-finaliza-campeon-de-su-categoria-y-cae-en-semifinales-de-copa\\\/\"]}]},{\"@type\":\"ImageObject\",\"inLanguage\":\"es\",\"@id\":\"https:\\\/\\\/arealorcaradio.es\\\/index.php\\\/2025\\\/06\\\/25\\\/el-equipo-alevin-del-ciudad-de-lorca-futbol-sala-finaliza-campeon-de-su-categoria-y-cae-en-semifinales-de-copa\\\/#primaryimage\",\"url\":\"https:\\\/\\\/arealorcaradio.es\\\/wp-content\\\/uploads\\\/2025\\\/06\\\/20250625_172116-scaled.jpg\",\"contentUrl\":\"https:\\\/\\\/arealorcaradio.es\\\/wp-content\\\/uploads\\\/2025\\\/06\\\/20250625_172116-scaled.jpg\",\"width\":2560,\"height\":1920},{\"@type\":\"BreadcrumbList\",\"@id\":\"https:\\\/\\\/arealorcaradio.es\\\/index.php\\\/2025\\\/06\\\/25\\\/el-equipo-alevin-del-ciudad-de-lorca-futbol-sala-finaliza-campeon-de-su-categoria-y-cae-en-semifinales-de-copa\\\/#breadcrumb\",\"itemListElement\":[{\"@type\":\"ListItem\",\"position\":1,\"name\":\"Portada\",\"item\":\"https:\\\/\\\/arealorcaradio.es\\\/\"},{\"@type\":\"ListItem\",\"position\":2,\"name\":\"El equipo Alev\u00edn del Ciudad de Lorca F\u00fatbol Sala finaliza campe\u00f3n de su categor\u00eda y cae en semifinales de Copa\"}]},{\"@type\":\"WebSite\",\"@id\":\"https:\\\/\\\/arealorcaradio.es\\\/#website\",\"url\":\"https:\\\/\\\/arealorcaradio.es\\\/\",\"name\":\"AREA LORCA RADIO\",\"description\":\"Descubre la programaci\u00f3n actual en \u00c1rea Lorca Radio, tu fuente de entrenamiento y noticias locales. Sintoniza ahora y mantente conectado online.\",\"potentialAction\":[{\"@type\":\"SearchAction\",\"target\":{\"@type\":\"EntryPoint\",\"urlTemplate\":\"https:\\\/\\\/arealorcaradio.es\\\/?s={search_term_string}\"},\"query-input\":{\"@type\":\"PropertyValueSpecification\",\"valueRequired\":true,\"valueName\":\"search_term_string\"}}],\"inLanguage\":\"es\"},{\"@type\":\"Person\",\"@id\":\"https:\\\/\\\/arealorcaradio.es\\\/#\\\/schema\\\/person\\\/9fae605fc25b0f2c83c1ab207139bd27\",\"name\":\"Paco S\u00e1nchez\",\"image\":{\"@type\":\"ImageObject\",\"inLanguage\":\"es\",\"@id\":\"https:\\\/\\\/secure.gravatar.com\\\/avatar\\\/d67144e966420fb74aa84c9f2a0103be4724fd14db52b52d3b6bca749f257e79?s=96&d=mm&r=g\",\"url\":\"https:\\\/\\\/secure.gravatar.com\\\/avatar\\\/d67144e966420fb74aa84c9f2a0103be4724fd14db52b52d3b6bca749f257e79?s=96&d=mm&r=g\",\"contentUrl\":\"https:\\\/\\\/secure.gravatar.com\\\/avatar\\\/d67144e966420fb74aa84c9f2a0103be4724fd14db52b52d3b6bca749f257e79?s=96&d=mm&r=g\",\"caption\":\"Paco S\u00e1nchez\"},\"sameAs\":[\"https:\\\/\\\/arealorcaradio.es\"],\"url\":\"https:\\\/\\\/arealorcaradio.es\\\/index.php\\\/author\\\/admin_alorcaradio\\\/\"}]}<\/script>\n<!-- \/ Yoast SEO plugin. -->","yoast_head_json":{"title":"El equipo Alev\u00edn del Ciudad de Lorca F\u00fatbol Sala finaliza campe\u00f3n de su categor\u00eda y cae en semifinales de Copa - AREA LORCA RADIO","robots":{"index":"index","follow":"follow","max-snippet":"max-snippet:-1","max-image-preview":"max-image-preview:large","max-video-preview":"max-video-preview:-1"},"canonical":"https:\/\/arealorcaradio.es\/index.php\/2025\/06\/25\/el-equipo-alevin-del-ciudad-de-lorca-futbol-sala-finaliza-campeon-de-su-categoria-y-cae-en-semifinales-de-copa\/","og_locale":"es_ES","og_type":"article","og_title":"El equipo Alev\u00edn del Ciudad de Lorca F\u00fatbol Sala finaliza campe\u00f3n de su categor\u00eda y cae en semifinales de Copa - AREA LORCA RADIO","og_description":"\u00c1REA LORCA RADIO. Deportes. Escucha aqu\u00ed la entrevista que han concedido a Paco S\u00e1nchez una representaci\u00f3n de la plantilla de Liga Auton\u00f3mica Alev\u00edn del Ciudad de Lorca FS, con su segundo entrenador Antonio Vidal y los jugadores Joaqu\u00edn L\u00f3pez S\u00e1nchez, Antonio Oliver Vargas, Mario Cava Reche, Carlos Fabra Bravo y L\u00e1zaro M\u00e9ndez Manzanares. Este pasado [&hellip;]","og_url":"https:\/\/arealorcaradio.es\/index.php\/2025\/06\/25\/el-equipo-alevin-del-ciudad-de-lorca-futbol-sala-finaliza-campeon-de-su-categoria-y-cae-en-semifinales-de-copa\/","og_site_name":"AREA LORCA RADIO","article_published_time":"2025-06-25T16:49:12+00:00","og_image":[{"width":2560,"height":1920,"url":"https:\/\/arealorcaradio.es\/wp-content\/uploads\/2025\/06\/20250625_172116-scaled.jpg","type":"image\/jpeg"}],"author":"Paco S\u00e1nchez","twitter_card":"summary_large_image","twitter_misc":{"Escrito por":"Paco S\u00e1nchez","Tiempo de lectura":"2 minutos"},"schema":{"@context":"https:\/\/schema.org","@graph":[{"@type":"Article","@id":"https:\/\/arealorcaradio.es\/index.php\/2025\/06\/25\/el-equipo-alevin-del-ciudad-de-lorca-futbol-sala-finaliza-campeon-de-su-categoria-y-cae-en-semifinales-de-copa\/#article","isPartOf":{"@id":"https:\/\/arealorcaradio.es\/index.php\/2025\/06\/25\/el-equipo-alevin-del-ciudad-de-lorca-futbol-sala-finaliza-campeon-de-su-categoria-y-cae-en-semifinales-de-copa\/"},"author":{"name":"Paco S\u00e1nchez","@id":"https:\/\/arealorcaradio.es\/#\/schema\/person\/9fae605fc25b0f2c83c1ab207139bd27"},"headline":"El equipo Alev\u00edn del Ciudad de Lorca F\u00fatbol Sala finaliza campe\u00f3n de su categor\u00eda y cae en semifinales de Copa","datePublished":"2025-06-25T16:49:12+00:00","mainEntityOfPage":{"@id":"https:\/\/arealorcaradio.es\/index.php\/2025\/06\/25\/el-equipo-alevin-del-ciudad-de-lorca-futbol-sala-finaliza-campeon-de-su-categoria-y-cae-en-semifinales-de-copa\/"},"wordCount":171,"commentCount":0,"image":{"@id":"https:\/\/arealorcaradio.es\/index.php\/2025\/06\/25\/el-equipo-alevin-del-ciudad-de-lorca-futbol-sala-finaliza-campeon-de-su-categoria-y-cae-en-semifinales-de-copa\/#primaryimage"},"thumbnailUrl":"https:\/\/arealorcaradio.es\/wp-content\/uploads\/2025\/06\/20250625_172116-scaled.jpg","articleSection":["DEPORTES","LORCA"],"inLanguage":"es","potentialAction":[{"@type":"CommentAction","name":"Comment","target":["https:\/\/arealorcaradio.es\/index.php\/2025\/06\/25\/el-equipo-alevin-del-ciudad-de-lorca-futbol-sala-finaliza-campeon-de-su-categoria-y-cae-en-semifinales-de-copa\/#respond"]}]},{"@type":"WebPage","@id":"https:\/\/arealorcaradio.es\/index.php\/2025\/06\/25\/el-equipo-alevin-del-ciudad-de-lorca-futbol-sala-finaliza-campeon-de-su-categoria-y-cae-en-semifinales-de-copa\/","url":"https:\/\/arealorcaradio.es\/index.php\/2025\/06\/25\/el-equipo-alevin-del-ciudad-de-lorca-futbol-sala-finaliza-campeon-de-su-categoria-y-cae-en-semifinales-de-copa\/","name":"El equipo Alev\u00edn del Ciudad de Lorca F\u00fatbol Sala finaliza campe\u00f3n de su categor\u00eda y cae en semifinales de Copa - AREA LORCA RADIO","isPartOf":{"@id":"https:\/\/arealorcaradio.es\/#website"},"primaryImageOfPage":{"@id":"https:\/\/arealorcaradio.es\/index.php\/2025\/06\/25\/el-equipo-alevin-del-ciudad-de-lorca-futbol-sala-finaliza-campeon-de-su-categoria-y-cae-en-semifinales-de-copa\/#primaryimage"},"image":{"@id":"https:\/\/arealorcaradio.es\/index.php\/2025\/06\/25\/el-equipo-alevin-del-ciudad-de-lorca-futbol-sala-finaliza-campeon-de-su-categoria-y-cae-en-semifinales-de-copa\/#primaryimage"},"thumbnailUrl":"https:\/\/arealorcaradio.es\/wp-content\/uploads\/2025\/06\/20250625_172116-scaled.jpg","datePublished":"2025-06-25T16:49:12+00:00","author":{"@id":"https:\/\/arealorcaradio.es\/#\/schema\/person\/9fae605fc25b0f2c83c1ab207139bd27"},"breadcrumb":{"@id":"https:\/\/arealorcaradio.es\/index.php\/2025\/06\/25\/el-equipo-alevin-del-ciudad-de-lorca-futbol-sala-finaliza-campeon-de-su-categoria-y-cae-en-semifinales-de-copa\/#breadcrumb"},"inLanguage":"es","potentialAction":[{"@type":"ReadAction","target":["https:\/\/arealorcaradio.es\/index.php\/2025\/06\/25\/el-equipo-alevin-del-ciudad-de-lorca-futbol-sala-finaliza-campeon-de-su-categoria-y-cae-en-semifinales-de-copa\/"]}]},{"@type":"ImageObject","inLanguage":"es","@id":"https:\/\/arealorcaradio.es\/index.php\/2025\/06\/25\/el-equipo-alevin-del-ciudad-de-lorca-futbol-sala-finaliza-campeon-de-su-categoria-y-cae-en-semifinales-de-copa\/#primaryimage","url":"https:\/\/arealorcaradio.es\/wp-content\/uploads\/2025\/06\/20250625_172116-scaled.jpg","contentUrl":"https:\/\/arealorcaradio.es\/wp-content\/uploads\/2025\/06\/20250625_172116-scaled.jpg","width":2560,"height":1920},{"@type":"BreadcrumbList","@id":"https:\/\/arealorcaradio.es\/index.php\/2025\/06\/25\/el-equipo-alevin-del-ciudad-de-lorca-futbol-sala-finaliza-campeon-de-su-categoria-y-cae-en-semifinales-de-copa\/#breadcrumb","itemListElement":[{"@type":"ListItem","position":1,"name":"Portada","item":"https:\/\/arealorcaradio.es\/"},{"@type":"ListItem","position":2,"name":"El equipo Alev\u00edn del Ciudad de Lorca F\u00fatbol Sala finaliza campe\u00f3n de su categor\u00eda y cae en semifinales de Copa"}]},{"@type":"WebSite","@id":"https:\/\/arealorcaradio.es\/#website","url":"https:\/\/arealorcaradio.es\/","name":"AREA LORCA RADIO","description":"Descubre la programaci\u00f3n actual en \u00c1rea Lorca Radio, tu fuente de entrenamiento y noticias locales. Sintoniza ahora y mantente conectado online.","potentialAction":[{"@type":"SearchAction","target":{"@type":"EntryPoint","urlTemplate":"https:\/\/arealorcaradio.es\/?s={search_term_string}"},"query-input":{"@type":"PropertyValueSpecification","valueRequired":true,"valueName":"search_term_string"}}],"inLanguage":"es"},{"@type":"Person","@id":"https:\/\/arealorcaradio.es\/#\/schema\/person\/9fae605fc25b0f2c83c1ab207139bd27","name":"Paco S\u00e1nchez","image":{"@type":"ImageObject","inLanguage":"es","@id":"https:\/\/secure.gravatar.com\/avatar\/d67144e966420fb74aa84c9f2a0103be4724fd14db52b52d3b6bca749f257e79?s=96&d=mm&r=g","url":"https:\/\/secure.gravatar.com\/avatar\/d67144e966420fb74aa84c9f2a0103be4724fd14db52b52d3b6bca749f257e79?s=96&d=mm&r=g","contentUrl":"https:\/\/secure.gravatar.com\/avatar\/d67144e966420fb74aa84c9f2a0103be4724fd14db52b52d3b6bca749f257e79?s=96&d=mm&r=g","caption":"Paco S\u00e1nchez"},"sameAs":["https:\/\/arealorcaradio.es"],"url":"https:\/\/arealorcaradio.es\/index.php\/author\/admin_alorcaradio\/"}]}},"_links":{"self":[{"href":"https:\/\/arealorcaradio.es\/index.php\/wp-json\/wp\/v2\/posts\/7090","targetHints":{"allow":["GET"]}}],"collection":[{"href":"https:\/\/arealorcaradio.es\/index.php\/wp-json\/wp\/v2\/posts"}],"about":[{"href":"https:\/\/arealorcaradio.es\/index.php\/wp-json\/wp\/v2\/types\/post"}],"author":[{"embeddable":true,"href":"https:\/\/arealorcaradio.es\/index.php\/wp-json\/wp\/v2\/users\/1"}],"replies":[{"embeddable":true,"href":"https:\/\/arealorcaradio.es\/index.php\/wp-json\/wp\/v2\/comments?post=7090"}],"version-history":[{"count":2,"href":"https:\/\/arealorcaradio.es\/index.php\/wp-json\/wp\/v2\/posts\/7090\/revisions"}],"predecessor-version":[{"id":7098,"href":"https:\/\/arealorcaradio.es\/index.php\/wp-json\/wp\/v2\/posts\/7090\/revisions\/7098"}],"wp:featuredmedia":[{"embeddable":true,"href":"https:\/\/arealorcaradio.es\/index.php\/wp-json\/wp\/v2\/media\/7096"}],"wp:attachment":[{"href":"https:\/\/arealorcaradio.es\/index.php\/wp-json\/wp\/v2\/media?parent=7090"}],"wp:term":[{"taxonomy":"category","embeddable":true,"href":"https:\/\/arealorcaradio.es\/index.php\/wp-json\/wp\/v2\/categories?post=7090"},{"taxonomy":"post_tag","embeddable":true,"href":"https:\/\/arealorcaradio.es\/index.php\/wp-json\/wp\/v2\/tags?post=7090"}],"curies":[{"name":"wp","href":"https:\/\/api.w.org\/{rel}","templated":true}]}}