{"id":7085,"date":"2025-06-24T17:14:16","date_gmt":"2025-06-24T17:14:16","guid":{"rendered":"https:\/\/arealorcaradio.es\/?p=7085"},"modified":"2025-06-24T17:14:16","modified_gmt":"2025-06-24T17:14:16","slug":"juan-jodar-no-tiene-ningun-sentido-que-se-incrementen-los-costes-sociales-las-cargas-fiscales-se-limite-unilateralmente-la-jornada-laboral-y-se-ponga-en-peligro-la-continuidad-de-muchas-py","status":"publish","type":"post","link":"https:\/\/arealorcaradio.es\/index.php\/2025\/06\/24\/juan-jodar-no-tiene-ningun-sentido-que-se-incrementen-los-costes-sociales-las-cargas-fiscales-se-limite-unilateralmente-la-jornada-laboral-y-se-ponga-en-peligro-la-continuidad-de-muchas-py\/","title":{"rendered":"Juan J\u00f3dar: \u201cNo tiene ning\u00fan sentido que se incrementen los costes sociales, las cargas fiscales, se limite unilateralmente la jornada laboral y se ponga en peligro la continuidad de muchas PYMES\u201d"},"content":{"rendered":"<p><strong>\u00c1REA LORCA RADIO. Empresas.<\/strong><\/p>\n<p>Escucha aqu\u00ed la entrevista que ha concedido <strong>Juan J\u00f3dar<\/strong> a Paco S\u00e1nchez en el programa magazine de \u00c1rea Lorca Radio. En ella expresa cuales son sus principales objetivos cara a los pr\u00f3ximos cuatro a\u00f1os al frente la<strong> Confederaci\u00f3n Comarcal de Organizaciones Empresariales de Lorca, Ceclor.<\/strong><\/p>\n<audio class=\"wp-audio-shortcode\" id=\"audio-7085-1\" preload=\"none\" style=\"width: 100%;\" controls=\"controls\"><source type=\"audio\/mpeg\" src=\"https:\/\/arealorcaradio.es\/wp-content\/uploads\/2025\/06\/240625-JUAN-JODAR.-PTE.-CECLOR.mp3?_=1\" \/><a href=\"https:\/\/arealorcaradio.es\/wp-content\/uploads\/2025\/06\/240625-JUAN-JODAR.-PTE.-CECLOR.mp3\">https:\/\/arealorcaradio.es\/wp-content\/uploads\/2025\/06\/240625-JUAN-JODAR.-PTE.-CECLOR.mp3<\/a><\/audio>\n<p><img loading=\"lazy\" decoding=\"async\" class=\"alignnone size-medium wp-image-7087\" src=\"https:\/\/arealorcaradio.es\/wp-content\/uploads\/2025\/06\/20250624_172436-300x225.jpg\" alt=\"\" width=\"300\" height=\"225\" srcset=\"https:\/\/arealorcaradio.es\/wp-content\/uploads\/2025\/06\/20250624_172436-300x225.jpg 300w, https:\/\/arealorcaradio.es\/wp-content\/uploads\/2025\/06\/20250624_172436-1024x768.jpg 1024w, https:\/\/arealorcaradio.es\/wp-content\/uploads\/2025\/06\/20250624_172436-768x576.jpg 768w, https:\/\/arealorcaradio.es\/wp-content\/uploads\/2025\/06\/20250624_172436-1536x1152.jpg 1536w, https:\/\/arealorcaradio.es\/wp-content\/uploads\/2025\/06\/20250624_172436-2048x1536.jpg 2048w, https:\/\/arealorcaradio.es\/wp-content\/uploads\/2025\/06\/20250624_172436-86x64.jpg 86w\" sizes=\"auto, (max-width: 300px) 100vw, 300px\" \/><\/p>\n<p>El presidente de Ceclor se ha referido a la coyuntura pol\u00edtica, <strong>\u201cvivimos tiempos convulsos y dif\u00edciles, en los que los empresarios, vemos que las decisiones que adopta el gobierno de Espa\u00f1a, lejos de incentivar la actividad econ\u00f3mica, la limitan y llegan incluso a intervenirla\u201d. Siendo el momento de mayor recaudaci\u00f3n de la historia, del mayor n\u00famero de cotizantes a la seguridad social, \u201cno tiene ning\u00fan sentido que se incrementen los costes sociales, las cargas fiscales, se limite unilateralmente la jornada laboral y se ponga en peligro la continuidad de muchas PYMES\u201d<\/strong>. Desde la Confederaci\u00f3n Comarcal de Organizaciones Empresariales se pide flexibilidad del sistema, basar la econom\u00eda en la libre competencia, la dr\u00e1stica contenci\u00f3n del gasto p\u00fablico, la potenciaci\u00f3n del ahorro y la inversi\u00f3n y el fomento de la innovaci\u00f3n tecnol\u00f3gica.<\/p>\n<p>Otro de los puntos tratados por Juan J\u00f3dar ha hecho referencia a la Recuperaci\u00f3n y Regeneraci\u00f3n del Casco Hist\u00f3rico de Lorca han vertebrado parte del discurso de J\u00f3dar un a\u00f1o m\u00e1s. Ped\u00eda un esfuerzo para dotar econ\u00f3micamente otra l\u00ednea de ayudas para la recuperaci\u00f3n econ\u00f3mica y comercial \u201cy completar el objetivo marcado\u201d. Adem\u00e1s, <strong>habilitar una l\u00ednea de subvenciones e incentivos fiscales para los adquirentes de vivienda que movilice a los compradores y les atraiga volver a vivir en el casco antiguo<\/strong>.<\/p>\n<p><strong>Habilitar suelo industrial<\/strong>, en el que albergar inversiones generadoras de empleo y riqueza Hay que acelerar los tr\u00e1mites para conseguir la recalificaci\u00f3n del suelo y ampliaci\u00f3n de Saprelorca, ordenar Serrata, habilitar suelo industrial en Puerto Lumbreras y aprovechar la bolsa de suelo industrial proyectada en el PGOU de \u00c1guilas.<\/p>\n<p>Las <strong>obras del Puerto de \u00c1guilas<\/strong>\u00a0deben de licitarse lo antes posible.<br \/>\nA la administraci\u00f3n le corresponde definir c\u00f3mo lo quiere para que cumpla con los intereses municipales y regionales y a los empresarios ejecutar la obra y rentabilizar la inversi\u00f3n. \u201cNo esperemos m\u00e1s, llevamos mucho tiempo, y hay que tomar decisiones\u201d.<\/p>\n<p>La <strong>Autov\u00eda Lorca \u2013 Caravaca \u2013 Fuente la Higuera<\/strong>\u00a0es una inversi\u00f3n que se tiene que ejecutar para vertebrar la regi\u00f3n. \u201cEs momento de planificar, de proyectar, de tener todo preparado para cuando, racionalmente toque, pueda realizarse\u201d.<\/p>\n<p>Las obras del <strong>Corredor mediterr\u00e1neo<\/strong>\u00a0son una realidad, se est\u00e1n ejecutando y requieren el mayor de los esfuerzos por parte de TODOS, para que limiten la actividad diaria y empresarial lo menos posible. Si la conexi\u00f3n ferroviaria con Murcia podemos tenerla a lo largo de 2026, no podemos esperar a que concluya el soterramiento. Son muchos a\u00f1os sin conexi\u00f3n ferroviaria, que dificulta la actividad, no solo econ\u00f3mica, tambi\u00e9n el correcto funcionamiento del Campus Universitario, el turismo y la cultura.<\/p>\n<p>&nbsp;<\/p>\n","protected":false},"excerpt":{"rendered":"<p>\u00c1REA LORCA RADIO. Empresas. Escucha aqu\u00ed la entrevista que ha concedido Juan J\u00f3dar a Paco S\u00e1nchez en el programa magazine de \u00c1rea Lorca Radio. En ella expresa cuales son sus principales objetivos cara a los pr\u00f3ximos cuatro a\u00f1os al frente la Confederaci\u00f3n Comarcal de Organizaciones Empresariales de Lorca, Ceclor. El presidente de Ceclor se ha [&hellip;]<\/p>\n","protected":false},"author":1,"featured_media":7088,"comment_status":"open","ping_status":"open","sticky":false,"template":"","format":"standard","meta":{"iawp_total_views":36,"footnotes":""},"categories":[5,7],"tags":[],"class_list":["post-7085","post","type-post","status-publish","format-standard","has-post-thumbnail","hentry","category-actualidad","category-lorca"],"yoast_head":"<!-- This site is optimized with the Yoast SEO plugin v27.5 - https:\/\/yoast.com\/product\/yoast-seo-wordpress\/ -->\n<title>Juan J\u00f3dar: \u201cNo tiene ning\u00fan sentido que se incrementen los costes sociales, las cargas fiscales, se limite unilateralmente la jornada laboral y se ponga en peligro la continuidad de muchas PYMES\u201d - AREA LORCA RADIO<\/title>\n<meta name=\"robots\" content=\"index, follow, max-snippet:-1, max-image-preview:large, max-video-preview:-1\" \/>\n<link rel=\"canonical\" href=\"https:\/\/arealorcaradio.es\/index.php\/2025\/06\/24\/juan-jodar-no-tiene-ningun-sentido-que-se-incrementen-los-costes-sociales-las-cargas-fiscales-se-limite-unilateralmente-la-jornada-laboral-y-se-ponga-en-peligro-la-continuidad-de-muchas-py\/\" \/>\n<meta property=\"og:locale\" content=\"es_ES\" \/>\n<meta property=\"og:type\" content=\"article\" \/>\n<meta property=\"og:title\" content=\"Juan J\u00f3dar: \u201cNo tiene ning\u00fan sentido que se incrementen los costes sociales, las cargas fiscales, se limite unilateralmente la jornada laboral y se ponga en peligro la continuidad de muchas PYMES\u201d - AREA LORCA RADIO\" \/>\n<meta property=\"og:description\" content=\"\u00c1REA LORCA RADIO. Empresas. Escucha aqu\u00ed la entrevista que ha concedido Juan J\u00f3dar a Paco S\u00e1nchez en el programa magazine de \u00c1rea Lorca Radio. En ella expresa cuales son sus principales objetivos cara a los pr\u00f3ximos cuatro a\u00f1os al frente la Confederaci\u00f3n Comarcal de Organizaciones Empresariales de Lorca, Ceclor. El presidente de Ceclor se ha [&hellip;]\" \/>\n<meta property=\"og:url\" content=\"https:\/\/arealorcaradio.es\/index.php\/2025\/06\/24\/juan-jodar-no-tiene-ningun-sentido-que-se-incrementen-los-costes-sociales-las-cargas-fiscales-se-limite-unilateralmente-la-jornada-laboral-y-se-ponga-en-peligro-la-continuidad-de-muchas-py\/\" \/>\n<meta property=\"og:site_name\" content=\"AREA LORCA RADIO\" \/>\n<meta property=\"article:published_time\" content=\"2025-06-24T17:14:16+00:00\" \/>\n<meta property=\"og:image\" content=\"https:\/\/arealorcaradio.es\/wp-content\/uploads\/2025\/06\/20250624_172418-scaled.jpg\" \/>\n\t<meta property=\"og:image:width\" content=\"2560\" \/>\n\t<meta property=\"og:image:height\" content=\"1920\" \/>\n\t<meta property=\"og:image:type\" content=\"image\/jpeg\" \/>\n<meta name=\"author\" content=\"Paco S\u00e1nchez\" \/>\n<meta name=\"twitter:card\" content=\"summary_large_image\" \/>\n<meta name=\"twitter:label1\" content=\"Escrito por\" \/>\n\t<meta name=\"twitter:data1\" content=\"Paco S\u00e1nchez\" \/>\n\t<meta name=\"twitter:label2\" content=\"Tiempo de lectura\" \/>\n\t<meta name=\"twitter:data2\" content=\"3 minutos\" \/>\n<script type=\"application\/ld+json\" class=\"yoast-schema-graph\">{\"@context\":\"https:\\\/\\\/schema.org\",\"@graph\":[{\"@type\":\"Article\",\"@id\":\"https:\\\/\\\/arealorcaradio.es\\\/index.php\\\/2025\\\/06\\\/24\\\/juan-jodar-no-tiene-ningun-sentido-que-se-incrementen-los-costes-sociales-las-cargas-fiscales-se-limite-unilateralmente-la-jornada-laboral-y-se-ponga-en-peligro-la-continuidad-de-muchas-py\\\/#article\",\"isPartOf\":{\"@id\":\"https:\\\/\\\/arealorcaradio.es\\\/index.php\\\/2025\\\/06\\\/24\\\/juan-jodar-no-tiene-ningun-sentido-que-se-incrementen-los-costes-sociales-las-cargas-fiscales-se-limite-unilateralmente-la-jornada-laboral-y-se-ponga-en-peligro-la-continuidad-de-muchas-py\\\/\"},\"author\":{\"name\":\"Paco S\u00e1nchez\",\"@id\":\"https:\\\/\\\/arealorcaradio.es\\\/#\\\/schema\\\/person\\\/9fae605fc25b0f2c83c1ab207139bd27\"},\"headline\":\"Juan J\u00f3dar: \u201cNo tiene ning\u00fan sentido que se incrementen los costes sociales, las cargas fiscales, se limite unilateralmente la jornada laboral y se ponga en peligro la continuidad de muchas PYMES\u201d\",\"datePublished\":\"2025-06-24T17:14:16+00:00\",\"mainEntityOfPage\":{\"@id\":\"https:\\\/\\\/arealorcaradio.es\\\/index.php\\\/2025\\\/06\\\/24\\\/juan-jodar-no-tiene-ningun-sentido-que-se-incrementen-los-costes-sociales-las-cargas-fiscales-se-limite-unilateralmente-la-jornada-laboral-y-se-ponga-en-peligro-la-continuidad-de-muchas-py\\\/\"},\"wordCount\":572,\"commentCount\":0,\"image\":{\"@id\":\"https:\\\/\\\/arealorcaradio.es\\\/index.php\\\/2025\\\/06\\\/24\\\/juan-jodar-no-tiene-ningun-sentido-que-se-incrementen-los-costes-sociales-las-cargas-fiscales-se-limite-unilateralmente-la-jornada-laboral-y-se-ponga-en-peligro-la-continuidad-de-muchas-py\\\/#primaryimage\"},\"thumbnailUrl\":\"https:\\\/\\\/arealorcaradio.es\\\/wp-content\\\/uploads\\\/2025\\\/06\\\/20250624_172418-scaled.jpg\",\"articleSection\":[\"ACTUALIDAD\",\"LORCA\"],\"inLanguage\":\"es\",\"potentialAction\":[{\"@type\":\"CommentAction\",\"name\":\"Comment\",\"target\":[\"https:\\\/\\\/arealorcaradio.es\\\/index.php\\\/2025\\\/06\\\/24\\\/juan-jodar-no-tiene-ningun-sentido-que-se-incrementen-los-costes-sociales-las-cargas-fiscales-se-limite-unilateralmente-la-jornada-laboral-y-se-ponga-en-peligro-la-continuidad-de-muchas-py\\\/#respond\"]}]},{\"@type\":\"WebPage\",\"@id\":\"https:\\\/\\\/arealorcaradio.es\\\/index.php\\\/2025\\\/06\\\/24\\\/juan-jodar-no-tiene-ningun-sentido-que-se-incrementen-los-costes-sociales-las-cargas-fiscales-se-limite-unilateralmente-la-jornada-laboral-y-se-ponga-en-peligro-la-continuidad-de-muchas-py\\\/\",\"url\":\"https:\\\/\\\/arealorcaradio.es\\\/index.php\\\/2025\\\/06\\\/24\\\/juan-jodar-no-tiene-ningun-sentido-que-se-incrementen-los-costes-sociales-las-cargas-fiscales-se-limite-unilateralmente-la-jornada-laboral-y-se-ponga-en-peligro-la-continuidad-de-muchas-py\\\/\",\"name\":\"Juan J\u00f3dar: \u201cNo tiene ning\u00fan sentido que se incrementen los costes sociales, las cargas fiscales, se limite unilateralmente la jornada laboral y se ponga en peligro la continuidad de muchas PYMES\u201d - AREA LORCA RADIO\",\"isPartOf\":{\"@id\":\"https:\\\/\\\/arealorcaradio.es\\\/#website\"},\"primaryImageOfPage\":{\"@id\":\"https:\\\/\\\/arealorcaradio.es\\\/index.php\\\/2025\\\/06\\\/24\\\/juan-jodar-no-tiene-ningun-sentido-que-se-incrementen-los-costes-sociales-las-cargas-fiscales-se-limite-unilateralmente-la-jornada-laboral-y-se-ponga-en-peligro-la-continuidad-de-muchas-py\\\/#primaryimage\"},\"image\":{\"@id\":\"https:\\\/\\\/arealorcaradio.es\\\/index.php\\\/2025\\\/06\\\/24\\\/juan-jodar-no-tiene-ningun-sentido-que-se-incrementen-los-costes-sociales-las-cargas-fiscales-se-limite-unilateralmente-la-jornada-laboral-y-se-ponga-en-peligro-la-continuidad-de-muchas-py\\\/#primaryimage\"},\"thumbnailUrl\":\"https:\\\/\\\/arealorcaradio.es\\\/wp-content\\\/uploads\\\/2025\\\/06\\\/20250624_172418-scaled.jpg\",\"datePublished\":\"2025-06-24T17:14:16+00:00\",\"author\":{\"@id\":\"https:\\\/\\\/arealorcaradio.es\\\/#\\\/schema\\\/person\\\/9fae605fc25b0f2c83c1ab207139bd27\"},\"breadcrumb\":{\"@id\":\"https:\\\/\\\/arealorcaradio.es\\\/index.php\\\/2025\\\/06\\\/24\\\/juan-jodar-no-tiene-ningun-sentido-que-se-incrementen-los-costes-sociales-las-cargas-fiscales-se-limite-unilateralmente-la-jornada-laboral-y-se-ponga-en-peligro-la-continuidad-de-muchas-py\\\/#breadcrumb\"},\"inLanguage\":\"es\",\"potentialAction\":[{\"@type\":\"ReadAction\",\"target\":[\"https:\\\/\\\/arealorcaradio.es\\\/index.php\\\/2025\\\/06\\\/24\\\/juan-jodar-no-tiene-ningun-sentido-que-se-incrementen-los-costes-sociales-las-cargas-fiscales-se-limite-unilateralmente-la-jornada-laboral-y-se-ponga-en-peligro-la-continuidad-de-muchas-py\\\/\"]}]},{\"@type\":\"ImageObject\",\"inLanguage\":\"es\",\"@id\":\"https:\\\/\\\/arealorcaradio.es\\\/index.php\\\/2025\\\/06\\\/24\\\/juan-jodar-no-tiene-ningun-sentido-que-se-incrementen-los-costes-sociales-las-cargas-fiscales-se-limite-unilateralmente-la-jornada-laboral-y-se-ponga-en-peligro-la-continuidad-de-muchas-py\\\/#primaryimage\",\"url\":\"https:\\\/\\\/arealorcaradio.es\\\/wp-content\\\/uploads\\\/2025\\\/06\\\/20250624_172418-scaled.jpg\",\"contentUrl\":\"https:\\\/\\\/arealorcaradio.es\\\/wp-content\\\/uploads\\\/2025\\\/06\\\/20250624_172418-scaled.jpg\",\"width\":2560,\"height\":1920},{\"@type\":\"BreadcrumbList\",\"@id\":\"https:\\\/\\\/arealorcaradio.es\\\/index.php\\\/2025\\\/06\\\/24\\\/juan-jodar-no-tiene-ningun-sentido-que-se-incrementen-los-costes-sociales-las-cargas-fiscales-se-limite-unilateralmente-la-jornada-laboral-y-se-ponga-en-peligro-la-continuidad-de-muchas-py\\\/#breadcrumb\",\"itemListElement\":[{\"@type\":\"ListItem\",\"position\":1,\"name\":\"Portada\",\"item\":\"https:\\\/\\\/arealorcaradio.es\\\/\"},{\"@type\":\"ListItem\",\"position\":2,\"name\":\"Juan J\u00f3dar: \u201cNo tiene ning\u00fan sentido que se incrementen los costes sociales, las cargas fiscales, se limite unilateralmente la jornada laboral y se ponga en peligro la continuidad de muchas PYMES\u201d\"}]},{\"@type\":\"WebSite\",\"@id\":\"https:\\\/\\\/arealorcaradio.es\\\/#website\",\"url\":\"https:\\\/\\\/arealorcaradio.es\\\/\",\"name\":\"AREA LORCA RADIO\",\"description\":\"Descubre la programaci\u00f3n actual en \u00c1rea Lorca Radio, tu fuente de entrenamiento y noticias locales. Sintoniza ahora y mantente conectado online.\",\"potentialAction\":[{\"@type\":\"SearchAction\",\"target\":{\"@type\":\"EntryPoint\",\"urlTemplate\":\"https:\\\/\\\/arealorcaradio.es\\\/?s={search_term_string}\"},\"query-input\":{\"@type\":\"PropertyValueSpecification\",\"valueRequired\":true,\"valueName\":\"search_term_string\"}}],\"inLanguage\":\"es\"},{\"@type\":\"Person\",\"@id\":\"https:\\\/\\\/arealorcaradio.es\\\/#\\\/schema\\\/person\\\/9fae605fc25b0f2c83c1ab207139bd27\",\"name\":\"Paco S\u00e1nchez\",\"image\":{\"@type\":\"ImageObject\",\"inLanguage\":\"es\",\"@id\":\"https:\\\/\\\/secure.gravatar.com\\\/avatar\\\/d67144e966420fb74aa84c9f2a0103be4724fd14db52b52d3b6bca749f257e79?s=96&d=mm&r=g\",\"url\":\"https:\\\/\\\/secure.gravatar.com\\\/avatar\\\/d67144e966420fb74aa84c9f2a0103be4724fd14db52b52d3b6bca749f257e79?s=96&d=mm&r=g\",\"contentUrl\":\"https:\\\/\\\/secure.gravatar.com\\\/avatar\\\/d67144e966420fb74aa84c9f2a0103be4724fd14db52b52d3b6bca749f257e79?s=96&d=mm&r=g\",\"caption\":\"Paco S\u00e1nchez\"},\"sameAs\":[\"https:\\\/\\\/arealorcaradio.es\"],\"url\":\"https:\\\/\\\/arealorcaradio.es\\\/index.php\\\/author\\\/admin_alorcaradio\\\/\"}]}<\/script>\n<!-- \/ Yoast SEO plugin. -->","yoast_head_json":{"title":"Juan J\u00f3dar: \u201cNo tiene ning\u00fan sentido que se incrementen los costes sociales, las cargas fiscales, se limite unilateralmente la jornada laboral y se ponga en peligro la continuidad de muchas PYMES\u201d - AREA LORCA RADIO","robots":{"index":"index","follow":"follow","max-snippet":"max-snippet:-1","max-image-preview":"max-image-preview:large","max-video-preview":"max-video-preview:-1"},"canonical":"https:\/\/arealorcaradio.es\/index.php\/2025\/06\/24\/juan-jodar-no-tiene-ningun-sentido-que-se-incrementen-los-costes-sociales-las-cargas-fiscales-se-limite-unilateralmente-la-jornada-laboral-y-se-ponga-en-peligro-la-continuidad-de-muchas-py\/","og_locale":"es_ES","og_type":"article","og_title":"Juan J\u00f3dar: \u201cNo tiene ning\u00fan sentido que se incrementen los costes sociales, las cargas fiscales, se limite unilateralmente la jornada laboral y se ponga en peligro la continuidad de muchas PYMES\u201d - AREA LORCA RADIO","og_description":"\u00c1REA LORCA RADIO. Empresas. Escucha aqu\u00ed la entrevista que ha concedido Juan J\u00f3dar a Paco S\u00e1nchez en el programa magazine de \u00c1rea Lorca Radio. En ella expresa cuales son sus principales objetivos cara a los pr\u00f3ximos cuatro a\u00f1os al frente la Confederaci\u00f3n Comarcal de Organizaciones Empresariales de Lorca, Ceclor. El presidente de Ceclor se ha [&hellip;]","og_url":"https:\/\/arealorcaradio.es\/index.php\/2025\/06\/24\/juan-jodar-no-tiene-ningun-sentido-que-se-incrementen-los-costes-sociales-las-cargas-fiscales-se-limite-unilateralmente-la-jornada-laboral-y-se-ponga-en-peligro-la-continuidad-de-muchas-py\/","og_site_name":"AREA LORCA RADIO","article_published_time":"2025-06-24T17:14:16+00:00","og_image":[{"width":2560,"height":1920,"url":"https:\/\/arealorcaradio.es\/wp-content\/uploads\/2025\/06\/20250624_172418-scaled.jpg","type":"image\/jpeg"}],"author":"Paco S\u00e1nchez","twitter_card":"summary_large_image","twitter_misc":{"Escrito por":"Paco S\u00e1nchez","Tiempo de lectura":"3 minutos"},"schema":{"@context":"https:\/\/schema.org","@graph":[{"@type":"Article","@id":"https:\/\/arealorcaradio.es\/index.php\/2025\/06\/24\/juan-jodar-no-tiene-ningun-sentido-que-se-incrementen-los-costes-sociales-las-cargas-fiscales-se-limite-unilateralmente-la-jornada-laboral-y-se-ponga-en-peligro-la-continuidad-de-muchas-py\/#article","isPartOf":{"@id":"https:\/\/arealorcaradio.es\/index.php\/2025\/06\/24\/juan-jodar-no-tiene-ningun-sentido-que-se-incrementen-los-costes-sociales-las-cargas-fiscales-se-limite-unilateralmente-la-jornada-laboral-y-se-ponga-en-peligro-la-continuidad-de-muchas-py\/"},"author":{"name":"Paco S\u00e1nchez","@id":"https:\/\/arealorcaradio.es\/#\/schema\/person\/9fae605fc25b0f2c83c1ab207139bd27"},"headline":"Juan J\u00f3dar: \u201cNo tiene ning\u00fan sentido que se incrementen los costes sociales, las cargas fiscales, se limite unilateralmente la jornada laboral y se ponga en peligro la continuidad de muchas PYMES\u201d","datePublished":"2025-06-24T17:14:16+00:00","mainEntityOfPage":{"@id":"https:\/\/arealorcaradio.es\/index.php\/2025\/06\/24\/juan-jodar-no-tiene-ningun-sentido-que-se-incrementen-los-costes-sociales-las-cargas-fiscales-se-limite-unilateralmente-la-jornada-laboral-y-se-ponga-en-peligro-la-continuidad-de-muchas-py\/"},"wordCount":572,"commentCount":0,"image":{"@id":"https:\/\/arealorcaradio.es\/index.php\/2025\/06\/24\/juan-jodar-no-tiene-ningun-sentido-que-se-incrementen-los-costes-sociales-las-cargas-fiscales-se-limite-unilateralmente-la-jornada-laboral-y-se-ponga-en-peligro-la-continuidad-de-muchas-py\/#primaryimage"},"thumbnailUrl":"https:\/\/arealorcaradio.es\/wp-content\/uploads\/2025\/06\/20250624_172418-scaled.jpg","articleSection":["ACTUALIDAD","LORCA"],"inLanguage":"es","potentialAction":[{"@type":"CommentAction","name":"Comment","target":["https:\/\/arealorcaradio.es\/index.php\/2025\/06\/24\/juan-jodar-no-tiene-ningun-sentido-que-se-incrementen-los-costes-sociales-las-cargas-fiscales-se-limite-unilateralmente-la-jornada-laboral-y-se-ponga-en-peligro-la-continuidad-de-muchas-py\/#respond"]}]},{"@type":"WebPage","@id":"https:\/\/arealorcaradio.es\/index.php\/2025\/06\/24\/juan-jodar-no-tiene-ningun-sentido-que-se-incrementen-los-costes-sociales-las-cargas-fiscales-se-limite-unilateralmente-la-jornada-laboral-y-se-ponga-en-peligro-la-continuidad-de-muchas-py\/","url":"https:\/\/arealorcaradio.es\/index.php\/2025\/06\/24\/juan-jodar-no-tiene-ningun-sentido-que-se-incrementen-los-costes-sociales-las-cargas-fiscales-se-limite-unilateralmente-la-jornada-laboral-y-se-ponga-en-peligro-la-continuidad-de-muchas-py\/","name":"Juan J\u00f3dar: \u201cNo tiene ning\u00fan sentido que se incrementen los costes sociales, las cargas fiscales, se limite unilateralmente la jornada laboral y se ponga en peligro la continuidad de muchas PYMES\u201d - AREA LORCA RADIO","isPartOf":{"@id":"https:\/\/arealorcaradio.es\/#website"},"primaryImageOfPage":{"@id":"https:\/\/arealorcaradio.es\/index.php\/2025\/06\/24\/juan-jodar-no-tiene-ningun-sentido-que-se-incrementen-los-costes-sociales-las-cargas-fiscales-se-limite-unilateralmente-la-jornada-laboral-y-se-ponga-en-peligro-la-continuidad-de-muchas-py\/#primaryimage"},"image":{"@id":"https:\/\/arealorcaradio.es\/index.php\/2025\/06\/24\/juan-jodar-no-tiene-ningun-sentido-que-se-incrementen-los-costes-sociales-las-cargas-fiscales-se-limite-unilateralmente-la-jornada-laboral-y-se-ponga-en-peligro-la-continuidad-de-muchas-py\/#primaryimage"},"thumbnailUrl":"https:\/\/arealorcaradio.es\/wp-content\/uploads\/2025\/06\/20250624_172418-scaled.jpg","datePublished":"2025-06-24T17:14:16+00:00","author":{"@id":"https:\/\/arealorcaradio.es\/#\/schema\/person\/9fae605fc25b0f2c83c1ab207139bd27"},"breadcrumb":{"@id":"https:\/\/arealorcaradio.es\/index.php\/2025\/06\/24\/juan-jodar-no-tiene-ningun-sentido-que-se-incrementen-los-costes-sociales-las-cargas-fiscales-se-limite-unilateralmente-la-jornada-laboral-y-se-ponga-en-peligro-la-continuidad-de-muchas-py\/#breadcrumb"},"inLanguage":"es","potentialAction":[{"@type":"ReadAction","target":["https:\/\/arealorcaradio.es\/index.php\/2025\/06\/24\/juan-jodar-no-tiene-ningun-sentido-que-se-incrementen-los-costes-sociales-las-cargas-fiscales-se-limite-unilateralmente-la-jornada-laboral-y-se-ponga-en-peligro-la-continuidad-de-muchas-py\/"]}]},{"@type":"ImageObject","inLanguage":"es","@id":"https:\/\/arealorcaradio.es\/index.php\/2025\/06\/24\/juan-jodar-no-tiene-ningun-sentido-que-se-incrementen-los-costes-sociales-las-cargas-fiscales-se-limite-unilateralmente-la-jornada-laboral-y-se-ponga-en-peligro-la-continuidad-de-muchas-py\/#primaryimage","url":"https:\/\/arealorcaradio.es\/wp-content\/uploads\/2025\/06\/20250624_172418-scaled.jpg","contentUrl":"https:\/\/arealorcaradio.es\/wp-content\/uploads\/2025\/06\/20250624_172418-scaled.jpg","width":2560,"height":1920},{"@type":"BreadcrumbList","@id":"https:\/\/arealorcaradio.es\/index.php\/2025\/06\/24\/juan-jodar-no-tiene-ningun-sentido-que-se-incrementen-los-costes-sociales-las-cargas-fiscales-se-limite-unilateralmente-la-jornada-laboral-y-se-ponga-en-peligro-la-continuidad-de-muchas-py\/#breadcrumb","itemListElement":[{"@type":"ListItem","position":1,"name":"Portada","item":"https:\/\/arealorcaradio.es\/"},{"@type":"ListItem","position":2,"name":"Juan J\u00f3dar: \u201cNo tiene ning\u00fan sentido que se incrementen los costes sociales, las cargas fiscales, se limite unilateralmente la jornada laboral y se ponga en peligro la continuidad de muchas PYMES\u201d"}]},{"@type":"WebSite","@id":"https:\/\/arealorcaradio.es\/#website","url":"https:\/\/arealorcaradio.es\/","name":"AREA LORCA RADIO","description":"Descubre la programaci\u00f3n actual en \u00c1rea Lorca Radio, tu fuente de entrenamiento y noticias locales. Sintoniza ahora y mantente conectado online.","potentialAction":[{"@type":"SearchAction","target":{"@type":"EntryPoint","urlTemplate":"https:\/\/arealorcaradio.es\/?s={search_term_string}"},"query-input":{"@type":"PropertyValueSpecification","valueRequired":true,"valueName":"search_term_string"}}],"inLanguage":"es"},{"@type":"Person","@id":"https:\/\/arealorcaradio.es\/#\/schema\/person\/9fae605fc25b0f2c83c1ab207139bd27","name":"Paco S\u00e1nchez","image":{"@type":"ImageObject","inLanguage":"es","@id":"https:\/\/secure.gravatar.com\/avatar\/d67144e966420fb74aa84c9f2a0103be4724fd14db52b52d3b6bca749f257e79?s=96&d=mm&r=g","url":"https:\/\/secure.gravatar.com\/avatar\/d67144e966420fb74aa84c9f2a0103be4724fd14db52b52d3b6bca749f257e79?s=96&d=mm&r=g","contentUrl":"https:\/\/secure.gravatar.com\/avatar\/d67144e966420fb74aa84c9f2a0103be4724fd14db52b52d3b6bca749f257e79?s=96&d=mm&r=g","caption":"Paco S\u00e1nchez"},"sameAs":["https:\/\/arealorcaradio.es"],"url":"https:\/\/arealorcaradio.es\/index.php\/author\/admin_alorcaradio\/"}]}},"_links":{"self":[{"href":"https:\/\/arealorcaradio.es\/index.php\/wp-json\/wp\/v2\/posts\/7085","targetHints":{"allow":["GET"]}}],"collection":[{"href":"https:\/\/arealorcaradio.es\/index.php\/wp-json\/wp\/v2\/posts"}],"about":[{"href":"https:\/\/arealorcaradio.es\/index.php\/wp-json\/wp\/v2\/types\/post"}],"author":[{"embeddable":true,"href":"https:\/\/arealorcaradio.es\/index.php\/wp-json\/wp\/v2\/users\/1"}],"replies":[{"embeddable":true,"href":"https:\/\/arealorcaradio.es\/index.php\/wp-json\/wp\/v2\/comments?post=7085"}],"version-history":[{"count":1,"href":"https:\/\/arealorcaradio.es\/index.php\/wp-json\/wp\/v2\/posts\/7085\/revisions"}],"predecessor-version":[{"id":7089,"href":"https:\/\/arealorcaradio.es\/index.php\/wp-json\/wp\/v2\/posts\/7085\/revisions\/7089"}],"wp:featuredmedia":[{"embeddable":true,"href":"https:\/\/arealorcaradio.es\/index.php\/wp-json\/wp\/v2\/media\/7088"}],"wp:attachment":[{"href":"https:\/\/arealorcaradio.es\/index.php\/wp-json\/wp\/v2\/media?parent=7085"}],"wp:term":[{"taxonomy":"category","embeddable":true,"href":"https:\/\/arealorcaradio.es\/index.php\/wp-json\/wp\/v2\/categories?post=7085"},{"taxonomy":"post_tag","embeddable":true,"href":"https:\/\/arealorcaradio.es\/index.php\/wp-json\/wp\/v2\/tags?post=7085"}],"curies":[{"name":"wp","href":"https:\/\/api.w.org\/{rel}","templated":true}]}}