{"id":7079,"date":"2025-06-24T21:15:21","date_gmt":"2025-06-24T21:15:21","guid":{"rendered":"https:\/\/arealorcaradio.es\/?p=7079"},"modified":"2025-06-24T21:15:21","modified_gmt":"2025-06-24T21:15:21","slug":"se-presenta-este-viernes-en-lorca-el-libro-mindfulcalm-una-guia-consciente-para-entrenar-las-emociones-desde-la-calma","status":"publish","type":"post","link":"https:\/\/arealorcaradio.es\/index.php\/2025\/06\/24\/se-presenta-este-viernes-en-lorca-el-libro-mindfulcalm-una-guia-consciente-para-entrenar-las-emociones-desde-la-calma\/","title":{"rendered":"Se presenta este viernes en Lorca el libro \u00abMindfulcalm\u00bb, una gu\u00eda consciente para entrenar las emociones desde la calma"},"content":{"rendered":"<p><strong>\u00c1REA LORCA RADIO. Literatura.<\/strong><\/p>\n<p>Escucha aqu\u00ed la entrevista que ha concedido a Paco S\u00e1nchez en el magazine de \u00c1rea Lorca Radio, la Pedagoga y escritora <strong>Cruz Fern\u00e1ndez Montoro<\/strong> en la que habla de la presentaci\u00f3n de su libro en Lorca.<\/p>\n<audio class=\"wp-audio-shortcode\" id=\"audio-7079-1\" preload=\"none\" style=\"width: 100%;\" controls=\"controls\"><source type=\"audio\/mpeg\" src=\"https:\/\/arealorcaradio.es\/wp-content\/uploads\/2025\/06\/240625-CRUZ-FERNANDEZ.-LIBRO-MINDFULCALM.mp3?_=1\" \/><a href=\"https:\/\/arealorcaradio.es\/wp-content\/uploads\/2025\/06\/240625-CRUZ-FERNANDEZ.-LIBRO-MINDFULCALM.mp3\">https:\/\/arealorcaradio.es\/wp-content\/uploads\/2025\/06\/240625-CRUZ-FERNANDEZ.-LIBRO-MINDFULCALM.mp3<\/a><\/audio>\n<p>Bajo el t\u00edtulo \u2018MindfulCalm\u2019, Cruz Fern\u00e1ndez Montoro presenta este viernes 27 de junio su libro, una gu\u00eda consciente para entrenar las emociones desde el alma. El evento se llevar\u00e1 a cabo a las 19.30 horas en el Huerto Ruano de Lorca. Los asistentes podr\u00e1n compartir reflexiones sobre c\u00f3mo este libro puede ser un valioso recurso pedag\u00f3gico para fomentar el bienestar a trav\u00e9s de una gesti\u00f3n emocional saludable. El objetivo es proporcionar herramientas necesarias para que las personas, en un mundo tan acelerado y digitalizado, puedan trabajar en su salud mental y emocional. La entrada ser\u00e1 libre y gratuita.<\/p>\n<p><img loading=\"lazy\" decoding=\"async\" class=\"alignnone size-medium wp-image-7081\" src=\"https:\/\/arealorcaradio.es\/wp-content\/uploads\/2025\/06\/20250624_174934-300x225.jpg\" alt=\"\" width=\"300\" height=\"225\" srcset=\"https:\/\/arealorcaradio.es\/wp-content\/uploads\/2025\/06\/20250624_174934-300x225.jpg 300w, https:\/\/arealorcaradio.es\/wp-content\/uploads\/2025\/06\/20250624_174934-1024x768.jpg 1024w, https:\/\/arealorcaradio.es\/wp-content\/uploads\/2025\/06\/20250624_174934-768x576.jpg 768w, https:\/\/arealorcaradio.es\/wp-content\/uploads\/2025\/06\/20250624_174934-1536x1152.jpg 1536w, https:\/\/arealorcaradio.es\/wp-content\/uploads\/2025\/06\/20250624_174934-2048x1536.jpg 2048w, https:\/\/arealorcaradio.es\/wp-content\/uploads\/2025\/06\/20250624_174934-86x64.jpg 86w\" sizes=\"auto, (max-width: 300px) 100vw, 300px\" \/><\/p>\n","protected":false},"excerpt":{"rendered":"<p>\u00c1REA LORCA RADIO. Literatura. Escucha aqu\u00ed la entrevista que ha concedido a Paco S\u00e1nchez en el magazine de \u00c1rea Lorca Radio, la Pedagoga y escritora Cruz Fern\u00e1ndez Montoro en la que habla de la presentaci\u00f3n de su libro en Lorca. Bajo el t\u00edtulo \u2018MindfulCalm\u2019, Cruz Fern\u00e1ndez Montoro presenta este viernes 27 de junio su libro, [&hellip;]<\/p>\n","protected":false},"author":1,"featured_media":7082,"comment_status":"open","ping_status":"open","sticky":false,"template":"","format":"standard","meta":{"iawp_total_views":101,"footnotes":""},"categories":[5,7],"tags":[],"class_list":["post-7079","post","type-post","status-publish","format-standard","has-post-thumbnail","hentry","category-actualidad","category-lorca"],"yoast_head":"<!-- This site is optimized with the Yoast SEO plugin v27.5 - https:\/\/yoast.com\/product\/yoast-seo-wordpress\/ -->\n<title>Se presenta este viernes en Lorca el libro &quot;Mindfulcalm&quot;, una gu\u00eda consciente para entrenar las emociones desde la calma - AREA LORCA RADIO<\/title>\n<meta name=\"robots\" content=\"index, follow, max-snippet:-1, max-image-preview:large, max-video-preview:-1\" \/>\n<link rel=\"canonical\" href=\"https:\/\/arealorcaradio.es\/index.php\/2025\/06\/24\/se-presenta-este-viernes-en-lorca-el-libro-mindfulcalm-una-guia-consciente-para-entrenar-las-emociones-desde-la-calma\/\" \/>\n<meta property=\"og:locale\" content=\"es_ES\" \/>\n<meta property=\"og:type\" content=\"article\" \/>\n<meta property=\"og:title\" content=\"Se presenta este viernes en Lorca el libro &quot;Mindfulcalm&quot;, una gu\u00eda consciente para entrenar las emociones desde la calma - AREA LORCA RADIO\" \/>\n<meta property=\"og:description\" content=\"\u00c1REA LORCA RADIO. Literatura. Escucha aqu\u00ed la entrevista que ha concedido a Paco S\u00e1nchez en el magazine de \u00c1rea Lorca Radio, la Pedagoga y escritora Cruz Fern\u00e1ndez Montoro en la que habla de la presentaci\u00f3n de su libro en Lorca. Bajo el t\u00edtulo \u2018MindfulCalm\u2019, Cruz Fern\u00e1ndez Montoro presenta este viernes 27 de junio su libro, [&hellip;]\" \/>\n<meta property=\"og:url\" content=\"https:\/\/arealorcaradio.es\/index.php\/2025\/06\/24\/se-presenta-este-viernes-en-lorca-el-libro-mindfulcalm-una-guia-consciente-para-entrenar-las-emociones-desde-la-calma\/\" \/>\n<meta property=\"og:site_name\" content=\"AREA LORCA RADIO\" \/>\n<meta property=\"article:published_time\" content=\"2025-06-24T21:15:21+00:00\" \/>\n<meta property=\"og:image\" content=\"https:\/\/arealorcaradio.es\/wp-content\/uploads\/2025\/06\/20250624_174920-scaled.jpg\" \/>\n\t<meta property=\"og:image:width\" content=\"2560\" \/>\n\t<meta property=\"og:image:height\" content=\"1920\" \/>\n\t<meta property=\"og:image:type\" content=\"image\/jpeg\" \/>\n<meta name=\"author\" content=\"Paco S\u00e1nchez\" \/>\n<meta name=\"twitter:card\" content=\"summary_large_image\" \/>\n<meta name=\"twitter:label1\" content=\"Escrito por\" \/>\n\t<meta name=\"twitter:data1\" content=\"Paco S\u00e1nchez\" \/>\n\t<meta name=\"twitter:label2\" content=\"Tiempo de lectura\" \/>\n\t<meta name=\"twitter:data2\" content=\"2 minutos\" \/>\n<script type=\"application\/ld+json\" class=\"yoast-schema-graph\">{\"@context\":\"https:\\\/\\\/schema.org\",\"@graph\":[{\"@type\":\"Article\",\"@id\":\"https:\\\/\\\/arealorcaradio.es\\\/index.php\\\/2025\\\/06\\\/24\\\/se-presenta-este-viernes-en-lorca-el-libro-mindfulcalm-una-guia-consciente-para-entrenar-las-emociones-desde-la-calma\\\/#article\",\"isPartOf\":{\"@id\":\"https:\\\/\\\/arealorcaradio.es\\\/index.php\\\/2025\\\/06\\\/24\\\/se-presenta-este-viernes-en-lorca-el-libro-mindfulcalm-una-guia-consciente-para-entrenar-las-emociones-desde-la-calma\\\/\"},\"author\":{\"name\":\"Paco S\u00e1nchez\",\"@id\":\"https:\\\/\\\/arealorcaradio.es\\\/#\\\/schema\\\/person\\\/9fae605fc25b0f2c83c1ab207139bd27\"},\"headline\":\"Se presenta este viernes en Lorca el libro \u00abMindfulcalm\u00bb, una gu\u00eda consciente para entrenar las emociones desde la calma\",\"datePublished\":\"2025-06-24T21:15:21+00:00\",\"mainEntityOfPage\":{\"@id\":\"https:\\\/\\\/arealorcaradio.es\\\/index.php\\\/2025\\\/06\\\/24\\\/se-presenta-este-viernes-en-lorca-el-libro-mindfulcalm-una-guia-consciente-para-entrenar-las-emociones-desde-la-calma\\\/\"},\"wordCount\":178,\"commentCount\":0,\"image\":{\"@id\":\"https:\\\/\\\/arealorcaradio.es\\\/index.php\\\/2025\\\/06\\\/24\\\/se-presenta-este-viernes-en-lorca-el-libro-mindfulcalm-una-guia-consciente-para-entrenar-las-emociones-desde-la-calma\\\/#primaryimage\"},\"thumbnailUrl\":\"https:\\\/\\\/arealorcaradio.es\\\/wp-content\\\/uploads\\\/2025\\\/06\\\/20250624_174920-scaled.jpg\",\"articleSection\":[\"ACTUALIDAD\",\"LORCA\"],\"inLanguage\":\"es\",\"potentialAction\":[{\"@type\":\"CommentAction\",\"name\":\"Comment\",\"target\":[\"https:\\\/\\\/arealorcaradio.es\\\/index.php\\\/2025\\\/06\\\/24\\\/se-presenta-este-viernes-en-lorca-el-libro-mindfulcalm-una-guia-consciente-para-entrenar-las-emociones-desde-la-calma\\\/#respond\"]}]},{\"@type\":\"WebPage\",\"@id\":\"https:\\\/\\\/arealorcaradio.es\\\/index.php\\\/2025\\\/06\\\/24\\\/se-presenta-este-viernes-en-lorca-el-libro-mindfulcalm-una-guia-consciente-para-entrenar-las-emociones-desde-la-calma\\\/\",\"url\":\"https:\\\/\\\/arealorcaradio.es\\\/index.php\\\/2025\\\/06\\\/24\\\/se-presenta-este-viernes-en-lorca-el-libro-mindfulcalm-una-guia-consciente-para-entrenar-las-emociones-desde-la-calma\\\/\",\"name\":\"Se presenta este viernes en Lorca el libro \\\"Mindfulcalm\\\", una gu\u00eda consciente para entrenar las emociones desde la calma - AREA LORCA RADIO\",\"isPartOf\":{\"@id\":\"https:\\\/\\\/arealorcaradio.es\\\/#website\"},\"primaryImageOfPage\":{\"@id\":\"https:\\\/\\\/arealorcaradio.es\\\/index.php\\\/2025\\\/06\\\/24\\\/se-presenta-este-viernes-en-lorca-el-libro-mindfulcalm-una-guia-consciente-para-entrenar-las-emociones-desde-la-calma\\\/#primaryimage\"},\"image\":{\"@id\":\"https:\\\/\\\/arealorcaradio.es\\\/index.php\\\/2025\\\/06\\\/24\\\/se-presenta-este-viernes-en-lorca-el-libro-mindfulcalm-una-guia-consciente-para-entrenar-las-emociones-desde-la-calma\\\/#primaryimage\"},\"thumbnailUrl\":\"https:\\\/\\\/arealorcaradio.es\\\/wp-content\\\/uploads\\\/2025\\\/06\\\/20250624_174920-scaled.jpg\",\"datePublished\":\"2025-06-24T21:15:21+00:00\",\"author\":{\"@id\":\"https:\\\/\\\/arealorcaradio.es\\\/#\\\/schema\\\/person\\\/9fae605fc25b0f2c83c1ab207139bd27\"},\"breadcrumb\":{\"@id\":\"https:\\\/\\\/arealorcaradio.es\\\/index.php\\\/2025\\\/06\\\/24\\\/se-presenta-este-viernes-en-lorca-el-libro-mindfulcalm-una-guia-consciente-para-entrenar-las-emociones-desde-la-calma\\\/#breadcrumb\"},\"inLanguage\":\"es\",\"potentialAction\":[{\"@type\":\"ReadAction\",\"target\":[\"https:\\\/\\\/arealorcaradio.es\\\/index.php\\\/2025\\\/06\\\/24\\\/se-presenta-este-viernes-en-lorca-el-libro-mindfulcalm-una-guia-consciente-para-entrenar-las-emociones-desde-la-calma\\\/\"]}]},{\"@type\":\"ImageObject\",\"inLanguage\":\"es\",\"@id\":\"https:\\\/\\\/arealorcaradio.es\\\/index.php\\\/2025\\\/06\\\/24\\\/se-presenta-este-viernes-en-lorca-el-libro-mindfulcalm-una-guia-consciente-para-entrenar-las-emociones-desde-la-calma\\\/#primaryimage\",\"url\":\"https:\\\/\\\/arealorcaradio.es\\\/wp-content\\\/uploads\\\/2025\\\/06\\\/20250624_174920-scaled.jpg\",\"contentUrl\":\"https:\\\/\\\/arealorcaradio.es\\\/wp-content\\\/uploads\\\/2025\\\/06\\\/20250624_174920-scaled.jpg\",\"width\":2560,\"height\":1920},{\"@type\":\"BreadcrumbList\",\"@id\":\"https:\\\/\\\/arealorcaradio.es\\\/index.php\\\/2025\\\/06\\\/24\\\/se-presenta-este-viernes-en-lorca-el-libro-mindfulcalm-una-guia-consciente-para-entrenar-las-emociones-desde-la-calma\\\/#breadcrumb\",\"itemListElement\":[{\"@type\":\"ListItem\",\"position\":1,\"name\":\"Portada\",\"item\":\"https:\\\/\\\/arealorcaradio.es\\\/\"},{\"@type\":\"ListItem\",\"position\":2,\"name\":\"Se presenta este viernes en Lorca el libro \u00abMindfulcalm\u00bb, una gu\u00eda consciente para entrenar las emociones desde la calma\"}]},{\"@type\":\"WebSite\",\"@id\":\"https:\\\/\\\/arealorcaradio.es\\\/#website\",\"url\":\"https:\\\/\\\/arealorcaradio.es\\\/\",\"name\":\"AREA LORCA RADIO\",\"description\":\"Descubre la programaci\u00f3n actual en \u00c1rea Lorca Radio, tu fuente de entrenamiento y noticias locales. Sintoniza ahora y mantente conectado online.\",\"potentialAction\":[{\"@type\":\"SearchAction\",\"target\":{\"@type\":\"EntryPoint\",\"urlTemplate\":\"https:\\\/\\\/arealorcaradio.es\\\/?s={search_term_string}\"},\"query-input\":{\"@type\":\"PropertyValueSpecification\",\"valueRequired\":true,\"valueName\":\"search_term_string\"}}],\"inLanguage\":\"es\"},{\"@type\":\"Person\",\"@id\":\"https:\\\/\\\/arealorcaradio.es\\\/#\\\/schema\\\/person\\\/9fae605fc25b0f2c83c1ab207139bd27\",\"name\":\"Paco S\u00e1nchez\",\"image\":{\"@type\":\"ImageObject\",\"inLanguage\":\"es\",\"@id\":\"https:\\\/\\\/secure.gravatar.com\\\/avatar\\\/d67144e966420fb74aa84c9f2a0103be4724fd14db52b52d3b6bca749f257e79?s=96&d=mm&r=g\",\"url\":\"https:\\\/\\\/secure.gravatar.com\\\/avatar\\\/d67144e966420fb74aa84c9f2a0103be4724fd14db52b52d3b6bca749f257e79?s=96&d=mm&r=g\",\"contentUrl\":\"https:\\\/\\\/secure.gravatar.com\\\/avatar\\\/d67144e966420fb74aa84c9f2a0103be4724fd14db52b52d3b6bca749f257e79?s=96&d=mm&r=g\",\"caption\":\"Paco S\u00e1nchez\"},\"sameAs\":[\"https:\\\/\\\/arealorcaradio.es\"],\"url\":\"https:\\\/\\\/arealorcaradio.es\\\/index.php\\\/author\\\/admin_alorcaradio\\\/\"}]}<\/script>\n<!-- \/ Yoast SEO plugin. -->","yoast_head_json":{"title":"Se presenta este viernes en Lorca el libro \"Mindfulcalm\", una gu\u00eda consciente para entrenar las emociones desde la calma - AREA LORCA RADIO","robots":{"index":"index","follow":"follow","max-snippet":"max-snippet:-1","max-image-preview":"max-image-preview:large","max-video-preview":"max-video-preview:-1"},"canonical":"https:\/\/arealorcaradio.es\/index.php\/2025\/06\/24\/se-presenta-este-viernes-en-lorca-el-libro-mindfulcalm-una-guia-consciente-para-entrenar-las-emociones-desde-la-calma\/","og_locale":"es_ES","og_type":"article","og_title":"Se presenta este viernes en Lorca el libro \"Mindfulcalm\", una gu\u00eda consciente para entrenar las emociones desde la calma - AREA LORCA RADIO","og_description":"\u00c1REA LORCA RADIO. Literatura. Escucha aqu\u00ed la entrevista que ha concedido a Paco S\u00e1nchez en el magazine de \u00c1rea Lorca Radio, la Pedagoga y escritora Cruz Fern\u00e1ndez Montoro en la que habla de la presentaci\u00f3n de su libro en Lorca. Bajo el t\u00edtulo \u2018MindfulCalm\u2019, Cruz Fern\u00e1ndez Montoro presenta este viernes 27 de junio su libro, [&hellip;]","og_url":"https:\/\/arealorcaradio.es\/index.php\/2025\/06\/24\/se-presenta-este-viernes-en-lorca-el-libro-mindfulcalm-una-guia-consciente-para-entrenar-las-emociones-desde-la-calma\/","og_site_name":"AREA LORCA RADIO","article_published_time":"2025-06-24T21:15:21+00:00","og_image":[{"width":2560,"height":1920,"url":"https:\/\/arealorcaradio.es\/wp-content\/uploads\/2025\/06\/20250624_174920-scaled.jpg","type":"image\/jpeg"}],"author":"Paco S\u00e1nchez","twitter_card":"summary_large_image","twitter_misc":{"Escrito por":"Paco S\u00e1nchez","Tiempo de lectura":"2 minutos"},"schema":{"@context":"https:\/\/schema.org","@graph":[{"@type":"Article","@id":"https:\/\/arealorcaradio.es\/index.php\/2025\/06\/24\/se-presenta-este-viernes-en-lorca-el-libro-mindfulcalm-una-guia-consciente-para-entrenar-las-emociones-desde-la-calma\/#article","isPartOf":{"@id":"https:\/\/arealorcaradio.es\/index.php\/2025\/06\/24\/se-presenta-este-viernes-en-lorca-el-libro-mindfulcalm-una-guia-consciente-para-entrenar-las-emociones-desde-la-calma\/"},"author":{"name":"Paco S\u00e1nchez","@id":"https:\/\/arealorcaradio.es\/#\/schema\/person\/9fae605fc25b0f2c83c1ab207139bd27"},"headline":"Se presenta este viernes en Lorca el libro \u00abMindfulcalm\u00bb, una gu\u00eda consciente para entrenar las emociones desde la calma","datePublished":"2025-06-24T21:15:21+00:00","mainEntityOfPage":{"@id":"https:\/\/arealorcaradio.es\/index.php\/2025\/06\/24\/se-presenta-este-viernes-en-lorca-el-libro-mindfulcalm-una-guia-consciente-para-entrenar-las-emociones-desde-la-calma\/"},"wordCount":178,"commentCount":0,"image":{"@id":"https:\/\/arealorcaradio.es\/index.php\/2025\/06\/24\/se-presenta-este-viernes-en-lorca-el-libro-mindfulcalm-una-guia-consciente-para-entrenar-las-emociones-desde-la-calma\/#primaryimage"},"thumbnailUrl":"https:\/\/arealorcaradio.es\/wp-content\/uploads\/2025\/06\/20250624_174920-scaled.jpg","articleSection":["ACTUALIDAD","LORCA"],"inLanguage":"es","potentialAction":[{"@type":"CommentAction","name":"Comment","target":["https:\/\/arealorcaradio.es\/index.php\/2025\/06\/24\/se-presenta-este-viernes-en-lorca-el-libro-mindfulcalm-una-guia-consciente-para-entrenar-las-emociones-desde-la-calma\/#respond"]}]},{"@type":"WebPage","@id":"https:\/\/arealorcaradio.es\/index.php\/2025\/06\/24\/se-presenta-este-viernes-en-lorca-el-libro-mindfulcalm-una-guia-consciente-para-entrenar-las-emociones-desde-la-calma\/","url":"https:\/\/arealorcaradio.es\/index.php\/2025\/06\/24\/se-presenta-este-viernes-en-lorca-el-libro-mindfulcalm-una-guia-consciente-para-entrenar-las-emociones-desde-la-calma\/","name":"Se presenta este viernes en Lorca el libro \"Mindfulcalm\", una gu\u00eda consciente para entrenar las emociones desde la calma - AREA LORCA RADIO","isPartOf":{"@id":"https:\/\/arealorcaradio.es\/#website"},"primaryImageOfPage":{"@id":"https:\/\/arealorcaradio.es\/index.php\/2025\/06\/24\/se-presenta-este-viernes-en-lorca-el-libro-mindfulcalm-una-guia-consciente-para-entrenar-las-emociones-desde-la-calma\/#primaryimage"},"image":{"@id":"https:\/\/arealorcaradio.es\/index.php\/2025\/06\/24\/se-presenta-este-viernes-en-lorca-el-libro-mindfulcalm-una-guia-consciente-para-entrenar-las-emociones-desde-la-calma\/#primaryimage"},"thumbnailUrl":"https:\/\/arealorcaradio.es\/wp-content\/uploads\/2025\/06\/20250624_174920-scaled.jpg","datePublished":"2025-06-24T21:15:21+00:00","author":{"@id":"https:\/\/arealorcaradio.es\/#\/schema\/person\/9fae605fc25b0f2c83c1ab207139bd27"},"breadcrumb":{"@id":"https:\/\/arealorcaradio.es\/index.php\/2025\/06\/24\/se-presenta-este-viernes-en-lorca-el-libro-mindfulcalm-una-guia-consciente-para-entrenar-las-emociones-desde-la-calma\/#breadcrumb"},"inLanguage":"es","potentialAction":[{"@type":"ReadAction","target":["https:\/\/arealorcaradio.es\/index.php\/2025\/06\/24\/se-presenta-este-viernes-en-lorca-el-libro-mindfulcalm-una-guia-consciente-para-entrenar-las-emociones-desde-la-calma\/"]}]},{"@type":"ImageObject","inLanguage":"es","@id":"https:\/\/arealorcaradio.es\/index.php\/2025\/06\/24\/se-presenta-este-viernes-en-lorca-el-libro-mindfulcalm-una-guia-consciente-para-entrenar-las-emociones-desde-la-calma\/#primaryimage","url":"https:\/\/arealorcaradio.es\/wp-content\/uploads\/2025\/06\/20250624_174920-scaled.jpg","contentUrl":"https:\/\/arealorcaradio.es\/wp-content\/uploads\/2025\/06\/20250624_174920-scaled.jpg","width":2560,"height":1920},{"@type":"BreadcrumbList","@id":"https:\/\/arealorcaradio.es\/index.php\/2025\/06\/24\/se-presenta-este-viernes-en-lorca-el-libro-mindfulcalm-una-guia-consciente-para-entrenar-las-emociones-desde-la-calma\/#breadcrumb","itemListElement":[{"@type":"ListItem","position":1,"name":"Portada","item":"https:\/\/arealorcaradio.es\/"},{"@type":"ListItem","position":2,"name":"Se presenta este viernes en Lorca el libro \u00abMindfulcalm\u00bb, una gu\u00eda consciente para entrenar las emociones desde la calma"}]},{"@type":"WebSite","@id":"https:\/\/arealorcaradio.es\/#website","url":"https:\/\/arealorcaradio.es\/","name":"AREA LORCA RADIO","description":"Descubre la programaci\u00f3n actual en \u00c1rea Lorca Radio, tu fuente de entrenamiento y noticias locales. Sintoniza ahora y mantente conectado online.","potentialAction":[{"@type":"SearchAction","target":{"@type":"EntryPoint","urlTemplate":"https:\/\/arealorcaradio.es\/?s={search_term_string}"},"query-input":{"@type":"PropertyValueSpecification","valueRequired":true,"valueName":"search_term_string"}}],"inLanguage":"es"},{"@type":"Person","@id":"https:\/\/arealorcaradio.es\/#\/schema\/person\/9fae605fc25b0f2c83c1ab207139bd27","name":"Paco S\u00e1nchez","image":{"@type":"ImageObject","inLanguage":"es","@id":"https:\/\/secure.gravatar.com\/avatar\/d67144e966420fb74aa84c9f2a0103be4724fd14db52b52d3b6bca749f257e79?s=96&d=mm&r=g","url":"https:\/\/secure.gravatar.com\/avatar\/d67144e966420fb74aa84c9f2a0103be4724fd14db52b52d3b6bca749f257e79?s=96&d=mm&r=g","contentUrl":"https:\/\/secure.gravatar.com\/avatar\/d67144e966420fb74aa84c9f2a0103be4724fd14db52b52d3b6bca749f257e79?s=96&d=mm&r=g","caption":"Paco S\u00e1nchez"},"sameAs":["https:\/\/arealorcaradio.es"],"url":"https:\/\/arealorcaradio.es\/index.php\/author\/admin_alorcaradio\/"}]}},"_links":{"self":[{"href":"https:\/\/arealorcaradio.es\/index.php\/wp-json\/wp\/v2\/posts\/7079","targetHints":{"allow":["GET"]}}],"collection":[{"href":"https:\/\/arealorcaradio.es\/index.php\/wp-json\/wp\/v2\/posts"}],"about":[{"href":"https:\/\/arealorcaradio.es\/index.php\/wp-json\/wp\/v2\/types\/post"}],"author":[{"embeddable":true,"href":"https:\/\/arealorcaradio.es\/index.php\/wp-json\/wp\/v2\/users\/1"}],"replies":[{"embeddable":true,"href":"https:\/\/arealorcaradio.es\/index.php\/wp-json\/wp\/v2\/comments?post=7079"}],"version-history":[{"count":2,"href":"https:\/\/arealorcaradio.es\/index.php\/wp-json\/wp\/v2\/posts\/7079\/revisions"}],"predecessor-version":[{"id":7084,"href":"https:\/\/arealorcaradio.es\/index.php\/wp-json\/wp\/v2\/posts\/7079\/revisions\/7084"}],"wp:featuredmedia":[{"embeddable":true,"href":"https:\/\/arealorcaradio.es\/index.php\/wp-json\/wp\/v2\/media\/7082"}],"wp:attachment":[{"href":"https:\/\/arealorcaradio.es\/index.php\/wp-json\/wp\/v2\/media?parent=7079"}],"wp:term":[{"taxonomy":"category","embeddable":true,"href":"https:\/\/arealorcaradio.es\/index.php\/wp-json\/wp\/v2\/categories?post=7079"},{"taxonomy":"post_tag","embeddable":true,"href":"https:\/\/arealorcaradio.es\/index.php\/wp-json\/wp\/v2\/tags?post=7079"}],"curies":[{"name":"wp","href":"https:\/\/api.w.org\/{rel}","templated":true}]}}