{"id":7061,"date":"2025-06-24T21:14:08","date_gmt":"2025-06-24T21:14:08","guid":{"rendered":"https:\/\/arealorcaradio.es\/?p=7061"},"modified":"2025-06-24T21:14:08","modified_gmt":"2025-06-24T21:14:08","slug":"comienzan-en-la-hoya-las-fiestas-patronales-en-honor-a-sagrado-corazon-de-jesus","status":"publish","type":"post","link":"https:\/\/arealorcaradio.es\/index.php\/2025\/06\/24\/comienzan-en-la-hoya-las-fiestas-patronales-en-honor-a-sagrado-corazon-de-jesus\/","title":{"rendered":"Comienzan en La Hoya las Fiestas Patronales en honor a Sagrado Coraz\u00f3n de Jes\u00fas"},"content":{"rendered":"<p><strong>\u00c1REA LORCA RADIO. Fiestas Patronales.<\/strong><\/p>\n<p>M\u00e1s de cuarenta actividades completan la programaci\u00f3n de las Fiestas Patronales de La Hoya en honor al Sagrado Coraz\u00f3n de Jes\u00fas. Aunque desde el pasado 15 de junio se est\u00e1n celebrando diferentes actos incluidos en la programaci\u00f3n, los d\u00edas con mayor n\u00famero de actividades son el viernes 27, s\u00e1bado 28 y domingo 29 de junio. No falta pr\u00e1cticamente de nada y seguro que hoyeros y visitantes disfrutar\u00e1n a buen seguro de sus Fiestas Patronales.<\/p>\n<p>El cronista de La Hoya Paco G\u00f3mez nos ha contado algunas an\u00e9cdotas de estos 57 a\u00f1os de Fiestas Patronales.<\/p>\n<audio class=\"wp-audio-shortcode\" id=\"audio-7061-1\" preload=\"none\" style=\"width: 100%;\" controls=\"controls\"><source type=\"audio\/mpeg\" src=\"https:\/\/arealorcaradio.es\/wp-content\/uploads\/2025\/06\/240625-PACO-GOMEZ.-FIESTAS-LA-HOYA.mp3?_=1\" \/><a href=\"https:\/\/arealorcaradio.es\/wp-content\/uploads\/2025\/06\/240625-PACO-GOMEZ.-FIESTAS-LA-HOYA.mp3\">https:\/\/arealorcaradio.es\/wp-content\/uploads\/2025\/06\/240625-PACO-GOMEZ.-FIESTAS-LA-HOYA.mp3<\/a><\/audio>\n<p><img loading=\"lazy\" decoding=\"async\" class=\"alignnone size-medium wp-image-7073\" src=\"https:\/\/arealorcaradio.es\/wp-content\/uploads\/2025\/06\/Paco-Gomez-2-1-300x200.jpg\" alt=\"\" width=\"300\" height=\"200\" srcset=\"https:\/\/arealorcaradio.es\/wp-content\/uploads\/2025\/06\/Paco-Gomez-2-1-300x200.jpg 300w, https:\/\/arealorcaradio.es\/wp-content\/uploads\/2025\/06\/Paco-Gomez-2-1-768x512.jpg 768w, https:\/\/arealorcaradio.es\/wp-content\/uploads\/2025\/06\/Paco-Gomez-2-1.jpg 1024w\" sizes=\"auto, (max-width: 300px) 100vw, 300px\" \/><\/p>\n","protected":false},"excerpt":{"rendered":"<p>\u00c1REA LORCA RADIO. Fiestas Patronales. M\u00e1s de cuarenta actividades completan la programaci\u00f3n de las Fiestas Patronales de La Hoya en honor al Sagrado Coraz\u00f3n de Jes\u00fas. Aunque desde el pasado 15 de junio se est\u00e1n celebrando diferentes actos incluidos en la programaci\u00f3n, los d\u00edas con mayor n\u00famero de actividades son el viernes 27, s\u00e1bado 28 [&hellip;]<\/p>\n","protected":false},"author":1,"featured_media":7074,"comment_status":"open","ping_status":"open","sticky":false,"template":"","format":"standard","meta":{"iawp_total_views":44,"footnotes":""},"categories":[5,7],"tags":[],"class_list":["post-7061","post","type-post","status-publish","format-standard","has-post-thumbnail","hentry","category-actualidad","category-lorca"],"yoast_head":"<!-- This site is optimized with the Yoast SEO plugin v27.5 - https:\/\/yoast.com\/product\/yoast-seo-wordpress\/ -->\n<title>Comienzan en La Hoya las Fiestas Patronales en honor a Sagrado Coraz\u00f3n de Jes\u00fas - AREA LORCA RADIO<\/title>\n<meta name=\"robots\" content=\"index, follow, max-snippet:-1, max-image-preview:large, max-video-preview:-1\" \/>\n<link rel=\"canonical\" href=\"https:\/\/arealorcaradio.es\/index.php\/2025\/06\/24\/comienzan-en-la-hoya-las-fiestas-patronales-en-honor-a-sagrado-corazon-de-jesus\/\" \/>\n<meta property=\"og:locale\" content=\"es_ES\" \/>\n<meta property=\"og:type\" content=\"article\" \/>\n<meta property=\"og:title\" content=\"Comienzan en La Hoya las Fiestas Patronales en honor a Sagrado Coraz\u00f3n de Jes\u00fas - AREA LORCA RADIO\" \/>\n<meta property=\"og:description\" content=\"\u00c1REA LORCA RADIO. Fiestas Patronales. M\u00e1s de cuarenta actividades completan la programaci\u00f3n de las Fiestas Patronales de La Hoya en honor al Sagrado Coraz\u00f3n de Jes\u00fas. Aunque desde el pasado 15 de junio se est\u00e1n celebrando diferentes actos incluidos en la programaci\u00f3n, los d\u00edas con mayor n\u00famero de actividades son el viernes 27, s\u00e1bado 28 [&hellip;]\" \/>\n<meta property=\"og:url\" content=\"https:\/\/arealorcaradio.es\/index.php\/2025\/06\/24\/comienzan-en-la-hoya-las-fiestas-patronales-en-honor-a-sagrado-corazon-de-jesus\/\" \/>\n<meta property=\"og:site_name\" content=\"AREA LORCA RADIO\" \/>\n<meta property=\"article:published_time\" content=\"2025-06-24T21:14:08+00:00\" \/>\n<meta property=\"og:image\" content=\"https:\/\/arealorcaradio.es\/wp-content\/uploads\/2025\/06\/Screenshot_20250624-183256_OneDrive.jpg\" \/>\n\t<meta property=\"og:image:width\" content=\"1395\" \/>\n\t<meta property=\"og:image:height\" content=\"679\" \/>\n\t<meta property=\"og:image:type\" content=\"image\/jpeg\" \/>\n<meta name=\"author\" content=\"Paco S\u00e1nchez\" \/>\n<meta name=\"twitter:card\" content=\"summary_large_image\" \/>\n<meta name=\"twitter:label1\" content=\"Escrito por\" \/>\n\t<meta name=\"twitter:data1\" content=\"Paco S\u00e1nchez\" \/>\n\t<meta name=\"twitter:label2\" content=\"Tiempo de lectura\" \/>\n\t<meta name=\"twitter:data2\" content=\"1 minuto\" \/>\n<script type=\"application\/ld+json\" class=\"yoast-schema-graph\">{\"@context\":\"https:\\\/\\\/schema.org\",\"@graph\":[{\"@type\":\"Article\",\"@id\":\"https:\\\/\\\/arealorcaradio.es\\\/index.php\\\/2025\\\/06\\\/24\\\/comienzan-en-la-hoya-las-fiestas-patronales-en-honor-a-sagrado-corazon-de-jesus\\\/#article\",\"isPartOf\":{\"@id\":\"https:\\\/\\\/arealorcaradio.es\\\/index.php\\\/2025\\\/06\\\/24\\\/comienzan-en-la-hoya-las-fiestas-patronales-en-honor-a-sagrado-corazon-de-jesus\\\/\"},\"author\":{\"name\":\"Paco S\u00e1nchez\",\"@id\":\"https:\\\/\\\/arealorcaradio.es\\\/#\\\/schema\\\/person\\\/9fae605fc25b0f2c83c1ab207139bd27\"},\"headline\":\"Comienzan en La Hoya las Fiestas Patronales en honor a Sagrado Coraz\u00f3n de Jes\u00fas\",\"datePublished\":\"2025-06-24T21:14:08+00:00\",\"mainEntityOfPage\":{\"@id\":\"https:\\\/\\\/arealorcaradio.es\\\/index.php\\\/2025\\\/06\\\/24\\\/comienzan-en-la-hoya-las-fiestas-patronales-en-honor-a-sagrado-corazon-de-jesus\\\/\"},\"wordCount\":134,\"commentCount\":0,\"image\":{\"@id\":\"https:\\\/\\\/arealorcaradio.es\\\/index.php\\\/2025\\\/06\\\/24\\\/comienzan-en-la-hoya-las-fiestas-patronales-en-honor-a-sagrado-corazon-de-jesus\\\/#primaryimage\"},\"thumbnailUrl\":\"https:\\\/\\\/arealorcaradio.es\\\/wp-content\\\/uploads\\\/2025\\\/06\\\/Screenshot_20250624-183256_OneDrive.jpg\",\"articleSection\":[\"ACTUALIDAD\",\"LORCA\"],\"inLanguage\":\"es\",\"potentialAction\":[{\"@type\":\"CommentAction\",\"name\":\"Comment\",\"target\":[\"https:\\\/\\\/arealorcaradio.es\\\/index.php\\\/2025\\\/06\\\/24\\\/comienzan-en-la-hoya-las-fiestas-patronales-en-honor-a-sagrado-corazon-de-jesus\\\/#respond\"]}]},{\"@type\":\"WebPage\",\"@id\":\"https:\\\/\\\/arealorcaradio.es\\\/index.php\\\/2025\\\/06\\\/24\\\/comienzan-en-la-hoya-las-fiestas-patronales-en-honor-a-sagrado-corazon-de-jesus\\\/\",\"url\":\"https:\\\/\\\/arealorcaradio.es\\\/index.php\\\/2025\\\/06\\\/24\\\/comienzan-en-la-hoya-las-fiestas-patronales-en-honor-a-sagrado-corazon-de-jesus\\\/\",\"name\":\"Comienzan en La Hoya las Fiestas Patronales en honor a Sagrado Coraz\u00f3n de Jes\u00fas - AREA LORCA RADIO\",\"isPartOf\":{\"@id\":\"https:\\\/\\\/arealorcaradio.es\\\/#website\"},\"primaryImageOfPage\":{\"@id\":\"https:\\\/\\\/arealorcaradio.es\\\/index.php\\\/2025\\\/06\\\/24\\\/comienzan-en-la-hoya-las-fiestas-patronales-en-honor-a-sagrado-corazon-de-jesus\\\/#primaryimage\"},\"image\":{\"@id\":\"https:\\\/\\\/arealorcaradio.es\\\/index.php\\\/2025\\\/06\\\/24\\\/comienzan-en-la-hoya-las-fiestas-patronales-en-honor-a-sagrado-corazon-de-jesus\\\/#primaryimage\"},\"thumbnailUrl\":\"https:\\\/\\\/arealorcaradio.es\\\/wp-content\\\/uploads\\\/2025\\\/06\\\/Screenshot_20250624-183256_OneDrive.jpg\",\"datePublished\":\"2025-06-24T21:14:08+00:00\",\"author\":{\"@id\":\"https:\\\/\\\/arealorcaradio.es\\\/#\\\/schema\\\/person\\\/9fae605fc25b0f2c83c1ab207139bd27\"},\"breadcrumb\":{\"@id\":\"https:\\\/\\\/arealorcaradio.es\\\/index.php\\\/2025\\\/06\\\/24\\\/comienzan-en-la-hoya-las-fiestas-patronales-en-honor-a-sagrado-corazon-de-jesus\\\/#breadcrumb\"},\"inLanguage\":\"es\",\"potentialAction\":[{\"@type\":\"ReadAction\",\"target\":[\"https:\\\/\\\/arealorcaradio.es\\\/index.php\\\/2025\\\/06\\\/24\\\/comienzan-en-la-hoya-las-fiestas-patronales-en-honor-a-sagrado-corazon-de-jesus\\\/\"]}]},{\"@type\":\"ImageObject\",\"inLanguage\":\"es\",\"@id\":\"https:\\\/\\\/arealorcaradio.es\\\/index.php\\\/2025\\\/06\\\/24\\\/comienzan-en-la-hoya-las-fiestas-patronales-en-honor-a-sagrado-corazon-de-jesus\\\/#primaryimage\",\"url\":\"https:\\\/\\\/arealorcaradio.es\\\/wp-content\\\/uploads\\\/2025\\\/06\\\/Screenshot_20250624-183256_OneDrive.jpg\",\"contentUrl\":\"https:\\\/\\\/arealorcaradio.es\\\/wp-content\\\/uploads\\\/2025\\\/06\\\/Screenshot_20250624-183256_OneDrive.jpg\",\"width\":1395,\"height\":679},{\"@type\":\"BreadcrumbList\",\"@id\":\"https:\\\/\\\/arealorcaradio.es\\\/index.php\\\/2025\\\/06\\\/24\\\/comienzan-en-la-hoya-las-fiestas-patronales-en-honor-a-sagrado-corazon-de-jesus\\\/#breadcrumb\",\"itemListElement\":[{\"@type\":\"ListItem\",\"position\":1,\"name\":\"Portada\",\"item\":\"https:\\\/\\\/arealorcaradio.es\\\/\"},{\"@type\":\"ListItem\",\"position\":2,\"name\":\"Comienzan en La Hoya las Fiestas Patronales en honor a Sagrado Coraz\u00f3n de Jes\u00fas\"}]},{\"@type\":\"WebSite\",\"@id\":\"https:\\\/\\\/arealorcaradio.es\\\/#website\",\"url\":\"https:\\\/\\\/arealorcaradio.es\\\/\",\"name\":\"AREA LORCA RADIO\",\"description\":\"Descubre la programaci\u00f3n actual en \u00c1rea Lorca Radio, tu fuente de entrenamiento y noticias locales. Sintoniza ahora y mantente conectado online.\",\"potentialAction\":[{\"@type\":\"SearchAction\",\"target\":{\"@type\":\"EntryPoint\",\"urlTemplate\":\"https:\\\/\\\/arealorcaradio.es\\\/?s={search_term_string}\"},\"query-input\":{\"@type\":\"PropertyValueSpecification\",\"valueRequired\":true,\"valueName\":\"search_term_string\"}}],\"inLanguage\":\"es\"},{\"@type\":\"Person\",\"@id\":\"https:\\\/\\\/arealorcaradio.es\\\/#\\\/schema\\\/person\\\/9fae605fc25b0f2c83c1ab207139bd27\",\"name\":\"Paco S\u00e1nchez\",\"image\":{\"@type\":\"ImageObject\",\"inLanguage\":\"es\",\"@id\":\"https:\\\/\\\/secure.gravatar.com\\\/avatar\\\/d67144e966420fb74aa84c9f2a0103be4724fd14db52b52d3b6bca749f257e79?s=96&d=mm&r=g\",\"url\":\"https:\\\/\\\/secure.gravatar.com\\\/avatar\\\/d67144e966420fb74aa84c9f2a0103be4724fd14db52b52d3b6bca749f257e79?s=96&d=mm&r=g\",\"contentUrl\":\"https:\\\/\\\/secure.gravatar.com\\\/avatar\\\/d67144e966420fb74aa84c9f2a0103be4724fd14db52b52d3b6bca749f257e79?s=96&d=mm&r=g\",\"caption\":\"Paco S\u00e1nchez\"},\"sameAs\":[\"https:\\\/\\\/arealorcaradio.es\"],\"url\":\"https:\\\/\\\/arealorcaradio.es\\\/index.php\\\/author\\\/admin_alorcaradio\\\/\"}]}<\/script>\n<!-- \/ Yoast SEO plugin. -->","yoast_head_json":{"title":"Comienzan en La Hoya las Fiestas Patronales en honor a Sagrado Coraz\u00f3n de Jes\u00fas - AREA LORCA RADIO","robots":{"index":"index","follow":"follow","max-snippet":"max-snippet:-1","max-image-preview":"max-image-preview:large","max-video-preview":"max-video-preview:-1"},"canonical":"https:\/\/arealorcaradio.es\/index.php\/2025\/06\/24\/comienzan-en-la-hoya-las-fiestas-patronales-en-honor-a-sagrado-corazon-de-jesus\/","og_locale":"es_ES","og_type":"article","og_title":"Comienzan en La Hoya las Fiestas Patronales en honor a Sagrado Coraz\u00f3n de Jes\u00fas - AREA LORCA RADIO","og_description":"\u00c1REA LORCA RADIO. Fiestas Patronales. M\u00e1s de cuarenta actividades completan la programaci\u00f3n de las Fiestas Patronales de La Hoya en honor al Sagrado Coraz\u00f3n de Jes\u00fas. Aunque desde el pasado 15 de junio se est\u00e1n celebrando diferentes actos incluidos en la programaci\u00f3n, los d\u00edas con mayor n\u00famero de actividades son el viernes 27, s\u00e1bado 28 [&hellip;]","og_url":"https:\/\/arealorcaradio.es\/index.php\/2025\/06\/24\/comienzan-en-la-hoya-las-fiestas-patronales-en-honor-a-sagrado-corazon-de-jesus\/","og_site_name":"AREA LORCA RADIO","article_published_time":"2025-06-24T21:14:08+00:00","og_image":[{"width":1395,"height":679,"url":"https:\/\/arealorcaradio.es\/wp-content\/uploads\/2025\/06\/Screenshot_20250624-183256_OneDrive.jpg","type":"image\/jpeg"}],"author":"Paco S\u00e1nchez","twitter_card":"summary_large_image","twitter_misc":{"Escrito por":"Paco S\u00e1nchez","Tiempo de lectura":"1 minuto"},"schema":{"@context":"https:\/\/schema.org","@graph":[{"@type":"Article","@id":"https:\/\/arealorcaradio.es\/index.php\/2025\/06\/24\/comienzan-en-la-hoya-las-fiestas-patronales-en-honor-a-sagrado-corazon-de-jesus\/#article","isPartOf":{"@id":"https:\/\/arealorcaradio.es\/index.php\/2025\/06\/24\/comienzan-en-la-hoya-las-fiestas-patronales-en-honor-a-sagrado-corazon-de-jesus\/"},"author":{"name":"Paco S\u00e1nchez","@id":"https:\/\/arealorcaradio.es\/#\/schema\/person\/9fae605fc25b0f2c83c1ab207139bd27"},"headline":"Comienzan en La Hoya las Fiestas Patronales en honor a Sagrado Coraz\u00f3n de Jes\u00fas","datePublished":"2025-06-24T21:14:08+00:00","mainEntityOfPage":{"@id":"https:\/\/arealorcaradio.es\/index.php\/2025\/06\/24\/comienzan-en-la-hoya-las-fiestas-patronales-en-honor-a-sagrado-corazon-de-jesus\/"},"wordCount":134,"commentCount":0,"image":{"@id":"https:\/\/arealorcaradio.es\/index.php\/2025\/06\/24\/comienzan-en-la-hoya-las-fiestas-patronales-en-honor-a-sagrado-corazon-de-jesus\/#primaryimage"},"thumbnailUrl":"https:\/\/arealorcaradio.es\/wp-content\/uploads\/2025\/06\/Screenshot_20250624-183256_OneDrive.jpg","articleSection":["ACTUALIDAD","LORCA"],"inLanguage":"es","potentialAction":[{"@type":"CommentAction","name":"Comment","target":["https:\/\/arealorcaradio.es\/index.php\/2025\/06\/24\/comienzan-en-la-hoya-las-fiestas-patronales-en-honor-a-sagrado-corazon-de-jesus\/#respond"]}]},{"@type":"WebPage","@id":"https:\/\/arealorcaradio.es\/index.php\/2025\/06\/24\/comienzan-en-la-hoya-las-fiestas-patronales-en-honor-a-sagrado-corazon-de-jesus\/","url":"https:\/\/arealorcaradio.es\/index.php\/2025\/06\/24\/comienzan-en-la-hoya-las-fiestas-patronales-en-honor-a-sagrado-corazon-de-jesus\/","name":"Comienzan en La Hoya las Fiestas Patronales en honor a Sagrado Coraz\u00f3n de Jes\u00fas - AREA LORCA RADIO","isPartOf":{"@id":"https:\/\/arealorcaradio.es\/#website"},"primaryImageOfPage":{"@id":"https:\/\/arealorcaradio.es\/index.php\/2025\/06\/24\/comienzan-en-la-hoya-las-fiestas-patronales-en-honor-a-sagrado-corazon-de-jesus\/#primaryimage"},"image":{"@id":"https:\/\/arealorcaradio.es\/index.php\/2025\/06\/24\/comienzan-en-la-hoya-las-fiestas-patronales-en-honor-a-sagrado-corazon-de-jesus\/#primaryimage"},"thumbnailUrl":"https:\/\/arealorcaradio.es\/wp-content\/uploads\/2025\/06\/Screenshot_20250624-183256_OneDrive.jpg","datePublished":"2025-06-24T21:14:08+00:00","author":{"@id":"https:\/\/arealorcaradio.es\/#\/schema\/person\/9fae605fc25b0f2c83c1ab207139bd27"},"breadcrumb":{"@id":"https:\/\/arealorcaradio.es\/index.php\/2025\/06\/24\/comienzan-en-la-hoya-las-fiestas-patronales-en-honor-a-sagrado-corazon-de-jesus\/#breadcrumb"},"inLanguage":"es","potentialAction":[{"@type":"ReadAction","target":["https:\/\/arealorcaradio.es\/index.php\/2025\/06\/24\/comienzan-en-la-hoya-las-fiestas-patronales-en-honor-a-sagrado-corazon-de-jesus\/"]}]},{"@type":"ImageObject","inLanguage":"es","@id":"https:\/\/arealorcaradio.es\/index.php\/2025\/06\/24\/comienzan-en-la-hoya-las-fiestas-patronales-en-honor-a-sagrado-corazon-de-jesus\/#primaryimage","url":"https:\/\/arealorcaradio.es\/wp-content\/uploads\/2025\/06\/Screenshot_20250624-183256_OneDrive.jpg","contentUrl":"https:\/\/arealorcaradio.es\/wp-content\/uploads\/2025\/06\/Screenshot_20250624-183256_OneDrive.jpg","width":1395,"height":679},{"@type":"BreadcrumbList","@id":"https:\/\/arealorcaradio.es\/index.php\/2025\/06\/24\/comienzan-en-la-hoya-las-fiestas-patronales-en-honor-a-sagrado-corazon-de-jesus\/#breadcrumb","itemListElement":[{"@type":"ListItem","position":1,"name":"Portada","item":"https:\/\/arealorcaradio.es\/"},{"@type":"ListItem","position":2,"name":"Comienzan en La Hoya las Fiestas Patronales en honor a Sagrado Coraz\u00f3n de Jes\u00fas"}]},{"@type":"WebSite","@id":"https:\/\/arealorcaradio.es\/#website","url":"https:\/\/arealorcaradio.es\/","name":"AREA LORCA RADIO","description":"Descubre la programaci\u00f3n actual en \u00c1rea Lorca Radio, tu fuente de entrenamiento y noticias locales. Sintoniza ahora y mantente conectado online.","potentialAction":[{"@type":"SearchAction","target":{"@type":"EntryPoint","urlTemplate":"https:\/\/arealorcaradio.es\/?s={search_term_string}"},"query-input":{"@type":"PropertyValueSpecification","valueRequired":true,"valueName":"search_term_string"}}],"inLanguage":"es"},{"@type":"Person","@id":"https:\/\/arealorcaradio.es\/#\/schema\/person\/9fae605fc25b0f2c83c1ab207139bd27","name":"Paco S\u00e1nchez","image":{"@type":"ImageObject","inLanguage":"es","@id":"https:\/\/secure.gravatar.com\/avatar\/d67144e966420fb74aa84c9f2a0103be4724fd14db52b52d3b6bca749f257e79?s=96&d=mm&r=g","url":"https:\/\/secure.gravatar.com\/avatar\/d67144e966420fb74aa84c9f2a0103be4724fd14db52b52d3b6bca749f257e79?s=96&d=mm&r=g","contentUrl":"https:\/\/secure.gravatar.com\/avatar\/d67144e966420fb74aa84c9f2a0103be4724fd14db52b52d3b6bca749f257e79?s=96&d=mm&r=g","caption":"Paco S\u00e1nchez"},"sameAs":["https:\/\/arealorcaradio.es"],"url":"https:\/\/arealorcaradio.es\/index.php\/author\/admin_alorcaradio\/"}]}},"_links":{"self":[{"href":"https:\/\/arealorcaradio.es\/index.php\/wp-json\/wp\/v2\/posts\/7061","targetHints":{"allow":["GET"]}}],"collection":[{"href":"https:\/\/arealorcaradio.es\/index.php\/wp-json\/wp\/v2\/posts"}],"about":[{"href":"https:\/\/arealorcaradio.es\/index.php\/wp-json\/wp\/v2\/types\/post"}],"author":[{"embeddable":true,"href":"https:\/\/arealorcaradio.es\/index.php\/wp-json\/wp\/v2\/users\/1"}],"replies":[{"embeddable":true,"href":"https:\/\/arealorcaradio.es\/index.php\/wp-json\/wp\/v2\/comments?post=7061"}],"version-history":[{"count":3,"href":"https:\/\/arealorcaradio.es\/index.php\/wp-json\/wp\/v2\/posts\/7061\/revisions"}],"predecessor-version":[{"id":7075,"href":"https:\/\/arealorcaradio.es\/index.php\/wp-json\/wp\/v2\/posts\/7061\/revisions\/7075"}],"wp:featuredmedia":[{"embeddable":true,"href":"https:\/\/arealorcaradio.es\/index.php\/wp-json\/wp\/v2\/media\/7074"}],"wp:attachment":[{"href":"https:\/\/arealorcaradio.es\/index.php\/wp-json\/wp\/v2\/media?parent=7061"}],"wp:term":[{"taxonomy":"category","embeddable":true,"href":"https:\/\/arealorcaradio.es\/index.php\/wp-json\/wp\/v2\/categories?post=7061"},{"taxonomy":"post_tag","embeddable":true,"href":"https:\/\/arealorcaradio.es\/index.php\/wp-json\/wp\/v2\/tags?post=7061"}],"curies":[{"name":"wp","href":"https:\/\/api.w.org\/{rel}","templated":true}]}}