{"id":7034,"date":"2025-06-23T11:19:24","date_gmt":"2025-06-23T11:19:24","guid":{"rendered":"https:\/\/arealorcaradio.es\/?p=7034"},"modified":"2025-06-23T11:19:24","modified_gmt":"2025-06-23T11:19:24","slug":"lorca-continua-posicionandose-como-referente-en-el-cuidado-de-personas-mayores-gracias-a-la-creacion-de-la-catedra-poncemar-upct-de-investigacion-tecnologica-en-mayores","status":"publish","type":"post","link":"https:\/\/arealorcaradio.es\/index.php\/2025\/06\/23\/lorca-continua-posicionandose-como-referente-en-el-cuidado-de-personas-mayores-gracias-a-la-creacion-de-la-catedra-poncemar-upct-de-investigacion-tecnologica-en-mayores\/","title":{"rendered":"Lorca contin\u00faa posicion\u00e1ndose como referente en el cuidado de personas mayores gracias a la creaci\u00f3n de la\u00a0C\u00e1tedra Poncemar-UPCT de Investigaci\u00f3n Tecnol\u00f3gica en Mayores"},"content":{"rendered":"<p><strong>\u00c1REA LORCA RADIO.\u00a0<\/strong><\/p>\n<p class=\"v1MsoNormal\"><strong>23 de junio de 2025<\/strong>. La Casa del Capit\u00e1n, sede de las C\u00e1tedras de la Fundaci\u00f3n Poncemar en el Campus Universitario de Lorca, ha acogido este lunes el acto de constituci\u00f3n oficial de la C\u00e1tedra Poncemar-UPCT de Investigaci\u00f3n Tecnol\u00f3gica en Mayores, fruto de la colaboraci\u00f3n entre la Universidad Polit\u00e9cnica de Cartagena (UPCT) y la Fundaci\u00f3n Poncemar. El acto ha contado con la presencia el alcalde de Lorca y presidente del Patronato de la Fundaci\u00f3n Poncemar, Fulgencio Gil J\u00f3dar, y del Rector Magn\u00edfico de la UPCT, Mathieu Kessler Neyer, quienes han destacado la importancia de esta nueva iniciativa para el municipio y sus mayores.<\/p>\n<p class=\"v1MsoNormal\"><img loading=\"lazy\" decoding=\"async\" class=\"alignnone size-medium wp-image-7037\" src=\"https:\/\/arealorcaradio.es\/wp-content\/uploads\/2025\/06\/FOTO1-33-300x200.jpeg\" alt=\"\" width=\"300\" height=\"200\" srcset=\"https:\/\/arealorcaradio.es\/wp-content\/uploads\/2025\/06\/FOTO1-33-300x200.jpeg 300w, https:\/\/arealorcaradio.es\/wp-content\/uploads\/2025\/06\/FOTO1-33-1024x682.jpeg 1024w, https:\/\/arealorcaradio.es\/wp-content\/uploads\/2025\/06\/FOTO1-33-768x512.jpeg 768w, https:\/\/arealorcaradio.es\/wp-content\/uploads\/2025\/06\/FOTO1-33-1536x1023.jpeg 1536w, https:\/\/arealorcaradio.es\/wp-content\/uploads\/2025\/06\/FOTO1-33.jpeg 1600w\" sizes=\"auto, (max-width: 300px) 100vw, 300px\" \/> <img loading=\"lazy\" decoding=\"async\" class=\"alignnone size-medium wp-image-7038\" src=\"https:\/\/arealorcaradio.es\/wp-content\/uploads\/2025\/06\/FOTO3-20-300x200.jpeg\" alt=\"\" width=\"300\" height=\"200\" srcset=\"https:\/\/arealorcaradio.es\/wp-content\/uploads\/2025\/06\/FOTO3-20-300x200.jpeg 300w, https:\/\/arealorcaradio.es\/wp-content\/uploads\/2025\/06\/FOTO3-20-1024x682.jpeg 1024w, https:\/\/arealorcaradio.es\/wp-content\/uploads\/2025\/06\/FOTO3-20-768x512.jpeg 768w, https:\/\/arealorcaradio.es\/wp-content\/uploads\/2025\/06\/FOTO3-20-1536x1023.jpeg 1536w, https:\/\/arealorcaradio.es\/wp-content\/uploads\/2025\/06\/FOTO3-20.jpeg 1600w\" sizes=\"auto, (max-width: 300px) 100vw, 300px\" \/><\/p>\n<p class=\"v1MsoNormal\">\u00abLa puesta en marcha de esta c\u00e1tedra supone un salto cualitativo en nuestra apuesta por convertir a Lorca en un referente nacional e internacional en innovaci\u00f3n social y tecnol\u00f3gica aplicada al bienestar de nuestros mayores. Estamos hablando de un modelo pionero que nos sit\u00faa a la vanguardia de los cuidados asistidos, combinando la tecnolog\u00eda con la participaci\u00f3n activa de toda la sociedad\u00bb, ha afirmado Fulgencio Gil.<\/p>\n<p class=\"v1MsoNormal\">El alcalde de Lorca ha a\u00f1adido que la creaci\u00f3n de esta c\u00e1tedra entre la Universidad Polit\u00e9cnica de Cartagena y la Fundaci\u00f3n Poncemar representa \u00abun paso decisivo en la consolidaci\u00f3n de una alianza estrat\u00e9gica entre ambas entidades orientada a la mejora del cuidado y la calidad de vida de las personas mayores en situaci\u00f3n de fragilidad\u00bb, y ha detallado que \u00abcon el objetivo de promover la investigaci\u00f3n aplicada y el desarrollo de soluciones tecnol\u00f3gicas, tendr\u00e1 un marcado car\u00e1cter pr\u00e1ctico centrado, especialmente, en contextos residenciales innovadores y reales como es el cohousing intergeneracional que est\u00e1 promoviendo la Fundaci\u00f3n Poncemar, en colaboraci\u00f3n con el Ayuntamiento, en la nueva residencia que est\u00e1 construyendo en el barrio de Alfonso X\u00bb.<\/p>\n<p>Esta residencia se convertir\u00e1 en un espacio que actuar\u00e1 como un laboratorio vivo donde se testear\u00e1n, aplicar\u00e1n y validar\u00e1n tecnolog\u00edas punteras como sistemas de monitorizaci\u00f3n de salud, inteligencia ambiental, rob\u00f3tica asistencial, evacuaci\u00f3n automatizada y soluciones de inteligencia artificial orientadas al cuidado personalizado. \u00abGracias a este entorno real de experimentaci\u00f3n, se podr\u00e1n abordar los proyectos desde una perspectiva integral, fomentando adem\u00e1s\u00a0la participaci\u00f3n activa de estudiantes, mayores, profesionales de la Fundaci\u00f3n y grupos de investigaci\u00f3n en el dise\u00f1o e implementaci\u00f3n de soluciones tecnol\u00f3gicas con impacto social\u00bb,\u00a0ha se\u00f1alado Gil J\u00f3dar.<\/p>\n<p class=\"v1MsoNormal\">\u00abLorca es ya un referente en el cuidado de las personas mayores, y lo est\u00e1 siendo desde el conocimiento, desde la investigaci\u00f3n y desde la acci\u00f3n. Estamos construyendo un modelo propio, integrador, que pone a las personas en el centro y que busca transformar la sociedad empezando por cuidar a quienes m\u00e1s lo necesitan. La constituci\u00f3n de esta nueva c\u00e1tedra es otro paso m\u00e1s en la apuesta que desde el Gobierno de Lorca tenemos por ser un modelo, a nivel internacional, de ciudad amigable con las personas mayores y su bienestar\u00bb, ha indicado el primer edil.<\/p>\n<p class=\"v1MsoNormal\">Y ha concluido destacando que \u00abde la mano de las universidades y de otras administraciones p\u00fablicas seguiremos trabajando para conectar el conocimiento acad\u00e9mico con las necesidades reales de la sociedad, promoviendo el desarrollo de soluciones tecnol\u00f3gicas eficientes, humanas y sostenibles, desde una perspectiva interdisciplinar y comprometida con la transformaci\u00f3n social\u00bb.<\/p>\n<p class=\"v1MsoNormal\">El Rector Magn\u00edfico de la UPCT, por su parte, ha manifestado que \u00abesta c\u00e1tedra no solo fortalecer\u00e1 la investigaci\u00f3n aplicada en el \u00e1mbito del envejecimiento y el cuidado por la Fundaci\u00f3n Poncemar, sino que tambi\u00e9n generar\u00e1 oportunidades para la formaci\u00f3n especializada, el emprendimiento tecnol\u00f3gico y la cooperaci\u00f3n p\u00fablico-privada. Adem\u00e1s, permitir\u00e1 posicionar a la Universidad Polit\u00e9cnica de Cartagena como un referente nacional en innovaci\u00f3n social y tecnol\u00f3gica orientada al bienestar de las personas, impulsando nuevas formas de convivencia y atenci\u00f3n basadas en la autonom\u00eda, la dignidad y la participaci\u00f3n activa\u00bb.<\/p>\n<p class=\"v1MsoNormal\">Y ha indicado que \u00abes asimismo una oportunidad para la coexistencia y el trabajo conjunto con la C\u00e1tedra Poncemar de Gerontolog\u00eda de la Universidad de Murcia, con enfoques distintos pero orientadas ambas a la investigaci\u00f3n en cuidados de personas mayores, suponiendo un enfoque integral que combine relaciones intergeneracionales, ocupacionales y ambientes de vida asistidos\u00bb.<\/p>\n","protected":false},"excerpt":{"rendered":"<p>\u00c1REA LORCA RADIO.\u00a0 23 de junio de 2025. La Casa del Capit\u00e1n, sede de las C\u00e1tedras de la Fundaci\u00f3n Poncemar en el Campus Universitario de Lorca, ha acogido este lunes el acto de constituci\u00f3n oficial de la C\u00e1tedra Poncemar-UPCT de Investigaci\u00f3n Tecnol\u00f3gica en Mayores, fruto de la colaboraci\u00f3n entre la Universidad Polit\u00e9cnica de Cartagena (UPCT) [&hellip;]<\/p>\n","protected":false},"author":1,"featured_media":7035,"comment_status":"open","ping_status":"open","sticky":false,"template":"","format":"standard","meta":{"iawp_total_views":11,"footnotes":""},"categories":[5,7],"tags":[],"class_list":["post-7034","post","type-post","status-publish","format-standard","has-post-thumbnail","hentry","category-actualidad","category-lorca"],"yoast_head":"<!-- This site is optimized with the Yoast SEO plugin v27.5 - https:\/\/yoast.com\/product\/yoast-seo-wordpress\/ -->\n<title>Lorca contin\u00faa posicion\u00e1ndose como referente en el cuidado de personas mayores gracias a la creaci\u00f3n de la\u00a0C\u00e1tedra Poncemar-UPCT de Investigaci\u00f3n Tecnol\u00f3gica en Mayores - AREA LORCA RADIO<\/title>\n<meta name=\"robots\" content=\"index, follow, max-snippet:-1, max-image-preview:large, max-video-preview:-1\" \/>\n<link rel=\"canonical\" href=\"https:\/\/arealorcaradio.es\/index.php\/2025\/06\/23\/lorca-continua-posicionandose-como-referente-en-el-cuidado-de-personas-mayores-gracias-a-la-creacion-de-la-catedra-poncemar-upct-de-investigacion-tecnologica-en-mayores\/\" \/>\n<meta property=\"og:locale\" content=\"es_ES\" \/>\n<meta property=\"og:type\" content=\"article\" \/>\n<meta property=\"og:title\" content=\"Lorca contin\u00faa posicion\u00e1ndose como referente en el cuidado de personas mayores gracias a la creaci\u00f3n de la\u00a0C\u00e1tedra Poncemar-UPCT de Investigaci\u00f3n Tecnol\u00f3gica en Mayores - AREA LORCA RADIO\" \/>\n<meta property=\"og:description\" content=\"\u00c1REA LORCA RADIO.\u00a0 23 de junio de 2025. La Casa del Capit\u00e1n, sede de las C\u00e1tedras de la Fundaci\u00f3n Poncemar en el Campus Universitario de Lorca, ha acogido este lunes el acto de constituci\u00f3n oficial de la C\u00e1tedra Poncemar-UPCT de Investigaci\u00f3n Tecnol\u00f3gica en Mayores, fruto de la colaboraci\u00f3n entre la Universidad Polit\u00e9cnica de Cartagena (UPCT) [&hellip;]\" \/>\n<meta property=\"og:url\" content=\"https:\/\/arealorcaradio.es\/index.php\/2025\/06\/23\/lorca-continua-posicionandose-como-referente-en-el-cuidado-de-personas-mayores-gracias-a-la-creacion-de-la-catedra-poncemar-upct-de-investigacion-tecnologica-en-mayores\/\" \/>\n<meta property=\"og:site_name\" content=\"AREA LORCA RADIO\" \/>\n<meta property=\"article:published_time\" content=\"2025-06-23T11:19:24+00:00\" \/>\n<meta property=\"og:image\" content=\"https:\/\/arealorcaradio.es\/wp-content\/uploads\/2025\/06\/FOTO4-12.jpeg\" \/>\n\t<meta property=\"og:image:width\" content=\"1600\" \/>\n\t<meta property=\"og:image:height\" content=\"1066\" \/>\n\t<meta property=\"og:image:type\" content=\"image\/jpeg\" \/>\n<meta name=\"author\" content=\"Paco S\u00e1nchez\" \/>\n<meta name=\"twitter:card\" content=\"summary_large_image\" \/>\n<meta name=\"twitter:label1\" content=\"Escrito por\" \/>\n\t<meta name=\"twitter:data1\" content=\"Paco S\u00e1nchez\" \/>\n\t<meta name=\"twitter:label2\" content=\"Tiempo de lectura\" \/>\n\t<meta name=\"twitter:data2\" content=\"4 minutos\" \/>\n<script type=\"application\/ld+json\" class=\"yoast-schema-graph\">{\"@context\":\"https:\\\/\\\/schema.org\",\"@graph\":[{\"@type\":\"Article\",\"@id\":\"https:\\\/\\\/arealorcaradio.es\\\/index.php\\\/2025\\\/06\\\/23\\\/lorca-continua-posicionandose-como-referente-en-el-cuidado-de-personas-mayores-gracias-a-la-creacion-de-la-catedra-poncemar-upct-de-investigacion-tecnologica-en-mayores\\\/#article\",\"isPartOf\":{\"@id\":\"https:\\\/\\\/arealorcaradio.es\\\/index.php\\\/2025\\\/06\\\/23\\\/lorca-continua-posicionandose-como-referente-en-el-cuidado-de-personas-mayores-gracias-a-la-creacion-de-la-catedra-poncemar-upct-de-investigacion-tecnologica-en-mayores\\\/\"},\"author\":{\"name\":\"Paco S\u00e1nchez\",\"@id\":\"https:\\\/\\\/arealorcaradio.es\\\/#\\\/schema\\\/person\\\/9fae605fc25b0f2c83c1ab207139bd27\"},\"headline\":\"Lorca contin\u00faa posicion\u00e1ndose como referente en el cuidado de personas mayores gracias a la creaci\u00f3n de la\u00a0C\u00e1tedra Poncemar-UPCT de Investigaci\u00f3n Tecnol\u00f3gica en Mayores\",\"datePublished\":\"2025-06-23T11:19:24+00:00\",\"mainEntityOfPage\":{\"@id\":\"https:\\\/\\\/arealorcaradio.es\\\/index.php\\\/2025\\\/06\\\/23\\\/lorca-continua-posicionandose-como-referente-en-el-cuidado-de-personas-mayores-gracias-a-la-creacion-de-la-catedra-poncemar-upct-de-investigacion-tecnologica-en-mayores\\\/\"},\"wordCount\":773,\"commentCount\":0,\"image\":{\"@id\":\"https:\\\/\\\/arealorcaradio.es\\\/index.php\\\/2025\\\/06\\\/23\\\/lorca-continua-posicionandose-como-referente-en-el-cuidado-de-personas-mayores-gracias-a-la-creacion-de-la-catedra-poncemar-upct-de-investigacion-tecnologica-en-mayores\\\/#primaryimage\"},\"thumbnailUrl\":\"https:\\\/\\\/arealorcaradio.es\\\/wp-content\\\/uploads\\\/2025\\\/06\\\/FOTO4-12.jpeg\",\"articleSection\":[\"ACTUALIDAD\",\"LORCA\"],\"inLanguage\":\"es\",\"potentialAction\":[{\"@type\":\"CommentAction\",\"name\":\"Comment\",\"target\":[\"https:\\\/\\\/arealorcaradio.es\\\/index.php\\\/2025\\\/06\\\/23\\\/lorca-continua-posicionandose-como-referente-en-el-cuidado-de-personas-mayores-gracias-a-la-creacion-de-la-catedra-poncemar-upct-de-investigacion-tecnologica-en-mayores\\\/#respond\"]}]},{\"@type\":\"WebPage\",\"@id\":\"https:\\\/\\\/arealorcaradio.es\\\/index.php\\\/2025\\\/06\\\/23\\\/lorca-continua-posicionandose-como-referente-en-el-cuidado-de-personas-mayores-gracias-a-la-creacion-de-la-catedra-poncemar-upct-de-investigacion-tecnologica-en-mayores\\\/\",\"url\":\"https:\\\/\\\/arealorcaradio.es\\\/index.php\\\/2025\\\/06\\\/23\\\/lorca-continua-posicionandose-como-referente-en-el-cuidado-de-personas-mayores-gracias-a-la-creacion-de-la-catedra-poncemar-upct-de-investigacion-tecnologica-en-mayores\\\/\",\"name\":\"Lorca contin\u00faa posicion\u00e1ndose como referente en el cuidado de personas mayores gracias a la creaci\u00f3n de la\u00a0C\u00e1tedra Poncemar-UPCT de Investigaci\u00f3n Tecnol\u00f3gica en Mayores - AREA LORCA RADIO\",\"isPartOf\":{\"@id\":\"https:\\\/\\\/arealorcaradio.es\\\/#website\"},\"primaryImageOfPage\":{\"@id\":\"https:\\\/\\\/arealorcaradio.es\\\/index.php\\\/2025\\\/06\\\/23\\\/lorca-continua-posicionandose-como-referente-en-el-cuidado-de-personas-mayores-gracias-a-la-creacion-de-la-catedra-poncemar-upct-de-investigacion-tecnologica-en-mayores\\\/#primaryimage\"},\"image\":{\"@id\":\"https:\\\/\\\/arealorcaradio.es\\\/index.php\\\/2025\\\/06\\\/23\\\/lorca-continua-posicionandose-como-referente-en-el-cuidado-de-personas-mayores-gracias-a-la-creacion-de-la-catedra-poncemar-upct-de-investigacion-tecnologica-en-mayores\\\/#primaryimage\"},\"thumbnailUrl\":\"https:\\\/\\\/arealorcaradio.es\\\/wp-content\\\/uploads\\\/2025\\\/06\\\/FOTO4-12.jpeg\",\"datePublished\":\"2025-06-23T11:19:24+00:00\",\"author\":{\"@id\":\"https:\\\/\\\/arealorcaradio.es\\\/#\\\/schema\\\/person\\\/9fae605fc25b0f2c83c1ab207139bd27\"},\"breadcrumb\":{\"@id\":\"https:\\\/\\\/arealorcaradio.es\\\/index.php\\\/2025\\\/06\\\/23\\\/lorca-continua-posicionandose-como-referente-en-el-cuidado-de-personas-mayores-gracias-a-la-creacion-de-la-catedra-poncemar-upct-de-investigacion-tecnologica-en-mayores\\\/#breadcrumb\"},\"inLanguage\":\"es\",\"potentialAction\":[{\"@type\":\"ReadAction\",\"target\":[\"https:\\\/\\\/arealorcaradio.es\\\/index.php\\\/2025\\\/06\\\/23\\\/lorca-continua-posicionandose-como-referente-en-el-cuidado-de-personas-mayores-gracias-a-la-creacion-de-la-catedra-poncemar-upct-de-investigacion-tecnologica-en-mayores\\\/\"]}]},{\"@type\":\"ImageObject\",\"inLanguage\":\"es\",\"@id\":\"https:\\\/\\\/arealorcaradio.es\\\/index.php\\\/2025\\\/06\\\/23\\\/lorca-continua-posicionandose-como-referente-en-el-cuidado-de-personas-mayores-gracias-a-la-creacion-de-la-catedra-poncemar-upct-de-investigacion-tecnologica-en-mayores\\\/#primaryimage\",\"url\":\"https:\\\/\\\/arealorcaradio.es\\\/wp-content\\\/uploads\\\/2025\\\/06\\\/FOTO4-12.jpeg\",\"contentUrl\":\"https:\\\/\\\/arealorcaradio.es\\\/wp-content\\\/uploads\\\/2025\\\/06\\\/FOTO4-12.jpeg\",\"width\":1600,\"height\":1066},{\"@type\":\"BreadcrumbList\",\"@id\":\"https:\\\/\\\/arealorcaradio.es\\\/index.php\\\/2025\\\/06\\\/23\\\/lorca-continua-posicionandose-como-referente-en-el-cuidado-de-personas-mayores-gracias-a-la-creacion-de-la-catedra-poncemar-upct-de-investigacion-tecnologica-en-mayores\\\/#breadcrumb\",\"itemListElement\":[{\"@type\":\"ListItem\",\"position\":1,\"name\":\"Portada\",\"item\":\"https:\\\/\\\/arealorcaradio.es\\\/\"},{\"@type\":\"ListItem\",\"position\":2,\"name\":\"Lorca contin\u00faa posicion\u00e1ndose como referente en el cuidado de personas mayores gracias a la creaci\u00f3n de la\u00a0C\u00e1tedra Poncemar-UPCT de Investigaci\u00f3n Tecnol\u00f3gica en Mayores\"}]},{\"@type\":\"WebSite\",\"@id\":\"https:\\\/\\\/arealorcaradio.es\\\/#website\",\"url\":\"https:\\\/\\\/arealorcaradio.es\\\/\",\"name\":\"AREA LORCA RADIO\",\"description\":\"Descubre la programaci\u00f3n actual en \u00c1rea Lorca Radio, tu fuente de entrenamiento y noticias locales. Sintoniza ahora y mantente conectado online.\",\"potentialAction\":[{\"@type\":\"SearchAction\",\"target\":{\"@type\":\"EntryPoint\",\"urlTemplate\":\"https:\\\/\\\/arealorcaradio.es\\\/?s={search_term_string}\"},\"query-input\":{\"@type\":\"PropertyValueSpecification\",\"valueRequired\":true,\"valueName\":\"search_term_string\"}}],\"inLanguage\":\"es\"},{\"@type\":\"Person\",\"@id\":\"https:\\\/\\\/arealorcaradio.es\\\/#\\\/schema\\\/person\\\/9fae605fc25b0f2c83c1ab207139bd27\",\"name\":\"Paco S\u00e1nchez\",\"image\":{\"@type\":\"ImageObject\",\"inLanguage\":\"es\",\"@id\":\"https:\\\/\\\/secure.gravatar.com\\\/avatar\\\/d67144e966420fb74aa84c9f2a0103be4724fd14db52b52d3b6bca749f257e79?s=96&d=mm&r=g\",\"url\":\"https:\\\/\\\/secure.gravatar.com\\\/avatar\\\/d67144e966420fb74aa84c9f2a0103be4724fd14db52b52d3b6bca749f257e79?s=96&d=mm&r=g\",\"contentUrl\":\"https:\\\/\\\/secure.gravatar.com\\\/avatar\\\/d67144e966420fb74aa84c9f2a0103be4724fd14db52b52d3b6bca749f257e79?s=96&d=mm&r=g\",\"caption\":\"Paco S\u00e1nchez\"},\"sameAs\":[\"https:\\\/\\\/arealorcaradio.es\"],\"url\":\"https:\\\/\\\/arealorcaradio.es\\\/index.php\\\/author\\\/admin_alorcaradio\\\/\"}]}<\/script>\n<!-- \/ Yoast SEO plugin. -->","yoast_head_json":{"title":"Lorca contin\u00faa posicion\u00e1ndose como referente en el cuidado de personas mayores gracias a la creaci\u00f3n de la\u00a0C\u00e1tedra Poncemar-UPCT de Investigaci\u00f3n Tecnol\u00f3gica en Mayores - AREA LORCA RADIO","robots":{"index":"index","follow":"follow","max-snippet":"max-snippet:-1","max-image-preview":"max-image-preview:large","max-video-preview":"max-video-preview:-1"},"canonical":"https:\/\/arealorcaradio.es\/index.php\/2025\/06\/23\/lorca-continua-posicionandose-como-referente-en-el-cuidado-de-personas-mayores-gracias-a-la-creacion-de-la-catedra-poncemar-upct-de-investigacion-tecnologica-en-mayores\/","og_locale":"es_ES","og_type":"article","og_title":"Lorca contin\u00faa posicion\u00e1ndose como referente en el cuidado de personas mayores gracias a la creaci\u00f3n de la\u00a0C\u00e1tedra Poncemar-UPCT de Investigaci\u00f3n Tecnol\u00f3gica en Mayores - AREA LORCA RADIO","og_description":"\u00c1REA LORCA RADIO.\u00a0 23 de junio de 2025. La Casa del Capit\u00e1n, sede de las C\u00e1tedras de la Fundaci\u00f3n Poncemar en el Campus Universitario de Lorca, ha acogido este lunes el acto de constituci\u00f3n oficial de la C\u00e1tedra Poncemar-UPCT de Investigaci\u00f3n Tecnol\u00f3gica en Mayores, fruto de la colaboraci\u00f3n entre la Universidad Polit\u00e9cnica de Cartagena (UPCT) [&hellip;]","og_url":"https:\/\/arealorcaradio.es\/index.php\/2025\/06\/23\/lorca-continua-posicionandose-como-referente-en-el-cuidado-de-personas-mayores-gracias-a-la-creacion-de-la-catedra-poncemar-upct-de-investigacion-tecnologica-en-mayores\/","og_site_name":"AREA LORCA RADIO","article_published_time":"2025-06-23T11:19:24+00:00","og_image":[{"width":1600,"height":1066,"url":"https:\/\/arealorcaradio.es\/wp-content\/uploads\/2025\/06\/FOTO4-12.jpeg","type":"image\/jpeg"}],"author":"Paco S\u00e1nchez","twitter_card":"summary_large_image","twitter_misc":{"Escrito por":"Paco S\u00e1nchez","Tiempo de lectura":"4 minutos"},"schema":{"@context":"https:\/\/schema.org","@graph":[{"@type":"Article","@id":"https:\/\/arealorcaradio.es\/index.php\/2025\/06\/23\/lorca-continua-posicionandose-como-referente-en-el-cuidado-de-personas-mayores-gracias-a-la-creacion-de-la-catedra-poncemar-upct-de-investigacion-tecnologica-en-mayores\/#article","isPartOf":{"@id":"https:\/\/arealorcaradio.es\/index.php\/2025\/06\/23\/lorca-continua-posicionandose-como-referente-en-el-cuidado-de-personas-mayores-gracias-a-la-creacion-de-la-catedra-poncemar-upct-de-investigacion-tecnologica-en-mayores\/"},"author":{"name":"Paco S\u00e1nchez","@id":"https:\/\/arealorcaradio.es\/#\/schema\/person\/9fae605fc25b0f2c83c1ab207139bd27"},"headline":"Lorca contin\u00faa posicion\u00e1ndose como referente en el cuidado de personas mayores gracias a la creaci\u00f3n de la\u00a0C\u00e1tedra Poncemar-UPCT de Investigaci\u00f3n Tecnol\u00f3gica en Mayores","datePublished":"2025-06-23T11:19:24+00:00","mainEntityOfPage":{"@id":"https:\/\/arealorcaradio.es\/index.php\/2025\/06\/23\/lorca-continua-posicionandose-como-referente-en-el-cuidado-de-personas-mayores-gracias-a-la-creacion-de-la-catedra-poncemar-upct-de-investigacion-tecnologica-en-mayores\/"},"wordCount":773,"commentCount":0,"image":{"@id":"https:\/\/arealorcaradio.es\/index.php\/2025\/06\/23\/lorca-continua-posicionandose-como-referente-en-el-cuidado-de-personas-mayores-gracias-a-la-creacion-de-la-catedra-poncemar-upct-de-investigacion-tecnologica-en-mayores\/#primaryimage"},"thumbnailUrl":"https:\/\/arealorcaradio.es\/wp-content\/uploads\/2025\/06\/FOTO4-12.jpeg","articleSection":["ACTUALIDAD","LORCA"],"inLanguage":"es","potentialAction":[{"@type":"CommentAction","name":"Comment","target":["https:\/\/arealorcaradio.es\/index.php\/2025\/06\/23\/lorca-continua-posicionandose-como-referente-en-el-cuidado-de-personas-mayores-gracias-a-la-creacion-de-la-catedra-poncemar-upct-de-investigacion-tecnologica-en-mayores\/#respond"]}]},{"@type":"WebPage","@id":"https:\/\/arealorcaradio.es\/index.php\/2025\/06\/23\/lorca-continua-posicionandose-como-referente-en-el-cuidado-de-personas-mayores-gracias-a-la-creacion-de-la-catedra-poncemar-upct-de-investigacion-tecnologica-en-mayores\/","url":"https:\/\/arealorcaradio.es\/index.php\/2025\/06\/23\/lorca-continua-posicionandose-como-referente-en-el-cuidado-de-personas-mayores-gracias-a-la-creacion-de-la-catedra-poncemar-upct-de-investigacion-tecnologica-en-mayores\/","name":"Lorca contin\u00faa posicion\u00e1ndose como referente en el cuidado de personas mayores gracias a la creaci\u00f3n de la\u00a0C\u00e1tedra Poncemar-UPCT de Investigaci\u00f3n Tecnol\u00f3gica en Mayores - AREA LORCA RADIO","isPartOf":{"@id":"https:\/\/arealorcaradio.es\/#website"},"primaryImageOfPage":{"@id":"https:\/\/arealorcaradio.es\/index.php\/2025\/06\/23\/lorca-continua-posicionandose-como-referente-en-el-cuidado-de-personas-mayores-gracias-a-la-creacion-de-la-catedra-poncemar-upct-de-investigacion-tecnologica-en-mayores\/#primaryimage"},"image":{"@id":"https:\/\/arealorcaradio.es\/index.php\/2025\/06\/23\/lorca-continua-posicionandose-como-referente-en-el-cuidado-de-personas-mayores-gracias-a-la-creacion-de-la-catedra-poncemar-upct-de-investigacion-tecnologica-en-mayores\/#primaryimage"},"thumbnailUrl":"https:\/\/arealorcaradio.es\/wp-content\/uploads\/2025\/06\/FOTO4-12.jpeg","datePublished":"2025-06-23T11:19:24+00:00","author":{"@id":"https:\/\/arealorcaradio.es\/#\/schema\/person\/9fae605fc25b0f2c83c1ab207139bd27"},"breadcrumb":{"@id":"https:\/\/arealorcaradio.es\/index.php\/2025\/06\/23\/lorca-continua-posicionandose-como-referente-en-el-cuidado-de-personas-mayores-gracias-a-la-creacion-de-la-catedra-poncemar-upct-de-investigacion-tecnologica-en-mayores\/#breadcrumb"},"inLanguage":"es","potentialAction":[{"@type":"ReadAction","target":["https:\/\/arealorcaradio.es\/index.php\/2025\/06\/23\/lorca-continua-posicionandose-como-referente-en-el-cuidado-de-personas-mayores-gracias-a-la-creacion-de-la-catedra-poncemar-upct-de-investigacion-tecnologica-en-mayores\/"]}]},{"@type":"ImageObject","inLanguage":"es","@id":"https:\/\/arealorcaradio.es\/index.php\/2025\/06\/23\/lorca-continua-posicionandose-como-referente-en-el-cuidado-de-personas-mayores-gracias-a-la-creacion-de-la-catedra-poncemar-upct-de-investigacion-tecnologica-en-mayores\/#primaryimage","url":"https:\/\/arealorcaradio.es\/wp-content\/uploads\/2025\/06\/FOTO4-12.jpeg","contentUrl":"https:\/\/arealorcaradio.es\/wp-content\/uploads\/2025\/06\/FOTO4-12.jpeg","width":1600,"height":1066},{"@type":"BreadcrumbList","@id":"https:\/\/arealorcaradio.es\/index.php\/2025\/06\/23\/lorca-continua-posicionandose-como-referente-en-el-cuidado-de-personas-mayores-gracias-a-la-creacion-de-la-catedra-poncemar-upct-de-investigacion-tecnologica-en-mayores\/#breadcrumb","itemListElement":[{"@type":"ListItem","position":1,"name":"Portada","item":"https:\/\/arealorcaradio.es\/"},{"@type":"ListItem","position":2,"name":"Lorca contin\u00faa posicion\u00e1ndose como referente en el cuidado de personas mayores gracias a la creaci\u00f3n de la\u00a0C\u00e1tedra Poncemar-UPCT de Investigaci\u00f3n Tecnol\u00f3gica en Mayores"}]},{"@type":"WebSite","@id":"https:\/\/arealorcaradio.es\/#website","url":"https:\/\/arealorcaradio.es\/","name":"AREA LORCA RADIO","description":"Descubre la programaci\u00f3n actual en \u00c1rea Lorca Radio, tu fuente de entrenamiento y noticias locales. Sintoniza ahora y mantente conectado online.","potentialAction":[{"@type":"SearchAction","target":{"@type":"EntryPoint","urlTemplate":"https:\/\/arealorcaradio.es\/?s={search_term_string}"},"query-input":{"@type":"PropertyValueSpecification","valueRequired":true,"valueName":"search_term_string"}}],"inLanguage":"es"},{"@type":"Person","@id":"https:\/\/arealorcaradio.es\/#\/schema\/person\/9fae605fc25b0f2c83c1ab207139bd27","name":"Paco S\u00e1nchez","image":{"@type":"ImageObject","inLanguage":"es","@id":"https:\/\/secure.gravatar.com\/avatar\/d67144e966420fb74aa84c9f2a0103be4724fd14db52b52d3b6bca749f257e79?s=96&d=mm&r=g","url":"https:\/\/secure.gravatar.com\/avatar\/d67144e966420fb74aa84c9f2a0103be4724fd14db52b52d3b6bca749f257e79?s=96&d=mm&r=g","contentUrl":"https:\/\/secure.gravatar.com\/avatar\/d67144e966420fb74aa84c9f2a0103be4724fd14db52b52d3b6bca749f257e79?s=96&d=mm&r=g","caption":"Paco S\u00e1nchez"},"sameAs":["https:\/\/arealorcaradio.es"],"url":"https:\/\/arealorcaradio.es\/index.php\/author\/admin_alorcaradio\/"}]}},"_links":{"self":[{"href":"https:\/\/arealorcaradio.es\/index.php\/wp-json\/wp\/v2\/posts\/7034","targetHints":{"allow":["GET"]}}],"collection":[{"href":"https:\/\/arealorcaradio.es\/index.php\/wp-json\/wp\/v2\/posts"}],"about":[{"href":"https:\/\/arealorcaradio.es\/index.php\/wp-json\/wp\/v2\/types\/post"}],"author":[{"embeddable":true,"href":"https:\/\/arealorcaradio.es\/index.php\/wp-json\/wp\/v2\/users\/1"}],"replies":[{"embeddable":true,"href":"https:\/\/arealorcaradio.es\/index.php\/wp-json\/wp\/v2\/comments?post=7034"}],"version-history":[{"count":2,"href":"https:\/\/arealorcaradio.es\/index.php\/wp-json\/wp\/v2\/posts\/7034\/revisions"}],"predecessor-version":[{"id":7039,"href":"https:\/\/arealorcaradio.es\/index.php\/wp-json\/wp\/v2\/posts\/7034\/revisions\/7039"}],"wp:featuredmedia":[{"embeddable":true,"href":"https:\/\/arealorcaradio.es\/index.php\/wp-json\/wp\/v2\/media\/7035"}],"wp:attachment":[{"href":"https:\/\/arealorcaradio.es\/index.php\/wp-json\/wp\/v2\/media?parent=7034"}],"wp:term":[{"taxonomy":"category","embeddable":true,"href":"https:\/\/arealorcaradio.es\/index.php\/wp-json\/wp\/v2\/categories?post=7034"},{"taxonomy":"post_tag","embeddable":true,"href":"https:\/\/arealorcaradio.es\/index.php\/wp-json\/wp\/v2\/tags?post=7034"}],"curies":[{"name":"wp","href":"https:\/\/api.w.org\/{rel}","templated":true}]}}