{"id":6986,"date":"2025-06-19T07:04:40","date_gmt":"2025-06-19T07:04:40","guid":{"rendered":"https:\/\/arealorcaradio.es\/?p=6986"},"modified":"2025-06-19T07:04:40","modified_gmt":"2025-06-19T07:04:40","slug":"el-corte-de-la-alameda-de-cervantes-por-las-obras-del-ave-se-realizara-en-dos-fases-lo-que-resultara-menos-lesivo-para-la-movilidad-en-la-ciudad","status":"publish","type":"post","link":"https:\/\/arealorcaradio.es\/index.php\/2025\/06\/19\/el-corte-de-la-alameda-de-cervantes-por-las-obras-del-ave-se-realizara-en-dos-fases-lo-que-resultara-menos-lesivo-para-la-movilidad-en-la-ciudad\/","title":{"rendered":"El corte de la Alameda de Cervantes por las obras del AVE se realizar\u00e1 en dos fases, lo que resultar\u00e1 menos lesivo para la movilidad en la ciudad"},"content":{"rendered":"<p><strong>\u00c1REA LORCA RADIO. Infraestructuras.<\/strong><\/p>\n<p class=\"v1MsoNormal\"><b><span lang=\"es\">Lorca, 19 de junio de 2025. <\/span><\/b><span lang=\"es\">Las obras del soterramiento del AVE a su paso por Lorca siguen su curso en una ciudad cada vez m\u00e1s estrangulada, que ve c\u00f3mo va disminuyendo la conectividad de manera paulatina, en un territorio fuertemente marcado por su car\u00e1cter longitudinal, lo que dificulta las opciones de alternativas.<\/span><\/p>\n<p class=\"v1MsoNormal\"><span lang=\"es\">El edil de Infraestructuras del Ayuntamiento de Lorca, \u00c1ngel Meca, rese\u00f1aba esta situaci\u00f3n durante el anuncio del comienzo -hoy mismo- de la se\u00f1alizaci\u00f3n de las nuevas v\u00edas de circulaci\u00f3n que estar\u00e1n operativas tras el corte de la Alameda de Cervantes con motivo de las obras del soterramiento del AVE a su paso por Lorca, que finalmente se realizar\u00e1 en dos fases, una desde la noche del 24 de junio hasta el 30 de septiembre de 2025; y una segunda fase ya en 2026, con el objetivo de que estos cortes sean lo menos lesivos posible para la ciudadan\u00eda.<\/span><\/p>\n<p class=\"v1MsoNormal\"><span lang=\"es\"><img loading=\"lazy\" decoding=\"async\" class=\"alignnone size-medium wp-image-6989\" src=\"https:\/\/arealorcaradio.es\/wp-content\/uploads\/2025\/06\/20250618_185654-300x225.jpg\" alt=\"\" width=\"300\" height=\"225\" srcset=\"https:\/\/arealorcaradio.es\/wp-content\/uploads\/2025\/06\/20250618_185654-300x225.jpg 300w, https:\/\/arealorcaradio.es\/wp-content\/uploads\/2025\/06\/20250618_185654-1024x768.jpg 1024w, https:\/\/arealorcaradio.es\/wp-content\/uploads\/2025\/06\/20250618_185654-768x576.jpg 768w, https:\/\/arealorcaradio.es\/wp-content\/uploads\/2025\/06\/20250618_185654-1536x1152.jpg 1536w, https:\/\/arealorcaradio.es\/wp-content\/uploads\/2025\/06\/20250618_185654-2048x1536.jpg 2048w, https:\/\/arealorcaradio.es\/wp-content\/uploads\/2025\/06\/20250618_185654-86x64.jpg 86w\" sizes=\"auto, (max-width: 300px) 100vw, 300px\" \/> <img loading=\"lazy\" decoding=\"async\" class=\"alignnone size-medium wp-image-6990\" src=\"https:\/\/arealorcaradio.es\/wp-content\/uploads\/2025\/06\/20250618_185820-300x225.jpg\" alt=\"\" width=\"300\" height=\"225\" srcset=\"https:\/\/arealorcaradio.es\/wp-content\/uploads\/2025\/06\/20250618_185820-300x225.jpg 300w, https:\/\/arealorcaradio.es\/wp-content\/uploads\/2025\/06\/20250618_185820-1024x768.jpg 1024w, https:\/\/arealorcaradio.es\/wp-content\/uploads\/2025\/06\/20250618_185820-768x576.jpg 768w, https:\/\/arealorcaradio.es\/wp-content\/uploads\/2025\/06\/20250618_185820-1536x1152.jpg 1536w, https:\/\/arealorcaradio.es\/wp-content\/uploads\/2025\/06\/20250618_185820-2048x1536.jpg 2048w, https:\/\/arealorcaradio.es\/wp-content\/uploads\/2025\/06\/20250618_185820-86x64.jpg 86w\" sizes=\"auto, (max-width: 300px) 100vw, 300px\" \/><\/span><\/p>\n<p class=\"v1MsoNormal\"><span lang=\"es\">Este corte en la Alameda de Cervantes no s\u00f3lo afectar\u00e1 al tr\u00e1fico, sino tambi\u00e9n al comercio, la hosteler\u00eda y al propio desarrollo social de la ciudad, ya que esta es una de las v\u00edas principales de acceso y salida al casco urbano, y a servicios de abastecimiento. Por ello, es fundamental que este corte no se dilate en el tiempo y se concentre en el periodo no lectivo, no superando el 30 de septiembre como fecha tope para las restricciones en la zona. Hay un periodo \u00abde coincidencia\u00bb en septiembre, pero se analizar\u00e1 el discurrir del tr\u00e1fico para intentar prevenir las mejores opciones llegado el momento.<\/span><\/p>\n<p class=\"v1MsoNormal\"><span lang=\"es\">Si bien es cierto que el proyecto inicial de ADIF contemplaba aqu\u00ed un desv\u00edo provisional de tr\u00e1fico durante las tareas, este supon\u00eda bastante complejidad, una vez que se ha analizado sobre el terreno. Lorca cuenta con un car\u00e1cter longitudinal que dificulta contar con opciones y, una vez que se plasman en el asfalto, la cosa se ve de otra manera. De hecho se ha tardado un poco m\u00e1s en hacer p\u00fablica esta reordenaci\u00f3n, debido a los trabajos de estudios y sondeos de alternativas que se han llevado a cabo estos d\u00edas, todo en aras de acortar los plazos y generar las menores molestias posibles a los vecinos y visitantes.<\/span><\/p>\n<p class=\"v1MsoNormal\"><span lang=\"es\"><img loading=\"lazy\" decoding=\"async\" class=\"alignnone size-medium wp-image-6991\" src=\"https:\/\/arealorcaradio.es\/wp-content\/uploads\/2025\/06\/20250618_190114-300x225.jpg\" alt=\"\" width=\"300\" height=\"225\" srcset=\"https:\/\/arealorcaradio.es\/wp-content\/uploads\/2025\/06\/20250618_190114-300x225.jpg 300w, https:\/\/arealorcaradio.es\/wp-content\/uploads\/2025\/06\/20250618_190114-1024x768.jpg 1024w, https:\/\/arealorcaradio.es\/wp-content\/uploads\/2025\/06\/20250618_190114-768x576.jpg 768w, https:\/\/arealorcaradio.es\/wp-content\/uploads\/2025\/06\/20250618_190114-1536x1152.jpg 1536w, https:\/\/arealorcaradio.es\/wp-content\/uploads\/2025\/06\/20250618_190114-2048x1536.jpg 2048w, https:\/\/arealorcaradio.es\/wp-content\/uploads\/2025\/06\/20250618_190114-86x64.jpg 86w\" sizes=\"auto, (max-width: 300px) 100vw, 300px\" \/> <img loading=\"lazy\" decoding=\"async\" class=\"alignnone size-medium wp-image-6992\" src=\"https:\/\/arealorcaradio.es\/wp-content\/uploads\/2025\/06\/FOTO2-19-300x225.jpeg\" alt=\"\" width=\"300\" height=\"225\" srcset=\"https:\/\/arealorcaradio.es\/wp-content\/uploads\/2025\/06\/FOTO2-19-300x225.jpeg 300w, https:\/\/arealorcaradio.es\/wp-content\/uploads\/2025\/06\/FOTO2-19-1024x768.jpeg 1024w, https:\/\/arealorcaradio.es\/wp-content\/uploads\/2025\/06\/FOTO2-19-768x576.jpeg 768w, https:\/\/arealorcaradio.es\/wp-content\/uploads\/2025\/06\/FOTO2-19-1536x1152.jpeg 1536w, https:\/\/arealorcaradio.es\/wp-content\/uploads\/2025\/06\/FOTO2-19-86x64.jpeg 86w, https:\/\/arealorcaradio.es\/wp-content\/uploads\/2025\/06\/FOTO2-19.jpeg 1600w\" sizes=\"auto, (max-width: 300px) 100vw, 300px\" \/><\/span><\/p>\n<p class=\"v1MsoNormal\"><span lang=\"es\">Este es un proyecto que supondr\u00e1 una mejora para Lorca en muchos aspectos pero, mientras duren las obras, la ciudad debe seguir su curso. No se puede paralizar durante meses a toda una ciudad. Y este corte supone una afecci\u00f3n directa importante al tr\u00e1fico rodado. Por lo que se han propuesto\u00a0<b>varias alternativas para mejorar el tr\u00e1nsito, viales que desde ayer ya se han empezado a balizar y se\u00f1alizar.<\/b><\/span><\/p>\n<p class=\"v1MsoNormal\"><span lang=\"es\">\u00c1ngel Meca a\u00f1ade<\/span><span lang=\"es\"> que \u00abpoco a poco la ciudadan\u00eda se familiarice con los cambios de sentido de circulaci\u00f3n para que, cuando llegue el momento del corte, que ser\u00e1 la pr\u00f3xima semana, no nos encontremos con una ciudad asfixiada y por la que sea imposible transitar, con centenares de veh\u00edculos atascados, retrasos en los trayectos, etc.\u00bb.<\/span><\/p>\n<p class=\"v1MsoNormal\"><span lang=\"es\">\u00abQueremos habilitar, adem\u00e1s, aparcamientos disuasorios lo m\u00e1s cerca posible del casco urbano, en las inmediaciones de la Avd. de Santa Clara, incluso a trav\u00e9s de particulares &#8230;\u00bb. Si se contar\u00e1 con el Huerto de la Rueda, que quedar\u00e1 habilitado, a excepci\u00f3n del jueves, d\u00eda de mercado semanal.<\/span><\/p>\n<p class=\"v1MsoNormal\"><span lang=\"es\">Otra opci\u00f3n que se va a estudiar es volver a poner en \u00e1mbar los sem\u00e1foros de la Avenida Juan Carlos I, durante el d\u00eda, una medida que se lleva a cabo en durante la celebraci\u00f3n de la\u00a0 Semana Santa, y que es muy bien recibida por la ciudadan\u00eda en general, atendiendo a la concienciaci\u00f3n y el respeto entre viandantes y conductores.<\/span><\/p>\n<p class=\"v1MsoNormal\"><span lang=\"es\">Desde el Ayuntamiento de Lorca de hace un llamamiento a la planificaci\u00f3n de los desplazamientos, evitando utilizar el coche si no es necesario, especialmente en horas punta, favoreciendo as\u00ed tambi\u00e9n una movilidad m\u00e1s sostenible, y a que se utilicen los itinerarios alternativos habilitados para minimizar el impacto en el tr\u00e1fico, siguiendo la se\u00f1alizaci\u00f3n, que ser\u00e1 supervisada por agentes de Polic\u00eda Local\u00bb, ha rese\u00f1ado el edil, que ha recordado que es la empresa responsable de las obras la que debe se\u00f1alizar el corte en s\u00ed mismo y garantizar los pasillos de seguridad para los peatones conforme a la normativa vigente.<\/span><\/p>\n<p class=\"v1MsoNormal\"><b><span lang=\"es\">\u00abSe intenta agilizar que salga tr\u00e1fico del casco urbano, conformando una especie de rotonda en la zona de la Comisar\u00eda de Polic\u00eda Nacional\u00bb<\/span><\/b><\/p>\n<ul>\n<li class=\"v1MsoNormal\"><span lang=\"es\">Para garantizar la movilidad ante el corte de Alameda de Cervantes, se establecen especiales normas de circulaci\u00f3n en: Camino del Gato, C\/ Actor Ram\u00f3n Meca, C\/ Actor Antonio Tudela y parte Camino Mar\u00edn.<\/span><\/li>\n<li class=\"v1MsoNormal\"><span lang=\"es\">Camino del Gato: sentido de salida desde Camino Mar\u00edn a la Alameda de Cervantes hasta la confluencia con calle Actor Ram\u00f3n Meca.<\/span><\/li>\n<li class=\"v1MsoNormal\"><span lang=\"es\">Calle Actor Ram\u00f3n Meca: queda en \u00fanico sentido hacia Camino Mar\u00edn, junto con la calle Actor Antonio Tudela.<\/span><\/li>\n<li class=\"v1MsoNormal\"><span lang=\"es\">Camino Mar\u00edn, seg\u00fan se baja de Mart\u00edn Morata, de doble sentido hasta calle Actor Antonio Tudela a Camino del Gato con sentido \u00fanico de bajada.<\/span><\/li>\n<\/ul>\n<ul>\n<li class=\"v1MsoNormal\"><span lang=\"es\">La se\u00f1al de stop de Camino Mar\u00edn se traslada al Camino del Gato con Camino Los Charcos, dando preferencia a todos los veh\u00edculos que bajan desde Camino Mar\u00edn.<\/span><\/li>\n<\/ul>\n","protected":false},"excerpt":{"rendered":"<p>\u00c1REA LORCA RADIO. Infraestructuras. Lorca, 19 de junio de 2025. Las obras del soterramiento del AVE a su paso por Lorca siguen su curso en una ciudad cada vez m\u00e1s estrangulada, que ve c\u00f3mo va disminuyendo la conectividad de manera paulatina, en un territorio fuertemente marcado por su car\u00e1cter longitudinal, lo que dificulta las opciones [&hellip;]<\/p>\n","protected":false},"author":1,"featured_media":6987,"comment_status":"open","ping_status":"open","sticky":false,"template":"","format":"standard","meta":{"iawp_total_views":56,"footnotes":""},"categories":[5,7],"tags":[],"class_list":["post-6986","post","type-post","status-publish","format-standard","has-post-thumbnail","hentry","category-actualidad","category-lorca"],"yoast_head":"<!-- This site is optimized with the Yoast SEO plugin v27.5 - https:\/\/yoast.com\/product\/yoast-seo-wordpress\/ -->\n<title>El corte de la Alameda de Cervantes por las obras del AVE se realizar\u00e1 en dos fases, lo que resultar\u00e1 menos lesivo para la movilidad en la ciudad - AREA LORCA RADIO<\/title>\n<meta name=\"robots\" content=\"index, follow, max-snippet:-1, max-image-preview:large, max-video-preview:-1\" \/>\n<link rel=\"canonical\" href=\"https:\/\/arealorcaradio.es\/index.php\/2025\/06\/19\/el-corte-de-la-alameda-de-cervantes-por-las-obras-del-ave-se-realizara-en-dos-fases-lo-que-resultara-menos-lesivo-para-la-movilidad-en-la-ciudad\/\" \/>\n<meta property=\"og:locale\" content=\"es_ES\" \/>\n<meta property=\"og:type\" content=\"article\" \/>\n<meta property=\"og:title\" content=\"El corte de la Alameda de Cervantes por las obras del AVE se realizar\u00e1 en dos fases, lo que resultar\u00e1 menos lesivo para la movilidad en la ciudad - AREA LORCA RADIO\" \/>\n<meta property=\"og:description\" content=\"\u00c1REA LORCA RADIO. Infraestructuras. Lorca, 19 de junio de 2025. Las obras del soterramiento del AVE a su paso por Lorca siguen su curso en una ciudad cada vez m\u00e1s estrangulada, que ve c\u00f3mo va disminuyendo la conectividad de manera paulatina, en un territorio fuertemente marcado por su car\u00e1cter longitudinal, lo que dificulta las opciones [&hellip;]\" \/>\n<meta property=\"og:url\" content=\"https:\/\/arealorcaradio.es\/index.php\/2025\/06\/19\/el-corte-de-la-alameda-de-cervantes-por-las-obras-del-ave-se-realizara-en-dos-fases-lo-que-resultara-menos-lesivo-para-la-movilidad-en-la-ciudad\/\" \/>\n<meta property=\"og:site_name\" content=\"AREA LORCA RADIO\" \/>\n<meta property=\"article:published_time\" content=\"2025-06-19T07:04:40+00:00\" \/>\n<meta property=\"og:image\" content=\"https:\/\/arealorcaradio.es\/wp-content\/uploads\/2025\/06\/20250618_185917-scaled.jpg\" \/>\n\t<meta property=\"og:image:width\" content=\"2560\" \/>\n\t<meta property=\"og:image:height\" content=\"1920\" \/>\n\t<meta property=\"og:image:type\" content=\"image\/jpeg\" \/>\n<meta name=\"author\" content=\"Paco S\u00e1nchez\" \/>\n<meta name=\"twitter:card\" content=\"summary_large_image\" \/>\n<meta name=\"twitter:label1\" content=\"Escrito por\" \/>\n\t<meta name=\"twitter:data1\" content=\"Paco S\u00e1nchez\" \/>\n\t<meta name=\"twitter:label2\" content=\"Tiempo de lectura\" \/>\n\t<meta name=\"twitter:data2\" content=\"5 minutos\" \/>\n<script type=\"application\/ld+json\" class=\"yoast-schema-graph\">{\"@context\":\"https:\\\/\\\/schema.org\",\"@graph\":[{\"@type\":\"Article\",\"@id\":\"https:\\\/\\\/arealorcaradio.es\\\/index.php\\\/2025\\\/06\\\/19\\\/el-corte-de-la-alameda-de-cervantes-por-las-obras-del-ave-se-realizara-en-dos-fases-lo-que-resultara-menos-lesivo-para-la-movilidad-en-la-ciudad\\\/#article\",\"isPartOf\":{\"@id\":\"https:\\\/\\\/arealorcaradio.es\\\/index.php\\\/2025\\\/06\\\/19\\\/el-corte-de-la-alameda-de-cervantes-por-las-obras-del-ave-se-realizara-en-dos-fases-lo-que-resultara-menos-lesivo-para-la-movilidad-en-la-ciudad\\\/\"},\"author\":{\"name\":\"Paco S\u00e1nchez\",\"@id\":\"https:\\\/\\\/arealorcaradio.es\\\/#\\\/schema\\\/person\\\/9fae605fc25b0f2c83c1ab207139bd27\"},\"headline\":\"El corte de la Alameda de Cervantes por las obras del AVE se realizar\u00e1 en dos fases, lo que resultar\u00e1 menos lesivo para la movilidad en la ciudad\",\"datePublished\":\"2025-06-19T07:04:40+00:00\",\"mainEntityOfPage\":{\"@id\":\"https:\\\/\\\/arealorcaradio.es\\\/index.php\\\/2025\\\/06\\\/19\\\/el-corte-de-la-alameda-de-cervantes-por-las-obras-del-ave-se-realizara-en-dos-fases-lo-que-resultara-menos-lesivo-para-la-movilidad-en-la-ciudad\\\/\"},\"wordCount\":941,\"commentCount\":0,\"image\":{\"@id\":\"https:\\\/\\\/arealorcaradio.es\\\/index.php\\\/2025\\\/06\\\/19\\\/el-corte-de-la-alameda-de-cervantes-por-las-obras-del-ave-se-realizara-en-dos-fases-lo-que-resultara-menos-lesivo-para-la-movilidad-en-la-ciudad\\\/#primaryimage\"},\"thumbnailUrl\":\"https:\\\/\\\/arealorcaradio.es\\\/wp-content\\\/uploads\\\/2025\\\/06\\\/20250618_185917-scaled.jpg\",\"articleSection\":[\"ACTUALIDAD\",\"LORCA\"],\"inLanguage\":\"es\",\"potentialAction\":[{\"@type\":\"CommentAction\",\"name\":\"Comment\",\"target\":[\"https:\\\/\\\/arealorcaradio.es\\\/index.php\\\/2025\\\/06\\\/19\\\/el-corte-de-la-alameda-de-cervantes-por-las-obras-del-ave-se-realizara-en-dos-fases-lo-que-resultara-menos-lesivo-para-la-movilidad-en-la-ciudad\\\/#respond\"]}]},{\"@type\":\"WebPage\",\"@id\":\"https:\\\/\\\/arealorcaradio.es\\\/index.php\\\/2025\\\/06\\\/19\\\/el-corte-de-la-alameda-de-cervantes-por-las-obras-del-ave-se-realizara-en-dos-fases-lo-que-resultara-menos-lesivo-para-la-movilidad-en-la-ciudad\\\/\",\"url\":\"https:\\\/\\\/arealorcaradio.es\\\/index.php\\\/2025\\\/06\\\/19\\\/el-corte-de-la-alameda-de-cervantes-por-las-obras-del-ave-se-realizara-en-dos-fases-lo-que-resultara-menos-lesivo-para-la-movilidad-en-la-ciudad\\\/\",\"name\":\"El corte de la Alameda de Cervantes por las obras del AVE se realizar\u00e1 en dos fases, lo que resultar\u00e1 menos lesivo para la movilidad en la ciudad - AREA LORCA RADIO\",\"isPartOf\":{\"@id\":\"https:\\\/\\\/arealorcaradio.es\\\/#website\"},\"primaryImageOfPage\":{\"@id\":\"https:\\\/\\\/arealorcaradio.es\\\/index.php\\\/2025\\\/06\\\/19\\\/el-corte-de-la-alameda-de-cervantes-por-las-obras-del-ave-se-realizara-en-dos-fases-lo-que-resultara-menos-lesivo-para-la-movilidad-en-la-ciudad\\\/#primaryimage\"},\"image\":{\"@id\":\"https:\\\/\\\/arealorcaradio.es\\\/index.php\\\/2025\\\/06\\\/19\\\/el-corte-de-la-alameda-de-cervantes-por-las-obras-del-ave-se-realizara-en-dos-fases-lo-que-resultara-menos-lesivo-para-la-movilidad-en-la-ciudad\\\/#primaryimage\"},\"thumbnailUrl\":\"https:\\\/\\\/arealorcaradio.es\\\/wp-content\\\/uploads\\\/2025\\\/06\\\/20250618_185917-scaled.jpg\",\"datePublished\":\"2025-06-19T07:04:40+00:00\",\"author\":{\"@id\":\"https:\\\/\\\/arealorcaradio.es\\\/#\\\/schema\\\/person\\\/9fae605fc25b0f2c83c1ab207139bd27\"},\"breadcrumb\":{\"@id\":\"https:\\\/\\\/arealorcaradio.es\\\/index.php\\\/2025\\\/06\\\/19\\\/el-corte-de-la-alameda-de-cervantes-por-las-obras-del-ave-se-realizara-en-dos-fases-lo-que-resultara-menos-lesivo-para-la-movilidad-en-la-ciudad\\\/#breadcrumb\"},\"inLanguage\":\"es\",\"potentialAction\":[{\"@type\":\"ReadAction\",\"target\":[\"https:\\\/\\\/arealorcaradio.es\\\/index.php\\\/2025\\\/06\\\/19\\\/el-corte-de-la-alameda-de-cervantes-por-las-obras-del-ave-se-realizara-en-dos-fases-lo-que-resultara-menos-lesivo-para-la-movilidad-en-la-ciudad\\\/\"]}]},{\"@type\":\"ImageObject\",\"inLanguage\":\"es\",\"@id\":\"https:\\\/\\\/arealorcaradio.es\\\/index.php\\\/2025\\\/06\\\/19\\\/el-corte-de-la-alameda-de-cervantes-por-las-obras-del-ave-se-realizara-en-dos-fases-lo-que-resultara-menos-lesivo-para-la-movilidad-en-la-ciudad\\\/#primaryimage\",\"url\":\"https:\\\/\\\/arealorcaradio.es\\\/wp-content\\\/uploads\\\/2025\\\/06\\\/20250618_185917-scaled.jpg\",\"contentUrl\":\"https:\\\/\\\/arealorcaradio.es\\\/wp-content\\\/uploads\\\/2025\\\/06\\\/20250618_185917-scaled.jpg\",\"width\":2560,\"height\":1920},{\"@type\":\"BreadcrumbList\",\"@id\":\"https:\\\/\\\/arealorcaradio.es\\\/index.php\\\/2025\\\/06\\\/19\\\/el-corte-de-la-alameda-de-cervantes-por-las-obras-del-ave-se-realizara-en-dos-fases-lo-que-resultara-menos-lesivo-para-la-movilidad-en-la-ciudad\\\/#breadcrumb\",\"itemListElement\":[{\"@type\":\"ListItem\",\"position\":1,\"name\":\"Portada\",\"item\":\"https:\\\/\\\/arealorcaradio.es\\\/\"},{\"@type\":\"ListItem\",\"position\":2,\"name\":\"El corte de la Alameda de Cervantes por las obras del AVE se realizar\u00e1 en dos fases, lo que resultar\u00e1 menos lesivo para la movilidad en la ciudad\"}]},{\"@type\":\"WebSite\",\"@id\":\"https:\\\/\\\/arealorcaradio.es\\\/#website\",\"url\":\"https:\\\/\\\/arealorcaradio.es\\\/\",\"name\":\"AREA LORCA RADIO\",\"description\":\"Descubre la programaci\u00f3n actual en \u00c1rea Lorca Radio, tu fuente de entrenamiento y noticias locales. Sintoniza ahora y mantente conectado online.\",\"potentialAction\":[{\"@type\":\"SearchAction\",\"target\":{\"@type\":\"EntryPoint\",\"urlTemplate\":\"https:\\\/\\\/arealorcaradio.es\\\/?s={search_term_string}\"},\"query-input\":{\"@type\":\"PropertyValueSpecification\",\"valueRequired\":true,\"valueName\":\"search_term_string\"}}],\"inLanguage\":\"es\"},{\"@type\":\"Person\",\"@id\":\"https:\\\/\\\/arealorcaradio.es\\\/#\\\/schema\\\/person\\\/9fae605fc25b0f2c83c1ab207139bd27\",\"name\":\"Paco S\u00e1nchez\",\"image\":{\"@type\":\"ImageObject\",\"inLanguage\":\"es\",\"@id\":\"https:\\\/\\\/secure.gravatar.com\\\/avatar\\\/d67144e966420fb74aa84c9f2a0103be4724fd14db52b52d3b6bca749f257e79?s=96&d=mm&r=g\",\"url\":\"https:\\\/\\\/secure.gravatar.com\\\/avatar\\\/d67144e966420fb74aa84c9f2a0103be4724fd14db52b52d3b6bca749f257e79?s=96&d=mm&r=g\",\"contentUrl\":\"https:\\\/\\\/secure.gravatar.com\\\/avatar\\\/d67144e966420fb74aa84c9f2a0103be4724fd14db52b52d3b6bca749f257e79?s=96&d=mm&r=g\",\"caption\":\"Paco S\u00e1nchez\"},\"sameAs\":[\"https:\\\/\\\/arealorcaradio.es\"],\"url\":\"https:\\\/\\\/arealorcaradio.es\\\/index.php\\\/author\\\/admin_alorcaradio\\\/\"}]}<\/script>\n<!-- \/ Yoast SEO plugin. -->","yoast_head_json":{"title":"El corte de la Alameda de Cervantes por las obras del AVE se realizar\u00e1 en dos fases, lo que resultar\u00e1 menos lesivo para la movilidad en la ciudad - AREA LORCA RADIO","robots":{"index":"index","follow":"follow","max-snippet":"max-snippet:-1","max-image-preview":"max-image-preview:large","max-video-preview":"max-video-preview:-1"},"canonical":"https:\/\/arealorcaradio.es\/index.php\/2025\/06\/19\/el-corte-de-la-alameda-de-cervantes-por-las-obras-del-ave-se-realizara-en-dos-fases-lo-que-resultara-menos-lesivo-para-la-movilidad-en-la-ciudad\/","og_locale":"es_ES","og_type":"article","og_title":"El corte de la Alameda de Cervantes por las obras del AVE se realizar\u00e1 en dos fases, lo que resultar\u00e1 menos lesivo para la movilidad en la ciudad - AREA LORCA RADIO","og_description":"\u00c1REA LORCA RADIO. Infraestructuras. Lorca, 19 de junio de 2025. Las obras del soterramiento del AVE a su paso por Lorca siguen su curso en una ciudad cada vez m\u00e1s estrangulada, que ve c\u00f3mo va disminuyendo la conectividad de manera paulatina, en un territorio fuertemente marcado por su car\u00e1cter longitudinal, lo que dificulta las opciones [&hellip;]","og_url":"https:\/\/arealorcaradio.es\/index.php\/2025\/06\/19\/el-corte-de-la-alameda-de-cervantes-por-las-obras-del-ave-se-realizara-en-dos-fases-lo-que-resultara-menos-lesivo-para-la-movilidad-en-la-ciudad\/","og_site_name":"AREA LORCA RADIO","article_published_time":"2025-06-19T07:04:40+00:00","og_image":[{"width":2560,"height":1920,"url":"https:\/\/arealorcaradio.es\/wp-content\/uploads\/2025\/06\/20250618_185917-scaled.jpg","type":"image\/jpeg"}],"author":"Paco S\u00e1nchez","twitter_card":"summary_large_image","twitter_misc":{"Escrito por":"Paco S\u00e1nchez","Tiempo de lectura":"5 minutos"},"schema":{"@context":"https:\/\/schema.org","@graph":[{"@type":"Article","@id":"https:\/\/arealorcaradio.es\/index.php\/2025\/06\/19\/el-corte-de-la-alameda-de-cervantes-por-las-obras-del-ave-se-realizara-en-dos-fases-lo-que-resultara-menos-lesivo-para-la-movilidad-en-la-ciudad\/#article","isPartOf":{"@id":"https:\/\/arealorcaradio.es\/index.php\/2025\/06\/19\/el-corte-de-la-alameda-de-cervantes-por-las-obras-del-ave-se-realizara-en-dos-fases-lo-que-resultara-menos-lesivo-para-la-movilidad-en-la-ciudad\/"},"author":{"name":"Paco S\u00e1nchez","@id":"https:\/\/arealorcaradio.es\/#\/schema\/person\/9fae605fc25b0f2c83c1ab207139bd27"},"headline":"El corte de la Alameda de Cervantes por las obras del AVE se realizar\u00e1 en dos fases, lo que resultar\u00e1 menos lesivo para la movilidad en la ciudad","datePublished":"2025-06-19T07:04:40+00:00","mainEntityOfPage":{"@id":"https:\/\/arealorcaradio.es\/index.php\/2025\/06\/19\/el-corte-de-la-alameda-de-cervantes-por-las-obras-del-ave-se-realizara-en-dos-fases-lo-que-resultara-menos-lesivo-para-la-movilidad-en-la-ciudad\/"},"wordCount":941,"commentCount":0,"image":{"@id":"https:\/\/arealorcaradio.es\/index.php\/2025\/06\/19\/el-corte-de-la-alameda-de-cervantes-por-las-obras-del-ave-se-realizara-en-dos-fases-lo-que-resultara-menos-lesivo-para-la-movilidad-en-la-ciudad\/#primaryimage"},"thumbnailUrl":"https:\/\/arealorcaradio.es\/wp-content\/uploads\/2025\/06\/20250618_185917-scaled.jpg","articleSection":["ACTUALIDAD","LORCA"],"inLanguage":"es","potentialAction":[{"@type":"CommentAction","name":"Comment","target":["https:\/\/arealorcaradio.es\/index.php\/2025\/06\/19\/el-corte-de-la-alameda-de-cervantes-por-las-obras-del-ave-se-realizara-en-dos-fases-lo-que-resultara-menos-lesivo-para-la-movilidad-en-la-ciudad\/#respond"]}]},{"@type":"WebPage","@id":"https:\/\/arealorcaradio.es\/index.php\/2025\/06\/19\/el-corte-de-la-alameda-de-cervantes-por-las-obras-del-ave-se-realizara-en-dos-fases-lo-que-resultara-menos-lesivo-para-la-movilidad-en-la-ciudad\/","url":"https:\/\/arealorcaradio.es\/index.php\/2025\/06\/19\/el-corte-de-la-alameda-de-cervantes-por-las-obras-del-ave-se-realizara-en-dos-fases-lo-que-resultara-menos-lesivo-para-la-movilidad-en-la-ciudad\/","name":"El corte de la Alameda de Cervantes por las obras del AVE se realizar\u00e1 en dos fases, lo que resultar\u00e1 menos lesivo para la movilidad en la ciudad - AREA LORCA RADIO","isPartOf":{"@id":"https:\/\/arealorcaradio.es\/#website"},"primaryImageOfPage":{"@id":"https:\/\/arealorcaradio.es\/index.php\/2025\/06\/19\/el-corte-de-la-alameda-de-cervantes-por-las-obras-del-ave-se-realizara-en-dos-fases-lo-que-resultara-menos-lesivo-para-la-movilidad-en-la-ciudad\/#primaryimage"},"image":{"@id":"https:\/\/arealorcaradio.es\/index.php\/2025\/06\/19\/el-corte-de-la-alameda-de-cervantes-por-las-obras-del-ave-se-realizara-en-dos-fases-lo-que-resultara-menos-lesivo-para-la-movilidad-en-la-ciudad\/#primaryimage"},"thumbnailUrl":"https:\/\/arealorcaradio.es\/wp-content\/uploads\/2025\/06\/20250618_185917-scaled.jpg","datePublished":"2025-06-19T07:04:40+00:00","author":{"@id":"https:\/\/arealorcaradio.es\/#\/schema\/person\/9fae605fc25b0f2c83c1ab207139bd27"},"breadcrumb":{"@id":"https:\/\/arealorcaradio.es\/index.php\/2025\/06\/19\/el-corte-de-la-alameda-de-cervantes-por-las-obras-del-ave-se-realizara-en-dos-fases-lo-que-resultara-menos-lesivo-para-la-movilidad-en-la-ciudad\/#breadcrumb"},"inLanguage":"es","potentialAction":[{"@type":"ReadAction","target":["https:\/\/arealorcaradio.es\/index.php\/2025\/06\/19\/el-corte-de-la-alameda-de-cervantes-por-las-obras-del-ave-se-realizara-en-dos-fases-lo-que-resultara-menos-lesivo-para-la-movilidad-en-la-ciudad\/"]}]},{"@type":"ImageObject","inLanguage":"es","@id":"https:\/\/arealorcaradio.es\/index.php\/2025\/06\/19\/el-corte-de-la-alameda-de-cervantes-por-las-obras-del-ave-se-realizara-en-dos-fases-lo-que-resultara-menos-lesivo-para-la-movilidad-en-la-ciudad\/#primaryimage","url":"https:\/\/arealorcaradio.es\/wp-content\/uploads\/2025\/06\/20250618_185917-scaled.jpg","contentUrl":"https:\/\/arealorcaradio.es\/wp-content\/uploads\/2025\/06\/20250618_185917-scaled.jpg","width":2560,"height":1920},{"@type":"BreadcrumbList","@id":"https:\/\/arealorcaradio.es\/index.php\/2025\/06\/19\/el-corte-de-la-alameda-de-cervantes-por-las-obras-del-ave-se-realizara-en-dos-fases-lo-que-resultara-menos-lesivo-para-la-movilidad-en-la-ciudad\/#breadcrumb","itemListElement":[{"@type":"ListItem","position":1,"name":"Portada","item":"https:\/\/arealorcaradio.es\/"},{"@type":"ListItem","position":2,"name":"El corte de la Alameda de Cervantes por las obras del AVE se realizar\u00e1 en dos fases, lo que resultar\u00e1 menos lesivo para la movilidad en la ciudad"}]},{"@type":"WebSite","@id":"https:\/\/arealorcaradio.es\/#website","url":"https:\/\/arealorcaradio.es\/","name":"AREA LORCA RADIO","description":"Descubre la programaci\u00f3n actual en \u00c1rea Lorca Radio, tu fuente de entrenamiento y noticias locales. Sintoniza ahora y mantente conectado online.","potentialAction":[{"@type":"SearchAction","target":{"@type":"EntryPoint","urlTemplate":"https:\/\/arealorcaradio.es\/?s={search_term_string}"},"query-input":{"@type":"PropertyValueSpecification","valueRequired":true,"valueName":"search_term_string"}}],"inLanguage":"es"},{"@type":"Person","@id":"https:\/\/arealorcaradio.es\/#\/schema\/person\/9fae605fc25b0f2c83c1ab207139bd27","name":"Paco S\u00e1nchez","image":{"@type":"ImageObject","inLanguage":"es","@id":"https:\/\/secure.gravatar.com\/avatar\/d67144e966420fb74aa84c9f2a0103be4724fd14db52b52d3b6bca749f257e79?s=96&d=mm&r=g","url":"https:\/\/secure.gravatar.com\/avatar\/d67144e966420fb74aa84c9f2a0103be4724fd14db52b52d3b6bca749f257e79?s=96&d=mm&r=g","contentUrl":"https:\/\/secure.gravatar.com\/avatar\/d67144e966420fb74aa84c9f2a0103be4724fd14db52b52d3b6bca749f257e79?s=96&d=mm&r=g","caption":"Paco S\u00e1nchez"},"sameAs":["https:\/\/arealorcaradio.es"],"url":"https:\/\/arealorcaradio.es\/index.php\/author\/admin_alorcaradio\/"}]}},"_links":{"self":[{"href":"https:\/\/arealorcaradio.es\/index.php\/wp-json\/wp\/v2\/posts\/6986","targetHints":{"allow":["GET"]}}],"collection":[{"href":"https:\/\/arealorcaradio.es\/index.php\/wp-json\/wp\/v2\/posts"}],"about":[{"href":"https:\/\/arealorcaradio.es\/index.php\/wp-json\/wp\/v2\/types\/post"}],"author":[{"embeddable":true,"href":"https:\/\/arealorcaradio.es\/index.php\/wp-json\/wp\/v2\/users\/1"}],"replies":[{"embeddable":true,"href":"https:\/\/arealorcaradio.es\/index.php\/wp-json\/wp\/v2\/comments?post=6986"}],"version-history":[{"count":2,"href":"https:\/\/arealorcaradio.es\/index.php\/wp-json\/wp\/v2\/posts\/6986\/revisions"}],"predecessor-version":[{"id":6993,"href":"https:\/\/arealorcaradio.es\/index.php\/wp-json\/wp\/v2\/posts\/6986\/revisions\/6993"}],"wp:featuredmedia":[{"embeddable":true,"href":"https:\/\/arealorcaradio.es\/index.php\/wp-json\/wp\/v2\/media\/6987"}],"wp:attachment":[{"href":"https:\/\/arealorcaradio.es\/index.php\/wp-json\/wp\/v2\/media?parent=6986"}],"wp:term":[{"taxonomy":"category","embeddable":true,"href":"https:\/\/arealorcaradio.es\/index.php\/wp-json\/wp\/v2\/categories?post=6986"},{"taxonomy":"post_tag","embeddable":true,"href":"https:\/\/arealorcaradio.es\/index.php\/wp-json\/wp\/v2\/tags?post=6986"}],"curies":[{"name":"wp","href":"https:\/\/api.w.org\/{rel}","templated":true}]}}