{"id":6978,"date":"2025-06-18T11:00:39","date_gmt":"2025-06-18T11:00:39","guid":{"rendered":"https:\/\/arealorcaradio.es\/?p=6978"},"modified":"2025-06-18T11:00:39","modified_gmt":"2025-06-18T11:00:39","slug":"juan-jodar-reelegido-presidente-en-la-43a-asamblea-de-ceclor","status":"publish","type":"post","link":"https:\/\/arealorcaradio.es\/index.php\/2025\/06\/18\/juan-jodar-reelegido-presidente-en-la-43a-asamblea-de-ceclor\/","title":{"rendered":"Juan J\u00f3dar reelegido presidente en la 43\u00aa Asamblea de Ceclor"},"content":{"rendered":"<p><strong>\u00c1REA LORCA RADIO. Actualidad.<\/strong><\/p>\n<p><strong>18 de junio de 2025.<\/strong> La Confederaci\u00f3n Comarcal de Organizaciones Empresariales de Lorca celebraba este mi\u00e9rcoles 18 de junio su cuadrag\u00e9simo tercera asamblea general. Una sesi\u00f3n que ha servido para dar cuenta de la actividad de la organizaci\u00f3n durante el \u00faltimo a\u00f1o ante sus asociados y la reelecci\u00f3n del presidente <strong>Juan J\u00f3dar<\/strong> para los pr\u00f3ximo cuatro a\u00f1os . Y tambi\u00e9n donde se han destacado los hitos logrados por la patronal comarcal. <strong>Miguel L\u00f3pez Abad<\/strong>, presidente de CROEM, ha mostrado su total apoyo al reci\u00e9n elegido presidente. \u201cEstamos de enhorabuena porque siga diciendo que s\u00ed, porque nosotros no tenemos intereses particulares\u201d. La intervenci\u00f3n del alcalde de Lorca <strong>Fulgencio Gil<\/strong> se focalizaba en la recuperaci\u00f3n del casco hist\u00f3rico y la promoci\u00f3n de la cultura como polo de atracci\u00f3n econ\u00f3mica. La clausura de la asamblea corr\u00eda a cargo de la consejera de Empresa, Empleo y Econom\u00eda Social, <strong>Marisa L\u00f3pez Arag\u00f3n<\/strong> qui\u00e9n ha reconocido la visi\u00f3n y defensa incansable del presidente de CECLOR por las empresas de la comarca. Arag\u00f3n ha anunciado que en julio ver\u00e1 la luz \u201cla cuarta l\u00ednea de ayudas para la revitalizaci\u00f3n comercial y econ\u00f3mica del Casco Antiguo de Lorca con 250 mil euros\u201d. Adem\u00e1s, seg\u00fan apuntaba la titular de Empresa, \u201cse est\u00e1 trabajando en que Lorca sea base de actuaciones del programa CAETRA en el \u00e1mbito de las emergencias aprovechando las instalaciones en desuso ya existentes\u201d.<\/p>\n<p><strong><img loading=\"lazy\" decoding=\"async\" class=\"alignnone size-medium wp-image-6980\" src=\"https:\/\/arealorcaradio.es\/wp-content\/uploads\/2025\/06\/foto2-18-300x200.jpeg\" alt=\"\" width=\"300\" height=\"200\" srcset=\"https:\/\/arealorcaradio.es\/wp-content\/uploads\/2025\/06\/foto2-18-300x200.jpeg 300w, https:\/\/arealorcaradio.es\/wp-content\/uploads\/2025\/06\/foto2-18-1024x682.jpeg 1024w, https:\/\/arealorcaradio.es\/wp-content\/uploads\/2025\/06\/foto2-18-768x512.jpeg 768w, https:\/\/arealorcaradio.es\/wp-content\/uploads\/2025\/06\/foto2-18-1536x1023.jpeg 1536w, https:\/\/arealorcaradio.es\/wp-content\/uploads\/2025\/06\/foto2-18.jpeg 1600w\" sizes=\"auto, (max-width: 300px) 100vw, 300px\" \/> <img loading=\"lazy\" decoding=\"async\" class=\"alignnone size-medium wp-image-6984\" src=\"https:\/\/arealorcaradio.es\/wp-content\/uploads\/2025\/06\/foto1-32-300x200.jpeg\" alt=\"\" width=\"300\" height=\"200\" srcset=\"https:\/\/arealorcaradio.es\/wp-content\/uploads\/2025\/06\/foto1-32-300x200.jpeg 300w, https:\/\/arealorcaradio.es\/wp-content\/uploads\/2025\/06\/foto1-32-1024x682.jpeg 1024w, https:\/\/arealorcaradio.es\/wp-content\/uploads\/2025\/06\/foto1-32-768x512.jpeg 768w, https:\/\/arealorcaradio.es\/wp-content\/uploads\/2025\/06\/foto1-32-1536x1023.jpeg 1536w, https:\/\/arealorcaradio.es\/wp-content\/uploads\/2025\/06\/foto1-32.jpeg 1600w\" sizes=\"auto, (max-width: 300px) 100vw, 300px\" \/><\/strong><\/p>\n<p><strong>\u2018Desarrollo\u2019<\/strong><\/p>\n<p>Juan J\u00f3dar, en su discurso, hac\u00eda un alegato a la importancia de la uni\u00f3n de las organizaciones empresariales de la Regi\u00f3n y de las vecinas para lograr objetivos hist\u00f3ricos de gran impacto. \u201cCuando trabajamos unidos, se consigue incrementar nuestra aportaci\u00f3n al desarrollo del PIB regional, se consigue que el n\u00famero de cotizantes a la seguridad social, sea el mayor de la historia, se consigue que nuestras exportaciones lleguen a cifras hist\u00f3ricas y que nuestras posibilidades de seguir creciendo y aportando al desarrollo regional, no paren\u201d<\/p>\n<p><strong>\u2018Coyuntura pol\u00edtica\u2019<\/strong><\/p>\n<p>Referencias en las palabras del presidente de Ceclor a la coyuntura pol\u00edtica, \u201cvivimos tiempos convulsos y dif\u00edciles, en los que los empresarios, vemos que las decisiones que adopta el gobierno de Espa\u00f1a, lejos de incentivar la actividad econ\u00f3mica, la limitan y llegan incluso a intervenirla\u201d. Siendo el momento de mayor recaudaci\u00f3n de la historia, del mayor n\u00famero de cotizantes a la seguridad social, \u201cno tiene ning\u00fan sentido que se incrementen los costes sociales, las cargas fiscales, se limite unilateralmente la jornada laboral y se ponga en peligro la continuidad de muchas PYMES\u201d. Desde la Confederaci\u00f3n Comarcal de Organizaciones Empresariales se pide flexibilidad del sistema, basar la econom\u00eda en la libre competencia, la dr\u00e1stica contenci\u00f3n del gasto p\u00fablico, la potenciaci\u00f3n del ahorro y la inversi\u00f3n y el fomento de la innovaci\u00f3n tecnol\u00f3gica.<\/p>\n<p><strong>\u2018Simplificaci\u00f3n administrativa y seguridad jur\u00eddica\u2019<\/strong><\/p>\n<p>Con la 4\u00aa la Ley de simplificaci\u00f3n administrativa se logra que el silencio administrativo positivo sea una realidad, tambi\u00e9n que se desbloquen limitaciones legislativas para el desarrollo econ\u00f3mico, y pronto ver\u00e1n la luz, proyectos empresariales pendientes de ejecutar en nuestras pedan\u00edas. \u201cHa costado, pero ha merecido la pena. No podemos decir lo mismo, con proyectos que requieren autorizaci\u00f3n de varias administraciones y obtenidos los permisos ministeriales, est\u00e1n pendientes de obtener licencia, durante mucho tiempo, por criterios interpretativos\u201d. CECLOR exige el cumplimiento de la norma, agilizar los tr\u00e1mites administrativos, facilitar herramientas a los funcionarios para que puedan cumplir con su trabajo diligentemente.<\/p>\n<p><strong>\u2018Casco Hist\u00f3rico\u2019<\/strong><\/p>\n<p>La Recuperaci\u00f3n y Regeneraci\u00f3n del Casco Hist\u00f3rico de Lorca han vertebrado parte del discurso de J\u00f3dar un a\u00f1o m\u00e1s. Ped\u00eda un esfuerzo para dotar econ\u00f3micamente otra l\u00ednea de ayudas para la recuperaci\u00f3n econ\u00f3mica y comercial \u201cy completar el objetivo marcado\u201d. Adem\u00e1s, habilitar una l\u00ednea de subvenciones e incentivos ficales para los adquirentes de vivienda que movilice a los compradores y les atraiga volver a vivir en el casco antiguo.<\/p>\n<p><strong>\u2018Aportaci\u00f3n de la Comarca del Guadalent\u00edn a la Regi\u00f3n\u2019<\/strong><\/p>\n<p>El Guadalent\u00edn esta preparado para seguir aportando al desarrollo de la regi\u00f3n de Murcia, \u201clos empresarios estamos comprometidos y estamos convencidos de que es el momento de continuar insistiendo en los objetivos marcados\u201d<br \/>\n1.- Habilitar suelo industrial, en el que albergar inversiones generadoras de empleo y riqueza Hay que acelerar los tr\u00e1mites para conseguir la recalificaci\u00f3n del suelo y ampliaci\u00f3n de Saprelorca, ordenar Serrata, habilitar suelo industrial en Puerto Lumbreras y aprovechar la bolsa de suelo industrial proyectada en el PGOU de Aguilas.<br \/>\n2.- Utilizar el Recinto Ferial de Lorca, \u00fanico en muchos kil\u00f3metros a la redonda, para albergar ferias, eventos y congresos de gran relevancia. Su explotaci\u00f3n debe ser p\u00fablico-privada, y debe ponerse al servicio de la Regi\u00f3n de Murcia.<br \/>\n3.- Las obras del Puerto de \u00c1guilas deben de licitarse lo antes posible. A la administraci\u00f3n le corresponde definir c\u00f3mo lo quiere para que cumpla con los intereses municipales y regionales y a los empresarios ejecutar la obra y rentabilizar la inversi\u00f3n. \u201cNo esperemos m\u00e1s, llevamos mucho tiempo, y hay que tomar decisiones\u201d.<br \/>\n4.- La Autov\u00eda Lorca \u2013 Caravaca \u2013 Fuente la Higuera es una inversi\u00f3n que se tiene que ejecutar para vertebrar la regi\u00f3n. \u201cEs momento de planificar, de proyectar, de tener todo preparado para cuando, racionalmente toque, pueda realizarse\u201d.<br \/>\n5.- Las obras del Corredor mediterr\u00e1neo son una realidad, se est\u00e1n ejecutando y requieren el mayor de los esfuerzos por parte de TODOS, para que limiten la actividad diaria y empresarial lo menos posible. Si la conexi\u00f3n ferroviaria con Murcia podemos tenerla a lo largo de 2026, no podemos esperar a que concluya el soterramiento. Son muchos a\u00f1os sin conexi\u00f3n ferroviaria, que dificulta la actividad, no solo econ\u00f3mica, tambi\u00e9n el correcto funcionamiento del Campus Universitario, el turismo y la cultura.<\/p>\n<p><strong>\u2018Trasvase Tajo-Segura\u2019<\/strong><\/p>\n<p>Juan J\u00f3dar ha hecho hincapi\u00e9 en el enorme impacto que tendr\u00eda el recorte del trasvase Tajo -Segura. Sus consecuencias ser\u00edan desastrosas y dif\u00edcilmente recuperables. Los empresarios somos conscientes. \u201cLucas, el SCRATS puede contar con todo el apoyo de CECLOR, para trasladar a nuestros representantes pol\u00edticos y a la sociedad en general la importancia de este recurso, para nuestra comarca, para la regi\u00f3n de Murcia y para todo el levante espa\u00f1ol\u201d.<\/p>\n","protected":false},"excerpt":{"rendered":"<p>\u00c1REA LORCA RADIO. Actualidad. 18 de junio de 2025. La Confederaci\u00f3n Comarcal de Organizaciones Empresariales de Lorca celebraba este mi\u00e9rcoles 18 de junio su cuadrag\u00e9simo tercera asamblea general. Una sesi\u00f3n que ha servido para dar cuenta de la actividad de la organizaci\u00f3n durante el \u00faltimo a\u00f1o ante sus asociados y la reelecci\u00f3n del presidente Juan [&hellip;]<\/p>\n","protected":false},"author":1,"featured_media":6982,"comment_status":"open","ping_status":"open","sticky":false,"template":"","format":"standard","meta":{"iawp_total_views":11,"footnotes":""},"categories":[5,7],"tags":[],"class_list":["post-6978","post","type-post","status-publish","format-standard","has-post-thumbnail","hentry","category-actualidad","category-lorca"],"yoast_head":"<!-- This site is optimized with the Yoast SEO plugin v27.5 - https:\/\/yoast.com\/product\/yoast-seo-wordpress\/ -->\n<title>Juan J\u00f3dar reelegido presidente en la 43\u00aa Asamblea de Ceclor - AREA LORCA RADIO<\/title>\n<meta name=\"robots\" content=\"index, follow, max-snippet:-1, max-image-preview:large, max-video-preview:-1\" \/>\n<link rel=\"canonical\" href=\"https:\/\/arealorcaradio.es\/index.php\/2025\/06\/18\/juan-jodar-reelegido-presidente-en-la-43a-asamblea-de-ceclor\/\" \/>\n<meta property=\"og:locale\" content=\"es_ES\" \/>\n<meta property=\"og:type\" content=\"article\" \/>\n<meta property=\"og:title\" content=\"Juan J\u00f3dar reelegido presidente en la 43\u00aa Asamblea de Ceclor - AREA LORCA RADIO\" \/>\n<meta property=\"og:description\" content=\"\u00c1REA LORCA RADIO. Actualidad. 18 de junio de 2025. La Confederaci\u00f3n Comarcal de Organizaciones Empresariales de Lorca celebraba este mi\u00e9rcoles 18 de junio su cuadrag\u00e9simo tercera asamblea general. Una sesi\u00f3n que ha servido para dar cuenta de la actividad de la organizaci\u00f3n durante el \u00faltimo a\u00f1o ante sus asociados y la reelecci\u00f3n del presidente Juan [&hellip;]\" \/>\n<meta property=\"og:url\" content=\"https:\/\/arealorcaradio.es\/index.php\/2025\/06\/18\/juan-jodar-reelegido-presidente-en-la-43a-asamblea-de-ceclor\/\" \/>\n<meta property=\"og:site_name\" content=\"AREA LORCA RADIO\" \/>\n<meta property=\"article:published_time\" content=\"2025-06-18T11:00:39+00:00\" \/>\n<meta property=\"og:image\" content=\"https:\/\/arealorcaradio.es\/wp-content\/uploads\/2025\/06\/ASAMBLEA-1-scaled.jpg\" \/>\n\t<meta property=\"og:image:width\" content=\"2560\" \/>\n\t<meta property=\"og:image:height\" content=\"1707\" \/>\n\t<meta property=\"og:image:type\" content=\"image\/jpeg\" \/>\n<meta name=\"author\" content=\"Paco S\u00e1nchez\" \/>\n<meta name=\"twitter:card\" content=\"summary_large_image\" \/>\n<meta name=\"twitter:label1\" content=\"Escrito por\" \/>\n\t<meta name=\"twitter:data1\" content=\"Paco S\u00e1nchez\" \/>\n\t<meta name=\"twitter:label2\" content=\"Tiempo de lectura\" \/>\n\t<meta name=\"twitter:data2\" content=\"6 minutos\" \/>\n<script type=\"application\/ld+json\" class=\"yoast-schema-graph\">{\"@context\":\"https:\\\/\\\/schema.org\",\"@graph\":[{\"@type\":\"Article\",\"@id\":\"https:\\\/\\\/arealorcaradio.es\\\/index.php\\\/2025\\\/06\\\/18\\\/juan-jodar-reelegido-presidente-en-la-43a-asamblea-de-ceclor\\\/#article\",\"isPartOf\":{\"@id\":\"https:\\\/\\\/arealorcaradio.es\\\/index.php\\\/2025\\\/06\\\/18\\\/juan-jodar-reelegido-presidente-en-la-43a-asamblea-de-ceclor\\\/\"},\"author\":{\"name\":\"Paco S\u00e1nchez\",\"@id\":\"https:\\\/\\\/arealorcaradio.es\\\/#\\\/schema\\\/person\\\/9fae605fc25b0f2c83c1ab207139bd27\"},\"headline\":\"Juan J\u00f3dar reelegido presidente en la 43\u00aa Asamblea de Ceclor\",\"datePublished\":\"2025-06-18T11:00:39+00:00\",\"mainEntityOfPage\":{\"@id\":\"https:\\\/\\\/arealorcaradio.es\\\/index.php\\\/2025\\\/06\\\/18\\\/juan-jodar-reelegido-presidente-en-la-43a-asamblea-de-ceclor\\\/\"},\"wordCount\":1114,\"commentCount\":0,\"image\":{\"@id\":\"https:\\\/\\\/arealorcaradio.es\\\/index.php\\\/2025\\\/06\\\/18\\\/juan-jodar-reelegido-presidente-en-la-43a-asamblea-de-ceclor\\\/#primaryimage\"},\"thumbnailUrl\":\"https:\\\/\\\/arealorcaradio.es\\\/wp-content\\\/uploads\\\/2025\\\/06\\\/ASAMBLEA-1-scaled.jpg\",\"articleSection\":[\"ACTUALIDAD\",\"LORCA\"],\"inLanguage\":\"es\",\"potentialAction\":[{\"@type\":\"CommentAction\",\"name\":\"Comment\",\"target\":[\"https:\\\/\\\/arealorcaradio.es\\\/index.php\\\/2025\\\/06\\\/18\\\/juan-jodar-reelegido-presidente-en-la-43a-asamblea-de-ceclor\\\/#respond\"]}]},{\"@type\":\"WebPage\",\"@id\":\"https:\\\/\\\/arealorcaradio.es\\\/index.php\\\/2025\\\/06\\\/18\\\/juan-jodar-reelegido-presidente-en-la-43a-asamblea-de-ceclor\\\/\",\"url\":\"https:\\\/\\\/arealorcaradio.es\\\/index.php\\\/2025\\\/06\\\/18\\\/juan-jodar-reelegido-presidente-en-la-43a-asamblea-de-ceclor\\\/\",\"name\":\"Juan J\u00f3dar reelegido presidente en la 43\u00aa Asamblea de Ceclor - AREA LORCA RADIO\",\"isPartOf\":{\"@id\":\"https:\\\/\\\/arealorcaradio.es\\\/#website\"},\"primaryImageOfPage\":{\"@id\":\"https:\\\/\\\/arealorcaradio.es\\\/index.php\\\/2025\\\/06\\\/18\\\/juan-jodar-reelegido-presidente-en-la-43a-asamblea-de-ceclor\\\/#primaryimage\"},\"image\":{\"@id\":\"https:\\\/\\\/arealorcaradio.es\\\/index.php\\\/2025\\\/06\\\/18\\\/juan-jodar-reelegido-presidente-en-la-43a-asamblea-de-ceclor\\\/#primaryimage\"},\"thumbnailUrl\":\"https:\\\/\\\/arealorcaradio.es\\\/wp-content\\\/uploads\\\/2025\\\/06\\\/ASAMBLEA-1-scaled.jpg\",\"datePublished\":\"2025-06-18T11:00:39+00:00\",\"author\":{\"@id\":\"https:\\\/\\\/arealorcaradio.es\\\/#\\\/schema\\\/person\\\/9fae605fc25b0f2c83c1ab207139bd27\"},\"breadcrumb\":{\"@id\":\"https:\\\/\\\/arealorcaradio.es\\\/index.php\\\/2025\\\/06\\\/18\\\/juan-jodar-reelegido-presidente-en-la-43a-asamblea-de-ceclor\\\/#breadcrumb\"},\"inLanguage\":\"es\",\"potentialAction\":[{\"@type\":\"ReadAction\",\"target\":[\"https:\\\/\\\/arealorcaradio.es\\\/index.php\\\/2025\\\/06\\\/18\\\/juan-jodar-reelegido-presidente-en-la-43a-asamblea-de-ceclor\\\/\"]}]},{\"@type\":\"ImageObject\",\"inLanguage\":\"es\",\"@id\":\"https:\\\/\\\/arealorcaradio.es\\\/index.php\\\/2025\\\/06\\\/18\\\/juan-jodar-reelegido-presidente-en-la-43a-asamblea-de-ceclor\\\/#primaryimage\",\"url\":\"https:\\\/\\\/arealorcaradio.es\\\/wp-content\\\/uploads\\\/2025\\\/06\\\/ASAMBLEA-1-scaled.jpg\",\"contentUrl\":\"https:\\\/\\\/arealorcaradio.es\\\/wp-content\\\/uploads\\\/2025\\\/06\\\/ASAMBLEA-1-scaled.jpg\",\"width\":2560,\"height\":1707},{\"@type\":\"BreadcrumbList\",\"@id\":\"https:\\\/\\\/arealorcaradio.es\\\/index.php\\\/2025\\\/06\\\/18\\\/juan-jodar-reelegido-presidente-en-la-43a-asamblea-de-ceclor\\\/#breadcrumb\",\"itemListElement\":[{\"@type\":\"ListItem\",\"position\":1,\"name\":\"Portada\",\"item\":\"https:\\\/\\\/arealorcaradio.es\\\/\"},{\"@type\":\"ListItem\",\"position\":2,\"name\":\"Juan J\u00f3dar reelegido presidente en la 43\u00aa Asamblea de Ceclor\"}]},{\"@type\":\"WebSite\",\"@id\":\"https:\\\/\\\/arealorcaradio.es\\\/#website\",\"url\":\"https:\\\/\\\/arealorcaradio.es\\\/\",\"name\":\"AREA LORCA RADIO\",\"description\":\"Descubre la programaci\u00f3n actual en \u00c1rea Lorca Radio, tu fuente de entrenamiento y noticias locales. Sintoniza ahora y mantente conectado online.\",\"potentialAction\":[{\"@type\":\"SearchAction\",\"target\":{\"@type\":\"EntryPoint\",\"urlTemplate\":\"https:\\\/\\\/arealorcaradio.es\\\/?s={search_term_string}\"},\"query-input\":{\"@type\":\"PropertyValueSpecification\",\"valueRequired\":true,\"valueName\":\"search_term_string\"}}],\"inLanguage\":\"es\"},{\"@type\":\"Person\",\"@id\":\"https:\\\/\\\/arealorcaradio.es\\\/#\\\/schema\\\/person\\\/9fae605fc25b0f2c83c1ab207139bd27\",\"name\":\"Paco S\u00e1nchez\",\"image\":{\"@type\":\"ImageObject\",\"inLanguage\":\"es\",\"@id\":\"https:\\\/\\\/secure.gravatar.com\\\/avatar\\\/d67144e966420fb74aa84c9f2a0103be4724fd14db52b52d3b6bca749f257e79?s=96&d=mm&r=g\",\"url\":\"https:\\\/\\\/secure.gravatar.com\\\/avatar\\\/d67144e966420fb74aa84c9f2a0103be4724fd14db52b52d3b6bca749f257e79?s=96&d=mm&r=g\",\"contentUrl\":\"https:\\\/\\\/secure.gravatar.com\\\/avatar\\\/d67144e966420fb74aa84c9f2a0103be4724fd14db52b52d3b6bca749f257e79?s=96&d=mm&r=g\",\"caption\":\"Paco S\u00e1nchez\"},\"sameAs\":[\"https:\\\/\\\/arealorcaradio.es\"],\"url\":\"https:\\\/\\\/arealorcaradio.es\\\/index.php\\\/author\\\/admin_alorcaradio\\\/\"}]}<\/script>\n<!-- \/ Yoast SEO plugin. -->","yoast_head_json":{"title":"Juan J\u00f3dar reelegido presidente en la 43\u00aa Asamblea de Ceclor - AREA LORCA RADIO","robots":{"index":"index","follow":"follow","max-snippet":"max-snippet:-1","max-image-preview":"max-image-preview:large","max-video-preview":"max-video-preview:-1"},"canonical":"https:\/\/arealorcaradio.es\/index.php\/2025\/06\/18\/juan-jodar-reelegido-presidente-en-la-43a-asamblea-de-ceclor\/","og_locale":"es_ES","og_type":"article","og_title":"Juan J\u00f3dar reelegido presidente en la 43\u00aa Asamblea de Ceclor - AREA LORCA RADIO","og_description":"\u00c1REA LORCA RADIO. Actualidad. 18 de junio de 2025. La Confederaci\u00f3n Comarcal de Organizaciones Empresariales de Lorca celebraba este mi\u00e9rcoles 18 de junio su cuadrag\u00e9simo tercera asamblea general. Una sesi\u00f3n que ha servido para dar cuenta de la actividad de la organizaci\u00f3n durante el \u00faltimo a\u00f1o ante sus asociados y la reelecci\u00f3n del presidente Juan [&hellip;]","og_url":"https:\/\/arealorcaradio.es\/index.php\/2025\/06\/18\/juan-jodar-reelegido-presidente-en-la-43a-asamblea-de-ceclor\/","og_site_name":"AREA LORCA RADIO","article_published_time":"2025-06-18T11:00:39+00:00","og_image":[{"width":2560,"height":1707,"url":"https:\/\/arealorcaradio.es\/wp-content\/uploads\/2025\/06\/ASAMBLEA-1-scaled.jpg","type":"image\/jpeg"}],"author":"Paco S\u00e1nchez","twitter_card":"summary_large_image","twitter_misc":{"Escrito por":"Paco S\u00e1nchez","Tiempo de lectura":"6 minutos"},"schema":{"@context":"https:\/\/schema.org","@graph":[{"@type":"Article","@id":"https:\/\/arealorcaradio.es\/index.php\/2025\/06\/18\/juan-jodar-reelegido-presidente-en-la-43a-asamblea-de-ceclor\/#article","isPartOf":{"@id":"https:\/\/arealorcaradio.es\/index.php\/2025\/06\/18\/juan-jodar-reelegido-presidente-en-la-43a-asamblea-de-ceclor\/"},"author":{"name":"Paco S\u00e1nchez","@id":"https:\/\/arealorcaradio.es\/#\/schema\/person\/9fae605fc25b0f2c83c1ab207139bd27"},"headline":"Juan J\u00f3dar reelegido presidente en la 43\u00aa Asamblea de Ceclor","datePublished":"2025-06-18T11:00:39+00:00","mainEntityOfPage":{"@id":"https:\/\/arealorcaradio.es\/index.php\/2025\/06\/18\/juan-jodar-reelegido-presidente-en-la-43a-asamblea-de-ceclor\/"},"wordCount":1114,"commentCount":0,"image":{"@id":"https:\/\/arealorcaradio.es\/index.php\/2025\/06\/18\/juan-jodar-reelegido-presidente-en-la-43a-asamblea-de-ceclor\/#primaryimage"},"thumbnailUrl":"https:\/\/arealorcaradio.es\/wp-content\/uploads\/2025\/06\/ASAMBLEA-1-scaled.jpg","articleSection":["ACTUALIDAD","LORCA"],"inLanguage":"es","potentialAction":[{"@type":"CommentAction","name":"Comment","target":["https:\/\/arealorcaradio.es\/index.php\/2025\/06\/18\/juan-jodar-reelegido-presidente-en-la-43a-asamblea-de-ceclor\/#respond"]}]},{"@type":"WebPage","@id":"https:\/\/arealorcaradio.es\/index.php\/2025\/06\/18\/juan-jodar-reelegido-presidente-en-la-43a-asamblea-de-ceclor\/","url":"https:\/\/arealorcaradio.es\/index.php\/2025\/06\/18\/juan-jodar-reelegido-presidente-en-la-43a-asamblea-de-ceclor\/","name":"Juan J\u00f3dar reelegido presidente en la 43\u00aa Asamblea de Ceclor - AREA LORCA RADIO","isPartOf":{"@id":"https:\/\/arealorcaradio.es\/#website"},"primaryImageOfPage":{"@id":"https:\/\/arealorcaradio.es\/index.php\/2025\/06\/18\/juan-jodar-reelegido-presidente-en-la-43a-asamblea-de-ceclor\/#primaryimage"},"image":{"@id":"https:\/\/arealorcaradio.es\/index.php\/2025\/06\/18\/juan-jodar-reelegido-presidente-en-la-43a-asamblea-de-ceclor\/#primaryimage"},"thumbnailUrl":"https:\/\/arealorcaradio.es\/wp-content\/uploads\/2025\/06\/ASAMBLEA-1-scaled.jpg","datePublished":"2025-06-18T11:00:39+00:00","author":{"@id":"https:\/\/arealorcaradio.es\/#\/schema\/person\/9fae605fc25b0f2c83c1ab207139bd27"},"breadcrumb":{"@id":"https:\/\/arealorcaradio.es\/index.php\/2025\/06\/18\/juan-jodar-reelegido-presidente-en-la-43a-asamblea-de-ceclor\/#breadcrumb"},"inLanguage":"es","potentialAction":[{"@type":"ReadAction","target":["https:\/\/arealorcaradio.es\/index.php\/2025\/06\/18\/juan-jodar-reelegido-presidente-en-la-43a-asamblea-de-ceclor\/"]}]},{"@type":"ImageObject","inLanguage":"es","@id":"https:\/\/arealorcaradio.es\/index.php\/2025\/06\/18\/juan-jodar-reelegido-presidente-en-la-43a-asamblea-de-ceclor\/#primaryimage","url":"https:\/\/arealorcaradio.es\/wp-content\/uploads\/2025\/06\/ASAMBLEA-1-scaled.jpg","contentUrl":"https:\/\/arealorcaradio.es\/wp-content\/uploads\/2025\/06\/ASAMBLEA-1-scaled.jpg","width":2560,"height":1707},{"@type":"BreadcrumbList","@id":"https:\/\/arealorcaradio.es\/index.php\/2025\/06\/18\/juan-jodar-reelegido-presidente-en-la-43a-asamblea-de-ceclor\/#breadcrumb","itemListElement":[{"@type":"ListItem","position":1,"name":"Portada","item":"https:\/\/arealorcaradio.es\/"},{"@type":"ListItem","position":2,"name":"Juan J\u00f3dar reelegido presidente en la 43\u00aa Asamblea de Ceclor"}]},{"@type":"WebSite","@id":"https:\/\/arealorcaradio.es\/#website","url":"https:\/\/arealorcaradio.es\/","name":"AREA LORCA RADIO","description":"Descubre la programaci\u00f3n actual en \u00c1rea Lorca Radio, tu fuente de entrenamiento y noticias locales. Sintoniza ahora y mantente conectado online.","potentialAction":[{"@type":"SearchAction","target":{"@type":"EntryPoint","urlTemplate":"https:\/\/arealorcaradio.es\/?s={search_term_string}"},"query-input":{"@type":"PropertyValueSpecification","valueRequired":true,"valueName":"search_term_string"}}],"inLanguage":"es"},{"@type":"Person","@id":"https:\/\/arealorcaradio.es\/#\/schema\/person\/9fae605fc25b0f2c83c1ab207139bd27","name":"Paco S\u00e1nchez","image":{"@type":"ImageObject","inLanguage":"es","@id":"https:\/\/secure.gravatar.com\/avatar\/d67144e966420fb74aa84c9f2a0103be4724fd14db52b52d3b6bca749f257e79?s=96&d=mm&r=g","url":"https:\/\/secure.gravatar.com\/avatar\/d67144e966420fb74aa84c9f2a0103be4724fd14db52b52d3b6bca749f257e79?s=96&d=mm&r=g","contentUrl":"https:\/\/secure.gravatar.com\/avatar\/d67144e966420fb74aa84c9f2a0103be4724fd14db52b52d3b6bca749f257e79?s=96&d=mm&r=g","caption":"Paco S\u00e1nchez"},"sameAs":["https:\/\/arealorcaradio.es"],"url":"https:\/\/arealorcaradio.es\/index.php\/author\/admin_alorcaradio\/"}]}},"_links":{"self":[{"href":"https:\/\/arealorcaradio.es\/index.php\/wp-json\/wp\/v2\/posts\/6978","targetHints":{"allow":["GET"]}}],"collection":[{"href":"https:\/\/arealorcaradio.es\/index.php\/wp-json\/wp\/v2\/posts"}],"about":[{"href":"https:\/\/arealorcaradio.es\/index.php\/wp-json\/wp\/v2\/types\/post"}],"author":[{"embeddable":true,"href":"https:\/\/arealorcaradio.es\/index.php\/wp-json\/wp\/v2\/users\/1"}],"replies":[{"embeddable":true,"href":"https:\/\/arealorcaradio.es\/index.php\/wp-json\/wp\/v2\/comments?post=6978"}],"version-history":[{"count":4,"href":"https:\/\/arealorcaradio.es\/index.php\/wp-json\/wp\/v2\/posts\/6978\/revisions"}],"predecessor-version":[{"id":6985,"href":"https:\/\/arealorcaradio.es\/index.php\/wp-json\/wp\/v2\/posts\/6978\/revisions\/6985"}],"wp:featuredmedia":[{"embeddable":true,"href":"https:\/\/arealorcaradio.es\/index.php\/wp-json\/wp\/v2\/media\/6982"}],"wp:attachment":[{"href":"https:\/\/arealorcaradio.es\/index.php\/wp-json\/wp\/v2\/media?parent=6978"}],"wp:term":[{"taxonomy":"category","embeddable":true,"href":"https:\/\/arealorcaradio.es\/index.php\/wp-json\/wp\/v2\/categories?post=6978"},{"taxonomy":"post_tag","embeddable":true,"href":"https:\/\/arealorcaradio.es\/index.php\/wp-json\/wp\/v2\/tags?post=6978"}],"curies":[{"name":"wp","href":"https:\/\/api.w.org\/{rel}","templated":true}]}}