{"id":6968,"date":"2025-06-18T09:32:17","date_gmt":"2025-06-18T09:32:17","guid":{"rendered":"https:\/\/arealorcaradio.es\/?p=6968"},"modified":"2025-06-18T09:32:17","modified_gmt":"2025-06-18T09:32:17","slug":"vecinos-de-la-torrecilla-y-campillo-cumplen-su-septimo-dia-de-concentraciones-en-las-que-piden-la-construccion-de-un-viaducto-en-las-obras-del-ave","status":"publish","type":"post","link":"https:\/\/arealorcaradio.es\/index.php\/2025\/06\/18\/vecinos-de-la-torrecilla-y-campillo-cumplen-su-septimo-dia-de-concentraciones-en-las-que-piden-la-construccion-de-un-viaducto-en-las-obras-del-ave\/","title":{"rendered":"Vecinos de La Torrecilla y Campillo cumplen su s\u00e9ptimo d\u00eda de concentraciones en las que piden la construcci\u00f3n de un viaducto en las obras del Ave"},"content":{"rendered":"<p><strong>\u00c1REA LORCA RADIO. Infraestructuras.<\/strong><\/p>\n<p>Escucha aqu\u00ed la intervenci\u00f3n del presidente de la Federaci\u00f3n de Asociaciones de Vecinos de Lorca, <strong>Pedro Garc\u00eda<\/strong>, acompa\u00f1ado por los presidentes de las Asociaciones vecinales de La Torrecilla y Campillo,<strong> Cayetano Padilla<\/strong> y <strong>Joaqu\u00edn Giner<\/strong> respectivamente. Estos representan a cientos de los vecinos afectados por las obras del AVE que reivindican la construcci\u00f3n de un viaducto de unos 200 metros de longitud en la Rambla de La Torrecilla.<\/p>\n<audio class=\"wp-audio-shortcode\" id=\"audio-6968-1\" preload=\"none\" style=\"width: 100%;\" controls=\"controls\"><source type=\"audio\/mpeg\" src=\"https:\/\/arealorcaradio.es\/wp-content\/uploads\/2025\/06\/170625-PEDRO-CAYETANO-Y-JOAQUIN.-AAVV.mp3?_=1\" \/><a href=\"https:\/\/arealorcaradio.es\/wp-content\/uploads\/2025\/06\/170625-PEDRO-CAYETANO-Y-JOAQUIN.-AAVV.mp3\">https:\/\/arealorcaradio.es\/wp-content\/uploads\/2025\/06\/170625-PEDRO-CAYETANO-Y-JOAQUIN.-AAVV.mp3<\/a><\/audio>\n<p>Despu\u00e9s de dar traslado de sus peticiones al Gobierno de la Naci\u00f3n y la Confederaci\u00f3n Hidrogr\u00e1fica del Segura desde hace siete a\u00f1os, hasta el momento ni el Gobierno ni Confederaci\u00f3n han mostrado sensibilidad por la reivindicaci\u00f3n vecinal.<\/p>\n<p>Este es el motivo por el que los vecinos de La Torrecilla y Campillo vienen concentr\u00e1ndose en la Rambla de La Torrecilla desde hace una semana parando las obras del AVE hasta ser atendidos y piden la construcci\u00f3n de un viaducto de unos 200 metros en las obras del Ave para salvar la rambla de Torrecilla.<\/p>\n<p><img loading=\"lazy\" decoding=\"async\" class=\"alignnone size-medium wp-image-6971\" src=\"https:\/\/arealorcaradio.es\/wp-content\/uploads\/2025\/06\/IMG-20250617-WA0045-300x253.jpg\" alt=\"\" width=\"300\" height=\"253\" srcset=\"https:\/\/arealorcaradio.es\/wp-content\/uploads\/2025\/06\/IMG-20250617-WA0045-300x253.jpg 300w, https:\/\/arealorcaradio.es\/wp-content\/uploads\/2025\/06\/IMG-20250617-WA0045-1024x863.jpg 1024w, https:\/\/arealorcaradio.es\/wp-content\/uploads\/2025\/06\/IMG-20250617-WA0045-768x647.jpg 768w, https:\/\/arealorcaradio.es\/wp-content\/uploads\/2025\/06\/IMG-20250617-WA0045.jpg 1228w\" sizes=\"auto, (max-width: 300px) 100vw, 300px\" \/><\/p>\n<p>El Ayuntamiento de Lorca, unido a la causa, asegura que los vecinos son los que mejor conocen ese cauce, los flujos de agua que se producen cada vez que llueve. Desgraciadamente han sido testigos una y otra vez del da\u00f1o que produce el agua en esa zona. Piden que se construya un muro de contenci\u00f3n para el agua en caso de avenida y demandan que se sustituya el paso elevado sobre la rambla que ya se ha comenzado a construir por un viaducto, tal y como se plane\u00f3 en 2018.<\/p>\n<p>Durante la Riada de San Wencelao, en septiembre de 2012, la intensidad del agua se llev\u00f3 por delante la v\u00eda del tren y afect\u00f3 a numerosas viviendas. Hay precedentes, por lo que hay que atender a la historia para que no vuelva a repetirse por lo que es el momento de tomar las decisiones oportunas y evitar repercusiones futuras.<\/p>\n<p>Por \u00faltimo, en referencia a los Flujos Preferentes, los vecinos de esa zona, al situarse en Zona de Flujos Preferentes, no pueden poner ni un ladrillo, sin embargo, s\u00ed se permite levantar para las obras del Ave un muro de entre 5 y 7 metros de altura.<\/p>\n","protected":false},"excerpt":{"rendered":"<p>\u00c1REA LORCA RADIO. Infraestructuras. Escucha aqu\u00ed la intervenci\u00f3n del presidente de la Federaci\u00f3n de Asociaciones de Vecinos de Lorca, Pedro Garc\u00eda, acompa\u00f1ado por los presidentes de las Asociaciones vecinales de La Torrecilla y Campillo, Cayetano Padilla y Joaqu\u00edn Giner respectivamente. Estos representan a cientos de los vecinos afectados por las obras del AVE que reivindican [&hellip;]<\/p>\n","protected":false},"author":1,"featured_media":6970,"comment_status":"open","ping_status":"open","sticky":false,"template":"","format":"standard","meta":{"iawp_total_views":30,"footnotes":""},"categories":[5,7],"tags":[],"class_list":["post-6968","post","type-post","status-publish","format-standard","has-post-thumbnail","hentry","category-actualidad","category-lorca"],"yoast_head":"<!-- This site is optimized with the Yoast SEO plugin v27.5 - https:\/\/yoast.com\/product\/yoast-seo-wordpress\/ -->\n<title>Vecinos de La Torrecilla y Campillo cumplen su s\u00e9ptimo d\u00eda de concentraciones en las que piden la construcci\u00f3n de un viaducto en las obras del Ave - AREA LORCA RADIO<\/title>\n<meta name=\"robots\" content=\"index, follow, max-snippet:-1, max-image-preview:large, max-video-preview:-1\" \/>\n<link rel=\"canonical\" href=\"https:\/\/arealorcaradio.es\/index.php\/2025\/06\/18\/vecinos-de-la-torrecilla-y-campillo-cumplen-su-septimo-dia-de-concentraciones-en-las-que-piden-la-construccion-de-un-viaducto-en-las-obras-del-ave\/\" \/>\n<meta property=\"og:locale\" content=\"es_ES\" \/>\n<meta property=\"og:type\" content=\"article\" \/>\n<meta property=\"og:title\" content=\"Vecinos de La Torrecilla y Campillo cumplen su s\u00e9ptimo d\u00eda de concentraciones en las que piden la construcci\u00f3n de un viaducto en las obras del Ave - AREA LORCA RADIO\" \/>\n<meta property=\"og:description\" content=\"\u00c1REA LORCA RADIO. Infraestructuras. Escucha aqu\u00ed la intervenci\u00f3n del presidente de la Federaci\u00f3n de Asociaciones de Vecinos de Lorca, Pedro Garc\u00eda, acompa\u00f1ado por los presidentes de las Asociaciones vecinales de La Torrecilla y Campillo, Cayetano Padilla y Joaqu\u00edn Giner respectivamente. Estos representan a cientos de los vecinos afectados por las obras del AVE que reivindican [&hellip;]\" \/>\n<meta property=\"og:url\" content=\"https:\/\/arealorcaradio.es\/index.php\/2025\/06\/18\/vecinos-de-la-torrecilla-y-campillo-cumplen-su-septimo-dia-de-concentraciones-en-las-que-piden-la-construccion-de-un-viaducto-en-las-obras-del-ave\/\" \/>\n<meta property=\"og:site_name\" content=\"AREA LORCA RADIO\" \/>\n<meta property=\"article:published_time\" content=\"2025-06-18T09:32:17+00:00\" \/>\n<meta property=\"og:image\" content=\"https:\/\/arealorcaradio.es\/wp-content\/uploads\/2025\/06\/IMG-20250617-WA0040.jpg\" \/>\n\t<meta property=\"og:image:width\" content=\"1600\" \/>\n\t<meta property=\"og:image:height\" content=\"1200\" \/>\n\t<meta property=\"og:image:type\" content=\"image\/jpeg\" \/>\n<meta name=\"author\" content=\"Paco S\u00e1nchez\" \/>\n<meta name=\"twitter:card\" content=\"summary_large_image\" \/>\n<meta name=\"twitter:label1\" content=\"Escrito por\" \/>\n\t<meta name=\"twitter:data1\" content=\"Paco S\u00e1nchez\" \/>\n\t<meta name=\"twitter:label2\" content=\"Tiempo de lectura\" \/>\n\t<meta name=\"twitter:data2\" content=\"3 minutos\" \/>\n<script type=\"application\/ld+json\" class=\"yoast-schema-graph\">{\"@context\":\"https:\\\/\\\/schema.org\",\"@graph\":[{\"@type\":\"Article\",\"@id\":\"https:\\\/\\\/arealorcaradio.es\\\/index.php\\\/2025\\\/06\\\/18\\\/vecinos-de-la-torrecilla-y-campillo-cumplen-su-septimo-dia-de-concentraciones-en-las-que-piden-la-construccion-de-un-viaducto-en-las-obras-del-ave\\\/#article\",\"isPartOf\":{\"@id\":\"https:\\\/\\\/arealorcaradio.es\\\/index.php\\\/2025\\\/06\\\/18\\\/vecinos-de-la-torrecilla-y-campillo-cumplen-su-septimo-dia-de-concentraciones-en-las-que-piden-la-construccion-de-un-viaducto-en-las-obras-del-ave\\\/\"},\"author\":{\"name\":\"Paco S\u00e1nchez\",\"@id\":\"https:\\\/\\\/arealorcaradio.es\\\/#\\\/schema\\\/person\\\/9fae605fc25b0f2c83c1ab207139bd27\"},\"headline\":\"Vecinos de La Torrecilla y Campillo cumplen su s\u00e9ptimo d\u00eda de concentraciones en las que piden la construcci\u00f3n de un viaducto en las obras del Ave\",\"datePublished\":\"2025-06-18T09:32:17+00:00\",\"mainEntityOfPage\":{\"@id\":\"https:\\\/\\\/arealorcaradio.es\\\/index.php\\\/2025\\\/06\\\/18\\\/vecinos-de-la-torrecilla-y-campillo-cumplen-su-septimo-dia-de-concentraciones-en-las-que-piden-la-construccion-de-un-viaducto-en-las-obras-del-ave\\\/\"},\"wordCount\":413,\"commentCount\":0,\"image\":{\"@id\":\"https:\\\/\\\/arealorcaradio.es\\\/index.php\\\/2025\\\/06\\\/18\\\/vecinos-de-la-torrecilla-y-campillo-cumplen-su-septimo-dia-de-concentraciones-en-las-que-piden-la-construccion-de-un-viaducto-en-las-obras-del-ave\\\/#primaryimage\"},\"thumbnailUrl\":\"https:\\\/\\\/arealorcaradio.es\\\/wp-content\\\/uploads\\\/2025\\\/06\\\/IMG-20250617-WA0040.jpg\",\"articleSection\":[\"ACTUALIDAD\",\"LORCA\"],\"inLanguage\":\"es\",\"potentialAction\":[{\"@type\":\"CommentAction\",\"name\":\"Comment\",\"target\":[\"https:\\\/\\\/arealorcaradio.es\\\/index.php\\\/2025\\\/06\\\/18\\\/vecinos-de-la-torrecilla-y-campillo-cumplen-su-septimo-dia-de-concentraciones-en-las-que-piden-la-construccion-de-un-viaducto-en-las-obras-del-ave\\\/#respond\"]}]},{\"@type\":\"WebPage\",\"@id\":\"https:\\\/\\\/arealorcaradio.es\\\/index.php\\\/2025\\\/06\\\/18\\\/vecinos-de-la-torrecilla-y-campillo-cumplen-su-septimo-dia-de-concentraciones-en-las-que-piden-la-construccion-de-un-viaducto-en-las-obras-del-ave\\\/\",\"url\":\"https:\\\/\\\/arealorcaradio.es\\\/index.php\\\/2025\\\/06\\\/18\\\/vecinos-de-la-torrecilla-y-campillo-cumplen-su-septimo-dia-de-concentraciones-en-las-que-piden-la-construccion-de-un-viaducto-en-las-obras-del-ave\\\/\",\"name\":\"Vecinos de La Torrecilla y Campillo cumplen su s\u00e9ptimo d\u00eda de concentraciones en las que piden la construcci\u00f3n de un viaducto en las obras del Ave - AREA LORCA RADIO\",\"isPartOf\":{\"@id\":\"https:\\\/\\\/arealorcaradio.es\\\/#website\"},\"primaryImageOfPage\":{\"@id\":\"https:\\\/\\\/arealorcaradio.es\\\/index.php\\\/2025\\\/06\\\/18\\\/vecinos-de-la-torrecilla-y-campillo-cumplen-su-septimo-dia-de-concentraciones-en-las-que-piden-la-construccion-de-un-viaducto-en-las-obras-del-ave\\\/#primaryimage\"},\"image\":{\"@id\":\"https:\\\/\\\/arealorcaradio.es\\\/index.php\\\/2025\\\/06\\\/18\\\/vecinos-de-la-torrecilla-y-campillo-cumplen-su-septimo-dia-de-concentraciones-en-las-que-piden-la-construccion-de-un-viaducto-en-las-obras-del-ave\\\/#primaryimage\"},\"thumbnailUrl\":\"https:\\\/\\\/arealorcaradio.es\\\/wp-content\\\/uploads\\\/2025\\\/06\\\/IMG-20250617-WA0040.jpg\",\"datePublished\":\"2025-06-18T09:32:17+00:00\",\"author\":{\"@id\":\"https:\\\/\\\/arealorcaradio.es\\\/#\\\/schema\\\/person\\\/9fae605fc25b0f2c83c1ab207139bd27\"},\"breadcrumb\":{\"@id\":\"https:\\\/\\\/arealorcaradio.es\\\/index.php\\\/2025\\\/06\\\/18\\\/vecinos-de-la-torrecilla-y-campillo-cumplen-su-septimo-dia-de-concentraciones-en-las-que-piden-la-construccion-de-un-viaducto-en-las-obras-del-ave\\\/#breadcrumb\"},\"inLanguage\":\"es\",\"potentialAction\":[{\"@type\":\"ReadAction\",\"target\":[\"https:\\\/\\\/arealorcaradio.es\\\/index.php\\\/2025\\\/06\\\/18\\\/vecinos-de-la-torrecilla-y-campillo-cumplen-su-septimo-dia-de-concentraciones-en-las-que-piden-la-construccion-de-un-viaducto-en-las-obras-del-ave\\\/\"]}]},{\"@type\":\"ImageObject\",\"inLanguage\":\"es\",\"@id\":\"https:\\\/\\\/arealorcaradio.es\\\/index.php\\\/2025\\\/06\\\/18\\\/vecinos-de-la-torrecilla-y-campillo-cumplen-su-septimo-dia-de-concentraciones-en-las-que-piden-la-construccion-de-un-viaducto-en-las-obras-del-ave\\\/#primaryimage\",\"url\":\"https:\\\/\\\/arealorcaradio.es\\\/wp-content\\\/uploads\\\/2025\\\/06\\\/IMG-20250617-WA0040.jpg\",\"contentUrl\":\"https:\\\/\\\/arealorcaradio.es\\\/wp-content\\\/uploads\\\/2025\\\/06\\\/IMG-20250617-WA0040.jpg\",\"width\":1600,\"height\":1200},{\"@type\":\"BreadcrumbList\",\"@id\":\"https:\\\/\\\/arealorcaradio.es\\\/index.php\\\/2025\\\/06\\\/18\\\/vecinos-de-la-torrecilla-y-campillo-cumplen-su-septimo-dia-de-concentraciones-en-las-que-piden-la-construccion-de-un-viaducto-en-las-obras-del-ave\\\/#breadcrumb\",\"itemListElement\":[{\"@type\":\"ListItem\",\"position\":1,\"name\":\"Portada\",\"item\":\"https:\\\/\\\/arealorcaradio.es\\\/\"},{\"@type\":\"ListItem\",\"position\":2,\"name\":\"Vecinos de La Torrecilla y Campillo cumplen su s\u00e9ptimo d\u00eda de concentraciones en las que piden la construcci\u00f3n de un viaducto en las obras del Ave\"}]},{\"@type\":\"WebSite\",\"@id\":\"https:\\\/\\\/arealorcaradio.es\\\/#website\",\"url\":\"https:\\\/\\\/arealorcaradio.es\\\/\",\"name\":\"AREA LORCA RADIO\",\"description\":\"Descubre la programaci\u00f3n actual en \u00c1rea Lorca Radio, tu fuente de entrenamiento y noticias locales. Sintoniza ahora y mantente conectado online.\",\"potentialAction\":[{\"@type\":\"SearchAction\",\"target\":{\"@type\":\"EntryPoint\",\"urlTemplate\":\"https:\\\/\\\/arealorcaradio.es\\\/?s={search_term_string}\"},\"query-input\":{\"@type\":\"PropertyValueSpecification\",\"valueRequired\":true,\"valueName\":\"search_term_string\"}}],\"inLanguage\":\"es\"},{\"@type\":\"Person\",\"@id\":\"https:\\\/\\\/arealorcaradio.es\\\/#\\\/schema\\\/person\\\/9fae605fc25b0f2c83c1ab207139bd27\",\"name\":\"Paco S\u00e1nchez\",\"image\":{\"@type\":\"ImageObject\",\"inLanguage\":\"es\",\"@id\":\"https:\\\/\\\/secure.gravatar.com\\\/avatar\\\/d67144e966420fb74aa84c9f2a0103be4724fd14db52b52d3b6bca749f257e79?s=96&d=mm&r=g\",\"url\":\"https:\\\/\\\/secure.gravatar.com\\\/avatar\\\/d67144e966420fb74aa84c9f2a0103be4724fd14db52b52d3b6bca749f257e79?s=96&d=mm&r=g\",\"contentUrl\":\"https:\\\/\\\/secure.gravatar.com\\\/avatar\\\/d67144e966420fb74aa84c9f2a0103be4724fd14db52b52d3b6bca749f257e79?s=96&d=mm&r=g\",\"caption\":\"Paco S\u00e1nchez\"},\"sameAs\":[\"https:\\\/\\\/arealorcaradio.es\"],\"url\":\"https:\\\/\\\/arealorcaradio.es\\\/index.php\\\/author\\\/admin_alorcaradio\\\/\"}]}<\/script>\n<!-- \/ Yoast SEO plugin. -->","yoast_head_json":{"title":"Vecinos de La Torrecilla y Campillo cumplen su s\u00e9ptimo d\u00eda de concentraciones en las que piden la construcci\u00f3n de un viaducto en las obras del Ave - AREA LORCA RADIO","robots":{"index":"index","follow":"follow","max-snippet":"max-snippet:-1","max-image-preview":"max-image-preview:large","max-video-preview":"max-video-preview:-1"},"canonical":"https:\/\/arealorcaradio.es\/index.php\/2025\/06\/18\/vecinos-de-la-torrecilla-y-campillo-cumplen-su-septimo-dia-de-concentraciones-en-las-que-piden-la-construccion-de-un-viaducto-en-las-obras-del-ave\/","og_locale":"es_ES","og_type":"article","og_title":"Vecinos de La Torrecilla y Campillo cumplen su s\u00e9ptimo d\u00eda de concentraciones en las que piden la construcci\u00f3n de un viaducto en las obras del Ave - AREA LORCA RADIO","og_description":"\u00c1REA LORCA RADIO. Infraestructuras. Escucha aqu\u00ed la intervenci\u00f3n del presidente de la Federaci\u00f3n de Asociaciones de Vecinos de Lorca, Pedro Garc\u00eda, acompa\u00f1ado por los presidentes de las Asociaciones vecinales de La Torrecilla y Campillo, Cayetano Padilla y Joaqu\u00edn Giner respectivamente. Estos representan a cientos de los vecinos afectados por las obras del AVE que reivindican [&hellip;]","og_url":"https:\/\/arealorcaradio.es\/index.php\/2025\/06\/18\/vecinos-de-la-torrecilla-y-campillo-cumplen-su-septimo-dia-de-concentraciones-en-las-que-piden-la-construccion-de-un-viaducto-en-las-obras-del-ave\/","og_site_name":"AREA LORCA RADIO","article_published_time":"2025-06-18T09:32:17+00:00","og_image":[{"width":1600,"height":1200,"url":"https:\/\/arealorcaradio.es\/wp-content\/uploads\/2025\/06\/IMG-20250617-WA0040.jpg","type":"image\/jpeg"}],"author":"Paco S\u00e1nchez","twitter_card":"summary_large_image","twitter_misc":{"Escrito por":"Paco S\u00e1nchez","Tiempo de lectura":"3 minutos"},"schema":{"@context":"https:\/\/schema.org","@graph":[{"@type":"Article","@id":"https:\/\/arealorcaradio.es\/index.php\/2025\/06\/18\/vecinos-de-la-torrecilla-y-campillo-cumplen-su-septimo-dia-de-concentraciones-en-las-que-piden-la-construccion-de-un-viaducto-en-las-obras-del-ave\/#article","isPartOf":{"@id":"https:\/\/arealorcaradio.es\/index.php\/2025\/06\/18\/vecinos-de-la-torrecilla-y-campillo-cumplen-su-septimo-dia-de-concentraciones-en-las-que-piden-la-construccion-de-un-viaducto-en-las-obras-del-ave\/"},"author":{"name":"Paco S\u00e1nchez","@id":"https:\/\/arealorcaradio.es\/#\/schema\/person\/9fae605fc25b0f2c83c1ab207139bd27"},"headline":"Vecinos de La Torrecilla y Campillo cumplen su s\u00e9ptimo d\u00eda de concentraciones en las que piden la construcci\u00f3n de un viaducto en las obras del Ave","datePublished":"2025-06-18T09:32:17+00:00","mainEntityOfPage":{"@id":"https:\/\/arealorcaradio.es\/index.php\/2025\/06\/18\/vecinos-de-la-torrecilla-y-campillo-cumplen-su-septimo-dia-de-concentraciones-en-las-que-piden-la-construccion-de-un-viaducto-en-las-obras-del-ave\/"},"wordCount":413,"commentCount":0,"image":{"@id":"https:\/\/arealorcaradio.es\/index.php\/2025\/06\/18\/vecinos-de-la-torrecilla-y-campillo-cumplen-su-septimo-dia-de-concentraciones-en-las-que-piden-la-construccion-de-un-viaducto-en-las-obras-del-ave\/#primaryimage"},"thumbnailUrl":"https:\/\/arealorcaradio.es\/wp-content\/uploads\/2025\/06\/IMG-20250617-WA0040.jpg","articleSection":["ACTUALIDAD","LORCA"],"inLanguage":"es","potentialAction":[{"@type":"CommentAction","name":"Comment","target":["https:\/\/arealorcaradio.es\/index.php\/2025\/06\/18\/vecinos-de-la-torrecilla-y-campillo-cumplen-su-septimo-dia-de-concentraciones-en-las-que-piden-la-construccion-de-un-viaducto-en-las-obras-del-ave\/#respond"]}]},{"@type":"WebPage","@id":"https:\/\/arealorcaradio.es\/index.php\/2025\/06\/18\/vecinos-de-la-torrecilla-y-campillo-cumplen-su-septimo-dia-de-concentraciones-en-las-que-piden-la-construccion-de-un-viaducto-en-las-obras-del-ave\/","url":"https:\/\/arealorcaradio.es\/index.php\/2025\/06\/18\/vecinos-de-la-torrecilla-y-campillo-cumplen-su-septimo-dia-de-concentraciones-en-las-que-piden-la-construccion-de-un-viaducto-en-las-obras-del-ave\/","name":"Vecinos de La Torrecilla y Campillo cumplen su s\u00e9ptimo d\u00eda de concentraciones en las que piden la construcci\u00f3n de un viaducto en las obras del Ave - AREA LORCA RADIO","isPartOf":{"@id":"https:\/\/arealorcaradio.es\/#website"},"primaryImageOfPage":{"@id":"https:\/\/arealorcaradio.es\/index.php\/2025\/06\/18\/vecinos-de-la-torrecilla-y-campillo-cumplen-su-septimo-dia-de-concentraciones-en-las-que-piden-la-construccion-de-un-viaducto-en-las-obras-del-ave\/#primaryimage"},"image":{"@id":"https:\/\/arealorcaradio.es\/index.php\/2025\/06\/18\/vecinos-de-la-torrecilla-y-campillo-cumplen-su-septimo-dia-de-concentraciones-en-las-que-piden-la-construccion-de-un-viaducto-en-las-obras-del-ave\/#primaryimage"},"thumbnailUrl":"https:\/\/arealorcaradio.es\/wp-content\/uploads\/2025\/06\/IMG-20250617-WA0040.jpg","datePublished":"2025-06-18T09:32:17+00:00","author":{"@id":"https:\/\/arealorcaradio.es\/#\/schema\/person\/9fae605fc25b0f2c83c1ab207139bd27"},"breadcrumb":{"@id":"https:\/\/arealorcaradio.es\/index.php\/2025\/06\/18\/vecinos-de-la-torrecilla-y-campillo-cumplen-su-septimo-dia-de-concentraciones-en-las-que-piden-la-construccion-de-un-viaducto-en-las-obras-del-ave\/#breadcrumb"},"inLanguage":"es","potentialAction":[{"@type":"ReadAction","target":["https:\/\/arealorcaradio.es\/index.php\/2025\/06\/18\/vecinos-de-la-torrecilla-y-campillo-cumplen-su-septimo-dia-de-concentraciones-en-las-que-piden-la-construccion-de-un-viaducto-en-las-obras-del-ave\/"]}]},{"@type":"ImageObject","inLanguage":"es","@id":"https:\/\/arealorcaradio.es\/index.php\/2025\/06\/18\/vecinos-de-la-torrecilla-y-campillo-cumplen-su-septimo-dia-de-concentraciones-en-las-que-piden-la-construccion-de-un-viaducto-en-las-obras-del-ave\/#primaryimage","url":"https:\/\/arealorcaradio.es\/wp-content\/uploads\/2025\/06\/IMG-20250617-WA0040.jpg","contentUrl":"https:\/\/arealorcaradio.es\/wp-content\/uploads\/2025\/06\/IMG-20250617-WA0040.jpg","width":1600,"height":1200},{"@type":"BreadcrumbList","@id":"https:\/\/arealorcaradio.es\/index.php\/2025\/06\/18\/vecinos-de-la-torrecilla-y-campillo-cumplen-su-septimo-dia-de-concentraciones-en-las-que-piden-la-construccion-de-un-viaducto-en-las-obras-del-ave\/#breadcrumb","itemListElement":[{"@type":"ListItem","position":1,"name":"Portada","item":"https:\/\/arealorcaradio.es\/"},{"@type":"ListItem","position":2,"name":"Vecinos de La Torrecilla y Campillo cumplen su s\u00e9ptimo d\u00eda de concentraciones en las que piden la construcci\u00f3n de un viaducto en las obras del Ave"}]},{"@type":"WebSite","@id":"https:\/\/arealorcaradio.es\/#website","url":"https:\/\/arealorcaradio.es\/","name":"AREA LORCA RADIO","description":"Descubre la programaci\u00f3n actual en \u00c1rea Lorca Radio, tu fuente de entrenamiento y noticias locales. Sintoniza ahora y mantente conectado online.","potentialAction":[{"@type":"SearchAction","target":{"@type":"EntryPoint","urlTemplate":"https:\/\/arealorcaradio.es\/?s={search_term_string}"},"query-input":{"@type":"PropertyValueSpecification","valueRequired":true,"valueName":"search_term_string"}}],"inLanguage":"es"},{"@type":"Person","@id":"https:\/\/arealorcaradio.es\/#\/schema\/person\/9fae605fc25b0f2c83c1ab207139bd27","name":"Paco S\u00e1nchez","image":{"@type":"ImageObject","inLanguage":"es","@id":"https:\/\/secure.gravatar.com\/avatar\/d67144e966420fb74aa84c9f2a0103be4724fd14db52b52d3b6bca749f257e79?s=96&d=mm&r=g","url":"https:\/\/secure.gravatar.com\/avatar\/d67144e966420fb74aa84c9f2a0103be4724fd14db52b52d3b6bca749f257e79?s=96&d=mm&r=g","contentUrl":"https:\/\/secure.gravatar.com\/avatar\/d67144e966420fb74aa84c9f2a0103be4724fd14db52b52d3b6bca749f257e79?s=96&d=mm&r=g","caption":"Paco S\u00e1nchez"},"sameAs":["https:\/\/arealorcaradio.es"],"url":"https:\/\/arealorcaradio.es\/index.php\/author\/admin_alorcaradio\/"}]}},"_links":{"self":[{"href":"https:\/\/arealorcaradio.es\/index.php\/wp-json\/wp\/v2\/posts\/6968","targetHints":{"allow":["GET"]}}],"collection":[{"href":"https:\/\/arealorcaradio.es\/index.php\/wp-json\/wp\/v2\/posts"}],"about":[{"href":"https:\/\/arealorcaradio.es\/index.php\/wp-json\/wp\/v2\/types\/post"}],"author":[{"embeddable":true,"href":"https:\/\/arealorcaradio.es\/index.php\/wp-json\/wp\/v2\/users\/1"}],"replies":[{"embeddable":true,"href":"https:\/\/arealorcaradio.es\/index.php\/wp-json\/wp\/v2\/comments?post=6968"}],"version-history":[{"count":1,"href":"https:\/\/arealorcaradio.es\/index.php\/wp-json\/wp\/v2\/posts\/6968\/revisions"}],"predecessor-version":[{"id":6972,"href":"https:\/\/arealorcaradio.es\/index.php\/wp-json\/wp\/v2\/posts\/6968\/revisions\/6972"}],"wp:featuredmedia":[{"embeddable":true,"href":"https:\/\/arealorcaradio.es\/index.php\/wp-json\/wp\/v2\/media\/6970"}],"wp:attachment":[{"href":"https:\/\/arealorcaradio.es\/index.php\/wp-json\/wp\/v2\/media?parent=6968"}],"wp:term":[{"taxonomy":"category","embeddable":true,"href":"https:\/\/arealorcaradio.es\/index.php\/wp-json\/wp\/v2\/categories?post=6968"},{"taxonomy":"post_tag","embeddable":true,"href":"https:\/\/arealorcaradio.es\/index.php\/wp-json\/wp\/v2\/tags?post=6968"}],"curies":[{"name":"wp","href":"https:\/\/api.w.org\/{rel}","templated":true}]}}