{"id":69,"date":"2023-02-09T18:37:33","date_gmt":"2023-02-09T18:37:33","guid":{"rendered":"https:\/\/arealorcaradio.es\/?p=69"},"modified":"2023-02-09T18:37:33","modified_gmt":"2023-02-09T18:37:33","slug":"el-cantaor-nico-pelegrin-presenta-en-lorca-su-espectaculo-flamenco-raiz-y-vanguardia","status":"publish","type":"post","link":"https:\/\/arealorcaradio.es\/index.php\/2023\/02\/09\/el-cantaor-nico-pelegrin-presenta-en-lorca-su-espectaculo-flamenco-raiz-y-vanguardia\/","title":{"rendered":"El cantaor Nico Pelegr\u00edn presenta en Lorca su espect\u00e1culo \u00abFlamenco: Ra\u00edz y vanguardia\u00bb"},"content":{"rendered":"<p>\u00c1REA LORCA RADIO.<\/p>\n<p>Escucha la entrevista que ha concedido Nico Pelegr\u00edn a Paco S\u00e1nchez en el magazine \u00c1rea Lorca Actualidad desde C\u00f3rdoba, el lorquino reside estudia y desarrolla su pasi\u00f3n, el cante flamenco.<\/p>\n<audio class=\"wp-audio-shortcode\" id=\"audio-69-1\" preload=\"none\" style=\"width: 100%;\" controls=\"controls\"><source type=\"audio\/mpeg\" src=\"https:\/\/arealorcaradio.es\/wp-content\/uploads\/2023\/02\/090223-NICOLAS-PELEGRIN.-FLAMENCO.mp3?_=1\" \/><a href=\"https:\/\/arealorcaradio.es\/wp-content\/uploads\/2023\/02\/090223-NICOLAS-PELEGRIN.-FLAMENCO.mp3\">https:\/\/arealorcaradio.es\/wp-content\/uploads\/2023\/02\/090223-NICOLAS-PELEGRIN.-FLAMENCO.mp3<\/a><\/audio>\n<p><img loading=\"lazy\" decoding=\"async\" class=\"alignnone size-medium wp-image-71\" src=\"https:\/\/arealorcaradio.es\/wp-content\/uploads\/2023\/02\/IMG-20230209-WA0004-298x300.jpg\" alt=\"\" width=\"298\" height=\"300\" srcset=\"https:\/\/arealorcaradio.es\/wp-content\/uploads\/2023\/02\/IMG-20230209-WA0004-298x300.jpg 298w, https:\/\/arealorcaradio.es\/wp-content\/uploads\/2023\/02\/IMG-20230209-WA0004-1016x1024.jpg 1016w, https:\/\/arealorcaradio.es\/wp-content\/uploads\/2023\/02\/IMG-20230209-WA0004-150x150.jpg 150w, https:\/\/arealorcaradio.es\/wp-content\/uploads\/2023\/02\/IMG-20230209-WA0004-768x774.jpg 768w, https:\/\/arealorcaradio.es\/wp-content\/uploads\/2023\/02\/IMG-20230209-WA0004.jpg 1080w\" sizes=\"auto, (max-width: 298px) 100vw, 298px\" \/><\/p>\n","protected":false},"excerpt":{"rendered":"<p>\u00c1REA LORCA RADIO. Escucha la entrevista que ha concedido Nico Pelegr\u00edn a Paco S\u00e1nchez en el magazine \u00c1rea Lorca Actualidad desde C\u00f3rdoba, el lorquino reside estudia y desarrolla su pasi\u00f3n, el cante flamenco.<\/p>\n","protected":false},"author":1,"featured_media":72,"comment_status":"open","ping_status":"open","sticky":false,"template":"","format":"standard","meta":{"iawp_total_views":2,"footnotes":""},"categories":[5],"tags":[],"class_list":["post-69","post","type-post","status-publish","format-standard","has-post-thumbnail","hentry","category-actualidad"],"yoast_head":"<!-- This site is optimized with the Yoast SEO plugin v27.5 - https:\/\/yoast.com\/product\/yoast-seo-wordpress\/ -->\n<title>El cantaor Nico Pelegr\u00edn presenta en Lorca su espect\u00e1culo &quot;Flamenco: Ra\u00edz y vanguardia&quot; - AREA LORCA RADIO<\/title>\n<meta name=\"robots\" content=\"index, follow, max-snippet:-1, max-image-preview:large, max-video-preview:-1\" \/>\n<link rel=\"canonical\" href=\"https:\/\/arealorcaradio.es\/index.php\/2023\/02\/09\/el-cantaor-nico-pelegrin-presenta-en-lorca-su-espectaculo-flamenco-raiz-y-vanguardia\/\" \/>\n<meta property=\"og:locale\" content=\"es_ES\" \/>\n<meta property=\"og:type\" content=\"article\" \/>\n<meta property=\"og:title\" content=\"El cantaor Nico Pelegr\u00edn presenta en Lorca su espect\u00e1culo &quot;Flamenco: Ra\u00edz y vanguardia&quot; - AREA LORCA RADIO\" \/>\n<meta property=\"og:description\" content=\"\u00c1REA LORCA RADIO. Escucha la entrevista que ha concedido Nico Pelegr\u00edn a Paco S\u00e1nchez en el magazine \u00c1rea Lorca Actualidad desde C\u00f3rdoba, el lorquino reside estudia y desarrolla su pasi\u00f3n, el cante flamenco.\" \/>\n<meta property=\"og:url\" content=\"https:\/\/arealorcaradio.es\/index.php\/2023\/02\/09\/el-cantaor-nico-pelegrin-presenta-en-lorca-su-espectaculo-flamenco-raiz-y-vanguardia\/\" \/>\n<meta property=\"og:site_name\" content=\"AREA LORCA RADIO\" \/>\n<meta property=\"article:published_time\" content=\"2023-02-09T18:37:33+00:00\" \/>\n<meta property=\"og:image\" content=\"https:\/\/arealorcaradio.es\/wp-content\/uploads\/2023\/02\/nico-pelegrin_NoticiaAmpliada.jpg\" \/>\n\t<meta property=\"og:image:width\" content=\"768\" \/>\n\t<meta property=\"og:image:height\" content=\"442\" \/>\n\t<meta property=\"og:image:type\" content=\"image\/jpeg\" \/>\n<meta name=\"author\" content=\"Paco S\u00e1nchez\" \/>\n<meta name=\"twitter:card\" content=\"summary_large_image\" \/>\n<meta name=\"twitter:label1\" content=\"Escrito por\" \/>\n\t<meta name=\"twitter:data1\" content=\"Paco S\u00e1nchez\" \/>\n\t<meta name=\"twitter:label2\" content=\"Tiempo de lectura\" \/>\n\t<meta name=\"twitter:data2\" content=\"1 minuto\" \/>\n<script type=\"application\/ld+json\" class=\"yoast-schema-graph\">{\"@context\":\"https:\\\/\\\/schema.org\",\"@graph\":[{\"@type\":\"Article\",\"@id\":\"https:\\\/\\\/arealorcaradio.es\\\/index.php\\\/2023\\\/02\\\/09\\\/el-cantaor-nico-pelegrin-presenta-en-lorca-su-espectaculo-flamenco-raiz-y-vanguardia\\\/#article\",\"isPartOf\":{\"@id\":\"https:\\\/\\\/arealorcaradio.es\\\/index.php\\\/2023\\\/02\\\/09\\\/el-cantaor-nico-pelegrin-presenta-en-lorca-su-espectaculo-flamenco-raiz-y-vanguardia\\\/\"},\"author\":{\"name\":\"Paco S\u00e1nchez\",\"@id\":\"https:\\\/\\\/arealorcaradio.es\\\/#\\\/schema\\\/person\\\/9fae605fc25b0f2c83c1ab207139bd27\"},\"headline\":\"El cantaor Nico Pelegr\u00edn presenta en Lorca su espect\u00e1culo \u00abFlamenco: Ra\u00edz y vanguardia\u00bb\",\"datePublished\":\"2023-02-09T18:37:33+00:00\",\"mainEntityOfPage\":{\"@id\":\"https:\\\/\\\/arealorcaradio.es\\\/index.php\\\/2023\\\/02\\\/09\\\/el-cantaor-nico-pelegrin-presenta-en-lorca-su-espectaculo-flamenco-raiz-y-vanguardia\\\/\"},\"wordCount\":64,\"commentCount\":0,\"image\":{\"@id\":\"https:\\\/\\\/arealorcaradio.es\\\/index.php\\\/2023\\\/02\\\/09\\\/el-cantaor-nico-pelegrin-presenta-en-lorca-su-espectaculo-flamenco-raiz-y-vanguardia\\\/#primaryimage\"},\"thumbnailUrl\":\"https:\\\/\\\/arealorcaradio.es\\\/wp-content\\\/uploads\\\/2023\\\/02\\\/nico-pelegrin_NoticiaAmpliada.jpg\",\"articleSection\":[\"ACTUALIDAD\"],\"inLanguage\":\"es\",\"potentialAction\":[{\"@type\":\"CommentAction\",\"name\":\"Comment\",\"target\":[\"https:\\\/\\\/arealorcaradio.es\\\/index.php\\\/2023\\\/02\\\/09\\\/el-cantaor-nico-pelegrin-presenta-en-lorca-su-espectaculo-flamenco-raiz-y-vanguardia\\\/#respond\"]}]},{\"@type\":\"WebPage\",\"@id\":\"https:\\\/\\\/arealorcaradio.es\\\/index.php\\\/2023\\\/02\\\/09\\\/el-cantaor-nico-pelegrin-presenta-en-lorca-su-espectaculo-flamenco-raiz-y-vanguardia\\\/\",\"url\":\"https:\\\/\\\/arealorcaradio.es\\\/index.php\\\/2023\\\/02\\\/09\\\/el-cantaor-nico-pelegrin-presenta-en-lorca-su-espectaculo-flamenco-raiz-y-vanguardia\\\/\",\"name\":\"El cantaor Nico Pelegr\u00edn presenta en Lorca su espect\u00e1culo \\\"Flamenco: Ra\u00edz y vanguardia\\\" - AREA LORCA RADIO\",\"isPartOf\":{\"@id\":\"https:\\\/\\\/arealorcaradio.es\\\/#website\"},\"primaryImageOfPage\":{\"@id\":\"https:\\\/\\\/arealorcaradio.es\\\/index.php\\\/2023\\\/02\\\/09\\\/el-cantaor-nico-pelegrin-presenta-en-lorca-su-espectaculo-flamenco-raiz-y-vanguardia\\\/#primaryimage\"},\"image\":{\"@id\":\"https:\\\/\\\/arealorcaradio.es\\\/index.php\\\/2023\\\/02\\\/09\\\/el-cantaor-nico-pelegrin-presenta-en-lorca-su-espectaculo-flamenco-raiz-y-vanguardia\\\/#primaryimage\"},\"thumbnailUrl\":\"https:\\\/\\\/arealorcaradio.es\\\/wp-content\\\/uploads\\\/2023\\\/02\\\/nico-pelegrin_NoticiaAmpliada.jpg\",\"datePublished\":\"2023-02-09T18:37:33+00:00\",\"author\":{\"@id\":\"https:\\\/\\\/arealorcaradio.es\\\/#\\\/schema\\\/person\\\/9fae605fc25b0f2c83c1ab207139bd27\"},\"breadcrumb\":{\"@id\":\"https:\\\/\\\/arealorcaradio.es\\\/index.php\\\/2023\\\/02\\\/09\\\/el-cantaor-nico-pelegrin-presenta-en-lorca-su-espectaculo-flamenco-raiz-y-vanguardia\\\/#breadcrumb\"},\"inLanguage\":\"es\",\"potentialAction\":[{\"@type\":\"ReadAction\",\"target\":[\"https:\\\/\\\/arealorcaradio.es\\\/index.php\\\/2023\\\/02\\\/09\\\/el-cantaor-nico-pelegrin-presenta-en-lorca-su-espectaculo-flamenco-raiz-y-vanguardia\\\/\"]}]},{\"@type\":\"ImageObject\",\"inLanguage\":\"es\",\"@id\":\"https:\\\/\\\/arealorcaradio.es\\\/index.php\\\/2023\\\/02\\\/09\\\/el-cantaor-nico-pelegrin-presenta-en-lorca-su-espectaculo-flamenco-raiz-y-vanguardia\\\/#primaryimage\",\"url\":\"https:\\\/\\\/arealorcaradio.es\\\/wp-content\\\/uploads\\\/2023\\\/02\\\/nico-pelegrin_NoticiaAmpliada.jpg\",\"contentUrl\":\"https:\\\/\\\/arealorcaradio.es\\\/wp-content\\\/uploads\\\/2023\\\/02\\\/nico-pelegrin_NoticiaAmpliada.jpg\",\"width\":768,\"height\":442},{\"@type\":\"BreadcrumbList\",\"@id\":\"https:\\\/\\\/arealorcaradio.es\\\/index.php\\\/2023\\\/02\\\/09\\\/el-cantaor-nico-pelegrin-presenta-en-lorca-su-espectaculo-flamenco-raiz-y-vanguardia\\\/#breadcrumb\",\"itemListElement\":[{\"@type\":\"ListItem\",\"position\":1,\"name\":\"Portada\",\"item\":\"https:\\\/\\\/arealorcaradio.es\\\/\"},{\"@type\":\"ListItem\",\"position\":2,\"name\":\"El cantaor Nico Pelegr\u00edn presenta en Lorca su espect\u00e1culo \u00abFlamenco: Ra\u00edz y vanguardia\u00bb\"}]},{\"@type\":\"WebSite\",\"@id\":\"https:\\\/\\\/arealorcaradio.es\\\/#website\",\"url\":\"https:\\\/\\\/arealorcaradio.es\\\/\",\"name\":\"AREA LORCA RADIO\",\"description\":\"Descubre la programaci\u00f3n actual en \u00c1rea Lorca Radio, tu fuente de entrenamiento y noticias locales. Sintoniza ahora y mantente conectado online.\",\"potentialAction\":[{\"@type\":\"SearchAction\",\"target\":{\"@type\":\"EntryPoint\",\"urlTemplate\":\"https:\\\/\\\/arealorcaradio.es\\\/?s={search_term_string}\"},\"query-input\":{\"@type\":\"PropertyValueSpecification\",\"valueRequired\":true,\"valueName\":\"search_term_string\"}}],\"inLanguage\":\"es\"},{\"@type\":\"Person\",\"@id\":\"https:\\\/\\\/arealorcaradio.es\\\/#\\\/schema\\\/person\\\/9fae605fc25b0f2c83c1ab207139bd27\",\"name\":\"Paco S\u00e1nchez\",\"image\":{\"@type\":\"ImageObject\",\"inLanguage\":\"es\",\"@id\":\"https:\\\/\\\/secure.gravatar.com\\\/avatar\\\/d67144e966420fb74aa84c9f2a0103be4724fd14db52b52d3b6bca749f257e79?s=96&d=mm&r=g\",\"url\":\"https:\\\/\\\/secure.gravatar.com\\\/avatar\\\/d67144e966420fb74aa84c9f2a0103be4724fd14db52b52d3b6bca749f257e79?s=96&d=mm&r=g\",\"contentUrl\":\"https:\\\/\\\/secure.gravatar.com\\\/avatar\\\/d67144e966420fb74aa84c9f2a0103be4724fd14db52b52d3b6bca749f257e79?s=96&d=mm&r=g\",\"caption\":\"Paco S\u00e1nchez\"},\"sameAs\":[\"https:\\\/\\\/arealorcaradio.es\"],\"url\":\"https:\\\/\\\/arealorcaradio.es\\\/index.php\\\/author\\\/admin_alorcaradio\\\/\"}]}<\/script>\n<!-- \/ Yoast SEO plugin. -->","yoast_head_json":{"title":"El cantaor Nico Pelegr\u00edn presenta en Lorca su espect\u00e1culo \"Flamenco: Ra\u00edz y vanguardia\" - AREA LORCA RADIO","robots":{"index":"index","follow":"follow","max-snippet":"max-snippet:-1","max-image-preview":"max-image-preview:large","max-video-preview":"max-video-preview:-1"},"canonical":"https:\/\/arealorcaradio.es\/index.php\/2023\/02\/09\/el-cantaor-nico-pelegrin-presenta-en-lorca-su-espectaculo-flamenco-raiz-y-vanguardia\/","og_locale":"es_ES","og_type":"article","og_title":"El cantaor Nico Pelegr\u00edn presenta en Lorca su espect\u00e1culo \"Flamenco: Ra\u00edz y vanguardia\" - AREA LORCA RADIO","og_description":"\u00c1REA LORCA RADIO. Escucha la entrevista que ha concedido Nico Pelegr\u00edn a Paco S\u00e1nchez en el magazine \u00c1rea Lorca Actualidad desde C\u00f3rdoba, el lorquino reside estudia y desarrolla su pasi\u00f3n, el cante flamenco.","og_url":"https:\/\/arealorcaradio.es\/index.php\/2023\/02\/09\/el-cantaor-nico-pelegrin-presenta-en-lorca-su-espectaculo-flamenco-raiz-y-vanguardia\/","og_site_name":"AREA LORCA RADIO","article_published_time":"2023-02-09T18:37:33+00:00","og_image":[{"width":768,"height":442,"url":"https:\/\/arealorcaradio.es\/wp-content\/uploads\/2023\/02\/nico-pelegrin_NoticiaAmpliada.jpg","type":"image\/jpeg"}],"author":"Paco S\u00e1nchez","twitter_card":"summary_large_image","twitter_misc":{"Escrito por":"Paco S\u00e1nchez","Tiempo de lectura":"1 minuto"},"schema":{"@context":"https:\/\/schema.org","@graph":[{"@type":"Article","@id":"https:\/\/arealorcaradio.es\/index.php\/2023\/02\/09\/el-cantaor-nico-pelegrin-presenta-en-lorca-su-espectaculo-flamenco-raiz-y-vanguardia\/#article","isPartOf":{"@id":"https:\/\/arealorcaradio.es\/index.php\/2023\/02\/09\/el-cantaor-nico-pelegrin-presenta-en-lorca-su-espectaculo-flamenco-raiz-y-vanguardia\/"},"author":{"name":"Paco S\u00e1nchez","@id":"https:\/\/arealorcaradio.es\/#\/schema\/person\/9fae605fc25b0f2c83c1ab207139bd27"},"headline":"El cantaor Nico Pelegr\u00edn presenta en Lorca su espect\u00e1culo \u00abFlamenco: Ra\u00edz y vanguardia\u00bb","datePublished":"2023-02-09T18:37:33+00:00","mainEntityOfPage":{"@id":"https:\/\/arealorcaradio.es\/index.php\/2023\/02\/09\/el-cantaor-nico-pelegrin-presenta-en-lorca-su-espectaculo-flamenco-raiz-y-vanguardia\/"},"wordCount":64,"commentCount":0,"image":{"@id":"https:\/\/arealorcaradio.es\/index.php\/2023\/02\/09\/el-cantaor-nico-pelegrin-presenta-en-lorca-su-espectaculo-flamenco-raiz-y-vanguardia\/#primaryimage"},"thumbnailUrl":"https:\/\/arealorcaradio.es\/wp-content\/uploads\/2023\/02\/nico-pelegrin_NoticiaAmpliada.jpg","articleSection":["ACTUALIDAD"],"inLanguage":"es","potentialAction":[{"@type":"CommentAction","name":"Comment","target":["https:\/\/arealorcaradio.es\/index.php\/2023\/02\/09\/el-cantaor-nico-pelegrin-presenta-en-lorca-su-espectaculo-flamenco-raiz-y-vanguardia\/#respond"]}]},{"@type":"WebPage","@id":"https:\/\/arealorcaradio.es\/index.php\/2023\/02\/09\/el-cantaor-nico-pelegrin-presenta-en-lorca-su-espectaculo-flamenco-raiz-y-vanguardia\/","url":"https:\/\/arealorcaradio.es\/index.php\/2023\/02\/09\/el-cantaor-nico-pelegrin-presenta-en-lorca-su-espectaculo-flamenco-raiz-y-vanguardia\/","name":"El cantaor Nico Pelegr\u00edn presenta en Lorca su espect\u00e1culo \"Flamenco: Ra\u00edz y vanguardia\" - AREA LORCA RADIO","isPartOf":{"@id":"https:\/\/arealorcaradio.es\/#website"},"primaryImageOfPage":{"@id":"https:\/\/arealorcaradio.es\/index.php\/2023\/02\/09\/el-cantaor-nico-pelegrin-presenta-en-lorca-su-espectaculo-flamenco-raiz-y-vanguardia\/#primaryimage"},"image":{"@id":"https:\/\/arealorcaradio.es\/index.php\/2023\/02\/09\/el-cantaor-nico-pelegrin-presenta-en-lorca-su-espectaculo-flamenco-raiz-y-vanguardia\/#primaryimage"},"thumbnailUrl":"https:\/\/arealorcaradio.es\/wp-content\/uploads\/2023\/02\/nico-pelegrin_NoticiaAmpliada.jpg","datePublished":"2023-02-09T18:37:33+00:00","author":{"@id":"https:\/\/arealorcaradio.es\/#\/schema\/person\/9fae605fc25b0f2c83c1ab207139bd27"},"breadcrumb":{"@id":"https:\/\/arealorcaradio.es\/index.php\/2023\/02\/09\/el-cantaor-nico-pelegrin-presenta-en-lorca-su-espectaculo-flamenco-raiz-y-vanguardia\/#breadcrumb"},"inLanguage":"es","potentialAction":[{"@type":"ReadAction","target":["https:\/\/arealorcaradio.es\/index.php\/2023\/02\/09\/el-cantaor-nico-pelegrin-presenta-en-lorca-su-espectaculo-flamenco-raiz-y-vanguardia\/"]}]},{"@type":"ImageObject","inLanguage":"es","@id":"https:\/\/arealorcaradio.es\/index.php\/2023\/02\/09\/el-cantaor-nico-pelegrin-presenta-en-lorca-su-espectaculo-flamenco-raiz-y-vanguardia\/#primaryimage","url":"https:\/\/arealorcaradio.es\/wp-content\/uploads\/2023\/02\/nico-pelegrin_NoticiaAmpliada.jpg","contentUrl":"https:\/\/arealorcaradio.es\/wp-content\/uploads\/2023\/02\/nico-pelegrin_NoticiaAmpliada.jpg","width":768,"height":442},{"@type":"BreadcrumbList","@id":"https:\/\/arealorcaradio.es\/index.php\/2023\/02\/09\/el-cantaor-nico-pelegrin-presenta-en-lorca-su-espectaculo-flamenco-raiz-y-vanguardia\/#breadcrumb","itemListElement":[{"@type":"ListItem","position":1,"name":"Portada","item":"https:\/\/arealorcaradio.es\/"},{"@type":"ListItem","position":2,"name":"El cantaor Nico Pelegr\u00edn presenta en Lorca su espect\u00e1culo \u00abFlamenco: Ra\u00edz y vanguardia\u00bb"}]},{"@type":"WebSite","@id":"https:\/\/arealorcaradio.es\/#website","url":"https:\/\/arealorcaradio.es\/","name":"AREA LORCA RADIO","description":"Descubre la programaci\u00f3n actual en \u00c1rea Lorca Radio, tu fuente de entrenamiento y noticias locales. Sintoniza ahora y mantente conectado online.","potentialAction":[{"@type":"SearchAction","target":{"@type":"EntryPoint","urlTemplate":"https:\/\/arealorcaradio.es\/?s={search_term_string}"},"query-input":{"@type":"PropertyValueSpecification","valueRequired":true,"valueName":"search_term_string"}}],"inLanguage":"es"},{"@type":"Person","@id":"https:\/\/arealorcaradio.es\/#\/schema\/person\/9fae605fc25b0f2c83c1ab207139bd27","name":"Paco S\u00e1nchez","image":{"@type":"ImageObject","inLanguage":"es","@id":"https:\/\/secure.gravatar.com\/avatar\/d67144e966420fb74aa84c9f2a0103be4724fd14db52b52d3b6bca749f257e79?s=96&d=mm&r=g","url":"https:\/\/secure.gravatar.com\/avatar\/d67144e966420fb74aa84c9f2a0103be4724fd14db52b52d3b6bca749f257e79?s=96&d=mm&r=g","contentUrl":"https:\/\/secure.gravatar.com\/avatar\/d67144e966420fb74aa84c9f2a0103be4724fd14db52b52d3b6bca749f257e79?s=96&d=mm&r=g","caption":"Paco S\u00e1nchez"},"sameAs":["https:\/\/arealorcaradio.es"],"url":"https:\/\/arealorcaradio.es\/index.php\/author\/admin_alorcaradio\/"}]}},"_links":{"self":[{"href":"https:\/\/arealorcaradio.es\/index.php\/wp-json\/wp\/v2\/posts\/69","targetHints":{"allow":["GET"]}}],"collection":[{"href":"https:\/\/arealorcaradio.es\/index.php\/wp-json\/wp\/v2\/posts"}],"about":[{"href":"https:\/\/arealorcaradio.es\/index.php\/wp-json\/wp\/v2\/types\/post"}],"author":[{"embeddable":true,"href":"https:\/\/arealorcaradio.es\/index.php\/wp-json\/wp\/v2\/users\/1"}],"replies":[{"embeddable":true,"href":"https:\/\/arealorcaradio.es\/index.php\/wp-json\/wp\/v2\/comments?post=69"}],"version-history":[{"count":1,"href":"https:\/\/arealorcaradio.es\/index.php\/wp-json\/wp\/v2\/posts\/69\/revisions"}],"predecessor-version":[{"id":73,"href":"https:\/\/arealorcaradio.es\/index.php\/wp-json\/wp\/v2\/posts\/69\/revisions\/73"}],"wp:featuredmedia":[{"embeddable":true,"href":"https:\/\/arealorcaradio.es\/index.php\/wp-json\/wp\/v2\/media\/72"}],"wp:attachment":[{"href":"https:\/\/arealorcaradio.es\/index.php\/wp-json\/wp\/v2\/media?parent=69"}],"wp:term":[{"taxonomy":"category","embeddable":true,"href":"https:\/\/arealorcaradio.es\/index.php\/wp-json\/wp\/v2\/categories?post=69"},{"taxonomy":"post_tag","embeddable":true,"href":"https:\/\/arealorcaradio.es\/index.php\/wp-json\/wp\/v2\/tags?post=69"}],"curies":[{"name":"wp","href":"https:\/\/api.w.org\/{rel}","templated":true}]}}