{"id":6845,"date":"2025-06-05T10:39:56","date_gmt":"2025-06-05T10:39:56","guid":{"rendered":"https:\/\/arealorcaradio.es\/?p=6845"},"modified":"2025-06-05T10:39:56","modified_gmt":"2025-06-05T10:39:56","slug":"fulgencio-gil-el-cierre-del-trasvase-tajo-segura-va-a-ser-la-mayor-equivocacion-medioambiental-en-la-historia-de-espana-es-un-error-de-bulto-por-parte-del-estado","status":"publish","type":"post","link":"https:\/\/arealorcaradio.es\/index.php\/2025\/06\/05\/fulgencio-gil-el-cierre-del-trasvase-tajo-segura-va-a-ser-la-mayor-equivocacion-medioambiental-en-la-historia-de-espana-es-un-error-de-bulto-por-parte-del-estado\/","title":{"rendered":"Fulgencio Gil: \u201cEl cierre del Trasvase Tajo-Segura va a ser la mayor equivocaci\u00f3n medioambiental en la historia de Espa\u00f1a. Es un error de bulto por parte del Estado\u201d"},"content":{"rendered":"<p><strong>\u00c1REA LORCA RADIO. Agua.<\/strong><\/p>\n<p><strong>Lorca, 5 de junio de 2025. <\/strong>El alcalde de Lorca, Fulgencio Gil J\u00f3dar, ha manifestado su \u201cm\u00e1s absoluto rechazo a lo que supone un golpe directo a la econom\u00eda, al empleo y al futuro de Lorca. El cierre del Trasvase Tajo-Segura supondr\u00e1 un retroceso a todos los niveles, provocando la ruina de miles de familias, el cierre de explotaciones y, en definitiva, la condena al abandono de todo el Levante espa\u00f1ol. Sin el Trasvase, esta tierra no puede salir adelante. Si alguien tiene conciencia y compromiso con el agua, como motor socioecon\u00f3mico, somos nosotros\u201d.<\/p>\n<p><img loading=\"lazy\" decoding=\"async\" class=\"alignnone  wp-image-6848\" src=\"https:\/\/arealorcaradio.es\/wp-content\/uploads\/2025\/06\/foto7-3-300x225.jpeg\" alt=\"\" width=\"229\" height=\"172\" srcset=\"https:\/\/arealorcaradio.es\/wp-content\/uploads\/2025\/06\/foto7-3-300x225.jpeg 300w, https:\/\/arealorcaradio.es\/wp-content\/uploads\/2025\/06\/foto7-3-1024x768.jpeg 1024w, https:\/\/arealorcaradio.es\/wp-content\/uploads\/2025\/06\/foto7-3-768x576.jpeg 768w, https:\/\/arealorcaradio.es\/wp-content\/uploads\/2025\/06\/foto7-3-1536x1152.jpeg 1536w, https:\/\/arealorcaradio.es\/wp-content\/uploads\/2025\/06\/foto7-3-86x64.jpeg 86w, https:\/\/arealorcaradio.es\/wp-content\/uploads\/2025\/06\/foto7-3.jpeg 2048w\" sizes=\"auto, (max-width: 229px) 100vw, 229px\" \/> <img loading=\"lazy\" decoding=\"async\" class=\"alignnone  wp-image-6849\" src=\"https:\/\/arealorcaradio.es\/wp-content\/uploads\/2025\/06\/foto5-3-300x174.jpeg\" alt=\"\" width=\"298\" height=\"173\" srcset=\"https:\/\/arealorcaradio.es\/wp-content\/uploads\/2025\/06\/foto5-3-300x174.jpeg 300w, https:\/\/arealorcaradio.es\/wp-content\/uploads\/2025\/06\/foto5-3-1024x595.jpeg 1024w, https:\/\/arealorcaradio.es\/wp-content\/uploads\/2025\/06\/foto5-3-768x446.jpeg 768w, https:\/\/arealorcaradio.es\/wp-content\/uploads\/2025\/06\/foto5-3-1536x893.jpeg 1536w, https:\/\/arealorcaradio.es\/wp-content\/uploads\/2025\/06\/foto5-3.jpeg 2048w\" sizes=\"auto, (max-width: 298px) 100vw, 298px\" \/><\/p>\n<p>Pero no ha estado solo en sus reivindicaciones. La ha hecho acompa\u00f1ado por cerca de un centenar de alcaldes de distintas localidades del Levante espa\u00f1ol en un acto de unidad institucional sin precedentes por el Trasvase Tajo-Segura, organizado por el Sindicato Central de Regantes del Acueducto Tajo-Segura y el Ayuntamiento de Murcia, con la colaboraci\u00f3n del resto de Ayuntamientos participantes; que se han unido bajo el lema \u201cAgua, consumo humano y empleo\u201d, frente al ataque del Trasvase Tajo-Segura.<\/p>\n<p><img loading=\"lazy\" decoding=\"async\" class=\"alignnone size-medium wp-image-6850\" src=\"https:\/\/arealorcaradio.es\/wp-content\/uploads\/2025\/06\/foto8-2-300x148.jpeg\" alt=\"\" width=\"300\" height=\"148\" srcset=\"https:\/\/arealorcaradio.es\/wp-content\/uploads\/2025\/06\/foto8-2-300x148.jpeg 300w, https:\/\/arealorcaradio.es\/wp-content\/uploads\/2025\/06\/foto8-2-1024x504.jpeg 1024w, https:\/\/arealorcaradio.es\/wp-content\/uploads\/2025\/06\/foto8-2-768x378.jpeg 768w, https:\/\/arealorcaradio.es\/wp-content\/uploads\/2025\/06\/foto8-2-1536x756.jpeg 1536w, https:\/\/arealorcaradio.es\/wp-content\/uploads\/2025\/06\/foto8-2.jpeg 2048w\" sizes=\"auto, (max-width: 300px) 100vw, 300px\" \/><\/p>\n<p>Una cita en la que, adem\u00e1s de alcaldes, han estado presentes representantes pol\u00edticos, regantes y sociedad civil, y durante la cual se ha realizado la lectura de un manifiesto en defensa de esta importante infraestructura h\u00eddrica que abastece a cerca de 3 millones de personas permitiendo que est\u00e1s tengan acceso \u201cregular y seguro al agua para consumo humano, agricultura e industria, convirti\u00e9ndose en herramienta de creaci\u00f3n de empleo, riqueza y vida, as\u00ed como en el mayor aliado frente a la desertizaci\u00f3n\u201d.<\/p>\n<p>Un documento donde se manifiesta \u201cp\u00fablicamente nuestra m\u00e1s firme oposici\u00f3n a cualquier decisi\u00f3n que suponga el recorte de una sola gota de agua del Trasvase y ponga en riesgo el abastecimiento de agua a nuestros territorios y, con ello, el presente y el futuro de millones de ciudadanos\u201d, y que, finalmente, ha sido firmado por los asistentes protagonistas. \u201cNuestros municipios son referentes mundiales en el uso racional y eficiente del agua, gracias a la modernizaci\u00f3n y la eficiencia\u201d.<\/p>\n<p>\u201cHoy nos hemos unido aqu\u00ed por la defensa del agua como motor de sostenibilidad, empleo y desarrollo. Porque ahora con estas restricciones nos toca de nuevo a las administraciones locales, que somos las m\u00e1s cercanas a los ciudadanos, hacer frente a dificultades generadas por un Ejecutivo Central que no es consciente de la realidad, con esta modificaci\u00f3n de las reglas de explotaci\u00f3n del Trasvase Tajo-Segura que pretende imponer\u201d.<\/p>\n<p>\u201cEst\u00e1 provocando la deriva de un sector que es el m\u00e1s tecnificado de Europa y se merece los caudales que le corresponde, y punto. Porque aqu\u00ed el agua no es del se\u00f1or Paje, ni de Pedro S\u00e1nchez, el agua es de todos\u201d.<\/p>\n<p>\u201cEl cierre del Trasvase Tajo Segura va a ser el mayor error medioambiental en la historia de Espa\u00f1a por parte del Estado, obligando a abandonar la mitad de los terrenos de cultivo. Somos protagonistas de un maltrato que afecta a la continuidad del sector agropecuario en este pa\u00eds. Productos de excelente calidad, que no s\u00f3lo nutren a Espa\u00f1a, sino que son exportados por todo el mundo; una proyecci\u00f3n que ahora est\u00e1 en riesgo<strong>. Lo que quieren es convertir el Levante en un desierto\u201d. <\/strong><\/p>\n<p>\u201cY, para que todos los espa\u00f1oles lo sepan, si Espa\u00f1a sufri\u00f3 con la reconversi\u00f3n industrial, ahora ser\u00e1 mucho peor. Con estas medidas lo \u00fanico que estamos haciendo es regalar la soberan\u00eda alimentaria a pa\u00edses que ni siquiera son de la UE\u2026, alimentos de peor calidad, sin saber de d\u00f3nde proceden ni las condiciones en las que son recolectados\u201d.<\/p>\n<p>Sin duda, Lorca ser\u00e1 la comarca m\u00e1s perjudicada por el cierre del Trasvase Tajo-Segura, ya que supondr\u00e1 un aut\u00e9ntico mazazo social, laboral y econ\u00f3mico. Est\u00e1n en riesgo miles de hect\u00e1reas de cultivo. Hablamos de la p\u00e9rdida de oportunidades para nuestros j\u00f3venes, de rescindir el relevo generacional, de la despoblaci\u00f3n de zonas enteras de la comarca\u201d.<\/p>\n<p>\u201cQueremos manifestar nuevamente nuestro apoyo firme e inquebrantable al sector primario, a los agricultores, ganaderos y regantes que se ven indefensos ante un Gobierno de Espa\u00f1a que en vez de defendernos nos ataca. No se puede jugar con el futuro de miles de familias. No est\u00e1n abocando directamente al desastre. Por eso hay que estar todos a una en este tema, porque si no las consecuencias las vamos a sufrir durante d\u00e9cadas. Aqu\u00ed no hablamos de tintes pol\u00edticos, aqu\u00ed estamos hablando de derechos y deberes, tanto para unos como para otros. Y es deber del Ejecutivo Central proteger los derechos de los espa\u00f1oles. Y eso, se\u00f1ores, no est\u00e1 sucediendo\u201d.<\/p>\n<p>Con este acto, se exige al Gobierno de Espa\u00f1a y al Ministerio para la Transici\u00f3n Ecol\u00f3gica y Reto Demogr\u00e1fico, la paralizaci\u00f3n inmediata de cualquier medida que suponga una reducci\u00f3n injustificada de los caudales trasvasables, y la apertura de un proceso de di\u00e1logo real con las comunidades aut\u00f3nomas, ayuntamientos, regantes y agentes sociales.<\/p>\n<p>Tambi\u00e9n los alcaldes que han participado han solicitado la creaci\u00f3n urgente de una Mesa Nacional del Agua, en la que se aborde un gran pacto de Estado para poner en marcha un Plan Hidrol\u00f3gico Nacional que garantice una gesti\u00f3n solidaria, t\u00e9cnica, sostenible y transparente de los recursos h\u00eddricos, atendiendo a las necesidades de todos los territorios.<\/p>\n<p>*El manifiesto ha sido le\u00eddo por diferentes perfiles profesionales: el actor Julio Navarro, el ciclista Luis Le\u00f3n S\u00e1nchez, el Decano del Colegio Ingenieros Caminos, Canales y Puertos de Murcia, Alejandro L\u00e1zaro; Miriam Fuertes Quintanilla, presidenta de la C\u00e1mara de Comercio de Murcia; Cristina Portillo Mu\u00f1oz, Directora del CEIP Nuestra Se\u00f1ora de la Arrixaca; Manuel Molina Boix, ex jefe del Servicio de Medicina Interna del Hospital Cl\u00ednico Universitario Virgen de la Arrixaca; Manuel Herrera Ros, Artista Multidisciplinar del Equipo Muher; Mar\u00eda Teresa Mar\u00edn Torres, Catedr\u00e1tica de Historia del Arte de la Universidad de Murcia, Directora del Museo Salzillo; Macarena Zapata S\u00e1nchez, nieta e hija de agricultores y trabajadora del sector agr\u00edcola; y Tati Garc\u00eda S\u00e1nchez, Periodista.<\/p>\n","protected":false},"excerpt":{"rendered":"<p>\u00c1REA LORCA RADIO. Agua. Lorca, 5 de junio de 2025. El alcalde de Lorca, Fulgencio Gil J\u00f3dar, ha manifestado su \u201cm\u00e1s absoluto rechazo a lo que supone un golpe directo a la econom\u00eda, al empleo y al futuro de Lorca. El cierre del Trasvase Tajo-Segura supondr\u00e1 un retroceso a todos los niveles, provocando la ruina [&hellip;]<\/p>\n","protected":false},"author":1,"featured_media":6846,"comment_status":"open","ping_status":"open","sticky":false,"template":"","format":"standard","meta":{"iawp_total_views":5,"footnotes":""},"categories":[5,7],"tags":[],"class_list":["post-6845","post","type-post","status-publish","format-standard","has-post-thumbnail","hentry","category-actualidad","category-lorca"],"yoast_head":"<!-- This site is optimized with the Yoast SEO plugin v27.5 - https:\/\/yoast.com\/product\/yoast-seo-wordpress\/ -->\n<title>Fulgencio Gil: \u201cEl cierre del Trasvase Tajo-Segura va a ser la mayor equivocaci\u00f3n medioambiental en la historia de Espa\u00f1a. Es un error de bulto por parte del Estado\u201d - AREA LORCA RADIO<\/title>\n<meta name=\"robots\" content=\"index, follow, max-snippet:-1, max-image-preview:large, max-video-preview:-1\" \/>\n<link rel=\"canonical\" href=\"https:\/\/arealorcaradio.es\/index.php\/2025\/06\/05\/fulgencio-gil-el-cierre-del-trasvase-tajo-segura-va-a-ser-la-mayor-equivocacion-medioambiental-en-la-historia-de-espana-es-un-error-de-bulto-por-parte-del-estado\/\" \/>\n<meta property=\"og:locale\" content=\"es_ES\" \/>\n<meta property=\"og:type\" content=\"article\" \/>\n<meta property=\"og:title\" content=\"Fulgencio Gil: \u201cEl cierre del Trasvase Tajo-Segura va a ser la mayor equivocaci\u00f3n medioambiental en la historia de Espa\u00f1a. Es un error de bulto por parte del Estado\u201d - AREA LORCA RADIO\" \/>\n<meta property=\"og:description\" content=\"\u00c1REA LORCA RADIO. Agua. Lorca, 5 de junio de 2025. El alcalde de Lorca, Fulgencio Gil J\u00f3dar, ha manifestado su \u201cm\u00e1s absoluto rechazo a lo que supone un golpe directo a la econom\u00eda, al empleo y al futuro de Lorca. El cierre del Trasvase Tajo-Segura supondr\u00e1 un retroceso a todos los niveles, provocando la ruina [&hellip;]\" \/>\n<meta property=\"og:url\" content=\"https:\/\/arealorcaradio.es\/index.php\/2025\/06\/05\/fulgencio-gil-el-cierre-del-trasvase-tajo-segura-va-a-ser-la-mayor-equivocacion-medioambiental-en-la-historia-de-espana-es-un-error-de-bulto-por-parte-del-estado\/\" \/>\n<meta property=\"og:site_name\" content=\"AREA LORCA RADIO\" \/>\n<meta property=\"article:published_time\" content=\"2025-06-05T10:39:56+00:00\" \/>\n<meta property=\"og:image\" content=\"https:\/\/arealorcaradio.es\/wp-content\/uploads\/2025\/06\/foto1-29.jpeg\" \/>\n\t<meta property=\"og:image:width\" content=\"2048\" \/>\n\t<meta property=\"og:image:height\" content=\"1536\" \/>\n\t<meta property=\"og:image:type\" content=\"image\/jpeg\" \/>\n<meta name=\"author\" content=\"Paco S\u00e1nchez\" \/>\n<meta name=\"twitter:card\" content=\"summary_large_image\" \/>\n<meta name=\"twitter:label1\" content=\"Escrito por\" \/>\n\t<meta name=\"twitter:data1\" content=\"Paco S\u00e1nchez\" \/>\n\t<meta name=\"twitter:label2\" content=\"Tiempo de lectura\" \/>\n\t<meta name=\"twitter:data2\" content=\"6 minutos\" \/>\n<script type=\"application\/ld+json\" class=\"yoast-schema-graph\">{\"@context\":\"https:\\\/\\\/schema.org\",\"@graph\":[{\"@type\":\"Article\",\"@id\":\"https:\\\/\\\/arealorcaradio.es\\\/index.php\\\/2025\\\/06\\\/05\\\/fulgencio-gil-el-cierre-del-trasvase-tajo-segura-va-a-ser-la-mayor-equivocacion-medioambiental-en-la-historia-de-espana-es-un-error-de-bulto-por-parte-del-estado\\\/#article\",\"isPartOf\":{\"@id\":\"https:\\\/\\\/arealorcaradio.es\\\/index.php\\\/2025\\\/06\\\/05\\\/fulgencio-gil-el-cierre-del-trasvase-tajo-segura-va-a-ser-la-mayor-equivocacion-medioambiental-en-la-historia-de-espana-es-un-error-de-bulto-por-parte-del-estado\\\/\"},\"author\":{\"name\":\"Paco S\u00e1nchez\",\"@id\":\"https:\\\/\\\/arealorcaradio.es\\\/#\\\/schema\\\/person\\\/9fae605fc25b0f2c83c1ab207139bd27\"},\"headline\":\"Fulgencio Gil: \u201cEl cierre del Trasvase Tajo-Segura va a ser la mayor equivocaci\u00f3n medioambiental en la historia de Espa\u00f1a. Es un error de bulto por parte del Estado\u201d\",\"datePublished\":\"2025-06-05T10:39:56+00:00\",\"mainEntityOfPage\":{\"@id\":\"https:\\\/\\\/arealorcaradio.es\\\/index.php\\\/2025\\\/06\\\/05\\\/fulgencio-gil-el-cierre-del-trasvase-tajo-segura-va-a-ser-la-mayor-equivocacion-medioambiental-en-la-historia-de-espana-es-un-error-de-bulto-por-parte-del-estado\\\/\"},\"wordCount\":1080,\"commentCount\":0,\"image\":{\"@id\":\"https:\\\/\\\/arealorcaradio.es\\\/index.php\\\/2025\\\/06\\\/05\\\/fulgencio-gil-el-cierre-del-trasvase-tajo-segura-va-a-ser-la-mayor-equivocacion-medioambiental-en-la-historia-de-espana-es-un-error-de-bulto-por-parte-del-estado\\\/#primaryimage\"},\"thumbnailUrl\":\"https:\\\/\\\/arealorcaradio.es\\\/wp-content\\\/uploads\\\/2025\\\/06\\\/foto1-29.jpeg\",\"articleSection\":[\"ACTUALIDAD\",\"LORCA\"],\"inLanguage\":\"es\",\"potentialAction\":[{\"@type\":\"CommentAction\",\"name\":\"Comment\",\"target\":[\"https:\\\/\\\/arealorcaradio.es\\\/index.php\\\/2025\\\/06\\\/05\\\/fulgencio-gil-el-cierre-del-trasvase-tajo-segura-va-a-ser-la-mayor-equivocacion-medioambiental-en-la-historia-de-espana-es-un-error-de-bulto-por-parte-del-estado\\\/#respond\"]}]},{\"@type\":\"WebPage\",\"@id\":\"https:\\\/\\\/arealorcaradio.es\\\/index.php\\\/2025\\\/06\\\/05\\\/fulgencio-gil-el-cierre-del-trasvase-tajo-segura-va-a-ser-la-mayor-equivocacion-medioambiental-en-la-historia-de-espana-es-un-error-de-bulto-por-parte-del-estado\\\/\",\"url\":\"https:\\\/\\\/arealorcaradio.es\\\/index.php\\\/2025\\\/06\\\/05\\\/fulgencio-gil-el-cierre-del-trasvase-tajo-segura-va-a-ser-la-mayor-equivocacion-medioambiental-en-la-historia-de-espana-es-un-error-de-bulto-por-parte-del-estado\\\/\",\"name\":\"Fulgencio Gil: \u201cEl cierre del Trasvase Tajo-Segura va a ser la mayor equivocaci\u00f3n medioambiental en la historia de Espa\u00f1a. Es un error de bulto por parte del Estado\u201d - AREA LORCA RADIO\",\"isPartOf\":{\"@id\":\"https:\\\/\\\/arealorcaradio.es\\\/#website\"},\"primaryImageOfPage\":{\"@id\":\"https:\\\/\\\/arealorcaradio.es\\\/index.php\\\/2025\\\/06\\\/05\\\/fulgencio-gil-el-cierre-del-trasvase-tajo-segura-va-a-ser-la-mayor-equivocacion-medioambiental-en-la-historia-de-espana-es-un-error-de-bulto-por-parte-del-estado\\\/#primaryimage\"},\"image\":{\"@id\":\"https:\\\/\\\/arealorcaradio.es\\\/index.php\\\/2025\\\/06\\\/05\\\/fulgencio-gil-el-cierre-del-trasvase-tajo-segura-va-a-ser-la-mayor-equivocacion-medioambiental-en-la-historia-de-espana-es-un-error-de-bulto-por-parte-del-estado\\\/#primaryimage\"},\"thumbnailUrl\":\"https:\\\/\\\/arealorcaradio.es\\\/wp-content\\\/uploads\\\/2025\\\/06\\\/foto1-29.jpeg\",\"datePublished\":\"2025-06-05T10:39:56+00:00\",\"author\":{\"@id\":\"https:\\\/\\\/arealorcaradio.es\\\/#\\\/schema\\\/person\\\/9fae605fc25b0f2c83c1ab207139bd27\"},\"breadcrumb\":{\"@id\":\"https:\\\/\\\/arealorcaradio.es\\\/index.php\\\/2025\\\/06\\\/05\\\/fulgencio-gil-el-cierre-del-trasvase-tajo-segura-va-a-ser-la-mayor-equivocacion-medioambiental-en-la-historia-de-espana-es-un-error-de-bulto-por-parte-del-estado\\\/#breadcrumb\"},\"inLanguage\":\"es\",\"potentialAction\":[{\"@type\":\"ReadAction\",\"target\":[\"https:\\\/\\\/arealorcaradio.es\\\/index.php\\\/2025\\\/06\\\/05\\\/fulgencio-gil-el-cierre-del-trasvase-tajo-segura-va-a-ser-la-mayor-equivocacion-medioambiental-en-la-historia-de-espana-es-un-error-de-bulto-por-parte-del-estado\\\/\"]}]},{\"@type\":\"ImageObject\",\"inLanguage\":\"es\",\"@id\":\"https:\\\/\\\/arealorcaradio.es\\\/index.php\\\/2025\\\/06\\\/05\\\/fulgencio-gil-el-cierre-del-trasvase-tajo-segura-va-a-ser-la-mayor-equivocacion-medioambiental-en-la-historia-de-espana-es-un-error-de-bulto-por-parte-del-estado\\\/#primaryimage\",\"url\":\"https:\\\/\\\/arealorcaradio.es\\\/wp-content\\\/uploads\\\/2025\\\/06\\\/foto1-29.jpeg\",\"contentUrl\":\"https:\\\/\\\/arealorcaradio.es\\\/wp-content\\\/uploads\\\/2025\\\/06\\\/foto1-29.jpeg\",\"width\":2048,\"height\":1536},{\"@type\":\"BreadcrumbList\",\"@id\":\"https:\\\/\\\/arealorcaradio.es\\\/index.php\\\/2025\\\/06\\\/05\\\/fulgencio-gil-el-cierre-del-trasvase-tajo-segura-va-a-ser-la-mayor-equivocacion-medioambiental-en-la-historia-de-espana-es-un-error-de-bulto-por-parte-del-estado\\\/#breadcrumb\",\"itemListElement\":[{\"@type\":\"ListItem\",\"position\":1,\"name\":\"Portada\",\"item\":\"https:\\\/\\\/arealorcaradio.es\\\/\"},{\"@type\":\"ListItem\",\"position\":2,\"name\":\"Fulgencio Gil: \u201cEl cierre del Trasvase Tajo-Segura va a ser la mayor equivocaci\u00f3n medioambiental en la historia de Espa\u00f1a. Es un error de bulto por parte del Estado\u201d\"}]},{\"@type\":\"WebSite\",\"@id\":\"https:\\\/\\\/arealorcaradio.es\\\/#website\",\"url\":\"https:\\\/\\\/arealorcaradio.es\\\/\",\"name\":\"AREA LORCA RADIO\",\"description\":\"Descubre la programaci\u00f3n actual en \u00c1rea Lorca Radio, tu fuente de entrenamiento y noticias locales. Sintoniza ahora y mantente conectado online.\",\"potentialAction\":[{\"@type\":\"SearchAction\",\"target\":{\"@type\":\"EntryPoint\",\"urlTemplate\":\"https:\\\/\\\/arealorcaradio.es\\\/?s={search_term_string}\"},\"query-input\":{\"@type\":\"PropertyValueSpecification\",\"valueRequired\":true,\"valueName\":\"search_term_string\"}}],\"inLanguage\":\"es\"},{\"@type\":\"Person\",\"@id\":\"https:\\\/\\\/arealorcaradio.es\\\/#\\\/schema\\\/person\\\/9fae605fc25b0f2c83c1ab207139bd27\",\"name\":\"Paco S\u00e1nchez\",\"image\":{\"@type\":\"ImageObject\",\"inLanguage\":\"es\",\"@id\":\"https:\\\/\\\/secure.gravatar.com\\\/avatar\\\/d67144e966420fb74aa84c9f2a0103be4724fd14db52b52d3b6bca749f257e79?s=96&d=mm&r=g\",\"url\":\"https:\\\/\\\/secure.gravatar.com\\\/avatar\\\/d67144e966420fb74aa84c9f2a0103be4724fd14db52b52d3b6bca749f257e79?s=96&d=mm&r=g\",\"contentUrl\":\"https:\\\/\\\/secure.gravatar.com\\\/avatar\\\/d67144e966420fb74aa84c9f2a0103be4724fd14db52b52d3b6bca749f257e79?s=96&d=mm&r=g\",\"caption\":\"Paco S\u00e1nchez\"},\"sameAs\":[\"https:\\\/\\\/arealorcaradio.es\"],\"url\":\"https:\\\/\\\/arealorcaradio.es\\\/index.php\\\/author\\\/admin_alorcaradio\\\/\"}]}<\/script>\n<!-- \/ Yoast SEO plugin. -->","yoast_head_json":{"title":"Fulgencio Gil: \u201cEl cierre del Trasvase Tajo-Segura va a ser la mayor equivocaci\u00f3n medioambiental en la historia de Espa\u00f1a. Es un error de bulto por parte del Estado\u201d - AREA LORCA RADIO","robots":{"index":"index","follow":"follow","max-snippet":"max-snippet:-1","max-image-preview":"max-image-preview:large","max-video-preview":"max-video-preview:-1"},"canonical":"https:\/\/arealorcaradio.es\/index.php\/2025\/06\/05\/fulgencio-gil-el-cierre-del-trasvase-tajo-segura-va-a-ser-la-mayor-equivocacion-medioambiental-en-la-historia-de-espana-es-un-error-de-bulto-por-parte-del-estado\/","og_locale":"es_ES","og_type":"article","og_title":"Fulgencio Gil: \u201cEl cierre del Trasvase Tajo-Segura va a ser la mayor equivocaci\u00f3n medioambiental en la historia de Espa\u00f1a. Es un error de bulto por parte del Estado\u201d - AREA LORCA RADIO","og_description":"\u00c1REA LORCA RADIO. Agua. Lorca, 5 de junio de 2025. El alcalde de Lorca, Fulgencio Gil J\u00f3dar, ha manifestado su \u201cm\u00e1s absoluto rechazo a lo que supone un golpe directo a la econom\u00eda, al empleo y al futuro de Lorca. El cierre del Trasvase Tajo-Segura supondr\u00e1 un retroceso a todos los niveles, provocando la ruina [&hellip;]","og_url":"https:\/\/arealorcaradio.es\/index.php\/2025\/06\/05\/fulgencio-gil-el-cierre-del-trasvase-tajo-segura-va-a-ser-la-mayor-equivocacion-medioambiental-en-la-historia-de-espana-es-un-error-de-bulto-por-parte-del-estado\/","og_site_name":"AREA LORCA RADIO","article_published_time":"2025-06-05T10:39:56+00:00","og_image":[{"width":2048,"height":1536,"url":"https:\/\/arealorcaradio.es\/wp-content\/uploads\/2025\/06\/foto1-29.jpeg","type":"image\/jpeg"}],"author":"Paco S\u00e1nchez","twitter_card":"summary_large_image","twitter_misc":{"Escrito por":"Paco S\u00e1nchez","Tiempo de lectura":"6 minutos"},"schema":{"@context":"https:\/\/schema.org","@graph":[{"@type":"Article","@id":"https:\/\/arealorcaradio.es\/index.php\/2025\/06\/05\/fulgencio-gil-el-cierre-del-trasvase-tajo-segura-va-a-ser-la-mayor-equivocacion-medioambiental-en-la-historia-de-espana-es-un-error-de-bulto-por-parte-del-estado\/#article","isPartOf":{"@id":"https:\/\/arealorcaradio.es\/index.php\/2025\/06\/05\/fulgencio-gil-el-cierre-del-trasvase-tajo-segura-va-a-ser-la-mayor-equivocacion-medioambiental-en-la-historia-de-espana-es-un-error-de-bulto-por-parte-del-estado\/"},"author":{"name":"Paco S\u00e1nchez","@id":"https:\/\/arealorcaradio.es\/#\/schema\/person\/9fae605fc25b0f2c83c1ab207139bd27"},"headline":"Fulgencio Gil: \u201cEl cierre del Trasvase Tajo-Segura va a ser la mayor equivocaci\u00f3n medioambiental en la historia de Espa\u00f1a. Es un error de bulto por parte del Estado\u201d","datePublished":"2025-06-05T10:39:56+00:00","mainEntityOfPage":{"@id":"https:\/\/arealorcaradio.es\/index.php\/2025\/06\/05\/fulgencio-gil-el-cierre-del-trasvase-tajo-segura-va-a-ser-la-mayor-equivocacion-medioambiental-en-la-historia-de-espana-es-un-error-de-bulto-por-parte-del-estado\/"},"wordCount":1080,"commentCount":0,"image":{"@id":"https:\/\/arealorcaradio.es\/index.php\/2025\/06\/05\/fulgencio-gil-el-cierre-del-trasvase-tajo-segura-va-a-ser-la-mayor-equivocacion-medioambiental-en-la-historia-de-espana-es-un-error-de-bulto-por-parte-del-estado\/#primaryimage"},"thumbnailUrl":"https:\/\/arealorcaradio.es\/wp-content\/uploads\/2025\/06\/foto1-29.jpeg","articleSection":["ACTUALIDAD","LORCA"],"inLanguage":"es","potentialAction":[{"@type":"CommentAction","name":"Comment","target":["https:\/\/arealorcaradio.es\/index.php\/2025\/06\/05\/fulgencio-gil-el-cierre-del-trasvase-tajo-segura-va-a-ser-la-mayor-equivocacion-medioambiental-en-la-historia-de-espana-es-un-error-de-bulto-por-parte-del-estado\/#respond"]}]},{"@type":"WebPage","@id":"https:\/\/arealorcaradio.es\/index.php\/2025\/06\/05\/fulgencio-gil-el-cierre-del-trasvase-tajo-segura-va-a-ser-la-mayor-equivocacion-medioambiental-en-la-historia-de-espana-es-un-error-de-bulto-por-parte-del-estado\/","url":"https:\/\/arealorcaradio.es\/index.php\/2025\/06\/05\/fulgencio-gil-el-cierre-del-trasvase-tajo-segura-va-a-ser-la-mayor-equivocacion-medioambiental-en-la-historia-de-espana-es-un-error-de-bulto-por-parte-del-estado\/","name":"Fulgencio Gil: \u201cEl cierre del Trasvase Tajo-Segura va a ser la mayor equivocaci\u00f3n medioambiental en la historia de Espa\u00f1a. Es un error de bulto por parte del Estado\u201d - AREA LORCA RADIO","isPartOf":{"@id":"https:\/\/arealorcaradio.es\/#website"},"primaryImageOfPage":{"@id":"https:\/\/arealorcaradio.es\/index.php\/2025\/06\/05\/fulgencio-gil-el-cierre-del-trasvase-tajo-segura-va-a-ser-la-mayor-equivocacion-medioambiental-en-la-historia-de-espana-es-un-error-de-bulto-por-parte-del-estado\/#primaryimage"},"image":{"@id":"https:\/\/arealorcaradio.es\/index.php\/2025\/06\/05\/fulgencio-gil-el-cierre-del-trasvase-tajo-segura-va-a-ser-la-mayor-equivocacion-medioambiental-en-la-historia-de-espana-es-un-error-de-bulto-por-parte-del-estado\/#primaryimage"},"thumbnailUrl":"https:\/\/arealorcaradio.es\/wp-content\/uploads\/2025\/06\/foto1-29.jpeg","datePublished":"2025-06-05T10:39:56+00:00","author":{"@id":"https:\/\/arealorcaradio.es\/#\/schema\/person\/9fae605fc25b0f2c83c1ab207139bd27"},"breadcrumb":{"@id":"https:\/\/arealorcaradio.es\/index.php\/2025\/06\/05\/fulgencio-gil-el-cierre-del-trasvase-tajo-segura-va-a-ser-la-mayor-equivocacion-medioambiental-en-la-historia-de-espana-es-un-error-de-bulto-por-parte-del-estado\/#breadcrumb"},"inLanguage":"es","potentialAction":[{"@type":"ReadAction","target":["https:\/\/arealorcaradio.es\/index.php\/2025\/06\/05\/fulgencio-gil-el-cierre-del-trasvase-tajo-segura-va-a-ser-la-mayor-equivocacion-medioambiental-en-la-historia-de-espana-es-un-error-de-bulto-por-parte-del-estado\/"]}]},{"@type":"ImageObject","inLanguage":"es","@id":"https:\/\/arealorcaradio.es\/index.php\/2025\/06\/05\/fulgencio-gil-el-cierre-del-trasvase-tajo-segura-va-a-ser-la-mayor-equivocacion-medioambiental-en-la-historia-de-espana-es-un-error-de-bulto-por-parte-del-estado\/#primaryimage","url":"https:\/\/arealorcaradio.es\/wp-content\/uploads\/2025\/06\/foto1-29.jpeg","contentUrl":"https:\/\/arealorcaradio.es\/wp-content\/uploads\/2025\/06\/foto1-29.jpeg","width":2048,"height":1536},{"@type":"BreadcrumbList","@id":"https:\/\/arealorcaradio.es\/index.php\/2025\/06\/05\/fulgencio-gil-el-cierre-del-trasvase-tajo-segura-va-a-ser-la-mayor-equivocacion-medioambiental-en-la-historia-de-espana-es-un-error-de-bulto-por-parte-del-estado\/#breadcrumb","itemListElement":[{"@type":"ListItem","position":1,"name":"Portada","item":"https:\/\/arealorcaradio.es\/"},{"@type":"ListItem","position":2,"name":"Fulgencio Gil: \u201cEl cierre del Trasvase Tajo-Segura va a ser la mayor equivocaci\u00f3n medioambiental en la historia de Espa\u00f1a. Es un error de bulto por parte del Estado\u201d"}]},{"@type":"WebSite","@id":"https:\/\/arealorcaradio.es\/#website","url":"https:\/\/arealorcaradio.es\/","name":"AREA LORCA RADIO","description":"Descubre la programaci\u00f3n actual en \u00c1rea Lorca Radio, tu fuente de entrenamiento y noticias locales. Sintoniza ahora y mantente conectado online.","potentialAction":[{"@type":"SearchAction","target":{"@type":"EntryPoint","urlTemplate":"https:\/\/arealorcaradio.es\/?s={search_term_string}"},"query-input":{"@type":"PropertyValueSpecification","valueRequired":true,"valueName":"search_term_string"}}],"inLanguage":"es"},{"@type":"Person","@id":"https:\/\/arealorcaradio.es\/#\/schema\/person\/9fae605fc25b0f2c83c1ab207139bd27","name":"Paco S\u00e1nchez","image":{"@type":"ImageObject","inLanguage":"es","@id":"https:\/\/secure.gravatar.com\/avatar\/d67144e966420fb74aa84c9f2a0103be4724fd14db52b52d3b6bca749f257e79?s=96&d=mm&r=g","url":"https:\/\/secure.gravatar.com\/avatar\/d67144e966420fb74aa84c9f2a0103be4724fd14db52b52d3b6bca749f257e79?s=96&d=mm&r=g","contentUrl":"https:\/\/secure.gravatar.com\/avatar\/d67144e966420fb74aa84c9f2a0103be4724fd14db52b52d3b6bca749f257e79?s=96&d=mm&r=g","caption":"Paco S\u00e1nchez"},"sameAs":["https:\/\/arealorcaradio.es"],"url":"https:\/\/arealorcaradio.es\/index.php\/author\/admin_alorcaradio\/"}]}},"_links":{"self":[{"href":"https:\/\/arealorcaradio.es\/index.php\/wp-json\/wp\/v2\/posts\/6845","targetHints":{"allow":["GET"]}}],"collection":[{"href":"https:\/\/arealorcaradio.es\/index.php\/wp-json\/wp\/v2\/posts"}],"about":[{"href":"https:\/\/arealorcaradio.es\/index.php\/wp-json\/wp\/v2\/types\/post"}],"author":[{"embeddable":true,"href":"https:\/\/arealorcaradio.es\/index.php\/wp-json\/wp\/v2\/users\/1"}],"replies":[{"embeddable":true,"href":"https:\/\/arealorcaradio.es\/index.php\/wp-json\/wp\/v2\/comments?post=6845"}],"version-history":[{"count":2,"href":"https:\/\/arealorcaradio.es\/index.php\/wp-json\/wp\/v2\/posts\/6845\/revisions"}],"predecessor-version":[{"id":6851,"href":"https:\/\/arealorcaradio.es\/index.php\/wp-json\/wp\/v2\/posts\/6845\/revisions\/6851"}],"wp:featuredmedia":[{"embeddable":true,"href":"https:\/\/arealorcaradio.es\/index.php\/wp-json\/wp\/v2\/media\/6846"}],"wp:attachment":[{"href":"https:\/\/arealorcaradio.es\/index.php\/wp-json\/wp\/v2\/media?parent=6845"}],"wp:term":[{"taxonomy":"category","embeddable":true,"href":"https:\/\/arealorcaradio.es\/index.php\/wp-json\/wp\/v2\/categories?post=6845"},{"taxonomy":"post_tag","embeddable":true,"href":"https:\/\/arealorcaradio.es\/index.php\/wp-json\/wp\/v2\/tags?post=6845"}],"curies":[{"name":"wp","href":"https:\/\/api.w.org\/{rel}","templated":true}]}}