{"id":6811,"date":"2025-06-03T18:03:55","date_gmt":"2025-06-03T18:03:55","guid":{"rendered":"https:\/\/arealorcaradio.es\/?p=6811"},"modified":"2025-06-03T18:03:55","modified_gmt":"2025-06-03T18:03:55","slug":"el-corto-la-mort-del-director-lorquino-jesus-martinez-nota-consigue-la-calificacion-para-los-premios-goya","status":"publish","type":"post","link":"https:\/\/arealorcaradio.es\/index.php\/2025\/06\/03\/el-corto-la-mort-del-director-lorquino-jesus-martinez-nota-consigue-la-calificacion-para-los-premios-goya\/","title":{"rendered":"El corto \u00abLa Mort\u00bb del director lorquino Jes\u00fas Mart\u00ednez \u00abNota\u00bb consigue la calificaci\u00f3n para los Premios Goya"},"content":{"rendered":"<p><strong>\u00c1REA LORCA RADIO. Cultura.<\/strong><\/p>\n<p>Escucha aqu\u00ed la entrevista que ha concedido el cineasta Jes\u00fas Mart\u00ednez \u00abNota\u00bb a Paco S\u00e1nchez en el magazine de \u00c1rea Lorca Radio. Reci\u00e9n llegado de tierras c\u00e1ntabras nos ha contado que en poco m\u00e1s de una a\u00f1o han sido quince los galardones que ha recibido el corto \u00abLa Mort\u00bb, este \u00faltimo dotado con un premio de 5.000 euros. Con este premio, el corto de Jes\u00fas Mart\u00ednez \u00abNota\u00bb ha conseguido la calificaci\u00f3n directa para los Premios Goya.<\/p>\n<audio class=\"wp-audio-shortcode\" id=\"audio-6811-1\" preload=\"none\" style=\"width: 100%;\" controls=\"controls\"><source type=\"audio\/mpeg\" src=\"https:\/\/arealorcaradio.es\/wp-content\/uploads\/2025\/06\/030625-JESUS-MARTINEZ-NOTA.-LA-MORT.mp3?_=1\" \/><a href=\"https:\/\/arealorcaradio.es\/wp-content\/uploads\/2025\/06\/030625-JESUS-MARTINEZ-NOTA.-LA-MORT.mp3\">https:\/\/arealorcaradio.es\/wp-content\/uploads\/2025\/06\/030625-JESUS-MARTINEZ-NOTA.-LA-MORT.mp3<\/a><\/audio>\n<p><img loading=\"lazy\" decoding=\"async\" class=\"alignnone size-medium wp-image-6816\" src=\"https:\/\/arealorcaradio.es\/wp-content\/uploads\/2025\/06\/IMG-20250603-WA0039-300x200.jpg\" alt=\"\" width=\"300\" height=\"200\" srcset=\"https:\/\/arealorcaradio.es\/wp-content\/uploads\/2025\/06\/IMG-20250603-WA0039-300x200.jpg 300w, https:\/\/arealorcaradio.es\/wp-content\/uploads\/2025\/06\/IMG-20250603-WA0039-1024x683.jpg 1024w, https:\/\/arealorcaradio.es\/wp-content\/uploads\/2025\/06\/IMG-20250603-WA0039-768x512.jpg 768w, https:\/\/arealorcaradio.es\/wp-content\/uploads\/2025\/06\/IMG-20250603-WA0039-1536x1024.jpg 1536w, https:\/\/arealorcaradio.es\/wp-content\/uploads\/2025\/06\/IMG-20250603-WA0039.jpg 1600w\" sizes=\"auto, (max-width: 300px) 100vw, 300px\" \/>\u00a0<img loading=\"lazy\" decoding=\"async\" class=\"alignnone wp-image-6814\" src=\"https:\/\/arealorcaradio.es\/wp-content\/uploads\/2025\/06\/20250603_172233-300x225.jpg\" alt=\"\" width=\"265\" height=\"199\" srcset=\"https:\/\/arealorcaradio.es\/wp-content\/uploads\/2025\/06\/20250603_172233-300x225.jpg 300w, https:\/\/arealorcaradio.es\/wp-content\/uploads\/2025\/06\/20250603_172233-1024x768.jpg 1024w, https:\/\/arealorcaradio.es\/wp-content\/uploads\/2025\/06\/20250603_172233-768x576.jpg 768w, https:\/\/arealorcaradio.es\/wp-content\/uploads\/2025\/06\/20250603_172233-1536x1152.jpg 1536w, https:\/\/arealorcaradio.es\/wp-content\/uploads\/2025\/06\/20250603_172233-2048x1536.jpg 2048w, https:\/\/arealorcaradio.es\/wp-content\/uploads\/2025\/06\/20250603_172233-86x64.jpg 86w\" sizes=\"auto, (max-width: 265px) 100vw, 265px\" \/><\/p>\n","protected":false},"excerpt":{"rendered":"<p>\u00c1REA LORCA RADIO. Cultura. Escucha aqu\u00ed la entrevista que ha concedido el cineasta Jes\u00fas Mart\u00ednez \u00abNota\u00bb a Paco S\u00e1nchez en el magazine de \u00c1rea Lorca Radio. Reci\u00e9n llegado de tierras c\u00e1ntabras nos ha contado que en poco m\u00e1s de una a\u00f1o han sido quince los galardones que ha recibido el corto \u00abLa Mort\u00bb, este \u00faltimo [&hellip;]<\/p>\n","protected":false},"author":1,"featured_media":6813,"comment_status":"open","ping_status":"open","sticky":false,"template":"","format":"standard","meta":{"iawp_total_views":54,"footnotes":""},"categories":[5,7],"tags":[],"class_list":["post-6811","post","type-post","status-publish","format-standard","has-post-thumbnail","hentry","category-actualidad","category-lorca"],"yoast_head":"<!-- This site is optimized with the Yoast SEO plugin v27.5 - https:\/\/yoast.com\/product\/yoast-seo-wordpress\/ -->\n<title>El corto &quot;La Mort&quot; del director lorquino Jes\u00fas Mart\u00ednez &quot;Nota&quot; consigue la calificaci\u00f3n para los Premios Goya - AREA LORCA RADIO<\/title>\n<meta name=\"robots\" content=\"index, follow, max-snippet:-1, max-image-preview:large, max-video-preview:-1\" \/>\n<link rel=\"canonical\" href=\"https:\/\/arealorcaradio.es\/index.php\/2025\/06\/03\/el-corto-la-mort-del-director-lorquino-jesus-martinez-nota-consigue-la-calificacion-para-los-premios-goya\/\" \/>\n<meta property=\"og:locale\" content=\"es_ES\" \/>\n<meta property=\"og:type\" content=\"article\" \/>\n<meta property=\"og:title\" content=\"El corto &quot;La Mort&quot; del director lorquino Jes\u00fas Mart\u00ednez &quot;Nota&quot; consigue la calificaci\u00f3n para los Premios Goya - AREA LORCA RADIO\" \/>\n<meta property=\"og:description\" content=\"\u00c1REA LORCA RADIO. Cultura. Escucha aqu\u00ed la entrevista que ha concedido el cineasta Jes\u00fas Mart\u00ednez \u00abNota\u00bb a Paco S\u00e1nchez en el magazine de \u00c1rea Lorca Radio. Reci\u00e9n llegado de tierras c\u00e1ntabras nos ha contado que en poco m\u00e1s de una a\u00f1o han sido quince los galardones que ha recibido el corto \u00abLa Mort\u00bb, este \u00faltimo [&hellip;]\" \/>\n<meta property=\"og:url\" content=\"https:\/\/arealorcaradio.es\/index.php\/2025\/06\/03\/el-corto-la-mort-del-director-lorquino-jesus-martinez-nota-consigue-la-calificacion-para-los-premios-goya\/\" \/>\n<meta property=\"og:site_name\" content=\"AREA LORCA RADIO\" \/>\n<meta property=\"article:published_time\" content=\"2025-06-03T18:03:55+00:00\" \/>\n<meta property=\"og:image\" content=\"https:\/\/arealorcaradio.es\/wp-content\/uploads\/2025\/06\/20250603_172215-scaled.jpg\" \/>\n\t<meta property=\"og:image:width\" content=\"2560\" \/>\n\t<meta property=\"og:image:height\" content=\"1920\" \/>\n\t<meta property=\"og:image:type\" content=\"image\/jpeg\" \/>\n<meta name=\"author\" content=\"Paco S\u00e1nchez\" \/>\n<meta name=\"twitter:card\" content=\"summary_large_image\" \/>\n<meta name=\"twitter:label1\" content=\"Escrito por\" \/>\n\t<meta name=\"twitter:data1\" content=\"Paco S\u00e1nchez\" \/>\n\t<meta name=\"twitter:label2\" content=\"Tiempo de lectura\" \/>\n\t<meta name=\"twitter:data2\" content=\"1 minuto\" \/>\n<script type=\"application\/ld+json\" class=\"yoast-schema-graph\">{\"@context\":\"https:\\\/\\\/schema.org\",\"@graph\":[{\"@type\":\"Article\",\"@id\":\"https:\\\/\\\/arealorcaradio.es\\\/index.php\\\/2025\\\/06\\\/03\\\/el-corto-la-mort-del-director-lorquino-jesus-martinez-nota-consigue-la-calificacion-para-los-premios-goya\\\/#article\",\"isPartOf\":{\"@id\":\"https:\\\/\\\/arealorcaradio.es\\\/index.php\\\/2025\\\/06\\\/03\\\/el-corto-la-mort-del-director-lorquino-jesus-martinez-nota-consigue-la-calificacion-para-los-premios-goya\\\/\"},\"author\":{\"name\":\"Paco S\u00e1nchez\",\"@id\":\"https:\\\/\\\/arealorcaradio.es\\\/#\\\/schema\\\/person\\\/9fae605fc25b0f2c83c1ab207139bd27\"},\"headline\":\"El corto \u00abLa Mort\u00bb del director lorquino Jes\u00fas Mart\u00ednez \u00abNota\u00bb consigue la calificaci\u00f3n para los Premios Goya\",\"datePublished\":\"2025-06-03T18:03:55+00:00\",\"mainEntityOfPage\":{\"@id\":\"https:\\\/\\\/arealorcaradio.es\\\/index.php\\\/2025\\\/06\\\/03\\\/el-corto-la-mort-del-director-lorquino-jesus-martinez-nota-consigue-la-calificacion-para-los-premios-goya\\\/\"},\"wordCount\":120,\"commentCount\":0,\"image\":{\"@id\":\"https:\\\/\\\/arealorcaradio.es\\\/index.php\\\/2025\\\/06\\\/03\\\/el-corto-la-mort-del-director-lorquino-jesus-martinez-nota-consigue-la-calificacion-para-los-premios-goya\\\/#primaryimage\"},\"thumbnailUrl\":\"https:\\\/\\\/arealorcaradio.es\\\/wp-content\\\/uploads\\\/2025\\\/06\\\/20250603_172215-scaled.jpg\",\"articleSection\":[\"ACTUALIDAD\",\"LORCA\"],\"inLanguage\":\"es\",\"potentialAction\":[{\"@type\":\"CommentAction\",\"name\":\"Comment\",\"target\":[\"https:\\\/\\\/arealorcaradio.es\\\/index.php\\\/2025\\\/06\\\/03\\\/el-corto-la-mort-del-director-lorquino-jesus-martinez-nota-consigue-la-calificacion-para-los-premios-goya\\\/#respond\"]}]},{\"@type\":\"WebPage\",\"@id\":\"https:\\\/\\\/arealorcaradio.es\\\/index.php\\\/2025\\\/06\\\/03\\\/el-corto-la-mort-del-director-lorquino-jesus-martinez-nota-consigue-la-calificacion-para-los-premios-goya\\\/\",\"url\":\"https:\\\/\\\/arealorcaradio.es\\\/index.php\\\/2025\\\/06\\\/03\\\/el-corto-la-mort-del-director-lorquino-jesus-martinez-nota-consigue-la-calificacion-para-los-premios-goya\\\/\",\"name\":\"El corto \\\"La Mort\\\" del director lorquino Jes\u00fas Mart\u00ednez \\\"Nota\\\" consigue la calificaci\u00f3n para los Premios Goya - AREA LORCA RADIO\",\"isPartOf\":{\"@id\":\"https:\\\/\\\/arealorcaradio.es\\\/#website\"},\"primaryImageOfPage\":{\"@id\":\"https:\\\/\\\/arealorcaradio.es\\\/index.php\\\/2025\\\/06\\\/03\\\/el-corto-la-mort-del-director-lorquino-jesus-martinez-nota-consigue-la-calificacion-para-los-premios-goya\\\/#primaryimage\"},\"image\":{\"@id\":\"https:\\\/\\\/arealorcaradio.es\\\/index.php\\\/2025\\\/06\\\/03\\\/el-corto-la-mort-del-director-lorquino-jesus-martinez-nota-consigue-la-calificacion-para-los-premios-goya\\\/#primaryimage\"},\"thumbnailUrl\":\"https:\\\/\\\/arealorcaradio.es\\\/wp-content\\\/uploads\\\/2025\\\/06\\\/20250603_172215-scaled.jpg\",\"datePublished\":\"2025-06-03T18:03:55+00:00\",\"author\":{\"@id\":\"https:\\\/\\\/arealorcaradio.es\\\/#\\\/schema\\\/person\\\/9fae605fc25b0f2c83c1ab207139bd27\"},\"breadcrumb\":{\"@id\":\"https:\\\/\\\/arealorcaradio.es\\\/index.php\\\/2025\\\/06\\\/03\\\/el-corto-la-mort-del-director-lorquino-jesus-martinez-nota-consigue-la-calificacion-para-los-premios-goya\\\/#breadcrumb\"},\"inLanguage\":\"es\",\"potentialAction\":[{\"@type\":\"ReadAction\",\"target\":[\"https:\\\/\\\/arealorcaradio.es\\\/index.php\\\/2025\\\/06\\\/03\\\/el-corto-la-mort-del-director-lorquino-jesus-martinez-nota-consigue-la-calificacion-para-los-premios-goya\\\/\"]}]},{\"@type\":\"ImageObject\",\"inLanguage\":\"es\",\"@id\":\"https:\\\/\\\/arealorcaradio.es\\\/index.php\\\/2025\\\/06\\\/03\\\/el-corto-la-mort-del-director-lorquino-jesus-martinez-nota-consigue-la-calificacion-para-los-premios-goya\\\/#primaryimage\",\"url\":\"https:\\\/\\\/arealorcaradio.es\\\/wp-content\\\/uploads\\\/2025\\\/06\\\/20250603_172215-scaled.jpg\",\"contentUrl\":\"https:\\\/\\\/arealorcaradio.es\\\/wp-content\\\/uploads\\\/2025\\\/06\\\/20250603_172215-scaled.jpg\",\"width\":2560,\"height\":1920},{\"@type\":\"BreadcrumbList\",\"@id\":\"https:\\\/\\\/arealorcaradio.es\\\/index.php\\\/2025\\\/06\\\/03\\\/el-corto-la-mort-del-director-lorquino-jesus-martinez-nota-consigue-la-calificacion-para-los-premios-goya\\\/#breadcrumb\",\"itemListElement\":[{\"@type\":\"ListItem\",\"position\":1,\"name\":\"Portada\",\"item\":\"https:\\\/\\\/arealorcaradio.es\\\/\"},{\"@type\":\"ListItem\",\"position\":2,\"name\":\"El corto \u00abLa Mort\u00bb del director lorquino Jes\u00fas Mart\u00ednez \u00abNota\u00bb consigue la calificaci\u00f3n para los Premios Goya\"}]},{\"@type\":\"WebSite\",\"@id\":\"https:\\\/\\\/arealorcaradio.es\\\/#website\",\"url\":\"https:\\\/\\\/arealorcaradio.es\\\/\",\"name\":\"AREA LORCA RADIO\",\"description\":\"Descubre la programaci\u00f3n actual en \u00c1rea Lorca Radio, tu fuente de entrenamiento y noticias locales. Sintoniza ahora y mantente conectado online.\",\"potentialAction\":[{\"@type\":\"SearchAction\",\"target\":{\"@type\":\"EntryPoint\",\"urlTemplate\":\"https:\\\/\\\/arealorcaradio.es\\\/?s={search_term_string}\"},\"query-input\":{\"@type\":\"PropertyValueSpecification\",\"valueRequired\":true,\"valueName\":\"search_term_string\"}}],\"inLanguage\":\"es\"},{\"@type\":\"Person\",\"@id\":\"https:\\\/\\\/arealorcaradio.es\\\/#\\\/schema\\\/person\\\/9fae605fc25b0f2c83c1ab207139bd27\",\"name\":\"Paco S\u00e1nchez\",\"image\":{\"@type\":\"ImageObject\",\"inLanguage\":\"es\",\"@id\":\"https:\\\/\\\/secure.gravatar.com\\\/avatar\\\/d67144e966420fb74aa84c9f2a0103be4724fd14db52b52d3b6bca749f257e79?s=96&d=mm&r=g\",\"url\":\"https:\\\/\\\/secure.gravatar.com\\\/avatar\\\/d67144e966420fb74aa84c9f2a0103be4724fd14db52b52d3b6bca749f257e79?s=96&d=mm&r=g\",\"contentUrl\":\"https:\\\/\\\/secure.gravatar.com\\\/avatar\\\/d67144e966420fb74aa84c9f2a0103be4724fd14db52b52d3b6bca749f257e79?s=96&d=mm&r=g\",\"caption\":\"Paco S\u00e1nchez\"},\"sameAs\":[\"https:\\\/\\\/arealorcaradio.es\"],\"url\":\"https:\\\/\\\/arealorcaradio.es\\\/index.php\\\/author\\\/admin_alorcaradio\\\/\"}]}<\/script>\n<!-- \/ Yoast SEO plugin. -->","yoast_head_json":{"title":"El corto \"La Mort\" del director lorquino Jes\u00fas Mart\u00ednez \"Nota\" consigue la calificaci\u00f3n para los Premios Goya - AREA LORCA RADIO","robots":{"index":"index","follow":"follow","max-snippet":"max-snippet:-1","max-image-preview":"max-image-preview:large","max-video-preview":"max-video-preview:-1"},"canonical":"https:\/\/arealorcaradio.es\/index.php\/2025\/06\/03\/el-corto-la-mort-del-director-lorquino-jesus-martinez-nota-consigue-la-calificacion-para-los-premios-goya\/","og_locale":"es_ES","og_type":"article","og_title":"El corto \"La Mort\" del director lorquino Jes\u00fas Mart\u00ednez \"Nota\" consigue la calificaci\u00f3n para los Premios Goya - AREA LORCA RADIO","og_description":"\u00c1REA LORCA RADIO. Cultura. Escucha aqu\u00ed la entrevista que ha concedido el cineasta Jes\u00fas Mart\u00ednez \u00abNota\u00bb a Paco S\u00e1nchez en el magazine de \u00c1rea Lorca Radio. Reci\u00e9n llegado de tierras c\u00e1ntabras nos ha contado que en poco m\u00e1s de una a\u00f1o han sido quince los galardones que ha recibido el corto \u00abLa Mort\u00bb, este \u00faltimo [&hellip;]","og_url":"https:\/\/arealorcaradio.es\/index.php\/2025\/06\/03\/el-corto-la-mort-del-director-lorquino-jesus-martinez-nota-consigue-la-calificacion-para-los-premios-goya\/","og_site_name":"AREA LORCA RADIO","article_published_time":"2025-06-03T18:03:55+00:00","og_image":[{"width":2560,"height":1920,"url":"https:\/\/arealorcaradio.es\/wp-content\/uploads\/2025\/06\/20250603_172215-scaled.jpg","type":"image\/jpeg"}],"author":"Paco S\u00e1nchez","twitter_card":"summary_large_image","twitter_misc":{"Escrito por":"Paco S\u00e1nchez","Tiempo de lectura":"1 minuto"},"schema":{"@context":"https:\/\/schema.org","@graph":[{"@type":"Article","@id":"https:\/\/arealorcaradio.es\/index.php\/2025\/06\/03\/el-corto-la-mort-del-director-lorquino-jesus-martinez-nota-consigue-la-calificacion-para-los-premios-goya\/#article","isPartOf":{"@id":"https:\/\/arealorcaradio.es\/index.php\/2025\/06\/03\/el-corto-la-mort-del-director-lorquino-jesus-martinez-nota-consigue-la-calificacion-para-los-premios-goya\/"},"author":{"name":"Paco S\u00e1nchez","@id":"https:\/\/arealorcaradio.es\/#\/schema\/person\/9fae605fc25b0f2c83c1ab207139bd27"},"headline":"El corto \u00abLa Mort\u00bb del director lorquino Jes\u00fas Mart\u00ednez \u00abNota\u00bb consigue la calificaci\u00f3n para los Premios Goya","datePublished":"2025-06-03T18:03:55+00:00","mainEntityOfPage":{"@id":"https:\/\/arealorcaradio.es\/index.php\/2025\/06\/03\/el-corto-la-mort-del-director-lorquino-jesus-martinez-nota-consigue-la-calificacion-para-los-premios-goya\/"},"wordCount":120,"commentCount":0,"image":{"@id":"https:\/\/arealorcaradio.es\/index.php\/2025\/06\/03\/el-corto-la-mort-del-director-lorquino-jesus-martinez-nota-consigue-la-calificacion-para-los-premios-goya\/#primaryimage"},"thumbnailUrl":"https:\/\/arealorcaradio.es\/wp-content\/uploads\/2025\/06\/20250603_172215-scaled.jpg","articleSection":["ACTUALIDAD","LORCA"],"inLanguage":"es","potentialAction":[{"@type":"CommentAction","name":"Comment","target":["https:\/\/arealorcaradio.es\/index.php\/2025\/06\/03\/el-corto-la-mort-del-director-lorquino-jesus-martinez-nota-consigue-la-calificacion-para-los-premios-goya\/#respond"]}]},{"@type":"WebPage","@id":"https:\/\/arealorcaradio.es\/index.php\/2025\/06\/03\/el-corto-la-mort-del-director-lorquino-jesus-martinez-nota-consigue-la-calificacion-para-los-premios-goya\/","url":"https:\/\/arealorcaradio.es\/index.php\/2025\/06\/03\/el-corto-la-mort-del-director-lorquino-jesus-martinez-nota-consigue-la-calificacion-para-los-premios-goya\/","name":"El corto \"La Mort\" del director lorquino Jes\u00fas Mart\u00ednez \"Nota\" consigue la calificaci\u00f3n para los Premios Goya - AREA LORCA RADIO","isPartOf":{"@id":"https:\/\/arealorcaradio.es\/#website"},"primaryImageOfPage":{"@id":"https:\/\/arealorcaradio.es\/index.php\/2025\/06\/03\/el-corto-la-mort-del-director-lorquino-jesus-martinez-nota-consigue-la-calificacion-para-los-premios-goya\/#primaryimage"},"image":{"@id":"https:\/\/arealorcaradio.es\/index.php\/2025\/06\/03\/el-corto-la-mort-del-director-lorquino-jesus-martinez-nota-consigue-la-calificacion-para-los-premios-goya\/#primaryimage"},"thumbnailUrl":"https:\/\/arealorcaradio.es\/wp-content\/uploads\/2025\/06\/20250603_172215-scaled.jpg","datePublished":"2025-06-03T18:03:55+00:00","author":{"@id":"https:\/\/arealorcaradio.es\/#\/schema\/person\/9fae605fc25b0f2c83c1ab207139bd27"},"breadcrumb":{"@id":"https:\/\/arealorcaradio.es\/index.php\/2025\/06\/03\/el-corto-la-mort-del-director-lorquino-jesus-martinez-nota-consigue-la-calificacion-para-los-premios-goya\/#breadcrumb"},"inLanguage":"es","potentialAction":[{"@type":"ReadAction","target":["https:\/\/arealorcaradio.es\/index.php\/2025\/06\/03\/el-corto-la-mort-del-director-lorquino-jesus-martinez-nota-consigue-la-calificacion-para-los-premios-goya\/"]}]},{"@type":"ImageObject","inLanguage":"es","@id":"https:\/\/arealorcaradio.es\/index.php\/2025\/06\/03\/el-corto-la-mort-del-director-lorquino-jesus-martinez-nota-consigue-la-calificacion-para-los-premios-goya\/#primaryimage","url":"https:\/\/arealorcaradio.es\/wp-content\/uploads\/2025\/06\/20250603_172215-scaled.jpg","contentUrl":"https:\/\/arealorcaradio.es\/wp-content\/uploads\/2025\/06\/20250603_172215-scaled.jpg","width":2560,"height":1920},{"@type":"BreadcrumbList","@id":"https:\/\/arealorcaradio.es\/index.php\/2025\/06\/03\/el-corto-la-mort-del-director-lorquino-jesus-martinez-nota-consigue-la-calificacion-para-los-premios-goya\/#breadcrumb","itemListElement":[{"@type":"ListItem","position":1,"name":"Portada","item":"https:\/\/arealorcaradio.es\/"},{"@type":"ListItem","position":2,"name":"El corto \u00abLa Mort\u00bb del director lorquino Jes\u00fas Mart\u00ednez \u00abNota\u00bb consigue la calificaci\u00f3n para los Premios Goya"}]},{"@type":"WebSite","@id":"https:\/\/arealorcaradio.es\/#website","url":"https:\/\/arealorcaradio.es\/","name":"AREA LORCA RADIO","description":"Descubre la programaci\u00f3n actual en \u00c1rea Lorca Radio, tu fuente de entrenamiento y noticias locales. Sintoniza ahora y mantente conectado online.","potentialAction":[{"@type":"SearchAction","target":{"@type":"EntryPoint","urlTemplate":"https:\/\/arealorcaradio.es\/?s={search_term_string}"},"query-input":{"@type":"PropertyValueSpecification","valueRequired":true,"valueName":"search_term_string"}}],"inLanguage":"es"},{"@type":"Person","@id":"https:\/\/arealorcaradio.es\/#\/schema\/person\/9fae605fc25b0f2c83c1ab207139bd27","name":"Paco S\u00e1nchez","image":{"@type":"ImageObject","inLanguage":"es","@id":"https:\/\/secure.gravatar.com\/avatar\/d67144e966420fb74aa84c9f2a0103be4724fd14db52b52d3b6bca749f257e79?s=96&d=mm&r=g","url":"https:\/\/secure.gravatar.com\/avatar\/d67144e966420fb74aa84c9f2a0103be4724fd14db52b52d3b6bca749f257e79?s=96&d=mm&r=g","contentUrl":"https:\/\/secure.gravatar.com\/avatar\/d67144e966420fb74aa84c9f2a0103be4724fd14db52b52d3b6bca749f257e79?s=96&d=mm&r=g","caption":"Paco S\u00e1nchez"},"sameAs":["https:\/\/arealorcaradio.es"],"url":"https:\/\/arealorcaradio.es\/index.php\/author\/admin_alorcaradio\/"}]}},"_links":{"self":[{"href":"https:\/\/arealorcaradio.es\/index.php\/wp-json\/wp\/v2\/posts\/6811","targetHints":{"allow":["GET"]}}],"collection":[{"href":"https:\/\/arealorcaradio.es\/index.php\/wp-json\/wp\/v2\/posts"}],"about":[{"href":"https:\/\/arealorcaradio.es\/index.php\/wp-json\/wp\/v2\/types\/post"}],"author":[{"embeddable":true,"href":"https:\/\/arealorcaradio.es\/index.php\/wp-json\/wp\/v2\/users\/1"}],"replies":[{"embeddable":true,"href":"https:\/\/arealorcaradio.es\/index.php\/wp-json\/wp\/v2\/comments?post=6811"}],"version-history":[{"count":2,"href":"https:\/\/arealorcaradio.es\/index.php\/wp-json\/wp\/v2\/posts\/6811\/revisions"}],"predecessor-version":[{"id":6817,"href":"https:\/\/arealorcaradio.es\/index.php\/wp-json\/wp\/v2\/posts\/6811\/revisions\/6817"}],"wp:featuredmedia":[{"embeddable":true,"href":"https:\/\/arealorcaradio.es\/index.php\/wp-json\/wp\/v2\/media\/6813"}],"wp:attachment":[{"href":"https:\/\/arealorcaradio.es\/index.php\/wp-json\/wp\/v2\/media?parent=6811"}],"wp:term":[{"taxonomy":"category","embeddable":true,"href":"https:\/\/arealorcaradio.es\/index.php\/wp-json\/wp\/v2\/categories?post=6811"},{"taxonomy":"post_tag","embeddable":true,"href":"https:\/\/arealorcaradio.es\/index.php\/wp-json\/wp\/v2\/tags?post=6811"}],"curies":[{"name":"wp","href":"https:\/\/api.w.org\/{rel}","templated":true}]}}