{"id":6808,"date":"2025-06-03T11:14:44","date_gmt":"2025-06-03T11:14:44","guid":{"rendered":"https:\/\/arealorcaradio.es\/?p=6808"},"modified":"2025-06-03T11:14:44","modified_gmt":"2025-06-03T11:14:44","slug":"la-pasarela-alcalde-miguel-navarro-molina-se-iluminara-de-verde-para-conmemorar-el-dia-mundial-de-la-lucha-contra-la-miastenia-gravis","status":"publish","type":"post","link":"https:\/\/arealorcaradio.es\/index.php\/2025\/06\/03\/la-pasarela-alcalde-miguel-navarro-molina-se-iluminara-de-verde-para-conmemorar-el-dia-mundial-de-la-lucha-contra-la-miastenia-gravis\/","title":{"rendered":"La Pasarela Alcalde Miguel Navarro Molina se iluminar\u00e1 de verde para conmemorar el D\u00eda Mundial de la Lucha contra la Miastenia Gravis"},"content":{"rendered":"<p><strong>\u00c1REA LORCA RADIO. Oeneg\u00e9s<\/strong><\/p>\n<p><strong>3 de junio de 2025.<\/strong> Con motivo del D\u00eda Mundial de la Lucha contra la Miastenia Gravis, el pr\u00f3ximo mi\u00e9rcoles 4 de junio, a las 21:30 horas, la Pasarela Alcalde Miguel Navarro Molina se iluminar\u00e1 de color verde. Se trata de una iniciativa puesta en marcha por la Asociaci\u00f3n Miastenia de Espa\u00f1a (AMES) y en la que colabora el Consistorio, con el objetivo de sensibilizar y concienciar a los ciudadanos sobre esta enfermedad neuromuscular rara, autoinmune y cr\u00f3nica.<\/p>\n<p>La Miastenia Gravis afecta a los m\u00fasculos voluntarios del cuerpo, provocando una gran fatigabilidad. Se estima que en Espa\u00f1a la padecen unas 15.000 personas. Sus s\u00edntomas pueden incluir ca\u00edda de p\u00e1rpados, visi\u00f3n doble, dificultades para tragar, disfon\u00eda, debilidad en extremidades e incluso, en casos graves, afectaci\u00f3n de la musculatura respiratoria.<\/p>\n<p>Bel\u00e9n D\u00edaz, concejal de oeneg\u00e9s ha se\u00f1alado que \u201cdesde el Gobierno de Lorca queremos mostrar todo nuestro apoyo a las personas que conviven con Miastenia Gravis, una enfermedad poco visible pero que tiene un gran impacto en la vida diaria de quienes la padecen. Iluminar la pasarela de verde es un peque\u00f1o gesto, pero con un gran significado, ya que as\u00ed damos visibilidad, generamos conciencia y sumamos esfuerzos para apoyar la investigaci\u00f3n y la mejora de la calidad de vida de los pacientes que sufren esta patolog\u00eda\u201d<\/p>\n<p>Y ha a\u00f1adido que \u201ces fundamental que como sociedad aprendamos m\u00e1s sobre las enfermedades raras y empaticemos con quienes las sufren. Agradecemos la labor que AMES realiza a nivel nacional y estamos encantados de poder colaborar en iniciativas como estas, que contribuyen a sensibilizar a la poblaci\u00f3n sobre este tipo de enfermedades raras, en este caso la Miastenia Gravis\u201d.<\/p>\n<p>AMES trabaja desde 2009 para dar respuesta a las necesidades de las personas afectadas por la Miastenia, as\u00ed como de sus familiares y allegados. En el marco del D\u00eda Internacional de la Miastenia, que se conmemora el 2 de junio, la asociaci\u00f3n ha puesto en marcha diversas acciones informativas y de visibilidad en todo el pa\u00eds, y que en nuestro municipio cuentan con el apoyo del Ayuntamiento de Lorca.<\/p>\n<p>&nbsp;<\/p>\n<p>&nbsp;<\/p>\n","protected":false},"excerpt":{"rendered":"<p>\u00c1REA LORCA RADIO. Oeneg\u00e9s 3 de junio de 2025. Con motivo del D\u00eda Mundial de la Lucha contra la Miastenia Gravis, el pr\u00f3ximo mi\u00e9rcoles 4 de junio, a las 21:30 horas, la Pasarela Alcalde Miguel Navarro Molina se iluminar\u00e1 de color verde. Se trata de una iniciativa puesta en marcha por la Asociaci\u00f3n Miastenia de [&hellip;]<\/p>\n","protected":false},"author":1,"featured_media":6809,"comment_status":"open","ping_status":"open","sticky":false,"template":"","format":"standard","meta":{"iawp_total_views":16,"footnotes":""},"categories":[5,7],"tags":[],"class_list":["post-6808","post","type-post","status-publish","format-standard","has-post-thumbnail","hentry","category-actualidad","category-lorca"],"yoast_head":"<!-- This site is optimized with the Yoast SEO plugin v27.5 - https:\/\/yoast.com\/product\/yoast-seo-wordpress\/ -->\n<title>La Pasarela Alcalde Miguel Navarro Molina se iluminar\u00e1 de verde para conmemorar el D\u00eda Mundial de la Lucha contra la Miastenia Gravis - AREA LORCA RADIO<\/title>\n<meta name=\"robots\" content=\"index, follow, max-snippet:-1, max-image-preview:large, max-video-preview:-1\" \/>\n<link rel=\"canonical\" href=\"https:\/\/arealorcaradio.es\/index.php\/2025\/06\/03\/la-pasarela-alcalde-miguel-navarro-molina-se-iluminara-de-verde-para-conmemorar-el-dia-mundial-de-la-lucha-contra-la-miastenia-gravis\/\" \/>\n<meta property=\"og:locale\" content=\"es_ES\" \/>\n<meta property=\"og:type\" content=\"article\" \/>\n<meta property=\"og:title\" content=\"La Pasarela Alcalde Miguel Navarro Molina se iluminar\u00e1 de verde para conmemorar el D\u00eda Mundial de la Lucha contra la Miastenia Gravis - AREA LORCA RADIO\" \/>\n<meta property=\"og:description\" content=\"\u00c1REA LORCA RADIO. Oeneg\u00e9s 3 de junio de 2025. Con motivo del D\u00eda Mundial de la Lucha contra la Miastenia Gravis, el pr\u00f3ximo mi\u00e9rcoles 4 de junio, a las 21:30 horas, la Pasarela Alcalde Miguel Navarro Molina se iluminar\u00e1 de color verde. Se trata de una iniciativa puesta en marcha por la Asociaci\u00f3n Miastenia de [&hellip;]\" \/>\n<meta property=\"og:url\" content=\"https:\/\/arealorcaradio.es\/index.php\/2025\/06\/03\/la-pasarela-alcalde-miguel-navarro-molina-se-iluminara-de-verde-para-conmemorar-el-dia-mundial-de-la-lucha-contra-la-miastenia-gravis\/\" \/>\n<meta property=\"og:site_name\" content=\"AREA LORCA RADIO\" \/>\n<meta property=\"article:published_time\" content=\"2025-06-03T11:14:44+00:00\" \/>\n<meta property=\"og:image\" content=\"https:\/\/arealorcaradio.es\/wp-content\/uploads\/2025\/06\/WhatsApp-Image-2025-06-03-at-11.16.20.jpeg\" \/>\n\t<meta property=\"og:image:width\" content=\"1024\" \/>\n\t<meta property=\"og:image:height\" content=\"547\" \/>\n\t<meta property=\"og:image:type\" content=\"image\/jpeg\" \/>\n<meta name=\"author\" content=\"Paco S\u00e1nchez\" \/>\n<meta name=\"twitter:card\" content=\"summary_large_image\" \/>\n<meta name=\"twitter:label1\" content=\"Escrito por\" \/>\n\t<meta name=\"twitter:data1\" content=\"Paco S\u00e1nchez\" \/>\n\t<meta name=\"twitter:label2\" content=\"Tiempo de lectura\" \/>\n\t<meta name=\"twitter:data2\" content=\"2 minutos\" \/>\n<script type=\"application\/ld+json\" class=\"yoast-schema-graph\">{\"@context\":\"https:\\\/\\\/schema.org\",\"@graph\":[{\"@type\":\"Article\",\"@id\":\"https:\\\/\\\/arealorcaradio.es\\\/index.php\\\/2025\\\/06\\\/03\\\/la-pasarela-alcalde-miguel-navarro-molina-se-iluminara-de-verde-para-conmemorar-el-dia-mundial-de-la-lucha-contra-la-miastenia-gravis\\\/#article\",\"isPartOf\":{\"@id\":\"https:\\\/\\\/arealorcaradio.es\\\/index.php\\\/2025\\\/06\\\/03\\\/la-pasarela-alcalde-miguel-navarro-molina-se-iluminara-de-verde-para-conmemorar-el-dia-mundial-de-la-lucha-contra-la-miastenia-gravis\\\/\"},\"author\":{\"name\":\"Paco S\u00e1nchez\",\"@id\":\"https:\\\/\\\/arealorcaradio.es\\\/#\\\/schema\\\/person\\\/9fae605fc25b0f2c83c1ab207139bd27\"},\"headline\":\"La Pasarela Alcalde Miguel Navarro Molina se iluminar\u00e1 de verde para conmemorar el D\u00eda Mundial de la Lucha contra la Miastenia Gravis\",\"datePublished\":\"2025-06-03T11:14:44+00:00\",\"mainEntityOfPage\":{\"@id\":\"https:\\\/\\\/arealorcaradio.es\\\/index.php\\\/2025\\\/06\\\/03\\\/la-pasarela-alcalde-miguel-navarro-molina-se-iluminara-de-verde-para-conmemorar-el-dia-mundial-de-la-lucha-contra-la-miastenia-gravis\\\/\"},\"wordCount\":393,\"commentCount\":0,\"image\":{\"@id\":\"https:\\\/\\\/arealorcaradio.es\\\/index.php\\\/2025\\\/06\\\/03\\\/la-pasarela-alcalde-miguel-navarro-molina-se-iluminara-de-verde-para-conmemorar-el-dia-mundial-de-la-lucha-contra-la-miastenia-gravis\\\/#primaryimage\"},\"thumbnailUrl\":\"https:\\\/\\\/arealorcaradio.es\\\/wp-content\\\/uploads\\\/2025\\\/06\\\/WhatsApp-Image-2025-06-03-at-11.16.20.jpeg\",\"articleSection\":[\"ACTUALIDAD\",\"LORCA\"],\"inLanguage\":\"es\",\"potentialAction\":[{\"@type\":\"CommentAction\",\"name\":\"Comment\",\"target\":[\"https:\\\/\\\/arealorcaradio.es\\\/index.php\\\/2025\\\/06\\\/03\\\/la-pasarela-alcalde-miguel-navarro-molina-se-iluminara-de-verde-para-conmemorar-el-dia-mundial-de-la-lucha-contra-la-miastenia-gravis\\\/#respond\"]}]},{\"@type\":\"WebPage\",\"@id\":\"https:\\\/\\\/arealorcaradio.es\\\/index.php\\\/2025\\\/06\\\/03\\\/la-pasarela-alcalde-miguel-navarro-molina-se-iluminara-de-verde-para-conmemorar-el-dia-mundial-de-la-lucha-contra-la-miastenia-gravis\\\/\",\"url\":\"https:\\\/\\\/arealorcaradio.es\\\/index.php\\\/2025\\\/06\\\/03\\\/la-pasarela-alcalde-miguel-navarro-molina-se-iluminara-de-verde-para-conmemorar-el-dia-mundial-de-la-lucha-contra-la-miastenia-gravis\\\/\",\"name\":\"La Pasarela Alcalde Miguel Navarro Molina se iluminar\u00e1 de verde para conmemorar el D\u00eda Mundial de la Lucha contra la Miastenia Gravis - AREA LORCA RADIO\",\"isPartOf\":{\"@id\":\"https:\\\/\\\/arealorcaradio.es\\\/#website\"},\"primaryImageOfPage\":{\"@id\":\"https:\\\/\\\/arealorcaradio.es\\\/index.php\\\/2025\\\/06\\\/03\\\/la-pasarela-alcalde-miguel-navarro-molina-se-iluminara-de-verde-para-conmemorar-el-dia-mundial-de-la-lucha-contra-la-miastenia-gravis\\\/#primaryimage\"},\"image\":{\"@id\":\"https:\\\/\\\/arealorcaradio.es\\\/index.php\\\/2025\\\/06\\\/03\\\/la-pasarela-alcalde-miguel-navarro-molina-se-iluminara-de-verde-para-conmemorar-el-dia-mundial-de-la-lucha-contra-la-miastenia-gravis\\\/#primaryimage\"},\"thumbnailUrl\":\"https:\\\/\\\/arealorcaradio.es\\\/wp-content\\\/uploads\\\/2025\\\/06\\\/WhatsApp-Image-2025-06-03-at-11.16.20.jpeg\",\"datePublished\":\"2025-06-03T11:14:44+00:00\",\"author\":{\"@id\":\"https:\\\/\\\/arealorcaradio.es\\\/#\\\/schema\\\/person\\\/9fae605fc25b0f2c83c1ab207139bd27\"},\"breadcrumb\":{\"@id\":\"https:\\\/\\\/arealorcaradio.es\\\/index.php\\\/2025\\\/06\\\/03\\\/la-pasarela-alcalde-miguel-navarro-molina-se-iluminara-de-verde-para-conmemorar-el-dia-mundial-de-la-lucha-contra-la-miastenia-gravis\\\/#breadcrumb\"},\"inLanguage\":\"es\",\"potentialAction\":[{\"@type\":\"ReadAction\",\"target\":[\"https:\\\/\\\/arealorcaradio.es\\\/index.php\\\/2025\\\/06\\\/03\\\/la-pasarela-alcalde-miguel-navarro-molina-se-iluminara-de-verde-para-conmemorar-el-dia-mundial-de-la-lucha-contra-la-miastenia-gravis\\\/\"]}]},{\"@type\":\"ImageObject\",\"inLanguage\":\"es\",\"@id\":\"https:\\\/\\\/arealorcaradio.es\\\/index.php\\\/2025\\\/06\\\/03\\\/la-pasarela-alcalde-miguel-navarro-molina-se-iluminara-de-verde-para-conmemorar-el-dia-mundial-de-la-lucha-contra-la-miastenia-gravis\\\/#primaryimage\",\"url\":\"https:\\\/\\\/arealorcaradio.es\\\/wp-content\\\/uploads\\\/2025\\\/06\\\/WhatsApp-Image-2025-06-03-at-11.16.20.jpeg\",\"contentUrl\":\"https:\\\/\\\/arealorcaradio.es\\\/wp-content\\\/uploads\\\/2025\\\/06\\\/WhatsApp-Image-2025-06-03-at-11.16.20.jpeg\",\"width\":1024,\"height\":547},{\"@type\":\"BreadcrumbList\",\"@id\":\"https:\\\/\\\/arealorcaradio.es\\\/index.php\\\/2025\\\/06\\\/03\\\/la-pasarela-alcalde-miguel-navarro-molina-se-iluminara-de-verde-para-conmemorar-el-dia-mundial-de-la-lucha-contra-la-miastenia-gravis\\\/#breadcrumb\",\"itemListElement\":[{\"@type\":\"ListItem\",\"position\":1,\"name\":\"Portada\",\"item\":\"https:\\\/\\\/arealorcaradio.es\\\/\"},{\"@type\":\"ListItem\",\"position\":2,\"name\":\"La Pasarela Alcalde Miguel Navarro Molina se iluminar\u00e1 de verde para conmemorar el D\u00eda Mundial de la Lucha contra la Miastenia Gravis\"}]},{\"@type\":\"WebSite\",\"@id\":\"https:\\\/\\\/arealorcaradio.es\\\/#website\",\"url\":\"https:\\\/\\\/arealorcaradio.es\\\/\",\"name\":\"AREA LORCA RADIO\",\"description\":\"Descubre la programaci\u00f3n actual en \u00c1rea Lorca Radio, tu fuente de entrenamiento y noticias locales. Sintoniza ahora y mantente conectado online.\",\"potentialAction\":[{\"@type\":\"SearchAction\",\"target\":{\"@type\":\"EntryPoint\",\"urlTemplate\":\"https:\\\/\\\/arealorcaradio.es\\\/?s={search_term_string}\"},\"query-input\":{\"@type\":\"PropertyValueSpecification\",\"valueRequired\":true,\"valueName\":\"search_term_string\"}}],\"inLanguage\":\"es\"},{\"@type\":\"Person\",\"@id\":\"https:\\\/\\\/arealorcaradio.es\\\/#\\\/schema\\\/person\\\/9fae605fc25b0f2c83c1ab207139bd27\",\"name\":\"Paco S\u00e1nchez\",\"image\":{\"@type\":\"ImageObject\",\"inLanguage\":\"es\",\"@id\":\"https:\\\/\\\/secure.gravatar.com\\\/avatar\\\/d67144e966420fb74aa84c9f2a0103be4724fd14db52b52d3b6bca749f257e79?s=96&d=mm&r=g\",\"url\":\"https:\\\/\\\/secure.gravatar.com\\\/avatar\\\/d67144e966420fb74aa84c9f2a0103be4724fd14db52b52d3b6bca749f257e79?s=96&d=mm&r=g\",\"contentUrl\":\"https:\\\/\\\/secure.gravatar.com\\\/avatar\\\/d67144e966420fb74aa84c9f2a0103be4724fd14db52b52d3b6bca749f257e79?s=96&d=mm&r=g\",\"caption\":\"Paco S\u00e1nchez\"},\"sameAs\":[\"https:\\\/\\\/arealorcaradio.es\"],\"url\":\"https:\\\/\\\/arealorcaradio.es\\\/index.php\\\/author\\\/admin_alorcaradio\\\/\"}]}<\/script>\n<!-- \/ Yoast SEO plugin. -->","yoast_head_json":{"title":"La Pasarela Alcalde Miguel Navarro Molina se iluminar\u00e1 de verde para conmemorar el D\u00eda Mundial de la Lucha contra la Miastenia Gravis - AREA LORCA RADIO","robots":{"index":"index","follow":"follow","max-snippet":"max-snippet:-1","max-image-preview":"max-image-preview:large","max-video-preview":"max-video-preview:-1"},"canonical":"https:\/\/arealorcaradio.es\/index.php\/2025\/06\/03\/la-pasarela-alcalde-miguel-navarro-molina-se-iluminara-de-verde-para-conmemorar-el-dia-mundial-de-la-lucha-contra-la-miastenia-gravis\/","og_locale":"es_ES","og_type":"article","og_title":"La Pasarela Alcalde Miguel Navarro Molina se iluminar\u00e1 de verde para conmemorar el D\u00eda Mundial de la Lucha contra la Miastenia Gravis - AREA LORCA RADIO","og_description":"\u00c1REA LORCA RADIO. Oeneg\u00e9s 3 de junio de 2025. Con motivo del D\u00eda Mundial de la Lucha contra la Miastenia Gravis, el pr\u00f3ximo mi\u00e9rcoles 4 de junio, a las 21:30 horas, la Pasarela Alcalde Miguel Navarro Molina se iluminar\u00e1 de color verde. Se trata de una iniciativa puesta en marcha por la Asociaci\u00f3n Miastenia de [&hellip;]","og_url":"https:\/\/arealorcaradio.es\/index.php\/2025\/06\/03\/la-pasarela-alcalde-miguel-navarro-molina-se-iluminara-de-verde-para-conmemorar-el-dia-mundial-de-la-lucha-contra-la-miastenia-gravis\/","og_site_name":"AREA LORCA RADIO","article_published_time":"2025-06-03T11:14:44+00:00","og_image":[{"width":1024,"height":547,"url":"https:\/\/arealorcaradio.es\/wp-content\/uploads\/2025\/06\/WhatsApp-Image-2025-06-03-at-11.16.20.jpeg","type":"image\/jpeg"}],"author":"Paco S\u00e1nchez","twitter_card":"summary_large_image","twitter_misc":{"Escrito por":"Paco S\u00e1nchez","Tiempo de lectura":"2 minutos"},"schema":{"@context":"https:\/\/schema.org","@graph":[{"@type":"Article","@id":"https:\/\/arealorcaradio.es\/index.php\/2025\/06\/03\/la-pasarela-alcalde-miguel-navarro-molina-se-iluminara-de-verde-para-conmemorar-el-dia-mundial-de-la-lucha-contra-la-miastenia-gravis\/#article","isPartOf":{"@id":"https:\/\/arealorcaradio.es\/index.php\/2025\/06\/03\/la-pasarela-alcalde-miguel-navarro-molina-se-iluminara-de-verde-para-conmemorar-el-dia-mundial-de-la-lucha-contra-la-miastenia-gravis\/"},"author":{"name":"Paco S\u00e1nchez","@id":"https:\/\/arealorcaradio.es\/#\/schema\/person\/9fae605fc25b0f2c83c1ab207139bd27"},"headline":"La Pasarela Alcalde Miguel Navarro Molina se iluminar\u00e1 de verde para conmemorar el D\u00eda Mundial de la Lucha contra la Miastenia Gravis","datePublished":"2025-06-03T11:14:44+00:00","mainEntityOfPage":{"@id":"https:\/\/arealorcaradio.es\/index.php\/2025\/06\/03\/la-pasarela-alcalde-miguel-navarro-molina-se-iluminara-de-verde-para-conmemorar-el-dia-mundial-de-la-lucha-contra-la-miastenia-gravis\/"},"wordCount":393,"commentCount":0,"image":{"@id":"https:\/\/arealorcaradio.es\/index.php\/2025\/06\/03\/la-pasarela-alcalde-miguel-navarro-molina-se-iluminara-de-verde-para-conmemorar-el-dia-mundial-de-la-lucha-contra-la-miastenia-gravis\/#primaryimage"},"thumbnailUrl":"https:\/\/arealorcaradio.es\/wp-content\/uploads\/2025\/06\/WhatsApp-Image-2025-06-03-at-11.16.20.jpeg","articleSection":["ACTUALIDAD","LORCA"],"inLanguage":"es","potentialAction":[{"@type":"CommentAction","name":"Comment","target":["https:\/\/arealorcaradio.es\/index.php\/2025\/06\/03\/la-pasarela-alcalde-miguel-navarro-molina-se-iluminara-de-verde-para-conmemorar-el-dia-mundial-de-la-lucha-contra-la-miastenia-gravis\/#respond"]}]},{"@type":"WebPage","@id":"https:\/\/arealorcaradio.es\/index.php\/2025\/06\/03\/la-pasarela-alcalde-miguel-navarro-molina-se-iluminara-de-verde-para-conmemorar-el-dia-mundial-de-la-lucha-contra-la-miastenia-gravis\/","url":"https:\/\/arealorcaradio.es\/index.php\/2025\/06\/03\/la-pasarela-alcalde-miguel-navarro-molina-se-iluminara-de-verde-para-conmemorar-el-dia-mundial-de-la-lucha-contra-la-miastenia-gravis\/","name":"La Pasarela Alcalde Miguel Navarro Molina se iluminar\u00e1 de verde para conmemorar el D\u00eda Mundial de la Lucha contra la Miastenia Gravis - AREA LORCA RADIO","isPartOf":{"@id":"https:\/\/arealorcaradio.es\/#website"},"primaryImageOfPage":{"@id":"https:\/\/arealorcaradio.es\/index.php\/2025\/06\/03\/la-pasarela-alcalde-miguel-navarro-molina-se-iluminara-de-verde-para-conmemorar-el-dia-mundial-de-la-lucha-contra-la-miastenia-gravis\/#primaryimage"},"image":{"@id":"https:\/\/arealorcaradio.es\/index.php\/2025\/06\/03\/la-pasarela-alcalde-miguel-navarro-molina-se-iluminara-de-verde-para-conmemorar-el-dia-mundial-de-la-lucha-contra-la-miastenia-gravis\/#primaryimage"},"thumbnailUrl":"https:\/\/arealorcaradio.es\/wp-content\/uploads\/2025\/06\/WhatsApp-Image-2025-06-03-at-11.16.20.jpeg","datePublished":"2025-06-03T11:14:44+00:00","author":{"@id":"https:\/\/arealorcaradio.es\/#\/schema\/person\/9fae605fc25b0f2c83c1ab207139bd27"},"breadcrumb":{"@id":"https:\/\/arealorcaradio.es\/index.php\/2025\/06\/03\/la-pasarela-alcalde-miguel-navarro-molina-se-iluminara-de-verde-para-conmemorar-el-dia-mundial-de-la-lucha-contra-la-miastenia-gravis\/#breadcrumb"},"inLanguage":"es","potentialAction":[{"@type":"ReadAction","target":["https:\/\/arealorcaradio.es\/index.php\/2025\/06\/03\/la-pasarela-alcalde-miguel-navarro-molina-se-iluminara-de-verde-para-conmemorar-el-dia-mundial-de-la-lucha-contra-la-miastenia-gravis\/"]}]},{"@type":"ImageObject","inLanguage":"es","@id":"https:\/\/arealorcaradio.es\/index.php\/2025\/06\/03\/la-pasarela-alcalde-miguel-navarro-molina-se-iluminara-de-verde-para-conmemorar-el-dia-mundial-de-la-lucha-contra-la-miastenia-gravis\/#primaryimage","url":"https:\/\/arealorcaradio.es\/wp-content\/uploads\/2025\/06\/WhatsApp-Image-2025-06-03-at-11.16.20.jpeg","contentUrl":"https:\/\/arealorcaradio.es\/wp-content\/uploads\/2025\/06\/WhatsApp-Image-2025-06-03-at-11.16.20.jpeg","width":1024,"height":547},{"@type":"BreadcrumbList","@id":"https:\/\/arealorcaradio.es\/index.php\/2025\/06\/03\/la-pasarela-alcalde-miguel-navarro-molina-se-iluminara-de-verde-para-conmemorar-el-dia-mundial-de-la-lucha-contra-la-miastenia-gravis\/#breadcrumb","itemListElement":[{"@type":"ListItem","position":1,"name":"Portada","item":"https:\/\/arealorcaradio.es\/"},{"@type":"ListItem","position":2,"name":"La Pasarela Alcalde Miguel Navarro Molina se iluminar\u00e1 de verde para conmemorar el D\u00eda Mundial de la Lucha contra la Miastenia Gravis"}]},{"@type":"WebSite","@id":"https:\/\/arealorcaradio.es\/#website","url":"https:\/\/arealorcaradio.es\/","name":"AREA LORCA RADIO","description":"Descubre la programaci\u00f3n actual en \u00c1rea Lorca Radio, tu fuente de entrenamiento y noticias locales. Sintoniza ahora y mantente conectado online.","potentialAction":[{"@type":"SearchAction","target":{"@type":"EntryPoint","urlTemplate":"https:\/\/arealorcaradio.es\/?s={search_term_string}"},"query-input":{"@type":"PropertyValueSpecification","valueRequired":true,"valueName":"search_term_string"}}],"inLanguage":"es"},{"@type":"Person","@id":"https:\/\/arealorcaradio.es\/#\/schema\/person\/9fae605fc25b0f2c83c1ab207139bd27","name":"Paco S\u00e1nchez","image":{"@type":"ImageObject","inLanguage":"es","@id":"https:\/\/secure.gravatar.com\/avatar\/d67144e966420fb74aa84c9f2a0103be4724fd14db52b52d3b6bca749f257e79?s=96&d=mm&r=g","url":"https:\/\/secure.gravatar.com\/avatar\/d67144e966420fb74aa84c9f2a0103be4724fd14db52b52d3b6bca749f257e79?s=96&d=mm&r=g","contentUrl":"https:\/\/secure.gravatar.com\/avatar\/d67144e966420fb74aa84c9f2a0103be4724fd14db52b52d3b6bca749f257e79?s=96&d=mm&r=g","caption":"Paco S\u00e1nchez"},"sameAs":["https:\/\/arealorcaradio.es"],"url":"https:\/\/arealorcaradio.es\/index.php\/author\/admin_alorcaradio\/"}]}},"_links":{"self":[{"href":"https:\/\/arealorcaradio.es\/index.php\/wp-json\/wp\/v2\/posts\/6808","targetHints":{"allow":["GET"]}}],"collection":[{"href":"https:\/\/arealorcaradio.es\/index.php\/wp-json\/wp\/v2\/posts"}],"about":[{"href":"https:\/\/arealorcaradio.es\/index.php\/wp-json\/wp\/v2\/types\/post"}],"author":[{"embeddable":true,"href":"https:\/\/arealorcaradio.es\/index.php\/wp-json\/wp\/v2\/users\/1"}],"replies":[{"embeddable":true,"href":"https:\/\/arealorcaradio.es\/index.php\/wp-json\/wp\/v2\/comments?post=6808"}],"version-history":[{"count":1,"href":"https:\/\/arealorcaradio.es\/index.php\/wp-json\/wp\/v2\/posts\/6808\/revisions"}],"predecessor-version":[{"id":6810,"href":"https:\/\/arealorcaradio.es\/index.php\/wp-json\/wp\/v2\/posts\/6808\/revisions\/6810"}],"wp:featuredmedia":[{"embeddable":true,"href":"https:\/\/arealorcaradio.es\/index.php\/wp-json\/wp\/v2\/media\/6809"}],"wp:attachment":[{"href":"https:\/\/arealorcaradio.es\/index.php\/wp-json\/wp\/v2\/media?parent=6808"}],"wp:term":[{"taxonomy":"category","embeddable":true,"href":"https:\/\/arealorcaradio.es\/index.php\/wp-json\/wp\/v2\/categories?post=6808"},{"taxonomy":"post_tag","embeddable":true,"href":"https:\/\/arealorcaradio.es\/index.php\/wp-json\/wp\/v2\/tags?post=6808"}],"curies":[{"name":"wp","href":"https:\/\/api.w.org\/{rel}","templated":true}]}}