{"id":6800,"date":"2025-06-03T10:42:53","date_gmt":"2025-06-03T10:42:53","guid":{"rendered":"https:\/\/arealorcaradio.es\/?p=6800"},"modified":"2025-06-03T10:42:53","modified_gmt":"2025-06-03T10:42:53","slug":"el-alcalde-de-lorca-exige-soluciones-urgentes-para-los-vecinos-de-campillo-ante-el-riesgo-de-inundaciones-por-el-mal-estado-de-la-rambla-del-murciano","status":"publish","type":"post","link":"https:\/\/arealorcaradio.es\/index.php\/2025\/06\/03\/el-alcalde-de-lorca-exige-soluciones-urgentes-para-los-vecinos-de-campillo-ante-el-riesgo-de-inundaciones-por-el-mal-estado-de-la-rambla-del-murciano\/","title":{"rendered":"El alcalde de Lorca exige soluciones urgentes para los vecinos de Campillo ante el riesgo de inundaciones por el mal estado de la Rambla del Murciano"},"content":{"rendered":"<p><strong>\u00c1REA LORCA RADIO. Infraestructuras.<\/strong><\/p>\n<p><strong>3 de junio de 2025.<\/strong> El alcalde de Lorca, Fulgencio Gil J\u00f3dar, ha exigido a la Confederaci\u00f3n Hidrogr\u00e1fica del Segura (CHS) soluciones urgentes y definitivas para los graves problemas que sufren los vecinos de la pedan\u00eda de Campillo como consecuencia del mal estado del cauce de la Rambla del Murciano, cuya titularidad corresponde a dicho organismo. As\u00ed lo ha manifestado durante una reuni\u00f3n celebrada esta ma\u00f1ana en la sede de la CHS en Murcia con su presidente, Mario Urrea, en la que tambi\u00e9n ha participado el presidente de la Asociaci\u00f3n de Vecinos de Campillo, Joaqu\u00edn Giner.<\/p>\n<p><img loading=\"lazy\" decoding=\"async\" class=\"alignnone size-medium wp-image-6803\" src=\"https:\/\/arealorcaradio.es\/wp-content\/uploads\/2025\/06\/WhatsApp-Image-2025-06-03-at-12.23.45-300x225.jpeg\" alt=\"\" width=\"300\" height=\"225\" srcset=\"https:\/\/arealorcaradio.es\/wp-content\/uploads\/2025\/06\/WhatsApp-Image-2025-06-03-at-12.23.45-300x225.jpeg 300w, https:\/\/arealorcaradio.es\/wp-content\/uploads\/2025\/06\/WhatsApp-Image-2025-06-03-at-12.23.45-1024x768.jpeg 1024w, https:\/\/arealorcaradio.es\/wp-content\/uploads\/2025\/06\/WhatsApp-Image-2025-06-03-at-12.23.45-768x576.jpeg 768w, https:\/\/arealorcaradio.es\/wp-content\/uploads\/2025\/06\/WhatsApp-Image-2025-06-03-at-12.23.45-1536x1152.jpeg 1536w, https:\/\/arealorcaradio.es\/wp-content\/uploads\/2025\/06\/WhatsApp-Image-2025-06-03-at-12.23.45-86x64.jpeg 86w, https:\/\/arealorcaradio.es\/wp-content\/uploads\/2025\/06\/WhatsApp-Image-2025-06-03-at-12.23.45.jpeg 2048w\" sizes=\"auto, (max-width: 300px) 100vw, 300px\" \/> <img loading=\"lazy\" decoding=\"async\" class=\"alignnone size-medium wp-image-6804\" src=\"https:\/\/arealorcaradio.es\/wp-content\/uploads\/2025\/06\/WhatsApp-Image-2025-06-03-at-12.23.44-2-300x225.jpeg\" alt=\"\" width=\"300\" height=\"225\" srcset=\"https:\/\/arealorcaradio.es\/wp-content\/uploads\/2025\/06\/WhatsApp-Image-2025-06-03-at-12.23.44-2-300x225.jpeg 300w, https:\/\/arealorcaradio.es\/wp-content\/uploads\/2025\/06\/WhatsApp-Image-2025-06-03-at-12.23.44-2-1024x768.jpeg 1024w, https:\/\/arealorcaradio.es\/wp-content\/uploads\/2025\/06\/WhatsApp-Image-2025-06-03-at-12.23.44-2-768x576.jpeg 768w, https:\/\/arealorcaradio.es\/wp-content\/uploads\/2025\/06\/WhatsApp-Image-2025-06-03-at-12.23.44-2-1536x1152.jpeg 1536w, https:\/\/arealorcaradio.es\/wp-content\/uploads\/2025\/06\/WhatsApp-Image-2025-06-03-at-12.23.44-2-86x64.jpeg 86w, https:\/\/arealorcaradio.es\/wp-content\/uploads\/2025\/06\/WhatsApp-Image-2025-06-03-at-12.23.44-2.jpeg 2048w\" sizes=\"auto, (max-width: 300px) 100vw, 300px\" \/><\/p>\n<p>Una de las principales reivindicaciones trasladadas en este encuentro ha sido el acondicionamiento urgente del tramo de cauce, que se encuentra sin mota en su margen izquierdo, y que es colindante con viviendas y explotaciones agr\u00edcolas. \u201cNos encontramos ante una situaci\u00f3n l\u00edmite para las personas y las propiedades cada vez que se producen episodios de lluvias intensas, ya que la rambla carece totalmente de protecci\u00f3n, lo que genera un riesgo evidente de desbordamiento cada vez que se producen lluvias intensas. Los vecinos llevan a\u00f1os pidiendo soluciones, concretamente desde el 2021, por lo que se trata de una actuaci\u00f3n que resulta imprescindible para garantizar su seguridad y tranquilidad y no podemos permitir que sigan siendo ignorados\u201d, ha se\u00f1alado Fulgencio Gil.<\/p>\n<p><img loading=\"lazy\" decoding=\"async\" class=\"alignnone size-medium wp-image-6805\" src=\"https:\/\/arealorcaradio.es\/wp-content\/uploads\/2025\/06\/WhatsApp-Image-2025-06-03-at-12.23.43-300x225.jpeg\" alt=\"\" width=\"300\" height=\"225\" srcset=\"https:\/\/arealorcaradio.es\/wp-content\/uploads\/2025\/06\/WhatsApp-Image-2025-06-03-at-12.23.43-300x225.jpeg 300w, https:\/\/arealorcaradio.es\/wp-content\/uploads\/2025\/06\/WhatsApp-Image-2025-06-03-at-12.23.43-1024x768.jpeg 1024w, https:\/\/arealorcaradio.es\/wp-content\/uploads\/2025\/06\/WhatsApp-Image-2025-06-03-at-12.23.43-768x576.jpeg 768w, https:\/\/arealorcaradio.es\/wp-content\/uploads\/2025\/06\/WhatsApp-Image-2025-06-03-at-12.23.43-1536x1152.jpeg 1536w, https:\/\/arealorcaradio.es\/wp-content\/uploads\/2025\/06\/WhatsApp-Image-2025-06-03-at-12.23.43-86x64.jpeg 86w, https:\/\/arealorcaradio.es\/wp-content\/uploads\/2025\/06\/WhatsApp-Image-2025-06-03-at-12.23.43.jpeg 2048w\" sizes=\"auto, (max-width: 300px) 100vw, 300px\" \/> <img loading=\"lazy\" decoding=\"async\" class=\"alignnone size-medium wp-image-6806\" src=\"https:\/\/arealorcaradio.es\/wp-content\/uploads\/2025\/06\/WhatsApp-Image-2025-06-03-at-12.23.45-1-300x225.jpeg\" alt=\"\" width=\"300\" height=\"225\" srcset=\"https:\/\/arealorcaradio.es\/wp-content\/uploads\/2025\/06\/WhatsApp-Image-2025-06-03-at-12.23.45-1-300x225.jpeg 300w, https:\/\/arealorcaradio.es\/wp-content\/uploads\/2025\/06\/WhatsApp-Image-2025-06-03-at-12.23.45-1-1024x768.jpeg 1024w, https:\/\/arealorcaradio.es\/wp-content\/uploads\/2025\/06\/WhatsApp-Image-2025-06-03-at-12.23.45-1-768x576.jpeg 768w, https:\/\/arealorcaradio.es\/wp-content\/uploads\/2025\/06\/WhatsApp-Image-2025-06-03-at-12.23.45-1-1536x1152.jpeg 1536w, https:\/\/arealorcaradio.es\/wp-content\/uploads\/2025\/06\/WhatsApp-Image-2025-06-03-at-12.23.45-1-86x64.jpeg 86w, https:\/\/arealorcaradio.es\/wp-content\/uploads\/2025\/06\/WhatsApp-Image-2025-06-03-at-12.23.45-1.jpeg 2048w\" sizes=\"auto, (max-width: 300px) 100vw, 300px\" \/><\/p>\n<p>El alcalde de Lorca ha indicado que el mal estado de este tramo, de aproximadamente unos 200 metros, ya ha causado inundaciones importantes en episodios de lluvias, el m\u00e1s importante ocurri\u00f3 en julio de 2021, tras una tromba de agua que dej\u00f3 m\u00e1s de 60 litros por metro cuadrado en una hora en Puerto Lumbreras, provocando una crecida de la rambla que aneg\u00f3 parcelas y se acerc\u00f3 peligrosamente a varias viviendas en la zona de cruce comprendida entre el Camino de Vera y el Camino La Torre.<\/p>\n<p>\u201cEstamos en fechas de alto riesgo por posibles DANAS y tormentas de verano, y el estado de este cauce no puede seguir esperando. Es una intervenci\u00f3n sencilla pero muy importante para los habitantes de esta zona, por ello, desde el Gobierno de Lorca apoyamos plenamente las reivindicaciones de los vecinos y pedimos a la CHS que act\u00fae de inmediato, acometiendo las obras necesarias para prevenir nuevas inundaciones y as\u00ed solucionar los problemas que afectan a estos lorquinos\u201d, ha afirmado.<\/p>\n<p>En la reuni\u00f3n, Gil J\u00f3dar tambi\u00e9n ha reiterado la necesidad de acometer otras actuaciones hidr\u00e1ulicas urgentes en el municipio, como la construcci\u00f3n de las presas de laminaci\u00f3n de B\u00e9jar, Torrecilla y Nogalte. \u201cLa construcci\u00f3n de estas presas no es una opci\u00f3n, es una obligaci\u00f3n que el Gobierno de Espa\u00f1a tiene con Lorca. Nos lo deben. La paciencia de los vecinos se ha agotado, y lo entendemos perfectamente. Llevamos demasiado tiempo esperando y el coste de la inacci\u00f3n puede ser tr\u00e1gico. Nos va la vida en ello y fuera de Lorca no se termina de comprender la magnitud del problema que tenemos ni el miedo con el que viven nuestros vecinos cada vez que el cielo se oscurece\u201d, ha lamentado.<\/p>\n<p>Tambi\u00e9n ha pedido que se agilicen los tr\u00e1mites para realizar el canal de la Rambla de Biznaga, infraestructura largamente demandada, y cuya construcci\u00f3n es de \u201cextrema urgencia\u201d, que permitir\u00eda evacuar de forma segura el agua acumulada en episodios de lluvias torrenciales. Asimismo, ha urgido a la Confederaci\u00f3n a iniciar de inmediato tareas de limpieza y mantenimiento en los cauces de las distintas ramblas del t\u00e9rmino municipal de Lorca para evitar que la acumulaci\u00f3n de residuos y sedimentos agrave los riesgos en caso de nuevas lluvias intensas.<\/p>\n<p>\u201cSeguiremos insistiendo, paso a paso, para que se elaboren los informes necesarios que nos permitan avanzar en la construcci\u00f3n de estas infraestructuras tan fundamentales. No se trata de una exageraci\u00f3n: basta con mirar atr\u00e1s y recordar lo ocurrido en Lorca en 2012 y en 2019, o hace apenas unos meses en Valencia. Esta es la realidad. No vamos a rendirnos y desde el Gobierno de Lorca seguiremos defendiendo los intereses y la seguridad de nuestros vecinos hasta el final\u201d, ha concluido el primer edil.<\/p>\n","protected":false},"excerpt":{"rendered":"<p>\u00c1REA LORCA RADIO. Infraestructuras. 3 de junio de 2025. El alcalde de Lorca, Fulgencio Gil J\u00f3dar, ha exigido a la Confederaci\u00f3n Hidrogr\u00e1fica del Segura (CHS) soluciones urgentes y definitivas para los graves problemas que sufren los vecinos de la pedan\u00eda de Campillo como consecuencia del mal estado del cauce de la Rambla del Murciano, cuya [&hellip;]<\/p>\n","protected":false},"author":1,"featured_media":6801,"comment_status":"open","ping_status":"open","sticky":false,"template":"","format":"standard","meta":{"iawp_total_views":16,"footnotes":""},"categories":[5,7],"tags":[],"class_list":["post-6800","post","type-post","status-publish","format-standard","has-post-thumbnail","hentry","category-actualidad","category-lorca"],"yoast_head":"<!-- This site is optimized with the Yoast SEO plugin v27.5 - https:\/\/yoast.com\/product\/yoast-seo-wordpress\/ -->\n<title>El alcalde de Lorca exige soluciones urgentes para los vecinos de Campillo ante el riesgo de inundaciones por el mal estado de la Rambla del Murciano - AREA LORCA RADIO<\/title>\n<meta name=\"robots\" content=\"index, follow, max-snippet:-1, max-image-preview:large, max-video-preview:-1\" \/>\n<link rel=\"canonical\" href=\"https:\/\/arealorcaradio.es\/index.php\/2025\/06\/03\/el-alcalde-de-lorca-exige-soluciones-urgentes-para-los-vecinos-de-campillo-ante-el-riesgo-de-inundaciones-por-el-mal-estado-de-la-rambla-del-murciano\/\" \/>\n<meta property=\"og:locale\" content=\"es_ES\" \/>\n<meta property=\"og:type\" content=\"article\" \/>\n<meta property=\"og:title\" content=\"El alcalde de Lorca exige soluciones urgentes para los vecinos de Campillo ante el riesgo de inundaciones por el mal estado de la Rambla del Murciano - AREA LORCA RADIO\" \/>\n<meta property=\"og:description\" content=\"\u00c1REA LORCA RADIO. Infraestructuras. 3 de junio de 2025. El alcalde de Lorca, Fulgencio Gil J\u00f3dar, ha exigido a la Confederaci\u00f3n Hidrogr\u00e1fica del Segura (CHS) soluciones urgentes y definitivas para los graves problemas que sufren los vecinos de la pedan\u00eda de Campillo como consecuencia del mal estado del cauce de la Rambla del Murciano, cuya [&hellip;]\" \/>\n<meta property=\"og:url\" content=\"https:\/\/arealorcaradio.es\/index.php\/2025\/06\/03\/el-alcalde-de-lorca-exige-soluciones-urgentes-para-los-vecinos-de-campillo-ante-el-riesgo-de-inundaciones-por-el-mal-estado-de-la-rambla-del-murciano\/\" \/>\n<meta property=\"og:site_name\" content=\"AREA LORCA RADIO\" \/>\n<meta property=\"article:published_time\" content=\"2025-06-03T10:42:53+00:00\" \/>\n<meta property=\"og:image\" content=\"https:\/\/arealorcaradio.es\/wp-content\/uploads\/2025\/06\/WhatsApp-Image-2025-06-03-at-12.23.44-1.jpeg\" \/>\n\t<meta property=\"og:image:width\" content=\"2048\" \/>\n\t<meta property=\"og:image:height\" content=\"1536\" \/>\n\t<meta property=\"og:image:type\" content=\"image\/jpeg\" \/>\n<meta name=\"author\" content=\"Paco S\u00e1nchez\" \/>\n<meta name=\"twitter:card\" content=\"summary_large_image\" \/>\n<meta name=\"twitter:label1\" content=\"Escrito por\" \/>\n\t<meta name=\"twitter:data1\" content=\"Paco S\u00e1nchez\" \/>\n\t<meta name=\"twitter:label2\" content=\"Tiempo de lectura\" \/>\n\t<meta name=\"twitter:data2\" content=\"5 minutos\" \/>\n<script type=\"application\/ld+json\" class=\"yoast-schema-graph\">{\"@context\":\"https:\\\/\\\/schema.org\",\"@graph\":[{\"@type\":\"Article\",\"@id\":\"https:\\\/\\\/arealorcaradio.es\\\/index.php\\\/2025\\\/06\\\/03\\\/el-alcalde-de-lorca-exige-soluciones-urgentes-para-los-vecinos-de-campillo-ante-el-riesgo-de-inundaciones-por-el-mal-estado-de-la-rambla-del-murciano\\\/#article\",\"isPartOf\":{\"@id\":\"https:\\\/\\\/arealorcaradio.es\\\/index.php\\\/2025\\\/06\\\/03\\\/el-alcalde-de-lorca-exige-soluciones-urgentes-para-los-vecinos-de-campillo-ante-el-riesgo-de-inundaciones-por-el-mal-estado-de-la-rambla-del-murciano\\\/\"},\"author\":{\"name\":\"Paco S\u00e1nchez\",\"@id\":\"https:\\\/\\\/arealorcaradio.es\\\/#\\\/schema\\\/person\\\/9fae605fc25b0f2c83c1ab207139bd27\"},\"headline\":\"El alcalde de Lorca exige soluciones urgentes para los vecinos de Campillo ante el riesgo de inundaciones por el mal estado de la Rambla del Murciano\",\"datePublished\":\"2025-06-03T10:42:53+00:00\",\"mainEntityOfPage\":{\"@id\":\"https:\\\/\\\/arealorcaradio.es\\\/index.php\\\/2025\\\/06\\\/03\\\/el-alcalde-de-lorca-exige-soluciones-urgentes-para-los-vecinos-de-campillo-ante-el-riesgo-de-inundaciones-por-el-mal-estado-de-la-rambla-del-murciano\\\/\"},\"wordCount\":735,\"commentCount\":0,\"image\":{\"@id\":\"https:\\\/\\\/arealorcaradio.es\\\/index.php\\\/2025\\\/06\\\/03\\\/el-alcalde-de-lorca-exige-soluciones-urgentes-para-los-vecinos-de-campillo-ante-el-riesgo-de-inundaciones-por-el-mal-estado-de-la-rambla-del-murciano\\\/#primaryimage\"},\"thumbnailUrl\":\"https:\\\/\\\/arealorcaradio.es\\\/wp-content\\\/uploads\\\/2025\\\/06\\\/WhatsApp-Image-2025-06-03-at-12.23.44-1.jpeg\",\"articleSection\":[\"ACTUALIDAD\",\"LORCA\"],\"inLanguage\":\"es\",\"potentialAction\":[{\"@type\":\"CommentAction\",\"name\":\"Comment\",\"target\":[\"https:\\\/\\\/arealorcaradio.es\\\/index.php\\\/2025\\\/06\\\/03\\\/el-alcalde-de-lorca-exige-soluciones-urgentes-para-los-vecinos-de-campillo-ante-el-riesgo-de-inundaciones-por-el-mal-estado-de-la-rambla-del-murciano\\\/#respond\"]}]},{\"@type\":\"WebPage\",\"@id\":\"https:\\\/\\\/arealorcaradio.es\\\/index.php\\\/2025\\\/06\\\/03\\\/el-alcalde-de-lorca-exige-soluciones-urgentes-para-los-vecinos-de-campillo-ante-el-riesgo-de-inundaciones-por-el-mal-estado-de-la-rambla-del-murciano\\\/\",\"url\":\"https:\\\/\\\/arealorcaradio.es\\\/index.php\\\/2025\\\/06\\\/03\\\/el-alcalde-de-lorca-exige-soluciones-urgentes-para-los-vecinos-de-campillo-ante-el-riesgo-de-inundaciones-por-el-mal-estado-de-la-rambla-del-murciano\\\/\",\"name\":\"El alcalde de Lorca exige soluciones urgentes para los vecinos de Campillo ante el riesgo de inundaciones por el mal estado de la Rambla del Murciano - AREA LORCA RADIO\",\"isPartOf\":{\"@id\":\"https:\\\/\\\/arealorcaradio.es\\\/#website\"},\"primaryImageOfPage\":{\"@id\":\"https:\\\/\\\/arealorcaradio.es\\\/index.php\\\/2025\\\/06\\\/03\\\/el-alcalde-de-lorca-exige-soluciones-urgentes-para-los-vecinos-de-campillo-ante-el-riesgo-de-inundaciones-por-el-mal-estado-de-la-rambla-del-murciano\\\/#primaryimage\"},\"image\":{\"@id\":\"https:\\\/\\\/arealorcaradio.es\\\/index.php\\\/2025\\\/06\\\/03\\\/el-alcalde-de-lorca-exige-soluciones-urgentes-para-los-vecinos-de-campillo-ante-el-riesgo-de-inundaciones-por-el-mal-estado-de-la-rambla-del-murciano\\\/#primaryimage\"},\"thumbnailUrl\":\"https:\\\/\\\/arealorcaradio.es\\\/wp-content\\\/uploads\\\/2025\\\/06\\\/WhatsApp-Image-2025-06-03-at-12.23.44-1.jpeg\",\"datePublished\":\"2025-06-03T10:42:53+00:00\",\"author\":{\"@id\":\"https:\\\/\\\/arealorcaradio.es\\\/#\\\/schema\\\/person\\\/9fae605fc25b0f2c83c1ab207139bd27\"},\"breadcrumb\":{\"@id\":\"https:\\\/\\\/arealorcaradio.es\\\/index.php\\\/2025\\\/06\\\/03\\\/el-alcalde-de-lorca-exige-soluciones-urgentes-para-los-vecinos-de-campillo-ante-el-riesgo-de-inundaciones-por-el-mal-estado-de-la-rambla-del-murciano\\\/#breadcrumb\"},\"inLanguage\":\"es\",\"potentialAction\":[{\"@type\":\"ReadAction\",\"target\":[\"https:\\\/\\\/arealorcaradio.es\\\/index.php\\\/2025\\\/06\\\/03\\\/el-alcalde-de-lorca-exige-soluciones-urgentes-para-los-vecinos-de-campillo-ante-el-riesgo-de-inundaciones-por-el-mal-estado-de-la-rambla-del-murciano\\\/\"]}]},{\"@type\":\"ImageObject\",\"inLanguage\":\"es\",\"@id\":\"https:\\\/\\\/arealorcaradio.es\\\/index.php\\\/2025\\\/06\\\/03\\\/el-alcalde-de-lorca-exige-soluciones-urgentes-para-los-vecinos-de-campillo-ante-el-riesgo-de-inundaciones-por-el-mal-estado-de-la-rambla-del-murciano\\\/#primaryimage\",\"url\":\"https:\\\/\\\/arealorcaradio.es\\\/wp-content\\\/uploads\\\/2025\\\/06\\\/WhatsApp-Image-2025-06-03-at-12.23.44-1.jpeg\",\"contentUrl\":\"https:\\\/\\\/arealorcaradio.es\\\/wp-content\\\/uploads\\\/2025\\\/06\\\/WhatsApp-Image-2025-06-03-at-12.23.44-1.jpeg\",\"width\":2048,\"height\":1536},{\"@type\":\"BreadcrumbList\",\"@id\":\"https:\\\/\\\/arealorcaradio.es\\\/index.php\\\/2025\\\/06\\\/03\\\/el-alcalde-de-lorca-exige-soluciones-urgentes-para-los-vecinos-de-campillo-ante-el-riesgo-de-inundaciones-por-el-mal-estado-de-la-rambla-del-murciano\\\/#breadcrumb\",\"itemListElement\":[{\"@type\":\"ListItem\",\"position\":1,\"name\":\"Portada\",\"item\":\"https:\\\/\\\/arealorcaradio.es\\\/\"},{\"@type\":\"ListItem\",\"position\":2,\"name\":\"El alcalde de Lorca exige soluciones urgentes para los vecinos de Campillo ante el riesgo de inundaciones por el mal estado de la Rambla del Murciano\"}]},{\"@type\":\"WebSite\",\"@id\":\"https:\\\/\\\/arealorcaradio.es\\\/#website\",\"url\":\"https:\\\/\\\/arealorcaradio.es\\\/\",\"name\":\"AREA LORCA RADIO\",\"description\":\"Descubre la programaci\u00f3n actual en \u00c1rea Lorca Radio, tu fuente de entrenamiento y noticias locales. Sintoniza ahora y mantente conectado online.\",\"potentialAction\":[{\"@type\":\"SearchAction\",\"target\":{\"@type\":\"EntryPoint\",\"urlTemplate\":\"https:\\\/\\\/arealorcaradio.es\\\/?s={search_term_string}\"},\"query-input\":{\"@type\":\"PropertyValueSpecification\",\"valueRequired\":true,\"valueName\":\"search_term_string\"}}],\"inLanguage\":\"es\"},{\"@type\":\"Person\",\"@id\":\"https:\\\/\\\/arealorcaradio.es\\\/#\\\/schema\\\/person\\\/9fae605fc25b0f2c83c1ab207139bd27\",\"name\":\"Paco S\u00e1nchez\",\"image\":{\"@type\":\"ImageObject\",\"inLanguage\":\"es\",\"@id\":\"https:\\\/\\\/secure.gravatar.com\\\/avatar\\\/d67144e966420fb74aa84c9f2a0103be4724fd14db52b52d3b6bca749f257e79?s=96&d=mm&r=g\",\"url\":\"https:\\\/\\\/secure.gravatar.com\\\/avatar\\\/d67144e966420fb74aa84c9f2a0103be4724fd14db52b52d3b6bca749f257e79?s=96&d=mm&r=g\",\"contentUrl\":\"https:\\\/\\\/secure.gravatar.com\\\/avatar\\\/d67144e966420fb74aa84c9f2a0103be4724fd14db52b52d3b6bca749f257e79?s=96&d=mm&r=g\",\"caption\":\"Paco S\u00e1nchez\"},\"sameAs\":[\"https:\\\/\\\/arealorcaradio.es\"],\"url\":\"https:\\\/\\\/arealorcaradio.es\\\/index.php\\\/author\\\/admin_alorcaradio\\\/\"}]}<\/script>\n<!-- \/ Yoast SEO plugin. -->","yoast_head_json":{"title":"El alcalde de Lorca exige soluciones urgentes para los vecinos de Campillo ante el riesgo de inundaciones por el mal estado de la Rambla del Murciano - AREA LORCA RADIO","robots":{"index":"index","follow":"follow","max-snippet":"max-snippet:-1","max-image-preview":"max-image-preview:large","max-video-preview":"max-video-preview:-1"},"canonical":"https:\/\/arealorcaradio.es\/index.php\/2025\/06\/03\/el-alcalde-de-lorca-exige-soluciones-urgentes-para-los-vecinos-de-campillo-ante-el-riesgo-de-inundaciones-por-el-mal-estado-de-la-rambla-del-murciano\/","og_locale":"es_ES","og_type":"article","og_title":"El alcalde de Lorca exige soluciones urgentes para los vecinos de Campillo ante el riesgo de inundaciones por el mal estado de la Rambla del Murciano - AREA LORCA RADIO","og_description":"\u00c1REA LORCA RADIO. Infraestructuras. 3 de junio de 2025. El alcalde de Lorca, Fulgencio Gil J\u00f3dar, ha exigido a la Confederaci\u00f3n Hidrogr\u00e1fica del Segura (CHS) soluciones urgentes y definitivas para los graves problemas que sufren los vecinos de la pedan\u00eda de Campillo como consecuencia del mal estado del cauce de la Rambla del Murciano, cuya [&hellip;]","og_url":"https:\/\/arealorcaradio.es\/index.php\/2025\/06\/03\/el-alcalde-de-lorca-exige-soluciones-urgentes-para-los-vecinos-de-campillo-ante-el-riesgo-de-inundaciones-por-el-mal-estado-de-la-rambla-del-murciano\/","og_site_name":"AREA LORCA RADIO","article_published_time":"2025-06-03T10:42:53+00:00","og_image":[{"width":2048,"height":1536,"url":"https:\/\/arealorcaradio.es\/wp-content\/uploads\/2025\/06\/WhatsApp-Image-2025-06-03-at-12.23.44-1.jpeg","type":"image\/jpeg"}],"author":"Paco S\u00e1nchez","twitter_card":"summary_large_image","twitter_misc":{"Escrito por":"Paco S\u00e1nchez","Tiempo de lectura":"5 minutos"},"schema":{"@context":"https:\/\/schema.org","@graph":[{"@type":"Article","@id":"https:\/\/arealorcaradio.es\/index.php\/2025\/06\/03\/el-alcalde-de-lorca-exige-soluciones-urgentes-para-los-vecinos-de-campillo-ante-el-riesgo-de-inundaciones-por-el-mal-estado-de-la-rambla-del-murciano\/#article","isPartOf":{"@id":"https:\/\/arealorcaradio.es\/index.php\/2025\/06\/03\/el-alcalde-de-lorca-exige-soluciones-urgentes-para-los-vecinos-de-campillo-ante-el-riesgo-de-inundaciones-por-el-mal-estado-de-la-rambla-del-murciano\/"},"author":{"name":"Paco S\u00e1nchez","@id":"https:\/\/arealorcaradio.es\/#\/schema\/person\/9fae605fc25b0f2c83c1ab207139bd27"},"headline":"El alcalde de Lorca exige soluciones urgentes para los vecinos de Campillo ante el riesgo de inundaciones por el mal estado de la Rambla del Murciano","datePublished":"2025-06-03T10:42:53+00:00","mainEntityOfPage":{"@id":"https:\/\/arealorcaradio.es\/index.php\/2025\/06\/03\/el-alcalde-de-lorca-exige-soluciones-urgentes-para-los-vecinos-de-campillo-ante-el-riesgo-de-inundaciones-por-el-mal-estado-de-la-rambla-del-murciano\/"},"wordCount":735,"commentCount":0,"image":{"@id":"https:\/\/arealorcaradio.es\/index.php\/2025\/06\/03\/el-alcalde-de-lorca-exige-soluciones-urgentes-para-los-vecinos-de-campillo-ante-el-riesgo-de-inundaciones-por-el-mal-estado-de-la-rambla-del-murciano\/#primaryimage"},"thumbnailUrl":"https:\/\/arealorcaradio.es\/wp-content\/uploads\/2025\/06\/WhatsApp-Image-2025-06-03-at-12.23.44-1.jpeg","articleSection":["ACTUALIDAD","LORCA"],"inLanguage":"es","potentialAction":[{"@type":"CommentAction","name":"Comment","target":["https:\/\/arealorcaradio.es\/index.php\/2025\/06\/03\/el-alcalde-de-lorca-exige-soluciones-urgentes-para-los-vecinos-de-campillo-ante-el-riesgo-de-inundaciones-por-el-mal-estado-de-la-rambla-del-murciano\/#respond"]}]},{"@type":"WebPage","@id":"https:\/\/arealorcaradio.es\/index.php\/2025\/06\/03\/el-alcalde-de-lorca-exige-soluciones-urgentes-para-los-vecinos-de-campillo-ante-el-riesgo-de-inundaciones-por-el-mal-estado-de-la-rambla-del-murciano\/","url":"https:\/\/arealorcaradio.es\/index.php\/2025\/06\/03\/el-alcalde-de-lorca-exige-soluciones-urgentes-para-los-vecinos-de-campillo-ante-el-riesgo-de-inundaciones-por-el-mal-estado-de-la-rambla-del-murciano\/","name":"El alcalde de Lorca exige soluciones urgentes para los vecinos de Campillo ante el riesgo de inundaciones por el mal estado de la Rambla del Murciano - AREA LORCA RADIO","isPartOf":{"@id":"https:\/\/arealorcaradio.es\/#website"},"primaryImageOfPage":{"@id":"https:\/\/arealorcaradio.es\/index.php\/2025\/06\/03\/el-alcalde-de-lorca-exige-soluciones-urgentes-para-los-vecinos-de-campillo-ante-el-riesgo-de-inundaciones-por-el-mal-estado-de-la-rambla-del-murciano\/#primaryimage"},"image":{"@id":"https:\/\/arealorcaradio.es\/index.php\/2025\/06\/03\/el-alcalde-de-lorca-exige-soluciones-urgentes-para-los-vecinos-de-campillo-ante-el-riesgo-de-inundaciones-por-el-mal-estado-de-la-rambla-del-murciano\/#primaryimage"},"thumbnailUrl":"https:\/\/arealorcaradio.es\/wp-content\/uploads\/2025\/06\/WhatsApp-Image-2025-06-03-at-12.23.44-1.jpeg","datePublished":"2025-06-03T10:42:53+00:00","author":{"@id":"https:\/\/arealorcaradio.es\/#\/schema\/person\/9fae605fc25b0f2c83c1ab207139bd27"},"breadcrumb":{"@id":"https:\/\/arealorcaradio.es\/index.php\/2025\/06\/03\/el-alcalde-de-lorca-exige-soluciones-urgentes-para-los-vecinos-de-campillo-ante-el-riesgo-de-inundaciones-por-el-mal-estado-de-la-rambla-del-murciano\/#breadcrumb"},"inLanguage":"es","potentialAction":[{"@type":"ReadAction","target":["https:\/\/arealorcaradio.es\/index.php\/2025\/06\/03\/el-alcalde-de-lorca-exige-soluciones-urgentes-para-los-vecinos-de-campillo-ante-el-riesgo-de-inundaciones-por-el-mal-estado-de-la-rambla-del-murciano\/"]}]},{"@type":"ImageObject","inLanguage":"es","@id":"https:\/\/arealorcaradio.es\/index.php\/2025\/06\/03\/el-alcalde-de-lorca-exige-soluciones-urgentes-para-los-vecinos-de-campillo-ante-el-riesgo-de-inundaciones-por-el-mal-estado-de-la-rambla-del-murciano\/#primaryimage","url":"https:\/\/arealorcaradio.es\/wp-content\/uploads\/2025\/06\/WhatsApp-Image-2025-06-03-at-12.23.44-1.jpeg","contentUrl":"https:\/\/arealorcaradio.es\/wp-content\/uploads\/2025\/06\/WhatsApp-Image-2025-06-03-at-12.23.44-1.jpeg","width":2048,"height":1536},{"@type":"BreadcrumbList","@id":"https:\/\/arealorcaradio.es\/index.php\/2025\/06\/03\/el-alcalde-de-lorca-exige-soluciones-urgentes-para-los-vecinos-de-campillo-ante-el-riesgo-de-inundaciones-por-el-mal-estado-de-la-rambla-del-murciano\/#breadcrumb","itemListElement":[{"@type":"ListItem","position":1,"name":"Portada","item":"https:\/\/arealorcaradio.es\/"},{"@type":"ListItem","position":2,"name":"El alcalde de Lorca exige soluciones urgentes para los vecinos de Campillo ante el riesgo de inundaciones por el mal estado de la Rambla del Murciano"}]},{"@type":"WebSite","@id":"https:\/\/arealorcaradio.es\/#website","url":"https:\/\/arealorcaradio.es\/","name":"AREA LORCA RADIO","description":"Descubre la programaci\u00f3n actual en \u00c1rea Lorca Radio, tu fuente de entrenamiento y noticias locales. Sintoniza ahora y mantente conectado online.","potentialAction":[{"@type":"SearchAction","target":{"@type":"EntryPoint","urlTemplate":"https:\/\/arealorcaradio.es\/?s={search_term_string}"},"query-input":{"@type":"PropertyValueSpecification","valueRequired":true,"valueName":"search_term_string"}}],"inLanguage":"es"},{"@type":"Person","@id":"https:\/\/arealorcaradio.es\/#\/schema\/person\/9fae605fc25b0f2c83c1ab207139bd27","name":"Paco S\u00e1nchez","image":{"@type":"ImageObject","inLanguage":"es","@id":"https:\/\/secure.gravatar.com\/avatar\/d67144e966420fb74aa84c9f2a0103be4724fd14db52b52d3b6bca749f257e79?s=96&d=mm&r=g","url":"https:\/\/secure.gravatar.com\/avatar\/d67144e966420fb74aa84c9f2a0103be4724fd14db52b52d3b6bca749f257e79?s=96&d=mm&r=g","contentUrl":"https:\/\/secure.gravatar.com\/avatar\/d67144e966420fb74aa84c9f2a0103be4724fd14db52b52d3b6bca749f257e79?s=96&d=mm&r=g","caption":"Paco S\u00e1nchez"},"sameAs":["https:\/\/arealorcaradio.es"],"url":"https:\/\/arealorcaradio.es\/index.php\/author\/admin_alorcaradio\/"}]}},"_links":{"self":[{"href":"https:\/\/arealorcaradio.es\/index.php\/wp-json\/wp\/v2\/posts\/6800","targetHints":{"allow":["GET"]}}],"collection":[{"href":"https:\/\/arealorcaradio.es\/index.php\/wp-json\/wp\/v2\/posts"}],"about":[{"href":"https:\/\/arealorcaradio.es\/index.php\/wp-json\/wp\/v2\/types\/post"}],"author":[{"embeddable":true,"href":"https:\/\/arealorcaradio.es\/index.php\/wp-json\/wp\/v2\/users\/1"}],"replies":[{"embeddable":true,"href":"https:\/\/arealorcaradio.es\/index.php\/wp-json\/wp\/v2\/comments?post=6800"}],"version-history":[{"count":2,"href":"https:\/\/arealorcaradio.es\/index.php\/wp-json\/wp\/v2\/posts\/6800\/revisions"}],"predecessor-version":[{"id":6807,"href":"https:\/\/arealorcaradio.es\/index.php\/wp-json\/wp\/v2\/posts\/6800\/revisions\/6807"}],"wp:featuredmedia":[{"embeddable":true,"href":"https:\/\/arealorcaradio.es\/index.php\/wp-json\/wp\/v2\/media\/6801"}],"wp:attachment":[{"href":"https:\/\/arealorcaradio.es\/index.php\/wp-json\/wp\/v2\/media?parent=6800"}],"wp:term":[{"taxonomy":"category","embeddable":true,"href":"https:\/\/arealorcaradio.es\/index.php\/wp-json\/wp\/v2\/categories?post=6800"},{"taxonomy":"post_tag","embeddable":true,"href":"https:\/\/arealorcaradio.es\/index.php\/wp-json\/wp\/v2\/tags?post=6800"}],"curies":[{"name":"wp","href":"https:\/\/api.w.org\/{rel}","templated":true}]}}