{"id":6790,"date":"2025-06-03T09:49:40","date_gmt":"2025-06-03T09:49:40","guid":{"rendered":"https:\/\/arealorcaradio.es\/?p=6790"},"modified":"2025-06-03T09:53:52","modified_gmt":"2025-06-03T09:53:52","slug":"mas-de-300-ninos-de-cinco-centros-educativos-de-lorca-convierten-la-bicicleta-en-su-medio-de-transporte-para-ir-al-cole","status":"publish","type":"post","link":"https:\/\/arealorcaradio.es\/index.php\/2025\/06\/03\/mas-de-300-ninos-de-cinco-centros-educativos-de-lorca-convierten-la-bicicleta-en-su-medio-de-transporte-para-ir-al-cole\/","title":{"rendered":"M\u00e1s de 300 ni\u00f1os de cinco centros educativos de Lorca convierten la bicicleta en su medio de transporte para ir al cole"},"content":{"rendered":"<p><strong>\u00c1REA LORCA RADIO. Medio Ambiente.<\/strong><\/p>\n<p class=\"v1MsoNormal\"><b><span lang=\"ES-TRAD\">Lorca, 3 de junio de 2025.<\/span><\/b><span lang=\"ES-TRAD\"> \u00ab<\/span><span lang=\"ES-TRAD\">En pocos meses hemos conseguido que centenares de ni\u00f1os hayan ido al cole utilizando la bicicleta, y han interiorizado las bondades de la utilizaci\u00f3n de esta forma de transporte, pudiendo comprobar por s\u00ed mismos que es m\u00e1s ecol\u00f3gico, sostenible y saludable, y que esto favorece, a su vez, un entorno m\u00e1s respetuoso con el Medio Ambiente\u00bb, ha apuntado la edil de Medio Ambiente, Mar\u00eda Hern\u00e1ndez.<\/span><\/p>\n<p class=\"v1MsoNormal\"><span lang=\"ES-TRAD\"><img loading=\"lazy\" decoding=\"async\" class=\"alignnone size-medium wp-image-6795\" src=\"https:\/\/arealorcaradio.es\/wp-content\/uploads\/2025\/06\/Imagen-Bicibus-300x225.jpeg\" alt=\"\" width=\"300\" height=\"225\" srcset=\"https:\/\/arealorcaradio.es\/wp-content\/uploads\/2025\/06\/Imagen-Bicibus-300x225.jpeg 300w, https:\/\/arealorcaradio.es\/wp-content\/uploads\/2025\/06\/Imagen-Bicibus-1024x768.jpeg 1024w, https:\/\/arealorcaradio.es\/wp-content\/uploads\/2025\/06\/Imagen-Bicibus-768x576.jpeg 768w, https:\/\/arealorcaradio.es\/wp-content\/uploads\/2025\/06\/Imagen-Bicibus-1536x1152.jpeg 1536w, https:\/\/arealorcaradio.es\/wp-content\/uploads\/2025\/06\/Imagen-Bicibus-86x64.jpeg 86w, https:\/\/arealorcaradio.es\/wp-content\/uploads\/2025\/06\/Imagen-Bicibus.jpeg 1600w\" sizes=\"auto, (max-width: 300px) 100vw, 300px\" \/> <img loading=\"lazy\" decoding=\"async\" class=\"alignnone size-medium wp-image-6791\" src=\"https:\/\/arealorcaradio.es\/wp-content\/uploads\/2025\/06\/Bicibus-04-300x225.jpeg\" alt=\"\" width=\"300\" height=\"225\" srcset=\"https:\/\/arealorcaradio.es\/wp-content\/uploads\/2025\/06\/Bicibus-04-300x225.jpeg 300w, https:\/\/arealorcaradio.es\/wp-content\/uploads\/2025\/06\/Bicibus-04-1024x768.jpeg 1024w, https:\/\/arealorcaradio.es\/wp-content\/uploads\/2025\/06\/Bicibus-04-768x576.jpeg 768w, https:\/\/arealorcaradio.es\/wp-content\/uploads\/2025\/06\/Bicibus-04-1536x1152.jpeg 1536w, https:\/\/arealorcaradio.es\/wp-content\/uploads\/2025\/06\/Bicibus-04-86x64.jpeg 86w, https:\/\/arealorcaradio.es\/wp-content\/uploads\/2025\/06\/Bicibus-04.jpeg 1600w\" sizes=\"auto, (max-width: 300px) 100vw, 300px\" \/><\/span><\/p>\n<p class=\"v1MsoNormal\"><span lang=\"ES-TRAD\">Lo ha hecho hoy, 3 de junio, D\u00eda internacional de la bicicleta, precisamente el \u00faltimo d\u00eda de la campa\u00f1a \u00abEn bici al cole me divierto\u00bb, puesta en marcha el pasado mes de septiembre, desde la Concejal\u00eda de Medio Ambiente en colaboraci\u00f3n con el \u00e1rea de Educaci\u00f3n, y en la que \u00ablos resultados no han podido ser mejores. Lo cierto es que se ha convertido en una actividad multitudinaria por la que estamos dispuestos a apostar desde el Gobierno de Lorca en aras del fomento de la actividad f\u00edsica entre los m\u00e1s j\u00f3venes y el respeto al Medio Ambiente\u00bb.<\/span><\/p>\n<p class=\"v1MsoNormal\"><span lang=\"ES-TRAD\"><img loading=\"lazy\" decoding=\"async\" class=\"alignnone size-medium wp-image-6793\" src=\"https:\/\/arealorcaradio.es\/wp-content\/uploads\/2025\/06\/Bicibus03-300x225.jpeg\" alt=\"\" width=\"300\" height=\"225\" srcset=\"https:\/\/arealorcaradio.es\/wp-content\/uploads\/2025\/06\/Bicibus03-300x225.jpeg 300w, https:\/\/arealorcaradio.es\/wp-content\/uploads\/2025\/06\/Bicibus03-1024x768.jpeg 1024w, https:\/\/arealorcaradio.es\/wp-content\/uploads\/2025\/06\/Bicibus03-768x576.jpeg 768w, https:\/\/arealorcaradio.es\/wp-content\/uploads\/2025\/06\/Bicibus03-1536x1152.jpeg 1536w, https:\/\/arealorcaradio.es\/wp-content\/uploads\/2025\/06\/Bicibus03-86x64.jpeg 86w, https:\/\/arealorcaradio.es\/wp-content\/uploads\/2025\/06\/Bicibus03.jpeg 1600w\" sizes=\"auto, (max-width: 300px) 100vw, 300px\" \/> <img loading=\"lazy\" decoding=\"async\" class=\"alignnone size-medium wp-image-6796\" src=\"https:\/\/arealorcaradio.es\/wp-content\/uploads\/2025\/06\/Bicibus01-300x225.jpeg\" alt=\"\" width=\"300\" height=\"225\" srcset=\"https:\/\/arealorcaradio.es\/wp-content\/uploads\/2025\/06\/Bicibus01-300x225.jpeg 300w, https:\/\/arealorcaradio.es\/wp-content\/uploads\/2025\/06\/Bicibus01-1024x768.jpeg 1024w, https:\/\/arealorcaradio.es\/wp-content\/uploads\/2025\/06\/Bicibus01-768x576.jpeg 768w, https:\/\/arealorcaradio.es\/wp-content\/uploads\/2025\/06\/Bicibus01-1536x1152.jpeg 1536w, https:\/\/arealorcaradio.es\/wp-content\/uploads\/2025\/06\/Bicibus01-86x64.jpeg 86w, https:\/\/arealorcaradio.es\/wp-content\/uploads\/2025\/06\/Bicibus01.jpeg 1600w\" sizes=\"auto, (max-width: 300px) 100vw, 300px\" \/><\/span><\/p>\n<p class=\"v1MsoNormal\"><span lang=\"ES-TRAD\">Y es que m\u00e1s de 300 alumnos lorquinos de un total de cinco colegios del municipio se han sumado a la iniciativa, que tuvo su experiencia piloto el a\u00f1o pasado, con el objetivo de dar visibilidad a esta m\u00e9todo de transporte activo y que contribuye en la lucha contra la contaminaci\u00f3n, especialmente en los entornos urbanos, pues por cada kil\u00f3metro recorrido en bicicleta dejamos de emitir 0.2 kilogramos de CO2 a la atm\u00f3sfera. Adem\u00e1s, los ni\u00f1os llegan m\u00e1s despiertos y menos pasivos al colegio\u00bb. Los\u00a0colegios adheridos han sido: Virgen de las huertas, San Jos\u00e9, San Fernando, Jos\u00e9 Robles y colegio Alma.<\/span><\/p>\n<p class=\"v1MsoNormal\"><span lang=\"ES-TRAD\">\u00abEl objetivo de la activaci\u00f3n de este &#8216;Bicibus&#8217; ha sido, fundamentalmente, el de crear h\u00e1bitos saludables para los desplazamientos cotidianos con los m\u00e1s peque\u00f1os de la casa, concienciando a los alumnos a hacer los desplazamientos cotidianos de una forma sostenible. Para ello -en colaboraci\u00f3n con los centros que han querido adherirse a la campa\u00f1a, de forma gratuita y abierta, por supuesto- los alumnos al menos una vez al mes han cogido sus bicicletas y han ido al cole en ellas siguiendo unas rutas establecidas por los coles con la colaboraci\u00f3n en algunos casos con el Ayuntamiento.<\/span><\/p>\n<p class=\"v1MsoNormal\"><span lang=\"ES-TRAD\">Se han fijado tanto los recorridos (o l\u00edneas) como las paradas donde los ni\u00f1os han ido sum\u00e1ndose para ir juntos pedaleando al cole. Adem\u00e1s, desde el Ayuntamiento se les ha obsequiado con petos y pulseras para hacerlos m\u00e1s visibles y con timbres para que vayan bien equipados.<\/span><\/p>\n<p class=\"v1MsoNormal\"><span lang=\"ES-TRAD\">\u00abEn muchos de los casos, al final, los alumnos lo han asumido como un h\u00e1bito cotidiano, que era nuestro prop\u00f3sito, con las ventajas que esto aporta tanto para la salud de los ni\u00f1os como para el tr\u00e1fico y la reducci\u00f3n de la contaminaci\u00f3n en la ciudad. Es m\u00e1s, se ha podido comprobar como los aparcabicis de estos coles se quedaban peque\u00f1os y muchos se han ampliado por parte del Ayuntamiento para dar cabida a las nuevas incorporaciones de bicis en el cole\u00bb.<\/span><\/p>\n","protected":false},"excerpt":{"rendered":"<p>\u00c1REA LORCA RADIO. Medio Ambiente. Lorca, 3 de junio de 2025. \u00abEn pocos meses hemos conseguido que centenares de ni\u00f1os hayan ido al cole utilizando la bicicleta, y han interiorizado las bondades de la utilizaci\u00f3n de esta forma de transporte, pudiendo comprobar por s\u00ed mismos que es m\u00e1s ecol\u00f3gico, sostenible y saludable, y que esto [&hellip;]<\/p>\n","protected":false},"author":1,"featured_media":6794,"comment_status":"open","ping_status":"open","sticky":false,"template":"","format":"standard","meta":{"iawp_total_views":9,"footnotes":""},"categories":[5,7],"tags":[],"class_list":["post-6790","post","type-post","status-publish","format-standard","has-post-thumbnail","hentry","category-actualidad","category-lorca"],"yoast_head":"<!-- This site is optimized with the Yoast SEO plugin v27.5 - https:\/\/yoast.com\/product\/yoast-seo-wordpress\/ -->\n<title>M\u00e1s de 300 ni\u00f1os de cinco centros educativos de Lorca convierten la bicicleta en su medio de transporte para ir al cole - AREA LORCA RADIO<\/title>\n<meta name=\"robots\" content=\"index, follow, max-snippet:-1, max-image-preview:large, max-video-preview:-1\" \/>\n<link rel=\"canonical\" href=\"https:\/\/arealorcaradio.es\/index.php\/2025\/06\/03\/mas-de-300-ninos-de-cinco-centros-educativos-de-lorca-convierten-la-bicicleta-en-su-medio-de-transporte-para-ir-al-cole\/\" \/>\n<meta property=\"og:locale\" content=\"es_ES\" \/>\n<meta property=\"og:type\" content=\"article\" \/>\n<meta property=\"og:title\" content=\"M\u00e1s de 300 ni\u00f1os de cinco centros educativos de Lorca convierten la bicicleta en su medio de transporte para ir al cole - AREA LORCA RADIO\" \/>\n<meta property=\"og:description\" content=\"\u00c1REA LORCA RADIO. Medio Ambiente. Lorca, 3 de junio de 2025. \u00abEn pocos meses hemos conseguido que centenares de ni\u00f1os hayan ido al cole utilizando la bicicleta, y han interiorizado las bondades de la utilizaci\u00f3n de esta forma de transporte, pudiendo comprobar por s\u00ed mismos que es m\u00e1s ecol\u00f3gico, sostenible y saludable, y que esto [&hellip;]\" \/>\n<meta property=\"og:url\" content=\"https:\/\/arealorcaradio.es\/index.php\/2025\/06\/03\/mas-de-300-ninos-de-cinco-centros-educativos-de-lorca-convierten-la-bicicleta-en-su-medio-de-transporte-para-ir-al-cole\/\" \/>\n<meta property=\"og:site_name\" content=\"AREA LORCA RADIO\" \/>\n<meta property=\"article:published_time\" content=\"2025-06-03T09:49:40+00:00\" \/>\n<meta property=\"article:modified_time\" content=\"2025-06-03T09:53:52+00:00\" \/>\n<meta property=\"og:image\" content=\"https:\/\/arealorcaradio.es\/wp-content\/uploads\/2025\/06\/Bicibus02.jpeg\" \/>\n\t<meta property=\"og:image:width\" content=\"1600\" \/>\n\t<meta property=\"og:image:height\" content=\"1200\" \/>\n\t<meta property=\"og:image:type\" content=\"image\/jpeg\" \/>\n<meta name=\"author\" content=\"Paco S\u00e1nchez\" \/>\n<meta name=\"twitter:card\" content=\"summary_large_image\" \/>\n<meta name=\"twitter:label1\" content=\"Escrito por\" \/>\n\t<meta name=\"twitter:data1\" content=\"Paco S\u00e1nchez\" \/>\n\t<meta name=\"twitter:label2\" content=\"Tiempo de lectura\" \/>\n\t<meta name=\"twitter:data2\" content=\"4 minutos\" \/>\n<script type=\"application\/ld+json\" class=\"yoast-schema-graph\">{\"@context\":\"https:\\\/\\\/schema.org\",\"@graph\":[{\"@type\":\"Article\",\"@id\":\"https:\\\/\\\/arealorcaradio.es\\\/index.php\\\/2025\\\/06\\\/03\\\/mas-de-300-ninos-de-cinco-centros-educativos-de-lorca-convierten-la-bicicleta-en-su-medio-de-transporte-para-ir-al-cole\\\/#article\",\"isPartOf\":{\"@id\":\"https:\\\/\\\/arealorcaradio.es\\\/index.php\\\/2025\\\/06\\\/03\\\/mas-de-300-ninos-de-cinco-centros-educativos-de-lorca-convierten-la-bicicleta-en-su-medio-de-transporte-para-ir-al-cole\\\/\"},\"author\":{\"name\":\"Paco S\u00e1nchez\",\"@id\":\"https:\\\/\\\/arealorcaradio.es\\\/#\\\/schema\\\/person\\\/9fae605fc25b0f2c83c1ab207139bd27\"},\"headline\":\"M\u00e1s de 300 ni\u00f1os de cinco centros educativos de Lorca convierten la bicicleta en su medio de transporte para ir al cole\",\"datePublished\":\"2025-06-03T09:49:40+00:00\",\"dateModified\":\"2025-06-03T09:53:52+00:00\",\"mainEntityOfPage\":{\"@id\":\"https:\\\/\\\/arealorcaradio.es\\\/index.php\\\/2025\\\/06\\\/03\\\/mas-de-300-ninos-de-cinco-centros-educativos-de-lorca-convierten-la-bicicleta-en-su-medio-de-transporte-para-ir-al-cole\\\/\"},\"wordCount\":564,\"commentCount\":0,\"image\":{\"@id\":\"https:\\\/\\\/arealorcaradio.es\\\/index.php\\\/2025\\\/06\\\/03\\\/mas-de-300-ninos-de-cinco-centros-educativos-de-lorca-convierten-la-bicicleta-en-su-medio-de-transporte-para-ir-al-cole\\\/#primaryimage\"},\"thumbnailUrl\":\"https:\\\/\\\/arealorcaradio.es\\\/wp-content\\\/uploads\\\/2025\\\/06\\\/Bicibus02.jpeg\",\"articleSection\":[\"ACTUALIDAD\",\"LORCA\"],\"inLanguage\":\"es\",\"potentialAction\":[{\"@type\":\"CommentAction\",\"name\":\"Comment\",\"target\":[\"https:\\\/\\\/arealorcaradio.es\\\/index.php\\\/2025\\\/06\\\/03\\\/mas-de-300-ninos-de-cinco-centros-educativos-de-lorca-convierten-la-bicicleta-en-su-medio-de-transporte-para-ir-al-cole\\\/#respond\"]}]},{\"@type\":\"WebPage\",\"@id\":\"https:\\\/\\\/arealorcaradio.es\\\/index.php\\\/2025\\\/06\\\/03\\\/mas-de-300-ninos-de-cinco-centros-educativos-de-lorca-convierten-la-bicicleta-en-su-medio-de-transporte-para-ir-al-cole\\\/\",\"url\":\"https:\\\/\\\/arealorcaradio.es\\\/index.php\\\/2025\\\/06\\\/03\\\/mas-de-300-ninos-de-cinco-centros-educativos-de-lorca-convierten-la-bicicleta-en-su-medio-de-transporte-para-ir-al-cole\\\/\",\"name\":\"M\u00e1s de 300 ni\u00f1os de cinco centros educativos de Lorca convierten la bicicleta en su medio de transporte para ir al cole - AREA LORCA RADIO\",\"isPartOf\":{\"@id\":\"https:\\\/\\\/arealorcaradio.es\\\/#website\"},\"primaryImageOfPage\":{\"@id\":\"https:\\\/\\\/arealorcaradio.es\\\/index.php\\\/2025\\\/06\\\/03\\\/mas-de-300-ninos-de-cinco-centros-educativos-de-lorca-convierten-la-bicicleta-en-su-medio-de-transporte-para-ir-al-cole\\\/#primaryimage\"},\"image\":{\"@id\":\"https:\\\/\\\/arealorcaradio.es\\\/index.php\\\/2025\\\/06\\\/03\\\/mas-de-300-ninos-de-cinco-centros-educativos-de-lorca-convierten-la-bicicleta-en-su-medio-de-transporte-para-ir-al-cole\\\/#primaryimage\"},\"thumbnailUrl\":\"https:\\\/\\\/arealorcaradio.es\\\/wp-content\\\/uploads\\\/2025\\\/06\\\/Bicibus02.jpeg\",\"datePublished\":\"2025-06-03T09:49:40+00:00\",\"dateModified\":\"2025-06-03T09:53:52+00:00\",\"author\":{\"@id\":\"https:\\\/\\\/arealorcaradio.es\\\/#\\\/schema\\\/person\\\/9fae605fc25b0f2c83c1ab207139bd27\"},\"breadcrumb\":{\"@id\":\"https:\\\/\\\/arealorcaradio.es\\\/index.php\\\/2025\\\/06\\\/03\\\/mas-de-300-ninos-de-cinco-centros-educativos-de-lorca-convierten-la-bicicleta-en-su-medio-de-transporte-para-ir-al-cole\\\/#breadcrumb\"},\"inLanguage\":\"es\",\"potentialAction\":[{\"@type\":\"ReadAction\",\"target\":[\"https:\\\/\\\/arealorcaradio.es\\\/index.php\\\/2025\\\/06\\\/03\\\/mas-de-300-ninos-de-cinco-centros-educativos-de-lorca-convierten-la-bicicleta-en-su-medio-de-transporte-para-ir-al-cole\\\/\"]}]},{\"@type\":\"ImageObject\",\"inLanguage\":\"es\",\"@id\":\"https:\\\/\\\/arealorcaradio.es\\\/index.php\\\/2025\\\/06\\\/03\\\/mas-de-300-ninos-de-cinco-centros-educativos-de-lorca-convierten-la-bicicleta-en-su-medio-de-transporte-para-ir-al-cole\\\/#primaryimage\",\"url\":\"https:\\\/\\\/arealorcaradio.es\\\/wp-content\\\/uploads\\\/2025\\\/06\\\/Bicibus02.jpeg\",\"contentUrl\":\"https:\\\/\\\/arealorcaradio.es\\\/wp-content\\\/uploads\\\/2025\\\/06\\\/Bicibus02.jpeg\",\"width\":1600,\"height\":1200},{\"@type\":\"BreadcrumbList\",\"@id\":\"https:\\\/\\\/arealorcaradio.es\\\/index.php\\\/2025\\\/06\\\/03\\\/mas-de-300-ninos-de-cinco-centros-educativos-de-lorca-convierten-la-bicicleta-en-su-medio-de-transporte-para-ir-al-cole\\\/#breadcrumb\",\"itemListElement\":[{\"@type\":\"ListItem\",\"position\":1,\"name\":\"Portada\",\"item\":\"https:\\\/\\\/arealorcaradio.es\\\/\"},{\"@type\":\"ListItem\",\"position\":2,\"name\":\"M\u00e1s de 300 ni\u00f1os de cinco centros educativos de Lorca convierten la bicicleta en su medio de transporte para ir al cole\"}]},{\"@type\":\"WebSite\",\"@id\":\"https:\\\/\\\/arealorcaradio.es\\\/#website\",\"url\":\"https:\\\/\\\/arealorcaradio.es\\\/\",\"name\":\"AREA LORCA RADIO\",\"description\":\"Descubre la programaci\u00f3n actual en \u00c1rea Lorca Radio, tu fuente de entrenamiento y noticias locales. Sintoniza ahora y mantente conectado online.\",\"potentialAction\":[{\"@type\":\"SearchAction\",\"target\":{\"@type\":\"EntryPoint\",\"urlTemplate\":\"https:\\\/\\\/arealorcaradio.es\\\/?s={search_term_string}\"},\"query-input\":{\"@type\":\"PropertyValueSpecification\",\"valueRequired\":true,\"valueName\":\"search_term_string\"}}],\"inLanguage\":\"es\"},{\"@type\":\"Person\",\"@id\":\"https:\\\/\\\/arealorcaradio.es\\\/#\\\/schema\\\/person\\\/9fae605fc25b0f2c83c1ab207139bd27\",\"name\":\"Paco S\u00e1nchez\",\"image\":{\"@type\":\"ImageObject\",\"inLanguage\":\"es\",\"@id\":\"https:\\\/\\\/secure.gravatar.com\\\/avatar\\\/d67144e966420fb74aa84c9f2a0103be4724fd14db52b52d3b6bca749f257e79?s=96&d=mm&r=g\",\"url\":\"https:\\\/\\\/secure.gravatar.com\\\/avatar\\\/d67144e966420fb74aa84c9f2a0103be4724fd14db52b52d3b6bca749f257e79?s=96&d=mm&r=g\",\"contentUrl\":\"https:\\\/\\\/secure.gravatar.com\\\/avatar\\\/d67144e966420fb74aa84c9f2a0103be4724fd14db52b52d3b6bca749f257e79?s=96&d=mm&r=g\",\"caption\":\"Paco S\u00e1nchez\"},\"sameAs\":[\"https:\\\/\\\/arealorcaradio.es\"],\"url\":\"https:\\\/\\\/arealorcaradio.es\\\/index.php\\\/author\\\/admin_alorcaradio\\\/\"}]}<\/script>\n<!-- \/ Yoast SEO plugin. -->","yoast_head_json":{"title":"M\u00e1s de 300 ni\u00f1os de cinco centros educativos de Lorca convierten la bicicleta en su medio de transporte para ir al cole - AREA LORCA RADIO","robots":{"index":"index","follow":"follow","max-snippet":"max-snippet:-1","max-image-preview":"max-image-preview:large","max-video-preview":"max-video-preview:-1"},"canonical":"https:\/\/arealorcaradio.es\/index.php\/2025\/06\/03\/mas-de-300-ninos-de-cinco-centros-educativos-de-lorca-convierten-la-bicicleta-en-su-medio-de-transporte-para-ir-al-cole\/","og_locale":"es_ES","og_type":"article","og_title":"M\u00e1s de 300 ni\u00f1os de cinco centros educativos de Lorca convierten la bicicleta en su medio de transporte para ir al cole - AREA LORCA RADIO","og_description":"\u00c1REA LORCA RADIO. Medio Ambiente. Lorca, 3 de junio de 2025. \u00abEn pocos meses hemos conseguido que centenares de ni\u00f1os hayan ido al cole utilizando la bicicleta, y han interiorizado las bondades de la utilizaci\u00f3n de esta forma de transporte, pudiendo comprobar por s\u00ed mismos que es m\u00e1s ecol\u00f3gico, sostenible y saludable, y que esto [&hellip;]","og_url":"https:\/\/arealorcaradio.es\/index.php\/2025\/06\/03\/mas-de-300-ninos-de-cinco-centros-educativos-de-lorca-convierten-la-bicicleta-en-su-medio-de-transporte-para-ir-al-cole\/","og_site_name":"AREA LORCA RADIO","article_published_time":"2025-06-03T09:49:40+00:00","article_modified_time":"2025-06-03T09:53:52+00:00","og_image":[{"width":1600,"height":1200,"url":"https:\/\/arealorcaradio.es\/wp-content\/uploads\/2025\/06\/Bicibus02.jpeg","type":"image\/jpeg"}],"author":"Paco S\u00e1nchez","twitter_card":"summary_large_image","twitter_misc":{"Escrito por":"Paco S\u00e1nchez","Tiempo de lectura":"4 minutos"},"schema":{"@context":"https:\/\/schema.org","@graph":[{"@type":"Article","@id":"https:\/\/arealorcaradio.es\/index.php\/2025\/06\/03\/mas-de-300-ninos-de-cinco-centros-educativos-de-lorca-convierten-la-bicicleta-en-su-medio-de-transporte-para-ir-al-cole\/#article","isPartOf":{"@id":"https:\/\/arealorcaradio.es\/index.php\/2025\/06\/03\/mas-de-300-ninos-de-cinco-centros-educativos-de-lorca-convierten-la-bicicleta-en-su-medio-de-transporte-para-ir-al-cole\/"},"author":{"name":"Paco S\u00e1nchez","@id":"https:\/\/arealorcaradio.es\/#\/schema\/person\/9fae605fc25b0f2c83c1ab207139bd27"},"headline":"M\u00e1s de 300 ni\u00f1os de cinco centros educativos de Lorca convierten la bicicleta en su medio de transporte para ir al cole","datePublished":"2025-06-03T09:49:40+00:00","dateModified":"2025-06-03T09:53:52+00:00","mainEntityOfPage":{"@id":"https:\/\/arealorcaradio.es\/index.php\/2025\/06\/03\/mas-de-300-ninos-de-cinco-centros-educativos-de-lorca-convierten-la-bicicleta-en-su-medio-de-transporte-para-ir-al-cole\/"},"wordCount":564,"commentCount":0,"image":{"@id":"https:\/\/arealorcaradio.es\/index.php\/2025\/06\/03\/mas-de-300-ninos-de-cinco-centros-educativos-de-lorca-convierten-la-bicicleta-en-su-medio-de-transporte-para-ir-al-cole\/#primaryimage"},"thumbnailUrl":"https:\/\/arealorcaradio.es\/wp-content\/uploads\/2025\/06\/Bicibus02.jpeg","articleSection":["ACTUALIDAD","LORCA"],"inLanguage":"es","potentialAction":[{"@type":"CommentAction","name":"Comment","target":["https:\/\/arealorcaradio.es\/index.php\/2025\/06\/03\/mas-de-300-ninos-de-cinco-centros-educativos-de-lorca-convierten-la-bicicleta-en-su-medio-de-transporte-para-ir-al-cole\/#respond"]}]},{"@type":"WebPage","@id":"https:\/\/arealorcaradio.es\/index.php\/2025\/06\/03\/mas-de-300-ninos-de-cinco-centros-educativos-de-lorca-convierten-la-bicicleta-en-su-medio-de-transporte-para-ir-al-cole\/","url":"https:\/\/arealorcaradio.es\/index.php\/2025\/06\/03\/mas-de-300-ninos-de-cinco-centros-educativos-de-lorca-convierten-la-bicicleta-en-su-medio-de-transporte-para-ir-al-cole\/","name":"M\u00e1s de 300 ni\u00f1os de cinco centros educativos de Lorca convierten la bicicleta en su medio de transporte para ir al cole - AREA LORCA RADIO","isPartOf":{"@id":"https:\/\/arealorcaradio.es\/#website"},"primaryImageOfPage":{"@id":"https:\/\/arealorcaradio.es\/index.php\/2025\/06\/03\/mas-de-300-ninos-de-cinco-centros-educativos-de-lorca-convierten-la-bicicleta-en-su-medio-de-transporte-para-ir-al-cole\/#primaryimage"},"image":{"@id":"https:\/\/arealorcaradio.es\/index.php\/2025\/06\/03\/mas-de-300-ninos-de-cinco-centros-educativos-de-lorca-convierten-la-bicicleta-en-su-medio-de-transporte-para-ir-al-cole\/#primaryimage"},"thumbnailUrl":"https:\/\/arealorcaradio.es\/wp-content\/uploads\/2025\/06\/Bicibus02.jpeg","datePublished":"2025-06-03T09:49:40+00:00","dateModified":"2025-06-03T09:53:52+00:00","author":{"@id":"https:\/\/arealorcaradio.es\/#\/schema\/person\/9fae605fc25b0f2c83c1ab207139bd27"},"breadcrumb":{"@id":"https:\/\/arealorcaradio.es\/index.php\/2025\/06\/03\/mas-de-300-ninos-de-cinco-centros-educativos-de-lorca-convierten-la-bicicleta-en-su-medio-de-transporte-para-ir-al-cole\/#breadcrumb"},"inLanguage":"es","potentialAction":[{"@type":"ReadAction","target":["https:\/\/arealorcaradio.es\/index.php\/2025\/06\/03\/mas-de-300-ninos-de-cinco-centros-educativos-de-lorca-convierten-la-bicicleta-en-su-medio-de-transporte-para-ir-al-cole\/"]}]},{"@type":"ImageObject","inLanguage":"es","@id":"https:\/\/arealorcaradio.es\/index.php\/2025\/06\/03\/mas-de-300-ninos-de-cinco-centros-educativos-de-lorca-convierten-la-bicicleta-en-su-medio-de-transporte-para-ir-al-cole\/#primaryimage","url":"https:\/\/arealorcaradio.es\/wp-content\/uploads\/2025\/06\/Bicibus02.jpeg","contentUrl":"https:\/\/arealorcaradio.es\/wp-content\/uploads\/2025\/06\/Bicibus02.jpeg","width":1600,"height":1200},{"@type":"BreadcrumbList","@id":"https:\/\/arealorcaradio.es\/index.php\/2025\/06\/03\/mas-de-300-ninos-de-cinco-centros-educativos-de-lorca-convierten-la-bicicleta-en-su-medio-de-transporte-para-ir-al-cole\/#breadcrumb","itemListElement":[{"@type":"ListItem","position":1,"name":"Portada","item":"https:\/\/arealorcaradio.es\/"},{"@type":"ListItem","position":2,"name":"M\u00e1s de 300 ni\u00f1os de cinco centros educativos de Lorca convierten la bicicleta en su medio de transporte para ir al cole"}]},{"@type":"WebSite","@id":"https:\/\/arealorcaradio.es\/#website","url":"https:\/\/arealorcaradio.es\/","name":"AREA LORCA RADIO","description":"Descubre la programaci\u00f3n actual en \u00c1rea Lorca Radio, tu fuente de entrenamiento y noticias locales. Sintoniza ahora y mantente conectado online.","potentialAction":[{"@type":"SearchAction","target":{"@type":"EntryPoint","urlTemplate":"https:\/\/arealorcaradio.es\/?s={search_term_string}"},"query-input":{"@type":"PropertyValueSpecification","valueRequired":true,"valueName":"search_term_string"}}],"inLanguage":"es"},{"@type":"Person","@id":"https:\/\/arealorcaradio.es\/#\/schema\/person\/9fae605fc25b0f2c83c1ab207139bd27","name":"Paco S\u00e1nchez","image":{"@type":"ImageObject","inLanguage":"es","@id":"https:\/\/secure.gravatar.com\/avatar\/d67144e966420fb74aa84c9f2a0103be4724fd14db52b52d3b6bca749f257e79?s=96&d=mm&r=g","url":"https:\/\/secure.gravatar.com\/avatar\/d67144e966420fb74aa84c9f2a0103be4724fd14db52b52d3b6bca749f257e79?s=96&d=mm&r=g","contentUrl":"https:\/\/secure.gravatar.com\/avatar\/d67144e966420fb74aa84c9f2a0103be4724fd14db52b52d3b6bca749f257e79?s=96&d=mm&r=g","caption":"Paco S\u00e1nchez"},"sameAs":["https:\/\/arealorcaradio.es"],"url":"https:\/\/arealorcaradio.es\/index.php\/author\/admin_alorcaradio\/"}]}},"_links":{"self":[{"href":"https:\/\/arealorcaradio.es\/index.php\/wp-json\/wp\/v2\/posts\/6790","targetHints":{"allow":["GET"]}}],"collection":[{"href":"https:\/\/arealorcaradio.es\/index.php\/wp-json\/wp\/v2\/posts"}],"about":[{"href":"https:\/\/arealorcaradio.es\/index.php\/wp-json\/wp\/v2\/types\/post"}],"author":[{"embeddable":true,"href":"https:\/\/arealorcaradio.es\/index.php\/wp-json\/wp\/v2\/users\/1"}],"replies":[{"embeddable":true,"href":"https:\/\/arealorcaradio.es\/index.php\/wp-json\/wp\/v2\/comments?post=6790"}],"version-history":[{"count":2,"href":"https:\/\/arealorcaradio.es\/index.php\/wp-json\/wp\/v2\/posts\/6790\/revisions"}],"predecessor-version":[{"id":6797,"href":"https:\/\/arealorcaradio.es\/index.php\/wp-json\/wp\/v2\/posts\/6790\/revisions\/6797"}],"wp:featuredmedia":[{"embeddable":true,"href":"https:\/\/arealorcaradio.es\/index.php\/wp-json\/wp\/v2\/media\/6794"}],"wp:attachment":[{"href":"https:\/\/arealorcaradio.es\/index.php\/wp-json\/wp\/v2\/media?parent=6790"}],"wp:term":[{"taxonomy":"category","embeddable":true,"href":"https:\/\/arealorcaradio.es\/index.php\/wp-json\/wp\/v2\/categories?post=6790"},{"taxonomy":"post_tag","embeddable":true,"href":"https:\/\/arealorcaradio.es\/index.php\/wp-json\/wp\/v2\/tags?post=6790"}],"curies":[{"name":"wp","href":"https:\/\/api.w.org\/{rel}","templated":true}]}}